{"id":22187,"date":"2025-07-30T10:00:49","date_gmt":"2025-07-30T08:00:49","guid":{"rendered":"https:\/\/blog.holyart.it\/it\/?p=22187"},"modified":"2025-12-12T11:59:16","modified_gmt":"2025-12-12T10:59:16","slug":"da-don-bosco-a-pier-giorgio-frassati-chi-sono-i-santi-sociali","status":"publish","type":"post","link":"https:\/\/blog.holyart.it\/it\/santi-e-beati\/da-don-bosco-a-pier-giorgio-frassati-chi-sono-i-santi-sociali\/","title":{"rendered":"Da Don Bosco a Pier Giorgio Frassati: chi sono i santi sociali"},"content":{"rendered":"<h4>Da Don Bosco a Pier Giorgio Frassati: chi sono i santi sociali che hanno cambiato il mondo<\/h4>\n\n<p>Nel cuore del Piemonte, in quella Torino ottocentesca in bilico tra il boato delle prime industrie e il pianto sommesso dei poveri, sbocci\u00f2 una santit\u00e0 nuova. Non fatta di estasi o miracoli eclatanti, ma di mani sporche di fuliggine, di passi consumati nei vicoli, di sguardi che cercavano Cristo nel volto dei dimenticati. Erano i\u00a0<strong>santi sociali<\/strong>, anime ardenti che scelsero di vivere il Vangelo tra le piaghe del mondo. Donne e uomini che fecero della citt\u00e0 sabauda un laboratorio vivente di\u00a0<strong>carit\u00e0 e giustizia<\/strong>, trasformando la compassione in prassi quotidiana. Figure indimenticabili come\u00a0<strong><a href=\"https:\/\/www.holyart.it\/blog\/santi-e-beati\/la-storia-di-don-bosco\/\">Don Bosco<\/a><\/strong>, Cottolengo, Giulia di Barolo e<strong><a href=\"https:\/\/www.holyart.it\/blog\/santi-e-beati\/dalla-montagna-al-cielo-la-vita-e-il-messaggio-di-pier-giorgio-frassati\/\">\u00a0Pier Giorgio Frassati<\/a><\/strong>, capaci di rispondere alla miseria con tenacia, all\u2019ingiustizia con opere concrete, alla disperazione con l\u2019audacia della speranza.<\/p>\n<div class=\"link-article\">\n<p><img loading=\"lazy\" decoding=\"async\" class=\"size-full wp-image-22189 alignleft\" src=\"https:\/\/blog.holyart.it\/it\/wp-content\/uploads\/sites\/17\/2025\/06\/storia-don-bosco.jpg\" alt=\"storia don bosco\" width=\"150\" height=\"99\" data-kale-share-title=\"Da Don Bosco a Pier Giorgio Frassati: chi sono i santi sociali\" data-kale-share-url=\"https:\/\/blog.holyart.it\/it\/?p=22187\" \/><\/p>\n<div class=\"leggi-anche\">Leggi anche:<\/div>\n<p><strong><a href=\"https:\/\/www.holyart.it\/blog\/santi-e-beati\/la-storia-di-don-bosco\/\">La Storia di Don Bosco<\/a><\/strong><br \/>\nTra tutti i santi e beati venerati dalla chiesa cattolica, Don Bosco occupa un posto davvero speciale. Fondatore dei Salesiani&#8230;<\/p>\n<\/div>\n<p>Ancora oggi i\u00a0<em>santi sociali del 1800<\/em>\u00a0e del Novecento torinese ci parlano, in un mondo che ha cambiato i suoi poveri, ma non la povert\u00e0, che ha mutato le sue forme d\u2019ingiustizia ma non le sue radici, la loro voce \u00e8 pi\u00f9 che mai urgente. Non erano eroi da leggenda: erano uomini e donne che scelsero di dire s\u00ec alla vita, anche quando era sporca, ferita, scomoda. Non cambiarono il mondo con slogan o potere, ma con l\u2019umile forza di chi ama senza misura.<\/p>\n<p>E oggi chi sono i santi sociali? Sono quelli che non fuggono dal dolore, ma lo abitano. Quelli che costruiscono ponti, scuole, ospedali, relazioni. Quelli che sanno che ogni gesto di carit\u00e0 \u00e8 una profezia, ogni abbraccio un annuncio di resurrezione. E forse, anche noi, nel nostro piccolo, possiamo diventare un giorno santi sociali. Perch\u00e9 la santit\u00e0 non \u00e8 per pochi eletti, ma per chi ha il coraggio di sporcare le mani d\u2019amore.<\/p>\n<div class=\"link-article\">\n<p><img loading=\"lazy\" decoding=\"async\" class=\"size-full wp-image-22190 alignleft\" src=\"https:\/\/blog.holyart.it\/it\/wp-content\/uploads\/sites\/17\/2025\/06\/pier-giorgio-frassati-1.jpeg\" alt=\"pier-giorgio-frassati\" width=\"150\" height=\"100\" data-kale-share-title=\"Da Don Bosco a Pier Giorgio Frassati: chi sono i santi sociali\" data-kale-share-url=\"https:\/\/blog.holyart.it\/it\/?p=22187\" \/><\/p>\n<div class=\"leggi-anche\">Leggi anche:<\/div>\n<p><strong><a href=\"https:\/\/holyart.it\/blog\/articoli-religiosi\/santi-e-beati\/dalla-montagna-al-cielo-la-vita-e-il-messaggio-di-pier-giorgio-frassati\/\">Dalla montagna al cielo: la vita e il messaggio di Pier Giorgio Frassati<\/a><\/strong><br \/>\nDalla montagna al cielo: la vita e il messaggio di Pier Giorgio Frassati&#8230;<\/p>\n<\/div>\n<h2>Chi sono i santi sociali<\/h2>\n<p>Chi sono i santi sociali? Sono coloro che, spinti dalla fede cristiana, non accettarono che la preghiera restasse chiusa nelle chiese mentre fuori si moriva di fame, freddo o solitudine. In questo articolo parliamo in particolare dei<em>\u00a0<\/em>Santi sociali del Piemonte, e in particolare di Torino, che tra il XIX e XX secolo trasformarono il dolore collettivo in fucina di santit\u00e0. Non furono solo benefattori, ma riformatori dell\u2019anima collettiva. Non crearono solo ospedali e scuole, ma cultura, dignit\u00e0, futuro. In nessun\u2019altra citt\u00e0 come Torino si \u00e8 addensata una tale costellazione di santi sociali del 1800, tanto da farne un caso unico nella storia della Chiesa.<br \/>\nErano preti e marchesi, operai e studenti. Alcuni venivano da palazzi, altri da cascine, ma tutti guardavano lo stesso orizzonte: un mondo in cui nessuno fosse scartato. I santi piemontesi non si accontentarono di dare un pezzo di pane: offrirono occasioni, ascolto, riscatto. La loro carit\u00e0 era intelligenza, il loro zelo, visione politica. E <a href=\"https:\/\/www.holyart.it\/blog\/articoli-religiosi\/come-si-fa-a-diventare-santi-spieghiamo-il-processo-di-santificazione\/\"><strong>la loro santit\u00e0<\/strong><\/a>, profondamente incarnata.<br \/>\nTorino, da \u201ccitt\u00e0 di mangiapreti\u201d, divenne cos\u00ec capitale della santit\u00e0 sociale. Un paradosso che racconta come, proprio dove sembrava regnare il cinismo, sbocciarono i fiori pi\u00f9 puri della fede attiva.<\/p>\n<div class=\"link-article\">\n<p><img loading=\"lazy\" decoding=\"async\" class=\"size-full wp-image-22191 alignleft\" src=\"https:\/\/blog.holyart.it\/it\/wp-content\/uploads\/sites\/17\/2025\/06\/processo-di-santificazione-1.jpg\" alt=\"processo di santificazione\" width=\"150\" height=\"99\" data-kale-share-title=\"Da Don Bosco a Pier Giorgio Frassati: chi sono i santi sociali\" data-kale-share-url=\"https:\/\/blog.holyart.it\/it\/?p=22187\" \/><\/p>\n<div class=\"leggi-anche\">Leggi anche:<\/div>\n<p><strong><a href=\"https:\/\/www.holyart.it\/blog\/articoli-religiosi\/come-si-fa-a-diventare-santi-spieghiamo-il-processo-di-santificazione\/\">Come si fa a diventare santi? Spieghiamo il processo di santificazione<\/a><\/strong><br \/>\nIl processo di Santificazione \u00e8 composto da diverse fasi e si articola&#8230;<\/p>\n<\/div>\n<h2>Don Bosco<\/h2>\n<p>Giovanni Bosco, o semplicemente <a href=\"https:\/\/www.holyart.it\/it\/articoli-religiosi\/statue\/statue-in-resina-e-pvc\/statua-don-bosco-e-d.-savio-30-cm-resina\"><strong>Don Bosco<\/strong><\/a>, \u00e8 l\u2019icona per eccellenza dei santi sociali di Torino. Nato nel 1815 tra le colline di Castelnuovo, portava negli occhi la dolcezza del Monferrato e nel cuore la tempra dei profeti.\u00a0Quando giunse a Torino, la citt\u00e0 era una giungla industriale dove i giovani venivano inghiottiti dalle fabbriche e risputati in strada, senza educazione n\u00e9 speranza. Don Bosco li cerc\u00f2 uno ad uno, li ascolt\u00f2, li accolse. Nacque cos\u00ec l\u2019<strong>oratorio<\/strong>, un luogo che non era solo preghiera ma scuola, gioco, futuro.\u00a0Il suo metodo educativo, fondato su ragione, religione e amorevolezza, fu una rivoluzione: niente punizioni, solo fiducia.\u00a0<em>\u201cQui la santit\u00e0 consiste nello stare molto allegri\u201d<\/em>, diceva ai suoi ragazzi, restituendo alla fede il sorriso dell\u2019infanzia.<br \/>\nNon si ferm\u00f2 l\u00ec: fond\u00f2 scuole professionali, tipografie, laboratori. Offr\u00ec ai giovani non solo salvezza spirituale, ma strumenti per vivere dignitosamente. E quando fond\u00f2 i\u00a0<strong>Salesiani<\/strong>, il suo sogno si moltiplic\u00f2 nel mondo, diventando opera universale.<br \/>\nMor\u00ec nel 1888, e Torino pianse il suo padre dei poveri. Fu canonizzato nel 1934, ma ancor prima era gi\u00e0 vivo nel cuore di milioni di ragazzi che, grazie a lui, avevano ritrovato s\u00e9 stessi.<\/p>\n<div class=\"link-product\">\n<div class=\"blocco-immagine\"><img loading=\"lazy\" decoding=\"async\" class=\"size-full wp-image-22192 alignleft\" src=\"https:\/\/blog.holyart.it\/it\/wp-content\/uploads\/sites\/17\/2025\/06\/statua-don-bosco-e-d.-savio-30-cm-resina.jpg\" alt=\"statua don bosco e d. savio 30 cm resina\" width=\"100\" height=\"100\" data-kale-share-title=\"Da Don Bosco a Pier Giorgio Frassati: chi sono i santi sociali\" data-kale-share-url=\"https:\/\/blog.holyart.it\/it\/?p=22187\" \/><\/div>\n<div class=\"blocco-contenuto\">\n<div class=\"blocco-acquista\">Acquista su Holyart:<\/div>\n<div class=\"blocco-titolo\"><a href=\"https:\/\/www.holyart.it\/it\/articoli-religiosi\/statue\/statue-in-resina-e-pvc\/statua-don-bosco-e-d.-savio-30-cm-resina\">Statua Don Bosco e D. Savio 30 cm resina<\/a><\/div>\n<div class=\"blocco-descrizione\">Statua raffigurante Don Bosco con il suo allievo, San Domenico Savio. La statua \u00e8 realizzata in resina e dipinta a mano.<\/div>\n<\/div>\n<\/div>\n<h2>Pier Giorgio Frassati<\/h2>\n<p><a href=\"https:\/\/www.holyart.it\/it\/articoli-religiosi\/statue\/statue-in-resina-e-pvc\/statua-pier-giorgio-frassati-resina-20-cm-dipinta-a-mano\"><strong>Pier Giorgio Frassati<\/strong><\/a> \u00e8 il volto fresco, moderno e scandalosamente semplice della santit\u00e0 sociale del Novecento. Un giovane alto, sorridente, che scalava montagne e attraversava i quartieri poveri con lo stesso passo leggero, guidato da una fame di giustizia che non gli dava tregua.<br \/>\nNato nel 1901 in una famiglia agiata, avrebbe potuto adagiarsi nel privilegio. Scelse invece la strada stretta, quella della carit\u00e0 radicale. Se ci chiediamo chi sono i santi sociali di Torino, Pier Giorgio ne fu la risposta pi\u00f9 giovane e sorprendente.<br \/>\nLa sua camera era un magazzino di abiti e medicinali per i poveri. Il suo tempo libero era dedicato alle famiglie bisognose. Il suo cappotto? Donato. La sua passione per la politica? Sempre a fianco degli ultimi. Studiava ingegneria, amava lo sport, pregava all\u2019alba e serviva la notte.<br \/>\nMor\u00ec a 24 anni, quasi in silenzio. Ma al suo funerale non c\u2019erano solo parenti illustri: c\u2019erano migliaia di poveri, i suoi veri amici, quelli che nessuno conosceva, ma che lui aveva amato con discrezione eroica.<br \/>\nBeato dal 1990, \u00e8 oggi patrono dei giovani cattolici, ma Pier Giorgio resta soprattutto un esempio attualissimo: si pu\u00f2 essere santi senza aureola, tra universit\u00e0, montagne e metropolitane, amando ogni giorno con ferocia silenziosa.<\/p>\n<div class=\"link-product\">\n<div class=\"blocco-immagine\"><img loading=\"lazy\" decoding=\"async\" class=\"size-full wp-image-22348 alignleft\" src=\"https:\/\/blog.holyart.it\/it\/wp-content\/uploads\/sites\/17\/2025\/07\/statua-pier-giorgio-frassati-resina-20-cm-dipinta-a-mano.jpg\" alt=\"statua pier giorgio frassati resina 20 cm dipinta a mano\" width=\"100\" height=\"100\" data-kale-share-title=\"Da Don Bosco a Pier Giorgio Frassati: chi sono i santi sociali\" data-kale-share-url=\"https:\/\/blog.holyart.it\/it\/?p=22187\" \/><\/div>\n<div class=\"blocco-contenuto\">\n<div class=\"blocco-acquista\">Acquista su Holyart:<\/div>\n<div class=\"blocco-titolo\"><a href=\"https:\/\/www.holyart.it\/it\/articoli-religiosi\/statue\/statue-in-resina-e-pvc\/statua-pier-giorgio-frassati-resina-20-cm-dipinta-a-mano\">Statua Pier Giorgio Frassati resina 20 cm dipinta a mano<\/a><\/div>\n<div class=\"blocco-descrizione\">Statua di Pier Giorgio Frassati in resina colorata, finemente lavorata con grande attenzione ai dettagli.<\/div>\n<\/div>\n<\/div>\n<p><strong>Pier Giorgio Frassati sar\u00e0 canonizzato domenica 7 settembre 2025<\/strong>, La notizia \u00e8 arrivata il 13 giugno 2025, durante il primo Concistoro ordinario di <a href=\"https:\/\/holyart.it\/blog\/occasioni-speciali\/papa-leone-xiv-tutto-quello-che-ce-da-sapere-sul-nuovo-pontefice\/\"><strong>Papa Leone XIV<\/strong><\/a>. Sar\u00e0 proclamato santo insieme a<a href=\"https:\/\/www.holyart.it\/blog\/articoli-religiosi\/carlo-acutis-il-beato-dellera-digitale\/\">\u00a0<strong>Carlo Acutis<\/strong><\/a>. Una canonizzazione congiunta, attesa da tempo, che unir\u00e0 due figure molto amate dai giovani e dalla Chiesa di oggi.\u00a0In origine, la data scelta per Frassati era il 3 agosto 2025, ma con la morte di Papa Francesco e il riassetto degli eventi giubilari, tutto \u00e8 stato riorganizzato. Il nuovo calendario ha fatto slittare la cerimonia a settembre, in una domenica che si preannuncia molto partecipata, soprattutto da chi ha trovato ispirazione in questi due giovani beati.\u00a0La canonizzazione si terr\u00e0 a<strong>\u00a0<\/strong>Roma, e c\u2019\u00e8 da aspettarsi una grande affluenza: studenti, scout, educatori, gruppi parrocchiali, gente comune. Tutti uniti dal desiderio di rendere omaggio a due ragazzi che hanno vissuto la fede in modo semplice, autentico e contagioso.\u00a0Frassati e Acutis, pur cos\u00ec diversi, hanno infatti qualcosa in comune: Pier Giorgio con le sue escursioni in montagna e l\u2019impegno accanto ai poveri, Carlo con il suo talento per il digitale e la devozione all\u2019Eucaristia. Entrambi hanno mostrato che si pu\u00f2 vivere il Vangelo nella quotidianit\u00e0, senza bisogno di gesti eclatanti. Basta metterci amore.<br \/>\nIl 7 settembre non sar\u00e0 solo un giorno da ricordare per i fedeli. Sar\u00e0 un segnale forte: la santit\u00e0 non \u00e8 un ideale lontano, ma qualcosa che pu\u00f2 parlare anche oggi, anche ai giovani, anche a chi si sente normale.<\/p>\n<div class=\"link-article\">\n<p><img loading=\"lazy\" decoding=\"async\" class=\"size-full wp-image-22194 alignleft\" src=\"https:\/\/blog.holyart.it\/it\/wp-content\/uploads\/sites\/17\/2025\/06\/carlo-acutis.jpg\" alt=\"carlo acutis\" width=\"150\" height=\"99\" data-kale-share-title=\"Da Don Bosco a Pier Giorgio Frassati: chi sono i santi sociali\" data-kale-share-url=\"https:\/\/blog.holyart.it\/it\/?p=22187\" \/><\/p>\n<div class=\"leggi-anche\">Leggi anche:<\/div>\n<p><strong><a href=\"https:\/\/www.holyart.it\/blog\/articoli-religiosi\/carlo-acutis-il-beato-dellera-digitale\/\">Carlo Acutis: il beato dell\u2019era digitale<\/a><\/strong><br \/>\nCarlo Acutis, il santo millennial che ha dedicato la sua breve vita a Ges\u00f9 e all\u2019aiuto per i pi\u00f9 poveri e bisognosi&#8230;<\/p>\n<\/div>\n<h2>Giuseppe Benedetto Cottolengo<\/h2>\n<p>Accanto a Don Bosco e a Pier Giorgio Frassati, un&#8217;altra figura emerge tra i santi sociali del Piemonte: Giuseppe Benedetto Cottolengo. Nato a Bra nel 1786, fu sacerdote, teologo e infaticabile apostolo della carit\u00e0. Di fronte alla morte di una donna povera rifiutata dagli ospedali, comprese che la misericordia non pu\u00f2 attendere: apr\u00ec allora una piccola infermeria che divenne presto la celebre\u00a0<strong>Piccola Casa della Divina Provvidenza<\/strong>, conosciuta da tutti come\u00a0<em>il Cottolengo<\/em>. La sua fu una rivoluzione silenziosa e radicale: accoglienza senza condizioni, fiducia assoluta nella Provvidenza, cura integrale della persona. Disabili, malati cronici, orfani, senzatetto, sordomuti: nessuno era escluso, tutti erano fratelli. Con la sua opera profetica, Cottolengo ha anticipato il welfare moderno, offrendo non solo assistenza, ma dignit\u00e0. Canonizzato nel 1934, continua a ispirare chi crede che la carit\u00e0 non sia un gesto, ma uno stile di vita.<\/p>\n<h2>Giulia di Barolo<\/h2>\n<p>Voce femminile della santit\u00e0 sociale piemontese, Giulia Colbert Falletti di Barolo dimostr\u00f2 come una donna dall&#8217;anima limpida e coraggiosa, potesse essere capace di trasformare la nobilt\u00e0 in servizio. Nata in Francia nel 1786, divenne marchesa per matrimonio e madre dei poveri per scelta. Senza figli, decise insieme al marito Carlo Tancredi di consacrare il proprio tempo, il proprio palazzo e le proprie ricchezze agli ultimi di Torino.\u00a0Giulia fu una pioniera, soprattutto nel campo dell\u2019assistenza femminile e carceraria: visitava le prigioni, parlava con le detenute, offriva loro istruzione, lavoro, fede. Fond\u00f2 il\u00a0<strong>Rifugio<\/strong>, il primo centro di reinserimento per ex detenute, e diede vita a scuole, orfanotrofi, asili, ospedali. Ogni giorno distribuiva cibo e cure, ma soprattutto dignit\u00e0.<br \/>\nNon si limitava a soccorrere: costruiva futuro. Collabor\u00f2 con Don Bosco e accolse nel suo salotto intellettuali e santi, tra cui Silvio Pellico.<br \/>\nOggi riposa nella chiesa di Santa Giulia, da lei voluta. La sua vita \u00e8 stata un seme piantato nel cuore della citt\u00e0: una carit\u00e0 fatta non di gesti isolati, ma di sistema, visione, amore che si organizza.<\/p>\n<h2>Giuseppe Cafasso<\/h2>\n<p>Tra i grandi santi sociali del Piemonte, Giuseppe Cafasso occupa un posto speciale: quello dell\u2019uomo che non cerc\u00f2 visibilit\u00e0, ma scelse di restare dietro le quinte, per illuminare gli altri. Nato a Castelnuovo d\u2019Asti nel 1811, in una famiglia semplice e profondamente credente, divenne sacerdote giovanissimo. A Torino, al Convitto Ecclesiastico di <a href=\"https:\/\/www.holyart.it\/blog\/articoli-religiosi\/la-serie-di-celebrazioni-per-lottavo-centenario-della-morte-di-san-francesco-dassisi\/\"><strong>San Francesco d\u2019Assisi<\/strong><\/a>, form\u00f2 generazioni di preti capaci di vivere la fede nella societ\u00e0, tra cui un giovane inquieto che sarebbe diventato Don Bosco.<br \/>\nLa sua missione, per\u00f2, lo port\u00f2 anche nei luoghi pi\u00f9 bui della citt\u00e0:\u00a0<strong>le carceri<\/strong>. Cafasso entrava nelle celle dei condannati con passo leggero e voce ferma, portando conforto, ascolto, misericordia. Era chiamato\u00a0<em>\u201cil prete della forca\u201d<\/em>\u00a0perch\u00e9 accompagnava i condannati a morte fino al patibolo, abbracciando le loro ultime ore con una tenerezza che strappava alla disperazione. La sua presenza era discreta, ma essenziale: portava pane, perdono, dignit\u00e0.<br \/>\nNon fond\u00f2 ordini religiosi, n\u00e9 lasci\u00f2 opere materiali, ma la sua \u201cfondazione\u201d furono le coscienze che tocc\u00f2, i cuori che risollev\u00f2, i sacerdoti che form\u00f2. Mor\u00ec nel 1860, e la Chiesa lo proclam\u00f2 santo nel 1947, affidandogli i carcerati come patrono. I suoi resti riposano oggi nel Santuario della Consolata, accanto al popolo che ha sempre amato. Cafasso \u00e8 il volto silenzioso della santit\u00e0 sociale: quello che consola, che educa, che accompagna senza mai chiedere nulla in cambio.<\/p>\n<div class=\"link-article\">\n<p><img loading=\"lazy\" decoding=\"async\" class=\"size-full wp-image-22195 alignleft\" src=\"https:\/\/blog.holyart.it\/it\/wp-content\/uploads\/sites\/17\/2025\/06\/san-francesco-copertina.jpg\" alt=\"san francesco\" width=\"150\" height=\"99\" data-kale-share-title=\"Da Don Bosco a Pier Giorgio Frassati: chi sono i santi sociali\" data-kale-share-url=\"https:\/\/blog.holyart.it\/it\/?p=22187\" \/><\/p>\n<div class=\"leggi-anche\">Leggi anche:<\/div>\n<p><strong><a href=\"https:\/\/www.holyart.it\/blog\/articoli-religiosi\/la-serie-di-celebrazioni-per-lottavo-centenario-della-morte-di-san-francesco-dassisi\/\">La serie di celebrazioni per l\u2019ottavo centenario della morte di San Francesco d\u2019Assisi<\/a><\/strong><br \/>\nNel 2026 cadr\u00e0 l\u2019ottavo centenario della morte di San Francesco d\u2019Assisi&#8230;<\/p>\n<\/div>\n","protected":false},"excerpt":{"rendered":"<p>Da Don Bosco a Pier Giorgio Frassati: chi sono i santi sociali che hanno cambiato il mondo Nel cuore del Piemonte, in quella Torino ottocentesca in bilico tra il boato delle prime industrie e il pianto sommesso dei poveri, sbocci\u00f2 una santit\u00e0 nuova. Non fatta&hellip;<\/p>\n","protected":false},"author":1,"featured_media":22200,"comment_status":"closed","ping_status":"open","sticky":false,"template":"","format":"standard","meta":{"_acf_changed":false,"footnotes":""},"categories":[15],"tags":[],"class_list":["post-22187","post","type-post","status-publish","format-standard","has-post-thumbnail","hentry","category-santi-e-beati"],"acf":[],"yoast_head":"<!-- This site is optimized with the Yoast SEO plugin v26.6 - https:\/\/yoast.com\/wordpress\/plugins\/seo\/ -->\n<title>Da Don Bosco a Pier Giorgio Frassati: chi sono i santi sociali - Holyblog<\/title>\n<meta name=\"description\" content=\"Santi sociali piemontesi: presero per mano i poveri e i bisognosi, seguendo le orme di Cristo e aiutando, confortando, regalando speranza.\" \/>\n<meta name=\"robots\" content=\"index, follow, max-snippet:-1, max-image-preview:large, max-video-preview:-1\" \/>\n<link rel=\"canonical\" href=\"https:\/\/blog.holyart.it\/it\/santi-e-beati\/da-don-bosco-a-pier-giorgio-frassati-chi-sono-i-santi-sociali\/\" \/>\n<meta property=\"og:locale\" content=\"it_IT\" \/>\n<meta property=\"og:type\" content=\"article\" \/>\n<meta property=\"og:title\" content=\"Da Don Bosco a Pier Giorgio Frassati: chi sono i santi sociali - Holyblog\" \/>\n<meta property=\"og:description\" content=\"Santi sociali piemontesi: presero per mano i poveri e i bisognosi, seguendo le orme di Cristo e aiutando, confortando, regalando speranza.\" \/>\n<meta property=\"og:url\" content=\"https:\/\/blog.holyart.it\/it\/santi-e-beati\/da-don-bosco-a-pier-giorgio-frassati-chi-sono-i-santi-sociali\/\" \/>\n<meta property=\"og:site_name\" content=\"Holyblog\" \/>\n<meta property=\"article:published_time\" content=\"2025-07-30T08:00:49+00:00\" \/>\n<meta property=\"article:modified_time\" content=\"2025-12-12T10:59:16+00:00\" \/>\n<meta property=\"og:image\" content=\"https:\/\/blog.holyart.it\/it\/wp-content\/uploads\/sites\/17\/2025\/06\/santi-sociali.jpg\" \/>\n\t<meta property=\"og:image:width\" content=\"1000\" \/>\n\t<meta property=\"og:image:height\" content=\"666\" \/>\n\t<meta property=\"og:image:type\" content=\"image\/jpeg\" \/>\n<meta name=\"author\" content=\"Redazione\" \/>\n<meta name=\"twitter:card\" content=\"summary_large_image\" \/>\n<meta name=\"twitter:label1\" content=\"Scritto da\" \/>\n\t<meta name=\"twitter:data1\" content=\"Redazione\" \/>\n\t<meta name=\"twitter:label2\" content=\"Tempo di lettura stimato\" \/>\n\t<meta name=\"twitter:data2\" content=\"12 minuti\" \/>\n<script type=\"application\/ld+json\" class=\"yoast-schema-graph\">{\"@context\":\"https:\/\/schema.org\",\"@graph\":[{\"@type\":\"Article\",\"@id\":\"https:\/\/blog.holyart.it\/it\/santi-e-beati\/da-don-bosco-a-pier-giorgio-frassati-chi-sono-i-santi-sociali\/#article\",\"isPartOf\":{\"@id\":\"https:\/\/blog.holyart.it\/it\/santi-e-beati\/da-don-bosco-a-pier-giorgio-frassati-chi-sono-i-santi-sociali\/\"},\"author\":{\"name\":\"Redazione\",\"@id\":\"https:\/\/blog.holyart.it\/it\/#\/schema\/person\/0a7b686e5af0f856ec1e390dd0baecda\"},\"headline\":\"Da Don Bosco a Pier Giorgio Frassati: chi sono i santi sociali\",\"datePublished\":\"2025-07-30T08:00:49+00:00\",\"dateModified\":\"2025-12-12T10:59:16+00:00\",\"mainEntityOfPage\":{\"@id\":\"https:\/\/blog.holyart.it\/it\/santi-e-beati\/da-don-bosco-a-pier-giorgio-frassati-chi-sono-i-santi-sociali\/\"},\"wordCount\":1889,\"publisher\":{\"@id\":\"https:\/\/blog.holyart.it\/it\/#organization\"},\"image\":{\"@id\":\"https:\/\/blog.holyart.it\/it\/santi-e-beati\/da-don-bosco-a-pier-giorgio-frassati-chi-sono-i-santi-sociali\/#primaryimage\"},\"thumbnailUrl\":\"https:\/\/blog.holyart.it\/it\/wp-content\/uploads\/sites\/17\/2025\/06\/santi-sociali.jpg\",\"articleSection\":[\"Santi e beati\"],\"inLanguage\":\"it-IT\"},{\"@type\":\"WebPage\",\"@id\":\"https:\/\/blog.holyart.it\/it\/santi-e-beati\/da-don-bosco-a-pier-giorgio-frassati-chi-sono-i-santi-sociali\/\",\"url\":\"https:\/\/blog.holyart.it\/it\/santi-e-beati\/da-don-bosco-a-pier-giorgio-frassati-chi-sono-i-santi-sociali\/\",\"name\":\"Da Don Bosco a Pier Giorgio Frassati: chi sono i santi sociali - Holyblog\",\"isPartOf\":{\"@id\":\"https:\/\/blog.holyart.it\/it\/#website\"},\"primaryImageOfPage\":{\"@id\":\"https:\/\/blog.holyart.it\/it\/santi-e-beati\/da-don-bosco-a-pier-giorgio-frassati-chi-sono-i-santi-sociali\/#primaryimage\"},\"image\":{\"@id\":\"https:\/\/blog.holyart.it\/it\/santi-e-beati\/da-don-bosco-a-pier-giorgio-frassati-chi-sono-i-santi-sociali\/#primaryimage\"},\"thumbnailUrl\":\"https:\/\/blog.holyart.it\/it\/wp-content\/uploads\/sites\/17\/2025\/06\/santi-sociali.jpg\",\"datePublished\":\"2025-07-30T08:00:49+00:00\",\"dateModified\":\"2025-12-12T10:59:16+00:00\",\"description\":\"Santi sociali piemontesi: presero per mano i poveri e i bisognosi, seguendo le orme di Cristo e aiutando, confortando, regalando speranza.\",\"breadcrumb\":{\"@id\":\"https:\/\/blog.holyart.it\/it\/santi-e-beati\/da-don-bosco-a-pier-giorgio-frassati-chi-sono-i-santi-sociali\/#breadcrumb\"},\"inLanguage\":\"it-IT\",\"potentialAction\":[{\"@type\":\"ReadAction\",\"target\":[\"https:\/\/blog.holyart.it\/it\/santi-e-beati\/da-don-bosco-a-pier-giorgio-frassati-chi-sono-i-santi-sociali\/\"]}]},{\"@type\":\"ImageObject\",\"inLanguage\":\"it-IT\",\"@id\":\"https:\/\/blog.holyart.it\/it\/santi-e-beati\/da-don-bosco-a-pier-giorgio-frassati-chi-sono-i-santi-sociali\/#primaryimage\",\"url\":\"https:\/\/blog.holyart.it\/it\/wp-content\/uploads\/sites\/17\/2025\/06\/santi-sociali.jpg\",\"contentUrl\":\"https:\/\/blog.holyart.it\/it\/wp-content\/uploads\/sites\/17\/2025\/06\/santi-sociali.jpg\",\"width\":1000,\"height\":666,\"caption\":\"santi sociali\"},{\"@type\":\"BreadcrumbList\",\"@id\":\"https:\/\/blog.holyart.it\/it\/santi-e-beati\/da-don-bosco-a-pier-giorgio-frassati-chi-sono-i-santi-sociali\/#breadcrumb\",\"itemListElement\":[{\"@type\":\"ListItem\",\"position\":1,\"name\":\"Homepage\",\"item\":\"https:\/\/blog.holyart.it\/it\/\"},{\"@type\":\"ListItem\",\"position\":2,\"name\":\"Santi e beati\",\"item\":\"https:\/\/blog.holyart.it\/it\/santi-e-beati\/\"},{\"@type\":\"ListItem\",\"position\":3,\"name\":\"Da Don Bosco a Pier Giorgio Frassati: chi sono i santi sociali\"}]},{\"@type\":\"WebSite\",\"@id\":\"https:\/\/blog.holyart.it\/it\/#website\",\"url\":\"https:\/\/blog.holyart.it\/it\/\",\"name\":\"Holyblog\",\"description\":\"Il Blog di Holyart.it\",\"publisher\":{\"@id\":\"https:\/\/blog.holyart.it\/it\/#organization\"},\"potentialAction\":[{\"@type\":\"SearchAction\",\"target\":{\"@type\":\"EntryPoint\",\"urlTemplate\":\"https:\/\/blog.holyart.it\/it\/?s={search_term_string}\"},\"query-input\":{\"@type\":\"PropertyValueSpecification\",\"valueRequired\":true,\"valueName\":\"search_term_string\"}}],\"inLanguage\":\"it-IT\"},{\"@type\":\"Organization\",\"@id\":\"https:\/\/blog.holyart.it\/it\/#organization\",\"name\":\"Holyblog\",\"url\":\"https:\/\/blog.holyart.it\/it\/\",\"logo\":{\"@type\":\"ImageObject\",\"inLanguage\":\"it-IT\",\"@id\":\"https:\/\/blog.holyart.it\/it\/#\/schema\/logo\/image\/\",\"url\":\"https:\/\/blog.holyart.it\/it\/wp-content\/uploads\/sites\/17\/2022\/12\/Holyart_Blog_Logo.jpg\",\"contentUrl\":\"https:\/\/blog.holyart.it\/it\/wp-content\/uploads\/sites\/17\/2022\/12\/Holyart_Blog_Logo.jpg\",\"width\":300,\"height\":50,\"caption\":\"Holyblog\"},\"image\":{\"@id\":\"https:\/\/blog.holyart.it\/it\/#\/schema\/logo\/image\/\"}},{\"@type\":\"Person\",\"@id\":\"https:\/\/blog.holyart.it\/it\/#\/schema\/person\/0a7b686e5af0f856ec1e390dd0baecda\",\"name\":\"Redazione\"}]}<\/script>\n<!-- \/ Yoast SEO plugin. -->","yoast_head_json":{"title":"Da Don Bosco a Pier Giorgio Frassati: chi sono i santi sociali - Holyblog","description":"Santi sociali piemontesi: presero per mano i poveri e i bisognosi, seguendo le orme di Cristo e aiutando, confortando, regalando speranza.","robots":{"index":"index","follow":"follow","max-snippet":"max-snippet:-1","max-image-preview":"max-image-preview:large","max-video-preview":"max-video-preview:-1"},"canonical":"https:\/\/blog.holyart.it\/it\/santi-e-beati\/da-don-bosco-a-pier-giorgio-frassati-chi-sono-i-santi-sociali\/","og_locale":"it_IT","og_type":"article","og_title":"Da Don Bosco a Pier Giorgio Frassati: chi sono i santi sociali - Holyblog","og_description":"Santi sociali piemontesi: presero per mano i poveri e i bisognosi, seguendo le orme di Cristo e aiutando, confortando, regalando speranza.","og_url":"https:\/\/blog.holyart.it\/it\/santi-e-beati\/da-don-bosco-a-pier-giorgio-frassati-chi-sono-i-santi-sociali\/","og_site_name":"Holyblog","article_published_time":"2025-07-30T08:00:49+00:00","article_modified_time":"2025-12-12T10:59:16+00:00","og_image":[{"width":1000,"height":666,"url":"https:\/\/blog.holyart.it\/it\/wp-content\/uploads\/sites\/17\/2025\/06\/santi-sociali.jpg","type":"image\/jpeg"}],"author":"Redazione","twitter_card":"summary_large_image","twitter_misc":{"Scritto da":"Redazione","Tempo di lettura stimato":"12 minuti"},"schema":{"@context":"https:\/\/schema.org","@graph":[{"@type":"Article","@id":"https:\/\/blog.holyart.it\/it\/santi-e-beati\/da-don-bosco-a-pier-giorgio-frassati-chi-sono-i-santi-sociali\/#article","isPartOf":{"@id":"https:\/\/blog.holyart.it\/it\/santi-e-beati\/da-don-bosco-a-pier-giorgio-frassati-chi-sono-i-santi-sociali\/"},"author":{"name":"Redazione","@id":"https:\/\/blog.holyart.it\/it\/#\/schema\/person\/0a7b686e5af0f856ec1e390dd0baecda"},"headline":"Da Don Bosco a Pier Giorgio Frassati: chi sono i santi sociali","datePublished":"2025-07-30T08:00:49+00:00","dateModified":"2025-12-12T10:59:16+00:00","mainEntityOfPage":{"@id":"https:\/\/blog.holyart.it\/it\/santi-e-beati\/da-don-bosco-a-pier-giorgio-frassati-chi-sono-i-santi-sociali\/"},"wordCount":1889,"publisher":{"@id":"https:\/\/blog.holyart.it\/it\/#organization"},"image":{"@id":"https:\/\/blog.holyart.it\/it\/santi-e-beati\/da-don-bosco-a-pier-giorgio-frassati-chi-sono-i-santi-sociali\/#primaryimage"},"thumbnailUrl":"https:\/\/blog.holyart.it\/it\/wp-content\/uploads\/sites\/17\/2025\/06\/santi-sociali.jpg","articleSection":["Santi e beati"],"inLanguage":"it-IT"},{"@type":"WebPage","@id":"https:\/\/blog.holyart.it\/it\/santi-e-beati\/da-don-bosco-a-pier-giorgio-frassati-chi-sono-i-santi-sociali\/","url":"https:\/\/blog.holyart.it\/it\/santi-e-beati\/da-don-bosco-a-pier-giorgio-frassati-chi-sono-i-santi-sociali\/","name":"Da Don Bosco a Pier Giorgio Frassati: chi sono i santi sociali - Holyblog","isPartOf":{"@id":"https:\/\/blog.holyart.it\/it\/#website"},"primaryImageOfPage":{"@id":"https:\/\/blog.holyart.it\/it\/santi-e-beati\/da-don-bosco-a-pier-giorgio-frassati-chi-sono-i-santi-sociali\/#primaryimage"},"image":{"@id":"https:\/\/blog.holyart.it\/it\/santi-e-beati\/da-don-bosco-a-pier-giorgio-frassati-chi-sono-i-santi-sociali\/#primaryimage"},"thumbnailUrl":"https:\/\/blog.holyart.it\/it\/wp-content\/uploads\/sites\/17\/2025\/06\/santi-sociali.jpg","datePublished":"2025-07-30T08:00:49+00:00","dateModified":"2025-12-12T10:59:16+00:00","description":"Santi sociali piemontesi: presero per mano i poveri e i bisognosi, seguendo le orme di Cristo e aiutando, confortando, regalando speranza.","breadcrumb":{"@id":"https:\/\/blog.holyart.it\/it\/santi-e-beati\/da-don-bosco-a-pier-giorgio-frassati-chi-sono-i-santi-sociali\/#breadcrumb"},"inLanguage":"it-IT","potentialAction":[{"@type":"ReadAction","target":["https:\/\/blog.holyart.it\/it\/santi-e-beati\/da-don-bosco-a-pier-giorgio-frassati-chi-sono-i-santi-sociali\/"]}]},{"@type":"ImageObject","inLanguage":"it-IT","@id":"https:\/\/blog.holyart.it\/it\/santi-e-beati\/da-don-bosco-a-pier-giorgio-frassati-chi-sono-i-santi-sociali\/#primaryimage","url":"https:\/\/blog.holyart.it\/it\/wp-content\/uploads\/sites\/17\/2025\/06\/santi-sociali.jpg","contentUrl":"https:\/\/blog.holyart.it\/it\/wp-content\/uploads\/sites\/17\/2025\/06\/santi-sociali.jpg","width":1000,"height":666,"caption":"santi sociali"},{"@type":"BreadcrumbList","@id":"https:\/\/blog.holyart.it\/it\/santi-e-beati\/da-don-bosco-a-pier-giorgio-frassati-chi-sono-i-santi-sociali\/#breadcrumb","itemListElement":[{"@type":"ListItem","position":1,"name":"Homepage","item":"https:\/\/blog.holyart.it\/it\/"},{"@type":"ListItem","position":2,"name":"Santi e beati","item":"https:\/\/blog.holyart.it\/it\/santi-e-beati\/"},{"@type":"ListItem","position":3,"name":"Da Don Bosco a Pier Giorgio Frassati: chi sono i santi sociali"}]},{"@type":"WebSite","@id":"https:\/\/blog.holyart.it\/it\/#website","url":"https:\/\/blog.holyart.it\/it\/","name":"Holyblog","description":"Il Blog di Holyart.it","publisher":{"@id":"https:\/\/blog.holyart.it\/it\/#organization"},"potentialAction":[{"@type":"SearchAction","target":{"@type":"EntryPoint","urlTemplate":"https:\/\/blog.holyart.it\/it\/?s={search_term_string}"},"query-input":{"@type":"PropertyValueSpecification","valueRequired":true,"valueName":"search_term_string"}}],"inLanguage":"it-IT"},{"@type":"Organization","@id":"https:\/\/blog.holyart.it\/it\/#organization","name":"Holyblog","url":"https:\/\/blog.holyart.it\/it\/","logo":{"@type":"ImageObject","inLanguage":"it-IT","@id":"https:\/\/blog.holyart.it\/it\/#\/schema\/logo\/image\/","url":"https:\/\/blog.holyart.it\/it\/wp-content\/uploads\/sites\/17\/2022\/12\/Holyart_Blog_Logo.jpg","contentUrl":"https:\/\/blog.holyart.it\/it\/wp-content\/uploads\/sites\/17\/2022\/12\/Holyart_Blog_Logo.jpg","width":300,"height":50,"caption":"Holyblog"},"image":{"@id":"https:\/\/blog.holyart.it\/it\/#\/schema\/logo\/image\/"}},{"@type":"Person","@id":"https:\/\/blog.holyart.it\/it\/#\/schema\/person\/0a7b686e5af0f856ec1e390dd0baecda","name":"Redazione"}]}},"_links":{"self":[{"href":"https:\/\/blog.holyart.it\/it\/wp-json\/wp\/v2\/posts\/22187","targetHints":{"allow":["GET"]}}],"collection":[{"href":"https:\/\/blog.holyart.it\/it\/wp-json\/wp\/v2\/posts"}],"about":[{"href":"https:\/\/blog.holyart.it\/it\/wp-json\/wp\/v2\/types\/post"}],"author":[{"embeddable":true,"href":"https:\/\/blog.holyart.it\/it\/wp-json\/wp\/v2\/users\/1"}],"replies":[{"embeddable":true,"href":"https:\/\/blog.holyart.it\/it\/wp-json\/wp\/v2\/comments?post=22187"}],"version-history":[{"count":9,"href":"https:\/\/blog.holyart.it\/it\/wp-json\/wp\/v2\/posts\/22187\/revisions"}],"predecessor-version":[{"id":23243,"href":"https:\/\/blog.holyart.it\/it\/wp-json\/wp\/v2\/posts\/22187\/revisions\/23243"}],"wp:featuredmedia":[{"embeddable":true,"href":"https:\/\/blog.holyart.it\/it\/wp-json\/wp\/v2\/media\/22200"}],"wp:attachment":[{"href":"https:\/\/blog.holyart.it\/it\/wp-json\/wp\/v2\/media?parent=22187"}],"wp:term":[{"taxonomy":"category","embeddable":true,"href":"https:\/\/blog.holyart.it\/it\/wp-json\/wp\/v2\/categories?post=22187"},{"taxonomy":"post_tag","embeddable":true,"href":"https:\/\/blog.holyart.it\/it\/wp-json\/wp\/v2\/tags?post=22187"}],"curies":[{"name":"wp","href":"https:\/\/api.w.org\/{rel}","templated":true}]}}