{"id":22142,"date":"2025-07-21T10:00:46","date_gmt":"2025-07-21T08:00:46","guid":{"rendered":"https:\/\/blog.holyart.it\/it\/?p=22142"},"modified":"2025-06-13T09:17:02","modified_gmt":"2025-06-13T07:17:02","slug":"la-madonna-della-consolazione-un-simbolo-eterno-per-reggio-calabria","status":"publish","type":"post","link":"https:\/\/blog.holyart.it\/it\/articoli-religiosi\/la-madonna-della-consolazione-un-simbolo-eterno-per-reggio-calabria\/","title":{"rendered":"La Madonna della Consolazione: un simbolo eterno per Reggio Calabria"},"content":{"rendered":"<h4>La Madonna della Consolazione: un simbolo eterno per Reggio Calabria. Ecco come la Madre visita i suoi figli amatissimi ogni anno<\/h4>\n\n<p>A Reggio Calabria, la fede ha un volto. Non \u00e8 un concetto astratto, n\u00e9 una parola da ripetere nelle omelie. \u00c8 un volto che consola, un volto che ascolta. \u00c8 quello della\u00a0<strong>Madonna della Consolazione<\/strong>, la \u201cMamma\u201d della citt\u00e0, la Santa Patrona, la Signora vestita d\u2019oro che da secoli veglia sulle case, sui mari inquieti, sulle vite stanche e sulle gioie improvvise di chi abita questo lembo di terra affacciato sullo Stretto. Solo un altro modo per\u00a0<strong><a href=\"https:\/\/www.holyart.it\/blog\/santi-e-beati\/titoli-mariani-cosa-sono-e-quanti-sono-tutti-i-nomi-dedicati-a-maria\/\">chiamare la Madonna<\/a><\/strong>.\u00a0Qui, la devozione non \u00e8 mai stata una questione privata. \u00c8 sangue che scorre nelle vene della citt\u00e0, \u00e8 memoria collettiva, rito condiviso. La Madonna della Consolazione non \u00e8 solo un\u2019immagine sacra: \u00e8 una presenza reale, che scende tra le strade, che si lascia toccare, al passaggio della quale si pu\u00f2 piangere, gridare, solo per poi accorgersi che una dolce benedizione \u00e8 discesa a placare ogni inquietudine. \u00c8 la madre che non giudica, che non dimentica. La citt\u00e0 le parla, canta lodi in suo nome, la porta sulle spalle. E ogni anno, questo patto d\u2019amore si rinnova. Con lo stesso fervore, con la stessa emozione che tremava negli occhi dei bisnonni.<\/p>\n<div class=\"link-article\">\n<p><img loading=\"lazy\" decoding=\"async\" class=\"size-full wp-image-22143 alignleft\" src=\"https:\/\/blog.holyart.it\/it\/wp-content\/uploads\/sites\/17\/2025\/06\/titoli-mariani-1.jpeg\" alt=\"titoli mariani\" width=\"150\" height=\"99\" data-kale-share-title=\"La Madonna della Consolazione: un simbolo eterno per Reggio Calabria\" data-kale-share-url=\"https:\/\/blog.holyart.it\/it\/?p=22142\" \/><\/p>\n<div class=\"leggi-anche\">Leggi anche:<\/div>\n<p><strong><a href=\"https:\/\/www.holyart.it\/blog\/santi-e-beati\/titoli-mariani-cosa-sono-e-quanti-sono-tutti-i-nomi-dedicati-a-maria\/\">Titoli Mariani: cosa sono e quanti sono tutti i nomi dedicati a Maria<\/a><\/strong><br \/>\nTitoli Mariani: tutti gli appellativi con cui viene venerata Maria&#8230;<\/p>\n<\/div>\n<p>Le<a href=\"https:\/\/www.holyart.it\/blog\/articoli-religiosi\/5-feste-dei-santi-piu-famose-sud-italia\/\">\u00a0<strong>feste dedicate ai Santi nel Sud Italia<\/strong><\/a>\u00a0sono un vero patrimonio di storia, folklore e arte. Fuochi d\u2019artificio sul mare, processioni che attraversano borghi e campagne, tavole imbandite di piatti tipici e antiche preghiere sussurrate sotto il cielo d\u2019estate. Le<a href=\"https:\/\/www.holyart.it\/blog\/articoli-religiosi\/le-feste-patronali-piu-belle-del-sud-italia\/\">\u00a0<strong>feste patronali<\/strong>\u00a0<\/a>sono molto pi\u00f9 che celebrazioni religiose: sono momenti di identit\u00e0 collettiva, in cui fede, folklore e convivialit\u00e0 si intrecciano in un rito che attraversa i secoli. Cos\u00ec \u00e8 anche per la festa della Madonna della Consolazione.<\/p>\n<div class=\"link-article\">\n<p><img loading=\"lazy\" decoding=\"async\" class=\"size-full wp-image-22144 alignleft\" src=\"https:\/\/blog.holyart.it\/it\/wp-content\/uploads\/sites\/17\/2025\/06\/feste-dei-santi.jpg\" alt=\"feste dei santi\" width=\"150\" height=\"99\" data-kale-share-title=\"La Madonna della Consolazione: un simbolo eterno per Reggio Calabria\" data-kale-share-url=\"https:\/\/blog.holyart.it\/it\/?p=22142\" \/><\/p>\n<div class=\"leggi-anche\">Leggi anche:<\/div>\n<p><strong><a href=\"https:\/\/www.holyart.it\/blog\/articoli-religiosi\/5-feste-dei-santi-piu-famose-sud-italia\/\">Le 5 feste dei santi pi\u00f9 famose nel sud Italia<\/a><\/strong><br \/>\nTra processioni tra terra e mare, fuochi d\u2019artificio e specialit\u00e0 gastronomiche, scopriamo le feste dei santi&#8230;<\/p>\n<\/div>\n<h2>Quando si festeggia la Madonna della Consolazione?<\/h2>\n<p>C\u2019\u00e8 un luogo, a Reggio Calabria, dove il cielo sembra pi\u00f9 vicino. Dove l\u2019aria profuma di silenzio, e ogni passo risuona come una preghiera. \u00c8 l\u00ec, sulla collina che domina la citt\u00e0 e il mare, che sorge la\u00a0<strong>Basilica dell\u2019Eremo<\/strong>, dimora della Madonna della Consolazione per la maggior parte dell\u2019anno.<br \/>\nNon \u00e8 solo una chiesa. \u00c8 il cuore nascosto della devozione reggina, un santuario che custodisce l\u2019attesa, la speranza, la promessa. Fu costruita accanto al convento dei <a href=\"https:\/\/www.holyart.it\/blog\/santi-e-beati\/padre-pio-lordine-dei-frati-minori-cappuccini\/\"><strong>frati Cappuccini<\/strong><\/a>, che arrivarono in citt\u00e0 nel 1532 portando con s\u00e9 la semplicit\u00e0 e la forza del messaggio francescano. In quel tempo, dove ora s\u2019innalza la Basilica, sorgeva una piccola cappella. Poi venne il quadro, commissionato dal nobile Camillo Diano al pittore reggino Nicol\u00f2 Andrea Capriolo. E la devozione prese forma, volto, colore.<br \/>\nLa prima chiesa resistette per secoli, ma il terremoto del 1908 la pieg\u00f2. Non lo spirito, per\u00f2. E cos\u00ec, nel 1965, sorse una nuova Basilica. Moderna nelle linee, ma antica nell\u2019anima. Progettata dall\u2019architetto Anna Sbarracani Anastasi, accoglie oggi non solo la sacra effigie, ma anche opere d\u2019arte che parlano con la voce della contemporaneit\u00e0: i rilievi di Alessandro Monteleone, la Via Crucis scolpita da Pasquale Panetta, i vetri colorati che rifrangono la luce come promesse.<\/p>\n<div class=\"link-article\">\n<p><img loading=\"lazy\" decoding=\"async\" class=\"size-full wp-image-22145 alignleft\" src=\"https:\/\/blog.holyart.it\/it\/wp-content\/uploads\/sites\/17\/2025\/06\/padre-pio-1-1.jpg\" alt=\"padre pio\" width=\"150\" height=\"99\" data-kale-share-title=\"La Madonna della Consolazione: un simbolo eterno per Reggio Calabria\" data-kale-share-url=\"https:\/\/blog.holyart.it\/it\/?p=22142\" \/><\/p>\n<div class=\"leggi-anche\">Leggi anche:<\/div>\n<p><strong><a href=\"https:\/\/www.holyart.it\/blog\/santi-e-beati\/padre-pio-lordine-dei-frati-minori-cappuccini\/\">Padre Pio e l\u2019ordine dei Frati Minori Cappuccini<\/a><\/strong><br \/>\nPadre Pio dimostr\u00f2 fin da giovane il desiderio di abbracciare la vita religiosa: entr\u00f2 in convento a quattordici&#8230;<\/p>\n<\/div>\n<p>Quando, a settembre, la Madonna scende in citt\u00e0, l\u2019Eremo si svuota di presenza, ma non di significato. E in novembre, quando torna tra le sue mura, tutto ricomincia. I gradini della scalinata diventano rosario, la salita si fa preghiera in cammino. \u00c8 l\u00ec, nel silenzio dell\u2019altura, che i reggini tornano a cercarla nei mesi che separano una festa dall\u2019altra. Una visita, una candela, una lacrima. Nessuno va via senza averle parlato.<br \/>\nLa Basilica dell\u2019Eremo \u00e8 il luogo dove la Madre riposa. Ma lass\u00f9, lo sappiamo bene, non dorme mai.<\/p>\n<p>Settembre a Reggio ha il profumo del mirto e della cera. Ma soprattutto, lungo le sue strade risuona il passo cadenzato dei\u00a0<a href=\"https:\/\/www.holyart.it\/it\/accessori-per-la-liturgia\/processioni\"><strong>portatori della Vara<\/strong><\/a>, il brusio dei fedeli, le campane che annunciano l\u2019atteso giorno della\u00a0<strong>Discesa<\/strong>.<br \/>\nAccade ogni anno, il\u00a0<strong>secondo sabato di settembre<\/strong>. All\u2019alba, mentre la citt\u00e0 si stiracchia nel sonno, gi\u00e0 si sente il mormorio salire dalla collina dell\u2019Eremo. Gente che arriva a piedi nudi, per devozione. Gente che non ha dormito, per l\u2019emozione. Sono migliaia, ogni anno, come un fiume che ha imparato a scorrere sempre verso la stessa sorgente.<br \/>\nIl quadro sacro lascia la sua dimora per scendere tra il popolo. Non \u00e8 solo una processione: \u00e8 un incontro. \u00c8 la storia che si fa carne, ogni volta. Si racconta che\u00a0<strong>tutto inizi\u00f2 nel 1636<\/strong>, durante una terribile pestilenza. Il popolo fece voto:\u00a0<em>\u201cPorteremo la Madonna in citt\u00e0, se ci liberer\u00e0 dalla peste.\u201d<\/em>\u00a0E cos\u00ec fu. Da allora, settembre \u00e8 il mese del grazie. Il mese del miracolo che si rinnova.<\/p>\n<div class=\"link-product\">\n<div class=\"blocco-immagine\"><img loading=\"lazy\" decoding=\"async\" class=\"size-full wp-image-22146 alignleft\" src=\"https:\/\/blog.holyart.it\/it\/wp-content\/uploads\/sites\/17\/2025\/06\/baldacchino-processionale-130x160-ihs-fiori-e-spighe.jpg\" alt=\"baldacchino processionale 130x160 ihs fiori e spighe\" width=\"100\" height=\"100\" data-kale-share-title=\"La Madonna della Consolazione: un simbolo eterno per Reggio Calabria\" data-kale-share-url=\"https:\/\/blog.holyart.it\/it\/?p=22142\" \/><\/div>\n<div class=\"blocco-contenuto\">\n<div class=\"blocco-acquista\">Acquista su Holyart:<\/div>\n<div class=\"blocco-titolo\"><a href=\"https:\/\/www.holyart.it\/it\/accessori-per-la-liturgia\/processioni\">Processioni<\/a><\/div>\n<div class=\"blocco-descrizione\">Qui troverai tutti gli articoli pensati per accompagnare le processioni religiose.<\/div>\n<\/div>\n<\/div>\n<p>C\u2019\u00e8 un momento, nell\u2019interminabile abbraccio tra la citt\u00e0 e la sua Patrona, in cui la devozione diventa corsa. \u00c8 la\u00a0<strong>Volata<\/strong>, l\u2019ultimo tratto della processione, quando i portatori, stremati, sudati, ma col cuore in fiamme, stringono i denti e, sotto il peso della Vara, affrontano di corsa lo spazio che separa l\u2019inizio di Piazza Duomo dalla scalinata della Cattedrale.<br \/>\n\u00c8 un gesto che sfida la ragione, ma che parla alla parte pi\u00f9 profonda dell\u2019anima. Perch\u00e9 la Volata non \u00e8 solo una corsa: \u00e8\u00a0<strong>un\u2019offerta<\/strong>. \u00c8 l\u2019atto finale, l\u2019ultimo dono alla Madonna. \u00c8 la dimostrazione estrema di un amore che non si risparmia, che si consuma fino all\u2019ultima goccia di energia. E quando la Vara arriva, tra gli applausi e le lacrime, il respiro di tutti sembra trattenersi per un istante. \u00c8 fatta. La Madre \u00e8 tornata.<br \/>\nMa la festa non si conclude l\u00ec. Il marted\u00ec successivo, come a voler prolungare l\u2019incanto, la Madonna percorre ancora una volta il\u00a0<strong>Corso Garibaldi<\/strong>, tra ali di folla che si stringono per salutarla. \u00c8 un arrivederci pi\u00f9 lieve, pi\u00f9 intimo. Poi il quadro rientra nella\u00a0<strong>Cattedrale,<\/strong>\u00a0dove rimarr\u00e0 fino al mese di novembre, tra luci, fiori, e una citt\u00e0 che si stringe attorno a lei come un figlio al grembo della madre.<br \/>\nA\u00a0<strong>novembre\u00a0<\/strong>arriva un altro momento solenne: la festa della\u00a0<strong><a href=\"https:\/\/www.holyart.it\/blog\/santi-e-beati\/la-festa-della-madonna-della-salute-di-venezia\/\">Presentazione di Maria al Tempio<\/a><\/strong>. \u00c8 allora che la Madonna prepara il\u00a0<strong>ritorno all\u2019Eremo<\/strong>. Ed \u00e8 allora, con la processione della Salita, che la Madre fa ritorno alla\u00a0<strong>Basilica dell\u2019Eremo<\/strong>. Cos\u00ec si chiude il cerchio. Cos\u00ec si rinnova, ogni anno, quel misterioso dialogo tra cielo e terra che lega Reggio alla sua Consolatrice. Un ciclo d\u2019amore che non conosce fine. Ma quella, si sa, \u00e8 un\u2019altra storia. Un&#8217;altra emozione.<\/p>\n<div class=\"link-article\">\n<p><img loading=\"lazy\" decoding=\"async\" class=\"size-full wp-image-22147 alignleft\" src=\"https:\/\/blog.holyart.it\/it\/wp-content\/uploads\/sites\/17\/2025\/06\/festa-madonna-salute-venezia.jpg\" alt=\"festa madonna salute venezia\" width=\"150\" height=\"99\" data-kale-share-title=\"La Madonna della Consolazione: un simbolo eterno per Reggio Calabria\" data-kale-share-url=\"https:\/\/blog.holyart.it\/it\/?p=22142\" \/><\/p>\n<div class=\"leggi-anche\">Leggi anche:<\/div>\n<p><strong><a href=\"https:\/\/www.holyart.it\/blog\/santi-e-beati\/la-festa-della-madonna-della-salute-di-venezia\/\">La Festa della Madonna della Salute di Venezia<\/a><\/strong><br \/>\nOgni anno, il 21 novembre, i veneziani si riuniscono per onorare la Madonna della Salute, un evento&#8230;<\/p>\n<\/div>\n<h2>Quando sale la Madonna della Consolazione all\u2019eremo?<\/h2>\n<p>Se la Discesa \u00e8 festa, la\u00a0<strong>Salita \u00e8 preghiera<\/strong>. \u00c8 pi\u00f9 intima, pi\u00f9 silenziosa, eppure non meno intensa. Succede la\u00a0<strong>domenica dopo il 21 novembre<\/strong>, come un addio sussurrato sotto voce, tra la malinconia dell\u2019autunno e la speranza che accompagna ogni ritorno.<br \/>\nLa processione parte lenta, quasi timida. La citt\u00e0, che solo due mesi prima l\u2019aveva accolta con grida e applausi, ora saluta la sua patrona con occhi lucidi e mani giunte. \u00c8 un congedo che pesa sul cuore. Ma \u00e8 nel tratto finale che tutto cambia. La strada si inerpica verso l\u2019alto, e con essa la Vara, i portatori, i canti che si spezzano in gola. Ogni passo diventa un atto di fede, ogni respiro un\u2019offerta. Nessuno parla, ma tutti sentono la stessa cosa: che\u00a0<strong>quell\u2019ascesa appartiene a tutti loro<\/strong>. Che ciascuno tra i presenti, come la Madonna, ogni giorno affronta una salita impervia. Una fatica, un dolore, una rinascita.<br \/>\nAll\u2019arrivo all\u2019Eremo, il tempo sembra fermarsi. L\u2019aria profuma d\u2019incenso e foglie bagnate. Il quadro viene accolto dai frati, ricollocato sull\u2019altare maggiore. E i fedeli, molti con le lacrime agli occhi, restano l\u00ec, in silenzio. Perch\u00e9 dire addio alla Mamma, anche se solo per qualche mese, non \u00e8 mai facile.<br \/>\nMa da lass\u00f9, sulla collina, <a href=\"https:\/\/www.holyart.it\/it\/articoli-religiosi\/statue\/statue-in-polvere-di-marmo-di-carrara\/madonna-consolata-80-cm-marmo-sintetico-colorato\"><strong>la Consolatrice<\/strong><\/a> continuer\u00e0 a guardare verso il mare. E verso tutti i suoi figli amatissimi.<\/p>\n<div class=\"link-product\">\n<div class=\"blocco-immagine\"><img loading=\"lazy\" decoding=\"async\" class=\"size-full wp-image-22148 alignleft\" src=\"https:\/\/blog.holyart.it\/it\/wp-content\/uploads\/sites\/17\/2025\/06\/madonna-consolata-80-cm-marmo-sintetico-colorato.jpg\" alt=\"madonna consolata 80 cm marmo sintetico colorato\" width=\"100\" height=\"100\" data-kale-share-title=\"La Madonna della Consolazione: un simbolo eterno per Reggio Calabria\" data-kale-share-url=\"https:\/\/blog.holyart.it\/it\/?p=22142\" \/><\/div>\n<div class=\"blocco-contenuto\">\n<div class=\"blocco-acquista\">Acquista su Holyart:<\/div>\n<div class=\"blocco-titolo\"><a href=\"https:\/\/www.holyart.it\/it\/articoli-religiosi\/statue\/statue-in-polvere-di-marmo-di-carrara\/madonna-consolata-80-cm-marmo-sintetico-colorato\">Madonna Consolata 80 cm marmo sintetico colorato<\/a><\/div>\n<div class=\"blocco-descrizione\">Madonna Consolata 80 cm, statua in marmo sintetico dipinto a mano.<\/div>\n<\/div>\n<\/div>\n<h2>Quanto pesa la Vara della Madonna della Consolazione?<\/h2>\n<p>Chi non l\u2019ha mai vista, forse non pu\u00f2 immaginare. La Vara non \u00e8 solo una struttura. \u00c8 un tempio che cammina. Un altare in movimento. Un monumento alla fede collettiva. Realizzata tra il\u00a0<strong>1824 e il 1831<\/strong>, la monumentale Vara \u00e8 un capolavoro di arte devozionale:\u00a0<strong>lamina d\u2019argento sbalzato su un\u2019anima di legno<\/strong>, scolpita e cesellata con minuzia, come si addice a ci\u00f2 che deve contenere il sacro. Alta circa cinque metri e decorata con dettagli che raccontano la gloria e il dolore, raggiunge un peso complessivo di\u00a0<strong>1.400 chilogrammi<\/strong>. Una tonnellata e mezza che non spaventa, ma onora. S\u00ec, una tonnellata e mezza di bellezza e devozione.<br \/>\nPer portarla, servono almeno sessanta uomini.\u00a0<em>Portatori della Vara<\/em>, li chiamano. Ma chi conosce la tradizione sa che sono molto di pi\u00f9. Sono devoti, figli, fratelli, padri. Per molti, \u00e8 un\u2019eredit\u00e0:\u00a0<em>\u201cMio nonno la portava. Mio padre la portava. Ora tocca a me.\u201d<br \/>\n<\/em>Durante la processione, si danno il cambio con gesti studiati, quasi coreografici, ma carichi di rispetto. Ogni sostituzione \u00e8 un rituale. E quando arriva il tratto della salita all\u2019Eremo, la fatica si fa eroica. Le gambe tremano, le mani stringono forte le stanghe, e la citt\u00e0 intera trattiene il fiato.<br \/>\nMa nessuno si tira indietro. Perch\u00e9 quel peso, in fondo, \u00e8 il peso dell\u2019amore. E l\u2019amore, si sa, non pesa mai abbastanza.<\/p>\n","protected":false},"excerpt":{"rendered":"<p>La Madonna della Consolazione: un simbolo eterno per Reggio Calabria. Ecco come la Madre visita i suoi figli amatissimi ogni anno A Reggio Calabria, la fede ha un volto. Non \u00e8 un concetto astratto, n\u00e9 una parola da ripetere nelle omelie. \u00c8 un volto che&hellip;<\/p>\n","protected":false},"author":1,"featured_media":22149,"comment_status":"closed","ping_status":"open","sticky":false,"template":"","format":"standard","meta":{"_acf_changed":false,"footnotes":""},"categories":[16],"tags":[],"class_list":["post-22142","post","type-post","status-publish","format-standard","has-post-thumbnail","hentry","category-articoli-religiosi"],"acf":[],"yoast_head":"<!-- This site is optimized with the Yoast SEO plugin v26.6 - https:\/\/yoast.com\/wordpress\/plugins\/seo\/ -->\n<title>La Madonna della Consolazione: un simbolo eterno per Reggio Calabria<\/title>\n<meta name=\"description\" content=\"Ogni anno l\u2019effigie della Madonna della Consolazione viene portata in processione per le vie di Reggio Calabria.\" \/>\n<meta name=\"robots\" content=\"index, follow, max-snippet:-1, max-image-preview:large, max-video-preview:-1\" \/>\n<link rel=\"canonical\" href=\"https:\/\/blog.holyart.it\/it\/articoli-religiosi\/la-madonna-della-consolazione-un-simbolo-eterno-per-reggio-calabria\/\" \/>\n<meta property=\"og:locale\" content=\"it_IT\" \/>\n<meta property=\"og:type\" content=\"article\" \/>\n<meta property=\"og:title\" content=\"La Madonna della Consolazione: un simbolo eterno per Reggio Calabria\" \/>\n<meta property=\"og:description\" content=\"Ogni anno l\u2019effigie della Madonna della Consolazione viene portata in processione per le vie di Reggio Calabria.\" \/>\n<meta property=\"og:url\" content=\"https:\/\/blog.holyart.it\/it\/articoli-religiosi\/la-madonna-della-consolazione-un-simbolo-eterno-per-reggio-calabria\/\" \/>\n<meta property=\"og:site_name\" content=\"Holyblog\" \/>\n<meta property=\"article:published_time\" content=\"2025-07-21T08:00:46+00:00\" \/>\n<meta property=\"og:image\" content=\"https:\/\/blog.holyart.it\/it\/wp-content\/uploads\/sites\/17\/2025\/06\/madonna-della-consolazione.jpg\" \/>\n\t<meta property=\"og:image:width\" content=\"1000\" \/>\n\t<meta property=\"og:image:height\" content=\"666\" \/>\n\t<meta property=\"og:image:type\" content=\"image\/jpeg\" \/>\n<meta name=\"author\" content=\"Redazione\" \/>\n<meta name=\"twitter:card\" content=\"summary_large_image\" \/>\n<meta name=\"twitter:label1\" content=\"Scritto da\" \/>\n\t<meta name=\"twitter:data1\" content=\"Redazione\" \/>\n\t<meta name=\"twitter:label2\" content=\"Tempo di lettura stimato\" \/>\n\t<meta name=\"twitter:data2\" content=\"11 minuti\" \/>\n<script type=\"application\/ld+json\" class=\"yoast-schema-graph\">{\"@context\":\"https:\/\/schema.org\",\"@graph\":[{\"@type\":\"Article\",\"@id\":\"https:\/\/blog.holyart.it\/it\/articoli-religiosi\/la-madonna-della-consolazione-un-simbolo-eterno-per-reggio-calabria\/#article\",\"isPartOf\":{\"@id\":\"https:\/\/blog.holyart.it\/it\/articoli-religiosi\/la-madonna-della-consolazione-un-simbolo-eterno-per-reggio-calabria\/\"},\"author\":{\"name\":\"Redazione\",\"@id\":\"https:\/\/blog.holyart.it\/it\/#\/schema\/person\/0a7b686e5af0f856ec1e390dd0baecda\"},\"headline\":\"La Madonna della Consolazione: un simbolo eterno per Reggio Calabria\",\"datePublished\":\"2025-07-21T08:00:46+00:00\",\"mainEntityOfPage\":{\"@id\":\"https:\/\/blog.holyart.it\/it\/articoli-religiosi\/la-madonna-della-consolazione-un-simbolo-eterno-per-reggio-calabria\/\"},\"wordCount\":1656,\"publisher\":{\"@id\":\"https:\/\/blog.holyart.it\/it\/#organization\"},\"image\":{\"@id\":\"https:\/\/blog.holyart.it\/it\/articoli-religiosi\/la-madonna-della-consolazione-un-simbolo-eterno-per-reggio-calabria\/#primaryimage\"},\"thumbnailUrl\":\"https:\/\/blog.holyart.it\/it\/wp-content\/uploads\/sites\/17\/2025\/06\/madonna-della-consolazione.jpg\",\"articleSection\":[\"Religione\"],\"inLanguage\":\"it-IT\"},{\"@type\":\"WebPage\",\"@id\":\"https:\/\/blog.holyart.it\/it\/articoli-religiosi\/la-madonna-della-consolazione-un-simbolo-eterno-per-reggio-calabria\/\",\"url\":\"https:\/\/blog.holyart.it\/it\/articoli-religiosi\/la-madonna-della-consolazione-un-simbolo-eterno-per-reggio-calabria\/\",\"name\":\"La Madonna della Consolazione: un simbolo eterno per Reggio Calabria\",\"isPartOf\":{\"@id\":\"https:\/\/blog.holyart.it\/it\/#website\"},\"primaryImageOfPage\":{\"@id\":\"https:\/\/blog.holyart.it\/it\/articoli-religiosi\/la-madonna-della-consolazione-un-simbolo-eterno-per-reggio-calabria\/#primaryimage\"},\"image\":{\"@id\":\"https:\/\/blog.holyart.it\/it\/articoli-religiosi\/la-madonna-della-consolazione-un-simbolo-eterno-per-reggio-calabria\/#primaryimage\"},\"thumbnailUrl\":\"https:\/\/blog.holyart.it\/it\/wp-content\/uploads\/sites\/17\/2025\/06\/madonna-della-consolazione.jpg\",\"datePublished\":\"2025-07-21T08:00:46+00:00\",\"description\":\"Ogni anno l\u2019effigie della Madonna della Consolazione viene portata in processione per le vie di Reggio Calabria.\",\"breadcrumb\":{\"@id\":\"https:\/\/blog.holyart.it\/it\/articoli-religiosi\/la-madonna-della-consolazione-un-simbolo-eterno-per-reggio-calabria\/#breadcrumb\"},\"inLanguage\":\"it-IT\",\"potentialAction\":[{\"@type\":\"ReadAction\",\"target\":[\"https:\/\/blog.holyart.it\/it\/articoli-religiosi\/la-madonna-della-consolazione-un-simbolo-eterno-per-reggio-calabria\/\"]}]},{\"@type\":\"ImageObject\",\"inLanguage\":\"it-IT\",\"@id\":\"https:\/\/blog.holyart.it\/it\/articoli-religiosi\/la-madonna-della-consolazione-un-simbolo-eterno-per-reggio-calabria\/#primaryimage\",\"url\":\"https:\/\/blog.holyart.it\/it\/wp-content\/uploads\/sites\/17\/2025\/06\/madonna-della-consolazione.jpg\",\"contentUrl\":\"https:\/\/blog.holyart.it\/it\/wp-content\/uploads\/sites\/17\/2025\/06\/madonna-della-consolazione.jpg\",\"width\":1000,\"height\":666},{\"@type\":\"BreadcrumbList\",\"@id\":\"https:\/\/blog.holyart.it\/it\/articoli-religiosi\/la-madonna-della-consolazione-un-simbolo-eterno-per-reggio-calabria\/#breadcrumb\",\"itemListElement\":[{\"@type\":\"ListItem\",\"position\":1,\"name\":\"Homepage\",\"item\":\"https:\/\/blog.holyart.it\/it\/\"},{\"@type\":\"ListItem\",\"position\":2,\"name\":\"Religione\",\"item\":\"https:\/\/blog.holyart.it\/it\/articoli-religiosi\/\"},{\"@type\":\"ListItem\",\"position\":3,\"name\":\"La Madonna della Consolazione: un simbolo eterno per Reggio Calabria\"}]},{\"@type\":\"WebSite\",\"@id\":\"https:\/\/blog.holyart.it\/it\/#website\",\"url\":\"https:\/\/blog.holyart.it\/it\/\",\"name\":\"Holyblog\",\"description\":\"Il Blog di Holyart.it\",\"publisher\":{\"@id\":\"https:\/\/blog.holyart.it\/it\/#organization\"},\"potentialAction\":[{\"@type\":\"SearchAction\",\"target\":{\"@type\":\"EntryPoint\",\"urlTemplate\":\"https:\/\/blog.holyart.it\/it\/?s={search_term_string}\"},\"query-input\":{\"@type\":\"PropertyValueSpecification\",\"valueRequired\":true,\"valueName\":\"search_term_string\"}}],\"inLanguage\":\"it-IT\"},{\"@type\":\"Organization\",\"@id\":\"https:\/\/blog.holyart.it\/it\/#organization\",\"name\":\"Holyblog\",\"url\":\"https:\/\/blog.holyart.it\/it\/\",\"logo\":{\"@type\":\"ImageObject\",\"inLanguage\":\"it-IT\",\"@id\":\"https:\/\/blog.holyart.it\/it\/#\/schema\/logo\/image\/\",\"url\":\"https:\/\/blog.holyart.it\/it\/wp-content\/uploads\/sites\/17\/2022\/12\/Holyart_Blog_Logo.jpg\",\"contentUrl\":\"https:\/\/blog.holyart.it\/it\/wp-content\/uploads\/sites\/17\/2022\/12\/Holyart_Blog_Logo.jpg\",\"width\":300,\"height\":50,\"caption\":\"Holyblog\"},\"image\":{\"@id\":\"https:\/\/blog.holyart.it\/it\/#\/schema\/logo\/image\/\"}},{\"@type\":\"Person\",\"@id\":\"https:\/\/blog.holyart.it\/it\/#\/schema\/person\/0a7b686e5af0f856ec1e390dd0baecda\",\"name\":\"Redazione\"}]}<\/script>\n<!-- \/ Yoast SEO plugin. -->","yoast_head_json":{"title":"La Madonna della Consolazione: un simbolo eterno per Reggio Calabria","description":"Ogni anno l\u2019effigie della Madonna della Consolazione viene portata in processione per le vie di Reggio Calabria.","robots":{"index":"index","follow":"follow","max-snippet":"max-snippet:-1","max-image-preview":"max-image-preview:large","max-video-preview":"max-video-preview:-1"},"canonical":"https:\/\/blog.holyart.it\/it\/articoli-religiosi\/la-madonna-della-consolazione-un-simbolo-eterno-per-reggio-calabria\/","og_locale":"it_IT","og_type":"article","og_title":"La Madonna della Consolazione: un simbolo eterno per Reggio Calabria","og_description":"Ogni anno l\u2019effigie della Madonna della Consolazione viene portata in processione per le vie di Reggio Calabria.","og_url":"https:\/\/blog.holyart.it\/it\/articoli-religiosi\/la-madonna-della-consolazione-un-simbolo-eterno-per-reggio-calabria\/","og_site_name":"Holyblog","article_published_time":"2025-07-21T08:00:46+00:00","og_image":[{"width":1000,"height":666,"url":"https:\/\/blog.holyart.it\/it\/wp-content\/uploads\/sites\/17\/2025\/06\/madonna-della-consolazione.jpg","type":"image\/jpeg"}],"author":"Redazione","twitter_card":"summary_large_image","twitter_misc":{"Scritto da":"Redazione","Tempo di lettura stimato":"11 minuti"},"schema":{"@context":"https:\/\/schema.org","@graph":[{"@type":"Article","@id":"https:\/\/blog.holyart.it\/it\/articoli-religiosi\/la-madonna-della-consolazione-un-simbolo-eterno-per-reggio-calabria\/#article","isPartOf":{"@id":"https:\/\/blog.holyart.it\/it\/articoli-religiosi\/la-madonna-della-consolazione-un-simbolo-eterno-per-reggio-calabria\/"},"author":{"name":"Redazione","@id":"https:\/\/blog.holyart.it\/it\/#\/schema\/person\/0a7b686e5af0f856ec1e390dd0baecda"},"headline":"La Madonna della Consolazione: un simbolo eterno per Reggio Calabria","datePublished":"2025-07-21T08:00:46+00:00","mainEntityOfPage":{"@id":"https:\/\/blog.holyart.it\/it\/articoli-religiosi\/la-madonna-della-consolazione-un-simbolo-eterno-per-reggio-calabria\/"},"wordCount":1656,"publisher":{"@id":"https:\/\/blog.holyart.it\/it\/#organization"},"image":{"@id":"https:\/\/blog.holyart.it\/it\/articoli-religiosi\/la-madonna-della-consolazione-un-simbolo-eterno-per-reggio-calabria\/#primaryimage"},"thumbnailUrl":"https:\/\/blog.holyart.it\/it\/wp-content\/uploads\/sites\/17\/2025\/06\/madonna-della-consolazione.jpg","articleSection":["Religione"],"inLanguage":"it-IT"},{"@type":"WebPage","@id":"https:\/\/blog.holyart.it\/it\/articoli-religiosi\/la-madonna-della-consolazione-un-simbolo-eterno-per-reggio-calabria\/","url":"https:\/\/blog.holyart.it\/it\/articoli-religiosi\/la-madonna-della-consolazione-un-simbolo-eterno-per-reggio-calabria\/","name":"La Madonna della Consolazione: un simbolo eterno per Reggio Calabria","isPartOf":{"@id":"https:\/\/blog.holyart.it\/it\/#website"},"primaryImageOfPage":{"@id":"https:\/\/blog.holyart.it\/it\/articoli-religiosi\/la-madonna-della-consolazione-un-simbolo-eterno-per-reggio-calabria\/#primaryimage"},"image":{"@id":"https:\/\/blog.holyart.it\/it\/articoli-religiosi\/la-madonna-della-consolazione-un-simbolo-eterno-per-reggio-calabria\/#primaryimage"},"thumbnailUrl":"https:\/\/blog.holyart.it\/it\/wp-content\/uploads\/sites\/17\/2025\/06\/madonna-della-consolazione.jpg","datePublished":"2025-07-21T08:00:46+00:00","description":"Ogni anno l\u2019effigie della Madonna della Consolazione viene portata in processione per le vie di Reggio Calabria.","breadcrumb":{"@id":"https:\/\/blog.holyart.it\/it\/articoli-religiosi\/la-madonna-della-consolazione-un-simbolo-eterno-per-reggio-calabria\/#breadcrumb"},"inLanguage":"it-IT","potentialAction":[{"@type":"ReadAction","target":["https:\/\/blog.holyart.it\/it\/articoli-religiosi\/la-madonna-della-consolazione-un-simbolo-eterno-per-reggio-calabria\/"]}]},{"@type":"ImageObject","inLanguage":"it-IT","@id":"https:\/\/blog.holyart.it\/it\/articoli-religiosi\/la-madonna-della-consolazione-un-simbolo-eterno-per-reggio-calabria\/#primaryimage","url":"https:\/\/blog.holyart.it\/it\/wp-content\/uploads\/sites\/17\/2025\/06\/madonna-della-consolazione.jpg","contentUrl":"https:\/\/blog.holyart.it\/it\/wp-content\/uploads\/sites\/17\/2025\/06\/madonna-della-consolazione.jpg","width":1000,"height":666},{"@type":"BreadcrumbList","@id":"https:\/\/blog.holyart.it\/it\/articoli-religiosi\/la-madonna-della-consolazione-un-simbolo-eterno-per-reggio-calabria\/#breadcrumb","itemListElement":[{"@type":"ListItem","position":1,"name":"Homepage","item":"https:\/\/blog.holyart.it\/it\/"},{"@type":"ListItem","position":2,"name":"Religione","item":"https:\/\/blog.holyart.it\/it\/articoli-religiosi\/"},{"@type":"ListItem","position":3,"name":"La Madonna della Consolazione: un simbolo eterno per Reggio Calabria"}]},{"@type":"WebSite","@id":"https:\/\/blog.holyart.it\/it\/#website","url":"https:\/\/blog.holyart.it\/it\/","name":"Holyblog","description":"Il Blog di Holyart.it","publisher":{"@id":"https:\/\/blog.holyart.it\/it\/#organization"},"potentialAction":[{"@type":"SearchAction","target":{"@type":"EntryPoint","urlTemplate":"https:\/\/blog.holyart.it\/it\/?s={search_term_string}"},"query-input":{"@type":"PropertyValueSpecification","valueRequired":true,"valueName":"search_term_string"}}],"inLanguage":"it-IT"},{"@type":"Organization","@id":"https:\/\/blog.holyart.it\/it\/#organization","name":"Holyblog","url":"https:\/\/blog.holyart.it\/it\/","logo":{"@type":"ImageObject","inLanguage":"it-IT","@id":"https:\/\/blog.holyart.it\/it\/#\/schema\/logo\/image\/","url":"https:\/\/blog.holyart.it\/it\/wp-content\/uploads\/sites\/17\/2022\/12\/Holyart_Blog_Logo.jpg","contentUrl":"https:\/\/blog.holyart.it\/it\/wp-content\/uploads\/sites\/17\/2022\/12\/Holyart_Blog_Logo.jpg","width":300,"height":50,"caption":"Holyblog"},"image":{"@id":"https:\/\/blog.holyart.it\/it\/#\/schema\/logo\/image\/"}},{"@type":"Person","@id":"https:\/\/blog.holyart.it\/it\/#\/schema\/person\/0a7b686e5af0f856ec1e390dd0baecda","name":"Redazione"}]}},"_links":{"self":[{"href":"https:\/\/blog.holyart.it\/it\/wp-json\/wp\/v2\/posts\/22142","targetHints":{"allow":["GET"]}}],"collection":[{"href":"https:\/\/blog.holyart.it\/it\/wp-json\/wp\/v2\/posts"}],"about":[{"href":"https:\/\/blog.holyart.it\/it\/wp-json\/wp\/v2\/types\/post"}],"author":[{"embeddable":true,"href":"https:\/\/blog.holyart.it\/it\/wp-json\/wp\/v2\/users\/1"}],"replies":[{"embeddable":true,"href":"https:\/\/blog.holyart.it\/it\/wp-json\/wp\/v2\/comments?post=22142"}],"version-history":[{"count":3,"href":"https:\/\/blog.holyart.it\/it\/wp-json\/wp\/v2\/posts\/22142\/revisions"}],"predecessor-version":[{"id":22152,"href":"https:\/\/blog.holyart.it\/it\/wp-json\/wp\/v2\/posts\/22142\/revisions\/22152"}],"wp:featuredmedia":[{"embeddable":true,"href":"https:\/\/blog.holyart.it\/it\/wp-json\/wp\/v2\/media\/22149"}],"wp:attachment":[{"href":"https:\/\/blog.holyart.it\/it\/wp-json\/wp\/v2\/media?parent=22142"}],"wp:term":[{"taxonomy":"category","embeddable":true,"href":"https:\/\/blog.holyart.it\/it\/wp-json\/wp\/v2\/categories?post=22142"},{"taxonomy":"post_tag","embeddable":true,"href":"https:\/\/blog.holyart.it\/it\/wp-json\/wp\/v2\/tags?post=22142"}],"curies":[{"name":"wp","href":"https:\/\/api.w.org\/{rel}","templated":true}]}}