{"id":22121,"date":"2025-06-16T10:00:50","date_gmt":"2025-06-16T08:00:50","guid":{"rendered":"https:\/\/blog.holyart.it\/it\/?p=22121"},"modified":"2025-06-26T12:17:43","modified_gmt":"2025-06-26T10:17:43","slug":"giubileo-dei-giovani-2025-date-e-programma-completo","status":"publish","type":"post","link":"https:\/\/blog.holyart.it\/it\/giubileo-2025\/giubileo-dei-giovani-2025-date-e-programma-completo\/","title":{"rendered":"Giubileo dei giovani 2025: date e programma completo"},"content":{"rendered":"<h4>Giubileo dei Giovani 2025: una settimana dedicata ai Pellegrini di Speranza che cambieranno il Mondo<\/h4>\n\n<p>Mentre l&#8217;estate imperversa, rendendo le nostre giornate sempre pi\u00f9 roventi, Roma si prepara ad accogliere il cuore vibrante della giovent\u00f9 mondiale. Dal\u00a0<strong>28 luglio al 3 agosto 2025<\/strong>,\u00a0<a href=\"https:\/\/www.holyart.it\/blog\/articoli-religiosi\/pellegrinaggio-a-roma-tra-le-mete-preferite-dei-cristiani\/\"><strong>Roma<\/strong><\/a>\u00a0aprir\u00e0 le sue braccia a una moltitudine di giovani in cammino, pronta a trasformarsi in una citt\u00e0-simbolo di fede, di incontro, di futuro. Strade, piazze e basiliche si animeranno di lingue diverse, di canti, di passi, di domande che esigono risposte, di giovani vite ardenti che pretendono un futuro per il mondo. Il\u00a0<strong>Giubileo dei Giovani<\/strong>\u00a0si intreccia al grande respiro del\u00a0<strong><a href=\"https:\/\/www.holyart.it\/blog\/articoli-religiosi\/il-calendario-degli-eventi-del-giubileo-2025\/\">Giubileo 2025<\/a><\/strong>, e ne condivide il tema: <strong><em><a href=\"https:\/\/www.holyart.it\/blog\/articoli-religiosi\/il-significato-del-logo-del-giubileo-2025-pellegrini-di-speranza\/\">\u201cPellegrini di Speranza\u201d<\/a><\/em><\/strong>. Ma nei giovani, questa speranza si fa slancio, intuizione, urgenza. \u00c8 un appello rivolto a tutti, certo, ma nei ragazzi e nelle ragazze che arriveranno a Roma, stanchi, emozionati, pieni di vita, assume la forza di una promessa.\u00a0<strong>Quella di un mondo nuovo<\/strong>, ancora tutto da costruire.<\/p>\n<div class=\"link-article\">\n<p><img loading=\"lazy\" decoding=\"async\" class=\"size-full wp-image-22123 alignleft\" src=\"https:\/\/blog.holyart.it\/it\/wp-content\/uploads\/sites\/17\/2025\/06\/giubileo-2025-1.jpg\" alt=\"giubileo 2025\" width=\"150\" height=\"99\" data-kale-share-title=\"Giubileo dei giovani 2025: date e programma completo\" data-kale-share-url=\"https:\/\/blog.holyart.it\/it\/?p=22121\" \/><\/p>\n<div class=\"leggi-anche\">Leggi anche:<\/div>\n<p><strong><a href=\"https:\/\/www.holyart.it\/blog\/articoli-religiosi\/il-calendario-degli-eventi-del-giubileo-2025\/\">Il calendario degli eventi del Giubileo 2025<\/a><\/strong><br \/>\n\u00c8 stato pubblicato il calendario degli eventi del Giubileo 2025, dodici mesi di eventi e occasioni per approfondire la fede&#8230;<\/p>\n<\/div>\n<p>Se tutti i fedeli sono pellegrini, i giovani lo sono in modo radicale, quasi ontologico. Perch\u00e9 portano dentro il seme dell\u2019inquietudine, dell\u2019attesa, del desiderio che non si accontenta. Sono viandanti per vocazione: non cercano solo strade da percorrere, ma\u00a0<strong>orizzonti da inventare<\/strong>. Sono quelli che ancora credono, anche quando il mondo intorno a loro sembra aver smesso. Quelli che non si fermano, neanche davanti alle rovine. Essere\u00a0<em>pellegrini di speranza<\/em>, per loro, non \u00e8 un esercizio di devozione. \u00c8 un<strong>\u00a0atto di fede nel futuro<\/strong>. Un atto di coraggio. \u00c8 scegliere ogni giorno di\u00a0<strong>non arrendersi<\/strong>\u00a0al cinismo, alla rassegnazione, all\u2019apatia.<br \/>\nIn loro, la Chiesa non vede solo il domani: vede un presente che pu\u00f2 gi\u00e0 cambiare il mondo. Un presente fatto di idee nuove, di domande sincere, di mani pronte a costruire. Perch\u00e9<strong>\u00a0la speranza non \u00e8 un\u2019attesa passiva<\/strong>. \u00c8 una forza che si fa strada, che smuove, che spinge avanti. \u00c8 il canto di chi cammina anche con le scarpe rotte, perch\u00e9 sa che la meta \u00e8 degna del viaggio.<br \/>\nNel Giubileo 2025, i giovani saranno\u00a0<strong>la luce dell\u2019aurora<\/strong>, quella che precede il giorno e che lo annuncia. Saranno profeti con i jeans e il sorriso, santi imperfetti, ma ostinati, discepoli della gioia, anche quando tutto intorno sembra tremare.<br \/>\nSaranno, e lo sono gi\u00e0,\u00a0<em>pellegrini di speranza<\/em>\u00a0non perch\u00e9 conoscono la via, ma perch\u00e9 credono che valga la pena cercarla insieme.<\/p>\n<div class=\"link-article\">\n<p><img loading=\"lazy\" decoding=\"async\" class=\"size-full wp-image-22124 alignleft\" src=\"https:\/\/blog.holyart.it\/it\/wp-content\/uploads\/sites\/17\/2025\/06\/giubileo_stole_logo_blog.jpg\" alt=\"giubileo logo\" width=\"150\" height=\"99\" data-kale-share-title=\"Giubileo dei giovani 2025: date e programma completo\" data-kale-share-url=\"https:\/\/blog.holyart.it\/it\/?p=22121\" \/><\/p>\n<div class=\"leggi-anche\">Leggi anche:<\/div>\n<p><strong><a href=\"https:\/\/www.holyart.it\/blog\/articoli-religiosi\/il-significato-del-logo-del-giubileo-2025-pellegrini-di-speranza\/\">Il significato del logo del Giubileo 2025: Pellegrini di speranza<\/a><\/strong><br \/>\n\u00c8 stato presentato il logo del Giubileo 2025, scelto tra quasi trecento proposte. Un simbolo di speranza e fraternit\u00e0&#8230;<\/p>\n<\/div>\n<p>Le date del\u00a0<strong>Giubileo dei Giovani<\/strong>\u00a0sono gi\u00e0 impresse nel cuore di migliaia di ragazzi e ragazze. Sar\u00e0 una settimana di incontri, di abbracci, di cammini e di parole dette sotto il cielo infuocato dell\u2019estate romana. Il programma del Giubileo 2025 non sar\u00e0 solo un\u2019agenda, ma una mappa del cuore: ogni appuntamento sar\u00e0 un passo verso qualcosa di pi\u00f9 grande, un sussurro dell\u2019eternit\u00e0.<\/p>\n<h2>Date Giubileo dei Giovani 2025<\/h2>\n<p>Le<strong>\u00a0<\/strong>date giubileo 2025 da state segnate da migliaia di ragazzi e ragazze con l\u2019inchiostro dell\u2019attesa gi\u00e0 da molti mesi.\u00a0<strong>Dal 28 luglio al 3 agosto<\/strong>, sette giorni che si annunciano come una parentesi sospesa nel tempo, in cui Roma parler\u00e0 le lingue del mondo e i suoi vicoli si riempiranno di zaini, chitarre, canti e passi stanchi ma pieni di luce.\u00a0Il Giubileo dei Giovani 2025 \u00e8 stato pensato per i cuori giovani, per chi sogna in grande, per chi cerca qualcosa che valga la pena vivere. In un\u2019estate dove tutto pu\u00f2 sembrare vacanza, la Chiesa propone un\u2019alternativa: una\u00a0<strong>vacanza dell\u2019anima<\/strong>, in cui l\u2019incontro con Dio e con l\u2019altro diventa l\u2019esperienza pi\u00f9 vera.\u00a0E Roma, con le sue<a href=\"https:\/\/www.holyart.it\/blog\/articoli-religiosi\/chiese-giubilari-mete-di-pellegrinaggio-irrinunciabili-durante-il-giubileo\/\">\u00a0<strong>basiliche millenarie<\/strong><\/a>, con le sue pietre che parlano, con le albe sui ponti e le notti profumate di gelsomino, sar\u00e0 la cornice perfetta per questo viaggio spirituale. Ogni giorno un messaggio, un segno, una chiamata.<\/p>\n<div class=\"link-article\">\n<p><img loading=\"lazy\" decoding=\"async\" class=\"size-full wp-image-22125 alignleft\" src=\"https:\/\/blog.holyart.it\/it\/wp-content\/uploads\/sites\/17\/2025\/06\/chiese-giubilari-1.jpg\" alt=\"chiese giubilari\" width=\"150\" height=\"99\" data-kale-share-title=\"Giubileo dei giovani 2025: date e programma completo\" data-kale-share-url=\"https:\/\/blog.holyart.it\/it\/?p=22121\" \/><\/p>\n<div class=\"leggi-anche\">Leggi anche:<\/div>\n<p><strong><a href=\"https:\/\/www.holyart.it\/blog\/articoli-religiosi\/chiese-giubilari-mete-di-pellegrinaggio-irrinunciabili-durante-il-giubileo\/\">Chiese Giubilari, mete di pellegrinaggio irrinunciabili durante il Giubileo<\/a><\/strong><br \/>\nLe Chiese Giubilari sono quelle dotate di una Porta Santa, attraversando&#8230;<\/p>\n<\/div>\n<h2>Giornata Mondiale della Giovent\u00f9<\/h2>\n<p>Il Giubileo dei Giovani non nasce dal nulla: \u00e8 figlio e continuazione della<a href=\"https:\/\/www.holyart.it\/blog\/occasioni-speciali\/gmg-lisbona-2023-papa-francesco-incontra-i-giovani\/\">\u00a0<strong>Giornata Mondiale della Giovent\u00f9<\/strong><\/a>, la celebre\u00a0<strong>GMG<\/strong>\u00a0che da decenni raduna attorno al Papa le nuove generazioni del mondo. \u00c8 il frutto maturo del sogno di Giovanni Paolo II, che vide nella giovent\u00f9 non un problema da gestire, ma una promessa da abbracciare.\u00a0La giornata mondiale dei giovani ha attraversato oceani, sfidato crisi, riunito volti e bandiere, creato legami che hanno superato i confini e le guerre. Oggi, nel cuore del Giubileo 2025, quella stessa energia si rinnova con una luce nuova.<br \/>\nPerch\u00e9 i giovani non sono spettatori della Chiesa:\u00a0<strong>sono la Chiesa viva, in cammino, in fermento<\/strong>. Il Giubileo sar\u00e0 per loro non un evento da seguire, ma un\u2019esperienza da incarnare. Saranno protagonisti, testimoni, portatori sani di speranza. E in un mondo lacerato da incertezze e solitudini, sar\u00e0 la loro voce \u2013 allegra, ribelle, innamorata \u2013 a riaccendere il futuro.<br \/>\nGli appuntamenti Giubileo legati alla GMG 2025 saranno un laboratorio di pace, un laboratorio di bellezza, dove si rifletter\u00e0 insieme sulla giustizia sociale, sull\u2019ecologia integrale, sul dialogo tra culture. Perch\u00e9 la santit\u00e0, oggi, ha il volto della solidariet\u00e0 concreta.<\/p>\n<div class=\"link-article\">\n<p><img loading=\"lazy\" decoding=\"async\" class=\"size-full wp-image-22126 alignleft\" src=\"https:\/\/blog.holyart.it\/it\/wp-content\/uploads\/sites\/17\/2025\/06\/gmg-lisbona-2023.jpg\" alt=\"gmg lisbona 2023\" width=\"150\" height=\"99\" data-kale-share-title=\"Giubileo dei giovani 2025: date e programma completo\" data-kale-share-url=\"https:\/\/blog.holyart.it\/it\/?p=22121\" \/><\/p>\n<div class=\"leggi-anche\">Leggi anche:<\/div>\n<p><strong><a href=\"https:\/\/www.holyart.it\/blog\/occasioni-speciali\/gmg-lisbona-2023-papa-francesco-incontra-i-giovani\/\">GMG Lisbona 2023: Papa Francesco incontra i giovani<\/a><\/strong><br \/>\nDal 1 al 6 agosto 2023 si terr\u00e0 a Lisbona la Giornata Mondiale della Giovent\u00f9. Scopriamo di pi\u00f9&#8230;<\/p>\n<\/div>\n<h2>Programma Giubileo dei Giovani<\/h2>\n<p>Il<strong>\u00a0<\/strong>programma del Giubileo dei Giovani 2025\u00a0sar\u00e0 come un grande cammino a tappe, un pellegrinaggio diffuso nel cuore vivo di Roma, che giorno dopo giorno prender\u00e0 forma nei gesti, nelle parole e negli incontri.<\/p>\n<p>Si comincer\u00e0\u00a0<strong>luned\u00ec 28 luglio<\/strong>, con l\u2019arrivo dei pellegrini. Le stazioni, gli aeroporti, i terminal diventeranno luoghi di saluto, abbracci, attese. La citt\u00e0 inizier\u00e0 a cambiare volto, popolandosi di zaini e di canti, di sorrisi e lingue mescolate.<\/p>\n<p><strong>Marted\u00ec 29<\/strong>, il Giubileo esploder\u00e0 in festa con la\u00a0<strong>Messa di benvenuto in Piazza San Pietro<\/strong>: un momento potente e corale, in cui i cuori dei giovani si uniranno alla voce della Chiesa di Roma per dire:\u00a0<em>\u201cSiamo qui. Siamo pronti.\u201d<\/em><\/p>\n<p><strong>Mercoled\u00ec 30 e gioved\u00ec 31<\/strong>\u00a0saranno due giorni speciali: il\u00a0<strong>\u201cDialogo con la citt\u00e0\u201d<\/strong>, dove i ragazzi si disperderanno nei quartieri, nei musei, nei cortili nascosti, nelle chiese antiche. Roma si aprir\u00e0 come un libro, offrendo le sue pagine pi\u00f9 belle: laboratori artistici, incontri spirituali, iniziative culturali, testimonianze. Ogni angolo della citt\u00e0 diventer\u00e0 un luogo d\u2019ascolto, di confronto, di stupore.<\/p>\n<p><strong>Venerd\u00ec 1\u00b0 agosto<\/strong>, il tempo rallenter\u00e0, si far\u00e0 interiore. Sar\u00e0 il\u00a0<strong>giorno della Penitenziale<\/strong>, con il Circo Massimo trasformato in un grande spazio di misericordia e di perdono. Qui i giovani potranno accostarsi al<a href=\"https:\/\/www.holyart.it\/blog\/articoli-religiosi\/guida-al-sacramento-della-riconciliazione\/\"><strong>\u00a0Sacramento della Riconciliazione<\/strong><\/a>, vivere il silenzio, lasciar parlare il cuore. Sar\u00e0 un giorno per rimettere a posto ci\u00f2 che \u00e8 disordinato dentro, per liberare ci\u00f2 che \u00e8 rimasto in sospeso.<\/p>\n<div class=\"link-article\">\n<p><img loading=\"lazy\" decoding=\"async\" class=\"wp-image-22127 size-full alignleft\" src=\"https:\/\/blog.holyart.it\/it\/wp-content\/uploads\/sites\/17\/2025\/06\/sacramento-della-riconciliazione.jpeg\" alt=\"sacramento della riconciliazione\" width=\"150\" height=\"99\" data-kale-share-title=\"Giubileo dei giovani 2025: date e programma completo\" data-kale-share-url=\"https:\/\/blog.holyart.it\/it\/?p=22121\" \/><\/p>\n<div class=\"leggi-anche\">Leggi anche:<\/div>\n<p><strong><a href=\"https:\/\/www.holyart.it\/blog\/articoli-religiosi\/guida-al-sacramento-della-riconciliazione\/\">Guida al Sacramento della Riconciliazione<\/a><\/strong><br \/>\nEsploriamo insieme il profondo significato e l\u2019importanza del Sacramento della Riconciliazione nella fede cristiana&#8230;<\/p>\n<\/div>\n<p>Poi,\u00a0<strong>sabato 2 agosto<\/strong>\u00a0il popolo giovane si metter\u00e0 in marcia verso\u00a0<strong>Tor Vergata<\/strong>, luogo simbolico dove il tempo sembrer\u00e0 fermarsi. Qui, sotto le stelle, si terr\u00e0 la\u00a0<strong>Veglia con il Santo Padre<\/strong>, un momento intimo e immenso insieme. I ragazzi resteranno a dormire all\u2019aperto, come pellegrini veri, vegliando insieme nella notte che prepara il giorno.<\/p>\n<p><strong>Domenica 3 agosto<\/strong>, il culmine. L\u2019incontro con il Papa e la Messa conclusiva. Un\u2019epifania di giovinezza riunita sotto un unico cielo, occhi lucidi, mani sollevate, cuori spalancati. L\u2019\u201cAmen\u201d pi\u00f9 forte mai pronunciato dalla giovent\u00f9 del mondo. Una celebrazione che porter\u00e0 dentro tutte le voci, le lacrime, le danze e le promesse di quei giorni.<\/p>\n<p>Poi, lentamente, comincer\u00e0 il ritorno. Ma non sar\u00e0 un addio: sar\u00e0 un\u00a0<em>mandato<\/em>. Un<em>\u00a0\u201cora vai\u201d<\/em>\u00a0sussurrato con forza. Perch\u00e9 chi ha vissuto questo Giubileo, non torna mai davvero come prima.<\/p>\n<p>L\u2019arte sar\u00e0 ovunque:\u00a0<strong>spettacoli, mostre, testimonianze<\/strong>, perch\u00e9 la bellezza \u00e8 uno dei nomi di Dio e parla anche a chi non ha ancora imparato il linguaggio della fede.\u00a0Ci sar\u00e0 spazio per\u00a0<strong>il servizio<\/strong>, concreto e silenzioso, tra i poveri, nelle parrocchie, nei centri d\u2019ascolto. Perch\u00e9 la speranza che non si fa gesto resta solo parola.<br \/>\nE ancora,\u00a0<strong>incontri tra movimenti ecclesiali<\/strong>, tra realt\u00e0 diocesane, tra carismi diversi che, uniti, formeranno un mosaico di fede viva e operante.<br \/>\nNel cuore pulsante di questo evento,\u00a0<strong>il dialogo interreligioso<\/strong>: uno spazio dove imparare ad ascoltare, a conoscere, a tendere la mano. Perch\u00e9 il futuro non si costruisce con muri, ma con ponti.<\/p>\n<div class=\"sp-styles-warning\" style=\"width: 450px; background-color: #FFF; color: #F00; border: 1px solid #F00; padding: 10px; font-size: 14px;\">\n\t\t\t<span style=\"font-weight: bold;\">Warning: The stylesheets were not loaded!<\/span> \n\t\t\tYou will need to change the <i>Load stylesheets<\/i> setting from <i>Automatically<\/i> to <i>On homepage<\/i> or <i>On all pages<\/i>. \n\t\t\tYou can set that <a style=\"text-decoration: underline; color: #F00;\" href=\"https:\/\/blog.holyart.it\/it\/wp-admin\/admin.php?page=sliderpro-settings\">here<\/a>.\n\t\t\t<\/div>\r\n<div id=\"slider-pro-230\" class=\"slider-pro sp-no-js\" style=\"width: 500px; height: 500px;\">\r\n\t<div class=\"sp-slides\">\r\n\t\t\r\n\t\t<div class=\"sp-slide\">\r\n\t\t\t<img loading=\"lazy\" decoding=\"async\" class=\"sp-image\" src=\"https:\/\/blog.holyart.it\/it\/wp-content\/uploads\/sites\/17\/2025\/06\/luce-mascotte-ufficiale-del-giubileo-2025-peluche-25-cm-tokidoki.jpg\" alt=\"luce mascotte ufficiale del giubileo 2025 peluche 25 cm tokidoki\" width=\"500\" height=\"500\" \/>\r\n\t\t\t<div class=\"sp-thumbnail\"><a class=\"\" href=\"https:\/\/www.holyart.it\/it\/giubileo-2025-pellegrini-di-speranza\/luce-mascotte-ufficiale-del-giubileo-2025\/luce-mascotte-ufficiale-del-giubileo-2025-peluche-25-cm-tokidoki\">\r\n\t\t\t\t<img decoding=\"async\" src=\"https:\/\/blog.holyart.it\/it\/wp-content\/uploads\/sites\/17\/2025\/06\/luce-mascotte-ufficiale-del-giubileo-2025-peluche-25-cm-tokidoki-1.jpg\" alt=\"luce mascotte ufficiale del giubileo 2025 peluche 25 cm tokidoki\" \/>\r\n\t\t\t<\/a>\r\n\t\t\t<\/div>\r\n\t\t\t<div class=\"sp-caption\">Luce Mascotte UFFICIALE del Giubileo 2025 - Peluche Tokidoki<br \/>\nScopri Luce, la mascotte UFFICIALE del Giubileo 2025 Pellegrini di Speranza.<br \/><strong><a href=\"https:\/\/www.holyart.it\/it\/giubileo-2025-pellegrini-di-speranza\/luce-mascotte-ufficiale-del-giubileo-2025\/luce-mascotte-ufficiale-del-giubileo-2025-peluche-25-cm-tokidoki\">Acquista su Holyart<\/a><\/strong><\/div>\r\n\t\t<\/div>\r\n\t\t<div class=\"sp-slide\">\r\n\t\t\t<img loading=\"lazy\" decoding=\"async\" class=\"sp-image\" src=\"https:\/\/blog.holyart.it\/it\/wp-content\/uploads\/sites\/17\/2025\/06\/maglietta-mascotte-ufficiale-giubileo-2025-nera-luce-and-friends.jpg\" alt=\"maglietta mascotte ufficiale giubileo 2025 nera luce and friends\" width=\"500\" height=\"500\" \/>\r\n\t\t\t<div class=\"sp-thumbnail\"><a class=\"\" href=\"https:\/\/www.holyart.it\/it\/giubileo-2025-pellegrini-di-speranza\/luce-mascotte-ufficiale-del-giubileo-2025\/maglietta-mascotte-ufficiale-giubileo-2025-nera-luce-and-friends\">\r\n\t\t\t\t<img decoding=\"async\" src=\"https:\/\/blog.holyart.it\/it\/wp-content\/uploads\/sites\/17\/2025\/06\/maglietta-mascotte-ufficiale-giubileo-2025-nera-luce-and-friends-1.jpg\" alt=\"maglietta mascotte ufficiale giubileo 2025 nera luce and friends\" \/>\r\n\t\t\t<\/a>\r\n\t\t\t<\/div>\r\n\t\t\t<div class=\"sp-caption\">Maglietta mascotte ufficiale Giubileo 2025 nera Luce and friends.<br \/>\nQuesta maglietta \u00e8 stata realizzata in morbido cotone, decorata con stampe dedicate alla mascotte ufficiale, Luce.<br \/><strong><a href=\"https:\/\/www.holyart.it\/it\/giubileo-2025-pellegrini-di-speranza\/luce-mascotte-ufficiale-del-giubileo-2025\/maglietta-mascotte-ufficiale-giubileo-2025-nera-luce-and-friends\">Acquista su Holyart<\/a><\/strong><\/div>\r\n\t\t<\/div>\r\n\t\t<div class=\"sp-slide\">\r\n\t\t\t<img loading=\"lazy\" decoding=\"async\" class=\"sp-image\" src=\"https:\/\/blog.holyart.it\/it\/wp-content\/uploads\/sites\/17\/2025\/06\/zaino-del-pellegrino-kit-completo-giubileo-2025.jpg\" alt=\"zaino del pellegrino kit completo giubileo 2025\" width=\"500\" height=\"500\" \/>\r\n\t\t\t<div class=\"sp-thumbnail\"><a class=\"\" href=\"https:\/\/www.holyart.it\/it\/giubileo-2025-pellegrini-di-speranza\/kit-del-pellegrino-giubileo-2025\/zaino-del-pellegrino-kit-completo-giubileo-2025\">\r\n\t\t\t\t<img decoding=\"async\" src=\"https:\/\/blog.holyart.it\/it\/wp-content\/uploads\/sites\/17\/2025\/06\/zaino-del-pellegrino-kit-completo-giubileo-2025-1.jpg\" alt=\"zaino del pellegrino kit completo giubileo 2025\" \/>\r\n\t\t\t<\/a>\r\n\t\t\t<\/div>\r\n\t\t\t<div class=\"sp-caption\">Zaino del pellegrino kit completo Giubileo 2025 Pellegrini di Speranza ecocompatibile e impermeabile.<br \/><strong><a href=\"https:\/\/www.holyart.it\/it\/giubileo-2025-pellegrini-di-speranza\/kit-del-pellegrino-giubileo-2025\/zaino-del-pellegrino-kit-completo-giubileo-2025\">Acquista su Holyart<\/a><\/strong><\/div>\r\n\t\t<\/div>\r\n\t\t<div class=\"sp-slide\">\r\n\t\t\t<img loading=\"lazy\" decoding=\"async\" class=\"sp-image\" src=\"https:\/\/blog.holyart.it\/it\/wp-content\/uploads\/sites\/17\/2025\/06\/kit-giubileo-2025-sacca-e-accessori-per-pellegrini.jpg\" alt=\"kit giubileo 2025 sacca e accessori per pellegrini\" width=\"500\" height=\"500\" \/>\r\n\t\t\t<div class=\"sp-thumbnail\"><a class=\"\" href=\"https:\/\/www.holyart.it\/it\/giubileo-2025-pellegrini-di-speranza\/kit-del-pellegrino-giubileo-2025\/kit-giubileo-2025-sacca-e-accessori-per-pellegrini\">\r\n\t\t\t\t<img decoding=\"async\" src=\"https:\/\/blog.holyart.it\/it\/wp-content\/uploads\/sites\/17\/2025\/06\/kit-giubileo-2025-sacca-e-accessori-per-pellegrini-e1749716379594.jpg\" alt=\"kit giubileo 2025 sacca e accessori per pellegrini\" \/>\r\n\t\t\t<\/a>\r\n\t\t\t<\/div>\r\n\t\t\t<div class=\"sp-caption\">Kit di zaino a sacchetto ed accessori, ideale per accompagnare i pellegrini durante il Giubileo 2025.<br \/><strong><a href=\"https:\/\/www.holyart.it\/it\/giubileo-2025-pellegrini-di-speranza\/kit-del-pellegrino-giubileo-2025\/kit-giubileo-2025-sacca-e-accessori-per-pellegrini\">Acquista su Holyart<\/a><\/strong><\/div>\r\n\t\t<\/div>\r\n\t\t<div class=\"sp-slide\">\r\n\t\t\t<img loading=\"lazy\" decoding=\"async\" class=\"sp-image\" src=\"https:\/\/blog.holyart.it\/it\/wp-content\/uploads\/sites\/17\/2025\/06\/bracciale-giubileo-2025-elasticizzato-perline-ceramica.jpg\" alt=\"bracciale giubileo 2025 elasticizzato perline ceramica\" width=\"500\" height=\"500\" \/>\r\n\t\t\t<div class=\"sp-thumbnail\"><a class=\"\" href=\"https:\/\/www.holyart.it\/it\/giubileo-2025-pellegrini-di-speranza\/gadget-e-souvenir-giubileo-2025\/bracciale-giubileo-2025-elasticizzato-perline-ceramica\">\r\n\t\t\t\t<img decoding=\"async\" src=\"https:\/\/blog.holyart.it\/it\/wp-content\/uploads\/sites\/17\/2025\/06\/bracciale-giubileo-2025-elasticizzato-perline-ceramica-1.jpg\" alt=\"bracciale giubileo 2025 elasticizzato perline ceramica\" \/>\r\n\t\t\t<\/a>\r\n\t\t\t<\/div>\r\n\t\t\t<div class=\"sp-caption\">Giubileo 2025 bracciale elasticizzato.<br \/>\nCreato con pietre in ceramica dai colori vivaci che riflettono il logo ufficiale dell'evento, questo accessorio \u00e8 sia elegante che simbolico.<br \/><strong><a href=\"https:\/\/www.holyart.it\/it\/giubileo-2025-pellegrini-di-speranza\/gadget-e-souvenir-giubileo-2025\/bracciale-giubileo-2025-elasticizzato-perline-ceramica\">Acquista su Holyart<\/a><\/strong><\/div>\r\n\t\t<\/div>\r\n\t<\/div>\r\n<\/div>\n","protected":false},"excerpt":{"rendered":"<p>Giubileo dei Giovani 2025: una settimana dedicata ai Pellegrini di Speranza che cambieranno il Mondo Mentre l&#8217;estate imperversa, rendendo le nostre giornate sempre pi\u00f9 roventi, Roma si prepara ad accogliere il cuore vibrante della giovent\u00f9 mondiale. Dal\u00a028 luglio al 3 agosto 2025,\u00a0Roma\u00a0aprir\u00e0 le sue braccia&hellip;<\/p>\n","protected":false},"author":1,"featured_media":22140,"comment_status":"closed","ping_status":"open","sticky":false,"template":"","format":"standard","meta":{"_acf_changed":false,"footnotes":""},"categories":[25],"tags":[],"class_list":["post-22121","post","type-post","status-publish","format-standard","has-post-thumbnail","hentry","category-giubileo-2025"],"acf":[],"yoast_head":"<!-- This site is optimized with the Yoast SEO plugin v26.6 - https:\/\/yoast.com\/wordpress\/plugins\/seo\/ -->\n<title>Giubileo dei giovani 2025: date e programma completo - Holyblog<\/title>\n<meta name=\"description\" content=\"In occasione del Giubileo dei Giovani 2025 Roma accoglier\u00e0 migliaia di ragazzi, pellegrini di speranza ansiosi di costruire un mondo nuovo\" \/>\n<meta name=\"robots\" content=\"index, follow, max-snippet:-1, max-image-preview:large, max-video-preview:-1\" \/>\n<link rel=\"canonical\" href=\"https:\/\/blog.holyart.it\/it\/giubileo-2025\/giubileo-dei-giovani-2025-date-e-programma-completo\/\" \/>\n<meta property=\"og:locale\" content=\"it_IT\" \/>\n<meta property=\"og:type\" content=\"article\" \/>\n<meta property=\"og:title\" content=\"Giubileo dei giovani 2025: date e programma completo - Holyblog\" \/>\n<meta property=\"og:description\" content=\"In occasione del Giubileo dei Giovani 2025 Roma accoglier\u00e0 migliaia di ragazzi, pellegrini di speranza ansiosi di costruire un mondo nuovo\" \/>\n<meta property=\"og:url\" content=\"https:\/\/blog.holyart.it\/it\/giubileo-2025\/giubileo-dei-giovani-2025-date-e-programma-completo\/\" \/>\n<meta property=\"og:site_name\" content=\"Holyblog\" \/>\n<meta property=\"article:published_time\" content=\"2025-06-16T08:00:50+00:00\" \/>\n<meta property=\"article:modified_time\" content=\"2025-06-26T10:17:43+00:00\" \/>\n<meta property=\"og:image\" content=\"https:\/\/blog.holyart.it\/it\/wp-content\/uploads\/sites\/17\/2025\/06\/giubileo-dei-giovani.jpg\" \/>\n\t<meta property=\"og:image:width\" content=\"1000\" \/>\n\t<meta property=\"og:image:height\" content=\"666\" \/>\n\t<meta property=\"og:image:type\" content=\"image\/jpeg\" \/>\n<meta name=\"author\" content=\"Redazione\" \/>\n<meta name=\"twitter:card\" content=\"summary_large_image\" \/>\n<meta name=\"twitter:label1\" content=\"Scritto da\" \/>\n\t<meta name=\"twitter:data1\" content=\"Redazione\" \/>\n\t<meta name=\"twitter:label2\" content=\"Tempo di lettura stimato\" \/>\n\t<meta name=\"twitter:data2\" content=\"9 minuti\" \/>\n<script type=\"application\/ld+json\" class=\"yoast-schema-graph\">{\"@context\":\"https:\/\/schema.org\",\"@graph\":[{\"@type\":\"Article\",\"@id\":\"https:\/\/blog.holyart.it\/it\/giubileo-2025\/giubileo-dei-giovani-2025-date-e-programma-completo\/#article\",\"isPartOf\":{\"@id\":\"https:\/\/blog.holyart.it\/it\/giubileo-2025\/giubileo-dei-giovani-2025-date-e-programma-completo\/\"},\"author\":{\"name\":\"Redazione\",\"@id\":\"https:\/\/blog.holyart.it\/it\/#\/schema\/person\/0a7b686e5af0f856ec1e390dd0baecda\"},\"headline\":\"Giubileo dei giovani 2025: date e programma completo\",\"datePublished\":\"2025-06-16T08:00:50+00:00\",\"dateModified\":\"2025-06-26T10:17:43+00:00\",\"mainEntityOfPage\":{\"@id\":\"https:\/\/blog.holyart.it\/it\/giubileo-2025\/giubileo-dei-giovani-2025-date-e-programma-completo\/\"},\"wordCount\":1429,\"publisher\":{\"@id\":\"https:\/\/blog.holyart.it\/it\/#organization\"},\"image\":{\"@id\":\"https:\/\/blog.holyart.it\/it\/giubileo-2025\/giubileo-dei-giovani-2025-date-e-programma-completo\/#primaryimage\"},\"thumbnailUrl\":\"https:\/\/blog.holyart.it\/it\/wp-content\/uploads\/sites\/17\/2025\/06\/giubileo-dei-giovani.jpg\",\"articleSection\":[\"Giubileo 2025\"],\"inLanguage\":\"it-IT\"},{\"@type\":\"WebPage\",\"@id\":\"https:\/\/blog.holyart.it\/it\/giubileo-2025\/giubileo-dei-giovani-2025-date-e-programma-completo\/\",\"url\":\"https:\/\/blog.holyart.it\/it\/giubileo-2025\/giubileo-dei-giovani-2025-date-e-programma-completo\/\",\"name\":\"Giubileo dei giovani 2025: date e programma completo - Holyblog\",\"isPartOf\":{\"@id\":\"https:\/\/blog.holyart.it\/it\/#website\"},\"primaryImageOfPage\":{\"@id\":\"https:\/\/blog.holyart.it\/it\/giubileo-2025\/giubileo-dei-giovani-2025-date-e-programma-completo\/#primaryimage\"},\"image\":{\"@id\":\"https:\/\/blog.holyart.it\/it\/giubileo-2025\/giubileo-dei-giovani-2025-date-e-programma-completo\/#primaryimage\"},\"thumbnailUrl\":\"https:\/\/blog.holyart.it\/it\/wp-content\/uploads\/sites\/17\/2025\/06\/giubileo-dei-giovani.jpg\",\"datePublished\":\"2025-06-16T08:00:50+00:00\",\"dateModified\":\"2025-06-26T10:17:43+00:00\",\"description\":\"In occasione del Giubileo dei Giovani 2025 Roma accoglier\u00e0 migliaia di ragazzi, pellegrini di speranza ansiosi di costruire un mondo nuovo\",\"breadcrumb\":{\"@id\":\"https:\/\/blog.holyart.it\/it\/giubileo-2025\/giubileo-dei-giovani-2025-date-e-programma-completo\/#breadcrumb\"},\"inLanguage\":\"it-IT\",\"potentialAction\":[{\"@type\":\"ReadAction\",\"target\":[\"https:\/\/blog.holyart.it\/it\/giubileo-2025\/giubileo-dei-giovani-2025-date-e-programma-completo\/\"]}]},{\"@type\":\"ImageObject\",\"inLanguage\":\"it-IT\",\"@id\":\"https:\/\/blog.holyart.it\/it\/giubileo-2025\/giubileo-dei-giovani-2025-date-e-programma-completo\/#primaryimage\",\"url\":\"https:\/\/blog.holyart.it\/it\/wp-content\/uploads\/sites\/17\/2025\/06\/giubileo-dei-giovani.jpg\",\"contentUrl\":\"https:\/\/blog.holyart.it\/it\/wp-content\/uploads\/sites\/17\/2025\/06\/giubileo-dei-giovani.jpg\",\"width\":1000,\"height\":666,\"caption\":\"giubileo dei giovani\"},{\"@type\":\"BreadcrumbList\",\"@id\":\"https:\/\/blog.holyart.it\/it\/giubileo-2025\/giubileo-dei-giovani-2025-date-e-programma-completo\/#breadcrumb\",\"itemListElement\":[{\"@type\":\"ListItem\",\"position\":1,\"name\":\"Homepage\",\"item\":\"https:\/\/blog.holyart.it\/it\/\"},{\"@type\":\"ListItem\",\"position\":2,\"name\":\"Giubileo 2025\",\"item\":\"https:\/\/blog.holyart.it\/it\/giubileo-2025\/\"},{\"@type\":\"ListItem\",\"position\":3,\"name\":\"Giubileo dei giovani 2025: date e programma completo\"}]},{\"@type\":\"WebSite\",\"@id\":\"https:\/\/blog.holyart.it\/it\/#website\",\"url\":\"https:\/\/blog.holyart.it\/it\/\",\"name\":\"Holyblog\",\"description\":\"Il Blog di Holyart.it\",\"publisher\":{\"@id\":\"https:\/\/blog.holyart.it\/it\/#organization\"},\"potentialAction\":[{\"@type\":\"SearchAction\",\"target\":{\"@type\":\"EntryPoint\",\"urlTemplate\":\"https:\/\/blog.holyart.it\/it\/?s={search_term_string}\"},\"query-input\":{\"@type\":\"PropertyValueSpecification\",\"valueRequired\":true,\"valueName\":\"search_term_string\"}}],\"inLanguage\":\"it-IT\"},{\"@type\":\"Organization\",\"@id\":\"https:\/\/blog.holyart.it\/it\/#organization\",\"name\":\"Holyblog\",\"url\":\"https:\/\/blog.holyart.it\/it\/\",\"logo\":{\"@type\":\"ImageObject\",\"inLanguage\":\"it-IT\",\"@id\":\"https:\/\/blog.holyart.it\/it\/#\/schema\/logo\/image\/\",\"url\":\"https:\/\/blog.holyart.it\/it\/wp-content\/uploads\/sites\/17\/2022\/12\/Holyart_Blog_Logo.jpg\",\"contentUrl\":\"https:\/\/blog.holyart.it\/it\/wp-content\/uploads\/sites\/17\/2022\/12\/Holyart_Blog_Logo.jpg\",\"width\":300,\"height\":50,\"caption\":\"Holyblog\"},\"image\":{\"@id\":\"https:\/\/blog.holyart.it\/it\/#\/schema\/logo\/image\/\"}},{\"@type\":\"Person\",\"@id\":\"https:\/\/blog.holyart.it\/it\/#\/schema\/person\/0a7b686e5af0f856ec1e390dd0baecda\",\"name\":\"Redazione\"}]}<\/script>\n<!-- \/ Yoast SEO plugin. -->","yoast_head_json":{"title":"Giubileo dei giovani 2025: date e programma completo - Holyblog","description":"In occasione del Giubileo dei Giovani 2025 Roma accoglier\u00e0 migliaia di ragazzi, pellegrini di speranza ansiosi di costruire un mondo nuovo","robots":{"index":"index","follow":"follow","max-snippet":"max-snippet:-1","max-image-preview":"max-image-preview:large","max-video-preview":"max-video-preview:-1"},"canonical":"https:\/\/blog.holyart.it\/it\/giubileo-2025\/giubileo-dei-giovani-2025-date-e-programma-completo\/","og_locale":"it_IT","og_type":"article","og_title":"Giubileo dei giovani 2025: date e programma completo - Holyblog","og_description":"In occasione del Giubileo dei Giovani 2025 Roma accoglier\u00e0 migliaia di ragazzi, pellegrini di speranza ansiosi di costruire un mondo nuovo","og_url":"https:\/\/blog.holyart.it\/it\/giubileo-2025\/giubileo-dei-giovani-2025-date-e-programma-completo\/","og_site_name":"Holyblog","article_published_time":"2025-06-16T08:00:50+00:00","article_modified_time":"2025-06-26T10:17:43+00:00","og_image":[{"width":1000,"height":666,"url":"https:\/\/blog.holyart.it\/it\/wp-content\/uploads\/sites\/17\/2025\/06\/giubileo-dei-giovani.jpg","type":"image\/jpeg"}],"author":"Redazione","twitter_card":"summary_large_image","twitter_misc":{"Scritto da":"Redazione","Tempo di lettura stimato":"9 minuti"},"schema":{"@context":"https:\/\/schema.org","@graph":[{"@type":"Article","@id":"https:\/\/blog.holyart.it\/it\/giubileo-2025\/giubileo-dei-giovani-2025-date-e-programma-completo\/#article","isPartOf":{"@id":"https:\/\/blog.holyart.it\/it\/giubileo-2025\/giubileo-dei-giovani-2025-date-e-programma-completo\/"},"author":{"name":"Redazione","@id":"https:\/\/blog.holyart.it\/it\/#\/schema\/person\/0a7b686e5af0f856ec1e390dd0baecda"},"headline":"Giubileo dei giovani 2025: date e programma completo","datePublished":"2025-06-16T08:00:50+00:00","dateModified":"2025-06-26T10:17:43+00:00","mainEntityOfPage":{"@id":"https:\/\/blog.holyart.it\/it\/giubileo-2025\/giubileo-dei-giovani-2025-date-e-programma-completo\/"},"wordCount":1429,"publisher":{"@id":"https:\/\/blog.holyart.it\/it\/#organization"},"image":{"@id":"https:\/\/blog.holyart.it\/it\/giubileo-2025\/giubileo-dei-giovani-2025-date-e-programma-completo\/#primaryimage"},"thumbnailUrl":"https:\/\/blog.holyart.it\/it\/wp-content\/uploads\/sites\/17\/2025\/06\/giubileo-dei-giovani.jpg","articleSection":["Giubileo 2025"],"inLanguage":"it-IT"},{"@type":"WebPage","@id":"https:\/\/blog.holyart.it\/it\/giubileo-2025\/giubileo-dei-giovani-2025-date-e-programma-completo\/","url":"https:\/\/blog.holyart.it\/it\/giubileo-2025\/giubileo-dei-giovani-2025-date-e-programma-completo\/","name":"Giubileo dei giovani 2025: date e programma completo - Holyblog","isPartOf":{"@id":"https:\/\/blog.holyart.it\/it\/#website"},"primaryImageOfPage":{"@id":"https:\/\/blog.holyart.it\/it\/giubileo-2025\/giubileo-dei-giovani-2025-date-e-programma-completo\/#primaryimage"},"image":{"@id":"https:\/\/blog.holyart.it\/it\/giubileo-2025\/giubileo-dei-giovani-2025-date-e-programma-completo\/#primaryimage"},"thumbnailUrl":"https:\/\/blog.holyart.it\/it\/wp-content\/uploads\/sites\/17\/2025\/06\/giubileo-dei-giovani.jpg","datePublished":"2025-06-16T08:00:50+00:00","dateModified":"2025-06-26T10:17:43+00:00","description":"In occasione del Giubileo dei Giovani 2025 Roma accoglier\u00e0 migliaia di ragazzi, pellegrini di speranza ansiosi di costruire un mondo nuovo","breadcrumb":{"@id":"https:\/\/blog.holyart.it\/it\/giubileo-2025\/giubileo-dei-giovani-2025-date-e-programma-completo\/#breadcrumb"},"inLanguage":"it-IT","potentialAction":[{"@type":"ReadAction","target":["https:\/\/blog.holyart.it\/it\/giubileo-2025\/giubileo-dei-giovani-2025-date-e-programma-completo\/"]}]},{"@type":"ImageObject","inLanguage":"it-IT","@id":"https:\/\/blog.holyart.it\/it\/giubileo-2025\/giubileo-dei-giovani-2025-date-e-programma-completo\/#primaryimage","url":"https:\/\/blog.holyart.it\/it\/wp-content\/uploads\/sites\/17\/2025\/06\/giubileo-dei-giovani.jpg","contentUrl":"https:\/\/blog.holyart.it\/it\/wp-content\/uploads\/sites\/17\/2025\/06\/giubileo-dei-giovani.jpg","width":1000,"height":666,"caption":"giubileo dei giovani"},{"@type":"BreadcrumbList","@id":"https:\/\/blog.holyart.it\/it\/giubileo-2025\/giubileo-dei-giovani-2025-date-e-programma-completo\/#breadcrumb","itemListElement":[{"@type":"ListItem","position":1,"name":"Homepage","item":"https:\/\/blog.holyart.it\/it\/"},{"@type":"ListItem","position":2,"name":"Giubileo 2025","item":"https:\/\/blog.holyart.it\/it\/giubileo-2025\/"},{"@type":"ListItem","position":3,"name":"Giubileo dei giovani 2025: date e programma completo"}]},{"@type":"WebSite","@id":"https:\/\/blog.holyart.it\/it\/#website","url":"https:\/\/blog.holyart.it\/it\/","name":"Holyblog","description":"Il Blog di Holyart.it","publisher":{"@id":"https:\/\/blog.holyart.it\/it\/#organization"},"potentialAction":[{"@type":"SearchAction","target":{"@type":"EntryPoint","urlTemplate":"https:\/\/blog.holyart.it\/it\/?s={search_term_string}"},"query-input":{"@type":"PropertyValueSpecification","valueRequired":true,"valueName":"search_term_string"}}],"inLanguage":"it-IT"},{"@type":"Organization","@id":"https:\/\/blog.holyart.it\/it\/#organization","name":"Holyblog","url":"https:\/\/blog.holyart.it\/it\/","logo":{"@type":"ImageObject","inLanguage":"it-IT","@id":"https:\/\/blog.holyart.it\/it\/#\/schema\/logo\/image\/","url":"https:\/\/blog.holyart.it\/it\/wp-content\/uploads\/sites\/17\/2022\/12\/Holyart_Blog_Logo.jpg","contentUrl":"https:\/\/blog.holyart.it\/it\/wp-content\/uploads\/sites\/17\/2022\/12\/Holyart_Blog_Logo.jpg","width":300,"height":50,"caption":"Holyblog"},"image":{"@id":"https:\/\/blog.holyart.it\/it\/#\/schema\/logo\/image\/"}},{"@type":"Person","@id":"https:\/\/blog.holyart.it\/it\/#\/schema\/person\/0a7b686e5af0f856ec1e390dd0baecda","name":"Redazione"}]}},"_links":{"self":[{"href":"https:\/\/blog.holyart.it\/it\/wp-json\/wp\/v2\/posts\/22121","targetHints":{"allow":["GET"]}}],"collection":[{"href":"https:\/\/blog.holyart.it\/it\/wp-json\/wp\/v2\/posts"}],"about":[{"href":"https:\/\/blog.holyart.it\/it\/wp-json\/wp\/v2\/types\/post"}],"author":[{"embeddable":true,"href":"https:\/\/blog.holyart.it\/it\/wp-json\/wp\/v2\/users\/1"}],"replies":[{"embeddable":true,"href":"https:\/\/blog.holyart.it\/it\/wp-json\/wp\/v2\/comments?post=22121"}],"version-history":[{"count":4,"href":"https:\/\/blog.holyart.it\/it\/wp-json\/wp\/v2\/posts\/22121\/revisions"}],"predecessor-version":[{"id":22141,"href":"https:\/\/blog.holyart.it\/it\/wp-json\/wp\/v2\/posts\/22121\/revisions\/22141"}],"wp:featuredmedia":[{"embeddable":true,"href":"https:\/\/blog.holyart.it\/it\/wp-json\/wp\/v2\/media\/22140"}],"wp:attachment":[{"href":"https:\/\/blog.holyart.it\/it\/wp-json\/wp\/v2\/media?parent=22121"}],"wp:term":[{"taxonomy":"category","embeddable":true,"href":"https:\/\/blog.holyart.it\/it\/wp-json\/wp\/v2\/categories?post=22121"},{"taxonomy":"post_tag","embeddable":true,"href":"https:\/\/blog.holyart.it\/it\/wp-json\/wp\/v2\/tags?post=22121"}],"curies":[{"name":"wp","href":"https:\/\/api.w.org\/{rel}","templated":true}]}}