{"id":22072,"date":"2025-07-07T10:00:04","date_gmt":"2025-07-07T08:00:04","guid":{"rendered":"https:\/\/blog.holyart.it\/it\/?p=22072"},"modified":"2025-06-11T10:28:42","modified_gmt":"2025-06-11T08:28:42","slug":"preghiera-a-padre-pio-contro-la-guerra","status":"publish","type":"post","link":"https:\/\/blog.holyart.it\/it\/santi-e-beati\/preghiera-a-padre-pio-contro-la-guerra\/","title":{"rendered":"Preghiera a Padre Pio contro la guerra"},"content":{"rendered":"<h4>La preghiera a Padre Pio contro la guerra ci ricorda l&#8217;importanza di assumere un ruolo attivo nella costruzione della pace per tutti gli uomini<\/h4>\n<p>In un&#8217;epoca segnata da conflitti e tensioni internazionali, la preghiera a\u00a0<a href=\"https:\/\/www.holyart.it\/blog\/santi-e-beati\/padre-pio-lordine-dei-frati-minori-cappuccini\/\"><strong>Padre Pio<\/strong><\/a>\u00a0contro la guerra assume un significato ancora pi\u00f9 profondo e urgente, un appello che non pu\u00f2 rimanere inascoltato. La figura di Padre Pio, noto tra le altre cose per il suo profondo impegno nella promozione della pace e dell&#8217;amore, si ripropone con grande attualit\u00e0. Il Santo di Pietrelcina, che ha vissuto personalmente gli orrori della Prima e della Seconda Guerra Mondiale, ha sempre mostrato una profonda sensibilit\u00e0 verso le<strong>\u00a0sofferenze causate dai conflitti armati<\/strong>, nei confronti dei quali si poneva in modo profondamente contrario. Per lui, che affermava che\u00a0<em>&#8220;la pace \u00e8 la semplicit\u00e0 dello spirito&#8221;<\/em>, e che la pace interiore pu\u00f2 essere mantenuta anche in mezzo alle tempeste della vita, era un imperativo categorico promuovere l&#8217;armonia tra gli uomini e l&#8217;intercessione divina per fermare la violenza. Padre Pio esortava i suoi devoti a\u00a0<strong>pregare per la pace nel mondo<\/strong>\u00a0e a vivere secondo i principi dell&#8217;amore cristiano. La sua visione della pace non era solo assenza di guerra, ma anche\u00a0<strong>armonia interiore e spirituale<\/strong>. Attraverso le sue opere di carit\u00e0 e il suo esempio di vita, cercava di\u00a0<strong>alleviare le sofferenze causate dai conflitti<\/strong>. Sebbene non fosse direttamente coinvolto in decisioni politiche o militari,<strong>\u00a0condannava ogni forma di violenza<\/strong>. Il suo approccio era quello della\u00a0<strong>preghiera costante e dell&#8217;affidamento a Dio per fermare le guerre e portare sollievo alle vittime<\/strong>. Durante la sua vita ha vissuto momenti storici terribili, segnati da guerre e orrori, e il suo atteggiamento ha sempre riflettuto una forte spiritualit\u00e0 orientata alla\u00a0<strong>riconciliazione e alla protezione delle vite umane<\/strong>. La sua eredit\u00e0 spirituale \u00e8 strettamente connessa al desiderio e alla necessit\u00e0 di creare spazi in cui le persone possano trovare sollievo e conforto attraverso l&#8217;amore e il sostegno reciproco.<\/p>\n<div class=\"link-article\">\n<p><img loading=\"lazy\" decoding=\"async\" class=\"size-full wp-image-22074 alignleft\" src=\"https:\/\/blog.holyart.it\/it\/wp-content\/uploads\/sites\/17\/2025\/06\/padre-pio-1.jpg\" alt=\"padre pio\" width=\"150\" height=\"99\" data-kale-share-title=\"Preghiera a Padre Pio contro la guerra\" data-kale-share-url=\"https:\/\/blog.holyart.it\/it\/?p=22072\" \/><\/p>\n<div class=\"leggi-anche\">Leggi anche:<\/div>\n<p><strong><a href=\"https:\/\/www.holyart.it\/blog\/santi-e-beati\/padre-pio-lordine-dei-frati-minori-cappuccini\/\">Padre Pio e l\u2019ordine dei Frati Minori Cappuccini<\/a><\/strong><br \/>\nPadre Pio dimostr\u00f2 fin da giovane il desiderio di abbracciare la vita religiosa: entr\u00f2 in convento a quattordici&#8230;<\/p>\n<\/div>\n<p>La preghiera a Padre Pio contro la guerra rappresenta un potente strumento spirituale per chi, come lui, crede nella pace. Il testo della preghiera riflette la compassione e l&#8217;empatia che hanno caratterizzato la sua vita terrena, e la sua intercessione viene invocata per placare i conflitti e promuovere la riconciliazione tra i popoli.<br \/>\nQuesta preghiera assume un significato particolare quando consideriamo la vita di Padre Pio. Durante la Prima Guerra Mondiale, pur essendo stato arruolato nell&#8217;esercito italiano, dovette congedarsi per motivi di salute. Questa esperienza personale rafforz\u00f2 la sua gi\u00e0 intensa vita di preghiera per la pace. Successivamente, durante la Seconda Guerra Mondiale, il convento di\u00a0<strong><a href=\"https:\/\/www.holyart.it\/blog\/santi-e-beati\/santuario-padre-pio-san-giovanni-rotondo\/\">San Giovanni Rotondo<\/a><\/strong> divenne un rifugio spirituale per molti fedeli che cercavano conforto e speranza.<\/p>\n<div class=\"link-article\">\n<p><img loading=\"lazy\" decoding=\"async\" class=\"size-full wp-image-22075 alignleft\" src=\"https:\/\/blog.holyart.it\/it\/wp-content\/uploads\/sites\/17\/2025\/06\/santuario-di-padre-pio.jpg\" alt=\"santuario di padre pio\" width=\"150\" height=\"99\" data-kale-share-title=\"Preghiera a Padre Pio contro la guerra\" data-kale-share-url=\"https:\/\/blog.holyart.it\/it\/?p=22072\" \/><\/p>\n<div class=\"leggi-anche\">Leggi anche:<\/div>\n<p><strong><a href=\"https:\/\/www.holyart.it\/blog\/santi-e-beati\/santuario-padre-pio-san-giovanni-rotondo\/\">Il Santuario di Padre Pio a San Giovanni Rotondo<\/a><\/strong><br \/>\nChe cosa spinge migliaia di persone a visitare ogni anno il Santuario di Padre Pio a San Giovanni Rotondo&#8230;<\/p>\n<\/div>\n<p>Uno degli episodi pi\u00f9 noti legati a Padre Pio durante la Seconda Guerra Mondiale riguarda il cosiddetto\u00a0<strong>miracolo dei piloti<\/strong>. Si racconta che nel 1943 alcuni piloti americani, mentre sorvolavano l&#8217;area di San Giovanni Rotondo per bombardarla, videro apparire tra le nuvole la figura di un frate con le braccia aperte che li bloccava. Questo evento li spinse a desistere dall&#8217;attacco, e uno dei generali coinvolti si convert\u00ec al cattolicesimo dopo aver riconosciuto in Padre Pio la figura vista in volo.<\/p>\n<p>Pensiamo anche all&#8217;amore che Padre Pio aveva per la\u00a0<strong><a href=\"https:\/\/www.holyart.it\/blog\/santi-e-beati\/la-devozione-di-padre-pio-alla-madonna-di-pompei-e-il-dono-della-rosa\/\">Vergine Maria<\/a><\/strong>.\u00a0La tradizione di rivolgersi alla Madonna per le preghiere di pace affonda le sue radici nella storia stessa del Cristianesimo. Maria viene vista come la\u00a0<a href=\"https:\/\/www.holyart.it\/blog\/santi-e-beati\/madonna-medjugorje-viene-rappresentata-la-madonna-della-pace\/\"><strong><em>Regina della Pace<\/em><\/strong><\/a>, un titolo che deriva dalla sua peculiare posizione come Madre di Ges\u00f9 Cristo, Principe della Pace. Questa connessione diretta con Cristo la rende, nella visione cattolica, un&#8217;interceditrice particolarmente potente nelle questioni riguardanti la pace mondiale. Come madre che ha sofferto vedendo suo figlio morire sulla croce, Maria comprende profondamente il dolore delle madri che perdono i propri figli nei conflitti.<br \/>\nUn altro aspetto fondamentale \u00e8 il ruolo della Madonna come\u00a0<strong>Mediatrice di tutte le grazie<\/strong>. Nella teologia cattolica, sebbene Ges\u00f9 sia l&#8217;unico mediatore tra Dio e gli uomini, Maria occupa una posizione privilegiata di intercessione. Si ritiene che tutte le grazie passino attraverso di lei prima di giungere all&#8217;umanit\u00e0, proprio come Ges\u00f9 stesso \u00e8 venuto al mondo attraverso lei. La storia della Chiesa \u00e8 ricca di esempi in cui l&#8217;intercessione di Maria \u00e8 stata associata a interventi di pace. Pensiamo alle <a href=\"https:\/\/www.holyart.it\/blog\/occasioni-speciali\/madonna-di-fatima-penitenza-e-preghiera-sono-la-salvezza\/\"><strong>apparizioni di Fatima nel 1917<\/strong><\/a>, durante la Prima Guerra Mondiale, dove la Madonna chiese preghiere specifiche per la pace mondiale. Questo evento ha profondamente influenzato la devozione mariana in relazione alla pace.<\/p>\n<div class=\"link-article\">\n<p><img loading=\"lazy\" decoding=\"async\" class=\"size-full wp-image-22076 alignleft\" src=\"https:\/\/blog.holyart.it\/it\/wp-content\/uploads\/sites\/17\/2025\/06\/padre-pio-e-madonna-di-pompei.jpeg\" alt=\"padre pio e la madonna di pompei\" width=\"150\" height=\"93\" data-kale-share-title=\"Preghiera a Padre Pio contro la guerra\" data-kale-share-url=\"https:\/\/blog.holyart.it\/it\/?p=22072\" \/><\/p>\n<div class=\"leggi-anche\">Leggi anche:<\/div>\n<p><strong><a href=\"https:\/\/www.holyart.it\/blog\/santi-e-beati\/la-devozione-di-padre-pio-alla-madonna-di-pompei-e-il-dono-della-rosa\/\">La devozione di Padre Pio alla Madonna di Pompei e il dono della rosa<\/a><\/strong><br \/>\nIl 5 maggio si festeggia l\u2019onomastico del Santo di Pietrelcina&#8230;<\/p>\n<\/div>\n<p>La devozione a Padre Pio nella preghiera contro la guerra si basa sulla sua\u00a0<strong>profonda comprensione della sofferenza umana<\/strong>. Le sue stigmate, segno visibile della sua partecipazione alla passione di Cristo, lo rendono un intercessore particolarmente efficace per coloro che soffrono a causa dei conflitti armati. La sua capacit\u00e0 di leggere nelle anime e di comprendere il dolore altrui lo rende un punto di riferimento spirituale per chi cerca la pace.<br \/>\nL&#8217;attualit\u00e0 di questa preghiera risuona fortemente nei nostri giorni. Del resto anche<strong>\u00a0<a href=\"https:\/\/www.holyart.it\/blog\/occasioni-speciali\/come-papa-francesco-ha-trasformato-la-chiesa-durante-il-suo-pontificato\/\">Papa Francesco<\/a><\/strong>\u00a0ha pronunciato diverse preghiere pubbliche per implorare la pace nel mondo. In un mondo ancora afflitto da guerre e divisioni, l&#8217;invocazione a Padre Pio rappresenta non solo una richiesta di intercessione divina, ma anche un<strong>\u00a0impegno personale alla costruzione della pace<\/strong>.<br \/>\nLa preghiera ci ricorda che la pace non \u00e8 semplicemente l&#8217;assenza di guerra, ma un dono prezioso che richiede il nostro impegno attivo e la nostra dedizione spirituale. Padre Pio ci invita a riflettere sul nostro\u00a0<strong>ruolo personale nella promozione della pace<\/strong>. Come il santo ci ha insegnato attraverso il suo esempio, la vera pace inizia nel cuore di ciascuno di noi, attraverso il perdono, la comprensione e l&#8217;amore per il prossimo.<\/p>\n<div class=\"link-article\">\n<p><img loading=\"lazy\" decoding=\"async\" class=\"size-full wp-image-22078 alignleft\" src=\"https:\/\/blog.holyart.it\/it\/wp-content\/uploads\/sites\/17\/2025\/06\/Holyart_Blog_PapaFrancesco_it.jpg\" alt=\"papa francesco\" width=\"150\" height=\"99\" data-kale-share-title=\"Preghiera a Padre Pio contro la guerra\" data-kale-share-url=\"https:\/\/blog.holyart.it\/it\/?p=22072\" \/><\/p>\n<div class=\"leggi-anche\">Leggi anche:<\/div>\n<p><strong><a href=\"https:\/\/www.holyart.it\/blog\/occasioni-speciali\/come-papa-francesco-ha-trasformato-la-chiesa-durante-il-suo-pontificato\/\">Come Papa Francesco ha trasformato la Chiesa durante il suo pontificato<\/a><\/strong><br \/>\nChe cosa ha fatto di importante Papa Francesco? Il suo pontificato \u00e8&#8230;<\/p>\n<\/div>\n<p>Ecco il testo della Preghiera a Padre Pio contro la guerra:<\/p>\n<p><em>Misericordioso Padre Pio, servo fedele di Cristo e custode delle anime afflitte, con cuore riconoscente ti ringraziamo per la luce che hai portato nel mondo attraverso la tua vita di amore e sacrificio. Sei stato un esempio di forza e compassione. Con fiducia ci rivolgiamo a te per chiedere il dono della pace.\u00a0<\/em><br \/>\n<em>Il mondo soffre sotto il peso di conflitti incessanti, di odio e di divisioni.<\/em><br \/>\n<em>Grida di dolore risuonano ovunque, e il silenzio della riconciliazione tarda a scendere sui cuori turbati.\u00a0<\/em><br \/>\n<em>Padre Pio, tu che hai offerto conforto ai tormentati e guarigione agli afflitti, ti supplichiamo di ottenere, con la tua intercessione presso il Signore, la grazia di dissolvere l&#8217;odio, risvegliare le coscienze e guidare l&#8217;umanit\u00e0 verso una pace duratura, fondata sulla giustizia e sulla misericordia.\u00a0<\/em><br \/>\n<em>Chiediamo che i potenti della terra siano illuminati dalla sapienza divina, affinch\u00e9 pongano fine alle ingiustizie e promuovano la riconciliazione tra i popoli, costruendo un mondo in cui l&#8217;amore e la fratellanza prevalgano sull&#8217;odio e sulla divisione.\u00a0<\/em><br \/>\n<em>Portiamo nel nostro animo il peso di un mondo lacerato, ma continuiamo a pregare con speranza, certi che ogni preghiera per la pace nel mondo \u00e8 un seme di fede che germoglia. Infondi in noi un cuore generoso e insegnaci a vivere nella carit\u00e0, donando senza cercare ricompense terrene. Veglia su di noi con amorevole cura.\u00a0<\/em><br \/>\n<em>Gloria a Dio, che ha fatto risplendere in te, Padre Pio, la Sua misericordia, e lode a Cristo, nostra pace e nostra forza.\u00a0<\/em><br \/>\n<em>Amen.<\/em><\/p>\n","protected":false},"excerpt":{"rendered":"<p>La preghiera a Padre Pio contro la guerra ci ricorda l&#8217;importanza di assumere un ruolo attivo nella costruzione della pace per tutti gli uomini In un&#8217;epoca segnata da conflitti e tensioni internazionali, la preghiera a\u00a0Padre Pio\u00a0contro la guerra assume un significato ancora pi\u00f9 profondo e&hellip;<\/p>\n","protected":false},"author":1,"featured_media":22082,"comment_status":"closed","ping_status":"open","sticky":false,"template":"","format":"standard","meta":{"_acf_changed":false,"footnotes":""},"categories":[16,15],"tags":[],"class_list":["post-22072","post","type-post","status-publish","format-standard","has-post-thumbnail","hentry","category-articoli-religiosi","category-santi-e-beati"],"acf":[],"yoast_head":"<!-- This site is optimized with the Yoast SEO plugin v26.6 - https:\/\/yoast.com\/wordpress\/plugins\/seo\/ -->\n<title>Preghiera a Padre Pio contro la guerra - Holyblog<\/title>\n<meta name=\"description\" content=\"La preghiera a Padre Pio contro la guerra \u00e8 un appello a ciascun uomo perch\u00e9 agisca consapevolmente per creare la pace, su esempio del Santo\" \/>\n<meta name=\"robots\" content=\"index, follow, max-snippet:-1, max-image-preview:large, max-video-preview:-1\" \/>\n<link rel=\"canonical\" href=\"https:\/\/blog.holyart.it\/it\/santi-e-beati\/preghiera-a-padre-pio-contro-la-guerra\/\" \/>\n<meta property=\"og:locale\" content=\"it_IT\" \/>\n<meta property=\"og:type\" content=\"article\" \/>\n<meta property=\"og:title\" content=\"Preghiera a Padre Pio contro la guerra - Holyblog\" \/>\n<meta property=\"og:description\" content=\"La preghiera a Padre Pio contro la guerra \u00e8 un appello a ciascun uomo perch\u00e9 agisca consapevolmente per creare la pace, su esempio del Santo\" \/>\n<meta property=\"og:url\" content=\"https:\/\/blog.holyart.it\/it\/santi-e-beati\/preghiera-a-padre-pio-contro-la-guerra\/\" \/>\n<meta property=\"og:site_name\" content=\"Holyblog\" \/>\n<meta property=\"article:published_time\" content=\"2025-07-07T08:00:04+00:00\" \/>\n<meta property=\"og:image\" content=\"https:\/\/blog.holyart.it\/it\/wp-content\/uploads\/sites\/17\/2025\/06\/preghiera-a-padre-pio-contro-la-guerra.jpg\" \/>\n\t<meta property=\"og:image:width\" content=\"1000\" \/>\n\t<meta property=\"og:image:height\" content=\"666\" \/>\n\t<meta property=\"og:image:type\" content=\"image\/jpeg\" \/>\n<meta name=\"author\" content=\"Redazione\" \/>\n<meta name=\"twitter:card\" content=\"summary_large_image\" \/>\n<meta name=\"twitter:label1\" content=\"Scritto da\" \/>\n\t<meta name=\"twitter:data1\" content=\"Redazione\" \/>\n\t<meta name=\"twitter:label2\" content=\"Tempo di lettura stimato\" \/>\n\t<meta name=\"twitter:data2\" content=\"8 minuti\" \/>\n<script type=\"application\/ld+json\" class=\"yoast-schema-graph\">{\"@context\":\"https:\/\/schema.org\",\"@graph\":[{\"@type\":\"Article\",\"@id\":\"https:\/\/blog.holyart.it\/it\/santi-e-beati\/preghiera-a-padre-pio-contro-la-guerra\/#article\",\"isPartOf\":{\"@id\":\"https:\/\/blog.holyart.it\/it\/santi-e-beati\/preghiera-a-padre-pio-contro-la-guerra\/\"},\"author\":{\"name\":\"Redazione\",\"@id\":\"https:\/\/blog.holyart.it\/it\/#\/schema\/person\/0a7b686e5af0f856ec1e390dd0baecda\"},\"headline\":\"Preghiera a Padre Pio contro la guerra\",\"datePublished\":\"2025-07-07T08:00:04+00:00\",\"mainEntityOfPage\":{\"@id\":\"https:\/\/blog.holyart.it\/it\/santi-e-beati\/preghiera-a-padre-pio-contro-la-guerra\/\"},\"wordCount\":1295,\"publisher\":{\"@id\":\"https:\/\/blog.holyart.it\/it\/#organization\"},\"image\":{\"@id\":\"https:\/\/blog.holyart.it\/it\/santi-e-beati\/preghiera-a-padre-pio-contro-la-guerra\/#primaryimage\"},\"thumbnailUrl\":\"https:\/\/blog.holyart.it\/it\/wp-content\/uploads\/sites\/17\/2025\/06\/preghiera-a-padre-pio-contro-la-guerra.jpg\",\"articleSection\":[\"Religione\",\"Santi e beati\"],\"inLanguage\":\"it-IT\"},{\"@type\":\"WebPage\",\"@id\":\"https:\/\/blog.holyart.it\/it\/santi-e-beati\/preghiera-a-padre-pio-contro-la-guerra\/\",\"url\":\"https:\/\/blog.holyart.it\/it\/santi-e-beati\/preghiera-a-padre-pio-contro-la-guerra\/\",\"name\":\"Preghiera a Padre Pio contro la guerra - Holyblog\",\"isPartOf\":{\"@id\":\"https:\/\/blog.holyart.it\/it\/#website\"},\"primaryImageOfPage\":{\"@id\":\"https:\/\/blog.holyart.it\/it\/santi-e-beati\/preghiera-a-padre-pio-contro-la-guerra\/#primaryimage\"},\"image\":{\"@id\":\"https:\/\/blog.holyart.it\/it\/santi-e-beati\/preghiera-a-padre-pio-contro-la-guerra\/#primaryimage\"},\"thumbnailUrl\":\"https:\/\/blog.holyart.it\/it\/wp-content\/uploads\/sites\/17\/2025\/06\/preghiera-a-padre-pio-contro-la-guerra.jpg\",\"datePublished\":\"2025-07-07T08:00:04+00:00\",\"description\":\"La preghiera a Padre Pio contro la guerra \u00e8 un appello a ciascun uomo perch\u00e9 agisca consapevolmente per creare la pace, su esempio del Santo\",\"breadcrumb\":{\"@id\":\"https:\/\/blog.holyart.it\/it\/santi-e-beati\/preghiera-a-padre-pio-contro-la-guerra\/#breadcrumb\"},\"inLanguage\":\"it-IT\",\"potentialAction\":[{\"@type\":\"ReadAction\",\"target\":[\"https:\/\/blog.holyart.it\/it\/santi-e-beati\/preghiera-a-padre-pio-contro-la-guerra\/\"]}]},{\"@type\":\"ImageObject\",\"inLanguage\":\"it-IT\",\"@id\":\"https:\/\/blog.holyart.it\/it\/santi-e-beati\/preghiera-a-padre-pio-contro-la-guerra\/#primaryimage\",\"url\":\"https:\/\/blog.holyart.it\/it\/wp-content\/uploads\/sites\/17\/2025\/06\/preghiera-a-padre-pio-contro-la-guerra.jpg\",\"contentUrl\":\"https:\/\/blog.holyart.it\/it\/wp-content\/uploads\/sites\/17\/2025\/06\/preghiera-a-padre-pio-contro-la-guerra.jpg\",\"width\":1000,\"height\":666,\"caption\":\"preghiera a padre pio contro la guerra\"},{\"@type\":\"BreadcrumbList\",\"@id\":\"https:\/\/blog.holyart.it\/it\/santi-e-beati\/preghiera-a-padre-pio-contro-la-guerra\/#breadcrumb\",\"itemListElement\":[{\"@type\":\"ListItem\",\"position\":1,\"name\":\"Homepage\",\"item\":\"https:\/\/blog.holyart.it\/it\/\"},{\"@type\":\"ListItem\",\"position\":2,\"name\":\"Santi e beati\",\"item\":\"https:\/\/blog.holyart.it\/it\/santi-e-beati\/\"},{\"@type\":\"ListItem\",\"position\":3,\"name\":\"Preghiera a Padre Pio contro la guerra\"}]},{\"@type\":\"WebSite\",\"@id\":\"https:\/\/blog.holyart.it\/it\/#website\",\"url\":\"https:\/\/blog.holyart.it\/it\/\",\"name\":\"Holyblog\",\"description\":\"Il Blog di Holyart.it\",\"publisher\":{\"@id\":\"https:\/\/blog.holyart.it\/it\/#organization\"},\"potentialAction\":[{\"@type\":\"SearchAction\",\"target\":{\"@type\":\"EntryPoint\",\"urlTemplate\":\"https:\/\/blog.holyart.it\/it\/?s={search_term_string}\"},\"query-input\":{\"@type\":\"PropertyValueSpecification\",\"valueRequired\":true,\"valueName\":\"search_term_string\"}}],\"inLanguage\":\"it-IT\"},{\"@type\":\"Organization\",\"@id\":\"https:\/\/blog.holyart.it\/it\/#organization\",\"name\":\"Holyblog\",\"url\":\"https:\/\/blog.holyart.it\/it\/\",\"logo\":{\"@type\":\"ImageObject\",\"inLanguage\":\"it-IT\",\"@id\":\"https:\/\/blog.holyart.it\/it\/#\/schema\/logo\/image\/\",\"url\":\"https:\/\/blog.holyart.it\/it\/wp-content\/uploads\/sites\/17\/2022\/12\/Holyart_Blog_Logo.jpg\",\"contentUrl\":\"https:\/\/blog.holyart.it\/it\/wp-content\/uploads\/sites\/17\/2022\/12\/Holyart_Blog_Logo.jpg\",\"width\":300,\"height\":50,\"caption\":\"Holyblog\"},\"image\":{\"@id\":\"https:\/\/blog.holyart.it\/it\/#\/schema\/logo\/image\/\"}},{\"@type\":\"Person\",\"@id\":\"https:\/\/blog.holyart.it\/it\/#\/schema\/person\/0a7b686e5af0f856ec1e390dd0baecda\",\"name\":\"Redazione\"}]}<\/script>\n<!-- \/ Yoast SEO plugin. -->","yoast_head_json":{"title":"Preghiera a Padre Pio contro la guerra - Holyblog","description":"La preghiera a Padre Pio contro la guerra \u00e8 un appello a ciascun uomo perch\u00e9 agisca consapevolmente per creare la pace, su esempio del Santo","robots":{"index":"index","follow":"follow","max-snippet":"max-snippet:-1","max-image-preview":"max-image-preview:large","max-video-preview":"max-video-preview:-1"},"canonical":"https:\/\/blog.holyart.it\/it\/santi-e-beati\/preghiera-a-padre-pio-contro-la-guerra\/","og_locale":"it_IT","og_type":"article","og_title":"Preghiera a Padre Pio contro la guerra - Holyblog","og_description":"La preghiera a Padre Pio contro la guerra \u00e8 un appello a ciascun uomo perch\u00e9 agisca consapevolmente per creare la pace, su esempio del Santo","og_url":"https:\/\/blog.holyart.it\/it\/santi-e-beati\/preghiera-a-padre-pio-contro-la-guerra\/","og_site_name":"Holyblog","article_published_time":"2025-07-07T08:00:04+00:00","og_image":[{"width":1000,"height":666,"url":"https:\/\/blog.holyart.it\/it\/wp-content\/uploads\/sites\/17\/2025\/06\/preghiera-a-padre-pio-contro-la-guerra.jpg","type":"image\/jpeg"}],"author":"Redazione","twitter_card":"summary_large_image","twitter_misc":{"Scritto da":"Redazione","Tempo di lettura stimato":"8 minuti"},"schema":{"@context":"https:\/\/schema.org","@graph":[{"@type":"Article","@id":"https:\/\/blog.holyart.it\/it\/santi-e-beati\/preghiera-a-padre-pio-contro-la-guerra\/#article","isPartOf":{"@id":"https:\/\/blog.holyart.it\/it\/santi-e-beati\/preghiera-a-padre-pio-contro-la-guerra\/"},"author":{"name":"Redazione","@id":"https:\/\/blog.holyart.it\/it\/#\/schema\/person\/0a7b686e5af0f856ec1e390dd0baecda"},"headline":"Preghiera a Padre Pio contro la guerra","datePublished":"2025-07-07T08:00:04+00:00","mainEntityOfPage":{"@id":"https:\/\/blog.holyart.it\/it\/santi-e-beati\/preghiera-a-padre-pio-contro-la-guerra\/"},"wordCount":1295,"publisher":{"@id":"https:\/\/blog.holyart.it\/it\/#organization"},"image":{"@id":"https:\/\/blog.holyart.it\/it\/santi-e-beati\/preghiera-a-padre-pio-contro-la-guerra\/#primaryimage"},"thumbnailUrl":"https:\/\/blog.holyart.it\/it\/wp-content\/uploads\/sites\/17\/2025\/06\/preghiera-a-padre-pio-contro-la-guerra.jpg","articleSection":["Religione","Santi e beati"],"inLanguage":"it-IT"},{"@type":"WebPage","@id":"https:\/\/blog.holyart.it\/it\/santi-e-beati\/preghiera-a-padre-pio-contro-la-guerra\/","url":"https:\/\/blog.holyart.it\/it\/santi-e-beati\/preghiera-a-padre-pio-contro-la-guerra\/","name":"Preghiera a Padre Pio contro la guerra - Holyblog","isPartOf":{"@id":"https:\/\/blog.holyart.it\/it\/#website"},"primaryImageOfPage":{"@id":"https:\/\/blog.holyart.it\/it\/santi-e-beati\/preghiera-a-padre-pio-contro-la-guerra\/#primaryimage"},"image":{"@id":"https:\/\/blog.holyart.it\/it\/santi-e-beati\/preghiera-a-padre-pio-contro-la-guerra\/#primaryimage"},"thumbnailUrl":"https:\/\/blog.holyart.it\/it\/wp-content\/uploads\/sites\/17\/2025\/06\/preghiera-a-padre-pio-contro-la-guerra.jpg","datePublished":"2025-07-07T08:00:04+00:00","description":"La preghiera a Padre Pio contro la guerra \u00e8 un appello a ciascun uomo perch\u00e9 agisca consapevolmente per creare la pace, su esempio del Santo","breadcrumb":{"@id":"https:\/\/blog.holyart.it\/it\/santi-e-beati\/preghiera-a-padre-pio-contro-la-guerra\/#breadcrumb"},"inLanguage":"it-IT","potentialAction":[{"@type":"ReadAction","target":["https:\/\/blog.holyart.it\/it\/santi-e-beati\/preghiera-a-padre-pio-contro-la-guerra\/"]}]},{"@type":"ImageObject","inLanguage":"it-IT","@id":"https:\/\/blog.holyart.it\/it\/santi-e-beati\/preghiera-a-padre-pio-contro-la-guerra\/#primaryimage","url":"https:\/\/blog.holyart.it\/it\/wp-content\/uploads\/sites\/17\/2025\/06\/preghiera-a-padre-pio-contro-la-guerra.jpg","contentUrl":"https:\/\/blog.holyart.it\/it\/wp-content\/uploads\/sites\/17\/2025\/06\/preghiera-a-padre-pio-contro-la-guerra.jpg","width":1000,"height":666,"caption":"preghiera a padre pio contro la guerra"},{"@type":"BreadcrumbList","@id":"https:\/\/blog.holyart.it\/it\/santi-e-beati\/preghiera-a-padre-pio-contro-la-guerra\/#breadcrumb","itemListElement":[{"@type":"ListItem","position":1,"name":"Homepage","item":"https:\/\/blog.holyart.it\/it\/"},{"@type":"ListItem","position":2,"name":"Santi e beati","item":"https:\/\/blog.holyart.it\/it\/santi-e-beati\/"},{"@type":"ListItem","position":3,"name":"Preghiera a Padre Pio contro la guerra"}]},{"@type":"WebSite","@id":"https:\/\/blog.holyart.it\/it\/#website","url":"https:\/\/blog.holyart.it\/it\/","name":"Holyblog","description":"Il Blog di Holyart.it","publisher":{"@id":"https:\/\/blog.holyart.it\/it\/#organization"},"potentialAction":[{"@type":"SearchAction","target":{"@type":"EntryPoint","urlTemplate":"https:\/\/blog.holyart.it\/it\/?s={search_term_string}"},"query-input":{"@type":"PropertyValueSpecification","valueRequired":true,"valueName":"search_term_string"}}],"inLanguage":"it-IT"},{"@type":"Organization","@id":"https:\/\/blog.holyart.it\/it\/#organization","name":"Holyblog","url":"https:\/\/blog.holyart.it\/it\/","logo":{"@type":"ImageObject","inLanguage":"it-IT","@id":"https:\/\/blog.holyart.it\/it\/#\/schema\/logo\/image\/","url":"https:\/\/blog.holyart.it\/it\/wp-content\/uploads\/sites\/17\/2022\/12\/Holyart_Blog_Logo.jpg","contentUrl":"https:\/\/blog.holyart.it\/it\/wp-content\/uploads\/sites\/17\/2022\/12\/Holyart_Blog_Logo.jpg","width":300,"height":50,"caption":"Holyblog"},"image":{"@id":"https:\/\/blog.holyart.it\/it\/#\/schema\/logo\/image\/"}},{"@type":"Person","@id":"https:\/\/blog.holyart.it\/it\/#\/schema\/person\/0a7b686e5af0f856ec1e390dd0baecda","name":"Redazione"}]}},"_links":{"self":[{"href":"https:\/\/blog.holyart.it\/it\/wp-json\/wp\/v2\/posts\/22072","targetHints":{"allow":["GET"]}}],"collection":[{"href":"https:\/\/blog.holyart.it\/it\/wp-json\/wp\/v2\/posts"}],"about":[{"href":"https:\/\/blog.holyart.it\/it\/wp-json\/wp\/v2\/types\/post"}],"author":[{"embeddable":true,"href":"https:\/\/blog.holyart.it\/it\/wp-json\/wp\/v2\/users\/1"}],"replies":[{"embeddable":true,"href":"https:\/\/blog.holyart.it\/it\/wp-json\/wp\/v2\/comments?post=22072"}],"version-history":[{"count":6,"href":"https:\/\/blog.holyart.it\/it\/wp-json\/wp\/v2\/posts\/22072\/revisions"}],"predecessor-version":[{"id":22083,"href":"https:\/\/blog.holyart.it\/it\/wp-json\/wp\/v2\/posts\/22072\/revisions\/22083"}],"wp:featuredmedia":[{"embeddable":true,"href":"https:\/\/blog.holyart.it\/it\/wp-json\/wp\/v2\/media\/22082"}],"wp:attachment":[{"href":"https:\/\/blog.holyart.it\/it\/wp-json\/wp\/v2\/media?parent=22072"}],"wp:term":[{"taxonomy":"category","embeddable":true,"href":"https:\/\/blog.holyart.it\/it\/wp-json\/wp\/v2\/categories?post=22072"},{"taxonomy":"post_tag","embeddable":true,"href":"https:\/\/blog.holyart.it\/it\/wp-json\/wp\/v2\/tags?post=22072"}],"curies":[{"name":"wp","href":"https:\/\/api.w.org\/{rel}","templated":true}]}}