{"id":22059,"date":"2025-06-11T10:00:36","date_gmt":"2025-06-11T08:00:36","guid":{"rendered":"https:\/\/blog.holyart.it\/it\/?p=22059"},"modified":"2025-06-18T12:21:05","modified_gmt":"2025-06-18T10:21:05","slug":"giubileo-dei-sacerdoti-2025-info-e-programma-dellevento","status":"publish","type":"post","link":"https:\/\/blog.holyart.it\/it\/giubileo-2025\/giubileo-dei-sacerdoti-2025-info-e-programma-dellevento\/","title":{"rendered":"Giubileo dei Sacerdoti 2025: info e programma dell&#8217;evento"},"content":{"rendered":"<h4>Giubileo dei Sacerdoti 2025: quando la Chiesa ritrova s\u00e9 stessa e torna a camminare<\/h4>\n<p>C\u2019\u00e8 un momento, nella vita di un uomo che crede, in cui il cuore sente il bisogno di tornare alla sorgente. Quando la voce si fa preghiera, il silenzio diventa ascolto, e anche la stanchezza prende la forma di un\u2019offerta. Per i fedeli di tutto il mondo, e in particolare per i sacerdoti, quel momento ha un nome:\u00a0<a href=\"https:\/\/www.holyart.it\/blog\/articoli-religiosi\/cose-il-giubileo-prepariamoci-a-un-nuovo-anno-santo\/\"><strong>Giubileo<\/strong><\/a>. In particolare, tra i\u00a0tanti eventi\u00a0che costellano l&#8217;Anno Santo,\u00a0<strong>dal 25 al 27 giugno<\/strong>\u00a0Roma si trasformer\u00e0 in un altare aperto al cielo. Le sue basiliche accoglieranno presbiteri venuti da ogni angolo della terra, fratelli nel ministero, custodi di un mistero che attraversa i secoli. Non sar\u00e0 un convegno. Non sar\u00e0 solo un evento. Sar\u00e0 un cammino di fede, un ritorno a casa. Sar\u00e0 il\u00a0<strong>Giubileo dei Sacerdoti<\/strong>.<\/p>\n<div class=\"link-article\">\n<p><img loading=\"lazy\" decoding=\"async\" class=\"size-full wp-image-22061 alignleft\" src=\"https:\/\/blog.holyart.it\/it\/wp-content\/uploads\/sites\/17\/2025\/06\/vaticano.jpg\" alt=\"vaticano\" width=\"150\" height=\"99\" data-kale-share-title=\"Giubileo dei sacerdoti 2025: info e programma dell\u2019evento\" data-kale-share-url=\"https:\/\/blog.holyart.it\/it\/?p=22059\" \/><\/p>\n<div class=\"leggi-anche\">Leggi anche:<\/div>\n<p><strong><a href=\"https:\/\/www.holyart.it\/blog\/articoli-religiosi\/cose-il-giubileo-prepariamoci-a-un-nuovo-anno-santo\/\">Cos\u2019\u00e8 il Giubileo: prepariamoci a un nuovo Anno Santo<\/a><\/strong><br \/>\nCos\u2019\u00e8 il Giubileo? Ogni quanto viene celebrato? In vista dell\u2019Anno Santo 2025 scopriamo l\u2019origine di questa pratica devozionale secolare&#8230;<\/p>\n<\/div>\n<p>Nel cuore del Giubileo 2025, tra gli appuntamenti pi\u00f9 intensi, questo \u00e8 forse il pi\u00f9 silenzioso e il pi\u00f9 potente: perch\u00e9 parla ai pastori. Perch\u00e9 li invita a\u00a0<strong>rinascere<\/strong>.\u00a0E Roma, per quei tre giorni, non sar\u00e0 pi\u00f9 solo citt\u00e0.<br \/>\nSar\u00e0 grembo. Sar\u00e0 arca. Sar\u00e0 cenacolo.<br \/>\nIl\u00a0<strong>Giubileo dei Sacerdoti 2025<\/strong>\u00a0\u00e8 un atto d\u2019amore. Un invito a rallentare. A respirare. <a href=\"https:\/\/www.holyart.it\/blog\/articoli-religiosi\/ordinazione-presbiterale-sacerdoti\/\"><strong>A ricordare perch\u00e9 si \u00e8 detto\u00a0<em>s\u00ec<\/em><\/strong><\/a>. Un atto d0&#8217;amore, dunque, e non un amore astratto o retorico, ma quello concreto, che nasce nella fatica quotidiana e rifiorisce nel silenzio del cuore.<br \/>\n\u00c8 un invito a\u00a0<strong>rallentare<\/strong>, a posare finalmente lo zaino delle responsabilit\u00e0 e sedersi, per un istante, sulle pietre antiche di Roma come su una soglia sacra.\u00a0\u00c8 un richiamo dolce e austero, che sussurra:\u00a0<em>Ricordi il primo sguardo?<\/em><\/p>\n<div class=\"link-article\">\n<p><img loading=\"lazy\" decoding=\"async\" class=\"size-full wp-image-22063 alignleft\" src=\"https:\/\/blog.holyart.it\/it\/wp-content\/uploads\/sites\/17\/2025\/06\/ordinazione-presbiteriale.jpg\" alt=\"ordinazione presbiteriale\" width=\"150\" height=\"99\" data-kale-share-title=\"Giubileo dei sacerdoti 2025: info e programma dell\u2019evento\" data-kale-share-url=\"https:\/\/blog.holyart.it\/it\/?p=22059\" \/><\/p>\n<div class=\"leggi-anche\">Leggi anche:<\/div>\n<p><strong><a href=\"https:\/\/www.holyart.it\/blog\/articoli-religiosi\/ordinazione-presbiterale-sacerdoti\/\">Ordinazione presbiterale: ecco come si diventa sacerdoti<\/a><\/strong><br \/>\nCon l\u2019Ordinazione Presbiterale un uomo diventa a tutti gli effetti un sacerdote. Ecco come si svolge il rito&#8230;<\/p>\n<\/div>\n<p><em>Il primo altare?\u00a0Quel giorno in cui, davanti a Dio e agli uomini, hai detto s\u00ec con tutto te stesso, con tutto ci\u00f2 che eri e ci\u00f2 che non sapevi ancora di essere?<br \/>\n<\/em>Respirare, allora, diventa preghiera. Il tempo non \u00e8 pi\u00f9 una corsa, ma una tregua. Una tregua con le proprie fragilit\u00e0, con le attese disattese, con le domande che non hanno ancora trovato risposta.<br \/>\nIn quel tempo sospeso, tra una liturgia e un abbraccio, ogni sacerdote potr\u00e0 riconnettersi alla voce che lo ha chiamato, alla sorgente di una vocazione che non \u00e8 mai stata solo scelta, ma mistero ricevuto.<br \/>\nPerch\u00e9 il sacerdozio \u00e8 come un canto antico che si porta dentro, anche quando il mondo tace. E il Giubileo non \u00e8 che questo: un luogo in cui quel canto pu\u00f2 tornare a vibrare, limpido, intatto, potente. Un luogo dove riscoprire la bellezza del proprio ministero non come peso, ma come dono. Non come ruolo, ma come missione.<\/p>\n<p>Le\u00a0<a href=\"https:\/\/www.holyart.it\/blog\/articoli-religiosi\/il-calendario-degli-eventi-del-giubileo-2025\/\"><strong>date del Giubileo<\/strong><\/a>\u00a0sono scritte sul calendario. Ma l\u2019incontro che cambia la vita non ha orologio: accade dentro.<br \/>\nE chi si lascer\u00e0 raggiungere da quella luce, torner\u00e0 diverso. Pi\u00f9 leggero. Pi\u00f9 pieno. Pi\u00f9 padre.<\/p>\n<div class=\"link-article\">\n<p><img loading=\"lazy\" decoding=\"async\" class=\"size-full wp-image-22062 alignleft\" src=\"https:\/\/blog.holyart.it\/it\/wp-content\/uploads\/sites\/17\/2025\/06\/giubileo-2025.jpg\" alt=\"giubileo 2025\" width=\"150\" height=\"99\" data-kale-share-title=\"Giubileo dei sacerdoti 2025: info e programma dell\u2019evento\" data-kale-share-url=\"https:\/\/blog.holyart.it\/it\/?p=22059\" \/><\/p>\n<div class=\"leggi-anche\">Leggi anche:<\/div>\n<p><strong><a href=\"https:\/\/www.holyart.it\/blog\/articoli-religiosi\/il-calendario-degli-eventi-del-giubileo-2025\/\">Il calendario degli eventi del Giubileo 2025<\/a><\/strong><br \/>\n\u00c8 stato pubblicato il calendario degli eventi del Giubileo 2025, dodici mesi di eventi e occasioni per approfondire la fede&#8230;<\/p>\n<\/div>\n<h2>Il programma del Giubileo dei Sacerdoti<\/h2>\n<p>Il\u00a0<strong>programma del Giubileo 2025<\/strong>\u00a0si apre con passi leggeri, quelli dei\u00a0<strong>seminaristi<\/strong>, che il\u00a0<strong>23 giugno<\/strong>\u00a0giungeranno nella Basilica di San Paolo fuori le Mura come figli che si avvicinano alla casa del Padre.<br \/>\nL\u00ec saranno accolti con il canto e la luce, con la recita del Rosario e un concerto diretto da Monsignor Frisina. Una vigilia luminosa per coloro che ancora camminano verso l\u2019altare.<\/p>\n<p>Il giorno seguente,<strong>\u00a0il 24 giugno<\/strong>, attraverseranno la\u00a0<strong><a href=\"https:\/\/www.holyart.it\/blog\/articoli-religiosi\/porta-santa-cose-e-cosa-rappresenta-la-sua-apertura\/\">Porta Santa della Basilica di San Pietro<\/a><\/strong>, guidati dalla voce di <a href=\"https:\/\/holyart.it\/blog\/occasioni-speciali\/papa-leone-xiv-tutto-quello-che-ce-da-sapere-sul-nuovo-pontefice\/\"><strong>Papa Leone XIV<\/strong><\/a>. Sar\u00e0 il loro primo pellegrinaggio ufficiale, fatto di catechesi e messe celebrate nelle chiese di Roma, in tutte le lingue del mondo, come semi sparsi dal vento.<\/p>\n<div class=\"link-article\">\n<p><img loading=\"lazy\" decoding=\"async\" class=\"size-full wp-image-22065 alignleft\" src=\"https:\/\/blog.holyart.it\/it\/wp-content\/uploads\/sites\/17\/2025\/06\/porta-santa.jpeg\" alt=\"porta santa\" width=\"150\" height=\"104\" data-kale-share-title=\"Giubileo dei sacerdoti 2025: info e programma dell\u2019evento\" data-kale-share-url=\"https:\/\/blog.holyart.it\/it\/?p=22059\" \/><\/p>\n<div class=\"leggi-anche\">Leggi anche:<\/div>\n<p><strong><a href=\"https:\/\/www.holyart.it\/blog\/articoli-religiosi\/porta-santa-cose-e-cosa-rappresenta-la-sua-apertura\/\">Porta Santa: cos\u2019\u00e8 e cosa rappresenta la sua apertura<\/a><\/strong><br \/>\nL\u2019apertura della Porta Santa segno l\u2019inizio del Giubileo, ma rappresenta anche per i cristiani un simbolo spirituale&#8230;<\/p>\n<\/div>\n<p>Ma il cuore del Giubileo dei Sacerdoti comincia il\u00a0<strong>25 giugno<\/strong>. \u00c8 il giorno in cui si aprono le braccia della Chiesa madre per abbracciare i\u00a0<strong>vescovi e i sacerdoti<\/strong>. Nella quiete maestosa del Braccio di Costantino, si ritrovano pastori venuti da lontano, pronti a varcare la Porta Santa e a celebrare, alle 10.30, l\u2019Eucaristia all\u2019<strong>Altare della Cattedra<\/strong>, sotto la volta di San Pietro.<br \/>\nPoi, il pomeriggio si fa intimo e corale: nelle chiese romane, catechesi specifiche per lingua e provenienza, incontri di parola e ascolto, domande e benedizioni. Piccoli cenacoli sparsi tra le strade di Roma.<\/p>\n<div class=\"link-article\">\n<p><img loading=\"lazy\" decoding=\"async\" class=\"size-full wp-image-22066 alignleft\" src=\"https:\/\/blog.holyart.it\/it\/wp-content\/uploads\/sites\/17\/2025\/06\/Leone-XIV.jpg\" alt=\"Leone XIV\" width=\"150\" height=\"99\" data-kale-share-title=\"Giubileo dei sacerdoti 2025: info e programma dell\u2019evento\" data-kale-share-url=\"https:\/\/blog.holyart.it\/it\/?p=22059\" \/><\/p>\n<div class=\"leggi-anche\">Leggi anche:<\/div>\n<p><strong><a href=\"https:\/\/holyart.it\/blog\/occasioni-speciali\/papa-leone-xiv-tutto-quello-che-ce-da-sapere-sul-nuovo-pontefice\/\">Papa Leone XIV: tutto quello che c\u2019\u00e8 da sapere sul nuovo Pontefice<\/a><\/strong><br \/>\nIl pontificato di Papa Leone XIV si apre come una porta socchiusa sul&#8230;<\/p>\n<\/div>\n<p>Il giorno seguente,\u00a0<strong>gioved\u00ec 26 giugno<\/strong>, \u00e8 forse il pi\u00f9 denso.<br \/>\nAlle 9.30, la Celebrazione Eucaristica nella\u00a0<strong>Basilica di San Giovanni in Laterano<\/strong>, presieduta dal Cardinale Lazzaro You, accende il cuore della giornata.<br \/>\nPoi inizia il pellegrinaggio. Un lento e silenzioso passaggio verso le quattro\u00a0<strong><a href=\"https:\/\/www.holyart.it\/blog\/articoli-religiosi\/chiese-giubilari-mete-di-pellegrinaggio-irrinunciabili-durante-il-giubileo\/\">Basiliche Papali<\/a><\/strong>.<br \/>\nDalle 11.00 alle 18.00, tra confessioni e cammino, i sacerdoti diventano\u00a0<strong>pellegrini di misericordia<\/strong>, portatori del perdono che ogni giorno amministrano agli altri.<br \/>\nE infine, la sera.<br \/>\nUna\u00a0<strong>veglia vocazionale<\/strong>\u00a0in piazza San Pietro, sotto il cielo romano, guidata da Monsignor Fisichella.<br \/>\nUn momento di silenzio, come una stanza segreta nel cuore del tempo.<\/p>\n<div class=\"link-article\">\n<p><img loading=\"lazy\" decoding=\"async\" class=\"size-full wp-image-22067 alignleft\" src=\"https:\/\/blog.holyart.it\/it\/wp-content\/uploads\/sites\/17\/2025\/06\/chiese-giubilari.jpg\" alt=\"chiese giubilari\" width=\"150\" height=\"99\" data-kale-share-title=\"Giubileo dei sacerdoti 2025: info e programma dell\u2019evento\" data-kale-share-url=\"https:\/\/blog.holyart.it\/it\/?p=22059\" \/><\/p>\n<div class=\"leggi-anche\">Leggi anche:<\/div>\n<p><strong><a href=\"https:\/\/www.holyart.it\/blog\/articoli-religiosi\/chiese-giubilari-mete-di-pellegrinaggio-irrinunciabili-durante-il-giubileo\/\">Chiese Giubilari, mete di pellegrinaggio irrinunciabili durante il Giubileo<\/a><\/strong><br \/>\nLe Chiese Giubilari sono quelle dotate di una Porta Santa, attraversando&#8230;<\/p>\n<\/div>\n<p>E poi arriva\u00a0<strong>venerd\u00ec 27 giugno<\/strong>. Il giorno del Cuore.<br \/>\nIl\u00a0<strong>Sacratissimo Cuore di Ges\u00f9<\/strong>, festa tanto amata dai presbiteri, sigilla il Giubileo con una celebrazione che profuma di inizio.<br \/>\nIn\u00a0<strong>Piazza San Pietro<\/strong>, Papa Leone XIV presieder\u00e0 la Messa e le\u00a0<strong>ordinazioni presbiterali<\/strong>.<br \/>\nLa Chiesa si guarda allo specchio: i sacerdoti che rinnovano la loro consacrazione, e i giovani che per la prima volta diranno quel s\u00ec definitivo.<br \/>\nUn ponte di mani tese tra chi ha camminato e chi inizia a farlo.<\/p>\n<p>Ma il Giubileo dei Sacerdoti non si esaurisce nelle sue date. Non vive solo nel programma. Vive negli sguardi, nelle strette di mano, nelle parole sussurrate tra i banchi, nelle lacrime condivise davanti al Tabernacolo.<br \/>\nOgni sacerdote sar\u00e0 chiamato a portare la propria storia, le proprie fatiche, le sue vittorie segrete, le sue notti senza risposte.<br \/>\nE in cambio ricever\u00e0 la forza del \u201cnoi\u201d: quella comunione invisibile che fa di tanti uomini un solo Corpo.<br \/>\nAnche la\u00a0<strong>solidariet\u00e0<\/strong>\u00a0diventa parte del cammino: una quota simbolica di 50 euro, non obbligatoria, ma fortemente raccomandata, contribuir\u00e0 a far partecipare i seminaristi pi\u00f9 poveri.<br \/>\nUn piccolo seme d\u2019amore che germoglia in un&#8217;altra vita. Le iscrizioni agli eventi del Giubileo sono ancora aperte, fino al 20 aprile 2025,\u00a0attraverso il sito ufficiale.<br \/>\nL\u2019ingresso alle celebrazioni \u00e8 gratuito; per concelebrare sar\u00e0 sufficiente prenotarsi presso l\u2019Ufficio delle Celebrazioni Liturgiche del Papa.<\/p>\n<div class=\"sp-styles-warning\" style=\"width: 450px; background-color: #FFF; color: #F00; border: 1px solid #F00; padding: 10px; font-size: 14px;\">\n\t\t\t<span style=\"font-weight: bold;\">Warning: The stylesheets were not loaded!<\/span> \n\t\t\tYou will need to change the <i>Load stylesheets<\/i> setting from <i>Automatically<\/i> to <i>On homepage<\/i> or <i>On all pages<\/i>. \n\t\t\tYou can set that <a style=\"text-decoration: underline; color: #F00;\" href=\"https:\/\/blog.holyart.it\/it\/wp-admin\/admin.php?page=sliderpro-settings\">here<\/a>.\n\t\t\t<\/div>\r\n<div id=\"slider-pro-231\" class=\"slider-pro sp-no-js\" style=\"width: 500px; height: 500px;\">\r\n\t<div class=\"sp-slides\">\r\n\t\t\r\n\t\t<div class=\"sp-slide\">\r\n\t\t\t<img loading=\"lazy\" decoding=\"async\" class=\"sp-image\" src=\"https:\/\/blog.holyart.it\/it\/wp-content\/uploads\/sites\/17\/2025\/06\/casula-stampa-color-panna-logo-ufficiale-giubileo-2025-roma.jpg\" alt=\"casula stampa color panna logo ufficiale giubileo 2025 roma\" width=\"500\" height=\"500\" \/>\r\n\t\t\t<div class=\"sp-thumbnail\"><a class=\"\" href=\"https:\/\/www.holyart.it\/it\/giubileo-2025-pellegrini-di-speranza\/paramenti-giubileo-2025\/casula-stampa-color-panna-logo-ufficiale-giubileo-2025-roma\">\r\n\t\t\t\t<img decoding=\"async\" src=\"https:\/\/blog.holyart.it\/it\/wp-content\/uploads\/sites\/17\/2025\/06\/casula-stampa-color-panna-logo-ufficiale-giubileo-2025-roma-1.jpg\" alt=\"casula stampa color panna logo ufficiale giubileo 2025 roma\" \/>\r\n\t\t\t<\/a>\r\n\t\t\t<\/div>\r\n\t\t\t<div class=\"sp-caption\">Casula stampa color panna logo ufficiale Giubileo 2025 Roma<br \/>\n<strong><a href=\"https:\/\/www.holyart.it\/it\/giubileo-2025-pellegrini-di-speranza\/paramenti-giubileo-2025\/casula-stampa-color-panna-logo-ufficiale-giubileo-2025-roma\">Acquista su Holyart<\/a><\/strong><\/div>\r\n\t\t<\/div>\r\n\t\t<div class=\"sp-slide\">\r\n\t\t\t<img loading=\"lazy\" decoding=\"async\" class=\"sp-image\" src=\"https:\/\/blog.holyart.it\/it\/wp-content\/uploads\/sites\/17\/2025\/06\/casula-giubileo-2025-ricamata-con-stola-logo-ufficiale.jpg\" alt=\"casula giubileo 2025 ricamata con stola logo ufficiale\" width=\"500\" height=\"500\" \/>\r\n\t\t\t<div class=\"sp-thumbnail\"><a class=\"\" href=\"https:\/\/www.holyart.it\/it\/giubileo-2025-pellegrini-di-speranza\/paramenti-giubileo-2025\/casula-giubileo-2025-ricamata-con-stola-logo-ufficiale\">\r\n\t\t\t\t<img decoding=\"async\" src=\"https:\/\/blog.holyart.it\/it\/wp-content\/uploads\/sites\/17\/2025\/06\/casula-giubileo-2025-ricamata-con-stola-logo-ufficiale-1.jpg\" alt=\"casula giubileo 2025 ricamata con stola logo ufficiale\" \/>\r\n\t\t\t<\/a>\r\n\t\t\t<\/div>\r\n\t\t\t<div class=\"sp-caption\">Casula Giubileo 2025 ricamata con stola logo ufficiale<br \/>\n<strong><a href=\"https:\/\/www.holyart.it\/it\/giubileo-2025-pellegrini-di-speranza\/paramenti-giubileo-2025\/casula-giubileo-2025-ricamata-con-stola-logo-ufficiale\">Acquista su Holyart<\/a><\/strong><\/div>\r\n\t\t<\/div>\r\n\t\t<div class=\"sp-slide\">\r\n\t\t\t<img loading=\"lazy\" decoding=\"async\" class=\"sp-image\" src=\"https:\/\/blog.holyart.it\/it\/wp-content\/uploads\/sites\/17\/2025\/06\/stola-giubileo-2025-logo-ufficiale-4-colori.jpg\" alt=\"stola giubileo 2025 logo ufficiale 4 colori\" width=\"500\" height=\"500\" \/>\r\n\t\t\t<div class=\"sp-thumbnail\"><a class=\"\" href=\"https:\/\/www.holyart.it\/it\/giubileo-2025-pellegrini-di-speranza\/paramenti-giubileo-2025\/stola-giubileo-2025-logo-ufficiale-4-colori\">\r\n\t\t\t\t<img decoding=\"async\" src=\"https:\/\/blog.holyart.it\/it\/wp-content\/uploads\/sites\/17\/2025\/06\/stola-giubileo-2025-logo-ufficiale-4-colori-1.jpg\" alt=\"stola giubileo 2025 logo ufficiale 4 colori\" \/>\r\n\t\t\t<\/a>\r\n\t\t\t<\/div>\r\n\t\t\t<div class=\"sp-caption\">Stola Giubileo 2025 logo ufficiale 4 colori<br \/>\n<strong><a href=\"https:\/\/www.holyart.it\/it\/giubileo-2025-pellegrini-di-speranza\/paramenti-giubileo-2025\/stola-giubileo-2025-logo-ufficiale-4-colori\">Acquista su Holyart<\/a><\/strong><\/div>\r\n\t\t<\/div>\r\n\t\t<div class=\"sp-slide\">\r\n\t\t\t<img loading=\"lazy\" decoding=\"async\" class=\"sp-image\" src=\"https:\/\/blog.holyart.it\/it\/wp-content\/uploads\/sites\/17\/2025\/06\/casula-logo-ufficiale-giubileo-2025-ricami-dorati-stola-abbinata.jpg\" alt=\"casula logo ufficiale giubileo 2025 ricami dorati stola abbinata\" width=\"500\" height=\"500\" \/>\r\n\t\t\t<div class=\"sp-thumbnail\"><a class=\"\" href=\"https:\/\/www.holyart.it\/it\/giubileo-2025-pellegrini-di-speranza\/paramenti-giubileo-2025\/casula-logo-ufficiale-giubileo-2025-ricami-dorati-stola-abbinata\">\r\n\t\t\t\t<img decoding=\"async\" src=\"https:\/\/blog.holyart.it\/it\/wp-content\/uploads\/sites\/17\/2025\/06\/casula-logo-ufficiale-giubileo-2025-ricami-dorati-stola-abbinata-1.jpg\" alt=\"casula logo ufficiale giubileo 2025 ricami dorati stola abbinata\" \/>\r\n\t\t\t<\/a>\r\n\t\t\t<\/div>\r\n\t\t\t<div class=\"sp-caption\">Casula logo ufficiale Giubileo 2025 ricami dorati stola abbinata<br \/>\n<strong><a href=\"https:\/\/www.holyart.it\/it\/giubileo-2025-pellegrini-di-speranza\/paramenti-giubileo-2025\/casula-logo-ufficiale-giubileo-2025-ricami-dorati-stola-abbinata\">Acquista su Holyart<\/a><\/strong><\/div>\r\n\t\t<\/div>\r\n\t\t<div class=\"sp-slide\">\r\n\t\t\t<img loading=\"lazy\" decoding=\"async\" class=\"sp-image\" src=\"https:\/\/blog.holyart.it\/it\/wp-content\/uploads\/sites\/17\/2025\/06\/casula-gotica-slabbinck-avorio-con-stolone-rosso-dupion-lusso-giubileo-2025.jpg\" alt=\"casula gotica slabbinck avorio con stolone rosso dupion lusso giubileo 2025\" width=\"500\" height=\"500\" \/>\r\n\t\t\t<div class=\"sp-thumbnail\"><a class=\"\" href=\"https:\/\/www.holyart.it\/it\/giubileo-2025-pellegrini-di-speranza\/paramenti-giubileo-2025\/casula-gotica-slabbinck-avorio-con-stolone-rosso-dupion-lusso-giubileo-2025\">\r\n\t\t\t\t<img decoding=\"async\" src=\"https:\/\/blog.holyart.it\/it\/wp-content\/uploads\/sites\/17\/2025\/06\/casula-gotica-slabbinck-avorio-con-stolone-rosso-dupion-lusso-giubileo-2025-1.jpg\" alt=\"casula gotica slabbinck avorio con stolone rosso dupion lusso giubileo 2025\" \/>\r\n\t\t\t<\/a>\r\n\t\t\t<\/div>\r\n\t\t\t<div class=\"sp-caption\">Casula gotica Slabbinck avorio con stolone rosso dupion lusso Giubileo 2025<br \/>\n<strong><a href=\"https:\/\/www.holyart.it\/it\/giubileo-2025-pellegrini-di-speranza\/paramenti-giubileo-2025\/casula-gotica-slabbinck-avorio-con-stolone-rosso-dupion-lusso-giubileo-2025\">Acquista su Holyart<\/a><\/strong><\/div>\r\n\t\t<\/div>\r\n\t<\/div>\r\n<\/div>\n","protected":false},"excerpt":{"rendered":"<p>Giubileo dei Sacerdoti 2025: quando la Chiesa ritrova s\u00e9 stessa e torna a camminare C\u2019\u00e8 un momento, nella vita di un uomo che crede, in cui il cuore sente il bisogno di tornare alla sorgente. Quando la voce si fa preghiera, il silenzio diventa ascolto,&hellip;<\/p>\n","protected":false},"author":1,"featured_media":22070,"comment_status":"closed","ping_status":"open","sticky":false,"template":"","format":"standard","meta":{"_acf_changed":false,"footnotes":""},"categories":[25],"tags":[],"class_list":["post-22059","post","type-post","status-publish","format-standard","has-post-thumbnail","hentry","category-giubileo-2025"],"acf":[],"yoast_head":"<!-- This site is optimized with the Yoast SEO plugin v26.6 - https:\/\/yoast.com\/wordpress\/plugins\/seo\/ -->\n<title>Giubileo dei Sacerdoti 2025: info e programma dell&#039;evento - Holyblog<\/title>\n<meta name=\"description\" content=\"Il Giubileo dei Sacerdoti accoglier\u00e0 migliaia di presbiteri a Roma per una serie di eventi unici. Un\u2019occasione di incontro, preghiera e fede\" \/>\n<meta name=\"robots\" content=\"index, follow, max-snippet:-1, max-image-preview:large, max-video-preview:-1\" \/>\n<link rel=\"canonical\" href=\"https:\/\/blog.holyart.it\/it\/giubileo-2025\/giubileo-dei-sacerdoti-2025-info-e-programma-dellevento\/\" \/>\n<meta property=\"og:locale\" content=\"it_IT\" \/>\n<meta property=\"og:type\" content=\"article\" \/>\n<meta property=\"og:title\" content=\"Giubileo dei Sacerdoti 2025: info e programma dell&#039;evento - Holyblog\" \/>\n<meta property=\"og:description\" content=\"Il Giubileo dei Sacerdoti accoglier\u00e0 migliaia di presbiteri a Roma per una serie di eventi unici. Un\u2019occasione di incontro, preghiera e fede\" \/>\n<meta property=\"og:url\" content=\"https:\/\/blog.holyart.it\/it\/giubileo-2025\/giubileo-dei-sacerdoti-2025-info-e-programma-dellevento\/\" \/>\n<meta property=\"og:site_name\" content=\"Holyblog\" \/>\n<meta property=\"article:published_time\" content=\"2025-06-11T08:00:36+00:00\" \/>\n<meta property=\"article:modified_time\" content=\"2025-06-18T10:21:05+00:00\" \/>\n<meta property=\"og:image\" content=\"https:\/\/blog.holyart.it\/it\/wp-content\/uploads\/sites\/17\/2025\/06\/giubileo-dei-sacerdoti.jpg\" \/>\n\t<meta property=\"og:image:width\" content=\"1000\" \/>\n\t<meta property=\"og:image:height\" content=\"666\" \/>\n\t<meta property=\"og:image:type\" content=\"image\/jpeg\" \/>\n<meta name=\"author\" content=\"Redazione\" \/>\n<meta name=\"twitter:card\" content=\"summary_large_image\" \/>\n<meta name=\"twitter:label1\" content=\"Scritto da\" \/>\n\t<meta name=\"twitter:data1\" content=\"Redazione\" \/>\n\t<meta name=\"twitter:label2\" content=\"Tempo di lettura stimato\" \/>\n\t<meta name=\"twitter:data2\" content=\"8 minuti\" \/>\n<script type=\"application\/ld+json\" class=\"yoast-schema-graph\">{\"@context\":\"https:\/\/schema.org\",\"@graph\":[{\"@type\":\"Article\",\"@id\":\"https:\/\/blog.holyart.it\/it\/giubileo-2025\/giubileo-dei-sacerdoti-2025-info-e-programma-dellevento\/#article\",\"isPartOf\":{\"@id\":\"https:\/\/blog.holyart.it\/it\/giubileo-2025\/giubileo-dei-sacerdoti-2025-info-e-programma-dellevento\/\"},\"author\":{\"name\":\"Redazione\",\"@id\":\"https:\/\/blog.holyart.it\/it\/#\/schema\/person\/0a7b686e5af0f856ec1e390dd0baecda\"},\"headline\":\"Giubileo dei Sacerdoti 2025: info e programma dell&#8217;evento\",\"datePublished\":\"2025-06-11T08:00:36+00:00\",\"dateModified\":\"2025-06-18T10:21:05+00:00\",\"mainEntityOfPage\":{\"@id\":\"https:\/\/blog.holyart.it\/it\/giubileo-2025\/giubileo-dei-sacerdoti-2025-info-e-programma-dellevento\/\"},\"wordCount\":1168,\"publisher\":{\"@id\":\"https:\/\/blog.holyart.it\/it\/#organization\"},\"image\":{\"@id\":\"https:\/\/blog.holyart.it\/it\/giubileo-2025\/giubileo-dei-sacerdoti-2025-info-e-programma-dellevento\/#primaryimage\"},\"thumbnailUrl\":\"https:\/\/blog.holyart.it\/it\/wp-content\/uploads\/sites\/17\/2025\/06\/giubileo-dei-sacerdoti.jpg\",\"articleSection\":[\"Giubileo 2025\"],\"inLanguage\":\"it-IT\"},{\"@type\":\"WebPage\",\"@id\":\"https:\/\/blog.holyart.it\/it\/giubileo-2025\/giubileo-dei-sacerdoti-2025-info-e-programma-dellevento\/\",\"url\":\"https:\/\/blog.holyart.it\/it\/giubileo-2025\/giubileo-dei-sacerdoti-2025-info-e-programma-dellevento\/\",\"name\":\"Giubileo dei Sacerdoti 2025: info e programma dell'evento - Holyblog\",\"isPartOf\":{\"@id\":\"https:\/\/blog.holyart.it\/it\/#website\"},\"primaryImageOfPage\":{\"@id\":\"https:\/\/blog.holyart.it\/it\/giubileo-2025\/giubileo-dei-sacerdoti-2025-info-e-programma-dellevento\/#primaryimage\"},\"image\":{\"@id\":\"https:\/\/blog.holyart.it\/it\/giubileo-2025\/giubileo-dei-sacerdoti-2025-info-e-programma-dellevento\/#primaryimage\"},\"thumbnailUrl\":\"https:\/\/blog.holyart.it\/it\/wp-content\/uploads\/sites\/17\/2025\/06\/giubileo-dei-sacerdoti.jpg\",\"datePublished\":\"2025-06-11T08:00:36+00:00\",\"dateModified\":\"2025-06-18T10:21:05+00:00\",\"description\":\"Il Giubileo dei Sacerdoti accoglier\u00e0 migliaia di presbiteri a Roma per una serie di eventi unici. Un\u2019occasione di incontro, preghiera e fede\",\"breadcrumb\":{\"@id\":\"https:\/\/blog.holyart.it\/it\/giubileo-2025\/giubileo-dei-sacerdoti-2025-info-e-programma-dellevento\/#breadcrumb\"},\"inLanguage\":\"it-IT\",\"potentialAction\":[{\"@type\":\"ReadAction\",\"target\":[\"https:\/\/blog.holyart.it\/it\/giubileo-2025\/giubileo-dei-sacerdoti-2025-info-e-programma-dellevento\/\"]}]},{\"@type\":\"ImageObject\",\"inLanguage\":\"it-IT\",\"@id\":\"https:\/\/blog.holyart.it\/it\/giubileo-2025\/giubileo-dei-sacerdoti-2025-info-e-programma-dellevento\/#primaryimage\",\"url\":\"https:\/\/blog.holyart.it\/it\/wp-content\/uploads\/sites\/17\/2025\/06\/giubileo-dei-sacerdoti.jpg\",\"contentUrl\":\"https:\/\/blog.holyart.it\/it\/wp-content\/uploads\/sites\/17\/2025\/06\/giubileo-dei-sacerdoti.jpg\",\"width\":1000,\"height\":666,\"caption\":\"giubileo dei sacerdoti\"},{\"@type\":\"BreadcrumbList\",\"@id\":\"https:\/\/blog.holyart.it\/it\/giubileo-2025\/giubileo-dei-sacerdoti-2025-info-e-programma-dellevento\/#breadcrumb\",\"itemListElement\":[{\"@type\":\"ListItem\",\"position\":1,\"name\":\"Homepage\",\"item\":\"https:\/\/blog.holyart.it\/it\/\"},{\"@type\":\"ListItem\",\"position\":2,\"name\":\"Giubileo 2025\",\"item\":\"https:\/\/blog.holyart.it\/it\/giubileo-2025\/\"},{\"@type\":\"ListItem\",\"position\":3,\"name\":\"Giubileo dei Sacerdoti 2025: info e programma dell&#8217;evento\"}]},{\"@type\":\"WebSite\",\"@id\":\"https:\/\/blog.holyart.it\/it\/#website\",\"url\":\"https:\/\/blog.holyart.it\/it\/\",\"name\":\"Holyblog\",\"description\":\"Il Blog di Holyart.it\",\"publisher\":{\"@id\":\"https:\/\/blog.holyart.it\/it\/#organization\"},\"potentialAction\":[{\"@type\":\"SearchAction\",\"target\":{\"@type\":\"EntryPoint\",\"urlTemplate\":\"https:\/\/blog.holyart.it\/it\/?s={search_term_string}\"},\"query-input\":{\"@type\":\"PropertyValueSpecification\",\"valueRequired\":true,\"valueName\":\"search_term_string\"}}],\"inLanguage\":\"it-IT\"},{\"@type\":\"Organization\",\"@id\":\"https:\/\/blog.holyart.it\/it\/#organization\",\"name\":\"Holyblog\",\"url\":\"https:\/\/blog.holyart.it\/it\/\",\"logo\":{\"@type\":\"ImageObject\",\"inLanguage\":\"it-IT\",\"@id\":\"https:\/\/blog.holyart.it\/it\/#\/schema\/logo\/image\/\",\"url\":\"https:\/\/blog.holyart.it\/it\/wp-content\/uploads\/sites\/17\/2022\/12\/Holyart_Blog_Logo.jpg\",\"contentUrl\":\"https:\/\/blog.holyart.it\/it\/wp-content\/uploads\/sites\/17\/2022\/12\/Holyart_Blog_Logo.jpg\",\"width\":300,\"height\":50,\"caption\":\"Holyblog\"},\"image\":{\"@id\":\"https:\/\/blog.holyart.it\/it\/#\/schema\/logo\/image\/\"}},{\"@type\":\"Person\",\"@id\":\"https:\/\/blog.holyart.it\/it\/#\/schema\/person\/0a7b686e5af0f856ec1e390dd0baecda\",\"name\":\"Redazione\"}]}<\/script>\n<!-- \/ Yoast SEO plugin. -->","yoast_head_json":{"title":"Giubileo dei Sacerdoti 2025: info e programma dell'evento - Holyblog","description":"Il Giubileo dei Sacerdoti accoglier\u00e0 migliaia di presbiteri a Roma per una serie di eventi unici. Un\u2019occasione di incontro, preghiera e fede","robots":{"index":"index","follow":"follow","max-snippet":"max-snippet:-1","max-image-preview":"max-image-preview:large","max-video-preview":"max-video-preview:-1"},"canonical":"https:\/\/blog.holyart.it\/it\/giubileo-2025\/giubileo-dei-sacerdoti-2025-info-e-programma-dellevento\/","og_locale":"it_IT","og_type":"article","og_title":"Giubileo dei Sacerdoti 2025: info e programma dell'evento - Holyblog","og_description":"Il Giubileo dei Sacerdoti accoglier\u00e0 migliaia di presbiteri a Roma per una serie di eventi unici. Un\u2019occasione di incontro, preghiera e fede","og_url":"https:\/\/blog.holyart.it\/it\/giubileo-2025\/giubileo-dei-sacerdoti-2025-info-e-programma-dellevento\/","og_site_name":"Holyblog","article_published_time":"2025-06-11T08:00:36+00:00","article_modified_time":"2025-06-18T10:21:05+00:00","og_image":[{"width":1000,"height":666,"url":"https:\/\/blog.holyart.it\/it\/wp-content\/uploads\/sites\/17\/2025\/06\/giubileo-dei-sacerdoti.jpg","type":"image\/jpeg"}],"author":"Redazione","twitter_card":"summary_large_image","twitter_misc":{"Scritto da":"Redazione","Tempo di lettura stimato":"8 minuti"},"schema":{"@context":"https:\/\/schema.org","@graph":[{"@type":"Article","@id":"https:\/\/blog.holyart.it\/it\/giubileo-2025\/giubileo-dei-sacerdoti-2025-info-e-programma-dellevento\/#article","isPartOf":{"@id":"https:\/\/blog.holyart.it\/it\/giubileo-2025\/giubileo-dei-sacerdoti-2025-info-e-programma-dellevento\/"},"author":{"name":"Redazione","@id":"https:\/\/blog.holyart.it\/it\/#\/schema\/person\/0a7b686e5af0f856ec1e390dd0baecda"},"headline":"Giubileo dei Sacerdoti 2025: info e programma dell&#8217;evento","datePublished":"2025-06-11T08:00:36+00:00","dateModified":"2025-06-18T10:21:05+00:00","mainEntityOfPage":{"@id":"https:\/\/blog.holyart.it\/it\/giubileo-2025\/giubileo-dei-sacerdoti-2025-info-e-programma-dellevento\/"},"wordCount":1168,"publisher":{"@id":"https:\/\/blog.holyart.it\/it\/#organization"},"image":{"@id":"https:\/\/blog.holyart.it\/it\/giubileo-2025\/giubileo-dei-sacerdoti-2025-info-e-programma-dellevento\/#primaryimage"},"thumbnailUrl":"https:\/\/blog.holyart.it\/it\/wp-content\/uploads\/sites\/17\/2025\/06\/giubileo-dei-sacerdoti.jpg","articleSection":["Giubileo 2025"],"inLanguage":"it-IT"},{"@type":"WebPage","@id":"https:\/\/blog.holyart.it\/it\/giubileo-2025\/giubileo-dei-sacerdoti-2025-info-e-programma-dellevento\/","url":"https:\/\/blog.holyart.it\/it\/giubileo-2025\/giubileo-dei-sacerdoti-2025-info-e-programma-dellevento\/","name":"Giubileo dei Sacerdoti 2025: info e programma dell'evento - Holyblog","isPartOf":{"@id":"https:\/\/blog.holyart.it\/it\/#website"},"primaryImageOfPage":{"@id":"https:\/\/blog.holyart.it\/it\/giubileo-2025\/giubileo-dei-sacerdoti-2025-info-e-programma-dellevento\/#primaryimage"},"image":{"@id":"https:\/\/blog.holyart.it\/it\/giubileo-2025\/giubileo-dei-sacerdoti-2025-info-e-programma-dellevento\/#primaryimage"},"thumbnailUrl":"https:\/\/blog.holyart.it\/it\/wp-content\/uploads\/sites\/17\/2025\/06\/giubileo-dei-sacerdoti.jpg","datePublished":"2025-06-11T08:00:36+00:00","dateModified":"2025-06-18T10:21:05+00:00","description":"Il Giubileo dei Sacerdoti accoglier\u00e0 migliaia di presbiteri a Roma per una serie di eventi unici. Un\u2019occasione di incontro, preghiera e fede","breadcrumb":{"@id":"https:\/\/blog.holyart.it\/it\/giubileo-2025\/giubileo-dei-sacerdoti-2025-info-e-programma-dellevento\/#breadcrumb"},"inLanguage":"it-IT","potentialAction":[{"@type":"ReadAction","target":["https:\/\/blog.holyart.it\/it\/giubileo-2025\/giubileo-dei-sacerdoti-2025-info-e-programma-dellevento\/"]}]},{"@type":"ImageObject","inLanguage":"it-IT","@id":"https:\/\/blog.holyart.it\/it\/giubileo-2025\/giubileo-dei-sacerdoti-2025-info-e-programma-dellevento\/#primaryimage","url":"https:\/\/blog.holyart.it\/it\/wp-content\/uploads\/sites\/17\/2025\/06\/giubileo-dei-sacerdoti.jpg","contentUrl":"https:\/\/blog.holyart.it\/it\/wp-content\/uploads\/sites\/17\/2025\/06\/giubileo-dei-sacerdoti.jpg","width":1000,"height":666,"caption":"giubileo dei sacerdoti"},{"@type":"BreadcrumbList","@id":"https:\/\/blog.holyart.it\/it\/giubileo-2025\/giubileo-dei-sacerdoti-2025-info-e-programma-dellevento\/#breadcrumb","itemListElement":[{"@type":"ListItem","position":1,"name":"Homepage","item":"https:\/\/blog.holyart.it\/it\/"},{"@type":"ListItem","position":2,"name":"Giubileo 2025","item":"https:\/\/blog.holyart.it\/it\/giubileo-2025\/"},{"@type":"ListItem","position":3,"name":"Giubileo dei Sacerdoti 2025: info e programma dell&#8217;evento"}]},{"@type":"WebSite","@id":"https:\/\/blog.holyart.it\/it\/#website","url":"https:\/\/blog.holyart.it\/it\/","name":"Holyblog","description":"Il Blog di Holyart.it","publisher":{"@id":"https:\/\/blog.holyart.it\/it\/#organization"},"potentialAction":[{"@type":"SearchAction","target":{"@type":"EntryPoint","urlTemplate":"https:\/\/blog.holyart.it\/it\/?s={search_term_string}"},"query-input":{"@type":"PropertyValueSpecification","valueRequired":true,"valueName":"search_term_string"}}],"inLanguage":"it-IT"},{"@type":"Organization","@id":"https:\/\/blog.holyart.it\/it\/#organization","name":"Holyblog","url":"https:\/\/blog.holyart.it\/it\/","logo":{"@type":"ImageObject","inLanguage":"it-IT","@id":"https:\/\/blog.holyart.it\/it\/#\/schema\/logo\/image\/","url":"https:\/\/blog.holyart.it\/it\/wp-content\/uploads\/sites\/17\/2022\/12\/Holyart_Blog_Logo.jpg","contentUrl":"https:\/\/blog.holyart.it\/it\/wp-content\/uploads\/sites\/17\/2022\/12\/Holyart_Blog_Logo.jpg","width":300,"height":50,"caption":"Holyblog"},"image":{"@id":"https:\/\/blog.holyart.it\/it\/#\/schema\/logo\/image\/"}},{"@type":"Person","@id":"https:\/\/blog.holyart.it\/it\/#\/schema\/person\/0a7b686e5af0f856ec1e390dd0baecda","name":"Redazione"}]}},"_links":{"self":[{"href":"https:\/\/blog.holyart.it\/it\/wp-json\/wp\/v2\/posts\/22059","targetHints":{"allow":["GET"]}}],"collection":[{"href":"https:\/\/blog.holyart.it\/it\/wp-json\/wp\/v2\/posts"}],"about":[{"href":"https:\/\/blog.holyart.it\/it\/wp-json\/wp\/v2\/types\/post"}],"author":[{"embeddable":true,"href":"https:\/\/blog.holyart.it\/it\/wp-json\/wp\/v2\/users\/1"}],"replies":[{"embeddable":true,"href":"https:\/\/blog.holyart.it\/it\/wp-json\/wp\/v2\/comments?post=22059"}],"version-history":[{"count":7,"href":"https:\/\/blog.holyart.it\/it\/wp-json\/wp\/v2\/posts\/22059\/revisions"}],"predecessor-version":[{"id":22180,"href":"https:\/\/blog.holyart.it\/it\/wp-json\/wp\/v2\/posts\/22059\/revisions\/22180"}],"wp:featuredmedia":[{"embeddable":true,"href":"https:\/\/blog.holyart.it\/it\/wp-json\/wp\/v2\/media\/22070"}],"wp:attachment":[{"href":"https:\/\/blog.holyart.it\/it\/wp-json\/wp\/v2\/media?parent=22059"}],"wp:term":[{"taxonomy":"category","embeddable":true,"href":"https:\/\/blog.holyart.it\/it\/wp-json\/wp\/v2\/categories?post=22059"},{"taxonomy":"post_tag","embeddable":true,"href":"https:\/\/blog.holyart.it\/it\/wp-json\/wp\/v2\/tags?post=22059"}],"curies":[{"name":"wp","href":"https:\/\/api.w.org\/{rel}","templated":true}]}}