{"id":21996,"date":"2025-06-30T10:00:22","date_gmt":"2025-06-30T08:00:22","guid":{"rendered":"https:\/\/blog.holyart.it\/it\/?p=21996"},"modified":"2025-05-30T17:39:26","modified_gmt":"2025-05-30T15:39:26","slug":"san-pellegrino-storia-del-martire-che-ispiro-padre-pio","status":"publish","type":"post","link":"https:\/\/blog.holyart.it\/it\/santi-e-beati\/san-pellegrino-storia-del-martire-che-ispiro-padre-pio\/","title":{"rendered":"San Pellegrino: storia del martire che ispir\u00f2 Padre Pio"},"content":{"rendered":"<h4>Chi era San Pellegrino? Conosciamo il giovane martire romano che sfid\u00f2 l\u2019imperatore per amore del Vangelo e il suo legame con Padre Pio<\/h4>\n\n<p><strong>Chi era San Pellegrino<\/strong>? Questa domanda sembra banale, ma \u00e8 un punto di partenza fondamentale, per poter scrivere questo articolo. Nel tempo, infatti, il nome\u00a0<strong>San Pellegrino<\/strong>\u00a0ha dato origine a molta confusione. E non \u00e8 difficile capirne il motivo. Oltre a\u00a0<strong>San Pellegrino Martire<\/strong>, giovane romano del II secolo di cui stiamo per raccontare la vita e il sacrificio, esistono infatti<strong>\u00a0<\/strong>altri santi omonimi che, pur venerati, appartengono a contesti storici e geografici differenti.<br \/>\nIl pi\u00f9 noto \u00e8\u00a0<a href=\"https:\/\/www.holyart.it\/blog\/santi-e-beati\/santi-guaritori-a-cui-rivolgersi-contro-le-malattie\/#San_Pellegrino\"><strong>San<\/strong>\u00a0<strong>Pellegrino Laziosi<\/strong><\/a>\u00a0(1265\u20131345), religioso italiano appartenente all&#8217;Ordine dei Servi di Maria, noto soprattutto come\u00a0<strong>patrono dei malati di cancro<\/strong>. Originario di Forl\u00ec, visse una vita di\u00a0<strong>preghiera, penitenza e servizio ai poveri<\/strong>. \u00c8 famoso per aver\u00a0<strong>sofferto di una forma grave di cancro alla gamba<\/strong>, che doveva essere amputata. Secondo la tradizione, la notte prima dell\u2019intervento ebbe una visione di Cristo crocifisso che toccava la sua ferita, e al risveglio era\u00a0<strong>miracolosamente guarito<\/strong>.<\/p>\n<div class=\"link-article\">\n<p><img loading=\"lazy\" decoding=\"async\" class=\"size-full wp-image-21997 alignleft\" src=\"https:\/\/blog.holyart.it\/it\/wp-content\/uploads\/sites\/17\/2025\/05\/i-santi-contro-malattie.jpg\" alt=\"i santi contro malattie\" width=\"150\" height=\"99\" data-kale-share-title=\"San Pellegrino: storia del martire che ispir\u00f2 Padre Pio\" data-kale-share-url=\"https:\/\/blog.holyart.it\/it\/?p=21996\" \/><\/p>\n<div class=\"leggi-anche\">Leggi anche:<\/div>\n<p><strong><a href=\"https:\/\/www.holyart.it\/blog\/santi-e-beati\/santi-guaritori-a-cui-rivolgersi-contro-le-malattie\/#San_Pellegrino\">Santi Guaritori a cui rivolgersi contro le malattie<\/a><\/strong><br \/>\nDa sempre l\u2019uomo invoca Dio per avere aiuto e conforto in caso di malattie gravi. Ma ci sono dei santi patroni&#8230;<\/p>\n<\/div>\n<p>C&#8217;\u00e8 poi\u00a0<strong>San Pellegrino di Auxerre<\/strong>, vescovo e martire del IV secolo, ucciso nel 304 d.C. in Gallia, l\u2019odierna Francia. Le sue reliquie furono successivamente traslate a Roma e da l\u00ec diffuse in varie zone d\u2019Italia, contribuendo alla sovrapposizione iconografica e devozionale.<br \/>\nUn altro San Pellegrino famoso \u00e8\u00a0<strong>San Pellegrino di Bominaco<\/strong>, venerato in Abruzzo, talvolta chiamato\u00a0<em>li siriano<\/em>. La tradizione ne attribuisce un\u2019origine orientale, forse siriaca, ma le fonti storiche su di lui sono scarse e frammentarie.<\/p>\n<p>Distinguere questi santi \u00e8 fondamentale per preservare l\u2019unicit\u00e0 della testimonianza di\u00a0<strong>San Pellegrino Martire<\/strong>, protagonista di questo articolo, il giovane che scelse il Vangelo invece della paura, la Croce invece del compromesso. Un testimone limpido, puro, senza sovrastrutture: forse proprio per questo, tra i pi\u00f9 vicini a chi oggi cerca nella fede una forza semplice e incrollabile.<strong>\u00a0<\/strong>San Pellegrino Martire non fa parte del vasto mosaico della santit\u00e0 cristiana, dove troviamo papi, vescovi e fondatori di ordini religiosi. Tra di essi esistono anche figure pi\u00f9 silenziose, ma non per questo meno straordinarie. Tra queste spicca proprio lui, un giovane romano del II secolo, la cui vita, e soprattutto la cui morte, ci raccontano la forza incrollabile della fede agli albori del cristianesimo. Nella nostra epoca disincantata, in cui il <strong>martirio<\/strong>\u00a0sembra un concetto lontano, la figura di San Pellegrino ci invita a riscoprire una fede fatta di gesti semplici e coraggiosi. Non servono parole roboanti per cambiare il mondo: basta una scelta, una presa di posizione, anche quando costa. Anche quando fa male.<\/p>\n<p>Come ci insegnano Pellegrino e\u00a0<a href=\"https:\/\/www.holyart.it\/blog\/santi-e-beati\/santuario-padre-pio-san-giovanni-rotondo\/\"><strong>Padre Pio da Pietrelcina<\/strong><\/a>, che, come scopriremo, a questo giovane martire \u00e8 legato in un modo sorprendente, la santit\u00e0 non \u00e8 una vetta per pochi, ma un\u00a0<strong>cammino accessibile a tutti<\/strong>. Un cammino che, spesso, comincia con un s\u00ec sussurrato. O con una visita a un santuario.<\/p>\n<div class=\"link-article\">\n<p><img loading=\"lazy\" decoding=\"async\" class=\"size-full wp-image-21998 alignleft\" src=\"https:\/\/blog.holyart.it\/it\/wp-content\/uploads\/sites\/17\/2025\/05\/santuario-di-padre-pio.jpg\" alt=\"santuario di padre pio\" width=\"150\" height=\"99\" data-kale-share-title=\"San Pellegrino: storia del martire che ispir\u00f2 Padre Pio\" data-kale-share-url=\"https:\/\/blog.holyart.it\/it\/?p=21996\" \/><\/p>\n<div class=\"leggi-anche\">Leggi anche:<\/div>\n<p><strong><a href=\"https:\/\/www.holyart.it\/blog\/santi-e-beati\/santuario-padre-pio-san-giovanni-rotondo\/\">Il Santuario di Padre Pio a San Giovanni Rotondo<\/a><\/strong><br \/>\nChe cosa spinge migliaia di persone a visitare ogni anno il Santuario di Padre Pio a San Giovanni Rotondo&#8230;<\/p>\n<\/div>\n<h2>Che santo \u00e8 San Pellegrino?<\/h2>\n<p>San Pellegrino non era un uomo di potere n\u00e9 un predicatore carismatico. Era un semplice ragazzo, nato in una famiglia cristiana di umili origini al Vico Lannario, una delle viuzze della Roma imperiale. In un\u2019epoca in cui professarsi cristiani significava spesso firmare la propria condanna a morte, Pellegrino\u00a0<strong>scelse consapevolmente di vivere il Vangelo alla lettera<\/strong>. Visitava poveri, curava gli ammalati, sosteneva spiritualmente i prigionieri. Non con sermoni, ma con gesti concreti.<\/p>\n<p>Il suo luogo del cuore era il\u00a0<strong>palazzo Pudenziano<\/strong>, dove si riuniva la comunit\u00e0 cristiana. Una chiesa nascosta nel cuore della capitale, mentre fuori infuriava la tempesta del potere imperiale. Era il tempo di Commodo, l\u2019imperatore che si credeva un dio. A Pellegrino e ai suoi tre amici, Eusebio, Ponziano e Vincenzo, fu chiesto di riconoscerlo come tale. Loro rifiutarono. Con dolce fermezza, con incrollabile fede. E per questo furono\u00a0<strong><a href=\"https:\/\/www.holyart.it\/blog\/santi-e-beati\/santi-martiri-sacrificare-la-propria-vita-in-nome-di-dio\/\">martirizzati<\/a> nell\u2019anfiteatro Flavio<\/strong>, quello che oggi chiamiamo Colosseo.<\/p>\n<p>Il giorno era il 25 agosto del 192 d.C. Davanti al giudice Vitellio e alla folla romana, i quattro giovani furono flagellati con fruste munite di piombini sulla\u00a0<em>pietra scellerata<\/em>, un supplizio riservato ai rei pi\u00f9 infami. Ma per loro fu l&#8217;altare che li consacr\u00f2 alla santit\u00e0, innalzandoli un po&#8217; pi\u00f9 vicini al Cielo. Vennero poi lasciati morire lungo la via Aurelia.<strong>\u00a0<\/strong>Il sacerdote Rufino, presente tra la folla, raccolse il loro sangue in quattro ampolle. Quel gesto sigill\u00f2 la loro testimonianza. Un atto di amore estremo, che nei secoli avrebbe ispirato generazioni di credenti.<\/p>\n<div class=\"link-article\">\n<p><img loading=\"lazy\" decoding=\"async\" class=\"size-full wp-image-22000 alignleft\" src=\"https:\/\/blog.holyart.it\/it\/wp-content\/uploads\/sites\/17\/2025\/05\/Santi-martiri-1.jpg\" alt=\"Santi martiri\" width=\"150\" height=\"99\" data-kale-share-title=\"San Pellegrino: storia del martire che ispir\u00f2 Padre Pio\" data-kale-share-url=\"https:\/\/blog.holyart.it\/it\/?p=21996\" \/><\/p>\n<div class=\"leggi-anche\">Leggi anche:<\/div>\n<p><strong><a href=\"https:\/\/www.holyart.it\/blog\/santi-e-beati\/santi-martiri-sacrificare-la-propria-vita-in-nome-di-dio\/\">Santi Martiri: sacrificare la propria vita in nome di Dio<\/a><\/strong><br \/>\nI Santi Martiri sono uomini e donne, spesso molto giovani, che hanno sacrificato la propria vita per amore di Dio&#8230;<\/p>\n<\/div>\n<p>La fama di San Pellegrino, nel tempo, varc\u00f2 le mura di Roma. Si diffuse soprattutto nel Sud Italia, dove il suo nome \u00e8 ancora oggi sinonimo di protezione e guarigione. Non a caso, \u00e8 spesso invocato come<strong>\u00a0santo taumaturgo<\/strong>, capace di intercedere per chi soffre, fisicamente o spiritualmente.<\/p>\n<h2>Dove ha vissuto San Pellegrino?<\/h2>\n<p>San Pellegrino Martire visse interamente nel cuore di Roma, in un\u2019epoca in cui professare la fede cristiana significava vivere in clandestinit\u00e0. Nato al Vico Lannario, una piccola via dell\u2019antica citt\u00e0, crebbe in una famiglia cristiana di modeste condizioni. Ma fu proprio in quella semplicit\u00e0 che la sua vocazione sbocci\u00f2.<\/p>\n<p>Frequentava la comunit\u00e0 del palazzo Pudenziano, uno dei rari luoghi in cui i cristiani potevano radunarsi prima che l\u2019imperatore Commodo scatenasse una nuova ondata di persecuzioni. Pellegrino non predicava dai pulpiti, ma nelle case e per le strade, visitando poveri, curando malati, confortando prigionieri. Era un apostolo della quotidianit\u00e0, un testimone del Vangelo nei vicoli dell\u2019Impero.<\/p>\n<h2>Quando cade San Pellegrino?<\/h2>\n<p>La memoria liturgica di San Pellegrino Martire cade il\u00a0<strong>25 agosto<\/strong>. In molte localit\u00e0 del Sud, in particolare ad\u00a0<strong>Altavilla Irpina<\/strong>, \u00e8 festa grande. Processioni, celebrazioni, canti popolari e manifestazioni che intrecciano il sacro e il profano, come accade spesso nel cuore profondo dell\u2019Italia cristiana.<\/p>\n<p>Il\u00a0<strong>Santuario di Altavilla<\/strong>\u00a0\u00e8 ancora oggi una <a href=\"https:\/\/www.holyart.it\/blog\/articoli-religiosi\/5-luoghi-di-pellegrinaggio-dove-andare-almeno-una-volta-nella-vita\/\"><strong>meta di pellegrinaggio<\/strong><\/a>, non solo per la memoria del martire, ma anche per il suo legame con\u00a0<a href=\"https:\/\/www.holyart.it\/it\/occasioni-speciali\/padre-pio\"><strong>Padre Pio<\/strong><\/a>. Ogni anno, migliaia di fedeli vi si recano per chiedere una grazia, per pregare, o semplicemente per ritrovare il silenzio e la pace.<\/p>\n<div class=\"link-product\">\n<div class=\"blocco-immagine\"><img loading=\"lazy\" decoding=\"async\" class=\"size-full wp-image-22002 alignleft\" src=\"https:\/\/blog.holyart.it\/it\/wp-content\/uploads\/sites\/17\/2025\/05\/san-pio-in-resina-cm-30-landi.jpg\" alt=\"san pio in resina cm 30 landi\" width=\"100\" height=\"100\" data-kale-share-title=\"San Pellegrino: storia del martire che ispir\u00f2 Padre Pio\" data-kale-share-url=\"https:\/\/blog.holyart.it\/it\/?p=21996\" \/><\/div>\n<div class=\"blocco-contenuto\">\n<div class=\"blocco-acquista\">Acquista su Holyart:<\/div>\n<div class=\"blocco-titolo\"><a href=\"https:\/\/www.holyart.it\/it\/occasioni-speciali\/padre-pio\">Padre Pio<\/a><\/div>\n<div class=\"blocco-descrizione\">Padre Pio, il grande frate di Pietralcina.<\/div>\n<\/div>\n<\/div>\n<h2>Il miracolo che ispir\u00f2 Padre Pio<\/h2>\n<p>C\u2019\u00e8 un dettaglio che rende la storia di San Pellegrino ancora pi\u00f9 potente. Un ponte inaspettato tra il II e il XX secolo. Da ragazzo, Francesco Forgione, il futuro Padre Pio, visit\u00f2 il\u00a0<strong>Santuario di San Pellegrino ad Altavilla Irpina<\/strong>, in provincia di Avellino. Era solo un bambino, ma quel pellegrinaggio fu per lui l\u2019inizio di qualcosa. Secondo i racconti, in quel luogo sacro visse la sua prima esperienza mistica, una sorta di\u00a0<em>miracolo fondativo<\/em>\u00a0della sua vocazione.<\/p>\n<p>\u00c8 l\u2019alba del 25 agosto 1896. Pietrelcina dorme ancora, ma due figure si muovono lentamente lungo la strada sterrata che porta verso l\u2019Irpinia. Uno \u00e8 Grazio Forgione, contadino dalle mani forti e dal cuore semplice. L\u2019altro \u00e8 suo figlio, Francesco, un bambino dagli occhi attenti e silenziosi. Viaggiano a dorso d\u2019asino, diretti ad Altavilla Irpina, dove si celebra la<strong>\u00a0festa di San Pellegrino Martire<\/strong>. Per Grazio \u00e8 un giorno di devozione. Per Francesco sar\u00e0 molto di pi\u00f9. Giunti al paese, le vie brulicano di gente. La Collegiata dell\u2019Assunta \u00e8 gi\u00e0 gremita: uomini, donne, bambini, pellegrini da ogni angolo della Campania sono accorsi per onorare il santo taumaturgo nel giorno del suo martirio. L\u2019aria profuma d\u2019incenso e sudore. Le campane suonano a festa.\u00a0Padre e figlio si fanno largo tra la folla e, con un misto di fatica e stupore, raggiungono l\u2019altare maggiore. Francesco si inginocchia, lo sguardo fisso sulla statua del santo. Pregano. Le voci intorno si fanno pi\u00f9 forti, quasi fastidiose. Grazio, infastidito, gli sussurra:\u00a0<em>\u201cUsciamo, Ciccillo, c\u2019\u00e8 troppa confusione.\u201d<\/em>\u00a0Ma il ragazzo non si muove. Ha gli occhi sbarrati, il respiro corto.<br \/>\nD\u2019un tratto, nella chiesa, risuonano le grida di una madre disperata. Stringe tra le braccia un bambino deforme, le gambe contorte, il volto segnato dalla sofferenza. Piange, supplica, invoca il Santo. Poi, con un gesto disperato, posa il piccolo a terra, proprio davanti all\u2019altare. Il silenzio cala d\u2019improvviso, come un presagio.<br \/>\nE accade l\u2019inspiegabile.<br \/>\nIl bambino si alza. Cammina. Guarito.<br \/>\nFrancesco resta immobile, il volto rigato dalle lacrime. Non riesce a parlare. Quello che ha visto gli ha attraversato l\u2019anima. Qualcosa \u00e8 cambiato dentro di lui, per sempre. In quel giorno d\u2019agosto, in una chiesa affollata dell\u2019Irpinia, un bambino ha incontrato il mistero. E ha risposto con un\u00a0<em>s\u00ec<\/em>\u00a0silenzioso.<\/p>\n<p>Anni dopo, ormai divenuto <strong><a href=\"https:\/\/www.holyart.it\/blog\/santi-e-beati\/la-devozione-di-padre-pio-alla-madonna-di-pompei-e-il-dono-della-rosa\/\">Padre Pio<\/a><\/strong>, avrebbe ricordato quel momento come l\u2019<strong>origine del suo cammino spirituale<\/strong>. Ne parlava a bassa voce, con pudore e gratitudine. Lo confid\u00f2 anche a Padre Raffaele di Sant\u2019Elia a Pianisi, suo confessore e uno dei pochi a cui apriva davvero il cuore. Fu proprio lui a dire:<em>\u00a0\u201cQuel miracolo fu una specie di annuncio di tante cose misteriose che in seguito Dio avrebbe compiuto attraverso il futuro Padre Pio.\u201d<\/em><\/p>\n<div class=\"link-article\">\n<p><img loading=\"lazy\" decoding=\"async\" class=\"size-full wp-image-22005 alignleft\" src=\"https:\/\/blog.holyart.it\/it\/wp-content\/uploads\/sites\/17\/2025\/05\/padre-pio-e-madonna-di-pompei.jpeg\" alt=\"padre pio\" width=\"150\" height=\"93\" data-kale-share-title=\"San Pellegrino: storia del martire che ispir\u00f2 Padre Pio\" data-kale-share-url=\"https:\/\/blog.holyart.it\/it\/?p=21996\" \/><\/p>\n<div class=\"leggi-anche\">Leggi anche:<\/div>\n<p><strong><a href=\"https:\/\/www.holyart.it\/blog\/santi-e-beati\/la-devozione-di-padre-pio-alla-madonna-di-pompei-e-il-dono-della-rosa\/\">La devozione di Padre Pio alla Madonna di Pompei e il dono della rosa<\/a><\/strong><br \/>\nIl 5 maggio si festeggia l\u2019onomastico del Santo di Pietrelcina. Scopriamo&#8230;<\/p>\n<\/div>\n<p>San Pellegrino, dunque, non fu solo un martire dell\u2019antichit\u00e0. Fu anche la scintilla che accese la fiamma in uno dei santi pi\u00f9 amati del Novecento. Due anime separate da secoli, ma unite da una stessa logica d\u2019amore: quella della Croce.\u00a0Entrambi vissero nella carne il mistero del dolore redentivo. Pellegrino attraverso il martirio, Padre Pio attraverso le\u00a0<strong>stimmate<\/strong>. Entrambi affrontarono la sofferenza non come maledizione, ma come dono. Una partecipazione concreta al sacrificio di Cristo. Ed \u00e8 proprio in questa comunione spirituale che la loro santit\u00e0 si rafforza, diventando esempio vivo per chi oggi cerca senso nella prova.<\/p>\n","protected":false},"excerpt":{"rendered":"<p>Chi era San Pellegrino? Conosciamo il giovane martire romano che sfid\u00f2 l\u2019imperatore per amore del Vangelo e il suo legame con Padre Pio Chi era San Pellegrino? Questa domanda sembra banale, ma \u00e8 un punto di partenza fondamentale, per poter scrivere questo articolo. Nel tempo,&hellip;<\/p>\n","protected":false},"author":1,"featured_media":22007,"comment_status":"closed","ping_status":"open","sticky":false,"template":"","format":"standard","meta":{"_acf_changed":false,"footnotes":""},"categories":[15],"tags":[],"class_list":["post-21996","post","type-post","status-publish","format-standard","has-post-thumbnail","hentry","category-santi-e-beati"],"acf":[],"yoast_head":"<!-- This site is optimized with the Yoast SEO plugin v26.6 - https:\/\/yoast.com\/wordpress\/plugins\/seo\/ -->\n<title>San Pellegrino: storia del martire che ispir\u00f2 Padre Pio - Holyblog<\/title>\n<meta name=\"description\" content=\"Chi era San Pellegrino? Un ragazzo qualunque, con un coraggio fuori dal comune. Aveva un legame speciale: San Pellegrino e Padre Pio\" \/>\n<meta name=\"robots\" content=\"index, follow, max-snippet:-1, max-image-preview:large, max-video-preview:-1\" \/>\n<link rel=\"canonical\" href=\"https:\/\/blog.holyart.it\/it\/santi-e-beati\/san-pellegrino-storia-del-martire-che-ispiro-padre-pio\/\" \/>\n<meta property=\"og:locale\" content=\"it_IT\" \/>\n<meta property=\"og:type\" content=\"article\" \/>\n<meta property=\"og:title\" content=\"San Pellegrino: storia del martire che ispir\u00f2 Padre Pio - Holyblog\" \/>\n<meta property=\"og:description\" content=\"Chi era San Pellegrino? Un ragazzo qualunque, con un coraggio fuori dal comune. Aveva un legame speciale: San Pellegrino e Padre Pio\" \/>\n<meta property=\"og:url\" content=\"https:\/\/blog.holyart.it\/it\/santi-e-beati\/san-pellegrino-storia-del-martire-che-ispiro-padre-pio\/\" \/>\n<meta property=\"og:site_name\" content=\"Holyblog\" \/>\n<meta property=\"article:published_time\" content=\"2025-06-30T08:00:22+00:00\" \/>\n<meta property=\"og:image\" content=\"https:\/\/blog.holyart.it\/it\/wp-content\/uploads\/sites\/17\/2025\/05\/san-pellegrino-e-padre-pio.jpg\" \/>\n\t<meta property=\"og:image:width\" content=\"1000\" \/>\n\t<meta property=\"og:image:height\" content=\"666\" \/>\n\t<meta property=\"og:image:type\" content=\"image\/jpeg\" \/>\n<meta name=\"author\" content=\"Redazione\" \/>\n<meta name=\"twitter:card\" content=\"summary_large_image\" \/>\n<meta name=\"twitter:label1\" content=\"Scritto da\" \/>\n\t<meta name=\"twitter:data1\" content=\"Redazione\" \/>\n\t<meta name=\"twitter:label2\" content=\"Tempo di lettura stimato\" \/>\n\t<meta name=\"twitter:data2\" content=\"11 minuti\" \/>\n<script type=\"application\/ld+json\" class=\"yoast-schema-graph\">{\"@context\":\"https:\/\/schema.org\",\"@graph\":[{\"@type\":\"Article\",\"@id\":\"https:\/\/blog.holyart.it\/it\/santi-e-beati\/san-pellegrino-storia-del-martire-che-ispiro-padre-pio\/#article\",\"isPartOf\":{\"@id\":\"https:\/\/blog.holyart.it\/it\/santi-e-beati\/san-pellegrino-storia-del-martire-che-ispiro-padre-pio\/\"},\"author\":{\"name\":\"Redazione\",\"@id\":\"https:\/\/blog.holyart.it\/it\/#\/schema\/person\/0a7b686e5af0f856ec1e390dd0baecda\"},\"headline\":\"San Pellegrino: storia del martire che ispir\u00f2 Padre Pio\",\"datePublished\":\"2025-06-30T08:00:22+00:00\",\"mainEntityOfPage\":{\"@id\":\"https:\/\/blog.holyart.it\/it\/santi-e-beati\/san-pellegrino-storia-del-martire-che-ispiro-padre-pio\/\"},\"wordCount\":1688,\"publisher\":{\"@id\":\"https:\/\/blog.holyart.it\/it\/#organization\"},\"image\":{\"@id\":\"https:\/\/blog.holyart.it\/it\/santi-e-beati\/san-pellegrino-storia-del-martire-che-ispiro-padre-pio\/#primaryimage\"},\"thumbnailUrl\":\"https:\/\/blog.holyart.it\/it\/wp-content\/uploads\/sites\/17\/2025\/05\/san-pellegrino-e-padre-pio.jpg\",\"articleSection\":[\"Santi e beati\"],\"inLanguage\":\"it-IT\"},{\"@type\":\"WebPage\",\"@id\":\"https:\/\/blog.holyart.it\/it\/santi-e-beati\/san-pellegrino-storia-del-martire-che-ispiro-padre-pio\/\",\"url\":\"https:\/\/blog.holyart.it\/it\/santi-e-beati\/san-pellegrino-storia-del-martire-che-ispiro-padre-pio\/\",\"name\":\"San Pellegrino: storia del martire che ispir\u00f2 Padre Pio - Holyblog\",\"isPartOf\":{\"@id\":\"https:\/\/blog.holyart.it\/it\/#website\"},\"primaryImageOfPage\":{\"@id\":\"https:\/\/blog.holyart.it\/it\/santi-e-beati\/san-pellegrino-storia-del-martire-che-ispiro-padre-pio\/#primaryimage\"},\"image\":{\"@id\":\"https:\/\/blog.holyart.it\/it\/santi-e-beati\/san-pellegrino-storia-del-martire-che-ispiro-padre-pio\/#primaryimage\"},\"thumbnailUrl\":\"https:\/\/blog.holyart.it\/it\/wp-content\/uploads\/sites\/17\/2025\/05\/san-pellegrino-e-padre-pio.jpg\",\"datePublished\":\"2025-06-30T08:00:22+00:00\",\"description\":\"Chi era San Pellegrino? Un ragazzo qualunque, con un coraggio fuori dal comune. Aveva un legame speciale: San Pellegrino e Padre Pio\",\"breadcrumb\":{\"@id\":\"https:\/\/blog.holyart.it\/it\/santi-e-beati\/san-pellegrino-storia-del-martire-che-ispiro-padre-pio\/#breadcrumb\"},\"inLanguage\":\"it-IT\",\"potentialAction\":[{\"@type\":\"ReadAction\",\"target\":[\"https:\/\/blog.holyart.it\/it\/santi-e-beati\/san-pellegrino-storia-del-martire-che-ispiro-padre-pio\/\"]}]},{\"@type\":\"ImageObject\",\"inLanguage\":\"it-IT\",\"@id\":\"https:\/\/blog.holyart.it\/it\/santi-e-beati\/san-pellegrino-storia-del-martire-che-ispiro-padre-pio\/#primaryimage\",\"url\":\"https:\/\/blog.holyart.it\/it\/wp-content\/uploads\/sites\/17\/2025\/05\/san-pellegrino-e-padre-pio.jpg\",\"contentUrl\":\"https:\/\/blog.holyart.it\/it\/wp-content\/uploads\/sites\/17\/2025\/05\/san-pellegrino-e-padre-pio.jpg\",\"width\":1000,\"height\":666,\"caption\":\"chi era san pellegrino\"},{\"@type\":\"BreadcrumbList\",\"@id\":\"https:\/\/blog.holyart.it\/it\/santi-e-beati\/san-pellegrino-storia-del-martire-che-ispiro-padre-pio\/#breadcrumb\",\"itemListElement\":[{\"@type\":\"ListItem\",\"position\":1,\"name\":\"Homepage\",\"item\":\"https:\/\/blog.holyart.it\/it\/\"},{\"@type\":\"ListItem\",\"position\":2,\"name\":\"Santi e beati\",\"item\":\"https:\/\/blog.holyart.it\/it\/santi-e-beati\/\"},{\"@type\":\"ListItem\",\"position\":3,\"name\":\"San Pellegrino: storia del martire che ispir\u00f2 Padre Pio\"}]},{\"@type\":\"WebSite\",\"@id\":\"https:\/\/blog.holyart.it\/it\/#website\",\"url\":\"https:\/\/blog.holyart.it\/it\/\",\"name\":\"Holyblog\",\"description\":\"Il Blog di Holyart.it\",\"publisher\":{\"@id\":\"https:\/\/blog.holyart.it\/it\/#organization\"},\"potentialAction\":[{\"@type\":\"SearchAction\",\"target\":{\"@type\":\"EntryPoint\",\"urlTemplate\":\"https:\/\/blog.holyart.it\/it\/?s={search_term_string}\"},\"query-input\":{\"@type\":\"PropertyValueSpecification\",\"valueRequired\":true,\"valueName\":\"search_term_string\"}}],\"inLanguage\":\"it-IT\"},{\"@type\":\"Organization\",\"@id\":\"https:\/\/blog.holyart.it\/it\/#organization\",\"name\":\"Holyblog\",\"url\":\"https:\/\/blog.holyart.it\/it\/\",\"logo\":{\"@type\":\"ImageObject\",\"inLanguage\":\"it-IT\",\"@id\":\"https:\/\/blog.holyart.it\/it\/#\/schema\/logo\/image\/\",\"url\":\"https:\/\/blog.holyart.it\/it\/wp-content\/uploads\/sites\/17\/2022\/12\/Holyart_Blog_Logo.jpg\",\"contentUrl\":\"https:\/\/blog.holyart.it\/it\/wp-content\/uploads\/sites\/17\/2022\/12\/Holyart_Blog_Logo.jpg\",\"width\":300,\"height\":50,\"caption\":\"Holyblog\"},\"image\":{\"@id\":\"https:\/\/blog.holyart.it\/it\/#\/schema\/logo\/image\/\"}},{\"@type\":\"Person\",\"@id\":\"https:\/\/blog.holyart.it\/it\/#\/schema\/person\/0a7b686e5af0f856ec1e390dd0baecda\",\"name\":\"Redazione\"}]}<\/script>\n<!-- \/ Yoast SEO plugin. -->","yoast_head_json":{"title":"San Pellegrino: storia del martire che ispir\u00f2 Padre Pio - Holyblog","description":"Chi era San Pellegrino? Un ragazzo qualunque, con un coraggio fuori dal comune. Aveva un legame speciale: San Pellegrino e Padre Pio","robots":{"index":"index","follow":"follow","max-snippet":"max-snippet:-1","max-image-preview":"max-image-preview:large","max-video-preview":"max-video-preview:-1"},"canonical":"https:\/\/blog.holyart.it\/it\/santi-e-beati\/san-pellegrino-storia-del-martire-che-ispiro-padre-pio\/","og_locale":"it_IT","og_type":"article","og_title":"San Pellegrino: storia del martire che ispir\u00f2 Padre Pio - Holyblog","og_description":"Chi era San Pellegrino? Un ragazzo qualunque, con un coraggio fuori dal comune. Aveva un legame speciale: San Pellegrino e Padre Pio","og_url":"https:\/\/blog.holyart.it\/it\/santi-e-beati\/san-pellegrino-storia-del-martire-che-ispiro-padre-pio\/","og_site_name":"Holyblog","article_published_time":"2025-06-30T08:00:22+00:00","og_image":[{"width":1000,"height":666,"url":"https:\/\/blog.holyart.it\/it\/wp-content\/uploads\/sites\/17\/2025\/05\/san-pellegrino-e-padre-pio.jpg","type":"image\/jpeg"}],"author":"Redazione","twitter_card":"summary_large_image","twitter_misc":{"Scritto da":"Redazione","Tempo di lettura stimato":"11 minuti"},"schema":{"@context":"https:\/\/schema.org","@graph":[{"@type":"Article","@id":"https:\/\/blog.holyart.it\/it\/santi-e-beati\/san-pellegrino-storia-del-martire-che-ispiro-padre-pio\/#article","isPartOf":{"@id":"https:\/\/blog.holyart.it\/it\/santi-e-beati\/san-pellegrino-storia-del-martire-che-ispiro-padre-pio\/"},"author":{"name":"Redazione","@id":"https:\/\/blog.holyart.it\/it\/#\/schema\/person\/0a7b686e5af0f856ec1e390dd0baecda"},"headline":"San Pellegrino: storia del martire che ispir\u00f2 Padre Pio","datePublished":"2025-06-30T08:00:22+00:00","mainEntityOfPage":{"@id":"https:\/\/blog.holyart.it\/it\/santi-e-beati\/san-pellegrino-storia-del-martire-che-ispiro-padre-pio\/"},"wordCount":1688,"publisher":{"@id":"https:\/\/blog.holyart.it\/it\/#organization"},"image":{"@id":"https:\/\/blog.holyart.it\/it\/santi-e-beati\/san-pellegrino-storia-del-martire-che-ispiro-padre-pio\/#primaryimage"},"thumbnailUrl":"https:\/\/blog.holyart.it\/it\/wp-content\/uploads\/sites\/17\/2025\/05\/san-pellegrino-e-padre-pio.jpg","articleSection":["Santi e beati"],"inLanguage":"it-IT"},{"@type":"WebPage","@id":"https:\/\/blog.holyart.it\/it\/santi-e-beati\/san-pellegrino-storia-del-martire-che-ispiro-padre-pio\/","url":"https:\/\/blog.holyart.it\/it\/santi-e-beati\/san-pellegrino-storia-del-martire-che-ispiro-padre-pio\/","name":"San Pellegrino: storia del martire che ispir\u00f2 Padre Pio - Holyblog","isPartOf":{"@id":"https:\/\/blog.holyart.it\/it\/#website"},"primaryImageOfPage":{"@id":"https:\/\/blog.holyart.it\/it\/santi-e-beati\/san-pellegrino-storia-del-martire-che-ispiro-padre-pio\/#primaryimage"},"image":{"@id":"https:\/\/blog.holyart.it\/it\/santi-e-beati\/san-pellegrino-storia-del-martire-che-ispiro-padre-pio\/#primaryimage"},"thumbnailUrl":"https:\/\/blog.holyart.it\/it\/wp-content\/uploads\/sites\/17\/2025\/05\/san-pellegrino-e-padre-pio.jpg","datePublished":"2025-06-30T08:00:22+00:00","description":"Chi era San Pellegrino? Un ragazzo qualunque, con un coraggio fuori dal comune. Aveva un legame speciale: San Pellegrino e Padre Pio","breadcrumb":{"@id":"https:\/\/blog.holyart.it\/it\/santi-e-beati\/san-pellegrino-storia-del-martire-che-ispiro-padre-pio\/#breadcrumb"},"inLanguage":"it-IT","potentialAction":[{"@type":"ReadAction","target":["https:\/\/blog.holyart.it\/it\/santi-e-beati\/san-pellegrino-storia-del-martire-che-ispiro-padre-pio\/"]}]},{"@type":"ImageObject","inLanguage":"it-IT","@id":"https:\/\/blog.holyart.it\/it\/santi-e-beati\/san-pellegrino-storia-del-martire-che-ispiro-padre-pio\/#primaryimage","url":"https:\/\/blog.holyart.it\/it\/wp-content\/uploads\/sites\/17\/2025\/05\/san-pellegrino-e-padre-pio.jpg","contentUrl":"https:\/\/blog.holyart.it\/it\/wp-content\/uploads\/sites\/17\/2025\/05\/san-pellegrino-e-padre-pio.jpg","width":1000,"height":666,"caption":"chi era san pellegrino"},{"@type":"BreadcrumbList","@id":"https:\/\/blog.holyart.it\/it\/santi-e-beati\/san-pellegrino-storia-del-martire-che-ispiro-padre-pio\/#breadcrumb","itemListElement":[{"@type":"ListItem","position":1,"name":"Homepage","item":"https:\/\/blog.holyart.it\/it\/"},{"@type":"ListItem","position":2,"name":"Santi e beati","item":"https:\/\/blog.holyart.it\/it\/santi-e-beati\/"},{"@type":"ListItem","position":3,"name":"San Pellegrino: storia del martire che ispir\u00f2 Padre Pio"}]},{"@type":"WebSite","@id":"https:\/\/blog.holyart.it\/it\/#website","url":"https:\/\/blog.holyart.it\/it\/","name":"Holyblog","description":"Il Blog di Holyart.it","publisher":{"@id":"https:\/\/blog.holyart.it\/it\/#organization"},"potentialAction":[{"@type":"SearchAction","target":{"@type":"EntryPoint","urlTemplate":"https:\/\/blog.holyart.it\/it\/?s={search_term_string}"},"query-input":{"@type":"PropertyValueSpecification","valueRequired":true,"valueName":"search_term_string"}}],"inLanguage":"it-IT"},{"@type":"Organization","@id":"https:\/\/blog.holyart.it\/it\/#organization","name":"Holyblog","url":"https:\/\/blog.holyart.it\/it\/","logo":{"@type":"ImageObject","inLanguage":"it-IT","@id":"https:\/\/blog.holyart.it\/it\/#\/schema\/logo\/image\/","url":"https:\/\/blog.holyart.it\/it\/wp-content\/uploads\/sites\/17\/2022\/12\/Holyart_Blog_Logo.jpg","contentUrl":"https:\/\/blog.holyart.it\/it\/wp-content\/uploads\/sites\/17\/2022\/12\/Holyart_Blog_Logo.jpg","width":300,"height":50,"caption":"Holyblog"},"image":{"@id":"https:\/\/blog.holyart.it\/it\/#\/schema\/logo\/image\/"}},{"@type":"Person","@id":"https:\/\/blog.holyart.it\/it\/#\/schema\/person\/0a7b686e5af0f856ec1e390dd0baecda","name":"Redazione"}]}},"_links":{"self":[{"href":"https:\/\/blog.holyart.it\/it\/wp-json\/wp\/v2\/posts\/21996","targetHints":{"allow":["GET"]}}],"collection":[{"href":"https:\/\/blog.holyart.it\/it\/wp-json\/wp\/v2\/posts"}],"about":[{"href":"https:\/\/blog.holyart.it\/it\/wp-json\/wp\/v2\/types\/post"}],"author":[{"embeddable":true,"href":"https:\/\/blog.holyart.it\/it\/wp-json\/wp\/v2\/users\/1"}],"replies":[{"embeddable":true,"href":"https:\/\/blog.holyart.it\/it\/wp-json\/wp\/v2\/comments?post=21996"}],"version-history":[{"count":7,"href":"https:\/\/blog.holyart.it\/it\/wp-json\/wp\/v2\/posts\/21996\/revisions"}],"predecessor-version":[{"id":22042,"href":"https:\/\/blog.holyart.it\/it\/wp-json\/wp\/v2\/posts\/21996\/revisions\/22042"}],"wp:featuredmedia":[{"embeddable":true,"href":"https:\/\/blog.holyart.it\/it\/wp-json\/wp\/v2\/media\/22007"}],"wp:attachment":[{"href":"https:\/\/blog.holyart.it\/it\/wp-json\/wp\/v2\/media?parent=21996"}],"wp:term":[{"taxonomy":"category","embeddable":true,"href":"https:\/\/blog.holyart.it\/it\/wp-json\/wp\/v2\/categories?post=21996"},{"taxonomy":"post_tag","embeddable":true,"href":"https:\/\/blog.holyart.it\/it\/wp-json\/wp\/v2\/tags?post=21996"}],"curies":[{"name":"wp","href":"https:\/\/api.w.org\/{rel}","templated":true}]}}