{"id":21984,"date":"2025-06-25T10:00:26","date_gmt":"2025-06-25T08:00:26","guid":{"rendered":"https:\/\/blog.holyart.it\/it\/?p=21984"},"modified":"2025-05-30T17:48:18","modified_gmt":"2025-05-30T15:48:18","slug":"festa-della-bruna-la-tradizione-legata-alla-madonna-protettrice-di-matera","status":"publish","type":"post","link":"https:\/\/blog.holyart.it\/it\/articoli-religiosi\/festa-della-bruna-la-tradizione-legata-alla-madonna-protettrice-di-matera\/","title":{"rendered":"Festa della Bruna: la tradizione legata alla Madonna protettrice di Matera"},"content":{"rendered":"<h4>Il 2 luglio Matera festeggia la Festa della Bruna, una celebrazione antica che unisce devozione, folklore e tradizioni antichissime. Ecco perch\u00e9 il carro della Bruna viene distrutto ogni anno<\/h4>\n\n<p>La Festa della Bruna, dedicata alla\u00a0<strong>Madonna della Bruna<\/strong>, patrona della citt\u00e0 di Matera, \u00e8 una delle pi\u00f9 antiche e sentite tradizioni religiose e popolari della citt\u00e0 della Basilicata. Si svolge ogni anno il\u00a0<strong>2 luglio<\/strong>\u00a0e ha origini molto antiche, che mescolano riti sacri e tradizioni profane. La festa combina devozione religiosa e riti agrari di ringraziamento e invocazione per la fertilit\u00e0 della terra e il benessere degli armenti.<br \/>\nFu Papa Urbano VI, arcivescovo metropolita di Acerenza e Matera nel 1363, a istituire la festa nel 1389. La scelta della data, 2 luglio, \u00e8 da ricercarsi nel fatto che, allora, essa era anche la\u00a0<strong><a href=\"https:\/\/www.holyart.it\/blog\/articoli-religiosi\/31-maggio-festa-della-visitazione-della-beata-vergine-maria\/\">Festa della Visitazione della Beata Vergine Maria<\/a><\/strong>, per commemorare la visita di quest\u2019ultima alla cugina Elisabetta, poco dopo aver ricevuto l&#8217;annunciazione dell\u2019Arcangelo Gabriele che le rivelava la sua prossima maternit\u00e0. Successivamente, nel XX secolo, la Festa della Visitazione venne spostata al 31 maggio, ma Matera mantenne la sua usanza della Madonna della Bruna.<\/p>\n<div class=\"link-article\">\n<p><img loading=\"lazy\" decoding=\"async\" class=\"size-full wp-image-21985 alignleft\" src=\"https:\/\/blog.holyart.it\/it\/wp-content\/uploads\/sites\/17\/2025\/05\/visitazione-della-beata-vergine-maria.jpg\" alt=\"visitazione della beata vergine maria\" width=\"150\" height=\"99\" data-kale-share-title=\"Festa della Bruna: la tradizione legata alla Madonna protettrice di Matera\" data-kale-share-url=\"https:\/\/blog.holyart.it\/it\/?p=21984\" \/><\/p>\n<div class=\"leggi-anche\">Leggi anche:<\/div>\n<p><strong><a href=\"https:\/\/www.holyart.it\/blog\/articoli-religiosi\/31-maggio-festa-della-visitazione-della-beata-vergine-maria\/\">31 maggio: festa della Visitazione della Beata Vergine Maria<\/a><\/strong><br \/>\nLa Festa della Visitazione della Beata Vergine Maria ricorda un passaggio fondamentale nella storia della Salvezza&#8230;<\/p>\n<\/div>\n<h2>La Madonna della Bruna<\/h2>\n<p>Le origini della Festa della Madonna Bruna affondano nel folklore di questa suggestiva regione. Esistono diverse versioni, tutte affascinanti, che si sono arricchite nel corso dei secoli di particolari sempre pi\u00f9 pittoreschi.<br \/>\nAnche il\u00a0<strong>significato del nome<\/strong>\u00a0attribuito alla Festa, Madonna della Bruna, \u00e8 soggetto a diverse interpretazioni. Una delle ipotesi pi\u00f9 accreditate lo collega al termine longobardo\u00a0<em>br\u00f9nja<\/em>, che significa corazza o armatura, simbolo di protezione. In questo senso, la Madonna sarebbe vista come difensore e protettrice della citt\u00e0 di Matera. Un&#8217;altra teoria associa il nome alla citt\u00e0 di Hebron in Giudea, luogo della visitazione della Vergine Maria a sua cugina Elisabetta, e suggerirebbe il collegamento tra la Festa della Bruna e quella della Visitazione. Infine, una meno accreditata, ma suggestiva, ipotesi fa riferimento al colore scuro del volto della Madonna nel ritratto che la raffigura, e che potrebbe forse ricollegarla alla tradizione delle\u00a0<strong><a href=\"https:\/\/www.holyart.it\/blog\/articoli-religiosi\/madonne-nere-in-italia-e-nel-mondo-origini-e-mistero-di-un-culto\/\">Madonne Nere<\/a><\/strong>.<\/p>\n<div class=\"link-article\">\n<p><img loading=\"lazy\" decoding=\"async\" class=\"size-full wp-image-21986 alignleft\" src=\"https:\/\/blog.holyart.it\/it\/wp-content\/uploads\/sites\/17\/2025\/05\/madonne-nere.jpeg\" alt=\"madonne nere\" width=\"150\" height=\"99\" data-kale-share-title=\"Festa della Bruna: la tradizione legata alla Madonna protettrice di Matera\" data-kale-share-url=\"https:\/\/blog.holyart.it\/it\/?p=21984\" \/><\/p>\n<div class=\"leggi-anche\">Leggi anche:<\/div>\n<p><strong><a href=\"https:\/\/www.holyart.it\/blog\/articoli-religiosi\/madonne-nere-in-italia-e-nel-mondo-origini-e-mistero-di-un-culto\/\">Madonne nere in Italia e nel mondo: origini e mistero di un culto<\/a><\/strong><br \/>\nDa secoli le Madonne Nere costituiscono il cuore di molti culti&#8230;<\/p>\n<\/div>\n<p>Le\u00a0<strong>origini della Festa della Madonna della Bruna\u00a0<\/strong>sono avvolte in varie leggende. La pi\u00f9 popolare racconta di un contadino che, mentre tornava a casa, s&#8217;imbatt\u00e9 in una donna misteriosa che gli chiese un passaggio fino a Matera. L&#8217;uomo, generoso, la fece salire sul proprio carro, ma giunti al rione Piccianello, la donna si rivel\u00f2 come Maria Vergine, madre di Cristo. Al contadino sbalordito ella avrebbe affidato un messaggio per il Vescovo della citt\u00e0, che ogni anno i cittadini la conducessero lungo le strade su un carro addobbato. Quando il Vescovo corse nel luogo in cui il contadino aveva lasciato la donna, seguito da tutti gli abitanti di Matera, trovarono solo una statua che rappresentava la Vergine. Cos\u00ec, obbedienti alla richiesta di Maria, la caricarono su un carro addobbato e la condussero in citt\u00e0 in trionfo.<\/p>\n<p>Un&#8217;altra leggenda ricollega la Madonna della Bruna alle invasioni arabe in questa regione e spiega perch\u00e9, a un certo punto della Festa, il carro che trasporta l&#8217;effige santa debba essere distrutto. Durante un terribile assedio da parte dei saraceni, non volendo che la <a href=\"https:\/\/www.holyart.it\/it\/articoli-religiosi\/statue\/statue-in-vetroresina?page=1&amp;params=%7B%22offset%22:0,%22limit%22:60,%22filters%22:%5B%5D,%22sorter%22:%22YEAR_BEST_SELLERS%22,%22categoryIds%22:%5B108439%5D,%22filtersByIds%22:%5B%7B%22key%22:41,%22values%22:%5B1977,1014,2672,1090,1103,1107%5D%7D%5D%7D\"><strong>statua della Vergine<\/strong><\/a> cadesse nelle loro mani, gli abitanti di Matera distrussero essi stessi il carro.<\/p>\n<div class=\"link-product\">\n<div class=\"blocco-immagine\"><img loading=\"lazy\" decoding=\"async\" class=\"size-full wp-image-21988 alignleft\" src=\"https:\/\/blog.holyart.it\/it\/wp-content\/uploads\/sites\/17\/2025\/05\/statua-madonna-di-lourdes-85-cm-in-vetroresina-per-esterno.jpg\" alt=\"statua madonna di lourdes 85 cm in vetroresina per esterno\" width=\"100\" height=\"100\" data-kale-share-title=\"Festa della Bruna: la tradizione legata alla Madonna protettrice di Matera\" data-kale-share-url=\"https:\/\/blog.holyart.it\/it\/?p=21984\" \/><\/div>\n<div class=\"blocco-contenuto\">\n<div class=\"blocco-acquista\">Acquista su Holyart:<\/div>\n<div class=\"blocco-titolo\"><a href=\"https:\/\/www.holyart.it\/it\/articoli-religiosi\/statue\/statue-in-vetroresina?page=1&amp;params=%7B%22offset%22:0,%22limit%22:60,%22filters%22:%5B%5D,%22sorter%22:%22HIGHER_RATING%22,%22categoryIds%22:%5B108439%5D,%22filtersByIds%22:%5B%7B%22key%22:41,%22values%22:%5B1977,1014,2672,1090,1103,1107%5D%7D%5D%7D\">Statue in Vetroresina<\/a><\/div>\n<div class=\"blocco-descrizione\">Statue realizzate in fiberglass e dipinte a mano con vernici a olio; tutte finemente lavorate, curate in ogni particolare e dettaglio.<\/div>\n<\/div>\n<\/div>\n<h2>Come si svolge la festa della Bruna<\/h2>\n<p>Nove giorni prima della Festa del 2 luglio, il 23 giugno, inizia il\u00a0<strong>novenario<\/strong>, una pratica devozionale rivolta alla Madonna, della durata di\u00a0nove giorni, in preparazione delle celebrazioni. Gli abitanti di Matera completano la<strong>\u00a0preparazione del carro<\/strong>, oggi realizzato in cartapesta dai migliori artigiani della citt\u00e0, che viene benedetto dal Vescovo. La preparazione del carro dura un anno intero.<\/p>\n<p>La Festa vera e propria comincia alle prime ore del 2 luglio, alle 4.30, con la\u00a0<strong>messa all&#8217;aperto in Piazza <a href=\"https:\/\/www.holyart.it\/it\/articoli-religiosi\/statue\/statue-in-gesso\/statua-san-francesco-dassisi-colomba-h-30-cm-gesso-arte-barsanti\">San Francesco d&#8217;Assisi<\/a><\/strong>\u00a0rischiarata dalla luce suggestiva di centinaia di ceri accesi.<br \/>\nPoi inizia la\u00a0<strong>Processione dei Pastori<\/strong>, una tradizione che affonda le radici nel 1698 con la creazione della Confraternita dei Pastori, che dal 1698 si prende cura dell&#8217;altare della Madonna della Bruna e aiuta le ragazze povere. Oggi come allora, i Pastori portano il quadro della Madonna della Bruna in giro per la citt\u00e0, accompagnati da mortaretti, petardi e fuochi d\u2019artificio fatti esplodere dai pi\u00f9 giovani, numerosissimi lungo il percorso. La processione termina presso la chiesa di San Francesco da Paola, dove viene celebrata una\u00a0<strong>seconda messa<\/strong>.<\/p>\n<div class=\"link-product\">\n<div class=\"blocco-immagine\"><img loading=\"lazy\" decoding=\"async\" class=\"size-full wp-image-21990 alignleft\" src=\"https:\/\/blog.holyart.it\/it\/wp-content\/uploads\/sites\/17\/2025\/05\/statua-san-francesco-d-assisi-colomba-h-30-cm-gesso-arte-barsanti.jpg\" alt=\"statua san francesco d'assisi colomba h 30 cm gesso arte barsanti\" width=\"100\" height=\"100\" data-kale-share-title=\"Festa della Bruna: la tradizione legata alla Madonna protettrice di Matera\" data-kale-share-url=\"https:\/\/blog.holyart.it\/it\/?p=21984\" \/><\/div>\n<div class=\"blocco-contenuto\">\n<div class=\"blocco-acquista\">Acquista su Holyart:<\/div>\n<div class=\"blocco-titolo\"><a href=\"https:\/\/www.holyart.it\/it\/articoli-religiosi\/statue\/statue-in-gesso\/statua-san-francesco-dassisi-colomba-h-30-cm-gesso-arte-barsanti\">Statua San Francesco D&#8217;Assisi colomba h 30 cm gesso Arte Barsanti<\/a><\/div>\n<div class=\"blocco-descrizione\">Questa statua raffigura San Francesco d&#8217;Assisi accompagnato da una colomba.<\/div>\n<\/div>\n<\/div>\n<p>Nel pomeriggio ha luogo una\u00a0<strong>seconda processione, dalla Cattedrale alla chiesa parrocchiale del rione Piccianello<\/strong>. I Cavalieri della Bruna scortano la carrozza che trasporta l&#8217;immagine di Maria Santissima della Bruna, e una seconda carrozza su cui viaggiano l&#8217;Arcivescovo e l\u2019immagine di Ges\u00f9 Bambino. Maria e il Bambino viaggiano separati per rievocare la Visitazione, momento in cui Ges\u00f9 non era ancora nato, ma gi\u00e0 cresceva nel grembo di Maria.<br \/>\nGiunte al rione Piccianello, le due effigi vengono deposte nella\u00a0<strong>chiesa parrocchiale di Piccianello<\/strong>, poi portate separatamente al\u00a0<strong>grande carro di cartapesta<\/strong>, sul quale vengono riunite tra l&#8217;esaltazione generale. Il carro viene portato a braccia fino a Piazza Marconi, e al tramonto viene trascinato da otto muli e accompagnato da una grande folla e da tutte le autorit\u00e0, fino a Piazza Duomo. Qui, scortato dai cavalieri, compie tre giri intorno alla piazza. Infine, inizia la<strong>\u00a0distruzione del carro in Piazza Vittorio Veneto.\u00a0<\/strong>Prima che ci\u00f2 avvenga, la <a href=\"https:\/\/www.holyart.it\/it\/articoli-religiosi\/statue\/statue-in-vetroresina\/statua-madonna-immacolata-100-cm-vetroresina\"><strong>statua della Madonna<\/strong><\/a> viene posta nuovamente nella Cattedrale, al sicuro. A questo punto inizia lo\u00a0<em>strazzo<\/em>, la distruzione del carro: tutti i presenti si avventano sulla macchina devozionale e la fanno a pezzi, cercando di assicurarsene un frammento, come pegno di fortuna e prosperit\u00e0.<\/p>\n<div class=\"link-product\">\n<div class=\"blocco-immagine\"><img loading=\"lazy\" decoding=\"async\" class=\"size-full wp-image-21991 alignleft\" src=\"https:\/\/blog.holyart.it\/it\/wp-content\/uploads\/sites\/17\/2025\/05\/statua-madonna-immacolata-100-cm-vetroresina.jpg\" alt=\"statua madonna immacolata 100 cm vetroresina\" width=\"100\" height=\"100\" data-kale-share-title=\"Festa della Bruna: la tradizione legata alla Madonna protettrice di Matera\" data-kale-share-url=\"https:\/\/blog.holyart.it\/it\/?p=21984\" \/><\/div>\n<div class=\"blocco-contenuto\">\n<div class=\"blocco-acquista\">Acquista su Holyart:<\/div>\n<div class=\"blocco-titolo\"><a href=\"https:\/\/www.holyart.it\/it\/articoli-religiosi\/statue\/statue-in-vetroresina\/statua-madonna-immacolata-100-cm-vetroresina\">Statua Madonna Immacolata 100 cm vetroresina<\/a><\/div>\n<div class=\"blocco-descrizione\">Statua della Madonna Immacolata realizzata in fiberglass, dipinta a mano con vernici a olio.<\/div>\n<\/div>\n<\/div>\n<p>La Festa della Bruna si conclude la sera, con i grandi\u00a0<strong>fuochi d&#8217;artificio<\/strong>.<\/p>\n<h2>Il carro della Bruna<\/h2>\n<p>La tradizione del\u00a0<strong><em>carro navalis<\/em><\/strong>, la grande macchina barocca utilizzata per trasportare la Madonna della Bruna, e che a un certo punto della festa viene distrutto, \u00e8 uno degli elementi che si sono aggiunti, nei secoli, alla Festa della Bruna. Antiche tradizioni di origine greca erano gi\u00e0 diffuse nel bacino del Mediterraneo in epoche remote, e vedevano carri trionfali, simili a navi su ruote,\u00a0utilizzati nelle solenni celebrazioni.<\/p>\n<p>Gi\u00e0 nel XVI secolo un carro trionfale in legno veniva condotto lungo le vie della citt\u00e0, addobbato e accompagnato da cavalieri in abiti sgargianti. Il trionfo della Vergine veniva sottolineato da fuochi d&#8217;artificio e <a href=\"https:\/\/www.holyart.it\/blog\/natale\/la-storia-delle-luminarie-dal-sud-italia-agli-stati-uniti\/\"><strong>luminarie<\/strong><\/a>, come accade ancora oggi.<\/p>\n<p>Oggi il carro trionfale \u00e8 realizzato in cartapesta, usato per trasportare le statue della Madonna della Bruna e del Bambino in processione solenne per le vie della citt\u00e0, e, una volta giunto nella piazza, distrutto completamente.<\/p>\n<div class=\"link-article\">\n<p><img loading=\"lazy\" decoding=\"async\" class=\"size-full wp-image-21992 alignleft\" src=\"https:\/\/blog.holyart.it\/it\/wp-content\/uploads\/sites\/17\/2025\/05\/luminarie-festa-santi.jpg\" alt=\"luminarie festa santi\" width=\"150\" height=\"99\" data-kale-share-title=\"Festa della Bruna: la tradizione legata alla Madonna protettrice di Matera\" data-kale-share-url=\"https:\/\/blog.holyart.it\/it\/?p=21984\" \/><\/p>\n<div class=\"leggi-anche\">Leggi anche:<\/div>\n<p><strong><a href=\"https:\/\/www.holyart.it\/blog\/natale\/la-storia-delle-luminarie-dal-sud-italia-agli-stati-uniti\/\">La storia delle luminarie: dal Sud Italia agli Stati Uniti<\/a><\/strong><br \/>\nLe luminarie di Natale sono una tradizione suggestiva e imprescindibile durante le Feste, e non solo nel nostro paese&#8230;<\/p>\n<\/div>\n<p>La distruzione del carro della Madonna della Bruna non \u00e8 solo un momento di grande spettacolarit\u00e0 e partecipazione, ma rappresenta un\u00a0<strong>simbolico ciclo di nascita, morte e rinascita<\/strong>. La costruzione del carro trionfale, realizzato con grande maestria e dedizione, rappresenta l&#8217;inizio di un nuovo ciclo. Ogni anno, il carro viene creato con decorazioni uniche e artistiche, che simboleggiano una nuova fase di devozione e celebrazione. La distruzione del carro, che avviene durante lo\u00a0<em>strazzo<\/em>\u00a0in Piazza Vittorio Veneto, rappresenta la fase di morte. Questo momento drammatico e caotico, in cui il carro viene assaltato e smembrato dalla folla, simboleggia la fine di un ciclo e l&#8217;atto di lasciare andare l&#8217;oggetto della devozione. Dopo la distruzione, la festa continua con la preparazione per il nuovo ciclo dell&#8217;anno successivo. La rinascita \u00e8 rappresentata dalla creazione di un nuovo carro e dal ritorno della Madonna della Bruna, che rinnova la speranza e la fede nella comunit\u00e0.<br \/>\nQuesto ciclo riflette antiche credenze e pratiche che vedono la distruzione come un passo necessario per la rinascita e la rigenerazione.<\/p>\n","protected":false},"excerpt":{"rendered":"<p>Il 2 luglio Matera festeggia la Festa della Bruna, una celebrazione antica che unisce devozione, folklore e tradizioni antichissime. Ecco perch\u00e9 il carro della Bruna viene distrutto ogni anno La Festa della Bruna, dedicata alla\u00a0Madonna della Bruna, patrona della citt\u00e0 di Matera, \u00e8 una delle&hellip;<\/p>\n","protected":false},"author":1,"featured_media":21995,"comment_status":"closed","ping_status":"open","sticky":false,"template":"","format":"standard","meta":{"_acf_changed":false,"footnotes":""},"categories":[16],"tags":[],"class_list":["post-21984","post","type-post","status-publish","format-standard","has-post-thumbnail","hentry","category-articoli-religiosi"],"acf":[],"yoast_head":"<!-- This site is optimized with the Yoast SEO plugin v26.6 - https:\/\/yoast.com\/wordpress\/plugins\/seo\/ -->\n<title>Festa della Bruna: la tradizione legata alla Madonna protettrice di Matera<\/title>\n<meta name=\"description\" content=\"La distruzione del carro nella Festa della Bruna di Matera simboleggia un ciclo di nascita, morte e rinascita. Ecco come si festeggia.\" \/>\n<meta name=\"robots\" content=\"index, follow, max-snippet:-1, max-image-preview:large, max-video-preview:-1\" \/>\n<link rel=\"canonical\" href=\"https:\/\/blog.holyart.it\/it\/articoli-religiosi\/festa-della-bruna-la-tradizione-legata-alla-madonna-protettrice-di-matera\/\" \/>\n<meta property=\"og:locale\" content=\"it_IT\" \/>\n<meta property=\"og:type\" content=\"article\" \/>\n<meta property=\"og:title\" content=\"Festa della Bruna: la tradizione legata alla Madonna protettrice di Matera\" \/>\n<meta property=\"og:description\" content=\"La distruzione del carro nella Festa della Bruna di Matera simboleggia un ciclo di nascita, morte e rinascita. Ecco come si festeggia.\" \/>\n<meta property=\"og:url\" content=\"https:\/\/blog.holyart.it\/it\/articoli-religiosi\/festa-della-bruna-la-tradizione-legata-alla-madonna-protettrice-di-matera\/\" \/>\n<meta property=\"og:site_name\" content=\"Holyblog\" \/>\n<meta property=\"article:published_time\" content=\"2025-06-25T08:00:26+00:00\" \/>\n<meta property=\"og:image\" content=\"https:\/\/blog.holyart.it\/it\/wp-content\/uploads\/sites\/17\/2025\/05\/festa-della-bruna.jpg\" \/>\n\t<meta property=\"og:image:width\" content=\"1000\" \/>\n\t<meta property=\"og:image:height\" content=\"666\" \/>\n\t<meta property=\"og:image:type\" content=\"image\/jpeg\" \/>\n<meta name=\"author\" content=\"Redazione\" \/>\n<meta name=\"twitter:card\" content=\"summary_large_image\" \/>\n<meta name=\"twitter:label1\" content=\"Scritto da\" \/>\n\t<meta name=\"twitter:data1\" content=\"Redazione\" \/>\n\t<meta name=\"twitter:label2\" content=\"Tempo di lettura stimato\" \/>\n\t<meta name=\"twitter:data2\" content=\"9 minuti\" \/>\n<script type=\"application\/ld+json\" class=\"yoast-schema-graph\">{\"@context\":\"https:\/\/schema.org\",\"@graph\":[{\"@type\":\"Article\",\"@id\":\"https:\/\/blog.holyart.it\/it\/articoli-religiosi\/festa-della-bruna-la-tradizione-legata-alla-madonna-protettrice-di-matera\/#article\",\"isPartOf\":{\"@id\":\"https:\/\/blog.holyart.it\/it\/articoli-religiosi\/festa-della-bruna-la-tradizione-legata-alla-madonna-protettrice-di-matera\/\"},\"author\":{\"name\":\"Redazione\",\"@id\":\"https:\/\/blog.holyart.it\/it\/#\/schema\/person\/0a7b686e5af0f856ec1e390dd0baecda\"},\"headline\":\"Festa della Bruna: la tradizione legata alla Madonna protettrice di Matera\",\"datePublished\":\"2025-06-25T08:00:26+00:00\",\"mainEntityOfPage\":{\"@id\":\"https:\/\/blog.holyart.it\/it\/articoli-religiosi\/festa-della-bruna-la-tradizione-legata-alla-madonna-protettrice-di-matera\/\"},\"wordCount\":1405,\"publisher\":{\"@id\":\"https:\/\/blog.holyart.it\/it\/#organization\"},\"image\":{\"@id\":\"https:\/\/blog.holyart.it\/it\/articoli-religiosi\/festa-della-bruna-la-tradizione-legata-alla-madonna-protettrice-di-matera\/#primaryimage\"},\"thumbnailUrl\":\"https:\/\/blog.holyart.it\/it\/wp-content\/uploads\/sites\/17\/2025\/05\/festa-della-bruna.jpg\",\"articleSection\":[\"Religione\"],\"inLanguage\":\"it-IT\"},{\"@type\":\"WebPage\",\"@id\":\"https:\/\/blog.holyart.it\/it\/articoli-religiosi\/festa-della-bruna-la-tradizione-legata-alla-madonna-protettrice-di-matera\/\",\"url\":\"https:\/\/blog.holyart.it\/it\/articoli-religiosi\/festa-della-bruna-la-tradizione-legata-alla-madonna-protettrice-di-matera\/\",\"name\":\"Festa della Bruna: la tradizione legata alla Madonna protettrice di Matera\",\"isPartOf\":{\"@id\":\"https:\/\/blog.holyart.it\/it\/#website\"},\"primaryImageOfPage\":{\"@id\":\"https:\/\/blog.holyart.it\/it\/articoli-religiosi\/festa-della-bruna-la-tradizione-legata-alla-madonna-protettrice-di-matera\/#primaryimage\"},\"image\":{\"@id\":\"https:\/\/blog.holyart.it\/it\/articoli-religiosi\/festa-della-bruna-la-tradizione-legata-alla-madonna-protettrice-di-matera\/#primaryimage\"},\"thumbnailUrl\":\"https:\/\/blog.holyart.it\/it\/wp-content\/uploads\/sites\/17\/2025\/05\/festa-della-bruna.jpg\",\"datePublished\":\"2025-06-25T08:00:26+00:00\",\"description\":\"La distruzione del carro nella Festa della Bruna di Matera simboleggia un ciclo di nascita, morte e rinascita. Ecco come si festeggia.\",\"breadcrumb\":{\"@id\":\"https:\/\/blog.holyart.it\/it\/articoli-religiosi\/festa-della-bruna-la-tradizione-legata-alla-madonna-protettrice-di-matera\/#breadcrumb\"},\"inLanguage\":\"it-IT\",\"potentialAction\":[{\"@type\":\"ReadAction\",\"target\":[\"https:\/\/blog.holyart.it\/it\/articoli-religiosi\/festa-della-bruna-la-tradizione-legata-alla-madonna-protettrice-di-matera\/\"]}]},{\"@type\":\"ImageObject\",\"inLanguage\":\"it-IT\",\"@id\":\"https:\/\/blog.holyart.it\/it\/articoli-religiosi\/festa-della-bruna-la-tradizione-legata-alla-madonna-protettrice-di-matera\/#primaryimage\",\"url\":\"https:\/\/blog.holyart.it\/it\/wp-content\/uploads\/sites\/17\/2025\/05\/festa-della-bruna.jpg\",\"contentUrl\":\"https:\/\/blog.holyart.it\/it\/wp-content\/uploads\/sites\/17\/2025\/05\/festa-della-bruna.jpg\",\"width\":1000,\"height\":666,\"caption\":\"festa della bruna\"},{\"@type\":\"BreadcrumbList\",\"@id\":\"https:\/\/blog.holyart.it\/it\/articoli-religiosi\/festa-della-bruna-la-tradizione-legata-alla-madonna-protettrice-di-matera\/#breadcrumb\",\"itemListElement\":[{\"@type\":\"ListItem\",\"position\":1,\"name\":\"Homepage\",\"item\":\"https:\/\/blog.holyart.it\/it\/\"},{\"@type\":\"ListItem\",\"position\":2,\"name\":\"Religione\",\"item\":\"https:\/\/blog.holyart.it\/it\/articoli-religiosi\/\"},{\"@type\":\"ListItem\",\"position\":3,\"name\":\"Festa della Bruna: la tradizione legata alla Madonna protettrice di Matera\"}]},{\"@type\":\"WebSite\",\"@id\":\"https:\/\/blog.holyart.it\/it\/#website\",\"url\":\"https:\/\/blog.holyart.it\/it\/\",\"name\":\"Holyblog\",\"description\":\"Il Blog di Holyart.it\",\"publisher\":{\"@id\":\"https:\/\/blog.holyart.it\/it\/#organization\"},\"potentialAction\":[{\"@type\":\"SearchAction\",\"target\":{\"@type\":\"EntryPoint\",\"urlTemplate\":\"https:\/\/blog.holyart.it\/it\/?s={search_term_string}\"},\"query-input\":{\"@type\":\"PropertyValueSpecification\",\"valueRequired\":true,\"valueName\":\"search_term_string\"}}],\"inLanguage\":\"it-IT\"},{\"@type\":\"Organization\",\"@id\":\"https:\/\/blog.holyart.it\/it\/#organization\",\"name\":\"Holyblog\",\"url\":\"https:\/\/blog.holyart.it\/it\/\",\"logo\":{\"@type\":\"ImageObject\",\"inLanguage\":\"it-IT\",\"@id\":\"https:\/\/blog.holyart.it\/it\/#\/schema\/logo\/image\/\",\"url\":\"https:\/\/blog.holyart.it\/it\/wp-content\/uploads\/sites\/17\/2022\/12\/Holyart_Blog_Logo.jpg\",\"contentUrl\":\"https:\/\/blog.holyart.it\/it\/wp-content\/uploads\/sites\/17\/2022\/12\/Holyart_Blog_Logo.jpg\",\"width\":300,\"height\":50,\"caption\":\"Holyblog\"},\"image\":{\"@id\":\"https:\/\/blog.holyart.it\/it\/#\/schema\/logo\/image\/\"}},{\"@type\":\"Person\",\"@id\":\"https:\/\/blog.holyart.it\/it\/#\/schema\/person\/0a7b686e5af0f856ec1e390dd0baecda\",\"name\":\"Redazione\"}]}<\/script>\n<!-- \/ Yoast SEO plugin. -->","yoast_head_json":{"title":"Festa della Bruna: la tradizione legata alla Madonna protettrice di Matera","description":"La distruzione del carro nella Festa della Bruna di Matera simboleggia un ciclo di nascita, morte e rinascita. Ecco come si festeggia.","robots":{"index":"index","follow":"follow","max-snippet":"max-snippet:-1","max-image-preview":"max-image-preview:large","max-video-preview":"max-video-preview:-1"},"canonical":"https:\/\/blog.holyart.it\/it\/articoli-religiosi\/festa-della-bruna-la-tradizione-legata-alla-madonna-protettrice-di-matera\/","og_locale":"it_IT","og_type":"article","og_title":"Festa della Bruna: la tradizione legata alla Madonna protettrice di Matera","og_description":"La distruzione del carro nella Festa della Bruna di Matera simboleggia un ciclo di nascita, morte e rinascita. Ecco come si festeggia.","og_url":"https:\/\/blog.holyart.it\/it\/articoli-religiosi\/festa-della-bruna-la-tradizione-legata-alla-madonna-protettrice-di-matera\/","og_site_name":"Holyblog","article_published_time":"2025-06-25T08:00:26+00:00","og_image":[{"width":1000,"height":666,"url":"https:\/\/blog.holyart.it\/it\/wp-content\/uploads\/sites\/17\/2025\/05\/festa-della-bruna.jpg","type":"image\/jpeg"}],"author":"Redazione","twitter_card":"summary_large_image","twitter_misc":{"Scritto da":"Redazione","Tempo di lettura stimato":"9 minuti"},"schema":{"@context":"https:\/\/schema.org","@graph":[{"@type":"Article","@id":"https:\/\/blog.holyart.it\/it\/articoli-religiosi\/festa-della-bruna-la-tradizione-legata-alla-madonna-protettrice-di-matera\/#article","isPartOf":{"@id":"https:\/\/blog.holyart.it\/it\/articoli-religiosi\/festa-della-bruna-la-tradizione-legata-alla-madonna-protettrice-di-matera\/"},"author":{"name":"Redazione","@id":"https:\/\/blog.holyart.it\/it\/#\/schema\/person\/0a7b686e5af0f856ec1e390dd0baecda"},"headline":"Festa della Bruna: la tradizione legata alla Madonna protettrice di Matera","datePublished":"2025-06-25T08:00:26+00:00","mainEntityOfPage":{"@id":"https:\/\/blog.holyart.it\/it\/articoli-religiosi\/festa-della-bruna-la-tradizione-legata-alla-madonna-protettrice-di-matera\/"},"wordCount":1405,"publisher":{"@id":"https:\/\/blog.holyart.it\/it\/#organization"},"image":{"@id":"https:\/\/blog.holyart.it\/it\/articoli-religiosi\/festa-della-bruna-la-tradizione-legata-alla-madonna-protettrice-di-matera\/#primaryimage"},"thumbnailUrl":"https:\/\/blog.holyart.it\/it\/wp-content\/uploads\/sites\/17\/2025\/05\/festa-della-bruna.jpg","articleSection":["Religione"],"inLanguage":"it-IT"},{"@type":"WebPage","@id":"https:\/\/blog.holyart.it\/it\/articoli-religiosi\/festa-della-bruna-la-tradizione-legata-alla-madonna-protettrice-di-matera\/","url":"https:\/\/blog.holyart.it\/it\/articoli-religiosi\/festa-della-bruna-la-tradizione-legata-alla-madonna-protettrice-di-matera\/","name":"Festa della Bruna: la tradizione legata alla Madonna protettrice di Matera","isPartOf":{"@id":"https:\/\/blog.holyart.it\/it\/#website"},"primaryImageOfPage":{"@id":"https:\/\/blog.holyart.it\/it\/articoli-religiosi\/festa-della-bruna-la-tradizione-legata-alla-madonna-protettrice-di-matera\/#primaryimage"},"image":{"@id":"https:\/\/blog.holyart.it\/it\/articoli-religiosi\/festa-della-bruna-la-tradizione-legata-alla-madonna-protettrice-di-matera\/#primaryimage"},"thumbnailUrl":"https:\/\/blog.holyart.it\/it\/wp-content\/uploads\/sites\/17\/2025\/05\/festa-della-bruna.jpg","datePublished":"2025-06-25T08:00:26+00:00","description":"La distruzione del carro nella Festa della Bruna di Matera simboleggia un ciclo di nascita, morte e rinascita. Ecco come si festeggia.","breadcrumb":{"@id":"https:\/\/blog.holyart.it\/it\/articoli-religiosi\/festa-della-bruna-la-tradizione-legata-alla-madonna-protettrice-di-matera\/#breadcrumb"},"inLanguage":"it-IT","potentialAction":[{"@type":"ReadAction","target":["https:\/\/blog.holyart.it\/it\/articoli-religiosi\/festa-della-bruna-la-tradizione-legata-alla-madonna-protettrice-di-matera\/"]}]},{"@type":"ImageObject","inLanguage":"it-IT","@id":"https:\/\/blog.holyart.it\/it\/articoli-religiosi\/festa-della-bruna-la-tradizione-legata-alla-madonna-protettrice-di-matera\/#primaryimage","url":"https:\/\/blog.holyart.it\/it\/wp-content\/uploads\/sites\/17\/2025\/05\/festa-della-bruna.jpg","contentUrl":"https:\/\/blog.holyart.it\/it\/wp-content\/uploads\/sites\/17\/2025\/05\/festa-della-bruna.jpg","width":1000,"height":666,"caption":"festa della bruna"},{"@type":"BreadcrumbList","@id":"https:\/\/blog.holyart.it\/it\/articoli-religiosi\/festa-della-bruna-la-tradizione-legata-alla-madonna-protettrice-di-matera\/#breadcrumb","itemListElement":[{"@type":"ListItem","position":1,"name":"Homepage","item":"https:\/\/blog.holyart.it\/it\/"},{"@type":"ListItem","position":2,"name":"Religione","item":"https:\/\/blog.holyart.it\/it\/articoli-religiosi\/"},{"@type":"ListItem","position":3,"name":"Festa della Bruna: la tradizione legata alla Madonna protettrice di Matera"}]},{"@type":"WebSite","@id":"https:\/\/blog.holyart.it\/it\/#website","url":"https:\/\/blog.holyart.it\/it\/","name":"Holyblog","description":"Il Blog di Holyart.it","publisher":{"@id":"https:\/\/blog.holyart.it\/it\/#organization"},"potentialAction":[{"@type":"SearchAction","target":{"@type":"EntryPoint","urlTemplate":"https:\/\/blog.holyart.it\/it\/?s={search_term_string}"},"query-input":{"@type":"PropertyValueSpecification","valueRequired":true,"valueName":"search_term_string"}}],"inLanguage":"it-IT"},{"@type":"Organization","@id":"https:\/\/blog.holyart.it\/it\/#organization","name":"Holyblog","url":"https:\/\/blog.holyart.it\/it\/","logo":{"@type":"ImageObject","inLanguage":"it-IT","@id":"https:\/\/blog.holyart.it\/it\/#\/schema\/logo\/image\/","url":"https:\/\/blog.holyart.it\/it\/wp-content\/uploads\/sites\/17\/2022\/12\/Holyart_Blog_Logo.jpg","contentUrl":"https:\/\/blog.holyart.it\/it\/wp-content\/uploads\/sites\/17\/2022\/12\/Holyart_Blog_Logo.jpg","width":300,"height":50,"caption":"Holyblog"},"image":{"@id":"https:\/\/blog.holyart.it\/it\/#\/schema\/logo\/image\/"}},{"@type":"Person","@id":"https:\/\/blog.holyart.it\/it\/#\/schema\/person\/0a7b686e5af0f856ec1e390dd0baecda","name":"Redazione"}]}},"_links":{"self":[{"href":"https:\/\/blog.holyart.it\/it\/wp-json\/wp\/v2\/posts\/21984","targetHints":{"allow":["GET"]}}],"collection":[{"href":"https:\/\/blog.holyart.it\/it\/wp-json\/wp\/v2\/posts"}],"about":[{"href":"https:\/\/blog.holyart.it\/it\/wp-json\/wp\/v2\/types\/post"}],"author":[{"embeddable":true,"href":"https:\/\/blog.holyart.it\/it\/wp-json\/wp\/v2\/users\/1"}],"replies":[{"embeddable":true,"href":"https:\/\/blog.holyart.it\/it\/wp-json\/wp\/v2\/comments?post=21984"}],"version-history":[{"count":5,"href":"https:\/\/blog.holyart.it\/it\/wp-json\/wp\/v2\/posts\/21984\/revisions"}],"predecessor-version":[{"id":22041,"href":"https:\/\/blog.holyart.it\/it\/wp-json\/wp\/v2\/posts\/21984\/revisions\/22041"}],"wp:featuredmedia":[{"embeddable":true,"href":"https:\/\/blog.holyart.it\/it\/wp-json\/wp\/v2\/media\/21995"}],"wp:attachment":[{"href":"https:\/\/blog.holyart.it\/it\/wp-json\/wp\/v2\/media?parent=21984"}],"wp:term":[{"taxonomy":"category","embeddable":true,"href":"https:\/\/blog.holyart.it\/it\/wp-json\/wp\/v2\/categories?post=21984"},{"taxonomy":"post_tag","embeddable":true,"href":"https:\/\/blog.holyart.it\/it\/wp-json\/wp\/v2\/tags?post=21984"}],"curies":[{"name":"wp","href":"https:\/\/api.w.org\/{rel}","templated":true}]}}