{"id":21931,"date":"2025-05-15T16:50:48","date_gmt":"2025-05-15T14:50:48","guid":{"rendered":"https:\/\/blog.holyart.it\/it\/?p=21931"},"modified":"2025-08-19T16:44:47","modified_gmt":"2025-08-19T14:44:47","slug":"papa-leone-xiv-tutto-quello-che-ce-da-sapere-sul-nuovo-pontefice","status":"publish","type":"post","link":"https:\/\/blog.holyart.it\/it\/occasioni-speciali\/papa-leone-xiv-tutto-quello-che-ce-da-sapere-sul-nuovo-pontefice\/","title":{"rendered":"Papa Leone XIV: tutto quello che c\u2019\u00e8 da sapere sul nuovo Pontefice"},"content":{"rendered":"<h4>Il pontificato di Papa Leone XIV si apre come una porta socchiusa sul futuro. Chi \u00e8 il primo Papa statunitense della Chiesa?<\/h4>\n\n<p>C&#8217;\u00e8 stato un momento, mentre il mondo attendeva in silenzio, in cui le campane hanno suonato e la storia ha ripreso a scorrere, il suo cuore possente a battere. Dalla Loggia delle Benedizioni, dove ogni nuovo inizio si fa carne e parola, una voce ha rotto l&#8217;attesa con parole semplici, tremanti di emozione:\u00a0<strong>parole di pace, parole di gratitudine<\/strong>. Il nome di\u00a0<a href=\"https:\/\/www.holyart.it\/it\/occasioni-speciali\/papa-francesco\"><strong>Papa Francesco<\/strong><\/a>, appena pronunciato da colui che ne raccoglieva l&#8217;eredit\u00e0, ha attraversato Piazza San Pietro come un soffio di memoria viva:\u00a0<strong>Papa Leone XIV, al secolo Robert Francis Prevost<\/strong>. Il nuovo Pontefice non ha nascosto l&#8217;emozione. Ha parlato di Francesco come di un padre spirituale, un pastore mite che ha saputo guidare la Chiesa nei tempi dell&#8217;inquietudine e della speranza.\u00a0<em>\u201cRaccolgo la sua eredit\u00e0\u201d,\u00a0<\/em>ha detto,<em>\u00a0\u201ce con essa il sogno di una Chiesa povera, fraterna, pellegrina\u201d.<\/em>\u00a0Appena eletto, con accento dolce e passo discreto, ha aperto un tempo nuovo che profuma di continuit\u00e0 e profezia.<\/p>\n<div class=\"link-product\">\n<div class=\"blocco-immagine\"><img loading=\"lazy\" decoding=\"async\" class=\"size-full wp-image-21934 alignleft\" src=\"https:\/\/blog.holyart.it\/it\/wp-content\/uploads\/sites\/17\/2025\/05\/immaginetta-logo-ufficiale-giubileo-2025-di-papa-francesco.jpg\" alt=\"papa francesco\" width=\"100\" height=\"100\" data-kale-share-title=\"Papa Leone XIV: tutto quello che c\u2019\u00e8 da sapere sul nuovo Pontefice\" data-kale-share-url=\"https:\/\/blog.holyart.it\/it\/?p=21931\" \/><\/div>\n<div class=\"blocco-contenuto\">\n<div class=\"blocco-acquista\">Acquista su Holyart:<\/div>\n<div class=\"blocco-titolo\"><a href=\"https:\/\/www.holyart.it\/it\/occasioni-speciali\/papa-francesco\">Papa Francesco<\/a><\/div>\n<div class=\"blocco-descrizione\">Categoria dedicata a Papa Jorge Mario Bergoglio.<\/div>\n<\/div>\n<\/div>\n<p>Nato a Chicago da una famiglia intrecciata di sangue europeo, il primo Papa statunitense della storia si presenta come\u00a0<strong>uomo di frontiera<\/strong>, ponte tra mondi, tra culture, tra epoche. Con il cuore rivolto alle\u00a0<strong>periferie dell\u2019anima<\/strong>\u00a0e lo sguardo capace di scorgere le sfide del domani, Leone XIV \u00e8 chiamato a guidare il popolo di Dio nel tempo fragile e audace del terzo millennio. E lo fa con l\u2019umilt\u00e0 di chi sa di non essere solo, perch\u00e9 ogni passo che muove porta con s\u00e9 le orme di chi \u00e8 venuto prima.<\/p>\n<p>Il suo \u00e8 un profilo che unisce<strong>\u00a0radici, rigore e respiro<\/strong>. Una mente formata tra logica e teologia, un cuore forgiato dal contatto con la povert\u00e0, uno spirito temprato nella fraternit\u00e0 agostiniana. La sua figura incarna, con naturalezza, quell\u2019equilibrio che la Chiesa di oggi invoca: tra l\u2019istituzione e il popolo, tra la Tradizione e le domande del presente, tra l\u2019unit\u00e0 della fede e la pluralit\u00e0 delle culture.<\/p>\n<div class=\"link-article\">\n<p><img loading=\"lazy\" decoding=\"async\" class=\"size-full wp-image-21936 alignleft\" src=\"https:\/\/blog.holyart.it\/it\/wp-content\/uploads\/sites\/17\/2025\/05\/informazioni-su-papa-francesco.jpg\" alt=\"Curiosit\u00e0 su Papa Francesco\" width=\"150\" height=\"99\" data-kale-share-title=\"Papa Leone XIV: tutto quello che c\u2019\u00e8 da sapere sul nuovo Pontefice\" data-kale-share-url=\"https:\/\/blog.holyart.it\/it\/?p=21931\" \/><\/p>\n<div class=\"leggi-anche\">Leggi anche:<\/div>\n<p><strong><a href=\"https:\/\/www.holyart.it\/blog\/occasioni-speciali\/20-curiosita-da-sapere-su-papa-francesco\/\">20 curiosit\u00e0 da sapere su Papa Francesco<\/a><\/strong><br \/>\nInformazioni su Papa Francesco, curiosit\u00e0 e momenti speciali del suo pontificato. Un Papa che si \u00e8 fatto amare immensamente e che non dimenticheremo mai<\/p>\n<\/div>\n<h2>Le origini e l&#8217;identit\u00e0 di un Papa &#8220;tranquillo cittadino americano&#8221;<\/h2>\n<p><strong>Robert Francis Prevost\u00a0<\/strong>nasce il 14 settembre 1955 nella metropoli di Chicago, cuore pulsante di quell&#8217;America capace di custodire tradizioni antiche e di affacciarsi, senza paura, sull&#8217;ignoto. Le sue radici affondano in un terreno di\u00a0<strong>storie incrociat<\/strong>e: sangue italo-franco-spagnolo, lingue e devozioni che si rincorrono da un continente all&#8217;altro.<br \/>\nIl suo cognome \u00e8 gi\u00e0 una geografia interiore, un richiamo a origini che diventano vocazione universale.\u00a0Certe volte, i nomi portano con s\u00e9 un\u2019eco antica, come una campana che suona da molto lontano. Il\u00a0<strong>cognome Prevost<\/strong>\u00a0nasce in Francia, dove un tempo indicava<strong>\u00a0chi era chiamato a guidare<\/strong>, a sovrintendere, a <strong>servire con autorit\u00e0 e giustizia<\/strong>. Deriva dal termine medievale<strong><em>\u00a0pr\u00e9v\u00f4t<\/em><\/strong>, usato per designare i funzionari che amministravano terre, comunit\u00e0 e luoghi sacri per conto di un signore o del re. Ma ancora pi\u00f9 a fondo, nella radice latina\u00a0<em>praepositus<\/em>, vive il significato originario:\u00a0<em>\u201ccolui che \u00e8 posto davanti\u201d<\/em>. Non per dominare, ma per custodire. Non per comandare, ma per guidare. Nel tempo, quel titolo divenne nome, e poi cognome, tramandato di generazione in generazione come un\u2019eredit\u00e0 silenziosa. Attravers\u00f2 i secoli, si diffuse nelle regioni francesi di Normandia e \u00cele-de-France, si specchi\u00f2 nei dialetti italiani del Nord, trasformandosi in Prevosto, Prev\u00f2, Provost, e in alcune valli alpine prese a indicare il <strong><a href=\"https:\/\/www.holyart.it\/blog\/articoli-religiosi\/vita-da-prete-domande-piu-curiose\/\">parroco del paese<\/a><\/strong>, il rettore della comunit\u00e0, colui che vegliava sulla vita degli altri.<\/p>\n<div class=\"link-article\">\n<p><img loading=\"lazy\" decoding=\"async\" class=\"size-full wp-image-21938 alignleft\" src=\"https:\/\/blog.holyart.it\/it\/wp-content\/uploads\/sites\/17\/2025\/05\/vita-da-prete.jpg\" alt=\"vita da prete\" width=\"150\" height=\"99\" data-kale-share-title=\"Papa Leone XIV: tutto quello che c\u2019\u00e8 da sapere sul nuovo Pontefice\" data-kale-share-url=\"https:\/\/blog.holyart.it\/it\/?p=21931\" \/><\/p>\n<div class=\"leggi-anche\">Leggi anche:<\/div>\n<p><strong><a href=\"https:\/\/www.holyart.it\/blog\/articoli-religiosi\/vita-da-prete-domande-piu-curiose\/\">Una vita da prete: le risposte alle domande pi\u00f9 curiose<\/a><\/strong><br \/>\nCom\u2019\u00e8 la vita da prete? Come si compone la giornata di un prete? Quanto guadagna un sacerdote? E un frate?<\/p>\n<\/div>\n<p>C\u2019\u00e8 un ramo che si piega verso Sud, tra le valli del Piemonte e i laghi lombardi, dove le lingue si intrecciavano come i dialetti e i cognomi attraversavano i confini. Louis Marius Prevost, padre del futuro Papa, portava con s\u00e9 un\u2019<strong>eredit\u00e0 italiana<\/strong>, forse nascosta tra le pieghe della genealogia materna, in quei matrimoni misti che univano famiglie d\u2019oltralpe con famiglie locali, in una trama fatta di spostamenti, frontiere porose e affetti condivisi. \u00c8 l\u00ec, tra l\u2019Italia e la Francia, che il nome Prevost si fa ponte culturale, e poi attraversa l\u2019oceano per radicarsi in\u00a0<strong>America<\/strong>, come un seme trasportato dal vento della storia. Un mosaico di origini che oggi si compone nel volto mite e risoluto di Leone XIV, Papa di confine, figlio di terre diverse e fratello universale, con una vocazione alla responsabilit\u00e0, al servizio, alla custodia.<br \/>\nLa famiglia di Robert Francis Prevost incarna questa storia intrecciata: un nome che viene da lontano, che ha conosciuto le corti e le chiese, le campagne e le citt\u00e0, e che oggi risuona nella Basilica di San Pietro come il segno di un destino. Prevost: un<strong>\u00a0uomo\u00a0<em>\u201cposto davanti\u201d<\/em><\/strong>, s\u00ec, ma per farsi servo, non padrone. Per stare in mezzo, non sopra. Per costruire ponti, non troni.<\/p>\n<h2>Una vocazione scolpita nel tempo e nello spazio<\/h2>\n<p>La chiamata, per Robert Francis Prevost, non \u00e8 arrivata come un lampo improvviso, ma come una linea tracciata con pazienza, passo dopo passo, tra le aule di studio e le periferie del mondo. Cresciuto negli Stati Uniti, ha camminato sin da giovane sul sentiero dell\u2019<strong>Ordine di <\/strong><a href=\"https:\/\/www.holyart.it\/blog\/santi-e-beati\/santagostino-dippona-filosofo-vescovo-teologo\/\"><strong>Sant\u2019Agostino<\/strong><\/a>, intriso di spiritualit\u00e0 contemplativa e sete di giustizia. Il primo respiro della sua formazione avviene nel Seminario Minore degli Agostiniani, per poi allargarsi alle scienze e al pensiero. Nel 1977 si<strong>\u00a0laurea in Matematica e Filosofia\u00a0<\/strong>alla Villanova University in Pennsylvania, un luogo dove la logica si sposa con la fede e il rigore intellettuale si apre al mistero.<\/p>\n<p>Nello stesso anno, varca la soglia del noviziato agostiniano a Saint Louis, Missouri, abbracciando la Regola come bussola per l\u2019anima. I\u00a0<strong>voti solenni arrivano nel 1981<\/strong>, suggellando una scelta che non era soltanto religiosa, ma profondamente esistenziale.\u00a0<strong>Studia Teologia<\/strong>\u00a0alla Catholic Theological Union di Chicago, e poi vola a\u00a0<strong>Roma<\/strong>, <strong><a href=\"https:\/\/www.holyart.it\/blog\/articoli-religiosi\/san-pietro-in-vaticano-chiesa-simbolo-di-tutto-il-mondo-cristiano\/\">cuore pulsante della cristianit\u00e0<\/a><\/strong>, dove ottiene con<strong>\u00a0lode il dottorato in Diritto Canonico\u00a0<\/strong>presso la Pontificia Universit\u00e0 San Tommaso d\u2019Aquino.<\/p>\n<div class=\"link-article\">\n<p><img loading=\"lazy\" decoding=\"async\" class=\"size-full wp-image-21940 alignleft\" src=\"https:\/\/blog.holyart.it\/it\/wp-content\/uploads\/sites\/17\/2025\/05\/san-pietro-basilica-2.jpeg\" alt=\"Basilica di San Pietro a Roma\" width=\"150\" height=\"100\" data-kale-share-title=\"Papa Leone XIV: tutto quello che c\u2019\u00e8 da sapere sul nuovo Pontefice\" data-kale-share-url=\"https:\/\/blog.holyart.it\/it\/?p=21931\" \/><\/p>\n<div class=\"leggi-anche\">Leggi anche:<\/div>\n<p><strong><a href=\"https:\/\/www.holyart.it\/blog\/articoli-religiosi\/san-pietro-in-vaticano-chiesa-simbolo-di-tutto-il-mondo-cristiano\/\">San Pietro in Vaticano: Chiesa simbolo del mondo cristiano<\/a><\/strong><br \/>\nLa basilica pi\u00f9 grande del mondo, piena di significati, misteri e opere d\u2019arte sacra famose in tutto il mondo.<\/p>\n<\/div>\n<p>Nel 1982, in una Roma ancora attraversata dai venti del post-Concilio,\u00a0<strong>viene ordinato sacerdote<\/strong>. Ma \u00e8\u00a0<strong>nel Per\u00f9\u00a0<\/strong>degli anni Ottanta, tra le strade polverose di\u00a0<strong>Trujillo<\/strong>\u00a0e i volti feriti della povert\u00e0, che il giovane padre Prevost compie una delle esperienze pi\u00f9 decisive della sua vita. Per quasi quindici anni \u00e8<strong>\u00a0parroco, priore, formatore, vicario giudiziario, insegnante di Patristica e Morale<\/strong>. Insegna, guida, ascolta. Impara una lingua che non \u00e8 solo lo spagnolo, ma quella universale della compassione. Il Sud del mondo gli entra nel sangue e nel cuore, forgiando in lui una pastorale che sa farsi prossima.<\/p>\n<p>Nel\u00a0<strong>1999 torna negli Stati Uniti<\/strong>, dove diventa priore provinciale della Provincia Agostiniana di Chicago. Due anni dopo, nel 2001, viene eletto\u00a0<strong>priore generale <\/strong>dell\u2019intero <strong><a href=\"https:\/\/www.holyart.it\/blog\/santi-e-beati\/le-confessioni-di-sant-agostino-come-cambiare-la-propria-vita\/\">Ordine di Sant\u2019Agostino<\/a><\/strong>, un ruolo di guida che ricopre per dodici anni, attraversando continenti e comunit\u00e0, nella tensione costante tra contemplazione e missione.<\/p>\n<p>Ma \u00e8 sotto il pontificato di\u00a0<strong>Papa Francesco<\/strong>\u00a0che la sua figura si affaccia definitivamente alla scena della Chiesa universale. Nel 2014 fu nominato<strong>\u00a0vescovo di Chiclayo<\/strong>, in Per\u00f9, e successivamente ricopr\u00ec incarichi di rilievo nella Curia romana. Nominato membro di importanti dicasteri, tra cui quelli per il Clero e per i Vescovi,\u00a0<strong>diventa nel 2023 Prefetto del Dicastero per i Vescovi e presidente della Pontificia Commissione per l\u2019America Latina<\/strong>: ruoli chiave per il discernimento e la nomina dei nuovi pastori.<\/p>\n<p><strong>Il 30 settembre 2023, Francesco lo crea cardinale<\/strong>, un gesto che gi\u00e0 allora suonava come preludio.<\/p>\n<div class=\"link-article\">\n<p><img loading=\"lazy\" decoding=\"async\" class=\"size-full wp-image-21942 alignleft\" src=\"https:\/\/blog.holyart.it\/it\/wp-content\/uploads\/sites\/17\/2025\/05\/santagostino-da-ippona.jpeg\" alt=\"Sant'Agostino da Ippona\" width=\"150\" height=\"100\" data-kale-share-title=\"Papa Leone XIV: tutto quello che c\u2019\u00e8 da sapere sul nuovo Pontefice\" data-kale-share-url=\"https:\/\/blog.holyart.it\/it\/?p=21931\" \/><\/p>\n<div class=\"leggi-anche\">Leggi anche:<\/div>\n<p><strong><a href=\"https:\/\/www.holyart.it\/blog\/santi-e-beati\/le-confessioni-di-sant-agostino-come-cambiare-la-propria-vita\/\">Le confessioni di sant\u2019Agostino: come cambiare la propria vita<\/a><\/strong><br \/>\nLe Confessioni di Sant\u2019Agostino sono la testimonianza di un cammino di fede e di presa di coscienza di s\u00e9 senza tempo.<\/p>\n<\/div>\n<p>\u00c8 il primo\u00a0<strong>Papa laureato in matematica<\/strong>. Lo chiamano gi\u00e0 il \u201cPapa matematico\u201d, eppure basta ascoltarlo per capire che non c\u2019\u00e8 nulla di freddo o astratto in lui. L\u2019analisi, la precisione, la chiarezza argomentativa sono strumenti che si piegano alla luce del Vangelo. Anche nella sua prima apparizione, Leone XIV rompe con la prassi: \u00e8 il primo a leggere un discorso scritto dalla Loggia di San Pietro, un gesto forse piccolo, ma che rivela un metodo, una visione. Ogni parola conta. Ogni scelta pesa.<\/p>\n<p>Lo hanno definito<strong>\u00a0un uomo riservato<\/strong>, ma nei momenti che precedettero l&#8217;elezione, la sua umanit\u00e0 \u00e8 apparsa in tutta la sua forza disarmante. Raccontano i cardinali che lo videro respirare profondamente, sopraffatto dalla chiamata; uno di loro, il cardinale Tagle, gli offr\u00ec una caramella: piccolo gesto, grande tenerezza. E quando, al momento decisivo, l\u2019assemblea si lev\u00f2 in piedi per acclamarlo, lui rimase seduto. Non per superbia, ma per timore santo: qualcuno dovette prenderlo per mano e sollevarlo.<\/p>\n<h2>Il cammino verso il soglio di Pietro<\/h2>\n<p>L\u2019elezione di Leone XIV \u00e8 stata come un vento che cambia direzione senza preavviso. Il <strong><a href=\"https:\/\/www.holyart.it\/blog\/articoli-religiosi\/come-si-elegge-un-papa-il-ruolo-del-conclave-e-i-segreti-del-rito\/\">Conclave<\/a><\/strong>, sospeso tra attese e preghiere, ha visto emergere tre nomi:\u00a0<strong>Pietro Parolin<\/strong>, volto della diplomazia vaticana;\u00a0<strong>Peter Erdo<\/strong>, baluardo teologico;\u00a0<strong>Robert Prevost<\/strong>, presenza silenziosa, ma gravida di significato. Le divisioni tra i cardinali italiani hanno spezzato l&#8217;antica unit\u00e0 di quella corrente, mentre la proposta di Erdo, sostenuta da voci pi\u00f9 conservatrici, non ha trovato sufficiente eco tra le mura della Cappella Sistina.<\/p>\n<p>Fu alla quarta votazione che l\u2019aria cambi\u00f2 davvero.\u00a0<em>&#8220;Le schede si sono spostate in modo schiacciante verso Prevost&#8221;<\/em>, ha raccontato il cardinale You della Corea. Un consenso ampio, come una marea silenziosa che tutto avvolge. Leone XIV \u00e8 apparso come figura di sintesi: ponte tra le epoche, erede spirituale di Francesco, uomo capace di parlare a un mondo in transizione.<\/p>\n<div class=\"link-article\">\n<p><img loading=\"lazy\" decoding=\"async\" class=\"size-full wp-image-21944 alignleft\" src=\"https:\/\/blog.holyart.it\/it\/wp-content\/uploads\/sites\/17\/2025\/05\/come-si-elegge-un-papa-conclave-1.jpg\" alt=\"Rito del Conclave\" width=\"150\" height=\"100\" data-kale-share-title=\"Papa Leone XIV: tutto quello che c\u2019\u00e8 da sapere sul nuovo Pontefice\" data-kale-share-url=\"https:\/\/blog.holyart.it\/it\/?p=21931\" \/><\/p>\n<div class=\"leggi-anche\">Leggi anche:<\/div>\n<p><strong><a href=\"https:\/\/www.holyart.it\/blog\/articoli-religiosi\/come-si-elegge-un-papa-il-ruolo-del-conclave-e-i-segreti-del-rito\/\">Come si elegge un Papa: il ruolo del Conclave e i segreti del rito<\/a><\/strong><br \/>\nCome si elegge un Papa. Storia, tradizione e mistero di un rito antico: il Conclave<\/p>\n<\/div>\n<h2>La scelta del nome: un programma pontificale<\/h2>\n<p>Quando ha rivelato il nome scelto,\u00a0<strong>Leone XIV<\/strong>, lo ha fatto con la pacatezza di chi sa che ogni parola \u00e8 promessa. Il richiamo \u00e8 andato a Leone XIII, autore della\u00a0<em>Rerum novarum<\/em>, voce profetica nel tempo della prima rivoluzione industriale. Anche oggi, ha detto il nuovo Pontefice, viviamo un&#8217;altra rivoluzione: quella dell&#8217;<strong>intelligenza artificiale<\/strong>, delle nuove disuguaglianze, del lavoro che muta forma e significato.<br \/>\nIl suo nome \u00e8 una dichiarazione d&#8217;intenti, un\u00a0<strong>ponte lanciato tra le domande del passato e quelle del presente<\/strong>. Con la stessa forza del Leone, questo Papa vuole difendere la dignit\u00e0 umana, proclamare <strong><a href=\"https:\/\/www.holyart.it\/it\/articoli-religiosi\/statue\/statue-in-legno-dipinto\/san-giuseppe-lavoratore\">il valore del lavoro<\/a><\/strong>, ascoltare chi non ha voce. E nel farlo, colloca la Chiesa dentro il grande dialogo dell&#8217;umanit\u00e0 con il suo futuro.<\/p>\n<p>La sua visione \u00e8 chiara: come Leone XIII parl\u00f2 al suo tempo con parole di giustizia, cos\u00ec Leone XIV vuole offrire alla nostra epoca\u00a0<strong>criteri di discernimento<\/strong>. L&#8217;intelligenza artificiale, la trasformazione del lavoro, la dignit\u00e0 della persona sono le nuove frontiere di una dottrina sociale che non pu\u00f2 restare indietro.\u00a0Ogni tecnologia, ha detto, deve essere misurata sulla sua capacit\u00e0 di servire l&#8217;uomo, e non di dominarlo. Ogni progresso deve diventare carezza, non ferita. La Chiesa, in questo orizzonte, ha il compito di ricordare che l&#8217;uomo non \u00e8 una funzione, ma un mistero.<\/p>\n<div class=\"link-product\">\n<div class=\"blocco-immagine\"><img loading=\"lazy\" decoding=\"async\" class=\"size-full wp-image-21946 alignleft\" src=\"https:\/\/blog.holyart.it\/it\/wp-content\/uploads\/sites\/17\/2025\/05\/san-giuseppe-lavoratore.jpg\" alt=\"San Giuseppe Lavoratore\" width=\"100\" height=\"100\" data-kale-share-title=\"Papa Leone XIV: tutto quello che c\u2019\u00e8 da sapere sul nuovo Pontefice\" data-kale-share-url=\"https:\/\/blog.holyart.it\/it\/?p=21931\" \/><\/div>\n<div class=\"blocco-contenuto\">\n<div class=\"blocco-acquista\">Acquista su Holyart:<\/div>\n<div class=\"blocco-titolo\"><a href=\"https:\/\/www.holyart.it\/it\/articoli-religiosi\/statue\/statue-in-legno-dipinto\/san-giuseppe-lavoratore\">San Giuseppe lavoratore<\/a><\/div>\n<div class=\"blocco-descrizione\">Statua in legno di acero, intagliata e dipinta a mano con colori ad olio da artigiani della Valgardena.<\/div>\n<\/div>\n<\/div>\n<h2>Un pontificato all&#8217;insegna della pace e della riconciliazione<\/h2>\n<p><strong><em>\u201cLa pace sia con tutti voi\u201d<\/em><\/strong>: cos\u00ec ha cominciato, come un abbraccio universale. Ma non \u00e8 la pace delle convenienze, quella che evita i conflitti per quieto vivere. La sua \u00e8 una\u00a0<strong>pace\u00a0<em>&#8220;disarmata e disarmante&#8221;<\/em><\/strong>, una pace che si offre nuda, e per questo \u00e8 pi\u00f9 forte di ogni esercito. Una <strong><a href=\"https:\/\/www.holyart.it\/blog\/articoli-religiosi\/le-piu-belle-frasi-sulla-pace-di-papa-francesco\/\">pace che interpella le coscienze<\/a><\/strong>, che costruisce ponti quando il mondo innalza muri.\u00a0Il Pontefice \u00e8, nel significato originario del termine, colui che unisce le rive. E Leone XIV vuole essere questo: un artigiano di incontri, un costruttore silenzioso in un mondo che urla.<\/p>\n<p><strong><em>&#8220;Sono l\u2019indegno successore di Pietro&#8221;<\/em><\/strong>, ha detto Leone XIV, e in quelle parole \u00e8 risuonata l&#8217;umilt\u00e0 dei grandi. Il suo sguardo \u00e8 rivolto alla Tradizione, ma con gli occhi aperti sulle frontiere. Ha dichiarato di voler raccogliere<strong><em>\u00a0<a href=\"https:\/\/www.holyart.it\/it\/articoli-religiosi\/statue\/statue-in-resina-e-pvc\/statua-papa-francesco-in-resina-30-cm\">\u201cla preziosa eredit\u00e0 di Papa Francesco\u201d<\/a><\/em><\/strong>, continuando un cammino fatto di inclusione, sinodalit\u00e0, ascolto.\u00a0Nel suo cuore vive lo spirito del Concilio Vaticano II, bussola luminosa per orientarsi in tempi inquieti.\u00a0<strong>La sua idea di Chiesa \u00e8 quella di un corpo vivo<\/strong>, in cui ogni voce ha diritto di cittadinanza, e dove l&#8217;autorit\u00e0 non impone, ma serve.<\/p>\n<div class=\"link-product\">\n<div class=\"blocco-immagine\"><img loading=\"lazy\" decoding=\"async\" class=\"size-full wp-image-21948 alignleft\" src=\"https:\/\/blog.holyart.it\/it\/wp-content\/uploads\/sites\/17\/2025\/05\/statua-papa-francesco-in-resina-30-cm.jpg\" alt=\"Statua papa Francesco\" width=\"100\" height=\"100\" data-kale-share-title=\"Papa Leone XIV: tutto quello che c\u2019\u00e8 da sapere sul nuovo Pontefice\" data-kale-share-url=\"https:\/\/blog.holyart.it\/it\/?p=21931\" \/><\/div>\n<div class=\"blocco-contenuto\">\n<div class=\"blocco-acquista\">Acquista su Holyart:<\/div>\n<div class=\"blocco-titolo\"><a href=\"https:\/\/www.holyart.it\/it\/articoli-religiosi\/statue\/statue-in-resina-e-pvc\/statua-papa-francesco-in-resina-30-cm\">Statua Papa Francesco in resina 30 cm<\/a><\/div>\n<div class=\"blocco-descrizione\">La statua di Papa Francesco \u00e8 realizzata in resina colorata. Il Papa \u00e8 raffigurato in atteggiamento di saluto.<\/div>\n<\/div>\n<\/div>\n<h2>Il richiamo alla tradizione agostiniana<\/h2>\n<p>Ha citato\u00a0<strong>Sant&#8217;Agostino<\/strong>:<em>\u00a0&#8220;con voi sono cristiano, per voi vescovo&#8221;.<\/em>\u00a0In queste parole vive tutta la sapienza di chi conosce le profondit\u00e0 dell&#8217;animo umano. Come Agostino visse il tramonto dell&#8217;Impero e il sorgere di un mondo nuovo, cos\u00ec Leone XIV guida oggi la Chiesa tra le rovine e le promesse del nostro tempo.\u00a0\u00c8 vescovo perch\u00e9 \u00e8 fratello. Non un monarca, ma un servitore. Non una figura lontana, ma una presenza accanto.<\/p>\n<p>Ha tracciato il\u00a0<em>suo cammino con parole nette e luminose:<strong>\u00a0primato di Cristo, conversione missionaria, sinodalit\u00e0, attenzione al sensus fidei<\/strong><\/em><strong>, piet\u00e0 popolare, cura degli ultimi, dialogo col mondo<\/strong>. Non un elenco, ma una mappa del cuore.<br \/>\n<a href=\"https:\/\/www.holyart.it\/it\/articoli-religiosi\/statue\/statue-in-legno-dipinto\/gesu-il-buon-pastore-colorato-val-gardena\"><strong>Al centro, Cristo<\/strong><\/a>. Non come simbolo, ma come presenza viva. E attorno, la comunit\u00e0 che annuncia, ascolta, si lascia trasformare. Una Chiesa che non teme la fragilit\u00e0, ma la abita come luogo di grazia.<\/p>\n<p>Il pontificato di Leone XIV si apre come\u00a0<strong>una porta socchiusa sul futuro<\/strong>. Dentro, si intravedono volti, lacrime, speranze. Una Chiesa che cammina, che si lascia interpellare, che non ha paura di sporcarsi le mani. Una Chiesa che sa dire &#8220;noi&#8221;.\u00a0Con il respiro di Francesco nel cuore, con lo sguardo dei poveri negli occhi, Leone XIV inizia il suo viaggio. Lo fa come chi porta con s\u00e9 un testimone acceso, ricevuto con rispetto e restituito con fedelt\u00e0.\u00a0E in quel lume tremante, che \u00e8 insieme memoria e profezia, gi\u00e0 si intravede il volto della Chiesa che verr\u00e0.<\/p>\n<div class=\"link-product\">\n<div class=\"blocco-immagine\"><img loading=\"lazy\" decoding=\"async\" class=\"size-full wp-image-21950 alignleft\" src=\"https:\/\/blog.holyart.it\/it\/wp-content\/uploads\/sites\/17\/2025\/05\/gesu-il-buon-pastore-colorato-val-gardena.jpg\" alt=\"ges\u00f9 il buon pastore\" width=\"100\" height=\"100\" data-kale-share-title=\"Papa Leone XIV: tutto quello che c\u2019\u00e8 da sapere sul nuovo Pontefice\" data-kale-share-url=\"https:\/\/blog.holyart.it\/it\/?p=21931\" \/><\/div>\n<div class=\"blocco-contenuto\">\n<div class=\"blocco-acquista\">Acquista su Holyart:<\/div>\n<div class=\"blocco-titolo\"><a href=\"https:\/\/www.holyart.it\/it\/articoli-religiosi\/statue\/statue-in-legno-dipinto\/gesu-il-buon-pastore-colorato-val-gardena\">Ges\u00f9 il buon pastore colorato Val Gardena <\/a><\/div>\n<div class=\"blocco-descrizione\">Statua in legno d&#8217;acero e successivamente dipinto a mano dagli artigiani pittori della val Gardena.<\/div>\n<\/div>\n<\/div>\n","protected":false},"excerpt":{"rendered":"<p>Il pontificato di Papa Leone XIV si apre come una porta socchiusa sul futuro. Chi \u00e8 il primo Papa statunitense della Chiesa? C&#8217;\u00e8 stato un momento, mentre il mondo attendeva in silenzio, in cui le campane hanno suonato e la storia ha ripreso a scorrere,&hellip;<\/p>\n","protected":false},"author":1,"featured_media":21932,"comment_status":"closed","ping_status":"open","sticky":false,"template":"","format":"standard","meta":{"_acf_changed":false,"footnotes":""},"categories":[20],"tags":[],"class_list":["post-21931","post","type-post","status-publish","format-standard","has-post-thumbnail","hentry","category-occasioni-speciali"],"acf":[],"yoast_head":"<!-- This site is optimized with the Yoast SEO plugin v26.6 - https:\/\/yoast.com\/wordpress\/plugins\/seo\/ -->\n<title>Papa Leone XIV: tutto quello che c\u2019\u00e8 da sapere sul nuovo Pontefice - Holyblog<\/title>\n<meta name=\"description\" content=\"Il pontificato di Papa Leone XIV si apre come una porta socchiusa sul futuro. Chi \u00e8 il primo Papa statunitense della Chiesa?\" \/>\n<meta name=\"robots\" content=\"index, follow, max-snippet:-1, max-image-preview:large, max-video-preview:-1\" \/>\n<link rel=\"canonical\" href=\"https:\/\/blog.holyart.it\/it\/occasioni-speciali\/papa-leone-xiv-tutto-quello-che-ce-da-sapere-sul-nuovo-pontefice\/\" \/>\n<meta property=\"og:locale\" content=\"it_IT\" \/>\n<meta property=\"og:type\" content=\"article\" \/>\n<meta property=\"og:title\" content=\"Papa Leone XIV: tutto quello che c\u2019\u00e8 da sapere sul nuovo Pontefice - Holyblog\" \/>\n<meta property=\"og:description\" content=\"Il pontificato di Papa Leone XIV si apre come una porta socchiusa sul futuro. Chi \u00e8 il primo Papa statunitense della Chiesa?\" \/>\n<meta property=\"og:url\" content=\"https:\/\/blog.holyart.it\/it\/occasioni-speciali\/papa-leone-xiv-tutto-quello-che-ce-da-sapere-sul-nuovo-pontefice\/\" \/>\n<meta property=\"og:site_name\" content=\"Holyblog\" \/>\n<meta property=\"article:published_time\" content=\"2025-05-15T14:50:48+00:00\" \/>\n<meta property=\"article:modified_time\" content=\"2025-08-19T14:44:47+00:00\" \/>\n<meta property=\"og:image\" content=\"https:\/\/blog.holyart.it\/it\/wp-content\/uploads\/sites\/17\/2025\/05\/Leone-XIV.jpg\" \/>\n\t<meta property=\"og:image:width\" content=\"1000\" \/>\n\t<meta property=\"og:image:height\" content=\"666\" \/>\n\t<meta property=\"og:image:type\" content=\"image\/jpeg\" \/>\n<meta name=\"author\" content=\"Redazione\" \/>\n<meta name=\"twitter:card\" content=\"summary_large_image\" \/>\n<meta name=\"twitter:label1\" content=\"Scritto da\" \/>\n\t<meta name=\"twitter:data1\" content=\"Redazione\" \/>\n\t<meta name=\"twitter:label2\" content=\"Tempo di lettura stimato\" \/>\n\t<meta name=\"twitter:data2\" content=\"15 minuti\" \/>\n<script type=\"application\/ld+json\" class=\"yoast-schema-graph\">{\"@context\":\"https:\/\/schema.org\",\"@graph\":[{\"@type\":\"Article\",\"@id\":\"https:\/\/blog.holyart.it\/it\/occasioni-speciali\/papa-leone-xiv-tutto-quello-che-ce-da-sapere-sul-nuovo-pontefice\/#article\",\"isPartOf\":{\"@id\":\"https:\/\/blog.holyart.it\/it\/occasioni-speciali\/papa-leone-xiv-tutto-quello-che-ce-da-sapere-sul-nuovo-pontefice\/\"},\"author\":{\"name\":\"Redazione\",\"@id\":\"https:\/\/blog.holyart.it\/it\/#\/schema\/person\/0a7b686e5af0f856ec1e390dd0baecda\"},\"headline\":\"Papa Leone XIV: tutto quello che c\u2019\u00e8 da sapere sul nuovo Pontefice\",\"datePublished\":\"2025-05-15T14:50:48+00:00\",\"dateModified\":\"2025-08-19T14:44:47+00:00\",\"mainEntityOfPage\":{\"@id\":\"https:\/\/blog.holyart.it\/it\/occasioni-speciali\/papa-leone-xiv-tutto-quello-che-ce-da-sapere-sul-nuovo-pontefice\/\"},\"wordCount\":2416,\"publisher\":{\"@id\":\"https:\/\/blog.holyart.it\/it\/#organization\"},\"image\":{\"@id\":\"https:\/\/blog.holyart.it\/it\/occasioni-speciali\/papa-leone-xiv-tutto-quello-che-ce-da-sapere-sul-nuovo-pontefice\/#primaryimage\"},\"thumbnailUrl\":\"https:\/\/blog.holyart.it\/it\/wp-content\/uploads\/sites\/17\/2025\/05\/Leone-XIV.jpg\",\"articleSection\":[\"Occasioni speciali\"],\"inLanguage\":\"it-IT\"},{\"@type\":\"WebPage\",\"@id\":\"https:\/\/blog.holyart.it\/it\/occasioni-speciali\/papa-leone-xiv-tutto-quello-che-ce-da-sapere-sul-nuovo-pontefice\/\",\"url\":\"https:\/\/blog.holyart.it\/it\/occasioni-speciali\/papa-leone-xiv-tutto-quello-che-ce-da-sapere-sul-nuovo-pontefice\/\",\"name\":\"Papa Leone XIV: tutto quello che c\u2019\u00e8 da sapere sul nuovo Pontefice - Holyblog\",\"isPartOf\":{\"@id\":\"https:\/\/blog.holyart.it\/it\/#website\"},\"primaryImageOfPage\":{\"@id\":\"https:\/\/blog.holyart.it\/it\/occasioni-speciali\/papa-leone-xiv-tutto-quello-che-ce-da-sapere-sul-nuovo-pontefice\/#primaryimage\"},\"image\":{\"@id\":\"https:\/\/blog.holyart.it\/it\/occasioni-speciali\/papa-leone-xiv-tutto-quello-che-ce-da-sapere-sul-nuovo-pontefice\/#primaryimage\"},\"thumbnailUrl\":\"https:\/\/blog.holyart.it\/it\/wp-content\/uploads\/sites\/17\/2025\/05\/Leone-XIV.jpg\",\"datePublished\":\"2025-05-15T14:50:48+00:00\",\"dateModified\":\"2025-08-19T14:44:47+00:00\",\"description\":\"Il pontificato di Papa Leone XIV si apre come una porta socchiusa sul futuro. Chi \u00e8 il primo Papa statunitense della Chiesa?\",\"breadcrumb\":{\"@id\":\"https:\/\/blog.holyart.it\/it\/occasioni-speciali\/papa-leone-xiv-tutto-quello-che-ce-da-sapere-sul-nuovo-pontefice\/#breadcrumb\"},\"inLanguage\":\"it-IT\",\"potentialAction\":[{\"@type\":\"ReadAction\",\"target\":[\"https:\/\/blog.holyart.it\/it\/occasioni-speciali\/papa-leone-xiv-tutto-quello-che-ce-da-sapere-sul-nuovo-pontefice\/\"]}]},{\"@type\":\"ImageObject\",\"inLanguage\":\"it-IT\",\"@id\":\"https:\/\/blog.holyart.it\/it\/occasioni-speciali\/papa-leone-xiv-tutto-quello-che-ce-da-sapere-sul-nuovo-pontefice\/#primaryimage\",\"url\":\"https:\/\/blog.holyart.it\/it\/wp-content\/uploads\/sites\/17\/2025\/05\/Leone-XIV.jpg\",\"contentUrl\":\"https:\/\/blog.holyart.it\/it\/wp-content\/uploads\/sites\/17\/2025\/05\/Leone-XIV.jpg\",\"width\":1000,\"height\":666,\"caption\":\"Leone XIV: tutto quello che c'\u00e8 da sapere\"},{\"@type\":\"BreadcrumbList\",\"@id\":\"https:\/\/blog.holyart.it\/it\/occasioni-speciali\/papa-leone-xiv-tutto-quello-che-ce-da-sapere-sul-nuovo-pontefice\/#breadcrumb\",\"itemListElement\":[{\"@type\":\"ListItem\",\"position\":1,\"name\":\"Homepage\",\"item\":\"https:\/\/blog.holyart.it\/it\/\"},{\"@type\":\"ListItem\",\"position\":2,\"name\":\"Occasioni speciali\",\"item\":\"https:\/\/blog.holyart.it\/it\/occasioni-speciali\/\"},{\"@type\":\"ListItem\",\"position\":3,\"name\":\"Papa Leone XIV: tutto quello che c\u2019\u00e8 da sapere sul nuovo Pontefice\"}]},{\"@type\":\"WebSite\",\"@id\":\"https:\/\/blog.holyart.it\/it\/#website\",\"url\":\"https:\/\/blog.holyart.it\/it\/\",\"name\":\"Holyblog\",\"description\":\"Il Blog di Holyart.it\",\"publisher\":{\"@id\":\"https:\/\/blog.holyart.it\/it\/#organization\"},\"potentialAction\":[{\"@type\":\"SearchAction\",\"target\":{\"@type\":\"EntryPoint\",\"urlTemplate\":\"https:\/\/blog.holyart.it\/it\/?s={search_term_string}\"},\"query-input\":{\"@type\":\"PropertyValueSpecification\",\"valueRequired\":true,\"valueName\":\"search_term_string\"}}],\"inLanguage\":\"it-IT\"},{\"@type\":\"Organization\",\"@id\":\"https:\/\/blog.holyart.it\/it\/#organization\",\"name\":\"Holyblog\",\"url\":\"https:\/\/blog.holyart.it\/it\/\",\"logo\":{\"@type\":\"ImageObject\",\"inLanguage\":\"it-IT\",\"@id\":\"https:\/\/blog.holyart.it\/it\/#\/schema\/logo\/image\/\",\"url\":\"https:\/\/blog.holyart.it\/it\/wp-content\/uploads\/sites\/17\/2022\/12\/Holyart_Blog_Logo.jpg\",\"contentUrl\":\"https:\/\/blog.holyart.it\/it\/wp-content\/uploads\/sites\/17\/2022\/12\/Holyart_Blog_Logo.jpg\",\"width\":300,\"height\":50,\"caption\":\"Holyblog\"},\"image\":{\"@id\":\"https:\/\/blog.holyart.it\/it\/#\/schema\/logo\/image\/\"}},{\"@type\":\"Person\",\"@id\":\"https:\/\/blog.holyart.it\/it\/#\/schema\/person\/0a7b686e5af0f856ec1e390dd0baecda\",\"name\":\"Redazione\"}]}<\/script>\n<!-- \/ Yoast SEO plugin. -->","yoast_head_json":{"title":"Papa Leone XIV: tutto quello che c\u2019\u00e8 da sapere sul nuovo Pontefice - Holyblog","description":"Il pontificato di Papa Leone XIV si apre come una porta socchiusa sul futuro. Chi \u00e8 il primo Papa statunitense della Chiesa?","robots":{"index":"index","follow":"follow","max-snippet":"max-snippet:-1","max-image-preview":"max-image-preview:large","max-video-preview":"max-video-preview:-1"},"canonical":"https:\/\/blog.holyart.it\/it\/occasioni-speciali\/papa-leone-xiv-tutto-quello-che-ce-da-sapere-sul-nuovo-pontefice\/","og_locale":"it_IT","og_type":"article","og_title":"Papa Leone XIV: tutto quello che c\u2019\u00e8 da sapere sul nuovo Pontefice - Holyblog","og_description":"Il pontificato di Papa Leone XIV si apre come una porta socchiusa sul futuro. Chi \u00e8 il primo Papa statunitense della Chiesa?","og_url":"https:\/\/blog.holyart.it\/it\/occasioni-speciali\/papa-leone-xiv-tutto-quello-che-ce-da-sapere-sul-nuovo-pontefice\/","og_site_name":"Holyblog","article_published_time":"2025-05-15T14:50:48+00:00","article_modified_time":"2025-08-19T14:44:47+00:00","og_image":[{"width":1000,"height":666,"url":"https:\/\/blog.holyart.it\/it\/wp-content\/uploads\/sites\/17\/2025\/05\/Leone-XIV.jpg","type":"image\/jpeg"}],"author":"Redazione","twitter_card":"summary_large_image","twitter_misc":{"Scritto da":"Redazione","Tempo di lettura stimato":"15 minuti"},"schema":{"@context":"https:\/\/schema.org","@graph":[{"@type":"Article","@id":"https:\/\/blog.holyart.it\/it\/occasioni-speciali\/papa-leone-xiv-tutto-quello-che-ce-da-sapere-sul-nuovo-pontefice\/#article","isPartOf":{"@id":"https:\/\/blog.holyart.it\/it\/occasioni-speciali\/papa-leone-xiv-tutto-quello-che-ce-da-sapere-sul-nuovo-pontefice\/"},"author":{"name":"Redazione","@id":"https:\/\/blog.holyart.it\/it\/#\/schema\/person\/0a7b686e5af0f856ec1e390dd0baecda"},"headline":"Papa Leone XIV: tutto quello che c\u2019\u00e8 da sapere sul nuovo Pontefice","datePublished":"2025-05-15T14:50:48+00:00","dateModified":"2025-08-19T14:44:47+00:00","mainEntityOfPage":{"@id":"https:\/\/blog.holyart.it\/it\/occasioni-speciali\/papa-leone-xiv-tutto-quello-che-ce-da-sapere-sul-nuovo-pontefice\/"},"wordCount":2416,"publisher":{"@id":"https:\/\/blog.holyart.it\/it\/#organization"},"image":{"@id":"https:\/\/blog.holyart.it\/it\/occasioni-speciali\/papa-leone-xiv-tutto-quello-che-ce-da-sapere-sul-nuovo-pontefice\/#primaryimage"},"thumbnailUrl":"https:\/\/blog.holyart.it\/it\/wp-content\/uploads\/sites\/17\/2025\/05\/Leone-XIV.jpg","articleSection":["Occasioni speciali"],"inLanguage":"it-IT"},{"@type":"WebPage","@id":"https:\/\/blog.holyart.it\/it\/occasioni-speciali\/papa-leone-xiv-tutto-quello-che-ce-da-sapere-sul-nuovo-pontefice\/","url":"https:\/\/blog.holyart.it\/it\/occasioni-speciali\/papa-leone-xiv-tutto-quello-che-ce-da-sapere-sul-nuovo-pontefice\/","name":"Papa Leone XIV: tutto quello che c\u2019\u00e8 da sapere sul nuovo Pontefice - Holyblog","isPartOf":{"@id":"https:\/\/blog.holyart.it\/it\/#website"},"primaryImageOfPage":{"@id":"https:\/\/blog.holyart.it\/it\/occasioni-speciali\/papa-leone-xiv-tutto-quello-che-ce-da-sapere-sul-nuovo-pontefice\/#primaryimage"},"image":{"@id":"https:\/\/blog.holyart.it\/it\/occasioni-speciali\/papa-leone-xiv-tutto-quello-che-ce-da-sapere-sul-nuovo-pontefice\/#primaryimage"},"thumbnailUrl":"https:\/\/blog.holyart.it\/it\/wp-content\/uploads\/sites\/17\/2025\/05\/Leone-XIV.jpg","datePublished":"2025-05-15T14:50:48+00:00","dateModified":"2025-08-19T14:44:47+00:00","description":"Il pontificato di Papa Leone XIV si apre come una porta socchiusa sul futuro. Chi \u00e8 il primo Papa statunitense della Chiesa?","breadcrumb":{"@id":"https:\/\/blog.holyart.it\/it\/occasioni-speciali\/papa-leone-xiv-tutto-quello-che-ce-da-sapere-sul-nuovo-pontefice\/#breadcrumb"},"inLanguage":"it-IT","potentialAction":[{"@type":"ReadAction","target":["https:\/\/blog.holyart.it\/it\/occasioni-speciali\/papa-leone-xiv-tutto-quello-che-ce-da-sapere-sul-nuovo-pontefice\/"]}]},{"@type":"ImageObject","inLanguage":"it-IT","@id":"https:\/\/blog.holyart.it\/it\/occasioni-speciali\/papa-leone-xiv-tutto-quello-che-ce-da-sapere-sul-nuovo-pontefice\/#primaryimage","url":"https:\/\/blog.holyart.it\/it\/wp-content\/uploads\/sites\/17\/2025\/05\/Leone-XIV.jpg","contentUrl":"https:\/\/blog.holyart.it\/it\/wp-content\/uploads\/sites\/17\/2025\/05\/Leone-XIV.jpg","width":1000,"height":666,"caption":"Leone XIV: tutto quello che c'\u00e8 da sapere"},{"@type":"BreadcrumbList","@id":"https:\/\/blog.holyart.it\/it\/occasioni-speciali\/papa-leone-xiv-tutto-quello-che-ce-da-sapere-sul-nuovo-pontefice\/#breadcrumb","itemListElement":[{"@type":"ListItem","position":1,"name":"Homepage","item":"https:\/\/blog.holyart.it\/it\/"},{"@type":"ListItem","position":2,"name":"Occasioni speciali","item":"https:\/\/blog.holyart.it\/it\/occasioni-speciali\/"},{"@type":"ListItem","position":3,"name":"Papa Leone XIV: tutto quello che c\u2019\u00e8 da sapere sul nuovo Pontefice"}]},{"@type":"WebSite","@id":"https:\/\/blog.holyart.it\/it\/#website","url":"https:\/\/blog.holyart.it\/it\/","name":"Holyblog","description":"Il Blog di Holyart.it","publisher":{"@id":"https:\/\/blog.holyart.it\/it\/#organization"},"potentialAction":[{"@type":"SearchAction","target":{"@type":"EntryPoint","urlTemplate":"https:\/\/blog.holyart.it\/it\/?s={search_term_string}"},"query-input":{"@type":"PropertyValueSpecification","valueRequired":true,"valueName":"search_term_string"}}],"inLanguage":"it-IT"},{"@type":"Organization","@id":"https:\/\/blog.holyart.it\/it\/#organization","name":"Holyblog","url":"https:\/\/blog.holyart.it\/it\/","logo":{"@type":"ImageObject","inLanguage":"it-IT","@id":"https:\/\/blog.holyart.it\/it\/#\/schema\/logo\/image\/","url":"https:\/\/blog.holyart.it\/it\/wp-content\/uploads\/sites\/17\/2022\/12\/Holyart_Blog_Logo.jpg","contentUrl":"https:\/\/blog.holyart.it\/it\/wp-content\/uploads\/sites\/17\/2022\/12\/Holyart_Blog_Logo.jpg","width":300,"height":50,"caption":"Holyblog"},"image":{"@id":"https:\/\/blog.holyart.it\/it\/#\/schema\/logo\/image\/"}},{"@type":"Person","@id":"https:\/\/blog.holyart.it\/it\/#\/schema\/person\/0a7b686e5af0f856ec1e390dd0baecda","name":"Redazione"}]}},"_links":{"self":[{"href":"https:\/\/blog.holyart.it\/it\/wp-json\/wp\/v2\/posts\/21931","targetHints":{"allow":["GET"]}}],"collection":[{"href":"https:\/\/blog.holyart.it\/it\/wp-json\/wp\/v2\/posts"}],"about":[{"href":"https:\/\/blog.holyart.it\/it\/wp-json\/wp\/v2\/types\/post"}],"author":[{"embeddable":true,"href":"https:\/\/blog.holyart.it\/it\/wp-json\/wp\/v2\/users\/1"}],"replies":[{"embeddable":true,"href":"https:\/\/blog.holyart.it\/it\/wp-json\/wp\/v2\/comments?post=21931"}],"version-history":[{"count":18,"href":"https:\/\/blog.holyart.it\/it\/wp-json\/wp\/v2\/posts\/21931\/revisions"}],"predecessor-version":[{"id":21960,"href":"https:\/\/blog.holyart.it\/it\/wp-json\/wp\/v2\/posts\/21931\/revisions\/21960"}],"wp:featuredmedia":[{"embeddable":true,"href":"https:\/\/blog.holyart.it\/it\/wp-json\/wp\/v2\/media\/21932"}],"wp:attachment":[{"href":"https:\/\/blog.holyart.it\/it\/wp-json\/wp\/v2\/media?parent=21931"}],"wp:term":[{"taxonomy":"category","embeddable":true,"href":"https:\/\/blog.holyart.it\/it\/wp-json\/wp\/v2\/categories?post=21931"},{"taxonomy":"post_tag","embeddable":true,"href":"https:\/\/blog.holyart.it\/it\/wp-json\/wp\/v2\/tags?post=21931"}],"curies":[{"name":"wp","href":"https:\/\/api.w.org\/{rel}","templated":true}]}}