{"id":21916,"date":"2025-08-25T10:00:29","date_gmt":"2025-08-25T08:00:29","guid":{"rendered":"https:\/\/blog.holyart.it\/it\/?p=21916"},"modified":"2025-06-30T10:20:16","modified_gmt":"2025-06-30T08:20:16","slug":"chi-e-il-papa-nero-tutto-cio-che-ce-da-sapere-sul-generale-dei-gesuiti","status":"publish","type":"post","link":"https:\/\/blog.holyart.it\/it\/articoli-religiosi\/chi-e-il-papa-nero-tutto-cio-che-ce-da-sapere-sul-generale-dei-gesuiti\/","title":{"rendered":"Chi \u00e8 il Papa Nero? Tutto ci\u00f2 che c&#8217;\u00e8 da sapere sul Generale dei Gesuiti"},"content":{"rendered":"<h4>Il Papa Nero: storia e curiosit\u00e0 sul Superiore Generale dei Gesuiti, figura potente nella Chiesa cattolica. Dalla sua autorit\u00e0 al ruolo nell&#8217;attuale pontificato<\/h4>\n\n<p>Chi \u00e8 il\u00a0<strong>Papa Nero<\/strong>? Ci siamo gi\u00e0 imbattuti in questo titolo solenne, che evoca per certi versi uno scenario misterioso, quasi romanzesco. In realt\u00e0 questa figura non appartiene alla letteratura, e non ha di certo una connotazione negativa, anzi! Si tratta del\u00a0<strong>moderatore supremo dei Gesuiti<\/strong>, il loro generale, il loro capo, insomma. Dei\u00a0<strong><a href=\"https:\/\/www.holyart.it\/blog\/articoli-religiosi\/chi-sono-i-gesuiti-e-cosa-fanno\/\">Gesuiti, o Compagnia di Ges\u00f9<\/a><\/strong>, abbiamo gi\u00e0 parlato in passato. Si tratta di uno degli ordini religiosi pi\u00f9 importanti della Chiesa cattolica, fondato da\u00a0<strong>Sant&#8217;Ignazio di Loyola<\/strong>, ex cavaliere spagnolo, nel 1521. L&#8217;ordine nacque nel 1534 quando Ignazio e sei compagni pronunciarono i voti di povert\u00e0, castit\u00e0 e obbedienza, aggiungendo un quarto voto di obbedienza assoluta al Papa che riflette la loro impronta militare. Nonostante la loro influenza attuale nella Chiesa, i Gesuiti hanno attraversato periodi di forti controversie, culminati con la loro quasi completa soppressione nel 1773 per ordine di Papa Clemente XIV. La loro missione originaria di\u00a0<strong>protezione dei pellegrini<\/strong>\u00a0si \u00e8 evoluta nel tempo, includendo l&#8217;<strong>educazione\u00a0<\/strong>(con la fondazione di importanti universit\u00e0 come la Gregoriana di Roma), l&#8217;evangelizzazione e la promozione della<strong>\u00a0giustizia sociale<\/strong>. Anche in vista del\u00a0<a href=\"https:\/\/www.holyart.it\/blog\/articoli-religiosi\/cose-il-giubileo-prepariamoci-a-un-nuovo-anno-santo\/\"><strong>Giubileo 2025<\/strong><\/a>, l&#8217;ordine ha organizzato diverse iniziative dedicate ai pellegrini, continuando la tradizione dei centri di spiritualit\u00e0 ignaziana.<\/p>\n<div class=\"link-article\">\n<p><img loading=\"lazy\" decoding=\"async\" class=\"size-full wp-image-21918 alignleft\" src=\"https:\/\/blog.holyart.it\/it\/wp-content\/uploads\/sites\/17\/2025\/05\/chi-sono-i-gesuiti-e-cosa-fanno-1.jpg\" alt=\"chi sono i gesuiti e cosa fanno\" width=\"150\" height=\"99\" data-kale-share-title=\"Chi \u00e8 il Papa Nero? Tutto ci\u00f2 che c\u2019\u00e8 da sapere sul generale dei Gesuiti\" data-kale-share-url=\"https:\/\/blog.holyart.it\/it\/?p=21916\" \/><\/p>\n<div class=\"leggi-anche\">Leggi anche:<\/div>\n<p><strong><a href=\"https:\/\/www.holyart.it\/blog\/articoli-religiosi\/chi-sono-i-gesuiti-e-cosa-fanno\/\">Chi sono i gesuiti e cosa fanno?<\/a><\/strong><br \/>\nScopriamo chi sono i gesuiti e cosa fanno e ricordiamo perch\u00e9 quest\u2019Ordine \u00e8 cos\u00ec importante al giorno d\u2019oggi&#8230;<\/p>\n<\/div>\n<h2>Come viene chiamato il Generale dei Gesuiti?<\/h2>\n<p>Papa Nero non \u00e8 il solo appellativo con cui viene chiamato il Superiore Generale della Compagnia di Ges\u00f9. Infatti egli \u00e8 comunemente conosciuto come\u00a0<strong>Generale dei gesuiti<\/strong>, carica che riflette la sua importanza all&#8217;interno dell&#8217;ordine religioso, e ricorda anche le origini dell&#8217;ordine, fondato da un ex cavaliere esperto nell&#8217;arte della guerra. Il titolo ufficiale sarebbe\u00a0<strong><em>Praepositus Generalis<\/em><\/strong>\u00a0(Preposito Generale), appellativo latino che indica la sua autorit\u00e0 come capo supremo dell&#8217;ordine.<\/p>\n<p>Oltre alla sua designazione ufficiale, il generale dei gesuiti viene soprannominato appunto Papa Nero e\u00a0 il ruolo che detiene all&#8217;interno dell&#8217;ordine \u00e8\u00a0<strong>paragonabile a quello del Sommo Pontefice della Chiesa cattolica<\/strong>.\u00a0<a href=\"https:\/\/www.holyart.it\/blog\/articoli-religiosi\/come-si-elegge-un-papa-il-ruolo-del-conclave-e-i-segreti-del-rito\/\"><strong>Come il Papa,<\/strong><\/a> anche il generale dei gesuiti\u00a0<strong>viene eletto a vita<\/strong>, dalla Congregazione Generale, un organismo composto dai\u00a0<strong>preposti provinciali<\/strong>, ovvero i rappresentanti delle province gesuite nel mondo, e da\u00a0<strong>due religiosi professi<\/strong>\u00a0per ogni provincia, scelti in base alla loro esperienza e saggezza.\u00a0Dopo l\u2019elezione, il nome del nuovo Generale viene comunicato immediatamente al\u00a0<strong>Papa<\/strong>, come previsto dal quarto voto di obbedienza diretta al Sommo Pontefice.<\/p>\n<p>All&#8217;elezione del Papa Nero si arriva dopo la\u00a0<strong><em>murmuratio<\/em><\/strong>, un periodo di consultazioni informali che precede l\u2019elezione vera e propria, che prevede quattro giorni di dialoghi tra i membri della Congregazione Generale. In questi quattro giorni gli elettori si confrontano a due a due, senza formare gruppi o lobby, per raccogliere informazioni su chi potrebbe essere adatto al ruolo. Lo scopo di questa pratica secolare introdotta da Ignazio di Loyola in persona \u00e8 quello di evitare pressioni esterne e favorire un discernimento basato sulla saggezza collettiva, eliminando il rischio di candidature autonome o interessi particolari.<\/p>\n<div class=\"link-article\">\n<p><img loading=\"lazy\" decoding=\"async\" class=\"size-full wp-image-21919 alignleft\" src=\"https:\/\/blog.holyart.it\/it\/wp-content\/uploads\/sites\/17\/2025\/05\/come-si-elegge-un-papa-conclave.jpg\" alt=\"come si elegge un papa conclave\" width=\"150\" height=\"99\" data-kale-share-title=\"Chi \u00e8 il Papa Nero? Tutto ci\u00f2 che c\u2019\u00e8 da sapere sul generale dei Gesuiti\" data-kale-share-url=\"https:\/\/blog.holyart.it\/it\/?p=21916\" \/><\/p>\n<div class=\"leggi-anche\">Leggi anche:<\/div>\n<p><strong><a href=\"https:\/\/www.holyart.it\/blog\/articoli-religiosi\/come-si-elegge-un-papa-il-ruolo-del-conclave-e-i-segreti-del-rito\/\">Come si elegge un Papa: il ruolo del Conclave e i segreti del rito<\/a><\/strong><br \/>\nCome si elegge un Papa. Storia, tradizione e mistero di un rito antico: il Conclave&#8230;<\/p>\n<\/div>\n<p>Il Generale incarna l\u2019unit\u00e0 della Compagnia, i suoi obiettivi storici, come la giustizia sociale e il dialogo interreligioso, in sintonia con la Chiesa universale. Il Papa nero esercita un\u2019autorit\u00e0 centrale e globale, definita dalle Costituzioni dell\u2019ordine e dalle sue tradizioni storiche. Pu\u00f2 designare i superiori provinciali, i prepositi delle case professe e i rettori dei collegi, affidando ai superiori provinciali la nomina dei superiori minori (come quelli delle residenze o delle missioni). Pu\u00f2 anche accettare nuove fondazioni di collegi o case, ma non sopprimerle senza il consenso della Congregazione Generale. Con il parere del Consiglio, pu\u00f2 introdurre nuove norme utili alla missione, purch\u00e9 approvate a maggioranza e ha il potere di riunire l\u2019assemblea che lo elegge, se ritiene necessario. Assistenti di diverse nazionalit\u00e0, eletti dalla Congregazione Generale, lo supportano nelle decisioni.<br \/>\nSebbene i gesuiti debbano un&#8217;obbedienza speciale al Papa per missioni apostoliche, il Generale non \u00e8 sottoposto a controllo diretto della Santa Sede nella gestione interna.<\/p>\n<h2>Quali sono stati i Papi Gesuiti?<\/h2>\n<p>Nella storia della Chiesa cattolica,\u00a0<a href=\"https:\/\/www.holyart.it\/blog\/occasioni-speciali\/come-papa-francesco-ha-trasformato-la-chiesa-durante-il-suo-pontificato\/\"><strong>solo un gesuita \u00e8 stato eletto Papa: Jorge Mario Bergoglio<\/strong><\/a>, che ha assunto il nome di Francesco dopo la sua elezione nel 2013. Papa Francesco \u00e8 il primo pontefice proveniente dalla Compagnia di Ges\u00f9 nei quasi 500 anni di storia dell&#8217;ordine.\u00a0Prima di Papa Francesco, nessun membro della Compagnia di Ges\u00f9 era mai salito al soglio pontificio. Questo fatto \u00e8 particolarmente significativo considerando la lunga storia dell&#8217;ordine e la sua rilevanza all&#8217;interno della Chiesa cattolica attraverso i secoli. La rarit\u00e0 di papi gesuiti pu\u00f2 essere attribuita in parte alla tradizionale tensione esistente tra alcuni ambienti della Curia Romana e la Compagnia di Ges\u00f9, oltre che all&#8217;impegno dei gesuiti nei confronti del\u00a0<strong>quarto voto<\/strong>\u00a0di speciale obbedienza al Papa, che potrebbe rappresentare un potenziale conflitto di interesse nel caso un gesuita diventasse egli stesso Papa.<\/p>\n<div class=\"link-article\">\n<p><img loading=\"lazy\" decoding=\"async\" class=\"size-full wp-image-21920 alignleft\" src=\"https:\/\/blog.holyart.it\/it\/wp-content\/uploads\/sites\/17\/2025\/05\/Holyart_Blog_PapaFrancesco_it-3.jpg\" alt=\"papa francesco\" width=\"150\" height=\"99\" data-kale-share-title=\"Chi \u00e8 il Papa Nero? Tutto ci\u00f2 che c\u2019\u00e8 da sapere sul generale dei Gesuiti\" data-kale-share-url=\"https:\/\/blog.holyart.it\/it\/?p=21916\" \/><\/p>\n<div class=\"leggi-anche\">Leggi anche:<\/div>\n<p><strong><a href=\"https:\/\/www.holyart.it\/blog\/occasioni-speciali\/come-papa-francesco-ha-trasformato-la-chiesa-durante-il-suo-pontificato\/\">Come Papa Francesco ha trasformato la Chiesa durante il suo pontificato<\/a><\/strong><br \/>\nChe cosa ha fatto di importante Papa Francesco? Il suo pontificato \u00e8&#8230;<\/p>\n<\/div>\n<h2>Cosa vuol dire Papa Nero? Perch\u00e9 si dice Papa Nero?<\/h2>\n<p>Il termine Papa Nero \u00e8 nato come soprannome informale per indicare il Superiore Generale dei gesuiti, per evidenziare il parallelo tra il potere spirituale del Pontefice romano (il\u00a0<strong>Papa Bianco<\/strong>) e l&#8217;influenza esercitata dal capo della Compagnia di Ges\u00f9 all&#8217;interno della Chiesa cattolica e nelle sfere politiche e culturali.\u00a0L&#8217;appellativo &#8220;nero&#8221; deriva principalmente dall&#8217;<a href=\"https:\/\/www.holyart.it\/it\/accessori-per-la-liturgia\/paramenti-liturgici-servizi-altare-coprileggii\/camici\/abito-talare-nero-in-poliestere\"><strong>abito talare nero<\/strong><\/a>\u00a0indossato dai gesuiti, che contrasta con la veste bianca del Papa. Tuttavia, il soprannome racchiude significati pi\u00f9 profondi che trascendono il semplice riferimento all&#8217;abbigliamento.\u00a0In primo luogo, riflette la percezione storica del\u00a0<strong>significativo potere e dell&#8217;influenza<\/strong>\u00a0esercitata dalla Compagnia di Ges\u00f9, considerata da molti come uno degli ordini religiosi pi\u00f9 influenti. I gesuiti hanno storicamente ricoperto ruoli importanti come consiglieri di monarchi e leader politici, educatori nelle universit\u00e0 pi\u00f9 prestigiose, e missionari in terre lontane.<br \/>\nIn secondo luogo, il termine contiene un riferimento all&#8217;<strong>organizzazione gerarchica dell&#8217;ordin<\/strong>e, caratterizzata da una forte centralizzazione del potere nelle mani del Superiore Generale, eletto a vita e dotato di ampia autorit\u00e0 sui membri della Compagnia. Questa struttura di governo verticistica ha alimentato l&#8217;immagine del generale come una sorta di &#8220;papa parallelo&#8221;.<br \/>\nInfine, il soprannome \u00e8 stato talvolta utilizzato dai\u00a0<strong>detrattori dell&#8217;ordine<\/strong>, per insinuare che i gesuiti costituissero una sorta di &#8220;chiesa nella chiesa&#8221;, con una propria agenda e una lealt\u00e0 divisa tra il Papa ufficiale e il loro Superiore Generale.<\/p>\n<div class=\"link-product\">\n<div class=\"blocco-immagine\"><img loading=\"lazy\" decoding=\"async\" class=\"size-full wp-image-21921 alignleft\" src=\"https:\/\/blog.holyart.it\/it\/wp-content\/uploads\/sites\/17\/2025\/05\/abito-talare-nero-in-poliestere.jpg\" alt=\"abito talare nero in poliestere\" width=\"100\" height=\"100\" data-kale-share-title=\"Chi \u00e8 il Papa Nero? Tutto ci\u00f2 che c\u2019\u00e8 da sapere sul Generale dei Gesuiti\" data-kale-share-url=\"https:\/\/blog.holyart.it\/it\/?p=21916\" \/><\/div>\n<div class=\"blocco-contenuto\">\n<div class=\"blocco-acquista\">Acquista su Holyart:<\/div>\n<div class=\"blocco-titolo\"><a href=\"https:\/\/www.holyart.it\/it\/accessori-per-la-liturgia\/paramenti-liturgici-servizi-altare-coprileggii\/camici\/abito-talare-nero-in-poliestere\">Abito talare nero in poliestere<\/a><\/div>\n<div class=\"blocco-descrizione\">Questo abito talare \u00e8 confezionato in tela vaticana elegante e resistente da una prestigiosa azienda del territorio.<\/div>\n<\/div>\n<\/div>\n<h2>Chi \u00e8 il Papa Nero oggi?<\/h2>\n<p>Attualmente, il ruolo di Superiore Generale della Compagnia di Ges\u00f9 \u00e8 ricoperto da\u00a0<strong>Padre Arturo Sosa Abascal<\/strong>. Nato in Venezuela il 12 novembre 1948, Sosa \u00e8 stato eletto come trentesimo Superiore Generale dell&#8217;ordine il 14 ottobre 2016, durante la 36\u00aa Congregazione Generale della Compagnia di Ges\u00f9.\u00a0Padre Sosa \u00e8 il primo venezuelano a ricoprire questa prestigiosa carica e ha succeduto al gesuita spagnolo Adolfo Nicol\u00e1s, che aveva rassegnato le dimissioni per raggiunti limiti di et\u00e0. Prima della sua elezione, Sosa aveva ricoperto numerosi incarichi all&#8217;interno dell&#8217;ordine, tra cui quello di Provinciale della Provincia gesuitica del Venezuela (1996-2004) e di Delegato del Superiore Generale per le case e le opere interprovinciali della Compagnia a Roma.<br \/>\nIl suo mandato si \u00e8 caratterizzato per l&#8217;attenzione alle\u00a0<strong>questioni sociali, al dialogo interreligioso e alla promozione della giustizia<\/strong>, in continuit\u00e0 con le priorit\u00e0 apostoliche dell&#8217;ordine negli ultimi decenni. Come Superiore Generale, Sosa guida circa 15.000 gesuiti sparsi in tutto il mondo, coordinando le attivit\u00e0 di uno degli ordini religiosi pi\u00f9 influenti della Chiesa cattolica.<br \/>\nA differenza dei suoi predecessori storici, Padre Sosa ha operato in un contesto ecclesiale in cui, per la prima volta, un gesuita, <a href=\"https:\/\/www.holyart.it\/it\/occasioni-speciali\/papa-francesco\"><strong>Papa Francesco<\/strong><\/a>, occupava il soglio pontificio, creando una situazione senza precedenti nella relazione tra il<strong>\u00a0Papa Bianco e il Papa Nero<\/strong>.<\/p>\n<div class=\"link-product\">\n<div class=\"blocco-immagine\"><img loading=\"lazy\" decoding=\"async\" class=\"size-full wp-image-21922 alignleft\" src=\"https:\/\/blog.holyart.it\/it\/wp-content\/uploads\/sites\/17\/2025\/05\/collana-croce-papa-francesco-metallo-8x5-1.jpg\" alt=\"collana croce papa francesco metallo 8x5\" width=\"100\" height=\"100\" data-kale-share-title=\"Chi \u00e8 il Papa Nero? Tutto ci\u00f2 che c\u2019\u00e8 da sapere sul Generale dei Gesuiti\" data-kale-share-url=\"https:\/\/blog.holyart.it\/it\/?p=21916\" \/><\/div>\n<div class=\"blocco-contenuto\">\n<div class=\"blocco-acquista\">Acquista su Holyart:<\/div>\n<div class=\"blocco-titolo\"><a href=\"https:\/\/www.holyart.it\/it\/occasioni-speciali\/papa-francesco\">Papa Francesco<\/a><\/div>\n<div class=\"blocco-descrizione\">Categoria dedicata a Papa Jorge Mario Bergoglio.<\/div>\n<\/div>\n<\/div>\n","protected":false},"excerpt":{"rendered":"<p>Il Papa Nero: storia e curiosit\u00e0 sul Superiore Generale dei Gesuiti, figura potente nella Chiesa cattolica. Dalla sua autorit\u00e0 al ruolo nell&#8217;attuale pontificato Chi \u00e8 il\u00a0Papa Nero? Ci siamo gi\u00e0 imbattuti in questo titolo solenne, che evoca per certi versi uno scenario misterioso, quasi romanzesco.&hellip;<\/p>\n","protected":false},"author":1,"featured_media":21925,"comment_status":"closed","ping_status":"open","sticky":false,"template":"","format":"standard","meta":{"_acf_changed":false,"footnotes":""},"categories":[16],"tags":[],"class_list":["post-21916","post","type-post","status-publish","format-standard","has-post-thumbnail","hentry","category-articoli-religiosi"],"acf":[],"yoast_head":"<!-- This site is optimized with the Yoast SEO plugin v26.6 - https:\/\/yoast.com\/wordpress\/plugins\/seo\/ -->\n<title>Chi \u00e8 il Papa Nero? Tutto ci\u00f2 che c&#039;\u00e8 da sapere sul Generale dei Gesuiti<\/title>\n<meta name=\"description\" content=\"Il Papa Nero \u00e8 il Generale dei Gesuiti, figura potente nella Chiesa cattolica. Come viene eletto e quali sono i suoi poteri?\" \/>\n<meta name=\"robots\" content=\"index, follow, max-snippet:-1, max-image-preview:large, max-video-preview:-1\" \/>\n<link rel=\"canonical\" href=\"https:\/\/blog.holyart.it\/it\/articoli-religiosi\/chi-e-il-papa-nero-tutto-cio-che-ce-da-sapere-sul-generale-dei-gesuiti\/\" \/>\n<meta property=\"og:locale\" content=\"it_IT\" \/>\n<meta property=\"og:type\" content=\"article\" \/>\n<meta property=\"og:title\" content=\"Chi \u00e8 il Papa Nero? Tutto ci\u00f2 che c&#039;\u00e8 da sapere sul Generale dei Gesuiti\" \/>\n<meta property=\"og:description\" content=\"Il Papa Nero \u00e8 il Generale dei Gesuiti, figura potente nella Chiesa cattolica. Come viene eletto e quali sono i suoi poteri?\" \/>\n<meta property=\"og:url\" content=\"https:\/\/blog.holyart.it\/it\/articoli-religiosi\/chi-e-il-papa-nero-tutto-cio-che-ce-da-sapere-sul-generale-dei-gesuiti\/\" \/>\n<meta property=\"og:site_name\" content=\"Holyblog\" \/>\n<meta property=\"article:published_time\" content=\"2025-08-25T08:00:29+00:00\" \/>\n<meta property=\"og:image\" content=\"https:\/\/blog.holyart.it\/it\/wp-content\/uploads\/sites\/17\/2025\/05\/papa-nero.jpg\" \/>\n\t<meta property=\"og:image:width\" content=\"1000\" \/>\n\t<meta property=\"og:image:height\" content=\"666\" \/>\n\t<meta property=\"og:image:type\" content=\"image\/jpeg\" \/>\n<meta name=\"author\" content=\"Redazione\" \/>\n<meta name=\"twitter:card\" content=\"summary_large_image\" \/>\n<meta name=\"twitter:label1\" content=\"Scritto da\" \/>\n\t<meta name=\"twitter:data1\" content=\"Redazione\" \/>\n\t<meta name=\"twitter:label2\" content=\"Tempo di lettura stimato\" \/>\n\t<meta name=\"twitter:data2\" content=\"9 minuti\" \/>\n<script type=\"application\/ld+json\" class=\"yoast-schema-graph\">{\"@context\":\"https:\/\/schema.org\",\"@graph\":[{\"@type\":\"Article\",\"@id\":\"https:\/\/blog.holyart.it\/it\/articoli-religiosi\/chi-e-il-papa-nero-tutto-cio-che-ce-da-sapere-sul-generale-dei-gesuiti\/#article\",\"isPartOf\":{\"@id\":\"https:\/\/blog.holyart.it\/it\/articoli-religiosi\/chi-e-il-papa-nero-tutto-cio-che-ce-da-sapere-sul-generale-dei-gesuiti\/\"},\"author\":{\"name\":\"Redazione\",\"@id\":\"https:\/\/blog.holyart.it\/it\/#\/schema\/person\/0a7b686e5af0f856ec1e390dd0baecda\"},\"headline\":\"Chi \u00e8 il Papa Nero? Tutto ci\u00f2 che c&#8217;\u00e8 da sapere sul Generale dei Gesuiti\",\"datePublished\":\"2025-08-25T08:00:29+00:00\",\"mainEntityOfPage\":{\"@id\":\"https:\/\/blog.holyart.it\/it\/articoli-religiosi\/chi-e-il-papa-nero-tutto-cio-che-ce-da-sapere-sul-generale-dei-gesuiti\/\"},\"wordCount\":1361,\"publisher\":{\"@id\":\"https:\/\/blog.holyart.it\/it\/#organization\"},\"image\":{\"@id\":\"https:\/\/blog.holyart.it\/it\/articoli-religiosi\/chi-e-il-papa-nero-tutto-cio-che-ce-da-sapere-sul-generale-dei-gesuiti\/#primaryimage\"},\"thumbnailUrl\":\"https:\/\/blog.holyart.it\/it\/wp-content\/uploads\/sites\/17\/2025\/05\/papa-nero.jpg\",\"articleSection\":[\"Religione\"],\"inLanguage\":\"it-IT\"},{\"@type\":\"WebPage\",\"@id\":\"https:\/\/blog.holyart.it\/it\/articoli-religiosi\/chi-e-il-papa-nero-tutto-cio-che-ce-da-sapere-sul-generale-dei-gesuiti\/\",\"url\":\"https:\/\/blog.holyart.it\/it\/articoli-religiosi\/chi-e-il-papa-nero-tutto-cio-che-ce-da-sapere-sul-generale-dei-gesuiti\/\",\"name\":\"Chi \u00e8 il Papa Nero? Tutto ci\u00f2 che c'\u00e8 da sapere sul Generale dei Gesuiti\",\"isPartOf\":{\"@id\":\"https:\/\/blog.holyart.it\/it\/#website\"},\"primaryImageOfPage\":{\"@id\":\"https:\/\/blog.holyart.it\/it\/articoli-religiosi\/chi-e-il-papa-nero-tutto-cio-che-ce-da-sapere-sul-generale-dei-gesuiti\/#primaryimage\"},\"image\":{\"@id\":\"https:\/\/blog.holyart.it\/it\/articoli-religiosi\/chi-e-il-papa-nero-tutto-cio-che-ce-da-sapere-sul-generale-dei-gesuiti\/#primaryimage\"},\"thumbnailUrl\":\"https:\/\/blog.holyart.it\/it\/wp-content\/uploads\/sites\/17\/2025\/05\/papa-nero.jpg\",\"datePublished\":\"2025-08-25T08:00:29+00:00\",\"description\":\"Il Papa Nero \u00e8 il Generale dei Gesuiti, figura potente nella Chiesa cattolica. Come viene eletto e quali sono i suoi poteri?\",\"breadcrumb\":{\"@id\":\"https:\/\/blog.holyart.it\/it\/articoli-religiosi\/chi-e-il-papa-nero-tutto-cio-che-ce-da-sapere-sul-generale-dei-gesuiti\/#breadcrumb\"},\"inLanguage\":\"it-IT\",\"potentialAction\":[{\"@type\":\"ReadAction\",\"target\":[\"https:\/\/blog.holyart.it\/it\/articoli-religiosi\/chi-e-il-papa-nero-tutto-cio-che-ce-da-sapere-sul-generale-dei-gesuiti\/\"]}]},{\"@type\":\"ImageObject\",\"inLanguage\":\"it-IT\",\"@id\":\"https:\/\/blog.holyart.it\/it\/articoli-religiosi\/chi-e-il-papa-nero-tutto-cio-che-ce-da-sapere-sul-generale-dei-gesuiti\/#primaryimage\",\"url\":\"https:\/\/blog.holyart.it\/it\/wp-content\/uploads\/sites\/17\/2025\/05\/papa-nero.jpg\",\"contentUrl\":\"https:\/\/blog.holyart.it\/it\/wp-content\/uploads\/sites\/17\/2025\/05\/papa-nero.jpg\",\"width\":1000,\"height\":666,\"caption\":\"chi \u00e8 il papa nero\"},{\"@type\":\"BreadcrumbList\",\"@id\":\"https:\/\/blog.holyart.it\/it\/articoli-religiosi\/chi-e-il-papa-nero-tutto-cio-che-ce-da-sapere-sul-generale-dei-gesuiti\/#breadcrumb\",\"itemListElement\":[{\"@type\":\"ListItem\",\"position\":1,\"name\":\"Homepage\",\"item\":\"https:\/\/blog.holyart.it\/it\/\"},{\"@type\":\"ListItem\",\"position\":2,\"name\":\"Religione\",\"item\":\"https:\/\/blog.holyart.it\/it\/articoli-religiosi\/\"},{\"@type\":\"ListItem\",\"position\":3,\"name\":\"Chi \u00e8 il Papa Nero? Tutto ci\u00f2 che c&#8217;\u00e8 da sapere sul Generale dei Gesuiti\"}]},{\"@type\":\"WebSite\",\"@id\":\"https:\/\/blog.holyart.it\/it\/#website\",\"url\":\"https:\/\/blog.holyart.it\/it\/\",\"name\":\"Holyblog\",\"description\":\"Il Blog di Holyart.it\",\"publisher\":{\"@id\":\"https:\/\/blog.holyart.it\/it\/#organization\"},\"potentialAction\":[{\"@type\":\"SearchAction\",\"target\":{\"@type\":\"EntryPoint\",\"urlTemplate\":\"https:\/\/blog.holyart.it\/it\/?s={search_term_string}\"},\"query-input\":{\"@type\":\"PropertyValueSpecification\",\"valueRequired\":true,\"valueName\":\"search_term_string\"}}],\"inLanguage\":\"it-IT\"},{\"@type\":\"Organization\",\"@id\":\"https:\/\/blog.holyart.it\/it\/#organization\",\"name\":\"Holyblog\",\"url\":\"https:\/\/blog.holyart.it\/it\/\",\"logo\":{\"@type\":\"ImageObject\",\"inLanguage\":\"it-IT\",\"@id\":\"https:\/\/blog.holyart.it\/it\/#\/schema\/logo\/image\/\",\"url\":\"https:\/\/blog.holyart.it\/it\/wp-content\/uploads\/sites\/17\/2022\/12\/Holyart_Blog_Logo.jpg\",\"contentUrl\":\"https:\/\/blog.holyart.it\/it\/wp-content\/uploads\/sites\/17\/2022\/12\/Holyart_Blog_Logo.jpg\",\"width\":300,\"height\":50,\"caption\":\"Holyblog\"},\"image\":{\"@id\":\"https:\/\/blog.holyart.it\/it\/#\/schema\/logo\/image\/\"}},{\"@type\":\"Person\",\"@id\":\"https:\/\/blog.holyart.it\/it\/#\/schema\/person\/0a7b686e5af0f856ec1e390dd0baecda\",\"name\":\"Redazione\"}]}<\/script>\n<!-- \/ Yoast SEO plugin. -->","yoast_head_json":{"title":"Chi \u00e8 il Papa Nero? Tutto ci\u00f2 che c'\u00e8 da sapere sul Generale dei Gesuiti","description":"Il Papa Nero \u00e8 il Generale dei Gesuiti, figura potente nella Chiesa cattolica. Come viene eletto e quali sono i suoi poteri?","robots":{"index":"index","follow":"follow","max-snippet":"max-snippet:-1","max-image-preview":"max-image-preview:large","max-video-preview":"max-video-preview:-1"},"canonical":"https:\/\/blog.holyart.it\/it\/articoli-religiosi\/chi-e-il-papa-nero-tutto-cio-che-ce-da-sapere-sul-generale-dei-gesuiti\/","og_locale":"it_IT","og_type":"article","og_title":"Chi \u00e8 il Papa Nero? Tutto ci\u00f2 che c'\u00e8 da sapere sul Generale dei Gesuiti","og_description":"Il Papa Nero \u00e8 il Generale dei Gesuiti, figura potente nella Chiesa cattolica. Come viene eletto e quali sono i suoi poteri?","og_url":"https:\/\/blog.holyart.it\/it\/articoli-religiosi\/chi-e-il-papa-nero-tutto-cio-che-ce-da-sapere-sul-generale-dei-gesuiti\/","og_site_name":"Holyblog","article_published_time":"2025-08-25T08:00:29+00:00","og_image":[{"width":1000,"height":666,"url":"https:\/\/blog.holyart.it\/it\/wp-content\/uploads\/sites\/17\/2025\/05\/papa-nero.jpg","type":"image\/jpeg"}],"author":"Redazione","twitter_card":"summary_large_image","twitter_misc":{"Scritto da":"Redazione","Tempo di lettura stimato":"9 minuti"},"schema":{"@context":"https:\/\/schema.org","@graph":[{"@type":"Article","@id":"https:\/\/blog.holyart.it\/it\/articoli-religiosi\/chi-e-il-papa-nero-tutto-cio-che-ce-da-sapere-sul-generale-dei-gesuiti\/#article","isPartOf":{"@id":"https:\/\/blog.holyart.it\/it\/articoli-religiosi\/chi-e-il-papa-nero-tutto-cio-che-ce-da-sapere-sul-generale-dei-gesuiti\/"},"author":{"name":"Redazione","@id":"https:\/\/blog.holyart.it\/it\/#\/schema\/person\/0a7b686e5af0f856ec1e390dd0baecda"},"headline":"Chi \u00e8 il Papa Nero? Tutto ci\u00f2 che c&#8217;\u00e8 da sapere sul Generale dei Gesuiti","datePublished":"2025-08-25T08:00:29+00:00","mainEntityOfPage":{"@id":"https:\/\/blog.holyart.it\/it\/articoli-religiosi\/chi-e-il-papa-nero-tutto-cio-che-ce-da-sapere-sul-generale-dei-gesuiti\/"},"wordCount":1361,"publisher":{"@id":"https:\/\/blog.holyart.it\/it\/#organization"},"image":{"@id":"https:\/\/blog.holyart.it\/it\/articoli-religiosi\/chi-e-il-papa-nero-tutto-cio-che-ce-da-sapere-sul-generale-dei-gesuiti\/#primaryimage"},"thumbnailUrl":"https:\/\/blog.holyart.it\/it\/wp-content\/uploads\/sites\/17\/2025\/05\/papa-nero.jpg","articleSection":["Religione"],"inLanguage":"it-IT"},{"@type":"WebPage","@id":"https:\/\/blog.holyart.it\/it\/articoli-religiosi\/chi-e-il-papa-nero-tutto-cio-che-ce-da-sapere-sul-generale-dei-gesuiti\/","url":"https:\/\/blog.holyart.it\/it\/articoli-religiosi\/chi-e-il-papa-nero-tutto-cio-che-ce-da-sapere-sul-generale-dei-gesuiti\/","name":"Chi \u00e8 il Papa Nero? Tutto ci\u00f2 che c'\u00e8 da sapere sul Generale dei Gesuiti","isPartOf":{"@id":"https:\/\/blog.holyart.it\/it\/#website"},"primaryImageOfPage":{"@id":"https:\/\/blog.holyart.it\/it\/articoli-religiosi\/chi-e-il-papa-nero-tutto-cio-che-ce-da-sapere-sul-generale-dei-gesuiti\/#primaryimage"},"image":{"@id":"https:\/\/blog.holyart.it\/it\/articoli-religiosi\/chi-e-il-papa-nero-tutto-cio-che-ce-da-sapere-sul-generale-dei-gesuiti\/#primaryimage"},"thumbnailUrl":"https:\/\/blog.holyart.it\/it\/wp-content\/uploads\/sites\/17\/2025\/05\/papa-nero.jpg","datePublished":"2025-08-25T08:00:29+00:00","description":"Il Papa Nero \u00e8 il Generale dei Gesuiti, figura potente nella Chiesa cattolica. Come viene eletto e quali sono i suoi poteri?","breadcrumb":{"@id":"https:\/\/blog.holyart.it\/it\/articoli-religiosi\/chi-e-il-papa-nero-tutto-cio-che-ce-da-sapere-sul-generale-dei-gesuiti\/#breadcrumb"},"inLanguage":"it-IT","potentialAction":[{"@type":"ReadAction","target":["https:\/\/blog.holyart.it\/it\/articoli-religiosi\/chi-e-il-papa-nero-tutto-cio-che-ce-da-sapere-sul-generale-dei-gesuiti\/"]}]},{"@type":"ImageObject","inLanguage":"it-IT","@id":"https:\/\/blog.holyart.it\/it\/articoli-religiosi\/chi-e-il-papa-nero-tutto-cio-che-ce-da-sapere-sul-generale-dei-gesuiti\/#primaryimage","url":"https:\/\/blog.holyart.it\/it\/wp-content\/uploads\/sites\/17\/2025\/05\/papa-nero.jpg","contentUrl":"https:\/\/blog.holyart.it\/it\/wp-content\/uploads\/sites\/17\/2025\/05\/papa-nero.jpg","width":1000,"height":666,"caption":"chi \u00e8 il papa nero"},{"@type":"BreadcrumbList","@id":"https:\/\/blog.holyart.it\/it\/articoli-religiosi\/chi-e-il-papa-nero-tutto-cio-che-ce-da-sapere-sul-generale-dei-gesuiti\/#breadcrumb","itemListElement":[{"@type":"ListItem","position":1,"name":"Homepage","item":"https:\/\/blog.holyart.it\/it\/"},{"@type":"ListItem","position":2,"name":"Religione","item":"https:\/\/blog.holyart.it\/it\/articoli-religiosi\/"},{"@type":"ListItem","position":3,"name":"Chi \u00e8 il Papa Nero? Tutto ci\u00f2 che c&#8217;\u00e8 da sapere sul Generale dei Gesuiti"}]},{"@type":"WebSite","@id":"https:\/\/blog.holyart.it\/it\/#website","url":"https:\/\/blog.holyart.it\/it\/","name":"Holyblog","description":"Il Blog di Holyart.it","publisher":{"@id":"https:\/\/blog.holyart.it\/it\/#organization"},"potentialAction":[{"@type":"SearchAction","target":{"@type":"EntryPoint","urlTemplate":"https:\/\/blog.holyart.it\/it\/?s={search_term_string}"},"query-input":{"@type":"PropertyValueSpecification","valueRequired":true,"valueName":"search_term_string"}}],"inLanguage":"it-IT"},{"@type":"Organization","@id":"https:\/\/blog.holyart.it\/it\/#organization","name":"Holyblog","url":"https:\/\/blog.holyart.it\/it\/","logo":{"@type":"ImageObject","inLanguage":"it-IT","@id":"https:\/\/blog.holyart.it\/it\/#\/schema\/logo\/image\/","url":"https:\/\/blog.holyart.it\/it\/wp-content\/uploads\/sites\/17\/2022\/12\/Holyart_Blog_Logo.jpg","contentUrl":"https:\/\/blog.holyart.it\/it\/wp-content\/uploads\/sites\/17\/2022\/12\/Holyart_Blog_Logo.jpg","width":300,"height":50,"caption":"Holyblog"},"image":{"@id":"https:\/\/blog.holyart.it\/it\/#\/schema\/logo\/image\/"}},{"@type":"Person","@id":"https:\/\/blog.holyart.it\/it\/#\/schema\/person\/0a7b686e5af0f856ec1e390dd0baecda","name":"Redazione"}]}},"_links":{"self":[{"href":"https:\/\/blog.holyart.it\/it\/wp-json\/wp\/v2\/posts\/21916","targetHints":{"allow":["GET"]}}],"collection":[{"href":"https:\/\/blog.holyart.it\/it\/wp-json\/wp\/v2\/posts"}],"about":[{"href":"https:\/\/blog.holyart.it\/it\/wp-json\/wp\/v2\/types\/post"}],"author":[{"embeddable":true,"href":"https:\/\/blog.holyart.it\/it\/wp-json\/wp\/v2\/users\/1"}],"replies":[{"embeddable":true,"href":"https:\/\/blog.holyart.it\/it\/wp-json\/wp\/v2\/comments?post=21916"}],"version-history":[{"count":4,"href":"https:\/\/blog.holyart.it\/it\/wp-json\/wp\/v2\/posts\/21916\/revisions"}],"predecessor-version":[{"id":22045,"href":"https:\/\/blog.holyart.it\/it\/wp-json\/wp\/v2\/posts\/21916\/revisions\/22045"}],"wp:featuredmedia":[{"embeddable":true,"href":"https:\/\/blog.holyart.it\/it\/wp-json\/wp\/v2\/media\/21925"}],"wp:attachment":[{"href":"https:\/\/blog.holyart.it\/it\/wp-json\/wp\/v2\/media?parent=21916"}],"wp:term":[{"taxonomy":"category","embeddable":true,"href":"https:\/\/blog.holyart.it\/it\/wp-json\/wp\/v2\/categories?post=21916"},{"taxonomy":"post_tag","embeddable":true,"href":"https:\/\/blog.holyart.it\/it\/wp-json\/wp\/v2\/tags?post=21916"}],"curies":[{"name":"wp","href":"https:\/\/api.w.org\/{rel}","templated":true}]}}