{"id":21903,"date":"2025-06-09T10:00:11","date_gmt":"2025-06-09T08:00:11","guid":{"rendered":"https:\/\/blog.holyart.it\/it\/?p=21903"},"modified":"2026-04-07T15:28:38","modified_gmt":"2026-04-07T13:28:38","slug":"santa-kateri-tekakwitha-il-giglio-dei-mohawk-e-la-sua-straordinaria-testimonianza-di-fede","status":"publish","type":"post","link":"https:\/\/blog.holyart.it\/it\/santi-e-beati\/santa-kateri-tekakwitha-il-giglio-dei-mohawk-e-la-sua-straordinaria-testimonianza-di-fede\/","title":{"rendered":"Santa Kateri Tekakwitha: il giglio dei Mohawk e la sua straordinaria testimonianza di fede"},"content":{"rendered":"<h4>Santa Kateri Tekakwitha, prima santa nativa americana. Il suo modello di pazienza e fede \u00e8 il simbolo di una santit\u00e0 a cui tutti dobbiamo ambire<\/h4>\n\n<p><strong>Santa Kateri Tekakwitha<\/strong>\u00a0rappresenta un unicum nel panorama dei\u00a0<strong>santi americani<\/strong> e dei santi e beati in generale: \u00e8 infatti la prima santa nativa dell&#8217;America del Nord. In precedenza c&#8217;erano stati santi statunitensi e canadesi esclusivamente di origine europea. La sua vicenda \u00e8 inoltre unica perch\u00e9 \u00e8 nata e vissuta tra due nazioni: nata negli attuali Stati Uniti e morta in Canada, incarnava perfettamente l&#8217;intersezione tra culture diverse unite dalla fede. La sua storia umana e spirituale attraversa e unisce culture diverse, dimostrando come il cristianesimo sia riuscito, nel tempo, ad accogliere uomini e donne provenienti da mondi solo apparentemente lontani. Kateri Tekakwitha \u00e8 stata una donna di straordinaria spiritualit\u00e0 e determinazione. Conosciuta come il <em>Giglio dei Mohawk<\/em>, mor\u00ec a soli ventiquattro anni, dopo una vita segnata da\u00a0<strong>sofferenze fisiche e persecuzioni<\/strong>, ma anche da una\u00a0<strong>dedizione assoluta a Dio<\/strong>, Santa Kateri Tekakwitha \u00e8 ancora oggi un esempio di fede incrollabile in circostanze estremamente difficili, al punto che\u00a0<strong>Papa Francesco<\/strong>, durante il suo Viaggio Apostolico in Canada nel 2022, l&#8217;annover\u00f2 tra le tre figure di donne che con il loro esempio di pazienza e coraggio lo avevano sostenuto in quel viaggio. Le altre due erano la Vergine Maria e sua madre\u00a0<strong><a href=\"https:\/\/www.holyart.it\/blog\/articoli-religiosi\/la-storia-di-santanna-madre-di-maria\/\">Sant&#8217;Anna<\/a><\/strong>.<\/p>\n<div class=\"link-article\">\n<p><img loading=\"lazy\" decoding=\"async\" class=\"size-full wp-image-21907 alignleft\" src=\"https:\/\/blog.holyart.it\/it\/wp-content\/uploads\/sites\/17\/2025\/05\/storia-di-santanna.jpeg\" alt=\"sant'anna\" width=\"150\" height=\"103\" data-kale-share-title=\"Santa Kateri Tekakwitha: il giglio dei Mohawk e la sua straordinaria testimonianza di fede\" data-kale-share-url=\"https:\/\/blog.holyart.it\/it\/?p=21903\" \/><\/p>\n<div class=\"leggi-anche\">Leggi anche:<\/div>\n<p><strong><a href=\"https:\/\/www.holyart.it\/blog\/articoli-religiosi\/la-storia-di-santanna-madre-di-maria\/\">La storia di Sant\u2019Anna madre di Maria<\/a><\/strong><br \/>\nIl 26 Luglio vengono festeggiati Sant\u2019Anna e San Gioacchino, i genitori di Maria Vergine&#8230;<\/p>\n<\/div>\n<h2>Santa Kateri modello di una santit\u00e0 a cui tutti siamo chiamati<\/h2>\n<p>Anche nell&#8217;Udienza generale del 30 agosto 2023 il Pontefice parl\u00f2 a lungo di lei, indicando la sua vita come:\u00a0<em>&#8220;&#8230;un\u2019ulteriore testimonianza del fatto che lo zelo apostolico implica sia un\u2019<strong>unione con Ges\u00f9<\/strong>, alimentata dalla preghiera e dai Sacramenti, sia il\u00a0<strong>desiderio di diffondere la bellezza del messaggio cristiano<\/strong>\u00a0attraverso la fedelt\u00e0 alla propria vocazione particolare. [&#8230;] Anche noi, dunque, traendo forza dal Signore, come ha fatto Santa Kateri Tekakwitha, impariamo a\u00a0<strong>compiere le azioni ordinarie in modo straordinario<\/strong>\u00a0e cos\u00ec a crescere ogni giorno nella fede, nella carit\u00e0 e nella zelante testimonianza di Cristo. Non dimentichiamoci:\u00a0<strong>ognuno di noi \u00e8 chiamato alla santit\u00e0<\/strong>, alla santit\u00e0 di tutti i giorni, alla santit\u00e0 della vita cristiana comune.&#8221;<br \/>\n<\/em><a href=\"https:\/\/www.holyart.it\/blog\/occasioni-speciali\/come-papa-francesco-ha-trasformato-la-chiesa-durante-il-suo-pontificato\/\"><strong>Un messaggio importante quello del Santo Padre<\/strong><\/a>, veicolato dall&#8217;esempio di Santa Kateri Tekakwitha.\u00a0<strong>La\u00a0santit\u00e0 non \u00e8 una meta irraggiungibile, ma un cammino quotidiano fatto di piccoli passi, di scelte coraggiose, di fiducia incrollabile.<\/strong>\u00a0Ognuno di noi \u00e8 chiamato a questo percorso, ciascuno con la propria storia, i propri talenti, le proprie fragilit\u00e0. L&#8217;importante \u00e8 non arrendersi, mantenere\u00a0<strong>lo sguardo rivolto a Ges\u00f9<\/strong>\u00a0e continuare a camminare, con pazienza e speranza.\u00a0Papa Francesco ci invita a una riflessione profonda sul\u00a0<strong>significato autentico della testimonianza cristiana<\/strong>, svelando una verit\u00e0 tanto semplice quanto impegnativa:\u00a0<strong>seguire il Vangelo non \u00e8 un percorso lastricato di sole consolazioni<\/strong>, ma un cammino che richiede coraggio e soprattutto pazienza. La pazienza, secondo le parole del Pontefice, non \u00e8 un mero atteggiamento passivo o di rassegnazione, ma una virt\u00f9 dinamica e coraggiosa. \u00c8 la capacit\u00e0 di sostenere le difficolt\u00e0, accettare le imperfezioni degli altri e mantenere salda la speranza anche quando tutto sembrerebbe suggerire il contrario.<\/p>\n<div class=\"link-article\">\n<p><img loading=\"lazy\" decoding=\"async\" class=\"size-full wp-image-21906 alignleft\" src=\"https:\/\/blog.holyart.it\/it\/wp-content\/uploads\/sites\/17\/2025\/05\/Holyart_Blog_PapaFrancesco_it-2.jpg\" alt=\"papa francesco\" width=\"150\" height=\"99\" data-kale-share-title=\"Santa Kateri Tekakwitha: il giglio dei Mohawk e la sua straordinaria testimonianza di fede\" data-kale-share-url=\"https:\/\/blog.holyart.it\/it\/?p=21903\" \/><\/p>\n<div class=\"leggi-anche\">Leggi anche:<\/div>\n<p><strong><a href=\"https:\/\/www.holyart.it\/blog\/occasioni-speciali\/come-papa-francesco-ha-trasformato-la-chiesa-durante-il-suo-pontificato\/\">Come Papa Francesco ha trasformato la Chiesa durante il suo pontificato<\/a><\/strong><br \/>\nChe cosa ha fatto di importante Papa Francesco? Il suo pontificato&#8230;<\/p>\n<\/div>\n<h2>La storia di Santa Kateri Tekakwitha<\/h2>\n<p>La vita di <a href=\"https:\/\/www.holyart.it\/it\/articoli-religiosi\/santini-e-biglietti-augurali\/santini-da-collezione\/santino-di-santa-kateri-tekakwitha-decoro-merlettato-11x7-cm\"><strong>Kateri Tekakwitha<\/strong><\/a> diventa in questo contesto un modello esemplare. Una giovane donna che ha affrontato\u00a0<strong>sfide immense<\/strong>\u00a0&#8211; l&#8217;emarginazione, la malattia, le persecuzioni &#8211; riuscendo a mantenere salda la sua fede. La sua storia dimostra concretamente che ogni difficolt\u00e0 pu\u00f2 essere superata quando si apre il cuore a Ges\u00f9.<br \/>\nKateri Tekakwitha nacque nel 1656 nel villaggio di Ossernenon (l&#8217;attuale Auriesville, New York). Il suo nome alla nascita era Gah-Dah-Li Degh-Agh-Widtha. Suo padre era un capo irochese mohawks, e seguiva la religione del suo popolo, mentre la madre apparteneva popolazione degli Algonchini ed era cristiana. All&#8217;et\u00e0 di soli quattro anni, una devastante\u00a0<strong>epidemia di vaiolo<\/strong>\u00a0colp\u00ec il suo villaggio, portandosi via i suoi genitori e il fratello minore. Gah-Dah-Li Degh-Agh-Widtha sopravvisse, ma la malattia le lasci\u00f2 profonde cicatrici sul volto e compromise gravemente la sua vista, condannandola a una vita di difficolt\u00e0 fisiche.\u00a0Rimasta orfana, fu adottata dallo zio, un capo Mohawk fortemente ostile ai cristiani e alla loro influenza. Nonostante ci\u00f2, i semi della fede cristiana, piantati dalla madre durante la sua breve vita, non cessarono mai di crescere nel cuore della giovane Gah-Dah-Li Degh-Agh-Widtha.<\/p>\n<div class=\"link-product\">\n<div class=\"blocco-immagine\"><img loading=\"lazy\" decoding=\"async\" class=\"size-full wp-image-21914 alignleft\" src=\"https:\/\/blog.holyart.it\/it\/wp-content\/uploads\/sites\/17\/2025\/05\/santino-di-santa-kateri-tekakwitha-decoro-merlettato-11x7-cm.jpg\" alt=\"santino di santa kateri tekakwitha decoro merlettato 11x7 cm\" width=\"100\" height=\"100\" data-kale-share-title=\"Santa Kateri Tekakwitha: il giglio dei Mohawk e la sua straordinaria testimonianza di fede\" data-kale-share-url=\"https:\/\/blog.holyart.it\/it\/?p=21903\" \/><\/div>\n<div class=\"blocco-contenuto\">\n<div class=\"blocco-acquista\">Acquista su Holyart:<\/div>\n<div class=\"blocco-titolo\"><a href=\"https:\/\/www.holyart.it\/it\/articoli-religiosi\/santini-e-biglietti-augurali\/santini-da-collezione\/santino-di-santa-kateri-tekakwitha-decoro-merlettato-11x7-cm\">Santino di Santa Kateri Tekakwitha decoro merlettato 11&#215;7 cm<\/a><\/div>\n<div class=\"blocco-descrizione\">Il santino di Santa Kateri Tekakwitha \u00e8 realizzato in carta pregiata in fibra di cotone e misura circa 11&#215;7 cm.<\/div>\n<\/div>\n<\/div>\n<p>Il primo contatto significativo di Gah-Dah-Li Degh-Agh-Widtha con il cristianesimo avvenne quando aveva circa dieci anni, quando i\u00a0<strong><a href=\"https:\/\/www.holyart.it\/blog\/articoli-religiosi\/chi-sono-i-gesuiti-e-cosa-fanno\/\">missionari gesuiti<\/a>\u00a0<\/strong>visitarono il villaggio Mohawk dove viveva. Questi incontri suscitarono in lei un interesse profondo per la religione cristiana, ma le circostanze familiari e sociali le impedirono di seguire immediatamente questo richiamo spirituale.\u00a0La sua famiglia cerc\u00f2 di combinare per lei un\u00a0<strong>matrimonio<\/strong>\u00a0secondo la tradizione Mohawk, ma Gah-Dah-Li Degh-Agh-Widtha rifiut\u00f2 con fermezza. Avvertiva dentro di s\u00e9 una vocazione diversa e voleva perseguirla con determinazione. Questa decisione le procur\u00f2\u00a0<strong>l&#8217;ostilit\u00e0 dei familiari e dell&#8217;intera comunit\u00e0<\/strong>, che inizi\u00f2 a trattarla con disprezzo e a imporle lavori pesanti come punizione.<\/p>\n<div class=\"link-article\">\n<p><img loading=\"lazy\" decoding=\"async\" class=\"size-full wp-image-21908 alignleft\" src=\"https:\/\/blog.holyart.it\/it\/wp-content\/uploads\/sites\/17\/2025\/05\/chi-sono-i-gesuiti-e-cosa-fanno.jpg\" alt=\"chi sono i gesuiti e cosa fanno\" width=\"150\" height=\"99\" data-kale-share-title=\"Santa Kateri Tekakwitha: il giglio dei Mohawk e la sua straordinaria testimonianza di fede\" data-kale-share-url=\"https:\/\/blog.holyart.it\/it\/?p=21903\" \/><\/p>\n<div class=\"leggi-anche\">Leggi anche:<\/div>\n<p><strong><a href=\"https:\/\/www.holyart.it\/blog\/articoli-religiosi\/chi-sono-i-gesuiti-e-cosa-fanno\/\">Chi sono i gesuiti e cosa fanno?<\/a><\/strong><br \/>\nScopriamo chi sono i gesuiti e cosa fanno e ricordiamo perch\u00e9 quest\u2019Ordine \u00e8 cos\u00ec importante al giorno d\u2019oggi&#8230;<\/p>\n<\/div>\n<p>Dopo anni di riflessione e preghiera silenziosa, Gah-Dah-Li Degh-Agh-Widtha, ventenne, prese la coraggiosa decisione di\u00a0<strong>farsi battezzare<\/strong>. Nel 1676, ricevette il Sacramento per mano del missionario gesuita Padre Jacques de Lamberville, prendendo il nome cristiano di Kateri (Caterina) in onore di\u00a0<a href=\"https:\/\/www.holyart.it\/blog\/santi-e-beati\/santa-caterina-da-siena-patrona-ditalia\/\"><strong>Santa Caterina da Siena<\/strong><\/a>. Alla sua conversione la comunit\u00e0 reag\u00ec con un&#8217;ostilit\u00e0 anche maggiore. Kateri fu sottoposta a umiliazioni pubbliche, privata del cibo e minacciata fisicamente. Nonostante tutto, Kateri non vacill\u00f2 nella sua nuova fede, mostrando una determinazione fuori dal comune. Comprendendo che la sua vita spirituale non poteva fiorire pienamente nel contesto ostile del villaggio nativo,\u00a0<strong>Kateri decise di fuggire<\/strong>. Con l&#8217;aiuto di alcuni nativi cristiani, intraprese un pericoloso viaggio di 320 chilometri attraverso foreste e fiumi, per raggiungere la\u00a0<strong>missione di San Francesco Saverio a Kahnawake<\/strong>, vicino a Montreal. Qui, finalmente libera di esprimere la sua devozione, Kateri abbracci\u00f2 una\u00a0<strong>vita di preghiera intensissima, penitenza e carit\u00e0<\/strong>. Si alzava prima dell&#8217;alba per assistere alla Messa, dedicava ore alla preghiera davanti al Santissimo Sacramento e assisteva gli ammalati e gli anziani del villaggio. La sua devozione era caratterizzata da\u00a0<strong>pratiche ascetiche severe<\/strong>, alcune delle quali ispirate dalle tradizioni di resistenza fisica tipiche della sua cultura, ma rivolte ora a un fine spirituale cristiano. Kateri praticava digiuni rigorosi, si sottoponeva a mortificazioni corporali e trascorreva molto tempo in solitudine nella foresta in contemplazione. Le testimonianze dei suoi contemporanei narrano di una giovane donna di eccezionale purezza di cuore, che viveva in uno stato di costante unione con Dio.<br \/>\nLa salute di Kateri, gi\u00e0 compromessa dal vaiolo infantile e dalle severe penitenze, si deterior\u00f2 rapidamente.\u00a0<strong>Mor\u00ec il 17 aprile 1680<\/strong>, all&#8217;et\u00e0 di soli 24 anni, pronunciando come ultime parole:\u00a0<em>&#8220;Ges\u00f9, ti amo&#8221;<\/em>.<br \/>\nSecondo le testimonianze di chi era presente, pochi minuti dopo la sua morte avvenne un fatto straordinario: le cicatrici del vaiolo, che avevano segnato il suo volto per tutta la vita, scomparvero miracolosamente, lasciando il suo viso luminoso e trasformato. Questo evento venne interpretato come un segno divino della santit\u00e0 di Kateri.<br \/>\nLa fama di santit\u00e0 di Kateri si diffuse rapidamente dopo la sua morte. La sua tomba divenne meta di pellegrinaggi e numerose guarigioni vennero attribuite alla sua intercessione.<\/p>\n<div class=\"link-article\">\n<p><img loading=\"lazy\" decoding=\"async\" class=\"size-full wp-image-21909 alignleft\" src=\"https:\/\/blog.holyart.it\/it\/wp-content\/uploads\/sites\/17\/2025\/05\/Santa-Caterina-da-Siena-matrimonio.jpg\" alt=\"Santa Caterina da Siena matrimonio\" width=\"150\" height=\"99\" data-kale-share-title=\"Santa Kateri Tekakwitha: il giglio dei Mohawk e la sua straordinaria testimonianza di fede\" data-kale-share-url=\"https:\/\/blog.holyart.it\/it\/?p=21903\" \/><\/p>\n<div class=\"leggi-anche\">Leggi anche:<\/div>\n<p><strong><a href=\"https:\/\/www.holyart.it\/blog\/santi-e-beati\/santa-caterina-da-siena-patrona-ditalia\/\">Santa Caterina da Siena: patrona d\u2019Italia<\/a><\/strong><br \/>\nSanta Caterina da Siena, da donna del popolo a consigliera di Papi e principi. Coraggiosa, saggia, e totalmente devota&#8230;<\/p>\n<\/div>\n<h2>Culto e canonizzazione<\/h2>\n<p>Alla fine dell&#8217;Ottocento, la Chiesa nordamericana attraversava un periodo di profonda ricerca spirituale, ed era desiderosa di individuare modelli di santit\u00e0 radicati nella terra e nella cultura locale. In questo contesto, Kateri Tekakwitha emerse come un esempio straordinario di grazia divina.<br \/>\nNel 1884 inizi\u00f2 ufficialmente il\u00a0<a href=\"https:\/\/www.holyart.it\/blog\/articoli-religiosi\/come-si-fa-a-diventare-santi-spieghiamo-il-processo-di-santificazione\/\"><strong>processo di beatificazione<\/strong><\/a>. Pio XII la dichiar\u00f2 venerabile nel 1943, Giovanni Paolo II la beatific\u00f2 il 22 giugno 1980, e infine Benedetto XVI la canonizz\u00f2 il 21 ottobre 2012.<\/p>\n<p>La sua storia rappresenta un ponte tra culture diverse, dimostrando come<strong>\u00a0la fede possa trascendere le barriere etniche e culturali<\/strong>. Per i popoli nativi americani, Kateri \u00e8 diventata un simbolo di orgoglio e rinascita spirituale, perch\u00e9 ha dimostrato che \u00e8 possibile abbracciare la fede cristiana mantenendo al contempo rispetto per le proprie radici culturali. La sua capacit\u00e0 di\u00a0<strong>integrare fede e cultura<\/strong>, di trovare Dio tanto nella tradizione cristiana quanto nella natura amata dai suoi antenati, offre un modello prezioso per il dialogo interculturale e interreligioso. Santa Kateri ci insegna che la vera santit\u00e0 non consiste nel conformarsi a modelli prestabiliti, ma nel rispondere con tutto il cuore all&#8217;amore di Dio nelle circostanze concrete della propria vita.<\/p>\n<div class=\"link-article\">\n<p><img loading=\"lazy\" decoding=\"async\" class=\"size-full wp-image-21910 alignleft\" src=\"https:\/\/blog.holyart.it\/it\/wp-content\/uploads\/sites\/17\/2025\/05\/processo-di-santificazione.jpg\" alt=\"processo di santificazione\" width=\"150\" height=\"99\" data-kale-share-title=\"Santa Kateri Tekakwitha: il giglio dei Mohawk e la sua straordinaria testimonianza di fede\" data-kale-share-url=\"https:\/\/blog.holyart.it\/it\/?p=21903\" \/><\/p>\n<div class=\"leggi-anche\">Leggi anche:<\/div>\n<p><strong><a href=\"https:\/\/www.holyart.it\/blog\/articoli-religiosi\/come-si-fa-a-diventare-santi-spieghiamo-il-processo-di-santificazione\/\">Come si fa a diventare santi? Spieghiamo il processo di santificazione<\/a><\/strong><br \/>\nIl processo di Santificazione \u00e8 composto da diverse fasi e si articola in&#8230;<\/p>\n<\/div>\n","protected":false},"excerpt":{"rendered":"<p>Santa Kateri Tekakwitha, prima santa nativa americana. Il suo modello di pazienza e fede \u00e8 il simbolo di una santit\u00e0 a cui tutti dobbiamo ambire Santa Kateri Tekakwitha\u00a0rappresenta un unicum nel panorama dei\u00a0santi americani e dei santi e beati in generale: \u00e8 infatti la prima&hellip;<\/p>\n","protected":false},"author":1,"featured_media":21913,"comment_status":"closed","ping_status":"open","sticky":false,"template":"","format":"standard","meta":{"_acf_changed":false,"footnotes":""},"categories":[15],"tags":[],"class_list":["post-21903","post","type-post","status-publish","format-standard","has-post-thumbnail","hentry","category-santi-e-beati"],"acf":[],"yoast_head":"<!-- This site is optimized with the Yoast SEO plugin v26.6 - https:\/\/yoast.com\/wordpress\/plugins\/seo\/ -->\n<title>Santa Kateri Tekakwitha - Holyblog<\/title>\n<meta name=\"description\" content=\"Santa Kateri Tekakwitha, prima santa nativa americana: trasfigur\u00f2 sofferenza e fede in una luminosa testimonianza cristiana\" \/>\n<meta name=\"robots\" content=\"index, follow, max-snippet:-1, max-image-preview:large, max-video-preview:-1\" \/>\n<link rel=\"canonical\" href=\"https:\/\/blog.holyart.it\/it\/santi-e-beati\/santa-kateri-tekakwitha-il-giglio-dei-mohawk-e-la-sua-straordinaria-testimonianza-di-fede\/\" \/>\n<meta property=\"og:locale\" content=\"it_IT\" \/>\n<meta property=\"og:type\" content=\"article\" \/>\n<meta property=\"og:title\" content=\"Santa Kateri Tekakwitha - Holyblog\" \/>\n<meta property=\"og:description\" content=\"Santa Kateri Tekakwitha, prima santa nativa americana: trasfigur\u00f2 sofferenza e fede in una luminosa testimonianza cristiana\" \/>\n<meta property=\"og:url\" content=\"https:\/\/blog.holyart.it\/it\/santi-e-beati\/santa-kateri-tekakwitha-il-giglio-dei-mohawk-e-la-sua-straordinaria-testimonianza-di-fede\/\" \/>\n<meta property=\"og:site_name\" content=\"Holyblog\" \/>\n<meta property=\"article:published_time\" content=\"2025-06-09T08:00:11+00:00\" \/>\n<meta property=\"article:modified_time\" content=\"2026-04-07T13:28:38+00:00\" \/>\n<meta property=\"og:image\" content=\"https:\/\/blog.holyart.it\/it\/wp-content\/uploads\/sites\/17\/2025\/05\/santa-kateri-tekakwitha.jpg\" \/>\n\t<meta property=\"og:image:width\" content=\"1000\" \/>\n\t<meta property=\"og:image:height\" content=\"666\" \/>\n\t<meta property=\"og:image:type\" content=\"image\/jpeg\" \/>\n<meta name=\"author\" content=\"Redazione\" \/>\n<meta name=\"twitter:card\" content=\"summary_large_image\" \/>\n<meta name=\"twitter:label1\" content=\"Scritto da\" \/>\n\t<meta name=\"twitter:data1\" content=\"Redazione\" \/>\n\t<meta name=\"twitter:label2\" content=\"Tempo di lettura stimato\" \/>\n\t<meta name=\"twitter:data2\" content=\"10 minuti\" \/>\n<script type=\"application\/ld+json\" class=\"yoast-schema-graph\">{\"@context\":\"https:\/\/schema.org\",\"@graph\":[{\"@type\":\"Article\",\"@id\":\"https:\/\/blog.holyart.it\/it\/santi-e-beati\/santa-kateri-tekakwitha-il-giglio-dei-mohawk-e-la-sua-straordinaria-testimonianza-di-fede\/#article\",\"isPartOf\":{\"@id\":\"https:\/\/blog.holyart.it\/it\/santi-e-beati\/santa-kateri-tekakwitha-il-giglio-dei-mohawk-e-la-sua-straordinaria-testimonianza-di-fede\/\"},\"author\":{\"name\":\"Redazione\",\"@id\":\"https:\/\/blog.holyart.it\/it\/#\/schema\/person\/0a7b686e5af0f856ec1e390dd0baecda\"},\"headline\":\"Santa Kateri Tekakwitha: il giglio dei Mohawk e la sua straordinaria testimonianza di fede\",\"datePublished\":\"2025-06-09T08:00:11+00:00\",\"dateModified\":\"2026-04-07T13:28:38+00:00\",\"mainEntityOfPage\":{\"@id\":\"https:\/\/blog.holyart.it\/it\/santi-e-beati\/santa-kateri-tekakwitha-il-giglio-dei-mohawk-e-la-sua-straordinaria-testimonianza-di-fede\/\"},\"wordCount\":1515,\"publisher\":{\"@id\":\"https:\/\/blog.holyart.it\/it\/#organization\"},\"image\":{\"@id\":\"https:\/\/blog.holyart.it\/it\/santi-e-beati\/santa-kateri-tekakwitha-il-giglio-dei-mohawk-e-la-sua-straordinaria-testimonianza-di-fede\/#primaryimage\"},\"thumbnailUrl\":\"https:\/\/blog.holyart.it\/it\/wp-content\/uploads\/sites\/17\/2025\/05\/santa-kateri-tekakwitha.jpg\",\"articleSection\":[\"Santi e beati\"],\"inLanguage\":\"it-IT\"},{\"@type\":\"WebPage\",\"@id\":\"https:\/\/blog.holyart.it\/it\/santi-e-beati\/santa-kateri-tekakwitha-il-giglio-dei-mohawk-e-la-sua-straordinaria-testimonianza-di-fede\/\",\"url\":\"https:\/\/blog.holyart.it\/it\/santi-e-beati\/santa-kateri-tekakwitha-il-giglio-dei-mohawk-e-la-sua-straordinaria-testimonianza-di-fede\/\",\"name\":\"Santa Kateri Tekakwitha - Holyblog\",\"isPartOf\":{\"@id\":\"https:\/\/blog.holyart.it\/it\/#website\"},\"primaryImageOfPage\":{\"@id\":\"https:\/\/blog.holyart.it\/it\/santi-e-beati\/santa-kateri-tekakwitha-il-giglio-dei-mohawk-e-la-sua-straordinaria-testimonianza-di-fede\/#primaryimage\"},\"image\":{\"@id\":\"https:\/\/blog.holyart.it\/it\/santi-e-beati\/santa-kateri-tekakwitha-il-giglio-dei-mohawk-e-la-sua-straordinaria-testimonianza-di-fede\/#primaryimage\"},\"thumbnailUrl\":\"https:\/\/blog.holyart.it\/it\/wp-content\/uploads\/sites\/17\/2025\/05\/santa-kateri-tekakwitha.jpg\",\"datePublished\":\"2025-06-09T08:00:11+00:00\",\"dateModified\":\"2026-04-07T13:28:38+00:00\",\"description\":\"Santa Kateri Tekakwitha, prima santa nativa americana: trasfigur\u00f2 sofferenza e fede in una luminosa testimonianza cristiana\",\"breadcrumb\":{\"@id\":\"https:\/\/blog.holyart.it\/it\/santi-e-beati\/santa-kateri-tekakwitha-il-giglio-dei-mohawk-e-la-sua-straordinaria-testimonianza-di-fede\/#breadcrumb\"},\"inLanguage\":\"it-IT\",\"potentialAction\":[{\"@type\":\"ReadAction\",\"target\":[\"https:\/\/blog.holyart.it\/it\/santi-e-beati\/santa-kateri-tekakwitha-il-giglio-dei-mohawk-e-la-sua-straordinaria-testimonianza-di-fede\/\"]}]},{\"@type\":\"ImageObject\",\"inLanguage\":\"it-IT\",\"@id\":\"https:\/\/blog.holyart.it\/it\/santi-e-beati\/santa-kateri-tekakwitha-il-giglio-dei-mohawk-e-la-sua-straordinaria-testimonianza-di-fede\/#primaryimage\",\"url\":\"https:\/\/blog.holyart.it\/it\/wp-content\/uploads\/sites\/17\/2025\/05\/santa-kateri-tekakwitha.jpg\",\"contentUrl\":\"https:\/\/blog.holyart.it\/it\/wp-content\/uploads\/sites\/17\/2025\/05\/santa-kateri-tekakwitha.jpg\",\"width\":1000,\"height\":666,\"caption\":\"santa kateri tekakwitha\"},{\"@type\":\"BreadcrumbList\",\"@id\":\"https:\/\/blog.holyart.it\/it\/santi-e-beati\/santa-kateri-tekakwitha-il-giglio-dei-mohawk-e-la-sua-straordinaria-testimonianza-di-fede\/#breadcrumb\",\"itemListElement\":[{\"@type\":\"ListItem\",\"position\":1,\"name\":\"Homepage\",\"item\":\"https:\/\/blog.holyart.it\/it\/\"},{\"@type\":\"ListItem\",\"position\":2,\"name\":\"Santi e beati\",\"item\":\"https:\/\/blog.holyart.it\/it\/santi-e-beati\/\"},{\"@type\":\"ListItem\",\"position\":3,\"name\":\"Santa Kateri Tekakwitha: il giglio dei Mohawk e la sua straordinaria testimonianza di fede\"}]},{\"@type\":\"WebSite\",\"@id\":\"https:\/\/blog.holyart.it\/it\/#website\",\"url\":\"https:\/\/blog.holyart.it\/it\/\",\"name\":\"Holyblog\",\"description\":\"Il Blog di Holyart.it\",\"publisher\":{\"@id\":\"https:\/\/blog.holyart.it\/it\/#organization\"},\"potentialAction\":[{\"@type\":\"SearchAction\",\"target\":{\"@type\":\"EntryPoint\",\"urlTemplate\":\"https:\/\/blog.holyart.it\/it\/?s={search_term_string}\"},\"query-input\":{\"@type\":\"PropertyValueSpecification\",\"valueRequired\":true,\"valueName\":\"search_term_string\"}}],\"inLanguage\":\"it-IT\"},{\"@type\":\"Organization\",\"@id\":\"https:\/\/blog.holyart.it\/it\/#organization\",\"name\":\"Holyblog\",\"url\":\"https:\/\/blog.holyart.it\/it\/\",\"logo\":{\"@type\":\"ImageObject\",\"inLanguage\":\"it-IT\",\"@id\":\"https:\/\/blog.holyart.it\/it\/#\/schema\/logo\/image\/\",\"url\":\"https:\/\/blog.holyart.it\/it\/wp-content\/uploads\/sites\/17\/2022\/12\/Holyart_Blog_Logo.jpg\",\"contentUrl\":\"https:\/\/blog.holyart.it\/it\/wp-content\/uploads\/sites\/17\/2022\/12\/Holyart_Blog_Logo.jpg\",\"width\":300,\"height\":50,\"caption\":\"Holyblog\"},\"image\":{\"@id\":\"https:\/\/blog.holyart.it\/it\/#\/schema\/logo\/image\/\"}},{\"@type\":\"Person\",\"@id\":\"https:\/\/blog.holyart.it\/it\/#\/schema\/person\/0a7b686e5af0f856ec1e390dd0baecda\",\"name\":\"Redazione\"}]}<\/script>\n<!-- \/ Yoast SEO plugin. -->","yoast_head_json":{"title":"Santa Kateri Tekakwitha - Holyblog","description":"Santa Kateri Tekakwitha, prima santa nativa americana: trasfigur\u00f2 sofferenza e fede in una luminosa testimonianza cristiana","robots":{"index":"index","follow":"follow","max-snippet":"max-snippet:-1","max-image-preview":"max-image-preview:large","max-video-preview":"max-video-preview:-1"},"canonical":"https:\/\/blog.holyart.it\/it\/santi-e-beati\/santa-kateri-tekakwitha-il-giglio-dei-mohawk-e-la-sua-straordinaria-testimonianza-di-fede\/","og_locale":"it_IT","og_type":"article","og_title":"Santa Kateri Tekakwitha - Holyblog","og_description":"Santa Kateri Tekakwitha, prima santa nativa americana: trasfigur\u00f2 sofferenza e fede in una luminosa testimonianza cristiana","og_url":"https:\/\/blog.holyart.it\/it\/santi-e-beati\/santa-kateri-tekakwitha-il-giglio-dei-mohawk-e-la-sua-straordinaria-testimonianza-di-fede\/","og_site_name":"Holyblog","article_published_time":"2025-06-09T08:00:11+00:00","article_modified_time":"2026-04-07T13:28:38+00:00","og_image":[{"width":1000,"height":666,"url":"https:\/\/blog.holyart.it\/it\/wp-content\/uploads\/sites\/17\/2025\/05\/santa-kateri-tekakwitha.jpg","type":"image\/jpeg"}],"author":"Redazione","twitter_card":"summary_large_image","twitter_misc":{"Scritto da":"Redazione","Tempo di lettura stimato":"10 minuti"},"schema":{"@context":"https:\/\/schema.org","@graph":[{"@type":"Article","@id":"https:\/\/blog.holyart.it\/it\/santi-e-beati\/santa-kateri-tekakwitha-il-giglio-dei-mohawk-e-la-sua-straordinaria-testimonianza-di-fede\/#article","isPartOf":{"@id":"https:\/\/blog.holyart.it\/it\/santi-e-beati\/santa-kateri-tekakwitha-il-giglio-dei-mohawk-e-la-sua-straordinaria-testimonianza-di-fede\/"},"author":{"name":"Redazione","@id":"https:\/\/blog.holyart.it\/it\/#\/schema\/person\/0a7b686e5af0f856ec1e390dd0baecda"},"headline":"Santa Kateri Tekakwitha: il giglio dei Mohawk e la sua straordinaria testimonianza di fede","datePublished":"2025-06-09T08:00:11+00:00","dateModified":"2026-04-07T13:28:38+00:00","mainEntityOfPage":{"@id":"https:\/\/blog.holyart.it\/it\/santi-e-beati\/santa-kateri-tekakwitha-il-giglio-dei-mohawk-e-la-sua-straordinaria-testimonianza-di-fede\/"},"wordCount":1515,"publisher":{"@id":"https:\/\/blog.holyart.it\/it\/#organization"},"image":{"@id":"https:\/\/blog.holyart.it\/it\/santi-e-beati\/santa-kateri-tekakwitha-il-giglio-dei-mohawk-e-la-sua-straordinaria-testimonianza-di-fede\/#primaryimage"},"thumbnailUrl":"https:\/\/blog.holyart.it\/it\/wp-content\/uploads\/sites\/17\/2025\/05\/santa-kateri-tekakwitha.jpg","articleSection":["Santi e beati"],"inLanguage":"it-IT"},{"@type":"WebPage","@id":"https:\/\/blog.holyart.it\/it\/santi-e-beati\/santa-kateri-tekakwitha-il-giglio-dei-mohawk-e-la-sua-straordinaria-testimonianza-di-fede\/","url":"https:\/\/blog.holyart.it\/it\/santi-e-beati\/santa-kateri-tekakwitha-il-giglio-dei-mohawk-e-la-sua-straordinaria-testimonianza-di-fede\/","name":"Santa Kateri Tekakwitha - Holyblog","isPartOf":{"@id":"https:\/\/blog.holyart.it\/it\/#website"},"primaryImageOfPage":{"@id":"https:\/\/blog.holyart.it\/it\/santi-e-beati\/santa-kateri-tekakwitha-il-giglio-dei-mohawk-e-la-sua-straordinaria-testimonianza-di-fede\/#primaryimage"},"image":{"@id":"https:\/\/blog.holyart.it\/it\/santi-e-beati\/santa-kateri-tekakwitha-il-giglio-dei-mohawk-e-la-sua-straordinaria-testimonianza-di-fede\/#primaryimage"},"thumbnailUrl":"https:\/\/blog.holyart.it\/it\/wp-content\/uploads\/sites\/17\/2025\/05\/santa-kateri-tekakwitha.jpg","datePublished":"2025-06-09T08:00:11+00:00","dateModified":"2026-04-07T13:28:38+00:00","description":"Santa Kateri Tekakwitha, prima santa nativa americana: trasfigur\u00f2 sofferenza e fede in una luminosa testimonianza cristiana","breadcrumb":{"@id":"https:\/\/blog.holyart.it\/it\/santi-e-beati\/santa-kateri-tekakwitha-il-giglio-dei-mohawk-e-la-sua-straordinaria-testimonianza-di-fede\/#breadcrumb"},"inLanguage":"it-IT","potentialAction":[{"@type":"ReadAction","target":["https:\/\/blog.holyart.it\/it\/santi-e-beati\/santa-kateri-tekakwitha-il-giglio-dei-mohawk-e-la-sua-straordinaria-testimonianza-di-fede\/"]}]},{"@type":"ImageObject","inLanguage":"it-IT","@id":"https:\/\/blog.holyart.it\/it\/santi-e-beati\/santa-kateri-tekakwitha-il-giglio-dei-mohawk-e-la-sua-straordinaria-testimonianza-di-fede\/#primaryimage","url":"https:\/\/blog.holyart.it\/it\/wp-content\/uploads\/sites\/17\/2025\/05\/santa-kateri-tekakwitha.jpg","contentUrl":"https:\/\/blog.holyart.it\/it\/wp-content\/uploads\/sites\/17\/2025\/05\/santa-kateri-tekakwitha.jpg","width":1000,"height":666,"caption":"santa kateri tekakwitha"},{"@type":"BreadcrumbList","@id":"https:\/\/blog.holyart.it\/it\/santi-e-beati\/santa-kateri-tekakwitha-il-giglio-dei-mohawk-e-la-sua-straordinaria-testimonianza-di-fede\/#breadcrumb","itemListElement":[{"@type":"ListItem","position":1,"name":"Homepage","item":"https:\/\/blog.holyart.it\/it\/"},{"@type":"ListItem","position":2,"name":"Santi e beati","item":"https:\/\/blog.holyart.it\/it\/santi-e-beati\/"},{"@type":"ListItem","position":3,"name":"Santa Kateri Tekakwitha: il giglio dei Mohawk e la sua straordinaria testimonianza di fede"}]},{"@type":"WebSite","@id":"https:\/\/blog.holyart.it\/it\/#website","url":"https:\/\/blog.holyart.it\/it\/","name":"Holyblog","description":"Il Blog di Holyart.it","publisher":{"@id":"https:\/\/blog.holyart.it\/it\/#organization"},"potentialAction":[{"@type":"SearchAction","target":{"@type":"EntryPoint","urlTemplate":"https:\/\/blog.holyart.it\/it\/?s={search_term_string}"},"query-input":{"@type":"PropertyValueSpecification","valueRequired":true,"valueName":"search_term_string"}}],"inLanguage":"it-IT"},{"@type":"Organization","@id":"https:\/\/blog.holyart.it\/it\/#organization","name":"Holyblog","url":"https:\/\/blog.holyart.it\/it\/","logo":{"@type":"ImageObject","inLanguage":"it-IT","@id":"https:\/\/blog.holyart.it\/it\/#\/schema\/logo\/image\/","url":"https:\/\/blog.holyart.it\/it\/wp-content\/uploads\/sites\/17\/2022\/12\/Holyart_Blog_Logo.jpg","contentUrl":"https:\/\/blog.holyart.it\/it\/wp-content\/uploads\/sites\/17\/2022\/12\/Holyart_Blog_Logo.jpg","width":300,"height":50,"caption":"Holyblog"},"image":{"@id":"https:\/\/blog.holyart.it\/it\/#\/schema\/logo\/image\/"}},{"@type":"Person","@id":"https:\/\/blog.holyart.it\/it\/#\/schema\/person\/0a7b686e5af0f856ec1e390dd0baecda","name":"Redazione"}]}},"_links":{"self":[{"href":"https:\/\/blog.holyart.it\/it\/wp-json\/wp\/v2\/posts\/21903","targetHints":{"allow":["GET"]}}],"collection":[{"href":"https:\/\/blog.holyart.it\/it\/wp-json\/wp\/v2\/posts"}],"about":[{"href":"https:\/\/blog.holyart.it\/it\/wp-json\/wp\/v2\/types\/post"}],"author":[{"embeddable":true,"href":"https:\/\/blog.holyart.it\/it\/wp-json\/wp\/v2\/users\/1"}],"replies":[{"embeddable":true,"href":"https:\/\/blog.holyart.it\/it\/wp-json\/wp\/v2\/comments?post=21903"}],"version-history":[{"count":6,"href":"https:\/\/blog.holyart.it\/it\/wp-json\/wp\/v2\/posts\/21903\/revisions"}],"predecessor-version":[{"id":22046,"href":"https:\/\/blog.holyart.it\/it\/wp-json\/wp\/v2\/posts\/21903\/revisions\/22046"}],"wp:featuredmedia":[{"embeddable":true,"href":"https:\/\/blog.holyart.it\/it\/wp-json\/wp\/v2\/media\/21913"}],"wp:attachment":[{"href":"https:\/\/blog.holyart.it\/it\/wp-json\/wp\/v2\/media?parent=21903"}],"wp:term":[{"taxonomy":"category","embeddable":true,"href":"https:\/\/blog.holyart.it\/it\/wp-json\/wp\/v2\/categories?post=21903"},{"taxonomy":"post_tag","embeddable":true,"href":"https:\/\/blog.holyart.it\/it\/wp-json\/wp\/v2\/tags?post=21903"}],"curies":[{"name":"wp","href":"https:\/\/api.w.org\/{rel}","templated":true}]}}