{"id":21861,"date":"2025-05-26T12:00:30","date_gmt":"2025-05-26T10:00:30","guid":{"rendered":"https:\/\/blog.holyart.it\/it\/?p=21861"},"modified":"2025-05-05T15:01:27","modified_gmt":"2025-05-05T13:01:27","slug":"santa-dinfna-la-patrona-dei-malati-mentali","status":"publish","type":"post","link":"https:\/\/blog.holyart.it\/it\/santi-e-beati\/santa-dinfna-la-patrona-dei-malati-mentali\/","title":{"rendered":"Santa Dinfna, la patrona dei malati mentali"},"content":{"rendered":"<h4>Santa Dinfna: una luce di speranza nella tempesta della mente. Patrona dei malati di mente e degli psichiatri, ma anche di vittime d&#8217;incesto e stupro, principesse e fuggitivi<\/h4>\n\n<p>Nel silenzio delle menti turbate, tra i labirinti dell&#8217;anima dove la sofferenza si annida e la ragione talvolta si smarrisce, c&#8217;\u00e8 <a href=\"https:\/\/www.holyart.it\/it\/articoli-religiosi\/statue\/statue-in-resina-e-pvc\/statua-santa-dymphna-20-cm-resina-dipinta\"><strong>una Santa speciale, che da secoli accompagna chi lotta contro le malattie mentali<\/strong><\/a>. \u00c8\u00a0<strong>Santa Dinfna<\/strong>, una giovane principessa irlandese del VII secolo, la cui storia di coraggio e fede ha attraversato i secoli e continua ancora oggi a ispirare e confortare coloro che affrontano l&#8217;oscurit\u00e0 dei disturbi psichici, sia chi ne \u00e8 sofferente, sia chi li cura. La sua vicenda, molto vicina a certe favole oscure, \u00e8 intrisa di dolore, ma anche di straordinaria forza spirituale. Di fatto molto di ci\u00f2 che sappiamo di lei \u00e8 stato tramandato da leggende che attingono dal folklore, pi\u00f9 che da fatti storici documentati, ma questo non ha impedito alla figura di Santa Dinfna di diventare nei secoli un punto di riferimento per milioni di persone afflitte da disturbi mentali in tutto il mondo. Non solo, la sua storia e il suo esempio hanno ispirato molti uomini e un&#8217;intera comunit\u00e0, come vedremo, ricordando in ogni momento che dietro ogni diagnosi psichiatrica c&#8217;\u00e8 una persona con la sua dignit\u00e0 inalienabile, con la sua storia unica, con la sua capacit\u00e0 di amare e di essere amata.<\/p>\n<div class=\"link-product\">\n<div class=\"blocco-immagine\"><img loading=\"lazy\" decoding=\"async\" class=\"size-full wp-image-21863 alignleft\" src=\"https:\/\/blog.holyart.it\/it\/wp-content\/uploads\/sites\/17\/2025\/05\/statua-santa-dymphna-20-cm-resina-dipinta.jpg\" alt=\"statua santa dinfna 20 cm resina dipinta\" width=\"100\" height=\"100\" data-kale-share-title=\"Santa Dinfna, la patrona dei malati mentali\" data-kale-share-url=\"https:\/\/blog.holyart.it\/it\/?p=21861\" \/><\/div>\n<div class=\"blocco-contenuto\">\n<div class=\"blocco-acquista\">Acquista su Holyart:<\/div>\n<div class=\"blocco-titolo\"><a href=\"https:\/\/www.holyart.it\/it\/articoli-religiosi\/statue\/statue-in-resina-e-pvc\/statua-santa-dymphna-20-cm-resina-dipinta\">Statua Santa Dymphna 20 cm resina dipinta<\/a><\/div>\n<div class=\"blocco-descrizione\">Statua di Santa Dymphna, realizzata in resina e polvere di marmo.<\/div>\n<\/div>\n<\/div>\n<p>In un mondo che spesso stigmatizza la malattia mentale, relegandola ai margini della societ\u00e0 o riducendola a semplice disfunzione biochimica, l&#8217;esempio lasciato da Santa Dinfna ci invita a uno sguardo pi\u00f9 profondo e compassionevole. Ci insegna che la guarigione autentica passa attraverso\u00a0<strong>l&#8217;accoglienza, l&#8217;ascolto, la vicinanza umana e la fede\u00a0<\/strong>nella possibilit\u00e0 di trasformazione anche delle situazioni pi\u00f9 disperate. Ancora oggi in suo nome si portano avanti iniziative di\u00a0<strong>inclusione sociale dei malati mentali<\/strong>, approcci terapeutici che considerano la persona nella sua totalit\u00e0, comunit\u00e0 di fede che si aprono all&#8217;accoglienza di chi soffre di disturbi psichici. La sua intercessione continua a essere invocata da chi affronta il buio della depressione, le tempeste del disturbo bipolare, l&#8217;angoscia dell&#8217;ansia o la frammentazione della schizofrenia.<br \/>\nSanta Dinfna ci ricorda che la salute mentale \u00e8 un dono prezioso, da custodire e proteggere, ma anche che la malattia mentale non \u00e8 mai l&#8217;ultima parola sulla vita di una persona. Anche nelle pieghe pi\u00f9 oscure della sofferenza psichica pu\u00f2 risplendere la luce della grazia divina, trasformando il dolore in opportunit\u00e0 di crescita spirituale e testimonianza di fede.<\/p>\n<h2>La Storia di Santa Dinfna: una giovane principessa contro l&#8217;oscurit\u00e0<\/h2>\n<p>Nata in Irlanda nel VII secolo, Dinfna era figlia del re pagano Damon di Oriel e di una regina profondamente cristiana che le trasmise la fede fin dalla pi\u00f9 tenera et\u00e0. La bellezza della giovane principessa era straordinaria, ma ancor pi\u00f9 straordinaria era la sua anima, votata alla purezza e alla devozione. La sua infanzia trascorse serena tra gli affetti familiari e la scoperta della spiritualit\u00e0 cristiana, seguita dal fedele confessore Gerebernus, fino a quando un evento tragico sconvolse per sempre la sua vita. Quando Dinfna aveva appena quattordici anni, sua madre mor\u00ec, lasciando il re in preda a un dolore inconsolabile. Il lutto, anzich\u00e9 essere elaborato nel tempo, si trasform\u00f2 in una vera e propria ossessione che offusc\u00f2 la mente del sovrano. Consumato dalla disperazione e incapace di accettare la perdita della moglie, il re cominci\u00f2 a mostrare segni di instabilit\u00e0 mentale, fino a sviluppare un&#8217;infatuazione morbosa per la figlia, che somigliava in modo impressionante alla defunta regina.<br \/>\nAccecato dalla follia e dal desiderio, il padre propose a Dinfna di sposarlo. La giovane, inorridita dall&#8217;empia proposta e determinata a mantenere il voto di castit\u00e0 che aveva gi\u00e0 fatto in segreto, decise di fuggire. Aiutata dal suo confessore, Dinfna lasci\u00f2 l&#8217;Irlanda e dopo un lungo viaggio raggiunse\u00a0<strong>Geel<\/strong>, un piccolo villaggio nel territorio dell&#8217;attuale Belgio.<br \/>\nQui, la principessa trov\u00f2 rifugio, ma la sua pace fu di breve durata. Il re, consumato dall&#8217;ossessione, invi\u00f2 i suoi emissari in ogni angolo d&#8217;Europa alla ricerca della figlia fuggitiva. Quando finalmente la trovarono, il sovrano stesso si rec\u00f2 a Geel per riportarla in patria. Di fronte al nuovo rifiuto di Dinfna, che preferiva la morte piuttosto che cedere alle sue empie richieste, il re, in un accesso di rabbia incontrollabile, decapit\u00f2 lei e Gerebernus con la propria spada.<br \/>\nLa morte di Dinfna, lungi dall&#8217;essere la fine della sua storia, segn\u00f2 l&#8217;inizio di un culto che sarebbe durato per secoli. <a href=\"https:\/\/www.holyart.it\/blog\/santi-e-beati\/santi-martiri-sacrificare-la-propria-vita-in-nome-di-dio\/\"><strong>Il suo martirio<\/strong><\/a>, frutto di una mente paterna offuscata dalla malattia, la rese paradossalmente la protettrice di coloro che soffrono di disturbi mentali. Il suo corpo fu sepolto a Geel, e presto iniziarono a verificarsi eventi straordinari che alimentarono la devozione popolare.<\/p>\n<div class=\"link-article\">\n<p><img loading=\"lazy\" decoding=\"async\" class=\"size-full wp-image-21864 alignleft\" src=\"https:\/\/blog.holyart.it\/it\/wp-content\/uploads\/sites\/17\/2025\/05\/Santi-martiri.jpg\" alt=\"Santi martiri\" width=\"150\" height=\"99\" data-kale-share-title=\"Santa Dinfna, la patrona dei malati mentali\" data-kale-share-url=\"https:\/\/blog.holyart.it\/it\/?p=21861\" \/><\/p>\n<div class=\"leggi-anche\">Leggi anche:<\/div>\n<p><strong><a href=\"https:\/\/www.holyart.it\/blog\/santi-e-beati\/santi-martiri-sacrificare-la-propria-vita-in-nome-di-dio\/\">Santi Martiri: sacrificare la propria vita in nome di Dio<\/a><\/strong><br \/>\nI Santi Martiri sono uomini e donne, spesso molto giovani, che hanno sacrificato la propria vita per amore di Dio&#8230;<\/p>\n<\/div>\n<h2>I Miracoli di Santa Dinfna: guarigioni dell&#8217;anima e della mente<\/h2>\n<p>Nelle Fiandre, dove le strade sembrano scivolare tra campi ordinati e silenzi antichi, c\u2019\u00e8 una cittadina che da secoli accoglie il diverso senza farne un caso. Geel non \u00e8 solo un nome sulla mappa del Belgio: \u00e8 una promessa mantenuta ogni giorno, quella di un\u2019umanit\u00e0 che non ha paura di sedersi a tavola con la follia, di viverci accanto, di chiamarla per nome senza abbassare lo sguardo.<br \/>\nTutto \u00e8 cominciato con Santa Dinfna, la cui fama come taumaturga specializzata nelle malattie mentali si diffuse rapidamente dopo la sua morte avvenuta proprio in questo luogo. Si racconta che durante la traslazione dei suoi resti chiunque tra i presenti alla cerimonia soffrisse di un qualche disturbo mentale improvvisamente recuper\u00f2 la lucidit\u00e0 mentale. Questo evento straordinario fu interpretato come un segno divino che la giovane martire aveva ricevuto il dono speciale di intercedere per chi soffriva di disturbi psichici. Con il passare del tempo, <a href=\"https:\/\/www.holyart.it\/blog\/articoli-religiosi\/5-luoghi-di-pellegrinaggio-dove-andare-almeno-una-volta-nella-vita\/\"><strong>numerosi pellegrini<\/strong><\/a> afflitti da varie forme di malattie mentali cominciarono a recarsi a Geel per pregare sulla tomba di Santa Dinfna. Le cronache medievali riportano decine di casi di guarigioni inspiegabili: persone tormentate da allucinazioni che riacquistavano il contatto con la realt\u00e0, melanconici che ritrovavano la gioia di vivere, individui in preda a comportamenti violenti che diventavano improvvisamente calmi e ragionevoli.<\/p>\n<div class=\"link-article\">\n<p><img loading=\"lazy\" decoding=\"async\" class=\"size-full wp-image-21865 alignleft\" src=\"https:\/\/blog.holyart.it\/it\/wp-content\/uploads\/sites\/17\/2025\/05\/Pellegrini.jpeg\" alt=\"pellegrini\" width=\"150\" height=\"99\" data-kale-share-title=\"Santa Dinfna, la patrona dei malati mentali\" data-kale-share-url=\"https:\/\/blog.holyart.it\/it\/?p=21861\" \/><\/p>\n<div class=\"leggi-anche\">Leggi anche:<\/div>\n<p><strong><a href=\"https:\/\/www.holyart.it\/blog\/articoli-religiosi\/5-luoghi-di-pellegrinaggio-dove-andare-almeno-una-volta-nella-vita\/\">5 luoghi di pellegrinaggio dove andare almeno una volta nella vita<\/a><\/strong><br \/>\nL\u2019azione di Dio su questa Terra lascia un segno forte e che ci attrae&#8230;<\/p>\n<\/div>\n<p>Proprio in nome di Santa Dinfna \u00e8 nata a Geel, gi\u00e0 dal XIII secolo, una pratica rivoluzionaria e dolcissima viva ancora oggi:\u00a0<strong>aprire le porte di casa a chi era segnato dalla sofferenza mentale<\/strong>. A Geel, nessuno \u00e8 \u201cmatto\u201d. Qui si \u00e8 semplicemente \u201cospiti\u201d. Non ricoverati, non malati, non numeri di una cartella clinica. Uomini e donne accolti da famiglie del posto, senza camici n\u00e9 barriere, ma con una sedia apparecchiata a tavola e un angolo di quotidianit\u00e0 da condividere.<br \/>\nNon esistono istituti nel senso classico, e nemmeno recinti che separano la cura dalla vita. Ogni casa pu\u00f2 essere un rifugio, ogni famiglia pu\u00f2 diventare porto. Ci si alza insieme al mattino, si fa la spesa, si cucina, si cammina nei vicoli: nulla di straordinario, ed \u00e8 proprio questo a essere straordinario. Il disturbo mentale non \u00e8 negato, ma nemmeno amplificato: \u00e8 solo uno degli ingredienti dell\u2019identit\u00e0, e come tale accolto, gestito, vissuto.<br \/>\nLe famiglie ricevono un piccolo contributo, ma ci\u00f2 che le muove non \u00e8 il denaro: \u00e8 l\u2019idea che la fragilit\u00e0, accolta, non spaventa. Che il disagio, quando entra in una casa, pu\u00f2 smettere di essere urlo e diventare sussurro.<br \/>\nQuello di Geel non \u00e8 un esperimento, n\u00e9 un progetto pilota. \u00c8 una realt\u00e0 che vive da oltre 700 anni, cresciuta nel tempo come un albero solido, i cui rami si allungano ben oltre i confini della cittadina. La sua efficacia ha richiamato studiosi, terapeuti, governi. Eppure, Geel resta semplice. Non fa proclami, non cerca applausi. Continua a fare ci\u00f2 che fa da secoli: integrare, senza bisogno di spiegare troppo.<\/p>\n<h2>Preghiera per la Salute Mentale a Santa Dinfna<\/h2>\n<p>Nel silenzio del cuore, quando le ombre della mente sembrano oscurare ogni luce, quando i pensieri si aggrovigliano in labirinti senza uscita e l&#8217;anima sembra perdersi in abissi di solitudine, eleviamo la nostra preghiera a colei che ha conosciuto il dolore dell&#8217;incomprensione e la sofferenza causata dalla mente turbata di una persona amata.<\/p>\n<p><em>O Signore, nostro Dio, per tua grazia ci hai donato Santa Dinfna come patrona di coloro che sono afflitti da disturbi mentali, disordini nervosi o emotivi.<\/em><br \/>\n<em>Lei \u00e8 fonte di ispirazione e simbolo di carit\u00e0 per migliaia di persone che invocano la sua intercessione e che ricevono grazie e miracoli.<\/em><br \/>\n<em>Ti prego Signore, Dio nostro, per le preghiere di questa pura e giovane martire, consolazione e guarigione per chi soffre, specialmente ti chiedo&#8230;<\/em><br \/>\n<em>(chiedere la grazia che si desidera ottenere).<\/em><br \/>\n<em>Ti supplico, o Signore, ascolta la mia preghiera e per intercessione di Santa Dinfna concedimi sollievo dalle sofferenze e la guarigione tanto desiderata, se \u00e8 conforme al tuo divin volere, e per il bene della mia anima.<\/em><br \/>\n<em>Te lo chiedo per Ges\u00f9 Cristo, nostro Signore, che ha sofferto l\u2019agonia nell\u2019Orto degli Ulivi.<\/em><br \/>\n<em>Amen.<\/em><\/p>\n","protected":false},"excerpt":{"rendered":"<p>Santa Dinfna: una luce di speranza nella tempesta della mente. Patrona dei malati di mente e degli psichiatri, ma anche di vittime d&#8217;incesto e stupro, principesse e fuggitivi Nel silenzio delle menti turbate, tra i labirinti dell&#8217;anima dove la sofferenza si annida e la ragione&hellip;<\/p>\n","protected":false},"author":1,"featured_media":21868,"comment_status":"closed","ping_status":"open","sticky":false,"template":"","format":"standard","meta":{"_acf_changed":false,"footnotes":""},"categories":[15],"tags":[],"class_list":["post-21861","post","type-post","status-publish","format-standard","has-post-thumbnail","hentry","category-santi-e-beati"],"acf":[],"yoast_head":"<!-- This site is optimized with the Yoast SEO plugin v26.6 - https:\/\/yoast.com\/wordpress\/plugins\/seo\/ -->\n<title>Santa Dinfna, la patrona dei malati mentali - Holyblog<\/title>\n<meta name=\"description\" content=\"Santa Dinfna veglia su chi soffre di disturbi mentali. Patrona degli psichiatri, a Geel si accolgono i malati di mente in suo nome\" \/>\n<meta name=\"robots\" content=\"index, follow, max-snippet:-1, max-image-preview:large, max-video-preview:-1\" \/>\n<link rel=\"canonical\" href=\"https:\/\/blog.holyart.it\/it\/santi-e-beati\/santa-dinfna-la-patrona-dei-malati-mentali\/\" \/>\n<meta property=\"og:locale\" content=\"it_IT\" \/>\n<meta property=\"og:type\" content=\"article\" \/>\n<meta property=\"og:title\" content=\"Santa Dinfna, la patrona dei malati mentali - Holyblog\" \/>\n<meta property=\"og:description\" content=\"Santa Dinfna veglia su chi soffre di disturbi mentali. Patrona degli psichiatri, a Geel si accolgono i malati di mente in suo nome\" \/>\n<meta property=\"og:url\" content=\"https:\/\/blog.holyart.it\/it\/santi-e-beati\/santa-dinfna-la-patrona-dei-malati-mentali\/\" \/>\n<meta property=\"og:site_name\" content=\"Holyblog\" \/>\n<meta property=\"article:published_time\" content=\"2025-05-26T10:00:30+00:00\" \/>\n<meta property=\"og:image\" content=\"https:\/\/blog.holyart.it\/it\/wp-content\/uploads\/sites\/17\/2025\/05\/martirio-di-santa-dinfna.jpg\" \/>\n\t<meta property=\"og:image:width\" content=\"1000\" \/>\n\t<meta property=\"og:image:height\" content=\"666\" \/>\n\t<meta property=\"og:image:type\" content=\"image\/jpeg\" \/>\n<meta name=\"author\" content=\"Redazione\" \/>\n<meta name=\"twitter:card\" content=\"summary_large_image\" \/>\n<meta name=\"twitter:label1\" content=\"Scritto da\" \/>\n\t<meta name=\"twitter:data1\" content=\"Redazione\" \/>\n\t<meta name=\"twitter:label2\" content=\"Tempo di lettura stimato\" \/>\n\t<meta name=\"twitter:data2\" content=\"9 minuti\" \/>\n<script type=\"application\/ld+json\" class=\"yoast-schema-graph\">{\"@context\":\"https:\/\/schema.org\",\"@graph\":[{\"@type\":\"Article\",\"@id\":\"https:\/\/blog.holyart.it\/it\/santi-e-beati\/santa-dinfna-la-patrona-dei-malati-mentali\/#article\",\"isPartOf\":{\"@id\":\"https:\/\/blog.holyart.it\/it\/santi-e-beati\/santa-dinfna-la-patrona-dei-malati-mentali\/\"},\"author\":{\"name\":\"Redazione\",\"@id\":\"https:\/\/blog.holyart.it\/it\/#\/schema\/person\/0a7b686e5af0f856ec1e390dd0baecda\"},\"headline\":\"Santa Dinfna, la patrona dei malati mentali\",\"datePublished\":\"2025-05-26T10:00:30+00:00\",\"mainEntityOfPage\":{\"@id\":\"https:\/\/blog.holyart.it\/it\/santi-e-beati\/santa-dinfna-la-patrona-dei-malati-mentali\/\"},\"wordCount\":1526,\"publisher\":{\"@id\":\"https:\/\/blog.holyart.it\/it\/#organization\"},\"image\":{\"@id\":\"https:\/\/blog.holyart.it\/it\/santi-e-beati\/santa-dinfna-la-patrona-dei-malati-mentali\/#primaryimage\"},\"thumbnailUrl\":\"https:\/\/blog.holyart.it\/it\/wp-content\/uploads\/sites\/17\/2025\/05\/martirio-di-santa-dinfna.jpg\",\"articleSection\":[\"Santi e beati\"],\"inLanguage\":\"it-IT\"},{\"@type\":\"WebPage\",\"@id\":\"https:\/\/blog.holyart.it\/it\/santi-e-beati\/santa-dinfna-la-patrona-dei-malati-mentali\/\",\"url\":\"https:\/\/blog.holyart.it\/it\/santi-e-beati\/santa-dinfna-la-patrona-dei-malati-mentali\/\",\"name\":\"Santa Dinfna, la patrona dei malati mentali - Holyblog\",\"isPartOf\":{\"@id\":\"https:\/\/blog.holyart.it\/it\/#website\"},\"primaryImageOfPage\":{\"@id\":\"https:\/\/blog.holyart.it\/it\/santi-e-beati\/santa-dinfna-la-patrona-dei-malati-mentali\/#primaryimage\"},\"image\":{\"@id\":\"https:\/\/blog.holyart.it\/it\/santi-e-beati\/santa-dinfna-la-patrona-dei-malati-mentali\/#primaryimage\"},\"thumbnailUrl\":\"https:\/\/blog.holyart.it\/it\/wp-content\/uploads\/sites\/17\/2025\/05\/martirio-di-santa-dinfna.jpg\",\"datePublished\":\"2025-05-26T10:00:30+00:00\",\"description\":\"Santa Dinfna veglia su chi soffre di disturbi mentali. Patrona degli psichiatri, a Geel si accolgono i malati di mente in suo nome\",\"breadcrumb\":{\"@id\":\"https:\/\/blog.holyart.it\/it\/santi-e-beati\/santa-dinfna-la-patrona-dei-malati-mentali\/#breadcrumb\"},\"inLanguage\":\"it-IT\",\"potentialAction\":[{\"@type\":\"ReadAction\",\"target\":[\"https:\/\/blog.holyart.it\/it\/santi-e-beati\/santa-dinfna-la-patrona-dei-malati-mentali\/\"]}]},{\"@type\":\"ImageObject\",\"inLanguage\":\"it-IT\",\"@id\":\"https:\/\/blog.holyart.it\/it\/santi-e-beati\/santa-dinfna-la-patrona-dei-malati-mentali\/#primaryimage\",\"url\":\"https:\/\/blog.holyart.it\/it\/wp-content\/uploads\/sites\/17\/2025\/05\/martirio-di-santa-dinfna.jpg\",\"contentUrl\":\"https:\/\/blog.holyart.it\/it\/wp-content\/uploads\/sites\/17\/2025\/05\/martirio-di-santa-dinfna.jpg\",\"width\":1000,\"height\":666,\"caption\":\"martirio di santa dinfna\"},{\"@type\":\"BreadcrumbList\",\"@id\":\"https:\/\/blog.holyart.it\/it\/santi-e-beati\/santa-dinfna-la-patrona-dei-malati-mentali\/#breadcrumb\",\"itemListElement\":[{\"@type\":\"ListItem\",\"position\":1,\"name\":\"Homepage\",\"item\":\"https:\/\/blog.holyart.it\/it\/\"},{\"@type\":\"ListItem\",\"position\":2,\"name\":\"Santi e beati\",\"item\":\"https:\/\/blog.holyart.it\/it\/santi-e-beati\/\"},{\"@type\":\"ListItem\",\"position\":3,\"name\":\"Santa Dinfna, la patrona dei malati mentali\"}]},{\"@type\":\"WebSite\",\"@id\":\"https:\/\/blog.holyart.it\/it\/#website\",\"url\":\"https:\/\/blog.holyart.it\/it\/\",\"name\":\"Holyblog\",\"description\":\"Il Blog di Holyart.it\",\"publisher\":{\"@id\":\"https:\/\/blog.holyart.it\/it\/#organization\"},\"potentialAction\":[{\"@type\":\"SearchAction\",\"target\":{\"@type\":\"EntryPoint\",\"urlTemplate\":\"https:\/\/blog.holyart.it\/it\/?s={search_term_string}\"},\"query-input\":{\"@type\":\"PropertyValueSpecification\",\"valueRequired\":true,\"valueName\":\"search_term_string\"}}],\"inLanguage\":\"it-IT\"},{\"@type\":\"Organization\",\"@id\":\"https:\/\/blog.holyart.it\/it\/#organization\",\"name\":\"Holyblog\",\"url\":\"https:\/\/blog.holyart.it\/it\/\",\"logo\":{\"@type\":\"ImageObject\",\"inLanguage\":\"it-IT\",\"@id\":\"https:\/\/blog.holyart.it\/it\/#\/schema\/logo\/image\/\",\"url\":\"https:\/\/blog.holyart.it\/it\/wp-content\/uploads\/sites\/17\/2022\/12\/Holyart_Blog_Logo.jpg\",\"contentUrl\":\"https:\/\/blog.holyart.it\/it\/wp-content\/uploads\/sites\/17\/2022\/12\/Holyart_Blog_Logo.jpg\",\"width\":300,\"height\":50,\"caption\":\"Holyblog\"},\"image\":{\"@id\":\"https:\/\/blog.holyart.it\/it\/#\/schema\/logo\/image\/\"}},{\"@type\":\"Person\",\"@id\":\"https:\/\/blog.holyart.it\/it\/#\/schema\/person\/0a7b686e5af0f856ec1e390dd0baecda\",\"name\":\"Redazione\"}]}<\/script>\n<!-- \/ Yoast SEO plugin. -->","yoast_head_json":{"title":"Santa Dinfna, la patrona dei malati mentali - Holyblog","description":"Santa Dinfna veglia su chi soffre di disturbi mentali. Patrona degli psichiatri, a Geel si accolgono i malati di mente in suo nome","robots":{"index":"index","follow":"follow","max-snippet":"max-snippet:-1","max-image-preview":"max-image-preview:large","max-video-preview":"max-video-preview:-1"},"canonical":"https:\/\/blog.holyart.it\/it\/santi-e-beati\/santa-dinfna-la-patrona-dei-malati-mentali\/","og_locale":"it_IT","og_type":"article","og_title":"Santa Dinfna, la patrona dei malati mentali - Holyblog","og_description":"Santa Dinfna veglia su chi soffre di disturbi mentali. Patrona degli psichiatri, a Geel si accolgono i malati di mente in suo nome","og_url":"https:\/\/blog.holyart.it\/it\/santi-e-beati\/santa-dinfna-la-patrona-dei-malati-mentali\/","og_site_name":"Holyblog","article_published_time":"2025-05-26T10:00:30+00:00","og_image":[{"width":1000,"height":666,"url":"https:\/\/blog.holyart.it\/it\/wp-content\/uploads\/sites\/17\/2025\/05\/martirio-di-santa-dinfna.jpg","type":"image\/jpeg"}],"author":"Redazione","twitter_card":"summary_large_image","twitter_misc":{"Scritto da":"Redazione","Tempo di lettura stimato":"9 minuti"},"schema":{"@context":"https:\/\/schema.org","@graph":[{"@type":"Article","@id":"https:\/\/blog.holyart.it\/it\/santi-e-beati\/santa-dinfna-la-patrona-dei-malati-mentali\/#article","isPartOf":{"@id":"https:\/\/blog.holyart.it\/it\/santi-e-beati\/santa-dinfna-la-patrona-dei-malati-mentali\/"},"author":{"name":"Redazione","@id":"https:\/\/blog.holyart.it\/it\/#\/schema\/person\/0a7b686e5af0f856ec1e390dd0baecda"},"headline":"Santa Dinfna, la patrona dei malati mentali","datePublished":"2025-05-26T10:00:30+00:00","mainEntityOfPage":{"@id":"https:\/\/blog.holyart.it\/it\/santi-e-beati\/santa-dinfna-la-patrona-dei-malati-mentali\/"},"wordCount":1526,"publisher":{"@id":"https:\/\/blog.holyart.it\/it\/#organization"},"image":{"@id":"https:\/\/blog.holyart.it\/it\/santi-e-beati\/santa-dinfna-la-patrona-dei-malati-mentali\/#primaryimage"},"thumbnailUrl":"https:\/\/blog.holyart.it\/it\/wp-content\/uploads\/sites\/17\/2025\/05\/martirio-di-santa-dinfna.jpg","articleSection":["Santi e beati"],"inLanguage":"it-IT"},{"@type":"WebPage","@id":"https:\/\/blog.holyart.it\/it\/santi-e-beati\/santa-dinfna-la-patrona-dei-malati-mentali\/","url":"https:\/\/blog.holyart.it\/it\/santi-e-beati\/santa-dinfna-la-patrona-dei-malati-mentali\/","name":"Santa Dinfna, la patrona dei malati mentali - Holyblog","isPartOf":{"@id":"https:\/\/blog.holyart.it\/it\/#website"},"primaryImageOfPage":{"@id":"https:\/\/blog.holyart.it\/it\/santi-e-beati\/santa-dinfna-la-patrona-dei-malati-mentali\/#primaryimage"},"image":{"@id":"https:\/\/blog.holyart.it\/it\/santi-e-beati\/santa-dinfna-la-patrona-dei-malati-mentali\/#primaryimage"},"thumbnailUrl":"https:\/\/blog.holyart.it\/it\/wp-content\/uploads\/sites\/17\/2025\/05\/martirio-di-santa-dinfna.jpg","datePublished":"2025-05-26T10:00:30+00:00","description":"Santa Dinfna veglia su chi soffre di disturbi mentali. Patrona degli psichiatri, a Geel si accolgono i malati di mente in suo nome","breadcrumb":{"@id":"https:\/\/blog.holyart.it\/it\/santi-e-beati\/santa-dinfna-la-patrona-dei-malati-mentali\/#breadcrumb"},"inLanguage":"it-IT","potentialAction":[{"@type":"ReadAction","target":["https:\/\/blog.holyart.it\/it\/santi-e-beati\/santa-dinfna-la-patrona-dei-malati-mentali\/"]}]},{"@type":"ImageObject","inLanguage":"it-IT","@id":"https:\/\/blog.holyart.it\/it\/santi-e-beati\/santa-dinfna-la-patrona-dei-malati-mentali\/#primaryimage","url":"https:\/\/blog.holyart.it\/it\/wp-content\/uploads\/sites\/17\/2025\/05\/martirio-di-santa-dinfna.jpg","contentUrl":"https:\/\/blog.holyart.it\/it\/wp-content\/uploads\/sites\/17\/2025\/05\/martirio-di-santa-dinfna.jpg","width":1000,"height":666,"caption":"martirio di santa dinfna"},{"@type":"BreadcrumbList","@id":"https:\/\/blog.holyart.it\/it\/santi-e-beati\/santa-dinfna-la-patrona-dei-malati-mentali\/#breadcrumb","itemListElement":[{"@type":"ListItem","position":1,"name":"Homepage","item":"https:\/\/blog.holyart.it\/it\/"},{"@type":"ListItem","position":2,"name":"Santi e beati","item":"https:\/\/blog.holyart.it\/it\/santi-e-beati\/"},{"@type":"ListItem","position":3,"name":"Santa Dinfna, la patrona dei malati mentali"}]},{"@type":"WebSite","@id":"https:\/\/blog.holyart.it\/it\/#website","url":"https:\/\/blog.holyart.it\/it\/","name":"Holyblog","description":"Il Blog di Holyart.it","publisher":{"@id":"https:\/\/blog.holyart.it\/it\/#organization"},"potentialAction":[{"@type":"SearchAction","target":{"@type":"EntryPoint","urlTemplate":"https:\/\/blog.holyart.it\/it\/?s={search_term_string}"},"query-input":{"@type":"PropertyValueSpecification","valueRequired":true,"valueName":"search_term_string"}}],"inLanguage":"it-IT"},{"@type":"Organization","@id":"https:\/\/blog.holyart.it\/it\/#organization","name":"Holyblog","url":"https:\/\/blog.holyart.it\/it\/","logo":{"@type":"ImageObject","inLanguage":"it-IT","@id":"https:\/\/blog.holyart.it\/it\/#\/schema\/logo\/image\/","url":"https:\/\/blog.holyart.it\/it\/wp-content\/uploads\/sites\/17\/2022\/12\/Holyart_Blog_Logo.jpg","contentUrl":"https:\/\/blog.holyart.it\/it\/wp-content\/uploads\/sites\/17\/2022\/12\/Holyart_Blog_Logo.jpg","width":300,"height":50,"caption":"Holyblog"},"image":{"@id":"https:\/\/blog.holyart.it\/it\/#\/schema\/logo\/image\/"}},{"@type":"Person","@id":"https:\/\/blog.holyart.it\/it\/#\/schema\/person\/0a7b686e5af0f856ec1e390dd0baecda","name":"Redazione"}]}},"_links":{"self":[{"href":"https:\/\/blog.holyart.it\/it\/wp-json\/wp\/v2\/posts\/21861","targetHints":{"allow":["GET"]}}],"collection":[{"href":"https:\/\/blog.holyart.it\/it\/wp-json\/wp\/v2\/posts"}],"about":[{"href":"https:\/\/blog.holyart.it\/it\/wp-json\/wp\/v2\/types\/post"}],"author":[{"embeddable":true,"href":"https:\/\/blog.holyart.it\/it\/wp-json\/wp\/v2\/users\/1"}],"replies":[{"embeddable":true,"href":"https:\/\/blog.holyart.it\/it\/wp-json\/wp\/v2\/comments?post=21861"}],"version-history":[{"count":3,"href":"https:\/\/blog.holyart.it\/it\/wp-json\/wp\/v2\/posts\/21861\/revisions"}],"predecessor-version":[{"id":21867,"href":"https:\/\/blog.holyart.it\/it\/wp-json\/wp\/v2\/posts\/21861\/revisions\/21867"}],"wp:featuredmedia":[{"embeddable":true,"href":"https:\/\/blog.holyart.it\/it\/wp-json\/wp\/v2\/media\/21868"}],"wp:attachment":[{"href":"https:\/\/blog.holyart.it\/it\/wp-json\/wp\/v2\/media?parent=21861"}],"wp:term":[{"taxonomy":"category","embeddable":true,"href":"https:\/\/blog.holyart.it\/it\/wp-json\/wp\/v2\/categories?post=21861"},{"taxonomy":"post_tag","embeddable":true,"href":"https:\/\/blog.holyart.it\/it\/wp-json\/wp\/v2\/tags?post=21861"}],"curies":[{"name":"wp","href":"https:\/\/api.w.org\/{rel}","templated":true}]}}