{"id":21802,"date":"2025-04-24T10:00:02","date_gmt":"2025-04-24T08:00:02","guid":{"rendered":"https:\/\/blog.holyart.it\/it\/?p=21802"},"modified":"2025-08-12T10:40:07","modified_gmt":"2025-08-12T08:40:07","slug":"cosa-succede-alla-morte-di-un-papa-tutte-le-fasi-dal-decesso-allelezione-del-successore","status":"publish","type":"post","link":"https:\/\/blog.holyart.it\/it\/articoli-religiosi\/cosa-succede-alla-morte-di-un-papa-tutte-le-fasi-dal-decesso-allelezione-del-successore\/","title":{"rendered":"Cosa succede alla morte di un Papa: tutte le fasi dal decesso all&#8217;elezione del successore"},"content":{"rendered":"<h4>Morte di un Papa: cosa succede davvero tra il decesso e l\u2019elezione del successore<\/h4>\n\n<p>La morte di un Papa non \u00e8 un evento comune. Non lo \u00e8 mai stato, nei duemila anni di storia della Chiesa.<br \/>\nQuando un Pontefice muore, non si spegne solo un uomo, ma si chiude un\u2019<strong>intera stagione spirituale<\/strong>, pastorale, politica e umana. Si spegne <a href=\"https:\/\/www.holyart.it\/blog\/occasioni-speciali\/come-papa-francesco-ha-trasformato-la-chiesa-durante-il-suo-pontificato\/\"><strong>una voce che ha guidato milioni di fedeli<\/strong><\/a>, che ha pregato, parlato, sofferto, perdonato. Si chiude una porta, ma si apre un tempo sospeso, sacro e solenne, chiamato\u00a0<strong>Sede Vacante<\/strong>.\u00a0Le campane non suonano solo a lutto: suonano anche per ricordare che, in quel momento, la Chiesa \u00e8 orfana. Ma non \u00e8 smarrita. Perch\u00e9 ogni gesto, ogni passo, ogni parola \u00e8 gi\u00e0 scritta in una\u00a0<strong>liturgia millenaria<\/strong> che accompagna il passaggio da un pontificato al successore. Tutto ha un ordine, un tempo, un senso. Anche il silenzio. Il tempo si ferma per un attimo, ma la macchina millenaria della Chiesa non si arresta. Si mette in moto una sequenza di gesti antichi, simboli solenni, decisioni cruciali.<br \/>\nDietro le mura vaticane, si muove una\u00a0<strong>macchina rituale<\/strong>\u00a0fatta di segreti e di simboli, che intreccia la spiritualit\u00e0 con la storia, il dolore con la responsabilit\u00e0. Dal primo momento in cui si certifica la morte del Pontefice, fino all\u2019annuncio del nuovo Papa con il celebre\u00a0<em>Habemus Papam<\/em>, la Chiesa attraversa un cammino che mescola l\u2019umano e il divino, il lutto e la speranza.<\/p>\n<div class=\"link-article\">\n<p><img loading=\"lazy\" decoding=\"async\" class=\"size-full wp-image-21803 alignleft\" src=\"https:\/\/blog.holyart.it\/it\/wp-content\/uploads\/sites\/17\/2025\/04\/Holyart_Blog_PapaFrancesco_it.jpg\" alt=\"papa francesco\" width=\"150\" height=\"99\" data-kale-share-title=\"Cosa succede alla morte di un Papa: tutte le fasi dal decesso all\u2019elezione del successore\" data-kale-share-url=\"https:\/\/blog.holyart.it\/it\/?p=21802\" \/><\/p>\n<div class=\"leggi-anche\">Leggi anche:<\/div>\n<p><strong><a href=\"https:\/\/www.holyart.it\/blog\/occasioni-speciali\/come-papa-francesco-ha-trasformato-la-chiesa-durante-il-suo-pontificato\/\">Come Papa Francesco ha trasformato la Chiesa durante il suo pontificato<\/a><\/strong><br \/>\nChe cosa ha fatto di importante Papa Francesco? Il suo pontificato \u00e8&#8230;<\/p>\n<\/div>\n<p>Ma cosa succede, esattamente, tra la morte di un Papa e l\u2019elezione del suo successore? Chi gestisce il potere? Chi custodisce il silenzio? E chi decide quando sar\u00e0 il momento di voltare pagina?<\/p>\n<p>Ecco tutte le fasi, raccontate passo dopo passo, ogni passaggio scandito da un rituale che unisce la fede, il lutto e la responsabilit\u00e0.<\/p>\n<h2>Il ruolo del Camerlengo<\/h2>\n<p>Nel cuore del Vaticano, appena il Papa chiude gli occhi al mondo, un uomo si avvicina al suo letto. \u00c8 il\u00a0<strong>Camerlengo<\/strong>, custode della transizione tra un pontificato e il successivo.\u00a0Un nome antico, che sembra uscito da un romanzo medievale, ma che ancora oggi racchiude una delle responsabilit\u00e0 pi\u00f9 delicate e simboliche della Chiesa cattolica.<\/p>\n<p>Il Camerlengo, attualmente\u00a0<strong>il cardinale Kevin Joseph Farrell,<\/strong>\u00a0\u00e8\u00a0<strong>il custode del tempo di mezzo<\/strong>, quello in cui la Chiesa \u00e8 senza guida, ma non senza ordine. Il suo compito inizia con un gesto carico di significato:\u00a0<strong>accertare ufficialmente la morte del Papa<\/strong>. Se un tempo lo faceva chiamandolo tre volte per nome e dichiarando in latino\u00a0<em>\u201cVere Papa mortuus est\u201d<\/em>, oggi il riconoscimento \u00e8 affidato a un medico. Ma la solennit\u00e0 del momento non \u00e8 cambiata.<\/p>\n<p>Una volta constatato il decesso,<strong>\u00a0<\/strong>il Camerlengo entra simbolicamente nella scena del potere.\u00a0<strong>Sigilla gli appartamenti papali,<\/strong>\u00a0interrompe ogni comunicazione ufficiale dal Vaticano, prende possesso della Sede Apostolica vacante. Ma \u00e8 con un oggetto specifico che la sua autorit\u00e0 si manifesta davvero:<a href=\"https:\/\/www.holyart.it\/blog\/articoli-religiosi\/lanello-del-pescatore-e-il-rito-che-sancisce-linizio-del-pontificato\/\">\u00a0<strong>l\u2019Anello del Pescatore<\/strong><\/a>.\u00a0L\u2019Anello del Pescatore,\u00a0<em>Anulus Piscatoris,<\/em>\u00a0\u00e8\u00a0<strong>il sigillo personale del Papa<\/strong>, portato al dito anulare della mano destra. Su di esso \u00e8 inciso il nome del Pontefice e l\u2019immagine di San Pietro intento a pescare, simbolo della sua missione:\u00a0<em>\u201cPescatore di uomini\u201d<\/em>.<\/p>\n<div class=\"link-article\">\n<p><img loading=\"lazy\" decoding=\"async\" class=\"size-full wp-image-21804 alignleft\" src=\"https:\/\/blog.holyart.it\/it\/wp-content\/uploads\/sites\/17\/2025\/04\/elezione-papa.jpg\" alt=\"elezione papa\" width=\"150\" height=\"99\" data-kale-share-title=\"Cosa succede alla morte di un Papa: tutte le fasi dal decesso all\u2019elezione del successore\" data-kale-share-url=\"https:\/\/blog.holyart.it\/it\/?p=21802\" \/><\/p>\n<div class=\"leggi-anche\">Leggi anche:<\/div>\n<p><strong><a href=\"https:\/\/www.holyart.it\/blog\/articoli-religiosi\/lanello-del-pescatore-e-il-rito-che-sancisce-linizio-del-pontificato\/\">L\u2019anello del pescatore e il rito che sancisce l\u2019inizio del pontificato<\/a><\/strong><br \/>\nL\u2019anello del Pescatore, una delle pi\u00f9 antiche tradizioni legate&#8230;<\/p>\n<\/div>\n<p>Con la morte del Papa,\u00a0<strong>l\u2019anello deve essere distrutto o reso inutilizzabile<\/strong>. \u00c8 il Camerlengo, alla presenza dei cardinali, a compiere questo rito: lo spezza o lo incide con due solchi incrociati, affinch\u00e9 nessuno possa usarlo per falsificare documenti o esercitare autorit\u00e0 in nome del defunto Pontefice. \u00c8 un gesto semplice, ma potente. \u00c8 come dire:\u00a0<em>\u201cQuesto pontificato \u00e8 finito. Nessuno pu\u00f2 parlare pi\u00f9 in suo nome.\u201d<\/em><\/p>\n<p>Ma quello che si spezza non \u00e8 solo un oggetto. \u00c8 la fine tangibile di un\u2019era, impressa nel metallo. Una chiusura che apre, per\u00f2, a un nuovo inizio. Dopo quel gesto, il mondo sa che la Chiesa si prepara a voltare pagina, mentre il Camerlengo, silenzioso e vigile, veglia sull\u2019attesa.<\/p>\n<p>Dopo la morte del Papa e l\u2019ingresso ufficiale del Camerlengo nella gestione della sede vacante, non resta solo. La Chiesa ha previsto, con la sapienza dei secoli, che ogni passaggio venga sorvegliato da pi\u00f9 occhi, pi\u00f9 cuori, pi\u00f9 coscienze.\u00a0Per questo, <a href=\"https:\/\/www.holyart.it\/blog\/articoli-religiosi\/concistoro-cardinalizio-cose-e-come-funziona\/\"><strong>tra i cardinali gi\u00e0 giunti in Vaticano<\/strong><\/a> per partecipare al futuro Conclave, vengono estratti a sorte<strong>\u00a0tre assistenti. Un vescovo, un presbitero e un diacono<\/strong>: uno per ciascun ordine ecclesiastico. Insieme al Camerlengo, formano la cosiddetta\u00a0<strong>Congregazione particolare<\/strong>, un piccolo collegio che ha il compito di affiancarlo nelle decisioni quotidiane e vigilare sull&#8217;amministrazione ordinaria della Chiesa durante la sede vacante, una garanzia di equilibrio e trasparenza, in un momento in cui il trono di Pietro \u00e8 vuoto e la Chiesa intera \u00e8 in attesa.<\/p>\n<div class=\"link-article\">\n<p><img loading=\"lazy\" decoding=\"async\" class=\"size-full wp-image-21805 alignleft\" src=\"https:\/\/blog.holyart.it\/it\/wp-content\/uploads\/sites\/17\/2025\/04\/concistoro-cardinalizio.jpg\" alt=\"concistoro cardinalizio\" width=\"150\" height=\"99\" data-kale-share-title=\"Cosa succede alla morte di un Papa: tutte le fasi dal decesso all\u2019elezione del successore\" data-kale-share-url=\"https:\/\/blog.holyart.it\/it\/?p=21802\" \/><\/p>\n<div class=\"leggi-anche\">Leggi anche:<\/div>\n<p><strong><a href=\"https:\/\/www.holyart.it\/blog\/articoli-religiosi\/concistoro-cardinalizio-cose-e-come-funziona\/\">Concistoro cardinalizio: cos\u2019\u00e8 e come funziona<\/a><\/strong><br \/>\nIl Concistoro \u00e8 una riunione di cardinali raccolti intorno al Papa per prendere decisioni importanti. Ma come si \u00e8 evoluto nella storia&#8230;<\/p>\n<\/div>\n<h2>Il funerale del Papa<\/h2>\n<p>Quando un Papa muore, non parla solo la voce della Chiesa. Parlano anche<strong>\u00a0i suoi gesti, i suoi silenzi rituali.<\/strong>\u00a0E uno dei pi\u00f9 eloquenti si compie davanti a milioni di occhi, ma in un\u2019atmosfera che resta intimamente raccolta.\u00a0\u00c8 allora che, nel cuore di\u00a0<a href=\"https:\/\/www.holyart.it\/blog\/articoli-religiosi\/san-pietro-in-vaticano-chiesa-simbolo-di-tutto-il-mondo-cristiano\/\"><strong>Piazza San Pietro<\/strong><\/a>, il grande portone di bronzo, quello che immette negli uffici della Curia Vaticana, viene\u00a0<strong>chiuso a met\u00e0<\/strong>. Un\u2019anta si apre, l\u2019altra resta serrata. Non \u00e8 un errore. \u00c8 un segno. La Chiesa \u00e8 viva, ma \u00e8 ferita. In cammino, ma priva del suo pastore.<\/p>\n<p>Contemporaneamente, le\u00a0<strong>campane della Basilica suonano a martello<\/strong>. Non \u00e8 il suono pieno delle feste, ma un rintocco greve e solenne, che si ripete, scandito, come un cuore che batte lento. Il suono attraversa Roma, e poi il mondo. Chi ascolta, capisce: il Papa \u00e8 morto.\u00a0Questo gesto, semplice e potentissimo, segna l\u2019inizio visibile della Sede Vacante. Da quel momento, tutto cambia. Ma tutto ha gi\u00e0 un ordine. E il tempo della Chiesa si fa memoria, preghiera e attesa.<\/p>\n<div class=\"link-article\">\n<p><img loading=\"lazy\" decoding=\"async\" class=\"size-full wp-image-21806 alignleft\" src=\"https:\/\/blog.holyart.it\/it\/wp-content\/uploads\/sites\/17\/2025\/04\/san-pietro-basilica.jpeg\" alt=\"basilica di san pietro\" width=\"150\" height=\"100\" data-kale-share-title=\"Cosa succede alla morte di un Papa: tutte le fasi dal decesso all\u2019elezione del successore\" data-kale-share-url=\"https:\/\/blog.holyart.it\/it\/?p=21802\" \/><\/p>\n<div class=\"leggi-anche\">Leggi anche:<\/div>\n<p><strong><a href=\"https:\/\/www.holyart.it\/blog\/articoli-religiosi\/san-pietro-in-vaticano-chiesa-simbolo-di-tutto-il-mondo-cristiano\/\">San Pietro in Vaticano: Chiesa simbolo di tutto il mondo cristiano<\/a><\/strong><br \/>\nSan Pietro in Vaticano \u00e8 una basilica piena di significati, misteri e&#8230;<\/p>\n<\/div>\n<p>Comincia cos\u00ec il tempo del lutto,\u00a0ma la Chiesa non \u00e8 mai vuota: \u00e8 in attesa. Il corpo del Papa viene composto, rivestito con\u00a0<strong><a href=\"https:\/\/www.holyart.it\/it\/accessori-per-la-liturgia\/paramenti-liturgici-servizi-altare-coprileggii\">paramenti sacri<\/a><\/strong>, <a href=\"https:\/\/www.holyart.it\/blog\/articoli-religiosi\/significato-della-mitra\/\"><strong>mitria<\/strong><\/a> bianca, casula rossa, e adagiato in una bara di legno e zinco, il volto visibile, perch\u00e9 i fedeli possano dargli l\u2019ultimo saluto. Tradizionalmente, l\u2019esposizione avveniva con la salma visibile senza bara, ma\u00a0<strong>Papa Francesco<\/strong>\u00a0ha voluto una semplificazione del rito, chiedendo dignit\u00e0 senza sfarzo: meno pompe, pi\u00f9 essenzialit\u00e0. Ha rivisto i testi liturgici, ridotto la durata delle cerimonie, restituendo alla morte del Papa una dimensione pi\u00f9 umana e spirituale.<\/p>\n<p>Il\u00a0<strong>lutto dura nove giorni<\/strong>. Sono i\u00a0<strong>Novendiali<\/strong>, durante i quali i cardinali celebrano messe quotidiane in suffragio. Tre sono le tappe solenni di questo tempo:\u00a0<strong>constatazione del decesso, esposizione al pubblico e sepoltura<\/strong>. Quest\u2019ultima avviene, quasi sempre,\u00a0<strong>nelle Grotte Vaticane<\/strong>, sotto la Basilica di San Pietro, accanto ai predecessori, in quella terra silenziosa dove riposa la storia della Chiesa.<\/p>\n<div class=\"link-article\">\n<p><img loading=\"lazy\" decoding=\"async\" class=\"size-full wp-image-21807 alignleft\" src=\"https:\/\/blog.holyart.it\/it\/wp-content\/uploads\/sites\/17\/2025\/04\/la-mitra.jpg\" alt=\"la mitra\" width=\"150\" height=\"99\" data-kale-share-title=\"Cosa succede alla morte di un Papa: tutte le fasi dal decesso all\u2019elezione del successore\" data-kale-share-url=\"https:\/\/blog.holyart.it\/it\/?p=21802\" \/><\/p>\n<div class=\"leggi-anche\">Leggi anche:<\/div>\n<p><strong><a href=\"https:\/\/www.holyart.it\/blog\/articoli-religiosi\/significato-della-mitra\/\">Il significato della Mitra<\/a><\/strong><br \/>\nChe cosa rappresenta la Mitra, lo strano copricapo indossato dai vescovi in diversi momenti della Liturgia&#8230;<\/p>\n<\/div>\n<h2>L\u2019eccezione di Francesco: la scelta di Santa Maria Maggiore<\/h2>\n<p>Papa Francesco non ha voluto riposare tra i marmi solenni delle Grotte Vaticane.<br \/>\nHa scelto la terra.<br \/>\nHa scelto la semplicit\u00e0.<br \/>\nE ha scelto, come tante volte durante il suo pontificato, di\u00a0<strong>rompere la tradizione<\/strong>\u00a0con un gesto di potente coerenza.<\/p>\n<p>Nel\u00a0<strong>testamento redatto nel 2022<\/strong>, Jorge Mario Bergoglio aveva scritto tutto con chiarezza: niente monumenti, niente iscrizioni sontuose. Solo un\u00a0<strong>loculo semplice nella Basilica di Santa Maria Maggiore<\/strong>, con una parola incisa:\u00a0<em>Franciscus<\/em>. Nient\u2019altro. Una tomba nella terra, senza orpelli. Un messaggio finale che parla pi\u00f9 di mille omelie.\u00a0Ma questa scelta non \u00e8 solo stilistica. \u00c8 profondamente spirituale.<\/p>\n<p><a href=\"https:\/\/www.holyart.it\/blog\/santi-e-beati\/madonna-della-neve-e-il-miracolo-del-5-agosto\/\"><strong>Santa Maria Maggiore<\/strong><\/a>\u00a0\u00e8\u00a0<strong>il cuore mariano di Roma<\/strong>, la casa della\u00a0<em>Salus Populi Romani<\/em>, l\u2019icona alla quale Francesco ha affidato ogni passo del suo pontificato. Vi si recava in silenzio prima e dopo ogni viaggio apostolico, sempre senza annunci, senza clamore. Era il suo luogo dell\u2019anima.<br \/>\nC\u2019\u00e8 anche un legame profondo con le sue\u00a0<strong>radici gesuitiche<\/strong>: fu in quella stessa basilica che\u00a0<strong>Sant\u2019Ignazio di Loyola<\/strong>, fondatore della Compagnia di Ges\u00f9, celebr\u00f2 la sua prima messa nel 1538, dopo aver ricevuto l\u2019approvazione papale. Francesco, primo Papa gesuita della storia, ha voluto tornare l\u00ec.<\/p>\n<div class=\"link-article\">\n<p><img loading=\"lazy\" decoding=\"async\" class=\"size-full wp-image-21809 alignleft\" src=\"https:\/\/blog.holyart.it\/it\/wp-content\/uploads\/sites\/17\/2025\/04\/madonna-della-neve.jpg\" alt=\"madonna della neve\" width=\"150\" height=\"99\" data-kale-share-title=\"Cosa succede alla morte di un Papa: tutte le fasi dal decesso all\u2019elezione del successore\" data-kale-share-url=\"https:\/\/blog.holyart.it\/it\/?p=21802\" \/><\/p>\n<div class=\"leggi-anche\">Leggi anche:<\/div>\n<p><strong><a href=\"https:\/\/www.holyart.it\/blog\/santi-e-beati\/madonna-della-neve-e-il-miracolo-del-5-agosto\/\">Madonna della Neve e il miracolo del 5 agosto<\/a><\/strong><br \/>\nIl 5 agosto a Roma si ricorda la Madonna della Neve, con una nevicata spettacolare sulla piazza della Basilica Papale di Santa Maria Maggiore&#8230;<\/p>\n<\/div>\n<p>E poi c\u2019\u00e8\u00a0<strong>la sobriet\u00e0<\/strong>, marchio inconfondibile del suo stile. Anche nel morire, Francesco ha voluto spogliarsi del potere per rimanere uomo tra gli uomini. La sua tomba \u00e8 la tomba di un pastore. Nessuna statua, nessuna cripta dorata. Solo terra.<\/p>\n<p>Questa decisione ha avuto\u00a0<strong>conseguenze concrete sul protocollo funerario<\/strong>.<br \/>\nFrancesco aveva disposto l&#8217;<strong>Esposizione diretta nella bara<\/strong>, all\u2019interno della Cappella Sistina, senza il tradizionale cataletto rialzato, e una\u00a0<strong>liturgia essenziale<\/strong>, con testi rivisti e riti semplificati, per restituire centralit\u00e0 al silenzio e alla preghiera.<\/p>\n<p>Le\u00a0<strong>spese della sepoltura<\/strong>\u00a0non sono state coperte dallo Stato Vaticano, ma da\u00a0<strong>un benefattore anonimo<\/strong>, come richiesto da Francesco stesso. Un ultimo gesto d\u2019umilt\u00e0, che parla al cuore dei semplici.<\/p>\n<h2>Il Conclave e l\u2019elezione del nuovo Papa<\/h2>\n<p>Intanto, a porte chiuse,\u00a0<strong>i cardinali si preparano a scegliere il <a href=\"https:\/\/www.holyart.it\/blog\/santi-e-beati\/la-tomba-di-san-pietro-e-la-sua-incredibile-scoperta\/\">successore di Pietro<\/a><\/strong>. Il\u00a0<strong>Conclave<\/strong>\u00a0si apre tra il 15\u00b0 e il 20\u00b0 giorno dalla morte, salvo eccezioni. Si svolge nella\u00a0<strong>Cappella Sistina<\/strong>, luogo carico di arte e Spirito Santo, dove solo i cardinali elettori possono entrare. Votano con scrutini segreti. Ogni scheda viene bruciata in una stufa con additivi chimici.<\/p>\n<p><strong>La fumata nera<\/strong>, che si alza al cielo, annuncia al mondo che\u00a0<strong>non c\u2019\u00e8 ancora un accordo<\/strong>. Ma quando dal comignolo esce\u00a0<strong>la fumata bianca<\/strong>, \u00e8 come se il cielo rispondesse:\u00a0<strong>\u00e8 stato scelto il nuovo Papa<\/strong>.<\/p>\n<div class=\"link-article\">\n<p><img loading=\"lazy\" decoding=\"async\" class=\"size-full wp-image-21810 alignleft\" src=\"https:\/\/blog.holyart.it\/it\/wp-content\/uploads\/sites\/17\/2025\/04\/tomba-vaticano.jpeg\" alt=\"tomba vaticano\" width=\"150\" height=\"100\" data-kale-share-title=\"Cosa succede alla morte di un Papa: tutte le fasi dal decesso all\u2019elezione del successore\" data-kale-share-url=\"https:\/\/blog.holyart.it\/it\/?p=21802\" \/><\/p>\n<div class=\"leggi-anche\">Leggi anche:<\/div>\n<p><strong><a href=\"https:\/\/www.holyart.it\/blog\/santi-e-beati\/la-tomba-di-san-pietro-e-la-sua-incredibile-scoperta\/\">La tomba di San Pietro e la sua incredibile scoperta<\/a><\/strong><br \/>\nLa tomba di San Pietro a Roma \u00e8 da sempre considerato uno dei luoghi sacri per eccellenza della cristianit\u00e0&#8230;<\/p>\n<\/div>\n<p>Il nome dell\u2019eletto viene comunicato alla folla in attesa con la storica formula:<br \/>\n<strong><em>\u201cAnnuntio vobis gaudium magnum: Habemus Papam.\u201d<\/em><\/strong><br \/>\n\u00c8 il momento in cui il volto di un uomo si affaccia dal loggione della Basilica di San Pietro, vestito di bianco, e il mondo intero trattiene il fiato. Un nuovo pontificato ha inizio. E con esso, una nuova pagina nella storia della Chiesa.<\/p>\n","protected":false},"excerpt":{"rendered":"<p>Morte di un Papa: cosa succede davvero tra il decesso e l\u2019elezione del successore La morte di un Papa non \u00e8 un evento comune. Non lo \u00e8 mai stato, nei duemila anni di storia della Chiesa. Quando un Pontefice muore, non si spegne solo un&hellip;<\/p>\n","protected":false},"author":1,"featured_media":21817,"comment_status":"closed","ping_status":"open","sticky":false,"template":"","format":"standard","meta":{"_acf_changed":false,"footnotes":""},"categories":[16],"tags":[],"class_list":["post-21802","post","type-post","status-publish","format-standard","has-post-thumbnail","hentry","category-articoli-religiosi"],"acf":[],"yoast_head":"<!-- This site is optimized with the Yoast SEO plugin v26.6 - https:\/\/yoast.com\/wordpress\/plugins\/seo\/ -->\n<title>Cosa succede alla morte di un Papa - Holyblog<\/title>\n<meta name=\"description\" content=\"Morte di un Papa: dal Camerlengo al Conclave, tutti i riti della transizione. L\u2019anello del pescatore, funerali, la nuova fumata bianca.\" \/>\n<meta name=\"robots\" content=\"index, follow, max-snippet:-1, max-image-preview:large, max-video-preview:-1\" \/>\n<link rel=\"canonical\" href=\"https:\/\/blog.holyart.it\/it\/articoli-religiosi\/cosa-succede-alla-morte-di-un-papa-tutte-le-fasi-dal-decesso-allelezione-del-successore\/\" \/>\n<meta property=\"og:locale\" content=\"it_IT\" \/>\n<meta property=\"og:type\" content=\"article\" \/>\n<meta property=\"og:title\" content=\"Cosa succede alla morte di un Papa - Holyblog\" \/>\n<meta property=\"og:description\" content=\"Morte di un Papa: dal Camerlengo al Conclave, tutti i riti della transizione. L\u2019anello del pescatore, funerali, la nuova fumata bianca.\" \/>\n<meta property=\"og:url\" content=\"https:\/\/blog.holyart.it\/it\/articoli-religiosi\/cosa-succede-alla-morte-di-un-papa-tutte-le-fasi-dal-decesso-allelezione-del-successore\/\" \/>\n<meta property=\"og:site_name\" content=\"Holyblog\" \/>\n<meta property=\"article:published_time\" content=\"2025-04-24T08:00:02+00:00\" \/>\n<meta property=\"article:modified_time\" content=\"2025-08-12T08:40:07+00:00\" \/>\n<meta property=\"og:image\" content=\"https:\/\/blog.holyart.it\/it\/wp-content\/uploads\/sites\/17\/2025\/04\/balcone-conclave-vaticano.jpg\" \/>\n\t<meta property=\"og:image:width\" content=\"1000\" \/>\n\t<meta property=\"og:image:height\" content=\"666\" \/>\n\t<meta property=\"og:image:type\" content=\"image\/jpeg\" \/>\n<meta name=\"author\" content=\"Redazione\" \/>\n<meta name=\"twitter:card\" content=\"summary_large_image\" \/>\n<meta name=\"twitter:label1\" content=\"Scritto da\" \/>\n\t<meta name=\"twitter:data1\" content=\"Redazione\" \/>\n\t<meta name=\"twitter:label2\" content=\"Tempo di lettura stimato\" \/>\n\t<meta name=\"twitter:data2\" content=\"12 minuti\" \/>\n<script type=\"application\/ld+json\" class=\"yoast-schema-graph\">{\"@context\":\"https:\/\/schema.org\",\"@graph\":[{\"@type\":\"Article\",\"@id\":\"https:\/\/blog.holyart.it\/it\/articoli-religiosi\/cosa-succede-alla-morte-di-un-papa-tutte-le-fasi-dal-decesso-allelezione-del-successore\/#article\",\"isPartOf\":{\"@id\":\"https:\/\/blog.holyart.it\/it\/articoli-religiosi\/cosa-succede-alla-morte-di-un-papa-tutte-le-fasi-dal-decesso-allelezione-del-successore\/\"},\"author\":{\"name\":\"Redazione\",\"@id\":\"https:\/\/blog.holyart.it\/it\/#\/schema\/person\/0a7b686e5af0f856ec1e390dd0baecda\"},\"headline\":\"Cosa succede alla morte di un Papa: tutte le fasi dal decesso all&#8217;elezione del successore\",\"datePublished\":\"2025-04-24T08:00:02+00:00\",\"dateModified\":\"2025-08-12T08:40:07+00:00\",\"mainEntityOfPage\":{\"@id\":\"https:\/\/blog.holyart.it\/it\/articoli-religiosi\/cosa-succede-alla-morte-di-un-papa-tutte-le-fasi-dal-decesso-allelezione-del-successore\/\"},\"wordCount\":1767,\"publisher\":{\"@id\":\"https:\/\/blog.holyart.it\/it\/#organization\"},\"image\":{\"@id\":\"https:\/\/blog.holyart.it\/it\/articoli-religiosi\/cosa-succede-alla-morte-di-un-papa-tutte-le-fasi-dal-decesso-allelezione-del-successore\/#primaryimage\"},\"thumbnailUrl\":\"https:\/\/blog.holyart.it\/it\/wp-content\/uploads\/sites\/17\/2025\/04\/balcone-conclave-vaticano.jpg\",\"articleSection\":[\"Religione\"],\"inLanguage\":\"it-IT\"},{\"@type\":\"WebPage\",\"@id\":\"https:\/\/blog.holyart.it\/it\/articoli-religiosi\/cosa-succede-alla-morte-di-un-papa-tutte-le-fasi-dal-decesso-allelezione-del-successore\/\",\"url\":\"https:\/\/blog.holyart.it\/it\/articoli-religiosi\/cosa-succede-alla-morte-di-un-papa-tutte-le-fasi-dal-decesso-allelezione-del-successore\/\",\"name\":\"Cosa succede alla morte di un Papa - Holyblog\",\"isPartOf\":{\"@id\":\"https:\/\/blog.holyart.it\/it\/#website\"},\"primaryImageOfPage\":{\"@id\":\"https:\/\/blog.holyart.it\/it\/articoli-religiosi\/cosa-succede-alla-morte-di-un-papa-tutte-le-fasi-dal-decesso-allelezione-del-successore\/#primaryimage\"},\"image\":{\"@id\":\"https:\/\/blog.holyart.it\/it\/articoli-religiosi\/cosa-succede-alla-morte-di-un-papa-tutte-le-fasi-dal-decesso-allelezione-del-successore\/#primaryimage\"},\"thumbnailUrl\":\"https:\/\/blog.holyart.it\/it\/wp-content\/uploads\/sites\/17\/2025\/04\/balcone-conclave-vaticano.jpg\",\"datePublished\":\"2025-04-24T08:00:02+00:00\",\"dateModified\":\"2025-08-12T08:40:07+00:00\",\"description\":\"Morte di un Papa: dal Camerlengo al Conclave, tutti i riti della transizione. L\u2019anello del pescatore, funerali, la nuova fumata bianca.\",\"breadcrumb\":{\"@id\":\"https:\/\/blog.holyart.it\/it\/articoli-religiosi\/cosa-succede-alla-morte-di-un-papa-tutte-le-fasi-dal-decesso-allelezione-del-successore\/#breadcrumb\"},\"inLanguage\":\"it-IT\",\"potentialAction\":[{\"@type\":\"ReadAction\",\"target\":[\"https:\/\/blog.holyart.it\/it\/articoli-religiosi\/cosa-succede-alla-morte-di-un-papa-tutte-le-fasi-dal-decesso-allelezione-del-successore\/\"]}]},{\"@type\":\"ImageObject\",\"inLanguage\":\"it-IT\",\"@id\":\"https:\/\/blog.holyart.it\/it\/articoli-religiosi\/cosa-succede-alla-morte-di-un-papa-tutte-le-fasi-dal-decesso-allelezione-del-successore\/#primaryimage\",\"url\":\"https:\/\/blog.holyart.it\/it\/wp-content\/uploads\/sites\/17\/2025\/04\/balcone-conclave-vaticano.jpg\",\"contentUrl\":\"https:\/\/blog.holyart.it\/it\/wp-content\/uploads\/sites\/17\/2025\/04\/balcone-conclave-vaticano.jpg\",\"width\":1000,\"height\":666,\"caption\":\"morte di un papa ed elezione del successore\"},{\"@type\":\"BreadcrumbList\",\"@id\":\"https:\/\/blog.holyart.it\/it\/articoli-religiosi\/cosa-succede-alla-morte-di-un-papa-tutte-le-fasi-dal-decesso-allelezione-del-successore\/#breadcrumb\",\"itemListElement\":[{\"@type\":\"ListItem\",\"position\":1,\"name\":\"Homepage\",\"item\":\"https:\/\/blog.holyart.it\/it\/\"},{\"@type\":\"ListItem\",\"position\":2,\"name\":\"Religione\",\"item\":\"https:\/\/blog.holyart.it\/it\/articoli-religiosi\/\"},{\"@type\":\"ListItem\",\"position\":3,\"name\":\"Cosa succede alla morte di un Papa: tutte le fasi dal decesso all&#8217;elezione del successore\"}]},{\"@type\":\"WebSite\",\"@id\":\"https:\/\/blog.holyart.it\/it\/#website\",\"url\":\"https:\/\/blog.holyart.it\/it\/\",\"name\":\"Holyblog\",\"description\":\"Il Blog di Holyart.it\",\"publisher\":{\"@id\":\"https:\/\/blog.holyart.it\/it\/#organization\"},\"potentialAction\":[{\"@type\":\"SearchAction\",\"target\":{\"@type\":\"EntryPoint\",\"urlTemplate\":\"https:\/\/blog.holyart.it\/it\/?s={search_term_string}\"},\"query-input\":{\"@type\":\"PropertyValueSpecification\",\"valueRequired\":true,\"valueName\":\"search_term_string\"}}],\"inLanguage\":\"it-IT\"},{\"@type\":\"Organization\",\"@id\":\"https:\/\/blog.holyart.it\/it\/#organization\",\"name\":\"Holyblog\",\"url\":\"https:\/\/blog.holyart.it\/it\/\",\"logo\":{\"@type\":\"ImageObject\",\"inLanguage\":\"it-IT\",\"@id\":\"https:\/\/blog.holyart.it\/it\/#\/schema\/logo\/image\/\",\"url\":\"https:\/\/blog.holyart.it\/it\/wp-content\/uploads\/sites\/17\/2022\/12\/Holyart_Blog_Logo.jpg\",\"contentUrl\":\"https:\/\/blog.holyart.it\/it\/wp-content\/uploads\/sites\/17\/2022\/12\/Holyart_Blog_Logo.jpg\",\"width\":300,\"height\":50,\"caption\":\"Holyblog\"},\"image\":{\"@id\":\"https:\/\/blog.holyart.it\/it\/#\/schema\/logo\/image\/\"}},{\"@type\":\"Person\",\"@id\":\"https:\/\/blog.holyart.it\/it\/#\/schema\/person\/0a7b686e5af0f856ec1e390dd0baecda\",\"name\":\"Redazione\"}]}<\/script>\n<!-- \/ Yoast SEO plugin. -->","yoast_head_json":{"title":"Cosa succede alla morte di un Papa - Holyblog","description":"Morte di un Papa: dal Camerlengo al Conclave, tutti i riti della transizione. L\u2019anello del pescatore, funerali, la nuova fumata bianca.","robots":{"index":"index","follow":"follow","max-snippet":"max-snippet:-1","max-image-preview":"max-image-preview:large","max-video-preview":"max-video-preview:-1"},"canonical":"https:\/\/blog.holyart.it\/it\/articoli-religiosi\/cosa-succede-alla-morte-di-un-papa-tutte-le-fasi-dal-decesso-allelezione-del-successore\/","og_locale":"it_IT","og_type":"article","og_title":"Cosa succede alla morte di un Papa - Holyblog","og_description":"Morte di un Papa: dal Camerlengo al Conclave, tutti i riti della transizione. L\u2019anello del pescatore, funerali, la nuova fumata bianca.","og_url":"https:\/\/blog.holyart.it\/it\/articoli-religiosi\/cosa-succede-alla-morte-di-un-papa-tutte-le-fasi-dal-decesso-allelezione-del-successore\/","og_site_name":"Holyblog","article_published_time":"2025-04-24T08:00:02+00:00","article_modified_time":"2025-08-12T08:40:07+00:00","og_image":[{"width":1000,"height":666,"url":"https:\/\/blog.holyart.it\/it\/wp-content\/uploads\/sites\/17\/2025\/04\/balcone-conclave-vaticano.jpg","type":"image\/jpeg"}],"author":"Redazione","twitter_card":"summary_large_image","twitter_misc":{"Scritto da":"Redazione","Tempo di lettura stimato":"12 minuti"},"schema":{"@context":"https:\/\/schema.org","@graph":[{"@type":"Article","@id":"https:\/\/blog.holyart.it\/it\/articoli-religiosi\/cosa-succede-alla-morte-di-un-papa-tutte-le-fasi-dal-decesso-allelezione-del-successore\/#article","isPartOf":{"@id":"https:\/\/blog.holyart.it\/it\/articoli-religiosi\/cosa-succede-alla-morte-di-un-papa-tutte-le-fasi-dal-decesso-allelezione-del-successore\/"},"author":{"name":"Redazione","@id":"https:\/\/blog.holyart.it\/it\/#\/schema\/person\/0a7b686e5af0f856ec1e390dd0baecda"},"headline":"Cosa succede alla morte di un Papa: tutte le fasi dal decesso all&#8217;elezione del successore","datePublished":"2025-04-24T08:00:02+00:00","dateModified":"2025-08-12T08:40:07+00:00","mainEntityOfPage":{"@id":"https:\/\/blog.holyart.it\/it\/articoli-religiosi\/cosa-succede-alla-morte-di-un-papa-tutte-le-fasi-dal-decesso-allelezione-del-successore\/"},"wordCount":1767,"publisher":{"@id":"https:\/\/blog.holyart.it\/it\/#organization"},"image":{"@id":"https:\/\/blog.holyart.it\/it\/articoli-religiosi\/cosa-succede-alla-morte-di-un-papa-tutte-le-fasi-dal-decesso-allelezione-del-successore\/#primaryimage"},"thumbnailUrl":"https:\/\/blog.holyart.it\/it\/wp-content\/uploads\/sites\/17\/2025\/04\/balcone-conclave-vaticano.jpg","articleSection":["Religione"],"inLanguage":"it-IT"},{"@type":"WebPage","@id":"https:\/\/blog.holyart.it\/it\/articoli-religiosi\/cosa-succede-alla-morte-di-un-papa-tutte-le-fasi-dal-decesso-allelezione-del-successore\/","url":"https:\/\/blog.holyart.it\/it\/articoli-religiosi\/cosa-succede-alla-morte-di-un-papa-tutte-le-fasi-dal-decesso-allelezione-del-successore\/","name":"Cosa succede alla morte di un Papa - Holyblog","isPartOf":{"@id":"https:\/\/blog.holyart.it\/it\/#website"},"primaryImageOfPage":{"@id":"https:\/\/blog.holyart.it\/it\/articoli-religiosi\/cosa-succede-alla-morte-di-un-papa-tutte-le-fasi-dal-decesso-allelezione-del-successore\/#primaryimage"},"image":{"@id":"https:\/\/blog.holyart.it\/it\/articoli-religiosi\/cosa-succede-alla-morte-di-un-papa-tutte-le-fasi-dal-decesso-allelezione-del-successore\/#primaryimage"},"thumbnailUrl":"https:\/\/blog.holyart.it\/it\/wp-content\/uploads\/sites\/17\/2025\/04\/balcone-conclave-vaticano.jpg","datePublished":"2025-04-24T08:00:02+00:00","dateModified":"2025-08-12T08:40:07+00:00","description":"Morte di un Papa: dal Camerlengo al Conclave, tutti i riti della transizione. L\u2019anello del pescatore, funerali, la nuova fumata bianca.","breadcrumb":{"@id":"https:\/\/blog.holyart.it\/it\/articoli-religiosi\/cosa-succede-alla-morte-di-un-papa-tutte-le-fasi-dal-decesso-allelezione-del-successore\/#breadcrumb"},"inLanguage":"it-IT","potentialAction":[{"@type":"ReadAction","target":["https:\/\/blog.holyart.it\/it\/articoli-religiosi\/cosa-succede-alla-morte-di-un-papa-tutte-le-fasi-dal-decesso-allelezione-del-successore\/"]}]},{"@type":"ImageObject","inLanguage":"it-IT","@id":"https:\/\/blog.holyart.it\/it\/articoli-religiosi\/cosa-succede-alla-morte-di-un-papa-tutte-le-fasi-dal-decesso-allelezione-del-successore\/#primaryimage","url":"https:\/\/blog.holyart.it\/it\/wp-content\/uploads\/sites\/17\/2025\/04\/balcone-conclave-vaticano.jpg","contentUrl":"https:\/\/blog.holyart.it\/it\/wp-content\/uploads\/sites\/17\/2025\/04\/balcone-conclave-vaticano.jpg","width":1000,"height":666,"caption":"morte di un papa ed elezione del successore"},{"@type":"BreadcrumbList","@id":"https:\/\/blog.holyart.it\/it\/articoli-religiosi\/cosa-succede-alla-morte-di-un-papa-tutte-le-fasi-dal-decesso-allelezione-del-successore\/#breadcrumb","itemListElement":[{"@type":"ListItem","position":1,"name":"Homepage","item":"https:\/\/blog.holyart.it\/it\/"},{"@type":"ListItem","position":2,"name":"Religione","item":"https:\/\/blog.holyart.it\/it\/articoli-religiosi\/"},{"@type":"ListItem","position":3,"name":"Cosa succede alla morte di un Papa: tutte le fasi dal decesso all&#8217;elezione del successore"}]},{"@type":"WebSite","@id":"https:\/\/blog.holyart.it\/it\/#website","url":"https:\/\/blog.holyart.it\/it\/","name":"Holyblog","description":"Il Blog di Holyart.it","publisher":{"@id":"https:\/\/blog.holyart.it\/it\/#organization"},"potentialAction":[{"@type":"SearchAction","target":{"@type":"EntryPoint","urlTemplate":"https:\/\/blog.holyart.it\/it\/?s={search_term_string}"},"query-input":{"@type":"PropertyValueSpecification","valueRequired":true,"valueName":"search_term_string"}}],"inLanguage":"it-IT"},{"@type":"Organization","@id":"https:\/\/blog.holyart.it\/it\/#organization","name":"Holyblog","url":"https:\/\/blog.holyart.it\/it\/","logo":{"@type":"ImageObject","inLanguage":"it-IT","@id":"https:\/\/blog.holyart.it\/it\/#\/schema\/logo\/image\/","url":"https:\/\/blog.holyart.it\/it\/wp-content\/uploads\/sites\/17\/2022\/12\/Holyart_Blog_Logo.jpg","contentUrl":"https:\/\/blog.holyart.it\/it\/wp-content\/uploads\/sites\/17\/2022\/12\/Holyart_Blog_Logo.jpg","width":300,"height":50,"caption":"Holyblog"},"image":{"@id":"https:\/\/blog.holyart.it\/it\/#\/schema\/logo\/image\/"}},{"@type":"Person","@id":"https:\/\/blog.holyart.it\/it\/#\/schema\/person\/0a7b686e5af0f856ec1e390dd0baecda","name":"Redazione"}]}},"_links":{"self":[{"href":"https:\/\/blog.holyart.it\/it\/wp-json\/wp\/v2\/posts\/21802","targetHints":{"allow":["GET"]}}],"collection":[{"href":"https:\/\/blog.holyart.it\/it\/wp-json\/wp\/v2\/posts"}],"about":[{"href":"https:\/\/blog.holyart.it\/it\/wp-json\/wp\/v2\/types\/post"}],"author":[{"embeddable":true,"href":"https:\/\/blog.holyart.it\/it\/wp-json\/wp\/v2\/users\/1"}],"replies":[{"embeddable":true,"href":"https:\/\/blog.holyart.it\/it\/wp-json\/wp\/v2\/comments?post=21802"}],"version-history":[{"count":10,"href":"https:\/\/blog.holyart.it\/it\/wp-json\/wp\/v2\/posts\/21802\/revisions"}],"predecessor-version":[{"id":22505,"href":"https:\/\/blog.holyart.it\/it\/wp-json\/wp\/v2\/posts\/21802\/revisions\/22505"}],"wp:featuredmedia":[{"embeddable":true,"href":"https:\/\/blog.holyart.it\/it\/wp-json\/wp\/v2\/media\/21817"}],"wp:attachment":[{"href":"https:\/\/blog.holyart.it\/it\/wp-json\/wp\/v2\/media?parent=21802"}],"wp:term":[{"taxonomy":"category","embeddable":true,"href":"https:\/\/blog.holyart.it\/it\/wp-json\/wp\/v2\/categories?post=21802"},{"taxonomy":"post_tag","embeddable":true,"href":"https:\/\/blog.holyart.it\/it\/wp-json\/wp\/v2\/tags?post=21802"}],"curies":[{"name":"wp","href":"https:\/\/api.w.org\/{rel}","templated":true}]}}