{"id":21694,"date":"2025-05-07T10:00:23","date_gmt":"2025-05-07T08:00:23","guid":{"rendered":"https:\/\/blog.holyart.it\/it\/?p=21694"},"modified":"2025-04-15T10:14:43","modified_gmt":"2025-04-15T08:14:43","slug":"giacinta-marto-la-santa-bambina-di-fatima","status":"publish","type":"post","link":"https:\/\/blog.holyart.it\/it\/santi-e-beati\/giacinta-marto-la-santa-bambina-di-fatima\/","title":{"rendered":"Giacinta Marto: la santa bambina di Fatima"},"content":{"rendered":"<h4>Giacinta Marto: fede, apparizioni, miracoli e il messaggio che ancora oggi commuove il mondo. Lei e il fratellino Francesco sono stati i primi bambini non martiri ad essere proclamati santi nella storia della Chiesa<\/h4>\n\n<p>Aveva solo sette anni quando la sua vita cambi\u00f2 per sempre. In un piccolo villaggio portoghese sperduto tra le colline, una bambina dai grandi occhi scuri e dallo sguardo assorto inizi\u00f2 un cammino che l\u2019avrebbe portata alla santit\u00e0. Il suo nome era\u00a0<strong>Giacinta Marto<\/strong>, e la sua storia \u00e8 una delle pi\u00f9 toccanti tra quelle legate alle <strong><a href=\"https:\/\/www.holyart.it\/blog\/articoli-religiosi\/apparizioni-mariane-le-10-piu-importanti\/\">apparizioni mariane<\/a><\/strong>.<\/p>\n<div class=\"link-article\">\n<p><img loading=\"lazy\" decoding=\"async\" class=\"size-full wp-image-21696 alignleft\" src=\"https:\/\/blog.holyart.it\/it\/wp-content\/uploads\/sites\/17\/2025\/04\/apparizioni-mariane-nel-mondo.jpg\" alt=\"apparizioni mariane nel mondo\" width=\"150\" height=\"99\" data-kale-share-title=\"Giacinta Marto: la santa bambina di Fatima\" data-kale-share-url=\"https:\/\/blog.holyart.it\/it\/?p=21694\" \/><\/p>\n<div class=\"leggi-anche\">Leggi anche:<\/div>\n<p><strong><a href=\"https:\/\/www.holyart.it\/blog\/articoli-religiosi\/apparizioni-mariane-le-10-piu-importanti\/\">Apparizioni Mariane nel mondo: le 10 pi\u00f9 importanti<\/a><\/strong><br \/>\nI tanti nomi con cui i cristiani si rivolgono alla Madonna derivano in buona parte anche dalle molte apparizioni mariane nel mondo&#8230;<\/p>\n<\/div>\n<p>Nel corso della storia, la Madonna ha spesso scelto di manifestarsi a\u00a0<strong>cuori puri e semplici<\/strong>, affidando spesso proprio a ragazzi e bambini i messaggi pi\u00f9 profondi e urgenti per l\u2019umanit\u00e0. Era accaduto pochi decenni prima a Lourdes, dove la giovane\u00a0<a href=\"https:\/\/www.holyart.it\/blog\/santi-e-beati\/i-miracoli-della-madonna-di-lourdes-dalla-sua-prima-apparizione\/\"><strong>Bernadette Soubirous<\/strong><\/a>, povera e analfabeta, ricevette la visita della\u00a0<em>\u201cbella Signora vestita di bianco\u201d<\/em>\u00a0nella grotta di Massabielle. O a Juan Diego Cuauhtlatoatzin, uno dei primi aztechi convertiti al Cristianesimo, uomo adulto, ma semplice e umile, che vide la\u00a0<a href=\"https:\/\/www.holyart.it\/blog\/santi-e-beati\/le-apparizioni-della-madonna-guadalupe\/\"><strong>Virgen Morenita<\/strong><\/a>,\u00a0<strong>Madonna di Guadalupe<\/strong>. E cos\u00ec in altri luoghi del mondo, come a La Salette, a\u00a0<strong><a href=\"https:\/\/www.holyart.it\/blog\/santi-e-beati\/i-messaggi-della-madonna-di-medjugorje-40-anniversario\/\">Medjugorje<\/a><\/strong>, o nei racconti meno noti di giovani veggenti.<\/p>\n<div class=\"link-article\">\n<p><img loading=\"lazy\" decoding=\"async\" class=\"size-full wp-image-21697 alignleft\" src=\"https:\/\/blog.holyart.it\/it\/wp-content\/uploads\/sites\/17\/2025\/04\/madonna-di-Lourdes.jpeg\" alt=\"madonna di lourdes\" width=\"150\" height=\"99\" data-kale-share-title=\"Giacinta Marto: la santa bambina di Fatima\" data-kale-share-url=\"https:\/\/blog.holyart.it\/it\/?p=21694\" \/><\/p>\n<div class=\"leggi-anche\">Leggi anche:<\/div>\n<p><strong><a href=\"https:\/\/www.holyart.it\/blog\/santi-e-beati\/i-miracoli-della-madonna-di-lourdes-dalla-sua-prima-apparizione\/\">I miracoli della Madonna di Lourdes dalla sua prima apparizione<\/a><\/strong><br \/>\nLa Chiesa ha riconosciuto come miracoli della Madonna di Lourdes&#8230;<\/p>\n<\/div>\n<p>Perch\u00e9 proprio i bambini? Perch\u00e9 nei loro occhi la fede non conosce calcolo, il cuore non ha ancora le difese dell\u2019adulto, e l\u2019anima \u00e8 spalancata alla meraviglia del cielo. Giacinta era tutto questo. E molto di pi\u00f9. Lei era sicuramente la pi\u00f9 vivace dei tre pastorelli di Fatima. Era allegra, piena di energia, talvolta testarda e capricciosa, ma anche affettuosa e sensibile. Il suo carattere spontaneo, capace di passare dal gioco alle lacrime nel giro di pochi istanti, la rendeva una bambina concreta, autentica, vicina al cuore di molti.<\/p>\n<p>Eppure, qualcosa in lei cambi\u00f2 radicalmente dopo l\u2019incontro con la Madonna. Da quel momento, quella stessa bambina che correva nei campi si fece improvvisamente seria, assorta, come se portasse dentro di s\u00e9 un segreto troppo grande per la sua giovane et\u00e0.<br \/>\nIl sorriso restava sulle labbra, ma dietro brillava una consapevolezza nuova, una profonda\u00a0<strong>sete di Dio<\/strong>\u00a0e un amore ardente per la salvezza delle anime.<br \/>\n<em>\u00abSoffro per amore di Ges\u00f9 e per i peccatori\u00bb<\/em>, diceva con una maturit\u00e0 disarmante. Ogni gesto, ogni sofferenza, ogni preghiera veniva da lei offerta per un fine pi\u00f9 grande. Nella sua semplicit\u00e0, Giacinta visse con eroismo il\u00a0<strong><a href=\"https:\/\/www.holyart.it\/blog\/occasioni-speciali\/madonna-di-fatima-penitenza-e-preghiera-sono-la-salvezza\/\">messaggio di Fatima<\/a><\/strong>, divenendo una piccola missionaria dal cuore infiammato di carit\u00e0. Il messaggio che la Madonna affid\u00f2 ai tre pastorelli di Fatima non era soltanto una visione straordinaria: era un\u00a0<strong>grido dal cielo<\/strong>, un invito accorato alla conversione.\u00a0<strong>Preghiera e penitenza<\/strong>\u00a0non come parole astratte, ma come strumenti vivi, quotidiani, per salvare le anime e portare pace nel mondo. Il\u00a0<strong>Rosario<\/strong>\u00a0recitato con fede, il<strong>\u00a0sacrificio<\/strong>\u00a0silenzioso offerto con amore, la consacrazione al\u00a0<a href=\"https:\/\/www.holyart.it\/blog\/santi-e-beati\/cuore-immacolato-maria\/\"><strong>Cuore Immacolato di Maria<\/strong><\/a>: tutto questo divenne per Giacinta una missione ardente, un fuoco che la consumava dolcemente. Era una chiamata alla responsabilit\u00e0, anche per i pi\u00f9 piccoli. Perch\u00e9, come disse la Vergine ai tre bambini,<em>\u00a0\u201cmolte anime vanno all\u2019inferno perch\u00e9 non c\u2019\u00e8 nessuno che preghi e si sacrifichi per loro\u201d<\/em>. A Fatima, il cielo si \u00e8 chinato sulla terra per ricordarci che la salvezza comincia nei cuori. E che anche una bambina pu\u00f2 farsi voce di Dio.<\/p>\n<div class=\"link-article\">\n<p><img loading=\"lazy\" decoding=\"async\" class=\"size-full wp-image-21698 alignleft\" src=\"https:\/\/blog.holyart.it\/it\/wp-content\/uploads\/sites\/17\/2025\/04\/statue-pastorelli.jpg\" alt=\"statue pastorelli\" width=\"150\" height=\"99\" data-kale-share-title=\"Giacinta Marto: la santa bambina di Fatima\" data-kale-share-url=\"https:\/\/blog.holyart.it\/it\/?p=21694\" \/><\/p>\n<div class=\"leggi-anche\">Leggi anche:<\/div>\n<p><strong><a href=\"https:\/\/www.holyart.it\/blog\/occasioni-speciali\/madonna-di-fatima-penitenza-e-preghiera-sono-la-salvezza\/\">Madonna di Fatima: penitenza e preghiera sono la salvezza<\/a><\/strong><br \/>\nIl 13 Maggio si festeggia la Madonna di Fatima. Il suo invito alla penitenza e alla preghiera come strumenti di salvezza oggi&#8230;<\/p>\n<\/div>\n<h2>Chi erano Francesco e Giacinta Marto<\/h2>\n<p><a href=\"https:\/\/www.holyart.it\/it\/articoli-religiosi\/rosari-e-portarosari\/rosari-e-corone-devozionali\/rosario-ss.-francisco-giacinta-grani-legno-verde-chiaro-6-mm-collezione-corone-fede-20-47\"><strong>Francesco e Giacinta Marto<\/strong><\/a> erano due fratelli, cugini di Lucia dos Santos. Insieme a lei formavano il trio dei pastorelli di Fatima. Giacinta, nata l&#8217;11 marzo 1910 ad Aljustrel, un piccolo villaggio vicino Fatima, era la pi\u00f9 giovane dei tre veggenti. Francesco, suo fratello maggiore, era nato l&#8217;11 giugno 1908. Entrambi provenivano da una famiglia umile e profondamente religiosa.\u00a0I due bambini trascorrevano le giornate pascolando le pecore nella Cova da Iria, una conca nei pressi di Fatima. La loro era una vita semplice, fatta di lavoro nei campi e preghiera quotidiana. Giacinta era vivace, sensibile, con uno sguardo che sembrava guardare oltre il visibile. Francesco, invece, era silenzioso, contemplativo, incline alla riflessione.<\/p>\n<div class=\"link-product\">\n<div class=\"blocco-immagine\"><img loading=\"lazy\" decoding=\"async\" class=\"size-full wp-image-21699 alignleft\" src=\"https:\/\/blog.holyart.it\/it\/wp-content\/uploads\/sites\/17\/2025\/04\/rosario-ss.-francisco-giacinta-grani-legno-verde-chiaro-6-mm-collezione-corone-fede-20-47.jpg\" alt=\"rosario ss. francisco giacinta grani legno verde chiaro 6 mm collezione corone fede 20-47\" width=\"100\" height=\"100\" data-kale-share-title=\"Giacinta Marto: la santa bambina di Fatima\" data-kale-share-url=\"https:\/\/blog.holyart.it\/it\/?p=21694\" \/><\/div>\n<div class=\"blocco-contenuto\">\n<div class=\"blocco-acquista\">Acquista su Holyart:<\/div>\n<div class=\"blocco-titolo\"><a href=\"https:\/\/www.holyart.it\/it\/articoli-religiosi\/rosari-e-portarosari\/rosari-e-corone-devozionali\/rosario-ss.-francisco-giacinta-grani-legno-verde-chiaro-6-mm-collezione-corone-fede-20-47\">Rosario SS. Francisco Giacinta grani legno verde chiaro 6 mm &#8211; Collezione Corone Fede 20\/47<\/a><\/div>\n<div class=\"blocco-descrizione\">Rosario dei Santi Francisco e Giacinta realizzato con grani in legno in colore verde chiaro.<\/div>\n<\/div>\n<\/div>\n<p>La loro esistenza cambi\u00f2 radicalmente il\u00a0<strong>13 maggio 1917<\/strong>, quando insieme a Lucia affermarono di aver visto la Madonna. Fu la prima di sei apparizioni. La Madonna apparve ai tre pastorelli ogni mese dal 13 maggio al 13 ottobre, con un&#8217;unica eccezione. L&#8217;apparizione di agosto non avvenne il giorno 13 come previsto, poich\u00e9 i bambini erano stati arrestati dalle autorit\u00e0 locali per impedirne la partecipazione. Tuttavia, la Madonna apparve loro il 19 agosto a Valinhos, ribadendo l&#8217;importanza della preghiera e del sacrificio.<br \/>\nDa quel momento, i tre bambini si dedicarono con fervore alla preghiera e all\u2019offerta di sacrifici, come aveva chiesto loro la<strong><em>\u00a0\u201cSignora pi\u00f9 luminosa del sole\u201d<\/em><\/strong>. Giacinta rimase profondamente colpita dalla\u00a0<strong>visione dell\u2019inferno<\/strong>, tanto da maturare, pur nella sua tenerissima et\u00e0, un autentico\u00a0<strong>zelo per la salvezza delle anime<\/strong>.<\/p>\n<p>Durante le apparizioni, <a href=\"http:\/\/holyart.it\/it\/articoli-religiosi\/statue\/statue-in-resina-e-pvc\/i-tre-pastorelli-con-madonna-di-fatima-statua-resina-colorata-25-cm\"><strong>la Madonna consegn\u00f2 ai tre pastorelli un messaggio<\/strong><\/a> forte e chiaro:\u00a0<strong>preghiera, penitenza e conversione<\/strong>. Non si trattava solo di visioni mistiche, ma di una chiamata radicale al cuore dell\u2019umanit\u00e0.\u00a0Giacinta prese questo messaggio pi\u00f9 seriamente di chiunque altro. Ogni piccolo dolore, ogni sacrificio quotidiano, lo offriva con amore, senza lamenti. La sua era una spiritualit\u00e0 concreta, vissuta nel corpo e nel cuore.<\/p>\n<div class=\"link-product\">\n<div class=\"blocco-immagine\"><img loading=\"lazy\" decoding=\"async\" class=\"size-full wp-image-21700 alignleft\" src=\"https:\/\/blog.holyart.it\/it\/wp-content\/uploads\/sites\/17\/2025\/04\/i-tre-pastorelli-con-madonna-di-fatima-statua-resina-colorata-25-cm.jpg\" alt=\"i tre pastorelli con madonna di fatima statua resina colorata 25 cm\" width=\"100\" height=\"100\" data-kale-share-title=\"Giacinta Marto: la santa bambina di Fatima\" data-kale-share-url=\"https:\/\/blog.holyart.it\/it\/?p=21694\" \/><\/div>\n<div class=\"blocco-contenuto\">\n<div class=\"blocco-acquista\">Acquista su Holyart:<\/div>\n<div class=\"blocco-titolo\"><a href=\"https:\/\/www.holyart.it\/it\/articoli-religiosi\/statue\/statue-in-resina-e-pvc\/i-tre-pastorelli-con-madonna-di-fatima-statua-resina-colorata-25-cm\">I Tre Pastorelli con Madonna di Fatima statua resina colorata 25 cm<\/a><\/div>\n<div class=\"blocco-descrizione\">Statua dei tre pastorelli di Fatima, raffiguranti in preghiera davanti alla Madonna di Fatima.<\/div>\n<\/div>\n<\/div>\n<p>Entrambi i fratellini furono colpiti dall\u2019<strong>influenza spagnola.<\/strong>\u00a0Francesco mor\u00ec il 4 aprile 1919, mentre Giacinta sopravvisse ancora per alcuni mesi. Fu trasferita a Lisbona, lontano dalla famiglia, dove mor\u00ec il 20 febbraio 1920. Le apparizioni della Madonna continuarono a consolarla anche negli ultimi istanti della sua breve vita.<\/p>\n<p>Oggi, migliaia di pellegrini si recano al Santuario di Fatima, dove Giacinta riposa accanto al fratellino Francesco. Ma la sua luce si \u00e8 ormai sparsa nel mondo. Giacinta ci insegna che la vera forza non si misura con l\u2019et\u00e0, e che la santit\u00e0 \u00e8 possibile per chiunque viva con amore profondo e fiducia senza riserve. Anche \u2014 e forse soprattutto \u2014 quando si \u00e8 piccoli, nascosti, fragili.<\/p>\n<h2>I miracoli di Giacinta Marto<\/h2>\n<p>Il cammino verso la\u00a0<a href=\"https:\/\/www.holyart.it\/blog\/articoli-religiosi\/come-si-fa-a-diventare-santi-spieghiamo-il-processo-di-santificazione\/\"><strong>canonizzazione<\/strong><\/a>\u00a0di Giacinta e Francesco Marto fu segnato da eventi straordinari, che la Chiesa ha riconosciuto come interventi celesti. Il miracolo che apr\u00ec la via alla beatificazione di Giacinta fu la guarigione improvvisa di una donna brasiliana, affetta da paraplegia da oltre vent&#8217;anni. La diagnosi parlava di mielite trasversa, una condizione irreversibile. Eppure, dopo aver pregato la piccola veggente di Fatima, la donna si alz\u00f2 in piedi. Non ci furono spiegazioni mediche, solo lo stupore e la gratitudine per una grazia che portava il nome di una bambina che aveva offerto tutto per gli altri.<\/p>\n<div class=\"link-article\">\n<p><img loading=\"lazy\" decoding=\"async\" class=\"size-full wp-image-21701 alignleft\" src=\"https:\/\/blog.holyart.it\/it\/wp-content\/uploads\/sites\/17\/2025\/04\/processo-di-santificazione-2.jpg\" alt=\"processo di santificazione\" width=\"150\" height=\"99\" data-kale-share-title=\"Giacinta Marto: la santa bambina di Fatima\" data-kale-share-url=\"https:\/\/blog.holyart.it\/it\/?p=21694\" \/><\/p>\n<div class=\"leggi-anche\">Leggi anche:<\/div>\n<p><strong><a href=\"https:\/\/www.holyart.it\/blog\/articoli-religiosi\/come-si-fa-a-diventare-santi-spieghiamo-il-processo-di-santificazione\/\">Come si fa a diventare santi? Spieghiamo il processo di santificazione<\/a><\/strong><br \/>\nIl processo di Santificazione \u00e8 composto da diverse fasi e si articola in un&#8230;<\/p>\n<\/div>\n<p>Anni dopo, fu ancora il Brasile \u2014 terra di fede semplice e profonda \u2014 a diventare teatro di un nuovo segno. Un bambino con una grave lesione cerebrale guar\u00ec in modo inspiegabile. I genitori, devoti ai due pastorelli, avevano chiesto con fiducia la loro intercessione. La guarigione fu completa, rapida, e lasci\u00f2 sbalorditi i medici. Quel miracolo, riconosciuto ufficialmente, divenne il segno decisivo che avrebbe condotto\u00a0<strong>Papa Francesco<\/strong>\u00a0a\u00a0<strong>canonizzare Francesco e Giacinta il 13 maggio 2017<\/strong>, nel centenario delle apparizioni, dopo che\u00a0<strong>Papa Giovanni Paolo II<\/strong>\u00a0li aveva proclamati beati nel 2000.<\/p>\n<p>Ma forse il miracolo pi\u00f9 grande \u00e8 quello che continua a vivere nel cuore dei fedeli. Giacinta, prima di morire, lasci\u00f2 a Lucia un ultimo messaggio, semplice e potentissimo:\u00a0<em>\u201cLa Madonna ci \u00e8 venuta a trovare, e ha detto che molto presto viene a prendere Francesco per portarlo in cielo. E a me ha chiesto se volevo convertire ancora altri peccatori. Le ho detto di s\u00ec.\u201d<\/em><br \/>\nAveva compreso \u2014 con la lucidit\u00e0 misteriosa che solo i bambini possiedono \u2014 che la preghiera pu\u00f2 cambiare il destino del mondo. E che nel Cuore di Maria c\u2019\u00e8 ancora una speranza per tutti noi.<\/p>\n<p>Santa Giacinta Marto occupa un posto speciale nel cuore della Chiesa: \u00e8<strong>\u00a0<a href=\"https:\/\/www.holyart.it\/it\/articoli-religiosi\/statue\/statue-in-polvere-di-marmo-di-carrara\/pastorella-giacinta-22-cm-marmo-bianco\">tra i pi\u00f9 giovani santi non martiri mai canonizzati<\/a><\/strong>. Accanto a lei, nella luminosa schiera dei piccoli che hanno raggiunto la santit\u00e0 nella semplicit\u00e0 della vita quotidiana, ci sono il fratellino Francesco, silenzioso e contemplativo, ma anche figure pi\u00f9 vicine ai nostri tempi, come la Beata Chiara Badano, ragazza forte nella malattia e luminosa nella fede;\u00a0<strong><a href=\"https:\/\/www.holyart.it\/blog\/santi-e-beati\/san-domenico-savio-lallievo-di-don-bosco\/\">San Domenico Savio<\/a><\/strong>, l\u2019allievo prediletto di Don Bosco, il cui desiderio pi\u00f9 grande era\u00a0<em>\u201cdiventare santo\u201d<\/em>; e il <strong><a href=\"https:\/\/www.holyart.it\/blog\/articoli-religiosi\/carlo-acutis-il-beato-dellera-digitale\/\">Carlo Acutis<\/a><\/strong>, giovane testimone della fede nell\u2019era digitale, che definiva l\u2019Eucaristia<em>\u00a0\u201cla mia autostrada per il Cielo\u201d<\/em>.<br \/>\nTutti diversi, tutti bambini o adolescenti, eppure uniti da una fiamma comune: quella dell\u2019amore per Dio vissuto con radicalit\u00e0, purezza e dedizione. Giacinta ne \u00e8 l\u2019emblema dolce e forte, la voce infantile che sussurra ancora oggi che la santit\u00e0 non \u00e8 un traguardo lontano, ma una possibilit\u00e0 reale, anche tra le mani di chi ha appena imparato a scrivere il proprio nome.<\/p>\n<div class=\"link-product\">\n<div class=\"blocco-immagine\"><img loading=\"lazy\" decoding=\"async\" class=\"size-full wp-image-21702 alignleft\" src=\"https:\/\/blog.holyart.it\/it\/wp-content\/uploads\/sites\/17\/2025\/04\/pastorella-giacinta-22-cm-marmo-bianco.jpg\" alt=\"pastorella giacinta 22 cm marmo bianco\" width=\"100\" height=\"100\" data-kale-share-title=\"Giacinta Marto: la santa bambina di Fatima\" data-kale-share-url=\"https:\/\/blog.holyart.it\/it\/?p=21694\" \/><\/div>\n<div class=\"blocco-contenuto\">\n<div class=\"blocco-acquista\">Acquista su Holyart:<\/div>\n<div class=\"blocco-titolo\"><a href=\"https:\/\/www.holyart.it\/it\/articoli-religiosi\/statue\/statue-in-polvere-di-marmo-di-carrara\/pastorella-giacinta-22-cm-marmo-bianco\">Pastorella Giacinta 22 cm marmo bianco<\/a><\/div>\n<div class=\"blocco-descrizione\">Il viso, i capelli, le vesti e ogni dettaglio di questa statua sono curati in ogni particolare.<\/div>\n<\/div>\n<\/div>\n<h2>Preghiera a Giacinta Marto<\/h2>\n<p><em>Nostra Signora di Fatima, Tu che hai scelto Francesco e Giacinta,<\/em><br \/>\n<em>due poveri e semplici pastorelli, per annunciare al mondo<\/em><br \/>\n<em>i desideri del tuo Cuore Immacolato, aiutaci ad accogliere il tuo messaggio<\/em><br \/>\n<em>di conversione, perch\u00e9 liberati dal peccato possiamo vivere una vita nuova.<\/em><\/p>\n<p><em>Santi Francesco e Giacinta,<\/em><br \/>\n<em>voi che foste capaci di una preghiera intensa,<\/em><br \/>\n<em>fate che il momento della preghiera quotidiana<\/em><br \/>\n<em>diventi per noi il cuore di ogni nostra giornata.<\/em><br \/>\n<em>Voi che, seppur bambini, foste capaci di offrire grandi sacrifici in dono<\/em><br \/>\n<em>alla Vergine Maria per la salvezza dei peccatori,<\/em><br \/>\n<em>aiutateci a non sprecare le piccole croci quotidiane,<\/em><br \/>\n<em>ma a renderle offerta preziosa e gradita a Dio per la salvezza del mondo.<\/em><\/p>\n<p><em>Nostra Signora di Fatima, per intercessione dei Santi Pastorelli<\/em><br \/>\n<em>Francesco e Giacinta, veglia su tutti i bambini del mondo,<\/em><br \/>\n<em>soprattutto quelli pi\u00f9 poveri e abbandonati.<\/em><br \/>\n<em>Fa\u2019 che anche loro possano trovare,<\/em><br \/>\n<em>nel tuo Cuore Immacolato e materno, rifugio e protezione.<\/em><\/p>\n<p><em>Santi Francesco e Giacinta,<\/em><br \/>\n<em>Pastorelli di Fatima, pregate per noi!<\/em><\/p>\n","protected":false},"excerpt":{"rendered":"<p>Giacinta Marto: fede, apparizioni, miracoli e il messaggio che ancora oggi commuove il mondo. Lei e il fratellino Francesco sono stati i primi bambini non martiri ad essere proclamati santi nella storia della Chiesa Aveva solo sette anni quando la sua vita cambi\u00f2 per sempre.&hellip;<\/p>\n","protected":false},"author":1,"featured_media":21705,"comment_status":"closed","ping_status":"open","sticky":false,"template":"","format":"standard","meta":{"_acf_changed":false,"footnotes":""},"categories":[15],"tags":[],"class_list":["post-21694","post","type-post","status-publish","format-standard","has-post-thumbnail","hentry","category-santi-e-beati"],"acf":[],"yoast_head":"<!-- This site is optimized with the Yoast SEO plugin v26.6 - https:\/\/yoast.com\/wordpress\/plugins\/seo\/ -->\n<title>Giacinta Marto: la santa bambina di Fatima - Holyblog<\/title>\n<meta name=\"description\" content=\"Giacinta Marto: lei e il fratellino Francesco sono stati i primi bambini non martiri ad essere proclamati santi nella storia della Chiesa.\" \/>\n<meta name=\"robots\" content=\"index, follow, max-snippet:-1, max-image-preview:large, max-video-preview:-1\" \/>\n<link rel=\"canonical\" href=\"https:\/\/blog.holyart.it\/it\/santi-e-beati\/giacinta-marto-la-santa-bambina-di-fatima\/\" \/>\n<meta property=\"og:locale\" content=\"it_IT\" \/>\n<meta property=\"og:type\" content=\"article\" \/>\n<meta property=\"og:title\" content=\"Giacinta Marto: la santa bambina di Fatima - Holyblog\" \/>\n<meta property=\"og:description\" content=\"Giacinta Marto: lei e il fratellino Francesco sono stati i primi bambini non martiri ad essere proclamati santi nella storia della Chiesa.\" \/>\n<meta property=\"og:url\" content=\"https:\/\/blog.holyart.it\/it\/santi-e-beati\/giacinta-marto-la-santa-bambina-di-fatima\/\" \/>\n<meta property=\"og:site_name\" content=\"Holyblog\" \/>\n<meta property=\"article:published_time\" content=\"2025-05-07T08:00:23+00:00\" \/>\n<meta property=\"og:image\" content=\"https:\/\/blog.holyart.it\/it\/wp-content\/uploads\/sites\/17\/2025\/04\/giacinta-marto-madonna-di-fatima.jpg\" \/>\n\t<meta property=\"og:image:width\" content=\"1000\" \/>\n\t<meta property=\"og:image:height\" content=\"666\" \/>\n\t<meta property=\"og:image:type\" content=\"image\/jpeg\" \/>\n<meta name=\"author\" content=\"Redazione\" \/>\n<meta name=\"twitter:card\" content=\"summary_large_image\" \/>\n<meta name=\"twitter:label1\" content=\"Scritto da\" \/>\n\t<meta name=\"twitter:data1\" content=\"Redazione\" \/>\n\t<meta name=\"twitter:label2\" content=\"Tempo di lettura stimato\" \/>\n\t<meta name=\"twitter:data2\" content=\"12 minuti\" \/>\n<script type=\"application\/ld+json\" class=\"yoast-schema-graph\">{\"@context\":\"https:\/\/schema.org\",\"@graph\":[{\"@type\":\"Article\",\"@id\":\"https:\/\/blog.holyart.it\/it\/santi-e-beati\/giacinta-marto-la-santa-bambina-di-fatima\/#article\",\"isPartOf\":{\"@id\":\"https:\/\/blog.holyart.it\/it\/santi-e-beati\/giacinta-marto-la-santa-bambina-di-fatima\/\"},\"author\":{\"name\":\"Redazione\",\"@id\":\"https:\/\/blog.holyart.it\/it\/#\/schema\/person\/0a7b686e5af0f856ec1e390dd0baecda\"},\"headline\":\"Giacinta Marto: la santa bambina di Fatima\",\"datePublished\":\"2025-05-07T08:00:23+00:00\",\"mainEntityOfPage\":{\"@id\":\"https:\/\/blog.holyart.it\/it\/santi-e-beati\/giacinta-marto-la-santa-bambina-di-fatima\/\"},\"wordCount\":1791,\"publisher\":{\"@id\":\"https:\/\/blog.holyart.it\/it\/#organization\"},\"image\":{\"@id\":\"https:\/\/blog.holyart.it\/it\/santi-e-beati\/giacinta-marto-la-santa-bambina-di-fatima\/#primaryimage\"},\"thumbnailUrl\":\"https:\/\/blog.holyart.it\/it\/wp-content\/uploads\/sites\/17\/2025\/04\/giacinta-marto-madonna-di-fatima.jpg\",\"articleSection\":[\"Santi e beati\"],\"inLanguage\":\"it-IT\"},{\"@type\":\"WebPage\",\"@id\":\"https:\/\/blog.holyart.it\/it\/santi-e-beati\/giacinta-marto-la-santa-bambina-di-fatima\/\",\"url\":\"https:\/\/blog.holyart.it\/it\/santi-e-beati\/giacinta-marto-la-santa-bambina-di-fatima\/\",\"name\":\"Giacinta Marto: la santa bambina di Fatima - Holyblog\",\"isPartOf\":{\"@id\":\"https:\/\/blog.holyart.it\/it\/#website\"},\"primaryImageOfPage\":{\"@id\":\"https:\/\/blog.holyart.it\/it\/santi-e-beati\/giacinta-marto-la-santa-bambina-di-fatima\/#primaryimage\"},\"image\":{\"@id\":\"https:\/\/blog.holyart.it\/it\/santi-e-beati\/giacinta-marto-la-santa-bambina-di-fatima\/#primaryimage\"},\"thumbnailUrl\":\"https:\/\/blog.holyart.it\/it\/wp-content\/uploads\/sites\/17\/2025\/04\/giacinta-marto-madonna-di-fatima.jpg\",\"datePublished\":\"2025-05-07T08:00:23+00:00\",\"description\":\"Giacinta Marto: lei e il fratellino Francesco sono stati i primi bambini non martiri ad essere proclamati santi nella storia della Chiesa.\",\"breadcrumb\":{\"@id\":\"https:\/\/blog.holyart.it\/it\/santi-e-beati\/giacinta-marto-la-santa-bambina-di-fatima\/#breadcrumb\"},\"inLanguage\":\"it-IT\",\"potentialAction\":[{\"@type\":\"ReadAction\",\"target\":[\"https:\/\/blog.holyart.it\/it\/santi-e-beati\/giacinta-marto-la-santa-bambina-di-fatima\/\"]}]},{\"@type\":\"ImageObject\",\"inLanguage\":\"it-IT\",\"@id\":\"https:\/\/blog.holyart.it\/it\/santi-e-beati\/giacinta-marto-la-santa-bambina-di-fatima\/#primaryimage\",\"url\":\"https:\/\/blog.holyart.it\/it\/wp-content\/uploads\/sites\/17\/2025\/04\/giacinta-marto-madonna-di-fatima.jpg\",\"contentUrl\":\"https:\/\/blog.holyart.it\/it\/wp-content\/uploads\/sites\/17\/2025\/04\/giacinta-marto-madonna-di-fatima.jpg\",\"width\":1000,\"height\":666,\"caption\":\"giacinta marto madonna di fatima\"},{\"@type\":\"BreadcrumbList\",\"@id\":\"https:\/\/blog.holyart.it\/it\/santi-e-beati\/giacinta-marto-la-santa-bambina-di-fatima\/#breadcrumb\",\"itemListElement\":[{\"@type\":\"ListItem\",\"position\":1,\"name\":\"Homepage\",\"item\":\"https:\/\/blog.holyart.it\/it\/\"},{\"@type\":\"ListItem\",\"position\":2,\"name\":\"Santi e beati\",\"item\":\"https:\/\/blog.holyart.it\/it\/santi-e-beati\/\"},{\"@type\":\"ListItem\",\"position\":3,\"name\":\"Giacinta Marto: la santa bambina di Fatima\"}]},{\"@type\":\"WebSite\",\"@id\":\"https:\/\/blog.holyart.it\/it\/#website\",\"url\":\"https:\/\/blog.holyart.it\/it\/\",\"name\":\"Holyblog\",\"description\":\"Il Blog di Holyart.it\",\"publisher\":{\"@id\":\"https:\/\/blog.holyart.it\/it\/#organization\"},\"potentialAction\":[{\"@type\":\"SearchAction\",\"target\":{\"@type\":\"EntryPoint\",\"urlTemplate\":\"https:\/\/blog.holyart.it\/it\/?s={search_term_string}\"},\"query-input\":{\"@type\":\"PropertyValueSpecification\",\"valueRequired\":true,\"valueName\":\"search_term_string\"}}],\"inLanguage\":\"it-IT\"},{\"@type\":\"Organization\",\"@id\":\"https:\/\/blog.holyart.it\/it\/#organization\",\"name\":\"Holyblog\",\"url\":\"https:\/\/blog.holyart.it\/it\/\",\"logo\":{\"@type\":\"ImageObject\",\"inLanguage\":\"it-IT\",\"@id\":\"https:\/\/blog.holyart.it\/it\/#\/schema\/logo\/image\/\",\"url\":\"https:\/\/blog.holyart.it\/it\/wp-content\/uploads\/sites\/17\/2022\/12\/Holyart_Blog_Logo.jpg\",\"contentUrl\":\"https:\/\/blog.holyart.it\/it\/wp-content\/uploads\/sites\/17\/2022\/12\/Holyart_Blog_Logo.jpg\",\"width\":300,\"height\":50,\"caption\":\"Holyblog\"},\"image\":{\"@id\":\"https:\/\/blog.holyart.it\/it\/#\/schema\/logo\/image\/\"}},{\"@type\":\"Person\",\"@id\":\"https:\/\/blog.holyart.it\/it\/#\/schema\/person\/0a7b686e5af0f856ec1e390dd0baecda\",\"name\":\"Redazione\"}]}<\/script>\n<!-- \/ Yoast SEO plugin. -->","yoast_head_json":{"title":"Giacinta Marto: la santa bambina di Fatima - Holyblog","description":"Giacinta Marto: lei e il fratellino Francesco sono stati i primi bambini non martiri ad essere proclamati santi nella storia della Chiesa.","robots":{"index":"index","follow":"follow","max-snippet":"max-snippet:-1","max-image-preview":"max-image-preview:large","max-video-preview":"max-video-preview:-1"},"canonical":"https:\/\/blog.holyart.it\/it\/santi-e-beati\/giacinta-marto-la-santa-bambina-di-fatima\/","og_locale":"it_IT","og_type":"article","og_title":"Giacinta Marto: la santa bambina di Fatima - Holyblog","og_description":"Giacinta Marto: lei e il fratellino Francesco sono stati i primi bambini non martiri ad essere proclamati santi nella storia della Chiesa.","og_url":"https:\/\/blog.holyart.it\/it\/santi-e-beati\/giacinta-marto-la-santa-bambina-di-fatima\/","og_site_name":"Holyblog","article_published_time":"2025-05-07T08:00:23+00:00","og_image":[{"width":1000,"height":666,"url":"https:\/\/blog.holyart.it\/it\/wp-content\/uploads\/sites\/17\/2025\/04\/giacinta-marto-madonna-di-fatima.jpg","type":"image\/jpeg"}],"author":"Redazione","twitter_card":"summary_large_image","twitter_misc":{"Scritto da":"Redazione","Tempo di lettura stimato":"12 minuti"},"schema":{"@context":"https:\/\/schema.org","@graph":[{"@type":"Article","@id":"https:\/\/blog.holyart.it\/it\/santi-e-beati\/giacinta-marto-la-santa-bambina-di-fatima\/#article","isPartOf":{"@id":"https:\/\/blog.holyart.it\/it\/santi-e-beati\/giacinta-marto-la-santa-bambina-di-fatima\/"},"author":{"name":"Redazione","@id":"https:\/\/blog.holyart.it\/it\/#\/schema\/person\/0a7b686e5af0f856ec1e390dd0baecda"},"headline":"Giacinta Marto: la santa bambina di Fatima","datePublished":"2025-05-07T08:00:23+00:00","mainEntityOfPage":{"@id":"https:\/\/blog.holyart.it\/it\/santi-e-beati\/giacinta-marto-la-santa-bambina-di-fatima\/"},"wordCount":1791,"publisher":{"@id":"https:\/\/blog.holyart.it\/it\/#organization"},"image":{"@id":"https:\/\/blog.holyart.it\/it\/santi-e-beati\/giacinta-marto-la-santa-bambina-di-fatima\/#primaryimage"},"thumbnailUrl":"https:\/\/blog.holyart.it\/it\/wp-content\/uploads\/sites\/17\/2025\/04\/giacinta-marto-madonna-di-fatima.jpg","articleSection":["Santi e beati"],"inLanguage":"it-IT"},{"@type":"WebPage","@id":"https:\/\/blog.holyart.it\/it\/santi-e-beati\/giacinta-marto-la-santa-bambina-di-fatima\/","url":"https:\/\/blog.holyart.it\/it\/santi-e-beati\/giacinta-marto-la-santa-bambina-di-fatima\/","name":"Giacinta Marto: la santa bambina di Fatima - Holyblog","isPartOf":{"@id":"https:\/\/blog.holyart.it\/it\/#website"},"primaryImageOfPage":{"@id":"https:\/\/blog.holyart.it\/it\/santi-e-beati\/giacinta-marto-la-santa-bambina-di-fatima\/#primaryimage"},"image":{"@id":"https:\/\/blog.holyart.it\/it\/santi-e-beati\/giacinta-marto-la-santa-bambina-di-fatima\/#primaryimage"},"thumbnailUrl":"https:\/\/blog.holyart.it\/it\/wp-content\/uploads\/sites\/17\/2025\/04\/giacinta-marto-madonna-di-fatima.jpg","datePublished":"2025-05-07T08:00:23+00:00","description":"Giacinta Marto: lei e il fratellino Francesco sono stati i primi bambini non martiri ad essere proclamati santi nella storia della Chiesa.","breadcrumb":{"@id":"https:\/\/blog.holyart.it\/it\/santi-e-beati\/giacinta-marto-la-santa-bambina-di-fatima\/#breadcrumb"},"inLanguage":"it-IT","potentialAction":[{"@type":"ReadAction","target":["https:\/\/blog.holyart.it\/it\/santi-e-beati\/giacinta-marto-la-santa-bambina-di-fatima\/"]}]},{"@type":"ImageObject","inLanguage":"it-IT","@id":"https:\/\/blog.holyart.it\/it\/santi-e-beati\/giacinta-marto-la-santa-bambina-di-fatima\/#primaryimage","url":"https:\/\/blog.holyart.it\/it\/wp-content\/uploads\/sites\/17\/2025\/04\/giacinta-marto-madonna-di-fatima.jpg","contentUrl":"https:\/\/blog.holyart.it\/it\/wp-content\/uploads\/sites\/17\/2025\/04\/giacinta-marto-madonna-di-fatima.jpg","width":1000,"height":666,"caption":"giacinta marto madonna di fatima"},{"@type":"BreadcrumbList","@id":"https:\/\/blog.holyart.it\/it\/santi-e-beati\/giacinta-marto-la-santa-bambina-di-fatima\/#breadcrumb","itemListElement":[{"@type":"ListItem","position":1,"name":"Homepage","item":"https:\/\/blog.holyart.it\/it\/"},{"@type":"ListItem","position":2,"name":"Santi e beati","item":"https:\/\/blog.holyart.it\/it\/santi-e-beati\/"},{"@type":"ListItem","position":3,"name":"Giacinta Marto: la santa bambina di Fatima"}]},{"@type":"WebSite","@id":"https:\/\/blog.holyart.it\/it\/#website","url":"https:\/\/blog.holyart.it\/it\/","name":"Holyblog","description":"Il Blog di Holyart.it","publisher":{"@id":"https:\/\/blog.holyart.it\/it\/#organization"},"potentialAction":[{"@type":"SearchAction","target":{"@type":"EntryPoint","urlTemplate":"https:\/\/blog.holyart.it\/it\/?s={search_term_string}"},"query-input":{"@type":"PropertyValueSpecification","valueRequired":true,"valueName":"search_term_string"}}],"inLanguage":"it-IT"},{"@type":"Organization","@id":"https:\/\/blog.holyart.it\/it\/#organization","name":"Holyblog","url":"https:\/\/blog.holyart.it\/it\/","logo":{"@type":"ImageObject","inLanguage":"it-IT","@id":"https:\/\/blog.holyart.it\/it\/#\/schema\/logo\/image\/","url":"https:\/\/blog.holyart.it\/it\/wp-content\/uploads\/sites\/17\/2022\/12\/Holyart_Blog_Logo.jpg","contentUrl":"https:\/\/blog.holyart.it\/it\/wp-content\/uploads\/sites\/17\/2022\/12\/Holyart_Blog_Logo.jpg","width":300,"height":50,"caption":"Holyblog"},"image":{"@id":"https:\/\/blog.holyart.it\/it\/#\/schema\/logo\/image\/"}},{"@type":"Person","@id":"https:\/\/blog.holyart.it\/it\/#\/schema\/person\/0a7b686e5af0f856ec1e390dd0baecda","name":"Redazione"}]}},"_links":{"self":[{"href":"https:\/\/blog.holyart.it\/it\/wp-json\/wp\/v2\/posts\/21694","targetHints":{"allow":["GET"]}}],"collection":[{"href":"https:\/\/blog.holyart.it\/it\/wp-json\/wp\/v2\/posts"}],"about":[{"href":"https:\/\/blog.holyart.it\/it\/wp-json\/wp\/v2\/types\/post"}],"author":[{"embeddable":true,"href":"https:\/\/blog.holyart.it\/it\/wp-json\/wp\/v2\/users\/1"}],"replies":[{"embeddable":true,"href":"https:\/\/blog.holyart.it\/it\/wp-json\/wp\/v2\/comments?post=21694"}],"version-history":[{"count":5,"href":"https:\/\/blog.holyart.it\/it\/wp-json\/wp\/v2\/posts\/21694\/revisions"}],"predecessor-version":[{"id":21706,"href":"https:\/\/blog.holyart.it\/it\/wp-json\/wp\/v2\/posts\/21694\/revisions\/21706"}],"wp:featuredmedia":[{"embeddable":true,"href":"https:\/\/blog.holyart.it\/it\/wp-json\/wp\/v2\/media\/21705"}],"wp:attachment":[{"href":"https:\/\/blog.holyart.it\/it\/wp-json\/wp\/v2\/media?parent=21694"}],"wp:term":[{"taxonomy":"category","embeddable":true,"href":"https:\/\/blog.holyart.it\/it\/wp-json\/wp\/v2\/categories?post=21694"},{"taxonomy":"post_tag","embeddable":true,"href":"https:\/\/blog.holyart.it\/it\/wp-json\/wp\/v2\/tags?post=21694"}],"curies":[{"name":"wp","href":"https:\/\/api.w.org\/{rel}","templated":true}]}}