{"id":21679,"date":"2025-05-12T10:00:09","date_gmt":"2025-05-12T08:00:09","guid":{"rendered":"https:\/\/blog.holyart.it\/it\/?p=21679"},"modified":"2025-04-08T11:03:09","modified_gmt":"2025-04-08T09:03:09","slug":"santisidoro-il-santo-patrono-della-citta-di-madrid","status":"publish","type":"post","link":"https:\/\/blog.holyart.it\/it\/santi-e-beati\/santisidoro-il-santo-patrono-della-citta-di-madrid\/","title":{"rendered":"Sant&#8217;Isidoro, il santo patrono della citt\u00e0 di Madrid"},"content":{"rendered":"<h4>Tra zolle di terra e preghiere tra il grano, la vita di un uomo semplice diventa leggenda: Sant&#8217;Isidoro, patrono di Madrid, il santo che fece dei campi un altare e della carit\u00e0 un miracolo<\/h4>\n\n<p>Quando si pensa a un\u00a0<strong><a href=\"https:\/\/www.holyart.it\/blog\/santi-e-beati\/santi-sante-cambiato-mondo\/\">santo<\/a><\/strong>, spesso ci si immagina un uomo lontano dalla vita quotidiana, immerso in visioni o miracoli straordinari. Ma la storia di\u00a0<a href=\"https:\/\/www.holyart.it\/it\/articoli-religiosi\/statue\/statue-in-resina-e-pvc\/santisidoro-agricoltore-12-cm-statua-resina-dipinta\"><strong>Sant\u2019Isidoro, patrono di Madrid<\/strong><\/a>, \u00e8 diversa: \u00e8 la storia di un uomo semplice, che prega mentre lavora la terra, che divide il poco che ha con chi ha ancora meno, e che riesce a far fiorire le anime con la stessa fede con cui coltiva i campi. Nato intorno al 1070 in una Madrid ancora povera e rurale, Isidoro non sa leggere n\u00e9 scrivere, ma sa ascoltare il cuore. Non ha titoli n\u00e9 ricchezze, solo una\u00a0<strong>grande fiducia in Dio<\/strong>\u00a0e una vita fatta di gesti umili, amore per la natura e una bont\u00e0 che gli illumina ogni giorno. \u00c8 proprio in questa quotidianit\u00e0, fatta di zolle di terra e preghiere sussurrate, che si manifesta il miracolo della sua esistenza.<\/p>\n<div class=\"link-product\">\n<div class=\"blocco-immagine\"><img loading=\"lazy\" decoding=\"async\" class=\"size-full wp-image-21681 alignleft\" src=\"https:\/\/blog.holyart.it\/it\/wp-content\/uploads\/sites\/17\/2025\/04\/santisidoro-agricoltore-12-cm-statua-resina-dipinta.jpg\" alt=\"sant'isidoro agricoltore 12 cm statua resina dipinta\" width=\"100\" height=\"100\" data-kale-share-title=\"Sant\u2019Isidoro, il santo patrono della citt\u00e0 di Madrid\" data-kale-share-url=\"https:\/\/blog.holyart.it\/it\/?p=21679\" \/><\/div>\n<div class=\"blocco-contenuto\">\n<div class=\"blocco-acquista\">Acquista su Holyart:<\/div>\n<div class=\"blocco-titolo\"><a href=\"https:\/\/www.holyart.it\/it\/articoli-religiosi\/statue\/statue-in-resina-e-pvc\/santisidoro-agricoltore-12-cm-statua-resina-dipinta\">Sant&#8217;Isidoro agricoltore 12 cm statua resina dipinta<\/a><\/div>\n<div class=\"blocco-descrizione\">Statuetta raffigurante Sant&#8217;Isidoro agricoltore, realizzata in resina e dipinta a mano.<\/div>\n<\/div>\n<\/div>\n<p>A renderlo ancora pi\u00f9 speciale \u00e8 il fatto che Isidoro non cammina da solo sul sentiero della santit\u00e0: accanto a lui c\u2019\u00e8 sua moglie,\u00a0<strong>Maria Toribia<\/strong>, anche lei contadina, anche lei proclamata santa. Una\u00a0<strong><a href=\"https:\/\/www.holyart.it\/blog\/santi-e-beati\/santita-nel-matrimonio-coppie-di-santi-sposati\">coppia di sposi santi<\/a><\/strong>: cosa rara, quasi unica, in un panorama di figure religiose fatte per lo pi\u00f9 di monaci, sacerdoti, eremiti o vergini consacrate. Isidoro e Maria, invece, vivono insieme la fatica del lavoro nei campi, la povert\u00e0, le piccole gioie quotidiane. Non indossano paramenti religiosi, ma portano la fede cucita addosso, tra le pieghe degli abiti consumati e le mani segnate dalla terra. Si racconta che Maria, inizialmente una donna un po\u2019 dura e attaccata al poco che avevano, si sia trasformata col tempo, seguendo l\u2019esempio di Isidoro: la generosit\u00e0 del marito l&#8217;ha toccata nel profondo, e lei ha imparato a condividere, ad affidarsi a Dio, ad amare non solo lui, ma anche chi bussava alla loro porta spinto dalla fame o dal bisogno. Insieme vissero una santit\u00e0 fatta di gesti semplici e amore concreto, dimostrando che si pu\u00f2 diventare santi anche restando nel mondo, con una famiglia, un lavoro e un cuore spalancato alla Provvidenza.<\/p>\n<div class=\"link-article\">\n<p><img loading=\"lazy\" decoding=\"async\" class=\"size-full wp-image-21682 alignleft\" src=\"https:\/\/blog.holyart.it\/it\/wp-content\/uploads\/sites\/17\/2025\/04\/santi-sposati.jpg\" alt=\"santi sposati\" width=\"150\" height=\"99\" data-kale-share-title=\"Sant\u2019Isidoro, il santo patrono della citt\u00e0 di Madrid\" data-kale-share-url=\"https:\/\/blog.holyart.it\/it\/?p=21679\" \/><\/p>\n<div class=\"leggi-anche\">Leggi anche:<\/div>\n<p><strong><a href=\"https:\/\/www.holyart.it\/blog\/santi-e-beati\/santita-nel-matrimonio-coppie-di-santi-sposati\/\">La santit\u00e0 nel matrimonio: ecco alcune coppie di santi sposati<\/a><\/strong><br \/>\nUniti davanti agli uomini e davanti a Dio, furono capaci di andare oltre e condividere il cammino della Fede fino alla santit\u00e0&#8230;<\/p>\n<\/div>\n<h2>Chi era Isidoro l\u2019Agricoltore<\/h2>\n<p>Isidoro nasce a Madrid intorno al 1070, quando la citt\u00e0 \u00e8 ancora sotto il dominio musulmano e la vita scorre lenta tra la terra arida, i campi da coltivare e giornate segnate dalla fatica. Figlio di contadini poverissimi, cresce con il pane della semplicit\u00e0 e la forza della fede. Non cerca ricchezze n\u00e9 gloria, solo la pace che si trova nel silenzio della preghiera e nella fatica del lavoro onesto. Lavora per un ricco proprietario terriero, Juan de Vargas, e ogni giorno si alza presto per andare a Messa prima di recarsi nei campi. Per qualcuno \u00e8 un problema: pregare \u00e8 un lusso per chi ha il dovere di zappare la terra. Ma per Isidoro non \u00e8 una scelta, \u00e8 linfa vitale. La preghiera viene prima di tutto, e il lavoro, anzich\u00e9 rallentare, fiorisce miracolosamente sotto le sue mani.<\/p>\n<p>Accanto a lui, nella vita come nella fede, c\u2019\u00e8 Maria Torribia, una donna forte e concreta, che la gente imparer\u00e0 a conoscere come Santa Maria della Cabeza. I due si amano profondamente e vivono in piena armonia spirituale. Hanno un figlio, che per\u00f2 muore in tenera et\u00e0. Questo dolore li segna nel profondo, ma invece di separarli, li unisce ancora di pi\u00f9: decidono di vivere in\u00a0<strong>castit\u00e0<\/strong>, dedicandosi a Dio e al prossimo. Isidoro non sa leggere n\u00e9 scrivere, ma conosce il linguaggio del cielo e della terra. Mentre guida l\u2019aratro, le sue labbra sussurrano preghiere. Mentre semina, il suo cuore si affida alla Provvidenza. Muore il 15 maggio del 1130, e quella data, oggi, \u00e8 giorno di festa per tutta Madrid, che non ha mai smesso di amarlo e invocarlo.<\/p>\n<p>Anche se per il popolo era gi\u00e0 santo da secoli, la Chiesa ufficializz\u00f2 la santit\u00e0 di Isidoro solo molto tempo dopo la sua morte. Gi\u00e0 nel XII secolo, i madrileni veneravano Isidoro come un uomo speciale, capace di toccare Dio con le mani sporche di terra. Dopo la sua morte le sue spoglie erano state traslate dal cimitero alla chiesa di Sant\u2019Andrea a Madrid: un gesto di profonda devozione, che, all\u2019epoca, equivaleva quasi a una canonizzazione popolare. Ma mancava ancora l\u2019approvazione ufficiale di Roma. Il processo si sblocc\u00f2 nel XVII secolo, grazie anche all\u2019intervento dei re di Spagna e dell\u2019arcivescovo di Toledo. Fu\u00a0<strong>Papa Paolo V\u00a0<\/strong>a beatificarlo nel 1619, e pochi anni dopo, il suo nome fu scritto nel libro d\u2019oro dei santi. La canonizzazione arriv\u00f2 il\u00a0<strong>12 marzo 1622<\/strong>, in una cerimonia solenne nella Basilica di San Pietro, voluta da<strong>\u00a0Papa Gregorio XV<\/strong>. Quel giorno, tra incenso, canti e solenni celebrazioni, Isidoro fu proclamato\u00a0<strong>Santo<\/strong>\u00a0accanto a figure straordinarie come\u00a0<strong><a href=\"https:\/\/www.holyart.it\/blog\/santi-e-beati\/san-filippo-neri-e-la-nascita-delloratorio\/\">San Filippo Neri<\/a><\/strong>,\u00a0<strong><a href=\"https:\/\/www.holyart.it\/blog\/santi-e-beati\/santa-teresa-davila-religiosa-mistica-spagnola\/\">Santa Teresa d\u2019Avila<\/a><\/strong>, Sant\u2019Ignazio di Loyola e San Francesco Saverio.<\/p>\n<div class=\"link-article\">\n<p><img loading=\"lazy\" decoding=\"async\" class=\"size-full wp-image-21683 alignleft\" src=\"https:\/\/blog.holyart.it\/it\/wp-content\/uploads\/sites\/17\/2025\/04\/santa-teresa-avila.jpg\" alt=\"santa teresa d'avila\" width=\"150\" height=\"100\" data-kale-share-title=\"Sant\u2019Isidoro, il santo patrono della citt\u00e0 di Madrid\" data-kale-share-url=\"https:\/\/blog.holyart.it\/it\/?p=21679\" \/><\/p>\n<div class=\"leggi-anche\">Leggi anche:<\/div>\n<p><strong><a href=\"https:\/\/www.holyart.it\/blog\/santi-e-beati\/santa-teresa-davila-religiosa-mistica-spagnola\/\">Santa Teresa d\u2019Avila: religiosa e mistica spagnola<\/a><\/strong><br \/>\nSanta Teresa d\u2019Avila fu una religiosa e mistica spagnola. Una delle poche donne elette a dottore della Chiesa, ebbe il merito di riformare l\u2019ordine&#8230;<\/p>\n<\/div>\n<p>La canonizzazione non fece altro che confermare ci\u00f2 che la gente sapeva da sempre: che Isidoro era un santo vero, vicino alla terra e vicino al cielo. Un modello per chi lavora con le mani, per chi vive nella discrezione, per chi crede che anche nei gesti pi\u00f9 umili si possa trovare la grazia. Da quel giorno, il culto di Sant\u2019Isidoro si diffuse in ogni angolo del mondo dove arrivavano i missionari spagnoli: Europa, Americhe, Asia. Chiese, eremi, cappelle e altari vennero dedicati al contadino che aveva saputo trasformare la fatica in preghiera e la povert\u00e0 in benedizione.<\/p>\n<h2>I miracoli di Sant\u2019Isidoro<\/h2>\n<p>Attorno a Isidoro si intrecciano <a href=\"https:\/\/www.holyart.it\/blog\/articoli-religiosi\/i-miracoli-cosa-sono-e-come-vengono-classificati\/\"><strong>racconti di miracoli<\/strong><\/a> che sembrano usciti da una fiaba contadina, tramandati per secoli come segni della sua santit\u00e0. La maggior parte di questi miracoli nasce proprio nei campi, tra zolle di terra e cieli aperti, dove la fede incontra il lavoro e lo trasforma. Il pi\u00f9 noto racconta che, mentre Isidoro si era fermato per pregare, due angeli scesero dal cielo e presero il suo posto, sui campi: guidando l\u2019aratro con dolcezza e precisione, fecero s\u00ec che il lavoro non si fermasse. Il suo padrone, convinto che Isidoro stesse trascurando i doveri per stare troppo tempo in preghiera, decise di seguirlo di nascosto. Ma ci\u00f2 che vide lo lasci\u00f2 senza parole: quella di Isidoro non era pigrizia, ma grazia. E da quel momento non dubit\u00f2 pi\u00f9 della devozione del suo umile bracciante.<\/p>\n<div class=\"link-article\">\n<p><img loading=\"lazy\" decoding=\"async\" class=\"size-full wp-image-21684 alignleft\" src=\"https:\/\/blog.holyart.it\/it\/wp-content\/uploads\/sites\/17\/2025\/04\/miracoli-1.jpg\" alt=\"miracoli\" width=\"150\" height=\"99\" data-kale-share-title=\"Sant\u2019Isidoro, il santo patrono della citt\u00e0 di Madrid\" data-kale-share-url=\"https:\/\/blog.holyart.it\/it\/?p=21679\" \/><\/p>\n<div class=\"leggi-anche\">Leggi anche:<\/div>\n<p><strong><a href=\"https:\/\/www.holyart.it\/blog\/articoli-religiosi\/i-miracoli-cosa-sono-e-come-vengono-classificati\/\">I miracoli: cosa sono e come vengono classificati<\/a><\/strong><br \/>\nGuarigioni ed esorcismi, apparizioni, dominio sulla natura, fino alla resurrezione dei morti&#8230;<\/p>\n<\/div>\n<p>Un altro racconto parla dell\u2019acqua che scaturiva dalla terra arida sotto il suo bastone. In una giornata afosa, mentre il suo padrone soffriva per la sete, Isidoro colp\u00ec il terreno e, come Mos\u00e8 nel deserto, fece zampillare una sorgente limpida e fresca. Quel luogo esiste ancora oggi, nel cuore di Madrid, ed \u00e8 conosciuto come\u00a0<em>El Pozo del Milagro,<\/em>\u00a0<strong>il Pozzo del Miracolo<\/strong>. Un\u2019altra storia simile racconta che, con la sola forza della preghiera, riusc\u00ec a far risalire le acque da un pozzo profondo per salvare un bambino caduto dentro.<\/p>\n<p>Isidoro era fatto cos\u00ec, un uomo che si fidava totalmente di Dio, e Dio gli rispondeva. La sua carit\u00e0, silenziosa e continua, apriva la strada a nuovi prodigi. Spesso divideva il poco cibo che aveva con i poveri. Un giorno sembrava non bastasse per tutti, ma ecco che il pane si moltiplica, il sacco non si svuota.<br \/>\nUn inverno, getta manciate di grano sulla neve per sfamare gli uccelli. Viene rimproverato per quello che sembra uno spreco, ma quando il sacco viene riaperto, \u00e8 ancora pieno, come se nessuno ne avesse preso nulla.<\/p>\n<p>E anche dopo la morte, Isidoro continua a vegliare su chi si affida a lui. Nel 1212 appare al re Alfonso VIII di Castiglia, perso tra le montagne alla vigilia di una battaglia decisiva. Gli mostra un sentiero segreto tra i monti, che conduce alla vittoria dei cristiani contro i Mori a Las Navas de Tolosa.<br \/>\nPer il popolo non servivano prove ufficiali: per loro, <a href=\"https:\/\/www.holyart.it\/blog\/articoli-religiosi\/come-si-fa-a-diventare-santi-spieghiamo-il-processo-di-santificazione\/\"><strong>Isidoro era gi\u00e0 santo, da sempre<\/strong><\/a>.<\/p>\n<div class=\"link-article\">\n<p><img loading=\"lazy\" decoding=\"async\" class=\"size-full wp-image-21685 alignleft\" src=\"https:\/\/blog.holyart.it\/it\/wp-content\/uploads\/sites\/17\/2025\/04\/processo-di-santificazione-1.jpg\" alt=\"processo di santificazione\" width=\"150\" height=\"99\" data-kale-share-title=\"Sant\u2019Isidoro, il santo patrono della citt\u00e0 di Madrid\" data-kale-share-url=\"https:\/\/blog.holyart.it\/it\/?p=21679\" \/><\/p>\n<div class=\"leggi-anche\">Leggi anche:<\/div>\n<p><strong><a href=\"https:\/\/www.holyart.it\/blog\/articoli-religiosi\/come-si-fa-a-diventare-santi-spieghiamo-il-processo-di-santificazione\/\">Come si fa a diventare santi? Spieghiamo il processo di santificazione<\/a><\/strong><br \/>\nIl processo di Santificazione \u00e8 composto da diverse fasi e si articola&#8230;<\/p>\n<\/div>\n<h2>La festa di Sant\u2019Isidoro a Madrid<\/h2>\n<p>Madrid, la citt\u00e0 che gli ha dato i natali, oggi lo onora come suo santo patrono. Le sue reliquie riposano nella\u00a0<strong>cattedrale dell\u2019Almudena<\/strong>, e ogni anno, il\u00a0<strong>15 maggio<\/strong>, la citt\u00e0 si veste a festa per ricordarlo. \u00c8 la festa pi\u00f9 sentita, la pi\u00f9 colorata, la pi\u00f9 madrilena di tutte. Perch\u00e9 <a href=\"https:\/\/www.holyart.it\/it\/articoli-religiosi\/statue\/statue-in-legno-dipinto\/santisidoro-colorato-val-gardena\"><strong>San Isidro non \u00e8 solo un santo<\/strong><\/a>, \u00e8 quasi un parente, un amico di famiglia, qualcuno che cammina ancora oggi tra la sua gente, nei gesti della tradizione e nei sorrisi di chi si riunisce per celebrare. Le celebrazioni durano giorni interi e trasformano Madrid in un grande palcoscenico di musica, cibo, preghiera e allegria.<\/p>\n<p>Le celebrazioni iniziano sempre con un tocco di meraviglia e allegria: la tradizionale sfilata dei\u00a0<strong><em>Gigantes y Cabezudos<\/em><\/strong>, figure enormi, alte e colorate, che attraversano le strade tra tamburi, fanfare e torme di bambini incantati. Sono personaggi storici e leggendari, con teste enormi e sorrisi esagerati, che ballano tra la folla e danno ufficialmente il via alla festa. \u00c8 un momento atteso da tutti, un rito collettivo che trasforma le vie di Madrid in un carnevale popolare dal sapore antico. Subito dopo, in\u00a0<strong><em>Plaza de la Villa<\/em><\/strong>, una celebrit\u00e0 scelta ogni anno legge il\u00a0<em>preg\u00f3n<\/em>, la solenne e insieme festosa proclamazione che apre ufficialmente le giornate dedicate a San Isidro. \u00c8 come se, in quel momento, la citt\u00e0 intera si mettesse d&#8217;accordo per ricordare chi \u00e8, da dove viene, e con quanta gioia pu\u00f2 ancora celebrare le sue radici.<\/p>\n<div class=\"link-product\">\n<div class=\"blocco-immagine\"><img loading=\"lazy\" decoding=\"async\" class=\"size-full wp-image-21689 alignleft\" src=\"https:\/\/blog.holyart.it\/it\/wp-content\/uploads\/sites\/17\/2025\/04\/santisidoro-colorato-val-gardena.jpg\" alt=\"sant'isidoro colorato val gardena\" width=\"100\" height=\"100\" data-kale-share-title=\"Sant\u2019Isidoro, il santo patrono della citt\u00e0 di Madrid\" data-kale-share-url=\"https:\/\/blog.holyart.it\/it\/?p=21679\" \/><\/div>\n<div class=\"blocco-contenuto\">\n<div class=\"blocco-acquista\">Acquista su Holyart:<\/div>\n<div class=\"blocco-titolo\"><a href=\"https:\/\/www.holyart.it\/it\/articoli-religiosi\/statue\/statue-in-legno-dipinto\/santisidoro-colorato-val-gardena\">Sant&#8217;Isidoro colorato Val Gardena<\/a><\/div>\n<div class=\"blocco-descrizione\">Statua rappresentante Sant&#8217;Isidoro colorato con colori ad olio e dorato con fogli d&#8217;oro.<\/div>\n<\/div>\n<\/div>\n<p>Il cuore della festa \u00e8 la\u00a0<strong><em>Pradera de San Isidro<\/em><\/strong>, una grande distesa verde dove si trova l\u2019eremo dedicato al santo. L\u00ec, tra alberi, bancarelle e coperte stese sull\u2019erba, migliaia di madrileni si danno appuntamento ogni anno, vestiti come si faceva un tempo: le donne con i loro abiti a pois e fiori tra i capelli, i\u00a0<em>chulapos\u00a0<\/em>con gilet e cappellini, a incarnare lo spirito autentico della capitale.<\/p>\n<p>La gente arriva anche per bere\u00a0<strong>l\u2019acqua della fonte miracolosa<\/strong>, la stessa che, secondo la leggenda, Isidoro fece sgorgare per dissetare chi aveva sete. Si fa la fila con bottiglie in mano, si beve con devozione e si porta a casa un po\u2019 di quella benedizione liquida, da custodire per tutto l\u2019anno. Non mancano i profumi della cucina tradizionale, che riempiono le strade e le piazze:\u00a0<em>cocido madrile\u00f1o<\/em>,\u00a0<em>rosquillas<\/em>\u00a0del Santo, limonata fresca e banchetti all\u2019aperto dove il tempo sembra rallentare. Le serate si accendono con concerti, balli popolari, spettacoli di zarzuela e la\u00a0<em>Feria de San Isidro<\/em>, una delle corride pi\u00f9 importanti di tutta la Spagna.<\/p>\n<p>Le campane suonano, la gente applaude, e in quell\u2019istante Madrid non \u00e8 pi\u00f9 solo una metropoli europea, ma una citt\u00e0 che ricorda da dove viene: dai campi, dal sudore dei contadini, dalla fede che muove il cuore e le mani. La festa di San Isidro non \u00e8 solo un evento religioso, \u00e8 un ponte tra passato e presente, un abbraccio collettivo alla propria identit\u00e0. Chiunque voglia scoprire l\u2019anima pi\u00f9 vera di Madrid non pu\u00f2 che partire da qui: da un uomo semplice, un contadino santo, e da una citt\u00e0 che ogni anno, con orgoglio e affetto, gli dedica il suo giorno pi\u00f9 bello.<\/p>\n","protected":false},"excerpt":{"rendered":"<p>Tra zolle di terra e preghiere tra il grano, la vita di un uomo semplice diventa leggenda: Sant&#8217;Isidoro, patrono di Madrid, il santo che fece dei campi un altare e della carit\u00e0 un miracolo Quando si pensa a un\u00a0santo, spesso ci si immagina un uomo&hellip;<\/p>\n","protected":false},"author":1,"featured_media":21691,"comment_status":"closed","ping_status":"open","sticky":false,"template":"","format":"standard","meta":{"_acf_changed":false,"footnotes":""},"categories":[15],"tags":[],"class_list":["post-21679","post","type-post","status-publish","format-standard","has-post-thumbnail","hentry","category-santi-e-beati"],"acf":[],"yoast_head":"<!-- This site is optimized with the Yoast SEO plugin v26.6 - https:\/\/yoast.com\/wordpress\/plugins\/seo\/ -->\n<title>Sant&#039;Isidoro, il santo patrono della citt\u00e0 di Madrid - Holyblog<\/title>\n<meta name=\"description\" content=\"Un contadino, una fede incrollabile, una citt\u00e0 che non l\u2019ha mai dimenticato: Sant\u2019Isidoro, patrono di Madrid, simbolo di umilt\u00e0 e devozione.\" \/>\n<meta name=\"robots\" content=\"index, follow, max-snippet:-1, max-image-preview:large, max-video-preview:-1\" \/>\n<link rel=\"canonical\" href=\"https:\/\/blog.holyart.it\/it\/santi-e-beati\/santisidoro-il-santo-patrono-della-citta-di-madrid\/\" \/>\n<meta property=\"og:locale\" content=\"it_IT\" \/>\n<meta property=\"og:type\" content=\"article\" \/>\n<meta property=\"og:title\" content=\"Sant&#039;Isidoro, il santo patrono della citt\u00e0 di Madrid - Holyblog\" \/>\n<meta property=\"og:description\" content=\"Un contadino, una fede incrollabile, una citt\u00e0 che non l\u2019ha mai dimenticato: Sant\u2019Isidoro, patrono di Madrid, simbolo di umilt\u00e0 e devozione.\" \/>\n<meta property=\"og:url\" content=\"https:\/\/blog.holyart.it\/it\/santi-e-beati\/santisidoro-il-santo-patrono-della-citta-di-madrid\/\" \/>\n<meta property=\"og:site_name\" content=\"Holyblog\" \/>\n<meta property=\"article:published_time\" content=\"2025-05-12T08:00:09+00:00\" \/>\n<meta property=\"og:image\" content=\"https:\/\/blog.holyart.it\/it\/wp-content\/uploads\/sites\/17\/2025\/04\/sant-isidoro.jpg\" \/>\n\t<meta property=\"og:image:width\" content=\"1000\" \/>\n\t<meta property=\"og:image:height\" content=\"666\" \/>\n\t<meta property=\"og:image:type\" content=\"image\/jpeg\" \/>\n<meta name=\"author\" content=\"Redazione\" \/>\n<meta name=\"twitter:card\" content=\"summary_large_image\" \/>\n<meta name=\"twitter:label1\" content=\"Scritto da\" \/>\n\t<meta name=\"twitter:data1\" content=\"Redazione\" \/>\n\t<meta name=\"twitter:label2\" content=\"Tempo di lettura stimato\" \/>\n\t<meta name=\"twitter:data2\" content=\"13 minuti\" \/>\n<script type=\"application\/ld+json\" class=\"yoast-schema-graph\">{\"@context\":\"https:\/\/schema.org\",\"@graph\":[{\"@type\":\"Article\",\"@id\":\"https:\/\/blog.holyart.it\/it\/santi-e-beati\/santisidoro-il-santo-patrono-della-citta-di-madrid\/#article\",\"isPartOf\":{\"@id\":\"https:\/\/blog.holyart.it\/it\/santi-e-beati\/santisidoro-il-santo-patrono-della-citta-di-madrid\/\"},\"author\":{\"name\":\"Redazione\",\"@id\":\"https:\/\/blog.holyart.it\/it\/#\/schema\/person\/0a7b686e5af0f856ec1e390dd0baecda\"},\"headline\":\"Sant&#8217;Isidoro, il santo patrono della citt\u00e0 di Madrid\",\"datePublished\":\"2025-05-12T08:00:09+00:00\",\"mainEntityOfPage\":{\"@id\":\"https:\/\/blog.holyart.it\/it\/santi-e-beati\/santisidoro-il-santo-patrono-della-citta-di-madrid\/\"},\"wordCount\":2006,\"publisher\":{\"@id\":\"https:\/\/blog.holyart.it\/it\/#organization\"},\"image\":{\"@id\":\"https:\/\/blog.holyart.it\/it\/santi-e-beati\/santisidoro-il-santo-patrono-della-citta-di-madrid\/#primaryimage\"},\"thumbnailUrl\":\"https:\/\/blog.holyart.it\/it\/wp-content\/uploads\/sites\/17\/2025\/04\/sant-isidoro.jpg\",\"articleSection\":[\"Santi e beati\"],\"inLanguage\":\"it-IT\"},{\"@type\":\"WebPage\",\"@id\":\"https:\/\/blog.holyart.it\/it\/santi-e-beati\/santisidoro-il-santo-patrono-della-citta-di-madrid\/\",\"url\":\"https:\/\/blog.holyart.it\/it\/santi-e-beati\/santisidoro-il-santo-patrono-della-citta-di-madrid\/\",\"name\":\"Sant'Isidoro, il santo patrono della citt\u00e0 di Madrid - Holyblog\",\"isPartOf\":{\"@id\":\"https:\/\/blog.holyart.it\/it\/#website\"},\"primaryImageOfPage\":{\"@id\":\"https:\/\/blog.holyart.it\/it\/santi-e-beati\/santisidoro-il-santo-patrono-della-citta-di-madrid\/#primaryimage\"},\"image\":{\"@id\":\"https:\/\/blog.holyart.it\/it\/santi-e-beati\/santisidoro-il-santo-patrono-della-citta-di-madrid\/#primaryimage\"},\"thumbnailUrl\":\"https:\/\/blog.holyart.it\/it\/wp-content\/uploads\/sites\/17\/2025\/04\/sant-isidoro.jpg\",\"datePublished\":\"2025-05-12T08:00:09+00:00\",\"description\":\"Un contadino, una fede incrollabile, una citt\u00e0 che non l\u2019ha mai dimenticato: Sant\u2019Isidoro, patrono di Madrid, simbolo di umilt\u00e0 e devozione.\",\"breadcrumb\":{\"@id\":\"https:\/\/blog.holyart.it\/it\/santi-e-beati\/santisidoro-il-santo-patrono-della-citta-di-madrid\/#breadcrumb\"},\"inLanguage\":\"it-IT\",\"potentialAction\":[{\"@type\":\"ReadAction\",\"target\":[\"https:\/\/blog.holyart.it\/it\/santi-e-beati\/santisidoro-il-santo-patrono-della-citta-di-madrid\/\"]}]},{\"@type\":\"ImageObject\",\"inLanguage\":\"it-IT\",\"@id\":\"https:\/\/blog.holyart.it\/it\/santi-e-beati\/santisidoro-il-santo-patrono-della-citta-di-madrid\/#primaryimage\",\"url\":\"https:\/\/blog.holyart.it\/it\/wp-content\/uploads\/sites\/17\/2025\/04\/sant-isidoro.jpg\",\"contentUrl\":\"https:\/\/blog.holyart.it\/it\/wp-content\/uploads\/sites\/17\/2025\/04\/sant-isidoro.jpg\",\"width\":1000,\"height\":666,\"caption\":\"sant'isidoro\"},{\"@type\":\"BreadcrumbList\",\"@id\":\"https:\/\/blog.holyart.it\/it\/santi-e-beati\/santisidoro-il-santo-patrono-della-citta-di-madrid\/#breadcrumb\",\"itemListElement\":[{\"@type\":\"ListItem\",\"position\":1,\"name\":\"Homepage\",\"item\":\"https:\/\/blog.holyart.it\/it\/\"},{\"@type\":\"ListItem\",\"position\":2,\"name\":\"Santi e beati\",\"item\":\"https:\/\/blog.holyart.it\/it\/santi-e-beati\/\"},{\"@type\":\"ListItem\",\"position\":3,\"name\":\"Sant&#8217;Isidoro, il santo patrono della citt\u00e0 di Madrid\"}]},{\"@type\":\"WebSite\",\"@id\":\"https:\/\/blog.holyart.it\/it\/#website\",\"url\":\"https:\/\/blog.holyart.it\/it\/\",\"name\":\"Holyblog\",\"description\":\"Il Blog di Holyart.it\",\"publisher\":{\"@id\":\"https:\/\/blog.holyart.it\/it\/#organization\"},\"potentialAction\":[{\"@type\":\"SearchAction\",\"target\":{\"@type\":\"EntryPoint\",\"urlTemplate\":\"https:\/\/blog.holyart.it\/it\/?s={search_term_string}\"},\"query-input\":{\"@type\":\"PropertyValueSpecification\",\"valueRequired\":true,\"valueName\":\"search_term_string\"}}],\"inLanguage\":\"it-IT\"},{\"@type\":\"Organization\",\"@id\":\"https:\/\/blog.holyart.it\/it\/#organization\",\"name\":\"Holyblog\",\"url\":\"https:\/\/blog.holyart.it\/it\/\",\"logo\":{\"@type\":\"ImageObject\",\"inLanguage\":\"it-IT\",\"@id\":\"https:\/\/blog.holyart.it\/it\/#\/schema\/logo\/image\/\",\"url\":\"https:\/\/blog.holyart.it\/it\/wp-content\/uploads\/sites\/17\/2022\/12\/Holyart_Blog_Logo.jpg\",\"contentUrl\":\"https:\/\/blog.holyart.it\/it\/wp-content\/uploads\/sites\/17\/2022\/12\/Holyart_Blog_Logo.jpg\",\"width\":300,\"height\":50,\"caption\":\"Holyblog\"},\"image\":{\"@id\":\"https:\/\/blog.holyart.it\/it\/#\/schema\/logo\/image\/\"}},{\"@type\":\"Person\",\"@id\":\"https:\/\/blog.holyart.it\/it\/#\/schema\/person\/0a7b686e5af0f856ec1e390dd0baecda\",\"name\":\"Redazione\"}]}<\/script>\n<!-- \/ Yoast SEO plugin. -->","yoast_head_json":{"title":"Sant'Isidoro, il santo patrono della citt\u00e0 di Madrid - Holyblog","description":"Un contadino, una fede incrollabile, una citt\u00e0 che non l\u2019ha mai dimenticato: Sant\u2019Isidoro, patrono di Madrid, simbolo di umilt\u00e0 e devozione.","robots":{"index":"index","follow":"follow","max-snippet":"max-snippet:-1","max-image-preview":"max-image-preview:large","max-video-preview":"max-video-preview:-1"},"canonical":"https:\/\/blog.holyart.it\/it\/santi-e-beati\/santisidoro-il-santo-patrono-della-citta-di-madrid\/","og_locale":"it_IT","og_type":"article","og_title":"Sant'Isidoro, il santo patrono della citt\u00e0 di Madrid - Holyblog","og_description":"Un contadino, una fede incrollabile, una citt\u00e0 che non l\u2019ha mai dimenticato: Sant\u2019Isidoro, patrono di Madrid, simbolo di umilt\u00e0 e devozione.","og_url":"https:\/\/blog.holyart.it\/it\/santi-e-beati\/santisidoro-il-santo-patrono-della-citta-di-madrid\/","og_site_name":"Holyblog","article_published_time":"2025-05-12T08:00:09+00:00","og_image":[{"width":1000,"height":666,"url":"https:\/\/blog.holyart.it\/it\/wp-content\/uploads\/sites\/17\/2025\/04\/sant-isidoro.jpg","type":"image\/jpeg"}],"author":"Redazione","twitter_card":"summary_large_image","twitter_misc":{"Scritto da":"Redazione","Tempo di lettura stimato":"13 minuti"},"schema":{"@context":"https:\/\/schema.org","@graph":[{"@type":"Article","@id":"https:\/\/blog.holyart.it\/it\/santi-e-beati\/santisidoro-il-santo-patrono-della-citta-di-madrid\/#article","isPartOf":{"@id":"https:\/\/blog.holyart.it\/it\/santi-e-beati\/santisidoro-il-santo-patrono-della-citta-di-madrid\/"},"author":{"name":"Redazione","@id":"https:\/\/blog.holyart.it\/it\/#\/schema\/person\/0a7b686e5af0f856ec1e390dd0baecda"},"headline":"Sant&#8217;Isidoro, il santo patrono della citt\u00e0 di Madrid","datePublished":"2025-05-12T08:00:09+00:00","mainEntityOfPage":{"@id":"https:\/\/blog.holyart.it\/it\/santi-e-beati\/santisidoro-il-santo-patrono-della-citta-di-madrid\/"},"wordCount":2006,"publisher":{"@id":"https:\/\/blog.holyart.it\/it\/#organization"},"image":{"@id":"https:\/\/blog.holyart.it\/it\/santi-e-beati\/santisidoro-il-santo-patrono-della-citta-di-madrid\/#primaryimage"},"thumbnailUrl":"https:\/\/blog.holyart.it\/it\/wp-content\/uploads\/sites\/17\/2025\/04\/sant-isidoro.jpg","articleSection":["Santi e beati"],"inLanguage":"it-IT"},{"@type":"WebPage","@id":"https:\/\/blog.holyart.it\/it\/santi-e-beati\/santisidoro-il-santo-patrono-della-citta-di-madrid\/","url":"https:\/\/blog.holyart.it\/it\/santi-e-beati\/santisidoro-il-santo-patrono-della-citta-di-madrid\/","name":"Sant'Isidoro, il santo patrono della citt\u00e0 di Madrid - Holyblog","isPartOf":{"@id":"https:\/\/blog.holyart.it\/it\/#website"},"primaryImageOfPage":{"@id":"https:\/\/blog.holyart.it\/it\/santi-e-beati\/santisidoro-il-santo-patrono-della-citta-di-madrid\/#primaryimage"},"image":{"@id":"https:\/\/blog.holyart.it\/it\/santi-e-beati\/santisidoro-il-santo-patrono-della-citta-di-madrid\/#primaryimage"},"thumbnailUrl":"https:\/\/blog.holyart.it\/it\/wp-content\/uploads\/sites\/17\/2025\/04\/sant-isidoro.jpg","datePublished":"2025-05-12T08:00:09+00:00","description":"Un contadino, una fede incrollabile, una citt\u00e0 che non l\u2019ha mai dimenticato: Sant\u2019Isidoro, patrono di Madrid, simbolo di umilt\u00e0 e devozione.","breadcrumb":{"@id":"https:\/\/blog.holyart.it\/it\/santi-e-beati\/santisidoro-il-santo-patrono-della-citta-di-madrid\/#breadcrumb"},"inLanguage":"it-IT","potentialAction":[{"@type":"ReadAction","target":["https:\/\/blog.holyart.it\/it\/santi-e-beati\/santisidoro-il-santo-patrono-della-citta-di-madrid\/"]}]},{"@type":"ImageObject","inLanguage":"it-IT","@id":"https:\/\/blog.holyart.it\/it\/santi-e-beati\/santisidoro-il-santo-patrono-della-citta-di-madrid\/#primaryimage","url":"https:\/\/blog.holyart.it\/it\/wp-content\/uploads\/sites\/17\/2025\/04\/sant-isidoro.jpg","contentUrl":"https:\/\/blog.holyart.it\/it\/wp-content\/uploads\/sites\/17\/2025\/04\/sant-isidoro.jpg","width":1000,"height":666,"caption":"sant'isidoro"},{"@type":"BreadcrumbList","@id":"https:\/\/blog.holyart.it\/it\/santi-e-beati\/santisidoro-il-santo-patrono-della-citta-di-madrid\/#breadcrumb","itemListElement":[{"@type":"ListItem","position":1,"name":"Homepage","item":"https:\/\/blog.holyart.it\/it\/"},{"@type":"ListItem","position":2,"name":"Santi e beati","item":"https:\/\/blog.holyart.it\/it\/santi-e-beati\/"},{"@type":"ListItem","position":3,"name":"Sant&#8217;Isidoro, il santo patrono della citt\u00e0 di Madrid"}]},{"@type":"WebSite","@id":"https:\/\/blog.holyart.it\/it\/#website","url":"https:\/\/blog.holyart.it\/it\/","name":"Holyblog","description":"Il Blog di Holyart.it","publisher":{"@id":"https:\/\/blog.holyart.it\/it\/#organization"},"potentialAction":[{"@type":"SearchAction","target":{"@type":"EntryPoint","urlTemplate":"https:\/\/blog.holyart.it\/it\/?s={search_term_string}"},"query-input":{"@type":"PropertyValueSpecification","valueRequired":true,"valueName":"search_term_string"}}],"inLanguage":"it-IT"},{"@type":"Organization","@id":"https:\/\/blog.holyart.it\/it\/#organization","name":"Holyblog","url":"https:\/\/blog.holyart.it\/it\/","logo":{"@type":"ImageObject","inLanguage":"it-IT","@id":"https:\/\/blog.holyart.it\/it\/#\/schema\/logo\/image\/","url":"https:\/\/blog.holyart.it\/it\/wp-content\/uploads\/sites\/17\/2022\/12\/Holyart_Blog_Logo.jpg","contentUrl":"https:\/\/blog.holyart.it\/it\/wp-content\/uploads\/sites\/17\/2022\/12\/Holyart_Blog_Logo.jpg","width":300,"height":50,"caption":"Holyblog"},"image":{"@id":"https:\/\/blog.holyart.it\/it\/#\/schema\/logo\/image\/"}},{"@type":"Person","@id":"https:\/\/blog.holyart.it\/it\/#\/schema\/person\/0a7b686e5af0f856ec1e390dd0baecda","name":"Redazione"}]}},"_links":{"self":[{"href":"https:\/\/blog.holyart.it\/it\/wp-json\/wp\/v2\/posts\/21679","targetHints":{"allow":["GET"]}}],"collection":[{"href":"https:\/\/blog.holyart.it\/it\/wp-json\/wp\/v2\/posts"}],"about":[{"href":"https:\/\/blog.holyart.it\/it\/wp-json\/wp\/v2\/types\/post"}],"author":[{"embeddable":true,"href":"https:\/\/blog.holyart.it\/it\/wp-json\/wp\/v2\/users\/1"}],"replies":[{"embeddable":true,"href":"https:\/\/blog.holyart.it\/it\/wp-json\/wp\/v2\/comments?post=21679"}],"version-history":[{"count":5,"href":"https:\/\/blog.holyart.it\/it\/wp-json\/wp\/v2\/posts\/21679\/revisions"}],"predecessor-version":[{"id":21690,"href":"https:\/\/blog.holyart.it\/it\/wp-json\/wp\/v2\/posts\/21679\/revisions\/21690"}],"wp:featuredmedia":[{"embeddable":true,"href":"https:\/\/blog.holyart.it\/it\/wp-json\/wp\/v2\/media\/21691"}],"wp:attachment":[{"href":"https:\/\/blog.holyart.it\/it\/wp-json\/wp\/v2\/media?parent=21679"}],"wp:term":[{"taxonomy":"category","embeddable":true,"href":"https:\/\/blog.holyart.it\/it\/wp-json\/wp\/v2\/categories?post=21679"},{"taxonomy":"post_tag","embeddable":true,"href":"https:\/\/blog.holyart.it\/it\/wp-json\/wp\/v2\/tags?post=21679"}],"curies":[{"name":"wp","href":"https:\/\/api.w.org\/{rel}","templated":true}]}}