{"id":21669,"date":"2025-05-21T10:00:30","date_gmt":"2025-05-21T08:00:30","guid":{"rendered":"https:\/\/blog.holyart.it\/it\/?p=21669"},"modified":"2025-06-04T17:40:54","modified_gmt":"2025-06-04T15:40:54","slug":"santurbano-il-patrono-dei-vignaioli","status":"publish","type":"post","link":"https:\/\/blog.holyart.it\/it\/santi-e-beati\/santurbano-il-patrono-dei-vignaioli\/","title":{"rendered":"Sant&#8217;Urbano, il patrono dei vignaioli"},"content":{"rendered":"<h4>Patrono dei vignaioli e invocato sia contro le malattie della vite che l&#8217;alcolismo, Sant&#8217;Urbano cela una storia di identit\u00e0 confuse tra un papa e un vescovo rifugiato tra le vigne. Scopriamo la verit\u00e0<\/h4>\n\n<p>Esiste un santo, la cui figura \u00e8 profondamente intrecciata con la tradizione vitivinicola europea. Si tratta di\u00a0<strong>Sant&#8217;Urbano<\/strong>. Ma, in realt\u00e0, dietro questo santo protettore si cela una storia di omonimia e tradizioni sovrapposte che merita di essere esplorata. Due figure storiche distinte, entrambe di nome Urbano, sono state associate nel corso dei secoli alla protezione delle vigne e dei vignaioli. Si tratta di\u00a0<strong>Papa Urbano I<\/strong>, diciassettesimo Pontefice, vissuto a Roma e morto nel 230 d.C., la cui memoria liturgica cade il 25 maggio; e\u00a0<strong>Sant&#8217;Urbano di Langres<\/strong>, vescovo di Langres dal 374 fino alla morte avvenuta nel 390 d.C., festeggiato il 2 aprile.<\/p>\n<p>\u00c8 difficile ricostruire le vicende agiografiche che hanno portato nei secoli a sovrapporre le figure di questi due uomini di chiesa, lontani nel tempo e nello spazio.\u00a0Tuttavia, a causa dell&#8217;omonimia e della sovrapposizione delle tradizioni, in molte regioni si continua ancora oggi a venerare indifferentemente l&#8217;uno o l&#8217;altro Santo Urbano, o addirittura una figura ibrida che combina elementi di entrambi. La confusione tra Papa Urbano I e Sant&#8217;Urbano di Langres rappresenta un interessante caso di sovrapposizione di culti dovuta all&#8217;<strong>omonimia<\/strong>. Sebbene entrambi siano venerati come santi, vedremo che \u00e8\u00a0<strong>Urbano di Langres<\/strong>\u00a0a poter essere correttamente identificato come il patrono dei vignaioli, grazie alla sua diretta esperienza con i lavoratori delle vigne.<br \/>\nQuesta distinzione non diminuisce l&#8217;importanza di Papa Urbano I nella storia della Chiesa, ma \u00e8 giusto attribuire correttamente il patronato della viticoltura al santo che effettivamente visse un&#8217;esperienza significativa a contatto con il mondo del vino.<\/p>\n<div class=\"link-product\">\n<div class=\"blocco-immagine\"><img loading=\"lazy\" decoding=\"async\" class=\"size-full wp-image-21671 alignleft\" src=\"https:\/\/blog.holyart.it\/it\/wp-content\/uploads\/sites\/17\/2025\/04\/santurbano-legno-colorato-valgardena.jpg\" alt=\"sant'urbano legno colorato valgardena\" width=\"100\" height=\"100\" data-kale-share-title=\"Sant\u2019Urbano, il patrono dei vignaioli\" data-kale-share-url=\"https:\/\/blog.holyart.it\/it\/?p=21669\" \/><\/div>\n<div class=\"blocco-contenuto\">\n<div class=\"blocco-acquista\">Acquista su Holyart:<\/div>\n<div class=\"blocco-titolo\"><a href=\"https:\/\/www.holyart.it\/it\/articoli-religiosi\/statue\/statue-in-legno-dipinto\/santurbano-legno-colorato-valgardena\">Sant&#8217;Urbano legno colorato Valgardena<\/a><\/div>\n<div class=\"blocco-descrizione\">Statua in legno d&#8217;acero e successivamente dipinto a mano dagli artigiani pittori della val Gardena.<\/div>\n<\/div>\n<\/div>\n<p>Scopriamo insieme le loro storie e facciamo chiarezza su chi sia veramente il\u00a0<a href=\"https:\/\/www.holyart.it\/it\/articoli-religiosi\/statue\/statue-in-legno-dipinto\/santurbano-legno-colorato-valgardena\"><strong>patrono dei viticoltori<\/strong><\/a>.<\/p>\n<h2>Papa Urbano I: una storia incerta<\/h2>\n<p><strong>Papa Urbano I\u00a0<\/strong>guid\u00f2 la Chiesa di Roma dal 222 al 230 d.C., durante il regno dell&#8217;imperatore Alessandro Severo. Nato in una famiglia romana, Urbano visse in un periodo di relativa calma per i cristiani, bench\u00e9 sempre precaria, succedendo a Papa Callisto I.\u00a0Il suo pontificato si svolse in un&#8217;epoca di transizione per la Chiesa primitiva, durante la quale si cercava di consolidare la struttura ecclesiastica e difendere la fede dalle persecuzioni e dalle eresie emergenti. Tuttavia, la maggior parte delle notizie giunte fino a noi riguardo questo Pontefice e le illustri conversioni di cui sarebbe stato l&#8217;artefice sono prive di un&#8217;efficacie documentazione storica. Priva di fondamento storico e anche improbabile la teoria per cui avrebbe subito il martirio per decapitazione, intorno al 230 d.C. Il suo corpo venne sepolto nella catacomba di Pretestato, lungo la Via Appia.<\/p>\n<p>La confusione storica intorno a Papa Urbano I \u00e8 stata influenzata da una\u00a0<strong>tradizione agiografica<\/strong>\u00a0che si \u00e8 sviluppata fin dal V secolo. Questa confusione \u00e8 nata principalmente a causa dell&#8217;omonimia con un altro Urbano, un confessore romano vissuto probabilmente durante la persecuzione di Decio. La tradizione agiografica ha alterato il profilo storico di Papa Urbano I, attribuendogli eventi e qualifiche che non sono supportati da fonti storiche contemporanee. Ad esempio, il\u00a0<em>Liber pontificalis<\/em>\u00a0riporta notizie leggendarie sulla sua vita, come la sua presunta <a href=\"https:\/\/www.holyart.it\/blog\/santi-e-beati\/santi-martiri-sacrificare-la-propria-vita-in-nome-di-dio\/\"><strong>morte da martire<\/strong><\/a>, che non trova conferma in fonti storiche attendibili.<\/p>\n<div class=\"link-article\">\n<p><img loading=\"lazy\" decoding=\"async\" class=\"size-full wp-image-21672 alignleft\" src=\"https:\/\/blog.holyart.it\/it\/wp-content\/uploads\/sites\/17\/2025\/04\/Santi-martiri.jpg\" alt=\"Santi martiri\" width=\"150\" height=\"99\" data-kale-share-title=\"Sant\u2019Urbano, il patrono dei vignaioli\" data-kale-share-url=\"https:\/\/blog.holyart.it\/it\/?p=21669\" \/><\/p>\n<div class=\"leggi-anche\">Leggi anche:<\/div>\n<p><strong><a href=\"https:\/\/www.holyart.it\/blog\/santi-e-beati\/santi-martiri-sacrificare-la-propria-vita-in-nome-di-dio\/\">Santi Martiri: sacrificare la propria vita in nome di Dio<\/a><\/strong><br \/>\nI Santi Martiri sono uomini e donne, spesso molto giovani, che hanno sacrificato la propria vita per amore di Dio&#8230;<\/p>\n<\/div>\n<p>Inoltre, un&#8217;altra fonte di confusione \u00e8 stata l&#8217;omonimia con\u00a0<strong>Urbano di Langres<\/strong>, un vescovo del V secolo.<br \/>\nIn sintesi, la confusione intorno a Papa Urbano I deriva da una combinazione di omonimia con altri personaggi storici e da tradizioni agiografiche che hanno alterato il suo profilo storico nel corso dei secoli.<\/p>\n<h2>Urbano di Langres: il Vescovo tra le vigne<\/h2>\n<p><strong>Urbano di Langres<\/strong>\u00a0visse molto pi\u00f9 tardi rispetto al suo omonimo pontefice, nel IV secolo d.C., nell&#8217;attuale Francia. Fu il sesto vescovo della diocesi di Langres, una regione che gi\u00e0 all&#8217;epoca era nota per la sua produzione vinicola, tradizione che continua fino ai giorni nostri con i famosi vini della Borgogna.<br \/>\nUrbano govern\u00f2 la diocesi di Langres dal 374 fino alla sua morte. Aveva una sorella di nome Lodegaria, anche lei venerata come santa.<br \/>\nLa storia della sua fuga e del rifugio tra i\u00a0<strong>vigneti\u00a0<\/strong>costituisce il nucleo del suo legame con il mondo vitivinicolo. Poco dopo aver assunto la carica episcopale, scoppiarono dei tumulti per motivi politici che lo costrinsero a fuggire dalla sua residenza. In questa situazione di pericolo, trov\u00f2 riparo nelle vigne circostanti la citt\u00e0, dove i vignaioli, colpiti dalla sua dignit\u00e0 e dal suo messaggio, lo nascosero dai suoi persecutori.<br \/>\nDurante questo periodo di clandestinit\u00e0, Urbano non rimase inattivo, ma colse l&#8217;opportunit\u00e0 per evangelizzare i lavoratori delle vigne, molti dei quali non erano ancora cristiani. La sua\u00a0<a href=\"https:\/\/www.holyart.it\/blog\/articoli-religiosi\/giornata-mondiale-missionaria-donare-se-stessi-agli-altri\/\"><strong>opera missionaria<\/strong><\/a>\u00a0ebbe successo, e gli stessi vignaioli che lo avevano inizialmente accolto per umanit\u00e0 divennero suoi discepoli, aiutandolo a spostarsi segretamente da un villaggio all&#8217;altro attraverso i sentieri nascosti tra i vigneti.<\/p>\n<div class=\"link-article\">\n<p><img loading=\"lazy\" decoding=\"async\" class=\"size-full wp-image-21673 alignleft\" src=\"https:\/\/blog.holyart.it\/it\/wp-content\/uploads\/sites\/17\/2025\/04\/giornata-missionaria-mondiale.jpg\" alt=\"giornata missionaria mondiale\" width=\"150\" height=\"99\" data-kale-share-title=\"Sant\u2019Urbano, il patrono dei vignaioli\" data-kale-share-url=\"https:\/\/blog.holyart.it\/it\/?p=21669\" \/><\/p>\n<div class=\"leggi-anche\">Leggi anche:<\/div>\n<p><strong><a href=\"https:\/\/www.holyart.it\/blog\/articoli-religiosi\/giornata-mondiale-missionaria-donare-se-stessi-agli-altri\/\">Giornata missionaria mondiale: donare se stessi agli altri<\/a><\/strong><br \/>\nIl 24 ottobre si celebra la Giornata Missionaria Mondiale che consacra ottobre a mese missionario per eccellenza&#8230;<\/p>\n<\/div>\n<p>Secondo altre tradizioni, Urbano di Langres avrebbe anche contribuito attivamente allo sviluppo della viticoltura nella regione, insegnando tecniche migliorate di coltivazione della vite e di vinificazione. Il suo operato avrebbe portato a un miglioramento qualitativo dei vini locali, guadagnandosi cos\u00ec la gratitudine e la devozione dei vignaioli.<\/p>\n<p>La sua festa si celebra il\u00a0<strong>2 aprile<\/strong>, e in Germania e Francia \u00e8 anche associato a proverbi legati alle previsioni meteorologiche per il raccolto. Inoltre, \u00e8\u00a0<strong>protettore dei bottai<\/strong>, un mestiere strettamente legato alla produzione del vino. Sant&#8217;Urbano di Langres \u00e8 anche invocato contro le\u00a0<strong>malattie delle viti<\/strong>\u00a0e l&#8217;<strong>alcolismo<\/strong>.<\/p>\n<h2>Chi \u00e8 il Santo Protettore dei vignaioli<\/h2>\n<p>La sovrapposizione tra queste due figure storiche ha generato una certa confusione nel corso dei secoli.\u00a0Alla luce delle evidenze storiche e delle tradizioni consolidate, possiamo affermare che<strong>\u00a0Sant&#8217;Urbano di Langres<\/strong>\u00a0\u00e8 il vero patrono dei vignaioli. Il suo legame diretto con la viticoltura, la sua esperienza tra i viticoltori della Borgogna e le numerose tradizioni che lo collegano al ciclo produttivo della vite lo qualificano come il protettore naturale di <a href=\"https:\/\/www.holyart.it\/it\/prodotti-dei-monasteri\/vini-bianchi-e-rossi\"><strong>chi lavora nei vigneti<\/strong><\/a>.<\/p>\n<div class=\"link-product\">\n<div class=\"blocco-immagine\"><img loading=\"lazy\" decoding=\"async\" class=\"size-full wp-image-21674 alignleft\" src=\"https:\/\/blog.holyart.it\/it\/wp-content\/uploads\/sites\/17\/2025\/04\/vino-rosso-toscano-borbotto-750-ml-2022.jpg\" alt=\"vino rosso toscano borbotto 750 ml 2022\" width=\"100\" height=\"100\" data-kale-share-title=\"Sant\u2019Urbano, il patrono dei vignaioli\" data-kale-share-url=\"https:\/\/blog.holyart.it\/it\/?p=21669\" \/><\/div>\n<div class=\"blocco-contenuto\">\n<div class=\"blocco-acquista\">Acquista su Holyart:<\/div>\n<div class=\"blocco-titolo\"><a href=\"https:\/\/www.holyart.it\/it\/prodotti-dei-monasteri\/vini-bianchi-e-rossi\">Vini bianchi e rossi<\/a><\/div>\n<div class=\"blocco-descrizione\">Vini bianchi e rossi dei monasteri, frutto dei vigneti lavorati dai monaci e monache per il loro sostentamento.<\/div>\n<\/div>\n<\/div>\n<p>L&#8217;associazione di Papa Urbano I con la vite \u00e8 probabilmente frutto di un&#8217;interpretazione erronea della sua iconografia o di una sovrapposizione con la figura del vescovo francese. Nel Medioevo, quando il culto dei santi si diffuse ampiamente, le storie e gli attributi di santi omonimi spesso si mescolavano, creando tradizioni ibride. Esistono perfino raffigurazioni iconografiche di Papa Urbano che lo rappresentano\u00a0<strong>circondato da grappoli d&#8217;uva<\/strong>. Questa confusione tra i due santi omonimi si \u00e8 verificata soprattutto in Francia e Germania. In Italia, l&#8217;iconografia di Papa Urbano I non include generalmente l&#8217;uva, e i suoi attributi pi\u00f9 comuni sono la tonsura e la barba corta.<\/p>\n<p>Nelle regioni viticole europee, soprattutto in Francia, Germania e Italia settentrionale, la figura di Sant&#8217;Urbano \u00e8 diventata fondamentale nel\u00a0<strong>calendario agricolo<\/strong>. Il giorno della sua festa, il 2 aprile, era tradizionalmente osservato come un importante indicatore meteorologico per prevedere l&#8217;andamento della stagione viticola. In molte regioni viticole, si tenevano processioni attraverso i vigneti, durante le quali si portava in processione la statua del santo e si benedicevano le viti per assicurare un raccolto abbondante.<\/p>\n","protected":false},"excerpt":{"rendered":"<p>Patrono dei vignaioli e invocato sia contro le malattie della vite che l&#8217;alcolismo, Sant&#8217;Urbano cela una storia di identit\u00e0 confuse tra un papa e un vescovo rifugiato tra le vigne. Scopriamo la verit\u00e0 Esiste un santo, la cui figura \u00e8 profondamente intrecciata con la tradizione&hellip;<\/p>\n","protected":false},"author":1,"featured_media":21677,"comment_status":"closed","ping_status":"open","sticky":false,"template":"","format":"standard","meta":{"_acf_changed":false,"footnotes":""},"categories":[15],"tags":[],"class_list":["post-21669","post","type-post","status-publish","format-standard","has-post-thumbnail","hentry","category-santi-e-beati"],"acf":[],"yoast_head":"<!-- This site is optimized with the Yoast SEO plugin v26.6 - https:\/\/yoast.com\/wordpress\/plugins\/seo\/ -->\n<title>Sant&#039;Urbano, il patrono dei vignaioli - Holyblog<\/title>\n<meta name=\"description\" content=\"Papa di Roma o Vescovo francese? Scopriamo chi \u00e8 Sant\u2019Urbano, Patrono dei vignaioli e invocato contro le malattie della vite che l\u2019alcolismo\" \/>\n<meta name=\"robots\" content=\"index, follow, max-snippet:-1, max-image-preview:large, max-video-preview:-1\" \/>\n<link rel=\"canonical\" href=\"https:\/\/blog.holyart.it\/it\/santi-e-beati\/santurbano-il-patrono-dei-vignaioli\/\" \/>\n<meta property=\"og:locale\" content=\"it_IT\" \/>\n<meta property=\"og:type\" content=\"article\" \/>\n<meta property=\"og:title\" content=\"Sant&#039;Urbano, il patrono dei vignaioli - Holyblog\" \/>\n<meta property=\"og:description\" content=\"Papa di Roma o Vescovo francese? Scopriamo chi \u00e8 Sant\u2019Urbano, Patrono dei vignaioli e invocato contro le malattie della vite che l\u2019alcolismo\" \/>\n<meta property=\"og:url\" content=\"https:\/\/blog.holyart.it\/it\/santi-e-beati\/santurbano-il-patrono-dei-vignaioli\/\" \/>\n<meta property=\"og:site_name\" content=\"Holyblog\" \/>\n<meta property=\"article:published_time\" content=\"2025-05-21T08:00:30+00:00\" \/>\n<meta property=\"article:modified_time\" content=\"2025-06-04T15:40:54+00:00\" \/>\n<meta property=\"og:image\" content=\"https:\/\/blog.holyart.it\/it\/wp-content\/uploads\/sites\/17\/2025\/04\/santurbano-protettore-dei-vignaioli.jpg\" \/>\n\t<meta property=\"og:image:width\" content=\"1000\" \/>\n\t<meta property=\"og:image:height\" content=\"666\" \/>\n\t<meta property=\"og:image:type\" content=\"image\/jpeg\" \/>\n<meta name=\"author\" content=\"Redazione\" \/>\n<meta name=\"twitter:card\" content=\"summary_large_image\" \/>\n<meta name=\"twitter:label1\" content=\"Scritto da\" \/>\n\t<meta name=\"twitter:data1\" content=\"Redazione\" \/>\n\t<meta name=\"twitter:label2\" content=\"Tempo di lettura stimato\" \/>\n\t<meta name=\"twitter:data2\" content=\"8 minuti\" \/>\n<script type=\"application\/ld+json\" class=\"yoast-schema-graph\">{\"@context\":\"https:\/\/schema.org\",\"@graph\":[{\"@type\":\"Article\",\"@id\":\"https:\/\/blog.holyart.it\/it\/santi-e-beati\/santurbano-il-patrono-dei-vignaioli\/#article\",\"isPartOf\":{\"@id\":\"https:\/\/blog.holyart.it\/it\/santi-e-beati\/santurbano-il-patrono-dei-vignaioli\/\"},\"author\":{\"name\":\"Redazione\",\"@id\":\"https:\/\/blog.holyart.it\/it\/#\/schema\/person\/0a7b686e5af0f856ec1e390dd0baecda\"},\"headline\":\"Sant&#8217;Urbano, il patrono dei vignaioli\",\"datePublished\":\"2025-05-21T08:00:30+00:00\",\"dateModified\":\"2025-06-04T15:40:54+00:00\",\"mainEntityOfPage\":{\"@id\":\"https:\/\/blog.holyart.it\/it\/santi-e-beati\/santurbano-il-patrono-dei-vignaioli\/\"},\"wordCount\":1252,\"publisher\":{\"@id\":\"https:\/\/blog.holyart.it\/it\/#organization\"},\"image\":{\"@id\":\"https:\/\/blog.holyart.it\/it\/santi-e-beati\/santurbano-il-patrono-dei-vignaioli\/#primaryimage\"},\"thumbnailUrl\":\"https:\/\/blog.holyart.it\/it\/wp-content\/uploads\/sites\/17\/2025\/04\/santurbano-protettore-dei-vignaioli.jpg\",\"articleSection\":[\"Santi e beati\"],\"inLanguage\":\"it-IT\"},{\"@type\":\"WebPage\",\"@id\":\"https:\/\/blog.holyart.it\/it\/santi-e-beati\/santurbano-il-patrono-dei-vignaioli\/\",\"url\":\"https:\/\/blog.holyart.it\/it\/santi-e-beati\/santurbano-il-patrono-dei-vignaioli\/\",\"name\":\"Sant'Urbano, il patrono dei vignaioli - Holyblog\",\"isPartOf\":{\"@id\":\"https:\/\/blog.holyart.it\/it\/#website\"},\"primaryImageOfPage\":{\"@id\":\"https:\/\/blog.holyart.it\/it\/santi-e-beati\/santurbano-il-patrono-dei-vignaioli\/#primaryimage\"},\"image\":{\"@id\":\"https:\/\/blog.holyart.it\/it\/santi-e-beati\/santurbano-il-patrono-dei-vignaioli\/#primaryimage\"},\"thumbnailUrl\":\"https:\/\/blog.holyart.it\/it\/wp-content\/uploads\/sites\/17\/2025\/04\/santurbano-protettore-dei-vignaioli.jpg\",\"datePublished\":\"2025-05-21T08:00:30+00:00\",\"dateModified\":\"2025-06-04T15:40:54+00:00\",\"description\":\"Papa di Roma o Vescovo francese? Scopriamo chi \u00e8 Sant\u2019Urbano, Patrono dei vignaioli e invocato contro le malattie della vite che l\u2019alcolismo\",\"breadcrumb\":{\"@id\":\"https:\/\/blog.holyart.it\/it\/santi-e-beati\/santurbano-il-patrono-dei-vignaioli\/#breadcrumb\"},\"inLanguage\":\"it-IT\",\"potentialAction\":[{\"@type\":\"ReadAction\",\"target\":[\"https:\/\/blog.holyart.it\/it\/santi-e-beati\/santurbano-il-patrono-dei-vignaioli\/\"]}]},{\"@type\":\"ImageObject\",\"inLanguage\":\"it-IT\",\"@id\":\"https:\/\/blog.holyart.it\/it\/santi-e-beati\/santurbano-il-patrono-dei-vignaioli\/#primaryimage\",\"url\":\"https:\/\/blog.holyart.it\/it\/wp-content\/uploads\/sites\/17\/2025\/04\/santurbano-protettore-dei-vignaioli.jpg\",\"contentUrl\":\"https:\/\/blog.holyart.it\/it\/wp-content\/uploads\/sites\/17\/2025\/04\/santurbano-protettore-dei-vignaioli.jpg\",\"width\":1000,\"height\":666,\"caption\":\"sant'urbano protettore dei vignaioli\"},{\"@type\":\"BreadcrumbList\",\"@id\":\"https:\/\/blog.holyart.it\/it\/santi-e-beati\/santurbano-il-patrono-dei-vignaioli\/#breadcrumb\",\"itemListElement\":[{\"@type\":\"ListItem\",\"position\":1,\"name\":\"Homepage\",\"item\":\"https:\/\/blog.holyart.it\/it\/\"},{\"@type\":\"ListItem\",\"position\":2,\"name\":\"Santi e beati\",\"item\":\"https:\/\/blog.holyart.it\/it\/santi-e-beati\/\"},{\"@type\":\"ListItem\",\"position\":3,\"name\":\"Sant&#8217;Urbano, il patrono dei vignaioli\"}]},{\"@type\":\"WebSite\",\"@id\":\"https:\/\/blog.holyart.it\/it\/#website\",\"url\":\"https:\/\/blog.holyart.it\/it\/\",\"name\":\"Holyblog\",\"description\":\"Il Blog di Holyart.it\",\"publisher\":{\"@id\":\"https:\/\/blog.holyart.it\/it\/#organization\"},\"potentialAction\":[{\"@type\":\"SearchAction\",\"target\":{\"@type\":\"EntryPoint\",\"urlTemplate\":\"https:\/\/blog.holyart.it\/it\/?s={search_term_string}\"},\"query-input\":{\"@type\":\"PropertyValueSpecification\",\"valueRequired\":true,\"valueName\":\"search_term_string\"}}],\"inLanguage\":\"it-IT\"},{\"@type\":\"Organization\",\"@id\":\"https:\/\/blog.holyart.it\/it\/#organization\",\"name\":\"Holyblog\",\"url\":\"https:\/\/blog.holyart.it\/it\/\",\"logo\":{\"@type\":\"ImageObject\",\"inLanguage\":\"it-IT\",\"@id\":\"https:\/\/blog.holyart.it\/it\/#\/schema\/logo\/image\/\",\"url\":\"https:\/\/blog.holyart.it\/it\/wp-content\/uploads\/sites\/17\/2022\/12\/Holyart_Blog_Logo.jpg\",\"contentUrl\":\"https:\/\/blog.holyart.it\/it\/wp-content\/uploads\/sites\/17\/2022\/12\/Holyart_Blog_Logo.jpg\",\"width\":300,\"height\":50,\"caption\":\"Holyblog\"},\"image\":{\"@id\":\"https:\/\/blog.holyart.it\/it\/#\/schema\/logo\/image\/\"}},{\"@type\":\"Person\",\"@id\":\"https:\/\/blog.holyart.it\/it\/#\/schema\/person\/0a7b686e5af0f856ec1e390dd0baecda\",\"name\":\"Redazione\"}]}<\/script>\n<!-- \/ Yoast SEO plugin. -->","yoast_head_json":{"title":"Sant'Urbano, il patrono dei vignaioli - Holyblog","description":"Papa di Roma o Vescovo francese? Scopriamo chi \u00e8 Sant\u2019Urbano, Patrono dei vignaioli e invocato contro le malattie della vite che l\u2019alcolismo","robots":{"index":"index","follow":"follow","max-snippet":"max-snippet:-1","max-image-preview":"max-image-preview:large","max-video-preview":"max-video-preview:-1"},"canonical":"https:\/\/blog.holyart.it\/it\/santi-e-beati\/santurbano-il-patrono-dei-vignaioli\/","og_locale":"it_IT","og_type":"article","og_title":"Sant'Urbano, il patrono dei vignaioli - Holyblog","og_description":"Papa di Roma o Vescovo francese? Scopriamo chi \u00e8 Sant\u2019Urbano, Patrono dei vignaioli e invocato contro le malattie della vite che l\u2019alcolismo","og_url":"https:\/\/blog.holyart.it\/it\/santi-e-beati\/santurbano-il-patrono-dei-vignaioli\/","og_site_name":"Holyblog","article_published_time":"2025-05-21T08:00:30+00:00","article_modified_time":"2025-06-04T15:40:54+00:00","og_image":[{"width":1000,"height":666,"url":"https:\/\/blog.holyart.it\/it\/wp-content\/uploads\/sites\/17\/2025\/04\/santurbano-protettore-dei-vignaioli.jpg","type":"image\/jpeg"}],"author":"Redazione","twitter_card":"summary_large_image","twitter_misc":{"Scritto da":"Redazione","Tempo di lettura stimato":"8 minuti"},"schema":{"@context":"https:\/\/schema.org","@graph":[{"@type":"Article","@id":"https:\/\/blog.holyart.it\/it\/santi-e-beati\/santurbano-il-patrono-dei-vignaioli\/#article","isPartOf":{"@id":"https:\/\/blog.holyart.it\/it\/santi-e-beati\/santurbano-il-patrono-dei-vignaioli\/"},"author":{"name":"Redazione","@id":"https:\/\/blog.holyart.it\/it\/#\/schema\/person\/0a7b686e5af0f856ec1e390dd0baecda"},"headline":"Sant&#8217;Urbano, il patrono dei vignaioli","datePublished":"2025-05-21T08:00:30+00:00","dateModified":"2025-06-04T15:40:54+00:00","mainEntityOfPage":{"@id":"https:\/\/blog.holyart.it\/it\/santi-e-beati\/santurbano-il-patrono-dei-vignaioli\/"},"wordCount":1252,"publisher":{"@id":"https:\/\/blog.holyart.it\/it\/#organization"},"image":{"@id":"https:\/\/blog.holyart.it\/it\/santi-e-beati\/santurbano-il-patrono-dei-vignaioli\/#primaryimage"},"thumbnailUrl":"https:\/\/blog.holyart.it\/it\/wp-content\/uploads\/sites\/17\/2025\/04\/santurbano-protettore-dei-vignaioli.jpg","articleSection":["Santi e beati"],"inLanguage":"it-IT"},{"@type":"WebPage","@id":"https:\/\/blog.holyart.it\/it\/santi-e-beati\/santurbano-il-patrono-dei-vignaioli\/","url":"https:\/\/blog.holyart.it\/it\/santi-e-beati\/santurbano-il-patrono-dei-vignaioli\/","name":"Sant'Urbano, il patrono dei vignaioli - Holyblog","isPartOf":{"@id":"https:\/\/blog.holyart.it\/it\/#website"},"primaryImageOfPage":{"@id":"https:\/\/blog.holyart.it\/it\/santi-e-beati\/santurbano-il-patrono-dei-vignaioli\/#primaryimage"},"image":{"@id":"https:\/\/blog.holyart.it\/it\/santi-e-beati\/santurbano-il-patrono-dei-vignaioli\/#primaryimage"},"thumbnailUrl":"https:\/\/blog.holyart.it\/it\/wp-content\/uploads\/sites\/17\/2025\/04\/santurbano-protettore-dei-vignaioli.jpg","datePublished":"2025-05-21T08:00:30+00:00","dateModified":"2025-06-04T15:40:54+00:00","description":"Papa di Roma o Vescovo francese? Scopriamo chi \u00e8 Sant\u2019Urbano, Patrono dei vignaioli e invocato contro le malattie della vite che l\u2019alcolismo","breadcrumb":{"@id":"https:\/\/blog.holyart.it\/it\/santi-e-beati\/santurbano-il-patrono-dei-vignaioli\/#breadcrumb"},"inLanguage":"it-IT","potentialAction":[{"@type":"ReadAction","target":["https:\/\/blog.holyart.it\/it\/santi-e-beati\/santurbano-il-patrono-dei-vignaioli\/"]}]},{"@type":"ImageObject","inLanguage":"it-IT","@id":"https:\/\/blog.holyart.it\/it\/santi-e-beati\/santurbano-il-patrono-dei-vignaioli\/#primaryimage","url":"https:\/\/blog.holyart.it\/it\/wp-content\/uploads\/sites\/17\/2025\/04\/santurbano-protettore-dei-vignaioli.jpg","contentUrl":"https:\/\/blog.holyart.it\/it\/wp-content\/uploads\/sites\/17\/2025\/04\/santurbano-protettore-dei-vignaioli.jpg","width":1000,"height":666,"caption":"sant'urbano protettore dei vignaioli"},{"@type":"BreadcrumbList","@id":"https:\/\/blog.holyart.it\/it\/santi-e-beati\/santurbano-il-patrono-dei-vignaioli\/#breadcrumb","itemListElement":[{"@type":"ListItem","position":1,"name":"Homepage","item":"https:\/\/blog.holyart.it\/it\/"},{"@type":"ListItem","position":2,"name":"Santi e beati","item":"https:\/\/blog.holyart.it\/it\/santi-e-beati\/"},{"@type":"ListItem","position":3,"name":"Sant&#8217;Urbano, il patrono dei vignaioli"}]},{"@type":"WebSite","@id":"https:\/\/blog.holyart.it\/it\/#website","url":"https:\/\/blog.holyart.it\/it\/","name":"Holyblog","description":"Il Blog di Holyart.it","publisher":{"@id":"https:\/\/blog.holyart.it\/it\/#organization"},"potentialAction":[{"@type":"SearchAction","target":{"@type":"EntryPoint","urlTemplate":"https:\/\/blog.holyart.it\/it\/?s={search_term_string}"},"query-input":{"@type":"PropertyValueSpecification","valueRequired":true,"valueName":"search_term_string"}}],"inLanguage":"it-IT"},{"@type":"Organization","@id":"https:\/\/blog.holyart.it\/it\/#organization","name":"Holyblog","url":"https:\/\/blog.holyart.it\/it\/","logo":{"@type":"ImageObject","inLanguage":"it-IT","@id":"https:\/\/blog.holyart.it\/it\/#\/schema\/logo\/image\/","url":"https:\/\/blog.holyart.it\/it\/wp-content\/uploads\/sites\/17\/2022\/12\/Holyart_Blog_Logo.jpg","contentUrl":"https:\/\/blog.holyart.it\/it\/wp-content\/uploads\/sites\/17\/2022\/12\/Holyart_Blog_Logo.jpg","width":300,"height":50,"caption":"Holyblog"},"image":{"@id":"https:\/\/blog.holyart.it\/it\/#\/schema\/logo\/image\/"}},{"@type":"Person","@id":"https:\/\/blog.holyart.it\/it\/#\/schema\/person\/0a7b686e5af0f856ec1e390dd0baecda","name":"Redazione"}]}},"_links":{"self":[{"href":"https:\/\/blog.holyart.it\/it\/wp-json\/wp\/v2\/posts\/21669","targetHints":{"allow":["GET"]}}],"collection":[{"href":"https:\/\/blog.holyart.it\/it\/wp-json\/wp\/v2\/posts"}],"about":[{"href":"https:\/\/blog.holyart.it\/it\/wp-json\/wp\/v2\/types\/post"}],"author":[{"embeddable":true,"href":"https:\/\/blog.holyart.it\/it\/wp-json\/wp\/v2\/users\/1"}],"replies":[{"embeddable":true,"href":"https:\/\/blog.holyart.it\/it\/wp-json\/wp\/v2\/comments?post=21669"}],"version-history":[{"count":4,"href":"https:\/\/blog.holyart.it\/it\/wp-json\/wp\/v2\/posts\/21669\/revisions"}],"predecessor-version":[{"id":22053,"href":"https:\/\/blog.holyart.it\/it\/wp-json\/wp\/v2\/posts\/21669\/revisions\/22053"}],"wp:featuredmedia":[{"embeddable":true,"href":"https:\/\/blog.holyart.it\/it\/wp-json\/wp\/v2\/media\/21677"}],"wp:attachment":[{"href":"https:\/\/blog.holyart.it\/it\/wp-json\/wp\/v2\/media?parent=21669"}],"wp:term":[{"taxonomy":"category","embeddable":true,"href":"https:\/\/blog.holyart.it\/it\/wp-json\/wp\/v2\/categories?post=21669"},{"taxonomy":"post_tag","embeddable":true,"href":"https:\/\/blog.holyart.it\/it\/wp-json\/wp\/v2\/tags?post=21669"}],"curies":[{"name":"wp","href":"https:\/\/api.w.org\/{rel}","templated":true}]}}