{"id":21609,"date":"2025-04-21T10:00:25","date_gmt":"2025-04-21T08:00:25","guid":{"rendered":"https:\/\/blog.holyart.it\/it\/?p=21609"},"modified":"2026-03-23T17:14:09","modified_gmt":"2026-03-23T16:14:09","slug":"ottava-di-pasqua-significato-e-tradizioni","status":"publish","type":"post","link":"https:\/\/blog.holyart.it\/it\/pasqua\/ottava-di-pasqua-significato-e-tradizioni\/","title":{"rendered":"Ottava di Pasqua: significato e tradizioni"},"content":{"rendered":"<h4>L&#8217;Ottava di Pasqua: otto giorni di intensa celebrazione in cui la Chiesa vive la gioia pasquale come un&#8217;unica grande solennit\u00e0<\/h4>\n\n<p>L&#8217;Ottava di Pasqua \u00e8 il\u00a0<strong>periodo di otto giorni<\/strong>\u00a0che inizia con la\u00a0<strong>Domenica di Pasqua<\/strong>\u00a0e si conclude la domenica successiva, chiamata\u00a0<a href=\"https:\/\/www.holyart.it\/blog\/articoli-religiosi\/domenica-in-albis-significato-religioso\/\"><strong><em>Domenica in Albis<\/em><\/strong><\/a><em>\u00a0<\/em>o, pi\u00f9 recentemente,\u00a0<strong>Domenica della Divina Misericordia.<\/strong><br \/>\nIl termine\u00a0<strong><em>ottava<\/em><\/strong>\u00a0deriva dal latino<em>\u00a0octava dies<\/em>, che significa\u00a0<em>ottavo giorno<\/em>. Nella tradizione cristiana, questo periodo viene considerato come\u00a0<strong>un&#8217;unica grande celebrazione<\/strong>, un prolungamento della gioia pasquale, che segue il Trionfo di Cristo nella Domenica di Resurrezione, quella che tutti conosciamo come\u00a0<strong>Pasqua<\/strong>.<\/p>\n<div class=\"link-article\">\n<p><img loading=\"lazy\" decoding=\"async\" class=\"size-full wp-image-21611 alignleft\" src=\"https:\/\/blog.holyart.it\/it\/wp-content\/uploads\/sites\/17\/2025\/03\/domenica-in-albis.jpg\" alt=\"domenica in albis\" width=\"150\" height=\"99\" data-kale-share-title=\"Ottava di Pasqua: che cos\u2019\u00e8 e come si svolge\" data-kale-share-url=\"https:\/\/blog.holyart.it\/it\/?p=21609\" \/><\/p>\n<div class=\"leggi-anche\">Leggi anche:<\/div>\n<p><strong><a href=\"https:\/\/www.holyart.it\/blog\/pasqua\/domenica-in-albis-significato-religioso\/\">Domenica in Albis: cosa si ricorda e qual \u00e8 il significato religioso di questa giornata<\/a><\/strong><br \/>\nLa celebrazione della Domenica in albis unisce riti antichissimi&#8230;<\/p>\n<\/div>\n<p>Durante questi otto giorni, la liturgia mantiene lo stesso\u00a0<strong>carattere festivo<\/strong>\u00a0della Domenica di Resurrezione. Ogni giorno viene celebrato\u00a0<strong>come se fosse ancora Pasqua<\/strong>, sottolineando l&#8217;importanza centrale che la resurrezione di Cristo riveste per la fede cristiana. Non si tratta semplicemente di un&#8217;estensione della festa, ma di\u00a0<strong>un tempo necessario per assimilare e contemplare il mistero pasquale\u00a0<\/strong>nella sua pienezza. Del resto sarebbe riduttivo circoscrivere l&#8217;evento pi\u00f9 importante del <strong><a href=\"https:\/\/www.holyart.it\/blog\/accessori-liturgia\/lanno-e-tempi-liturgici-facciamo-chiarezza\/\">Calendario liturgico<\/a><\/strong>\u00a0a un&#8217;unica, seppur intensa, giornata di festa!<\/p>\n<p>La liturgia dell&#8217;Ottava di Pasqua \u00e8 caratterizzata dal\u00a0<strong>colore bianco<\/strong>, simbolo di festa, luce e purezza. Il canto del\u00a0<em>Gloria<\/em>\u00a0e dell&#8217;<em>Alleluia<\/em>, omesso durante la Quaresima, risuona quotidianamente. Nelle chiese, il\u00a0<a href=\"https:\/\/www.holyart.it\/it\/occasioni-speciali\/pasqua-e-quaresima\/ceri-pasquali-e-basi-portacero\"><strong>cero pasquale<\/strong><\/a>\u00a0rimane acceso come simbolo di Cristo risorto, luce del mondo. Ogni giorno ha una\u00a0<strong>celebrazione liturgica particolare\u00a0<\/strong>e\u00a0letture bibliche specifiche, che raccontano\u00a0<strong>le apparizioni di Ges\u00f9 risorto<\/strong>\u00a0ai suoi discepoli. Si leggono i racconti delle apparizioni alla Maddalena, ai discepoli di Emmaus, a Tommaso e agli altri apostoli, evocando un percorso narrativo che aiuta i fedeli a rivivere l&#8217;esperienza della prima comunit\u00e0 cristiana.<\/p>\n<div class=\"link-product\">\n<div class=\"blocco-immagine\"><img loading=\"lazy\" decoding=\"async\" class=\"size-full wp-image-21612 alignleft\" src=\"https:\/\/blog.holyart.it\/it\/wp-content\/uploads\/sites\/17\/2025\/03\/cero-pasquale-cera-dapi-agnello-oro-e-rosso-croce-8x120-cm.jpg\" alt=\"cero pasquale cera d'api agnello oro e rosso croce 8x120 cm\" width=\"100\" height=\"100\" data-kale-share-title=\"Ottava di Pasqua: che cos\u2019\u00e8 e come si svolge\" data-kale-share-url=\"https:\/\/blog.holyart.it\/it\/?p=21609\" \/><\/div>\n<div class=\"blocco-contenuto\">\n<div class=\"blocco-acquista\">Acquista su Holyart:<\/div>\n<div class=\"blocco-titolo\"><a href=\"https:\/\/www.holyart.it\/it\/occasioni-speciali\/pasqua-e-quaresima\/ceri-pasquali-e-basi-portacero\">Ceri pasquali e basi portacero<\/a><\/div>\n<div class=\"blocco-descrizione\">Ceri pasquali, basi portacero pasquale, adesivi per il cero pasquale e grani di incenso per cero pasquale.<\/div>\n<\/div>\n<\/div>\n<p>Dell&#8217;Ottava di Pasqua fa parte anche il <a href=\"https:\/\/www.holyart.it\/blog\/pasqua\/pasquetta-o-lunedi-dellangelo-scopriamo-perche-vengono-chiamate-cosi\/\"><strong>Luned\u00ec dell&#8217;Angelo<\/strong><\/a>\u00a0(o Pasquetta), il giorno immediatamente successivo alla domenica di Pasqua, che commemora l&#8217;incontro dell&#8217;angelo con le donne che si recarono al sepolcro di Ges\u00f9 e trovarono la tomba vuota.<\/p>\n<p>Questa celebrazione estesa ci ricorda che la Pasqua non \u00e8 un momento isolato, ma un mistero cos\u00ec grande da richiedere tempo per essere contemplato e vissuto nella sua pienezza. L&#8217;Ottava di Pasqua \u00e8 dunque un invito a prolungare la gioia pasquale e a portarla nella vita di tutti i giorni, facendo dell&#8217;esistenza quotidiana un riflesso della luce del Risorto.<\/p>\n<h2>Cosa vuol dire Ottava di Pasqua<\/h2>\n<p>L&#8217;usanza di\u00a0<strong>celebrare le ottave\u00a0<\/strong>ha origini antichissime. Gi\u00e0 nell&#8217;Antico Testamento, alcune festivit\u00e0 ebraiche venivano celebrate per otto giorni, come la\u00a0<strong>festa delle Capanne<\/strong>, o\u00a0<strong><em>Sukkot.<\/em><\/strong>\u00a0Questa tradizione ebraica commemora il viaggio del popolo d&#8217;Israele nel deserto verso la Terra Promessa, quando vivevano in capanne temporanee (<em>sukah<\/em>, al plurale\u00a0<em>sukoth<\/em>). Durante il\u00a0<em>Sukkot<\/em>, gli ebrei si recavano in pellegrinaggio al Tempio di Gerusalemme portando un mazzetto rituale composto da quattro piante diverse: palma, cedro, rami di mirto e di salice, legati insieme con canapa. La Festa delle Capanne dura otto giorni perch\u00e9 commemora gli otto giorni necessari per la consacrazione del Tempio di Salomone, ma anche idealmente il tempo necessario per i pellegrini provenienti da varie parti della terra d&#8217;Israele per raggiungere il Tempio di Gerusalemme. Questa tradizione \u00e8 stata in parte assimilata nella celebrazione cristiana della\u00a0<strong><a href=\"https:\/\/www.holyart.it\/blog\/pasqua\/domenica-delle-palme-storia-e-significato-della-festa\/\">Domenica delle Palme<\/a><\/strong>, in particolare per l&#8217;elemento dei rami benedetti come simbolo di fede.<br \/>\nLa Chiesa cristiana primitiva adott\u00f2 questa struttura, applicandola alle sue celebrazioni principali, in particolare<strong>\u00a0alla Pasqua, al Natale e alla Pentecoste<\/strong>, creando periodi di festa estesi che permettevano di approfondire il significato spirituale di questi eventi fondamentali della fede.<\/p>\n<div class=\"link-article\">\n<p><img loading=\"lazy\" decoding=\"async\" class=\"size-full wp-image-21613 alignleft\" src=\"https:\/\/blog.holyart.it\/it\/wp-content\/uploads\/sites\/17\/2025\/03\/domenica-delle-palme.jpg\" alt=\"domenica delle palme\" width=\"150\" height=\"99\" data-kale-share-title=\"Ottava di Pasqua: che cos\u2019\u00e8 e come si svolge\" data-kale-share-url=\"https:\/\/blog.holyart.it\/it\/?p=21609\" \/><\/p>\n<div class=\"leggi-anche\">Leggi anche:<\/div>\n<p><strong><a href=\"https:\/\/www.holyart.it\/blog\/pasqua\/domenica-delle-palme-storia-e-significato-della-festa\/\">Domenica delle Palme: storia e significato della festa<\/a><\/strong><br \/>\nLa Domenica delle Palme \u00e8 l\u2019ultima domenica prima di Pasqua. Con essa inizia la Settimana Santa&#8230;<\/p>\n<\/div>\n<p><strong><em>Fra l&#8217;Ottava di Pasqua<\/em><\/strong>\u00a0\u00e8 un termine della terminologia liturgica tradizionale latina che significa letteralmente\u00a0<em>&#8220;dentro l&#8217;ottava&#8221;<\/em>\u00a0o\u00a0<em>&#8220;durante l&#8217;ottava&#8221;<\/em>.\u00a0<strong><em>Infra octava Paschae<\/em><\/strong>\u00a0\u00e8 l&#8217;espressione latina che corrisponde all&#8217;italiano\u00a0<em>Fra l&#8217;Ottava di Pasqua<\/em>. Questa espressione viene utilizzata nei testi liturgici tradizionali, come nel Messale Romano in latino, per indicare le celebrazioni che avvengono\u00a0<strong>durante questo periodo pasquale<\/strong>. Prima della riforma liturgica del Concilio Vaticano II, questa terminologia era molto pi\u00f9 comune nei calendari e nei testi liturgici della Chiesa Cattolica.<\/p>\n<h2>Quando finisce l\u2019Ottava di Pasqua<\/h2>\n<p>La domenica che conclude l&#8217;Ottava di Pasqua \u00e8 chiamata\u00a0<strong>Domenica in Albis<\/strong>\u00a0o, pi\u00f9 recentemente, Domenica della Divina Misericordia. Quest&#8217;ultima definizione venne introdotta dopo la canonizzazione di\u00a0<strong><a href=\"https:\/\/www.holyart.it\/blog\/articoli-religiosi\/santa-faustina-kowalska-lapostola-della-misericordia\/\">Maria Faustina Kowalska<\/a><\/strong>, che promulg\u00f2 il\u00a0<strong><a href=\"https:\/\/www.holyart.it\/blog\/articoli-religiosi\/culto-della-divina-misericordia\/\">culto della Divina Misericordia<\/a><\/strong>. Ges\u00f9 le apparve nella sua cella vestito di bianco, con una mano alzata in benedizione e l\u2019altra posata sul petto, dalla quale fuoriuscivano due raggi splendenti, uno pallido e l\u2019altro rosso. Il Cristo le chiese di rappresentarlo cos\u00ec e di fare in modo che quell\u2019immagine venisse venerata in tutto il mondo. In particolare chiese che l\u2019immagine venisse benedetta la prima domenica dopo la Pasqua. Papa Giovanni Paolo II, canonizzata Faustina, decret\u00f2 che la Festa della Divina Misericordia venisse celebrata ogni anno in quella data.<\/p>\n<div class=\"link-article\">\n<p><img loading=\"lazy\" decoding=\"async\" class=\"size-full wp-image-21614 alignleft\" src=\"https:\/\/blog.holyart.it\/it\/wp-content\/uploads\/sites\/17\/2025\/03\/santa-faustina.jpg\" alt=\"santa faustina\" width=\"150\" height=\"99\" data-kale-share-title=\"Ottava di Pasqua: che cos\u2019\u00e8 e come si svolge\" data-kale-share-url=\"https:\/\/blog.holyart.it\/it\/?p=21609\" \/><\/p>\n<div class=\"leggi-anche\">Leggi anche:<\/div>\n<p><strong><a href=\"https:\/\/www.holyart.it\/blog\/articoli-religiosi\/santa-faustina-kowalska-lapostola-della-misericordia\/\">Santa Faustina Kowalska, l\u2019Apostola della Misericordia<\/a><\/strong><br \/>\nIl 5 ottobre ricorre la memoria liturgica di Santa Faustina Kowalska, mistica e devota al culto&#8230;<\/p>\n<\/div>\n<p>Secondo i Vangeli, in particolare quello di Giovanni (Gv 20:19-31),\u00a0<strong>Ges\u00f9 apparve ai suoi discepoli\u00a0<\/strong>la sera del giorno stesso della Risurrezione (la domenica di Pasqua) e poi nuovamente<strong>\u00a0otto giorni dopo<\/strong>, quando era presente anche Tommaso che era assente la prima volta.<br \/>\nQuesta seconda apparizione, avvenuta\u00a0<strong>otto giorni dopo la Risurrezione<\/strong>, corrisponde proprio a quella che oggi chiamiamo\u00a0<em>Domenica in Albis<\/em>, l&#8217;ottavo giorno che conclude l&#8217;Ottava di Pasqua. Durante questa apparizione, Ges\u00f9 invit\u00f2 Tommaso, che aveva dubitato della Risurrezione, a mettere il dito nelle sue piaghe e la mano nel suo costato, al che Tommaso rispose con la celebre professione di fede:\u00a0<em>&#8220;Mio Signore e mio Dio!&#8221;<\/em><\/p>\n<p>Sant&#8217;Agostino parlava dei\u00a0<em>giorni dell&#8217;ottava dei bambini<\/em>, riferendosi ai neofiti, i nuovi cristiani. I\u00a0<strong><a href=\"https:\/\/www.holyart.it\/blog\/articoli-religiosi\/i-catecumeni-ricevere-il-battesimo-da-adulti\/\">Catecumeni<\/a><\/strong>, ovvero gli adulti che desideravano ottenere il Battesimo, venivano battezzati durante la Veglia Pasquale e dopo il battesimo dovevano indossare una tunica bianca (<em>alba<\/em>\u00a0in latino), simbolo della nuova vita in Cristo e della purezza acquisita con il sacramento. Questi nuovi cristiani continuavano a indossare queste vesti bianche per tutta la settimana successiva alla Pasqua, cio\u00e8 durante l&#8217;intera Ottava di Pasqua. La denominazione completa della domenica che conclude l&#8217;Ottava di Pasqua,\u00a0<strong><em>Domenica in Albis<\/em><\/strong>\u00a0(domenica in bianco), sarebbe dunque\u00a0<em>Domenica in albis vestibus depositis<\/em>, che significa &#8220;la domenica in cui le bianche vesti vengono deposte&#8221;.<\/p>\n<div class=\"link-article\">\n<p><img loading=\"lazy\" decoding=\"async\" class=\"size-full wp-image-21615 alignleft\" src=\"https:\/\/blog.holyart.it\/it\/wp-content\/uploads\/sites\/17\/2025\/03\/catecumeni.jpg\" alt=\"catecumeni\" width=\"150\" height=\"99\" data-kale-share-title=\"Ottava di Pasqua: che cos\u2019\u00e8 e come si svolge\" data-kale-share-url=\"https:\/\/blog.holyart.it\/it\/?p=21609\" \/><\/p>\n<div class=\"leggi-anche\">Leggi anche:<\/div>\n<p><strong><a href=\"https:\/\/www.holyart.it\/blog\/articoli-religiosi\/i-catecumeni-ricevere-il-battesimo-da-adulti\/\">I catecumeni: ricevere il battesimo da adulti<\/a><\/strong><br \/>\nChi sceglie di ricevere il Battesimo da adulto deve affrontare un percorso di preparazione&#8230;<\/p>\n<\/div>\n<h2>L\u2019Ottava di Pasqua e il tempo di Pasqua<\/h2>\n<p>Abbiamo gi\u00e0 visto che l&#8217;Ottava di Pasqua indica la prima settimana dopo la Domenica di Resurrezione.<br \/>\nIl\u00a0<strong>Tempo di Pasqua<\/strong>\u00a0\u00e8 invece un\u00a0periodo di\u00a0<strong>cinquanta giorni<\/strong>, che comprendono l&#8217;Ottava di Pasqua e proseguono fino alla\u00a0<strong>Pentecoste<\/strong>. Questo periodo, chiamato anche\u00a0<em>Tempo Pasquale,\u00a0<\/em>o<em>\u00a0Cinquantina Pasquale<\/em>, \u00e8 considerato come un unico grande giorno di festa che\u00a0<strong>celebra la Risurrezione di Cristo\u00a0<\/strong>e\u00a0<a href=\"https:\/\/www.holyart.it\/blog\/pasqua\/la-pentecoste-giorno-cui-si-celebra-lo-spirito-santo-la-nascita-della-chiesa\/\"><strong>l&#8217;effusione dello Spirito Santo<\/strong><\/a>.<\/p>\n<p>Questo periodo \u00e8\u00a0<strong>fondamentale per i cristiani<\/strong>, perch\u00e9 permette loro di penetrare pi\u00f9 profondamente nel mistero della resurrezione di Ges\u00f9 Cristo. Le celebrazioni liturgiche sono caratterizzate da un\u00a0<strong>tono festivo<\/strong>, le letture della Messa includono passaggi dagli Atti degli Apostoli e dai Vangeli, con particolare enfasi sui racconti pasquali e sui discorsi di Ges\u00f9 nel Vangelo di Giovanni. L&#8217;<em>Angelus<\/em>\u00a0viene sostituito dal\u00a0<em>Regina Coeli\u00a0<\/em>e ogni domenica celebra nuovamente la domenica di Resurrezione.<br \/>\nOltre all&#8217;Ottava di Pasqua, il Tempo di Pasqua include anche l&#8217;<a href=\"https:\/\/www.holyart.it\/blog\/pasqua\/ascensione-del-signore-il-significato-della-festa\/\"><strong>Ascensione del Signore\u00a0<\/strong><\/a>(40 giorni dopo la Pasqua) e come gi\u00e0 accennato la\u00a0<strong>Pentecoste<\/strong>\u00a0(50 giorni dopo la Pasqua).<\/p>\n<div class=\"link-article\">\n<p><img loading=\"lazy\" decoding=\"async\" class=\"size-full wp-image-21616 alignleft\" src=\"https:\/\/blog.holyart.it\/it\/wp-content\/uploads\/sites\/17\/2025\/03\/ascensione-del-signore.jpg\" alt=\"ascensione del signore\" width=\"150\" height=\"99\" data-kale-share-title=\"Ottava di Pasqua: che cos\u2019\u00e8 e come si svolge\" data-kale-share-url=\"https:\/\/blog.holyart.it\/it\/?p=21609\" \/><\/p>\n<div class=\"leggi-anche\">Leggi anche:<\/div>\n<p><strong><a href=\"https:\/\/www.holyart.it\/blog\/pasqua\/ascensione-del-signore-il-significato-della-festa\/\">Ascensione del Signore: il significato della festa<\/a><\/strong><br \/>\nL\u2019Ascensione del Signore rappresenta il momento in cui Ges\u00f9 si stacca dalla Terra e dai suoi discepoli&#8230;<\/p>\n<\/div>\n","protected":false},"excerpt":{"rendered":"<p>L&#8217;Ottava di Pasqua: otto giorni di intensa celebrazione in cui la Chiesa vive la gioia pasquale come un&#8217;unica grande solennit\u00e0 L&#8217;Ottava di Pasqua \u00e8 il\u00a0periodo di otto giorni\u00a0che inizia con la\u00a0Domenica di Pasqua\u00a0e si conclude la domenica successiva, chiamata\u00a0Domenica in Albis\u00a0o, pi\u00f9 recentemente,\u00a0Domenica della Divina&hellip;<\/p>\n","protected":false},"author":1,"featured_media":21619,"comment_status":"closed","ping_status":"open","sticky":false,"template":"","format":"standard","meta":{"_acf_changed":false,"footnotes":""},"categories":[26],"tags":[],"class_list":["post-21609","post","type-post","status-publish","format-standard","has-post-thumbnail","hentry","category-pasqua"],"acf":[],"yoast_head":"<!-- This site is optimized with the Yoast SEO plugin v26.6 - https:\/\/yoast.com\/wordpress\/plugins\/seo\/ -->\n<title>Ottava di Pasqua: significato e tradizioni - Holyblog<\/title>\n<meta name=\"description\" content=\"Otto giorni di gioia pasquale e festa: dalla Domenica di Resurrezione alla Divina Misericordia, la Chiesa celebra l\u2019Ottava di Pasqua.\" \/>\n<meta name=\"robots\" content=\"index, follow, max-snippet:-1, max-image-preview:large, max-video-preview:-1\" \/>\n<link rel=\"canonical\" href=\"https:\/\/blog.holyart.it\/it\/pasqua\/ottava-di-pasqua-significato-e-tradizioni\/\" \/>\n<meta property=\"og:locale\" content=\"it_IT\" \/>\n<meta property=\"og:type\" content=\"article\" \/>\n<meta property=\"og:title\" content=\"Ottava di Pasqua: significato e tradizioni - Holyblog\" \/>\n<meta property=\"og:description\" content=\"Otto giorni di gioia pasquale e festa: dalla Domenica di Resurrezione alla Divina Misericordia, la Chiesa celebra l\u2019Ottava di Pasqua.\" \/>\n<meta property=\"og:url\" content=\"https:\/\/blog.holyart.it\/it\/pasqua\/ottava-di-pasqua-significato-e-tradizioni\/\" \/>\n<meta property=\"og:site_name\" content=\"Holyblog\" \/>\n<meta property=\"article:published_time\" content=\"2025-04-21T08:00:25+00:00\" \/>\n<meta property=\"article:modified_time\" content=\"2026-03-23T16:14:09+00:00\" \/>\n<meta property=\"og:image\" content=\"https:\/\/blog.holyart.it\/it\/wp-content\/uploads\/sites\/17\/2025\/03\/ottava-di-pasqua.jpg\" \/>\n\t<meta property=\"og:image:width\" content=\"1000\" \/>\n\t<meta property=\"og:image:height\" content=\"666\" \/>\n\t<meta property=\"og:image:type\" content=\"image\/jpeg\" \/>\n<meta name=\"author\" content=\"Redazione\" \/>\n<meta name=\"twitter:card\" content=\"summary_large_image\" \/>\n<meta name=\"twitter:label1\" content=\"Scritto da\" \/>\n\t<meta name=\"twitter:data1\" content=\"Redazione\" \/>\n\t<meta name=\"twitter:label2\" content=\"Tempo di lettura stimato\" \/>\n\t<meta name=\"twitter:data2\" content=\"9 minuti\" \/>\n<script type=\"application\/ld+json\" class=\"yoast-schema-graph\">{\"@context\":\"https:\/\/schema.org\",\"@graph\":[{\"@type\":\"Article\",\"@id\":\"https:\/\/blog.holyart.it\/it\/pasqua\/ottava-di-pasqua-significato-e-tradizioni\/#article\",\"isPartOf\":{\"@id\":\"https:\/\/blog.holyart.it\/it\/pasqua\/ottava-di-pasqua-significato-e-tradizioni\/\"},\"author\":{\"name\":\"Redazione\",\"@id\":\"https:\/\/blog.holyart.it\/it\/#\/schema\/person\/0a7b686e5af0f856ec1e390dd0baecda\"},\"headline\":\"Ottava di Pasqua: significato e tradizioni\",\"datePublished\":\"2025-04-21T08:00:25+00:00\",\"dateModified\":\"2026-03-23T16:14:09+00:00\",\"mainEntityOfPage\":{\"@id\":\"https:\/\/blog.holyart.it\/it\/pasqua\/ottava-di-pasqua-significato-e-tradizioni\/\"},\"wordCount\":1316,\"publisher\":{\"@id\":\"https:\/\/blog.holyart.it\/it\/#organization\"},\"image\":{\"@id\":\"https:\/\/blog.holyart.it\/it\/pasqua\/ottava-di-pasqua-significato-e-tradizioni\/#primaryimage\"},\"thumbnailUrl\":\"https:\/\/blog.holyart.it\/it\/wp-content\/uploads\/sites\/17\/2025\/03\/ottava-di-pasqua.jpg\",\"articleSection\":[\"Pasqua\"],\"inLanguage\":\"it-IT\"},{\"@type\":\"WebPage\",\"@id\":\"https:\/\/blog.holyart.it\/it\/pasqua\/ottava-di-pasqua-significato-e-tradizioni\/\",\"url\":\"https:\/\/blog.holyart.it\/it\/pasqua\/ottava-di-pasqua-significato-e-tradizioni\/\",\"name\":\"Ottava di Pasqua: significato e tradizioni - Holyblog\",\"isPartOf\":{\"@id\":\"https:\/\/blog.holyart.it\/it\/#website\"},\"primaryImageOfPage\":{\"@id\":\"https:\/\/blog.holyart.it\/it\/pasqua\/ottava-di-pasqua-significato-e-tradizioni\/#primaryimage\"},\"image\":{\"@id\":\"https:\/\/blog.holyart.it\/it\/pasqua\/ottava-di-pasqua-significato-e-tradizioni\/#primaryimage\"},\"thumbnailUrl\":\"https:\/\/blog.holyart.it\/it\/wp-content\/uploads\/sites\/17\/2025\/03\/ottava-di-pasqua.jpg\",\"datePublished\":\"2025-04-21T08:00:25+00:00\",\"dateModified\":\"2026-03-23T16:14:09+00:00\",\"description\":\"Otto giorni di gioia pasquale e festa: dalla Domenica di Resurrezione alla Divina Misericordia, la Chiesa celebra l\u2019Ottava di Pasqua.\",\"breadcrumb\":{\"@id\":\"https:\/\/blog.holyart.it\/it\/pasqua\/ottava-di-pasqua-significato-e-tradizioni\/#breadcrumb\"},\"inLanguage\":\"it-IT\",\"potentialAction\":[{\"@type\":\"ReadAction\",\"target\":[\"https:\/\/blog.holyart.it\/it\/pasqua\/ottava-di-pasqua-significato-e-tradizioni\/\"]}]},{\"@type\":\"ImageObject\",\"inLanguage\":\"it-IT\",\"@id\":\"https:\/\/blog.holyart.it\/it\/pasqua\/ottava-di-pasqua-significato-e-tradizioni\/#primaryimage\",\"url\":\"https:\/\/blog.holyart.it\/it\/wp-content\/uploads\/sites\/17\/2025\/03\/ottava-di-pasqua.jpg\",\"contentUrl\":\"https:\/\/blog.holyart.it\/it\/wp-content\/uploads\/sites\/17\/2025\/03\/ottava-di-pasqua.jpg\",\"width\":1000,\"height\":666,\"caption\":\"ottava di pasqua\"},{\"@type\":\"BreadcrumbList\",\"@id\":\"https:\/\/blog.holyart.it\/it\/pasqua\/ottava-di-pasqua-significato-e-tradizioni\/#breadcrumb\",\"itemListElement\":[{\"@type\":\"ListItem\",\"position\":1,\"name\":\"Homepage\",\"item\":\"https:\/\/blog.holyart.it\/it\/\"},{\"@type\":\"ListItem\",\"position\":2,\"name\":\"Pasqua\",\"item\":\"https:\/\/blog.holyart.it\/it\/pasqua\/\"},{\"@type\":\"ListItem\",\"position\":3,\"name\":\"Ottava di Pasqua: significato e tradizioni\"}]},{\"@type\":\"WebSite\",\"@id\":\"https:\/\/blog.holyart.it\/it\/#website\",\"url\":\"https:\/\/blog.holyart.it\/it\/\",\"name\":\"Holyblog\",\"description\":\"Il Blog di Holyart.it\",\"publisher\":{\"@id\":\"https:\/\/blog.holyart.it\/it\/#organization\"},\"potentialAction\":[{\"@type\":\"SearchAction\",\"target\":{\"@type\":\"EntryPoint\",\"urlTemplate\":\"https:\/\/blog.holyart.it\/it\/?s={search_term_string}\"},\"query-input\":{\"@type\":\"PropertyValueSpecification\",\"valueRequired\":true,\"valueName\":\"search_term_string\"}}],\"inLanguage\":\"it-IT\"},{\"@type\":\"Organization\",\"@id\":\"https:\/\/blog.holyart.it\/it\/#organization\",\"name\":\"Holyblog\",\"url\":\"https:\/\/blog.holyart.it\/it\/\",\"logo\":{\"@type\":\"ImageObject\",\"inLanguage\":\"it-IT\",\"@id\":\"https:\/\/blog.holyart.it\/it\/#\/schema\/logo\/image\/\",\"url\":\"https:\/\/blog.holyart.it\/it\/wp-content\/uploads\/sites\/17\/2022\/12\/Holyart_Blog_Logo.jpg\",\"contentUrl\":\"https:\/\/blog.holyart.it\/it\/wp-content\/uploads\/sites\/17\/2022\/12\/Holyart_Blog_Logo.jpg\",\"width\":300,\"height\":50,\"caption\":\"Holyblog\"},\"image\":{\"@id\":\"https:\/\/blog.holyart.it\/it\/#\/schema\/logo\/image\/\"}},{\"@type\":\"Person\",\"@id\":\"https:\/\/blog.holyart.it\/it\/#\/schema\/person\/0a7b686e5af0f856ec1e390dd0baecda\",\"name\":\"Redazione\"}]}<\/script>\n<!-- \/ Yoast SEO plugin. -->","yoast_head_json":{"title":"Ottava di Pasqua: significato e tradizioni - Holyblog","description":"Otto giorni di gioia pasquale e festa: dalla Domenica di Resurrezione alla Divina Misericordia, la Chiesa celebra l\u2019Ottava di Pasqua.","robots":{"index":"index","follow":"follow","max-snippet":"max-snippet:-1","max-image-preview":"max-image-preview:large","max-video-preview":"max-video-preview:-1"},"canonical":"https:\/\/blog.holyart.it\/it\/pasqua\/ottava-di-pasqua-significato-e-tradizioni\/","og_locale":"it_IT","og_type":"article","og_title":"Ottava di Pasqua: significato e tradizioni - Holyblog","og_description":"Otto giorni di gioia pasquale e festa: dalla Domenica di Resurrezione alla Divina Misericordia, la Chiesa celebra l\u2019Ottava di Pasqua.","og_url":"https:\/\/blog.holyart.it\/it\/pasqua\/ottava-di-pasqua-significato-e-tradizioni\/","og_site_name":"Holyblog","article_published_time":"2025-04-21T08:00:25+00:00","article_modified_time":"2026-03-23T16:14:09+00:00","og_image":[{"width":1000,"height":666,"url":"https:\/\/blog.holyart.it\/it\/wp-content\/uploads\/sites\/17\/2025\/03\/ottava-di-pasqua.jpg","type":"image\/jpeg"}],"author":"Redazione","twitter_card":"summary_large_image","twitter_misc":{"Scritto da":"Redazione","Tempo di lettura stimato":"9 minuti"},"schema":{"@context":"https:\/\/schema.org","@graph":[{"@type":"Article","@id":"https:\/\/blog.holyart.it\/it\/pasqua\/ottava-di-pasqua-significato-e-tradizioni\/#article","isPartOf":{"@id":"https:\/\/blog.holyart.it\/it\/pasqua\/ottava-di-pasqua-significato-e-tradizioni\/"},"author":{"name":"Redazione","@id":"https:\/\/blog.holyart.it\/it\/#\/schema\/person\/0a7b686e5af0f856ec1e390dd0baecda"},"headline":"Ottava di Pasqua: significato e tradizioni","datePublished":"2025-04-21T08:00:25+00:00","dateModified":"2026-03-23T16:14:09+00:00","mainEntityOfPage":{"@id":"https:\/\/blog.holyart.it\/it\/pasqua\/ottava-di-pasqua-significato-e-tradizioni\/"},"wordCount":1316,"publisher":{"@id":"https:\/\/blog.holyart.it\/it\/#organization"},"image":{"@id":"https:\/\/blog.holyart.it\/it\/pasqua\/ottava-di-pasqua-significato-e-tradizioni\/#primaryimage"},"thumbnailUrl":"https:\/\/blog.holyart.it\/it\/wp-content\/uploads\/sites\/17\/2025\/03\/ottava-di-pasqua.jpg","articleSection":["Pasqua"],"inLanguage":"it-IT"},{"@type":"WebPage","@id":"https:\/\/blog.holyart.it\/it\/pasqua\/ottava-di-pasqua-significato-e-tradizioni\/","url":"https:\/\/blog.holyart.it\/it\/pasqua\/ottava-di-pasqua-significato-e-tradizioni\/","name":"Ottava di Pasqua: significato e tradizioni - Holyblog","isPartOf":{"@id":"https:\/\/blog.holyart.it\/it\/#website"},"primaryImageOfPage":{"@id":"https:\/\/blog.holyart.it\/it\/pasqua\/ottava-di-pasqua-significato-e-tradizioni\/#primaryimage"},"image":{"@id":"https:\/\/blog.holyart.it\/it\/pasqua\/ottava-di-pasqua-significato-e-tradizioni\/#primaryimage"},"thumbnailUrl":"https:\/\/blog.holyart.it\/it\/wp-content\/uploads\/sites\/17\/2025\/03\/ottava-di-pasqua.jpg","datePublished":"2025-04-21T08:00:25+00:00","dateModified":"2026-03-23T16:14:09+00:00","description":"Otto giorni di gioia pasquale e festa: dalla Domenica di Resurrezione alla Divina Misericordia, la Chiesa celebra l\u2019Ottava di Pasqua.","breadcrumb":{"@id":"https:\/\/blog.holyart.it\/it\/pasqua\/ottava-di-pasqua-significato-e-tradizioni\/#breadcrumb"},"inLanguage":"it-IT","potentialAction":[{"@type":"ReadAction","target":["https:\/\/blog.holyart.it\/it\/pasqua\/ottava-di-pasqua-significato-e-tradizioni\/"]}]},{"@type":"ImageObject","inLanguage":"it-IT","@id":"https:\/\/blog.holyart.it\/it\/pasqua\/ottava-di-pasqua-significato-e-tradizioni\/#primaryimage","url":"https:\/\/blog.holyart.it\/it\/wp-content\/uploads\/sites\/17\/2025\/03\/ottava-di-pasqua.jpg","contentUrl":"https:\/\/blog.holyart.it\/it\/wp-content\/uploads\/sites\/17\/2025\/03\/ottava-di-pasqua.jpg","width":1000,"height":666,"caption":"ottava di pasqua"},{"@type":"BreadcrumbList","@id":"https:\/\/blog.holyart.it\/it\/pasqua\/ottava-di-pasqua-significato-e-tradizioni\/#breadcrumb","itemListElement":[{"@type":"ListItem","position":1,"name":"Homepage","item":"https:\/\/blog.holyart.it\/it\/"},{"@type":"ListItem","position":2,"name":"Pasqua","item":"https:\/\/blog.holyart.it\/it\/pasqua\/"},{"@type":"ListItem","position":3,"name":"Ottava di Pasqua: significato e tradizioni"}]},{"@type":"WebSite","@id":"https:\/\/blog.holyart.it\/it\/#website","url":"https:\/\/blog.holyart.it\/it\/","name":"Holyblog","description":"Il Blog di Holyart.it","publisher":{"@id":"https:\/\/blog.holyart.it\/it\/#organization"},"potentialAction":[{"@type":"SearchAction","target":{"@type":"EntryPoint","urlTemplate":"https:\/\/blog.holyart.it\/it\/?s={search_term_string}"},"query-input":{"@type":"PropertyValueSpecification","valueRequired":true,"valueName":"search_term_string"}}],"inLanguage":"it-IT"},{"@type":"Organization","@id":"https:\/\/blog.holyart.it\/it\/#organization","name":"Holyblog","url":"https:\/\/blog.holyart.it\/it\/","logo":{"@type":"ImageObject","inLanguage":"it-IT","@id":"https:\/\/blog.holyart.it\/it\/#\/schema\/logo\/image\/","url":"https:\/\/blog.holyart.it\/it\/wp-content\/uploads\/sites\/17\/2022\/12\/Holyart_Blog_Logo.jpg","contentUrl":"https:\/\/blog.holyart.it\/it\/wp-content\/uploads\/sites\/17\/2022\/12\/Holyart_Blog_Logo.jpg","width":300,"height":50,"caption":"Holyblog"},"image":{"@id":"https:\/\/blog.holyart.it\/it\/#\/schema\/logo\/image\/"}},{"@type":"Person","@id":"https:\/\/blog.holyart.it\/it\/#\/schema\/person\/0a7b686e5af0f856ec1e390dd0baecda","name":"Redazione"}]}},"_links":{"self":[{"href":"https:\/\/blog.holyart.it\/it\/wp-json\/wp\/v2\/posts\/21609","targetHints":{"allow":["GET"]}}],"collection":[{"href":"https:\/\/blog.holyart.it\/it\/wp-json\/wp\/v2\/posts"}],"about":[{"href":"https:\/\/blog.holyart.it\/it\/wp-json\/wp\/v2\/types\/post"}],"author":[{"embeddable":true,"href":"https:\/\/blog.holyart.it\/it\/wp-json\/wp\/v2\/users\/1"}],"replies":[{"embeddable":true,"href":"https:\/\/blog.holyart.it\/it\/wp-json\/wp\/v2\/comments?post=21609"}],"version-history":[{"count":5,"href":"https:\/\/blog.holyart.it\/it\/wp-json\/wp\/v2\/posts\/21609\/revisions"}],"predecessor-version":[{"id":23549,"href":"https:\/\/blog.holyart.it\/it\/wp-json\/wp\/v2\/posts\/21609\/revisions\/23549"}],"wp:featuredmedia":[{"embeddable":true,"href":"https:\/\/blog.holyart.it\/it\/wp-json\/wp\/v2\/media\/21619"}],"wp:attachment":[{"href":"https:\/\/blog.holyart.it\/it\/wp-json\/wp\/v2\/media?parent=21609"}],"wp:term":[{"taxonomy":"category","embeddable":true,"href":"https:\/\/blog.holyart.it\/it\/wp-json\/wp\/v2\/categories?post=21609"},{"taxonomy":"post_tag","embeddable":true,"href":"https:\/\/blog.holyart.it\/it\/wp-json\/wp\/v2\/tags?post=21609"}],"curies":[{"name":"wp","href":"https:\/\/api.w.org\/{rel}","templated":true}]}}