{"id":21591,"date":"2025-04-16T10:00:09","date_gmt":"2025-04-16T08:00:09","guid":{"rendered":"https:\/\/blog.holyart.it\/it\/?p=21591"},"modified":"2025-03-12T14:15:35","modified_gmt":"2025-03-12T13:15:35","slug":"tregua-di-dio-evento-storico-in-cui-la-chiesa-si-oppose-alle-violenze-medievali","status":"publish","type":"post","link":"https:\/\/blog.holyart.it\/it\/articoli-religiosi\/tregua-di-dio-evento-storico-in-cui-la-chiesa-si-oppose-alle-violenze-medievali\/","title":{"rendered":"Tregua di Dio: evento storico in cui la Chiesa si oppose alle violenze medievali"},"content":{"rendered":"<h4>La Tregua di Dio: quando la Chiesa medievale impose il silenzio alle armi, creando periodi di pace obbligatoria durante le festivit\u00e0 liturgiche e dimostrando il potere morale dell&#8217;istituzione ecclesiastica<\/h4>\n\n<p>Sentiamo spesso parlare del Medioevo come di un periodo barbaro e oscuro. Si tratta di un&#8217;affermazione molto superficiale, una semplificazione che non regge ad un&#8217;analisi approfondita. Questa visione riduttiva non tiene conto di numerosi fattori che rendono il periodo medievale estremamente complesso e ricco. In realt\u00e0, il Medioevo fu un periodo di notevoli sviluppi in molteplici campi. Dal punto di vista intellettuale, assistiamo alla nascita delle grandi universit\u00e0 a Bologna, Parigi, Oxford, che divennero centri di studio e dibattito filosofico. La scolastica medievale, con figure come Tommaso d&#8217;Aquino, Alberto Magno e Duns Scoto, svilupp\u00f2 metodologie di indagine razionale che gettarono le basi per il futuro metodo scientifico. Perfino nei\u00a0<em>secoli pi\u00f9 bui<\/em>\u00a0(generalmente identificati con l&#8217;Alto Medioevo, tra il V e il X secolo), quando l&#8217;Impero Romano d&#8217;Occidente si disgreg\u00f2, si assistette a una trasformazione culturale piuttosto che a un semplice declino:\u00a0<strong><a href=\"https:\/\/www.holyart.it\/blog\/articoli-religiosi\/le-invenzioni-dei-monaci-maggiori-responsabili-del-progresso-in-europa\/\">monasteri<\/a><\/strong>\u00a0come Montecassino, Bobbio, Lindisfarne preservarono e trasmisero il sapere antico, mentre si sviluppavano originali sintesi culturali tra l&#8217;eredit\u00e0 romana, le tradizioni germaniche e il cristianesimo. In questa visione del Medioevo come periodo s\u00ec dominato dall&#8217;incertezza, ma non per questo del tutto abbandonato alla barbarie, si pone l&#8217;idea di\u00a0<strong>Tregua di Dio<\/strong>, che rappresenta un esempio illuminante di come la societ\u00e0 medievale in generale, e la chiesa in particolare, cercassero soluzioni innovative ai propri problemi, sviluppando meccanismi di\u00a0<strong>contenimento della violenza<\/strong>\u00a0in assenza di poteri statali centralizzati.<\/p>\n<div class=\"link-article\">\n<p><img loading=\"lazy\" decoding=\"async\" class=\"size-full wp-image-21593 alignleft\" src=\"https:\/\/blog.holyart.it\/it\/wp-content\/uploads\/sites\/17\/2025\/03\/invenzioni-monaci.jpeg\" alt=\"invenzioni monaci\" width=\"150\" height=\"99\" data-kale-share-title=\"Tregua di Dio: evento storico in cui la Chiesa si oppose alle violenze medievali\" data-kale-share-url=\"https:\/\/blog.holyart.it\/it\/?p=21591\" \/><\/p>\n<div class=\"leggi-anche\">Leggi anche:<\/div>\n<p><strong><a href=\"https:\/\/www.holyart.it\/blog\/articoli-religiosi\/le-invenzioni-dei-monaci-maggiori-responsabili-del-progresso-in-europa\/\">Le invenzioni dei monaci: maggiori responsabili del progresso in Europa<\/a><\/strong><br \/>\nScopriamo come le invenzioni dei monaci hanno favorito lo sviluppo&#8230;<\/p>\n<\/div>\n<h2>In che cosa consiste la tregua di Dio?<\/h2>\n<p>La Tregua di Dio era un&#8217;iniziativa della Chiesa volta a limitare la violenza imperante durante il Medioevo, causata da un lato dallo smembramento dell&#8217;impero romano, e dalla conseguente incertezza, dall&#8217;altro dalle guerre private che i cavalieri e i signorotti combattevano gli uni contro gli altri. Proclamata ufficialmente nel\u00a0<strong>Concilio di Clermont del 1095<\/strong>, ma anticipata e definita nei decenni precedenti in occasione di altri concili, essa\u00a0<strong>vietava ogni atto di guerra o ostilit\u00e0 in determinati giorni dell&#8217;anno e durante le festivit\u00e0 liturgiche come <a href=\"https:\/\/www.holyart.it\/it\/natale\">Natale<\/a>, <a href=\"https:\/\/www.holyart.it\/it\/natale\/avvento\">Avvento<\/a> e <a href=\"https:\/\/www.holyart.it\/it\/occasioni-speciali\/pasqua-e-quaresima\">Pasqua<\/a><\/strong>. La tregua si estendeva anche ai\u00a0<strong>giorni della settimana pi\u00f9 sacri<\/strong>, dal mercoled\u00ec sera al luned\u00ec mattina, in ricordo della <a href=\"https:\/\/www.holyart.it\/blog\/articoli-religiosi\/la-storia-di-gesu-gli-eventi-piu-importanti-della-sua-vita\/\"><strong>passione, morte e resurrezione di Cristo<\/strong><\/a>.<br \/>\nQuesta misura non eliminava del tutto i conflitti, ma regolamentava i\u00a0<strong>tempi in cui era consentito combattere<\/strong>. Chi violava la tregua rischiava gravi sanzioni spirituali, fino alla\u00a0<strong>scomunica<\/strong>. L&#8217;obiettivo era ridurre i danni delle guerre private tra feudatari e\u00a0<strong>proteggere i pi\u00f9 deboli<\/strong>, come contadini e pellegrini, ma anche tutelare i membri del clero e i beni della chiesa da saccheggi e devastazione.<\/p>\n<div class=\"link-article\">\n<p><img loading=\"lazy\" decoding=\"async\" class=\"size-full wp-image-21596 alignleft\" src=\"https:\/\/blog.holyart.it\/it\/wp-content\/uploads\/sites\/17\/2025\/03\/storia-di-gesu-ultima-cena.jpg\" alt=\"storia di ges\u00f9 ultima cena\" width=\"150\" height=\"99\" data-kale-share-title=\"Tregua di Dio: evento storico in cui la Chiesa si oppose alle violenze medievali\" data-kale-share-url=\"https:\/\/blog.holyart.it\/it\/?p=21591\" \/><\/p>\n<div class=\"leggi-anche\">Leggi anche:<\/div>\n<p><strong><a href=\"https:\/\/www.holyart.it\/blog\/articoli-religiosi\/la-storia-di-gesu-gli-eventi-piu-importanti-della-sua-vita\/\">La storia di Ges\u00f9: gli eventi pi\u00f9 importanti della Sua vita<\/a><\/strong><br \/>\nLa storia di Ges\u00f9, tra racconto evangelico, realt\u00e0 storica e leggenda devozionale. In vista della Pasqua ricostruiamo&#8230;<\/p>\n<\/div>\n<p>La Tregua di Dio (<em>Treuga Dei<\/em>) trov\u00f2 origine e definizione in\u00a0<strong>diversi concili<\/strong>\u00a0tenuti principalmente nel Sud della Francia tra il X e l&#8217;XI secolo.<br \/>\nDurante il\u00a0<strong>Sinodo di Elne<\/strong>\u00a0(1027) venne decretato il\u00a0<strong>divieto di intraprendere azioni belliche dal sabato sera fino al luned\u00ec mattina<\/strong>, in particolare per\u00a0<strong>salvaguardare la domenica<\/strong>, un giorno sacro per i cristiani. Questa proibizione rappresent\u00f2 una delle prime codificazioni della tregua, definendo cos\u00ec un periodo specifico durante il quale le ostilit\u00e0 erano sospese.<\/p>\n<p>I\u00a0<strong>Concili di Arles<\/strong>\u00a0(1037) e\u00a0<strong>Nizza<\/strong>\u00a0(1041), contribuirono a codificare ulteriormente la Tregua di Dio, stabilendo il<strong>\u00a0divieto di azioni belliche durante le festivit\u00e0 liturgiche come Avvento, Natale e Pasqua.<\/strong><\/p>\n<p>Infine il\u00a0<strong>Concilio di Clermont<\/strong>\u00a0(1095), presieduto da Papa Urbano II,\u00a0<strong>formalizz\u00f2 la Tregua di Dio<\/strong>, vietando le guerre private nei\u00a0<strong>periodi sacri\u00a0<\/strong>e imponendo la\u00a0<strong>scomunica per i trasgressori<\/strong>. Questo evento \u00e8 particolarmente noto anche per l&#8217;appello alla Prima Crociata.<\/p>\n<p>La Tregua di Dio venne estesa a tutta la Chiesa con il\u00a0<strong><em>De Treugis Servandis<\/em><\/strong>, ovvero il canone XXI promulgato durante il\u00a0<strong>Concilio Lateranense II del 1179<\/strong>. Questo canone rappresenta la codificazione definitiva della norma e stabiliva norme precise per il rispetto delle tregue, in quanto proibiva ogni atto di guerra o ostilit\u00e0 nei periodi liturgici sacri e in determinati giorni della settimana, come dal mercoled\u00ec sera al luned\u00ec mattina.<br \/>\nIl canone sanciva pene severe per chi violava la tregua, tra cui la scomunica, una misura che minava il potere dei trasgressori, liberando i loro sudditi dall&#8217;obbligo di obbedienza. Questo statuto contribu\u00ec a consolidare il ruolo della\u00a0<a href=\"https:\/\/www.holyart.it\/blog\/occasioni-speciali\/giornata-mondiale-della-pace-e-santissima-madre-di-dio-due-ricorrenze-nello-stesso-giorno\/\"><strong>Chiesa come garante della pace<\/strong><\/a>\u00a0nel Medioevo, intrecciando in modo sempre pi\u00f9 significativo il potere spirituale e quello temporale e gettando le basi del loro intersecarsi nei secoli successivi.<\/p>\n<div class=\"link-article\">\n<p><img loading=\"lazy\" decoding=\"async\" class=\"size-full wp-image-21597 alignleft\" src=\"https:\/\/blog.holyart.it\/it\/wp-content\/uploads\/sites\/17\/2025\/03\/giornata-mondiale-della-pace.jpg\" alt=\"giornata mondiale della pace\" width=\"150\" height=\"99\" data-kale-share-title=\"Tregua di Dio: evento storico in cui la Chiesa si oppose alle violenze medievali\" data-kale-share-url=\"https:\/\/blog.holyart.it\/it\/?p=21591\" \/><\/p>\n<div class=\"leggi-anche\">Leggi anche:<\/div>\n<p><strong><a href=\"https:\/\/www.holyart.it\/blog\/occasioni-speciali\/giornata-mondiale-della-pace-e-santissima-madre-di-dio-due-ricorrenze-nello-stesso-giorno\/\">Giornata mondiale della pace e Santissima Madre di Dio: due ricorrenze nello stesso giorno<\/a><\/strong><br \/>\nIn occasione della Giornata Mondiale della Pace, che si terr\u00e0 il&#8230;<\/p>\n<\/div>\n<h2>Cos&#8217;\u00e8 la Pace di Dio?<\/h2>\n<p>La\u00a0<strong>Pace di Dio<\/strong>\u00a0(<em>Pax Dei<\/em>) \u00e8 un concetto complementare alla Tregua di Dio, ma con un focus differente. Mentre la tregua di Dio stabiliva periodi temporali di astensione dalla guerra, la Pace di Dio proteggeva\u00a0<strong>specifiche categorie di persone e luoghi<\/strong>\u00a0dalle violenze in qualsiasi momento.<br \/>\nLa Pace di Dio mirava a\u00a0<strong>proteggere i non combattenti<\/strong>: chierici, monaci, pellegrini, mercanti, donne, bambini e contadini. Allo stesso modo,\u00a0<strong><a href=\"https:\/\/www.holyart.it\/blog\/articoli-religiosi\/chiese-sconsacrate-perche-e-come-perdono-la-loro-sacralita\/\">luoghi sacri<\/a>\u00a0<\/strong>come chiese, monasteri, cimiteri e anche strutture civili essenziali come mulini e mercati erano dichiarati\u00a0<strong>zone inviolabili<\/strong>.\u00a0L&#8217;idea alla base della Pace di Dio era che la violenza, seppure non completamente eliminabile dalla societ\u00e0 feudale, dovesse quantomeno essere regolamentata e confinata tra coloro che avevano scelto la professione delle armi. I deboli e gli indifesi dovevano essere risparmiati, cos\u00ec come le strutture necessarie alla vita comunitaria.<\/p>\n<div class=\"link-article\">\n<p><img loading=\"lazy\" decoding=\"async\" class=\"size-full wp-image-21600 alignleft\" src=\"https:\/\/blog.holyart.it\/it\/wp-content\/uploads\/sites\/17\/2025\/03\/chiese-sconsacrate.jpg\" alt=\"chiese sconsacrate\" width=\"150\" height=\"99\" data-kale-share-title=\"Tregua di Dio: evento storico in cui la Chiesa si oppose alle violenze medievali\" data-kale-share-url=\"https:\/\/blog.holyart.it\/it\/?p=21591\" \/><\/p>\n<div class=\"leggi-anche\">Leggi anche:<\/div>\n<p><strong><a href=\"https:\/\/www.holyart.it\/blog\/articoli-religiosi\/chiese-sconsacrate-perche-e-come-perdono-la-loro-sacralita\/\">Chiese sconsacrate: perch\u00e9 e come perdono la loro sacralit\u00e0<\/a><\/strong><br \/>\nAbbandonate e lasciate andare in rovina, convertite per ragioni storiche e sociali, le chiese sconsacrate rappresentano&#8230;<\/p>\n<\/div>\n<p>Il movimento della Pace di Dio nacque principalmente nel sud della Francia, dove l&#8217;autorit\u00e0 reale era particolarmente debole, e si diffuse attraverso una serie di concili ecclesiastici che stabilirono queste protezioni sotto l&#8217;egida della Chiesa cattolica.\u00a0La Pace di Dio fu istituita per la prima volta in Francia durante i\u00a0<strong>Concili di Charroux<\/strong>\u00a0(989) e di\u00a0<strong>Le Puy<\/strong>\u00a0(990). In occasione del primo, tenutosi nell&#8217;omonima abbazia benedettina sotto la guida dell&#8217;arcivescovo Gombaldo di Bordeaux, vennero promulgati tre canoni fondamentali che istituirono una forma iniziale di Pace di Dio. Tra le principali disposizioni\u00a0<strong>vennero posti sotto protezione i beni ecclesiastici e il clero<\/strong>, dichiarandoli intangibili; si stabil\u00ec che chiunque violasse questa protezione sarebbe stato\u00a0<strong>scomunicato<\/strong>;\u00a0<strong>si condann\u00f2 il saccheggio delle propriet\u00e0 della Chiesa e delle persone deboli<\/strong>, come contadini e pellegrini, cercando cos\u00ec di limitare la violenza arbitraria.<br \/>\nIl\u00a0<strong>Concilio di Le Puy<\/strong>, guidato dal vescovo locale, prosegu\u00ec sulla scia del precedente, ampliando il concetto di Pace di Dio, imponendo, tra le altre cose, ai cavalieri un\u00a0<strong>giuramento solenne<\/strong>\u00a0per rispettare la pace e astenersi da atti violenti contro i deboli e i luoghi sacri.<\/p>\n<p>In occasione di queste assemblee venivano esposte\u00a0<a href=\"https:\/\/www.holyart.it\/blog\/santi-e-beati\/reliquie-dei-santi-10-piu-suggestive\/\"><strong>sante reliquie<\/strong><\/a>, di fronte alle quali\u00a0 la popolazione giurava collettivamente di rispettare la pace.<\/p>\n<div class=\"link-article\">\n<p><img loading=\"lazy\" decoding=\"async\" class=\"size-full wp-image-21599 alignleft\" src=\"https:\/\/blog.holyart.it\/it\/wp-content\/uploads\/sites\/17\/2025\/03\/reliquie-santi.jpeg\" alt=\"reliquie santi\" width=\"150\" height=\"99\" data-kale-share-title=\"Tregua di Dio: evento storico in cui la Chiesa si oppose alle violenze medievali\" data-kale-share-url=\"https:\/\/blog.holyart.it\/it\/?p=21591\" \/><\/p>\n<div class=\"leggi-anche\">Leggi anche:<\/div>\n<p><strong><a href=\"https:\/\/www.holyart.it\/blog\/santi-e-beati\/reliquie-dei-santi-10-piu-suggestive\/\">Reliquie dei santi: la lista delle 10 pi\u00f9 suggestive<\/a><\/strong><br \/>\nLe reliquie dei santi attraversano la storia della cristianit\u00e0 come testimonianze di amore&#8230;<\/p>\n<\/div>\n<h2>Quali furono gli esiti della Tregua di Dio?<\/h2>\n<p>Sebbene non abbia eliminato del tutto le guerre medievali, la Tregua di Dio rappresent\u00f2 un passo importante verso una\u00a0<strong>regolamentazione della violenza<\/strong>. Essa influenz\u00f2 profondamente il diritto medievale e ispir\u00f2 le autorit\u00e0 civili a limitare l&#8217;uso della forza ai soli conflitti legittimi. Inoltre, contribu\u00ec a rafforzare il ruolo della Chiesa cattolica come\u00a0<strong>mediatrice nei conflitti<\/strong>\u00a0e\u00a0<strong>promotrice della pace<\/strong>.<br \/>\nLa combinazione della Tregua e della Pace di Dio non solo ridusse i giorni dedicati alla guerra, ma instill\u00f2 anche l&#8217;idea che\u00a0<strong><a href=\"https:\/\/www.holyart.it\/blog\/articoli-religiosi\/le-piu-belle-frasi-sulla-pace-di-papa-francesco\/\">la pace fosse un valore sacro da rispettare<\/a>\u00a0<\/strong>soprattutto nei momenti liturgici pi\u00f9 importanti come il Natale, l&#8217;Avvento e la Pasqua. Questo movimento gett\u00f2 le basi per una<strong>\u00a0maggiore stabilit\u00e0 sociale<\/strong>\u00a0nell&#8217;Europa medievale. Inizialmente nato per limitare la violenza a specifici settori della societ\u00e0, il movimento evolse per rispondere a\u00a0<strong>preoccupazioni escatologiche<\/strong>\u00a0in prossimit\u00e0 dell&#8217;anno 1000, ampliando le proprie finalit\u00e0. Si pass\u00f2 da un semplice patto sociale a un<strong>\u00a0patto con Dio<\/strong>, conferendo una dimensione spirituale alle misure di pacificazione. I cavalieri, uomini di guerra, si impegnavano in nome di Dio a rinunciare a quello che amavano di pi\u00f9 fare, combattere, appunto. Questo trasform\u00f2 il rispetto della pace in una<strong>\u00a0pratica penitenziale per la remissione dei peccati.<\/strong><\/p>\n<div class=\"link-article\">\n<p><img loading=\"lazy\" decoding=\"async\" class=\"size-full wp-image-21602 alignleft\" src=\"https:\/\/blog.holyart.it\/it\/wp-content\/uploads\/sites\/17\/2025\/03\/pace.jpg\" alt=\"pace\" width=\"150\" height=\"99\" data-kale-share-title=\"Tregua di Dio: evento storico in cui la Chiesa si oppose alle violenze medievali\" data-kale-share-url=\"https:\/\/blog.holyart.it\/it\/?p=21591\" \/><\/p>\n<div class=\"leggi-anche\">Leggi anche:<\/div>\n<p><strong><a href=\"https:\/\/www.holyart.it\/blog\/articoli-religiosi\/le-piu-belle-frasi-sulla-pace-di-papa-francesco\/\">Le pi\u00f9 belle frasi sulla Pace di Papa Francesco<\/a><\/strong><br \/>\nIn questo particolare e drammatico momento storico le frasi sulla Pace di Papa Francesco rappresentano&#8230;<\/p>\n<\/div>\n","protected":false},"excerpt":{"rendered":"<p>La Tregua di Dio: quando la Chiesa medievale impose il silenzio alle armi, creando periodi di pace obbligatoria durante le festivit\u00e0 liturgiche e dimostrando il potere morale dell&#8217;istituzione ecclesiastica Sentiamo spesso parlare del Medioevo come di un periodo barbaro e oscuro. Si tratta di un&#8217;affermazione&hellip;<\/p>\n","protected":false},"author":1,"featured_media":21605,"comment_status":"closed","ping_status":"open","sticky":false,"template":"","format":"standard","meta":{"_acf_changed":false,"footnotes":""},"categories":[16],"tags":[],"class_list":["post-21591","post","type-post","status-publish","format-standard","has-post-thumbnail","hentry","category-articoli-religiosi"],"acf":[],"yoast_head":"<!-- This site is optimized with the Yoast SEO plugin v26.6 - https:\/\/yoast.com\/wordpress\/plugins\/seo\/ -->\n<title>Tregua di Dio: evento storico in cui la Chiesa si oppose alle violenze medievali - Holyblog<\/title>\n<meta name=\"description\" content=\"Attraverso la Tregua di Dio, la Chiesa medievale si fece mediatrice di pace, limitando la violenza durante la festivit\u00e0 liturgiche\" \/>\n<meta name=\"robots\" content=\"index, follow, max-snippet:-1, max-image-preview:large, max-video-preview:-1\" \/>\n<link rel=\"canonical\" href=\"https:\/\/blog.holyart.it\/it\/articoli-religiosi\/tregua-di-dio-evento-storico-in-cui-la-chiesa-si-oppose-alle-violenze-medievali\/\" \/>\n<meta property=\"og:locale\" content=\"it_IT\" \/>\n<meta property=\"og:type\" content=\"article\" \/>\n<meta property=\"og:title\" content=\"Tregua di Dio: evento storico in cui la Chiesa si oppose alle violenze medievali - Holyblog\" \/>\n<meta property=\"og:description\" content=\"Attraverso la Tregua di Dio, la Chiesa medievale si fece mediatrice di pace, limitando la violenza durante la festivit\u00e0 liturgiche\" \/>\n<meta property=\"og:url\" content=\"https:\/\/blog.holyart.it\/it\/articoli-religiosi\/tregua-di-dio-evento-storico-in-cui-la-chiesa-si-oppose-alle-violenze-medievali\/\" \/>\n<meta property=\"og:site_name\" content=\"Holyblog\" \/>\n<meta property=\"article:published_time\" content=\"2025-04-16T08:00:09+00:00\" \/>\n<meta property=\"og:image\" content=\"https:\/\/blog.holyart.it\/it\/wp-content\/uploads\/sites\/17\/2025\/03\/tregua-di-dio-pace.jpg\" \/>\n\t<meta property=\"og:image:width\" content=\"1000\" \/>\n\t<meta property=\"og:image:height\" content=\"666\" \/>\n\t<meta property=\"og:image:type\" content=\"image\/jpeg\" \/>\n<meta name=\"author\" content=\"Redazione\" \/>\n<meta name=\"twitter:card\" content=\"summary_large_image\" \/>\n<meta name=\"twitter:label1\" content=\"Scritto da\" \/>\n\t<meta name=\"twitter:data1\" content=\"Redazione\" \/>\n\t<meta name=\"twitter:label2\" content=\"Tempo di lettura stimato\" \/>\n\t<meta name=\"twitter:data2\" content=\"10 minuti\" \/>\n<script type=\"application\/ld+json\" class=\"yoast-schema-graph\">{\"@context\":\"https:\/\/schema.org\",\"@graph\":[{\"@type\":\"Article\",\"@id\":\"https:\/\/blog.holyart.it\/it\/articoli-religiosi\/tregua-di-dio-evento-storico-in-cui-la-chiesa-si-oppose-alle-violenze-medievali\/#article\",\"isPartOf\":{\"@id\":\"https:\/\/blog.holyart.it\/it\/articoli-religiosi\/tregua-di-dio-evento-storico-in-cui-la-chiesa-si-oppose-alle-violenze-medievali\/\"},\"author\":{\"name\":\"Redazione\",\"@id\":\"https:\/\/blog.holyart.it\/it\/#\/schema\/person\/0a7b686e5af0f856ec1e390dd0baecda\"},\"headline\":\"Tregua di Dio: evento storico in cui la Chiesa si oppose alle violenze medievali\",\"datePublished\":\"2025-04-16T08:00:09+00:00\",\"mainEntityOfPage\":{\"@id\":\"https:\/\/blog.holyart.it\/it\/articoli-religiosi\/tregua-di-dio-evento-storico-in-cui-la-chiesa-si-oppose-alle-violenze-medievali\/\"},\"wordCount\":1440,\"publisher\":{\"@id\":\"https:\/\/blog.holyart.it\/it\/#organization\"},\"image\":{\"@id\":\"https:\/\/blog.holyart.it\/it\/articoli-religiosi\/tregua-di-dio-evento-storico-in-cui-la-chiesa-si-oppose-alle-violenze-medievali\/#primaryimage\"},\"thumbnailUrl\":\"https:\/\/blog.holyart.it\/it\/wp-content\/uploads\/sites\/17\/2025\/03\/tregua-di-dio-pace.jpg\",\"articleSection\":[\"Religione\"],\"inLanguage\":\"it-IT\"},{\"@type\":\"WebPage\",\"@id\":\"https:\/\/blog.holyart.it\/it\/articoli-religiosi\/tregua-di-dio-evento-storico-in-cui-la-chiesa-si-oppose-alle-violenze-medievali\/\",\"url\":\"https:\/\/blog.holyart.it\/it\/articoli-religiosi\/tregua-di-dio-evento-storico-in-cui-la-chiesa-si-oppose-alle-violenze-medievali\/\",\"name\":\"Tregua di Dio: evento storico in cui la Chiesa si oppose alle violenze medievali - Holyblog\",\"isPartOf\":{\"@id\":\"https:\/\/blog.holyart.it\/it\/#website\"},\"primaryImageOfPage\":{\"@id\":\"https:\/\/blog.holyart.it\/it\/articoli-religiosi\/tregua-di-dio-evento-storico-in-cui-la-chiesa-si-oppose-alle-violenze-medievali\/#primaryimage\"},\"image\":{\"@id\":\"https:\/\/blog.holyart.it\/it\/articoli-religiosi\/tregua-di-dio-evento-storico-in-cui-la-chiesa-si-oppose-alle-violenze-medievali\/#primaryimage\"},\"thumbnailUrl\":\"https:\/\/blog.holyart.it\/it\/wp-content\/uploads\/sites\/17\/2025\/03\/tregua-di-dio-pace.jpg\",\"datePublished\":\"2025-04-16T08:00:09+00:00\",\"description\":\"Attraverso la Tregua di Dio, la Chiesa medievale si fece mediatrice di pace, limitando la violenza durante la festivit\u00e0 liturgiche\",\"breadcrumb\":{\"@id\":\"https:\/\/blog.holyart.it\/it\/articoli-religiosi\/tregua-di-dio-evento-storico-in-cui-la-chiesa-si-oppose-alle-violenze-medievali\/#breadcrumb\"},\"inLanguage\":\"it-IT\",\"potentialAction\":[{\"@type\":\"ReadAction\",\"target\":[\"https:\/\/blog.holyart.it\/it\/articoli-religiosi\/tregua-di-dio-evento-storico-in-cui-la-chiesa-si-oppose-alle-violenze-medievali\/\"]}]},{\"@type\":\"ImageObject\",\"inLanguage\":\"it-IT\",\"@id\":\"https:\/\/blog.holyart.it\/it\/articoli-religiosi\/tregua-di-dio-evento-storico-in-cui-la-chiesa-si-oppose-alle-violenze-medievali\/#primaryimage\",\"url\":\"https:\/\/blog.holyart.it\/it\/wp-content\/uploads\/sites\/17\/2025\/03\/tregua-di-dio-pace.jpg\",\"contentUrl\":\"https:\/\/blog.holyart.it\/it\/wp-content\/uploads\/sites\/17\/2025\/03\/tregua-di-dio-pace.jpg\",\"width\":1000,\"height\":666,\"caption\":\"tregua di dio\"},{\"@type\":\"BreadcrumbList\",\"@id\":\"https:\/\/blog.holyart.it\/it\/articoli-religiosi\/tregua-di-dio-evento-storico-in-cui-la-chiesa-si-oppose-alle-violenze-medievali\/#breadcrumb\",\"itemListElement\":[{\"@type\":\"ListItem\",\"position\":1,\"name\":\"Homepage\",\"item\":\"https:\/\/blog.holyart.it\/it\/\"},{\"@type\":\"ListItem\",\"position\":2,\"name\":\"Religione\",\"item\":\"https:\/\/blog.holyart.it\/it\/articoli-religiosi\/\"},{\"@type\":\"ListItem\",\"position\":3,\"name\":\"Tregua di Dio: evento storico in cui la Chiesa si oppose alle violenze medievali\"}]},{\"@type\":\"WebSite\",\"@id\":\"https:\/\/blog.holyart.it\/it\/#website\",\"url\":\"https:\/\/blog.holyart.it\/it\/\",\"name\":\"Holyblog\",\"description\":\"Il Blog di Holyart.it\",\"publisher\":{\"@id\":\"https:\/\/blog.holyart.it\/it\/#organization\"},\"potentialAction\":[{\"@type\":\"SearchAction\",\"target\":{\"@type\":\"EntryPoint\",\"urlTemplate\":\"https:\/\/blog.holyart.it\/it\/?s={search_term_string}\"},\"query-input\":{\"@type\":\"PropertyValueSpecification\",\"valueRequired\":true,\"valueName\":\"search_term_string\"}}],\"inLanguage\":\"it-IT\"},{\"@type\":\"Organization\",\"@id\":\"https:\/\/blog.holyart.it\/it\/#organization\",\"name\":\"Holyblog\",\"url\":\"https:\/\/blog.holyart.it\/it\/\",\"logo\":{\"@type\":\"ImageObject\",\"inLanguage\":\"it-IT\",\"@id\":\"https:\/\/blog.holyart.it\/it\/#\/schema\/logo\/image\/\",\"url\":\"https:\/\/blog.holyart.it\/it\/wp-content\/uploads\/sites\/17\/2022\/12\/Holyart_Blog_Logo.jpg\",\"contentUrl\":\"https:\/\/blog.holyart.it\/it\/wp-content\/uploads\/sites\/17\/2022\/12\/Holyart_Blog_Logo.jpg\",\"width\":300,\"height\":50,\"caption\":\"Holyblog\"},\"image\":{\"@id\":\"https:\/\/blog.holyart.it\/it\/#\/schema\/logo\/image\/\"}},{\"@type\":\"Person\",\"@id\":\"https:\/\/blog.holyart.it\/it\/#\/schema\/person\/0a7b686e5af0f856ec1e390dd0baecda\",\"name\":\"Redazione\"}]}<\/script>\n<!-- \/ Yoast SEO plugin. -->","yoast_head_json":{"title":"Tregua di Dio: evento storico in cui la Chiesa si oppose alle violenze medievali - Holyblog","description":"Attraverso la Tregua di Dio, la Chiesa medievale si fece mediatrice di pace, limitando la violenza durante la festivit\u00e0 liturgiche","robots":{"index":"index","follow":"follow","max-snippet":"max-snippet:-1","max-image-preview":"max-image-preview:large","max-video-preview":"max-video-preview:-1"},"canonical":"https:\/\/blog.holyart.it\/it\/articoli-religiosi\/tregua-di-dio-evento-storico-in-cui-la-chiesa-si-oppose-alle-violenze-medievali\/","og_locale":"it_IT","og_type":"article","og_title":"Tregua di Dio: evento storico in cui la Chiesa si oppose alle violenze medievali - Holyblog","og_description":"Attraverso la Tregua di Dio, la Chiesa medievale si fece mediatrice di pace, limitando la violenza durante la festivit\u00e0 liturgiche","og_url":"https:\/\/blog.holyart.it\/it\/articoli-religiosi\/tregua-di-dio-evento-storico-in-cui-la-chiesa-si-oppose-alle-violenze-medievali\/","og_site_name":"Holyblog","article_published_time":"2025-04-16T08:00:09+00:00","og_image":[{"width":1000,"height":666,"url":"https:\/\/blog.holyart.it\/it\/wp-content\/uploads\/sites\/17\/2025\/03\/tregua-di-dio-pace.jpg","type":"image\/jpeg"}],"author":"Redazione","twitter_card":"summary_large_image","twitter_misc":{"Scritto da":"Redazione","Tempo di lettura stimato":"10 minuti"},"schema":{"@context":"https:\/\/schema.org","@graph":[{"@type":"Article","@id":"https:\/\/blog.holyart.it\/it\/articoli-religiosi\/tregua-di-dio-evento-storico-in-cui-la-chiesa-si-oppose-alle-violenze-medievali\/#article","isPartOf":{"@id":"https:\/\/blog.holyart.it\/it\/articoli-religiosi\/tregua-di-dio-evento-storico-in-cui-la-chiesa-si-oppose-alle-violenze-medievali\/"},"author":{"name":"Redazione","@id":"https:\/\/blog.holyart.it\/it\/#\/schema\/person\/0a7b686e5af0f856ec1e390dd0baecda"},"headline":"Tregua di Dio: evento storico in cui la Chiesa si oppose alle violenze medievali","datePublished":"2025-04-16T08:00:09+00:00","mainEntityOfPage":{"@id":"https:\/\/blog.holyart.it\/it\/articoli-religiosi\/tregua-di-dio-evento-storico-in-cui-la-chiesa-si-oppose-alle-violenze-medievali\/"},"wordCount":1440,"publisher":{"@id":"https:\/\/blog.holyart.it\/it\/#organization"},"image":{"@id":"https:\/\/blog.holyart.it\/it\/articoli-religiosi\/tregua-di-dio-evento-storico-in-cui-la-chiesa-si-oppose-alle-violenze-medievali\/#primaryimage"},"thumbnailUrl":"https:\/\/blog.holyart.it\/it\/wp-content\/uploads\/sites\/17\/2025\/03\/tregua-di-dio-pace.jpg","articleSection":["Religione"],"inLanguage":"it-IT"},{"@type":"WebPage","@id":"https:\/\/blog.holyart.it\/it\/articoli-religiosi\/tregua-di-dio-evento-storico-in-cui-la-chiesa-si-oppose-alle-violenze-medievali\/","url":"https:\/\/blog.holyart.it\/it\/articoli-religiosi\/tregua-di-dio-evento-storico-in-cui-la-chiesa-si-oppose-alle-violenze-medievali\/","name":"Tregua di Dio: evento storico in cui la Chiesa si oppose alle violenze medievali - Holyblog","isPartOf":{"@id":"https:\/\/blog.holyart.it\/it\/#website"},"primaryImageOfPage":{"@id":"https:\/\/blog.holyart.it\/it\/articoli-religiosi\/tregua-di-dio-evento-storico-in-cui-la-chiesa-si-oppose-alle-violenze-medievali\/#primaryimage"},"image":{"@id":"https:\/\/blog.holyart.it\/it\/articoli-religiosi\/tregua-di-dio-evento-storico-in-cui-la-chiesa-si-oppose-alle-violenze-medievali\/#primaryimage"},"thumbnailUrl":"https:\/\/blog.holyart.it\/it\/wp-content\/uploads\/sites\/17\/2025\/03\/tregua-di-dio-pace.jpg","datePublished":"2025-04-16T08:00:09+00:00","description":"Attraverso la Tregua di Dio, la Chiesa medievale si fece mediatrice di pace, limitando la violenza durante la festivit\u00e0 liturgiche","breadcrumb":{"@id":"https:\/\/blog.holyart.it\/it\/articoli-religiosi\/tregua-di-dio-evento-storico-in-cui-la-chiesa-si-oppose-alle-violenze-medievali\/#breadcrumb"},"inLanguage":"it-IT","potentialAction":[{"@type":"ReadAction","target":["https:\/\/blog.holyart.it\/it\/articoli-religiosi\/tregua-di-dio-evento-storico-in-cui-la-chiesa-si-oppose-alle-violenze-medievali\/"]}]},{"@type":"ImageObject","inLanguage":"it-IT","@id":"https:\/\/blog.holyart.it\/it\/articoli-religiosi\/tregua-di-dio-evento-storico-in-cui-la-chiesa-si-oppose-alle-violenze-medievali\/#primaryimage","url":"https:\/\/blog.holyart.it\/it\/wp-content\/uploads\/sites\/17\/2025\/03\/tregua-di-dio-pace.jpg","contentUrl":"https:\/\/blog.holyart.it\/it\/wp-content\/uploads\/sites\/17\/2025\/03\/tregua-di-dio-pace.jpg","width":1000,"height":666,"caption":"tregua di dio"},{"@type":"BreadcrumbList","@id":"https:\/\/blog.holyart.it\/it\/articoli-religiosi\/tregua-di-dio-evento-storico-in-cui-la-chiesa-si-oppose-alle-violenze-medievali\/#breadcrumb","itemListElement":[{"@type":"ListItem","position":1,"name":"Homepage","item":"https:\/\/blog.holyart.it\/it\/"},{"@type":"ListItem","position":2,"name":"Religione","item":"https:\/\/blog.holyart.it\/it\/articoli-religiosi\/"},{"@type":"ListItem","position":3,"name":"Tregua di Dio: evento storico in cui la Chiesa si oppose alle violenze medievali"}]},{"@type":"WebSite","@id":"https:\/\/blog.holyart.it\/it\/#website","url":"https:\/\/blog.holyart.it\/it\/","name":"Holyblog","description":"Il Blog di Holyart.it","publisher":{"@id":"https:\/\/blog.holyart.it\/it\/#organization"},"potentialAction":[{"@type":"SearchAction","target":{"@type":"EntryPoint","urlTemplate":"https:\/\/blog.holyart.it\/it\/?s={search_term_string}"},"query-input":{"@type":"PropertyValueSpecification","valueRequired":true,"valueName":"search_term_string"}}],"inLanguage":"it-IT"},{"@type":"Organization","@id":"https:\/\/blog.holyart.it\/it\/#organization","name":"Holyblog","url":"https:\/\/blog.holyart.it\/it\/","logo":{"@type":"ImageObject","inLanguage":"it-IT","@id":"https:\/\/blog.holyart.it\/it\/#\/schema\/logo\/image\/","url":"https:\/\/blog.holyart.it\/it\/wp-content\/uploads\/sites\/17\/2022\/12\/Holyart_Blog_Logo.jpg","contentUrl":"https:\/\/blog.holyart.it\/it\/wp-content\/uploads\/sites\/17\/2022\/12\/Holyart_Blog_Logo.jpg","width":300,"height":50,"caption":"Holyblog"},"image":{"@id":"https:\/\/blog.holyart.it\/it\/#\/schema\/logo\/image\/"}},{"@type":"Person","@id":"https:\/\/blog.holyart.it\/it\/#\/schema\/person\/0a7b686e5af0f856ec1e390dd0baecda","name":"Redazione"}]}},"_links":{"self":[{"href":"https:\/\/blog.holyart.it\/it\/wp-json\/wp\/v2\/posts\/21591","targetHints":{"allow":["GET"]}}],"collection":[{"href":"https:\/\/blog.holyart.it\/it\/wp-json\/wp\/v2\/posts"}],"about":[{"href":"https:\/\/blog.holyart.it\/it\/wp-json\/wp\/v2\/types\/post"}],"author":[{"embeddable":true,"href":"https:\/\/blog.holyart.it\/it\/wp-json\/wp\/v2\/users\/1"}],"replies":[{"embeddable":true,"href":"https:\/\/blog.holyart.it\/it\/wp-json\/wp\/v2\/comments?post=21591"}],"version-history":[{"count":6,"href":"https:\/\/blog.holyart.it\/it\/wp-json\/wp\/v2\/posts\/21591\/revisions"}],"predecessor-version":[{"id":21604,"href":"https:\/\/blog.holyart.it\/it\/wp-json\/wp\/v2\/posts\/21591\/revisions\/21604"}],"wp:featuredmedia":[{"embeddable":true,"href":"https:\/\/blog.holyart.it\/it\/wp-json\/wp\/v2\/media\/21605"}],"wp:attachment":[{"href":"https:\/\/blog.holyart.it\/it\/wp-json\/wp\/v2\/media?parent=21591"}],"wp:term":[{"taxonomy":"category","embeddable":true,"href":"https:\/\/blog.holyart.it\/it\/wp-json\/wp\/v2\/categories?post=21591"},{"taxonomy":"post_tag","embeddable":true,"href":"https:\/\/blog.holyart.it\/it\/wp-json\/wp\/v2\/tags?post=21591"}],"curies":[{"name":"wp","href":"https:\/\/api.w.org\/{rel}","templated":true}]}}