{"id":21556,"date":"2025-04-23T10:00:07","date_gmt":"2025-04-23T08:00:07","guid":{"rendered":"https:\/\/blog.holyart.it\/it\/?p=21556"},"modified":"2025-03-10T09:53:24","modified_gmt":"2025-03-10T08:53:24","slug":"santi-americani-storie-di-fede-dal-mondo-da-non-perdere","status":"publish","type":"post","link":"https:\/\/blog.holyart.it\/it\/santi-e-beati\/santi-americani-storie-di-fede-dal-mondo-da-non-perdere\/","title":{"rendered":"Santi americani: storie di fede dal mondo da non perdere"},"content":{"rendered":"<h4>Missionari, mistici, fondatori di scuole e ospedali, i Santi americani hanno gettato le basi della fede cattolica in America fin dal XVI secolo. Ecco le loro storie<\/h4>\n\n<p>Nonostante la sua giovinezza, come continente, e grazie alla sua incredibile variet\u00e0 culturale e religiosa, l\u2019America \u00e8 stata teatro di\u00a0<a href=\"https:\/\/www.holyart.it\/blog\/santi-e-beati\/storie-di-fratelli-divenuti-santi\/\"><strong>storie straordinarie di santi e beati<\/strong><\/a>. La santit\u00e0 \u00e8 fiorita in modi straordinari nel continente americano, offrendo testimonianze di fede che continuano a ispirare fedeli in tutto il mondo. Questi\u00a0<strong>Santi americani<\/strong>\u00a0hanno affrontato sfide uniche:\u00a0<strong>dall&#8217;evangelizzazione di nuove terre<\/strong>\u00a0alla\u00a0<strong>cura dei malati<\/strong>, dall&#8217;<strong>educazione<\/strong>\u00a0alla\u00a0<strong>difesa dei pi\u00f9 vulnerabili<\/strong>. La loro eredit\u00e0 continua a vivere non solo nelle istituzioni da loro fondate, ma anche nella spiritualit\u00e0 di milioni di cristiani. Le loro storie ci ricordano che\u00a0<strong>la santit\u00e0 non \u00e8 un ideale astratto<\/strong>, ma una<strong>\u00a0risposta concreta ai bisogni<\/strong>. Inoltre le testimonianze di questi santi e beati delle Americhe, appartenenti a etnie diverse e distanti tra loro, ci invitano ancora oggi a riscoprire il\u00a0<strong>valore dell&#8217;incontro tra culture diverse<\/strong>\u00a0nella luce della fede.\u00a0La ricchezza spirituale delle Americhe, espressa attraverso queste figure straordinarie, rappresenta un patrimonio da riscoprire e valorizzare.<\/p>\n<div class=\"link-article\">\n<p><img loading=\"lazy\" decoding=\"async\" class=\"size-full wp-image-21559 alignleft\" src=\"https:\/\/blog.holyart.it\/it\/wp-content\/uploads\/sites\/17\/2025\/03\/storie-di-santi.jpg\" alt=\"storie di santi\" width=\"150\" height=\"99\" data-kale-share-title=\"Santi americani: storie di fede dal mondo da non perdere\" data-kale-share-url=\"https:\/\/blog.holyart.it\/it\/?p=21556\" \/><\/p>\n<div class=\"leggi-anche\">Leggi anche:<\/div>\n<p><strong><a href=\"https:\/\/www.holyart.it\/blog\/santi-e-beati\/storie-di-fratelli-divenuti-santi\/\">Quando la santit\u00e0 \u00e8 di famiglia: storie di fratelli e sorelle divenuti santi insieme<\/a><\/strong><br \/>\nStorie di santi fratelli e sorelle. Quando la santit\u00e0 \u00e8 di famiglia&#8230;<\/p>\n<\/div>\n<p>In questo articolo, vi porteremo a scoprire alcune delle pi\u00f9 affascinanti storie di santi americani, che hanno trasformato il continente e il mondo intero con la loro presenza.<\/p>\n<h2>I primi fiori di santit\u00e0: Santa Rosa da Lima e Santa Kateri Tekakwitha<\/h2>\n<p><strong>Santa Rosa da Lima\u00a0<\/strong>(1586-1617) \u00e8 il primo fiore di santit\u00e0 sbocciato nel Nuovo Mondo.\u00a0<strong>Prima santa delle Americhe<\/strong>, questa mistica peruviana visse un\u2019esistenza straordinaria di penitenza e devozione. Ispirandosi a\u00a0<a href=\"https:\/\/www.holyart.it\/blog\/santi-e-beati\/santa-caterina-da-siena-patrona-ditalia\"><strong>Santa Caterina da Siena<\/strong><\/a>, Rosa dedic\u00f2 la sua esistenza\u00a0<strong>alla preghiera e alla carit\u00e0<\/strong>, trasformando la sua abitazione in un eremo dove si consacr\u00f2 a Dio. Santa Rosa da Lima, nota anche come Rosa di Santa Maria, nacque a Lima, in Per\u00f9, il 20 aprile 1586, da una famiglia nobile di origine spagnola. Sin da piccola, Isabel Flores de Oliva (questo era il suo nome) mostr\u00f2 una profonda devozione a Dio. Soprannominata Rosa per la sua straordinaria bellezza paragonata a un fiore, a vent&#8217;anni, vest\u00ec l&#8217;abito del Terz&#8217;Ordine domenicano e si dedic\u00f2 a una vita di preghiera e penitenza. Allest\u00ec un rifugio per i poveri nella casa materna, dividendosi tra penitenza, preghiera contemplativa e servizio ai bisognosi, in particolare gli\u00a0<strong>indios<\/strong>. La sua esistenza fu segnata da\u00a0<strong>visioni mistiche<\/strong>\u00a0e da un amore incondizionato per Cristo. Dopo la sua morte, avvenuta il 24 agosto 1617, le furono attribuiti numerosi miracoli, e fu canonizzata nel 1671 da Papa Clemente X. Oggi \u00e8 venerata come\u00a0<strong>patrona del Per\u00f9, delle Americhe e delle Filippine<\/strong>.<\/p>\n<div class=\"link-article\">\n<p><img loading=\"lazy\" decoding=\"async\" class=\"size-full wp-image-21560 alignleft\" src=\"https:\/\/blog.holyart.it\/it\/wp-content\/uploads\/sites\/17\/2025\/03\/Santa-Caterina-da-Siena-matrimonio.jpg\" alt=\"Santa Caterina da Siena matrimonio\" width=\"150\" height=\"99\" data-kale-share-title=\"Santi americani: storie di fede dal mondo da non perdere\" data-kale-share-url=\"https:\/\/blog.holyart.it\/it\/?p=21556\" \/><\/p>\n<div class=\"leggi-anche\">Leggi anche:<\/div>\n<p><strong><a href=\"https:\/\/www.holyart.it\/blog\/santi-e-beati\/santa-caterina-da-siena-patrona-ditalia\/\">Santa Caterina da Siena: patrona d\u2019Italia<\/a><\/strong><br \/>\nSanta Caterina da Siena, da donna del popolo a consigliera di Papi e principi. Coraggiosa, saggia, e totalmente&#8230;<\/p>\n<\/div>\n<p><strong><a href=\"https:\/\/www.holyart.it\/it\/articoli-religiosi\/santini-e-biglietti-augurali\/santini\/santino-santa-kateri-tekawitha-10x5-cm-ita\">Santa Kateri Tekakwitha<\/a>\u00a0<\/strong>(1656-1680), conosciuta come\u00a0<em>Il Giglio dei Mohawk<\/em>, era una giovane\u00a0<strong>nativa americana<\/strong> convertita al cattolicesimo. Nata da padre Mohawk e madre cristiana algonchina, rimase orfana a quattro anni a causa di un&#8217;epidemia di vaiolo, che le lasci\u00f2 il viso sfigurato e la vista indebolita. Battezzata all&#8217;et\u00e0 di vent&#8217;anni, nonostante l&#8217;opposizione del suo clan, affront\u00f2 l&#8217;ostilit\u00e0 della sua comunit\u00e0 con straordinaria fermezza. Fuggita nella missione di Kahnawake vicino a Montr\u00e9al, visse gli ultimi anni nella missione di San Francesco Saverio in Canada, in\u00a0<strong>profonda preghiera, penitenza e servizio agli altri<\/strong>. La sua canonizzazione nel 2012 da parte di Papa Benedetto XVI l&#8217;ha resa la\u00a0<strong>prima santa nativa nordamericana<\/strong>, simbolo di inculturazione della fede e di\u00a0<strong>dialogo tra mondi spirituali diversi<\/strong>. Kateri \u00e8 diventata un ponte tra la\u00a0<strong>spiritualit\u00e0 indigena<\/strong>\u00a0e la\u00a0<strong>fede cattolica<\/strong>, simbolo di riconciliazione culturale e testimone della capacit\u00e0 del Vangelo di fiorire in ogni cultura. La sua festa si celebra il\u00a0<strong>14 luglio<\/strong>.<\/p>\n<div class=\"link-product\">\n<div class=\"blocco-immagine\"><img loading=\"lazy\" decoding=\"async\" class=\"size-full wp-image-21561 alignleft\" src=\"https:\/\/blog.holyart.it\/it\/wp-content\/uploads\/sites\/17\/2025\/03\/santino-santa-kateri-tekawitha-10x5-cm-ita.jpg\" alt=\"santino santa kateri tekawitha 10x5 cm ita\" width=\"100\" height=\"100\" data-kale-share-title=\"Santi americani: storie di fede dal mondo da non perdere\" data-kale-share-url=\"https:\/\/blog.holyart.it\/it\/?p=21556\" \/><\/div>\n<div class=\"blocco-contenuto\">\n<div class=\"blocco-acquista\">Acquista su Holyart:<\/div>\n<div class=\"blocco-titolo\"><a href=\"https:\/\/www.holyart.it\/it\/articoli-religiosi\/santini-e-biglietti-augurali\/santini\/santino-santa-kateri-tekawitha-10x5-cm-ita\">Santino Santa Kateri Tekawitha 10&#215;5 cm ITA<\/a><\/div>\n<div class=\"blocco-descrizione\">Santino originale della ditta Fratelli Bonella.<\/div>\n<\/div>\n<\/div>\n<h2>Evangelizzatori e fondatori: da San Jun\u00edpero Serra a Madre Theodore Guerin<\/h2>\n<p>La figura di\u00a0<strong><a href=\"https:\/\/www.holyart.it\/it\/accessori-per-la-liturgia\/processioni\/junipero-serra-fondo-azzurro-stendardo-processioni-155x75-cm\">San Jun\u00edpero Serra<\/a>\u00a0<\/strong>(1713-1784) rappresenta l&#8217;<strong>impegno missionario\u00a0<\/strong>nella California del XVIII secolo. Nato a Maiorca nel 1713, questo frate francescano spagnolo abbandon\u00f2 una promettente carriera accademica come docente di teologia per rispondere alla chiamata missionaria nel Nuovo Mondo. Dapprima si rec\u00f2 in Messico, dove svolse un&#8217;intensa attivit\u00e0 missionaria tra i Pame, indigeni nella Sierra Gorda. Successivamente, con instancabile zelo, percorse a piedi migliaia di chilometri, per portare il Vangelo in tutta la California, nonostante una dolorosa ferita alla gamba che lo torment\u00f2 per tutta la vita. Fondatore di nove delle ventuno missioni californiane, da San Diego a San Francisco, Serra gett\u00f2 le basi dell&#8217;infrastruttura sociale e religiosa che avrebbe plasmato la California moderna. La sua opera evangelizzatrice si intreccia con la complessa storia coloniale spagnola, suscitando ancora oggi polemiche per il suo<strong>\u00a0rapporto con le popolazioni native<\/strong>. Canonizzato nel 2015 da Papa Francesco, durante la sua visita negli Stati Uniti, Serra resta una figura che invita a riflessioni profonde sul significato della missione cristiana nel contesto dell&#8217;<strong>incontro tra diverse culture<\/strong>. Il suo motto<em>\u00a0&#8220;Sempre avanti, mai indietro&#8221;<\/em>\u00a0testimonia la determinazione che caratterizz\u00f2 la sua esistenza dedicata alla diffusione del Vangelo.<\/p>\n<div class=\"link-product\">\n<div class=\"blocco-immagine\"><img loading=\"lazy\" decoding=\"async\" class=\"size-full wp-image-21565 alignleft\" src=\"https:\/\/blog.holyart.it\/it\/wp-content\/uploads\/sites\/17\/2025\/03\/junipero-serra-fondo-azzurro-stendardo-processioni-155x75-cm.jpg\" alt=\"junipero serra fondo azzurro stendardo processioni 155x75 cm\" width=\"100\" height=\"100\" data-kale-share-title=\"Santi americani: storie di fede dal mondo da non perdere\" data-kale-share-url=\"https:\/\/blog.holyart.it\/it\/?p=21556\" \/><\/div>\n<div class=\"blocco-contenuto\">\n<div class=\"blocco-acquista\">Acquista su Holyart:<\/div>\n<div class=\"blocco-titolo\"><a href=\"https:\/\/www.holyart.it\/it\/accessori-per-la-liturgia\/processioni\/junipero-serra-fondo-azzurro-stendardo-processioni-155x75-cm\">Junipero Serra fondo azzurro stendardo processioni 155X75 cm<\/a><\/div>\n<div class=\"blocco-descrizione\">Stendardo raffigurante il Santo Junipero Serra, santificato da Papa Francesco nel 2015.<\/div>\n<\/div>\n<\/div>\n<p><strong>Santa Madre Theodore Guerin\u00a0<\/strong>(1798-1856) incarna lo spirito pionieristico dell&#8217;<strong>educazione cattolica nella frontiera americana\u00a0<\/strong>del XIX secolo. Nata in Francia come Anne-Th\u00e9r\u00e8se Guerin, rispose alla chiamata missionaria dopo anni di servizio nel suo paese natale, guidando un piccolo gruppo di Suore della Provvidenza attraverso l&#8217;oceano fino alle foreste remote dell&#8217;Indiana nel 1840. Affrontando condizioni di estrema povert\u00e0, pregiudizi anticattolici e ostilit\u00e0 da parte di alcune autorit\u00e0 ecclesiastiche, fond\u00f2 l&#8217;<strong>accademia femminile di Saint Mary-of-the-Woods<\/strong>,<strong>\u00a0<\/strong>primo istituto cattolico d&#8217;istruzione superiore per donne negli Stati Uniti. La sua visione educativa, straordinariamente progressista per l&#8217;epoca,\u00a0<strong>accoglieva studentesse di ogni fede e condizione sociale<\/strong>. Dotata di notevole abilit\u00e0 amministrativa e di inflessibile determinazione, fond\u00f2 scuole in tutta l&#8217;Indiana e l&#8217;Illinois, creando un sistema educativo che resiste ancora oggi. Nonostante le sfide e le difficolt\u00e0, rimase una leader carismatica e una guida spirituale per le sue sorelle. Fu beatificata nel 1998 da <a href=\"https:\/\/www.holyart.it\/it\/occasioni-speciali\/giovanni-paolo-ii\"><strong>Papa Giovanni Paolo II<\/strong><\/a> e canonizzata nel 2006 da Papa Benedetto XVI. La sua festa si celebra il 3 ottobre. Madre Theodore \u00e8 ancora oggi venerata per la sua incrollabile fiducia nella Provvidenza divina e per aver portato la luce dell&#8217;istruzione in territori dove l&#8217;ignoranza e i pregiudizi prevalevano.<\/p>\n<div class=\"link-product\">\n<div class=\"blocco-immagine\"><img loading=\"lazy\" decoding=\"async\" class=\"size-full wp-image-21566 alignleft\" src=\"https:\/\/blog.holyart.it\/it\/wp-content\/uploads\/sites\/17\/2025\/03\/statua-san-giovanni-paolo-ii-resina-colorata-20-cm.jpg\" alt=\"statua san giovanni paolo ii resina colorata 20 cm\" width=\"100\" height=\"100\" data-kale-share-title=\"Santi americani: storie di fede dal mondo da non perdere\" data-kale-share-url=\"https:\/\/blog.holyart.it\/it\/?p=21556\" \/><\/div>\n<div class=\"blocco-contenuto\">\n<div class=\"blocco-acquista\">Acquista su Holyart:<\/div>\n<div class=\"blocco-titolo\"><a href=\"https:\/\/www.holyart.it\/it\/occasioni-speciali\/giovanni-paolo-ii\">Giovanni Paolo II<\/a><\/div>\n<div class=\"blocco-descrizione\">Tantissimi articoli con l&#8217;immagine del Papa o con i simboli che si legano alla sua vita, come la croce pastorale.<\/div>\n<\/div>\n<\/div>\n<p>Nato il 28 marzo 1811 a Prachatitz, in Boemia (oggi Repubblica Ceca),\u00a0<a href=\"https:\/\/www.holyart.it\/it\/articoli-religiosi\/statue\/statue-in-legno-dipinto\/san-nepomuceno-colorato-val-gardena\"><strong>San Giovanni Nepomuceno Neumann<\/strong><\/a>\u00a0fu una figura eminente nella storia ecclesiastica degli Stati Uniti. Dopo aver studiato teologia, giunse negli Stati Uniti nel 1836 come\u00a0<strong>seminarista missionario<\/strong>, per servire gli immigrati europei che affluivano nel Nuovo Mondo. Fu ordinato sacerdote a New York, entr\u00f2 nella Congregazione del Santissimo Redentore (Redentoristi) e nel 1852 fu nominato\u00a0<strong>quarto vescovo di Filadelfia<\/strong>, ruolo che ricopr\u00ec fino alla sua morte nel 1860. Neumann si distinse per la sua\u00a0<strong>straordinaria capacit\u00e0 organizzativa<\/strong>: costru\u00ec oltre 80 chiese, svilupp\u00f2 un sistema scolastico cattolico efficiente e si dedic\u00f2 con particolare attenzione agli\u00a0<strong>immigrati<\/strong>. Parlando fluentemente otto lingue poteva infatti comunicare direttamente con i fedeli di diverse nazionalit\u00e0. Di statura minuta, ma di immensa energia spirituale, Neumann visse in estrema semplicit\u00e0, dedicandosi instancabilmente alle necessit\u00e0 pastorali della sua vasta diocesi fino alla morte improvvisa, avvenuta per strada a soli 48 anni. Canonizzato nel 1977 da Papa Paolo VI, \u00e8 venerato come\u00a0<strong>patrono dell&#8217;educazione cattolica negli Stati Uniti<\/strong>.<\/p>\n<div class=\"link-product\">\n<div class=\"blocco-immagine\"><img loading=\"lazy\" decoding=\"async\" class=\"size-full wp-image-21568 alignleft\" src=\"https:\/\/blog.holyart.it\/it\/wp-content\/uploads\/sites\/17\/2025\/03\/san-nepomuceno-colorato-val-gardena.jpg\" alt=\"san nepomuceno colorato val gardena\" width=\"100\" height=\"100\" data-kale-share-title=\"Santi americani: storie di fede dal mondo da non perdere\" data-kale-share-url=\"https:\/\/blog.holyart.it\/it\/?p=21556\" \/><\/div>\n<div class=\"blocco-contenuto\">\n<div class=\"blocco-acquista\">Acquista su Holyart:<\/div>\n<div class=\"blocco-titolo\"><a href=\"https:\/\/www.holyart.it\/it\/articoli-religiosi\/statue\/statue-in-legno-dipinto\/san-nepomuceno-colorato-val-gardena\">San Nepomuceno colorato Val Gardena<\/a><\/div>\n<div class=\"blocco-descrizione\">Statua rappresentante San Nepomuceno colorato con colori ad olio e dorato con fogli d&#8217;oro.<\/div>\n<\/div>\n<\/div>\n<h2>Apostoli della carit\u00e0: da Santa Marianna Cope a San Damiano di Veuster<\/h2>\n<p><strong>Santa Marianna Cope<\/strong>, nata Barbara Koob il 23 gennaio 1838 a Heppenheim, in Germania, emigr\u00f2 negli Stati Uniti con la sua famiglia all&#8217;et\u00e0 di due anni. Dopo aver lavorato in una fabbrica, entr\u00f2 tra le Suore del Terz&#8217;Ordine Francescano di Syracuse, prendendo il nome di Marianna e diventando presto superiora e amministratrice di ospedali. Fu una pioniera nell&#8217;assistenza sanitaria e fond\u00f2 ospedali a Utica e Syracuse. Nel 1883, rispose, unica tra cinquanta madri superiore contattate, alla richiesta del vescovo di Honolulu di aiutare i\u00a0<strong>lebbrosi nell&#8217;isola di Molokai<\/strong>. Qui lavor\u00f2 instancabilmente per migliorare le condizioni di vita dei malati e cre\u00f2 strutture per i bambini sani delle famiglie colpite dalla malattia. Con sei consorelle, rivoluzion\u00f2 le condizioni di vita nella colonia, introducendo standard igienici avanzati, restaurando la dignit\u00e0 dei malati e creando un ambiente di cura compassionevole dove prima regnava solo disperazione. Collabor\u00f2 strettamente con\u00a0<strong>San Damiano di Veuster<\/strong>\u00a0e, alla morte di quest&#8217;ultimo, assunse la direzione completa dell&#8217;opera. Straordinario \u00e8 il fatto che n\u00e9 lei n\u00e9 alcuna delle sue suore contrasse mai la lebbra, nonostante il contatto quotidiano con i malati. Beatificata nel 2005, fu canonizzata nel 2012 da <a href=\"https:\/\/www.holyart.it\/it\/occasioni-speciali\/benedetto-xvi\"><strong>Papa Benedetto XVI<\/strong><\/a>. La sua memoria liturgica cade il 23 gennaio, giorno della sua nascita.<\/p>\n<div class=\"link-product\">\n<div class=\"blocco-immagine\"><img loading=\"lazy\" decoding=\"async\" class=\"size-full wp-image-21569 alignleft\" src=\"https:\/\/blog.holyart.it\/it\/wp-content\/uploads\/sites\/17\/2025\/03\/arazzo-azzurro-papa-benedetto-xvi-40x30-cm.jpg\" alt=\"arazzo azzurro papa benedetto xvi 40x30 cm\" width=\"100\" height=\"100\" data-kale-share-title=\"Santi americani: storie di fede dal mondo da non perdere\" data-kale-share-url=\"https:\/\/blog.holyart.it\/it\/?p=21556\" \/><\/div>\n<div class=\"blocco-contenuto\">\n<div class=\"blocco-acquista\">Acquista su Holyart:<\/div>\n<div class=\"blocco-titolo\"><a href=\"https:\/\/www.holyart.it\/it\/occasioni-speciali\/benedetto-xvi\">Benedetto XVI<\/a><\/div>\n<div class=\"blocco-descrizione\">Categoria dedicata a papa Joseph Ratzinger, contenente oggetti devozionali a Papa Benedetto XVI.<\/div>\n<\/div>\n<\/div>\n<p><strong>San Damiano di Veuster<\/strong>, nato Joseph de Veuster il 3 gennaio 1840 a Tremelo, in Belgio, fu un missionario e sacerdote della Congregazione dei Sacri Cuori. Conosciuto anche come\u00a0<strong>Padre Damiano da Molokai<\/strong>, rappresenta una delle pi\u00f9 radicali testimonianze di amore cristiano nella storia moderna. Dopo essere stato ordinato sacerdote nel 1864, si offr\u00ec volontario nel 1873 per servire nella colonia dei lebbrosi sull&#8217;isola hawaiana di Molokai, un luogo di esilio dove circa 800 malati vivevano in condizioni disperate, privi di assistenza medica e spirituale. La sua opera fu caratterizzata da un impegno totale e disinteressato. Damiano non si limit\u00f2 a essere un sacerdote per i lebbrosi, ma divenne uno di loro: costru\u00ec case, organizz\u00f2 una comunit\u00e0, cur\u00f2 i malati, seppell\u00ec i morti e restitu\u00ec dignit\u00e0 a persone considerate intoccabili dalla societ\u00e0. Col suo celebre annuncio\u00a0<em>&#8220;Noi lebbrosi&#8221;<\/em>, rivel\u00f2 di aver contratto la malattia, ma scelse di continuare il suo ministero fino alla morte, avvenuta il 15 aprile 1889. La sua\u00a0<strong>identificazione totale con i sofferenti<\/strong>, culminata nell&#8217;accettazione della stessa malattia che affliggeva i suoi assistiti, ha fatto di lui un\u00a0<strong>simbolo universale della carit\u00e0 cristiana\u00a0<\/strong>che va oltre ogni barriera. Canonizzato nel 2009, Padre Damiano \u00e8 venerato come patrono dei lebbrosi e degli emarginati.<\/p>\n<h2>Pioniere dell&#8217;assistenza sociale: Santa Francesca Saverio Cabrini e Santa Caterina Drexel<\/h2>\n<p><a href=\"https:\/\/www.holyart.it\/it\/articoli-religiosi\/statue\/statue-in-legno-naturale\/santa-francesca-saverio-cabrini-naturale-legno-acero-valgardena\"><strong>Santa Francesca Saverio Cabrini<\/strong><\/a>, nata a Sant&#8217;Angelo Lodigiano il 15 luglio 1850, fu una\u00a0<strong>religiosa e missionaria<\/strong>\u00a0italiana che lasci\u00f2 un&#8217;impronta duratura negli Stati Uniti. Donna minuta, ma dotata di indomabile energia, fond\u00f2 l&#8217;Istituto delle Missionarie del Sacro Cuore di Ges\u00f9 a Codogno nel 1880, e, inizialmente desiderosa di partire per la Cina, fu invece indirizzata da Papa Leone XIII verso gli Stati Uniti con le parole:\u00a0<em>&#8220;Non all&#8217;Oriente, ma all&#8217;Occidente&#8221;<\/em>. Giunta a New York nel 1889, trov\u00f2 gli\u00a0<strong>immigrati italiani<\/strong>\u00a0in condizioni disperate, vittime di pregiudizi e sfruttamento. Con determinazione visionaria e notevoli capacit\u00e0 organizzative, fond\u00f2 67 istituzioni in soli 28 anni, tra\u00a0<strong>scuole, orfanotrofi e ospedali<\/strong>, attraversando l&#8217;oceano 23 volte nonostante la sua paura del mare. La sua opera si estese da New York a Chicago, da New Orleans a Seattle, fino all&#8217;America Latina, guadagnandole il titolo di\u00a0<em>&#8220;madre degli emigranti&#8221;<\/em>. Naturalizzata cittadina americana nel 1909, Madre Cabrini combin\u00f2 una profonda vita spirituale con un pragmatismo tipicamente americano, diventando ponte tra due mondi e dando dignit\u00e0 a migliaia di immigrati sradicati. Canonizzata nel 1946, \u00e8 venerata come patrona degli emigranti e modello di leadership femminile nella Chiesa.<\/p>\n<div class=\"link-product\">\n<div class=\"blocco-immagine\"><img loading=\"lazy\" decoding=\"async\" class=\"size-full wp-image-21572 alignleft\" src=\"https:\/\/blog.holyart.it\/it\/wp-content\/uploads\/sites\/17\/2025\/03\/santa-francesca-saverio-cabrini-naturale-legno-acero-valgardena.jpg\" alt=\"santa francesca saverio cabrini naturale legno acero valgardena\" width=\"100\" height=\"100\" data-kale-share-title=\"Santi americani: storie di fede dal mondo da non perdere\" data-kale-share-url=\"https:\/\/blog.holyart.it\/it\/?p=21556\" \/><\/div>\n<div class=\"blocco-contenuto\">\n<div class=\"blocco-acquista\">Acquista su Holyart:<\/div>\n<div class=\"blocco-titolo\"><a href=\"https:\/\/www.holyart.it\/it\/articoli-religiosi\/statue\/statue-in-legno-naturale\/santa-francesca-saverio-cabrini-naturale-legno-acero-valgardena\">Santa Francesca Saverio Cabrini naturale legno acero Valgardena<\/a><\/div>\n<div class=\"blocco-descrizione\">Questa statua in legno d&#8217;acero \u00e8 stata intagliata in Italia, presso una azienda della Val Gardena.<\/div>\n<\/div>\n<\/div>\n<p><a href=\"https:\/\/www.holyart.it\/it\/articoli-religiosi\/statue\/statue-in-legno-dipinto\/santa-caterina-drexel-dipinta-legno-acero-valgardena\"><strong>Santa Caterina Drexel<\/strong><\/a>\u00a0nacque Katharine Mary Drexel il 26 novembre 1858 a Filadelfia, in una delle famiglie bancarie pi\u00f9 facoltose di Filadelfia con un patrimonio stimato di 20 milioni di dollari (equivalenti a circa mezzo miliardo attuali). Ispirata a dedicarsi alla vita religiosa dal vescovo James O&#8217;Connor, che la spron\u00f2 a lavorare con le\u00a0<strong>comunit\u00e0 native e afroamericane<\/strong>, stup\u00ec il mondo quando decise di abbandonare il suo privilegio per fondare una nuova congregazione: le\u00a0<strong>Suore del Santissimo Sacramento per Indiani e Gente di Colore<\/strong>, nel 1891. Caterina si concentr\u00f2\u00a0<strong>sull&#8217;educazione e il sostegno di queste comunit\u00e0 emarginate<\/strong>, finanziando oltre 60 missioni e scuole negli Stati Uniti, tra cui Xavier University of Louisiana, l&#8217;unica universit\u00e0 storicamente nera e cattolica del paese. La sua visione di giustizia sociale, radicata in una profonda spiritualit\u00e0 eucaristica, sfid\u00f2 le convenzioni della sua epoca e\u00a0<strong>anticip\u00f2 i movimenti per i diritti civili<\/strong>\u00a0e la lotta contro la discriminazione razziale. Fu canonizzata nel 2000 da Papa Giovanni Paolo II e ricordata come patrona della giustizia razziale e dei filantropi.<\/p>\n<div class=\"link-product\">\n<div class=\"blocco-immagine\"><img loading=\"lazy\" decoding=\"async\" class=\"size-full wp-image-21573 alignleft\" src=\"https:\/\/blog.holyart.it\/it\/wp-content\/uploads\/sites\/17\/2025\/03\/santa-caterina-drexel-dipinta-legno-acero-valgardena.jpg\" alt=\"santa caterina drexel dipinta legno acero valgardena\" width=\"100\" height=\"100\" data-kale-share-title=\"Santi americani: storie di fede dal mondo da non perdere\" data-kale-share-url=\"https:\/\/blog.holyart.it\/it\/?p=21556\" \/><\/div>\n<div class=\"blocco-contenuto\">\n<div class=\"blocco-acquista\">Acquista su Holyart:<\/div>\n<div class=\"blocco-titolo\"><a href=\"https:\/\/www.holyart.it\/it\/articoli-religiosi\/statue\/statue-in-legno-dipinto\/santa-caterina-drexel-dipinta-legno-acero-valgardena\">Santa Caterina Drexel dipinta legno acero Valgardena<\/a><\/div>\n<div class=\"blocco-descrizione\">La statua \u00e8 prodotta interamente in Italia, molto curata e rifinita nei minimi particolari.<\/div>\n<\/div>\n<\/div>\n","protected":false},"excerpt":{"rendered":"<p>Missionari, mistici, fondatori di scuole e ospedali, i Santi americani hanno gettato le basi della fede cattolica in America fin dal XVI secolo. Ecco le loro storie Nonostante la sua giovinezza, come continente, e grazie alla sua incredibile variet\u00e0 culturale e religiosa, l\u2019America \u00e8 stata&hellip;<\/p>\n","protected":false},"author":1,"featured_media":21576,"comment_status":"closed","ping_status":"open","sticky":false,"template":"","format":"standard","meta":{"_acf_changed":false,"footnotes":""},"categories":[15],"tags":[],"class_list":["post-21556","post","type-post","status-publish","format-standard","has-post-thumbnail","hentry","category-santi-e-beati"],"acf":[],"yoast_head":"<!-- This site is optimized with the Yoast SEO plugin v26.6 - https:\/\/yoast.com\/wordpress\/plugins\/seo\/ -->\n<title>Santi americani: storie di fede dal mondo da non perdere - Holyblog<\/title>\n<meta name=\"description\" content=\"I Santi americani, testimoni di fede, carit\u00e0 e giustizia, hanno lasciato un segno profondo con il loro esempio di amore e dedizione\" \/>\n<meta name=\"robots\" content=\"index, follow, max-snippet:-1, max-image-preview:large, max-video-preview:-1\" \/>\n<link rel=\"canonical\" href=\"https:\/\/blog.holyart.it\/it\/santi-e-beati\/santi-americani-storie-di-fede-dal-mondo-da-non-perdere\/\" \/>\n<meta property=\"og:locale\" content=\"it_IT\" \/>\n<meta property=\"og:type\" content=\"article\" \/>\n<meta property=\"og:title\" content=\"Santi americani: storie di fede dal mondo da non perdere - Holyblog\" \/>\n<meta property=\"og:description\" content=\"I Santi americani, testimoni di fede, carit\u00e0 e giustizia, hanno lasciato un segno profondo con il loro esempio di amore e dedizione\" \/>\n<meta property=\"og:url\" content=\"https:\/\/blog.holyart.it\/it\/santi-e-beati\/santi-americani-storie-di-fede-dal-mondo-da-non-perdere\/\" \/>\n<meta property=\"og:site_name\" content=\"Holyblog\" \/>\n<meta property=\"article:published_time\" content=\"2025-04-23T08:00:07+00:00\" \/>\n<meta property=\"og:image\" content=\"https:\/\/blog.holyart.it\/it\/wp-content\/uploads\/sites\/17\/2025\/03\/santi-americani.jpg\" \/>\n\t<meta property=\"og:image:width\" content=\"1000\" \/>\n\t<meta property=\"og:image:height\" content=\"666\" \/>\n\t<meta property=\"og:image:type\" content=\"image\/jpeg\" \/>\n<meta name=\"author\" content=\"Redazione\" \/>\n<meta name=\"twitter:card\" content=\"summary_large_image\" \/>\n<meta name=\"twitter:label1\" content=\"Scritto da\" \/>\n\t<meta name=\"twitter:data1\" content=\"Redazione\" \/>\n\t<meta name=\"twitter:label2\" content=\"Tempo di lettura stimato\" \/>\n\t<meta name=\"twitter:data2\" content=\"14 minuti\" \/>\n<script type=\"application\/ld+json\" class=\"yoast-schema-graph\">{\"@context\":\"https:\/\/schema.org\",\"@graph\":[{\"@type\":\"Article\",\"@id\":\"https:\/\/blog.holyart.it\/it\/santi-e-beati\/santi-americani-storie-di-fede-dal-mondo-da-non-perdere\/#article\",\"isPartOf\":{\"@id\":\"https:\/\/blog.holyart.it\/it\/santi-e-beati\/santi-americani-storie-di-fede-dal-mondo-da-non-perdere\/\"},\"author\":{\"name\":\"Redazione\",\"@id\":\"https:\/\/blog.holyart.it\/it\/#\/schema\/person\/0a7b686e5af0f856ec1e390dd0baecda\"},\"headline\":\"Santi americani: storie di fede dal mondo da non perdere\",\"datePublished\":\"2025-04-23T08:00:07+00:00\",\"mainEntityOfPage\":{\"@id\":\"https:\/\/blog.holyart.it\/it\/santi-e-beati\/santi-americani-storie-di-fede-dal-mondo-da-non-perdere\/\"},\"wordCount\":2115,\"publisher\":{\"@id\":\"https:\/\/blog.holyart.it\/it\/#organization\"},\"image\":{\"@id\":\"https:\/\/blog.holyart.it\/it\/santi-e-beati\/santi-americani-storie-di-fede-dal-mondo-da-non-perdere\/#primaryimage\"},\"thumbnailUrl\":\"https:\/\/blog.holyart.it\/it\/wp-content\/uploads\/sites\/17\/2025\/03\/santi-americani.jpg\",\"articleSection\":[\"Santi e beati\"],\"inLanguage\":\"it-IT\"},{\"@type\":\"WebPage\",\"@id\":\"https:\/\/blog.holyart.it\/it\/santi-e-beati\/santi-americani-storie-di-fede-dal-mondo-da-non-perdere\/\",\"url\":\"https:\/\/blog.holyart.it\/it\/santi-e-beati\/santi-americani-storie-di-fede-dal-mondo-da-non-perdere\/\",\"name\":\"Santi americani: storie di fede dal mondo da non perdere - Holyblog\",\"isPartOf\":{\"@id\":\"https:\/\/blog.holyart.it\/it\/#website\"},\"primaryImageOfPage\":{\"@id\":\"https:\/\/blog.holyart.it\/it\/santi-e-beati\/santi-americani-storie-di-fede-dal-mondo-da-non-perdere\/#primaryimage\"},\"image\":{\"@id\":\"https:\/\/blog.holyart.it\/it\/santi-e-beati\/santi-americani-storie-di-fede-dal-mondo-da-non-perdere\/#primaryimage\"},\"thumbnailUrl\":\"https:\/\/blog.holyart.it\/it\/wp-content\/uploads\/sites\/17\/2025\/03\/santi-americani.jpg\",\"datePublished\":\"2025-04-23T08:00:07+00:00\",\"description\":\"I Santi americani, testimoni di fede, carit\u00e0 e giustizia, hanno lasciato un segno profondo con il loro esempio di amore e dedizione\",\"breadcrumb\":{\"@id\":\"https:\/\/blog.holyart.it\/it\/santi-e-beati\/santi-americani-storie-di-fede-dal-mondo-da-non-perdere\/#breadcrumb\"},\"inLanguage\":\"it-IT\",\"potentialAction\":[{\"@type\":\"ReadAction\",\"target\":[\"https:\/\/blog.holyart.it\/it\/santi-e-beati\/santi-americani-storie-di-fede-dal-mondo-da-non-perdere\/\"]}]},{\"@type\":\"ImageObject\",\"inLanguage\":\"it-IT\",\"@id\":\"https:\/\/blog.holyart.it\/it\/santi-e-beati\/santi-americani-storie-di-fede-dal-mondo-da-non-perdere\/#primaryimage\",\"url\":\"https:\/\/blog.holyart.it\/it\/wp-content\/uploads\/sites\/17\/2025\/03\/santi-americani.jpg\",\"contentUrl\":\"https:\/\/blog.holyart.it\/it\/wp-content\/uploads\/sites\/17\/2025\/03\/santi-americani.jpg\",\"width\":1000,\"height\":666,\"caption\":\"santi americani\"},{\"@type\":\"BreadcrumbList\",\"@id\":\"https:\/\/blog.holyart.it\/it\/santi-e-beati\/santi-americani-storie-di-fede-dal-mondo-da-non-perdere\/#breadcrumb\",\"itemListElement\":[{\"@type\":\"ListItem\",\"position\":1,\"name\":\"Homepage\",\"item\":\"https:\/\/blog.holyart.it\/it\/\"},{\"@type\":\"ListItem\",\"position\":2,\"name\":\"Santi e beati\",\"item\":\"https:\/\/blog.holyart.it\/it\/santi-e-beati\/\"},{\"@type\":\"ListItem\",\"position\":3,\"name\":\"Santi americani: storie di fede dal mondo da non perdere\"}]},{\"@type\":\"WebSite\",\"@id\":\"https:\/\/blog.holyart.it\/it\/#website\",\"url\":\"https:\/\/blog.holyart.it\/it\/\",\"name\":\"Holyblog\",\"description\":\"Il Blog di Holyart.it\",\"publisher\":{\"@id\":\"https:\/\/blog.holyart.it\/it\/#organization\"},\"potentialAction\":[{\"@type\":\"SearchAction\",\"target\":{\"@type\":\"EntryPoint\",\"urlTemplate\":\"https:\/\/blog.holyart.it\/it\/?s={search_term_string}\"},\"query-input\":{\"@type\":\"PropertyValueSpecification\",\"valueRequired\":true,\"valueName\":\"search_term_string\"}}],\"inLanguage\":\"it-IT\"},{\"@type\":\"Organization\",\"@id\":\"https:\/\/blog.holyart.it\/it\/#organization\",\"name\":\"Holyblog\",\"url\":\"https:\/\/blog.holyart.it\/it\/\",\"logo\":{\"@type\":\"ImageObject\",\"inLanguage\":\"it-IT\",\"@id\":\"https:\/\/blog.holyart.it\/it\/#\/schema\/logo\/image\/\",\"url\":\"https:\/\/blog.holyart.it\/it\/wp-content\/uploads\/sites\/17\/2022\/12\/Holyart_Blog_Logo.jpg\",\"contentUrl\":\"https:\/\/blog.holyart.it\/it\/wp-content\/uploads\/sites\/17\/2022\/12\/Holyart_Blog_Logo.jpg\",\"width\":300,\"height\":50,\"caption\":\"Holyblog\"},\"image\":{\"@id\":\"https:\/\/blog.holyart.it\/it\/#\/schema\/logo\/image\/\"}},{\"@type\":\"Person\",\"@id\":\"https:\/\/blog.holyart.it\/it\/#\/schema\/person\/0a7b686e5af0f856ec1e390dd0baecda\",\"name\":\"Redazione\"}]}<\/script>\n<!-- \/ Yoast SEO plugin. -->","yoast_head_json":{"title":"Santi americani: storie di fede dal mondo da non perdere - Holyblog","description":"I Santi americani, testimoni di fede, carit\u00e0 e giustizia, hanno lasciato un segno profondo con il loro esempio di amore e dedizione","robots":{"index":"index","follow":"follow","max-snippet":"max-snippet:-1","max-image-preview":"max-image-preview:large","max-video-preview":"max-video-preview:-1"},"canonical":"https:\/\/blog.holyart.it\/it\/santi-e-beati\/santi-americani-storie-di-fede-dal-mondo-da-non-perdere\/","og_locale":"it_IT","og_type":"article","og_title":"Santi americani: storie di fede dal mondo da non perdere - Holyblog","og_description":"I Santi americani, testimoni di fede, carit\u00e0 e giustizia, hanno lasciato un segno profondo con il loro esempio di amore e dedizione","og_url":"https:\/\/blog.holyart.it\/it\/santi-e-beati\/santi-americani-storie-di-fede-dal-mondo-da-non-perdere\/","og_site_name":"Holyblog","article_published_time":"2025-04-23T08:00:07+00:00","og_image":[{"width":1000,"height":666,"url":"https:\/\/blog.holyart.it\/it\/wp-content\/uploads\/sites\/17\/2025\/03\/santi-americani.jpg","type":"image\/jpeg"}],"author":"Redazione","twitter_card":"summary_large_image","twitter_misc":{"Scritto da":"Redazione","Tempo di lettura stimato":"14 minuti"},"schema":{"@context":"https:\/\/schema.org","@graph":[{"@type":"Article","@id":"https:\/\/blog.holyart.it\/it\/santi-e-beati\/santi-americani-storie-di-fede-dal-mondo-da-non-perdere\/#article","isPartOf":{"@id":"https:\/\/blog.holyart.it\/it\/santi-e-beati\/santi-americani-storie-di-fede-dal-mondo-da-non-perdere\/"},"author":{"name":"Redazione","@id":"https:\/\/blog.holyart.it\/it\/#\/schema\/person\/0a7b686e5af0f856ec1e390dd0baecda"},"headline":"Santi americani: storie di fede dal mondo da non perdere","datePublished":"2025-04-23T08:00:07+00:00","mainEntityOfPage":{"@id":"https:\/\/blog.holyart.it\/it\/santi-e-beati\/santi-americani-storie-di-fede-dal-mondo-da-non-perdere\/"},"wordCount":2115,"publisher":{"@id":"https:\/\/blog.holyart.it\/it\/#organization"},"image":{"@id":"https:\/\/blog.holyart.it\/it\/santi-e-beati\/santi-americani-storie-di-fede-dal-mondo-da-non-perdere\/#primaryimage"},"thumbnailUrl":"https:\/\/blog.holyart.it\/it\/wp-content\/uploads\/sites\/17\/2025\/03\/santi-americani.jpg","articleSection":["Santi e beati"],"inLanguage":"it-IT"},{"@type":"WebPage","@id":"https:\/\/blog.holyart.it\/it\/santi-e-beati\/santi-americani-storie-di-fede-dal-mondo-da-non-perdere\/","url":"https:\/\/blog.holyart.it\/it\/santi-e-beati\/santi-americani-storie-di-fede-dal-mondo-da-non-perdere\/","name":"Santi americani: storie di fede dal mondo da non perdere - Holyblog","isPartOf":{"@id":"https:\/\/blog.holyart.it\/it\/#website"},"primaryImageOfPage":{"@id":"https:\/\/blog.holyart.it\/it\/santi-e-beati\/santi-americani-storie-di-fede-dal-mondo-da-non-perdere\/#primaryimage"},"image":{"@id":"https:\/\/blog.holyart.it\/it\/santi-e-beati\/santi-americani-storie-di-fede-dal-mondo-da-non-perdere\/#primaryimage"},"thumbnailUrl":"https:\/\/blog.holyart.it\/it\/wp-content\/uploads\/sites\/17\/2025\/03\/santi-americani.jpg","datePublished":"2025-04-23T08:00:07+00:00","description":"I Santi americani, testimoni di fede, carit\u00e0 e giustizia, hanno lasciato un segno profondo con il loro esempio di amore e dedizione","breadcrumb":{"@id":"https:\/\/blog.holyart.it\/it\/santi-e-beati\/santi-americani-storie-di-fede-dal-mondo-da-non-perdere\/#breadcrumb"},"inLanguage":"it-IT","potentialAction":[{"@type":"ReadAction","target":["https:\/\/blog.holyart.it\/it\/santi-e-beati\/santi-americani-storie-di-fede-dal-mondo-da-non-perdere\/"]}]},{"@type":"ImageObject","inLanguage":"it-IT","@id":"https:\/\/blog.holyart.it\/it\/santi-e-beati\/santi-americani-storie-di-fede-dal-mondo-da-non-perdere\/#primaryimage","url":"https:\/\/blog.holyart.it\/it\/wp-content\/uploads\/sites\/17\/2025\/03\/santi-americani.jpg","contentUrl":"https:\/\/blog.holyart.it\/it\/wp-content\/uploads\/sites\/17\/2025\/03\/santi-americani.jpg","width":1000,"height":666,"caption":"santi americani"},{"@type":"BreadcrumbList","@id":"https:\/\/blog.holyart.it\/it\/santi-e-beati\/santi-americani-storie-di-fede-dal-mondo-da-non-perdere\/#breadcrumb","itemListElement":[{"@type":"ListItem","position":1,"name":"Homepage","item":"https:\/\/blog.holyart.it\/it\/"},{"@type":"ListItem","position":2,"name":"Santi e beati","item":"https:\/\/blog.holyart.it\/it\/santi-e-beati\/"},{"@type":"ListItem","position":3,"name":"Santi americani: storie di fede dal mondo da non perdere"}]},{"@type":"WebSite","@id":"https:\/\/blog.holyart.it\/it\/#website","url":"https:\/\/blog.holyart.it\/it\/","name":"Holyblog","description":"Il Blog di Holyart.it","publisher":{"@id":"https:\/\/blog.holyart.it\/it\/#organization"},"potentialAction":[{"@type":"SearchAction","target":{"@type":"EntryPoint","urlTemplate":"https:\/\/blog.holyart.it\/it\/?s={search_term_string}"},"query-input":{"@type":"PropertyValueSpecification","valueRequired":true,"valueName":"search_term_string"}}],"inLanguage":"it-IT"},{"@type":"Organization","@id":"https:\/\/blog.holyart.it\/it\/#organization","name":"Holyblog","url":"https:\/\/blog.holyart.it\/it\/","logo":{"@type":"ImageObject","inLanguage":"it-IT","@id":"https:\/\/blog.holyart.it\/it\/#\/schema\/logo\/image\/","url":"https:\/\/blog.holyart.it\/it\/wp-content\/uploads\/sites\/17\/2022\/12\/Holyart_Blog_Logo.jpg","contentUrl":"https:\/\/blog.holyart.it\/it\/wp-content\/uploads\/sites\/17\/2022\/12\/Holyart_Blog_Logo.jpg","width":300,"height":50,"caption":"Holyblog"},"image":{"@id":"https:\/\/blog.holyart.it\/it\/#\/schema\/logo\/image\/"}},{"@type":"Person","@id":"https:\/\/blog.holyart.it\/it\/#\/schema\/person\/0a7b686e5af0f856ec1e390dd0baecda","name":"Redazione"}]}},"_links":{"self":[{"href":"https:\/\/blog.holyart.it\/it\/wp-json\/wp\/v2\/posts\/21556","targetHints":{"allow":["GET"]}}],"collection":[{"href":"https:\/\/blog.holyart.it\/it\/wp-json\/wp\/v2\/posts"}],"about":[{"href":"https:\/\/blog.holyart.it\/it\/wp-json\/wp\/v2\/types\/post"}],"author":[{"embeddable":true,"href":"https:\/\/blog.holyart.it\/it\/wp-json\/wp\/v2\/users\/1"}],"replies":[{"embeddable":true,"href":"https:\/\/blog.holyart.it\/it\/wp-json\/wp\/v2\/comments?post=21556"}],"version-history":[{"count":6,"href":"https:\/\/blog.holyart.it\/it\/wp-json\/wp\/v2\/posts\/21556\/revisions"}],"predecessor-version":[{"id":21574,"href":"https:\/\/blog.holyart.it\/it\/wp-json\/wp\/v2\/posts\/21556\/revisions\/21574"}],"wp:featuredmedia":[{"embeddable":true,"href":"https:\/\/blog.holyart.it\/it\/wp-json\/wp\/v2\/media\/21576"}],"wp:attachment":[{"href":"https:\/\/blog.holyart.it\/it\/wp-json\/wp\/v2\/media?parent=21556"}],"wp:term":[{"taxonomy":"category","embeddable":true,"href":"https:\/\/blog.holyart.it\/it\/wp-json\/wp\/v2\/categories?post=21556"},{"taxonomy":"post_tag","embeddable":true,"href":"https:\/\/blog.holyart.it\/it\/wp-json\/wp\/v2\/tags?post=21556"}],"curies":[{"name":"wp","href":"https:\/\/api.w.org\/{rel}","templated":true}]}}