{"id":21491,"date":"2025-04-22T10:36:55","date_gmt":"2025-04-22T08:36:55","guid":{"rendered":"https:\/\/blog.holyart.it\/it\/?p=21491"},"modified":"2025-06-04T17:52:36","modified_gmt":"2025-06-04T15:52:36","slug":"come-papa-francesco-ha-trasformato-la-chiesa-durante-il-suo-pontificato","status":"publish","type":"post","link":"https:\/\/blog.holyart.it\/it\/occasioni-speciali\/come-papa-francesco-ha-trasformato-la-chiesa-durante-il-suo-pontificato\/","title":{"rendered":"Come Papa Francesco ha trasformato la Chiesa durante il suo pontificato"},"content":{"rendered":"<h4>Che cosa ha fatto di importante Papa Francesco? Il suo pontificato \u00e8 stato una rivoluzione di misericordia che ha trasformato la Chiesa, portandola dalle periferie al cuore del mondo con umilt\u00e0, coraggio e apertura al dialogo<\/h4>\n\n<p>Non \u00e8 facile riassumere che cosa ha fatto di importante Papa Francesco. C\u2019era qualcosa di straordinariamente umano in Papa Francesco, Jorge Mario Bergoglio, il Papa venuto <em>&#8220;dalla fine del mondo&#8221;<\/em>\u00a0come lui stesso si defin\u00ec il giorno della sua elezione il 13 marzo 2013. Questo\u00a0<em>qualcosa<\/em>\u00a0lo rendeva non solo il leader spirituale di oltre un miliardo di cattolici, ma anche\u00a0<strong>un padre, un fratello, un amico<\/strong>\u00a0per chiunque incrociasse il suo cammino. Il suo pontificato ha rappresentato una\u00a0<strong>rivoluzione gentile<\/strong>\u00a0che ha trasformato profondamente il volto della Chiesa, rendendola pi\u00f9 vicina agli ultimi e pi\u00f9 attenta alle sfide del nostro tempo. <a href=\"https:\/\/www.holyart.it\/it\/occasioni-speciali\/papa-francesco\"><strong>Papa Francesco<\/strong><\/a> ha saputo trasformare la Chiesa cattolica in un\u00a0<strong>rifugio di misericordia, giustizia e speranza<\/strong>. Ora che non \u00e8 pi\u00f9 tra noi, il mondo intero si ferma a ricordare l\u2019uomo che ha cambiato per sempre il volto della Chiesa.<\/p>\n<div class=\"link-product\">\n<div class=\"blocco-immagine\"><img loading=\"lazy\" decoding=\"async\" class=\"size-full wp-image-21493 alignleft\" src=\"https:\/\/blog.holyart.it\/it\/wp-content\/uploads\/sites\/17\/2025\/02\/rosario-profumato-al-gelsomino-bianco-papa-francesco.jpg\" alt=\"rosario profumato al gelsomino bianco papa francesco\" width=\"100\" height=\"100\" data-kale-share-title=\"Come Papa Francesco ha trasformato la Chiesa durante il suo pontificato\" data-kale-share-url=\"https:\/\/blog.holyart.it\/it\/?p=21491\" \/><\/div>\n<div class=\"blocco-contenuto\">\n<div class=\"blocco-acquista\">Acquista su Holyart:<\/div>\n<div class=\"blocco-titolo\"><a href=\"https:\/\/www.holyart.it\/it\/occasioni-speciali\/papa-francesco\">Papa Francesco<\/a><\/div>\n<div class=\"blocco-descrizione\">Dalla croce papale del Buon Pastore di Papa Francesco, ai rosari, quadri, portachiavi con immagine del Papa e tanto altro.<\/div>\n<\/div>\n<\/div>\n<p>Negli ultimi anni ha dovuto affrontare sfide immani: la pandemia, l&#8217;escalation di conflitti globali, la crisi climatica. La sua voce si \u00e8 levata con particolare forza contro la\u00a0<a href=\"https:\/\/www.holyart.it\/blog\/articoli-religiosi\/le-piu-belle-frasi-sulla-pace-di-papa-francesco\/\"><strong>violenza in Terra Santa<\/strong><\/a>, denunciando la spirale di odio e vendetta che ha insanguinato Gaza e Israele, e invocando instancabilmente il dialogo come unica via per la pace.<br \/>\nLa sua umilt\u00e0, il suo sorriso genuino, la sua capacit\u00e0 di parlare al cuore delle persone con parole semplici, ma profonde hanno reso Francesco un Papa amato ben oltre i confini della Chiesa cattolica. Ha insegnato che\u00a0<strong>la vera rivoluzione \u00e8 quella della tenerezza<\/strong>, che la vera forza sta nel servizio, che la vera grandezza sta nell&#8217;umilt\u00e0.<br \/>\nIl suo pontificato ci ha lasciato\u00a0<strong>una Chiesa pi\u00f9 aperta, pi\u00f9 sinodale, pi\u00f9 attenta ai segni dei tempi<\/strong>. Una Chiesa che non ha paura di sporcarsi le mani per stare accanto agli ultimi, che non teme di affrontare le proprie contraddizioni per essere pi\u00f9 fedele al Vangelo. Francesco ci ha insegnato che la fede non \u00e8 un rifugio per gente spaventata, ma<strong>\u00a0un cammino coraggioso di speranza e di amore<\/strong>.<\/p>\n<div class=\"link-article\">\n<p><img loading=\"lazy\" decoding=\"async\" class=\"size-full wp-image-21494 alignleft\" src=\"https:\/\/blog.holyart.it\/it\/wp-content\/uploads\/sites\/17\/2025\/02\/pace.jpg\" alt=\"pace\" width=\"150\" height=\"99\" data-kale-share-title=\"Come Papa Francesco ha trasformato la Chiesa durante il suo pontificato\" data-kale-share-url=\"https:\/\/blog.holyart.it\/it\/?p=21491\" \/><\/p>\n<div class=\"leggi-anche\">Leggi anche:<\/div>\n<p><strong><a href=\"https:\/\/www.holyart.it\/blog\/articoli-religiosi\/le-piu-belle-frasi-sulla-pace-di-papa-francesco\/\">Le pi\u00f9 belle frasi sulla Pace di Papa Francesco<\/a><\/strong><br \/>\nIn questo particolare e drammatico momento storico le frasi sulla Pace di Papa Francesco rappresentano&#8230;<\/p>\n<\/div>\n<h2>Il Papa delle periferie<\/h2>\n<p>Francesco \u00e8 stato<strong>\u00a0il Papa delle periferie<\/strong>, non solo geografiche, ma esistenziali. La sua voce, sempre ferma e al contempo compassionevole, ha risuonato nei luoghi pi\u00f9 dimenticati del pianeta. Chi potr\u00e0 mai dimenticare la sua figura solitaria, in una Piazza San Pietro deserta e piovosa, durante la pandemia? Quell&#8217;immagine \u00e8 diventata il simbolo di una Chiesa che non abbandona i suoi figli nel momento del dolore, ma cammina con loro attraverso le tempeste della vita. Papa Francesco era\u00a0<a href=\"https:\/\/www.holyart.it\/blog\/occasioni-speciali\/gmg-lisbona-2023-papa-francesco-incontra-i-giovani\/\"><strong>un uomo del popolo<\/strong><\/a>. Dal momento in cui si \u00e8 affacciato per la prima volta dalla loggia di San Pietro chiedendo ai fedeli di pregare con lui, \u00e8 stato chiaro che il suo pontificato sarebbe stato diverso.<em>\u00a0&#8220;Adesso incominciamo questo cammino: Vescovo e popolo, Vescovo e popolo&#8221;<\/em>\u00a0sono state le sue parole, rivolte alle oltre 180 mila persone che affollavano Piazza San Pietro. Subito dopo ha rifiutato gli sfarzi del potere papale, preferendo vivere nella semplice Casa Santa Marta piuttosto che nei sontuosi appartamenti apostolici. Questo gesto simbolico \u00e8 stato solo l\u2019inizio di un cammino che avrebbe portato la Chiesa pi\u00f9 vicina ai poveri, agli emarginati e a coloro che avevano perso la speranza.<\/p>\n<div class=\"link-article\">\n<p><img loading=\"lazy\" decoding=\"async\" class=\"size-full wp-image-21495 alignleft\" src=\"https:\/\/blog.holyart.it\/it\/wp-content\/uploads\/sites\/17\/2025\/02\/gmg-lisbona-2023.jpg\" alt=\"gmg lisbona 2023\" width=\"150\" height=\"99\" data-kale-share-title=\"Come Papa Francesco ha trasformato la Chiesa durante il suo pontificato\" data-kale-share-url=\"https:\/\/blog.holyart.it\/it\/?p=21491\" \/><\/p>\n<div class=\"leggi-anche\">Leggi anche:<\/div>\n<p><strong><a href=\"https:\/\/www.holyart.it\/blog\/occasioni-speciali\/gmg-lisbona-2023-papa-francesco-incontra-i-giovani\/\">GMG Lisbona 2023: Papa Francesco incontra i giovani<\/a><\/strong><br \/>\nDal 1 al 6 agosto 2023 si terr\u00e0 a Lisbona la Giornata Mondiale della Giovent\u00f9. Scopriamo di pi\u00f9 su questo evento straordinario&#8230;<\/p>\n<\/div>\n<h2>Riforme e trasparenza: La Chiesa nuova di Francesco<\/h2>\n<p>La sua riforma della Curia Romana, culminata con la Costituzione Apostolica<em>\u00a0&#8220;Praedicate Evangelium&#8221;<\/em>\u00a0(promulgata il 19 marzo 2022), non \u00e8 stata solo un cambiamento organizzativo, ma ha rappresentato una vera rivoluzione. Francesco ha voluto una Chiesa che non fosse una\u00a0<em>&#8220;dogana&#8221;<\/em>, ma un\u00a0<em>&#8220;ospedale da campo&#8221;<\/em>, come amava ripetere, dove\u00a0<strong>curare le ferite dell&#8217;umanit\u00e0 sofferente<\/strong>. Francesco ha saputo\u00a0<strong>trasformare l\u2019amministrazione vaticana<\/strong>, rendendola pi\u00f9 snella e orientata alla missione evangelizzatrice. Ma non si tratta solo di burocrazia: questa riforma \u00e8 stata un atto di giustizia e trasparenza, un tentativo di restituire credibilit\u00e0 a una Chiesa spesso macchiata da scandali finanziari e abusi di potere.<br \/>\nIl cuore pulsante di questa riforma \u00e8 l&#8217;<strong>evangelizzazione<\/strong>. Francesco ha voluto che la Curia non fosse pi\u00f9 vista come una\u00a0<em>&#8220;torre d&#8217;avorio&#8221;<\/em>\u00a0vaticana, ma come<strong>\u00a0uno strumento vivo per portare il Vangelo nel mondo contemporaneo<\/strong>. Un segnale forte di questo cambiamento \u00e8 la creazione del\u00a0<strong>nuovo <a href=\"https:\/\/www.holyart.it\/blog\/articoli-religiosi\/le-funzioni-del-dicastero-delle-cause-dei-santi\/\">Dicastero<\/a> per l&#8217;Evangelizzazione<\/strong>, posto direttamente sotto la guida del Papa, una scelta che sottolinea come la diffusione del messaggio evangelico sia la priorit\u00e0 assoluta della Chiesa.<br \/>\nLa riforma introduce anche un nuovo stile di governo basato sulla\u00a0<strong>sinodalit\u00e0<\/strong>, cio\u00e8 sul camminare insieme. Per la prima volta nella storia, i laici possono assumere ruoli di leadership nei dicasteri vaticani. Questo cambiamento riflette la visione di una Chiesa che\u00a0<strong>valorizza tutti i suoi membri<\/strong>, non solo il clero.<\/p>\n<div class=\"link-article\">\n<p><img loading=\"lazy\" decoding=\"async\" class=\"size-full wp-image-21497 alignleft\" src=\"https:\/\/blog.holyart.it\/it\/wp-content\/uploads\/sites\/17\/2025\/02\/dicastero.jpg\" alt=\"dicastero\" width=\"150\" height=\"99\" data-kale-share-title=\"Come Papa Francesco ha trasformato la Chiesa durante il suo pontificato\" data-kale-share-url=\"https:\/\/blog.holyart.it\/it\/?p=21491\" \/><\/p>\n<div class=\"leggi-anche\">Leggi anche:<\/div>\n<p><strong><a href=\"https:\/\/www.holyart.it\/blog\/articoli-religiosi\/le-funzioni-del-dicastero-delle-cause-dei-santi\/\">Le funzioni del Dicastero delle cause dei santi<\/a><\/strong><br \/>\nChe cos\u2019\u00e8 e di cosa si occupa il Dicastero delle cause dei santi, l\u2019organo della Curia deputato ai processi&#8230;<\/p>\n<\/div>\n<p>Anche la\u00a0<strong>riforma finanziaria vaticana<\/strong>\u00a0da lui promulgata ha rappresentato una svolta storica per la trasparenza della Santa Sede. Nel cuore di questa trasformazione c&#8217;\u00e8 stata la<strong>\u00a0riforma dello IOR, la Banca vaticana<\/strong>, che per decenni era stata al centro di scandali e controversie.<br \/>\nFrancesco ha introdotto un sistema rigoroso di controlli e procedure, allineando le pratiche finanziarie vaticane agli standard internazionali. Ha creato nuovi organismi di supervisione, come la Segreteria per l&#8217;Economia, e ha implementato regole severe per gli appalti e la gestione dei fondi. Un aspetto cruciale \u00e8 stata l&#8217;adozione di normative anti-riciclaggio e la collaborazione con organismi internazionali per garantire la tracciabilit\u00e0 delle transazioni. Questa riforma non \u00e8 stata solo tecnica, ma culturale: ha segnato il passaggio da una gestione opaca e autoreferenziale, a una cultura della responsabilit\u00e0 e della trasparenza, dove ogni euro speso deve essere giustificato e documentato.<\/p>\n<h2>La lotta contro gli abusi<\/h2>\n<p>Forse uno dei capitoli pi\u00f9 difficili del pontificato di Papa Francesco \u00e8 stato la<strong>\u00a0lotta contro gli abusi sessuali nel clero<\/strong>. Il Papa non si \u00e8 limitato a condannare, ma ha agito con determinazione, introducendo norme severe e chiamando tutto il clero a un esame di coscienza doloroso, ma necessario. La sua autenticit\u00e0 nel riconoscere gli errori del passato ha aperto la strada a un processo di guarigione ancora in corso. Francesco ha istituito norme rigorose, ed emanato la\u00a0<strong><em>Vos estis lux mundi<\/em><\/strong>\u00a0(in italiano &#8220;Voi siete la luce del mondo&#8221;), una Lettera Apostolica in forma di\u00a0<em>Motu Proprio<\/em>\u00a0scritta il 7 maggio 2019, che rappresenta una svolta decisiva alla lotta agli abusi. Prima di questa legge, esisteva una certa ambiguit\u00e0 nelle procedure da seguire, specialmente quando i fatti coinvolgevano figure di alto rango ecclesiastico come i vescovi. Inoltre, le vittime spesso incontravano ostacoli significativi nel denunciare gli abusi.\u00a0<em>Vos estis lux mundi<\/em>\u00a0stabilisce procedure chiare e obbligatorie per la segnalazione degli abusi. Ogni diocesi deve dotarsi di sistemi facilmente accessibili per presentare segnalazioni, e tutti i membri del clero e i religiosi hanno l&#8217;obbligo di denunciare gli abusi di cui vengono a conoscenza. In secondo luogo, il documento estende la responsabilit\u00e0 non solo agli abusi sessuali sui minori, ma anche a quelli su adulti vulnerabili e all&#8217;abuso di autorit\u00e0 per ottenere atti sessuali. Include inoltre la protezione per chi denuncia da possibili ritorsioni.<\/p>\n<h2>Custode della casa comune e profeta della fraternit\u00e0 universale<\/h2>\n<p>Le sue\u00a0<strong>encicliche<\/strong>\u00a0hanno tracciato la rotta per una Chiesa del terzo millennio. Con<a href=\"https:\/\/www.holyart.it\/blog\/articoli-religiosi\/papa-francesco-e-lambiente-ecco-cosa-lo-accomuna-al-santo-da-cui-ha-preso-il-nome\/\"><strong><em>\u00a0Laudato Si&#8217;<\/em><\/strong><\/a>\u00a0(2015), Papa Francesco non ha parlato solo ai cattolici, ma al mondo intero. Il suo appello alla\u00a0<strong>cura del pianeta come\u00a0<em>\u201ccasa comune\u201d<\/em><\/strong>\u00a0\u00e8 risuonato forte e chiaro, in un\u2019epoca segnata dalla crisi climatica. Non \u00e8 stato solo un messaggio spirituale, ma un grido d\u2019allarme politico e sociale che ha spinto milioni di persone a riflettere sul loro ruolo nella protezione dell\u2019ambiente.<\/p>\n<div class=\"link-article\">\n<p><img loading=\"lazy\" decoding=\"async\" class=\"size-full wp-image-21498 alignleft\" src=\"https:\/\/blog.holyart.it\/it\/wp-content\/uploads\/sites\/17\/2025\/02\/papa-francesco-e-san-francesco-1.jpg\" alt=\"papa francesco e san francesco\" width=\"150\" height=\"99\" data-kale-share-title=\"Come Papa Francesco ha trasformato la Chiesa durante il suo pontificato\" data-kale-share-url=\"https:\/\/blog.holyart.it\/it\/?p=21491\" \/><\/p>\n<div class=\"leggi-anche\">Leggi anche:<\/div>\n<p><strong><a href=\"https:\/\/www.holyart.it\/blog\/articoli-religiosi\/papa-francesco-e-lambiente-ecco-cosa-lo-accomuna-al-santo-da-cui-ha-preso-il-nome\/\">Papa Francesco e l\u2019ambiente: ecco cosa lo accomuna al santo da cui ha preso il nome<\/a><\/strong><br \/>\nIn occasione della Giornata mondiale di preghiera per la cura del creato&#8230;<\/p>\n<\/div>\n<p><strong><em>Amoris Laetitia<\/em><\/strong>\u00a0(La Gioia dell&#8217;Amore) rappresenta uno dei documenti pi\u00f9 significativi e discussi del pontificato di Francesco. Pubblicata l&#8217;8 aprile 2016, questa esortazione apostolica ha segnato un punto di svolta nel modo in cui la Chiesa affronta le\u00a0<strong>complesse realt\u00e0 familiari del mondo contemporaneo<\/strong>. Il documento nasce dalle riflessioni emerse durante due Sinodi sulla famiglia (2014 e 2015), dove vescovi da tutto il mondo si confrontarono sulle sfide che le famiglie affrontano oggi. Al centro di\u00a0<em>Amoris Laetitia<\/em>\u00a0troviamo una visione della famiglia come realt\u00e0 dinamica e in evoluzione. Il Papa riconosce che le situazioni familiari non sono sempre ideali e che la Chiesa deve saper accompagnare le persone nei loro percorsi concreti di vita. Particolarmente innovativo \u00e8 l&#8217;approccio verso le cosiddette\u00a0<em>&#8220;situazioni irregolari&#8221;<\/em>, come le coppie divorziate e risposate, all&#8217;interno delle quali possono essere presenti elementi di grazia e amore autentico. Il Papa invita la Chiesa a vedere oltre le categorie di\u00a0<em>&#8220;regolare&#8221;<\/em>\u00a0e\u00a0<em>&#8220;irregolare&#8221;<\/em>\u00a0per riconoscere il bene presente in ogni situazione familiare.<\/p>\n<p>Con l&#8217;enciclica<strong><em>\u00a0Fratelli Tutti\u00a0<\/em><\/strong>(2020), Papa Francesco ha offerto una visione profetica della\u00a0<strong>fraternit\u00e0 universale<\/strong>\u00a0in un mondo lacerato da conflitti e divisioni. Il documento venne firmato ad Assisi, sulla tomba di\u00a0<strong><a href=\"https:\/\/www.holyart.it\/blog\/articoli-religiosi\/la-serie-di-celebrazioni-per-lottavo-centenario-della-morte-di-san-francesco-dassisi\/\">San Francesco<\/a><\/strong>, un luogo altamente simbolico, perch\u00e9 l&#8217;enciclica si ispira proprio agli insegnamenti del Santo di Assisi sulla fraternit\u00e0 universale. Il mondo stava attraversando la pandemia di COVID-19, un periodo che ha evidenziato come mai prima le interconnessioni globali e al tempo stesso le profonde disuguaglianze sociali. Papa Francesco ha elaborato gran parte del documento proprio durante il lockdown, trasformando quel momento di isolamento globale in un&#8217;opportunit\u00e0 per riflettere sul significato profondo della fraternit\u00e0 umana. Il titolo\u00a0<em>Fratelli Tutti\u00a0<\/em>riprende un&#8217;espressione di San Francesco d&#8217;Assisi, che la utilizzava per rivolgersi a tutti i fratelli e le sorelle, proponendo una forma di vita che si rif\u00e0 ai dettami del Vangelo. L&#8217;enciclica si inserisce in un momento storico particolare anche per altri aspetti: le crescenti tensioni internazionali, l&#8217;emergere di nazionalismi, la crisi dei rifugiati e le crescenti disuguaglianze economiche hanno reso il suo messaggio sulla fratellanza universale e l&#8217;amicizia sociale particolarmente rilevante e urgente.<\/p>\n<div class=\"link-article\">\n<p><img loading=\"lazy\" decoding=\"async\" class=\"size-full wp-image-21499 alignleft\" src=\"https:\/\/blog.holyart.it\/it\/wp-content\/uploads\/sites\/17\/2025\/02\/san-francesco-copertina.jpg\" alt=\"san francesco copertina\" width=\"150\" height=\"99\" data-kale-share-title=\"Come Papa Francesco ha trasformato la Chiesa durante il suo pontificato\" data-kale-share-url=\"https:\/\/blog.holyart.it\/it\/?p=21491\" \/><\/p>\n<div class=\"leggi-anche\">Leggi anche:<\/div>\n<p><strong><a href=\"https:\/\/www.holyart.it\/blog\/articoli-religiosi\/la-serie-di-celebrazioni-per-lottavo-centenario-della-morte-di-san-francesco-dassisi\/\">La serie di celebrazioni per l\u2019ottavo centenario della morte di San Francesco d\u2019Assisi<\/a><\/strong><br \/>\nNel 2026 cadr\u00e0 l\u2019ottavo centenario della morte di San Francesco d\u2019Assisi&#8230;<\/p>\n<\/div>\n<p>Francesco sognava un mondo senza muri, dove<a href=\"https:\/\/www.holyart.it\/blog\/articoli-religiosi\/la-preghiera-delle-5-dita-di-papa-francesco\/\"><strong> tutti potessero vivere come fratelli<\/strong><\/a>. Il suo<strong>\u00a0grido di dolore per le guerre<\/strong>, dalla Siria all&#8217;Ucraina, dalla Terra Santa al Sudan, ha sempre unito la denuncia alla speranza, la fermezza alla misericordia. Ha saputo rivoluzionare anche il dialogo interreligioso. Lo storico incontro di Abu Dhabi con il Grande Imam di Al-Azhar e il viaggio in Iraq hanno mostrato che il dialogo non \u00e8 un&#8217;utopia, ma una necessit\u00e0 per il nostro tempo.<br \/>\nIl\u00a0<strong><em>Documento sulla Fratellanza Umana per la Pace Mondiale e la Convivenza Comune<\/em><\/strong>, firmato il 4 febbraio 2019 da Papa Francesco e dal Grande Imam di Al-Azhar Ahmad Al-Tayyib, \u00e8 una dichiarazione profetica e rivoluzionaria che traccia una visione di speranza per l&#8217;umanit\u00e0. Esso profetizza un mondo fondato sul dialogo, sulla pace e sulla giustizia, invitando tutti, credenti e non credenti, a collaborare per costruire una societ\u00e0 basata sulla dignit\u00e0 umana, sull&#8217;uguaglianza e sulla fratellanza universale. Il documento denuncia le divisioni, le guerre e le ingiustizie che affliggono il mondo, indicando\u00a0<strong>la fratellanza<\/strong>\u00a0come l&#8217;unico antidoto contro l&#8217;odio e l&#8217;estremismo, e profetizza un futuro in cui la\u00a0<strong>cultura del dialogo<\/strong>\u00a0diventa il percorso per prevenire conflitti, il rispetto reciproco sostituisce la discriminazione e la collaborazione tra popoli diventa il metodo per affrontare le sfide globali. In particolare, condanna con forza ogni forma di\u00a0<strong>terrorismo e violenza\u00a0<\/strong>perpetrata in nome della religione, affermando che Dio non ha bisogno di essere difeso attraverso il sangue innocente. Ecco cosa recita il documento:\u00a0<em>&#8220;Non c\u2019\u00e8 alternativa: o costruiremo insieme l\u2019avvenire o non ci sar\u00e0 futuro. Le religioni, in particolare, non possono rinunciare al compito urgente di costruire ponti fra i popoli e le culture. \u00c8 giunto il tempo in cui le religioni si spendano pi\u00f9 attivamente, con coraggio e audacia, senza infingimenti, per aiutare la famiglia umana a maturare la capacit\u00e0 di riconciliazione, la visione di speranza e gli itinerari concreti di pace.&#8221;<\/em><\/p>\n<div class=\"link-article\">\n<p><img loading=\"lazy\" decoding=\"async\" class=\"size-full wp-image-21500 alignleft\" src=\"https:\/\/blog.holyart.it\/it\/wp-content\/uploads\/sites\/17\/2025\/02\/preghiera-delle-5-dita.jpg\" alt=\"preghiera delle 5 dita\" width=\"150\" height=\"99\" data-kale-share-title=\"Come Papa Francesco ha trasformato la Chiesa durante il suo pontificato\" data-kale-share-url=\"https:\/\/blog.holyart.it\/it\/?p=21491\" \/><\/p>\n<div class=\"leggi-anche\">Leggi anche:<\/div>\n<p><strong><a href=\"https:\/\/www.holyart.it\/blog\/articoli-religiosi\/la-preghiera-delle-5-dita-di-papa-francesco\/\">La preghiera delle 5 dita di Papa Francesco<\/a><\/strong><br \/>\nLa preghiera delle 5 dita \u00e8 un modo efficace suggerito da Papa Francesco per non dimenticare nessuno&#8230;<\/p>\n<\/div>\n<h2>Un Papa in viaggio: Francesco pellegrino di pace<\/h2>\n<p>Per <a href=\"https:\/\/www.holyart.it\/blog\/occasioni-speciali\/quanti-viaggi-ha-fatto-papa-francesco\/\"><strong>Papa Francesco i viaggi<\/strong><\/a> non sono stati semplici visite diplomatiche, ma veri e propri\u00a0<strong>pellegrinaggi di pace<\/strong>\u00a0in luoghi feriti dalla storia. Ogni visita ha lasciato un&#8217;eredit\u00e0 tangibile: in Iraq ha riacceso la speranza delle comunit\u00e0 cristiane perseguitate, in Myanmar e Bangladesh ha dato voce ai senza voce, tra Cuba e Stati Uniti ha contribuito a sciogliere decenni di ostilit\u00e0. La sua capacit\u00e0 di andare nelle\u00a0<em>&#8220;periferie&#8221; del mondo<\/em>, non solo geografiche, ma anche esistenziali, ha ridefinito il ruolo del papato nel XXI secolo.<br \/>\nIl\u00a0<strong>viaggio in Iraq<\/strong> nel marzo 2021 ha rappresentato un momento storico senza precedenti: per la prima volta un Pontefice visitava la terra di Abramo, culla di civilt\u00e0 antiche e teatro di conflitti moderni. In un paese devastato da guerre e violenze settarie, Francesco ha portato un messaggio di riconciliazione e fratellanza. L&#8217;incontro con il Grande Ayatollah Al-Sistani a Najaf e la preghiera interreligiosa nelle rovine di Ur hanno dimostrato come il dialogo tra fedi diverse non solo \u00e8 possibile, ma necessario per costruire la pace.<\/p>\n<div class=\"link-article\">\n<p><img loading=\"lazy\" decoding=\"async\" class=\"size-full wp-image-21501 alignleft\" src=\"https:\/\/blog.holyart.it\/it\/wp-content\/uploads\/sites\/17\/2025\/02\/viaggi-papa-francesco-1.jpg\" alt=\"viaggi papa francesco\" width=\"150\" height=\"99\" data-kale-share-title=\"Come Papa Francesco ha trasformato la Chiesa durante il suo pontificato\" data-kale-share-url=\"https:\/\/blog.holyart.it\/it\/?p=21491\" \/><\/p>\n<div class=\"leggi-anche\">Leggi anche:<\/div>\n<p><strong><a href=\"https:\/\/www.holyart.it\/blog\/occasioni-speciali\/quanti-viaggi-ha-fatto-papa-francesco\/\">Quanti viaggi ha fatto Papa Francesco?<\/a><\/strong><br \/>\nI viaggi di Papa Francesco sono la dimostrazione del suo impegno di evangelizzazione, ma anche di riappacificazione&#8230;<\/p>\n<\/div>\n<p>Nel 2017, il suo<strong>\u00a0viaggio in Myanmar e Bangladesh<\/strong>\u00a0ha posto l&#8217;attenzione mondiale sulla tragedia dei Rohingya, una minoranza musulmana perseguitata. In Myanmar, pur mantenendo una delicata diplomazia, Francesco ha difeso i diritti delle minoranze. In Bangladesh, l&#8217;incontro commovente con i rifugiati Rohingya ha mostrato al mondo il volto umano di questa crisi, con il Papa che chiedeva perdono per l&#8217;indifferenza globale verso la loro sofferenza.<br \/>\nLa\u00a0<strong>visita a Cuba e agli Stati Uniti<\/strong>\u00a0nel 2015 ha evidenziato il ruolo della Chiesa come costruttrice di ponti tra popoli divisi. Francesco ha svolto un ruolo chiave nel disgelo delle relazioni tra i due paesi, facilitando il dialogo diplomatico dietro le quinte. A Cuba ha incontrato Fidel Castro, mentre negli Stati Uniti \u00e8 diventato il primo Papa a parlare al Congresso americano, affrontando temi cruciali come l&#8217;immigrazione e il cambiamento climatico.<\/p>\n<h2>Un pastore vicino ai deboli<\/h2>\n<p>Il cuore di Papa Francesco batteva per<strong>\u00a0i poveri e i migranti<\/strong>. Visit\u00f2 Lampedusa nel 2013, appena insediato sul Soglio Pontificio, per denunciare le tragedie delle migrazioni forzate e trasform\u00f2 la Chiesa in una voce instancabile contro le politiche di chiusura e indifferenza. Il suo impegno per i migranti rimarr\u00e0 come uno dei tratti distintivi del suo pontificato. La sua voce si \u00e8 levata instancabile contro quella che ha definito\u00a0<strong><em>&#8220;la globalizzazione dell&#8217;indifferenza&#8221;.<\/em><\/strong><br \/>\nPapa Francesco ha creato il\u00a0<strong>Dicastero per il Servizio dello Sviluppo Umano Integrale<\/strong>\u00a0per coordinare l\u2019azione sociale della Chiesa, rendendo tangibile il messaggio evangelico della carit\u00e0. Il Dicastero \u00e8 un organismo della Curia Romana istituito il 17 agosto 2016 con la Lettera Apostolica\u00a0<em>Humanam Progressionem<\/em>, dedicato a promuovere lo sviluppo umano integrale alla luce del Vangelo e della dottrina sociale della Chiesa. Ha iniziato ufficialmente le sue attivit\u00e0 il 1\u00ba gennaio 2017, incorporando le competenze di quattro Pontifici Consigli preesistenti: Giustizia e Pace, Cor Unum, Pastorale per i Migranti e gli Itineranti, e Pastorale per gli Operatori Sanitari.<br \/>\nIl Dicastero si occupa di questioni fondamentali come<strong>\u00a0la giustizia, la pace e i diritti umani<\/strong>;\u00a0<strong>la salute e la dignit\u00e0<\/strong>\u00a0della persona; la\u00a0<strong>cura del creato\u00a0<\/strong>come<em>\u00a0&#8220;casa comune&#8221;<\/em>;\u00a0<strong>le migrazioni, le emergenze umanitarie<\/strong>\u00a0e il sostegno ai pi\u00f9 vulnerabili, come carcerati, disoccupati, vittime di conflitti armati, catastrofi naturali o tratta di esseri umani.<\/p>\n","protected":false},"excerpt":{"rendered":"<p>Che cosa ha fatto di importante Papa Francesco? Il suo pontificato \u00e8 stato una rivoluzione di misericordia che ha trasformato la Chiesa, portandola dalle periferie al cuore del mondo con umilt\u00e0, coraggio e apertura al dialogo Non \u00e8 facile riassumere che cosa ha fatto di&hellip;<\/p>\n","protected":false},"author":1,"featured_media":21800,"comment_status":"closed","ping_status":"open","sticky":false,"template":"","format":"standard","meta":{"_acf_changed":false,"footnotes":""},"categories":[20],"tags":[],"class_list":["post-21491","post","type-post","status-publish","format-standard","has-post-thumbnail","hentry","category-occasioni-speciali"],"acf":[],"yoast_head":"<!-- This site is optimized with the Yoast SEO plugin v26.6 - https:\/\/yoast.com\/wordpress\/plugins\/seo\/ -->\n<title>Come Papa Francesco ha trasformato la Chiesa durante il suo pontificato<\/title>\n<meta name=\"description\" content=\"Che cosa ha fatto di importante Papa Francesco? Il suo pontificato \u00e8 stato una rivoluzione di misericordia che ha trasformato la Chiesa\" \/>\n<meta name=\"robots\" content=\"index, follow, max-snippet:-1, max-image-preview:large, max-video-preview:-1\" \/>\n<link rel=\"canonical\" href=\"https:\/\/blog.holyart.it\/it\/occasioni-speciali\/come-papa-francesco-ha-trasformato-la-chiesa-durante-il-suo-pontificato\/\" \/>\n<meta property=\"og:locale\" content=\"it_IT\" \/>\n<meta property=\"og:type\" content=\"article\" \/>\n<meta property=\"og:title\" content=\"Come Papa Francesco ha trasformato la Chiesa durante il suo pontificato\" \/>\n<meta property=\"og:description\" content=\"Che cosa ha fatto di importante Papa Francesco? Il suo pontificato \u00e8 stato una rivoluzione di misericordia che ha trasformato la Chiesa\" \/>\n<meta property=\"og:url\" content=\"https:\/\/blog.holyart.it\/it\/occasioni-speciali\/come-papa-francesco-ha-trasformato-la-chiesa-durante-il-suo-pontificato\/\" \/>\n<meta property=\"og:site_name\" content=\"Holyblog\" \/>\n<meta property=\"article:published_time\" content=\"2025-04-22T08:36:55+00:00\" \/>\n<meta property=\"article:modified_time\" content=\"2025-06-04T15:52:36+00:00\" \/>\n<meta property=\"og:image\" content=\"https:\/\/blog.holyart.it\/it\/wp-content\/uploads\/sites\/17\/2025\/02\/Holyart_Blog_PapaFrancesco_it.jpg\" \/>\n\t<meta property=\"og:image:width\" content=\"1000\" \/>\n\t<meta property=\"og:image:height\" content=\"666\" \/>\n\t<meta property=\"og:image:type\" content=\"image\/jpeg\" \/>\n<meta name=\"author\" content=\"Redazione\" \/>\n<meta name=\"twitter:card\" content=\"summary_large_image\" \/>\n<meta name=\"twitter:label1\" content=\"Scritto da\" \/>\n\t<meta name=\"twitter:data1\" content=\"Redazione\" \/>\n\t<meta name=\"twitter:label2\" content=\"Tempo di lettura stimato\" \/>\n\t<meta name=\"twitter:data2\" content=\"17 minuti\" \/>\n<script type=\"application\/ld+json\" class=\"yoast-schema-graph\">{\"@context\":\"https:\/\/schema.org\",\"@graph\":[{\"@type\":\"Article\",\"@id\":\"https:\/\/blog.holyart.it\/it\/occasioni-speciali\/come-papa-francesco-ha-trasformato-la-chiesa-durante-il-suo-pontificato\/#article\",\"isPartOf\":{\"@id\":\"https:\/\/blog.holyart.it\/it\/occasioni-speciali\/come-papa-francesco-ha-trasformato-la-chiesa-durante-il-suo-pontificato\/\"},\"author\":{\"name\":\"Redazione\",\"@id\":\"https:\/\/blog.holyart.it\/it\/#\/schema\/person\/0a7b686e5af0f856ec1e390dd0baecda\"},\"headline\":\"Come Papa Francesco ha trasformato la Chiesa durante il suo pontificato\",\"datePublished\":\"2025-04-22T08:36:55+00:00\",\"dateModified\":\"2025-06-04T15:52:36+00:00\",\"mainEntityOfPage\":{\"@id\":\"https:\/\/blog.holyart.it\/it\/occasioni-speciali\/come-papa-francesco-ha-trasformato-la-chiesa-durante-il-suo-pontificato\/\"},\"wordCount\":2662,\"publisher\":{\"@id\":\"https:\/\/blog.holyart.it\/it\/#organization\"},\"image\":{\"@id\":\"https:\/\/blog.holyart.it\/it\/occasioni-speciali\/come-papa-francesco-ha-trasformato-la-chiesa-durante-il-suo-pontificato\/#primaryimage\"},\"thumbnailUrl\":\"https:\/\/blog.holyart.it\/it\/wp-content\/uploads\/sites\/17\/2025\/02\/Holyart_Blog_PapaFrancesco_it.jpg\",\"articleSection\":[\"Occasioni speciali\"],\"inLanguage\":\"it-IT\"},{\"@type\":\"WebPage\",\"@id\":\"https:\/\/blog.holyart.it\/it\/occasioni-speciali\/come-papa-francesco-ha-trasformato-la-chiesa-durante-il-suo-pontificato\/\",\"url\":\"https:\/\/blog.holyart.it\/it\/occasioni-speciali\/come-papa-francesco-ha-trasformato-la-chiesa-durante-il-suo-pontificato\/\",\"name\":\"Come Papa Francesco ha trasformato la Chiesa durante il suo pontificato\",\"isPartOf\":{\"@id\":\"https:\/\/blog.holyart.it\/it\/#website\"},\"primaryImageOfPage\":{\"@id\":\"https:\/\/blog.holyart.it\/it\/occasioni-speciali\/come-papa-francesco-ha-trasformato-la-chiesa-durante-il-suo-pontificato\/#primaryimage\"},\"image\":{\"@id\":\"https:\/\/blog.holyart.it\/it\/occasioni-speciali\/come-papa-francesco-ha-trasformato-la-chiesa-durante-il-suo-pontificato\/#primaryimage\"},\"thumbnailUrl\":\"https:\/\/blog.holyart.it\/it\/wp-content\/uploads\/sites\/17\/2025\/02\/Holyart_Blog_PapaFrancesco_it.jpg\",\"datePublished\":\"2025-04-22T08:36:55+00:00\",\"dateModified\":\"2025-06-04T15:52:36+00:00\",\"description\":\"Che cosa ha fatto di importante Papa Francesco? Il suo pontificato \u00e8 stato una rivoluzione di misericordia che ha trasformato la Chiesa\",\"breadcrumb\":{\"@id\":\"https:\/\/blog.holyart.it\/it\/occasioni-speciali\/come-papa-francesco-ha-trasformato-la-chiesa-durante-il-suo-pontificato\/#breadcrumb\"},\"inLanguage\":\"it-IT\",\"potentialAction\":[{\"@type\":\"ReadAction\",\"target\":[\"https:\/\/blog.holyart.it\/it\/occasioni-speciali\/come-papa-francesco-ha-trasformato-la-chiesa-durante-il-suo-pontificato\/\"]}]},{\"@type\":\"ImageObject\",\"inLanguage\":\"it-IT\",\"@id\":\"https:\/\/blog.holyart.it\/it\/occasioni-speciali\/come-papa-francesco-ha-trasformato-la-chiesa-durante-il-suo-pontificato\/#primaryimage\",\"url\":\"https:\/\/blog.holyart.it\/it\/wp-content\/uploads\/sites\/17\/2025\/02\/Holyart_Blog_PapaFrancesco_it.jpg\",\"contentUrl\":\"https:\/\/blog.holyart.it\/it\/wp-content\/uploads\/sites\/17\/2025\/02\/Holyart_Blog_PapaFrancesco_it.jpg\",\"width\":1000,\"height\":666,\"caption\":\"Papa Francesco\"},{\"@type\":\"BreadcrumbList\",\"@id\":\"https:\/\/blog.holyart.it\/it\/occasioni-speciali\/come-papa-francesco-ha-trasformato-la-chiesa-durante-il-suo-pontificato\/#breadcrumb\",\"itemListElement\":[{\"@type\":\"ListItem\",\"position\":1,\"name\":\"Homepage\",\"item\":\"https:\/\/blog.holyart.it\/it\/\"},{\"@type\":\"ListItem\",\"position\":2,\"name\":\"Occasioni speciali\",\"item\":\"https:\/\/blog.holyart.it\/it\/occasioni-speciali\/\"},{\"@type\":\"ListItem\",\"position\":3,\"name\":\"Come Papa Francesco ha trasformato la Chiesa durante il suo pontificato\"}]},{\"@type\":\"WebSite\",\"@id\":\"https:\/\/blog.holyart.it\/it\/#website\",\"url\":\"https:\/\/blog.holyart.it\/it\/\",\"name\":\"Holyblog\",\"description\":\"Il Blog di Holyart.it\",\"publisher\":{\"@id\":\"https:\/\/blog.holyart.it\/it\/#organization\"},\"potentialAction\":[{\"@type\":\"SearchAction\",\"target\":{\"@type\":\"EntryPoint\",\"urlTemplate\":\"https:\/\/blog.holyart.it\/it\/?s={search_term_string}\"},\"query-input\":{\"@type\":\"PropertyValueSpecification\",\"valueRequired\":true,\"valueName\":\"search_term_string\"}}],\"inLanguage\":\"it-IT\"},{\"@type\":\"Organization\",\"@id\":\"https:\/\/blog.holyart.it\/it\/#organization\",\"name\":\"Holyblog\",\"url\":\"https:\/\/blog.holyart.it\/it\/\",\"logo\":{\"@type\":\"ImageObject\",\"inLanguage\":\"it-IT\",\"@id\":\"https:\/\/blog.holyart.it\/it\/#\/schema\/logo\/image\/\",\"url\":\"https:\/\/blog.holyart.it\/it\/wp-content\/uploads\/sites\/17\/2022\/12\/Holyart_Blog_Logo.jpg\",\"contentUrl\":\"https:\/\/blog.holyart.it\/it\/wp-content\/uploads\/sites\/17\/2022\/12\/Holyart_Blog_Logo.jpg\",\"width\":300,\"height\":50,\"caption\":\"Holyblog\"},\"image\":{\"@id\":\"https:\/\/blog.holyart.it\/it\/#\/schema\/logo\/image\/\"}},{\"@type\":\"Person\",\"@id\":\"https:\/\/blog.holyart.it\/it\/#\/schema\/person\/0a7b686e5af0f856ec1e390dd0baecda\",\"name\":\"Redazione\"}]}<\/script>\n<!-- \/ Yoast SEO plugin. -->","yoast_head_json":{"title":"Come Papa Francesco ha trasformato la Chiesa durante il suo pontificato","description":"Che cosa ha fatto di importante Papa Francesco? Il suo pontificato \u00e8 stato una rivoluzione di misericordia che ha trasformato la Chiesa","robots":{"index":"index","follow":"follow","max-snippet":"max-snippet:-1","max-image-preview":"max-image-preview:large","max-video-preview":"max-video-preview:-1"},"canonical":"https:\/\/blog.holyart.it\/it\/occasioni-speciali\/come-papa-francesco-ha-trasformato-la-chiesa-durante-il-suo-pontificato\/","og_locale":"it_IT","og_type":"article","og_title":"Come Papa Francesco ha trasformato la Chiesa durante il suo pontificato","og_description":"Che cosa ha fatto di importante Papa Francesco? Il suo pontificato \u00e8 stato una rivoluzione di misericordia che ha trasformato la Chiesa","og_url":"https:\/\/blog.holyart.it\/it\/occasioni-speciali\/come-papa-francesco-ha-trasformato-la-chiesa-durante-il-suo-pontificato\/","og_site_name":"Holyblog","article_published_time":"2025-04-22T08:36:55+00:00","article_modified_time":"2025-06-04T15:52:36+00:00","og_image":[{"width":1000,"height":666,"url":"https:\/\/blog.holyart.it\/it\/wp-content\/uploads\/sites\/17\/2025\/02\/Holyart_Blog_PapaFrancesco_it.jpg","type":"image\/jpeg"}],"author":"Redazione","twitter_card":"summary_large_image","twitter_misc":{"Scritto da":"Redazione","Tempo di lettura stimato":"17 minuti"},"schema":{"@context":"https:\/\/schema.org","@graph":[{"@type":"Article","@id":"https:\/\/blog.holyart.it\/it\/occasioni-speciali\/come-papa-francesco-ha-trasformato-la-chiesa-durante-il-suo-pontificato\/#article","isPartOf":{"@id":"https:\/\/blog.holyart.it\/it\/occasioni-speciali\/come-papa-francesco-ha-trasformato-la-chiesa-durante-il-suo-pontificato\/"},"author":{"name":"Redazione","@id":"https:\/\/blog.holyart.it\/it\/#\/schema\/person\/0a7b686e5af0f856ec1e390dd0baecda"},"headline":"Come Papa Francesco ha trasformato la Chiesa durante il suo pontificato","datePublished":"2025-04-22T08:36:55+00:00","dateModified":"2025-06-04T15:52:36+00:00","mainEntityOfPage":{"@id":"https:\/\/blog.holyart.it\/it\/occasioni-speciali\/come-papa-francesco-ha-trasformato-la-chiesa-durante-il-suo-pontificato\/"},"wordCount":2662,"publisher":{"@id":"https:\/\/blog.holyart.it\/it\/#organization"},"image":{"@id":"https:\/\/blog.holyart.it\/it\/occasioni-speciali\/come-papa-francesco-ha-trasformato-la-chiesa-durante-il-suo-pontificato\/#primaryimage"},"thumbnailUrl":"https:\/\/blog.holyart.it\/it\/wp-content\/uploads\/sites\/17\/2025\/02\/Holyart_Blog_PapaFrancesco_it.jpg","articleSection":["Occasioni speciali"],"inLanguage":"it-IT"},{"@type":"WebPage","@id":"https:\/\/blog.holyart.it\/it\/occasioni-speciali\/come-papa-francesco-ha-trasformato-la-chiesa-durante-il-suo-pontificato\/","url":"https:\/\/blog.holyart.it\/it\/occasioni-speciali\/come-papa-francesco-ha-trasformato-la-chiesa-durante-il-suo-pontificato\/","name":"Come Papa Francesco ha trasformato la Chiesa durante il suo pontificato","isPartOf":{"@id":"https:\/\/blog.holyart.it\/it\/#website"},"primaryImageOfPage":{"@id":"https:\/\/blog.holyart.it\/it\/occasioni-speciali\/come-papa-francesco-ha-trasformato-la-chiesa-durante-il-suo-pontificato\/#primaryimage"},"image":{"@id":"https:\/\/blog.holyart.it\/it\/occasioni-speciali\/come-papa-francesco-ha-trasformato-la-chiesa-durante-il-suo-pontificato\/#primaryimage"},"thumbnailUrl":"https:\/\/blog.holyart.it\/it\/wp-content\/uploads\/sites\/17\/2025\/02\/Holyart_Blog_PapaFrancesco_it.jpg","datePublished":"2025-04-22T08:36:55+00:00","dateModified":"2025-06-04T15:52:36+00:00","description":"Che cosa ha fatto di importante Papa Francesco? Il suo pontificato \u00e8 stato una rivoluzione di misericordia che ha trasformato la Chiesa","breadcrumb":{"@id":"https:\/\/blog.holyart.it\/it\/occasioni-speciali\/come-papa-francesco-ha-trasformato-la-chiesa-durante-il-suo-pontificato\/#breadcrumb"},"inLanguage":"it-IT","potentialAction":[{"@type":"ReadAction","target":["https:\/\/blog.holyart.it\/it\/occasioni-speciali\/come-papa-francesco-ha-trasformato-la-chiesa-durante-il-suo-pontificato\/"]}]},{"@type":"ImageObject","inLanguage":"it-IT","@id":"https:\/\/blog.holyart.it\/it\/occasioni-speciali\/come-papa-francesco-ha-trasformato-la-chiesa-durante-il-suo-pontificato\/#primaryimage","url":"https:\/\/blog.holyart.it\/it\/wp-content\/uploads\/sites\/17\/2025\/02\/Holyart_Blog_PapaFrancesco_it.jpg","contentUrl":"https:\/\/blog.holyart.it\/it\/wp-content\/uploads\/sites\/17\/2025\/02\/Holyart_Blog_PapaFrancesco_it.jpg","width":1000,"height":666,"caption":"Papa Francesco"},{"@type":"BreadcrumbList","@id":"https:\/\/blog.holyart.it\/it\/occasioni-speciali\/come-papa-francesco-ha-trasformato-la-chiesa-durante-il-suo-pontificato\/#breadcrumb","itemListElement":[{"@type":"ListItem","position":1,"name":"Homepage","item":"https:\/\/blog.holyart.it\/it\/"},{"@type":"ListItem","position":2,"name":"Occasioni speciali","item":"https:\/\/blog.holyart.it\/it\/occasioni-speciali\/"},{"@type":"ListItem","position":3,"name":"Come Papa Francesco ha trasformato la Chiesa durante il suo pontificato"}]},{"@type":"WebSite","@id":"https:\/\/blog.holyart.it\/it\/#website","url":"https:\/\/blog.holyart.it\/it\/","name":"Holyblog","description":"Il Blog di Holyart.it","publisher":{"@id":"https:\/\/blog.holyart.it\/it\/#organization"},"potentialAction":[{"@type":"SearchAction","target":{"@type":"EntryPoint","urlTemplate":"https:\/\/blog.holyart.it\/it\/?s={search_term_string}"},"query-input":{"@type":"PropertyValueSpecification","valueRequired":true,"valueName":"search_term_string"}}],"inLanguage":"it-IT"},{"@type":"Organization","@id":"https:\/\/blog.holyart.it\/it\/#organization","name":"Holyblog","url":"https:\/\/blog.holyart.it\/it\/","logo":{"@type":"ImageObject","inLanguage":"it-IT","@id":"https:\/\/blog.holyart.it\/it\/#\/schema\/logo\/image\/","url":"https:\/\/blog.holyart.it\/it\/wp-content\/uploads\/sites\/17\/2022\/12\/Holyart_Blog_Logo.jpg","contentUrl":"https:\/\/blog.holyart.it\/it\/wp-content\/uploads\/sites\/17\/2022\/12\/Holyart_Blog_Logo.jpg","width":300,"height":50,"caption":"Holyblog"},"image":{"@id":"https:\/\/blog.holyart.it\/it\/#\/schema\/logo\/image\/"}},{"@type":"Person","@id":"https:\/\/blog.holyart.it\/it\/#\/schema\/person\/0a7b686e5af0f856ec1e390dd0baecda","name":"Redazione"}]}},"_links":{"self":[{"href":"https:\/\/blog.holyart.it\/it\/wp-json\/wp\/v2\/posts\/21491","targetHints":{"allow":["GET"]}}],"collection":[{"href":"https:\/\/blog.holyart.it\/it\/wp-json\/wp\/v2\/posts"}],"about":[{"href":"https:\/\/blog.holyart.it\/it\/wp-json\/wp\/v2\/types\/post"}],"author":[{"embeddable":true,"href":"https:\/\/blog.holyart.it\/it\/wp-json\/wp\/v2\/users\/1"}],"replies":[{"embeddable":true,"href":"https:\/\/blog.holyart.it\/it\/wp-json\/wp\/v2\/comments?post=21491"}],"version-history":[{"count":7,"href":"https:\/\/blog.holyart.it\/it\/wp-json\/wp\/v2\/posts\/21491\/revisions"}],"predecessor-version":[{"id":22057,"href":"https:\/\/blog.holyart.it\/it\/wp-json\/wp\/v2\/posts\/21491\/revisions\/22057"}],"wp:featuredmedia":[{"embeddable":true,"href":"https:\/\/blog.holyart.it\/it\/wp-json\/wp\/v2\/media\/21800"}],"wp:attachment":[{"href":"https:\/\/blog.holyart.it\/it\/wp-json\/wp\/v2\/media?parent=21491"}],"wp:term":[{"taxonomy":"category","embeddable":true,"href":"https:\/\/blog.holyart.it\/it\/wp-json\/wp\/v2\/categories?post=21491"},{"taxonomy":"post_tag","embeddable":true,"href":"https:\/\/blog.holyart.it\/it\/wp-json\/wp\/v2\/tags?post=21491"}],"curies":[{"name":"wp","href":"https:\/\/api.w.org\/{rel}","templated":true}]}}