{"id":21439,"date":"2025-03-17T10:00:27","date_gmt":"2025-03-17T09:00:27","guid":{"rendered":"https:\/\/blog.holyart.it\/it\/?p=21439"},"modified":"2026-03-13T10:50:52","modified_gmt":"2026-03-13T09:50:52","slug":"la-pesach-cosa-festeggia-la-pasqua-ebraica","status":"publish","type":"post","link":"https:\/\/blog.holyart.it\/it\/pasqua\/la-pesach-cosa-festeggia-la-pasqua-ebraica\/","title":{"rendered":"La Pesach: cosa festeggia la Pasqua ebraica"},"content":{"rendered":"<h4>La\u00a0<em>Pesach<\/em>, o Pasqua ebraica, celebra la liberazione dall&#8217;Egitto. Festa millenaria, ricca di riti e simboli, prevede cibi e regole speciali per ricordare l&#8217;Esodo e la libert\u00e0 del popolo ebraico<\/h4>\n\n<p>La\u00a0<strong><em>Pesach<\/em><\/strong>, conosciuta anche come\u00a0<strong>Pasqua ebraica<\/strong>, rappresenta una delle celebrazioni pi\u00f9 antiche e importanti della tradizione ebraica. Questa festa millenaria racchiude in s\u00e9 un profondo significato storico e spirituale, perch\u00e9 commemora uno degli eventi pi\u00f9 importanti della storia del popolo ebraico:\u00a0<strong>la liberazione dalla schiavit\u00f9 in Egitto e l&#8217;esodo verso la Terra Promessa<\/strong>.\u00a0La Pasqua rappresenta una delle festivit\u00e0 fondamentali anche per il\u00a0<strong>Cristianesimo<\/strong>, ma le due celebrazioni, sebbene storicamente collegate, presentano\u00a0<strong><a href=\"https:\/\/www.holyart.it\/blog\/articoli-religiosi\/le-differenze-ebraismo-cristianesimo\/\">differenze significative<\/a><\/strong>\u00a0nel loro significato, nelle pratiche rituali e nella loro osservanza. La Pasqua ebraica simboleggia il passaggio dalla schiavit\u00f9 alla libert\u00e0 e il ruolo di Dio come liberatore del suo popolo, mentre la Pasqua cristiana celebra\u00a0<strong><a href=\"https:\/\/www.holyart.it\/blog\/articoli-religiosi\/la-storia-di-gesu-gli-eventi-piu-importanti-della-sua-vita\/\">la resurrezione di Ges\u00f9 Cristo\u00a0dopo la Sua Crocifissione<\/a><\/strong>, la vittoria sulla morte e il compimento della promessa di salvezza divina. Tuttavia i due episodi rimangono profondamente collegati, perch\u00e9 gli eventi della Passione, morte e resurrezione di Ges\u00f9 si sono svolti durante il periodo della Pasqua ebraica. Di conseguenza la Pasqua cristiana si \u00e8 sviluppata storicamente dalla <em>Pesach<\/em> e ne ha tratto alcuni riti, anche se dando loro significati diversi.<\/p>\n<div class=\"link-article\">\n<p><img loading=\"lazy\" decoding=\"async\" class=\"size-full wp-image-21441 alignleft\" src=\"https:\/\/blog.holyart.it\/it\/wp-content\/uploads\/sites\/17\/2025\/02\/differenze-tra-ebraismo-e-cristianesimo-1.jpg\" alt=\"differenze tra ebraismo e cristianesimo\" width=\"150\" height=\"99\" data-kale-share-title=\"La Pesach: cosa festeggia la Pasqua ebraica\" data-kale-share-url=\"https:\/\/blog.holyart.it\/it\/?p=21439\" \/><\/p>\n<div class=\"leggi-anche\">Leggi anche:<\/div>\n<p><strong><a href=\"https:\/\/www.holyart.it\/blog\/articoli-religiosi\/le-differenze-ebraismo-cristianesimo\/\">Le differenze tra ebraismo e cristianesimo<\/a><\/strong><br \/>\nQuali sono le differenze tra Ebraismo e Cristianesimo? Il Dio degli Ebrei \u00e8 lo stesso dei Cristiani? Cerchiamo di scoprire&#8230;<\/p>\n<\/div>\n<p>Pensiamo per esempio ai cibi consumati durante la Pasqua. Nella <em>Pesach<\/em>, l&#8217;<strong>agnello pasquale<\/strong>\u00a0rappresenta l&#8217;agnello che Dio ordin\u00f2 a Mos\u00e8 fosse sacrificato, perch\u00e9 col suo sangue potessero venire segnati gli stipiti delle porte delle case degli ebrei, per salvare i loro figli primogeniti dal passaggio dell&#8217;Angelo della Morte. Da qui nacque la tradizione del\u00a0<em>Korban Pesach<\/em>, il sacrificio pasquale che veniva offerto nel Tempio di Gerusalemme. L&#8217;<strong>uovo<\/strong>, come vedremo, rappresenta il\u00a0<em>Korban Chagigah<\/em>, il sacrificio festivo che veniva offerto nel Tempio durante i pellegrinaggi delle tre feste principali (<em>Pesach<\/em>,\u00a0<em>Shavuot<\/em>\u00a0e\u00a0<em>Sukkot<\/em>), e la sua forma tondeggiante simboleggia il ciclo continuo della vita, della morte e della rinascita. Anche nella religione cristiana l&#8217;agnello e l&#8217;uovo sono tra\u00a0<strong><a href=\"https:\/\/www.holyart.it\/blog\/pasqua\/il-simbolo-dellagnello-a-pasqua\/\">i principali simboli della Pasqua<\/a>,<\/strong> ma con significati differenti: l&#8217;<strong>agnello \u00e8 Ges\u00f9 Cristo<\/strong>, che si \u00e8 sacrificato per tutti gli uomini, lavando col proprio sangue benedetto il peccato originale e consacrando col Suo corpo la promessa di salvezza, mentre\u00a0<strong>l&#8217;uovo \u00e8\u00a0<a href=\"https:\/\/www.holyart.it\/blog\/pasqua\/luovo-simbolo-della-pasqua\/\">simbolo di Resurrezione e nuova vita<\/a><\/strong>.<\/p>\n<div class=\"link-article\">\n<p><img loading=\"lazy\" decoding=\"async\" class=\"size-full wp-image-21442 alignleft\" src=\"https:\/\/blog.holyart.it\/it\/wp-content\/uploads\/sites\/17\/2025\/02\/agnello-pasquale-1.jpg\" alt=\"agnello pasquale\" width=\"150\" height=\"99\" data-kale-share-title=\"La Pesach: cosa festeggia la Pasqua ebraica\" data-kale-share-url=\"https:\/\/blog.holyart.it\/it\/?p=21439\" \/><\/p>\n<div class=\"leggi-anche\">Leggi anche:<\/div>\n<p><strong><a href=\"https:\/\/www.holyart.it\/blog\/pasqua\/il-simbolo-dellagnello-a-pasqua\/\">Il simbolo dell\u2019Agnello a Pasqua<\/a><\/strong><br \/>\nLa Pasqua \u00e8 ormai vicina, con il suo carico di suggestioni solenni e simboli densi di spiritualit\u00e0. La croce pasquale, i ceri pasquali, l\u2019agnello&#8230;<\/p>\n<\/div>\n<p>Scopriamo i principali riti e simboli della Pasqua ebraica.<\/p>\n<h2>Che cosa si festeggia nell&#8217;antica festa ebraica della Pasqua?<\/h2>\n<p>Come abbiamo visto, la\u00a0<em>Pesach<\/em>\u00a0celebra la liberazione del popolo ebraico dalla schiavit\u00f9 in Egitto, come narrato nel libro dell&#8217;Esodo. Secondo la tradizione, dopo le dieci piaghe inviate da Dio, il Faraone permise finalmente agli ebrei di lasciare l&#8217;Egitto sotto la guida di Mos\u00e8. Il nome\u00a0<em>Pesach<\/em>\u00a0deriva dal verbo ebraico che significa\u00a0<em>&#8220;passare oltre&#8221;<\/em>, e si riferisce all&#8217;angelo della morte che pass\u00f2 oltre le case degli ebrei durante l&#8217;ultima delle piaghe, risparmiando i loro primogeniti grazie al sangue dell&#8217;agnello posto sugli stipiti delle porte.<\/p>\n<h2>Qual \u00e8 il simbolo della Pasqua ebraica?<\/h2>\n<p>Il simbolo principale della\u00a0<em>Pesach<\/em>\u00a0\u00e8 il <a href=\"https:\/\/www.holyart.it\/blog\/articoli-religiosi\/pane-azzimo-alla-scoperta-di-tradizioni-e-ricette-antiche\/\"><strong>pane azzimo<\/strong><\/a> (<em>matzah<\/em>), un pane non lievitato che ricorda il pane preparato in fretta dagli ebrei durante la fuga dall&#8217;Egitto. Questo pane semplice e sottile simboleggia sia l&#8217;<strong>umilt\u00e0<\/strong>\u00a0che la\u00a0<strong>libert\u00e0<\/strong>. Secondo la tradizione, gli ebrei lo consumarono non lievitato poich\u00e9 non ebbero il tempo di farlo fermentare prima della fuga. Per questo, durante la Pasqua ebraica si evita il pane lievitato per un\u2019intera settimana. La celebrazione inizia nella notte tra il 14 e il 15 di\u00a0<em>Nisan<\/em>, seguita da sette giorni che un tempo coincidevano con la\u00a0<strong>Festa dei Pani Azzimi<\/strong>, legata alla raccolta dell\u2019orzo.<\/p>\n<div class=\"link-article\">\n<p><img loading=\"lazy\" decoding=\"async\" class=\"size-full wp-image-21443 alignleft\" src=\"https:\/\/blog.holyart.it\/it\/wp-content\/uploads\/sites\/17\/2025\/02\/pane-azzimo.jpeg\" alt=\"pane azzimo\" width=\"150\" height=\"99\" data-kale-share-title=\"La Pesach: cosa festeggia la Pasqua ebraica\" data-kale-share-url=\"https:\/\/blog.holyart.it\/it\/?p=21439\" \/><\/p>\n<div class=\"leggi-anche\">Leggi anche:<\/div>\n<p><strong><a href=\"https:\/\/www.holyart.it\/blog\/articoli-religiosi\/pane-azzimo-alla-scoperta-di-tradizioni-e-ricette-antiche\/\">Pane azzimo: alla scoperta di tradizioni e ricette antiche<\/a><\/strong><br \/>\nIl pane azzimo ha sempre avuto un\u2019importanza simbolica molto forte nella cultura ebraica e poi in quella cristiana&#8230;<\/p>\n<\/div>\n<h2>Cosa significa l&#8217;uovo sodo nella Pasqua ebraica?<\/h2>\n<p>Abbiamo anche gi\u00e0 accennato all&#8217;<strong>uovo sodo<\/strong>\u00a0<em>(beitzah<\/em>), che rappresenta il sacrificio festivo che veniva offerto nel <a href=\"https:\/\/www.holyart.it\/blog\/articoli-religiosi\/cacciata-dei-mercanti-dal-tempio-di-gerusalemme\/\"><strong>Tempio di Gerusalemme<\/strong><\/a>. L&#8217;uovo \u00e8 anche un simbolo universale di vita e rinascita, e la sua forma circolare rappresenta il ciclo continuo dell&#8217;esistenza. Il fatto che sia cotto fino a diventare duro simboleggia la resilienza del popolo ebraico attraverso le difficolt\u00e0.<\/p>\n<div class=\"link-article\">\n<p><img loading=\"lazy\" decoding=\"async\" class=\"size-full wp-image-21446 alignleft\" src=\"https:\/\/blog.holyart.it\/it\/wp-content\/uploads\/sites\/17\/2025\/02\/cacciata-dei-mercanti-dal-tempio-di-gerusalemme.jpg\" alt=\"cacciata dei mercanti dal tempio di gerusalemme\" width=\"150\" height=\"99\" data-kale-share-title=\"La Pesach: cosa festeggia la Pasqua ebraica\" data-kale-share-url=\"https:\/\/blog.holyart.it\/it\/?p=21439\" \/><\/p>\n<div class=\"leggi-anche\">Leggi anche:<\/div>\n<p><strong><a href=\"https:\/\/www.holyart.it\/blog\/articoli-religiosi\/cacciata-dei-mercanti-dal-tempio-di-gerusalemme\/\">L\u2019episodio della cacciata dei mercanti dal Tempio di Gerusalemme<\/a><\/strong><br \/>\nLa cacciata dei mercanti dal Tempio di Gerusalemme rappresenta&#8230;<\/p>\n<\/div>\n<h2>Quali sono gli elementi principali della Pasqua ebraica?<\/h2>\n<p>Gli elementi centrali della\u00a0<em>Pesach<\/em>\u00a0includono il<strong><em>\u00a0Pesach Seder<\/em><\/strong>, la cena pasquale, ricca di significati simbolici. Durante il\u00a0<em>Seder<\/em>\u00a0la tavola viene apparecchiata con una tovaglia bianca, candelabri, una zampa di agnello, erbe amare, un uovo sodo, verdure amare nell\u2019acqua salata (simbolo delle lacrime della schiavit\u00f9) e tre pani azzimi.\u00a0 Durante la cena si legge l&#8217;<strong><em>Haggadah di Pesach<\/em><\/strong>, il testo che racconta la storia dell&#8217;Esodo. L&#8217;<em>Haggadah<\/em>\u00a0\u00e8 uno dei testi pi\u00f9 significativi e amati della tradizione ebraica, il cui nome deriva dalla radice ebraica\u00a0<em>lehagid<\/em>, che significa &#8220;raccontare&#8221; o &#8220;narrare&#8221;. Questo testo sacro si \u00e8 sviluppato gradualmente nel corso dei secoli, prendendo la sua forma definitiva intorno al periodo talmudico (200-500 d.C.). Il suo scopo principale risponde al comandamento biblico di raccontare ai propri figli la storia dell&#8217;Esodo dall&#8217;Egitto, come scritto nel libro dell&#8217;Esodo:\u00a0<em>&#8220;E tu racconterai a tuo figlio in quel giorno, dicendo: \u00e8 per questo che il Signore fece per me quando uscii dall&#8217;Egitto&#8221;<\/em>. L&#8217;<em>Haggadah<\/em>\u00a0segue una struttura precisa che guida i partecipanti attraverso le diverse fasi del Seder. Il testo \u00e8 organizzato in quindici sezioni principali, chiamate\u00a0<em>simanim<\/em>\u00a0(segni).<\/p>\n<h2>Cosa non si pu\u00f2 fare durante la Pasqua ebraica?<\/h2>\n<p>Durante la\u00a0<em>Pesach<\/em>\u00a0\u00e8 proibito possedere e consumare\u00a0<strong><em>chametz<\/em><\/strong>, ovvero qualsiasi alimento lievitato o fermentato. Per rispettare questa regola, prima di\u00a0<em>Pesach<\/em>\u00a0si fa una pulizia accurata della casa per eliminare ogni traccia di\u00a0<em>chametz<\/em>. Il primo e l\u2019ultimo giorno di\u00a0<em>Pesach<\/em> (o i primi due e gli ultimi due nella tradizione della diaspora) sono considerati giorni festivi, durante i quali \u00e8 vietato lavorare, accendere fuochi o utilizzare dispositivi.<\/p>\n<h2>Cosa non si mangia durante la Pasqua ebraica?<\/h2>\n<p>Come gi\u00e0 scritto, durante la\u00a0<em>Pesach<\/em>\u00a0\u00e8 vietato consumare cibi contenenti lievito o farine fermentate, come pane, pasta, birra e altri prodotti fermentati a base di grano, orzo, segale, avena o farro. Alcune comunit\u00e0 ashkenazite evitano anche i\u00a0<em>kitniyot<\/em>, che includono riso, mais, legumi e semi.<\/p>\n<h2>Quando si svolge la Pasqua ebraica?<\/h2>\n<p>La\u00a0<em>Pesach<\/em>\u00a0si celebra nel mese ebraico di Nissan, generalmente\u00a0<strong>tra marzo e aprile<\/strong>\u00a0del calendario gregoriano. La festa dura otto giorni nella diaspora e sette in Israele, e inizia la sera del 14 di Nissan con il primo Seder. La\u00a0<strong><a href=\"https:\/\/www.holyart.it\/blog\/pasqua\/come-si-calcola-la-pasqua-cristiana-ebraica-e-ortodossa\/#Come_si_stabilisce_la_Pasqua_ebraica\">data esatta si determina in base al calendario ebraico<\/a><\/strong>, che segue le fasi lunari. Cade il 15\u00ba giorno di Nisan, corrispondente al primo plenilunio dopo l\u2019equinozio di primavera. Nel calendario gregoriano, pu\u00f2 variare tra il 26 marzo e il 25 aprile. Ad esempio, nel 2021 si \u00e8 celebrata dal 27 marzo al 4 aprile.<\/p>\n<div class=\"link-article\">\n<p><img loading=\"lazy\" decoding=\"async\" class=\"size-full wp-image-21448 alignleft\" src=\"https:\/\/blog.holyart.it\/it\/wp-content\/uploads\/sites\/17\/2025\/02\/Pasqua-calendario.jpeg\" alt=\"calendario pasqua\" width=\"150\" height=\"99\" data-kale-share-title=\"La Pesach: cosa festeggia la Pasqua ebraica\" data-kale-share-url=\"https:\/\/blog.holyart.it\/it\/?p=21439\" \/><\/p>\n<div class=\"leggi-anche\">Leggi anche:<\/div>\n<p><strong><a href=\"https:\/\/www.holyart.it\/blog\/pasqua\/come-si-calcola-la-pasqua-cristiana-ebraica-e-ortodossa\/#Come_si_stabilisce_la_Pasqua_ebraica\">Come si calcola la Pasqua: cristiana, ebraica e ortodossa<\/a><\/strong><br \/>\nOgni anno cambia data ma rimane la festa pi\u00f9 importante: in questo articolo scoprirai come&#8230;<\/p>\n<\/div>\n<h2>Quali sono i riti pi\u00f9 importanti della Pasqua ebraica?<\/h2>\n<p>Durante il Seder, si segue un ordine preciso di rituali che includono la lettura dell&#8217;<em>Haggadah<\/em>, il consumo di cibi simbolici, la recitazione delle quattro domande da parte del bambino pi\u00f9 giovane presente, e la ricerca dell&#8217;<em>afikoman<\/em>, un pezzo di\u00a0<em>matzah<\/em>\u00a0nascosto che i bambini devono trovare. Durante il\u00a0<em>Seder<\/em>, i partecipanti bevono quattro bicchieri di vino, che rappresentano le quattro promesse di redenzione fatte da Dio agli Israeliti. Viene anche preparato un bicchiere speciale per il profeta Elia, che si dice visiti durante il pasto. Il Seder si conclude con canti corali tradizionali in ebraico, chiamati\u00a0<em>piyutim<\/em>, che vengono tramandati di generazione in generazione. Il giorno prima di\u00a0<em>Pesach<\/em>\u00a0\u00e8 la Festa dei Primogeniti, che ricorda come i primogeniti ebrei furono risparmiati durante l&#8217;ultima piaga in Egitto.<\/p>\n<h2>Cosa si mangia durante la\u00a0<em>Pesach<\/em>?<\/h2>\n<p>Sulla tavola del\u00a0<em>Seder<\/em>\u00a0si trovano elementi simbolici come il\u00a0<em>maror<\/em>\u00a0(erbe amare che ricordano l&#8217;amarezza della schiavit\u00f9), lo\u00a0<em>charoset<\/em>\u00a0(un impasto di frutta e frutta secca che simboleggia la malta usata dagli ebrei per costruire in Egitto), e il\u00a0<em>karpas<\/em>\u00a0(un vegetale verde, solitamente prezzemolo o sedano, simbolo di primavera e rinascita). Si consumano<strong>\u00a0cibi specifici<\/strong>\u00a0che rispettano le regole della\u00a0<strong><em>kasherut<\/em><\/strong>\u00a0e sono privi di\u00a0<em>chametz<\/em>. Oltre alla\u00a0<em>matzah<\/em>, si mangiano piatti tradizionali come il brodo di pollo con\u00a0<em>kneidlach<\/em>\u00a0(polpette di farina di\u00a0<em>matzah<\/em>), carni e pesci\u00a0<em>kasher<\/em>, verdure, frutta, e dolci preparati con farina di\u00a0<em>matzah<\/em>\u00a0o fecola di patate. Ogni elemento del pasto del Seder ha un significato simbolico che contribuisce alla narrazione della storia dell&#8217;Esodo.<\/p>\n","protected":false},"excerpt":{"rendered":"<p>La\u00a0Pesach, o Pasqua ebraica, celebra la liberazione dall&#8217;Egitto. Festa millenaria, ricca di riti e simboli, prevede cibi e regole speciali per ricordare l&#8217;Esodo e la libert\u00e0 del popolo ebraico La\u00a0Pesach, conosciuta anche come\u00a0Pasqua ebraica, rappresenta una delle celebrazioni pi\u00f9 antiche e importanti della tradizione ebraica.&hellip;<\/p>\n","protected":false},"author":1,"featured_media":21450,"comment_status":"closed","ping_status":"open","sticky":false,"template":"","format":"standard","meta":{"_acf_changed":false,"footnotes":""},"categories":[26],"tags":[],"class_list":["post-21439","post","type-post","status-publish","format-standard","has-post-thumbnail","hentry","category-pasqua"],"acf":[],"yoast_head":"<!-- This site is optimized with the Yoast SEO plugin v26.6 - https:\/\/yoast.com\/wordpress\/plugins\/seo\/ -->\n<title>La Pesach: cosa festeggia la Pasqua ebraica - Holyblog<\/title>\n<meta name=\"description\" content=\"La Pasqua ebraica ricorda la fuga degli ebrei dall\u2019Egitto e celebra la libert\u00e0. \u00c8 una festa millenaria che racchiude innumerevoli tradizioni\" \/>\n<meta name=\"robots\" content=\"index, follow, max-snippet:-1, max-image-preview:large, max-video-preview:-1\" \/>\n<link rel=\"canonical\" href=\"https:\/\/blog.holyart.it\/it\/pasqua\/la-pesach-cosa-festeggia-la-pasqua-ebraica\/\" \/>\n<meta property=\"og:locale\" content=\"it_IT\" \/>\n<meta property=\"og:type\" content=\"article\" \/>\n<meta property=\"og:title\" content=\"La Pesach: cosa festeggia la Pasqua ebraica - Holyblog\" \/>\n<meta property=\"og:description\" content=\"La Pasqua ebraica ricorda la fuga degli ebrei dall\u2019Egitto e celebra la libert\u00e0. \u00c8 una festa millenaria che racchiude innumerevoli tradizioni\" \/>\n<meta property=\"og:url\" content=\"https:\/\/blog.holyart.it\/it\/pasqua\/la-pesach-cosa-festeggia-la-pasqua-ebraica\/\" \/>\n<meta property=\"og:site_name\" content=\"Holyblog\" \/>\n<meta property=\"article:published_time\" content=\"2025-03-17T09:00:27+00:00\" \/>\n<meta property=\"article:modified_time\" content=\"2026-03-13T09:50:52+00:00\" \/>\n<meta property=\"og:image\" content=\"https:\/\/blog.holyart.it\/it\/wp-content\/uploads\/sites\/17\/2025\/02\/in-che-cosa-conciste-la-pasqua-ebraica-pesach.jpg\" \/>\n\t<meta property=\"og:image:width\" content=\"1000\" \/>\n\t<meta property=\"og:image:height\" content=\"666\" \/>\n\t<meta property=\"og:image:type\" content=\"image\/jpeg\" \/>\n<meta name=\"author\" content=\"Redazione\" \/>\n<meta name=\"twitter:card\" content=\"summary_large_image\" \/>\n<meta name=\"twitter:label1\" content=\"Scritto da\" \/>\n\t<meta name=\"twitter:data1\" content=\"Redazione\" \/>\n\t<meta name=\"twitter:label2\" content=\"Tempo di lettura stimato\" \/>\n\t<meta name=\"twitter:data2\" content=\"10 minuti\" \/>\n<script type=\"application\/ld+json\" class=\"yoast-schema-graph\">{\"@context\":\"https:\/\/schema.org\",\"@graph\":[{\"@type\":\"Article\",\"@id\":\"https:\/\/blog.holyart.it\/it\/pasqua\/la-pesach-cosa-festeggia-la-pasqua-ebraica\/#article\",\"isPartOf\":{\"@id\":\"https:\/\/blog.holyart.it\/it\/pasqua\/la-pesach-cosa-festeggia-la-pasqua-ebraica\/\"},\"author\":{\"name\":\"Redazione\",\"@id\":\"https:\/\/blog.holyart.it\/it\/#\/schema\/person\/0a7b686e5af0f856ec1e390dd0baecda\"},\"headline\":\"La Pesach: cosa festeggia la Pasqua ebraica\",\"datePublished\":\"2025-03-17T09:00:27+00:00\",\"dateModified\":\"2026-03-13T09:50:52+00:00\",\"mainEntityOfPage\":{\"@id\":\"https:\/\/blog.holyart.it\/it\/pasqua\/la-pesach-cosa-festeggia-la-pasqua-ebraica\/\"},\"wordCount\":1463,\"publisher\":{\"@id\":\"https:\/\/blog.holyart.it\/it\/#organization\"},\"image\":{\"@id\":\"https:\/\/blog.holyart.it\/it\/pasqua\/la-pesach-cosa-festeggia-la-pasqua-ebraica\/#primaryimage\"},\"thumbnailUrl\":\"https:\/\/blog.holyart.it\/it\/wp-content\/uploads\/sites\/17\/2025\/02\/in-che-cosa-conciste-la-pasqua-ebraica-pesach.jpg\",\"articleSection\":[\"Pasqua\"],\"inLanguage\":\"it-IT\"},{\"@type\":\"WebPage\",\"@id\":\"https:\/\/blog.holyart.it\/it\/pasqua\/la-pesach-cosa-festeggia-la-pasqua-ebraica\/\",\"url\":\"https:\/\/blog.holyart.it\/it\/pasqua\/la-pesach-cosa-festeggia-la-pasqua-ebraica\/\",\"name\":\"La Pesach: cosa festeggia la Pasqua ebraica - Holyblog\",\"isPartOf\":{\"@id\":\"https:\/\/blog.holyart.it\/it\/#website\"},\"primaryImageOfPage\":{\"@id\":\"https:\/\/blog.holyart.it\/it\/pasqua\/la-pesach-cosa-festeggia-la-pasqua-ebraica\/#primaryimage\"},\"image\":{\"@id\":\"https:\/\/blog.holyart.it\/it\/pasqua\/la-pesach-cosa-festeggia-la-pasqua-ebraica\/#primaryimage\"},\"thumbnailUrl\":\"https:\/\/blog.holyart.it\/it\/wp-content\/uploads\/sites\/17\/2025\/02\/in-che-cosa-conciste-la-pasqua-ebraica-pesach.jpg\",\"datePublished\":\"2025-03-17T09:00:27+00:00\",\"dateModified\":\"2026-03-13T09:50:52+00:00\",\"description\":\"La Pasqua ebraica ricorda la fuga degli ebrei dall\u2019Egitto e celebra la libert\u00e0. \u00c8 una festa millenaria che racchiude innumerevoli tradizioni\",\"breadcrumb\":{\"@id\":\"https:\/\/blog.holyart.it\/it\/pasqua\/la-pesach-cosa-festeggia-la-pasqua-ebraica\/#breadcrumb\"},\"inLanguage\":\"it-IT\",\"potentialAction\":[{\"@type\":\"ReadAction\",\"target\":[\"https:\/\/blog.holyart.it\/it\/pasqua\/la-pesach-cosa-festeggia-la-pasqua-ebraica\/\"]}]},{\"@type\":\"ImageObject\",\"inLanguage\":\"it-IT\",\"@id\":\"https:\/\/blog.holyart.it\/it\/pasqua\/la-pesach-cosa-festeggia-la-pasqua-ebraica\/#primaryimage\",\"url\":\"https:\/\/blog.holyart.it\/it\/wp-content\/uploads\/sites\/17\/2025\/02\/in-che-cosa-conciste-la-pasqua-ebraica-pesach.jpg\",\"contentUrl\":\"https:\/\/blog.holyart.it\/it\/wp-content\/uploads\/sites\/17\/2025\/02\/in-che-cosa-conciste-la-pasqua-ebraica-pesach.jpg\",\"width\":1000,\"height\":666,\"caption\":\"in che cosa consiste la pasqua ebraica pesach\"},{\"@type\":\"BreadcrumbList\",\"@id\":\"https:\/\/blog.holyart.it\/it\/pasqua\/la-pesach-cosa-festeggia-la-pasqua-ebraica\/#breadcrumb\",\"itemListElement\":[{\"@type\":\"ListItem\",\"position\":1,\"name\":\"Homepage\",\"item\":\"https:\/\/blog.holyart.it\/it\/\"},{\"@type\":\"ListItem\",\"position\":2,\"name\":\"Pasqua\",\"item\":\"https:\/\/blog.holyart.it\/it\/pasqua\/\"},{\"@type\":\"ListItem\",\"position\":3,\"name\":\"La Pesach: cosa festeggia la Pasqua ebraica\"}]},{\"@type\":\"WebSite\",\"@id\":\"https:\/\/blog.holyart.it\/it\/#website\",\"url\":\"https:\/\/blog.holyart.it\/it\/\",\"name\":\"Holyblog\",\"description\":\"Il Blog di Holyart.it\",\"publisher\":{\"@id\":\"https:\/\/blog.holyart.it\/it\/#organization\"},\"potentialAction\":[{\"@type\":\"SearchAction\",\"target\":{\"@type\":\"EntryPoint\",\"urlTemplate\":\"https:\/\/blog.holyart.it\/it\/?s={search_term_string}\"},\"query-input\":{\"@type\":\"PropertyValueSpecification\",\"valueRequired\":true,\"valueName\":\"search_term_string\"}}],\"inLanguage\":\"it-IT\"},{\"@type\":\"Organization\",\"@id\":\"https:\/\/blog.holyart.it\/it\/#organization\",\"name\":\"Holyblog\",\"url\":\"https:\/\/blog.holyart.it\/it\/\",\"logo\":{\"@type\":\"ImageObject\",\"inLanguage\":\"it-IT\",\"@id\":\"https:\/\/blog.holyart.it\/it\/#\/schema\/logo\/image\/\",\"url\":\"https:\/\/blog.holyart.it\/it\/wp-content\/uploads\/sites\/17\/2022\/12\/Holyart_Blog_Logo.jpg\",\"contentUrl\":\"https:\/\/blog.holyart.it\/it\/wp-content\/uploads\/sites\/17\/2022\/12\/Holyart_Blog_Logo.jpg\",\"width\":300,\"height\":50,\"caption\":\"Holyblog\"},\"image\":{\"@id\":\"https:\/\/blog.holyart.it\/it\/#\/schema\/logo\/image\/\"}},{\"@type\":\"Person\",\"@id\":\"https:\/\/blog.holyart.it\/it\/#\/schema\/person\/0a7b686e5af0f856ec1e390dd0baecda\",\"name\":\"Redazione\"}]}<\/script>\n<!-- \/ Yoast SEO plugin. -->","yoast_head_json":{"title":"La Pesach: cosa festeggia la Pasqua ebraica - Holyblog","description":"La Pasqua ebraica ricorda la fuga degli ebrei dall\u2019Egitto e celebra la libert\u00e0. \u00c8 una festa millenaria che racchiude innumerevoli tradizioni","robots":{"index":"index","follow":"follow","max-snippet":"max-snippet:-1","max-image-preview":"max-image-preview:large","max-video-preview":"max-video-preview:-1"},"canonical":"https:\/\/blog.holyart.it\/it\/pasqua\/la-pesach-cosa-festeggia-la-pasqua-ebraica\/","og_locale":"it_IT","og_type":"article","og_title":"La Pesach: cosa festeggia la Pasqua ebraica - Holyblog","og_description":"La Pasqua ebraica ricorda la fuga degli ebrei dall\u2019Egitto e celebra la libert\u00e0. \u00c8 una festa millenaria che racchiude innumerevoli tradizioni","og_url":"https:\/\/blog.holyart.it\/it\/pasqua\/la-pesach-cosa-festeggia-la-pasqua-ebraica\/","og_site_name":"Holyblog","article_published_time":"2025-03-17T09:00:27+00:00","article_modified_time":"2026-03-13T09:50:52+00:00","og_image":[{"width":1000,"height":666,"url":"https:\/\/blog.holyart.it\/it\/wp-content\/uploads\/sites\/17\/2025\/02\/in-che-cosa-conciste-la-pasqua-ebraica-pesach.jpg","type":"image\/jpeg"}],"author":"Redazione","twitter_card":"summary_large_image","twitter_misc":{"Scritto da":"Redazione","Tempo di lettura stimato":"10 minuti"},"schema":{"@context":"https:\/\/schema.org","@graph":[{"@type":"Article","@id":"https:\/\/blog.holyart.it\/it\/pasqua\/la-pesach-cosa-festeggia-la-pasqua-ebraica\/#article","isPartOf":{"@id":"https:\/\/blog.holyart.it\/it\/pasqua\/la-pesach-cosa-festeggia-la-pasqua-ebraica\/"},"author":{"name":"Redazione","@id":"https:\/\/blog.holyart.it\/it\/#\/schema\/person\/0a7b686e5af0f856ec1e390dd0baecda"},"headline":"La Pesach: cosa festeggia la Pasqua ebraica","datePublished":"2025-03-17T09:00:27+00:00","dateModified":"2026-03-13T09:50:52+00:00","mainEntityOfPage":{"@id":"https:\/\/blog.holyart.it\/it\/pasqua\/la-pesach-cosa-festeggia-la-pasqua-ebraica\/"},"wordCount":1463,"publisher":{"@id":"https:\/\/blog.holyart.it\/it\/#organization"},"image":{"@id":"https:\/\/blog.holyart.it\/it\/pasqua\/la-pesach-cosa-festeggia-la-pasqua-ebraica\/#primaryimage"},"thumbnailUrl":"https:\/\/blog.holyart.it\/it\/wp-content\/uploads\/sites\/17\/2025\/02\/in-che-cosa-conciste-la-pasqua-ebraica-pesach.jpg","articleSection":["Pasqua"],"inLanguage":"it-IT"},{"@type":"WebPage","@id":"https:\/\/blog.holyart.it\/it\/pasqua\/la-pesach-cosa-festeggia-la-pasqua-ebraica\/","url":"https:\/\/blog.holyart.it\/it\/pasqua\/la-pesach-cosa-festeggia-la-pasqua-ebraica\/","name":"La Pesach: cosa festeggia la Pasqua ebraica - Holyblog","isPartOf":{"@id":"https:\/\/blog.holyart.it\/it\/#website"},"primaryImageOfPage":{"@id":"https:\/\/blog.holyart.it\/it\/pasqua\/la-pesach-cosa-festeggia-la-pasqua-ebraica\/#primaryimage"},"image":{"@id":"https:\/\/blog.holyart.it\/it\/pasqua\/la-pesach-cosa-festeggia-la-pasqua-ebraica\/#primaryimage"},"thumbnailUrl":"https:\/\/blog.holyart.it\/it\/wp-content\/uploads\/sites\/17\/2025\/02\/in-che-cosa-conciste-la-pasqua-ebraica-pesach.jpg","datePublished":"2025-03-17T09:00:27+00:00","dateModified":"2026-03-13T09:50:52+00:00","description":"La Pasqua ebraica ricorda la fuga degli ebrei dall\u2019Egitto e celebra la libert\u00e0. \u00c8 una festa millenaria che racchiude innumerevoli tradizioni","breadcrumb":{"@id":"https:\/\/blog.holyart.it\/it\/pasqua\/la-pesach-cosa-festeggia-la-pasqua-ebraica\/#breadcrumb"},"inLanguage":"it-IT","potentialAction":[{"@type":"ReadAction","target":["https:\/\/blog.holyart.it\/it\/pasqua\/la-pesach-cosa-festeggia-la-pasqua-ebraica\/"]}]},{"@type":"ImageObject","inLanguage":"it-IT","@id":"https:\/\/blog.holyart.it\/it\/pasqua\/la-pesach-cosa-festeggia-la-pasqua-ebraica\/#primaryimage","url":"https:\/\/blog.holyart.it\/it\/wp-content\/uploads\/sites\/17\/2025\/02\/in-che-cosa-conciste-la-pasqua-ebraica-pesach.jpg","contentUrl":"https:\/\/blog.holyart.it\/it\/wp-content\/uploads\/sites\/17\/2025\/02\/in-che-cosa-conciste-la-pasqua-ebraica-pesach.jpg","width":1000,"height":666,"caption":"in che cosa consiste la pasqua ebraica pesach"},{"@type":"BreadcrumbList","@id":"https:\/\/blog.holyart.it\/it\/pasqua\/la-pesach-cosa-festeggia-la-pasqua-ebraica\/#breadcrumb","itemListElement":[{"@type":"ListItem","position":1,"name":"Homepage","item":"https:\/\/blog.holyart.it\/it\/"},{"@type":"ListItem","position":2,"name":"Pasqua","item":"https:\/\/blog.holyart.it\/it\/pasqua\/"},{"@type":"ListItem","position":3,"name":"La Pesach: cosa festeggia la Pasqua ebraica"}]},{"@type":"WebSite","@id":"https:\/\/blog.holyart.it\/it\/#website","url":"https:\/\/blog.holyart.it\/it\/","name":"Holyblog","description":"Il Blog di Holyart.it","publisher":{"@id":"https:\/\/blog.holyart.it\/it\/#organization"},"potentialAction":[{"@type":"SearchAction","target":{"@type":"EntryPoint","urlTemplate":"https:\/\/blog.holyart.it\/it\/?s={search_term_string}"},"query-input":{"@type":"PropertyValueSpecification","valueRequired":true,"valueName":"search_term_string"}}],"inLanguage":"it-IT"},{"@type":"Organization","@id":"https:\/\/blog.holyart.it\/it\/#organization","name":"Holyblog","url":"https:\/\/blog.holyart.it\/it\/","logo":{"@type":"ImageObject","inLanguage":"it-IT","@id":"https:\/\/blog.holyart.it\/it\/#\/schema\/logo\/image\/","url":"https:\/\/blog.holyart.it\/it\/wp-content\/uploads\/sites\/17\/2022\/12\/Holyart_Blog_Logo.jpg","contentUrl":"https:\/\/blog.holyart.it\/it\/wp-content\/uploads\/sites\/17\/2022\/12\/Holyart_Blog_Logo.jpg","width":300,"height":50,"caption":"Holyblog"},"image":{"@id":"https:\/\/blog.holyart.it\/it\/#\/schema\/logo\/image\/"}},{"@type":"Person","@id":"https:\/\/blog.holyart.it\/it\/#\/schema\/person\/0a7b686e5af0f856ec1e390dd0baecda","name":"Redazione"}]}},"_links":{"self":[{"href":"https:\/\/blog.holyart.it\/it\/wp-json\/wp\/v2\/posts\/21439","targetHints":{"allow":["GET"]}}],"collection":[{"href":"https:\/\/blog.holyart.it\/it\/wp-json\/wp\/v2\/posts"}],"about":[{"href":"https:\/\/blog.holyart.it\/it\/wp-json\/wp\/v2\/types\/post"}],"author":[{"embeddable":true,"href":"https:\/\/blog.holyart.it\/it\/wp-json\/wp\/v2\/users\/1"}],"replies":[{"embeddable":true,"href":"https:\/\/blog.holyart.it\/it\/wp-json\/wp\/v2\/comments?post=21439"}],"version-history":[{"count":5,"href":"https:\/\/blog.holyart.it\/it\/wp-json\/wp\/v2\/posts\/21439\/revisions"}],"predecessor-version":[{"id":21451,"href":"https:\/\/blog.holyart.it\/it\/wp-json\/wp\/v2\/posts\/21439\/revisions\/21451"}],"wp:featuredmedia":[{"embeddable":true,"href":"https:\/\/blog.holyart.it\/it\/wp-json\/wp\/v2\/media\/21450"}],"wp:attachment":[{"href":"https:\/\/blog.holyart.it\/it\/wp-json\/wp\/v2\/media?parent=21439"}],"wp:term":[{"taxonomy":"category","embeddable":true,"href":"https:\/\/blog.holyart.it\/it\/wp-json\/wp\/v2\/categories?post=21439"},{"taxonomy":"post_tag","embeddable":true,"href":"https:\/\/blog.holyart.it\/it\/wp-json\/wp\/v2\/tags?post=21439"}],"curies":[{"name":"wp","href":"https:\/\/api.w.org\/{rel}","templated":true}]}}