{"id":21337,"date":"2025-03-03T10:00:59","date_gmt":"2025-03-03T09:00:59","guid":{"rendered":"https:\/\/blog.holyart.it\/it\/?p=21337"},"modified":"2026-02-27T09:37:04","modified_gmt":"2026-02-27T08:37:04","slug":"festa-della-donna-icona-della-pace","status":"publish","type":"post","link":"https:\/\/blog.holyart.it\/it\/occasioni-speciali\/festa-della-donna-icona-della-pace\/","title":{"rendered":"Festa della Donna, \u201cicona della pace\u201d"},"content":{"rendered":"<h4>In occasione della Festa della Donna riflettiamo sul legame indissolubile tra la femminilit\u00e0, la pace e la figura di Maria, guidati dalle riflessioni di Papa Francesco<\/h4>\n<p>Nel silenzio della creazione, mentre l&#8217;uomo dormiva immerso nei suoi sogni primordiali, \u00e8 nata la donna. Non \u00e8 stato un caso che sia stata plasmata partendo dalla costola pi\u00f9 vicina al cuore. In quel momento ancestrale si celava gi\u00e0 un messaggio universale:\u00a0<strong>la donna, nasce dalla parte pi\u00f9 intima e preziosa dell&#8217;animo umano<\/strong>, dal luogo dove risiedono i sogni pi\u00f9 puri e le speranze pi\u00f9 autentiche. Un&#8217;altra cosa condivide la stessa origine profonda:<strong>\u00a0la pace<\/strong>. La storia dell&#8217;umanit\u00e0 ci ha mostrato innumerevoli volte come le donne siano state\u00a0<strong>portatrici naturali di pace<\/strong>, non per un ruolo imposto dalla societ\u00e0, ma per una predisposizione innata, che affonda le sue radici nella loro essenza. Come\u00a0<strong>madri<\/strong>, esse comprendono il valore inestimabile della vita fin dal suo primo palpito. Come\u00a0<strong>figlie, sorelle e compagne<\/strong>, incarnano quella tenerezza che disarma i conflitti prima ancora che essi possano esplodere. Il\u00a0<strong>1 gennaio del 2024<\/strong>, giorno in cui la Chiesa universale ha celebrato la\u00a0<strong><a href=\"https:\/\/www.holyart.it\/blog\/occasioni-speciali\/giornata-mondiale-della-pace-e-santissima-madre-di-dio-due-ricorrenze-nello-stesso-giorno\/\">duplice solennit\u00e0 della Giornata Mondiale della Pace e della festa di Maria Santissima Madre di Dio<\/a><\/strong>, Papa Francesco ha offerto al mondo una riflessione profonda sul\u00a0<strong>legame indissolubile tra la femminilit\u00e0, la pace e la figura di Maria<\/strong>. Non \u00e8 casuale la scelta di questo giorno per parlare della\u00a0<strong>donna come icona della pace<\/strong>: in Maria, Madre di Dio, convergono la pienezza della femminilit\u00e0 e la sorgente della pace vera. Anche l&#8217;<strong>8 marzo, Festa della Donna<\/strong>, acquista un significato particolare alla luce delle esortazioni di Papa Francesco. Non si tratta pi\u00f9 solo una celebrazione della donna, ma diventa un invito pressante a<strong>\u00a0trasformare il nostro modo di vedere e interpretare il mondo<\/strong>, adottando quella prospettiva unica che appartiene alle madri.<\/p>\n<div class=\"link-article\">\n<p><img loading=\"lazy\" decoding=\"async\" class=\"size-full wp-image-21349 alignleft\" src=\"https:\/\/blog.holyart.it\/it\/wp-content\/uploads\/sites\/17\/2025\/02\/giornata-mondiale-della-pace.jpg\" alt=\"giornata mondiale della pace\" width=\"150\" height=\"99\" data-kale-share-title=\"Festa della Donna, \u201cicona della pace\u201d\" data-kale-share-url=\"https:\/\/blog.holyart.it\/it\/?p=21337\" \/><\/p>\n<div class=\"leggi-anche\">Leggi anche:<\/div>\n<p><strong><a href=\"https:\/\/www.holyart.it\/blog\/occasioni-speciali\/giornata-mondiale-della-pace-e-santissima-madre-di-dio-due-ricorrenze-nello-stesso-giorno\/\">Giornata mondiale della pace e Santissima Madre di Dio: due ricorrenze nello stesso giorno<\/a><\/strong><br \/>\nIn occasione della Giornata Mondiale della Pace, che si terr\u00e0 il&#8230;<\/p>\n<\/div>\n<p>Questo\u00a0<strong>sguardo materno<\/strong>\u00a0di cui parla il Papa non \u00e8 solo una metafora poetica, ma una concreta proposta di cambiamento nella nostra societ\u00e0. Gli occhi delle madri sono quelli che sanno\u00a0<strong>vedere oltre le apparenze, oltre i conflitti, oltre le divisioni<\/strong>. Sono occhi che hanno imparato a\u00a0<strong>riconoscere la vita in ogni sua forma, a proteggerla, a nutrirla<\/strong>. Sono occhi che hanno conosciuto il dolore del parto, ma anche la\u00a0<strong>gioia della creazione<\/strong>, che hanno vegliato notti intere sul sonno dei propri figli, che hanno pianto lacrime di preoccupazione e di gioia.<br \/>\nLo\u00a0<strong><em>&#8220;sguardo della pace&#8221;<\/em><\/strong>\u00a0di cui parla Francesco \u00e8 quello stesso sguardo che Maria ha posato sul mondo dai piedi della Croce: uno sguardo che,\u00a0<strong>pur nel dolore pi\u00f9 profondo, non si \u00e8 lasciato vincere dall&#8217;odio o dal desiderio di vendetta<\/strong>. \u00c8 lo sguardo di chi sa che\u00a0<strong>la vita \u00e8 pi\u00f9 forte della morte, che l&#8217;amore \u00e8 pi\u00f9 potente dell&#8217;odio, che la pace \u00e8 possibile anche quando tutto sembra parlare di guerra.<\/strong><br \/>\nIn questa prospettiva, l&#8217;<a href=\"https:\/\/www.holyart.it\/it\/search?params=%7B%22search%22%3A%22FESTA%20DELLA%20DONNA%22%7D&amp;search=FESTA+DELLA+DONNA\"><strong>8 marzo<\/strong><\/a>, Festa della Donna, diventa non solo un giorno di celebrazione, ma un momento di profonda riflessione sul contributo insostituibile che le donne, con il loro sguardo materno, possono offrire alla\u00a0<strong>costruzione della pace<\/strong>. \u00c8 un invito a riconoscere che la pace non \u00e8 semplicemente l&#8217;assenza di conflitto, ma \u00e8 quella capacit\u00e0 tutta femminile di tessere relazioni, di ricucire strappi, di generare vita anche l\u00e0 dove sembrava impossibile.<br \/>\nLa Giornata internazionale della donna si trasforma cos\u00ec in un&#8217;occasione per ricordare al mondo che la via della pace passa necessariamente attraverso quella\u00a0<strong>sapienza femminile<\/strong>\u00a0che sa guardare oltre i confini, oltre le barriere, oltre le differenze. Questo \u00e8 il dono particolare che le donne offrono al mondo: la capacit\u00e0 di\u00a0<strong>guardare la realt\u00e0 con occhi di madre<\/strong>, occhi che sanno riconoscere in ogni persona un figlio da amare, proteggere e guidare verso la pienezza della vita. \u00c8 questo sguardo materno che pu\u00f2<strong>\u00a0trasformare i luoghi di conflitto in spazi di incontro, le situazioni di tensione in opportunit\u00e0 di dialogo, le ferite in occasioni di guarigione.<\/strong><\/p>\n<div class=\"link-product\">\n<div class=\"blocco-immagine\"><img loading=\"lazy\" decoding=\"async\" class=\"size-full wp-image-21356 alignleft\" src=\"https:\/\/blog.holyart.it\/it\/wp-content\/uploads\/sites\/17\/2025\/02\/quadro-madonna-bambino-bilaminato-retro-legno-pregiato-14x10-cm1.jpg\" alt=\"quadro madonna bambino bilaminato retro legno pregiato 14x10 cm\" width=\"100\" height=\"100\" data-kale-share-title=\"Festa della Donna, \u201cicona della pace\u201d\" data-kale-share-url=\"https:\/\/blog.holyart.it\/it\/?p=21337\" \/><\/div>\n<div class=\"blocco-contenuto\">\n<div class=\"blocco-acquista\">Acquista su Holyart:<\/div>\n<div class=\"blocco-titolo\"><a href=\"https:\/\/www.holyart.it\/it\/search?params=%7B%22search%22%3A%22FESTA%20DELLA%20DONNA%22%7D&amp;search=FESTA+DELLA+DONNA\">Festa della Donna<\/a><\/div>\n<div class=\"blocco-descrizione\"><\/div>\n<\/div>\n<\/div>\n<p>Ancora, la pace non \u00e8 semplicemente l&#8217;assenza di conflitto, ma \u00e8 una\u00a0<strong>forza generatrice<\/strong>\u00a0che, come la donna, ha il potere di creare, nutrire e rinnovare. \u00c8 quell&#8217;<strong>abbraccio che include<\/strong>, quel gesto di apertura che non conosce discriminazioni. \u00c8 la capacit\u00e0 di\u00a0<strong>vedere oltre le differenze<\/strong>, di tessere relazioni che superano i confini dell&#8217;individualismo.\u00a0Le donne portano nel mondo il sogno dell&#8217;amore non come un&#8217;utopia distante, ma come una realt\u00e0 tangibile che si manifesta nei\u00a0<strong>gesti quotidiani<\/strong>. \u00c8 nella loro<strong>\u00a0capacit\u00e0 di mediazione<\/strong>, nella loro intelligenza emotiva, nella loro abilit\u00e0 di costruire ponti laddove altri vedono solo muri, che risiede la chiave per un futuro di pace. La loro forza non sta nella capacit\u00e0 di dominare, ma in quella di\u00a0<strong>unire, di comprendere, di guarire.<\/strong><\/p>\n<p>Ma riconoscere questo ruolo fondamentale della donna non basta. Come sottolinea Papa Francesco, occorre\u00a0<strong><em>&#8220;dare spazio alla donna&#8221;<\/em><\/strong>. Questo significa\u00a0<strong>ripensare profondamente le strutture sociali, politiche ed economiche<\/strong>\u00a0che ancora oggi limitano il loro potenziale di portatrici di pace. Significa ascoltare le loro voci, valorizzare il loro contributo, permettere loro di essere protagoniste nel processo di costruzione di un mondo pi\u00f9 giusto e pacifico.<\/p>\n<h2>La donna come simbolo di pace<\/h2>\n<p>La pace, come la donna, ha la capacit\u00e0 di\u00a0<strong>rinascere continuamente<\/strong>. \u00c8 un processo continuo di creazione e rinnovamento, proprio come il ciclo della vita che le donne custodiscono nel loro essere. In un mondo ancora troppo spesso dominato dalla logica della forza e del conflitto, la prospettiva femminile offre una via alternativa: quella della<strong>\u00a0comprensione reciproca, della cura, della costruzione paziente di relazioni autentiche<\/strong>. Il futuro di pace che sogniamo non potr\u00e0 realizzarsi senza riconoscere e valorizzare pienamente questo dono prezioso che \u00e8 la natura femminile. Come la donna fu creata vicino al cuore dell&#8217;uomo, cos\u00ec la pace vera pu\u00f2 nascere solo da un<strong>\u00a0ritorno al cuore<\/strong>, alla capacit\u00e0 di sognare e di amare che le donne, da sempre, incarnano e proteggono.<br \/>\nIn questo tempo di grandi sfide e trasformazioni, la riflessione di <a href=\"https:\/\/www.holyart.it\/it\/occasioni-speciali\/papa-francesco\"><strong>Papa Francesco<\/strong><\/a> ci invita a guardare con occhi nuovi al ruolo della donna come\u00a0<strong>icona della pace<\/strong>. Non si tratta solo di riconoscere un fatto storico o biologico, ma di abbracciare una visione del futuro in cui la sensibilit\u00e0 femminile diventa guida e ispirazione per costruire un mondo finalmente riconciliato con se stesso.<\/p>\n<div class=\"link-product\">\n<div class=\"blocco-immagine\"><img loading=\"lazy\" decoding=\"async\" class=\"size-full wp-image-21357 alignleft\" src=\"https:\/\/blog.holyart.it\/it\/wp-content\/uploads\/sites\/17\/2025\/02\/croce-pettorale-buon-pastore-metallo-10x7-cm.jpg\" alt=\"croce pettorale buon pastore metallo 10x7 cm\" width=\"100\" height=\"100\" data-kale-share-title=\"Festa della Donna, \u201cicona della pace\u201d\" data-kale-share-url=\"https:\/\/blog.holyart.it\/it\/?p=21337\" \/><\/div>\n<div class=\"blocco-contenuto\">\n<div class=\"blocco-acquista\">Acquista su Holyart:<\/div>\n<div class=\"blocco-titolo\"><a href=\"https:\/\/www.holyart.it\/it\/occasioni-speciali\/papa-francesco\">Papa Francesco<\/a><\/div>\n<div class=\"blocco-descrizione\">Categoria dedicata a Papa Jorge Mario Bergoglio.<\/div>\n<\/div>\n<\/div>\n<h2>Papa Francesco e la figura della donna<\/h2>\n<p><em>&#8220;Chi ferisce una sola donna profana Dio, nato da donna.&#8221;\u00a0<\/em>In questa dichiarazione di Papa Francesco risuona una verit\u00e0 tanto profonda quanto rivoluzionaria. Non si tratta solo di un richiamo morale o di un&#8217;esortazione etica, ma del\u00a0<strong>riconoscimento di un legame sacro e indissolubile tra il divino e il femminile<\/strong>. Attraverso la scelta di nascere da una donna, Dio ha elevato la dignit\u00e0 femminile a un livello che trascende ogni dimensione puramente umana, rendendo ogni violenza contro una donna non solo un crimine contro l&#8217;umanit\u00e0, ma una\u00a0<strong>profanazione del sacro stesso<\/strong>.<br \/>\nQuesto legame tra la divinit\u00e0 e il femminile, incarnato nell&#8217;evento dell&#8217;<a href=\"https:\/\/www.holyart.it\/blog\/articoli-religiosi\/dogmi-mariani-e-la-loro-importanza-per-la-fede\/\"><strong>Incarnazione attraverso Maria,<\/strong><\/a> stabilisce un principio fondamentale: il rispetto per la donna non \u00e8 negoziabile, non \u00e8 condizionale, non \u00e8 soggetto a interpretazioni culturali o sociali.<\/p>\n<div class=\"link-article\">\n<p><img loading=\"lazy\" decoding=\"async\" class=\"size-full wp-image-21358 alignleft\" src=\"https:\/\/blog.holyart.it\/it\/wp-content\/uploads\/sites\/17\/2025\/02\/dogmi-mariani.jpg\" alt=\"dogmi mariani\" width=\"150\" height=\"99\" data-kale-share-title=\"Festa della Donna, \u201cicona della pace\u201d\" data-kale-share-url=\"https:\/\/blog.holyart.it\/it\/?p=21337\" \/><\/p>\n<div class=\"leggi-anche\">Leggi anche:<\/div>\n<p><strong><a href=\"https:\/\/www.holyart.it\/blog\/articoli-religiosi\/dogmi-mariani-e-la-loro-importanza-per-la-fede\/\">Dogmi mariani e la loro importanza per la fede<\/a><\/strong><br \/>\nMaria, Madre di Dio, Perpetua verginit\u00e0 di Maria, Immacolata concezione, Assunzione di Maria al Cielo&#8230;<\/p>\n<\/div>\n<p>Nella data cos\u00ec significativa del 1\u00b0 gennaio 2024,\u00a0<strong><a href=\"https:\/\/www.holyart.it\/blog\/santi-e-beati\/1-gennaio-maria-santissima-madre-dio\">Festa di Maria Santissima Madre di Dio<\/a><\/strong>, il Santo Padre ha voluto richiamare l&#8217;attenzione del mondo su una verit\u00e0 fondamentale: la figura di Maria come<strong>\u00a0archetipo femminile per eccellenza<\/strong>, una donna che nella sua straordinaria umilt\u00e0 incarna il paradosso divino della\u00a0<strong>grandezza che si manifesta nella semplicit\u00e0<\/strong>. Una madre tra tante, eppure unica nella storia dell&#8217;umanit\u00e0, il cui &#8220;s\u00ec&#8221; ha cambiato il corso della storia.\u00a0Papa Francesco indica Maria Vergine come modello supremo di una\u00a0<strong>femminilit\u00e0 che trasforma e rinnova<\/strong>. La figura di Maria rappresenta non solo un ideale spirituale, ma una via concreta per la Chiesa che\u00a0<strong><em>&#8220;ha bisogno di riscoprire un volto femminile&#8221;<\/em><\/strong>. Questo richiamo non \u00e8 un semplice appello alla tradizione, ma una profonda comprensione della necessit\u00e0 di rinnovamento attraverso quei valori incarnati in modo unico dalla figura mariana:<strong>\u00a0l&#8217;accoglienza incondizionata, l&#8217;ascolto profondo, la capacit\u00e0 di custodire e meditare nel cuore.<\/strong><\/p>\n<div class=\"link-article\">\n<p><img loading=\"lazy\" decoding=\"async\" class=\"size-full wp-image-21359 alignleft\" src=\"https:\/\/blog.holyart.it\/it\/wp-content\/uploads\/sites\/17\/2025\/02\/maria-santissima-madre-di-dio.jpg\" alt=\"maria santissima madre di dio\" width=\"150\" height=\"99\" data-kale-share-title=\"Festa della Donna, \u201cicona della pace\u201d\" data-kale-share-url=\"https:\/\/blog.holyart.it\/it\/?p=21337\" \/><\/p>\n<div class=\"leggi-anche\">Leggi anche:<\/div>\n<p><strong><a href=\"https:\/\/www.holyart.it\/blog\/santi-e-beati\/1-gennaio-maria-santissima-madre-dio\/\">1 Gennaio Maria Santissima Madre di Dio<\/a><\/strong><br \/>\nl 1\u00b0 gennaio \u00e8 stato il giorno dedicato a Maria Vergine, la Santissima Madre di Dio&#8230;<\/p>\n<\/div>\n<p>Pensiamo all&#8217;iconografia della\u00a0<a href=\"https:\/\/www.holyart.it\/blog\/articoli-religiosi\/maria-lactans-o-madonna-del-latte-dio-si-fa-uomo-nel-segno-della-donna\/\"><strong>Madonna del Latte<\/strong><\/a>: attraverso il gesto intimo e quotidiano dell&#8217;allattamento, si manifesta il mistero dell&#8217;Incarnazione nella sua forma pi\u00f9 umana e al tempo stesso pi\u00f9 sacra. In questa immagine, il divino sceglie di farsi carne non solo attraverso il corpo di una donna, ma nel segno pi\u00f9 potente della maternit\u00e0 &#8211; il nutrimento dal seno materno. Il latte di Maria diventa cos\u00ec si<strong>mbolo del punto d&#8217;incontro tra cielo e terra<\/strong>: Dio, che si fa completamente dipendente da una madre umana, accetta di ricevere la vita attraverso il suo latte, santificando cos\u00ec ogni aspetto della condizione umana. Questa rappresentazione si carica di un significato rivoluzionario: il divino non solo si incarna, ma sceglie di farlo\u00a0<strong>attraverso la mediazione femminile<\/strong>, elevando la maternit\u00e0 a segno visibile della nuova alleanza tra Dio e l&#8217;umanit\u00e0.<\/p>\n<div class=\"link-article\">\n<p><img loading=\"lazy\" decoding=\"async\" class=\"size-full wp-image-21360 alignleft\" src=\"https:\/\/blog.holyart.it\/it\/wp-content\/uploads\/sites\/17\/2025\/02\/madonna-del-latte.jpg\" alt=\"madonna del latte\" width=\"150\" height=\"99\" data-kale-share-title=\"Festa della Donna, \u201cicona della pace\u201d\" data-kale-share-url=\"https:\/\/blog.holyart.it\/it\/?p=21337\" \/><\/p>\n<div class=\"leggi-anche\">Leggi anche:<\/div>\n<p><strong><a href=\"https:\/\/www.holyart.it\/blog\/articoli-religiosi\/maria-lactans-o-madonna-del-latte-dio-si-fa-uomo-nel-segno-della-donna\/\">Maria Lactans o Madonna del latte: Dio si fa uomo nel segno della donna<\/a><\/strong><br \/>\nLa Madonna del Latte \u00e8 un\u2019iconografia antica e potente che racchiude&#8230;<\/p>\n<\/div>\n<p>Quando il Papa esorta a\u00a0<em>&#8220;fare spazio alle donne&#8221;<\/em>, riecheggia il &#8220;s\u00ec&#8221; di Maria, quel consenso che ha aperto le porte alla pi\u00f9 grande trasformazione della storia umana. \u00c8 un invito alla Chiesa e al mondo intero a riconoscere che la via d&#8217;uscita dalle\u00a0<em>&#8220;spirali della violenza e dell&#8217;odio&#8221;<\/em>\u00a0passa necessariamente attraverso l&#8217;accoglienza del genio femminile, proprio come\u00a0<strong>la salvezza \u00e8 passata attraverso il grembo di una donna<\/strong>.<br \/>\nGuardare alle madri e alle donne per trovare la pace significa riconoscere in loro quella stessa capacit\u00e0 mariana di\u00a0<strong>stare ai piedi della Croce senza perdere la speranza<\/strong>, di trasformare il dolore in amore, di vedere oltre il presente verso un futuro di riconciliazione.<\/p>\n<p>La Chiesa, riscoprendo il suo volto femminile sul modello di Maria, pu\u00f2 diventare pi\u00f9 autenticamente madre e maestra di pace, capace di quella tenerezza che non \u00e8 debolezza, ma<strong>\u00a0forza trasformativa<\/strong>, di quell&#8217;accoglienza che non \u00e8 passivit\u00e0, ma\u00a0<strong>spazio attivo di crescita e rinnovamento<\/strong>.<br \/>\n\u00c8 questo il cammino che siamo chiamati a percorrere: riconoscere nelle donne, come in Maria, non solo portatrici di vita ma maestre di quella pace che nasce dalla capacit\u00e0 di\u00a0<em>&#8220;conservare tutte queste cose nel cuore&#8221;<\/em>, di trasformare le ferite in feritoie di luce, di vedere oltre il presente verso un futuro di speranza e riconciliazione.<\/p>\n","protected":false},"excerpt":{"rendered":"<p>In occasione della Festa della Donna riflettiamo sul legame indissolubile tra la femminilit\u00e0, la pace e la figura di Maria, guidati dalle riflessioni di Papa Francesco Nel silenzio della creazione, mentre l&#8217;uomo dormiva immerso nei suoi sogni primordiali, \u00e8 nata la donna. Non \u00e8 stato&hellip;<\/p>\n","protected":false},"author":1,"featured_media":21364,"comment_status":"closed","ping_status":"open","sticky":false,"template":"","format":"standard","meta":{"_acf_changed":false,"footnotes":""},"categories":[20],"tags":[],"class_list":["post-21337","post","type-post","status-publish","format-standard","has-post-thumbnail","hentry","category-occasioni-speciali"],"acf":[],"yoast_head":"<!-- This site is optimized with the Yoast SEO plugin v26.6 - https:\/\/yoast.com\/wordpress\/plugins\/seo\/ -->\n<title>Festa della Donna, \u201cicona della pace\u201d - Holyblog<\/title>\n<meta name=\"description\" content=\"Le donne sono da sempre portatrici naturali di pace. Nel giorno della Festa della Donna ricordiamo Maria, simbolo di femminilit\u00e0 e pace\" \/>\n<meta name=\"robots\" content=\"index, follow, max-snippet:-1, max-image-preview:large, max-video-preview:-1\" \/>\n<link rel=\"canonical\" href=\"https:\/\/blog.holyart.it\/it\/occasioni-speciali\/festa-della-donna-icona-della-pace\/\" \/>\n<meta property=\"og:locale\" content=\"it_IT\" \/>\n<meta property=\"og:type\" content=\"article\" \/>\n<meta property=\"og:title\" content=\"Festa della Donna, \u201cicona della pace\u201d - Holyblog\" \/>\n<meta property=\"og:description\" content=\"Le donne sono da sempre portatrici naturali di pace. Nel giorno della Festa della Donna ricordiamo Maria, simbolo di femminilit\u00e0 e pace\" \/>\n<meta property=\"og:url\" content=\"https:\/\/blog.holyart.it\/it\/occasioni-speciali\/festa-della-donna-icona-della-pace\/\" \/>\n<meta property=\"og:site_name\" content=\"Holyblog\" \/>\n<meta property=\"article:published_time\" content=\"2025-03-03T09:00:59+00:00\" \/>\n<meta property=\"article:modified_time\" content=\"2026-02-27T08:37:04+00:00\" \/>\n<meta property=\"og:image\" content=\"https:\/\/blog.holyart.it\/it\/wp-content\/uploads\/sites\/17\/2025\/02\/festa-della-donna.jpg\" \/>\n\t<meta property=\"og:image:width\" content=\"1000\" \/>\n\t<meta property=\"og:image:height\" content=\"666\" \/>\n\t<meta property=\"og:image:type\" content=\"image\/jpeg\" \/>\n<meta name=\"author\" content=\"Redazione\" \/>\n<meta name=\"twitter:card\" content=\"summary_large_image\" \/>\n<meta name=\"twitter:label1\" content=\"Scritto da\" \/>\n\t<meta name=\"twitter:data1\" content=\"Redazione\" \/>\n\t<meta name=\"twitter:label2\" content=\"Tempo di lettura stimato\" \/>\n\t<meta name=\"twitter:data2\" content=\"11 minuti\" \/>\n<script type=\"application\/ld+json\" class=\"yoast-schema-graph\">{\"@context\":\"https:\/\/schema.org\",\"@graph\":[{\"@type\":\"Article\",\"@id\":\"https:\/\/blog.holyart.it\/it\/occasioni-speciali\/festa-della-donna-icona-della-pace\/#article\",\"isPartOf\":{\"@id\":\"https:\/\/blog.holyart.it\/it\/occasioni-speciali\/festa-della-donna-icona-della-pace\/\"},\"author\":{\"name\":\"Redazione\",\"@id\":\"https:\/\/blog.holyart.it\/it\/#\/schema\/person\/0a7b686e5af0f856ec1e390dd0baecda\"},\"headline\":\"Festa della Donna, \u201cicona della pace\u201d\",\"datePublished\":\"2025-03-03T09:00:59+00:00\",\"dateModified\":\"2026-02-27T08:37:04+00:00\",\"mainEntityOfPage\":{\"@id\":\"https:\/\/blog.holyart.it\/it\/occasioni-speciali\/festa-della-donna-icona-della-pace\/\"},\"wordCount\":1753,\"publisher\":{\"@id\":\"https:\/\/blog.holyart.it\/it\/#organization\"},\"image\":{\"@id\":\"https:\/\/blog.holyart.it\/it\/occasioni-speciali\/festa-della-donna-icona-della-pace\/#primaryimage\"},\"thumbnailUrl\":\"https:\/\/blog.holyart.it\/it\/wp-content\/uploads\/sites\/17\/2025\/02\/festa-della-donna.jpg\",\"articleSection\":[\"Occasioni speciali\"],\"inLanguage\":\"it-IT\"},{\"@type\":\"WebPage\",\"@id\":\"https:\/\/blog.holyart.it\/it\/occasioni-speciali\/festa-della-donna-icona-della-pace\/\",\"url\":\"https:\/\/blog.holyart.it\/it\/occasioni-speciali\/festa-della-donna-icona-della-pace\/\",\"name\":\"Festa della Donna, \u201cicona della pace\u201d - Holyblog\",\"isPartOf\":{\"@id\":\"https:\/\/blog.holyart.it\/it\/#website\"},\"primaryImageOfPage\":{\"@id\":\"https:\/\/blog.holyart.it\/it\/occasioni-speciali\/festa-della-donna-icona-della-pace\/#primaryimage\"},\"image\":{\"@id\":\"https:\/\/blog.holyart.it\/it\/occasioni-speciali\/festa-della-donna-icona-della-pace\/#primaryimage\"},\"thumbnailUrl\":\"https:\/\/blog.holyart.it\/it\/wp-content\/uploads\/sites\/17\/2025\/02\/festa-della-donna.jpg\",\"datePublished\":\"2025-03-03T09:00:59+00:00\",\"dateModified\":\"2026-02-27T08:37:04+00:00\",\"description\":\"Le donne sono da sempre portatrici naturali di pace. Nel giorno della Festa della Donna ricordiamo Maria, simbolo di femminilit\u00e0 e pace\",\"breadcrumb\":{\"@id\":\"https:\/\/blog.holyart.it\/it\/occasioni-speciali\/festa-della-donna-icona-della-pace\/#breadcrumb\"},\"inLanguage\":\"it-IT\",\"potentialAction\":[{\"@type\":\"ReadAction\",\"target\":[\"https:\/\/blog.holyart.it\/it\/occasioni-speciali\/festa-della-donna-icona-della-pace\/\"]}]},{\"@type\":\"ImageObject\",\"inLanguage\":\"it-IT\",\"@id\":\"https:\/\/blog.holyart.it\/it\/occasioni-speciali\/festa-della-donna-icona-della-pace\/#primaryimage\",\"url\":\"https:\/\/blog.holyart.it\/it\/wp-content\/uploads\/sites\/17\/2025\/02\/festa-della-donna.jpg\",\"contentUrl\":\"https:\/\/blog.holyart.it\/it\/wp-content\/uploads\/sites\/17\/2025\/02\/festa-della-donna.jpg\",\"width\":1000,\"height\":666,\"caption\":\"festa della donna\"},{\"@type\":\"BreadcrumbList\",\"@id\":\"https:\/\/blog.holyart.it\/it\/occasioni-speciali\/festa-della-donna-icona-della-pace\/#breadcrumb\",\"itemListElement\":[{\"@type\":\"ListItem\",\"position\":1,\"name\":\"Homepage\",\"item\":\"https:\/\/blog.holyart.it\/it\/\"},{\"@type\":\"ListItem\",\"position\":2,\"name\":\"Occasioni speciali\",\"item\":\"https:\/\/blog.holyart.it\/it\/occasioni-speciali\/\"},{\"@type\":\"ListItem\",\"position\":3,\"name\":\"Festa della Donna, \u201cicona della pace\u201d\"}]},{\"@type\":\"WebSite\",\"@id\":\"https:\/\/blog.holyart.it\/it\/#website\",\"url\":\"https:\/\/blog.holyart.it\/it\/\",\"name\":\"Holyblog\",\"description\":\"Il Blog di Holyart.it\",\"publisher\":{\"@id\":\"https:\/\/blog.holyart.it\/it\/#organization\"},\"potentialAction\":[{\"@type\":\"SearchAction\",\"target\":{\"@type\":\"EntryPoint\",\"urlTemplate\":\"https:\/\/blog.holyart.it\/it\/?s={search_term_string}\"},\"query-input\":{\"@type\":\"PropertyValueSpecification\",\"valueRequired\":true,\"valueName\":\"search_term_string\"}}],\"inLanguage\":\"it-IT\"},{\"@type\":\"Organization\",\"@id\":\"https:\/\/blog.holyart.it\/it\/#organization\",\"name\":\"Holyblog\",\"url\":\"https:\/\/blog.holyart.it\/it\/\",\"logo\":{\"@type\":\"ImageObject\",\"inLanguage\":\"it-IT\",\"@id\":\"https:\/\/blog.holyart.it\/it\/#\/schema\/logo\/image\/\",\"url\":\"https:\/\/blog.holyart.it\/it\/wp-content\/uploads\/sites\/17\/2022\/12\/Holyart_Blog_Logo.jpg\",\"contentUrl\":\"https:\/\/blog.holyart.it\/it\/wp-content\/uploads\/sites\/17\/2022\/12\/Holyart_Blog_Logo.jpg\",\"width\":300,\"height\":50,\"caption\":\"Holyblog\"},\"image\":{\"@id\":\"https:\/\/blog.holyart.it\/it\/#\/schema\/logo\/image\/\"}},{\"@type\":\"Person\",\"@id\":\"https:\/\/blog.holyart.it\/it\/#\/schema\/person\/0a7b686e5af0f856ec1e390dd0baecda\",\"name\":\"Redazione\"}]}<\/script>\n<!-- \/ Yoast SEO plugin. -->","yoast_head_json":{"title":"Festa della Donna, \u201cicona della pace\u201d - Holyblog","description":"Le donne sono da sempre portatrici naturali di pace. Nel giorno della Festa della Donna ricordiamo Maria, simbolo di femminilit\u00e0 e pace","robots":{"index":"index","follow":"follow","max-snippet":"max-snippet:-1","max-image-preview":"max-image-preview:large","max-video-preview":"max-video-preview:-1"},"canonical":"https:\/\/blog.holyart.it\/it\/occasioni-speciali\/festa-della-donna-icona-della-pace\/","og_locale":"it_IT","og_type":"article","og_title":"Festa della Donna, \u201cicona della pace\u201d - Holyblog","og_description":"Le donne sono da sempre portatrici naturali di pace. Nel giorno della Festa della Donna ricordiamo Maria, simbolo di femminilit\u00e0 e pace","og_url":"https:\/\/blog.holyart.it\/it\/occasioni-speciali\/festa-della-donna-icona-della-pace\/","og_site_name":"Holyblog","article_published_time":"2025-03-03T09:00:59+00:00","article_modified_time":"2026-02-27T08:37:04+00:00","og_image":[{"width":1000,"height":666,"url":"https:\/\/blog.holyart.it\/it\/wp-content\/uploads\/sites\/17\/2025\/02\/festa-della-donna.jpg","type":"image\/jpeg"}],"author":"Redazione","twitter_card":"summary_large_image","twitter_misc":{"Scritto da":"Redazione","Tempo di lettura stimato":"11 minuti"},"schema":{"@context":"https:\/\/schema.org","@graph":[{"@type":"Article","@id":"https:\/\/blog.holyart.it\/it\/occasioni-speciali\/festa-della-donna-icona-della-pace\/#article","isPartOf":{"@id":"https:\/\/blog.holyart.it\/it\/occasioni-speciali\/festa-della-donna-icona-della-pace\/"},"author":{"name":"Redazione","@id":"https:\/\/blog.holyart.it\/it\/#\/schema\/person\/0a7b686e5af0f856ec1e390dd0baecda"},"headline":"Festa della Donna, \u201cicona della pace\u201d","datePublished":"2025-03-03T09:00:59+00:00","dateModified":"2026-02-27T08:37:04+00:00","mainEntityOfPage":{"@id":"https:\/\/blog.holyart.it\/it\/occasioni-speciali\/festa-della-donna-icona-della-pace\/"},"wordCount":1753,"publisher":{"@id":"https:\/\/blog.holyart.it\/it\/#organization"},"image":{"@id":"https:\/\/blog.holyart.it\/it\/occasioni-speciali\/festa-della-donna-icona-della-pace\/#primaryimage"},"thumbnailUrl":"https:\/\/blog.holyart.it\/it\/wp-content\/uploads\/sites\/17\/2025\/02\/festa-della-donna.jpg","articleSection":["Occasioni speciali"],"inLanguage":"it-IT"},{"@type":"WebPage","@id":"https:\/\/blog.holyart.it\/it\/occasioni-speciali\/festa-della-donna-icona-della-pace\/","url":"https:\/\/blog.holyart.it\/it\/occasioni-speciali\/festa-della-donna-icona-della-pace\/","name":"Festa della Donna, \u201cicona della pace\u201d - Holyblog","isPartOf":{"@id":"https:\/\/blog.holyart.it\/it\/#website"},"primaryImageOfPage":{"@id":"https:\/\/blog.holyart.it\/it\/occasioni-speciali\/festa-della-donna-icona-della-pace\/#primaryimage"},"image":{"@id":"https:\/\/blog.holyart.it\/it\/occasioni-speciali\/festa-della-donna-icona-della-pace\/#primaryimage"},"thumbnailUrl":"https:\/\/blog.holyart.it\/it\/wp-content\/uploads\/sites\/17\/2025\/02\/festa-della-donna.jpg","datePublished":"2025-03-03T09:00:59+00:00","dateModified":"2026-02-27T08:37:04+00:00","description":"Le donne sono da sempre portatrici naturali di pace. Nel giorno della Festa della Donna ricordiamo Maria, simbolo di femminilit\u00e0 e pace","breadcrumb":{"@id":"https:\/\/blog.holyart.it\/it\/occasioni-speciali\/festa-della-donna-icona-della-pace\/#breadcrumb"},"inLanguage":"it-IT","potentialAction":[{"@type":"ReadAction","target":["https:\/\/blog.holyart.it\/it\/occasioni-speciali\/festa-della-donna-icona-della-pace\/"]}]},{"@type":"ImageObject","inLanguage":"it-IT","@id":"https:\/\/blog.holyart.it\/it\/occasioni-speciali\/festa-della-donna-icona-della-pace\/#primaryimage","url":"https:\/\/blog.holyart.it\/it\/wp-content\/uploads\/sites\/17\/2025\/02\/festa-della-donna.jpg","contentUrl":"https:\/\/blog.holyart.it\/it\/wp-content\/uploads\/sites\/17\/2025\/02\/festa-della-donna.jpg","width":1000,"height":666,"caption":"festa della donna"},{"@type":"BreadcrumbList","@id":"https:\/\/blog.holyart.it\/it\/occasioni-speciali\/festa-della-donna-icona-della-pace\/#breadcrumb","itemListElement":[{"@type":"ListItem","position":1,"name":"Homepage","item":"https:\/\/blog.holyart.it\/it\/"},{"@type":"ListItem","position":2,"name":"Occasioni speciali","item":"https:\/\/blog.holyart.it\/it\/occasioni-speciali\/"},{"@type":"ListItem","position":3,"name":"Festa della Donna, \u201cicona della pace\u201d"}]},{"@type":"WebSite","@id":"https:\/\/blog.holyart.it\/it\/#website","url":"https:\/\/blog.holyart.it\/it\/","name":"Holyblog","description":"Il Blog di Holyart.it","publisher":{"@id":"https:\/\/blog.holyart.it\/it\/#organization"},"potentialAction":[{"@type":"SearchAction","target":{"@type":"EntryPoint","urlTemplate":"https:\/\/blog.holyart.it\/it\/?s={search_term_string}"},"query-input":{"@type":"PropertyValueSpecification","valueRequired":true,"valueName":"search_term_string"}}],"inLanguage":"it-IT"},{"@type":"Organization","@id":"https:\/\/blog.holyart.it\/it\/#organization","name":"Holyblog","url":"https:\/\/blog.holyart.it\/it\/","logo":{"@type":"ImageObject","inLanguage":"it-IT","@id":"https:\/\/blog.holyart.it\/it\/#\/schema\/logo\/image\/","url":"https:\/\/blog.holyart.it\/it\/wp-content\/uploads\/sites\/17\/2022\/12\/Holyart_Blog_Logo.jpg","contentUrl":"https:\/\/blog.holyart.it\/it\/wp-content\/uploads\/sites\/17\/2022\/12\/Holyart_Blog_Logo.jpg","width":300,"height":50,"caption":"Holyblog"},"image":{"@id":"https:\/\/blog.holyart.it\/it\/#\/schema\/logo\/image\/"}},{"@type":"Person","@id":"https:\/\/blog.holyart.it\/it\/#\/schema\/person\/0a7b686e5af0f856ec1e390dd0baecda","name":"Redazione"}]}},"_links":{"self":[{"href":"https:\/\/blog.holyart.it\/it\/wp-json\/wp\/v2\/posts\/21337","targetHints":{"allow":["GET"]}}],"collection":[{"href":"https:\/\/blog.holyart.it\/it\/wp-json\/wp\/v2\/posts"}],"about":[{"href":"https:\/\/blog.holyart.it\/it\/wp-json\/wp\/v2\/types\/post"}],"author":[{"embeddable":true,"href":"https:\/\/blog.holyart.it\/it\/wp-json\/wp\/v2\/users\/1"}],"replies":[{"embeddable":true,"href":"https:\/\/blog.holyart.it\/it\/wp-json\/wp\/v2\/comments?post=21337"}],"version-history":[{"count":6,"href":"https:\/\/blog.holyart.it\/it\/wp-json\/wp\/v2\/posts\/21337\/revisions"}],"predecessor-version":[{"id":21365,"href":"https:\/\/blog.holyart.it\/it\/wp-json\/wp\/v2\/posts\/21337\/revisions\/21365"}],"wp:featuredmedia":[{"embeddable":true,"href":"https:\/\/blog.holyart.it\/it\/wp-json\/wp\/v2\/media\/21364"}],"wp:attachment":[{"href":"https:\/\/blog.holyart.it\/it\/wp-json\/wp\/v2\/media?parent=21337"}],"wp:term":[{"taxonomy":"category","embeddable":true,"href":"https:\/\/blog.holyart.it\/it\/wp-json\/wp\/v2\/categories?post=21337"},{"taxonomy":"post_tag","embeddable":true,"href":"https:\/\/blog.holyart.it\/it\/wp-json\/wp\/v2\/tags?post=21337"}],"curies":[{"name":"wp","href":"https:\/\/api.w.org\/{rel}","templated":true}]}}