{"id":21278,"date":"2025-02-05T10:00:44","date_gmt":"2025-02-05T09:00:44","guid":{"rendered":"https:\/\/blog.holyart.it\/it\/?p=21278"},"modified":"2025-02-26T11:02:07","modified_gmt":"2025-02-26T10:02:07","slug":"luce-friends-la-mascotte-del-giubileo-e-i-suoi-amici","status":"publish","type":"post","link":"https:\/\/blog.holyart.it\/it\/giubileo-2025\/luce-friends-la-mascotte-del-giubileo-e-i-suoi-amici\/","title":{"rendered":"Luce &#038; Friends: la mascotte del Giubileo e i suoi amici"},"content":{"rendered":"<h4>Luce, mascotte del Giubileo 2025, non intraprende da sola il suo pellegrinaggio di fede e speranza: con lei tanti piccoli amici, che incarnano i valori e i propositi dell&#8217;Anno Santo<\/h4>\n\n<p>Nel cuore dell&#8217;Anno Santo 2025, la Chiesa Cattolica presenta una\u00a0<strong><a href=\"https:\/\/www.holyart.it\/blog\/giubileo-2025\/luce-la-mascotte-del-giubileo-2025-un-simbolo-per-tutti-i-pellegrini\/\">mascotte straordinaria<\/a><\/strong>\u00a0che incarna lo spirito del Giubileo:\u00a0<strong>Luce<\/strong>, accompagnata da un gruppo di amici speciali che rendono il suo viaggio ancora pi\u00f9 significativo. Questa famiglia di personaggi, creata con lo stile inconfondibile di\u00a0<a href=\"https:\/\/www.holyart.it\/blog\/giubileo-2025\/chi-e-simone-legno-il-designer-della-mascotte-del-giubileo-2025\/\"><strong>Simone Legno<\/strong><\/a>, ideatore del marchio\u00a0<strong><em>Tokidoki<\/em><\/strong>, trasforma il pellegrinaggio spirituale in una narrazione visiva ricca di simboli e significati profondi.<\/p>\n<div class=\"link-article\">\n<p><img loading=\"lazy\" decoding=\"async\" class=\"size-full wp-image-21280 alignleft\" src=\"https:\/\/blog.holyart.it\/it\/wp-content\/uploads\/sites\/17\/2025\/01\/lucemascottegiubileo2025_blog-2.jpg\" alt=\"luce mascotte giubileo 2025\" width=\"150\" height=\"99\" data-kale-share-title=\"Luce &amp; Friends: la mascotte del Giubileo e i suoi amici\" data-kale-share-url=\"https:\/\/blog.holyart.it\/it\/?p=21278\" \/><\/p>\n<div class=\"leggi-anche\">Leggi anche:<\/div>\n<p><strong><a href=\"https:\/\/www.holyart.it\/blog\/giubileo-2025\/luce-la-mascotte-del-giubileo-2025-un-simbolo-per-tutti-i-pellegrini\/\">Luce, la mascotte del Giubileo 2025: un simbolo per tutti i pellegrini<\/a><\/strong><br \/>\nConosciamo Luce, mascotte del Giubileo 2025, un personaggio che&#8230;<\/p>\n<\/div>\n<p>In occasione del debutto di Luce al\u00a0<strong>Lucca Comics &amp; Games 2024<\/strong>, la pi\u00f9 importante fiera italiana dedicata al fumetto e all\u2019illustrazione, e cui il Dicastero della Santa Sede ha partecipato per la prima volta, l&#8217;arcivescovo di Lucca Paolo Giulietti ha sottolineato come il progetto\u00a0<strong>Luce &amp; Friends<\/strong>\u00a0utilizzi simboli significativi come\u00a0<strong>vesti, bastoni da pellegrino e conchiglie\u00a0<\/strong>per trasmettere il\u00a0<strong>messaggio del Giubileo<\/strong>. La mascotte Luce, esposta a Lucca e molto apprezzata sui social, ha dimostrato la capacit\u00e0 della Chiesa di avvicinarsi ai giovani utilizzando i loro linguaggi. Tuttavia, l\u2019arcivescovo ha ribadito che il Giubileo non si limiter\u00e0 a questo, ma prevedr\u00e0 molte altre iniziative dedicate ai giovani.<\/p>\n<p>Luce &amp; Friends non \u00e8 dunque solo un progetto che mostra <a href=\"https:\/\/www.holyart.it\/it\/giubileo-2025-pellegrini-di-speranza\/luce-mascotte-ufficiale-del-giubileo-2025\/luce-mascotte-ufficiale-del-giubileo-2025-peluche-25-cm-tokidoki\"><strong>la piccola mascotte del Giubileo 2025<\/strong><\/a> con i suoi compagni, ma diventa un\u00a0<strong>potente strumento di comunicazione dei valori giubilari<\/strong>. Attraverso questi personaggi, il pellegrinaggio si trasforma in una narrazione accessibile a tutti, dove ogni elemento racconta l&#8217;importanza dell&#8217;aiuto reciproco, della preghiera e della speranza.\u00a0Il viaggio di Luce e dei suoi amici ci ricorda che il\u00a0<strong>cammino della fede<\/strong>, proprio come un pellegrinaggio, non \u00e8 mai un percorso solitario. \u00c8 un&#8217;<strong>esperienza di comunione<\/strong>\u00a0dove ogni passo, ogni incontro e ogni simbolo contribuisce a costruire un ponte tra il terreno e il divino, tra la tradizione e il rinnovamento, tra il passato e il futuro della Chiesa.<\/p>\n<div class=\"link-product\">\n<div class=\"blocco-immagine\"><img loading=\"lazy\" decoding=\"async\" class=\"size-full wp-image-21281 alignleft\" src=\"https:\/\/blog.holyart.it\/it\/wp-content\/uploads\/sites\/17\/2025\/01\/luce-mascotte-ufficiale-del-giubileo-2025-peluche-25-cm-3.jpg\" alt=\"luce mascotte ufficiale del giubileo 2025 peluche 25 cm\" width=\"100\" height=\"100\" data-kale-share-title=\"Luce &amp; Friends: la mascotte del Giubileo e i suoi amici\" data-kale-share-url=\"https:\/\/blog.holyart.it\/it\/?p=21278\" \/><\/div>\n<div class=\"blocco-contenuto\">\n<div class=\"blocco-acquista\">Acquista su Holyart:<\/div>\n<div class=\"blocco-titolo\"><a href=\"https:\/\/www.holyart.it\/it\/giubileo-2025-pellegrini-di-speranza\/luce-mascotte-ufficiale-del-giubileo-2025\/luce-mascotte-ufficiale-del-giubileo-2025-peluche-25-cm-tokidoki\">Luce mascotte ufficiale del Giubileo 2025 peluche 25 cm Tokidoki<\/a><\/div>\n<div class=\"blocco-descrizione\">Scopri Luce, la mascotte UFFICIALE del Giubileo 2025 Pellegrini di Speranza.<\/div>\n<\/div>\n<\/div>\n<p>Nel viaggio di Luce, ogni\u00a0<strong>oggetto\u00a0<\/strong>racconta una storia di fede. Il\u00a0<strong>bordone<\/strong>, il\u00a0<strong><a href=\"https:\/\/www.holyart.it\/blog\/articoli-religiosi\/santi-pellegrini-8-santi-protettori-dei-pellegrini-e-dei-viaggiatori\/\">tradizionale bastone del pellegrino<\/a><\/strong>, simboleggia il sostegno necessario durante il cammino arduo verso la meta spirituale. Le\u00a0<strong>scarpe sporche<\/strong>\u00a0dal colore verde raccontano l&#8217;umilt\u00e0 del viandante e la speranza che lo guida in ogni passo. Rimandano anche alla speranza, e al messaggio scritto appunto in verde nel logo del Giubileo:\u00a0<strong><a href=\"https:\/\/www.holyart.it\/blog\/articoli-religiosi\/il-significato-del-logo-del-giubileo-2025-pellegrini-di-speranza\/\">Pellegrini di Speranza<\/a><\/strong>. Il\u00a0<strong>Rosario\u00a0<\/strong>rappresenta il dialogo costante con Dio attraverso la preghiera.<\/p>\n<p>Ma accanto alla piccola pellegrina dai capelli azzurri e gli occhi brillanti troviamo altri personaggi significativi. Conosciamoli.<\/p>\n<div class=\"link-article\">\n<p><img loading=\"lazy\" decoding=\"async\" class=\"size-full wp-image-21282 alignleft\" src=\"https:\/\/blog.holyart.it\/it\/wp-content\/uploads\/sites\/17\/2025\/01\/giubileo_stole_logo_blog-1.jpg\" alt=\"giubileo stole logo\" width=\"150\" height=\"99\" data-kale-share-title=\"Luce &amp; Friends: la mascotte del Giubileo e i suoi amici\" data-kale-share-url=\"https:\/\/blog.holyart.it\/it\/?p=21278\" \/><\/p>\n<div class=\"leggi-anche\">Leggi anche:<\/div>\n<p><strong><a href=\"https:\/\/www.holyart.it\/blog\/articoli-religiosi\/il-significato-del-logo-del-giubileo-2025-pellegrini-di-speranza\/\">Il significato del logo del Giubileo 2025: Pellegrini di speranza<\/a><\/strong><br \/>\n\u00c8 stato presentato il logo del Giubileo 2025, scelto tra quasi trecento proposte&#8230;<\/p>\n<\/div>\n<h2>Luce e Santino come San Rocco e il cane<\/h2>\n<p>Luce, protagonista di questo cammino giubilare, non viaggia mai sola. Al suo fianco troviamo\u00a0<a href=\"https:\/\/www.holyart.it\/it\/giubileo-2025-pellegrini-di-speranza\/luce-mascotte-ufficiale-del-giubileo-2025\/figurina-luce-e-santino-mascotte-giubileo-2025-acrilico\"><strong>Santino<\/strong><\/a>, un cagnolino bianco con macchie marroni che richiama una delle figure pi\u00f9 amate della tradizione cattolica:\u00a0<a href=\"https:\/\/www.holyart.it\/blog\/santi-e-beati\/san-rocco-e-il-cane-un-legame-giunto-a-noi-sin-dal-medioevo\/\"><strong>San Rocco<\/strong><\/a>. San Rocco \u00e8 infatti frequentemente raffigurato con un cane al suo fianco, per motivi legati alla sua vita e alle sue opere di carit\u00e0. La storia narra che, durante il suo pellegrinaggio per aiutare i malati di peste, San Rocco contrasse anch&#8217;egli la malattia e si ritir\u00f2 in una grotta per non essere di peso a nessuno. In questo momento di solitudine, un\u00a0cane\u00a0lo trov\u00f2 e inizi\u00f2 a prendersi cura di lui: leccava le sue ferite e gli portava ogni giorno del pane rubato dalla tavola del suo padrone. Questo gesto di fedelt\u00e0 e compassione da parte del cane non solo salv\u00f2 San Rocco dalla morte, ma cre\u00f2 anche un legame simbolico tra il santo e gli animali. Il cane rappresenta quindi un simbolo di cura, compassione e fedelt\u00e0, valori che riflettono l&#8217;opera stessa di San Rocco verso il prossimo.<br \/>\nProprio come il santo pellegrino era accompagnato dal suo fedele cane durante il suo viaggio di devozione, Luce trova in Santino un compagno che simboleggia\u00a0<strong>l&#8217;amicizia<\/strong>, ma anche\u00a0<strong>la fedelt\u00e0 e l&#8217;assistenza divina\u00a0<\/strong>nel cammino spirituale.<\/p>\n<div class=\"link-product\">\n<div class=\"blocco-immagine\"><img loading=\"lazy\" decoding=\"async\" class=\"size-full wp-image-21284 alignleft\" src=\"https:\/\/blog.holyart.it\/it\/wp-content\/uploads\/sites\/17\/2025\/01\/figurina-luce-e-santino-mascotte-giubileo-2025-acrilico-2.jpg\" alt=\"figurina luce e santino mascotte giubileo 2025 acrilico\" width=\"100\" height=\"100\" data-kale-share-title=\"Luce &amp; Friends: la mascotte del Giubileo e i suoi amici\" data-kale-share-url=\"https:\/\/blog.holyart.it\/it\/?p=21278\" \/><\/div>\n<div class=\"blocco-contenuto\">\n<div class=\"blocco-acquista\">Acquista su Holyart:<\/div>\n<div class=\"blocco-titolo\"><a href=\"https:\/\/www.holyart.it\/it\/giubileo-2025-pellegrini-di-speranza\/luce-mascotte-ufficiale-del-giubileo-2025\/figurina-luce-e-santino-mascotte-giubileo-2025-acrilico\">Figurina Luce e Santino mascotte Giubileo 2025 acrilico<\/a><\/div>\n<div class=\"blocco-descrizione\">La tenera Luce \u00e8 qui accompagnata dal cane Santino e cammina lungo il sentiero del pellegrinaggio.<\/div>\n<\/div>\n<\/div>\n<h2>Fe, Xin e Sky, i compagni di viaggio di Luce<\/h2>\n<p>Gli amici pellegrini\u00a0<a href=\"https:\/\/www.holyart.it\/it\/giubileo-2025-pellegrini-di-speranza\/luce-mascotte-ufficiale-del-giubileo-2025\/pop-socket-luce-and-friends-mascotte-giubileo-2025-per-smartphone\"><strong>Fe, Xin, Sky<\/strong><\/a>, che affrontano con la mascotte del Giubileo 2025 il simbolico pellegrinaggio di speranza attraverso l&#8217;<strong><a href=\"https:\/\/www.holyart.it\/blog\/articoli-religiosi\/cose-il-giubileo-prepariamoci-a-un-nuovo-anno-santo\/\">Anno Santo<\/a><\/strong>, sono studiati per abbracciare e rappresentare\u00a0<strong>tutte le culture del mondo<\/strong>. Ognuno di loro indossa un impermeabile dai colori vivaci, che richiama lo stile\u00a0<em>kawaii<\/em>\u00a0voluto dall&#8217;artista, ma forse anche quei colori hanno anche un\u00a0significato simbolico.<br \/>\nL&#8217;impermeabile di Luce \u00e8\u00a0<strong>giallo<\/strong>, colore che richiama la luce, che le d\u00e0 il nome, ma anche i colori della bandiera vaticana, gialla all\u2019asta e bianca al battente.<br \/>\n<strong>Xin\u00a0<\/strong>simboleggia i\u00a0<strong>fedeli asiatici<\/strong>, con il\u00a0<strong>fiore di ciliegio<\/strong>\u00a0appuntato sul suo bastone da pellegrino. Il suo\u00a0<strong>impermeabile verde<\/strong>\u00a0potrebbe rappresentare forse\u00a0<strong>la speranza, la perseveranza e ascolto costante<\/strong>. Nella liturgia cristiana, il colore verde accompagna il cammino quotidiano dei sacerdoti e dei fedeli, e rappresenta la fiducia nel percorso spirituale e nella presenza divina. La borsetta a forma di\u00a0<strong>orsacchiotto\u00a0<\/strong>trasmette un&#8217;idea di tenerezza, ma anche attenzione e rispetto per gli animali.<br \/>\n<strong>Sky<\/strong>\u00a0veste di\u00a0<strong>blu<\/strong>, color mariano per eccellenza, e forse incarna l&#8217;<strong>armonia che unisce i pellegrini\u00a0<\/strong>nel loro cammino comune. Il suo viso richiama il\u00a0<strong>continente africano<\/strong>\u00a0e porta con s\u00e9 una chitarra.<br \/>\n<strong>Fe<\/strong>\u00a0rimanda al Sud America e veste di\u00a0<strong>rosso<\/strong>, colore che nella liturgia simboleggia la Passione di Cristo e il sangue versato nel martirio da lui e dai santi. Una\u00a0<strong>Bibbia<\/strong>\u00a0spunta dalla sua tasca.<\/p>\n<div class=\"link-product\">\n<div class=\"blocco-immagine\"><img loading=\"lazy\" decoding=\"async\" class=\"size-full wp-image-21286 alignleft\" src=\"https:\/\/blog.holyart.it\/it\/wp-content\/uploads\/sites\/17\/2025\/01\/pop-socket-luce-and-friends-mascotte-giubileo-2025-per-smartphone-1.jpg\" alt=\"pop socket luce and friends mascotte giubileo 2025 per smartphone\" width=\"100\" height=\"100\" data-kale-share-title=\"Luce &amp; Friends: la mascotte del Giubileo e i suoi amici\" data-kale-share-url=\"https:\/\/blog.holyart.it\/it\/?p=21278\" \/><\/div>\n<div class=\"blocco-contenuto\">\n<div class=\"blocco-acquista\">Acquista su Holyart:<\/div>\n<div class=\"blocco-titolo\"><a href=\"https:\/\/www.holyart.it\/it\/giubileo-2025-pellegrini-di-speranza\/luce-mascotte-ufficiale-del-giubileo-2025\/pop-socket-luce-and-friends-mascotte-giubileo-2025-per-smartphone\">Pop socket Luce and Friends mascotte Giubileo 2025 per smartphone<\/a><\/div>\n<div class=\"blocco-descrizione\">Impugnatura per cellulari di Luce and Friends, mascotte ufficiali del Giubileo 2025 Pellegrini di Speranza.<\/div>\n<\/div>\n<\/div>\n<h2>Gli altri simboli che accompagnano Luce<\/h2>\n<p>L&#8217;Angelo\u00a0<strong>Iubi<\/strong> e la Colomba <strong>Aura<\/strong>\u00a0arricchiscono ulteriormente il significato spirituale del viaggio della piccola mascotte del Giubileo 2025. L&#8217;Angelo rappresenta la\u00a0<strong>protezione divina\u00a0<\/strong>nei momenti di difficolt\u00e0, con la piccola\u00a0<strong>ancora<\/strong>\u00a0ricamata sul cappellino, simbolo di<strong>\u00a0speranza<\/strong>. La\u00a0<a href=\"https:\/\/www.holyart.it\/blog\/articoli-religiosi\/la-colomba-nelliconografia-cristiana\/\"><strong>Colomba<\/strong><\/a> simboleggia da sempre purezza e rinnovamento spirituale, ma anche la presenza costante dello\u00a0<strong>Spirito Santo<\/strong>. Il rametto di ulivo nel becco \u00e8 un chiaro richiamo alla\u00a0<strong>pace<\/strong>, di cui questo mondo ha cos\u00ec tanto bisogno.<\/p>\n<div class=\"link-product\">\n<div class=\"blocco-immagine\"><img loading=\"lazy\" decoding=\"async\" class=\"size-full wp-image-21287 alignleft\" src=\"https:\/\/blog.holyart.it\/it\/wp-content\/uploads\/sites\/17\/2025\/01\/bracciale-luce-and-friends-mascotte-ufficiale-giubileo-2025-charms.jpg\" alt=\"bracciale luce and friends mascotte ufficiale giubileo 2025 charms\" width=\"100\" height=\"100\" data-kale-share-title=\"Luce &amp; Friends: la mascotte del Giubileo e i suoi amici\" data-kale-share-url=\"https:\/\/blog.holyart.it\/it\/?p=21278\" \/><\/div>\n<div class=\"blocco-contenuto\">\n<div class=\"blocco-acquista\">Acquista su Holyart:<\/div>\n<div class=\"blocco-titolo\"><a href=\"https:\/\/www.holyart.it\/it\/giubileo-2025-pellegrini-di-speranza\/luce-mascotte-ufficiale-del-giubileo-2025\/bracciale-luce-and-friends-mascotte-ufficiale-giubileo-2025-charms\">Bracciale Luce and Friends mascotte ufficiale Giubileo 2025 charms<\/a><\/div>\n<div class=\"blocco-descrizione\">Questo bracciale \u00e8 stato creato per celebrare il Giubileo 2025, un anno speciale per la Chiesa.<\/div>\n<\/div>\n<\/div>\n","protected":false},"excerpt":{"rendered":"<p>Luce, mascotte del Giubileo 2025, non intraprende da sola il suo pellegrinaggio di fede e speranza: con lei tanti piccoli amici, che incarnano i valori e i propositi dell&#8217;Anno Santo Nel cuore dell&#8217;Anno Santo 2025, la Chiesa Cattolica presenta una\u00a0mascotte straordinaria\u00a0che incarna lo spirito del&hellip;<\/p>\n","protected":false},"author":1,"featured_media":21291,"comment_status":"closed","ping_status":"open","sticky":false,"template":"","format":"standard","meta":{"_acf_changed":false,"footnotes":""},"categories":[25],"tags":[],"class_list":["post-21278","post","type-post","status-publish","format-standard","has-post-thumbnail","hentry","category-giubileo-2025"],"acf":[],"yoast_head":"<!-- This site is optimized with the Yoast SEO plugin v26.6 - https:\/\/yoast.com\/wordpress\/plugins\/seo\/ -->\n<title>Luce &amp; Friends: la mascotte del Giubileo e i suoi amici - Holyblog<\/title>\n<meta name=\"description\" content=\"Luce, mascotte del Giubileo 2025, non \u00e8 sola nel suo viaggio: al suo fianco simpatici personaggi, simboli viventi dei valori dell\u2019Anno Santo.\" \/>\n<meta name=\"robots\" content=\"index, follow, max-snippet:-1, max-image-preview:large, max-video-preview:-1\" \/>\n<link rel=\"canonical\" href=\"https:\/\/blog.holyart.it\/it\/giubileo-2025\/luce-friends-la-mascotte-del-giubileo-e-i-suoi-amici\/\" \/>\n<meta property=\"og:locale\" content=\"it_IT\" \/>\n<meta property=\"og:type\" content=\"article\" \/>\n<meta property=\"og:title\" content=\"Luce &amp; Friends: la mascotte del Giubileo e i suoi amici - Holyblog\" \/>\n<meta property=\"og:description\" content=\"Luce, mascotte del Giubileo 2025, non \u00e8 sola nel suo viaggio: al suo fianco simpatici personaggi, simboli viventi dei valori dell\u2019Anno Santo.\" \/>\n<meta property=\"og:url\" content=\"https:\/\/blog.holyart.it\/it\/giubileo-2025\/luce-friends-la-mascotte-del-giubileo-e-i-suoi-amici\/\" \/>\n<meta property=\"og:site_name\" content=\"Holyblog\" \/>\n<meta property=\"article:published_time\" content=\"2025-02-05T09:00:44+00:00\" \/>\n<meta property=\"article:modified_time\" content=\"2025-02-26T10:02:07+00:00\" \/>\n<meta property=\"og:image\" content=\"https:\/\/blog.holyart.it\/it\/wp-content\/uploads\/sites\/17\/2025\/01\/lucemascottegiubileo2025_2.jpg\" \/>\n\t<meta property=\"og:image:width\" content=\"1000\" \/>\n\t<meta property=\"og:image:height\" content=\"666\" \/>\n\t<meta property=\"og:image:type\" content=\"image\/jpeg\" \/>\n<meta name=\"author\" content=\"Redazione\" \/>\n<meta name=\"twitter:card\" content=\"summary_large_image\" \/>\n<meta name=\"twitter:label1\" content=\"Scritto da\" \/>\n\t<meta name=\"twitter:data1\" content=\"Redazione\" \/>\n\t<meta name=\"twitter:label2\" content=\"Tempo di lettura stimato\" \/>\n\t<meta name=\"twitter:data2\" content=\"8 minuti\" \/>\n<script type=\"application\/ld+json\" class=\"yoast-schema-graph\">{\"@context\":\"https:\/\/schema.org\",\"@graph\":[{\"@type\":\"Article\",\"@id\":\"https:\/\/blog.holyart.it\/it\/giubileo-2025\/luce-friends-la-mascotte-del-giubileo-e-i-suoi-amici\/#article\",\"isPartOf\":{\"@id\":\"https:\/\/blog.holyart.it\/it\/giubileo-2025\/luce-friends-la-mascotte-del-giubileo-e-i-suoi-amici\/\"},\"author\":{\"name\":\"Redazione\",\"@id\":\"https:\/\/blog.holyart.it\/it\/#\/schema\/person\/0a7b686e5af0f856ec1e390dd0baecda\"},\"headline\":\"Luce &#038; Friends: la mascotte del Giubileo e i suoi amici\",\"datePublished\":\"2025-02-05T09:00:44+00:00\",\"dateModified\":\"2025-02-26T10:02:07+00:00\",\"mainEntityOfPage\":{\"@id\":\"https:\/\/blog.holyart.it\/it\/giubileo-2025\/luce-friends-la-mascotte-del-giubileo-e-i-suoi-amici\/\"},\"wordCount\":1098,\"publisher\":{\"@id\":\"https:\/\/blog.holyart.it\/it\/#organization\"},\"image\":{\"@id\":\"https:\/\/blog.holyart.it\/it\/giubileo-2025\/luce-friends-la-mascotte-del-giubileo-e-i-suoi-amici\/#primaryimage\"},\"thumbnailUrl\":\"https:\/\/blog.holyart.it\/it\/wp-content\/uploads\/sites\/17\/2025\/01\/lucemascottegiubileo2025_2.jpg\",\"articleSection\":[\"Giubileo 2025\"],\"inLanguage\":\"it-IT\"},{\"@type\":\"WebPage\",\"@id\":\"https:\/\/blog.holyart.it\/it\/giubileo-2025\/luce-friends-la-mascotte-del-giubileo-e-i-suoi-amici\/\",\"url\":\"https:\/\/blog.holyart.it\/it\/giubileo-2025\/luce-friends-la-mascotte-del-giubileo-e-i-suoi-amici\/\",\"name\":\"Luce & Friends: la mascotte del Giubileo e i suoi amici - Holyblog\",\"isPartOf\":{\"@id\":\"https:\/\/blog.holyart.it\/it\/#website\"},\"primaryImageOfPage\":{\"@id\":\"https:\/\/blog.holyart.it\/it\/giubileo-2025\/luce-friends-la-mascotte-del-giubileo-e-i-suoi-amici\/#primaryimage\"},\"image\":{\"@id\":\"https:\/\/blog.holyart.it\/it\/giubileo-2025\/luce-friends-la-mascotte-del-giubileo-e-i-suoi-amici\/#primaryimage\"},\"thumbnailUrl\":\"https:\/\/blog.holyart.it\/it\/wp-content\/uploads\/sites\/17\/2025\/01\/lucemascottegiubileo2025_2.jpg\",\"datePublished\":\"2025-02-05T09:00:44+00:00\",\"dateModified\":\"2025-02-26T10:02:07+00:00\",\"description\":\"Luce, mascotte del Giubileo 2025, non \u00e8 sola nel suo viaggio: al suo fianco simpatici personaggi, simboli viventi dei valori dell\u2019Anno Santo.\",\"breadcrumb\":{\"@id\":\"https:\/\/blog.holyart.it\/it\/giubileo-2025\/luce-friends-la-mascotte-del-giubileo-e-i-suoi-amici\/#breadcrumb\"},\"inLanguage\":\"it-IT\",\"potentialAction\":[{\"@type\":\"ReadAction\",\"target\":[\"https:\/\/blog.holyart.it\/it\/giubileo-2025\/luce-friends-la-mascotte-del-giubileo-e-i-suoi-amici\/\"]}]},{\"@type\":\"ImageObject\",\"inLanguage\":\"it-IT\",\"@id\":\"https:\/\/blog.holyart.it\/it\/giubileo-2025\/luce-friends-la-mascotte-del-giubileo-e-i-suoi-amici\/#primaryimage\",\"url\":\"https:\/\/blog.holyart.it\/it\/wp-content\/uploads\/sites\/17\/2025\/01\/lucemascottegiubileo2025_2.jpg\",\"contentUrl\":\"https:\/\/blog.holyart.it\/it\/wp-content\/uploads\/sites\/17\/2025\/01\/lucemascottegiubileo2025_2.jpg\",\"width\":1000,\"height\":666,\"caption\":\"luce & friends\"},{\"@type\":\"BreadcrumbList\",\"@id\":\"https:\/\/blog.holyart.it\/it\/giubileo-2025\/luce-friends-la-mascotte-del-giubileo-e-i-suoi-amici\/#breadcrumb\",\"itemListElement\":[{\"@type\":\"ListItem\",\"position\":1,\"name\":\"Homepage\",\"item\":\"https:\/\/blog.holyart.it\/it\/\"},{\"@type\":\"ListItem\",\"position\":2,\"name\":\"Giubileo 2025\",\"item\":\"https:\/\/blog.holyart.it\/it\/giubileo-2025\/\"},{\"@type\":\"ListItem\",\"position\":3,\"name\":\"Luce &#038; Friends: la mascotte del Giubileo e i suoi amici\"}]},{\"@type\":\"WebSite\",\"@id\":\"https:\/\/blog.holyart.it\/it\/#website\",\"url\":\"https:\/\/blog.holyart.it\/it\/\",\"name\":\"Holyblog\",\"description\":\"Il Blog di Holyart.it\",\"publisher\":{\"@id\":\"https:\/\/blog.holyart.it\/it\/#organization\"},\"potentialAction\":[{\"@type\":\"SearchAction\",\"target\":{\"@type\":\"EntryPoint\",\"urlTemplate\":\"https:\/\/blog.holyart.it\/it\/?s={search_term_string}\"},\"query-input\":{\"@type\":\"PropertyValueSpecification\",\"valueRequired\":true,\"valueName\":\"search_term_string\"}}],\"inLanguage\":\"it-IT\"},{\"@type\":\"Organization\",\"@id\":\"https:\/\/blog.holyart.it\/it\/#organization\",\"name\":\"Holyblog\",\"url\":\"https:\/\/blog.holyart.it\/it\/\",\"logo\":{\"@type\":\"ImageObject\",\"inLanguage\":\"it-IT\",\"@id\":\"https:\/\/blog.holyart.it\/it\/#\/schema\/logo\/image\/\",\"url\":\"https:\/\/blog.holyart.it\/it\/wp-content\/uploads\/sites\/17\/2022\/12\/Holyart_Blog_Logo.jpg\",\"contentUrl\":\"https:\/\/blog.holyart.it\/it\/wp-content\/uploads\/sites\/17\/2022\/12\/Holyart_Blog_Logo.jpg\",\"width\":300,\"height\":50,\"caption\":\"Holyblog\"},\"image\":{\"@id\":\"https:\/\/blog.holyart.it\/it\/#\/schema\/logo\/image\/\"}},{\"@type\":\"Person\",\"@id\":\"https:\/\/blog.holyart.it\/it\/#\/schema\/person\/0a7b686e5af0f856ec1e390dd0baecda\",\"name\":\"Redazione\"}]}<\/script>\n<!-- \/ Yoast SEO plugin. -->","yoast_head_json":{"title":"Luce & Friends: la mascotte del Giubileo e i suoi amici - Holyblog","description":"Luce, mascotte del Giubileo 2025, non \u00e8 sola nel suo viaggio: al suo fianco simpatici personaggi, simboli viventi dei valori dell\u2019Anno Santo.","robots":{"index":"index","follow":"follow","max-snippet":"max-snippet:-1","max-image-preview":"max-image-preview:large","max-video-preview":"max-video-preview:-1"},"canonical":"https:\/\/blog.holyart.it\/it\/giubileo-2025\/luce-friends-la-mascotte-del-giubileo-e-i-suoi-amici\/","og_locale":"it_IT","og_type":"article","og_title":"Luce & Friends: la mascotte del Giubileo e i suoi amici - Holyblog","og_description":"Luce, mascotte del Giubileo 2025, non \u00e8 sola nel suo viaggio: al suo fianco simpatici personaggi, simboli viventi dei valori dell\u2019Anno Santo.","og_url":"https:\/\/blog.holyart.it\/it\/giubileo-2025\/luce-friends-la-mascotte-del-giubileo-e-i-suoi-amici\/","og_site_name":"Holyblog","article_published_time":"2025-02-05T09:00:44+00:00","article_modified_time":"2025-02-26T10:02:07+00:00","og_image":[{"width":1000,"height":666,"url":"https:\/\/blog.holyart.it\/it\/wp-content\/uploads\/sites\/17\/2025\/01\/lucemascottegiubileo2025_2.jpg","type":"image\/jpeg"}],"author":"Redazione","twitter_card":"summary_large_image","twitter_misc":{"Scritto da":"Redazione","Tempo di lettura stimato":"8 minuti"},"schema":{"@context":"https:\/\/schema.org","@graph":[{"@type":"Article","@id":"https:\/\/blog.holyart.it\/it\/giubileo-2025\/luce-friends-la-mascotte-del-giubileo-e-i-suoi-amici\/#article","isPartOf":{"@id":"https:\/\/blog.holyart.it\/it\/giubileo-2025\/luce-friends-la-mascotte-del-giubileo-e-i-suoi-amici\/"},"author":{"name":"Redazione","@id":"https:\/\/blog.holyart.it\/it\/#\/schema\/person\/0a7b686e5af0f856ec1e390dd0baecda"},"headline":"Luce &#038; Friends: la mascotte del Giubileo e i suoi amici","datePublished":"2025-02-05T09:00:44+00:00","dateModified":"2025-02-26T10:02:07+00:00","mainEntityOfPage":{"@id":"https:\/\/blog.holyart.it\/it\/giubileo-2025\/luce-friends-la-mascotte-del-giubileo-e-i-suoi-amici\/"},"wordCount":1098,"publisher":{"@id":"https:\/\/blog.holyart.it\/it\/#organization"},"image":{"@id":"https:\/\/blog.holyart.it\/it\/giubileo-2025\/luce-friends-la-mascotte-del-giubileo-e-i-suoi-amici\/#primaryimage"},"thumbnailUrl":"https:\/\/blog.holyart.it\/it\/wp-content\/uploads\/sites\/17\/2025\/01\/lucemascottegiubileo2025_2.jpg","articleSection":["Giubileo 2025"],"inLanguage":"it-IT"},{"@type":"WebPage","@id":"https:\/\/blog.holyart.it\/it\/giubileo-2025\/luce-friends-la-mascotte-del-giubileo-e-i-suoi-amici\/","url":"https:\/\/blog.holyart.it\/it\/giubileo-2025\/luce-friends-la-mascotte-del-giubileo-e-i-suoi-amici\/","name":"Luce & Friends: la mascotte del Giubileo e i suoi amici - Holyblog","isPartOf":{"@id":"https:\/\/blog.holyart.it\/it\/#website"},"primaryImageOfPage":{"@id":"https:\/\/blog.holyart.it\/it\/giubileo-2025\/luce-friends-la-mascotte-del-giubileo-e-i-suoi-amici\/#primaryimage"},"image":{"@id":"https:\/\/blog.holyart.it\/it\/giubileo-2025\/luce-friends-la-mascotte-del-giubileo-e-i-suoi-amici\/#primaryimage"},"thumbnailUrl":"https:\/\/blog.holyart.it\/it\/wp-content\/uploads\/sites\/17\/2025\/01\/lucemascottegiubileo2025_2.jpg","datePublished":"2025-02-05T09:00:44+00:00","dateModified":"2025-02-26T10:02:07+00:00","description":"Luce, mascotte del Giubileo 2025, non \u00e8 sola nel suo viaggio: al suo fianco simpatici personaggi, simboli viventi dei valori dell\u2019Anno Santo.","breadcrumb":{"@id":"https:\/\/blog.holyart.it\/it\/giubileo-2025\/luce-friends-la-mascotte-del-giubileo-e-i-suoi-amici\/#breadcrumb"},"inLanguage":"it-IT","potentialAction":[{"@type":"ReadAction","target":["https:\/\/blog.holyart.it\/it\/giubileo-2025\/luce-friends-la-mascotte-del-giubileo-e-i-suoi-amici\/"]}]},{"@type":"ImageObject","inLanguage":"it-IT","@id":"https:\/\/blog.holyart.it\/it\/giubileo-2025\/luce-friends-la-mascotte-del-giubileo-e-i-suoi-amici\/#primaryimage","url":"https:\/\/blog.holyart.it\/it\/wp-content\/uploads\/sites\/17\/2025\/01\/lucemascottegiubileo2025_2.jpg","contentUrl":"https:\/\/blog.holyart.it\/it\/wp-content\/uploads\/sites\/17\/2025\/01\/lucemascottegiubileo2025_2.jpg","width":1000,"height":666,"caption":"luce & friends"},{"@type":"BreadcrumbList","@id":"https:\/\/blog.holyart.it\/it\/giubileo-2025\/luce-friends-la-mascotte-del-giubileo-e-i-suoi-amici\/#breadcrumb","itemListElement":[{"@type":"ListItem","position":1,"name":"Homepage","item":"https:\/\/blog.holyart.it\/it\/"},{"@type":"ListItem","position":2,"name":"Giubileo 2025","item":"https:\/\/blog.holyart.it\/it\/giubileo-2025\/"},{"@type":"ListItem","position":3,"name":"Luce &#038; Friends: la mascotte del Giubileo e i suoi amici"}]},{"@type":"WebSite","@id":"https:\/\/blog.holyart.it\/it\/#website","url":"https:\/\/blog.holyart.it\/it\/","name":"Holyblog","description":"Il Blog di Holyart.it","publisher":{"@id":"https:\/\/blog.holyart.it\/it\/#organization"},"potentialAction":[{"@type":"SearchAction","target":{"@type":"EntryPoint","urlTemplate":"https:\/\/blog.holyart.it\/it\/?s={search_term_string}"},"query-input":{"@type":"PropertyValueSpecification","valueRequired":true,"valueName":"search_term_string"}}],"inLanguage":"it-IT"},{"@type":"Organization","@id":"https:\/\/blog.holyart.it\/it\/#organization","name":"Holyblog","url":"https:\/\/blog.holyart.it\/it\/","logo":{"@type":"ImageObject","inLanguage":"it-IT","@id":"https:\/\/blog.holyart.it\/it\/#\/schema\/logo\/image\/","url":"https:\/\/blog.holyart.it\/it\/wp-content\/uploads\/sites\/17\/2022\/12\/Holyart_Blog_Logo.jpg","contentUrl":"https:\/\/blog.holyart.it\/it\/wp-content\/uploads\/sites\/17\/2022\/12\/Holyart_Blog_Logo.jpg","width":300,"height":50,"caption":"Holyblog"},"image":{"@id":"https:\/\/blog.holyart.it\/it\/#\/schema\/logo\/image\/"}},{"@type":"Person","@id":"https:\/\/blog.holyart.it\/it\/#\/schema\/person\/0a7b686e5af0f856ec1e390dd0baecda","name":"Redazione"}]}},"_links":{"self":[{"href":"https:\/\/blog.holyart.it\/it\/wp-json\/wp\/v2\/posts\/21278","targetHints":{"allow":["GET"]}}],"collection":[{"href":"https:\/\/blog.holyart.it\/it\/wp-json\/wp\/v2\/posts"}],"about":[{"href":"https:\/\/blog.holyart.it\/it\/wp-json\/wp\/v2\/types\/post"}],"author":[{"embeddable":true,"href":"https:\/\/blog.holyart.it\/it\/wp-json\/wp\/v2\/users\/1"}],"replies":[{"embeddable":true,"href":"https:\/\/blog.holyart.it\/it\/wp-json\/wp\/v2\/comments?post=21278"}],"version-history":[{"count":6,"href":"https:\/\/blog.holyart.it\/it\/wp-json\/wp\/v2\/posts\/21278\/revisions"}],"predecessor-version":[{"id":21292,"href":"https:\/\/blog.holyart.it\/it\/wp-json\/wp\/v2\/posts\/21278\/revisions\/21292"}],"wp:featuredmedia":[{"embeddable":true,"href":"https:\/\/blog.holyart.it\/it\/wp-json\/wp\/v2\/media\/21291"}],"wp:attachment":[{"href":"https:\/\/blog.holyart.it\/it\/wp-json\/wp\/v2\/media?parent=21278"}],"wp:term":[{"taxonomy":"category","embeddable":true,"href":"https:\/\/blog.holyart.it\/it\/wp-json\/wp\/v2\/categories?post=21278"},{"taxonomy":"post_tag","embeddable":true,"href":"https:\/\/blog.holyart.it\/it\/wp-json\/wp\/v2\/tags?post=21278"}],"curies":[{"name":"wp","href":"https:\/\/api.w.org\/{rel}","templated":true}]}}