{"id":21225,"date":"2025-01-14T12:09:56","date_gmt":"2025-01-14T11:09:56","guid":{"rendered":"https:\/\/blog.holyart.it\/it\/?p=21225"},"modified":"2025-04-17T17:17:42","modified_gmt":"2025-04-17T15:17:42","slug":"luce-la-mascotte-del-giubileo-2025-un-simbolo-per-tutti-i-pellegrini","status":"publish","type":"post","link":"https:\/\/blog.holyart.it\/it\/giubileo-2025\/luce-la-mascotte-del-giubileo-2025-un-simbolo-per-tutti-i-pellegrini\/","title":{"rendered":"Luce, la mascotte del Giubileo 2025: un simbolo per tutti i pellegrini"},"content":{"rendered":"<h4>Conosciamo Luce, mascotte del Giubileo 2025, un personaggio che richiama l&#8217;estetica dei manga giapponesi, e richiama una nuova apertura della Chiesa alla cultura pop e giovane<\/h4>\n\n<p>In questi mesi, sfogliando i giornali o navigando sul web, vi sar\u00e0 sicuramente capitato di imbattervi in <a href=\"https:\/\/www.holyart.it\/it\/giubileo-2025-pellegrini-di-speranza\/luce-mascotte-ufficiale-del-giubileo-2025\"><strong>Luce<\/strong>,\u00a0<strong>la mascotte ufficiale del<\/strong>\u00a0<strong>Giubileo 2025<\/strong><\/a>. \u00c8 una giovane pellegrina cattolica, che indossa uno sgargiante impermeabile giallo e ostenta un sorriso felice e lo sguardo fiducioso di chi si prepara a vivere una grande avventura. E cosa pu\u00f2 esserci di pi\u00f9 emozionante e avventuroso per un giovane pellegrino della possibilit\u00e0 di vivere\u00a0<strong><a href=\"https:\/\/www.holyart.it\/blog\/articoli-religiosi\/il-calendario-degli-eventi-del-giubileo-2025\">tutti gli eventi e le emozioni dell&#8217;Anno Santo<\/a><\/strong>? Luce \u00e8 stata presentata il 28 ottobre 2024 presso la Sala Stampa della Santa Sede, da\u00a0<strong>Monsignor Rino Fisichella<\/strong>, pro prefetto del Dicastero per l&#8217;evangelizzazione, durante la Conferenza Stampa di presentazione degli eventi culturali in programma a Roma prima dell\u2019apertura ufficiale del Giubileo e del Padiglione della Santa Sede a Expo Osaka 2025. Questo personaggio \u00e8 stato ideato dall&#8217;illustratore romano Simone Legno, fondatore del brand Tokidoki, e rappresenta una giovane pellegrina cattolica in uno stile che ricorda molto i personaggi dei manga e degli\u00a0<em>anime<\/em>\u00a0giapponesi. Luce \u00e8 caratterizzata infatti da capelli blu, grandi occhi luminosi e un abbigliamento che simboleggia il viaggio spirituale: indossa un k-way giallo, stivali sporchi di fango e porta con s\u00e9 un bastone da pellegrino e un Rosario.<\/p>\n<div class=\"link-product\">\n<div class=\"blocco-immagine\"><img loading=\"lazy\" decoding=\"async\" class=\"size-full wp-image-21241 alignleft\" src=\"https:\/\/blog.holyart.it\/it\/wp-content\/uploads\/sites\/17\/2025\/01\/portachiavi-luce-giubileo-2025-acrilico-5-cm.jpg\" alt=\"portachiavi luce giubileo 2025 acrilico 5 cm\" width=\"100\" height=\"100\" data-kale-share-title=\"Luce, la mascotte del Giubileo 2025: un simbolo per tutti i pellegrini\" data-kale-share-url=\"https:\/\/blog.holyart.it\/it\/?p=21225\" \/><\/div>\n<div class=\"blocco-contenuto\">\n<div class=\"blocco-acquista\">Acquista su Holyart:<\/div>\n<div class=\"blocco-titolo\"><a href=\"https:\/\/www.holyart.it\/it\/giubileo-2025-pellegrini-di-speranza\/luce-mascotte-ufficiale-del-giubileo-2025\">Luce Mascotte Ufficiale del Giubileo 2025<\/a><\/div>\n<div class=\"blocco-descrizione\">Luce, la mascotte ufficiale del Giubileo 2025 Pellegrini di Speranza.<\/div>\n<\/div>\n<\/div>\n<h2>Il significato di Luce, la mascotte del Giubileo<\/h2>\n<p><a href=\"https:\/\/www.holyart.it\/it\/giubileo-2025-pellegrini-di-speranza\/luce-mascotte-ufficiale-del-giubileo-2025\/luce-mascotte-ufficiale-del-giubileo-2025-peluche-25-cm-tokidoki\"><strong>L&#8217;impermeabile giallo che Luce indossa<\/strong><\/a> richiama i\u00a0<strong>colori della bandiera della Citt\u00e0 del Vaticano<\/strong>, gialla all&#8217;asta e bianca al battente. Questa scelta non \u00e8 casuale. L&#8217;impermeabile di Luce, cos\u00ec come i suoi stivali sporchi di fango, rappresentano le\u00a0<strong>sfide affrontate lungo il cammino di ogni cristiano<\/strong>, il suo viaggio attraverso le tempeste della vita. Un viaggio nel quale Luce non \u00e8 sola: la<strong>\u00a0croce missionaria<\/strong>\u00a0al collo e il\u00a0<strong>rosario<\/strong>\u00a0sono elementi che evidenziano la sua identit\u00e0 cristiana e le infondono coraggio ed entusiasmo di fronte alle sfide di ogni giorno. Quello stesso entusiasmo che traspare dai suoi\u00a0<strong>occhi brillanti<\/strong>, nei quali \u00e8 stilizzata una conchiglia, simbolo tradizionale del\u00a0<strong><a href=\"https:\/\/www.holyart.it\/blog\/articoli-religiosi\/cammino-di-santiago-storia-e-curiosita\/\">Cammino di Santiago di Campostela<\/a><\/strong>. Questo dettaglio rappresenta la<strong>\u00a0speranza<\/strong>\u00a0che questo personaggio deve ispirare, il desiderio di spiritualit\u00e0 e connessione con il divino, in linea con il messaggio di pace universale del Giubileo, sotto l&#8217;emblema espresso dal suo logo:\u00a0<strong><a href=\"https:\/\/www.holyart.it\/blog\/articoli-religiosi\/il-significato-del-logo-del-giubileo-2025-pellegrini-di-speranza\/\">Pellegrini di Speranza<\/a><\/strong>.<br \/>\n<a href=\"https:\/\/www.holyart.it\/it\/giubileo-2025-pellegrini-di-speranza\/luce-mascotte-ufficiale-del-giubileo-2025\/figurina-luce-e-santino-mascotte-giubileo-2025-acrilico\"><strong>Il design di Luce<\/strong><\/a> \u00e8 pensato per<strong>\u00a0attrarre i giovani<\/strong>, e per farlo mescola elementi di cultura pop con messaggi di accoglienza e speranza. La mascotte non solo rappresenta il Giubileo, ma diventa anche\u00a0<strong>simbolo di comunit\u00e0 e dialogo intergenerazionale<\/strong>.<\/p>\n<div class=\"sp-styles-warning\" style=\"width: 450px; background-color: #FFF; color: #F00; border: 1px solid #F00; padding: 10px; font-size: 14px;\">\n\t\t\t<span style=\"font-weight: bold;\">Warning: The stylesheets were not loaded!<\/span> \n\t\t\tYou will need to change the <i>Load stylesheets<\/i> setting from <i>Automatically<\/i> to <i>On homepage<\/i> or <i>On all pages<\/i>. \n\t\t\tYou can set that <a style=\"text-decoration: underline; color: #F00;\" href=\"https:\/\/blog.holyart.it\/it\/wp-admin\/admin.php?page=sliderpro-settings\">here<\/a>.\n\t\t\t<\/div>\r\n<div id=\"slider-pro-227\" class=\"slider-pro sp-no-js\" style=\"width: 500px; height: 500px;\">\r\n\t<div class=\"sp-slides\">\r\n\t\t\r\n\t\t<div class=\"sp-slide\">\r\n\t\t\t<img loading=\"lazy\" decoding=\"async\" class=\"sp-image\" src=\"https:\/\/blog.holyart.it\/it\/wp-content\/uploads\/sites\/17\/2025\/01\/luce-mascotte-ufficiale-del-giubileo-2025-peluche-25-cm.jpg\" alt=\"luce mascotte ufficiale del giubileo 2025 peluche 25 cm\" width=\"500\" height=\"500\" \/>\r\n\t\t\t<div class=\"sp-thumbnail\"><a class=\"\" href=\"https:\/\/www.holyart.it\/it\/giubileo-2025-pellegrini-di-speranza\/luce-mascotte-ufficiale-del-giubileo-2025\/luce-mascotte-ufficiale-del-giubileo-2025-peluche-25-cm-tokidoki\">\r\n\t\t\t\t<img decoding=\"async\" src=\"https:\/\/blog.holyart.it\/it\/wp-content\/uploads\/sites\/17\/2025\/01\/luce-mascotte-ufficiale-del-giubileo-2025-peluche-25-cm-1.jpg\" alt=\"luce mascotte ufficiale del giubileo 2025 peluche 25 cm\" \/>\r\n\t\t\t<\/a>\r\n\t\t\t<\/div>\r\n\t\t\t<div class=\"sp-caption\">Luce Mascotte UFFICIALE del Giubileo 2025 - Peluche Tokidoki.<br \/><strong><a href=\"https:\/\/www.holyart.it\/it\/giubileo-2025-pellegrini-di-speranza\/luce-mascotte-ufficiale-del-giubileo-2025\/luce-mascotte-ufficiale-del-giubileo-2025-peluche-25-cm-tokidoki\">Acquista su Holyart<\/a><\/strong><\/div>\r\n\t\t<\/div>\r\n\t\t<div class=\"sp-slide\">\r\n\t\t\t<img loading=\"lazy\" decoding=\"async\" class=\"sp-image\" src=\"https:\/\/blog.holyart.it\/it\/wp-content\/uploads\/sites\/17\/2025\/01\/portachiavi-luce-mascotte-ufficiale-giubileo-2025-peluche-10-cm.jpg\" alt=\"portachiavi luce mascotte ufficiale giubileo 2025 peluche 10 cm\" width=\"500\" height=\"500\" \/>\r\n\t\t\t<div class=\"sp-thumbnail\"><a class=\"\" href=\"https:\/\/www.holyart.it\/it\/giubileo-2025-pellegrini-di-speranza\/luce-mascotte-ufficiale-del-giubileo-2025\/portachiavi-luce-mascotte-ufficiale-giubileo-2025-peluche-10-cm-tokidoki\">\r\n\t\t\t\t<img decoding=\"async\" src=\"https:\/\/blog.holyart.it\/it\/wp-content\/uploads\/sites\/17\/2025\/01\/portachiavi-luce-mascotte-ufficiale-giubileo-2025-peluche-10-cm-1.jpg\" alt=\"portachiavi luce mascotte ufficiale giubileo 2025 peluche 10 cm\" \/>\r\n\t\t\t<\/a>\r\n\t\t\t<\/div>\r\n\t\t\t<div class=\"sp-caption\">Portachiavi Luce Mascotte UFFICIALE del Giubileo 2025 - Peluche Tokidoki 10 cm.<br \/><strong><a href=\"https:\/\/www.holyart.it\/it\/giubileo-2025-pellegrini-di-speranza\/luce-mascotte-ufficiale-del-giubileo-2025\/portachiavi-luce-mascotte-ufficiale-giubileo-2025-peluche-10-cm-tokidoki\">Acquista su Holyart<\/a><\/strong><\/div>\r\n\t\t<\/div>\r\n\t\t<div class=\"sp-slide\">\r\n\t\t\t<img loading=\"lazy\" decoding=\"async\" class=\"sp-image\" src=\"https:\/\/blog.holyart.it\/it\/wp-content\/uploads\/sites\/17\/2025\/01\/figurina-luce-e-santino-mascotte-giubileo-2025-acrilico.jpg\" alt=\"figurina luce e santino mascotte giubileo 2025 acrilico\" width=\"500\" height=\"500\" \/>\r\n\t\t\t<div class=\"sp-thumbnail\"><a class=\"\" href=\"https:\/\/www.holyart.it\/it\/giubileo-2025-pellegrini-di-speranza\/luce-mascotte-ufficiale-del-giubileo-2025\/figurina-luce-e-santino-mascotte-giubileo-2025-acrilico\">\r\n\t\t\t\t<img decoding=\"async\" src=\"https:\/\/blog.holyart.it\/it\/wp-content\/uploads\/sites\/17\/2025\/01\/figurina-luce-e-santino-mascotte-giubileo-2025-acrilico-1.jpg\" alt=\"figurina luce e santino mascotte giubileo 2025 acrilico\" \/>\r\n\t\t\t<\/a>\r\n\t\t\t<\/div>\r\n\t\t\t<div class=\"sp-caption\">Figurina ufficiale di Luce, mascotte del Giubileo 2025 Pellegrini di Speranza. La tenera Luce \u00e8 qui accompagnata dal cane Santino e cammina lungo il sentiero del pellegrinaggio.<br \/><strong><a href=\"https:\/\/www.holyart.it\/it\/giubileo-2025-pellegrini-di-speranza\/luce-mascotte-ufficiale-del-giubileo-2025\/figurina-luce-e-santino-mascotte-giubileo-2025-acrilico\">Acquista su Holyart<\/a><\/strong><\/div>\r\n\t\t<\/div>\r\n\t\t<div class=\"sp-slide\">\r\n\t\t\t<img loading=\"lazy\" decoding=\"async\" class=\"sp-image\" src=\"https:\/\/blog.holyart.it\/it\/wp-content\/uploads\/sites\/17\/2025\/01\/spilla-luce-and-friends-mascotte-giubileo-2025-acrilico.jpg\" alt=\"spilla luce and friends mascotte giubileo 2025 acrilico\" width=\"500\" height=\"500\" \/>\r\n\t\t\t<div class=\"sp-thumbnail\"><a class=\"\" href=\"https:\/\/www.holyart.it\/it\/giubileo-2025-pellegrini-di-speranza\/luce-mascotte-ufficiale-del-giubileo-2025\/spilla-luce-and-friends-mascotte-giubileo-2025-acrilico\">\r\n\t\t\t\t<img decoding=\"async\" src=\"https:\/\/blog.holyart.it\/it\/wp-content\/uploads\/sites\/17\/2025\/01\/spilla-luce-and-friends-mascotte-giubileo-2025-acrilico-1.jpg\" alt=\"spilla luce and friends mascotte giubileo 2025 acrilico\" \/>\r\n\t\t\t<\/a>\r\n\t\t\t<\/div>\r\n\t\t\t<div class=\"sp-caption\">Spilletta bianca raffigurante la mascotte ufficiale del Giubileo 2025 Pellegrini di Speranza, Luce.<br \/><strong><a href=\"https:\/\/www.holyart.it\/it\/giubileo-2025-pellegrini-di-speranza\/luce-mascotte-ufficiale-del-giubileo-2025\/spilla-luce-and-friends-mascotte-giubileo-2025-acrilico\">Acquista su Holyart<\/a><\/strong><\/div>\r\n\t\t<\/div>\r\n\t\t<div class=\"sp-slide\">\r\n\t\t\t<img loading=\"lazy\" decoding=\"async\" class=\"sp-image\" src=\"https:\/\/blog.holyart.it\/it\/wp-content\/uploads\/sites\/17\/2025\/01\/portachiavi-luce-and-friends-giubileo-2025-acrilico-5-cm.jpg\" alt=\"portachiavi luce and friends giubileo 2025 acrilico 5 cm\" width=\"500\" height=\"500\" \/>\r\n\t\t\t<div class=\"sp-thumbnail\"><a class=\"\" href=\"https:\/\/www.holyart.it\/it\/giubileo-2025-pellegrini-di-speranza\/luce-mascotte-ufficiale-del-giubileo-2025\/portachiavi-luce-and-friends-giubileo-2025-acrilico-5-cm\">\r\n\t\t\t\t<img decoding=\"async\" src=\"https:\/\/blog.holyart.it\/it\/wp-content\/uploads\/sites\/17\/2025\/01\/portachiavi-luce-and-friends-giubileo-2025-acrilico-5-cm-e1736846977220.jpg\" alt=\"portachiavi luce and friends giubileo 2025 acrilico 5 cm\" \/>\r\n\t\t\t<\/a>\r\n\t\t\t<\/div>\r\n\t\t\t<div class=\"sp-caption\">Charm di Luce and Friends, mascotte ufficiale del Giubileo 2025 Pellegrini di Speranza.<br \/><strong><a href=\"https:\/\/www.holyart.it\/it\/giubileo-2025-pellegrini-di-speranza\/luce-mascotte-ufficiale-del-giubileo-2025\/portachiavi-luce-and-friends-giubileo-2025-acrilico-5-cm\">Acquista su Holyart<\/a><\/strong><\/div>\r\n\t\t<\/div>\r\n\t<\/div>\r\n<\/div>\n<h2>Luce, pellegrina in versione manga<\/h2>\n<p>Durante la conferenza stampa in cui ha avuto luogo la presentazione ufficiale di Luce, Monsignor Fisichella ha sottolineato la volont\u00e0 da parte della Chiesa di\u00a0<strong>vivere all&#8217;interno della cultura pop per attrarre i giovani,\u00a0<\/strong>cercando di attrarli attraverso simboli e linguaggi a loro familiari.<br \/>\n<strong>Simone Legno<\/strong>, nato a Roma nel 1977, \u00e8 l&#8217;artista dietro la creazione di Luce. Ha fondato Tokidoki nel 2003, un marchio ispirato all&#8217;estetica giapponese e alla cultura\u00a0<em>kawaii<\/em>, che in giapponese significa &#8220;carino&#8221; o &#8220;adorabile,&#8221; un fenomeno culturale e sociale che si \u00e8 diffuso globalmente e che rappresenta un&#8217;estetica che enfatizza la dolcezza, l&#8217;innocenza e l&#8217;adorabilit\u00e0, spesso associata a stili visivi, comportamenti e oggetti che evocano un senso di tenerezza e semplicit\u00e0. Legno ha dichiarato che la sua intenzione era quella di creare un personaggio contemporaneo che potesse esprimere le emozioni delle nuove generazioni. La mascotte \u00e8 stata concepita come una risposta alla necessit\u00e0 di avere una figura che rappresentasse il <strong>Giubileo in modo innovativo e accessibile<\/strong>.<br \/>\nLuce ha suscitato reazioni miste online. Mentre molti apprezzano il suo design fresco e moderno, alcuni critici la considerano troppo distante dalla tradizione cattolica. Alcuni utenti hanno riconosciuto <a href=\"https:\/\/www.holyart.it\/it\/giubileo-2025-pellegrini-di-speranza\/luce-mascotte-ufficiale-del-giubileo-2025\/pop-socket-luce-cuore-mascotte-giubileo-2025-per-smartphone\"><strong>in Luce lo stile dei personaggi di anime o manga<\/strong><\/a>, evidenziando le sue influenze culturali asiatiche. Nonostante le critiche, Luce rappresenta un tentativo significativo da parte della Chiesa di avvicinarsi ai giovani attraverso linguaggi contemporanei.<\/p>\n<div class=\"link-product\">\n<div class=\"blocco-immagine\"><img loading=\"lazy\" decoding=\"async\" class=\"size-full wp-image-21239 alignleft\" src=\"https:\/\/blog.holyart.it\/it\/wp-content\/uploads\/sites\/17\/2025\/01\/pop-socket-luce-cuore-mascotte-giubileo-2025-per-smartphone.jpg\" alt=\"pop socket luce cuore mascotte giubileo 2025 per smartphone\" width=\"100\" height=\"100\" data-kale-share-title=\"Luce, la mascotte del Giubileo 2025: un simbolo per tutti i pellegrini\" data-kale-share-url=\"https:\/\/blog.holyart.it\/it\/?p=21225\" \/><\/div>\n<div class=\"blocco-contenuto\">\n<div class=\"blocco-acquista\">Acquista su Holyart:<\/div>\n<div class=\"blocco-titolo\"><a href=\"https:\/\/www.holyart.it\/it\/giubileo-2025-pellegrini-di-speranza\/luce-mascotte-ufficiale-del-giubileo-2025\/pop-socket-luce-cuore-mascotte-giubileo-2025-per-smartphone\">Pop socket Luce cuore mascotte Giubileo 2025 per smartphone<\/a><\/div>\n<div class=\"blocco-descrizione\">Impugnatura per cellulari di Luce, mascotte ufficiale del Giubileo 2025.<\/div>\n<\/div>\n<\/div>\n<h2>Dal Giubileo all\u2019Expo di Osaka 2025<\/h2>\n<p>Luce ha debuttato ufficialmente al\u00a0<strong>Lucca Comics &amp; Games 2024<\/strong>, la pi\u00f9 importante fiera italiana dedicata al fumetto e all&#8217;illustrazione. Questo evento ha segnato la prima volta che un Dicastero della Santa Sede ha partecipato a questa kermesse, offrendo ai visitatori l&#8217;opportunit\u00e0 di incontrare Luce e informarsi sulle attivit\u00e0 del Giubileo. Il Padiglione del Giubileo \u00e8 stato eretto presso l\u2019Arcivescovado di Lucca, in piazzale Mons. Giulio Arrigoni, 2.<\/p>\n<p>Luce rappresenter\u00e0 anche la Santa Sede all&#8217;<strong>Expo 2025 di Osaka<\/strong>, in Giappone, dal 13 aprile al 13 ottobre 2025. Qui, la mascotte sar\u00e0 il simbolo del padiglione della Santa Sede e rappresenter\u00e0 la Chiesa cattolica e il\u00a0<strong>messaggio di speranza e accoglienza<\/strong>\u00a0che il Giubileo intende trasmettere. Il tema del padiglione vaticano sar\u00e0\u00a0<em>&#8220;La Bellezza porta Speranza&#8221;<\/em>, e per questo, insieme a Luce, sar\u00e0 presente il celebre dipinto di Caravaggio\u00a0<strong>La Deposizione di Cristo<\/strong>, prestato temporaneamente dai Musei Vaticani.<br \/>\n<em>\u201cLa bellezza \u00e8 una forza che trasforma, \u00e8 capace di toccare il cuore delle persone, di risvegliare il desiderio per un mondo migliore\u201d<\/em>: cos\u00ec Mons. Fisichella ha spiegato le ragioni di questa partecipazione straordinaria.<\/p>\n<div class=\"link-article\">\n<p><img loading=\"lazy\" decoding=\"async\" class=\"size-full wp-image-21227 alignleft\" src=\"https:\/\/blog.holyart.it\/it\/wp-content\/uploads\/sites\/17\/2025\/01\/giubileo-2025.jpg\" alt=\"giubileo 2025\" width=\"150\" height=\"99\" data-kale-share-title=\"Luce, la mascotte del Giubileo 2025: un simbolo per tutti i pellegrini\" data-kale-share-url=\"https:\/\/blog.holyart.it\/it\/?p=21225\" \/><\/p>\n<div class=\"leggi-anche\">Leggi anche:<\/div>\n<p><strong><a href=\"https:\/\/www.holyart.it\/blog\/articoli-religiosi\/il-calendario-degli-eventi-del-giubileo-2025\/\">Il calendario degli eventi del Giubileo 2025<\/a><\/strong><br \/>\n\u00c8 stato pubblicato il calendario degli eventi del Giubileo 2025, dodici mesi di eventi e occasioni per approfondire la fede&#8230;<\/p>\n<\/div>\n","protected":false},"excerpt":{"rendered":"<p>Conosciamo Luce, mascotte del Giubileo 2025, un personaggio che richiama l&#8217;estetica dei manga giapponesi, e richiama una nuova apertura della Chiesa alla cultura pop e giovane In questi mesi, sfogliando i giornali o navigando sul web, vi sar\u00e0 sicuramente capitato di imbattervi in Luce,\u00a0la mascotte&hellip;<\/p>\n","protected":false},"author":1,"featured_media":21244,"comment_status":"closed","ping_status":"open","sticky":false,"template":"","format":"standard","meta":{"_acf_changed":false,"footnotes":""},"categories":[25],"tags":[],"class_list":["post-21225","post","type-post","status-publish","format-standard","has-post-thumbnail","hentry","category-giubileo-2025"],"acf":[],"yoast_head":"<!-- This site is optimized with the Yoast SEO plugin v26.6 - https:\/\/yoast.com\/wordpress\/plugins\/seo\/ -->\n<title>Luce, la mascotte del Giubileo 2025: un simbolo per tutti i pellegrini - Holyblog<\/title>\n<meta name=\"description\" content=\"Luce, mascotte del Giubileo 2025, incarna tutti i pellegrini che si apprestano a vivere gli eventi dell&#039;Anno Santo.\" \/>\n<meta name=\"robots\" content=\"index, follow, max-snippet:-1, max-image-preview:large, max-video-preview:-1\" \/>\n<link rel=\"canonical\" href=\"https:\/\/blog.holyart.it\/it\/giubileo-2025\/luce-la-mascotte-del-giubileo-2025-un-simbolo-per-tutti-i-pellegrini\/\" \/>\n<meta property=\"og:locale\" content=\"it_IT\" \/>\n<meta property=\"og:type\" content=\"article\" \/>\n<meta property=\"og:title\" content=\"Luce, la mascotte del Giubileo 2025: un simbolo per tutti i pellegrini - Holyblog\" \/>\n<meta property=\"og:description\" content=\"Luce, mascotte del Giubileo 2025, incarna tutti i pellegrini che si apprestano a vivere gli eventi dell&#039;Anno Santo.\" \/>\n<meta property=\"og:url\" content=\"https:\/\/blog.holyart.it\/it\/giubileo-2025\/luce-la-mascotte-del-giubileo-2025-un-simbolo-per-tutti-i-pellegrini\/\" \/>\n<meta property=\"og:site_name\" content=\"Holyblog\" \/>\n<meta property=\"article:published_time\" content=\"2025-01-14T11:09:56+00:00\" \/>\n<meta property=\"article:modified_time\" content=\"2025-04-17T15:17:42+00:00\" \/>\n<meta property=\"og:image\" content=\"https:\/\/blog.holyart.it\/it\/wp-content\/uploads\/sites\/17\/2025\/01\/lucemascottegiubileo2025_blog.jpg\" \/>\n\t<meta property=\"og:image:width\" content=\"1000\" \/>\n\t<meta property=\"og:image:height\" content=\"666\" \/>\n\t<meta property=\"og:image:type\" content=\"image\/jpeg\" \/>\n<meta name=\"author\" content=\"Redazione\" \/>\n<meta name=\"twitter:card\" content=\"summary_large_image\" \/>\n<meta name=\"twitter:label1\" content=\"Scritto da\" \/>\n\t<meta name=\"twitter:data1\" content=\"Redazione\" \/>\n\t<meta name=\"twitter:label2\" content=\"Tempo di lettura stimato\" \/>\n\t<meta name=\"twitter:data2\" content=\"6 minuti\" \/>\n<script type=\"application\/ld+json\" class=\"yoast-schema-graph\">{\"@context\":\"https:\/\/schema.org\",\"@graph\":[{\"@type\":\"Article\",\"@id\":\"https:\/\/blog.holyart.it\/it\/giubileo-2025\/luce-la-mascotte-del-giubileo-2025-un-simbolo-per-tutti-i-pellegrini\/#article\",\"isPartOf\":{\"@id\":\"https:\/\/blog.holyart.it\/it\/giubileo-2025\/luce-la-mascotte-del-giubileo-2025-un-simbolo-per-tutti-i-pellegrini\/\"},\"author\":{\"name\":\"Redazione\",\"@id\":\"https:\/\/blog.holyart.it\/it\/#\/schema\/person\/0a7b686e5af0f856ec1e390dd0baecda\"},\"headline\":\"Luce, la mascotte del Giubileo 2025: un simbolo per tutti i pellegrini\",\"datePublished\":\"2025-01-14T11:09:56+00:00\",\"dateModified\":\"2025-04-17T15:17:42+00:00\",\"mainEntityOfPage\":{\"@id\":\"https:\/\/blog.holyart.it\/it\/giubileo-2025\/luce-la-mascotte-del-giubileo-2025-un-simbolo-per-tutti-i-pellegrini\/\"},\"wordCount\":895,\"publisher\":{\"@id\":\"https:\/\/blog.holyart.it\/it\/#organization\"},\"image\":{\"@id\":\"https:\/\/blog.holyart.it\/it\/giubileo-2025\/luce-la-mascotte-del-giubileo-2025-un-simbolo-per-tutti-i-pellegrini\/#primaryimage\"},\"thumbnailUrl\":\"https:\/\/blog.holyart.it\/it\/wp-content\/uploads\/sites\/17\/2025\/01\/lucemascottegiubileo2025_blog.jpg\",\"articleSection\":[\"Giubileo 2025\"],\"inLanguage\":\"it-IT\"},{\"@type\":\"WebPage\",\"@id\":\"https:\/\/blog.holyart.it\/it\/giubileo-2025\/luce-la-mascotte-del-giubileo-2025-un-simbolo-per-tutti-i-pellegrini\/\",\"url\":\"https:\/\/blog.holyart.it\/it\/giubileo-2025\/luce-la-mascotte-del-giubileo-2025-un-simbolo-per-tutti-i-pellegrini\/\",\"name\":\"Luce, la mascotte del Giubileo 2025: un simbolo per tutti i pellegrini - Holyblog\",\"isPartOf\":{\"@id\":\"https:\/\/blog.holyart.it\/it\/#website\"},\"primaryImageOfPage\":{\"@id\":\"https:\/\/blog.holyart.it\/it\/giubileo-2025\/luce-la-mascotte-del-giubileo-2025-un-simbolo-per-tutti-i-pellegrini\/#primaryimage\"},\"image\":{\"@id\":\"https:\/\/blog.holyart.it\/it\/giubileo-2025\/luce-la-mascotte-del-giubileo-2025-un-simbolo-per-tutti-i-pellegrini\/#primaryimage\"},\"thumbnailUrl\":\"https:\/\/blog.holyart.it\/it\/wp-content\/uploads\/sites\/17\/2025\/01\/lucemascottegiubileo2025_blog.jpg\",\"datePublished\":\"2025-01-14T11:09:56+00:00\",\"dateModified\":\"2025-04-17T15:17:42+00:00\",\"description\":\"Luce, mascotte del Giubileo 2025, incarna tutti i pellegrini che si apprestano a vivere gli eventi dell'Anno Santo.\",\"breadcrumb\":{\"@id\":\"https:\/\/blog.holyart.it\/it\/giubileo-2025\/luce-la-mascotte-del-giubileo-2025-un-simbolo-per-tutti-i-pellegrini\/#breadcrumb\"},\"inLanguage\":\"it-IT\",\"potentialAction\":[{\"@type\":\"ReadAction\",\"target\":[\"https:\/\/blog.holyart.it\/it\/giubileo-2025\/luce-la-mascotte-del-giubileo-2025-un-simbolo-per-tutti-i-pellegrini\/\"]}]},{\"@type\":\"ImageObject\",\"inLanguage\":\"it-IT\",\"@id\":\"https:\/\/blog.holyart.it\/it\/giubileo-2025\/luce-la-mascotte-del-giubileo-2025-un-simbolo-per-tutti-i-pellegrini\/#primaryimage\",\"url\":\"https:\/\/blog.holyart.it\/it\/wp-content\/uploads\/sites\/17\/2025\/01\/lucemascottegiubileo2025_blog.jpg\",\"contentUrl\":\"https:\/\/blog.holyart.it\/it\/wp-content\/uploads\/sites\/17\/2025\/01\/lucemascottegiubileo2025_blog.jpg\",\"width\":1000,\"height\":666,\"caption\":\"luce mascotte giubileo 2025\"},{\"@type\":\"BreadcrumbList\",\"@id\":\"https:\/\/blog.holyart.it\/it\/giubileo-2025\/luce-la-mascotte-del-giubileo-2025-un-simbolo-per-tutti-i-pellegrini\/#breadcrumb\",\"itemListElement\":[{\"@type\":\"ListItem\",\"position\":1,\"name\":\"Homepage\",\"item\":\"https:\/\/blog.holyart.it\/it\/\"},{\"@type\":\"ListItem\",\"position\":2,\"name\":\"Giubileo 2025\",\"item\":\"https:\/\/blog.holyart.it\/it\/giubileo-2025\/\"},{\"@type\":\"ListItem\",\"position\":3,\"name\":\"Luce, la mascotte del Giubileo 2025: un simbolo per tutti i pellegrini\"}]},{\"@type\":\"WebSite\",\"@id\":\"https:\/\/blog.holyart.it\/it\/#website\",\"url\":\"https:\/\/blog.holyart.it\/it\/\",\"name\":\"Holyblog\",\"description\":\"Il Blog di Holyart.it\",\"publisher\":{\"@id\":\"https:\/\/blog.holyart.it\/it\/#organization\"},\"potentialAction\":[{\"@type\":\"SearchAction\",\"target\":{\"@type\":\"EntryPoint\",\"urlTemplate\":\"https:\/\/blog.holyart.it\/it\/?s={search_term_string}\"},\"query-input\":{\"@type\":\"PropertyValueSpecification\",\"valueRequired\":true,\"valueName\":\"search_term_string\"}}],\"inLanguage\":\"it-IT\"},{\"@type\":\"Organization\",\"@id\":\"https:\/\/blog.holyart.it\/it\/#organization\",\"name\":\"Holyblog\",\"url\":\"https:\/\/blog.holyart.it\/it\/\",\"logo\":{\"@type\":\"ImageObject\",\"inLanguage\":\"it-IT\",\"@id\":\"https:\/\/blog.holyart.it\/it\/#\/schema\/logo\/image\/\",\"url\":\"https:\/\/blog.holyart.it\/it\/wp-content\/uploads\/sites\/17\/2022\/12\/Holyart_Blog_Logo.jpg\",\"contentUrl\":\"https:\/\/blog.holyart.it\/it\/wp-content\/uploads\/sites\/17\/2022\/12\/Holyart_Blog_Logo.jpg\",\"width\":300,\"height\":50,\"caption\":\"Holyblog\"},\"image\":{\"@id\":\"https:\/\/blog.holyart.it\/it\/#\/schema\/logo\/image\/\"}},{\"@type\":\"Person\",\"@id\":\"https:\/\/blog.holyart.it\/it\/#\/schema\/person\/0a7b686e5af0f856ec1e390dd0baecda\",\"name\":\"Redazione\"}]}<\/script>\n<!-- \/ Yoast SEO plugin. -->","yoast_head_json":{"title":"Luce, la mascotte del Giubileo 2025: un simbolo per tutti i pellegrini - Holyblog","description":"Luce, mascotte del Giubileo 2025, incarna tutti i pellegrini che si apprestano a vivere gli eventi dell'Anno Santo.","robots":{"index":"index","follow":"follow","max-snippet":"max-snippet:-1","max-image-preview":"max-image-preview:large","max-video-preview":"max-video-preview:-1"},"canonical":"https:\/\/blog.holyart.it\/it\/giubileo-2025\/luce-la-mascotte-del-giubileo-2025-un-simbolo-per-tutti-i-pellegrini\/","og_locale":"it_IT","og_type":"article","og_title":"Luce, la mascotte del Giubileo 2025: un simbolo per tutti i pellegrini - Holyblog","og_description":"Luce, mascotte del Giubileo 2025, incarna tutti i pellegrini che si apprestano a vivere gli eventi dell'Anno Santo.","og_url":"https:\/\/blog.holyart.it\/it\/giubileo-2025\/luce-la-mascotte-del-giubileo-2025-un-simbolo-per-tutti-i-pellegrini\/","og_site_name":"Holyblog","article_published_time":"2025-01-14T11:09:56+00:00","article_modified_time":"2025-04-17T15:17:42+00:00","og_image":[{"width":1000,"height":666,"url":"https:\/\/blog.holyart.it\/it\/wp-content\/uploads\/sites\/17\/2025\/01\/lucemascottegiubileo2025_blog.jpg","type":"image\/jpeg"}],"author":"Redazione","twitter_card":"summary_large_image","twitter_misc":{"Scritto da":"Redazione","Tempo di lettura stimato":"6 minuti"},"schema":{"@context":"https:\/\/schema.org","@graph":[{"@type":"Article","@id":"https:\/\/blog.holyart.it\/it\/giubileo-2025\/luce-la-mascotte-del-giubileo-2025-un-simbolo-per-tutti-i-pellegrini\/#article","isPartOf":{"@id":"https:\/\/blog.holyart.it\/it\/giubileo-2025\/luce-la-mascotte-del-giubileo-2025-un-simbolo-per-tutti-i-pellegrini\/"},"author":{"name":"Redazione","@id":"https:\/\/blog.holyart.it\/it\/#\/schema\/person\/0a7b686e5af0f856ec1e390dd0baecda"},"headline":"Luce, la mascotte del Giubileo 2025: un simbolo per tutti i pellegrini","datePublished":"2025-01-14T11:09:56+00:00","dateModified":"2025-04-17T15:17:42+00:00","mainEntityOfPage":{"@id":"https:\/\/blog.holyart.it\/it\/giubileo-2025\/luce-la-mascotte-del-giubileo-2025-un-simbolo-per-tutti-i-pellegrini\/"},"wordCount":895,"publisher":{"@id":"https:\/\/blog.holyart.it\/it\/#organization"},"image":{"@id":"https:\/\/blog.holyart.it\/it\/giubileo-2025\/luce-la-mascotte-del-giubileo-2025-un-simbolo-per-tutti-i-pellegrini\/#primaryimage"},"thumbnailUrl":"https:\/\/blog.holyart.it\/it\/wp-content\/uploads\/sites\/17\/2025\/01\/lucemascottegiubileo2025_blog.jpg","articleSection":["Giubileo 2025"],"inLanguage":"it-IT"},{"@type":"WebPage","@id":"https:\/\/blog.holyart.it\/it\/giubileo-2025\/luce-la-mascotte-del-giubileo-2025-un-simbolo-per-tutti-i-pellegrini\/","url":"https:\/\/blog.holyart.it\/it\/giubileo-2025\/luce-la-mascotte-del-giubileo-2025-un-simbolo-per-tutti-i-pellegrini\/","name":"Luce, la mascotte del Giubileo 2025: un simbolo per tutti i pellegrini - Holyblog","isPartOf":{"@id":"https:\/\/blog.holyart.it\/it\/#website"},"primaryImageOfPage":{"@id":"https:\/\/blog.holyart.it\/it\/giubileo-2025\/luce-la-mascotte-del-giubileo-2025-un-simbolo-per-tutti-i-pellegrini\/#primaryimage"},"image":{"@id":"https:\/\/blog.holyart.it\/it\/giubileo-2025\/luce-la-mascotte-del-giubileo-2025-un-simbolo-per-tutti-i-pellegrini\/#primaryimage"},"thumbnailUrl":"https:\/\/blog.holyart.it\/it\/wp-content\/uploads\/sites\/17\/2025\/01\/lucemascottegiubileo2025_blog.jpg","datePublished":"2025-01-14T11:09:56+00:00","dateModified":"2025-04-17T15:17:42+00:00","description":"Luce, mascotte del Giubileo 2025, incarna tutti i pellegrini che si apprestano a vivere gli eventi dell'Anno Santo.","breadcrumb":{"@id":"https:\/\/blog.holyart.it\/it\/giubileo-2025\/luce-la-mascotte-del-giubileo-2025-un-simbolo-per-tutti-i-pellegrini\/#breadcrumb"},"inLanguage":"it-IT","potentialAction":[{"@type":"ReadAction","target":["https:\/\/blog.holyart.it\/it\/giubileo-2025\/luce-la-mascotte-del-giubileo-2025-un-simbolo-per-tutti-i-pellegrini\/"]}]},{"@type":"ImageObject","inLanguage":"it-IT","@id":"https:\/\/blog.holyart.it\/it\/giubileo-2025\/luce-la-mascotte-del-giubileo-2025-un-simbolo-per-tutti-i-pellegrini\/#primaryimage","url":"https:\/\/blog.holyart.it\/it\/wp-content\/uploads\/sites\/17\/2025\/01\/lucemascottegiubileo2025_blog.jpg","contentUrl":"https:\/\/blog.holyart.it\/it\/wp-content\/uploads\/sites\/17\/2025\/01\/lucemascottegiubileo2025_blog.jpg","width":1000,"height":666,"caption":"luce mascotte giubileo 2025"},{"@type":"BreadcrumbList","@id":"https:\/\/blog.holyart.it\/it\/giubileo-2025\/luce-la-mascotte-del-giubileo-2025-un-simbolo-per-tutti-i-pellegrini\/#breadcrumb","itemListElement":[{"@type":"ListItem","position":1,"name":"Homepage","item":"https:\/\/blog.holyart.it\/it\/"},{"@type":"ListItem","position":2,"name":"Giubileo 2025","item":"https:\/\/blog.holyart.it\/it\/giubileo-2025\/"},{"@type":"ListItem","position":3,"name":"Luce, la mascotte del Giubileo 2025: un simbolo per tutti i pellegrini"}]},{"@type":"WebSite","@id":"https:\/\/blog.holyart.it\/it\/#website","url":"https:\/\/blog.holyart.it\/it\/","name":"Holyblog","description":"Il Blog di Holyart.it","publisher":{"@id":"https:\/\/blog.holyart.it\/it\/#organization"},"potentialAction":[{"@type":"SearchAction","target":{"@type":"EntryPoint","urlTemplate":"https:\/\/blog.holyart.it\/it\/?s={search_term_string}"},"query-input":{"@type":"PropertyValueSpecification","valueRequired":true,"valueName":"search_term_string"}}],"inLanguage":"it-IT"},{"@type":"Organization","@id":"https:\/\/blog.holyart.it\/it\/#organization","name":"Holyblog","url":"https:\/\/blog.holyart.it\/it\/","logo":{"@type":"ImageObject","inLanguage":"it-IT","@id":"https:\/\/blog.holyart.it\/it\/#\/schema\/logo\/image\/","url":"https:\/\/blog.holyart.it\/it\/wp-content\/uploads\/sites\/17\/2022\/12\/Holyart_Blog_Logo.jpg","contentUrl":"https:\/\/blog.holyart.it\/it\/wp-content\/uploads\/sites\/17\/2022\/12\/Holyart_Blog_Logo.jpg","width":300,"height":50,"caption":"Holyblog"},"image":{"@id":"https:\/\/blog.holyart.it\/it\/#\/schema\/logo\/image\/"}},{"@type":"Person","@id":"https:\/\/blog.holyart.it\/it\/#\/schema\/person\/0a7b686e5af0f856ec1e390dd0baecda","name":"Redazione"}]}},"_links":{"self":[{"href":"https:\/\/blog.holyart.it\/it\/wp-json\/wp\/v2\/posts\/21225","targetHints":{"allow":["GET"]}}],"collection":[{"href":"https:\/\/blog.holyart.it\/it\/wp-json\/wp\/v2\/posts"}],"about":[{"href":"https:\/\/blog.holyart.it\/it\/wp-json\/wp\/v2\/types\/post"}],"author":[{"embeddable":true,"href":"https:\/\/blog.holyart.it\/it\/wp-json\/wp\/v2\/users\/1"}],"replies":[{"embeddable":true,"href":"https:\/\/blog.holyart.it\/it\/wp-json\/wp\/v2\/comments?post=21225"}],"version-history":[{"count":7,"href":"https:\/\/blog.holyart.it\/it\/wp-json\/wp\/v2\/posts\/21225\/revisions"}],"predecessor-version":[{"id":21774,"href":"https:\/\/blog.holyart.it\/it\/wp-json\/wp\/v2\/posts\/21225\/revisions\/21774"}],"wp:featuredmedia":[{"embeddable":true,"href":"https:\/\/blog.holyart.it\/it\/wp-json\/wp\/v2\/media\/21244"}],"wp:attachment":[{"href":"https:\/\/blog.holyart.it\/it\/wp-json\/wp\/v2\/media?parent=21225"}],"wp:term":[{"taxonomy":"category","embeddable":true,"href":"https:\/\/blog.holyart.it\/it\/wp-json\/wp\/v2\/categories?post=21225"},{"taxonomy":"post_tag","embeddable":true,"href":"https:\/\/blog.holyart.it\/it\/wp-json\/wp\/v2\/tags?post=21225"}],"curies":[{"name":"wp","href":"https:\/\/api.w.org\/{rel}","templated":true}]}}