{"id":21046,"date":"2025-01-08T09:50:06","date_gmt":"2025-01-08T08:50:06","guid":{"rendered":"https:\/\/blog.holyart.it\/it\/?p=21046"},"modified":"2025-08-22T11:53:12","modified_gmt":"2025-08-22T09:53:12","slug":"mappe-in-rilievo-di-roma-e-del-vaticano","status":"publish","type":"post","link":"https:\/\/blog.holyart.it\/it\/giubileo-2025\/mappe-in-rilievo-di-roma-e-del-vaticano\/","title":{"rendered":"Mappe in rilievo in legno della citt\u00e0 di Roma e del Vaticano: un ricordo del Giubileo 2025"},"content":{"rendered":"<h4>In occasione del Giubileo 2025 regalate o regalatevi una delle splendide mappe in rilievo di Roma o del Vaticano. In legno naturale, lavorate al laser, sono approvate ufficialmente dal Vaticano<\/h4>\n\n<p>Il\u00a0<strong><a href=\"https:\/\/www.holyart.it\/blog\/articoli-religiosi\/cose-il-giubileo-prepariamoci-a-un-nuovo-anno-santo\/\">Giubileo<\/a><\/strong>\u00a0ormai \u00e8 alle porte. Il 24 dicembre 2024, con il solenne rito dell&#8217;apertura della\u00a0<a href=\"https:\/\/www.holyart.it\/blog\/articoli-religiosi\/porta-santa-cose-e-cosa-rappresenta-la-sua-apertura\/\"><strong>Porta Santa<\/strong><\/a> nella Basilica di San Pietro, presieduto dal Santo Padre, l&#8217;Anno Santo prender\u00e0 ufficialmente il via. C&#8217;\u00e8 chi vivr\u00e0 questo periodo nella propria intimit\u00e0 spirituale, con momenti di preghiera e un maggior impegno verso il prossimo e il mondo in cui viviamo. Ricordiamo che il tema di questo Giubileo, espresso anche dal <a href=\"https:\/\/www.holyart.it\/blog\/articoli-religiosi\/il-significato-del-logo-del-giubileo-2025-pellegrini-di-speranza\/\"><strong>logo<\/strong><\/a>, \u00e8\u00a0<strong><em>Pellegrini di Speranza<\/em><\/strong>, e davvero c&#8217;\u00e8 tanto bisogno di speranza, ma anche di unione e misericordia, in questo momento cos\u00ec controverso della storia dell&#8217;umanit\u00e0. Qualcun altro approfitter\u00e0 dell&#8217;Anno Santo e dei\u00a0<strong><a href=\"https:\/\/www.holyart.it\/blog\/articoli-religiosi\/il-calendario-degli-eventi-del-giubileo-2025\/\">tanti eventi<\/a><\/strong>\u00a0che lo caratterizzano per compiere un\u00a0<strong>pellegrinaggio<\/strong>, magari a Roma,\u00a0<strong><a href=\"https:\/\/www.holyart.it\/blog\/articoli-religiosi\/pellegrinaggio-a-roma-tra-le-mete-preferite-dei-cristiani\/\">una delle mete preferite dai pellegrini di ogni tempo<\/a><\/strong>, e potrebbe desiderare portare a casa un ricordo originale e prezioso di questo viaggio, che non \u00e8 una semplice gita turistica, ma un vero percorso di fede, introspezione e crescita spirituale. Ecco allora che abbiamo pensato di proporvi le\u00a0<strong>mappe in rilievo di Roma e del Vaticano<\/strong>, vere e proprie opere d&#8217;arte ideali per commemorare un evento storico e spirituale pi\u00f9 significativo. Queste mappe sono splendidi oggetti di design e saranno perfette per arricchire qualsiasi ambiente, ma in pi\u00f9 vi ricorderanno in ogni momento del viaggio intrapreso in occasione del Giubileo. Un capolavoro artigianale, disponibile in edizione limitata e approvata dal Vaticano, un\u2019occasione unica per possedere un ricordo duraturo del Giubileo 2025.<\/p>\n<div class=\"link-article\">\n<p><img loading=\"lazy\" decoding=\"async\" class=\"size-full wp-image-21048 alignleft\" src=\"https:\/\/blog.holyart.it\/it\/wp-content\/uploads\/sites\/17\/2024\/12\/giubileo-2025.jpg\" alt=\"giubileo 2025\" width=\"150\" height=\"99\" data-kale-share-title=\"Mappe in rilievo in legno della citt\u00e0 di Roma e del Vaticano: un ricordo del Giubileo 2025\" data-kale-share-url=\"https:\/\/blog.holyart.it\/it\/?p=21046\" \/><\/p>\n<div class=\"leggi-anche\">Leggi anche:<\/div>\n<p><strong><a href=\"https:\/\/www.holyart.it\/blog\/articoli-religiosi\/il-calendario-degli-eventi-del-giubileo-2025\/\">Il calendario degli eventi del Giubileo 2025<\/a><\/strong><br \/>\n\u00c8 stato pubblicato il calendario degli eventi del Giubileo 2025, dodici mesi di eventi e occasioni per approfondire la fede&#8230;<\/p>\n<\/div>\n<h2>Le mappe di Roma e del Vaticano per il Giubileo<\/h2>\n<p>Queste esclusive mappe in rilievo sono disponibili\u00a0<strong>in edizione limitata<\/strong>\u00a0in due modelli, che trovate nel nostro store: la\u00a0<strong><a href=\"https:\/\/www.holyart.it\/it\/giubileo-2025-pellegrini-di-speranza\/gadget-e-souvenir-giubileo-2025\/mappa-rilievo-legno-vaticano-logo-giubileo-35x35-cm-ed-limitata\">mappa in legno in rilievo del Vaticano<\/a><\/strong>\u00a0e la\u00a0<strong><a href=\"https:\/\/www.holyart.it\/it\/giubileo-2025-pellegrini-di-speranza\/gadget-e-souvenir-giubileo-2025\/mappa-legno-rilievo-roma-giubileo-35x35-cm-ed-limitata\">mappa in rilievo della citt\u00e0 di Roma<\/a><\/strong>. Realizzate sotto\u00a0<strong>licenza ufficiale del Vaticano<\/strong>\u00a0da un\u2019azienda canadese che produce in Canada e vende principalmente in Germania, queste straordinarie mappe in legno combinano artigianalit\u00e0 e design di alta precisione. Ogni mappa \u00e8 creata intagliando il legno con\u00a0<strong>tecnologia laser<\/strong>, sovrapponendo diversi strati per riprodurre ogni dettaglio geografico con straordinaria accuratezza. Le sezioni che necessitano di colori particolari, come i corsi d\u2019acqua, sono dipinte a mano con colori naturali, per garantire un risultato unico e raffinato. Il\u00a0<strong>logo del Giubileo 2025\u00a0<\/strong>\u00e8 presente su ogni mappa. Per ciascuno dei due motivi sono disponibili\u00a0<strong>solo 1000 esemplari numerati<\/strong>, caratteristica che fa di queste mappe un ricordo esclusivo per chi vuole celebrare il Giubileo in modo autentico.<\/p>\n<p>Le mappe in rilievo sono prodotte con\u00a0<strong>legno naturale<\/strong>, coloranti vegetali e adesivi ecologici, che garantiscono un prodotto di qualit\u00e0, sostenibile e rispettoso dell\u2019ambiente. Le venature naturali del legno rendono ogni pezzo unico e irripetibile.<\/p>\n<div class=\"sp-styles-warning\" style=\"width: 450px; background-color: #FFF; color: #F00; border: 1px solid #F00; padding: 10px; font-size: 14px;\">\n\t\t\t<span style=\"font-weight: bold;\">Warning: The stylesheets were not loaded!<\/span> \n\t\t\tYou will need to change the <i>Load stylesheets<\/i> setting from <i>Automatically<\/i> to <i>On homepage<\/i> or <i>On all pages<\/i>. \n\t\t\tYou can set that <a style=\"text-decoration: underline; color: #F00;\" href=\"https:\/\/blog.holyart.it\/it\/wp-admin\/admin.php?page=sliderpro-settings\">here<\/a>.\n\t\t\t<\/div>\r\n<div id=\"slider-pro-221\" class=\"slider-pro sp-no-js\" style=\"width: 500px; height: 500px;\">\r\n\t<div class=\"sp-slides\">\r\n\t\t\r\n\t\t<div class=\"sp-slide\">\r\n\t\t\t<img loading=\"lazy\" decoding=\"async\" class=\"sp-image\" src=\"https:\/\/blog.holyart.it\/it\/wp-content\/uploads\/sites\/17\/2024\/12\/mappa-rilievo-legno-vaticano-logo-giubileo-35x35-cm-ed-limitata.jpg\" alt=\"mappa rilievo legno vaticano logo giubileo 35x35 cm ed limitata\" width=\"500\" height=\"500\" \/>\r\n\t\t\t<div class=\"sp-thumbnail\"><a class=\"\" href=\"https:\/\/www.holyart.it\/it\/giubileo-2025-pellegrini-di-speranza\/gadget-e-souvenir-giubileo-2025\/mappa-rilievo-legno-vaticano-logo-giubileo-35x35-cm-ed-limitata\">\r\n\t\t\t\t<img decoding=\"async\" src=\"https:\/\/blog.holyart.it\/it\/wp-content\/uploads\/sites\/17\/2024\/12\/mappa-rilievo-legno-vaticano-logo-giubileo-35x35-cm-ed-limitata-1.jpg\" alt=\"mappa rilievo legno vaticano logo giubileo 35x35 cm ed limitata\" \/>\r\n\t\t\t<\/a>\r\n\t\t\t<\/div>\r\n\t\t\t<div class=\"sp-caption\">Mappa in legno in rilievo del Vaticano con logo ufficiale del Giubileo 2025, dimensioni 35x35 cm, edizione limitata.<br \/>\nLe mappe da parete del Vaticano e di Roma sono approvate e autorizzate dal Vaticano, rendendole vere e proprie opere d'arte uniche per commemorare il Giubileo 2025.<br \/><strong><a href=\"https:\/\/www.holyart.it\/it\/giubileo-2025-pellegrini-di-speranza\/gadget-e-souvenir-giubileo-2025\/mappa-rilievo-legno-vaticano-logo-giubileo-35x35-cm-ed-limitata\">Acquista su Holyart<\/a><\/strong><\/div>\r\n\t\t<\/div>\r\n\t\t<div class=\"sp-slide\">\r\n\t\t\t<img loading=\"lazy\" decoding=\"async\" class=\"sp-image\" src=\"https:\/\/blog.holyart.it\/it\/wp-content\/uploads\/sites\/17\/2024\/12\/mappa-legno-rilievo-roma-giubileo-35x35-cm-ed-limitata.jpg\" alt=\"mappa legno rilievo roma giubileo 35x35 cm ed limitata\" width=\"500\" height=\"500\" \/>\r\n\t\t\t<div class=\"sp-thumbnail\"><a class=\"\" href=\"https:\/\/www.holyart.it\/it\/giubileo-2025-pellegrini-di-speranza\/gadget-e-souvenir-giubileo-2025\/mappa-legno-rilievo-roma-giubileo-35x35-cm-ed-limitata\">\r\n\t\t\t\t<img decoding=\"async\" src=\"https:\/\/blog.holyart.it\/it\/wp-content\/uploads\/sites\/17\/2024\/12\/mappa-legno-rilievo-roma-giubileo-35x35-cm-ed-limitata-1.jpg\" alt=\"mappa legno rilievo roma giubileo 35x35 cm ed limitata\" \/>\r\n\t\t\t<\/a>\r\n\t\t\t<\/div>\r\n\t\t\t<div class=\"sp-caption\">Mappa in legno in rilievo di Roma con logo ufficiale del Giubileo 2025, dimensioni 35x35 cm, edizione limitata.\n<br \/>\nLe mappe da parete del Vaticano e di Roma sono approvate e autorizzate dal Vaticano, rendendole vere e proprie opere d'arte uniche per commemorare il Giubileo 2025.<br \/><strong><a href=\"https:\/\/www.holyart.it\/it\/giubileo-2025-pellegrini-di-speranza\/gadget-e-souvenir-giubileo-2025\/mappa-legno-rilievo-roma-giubileo-35x35-cm-ed-limitata\">Acquista su Holyart<\/a><\/strong><\/div>\r\n\t\t<\/div>\r\n\t<\/div>\r\n<\/div>\n<h2>La tecnica delle incisioni a laser su legno<\/h2>\n<p>L&#8217;incisione laser su legno \u00e8 una tecnica avanzata che utilizza un\u00a0<strong>raggio laser<\/strong>\u00a0per creare motivi e scritte dettagliate sulla superficie del legno. Questo processo avviene tramite la vaporizzazione del materiale, e consente di ottenere incisioni precise e durature, che possono variare da effetti leggeri a profondit\u00e0 significative a seconda dell&#8217;intensit\u00e0 del laser utilizzato. A differenza di altre tecniche, l&#8217;incisione laser crea\u00a0<strong>marcature permanenti<\/strong>, perch\u00e9 non applica un rivestimento superficiale, ma brucia il materiale. Questo consente anche di ottenere dettagli molto fini, il che rende questa tecnica ideale per personalizzare oggetti in legno come regali, decorazioni e articoli promozionali.<br \/>\nIl processo di incisione inizia con la\u00a0<strong>creazione di un design digitale<\/strong>, che viene poi trasferito alla macchina laser. Durante l&#8217;incisione, il raggio laser interagisce con il legno, vaporizzandolo nei punti desiderati. \u00c8 fondamentale che il pezzo di legno sia ben preparato, levigato e privo di polvere per garantire un risultato ottimale.<img loading=\"lazy\" decoding=\"async\" class=\"size-full wp-image-21054 aligncenter\" src=\"https:\/\/blog.holyart.it\/it\/wp-content\/uploads\/sites\/17\/2024\/12\/taglio-laser.jpg\" alt=\"taglio laser mappa in legno\" width=\"1000\" height=\"1000\" data-kale-share-title=\"Mappe in rilievo in legno della citt\u00e0 di Roma e del Vaticano: un ricordo del Giubileo 2025\" data-kale-share-url=\"https:\/\/blog.holyart.it\/it\/?p=21046\" \/><\/p>\n<p>L&#8217;azienda canadese CUTTING BROTHERS, che realizza le mappe in rilievo per il Giubileo, \u00e8 nota per le sue applicazioni innovative della tecnica di incisione laser su legno. In particolare producono mappe in rilievo da parete in legno 3D esclusive e di altissima qualit\u00e0. La loro mission \u00e8 quella di portare il mondo nelle case dei\u00a0clienti in un modo unico e inimitabile, attraverso la perfetta combinazione di arte, innovazione e cura per i dettagli. Le loro mappe, come nel caso delle mappe in rilievo di Roma e del Vaticano, non si limitano a rappresentare la bellezza geografica, ma offrono un legame profondo con i luoghi e le storie che essi custodiscono. Ogni mappa \u00e8 un viaggio emozionale che trasforma lo spazio in una celebrazione della meraviglia del nostro pianeta.<img loading=\"lazy\" decoding=\"async\" class=\"size-full wp-image-21055 aligncenter\" src=\"https:\/\/blog.holyart.it\/it\/wp-content\/uploads\/sites\/17\/2024\/12\/produzione-legno.jpg\" alt=\"produzione legno\" width=\"600\" height=\"600\" data-kale-share-title=\"Mappe in rilievo in legno della citt\u00e0 di Roma e del Vaticano: un ricordo del Giubileo 2025\" data-kale-share-url=\"https:\/\/blog.holyart.it\/it\/?p=21046\" \/><\/p>\n<h2>Legno ideale per incisioni a laser<\/h2>\n<p>La scelta del legno per l&#8217;incisione a laser \u00e8 cruciale e pu\u00f2 influenzare significativamente la qualit\u00e0 e l&#8217;aspetto finale del prodotto. Quando si sceglie il legno, \u00e8 importante considerare anche il\u00a0<strong>contenuto di resina<\/strong>. Legni con basso contenuto di resina tendono a produrre incisioni pi\u00f9 chiare e pulite, mentre quelli con alta resina possono comportare bruciature pi\u00f9 scure e meno uniformi. Inoltre, la\u00a0<strong>grana del legno<\/strong>\u00a0deve essere uniforme per garantire un&#8217;incisione di alta qualit\u00e0.<\/p>\n<p>I\u00a0<strong>legni duri\u00a0<\/strong>sono generalmente preferiti per incisioni dettagliate grazie alla loro densit\u00e0 e alla grana fine. Il legno di\u00a0<strong>acero<\/strong>, con la sua tonalit\u00e0 chiara e le venature uniformi, \u00e8 particolarmente apprezzato per la sua capacit\u00e0 di mostrare dettagli fini e contrasti netti nelle incisioni. Il legno di\u00a0<strong>ciliegio<\/strong>, con il suo colore rossastro e una composizione fine, \u00e8 ideale per incisioni che richiedono un buon contrasto, mentre la <strong>quercia<\/strong>, grazie alla sua robustezza, offre incisioni scure e dettagliate, ma richiede una maggiore potenza del laser.<\/p>\n<p>I\u00a0<strong>legni teneri<\/strong>\u00a0sono pi\u00f9 facili da lavorare e richiedono meno potenza per l&#8217;incisione, ma possono risultare meno duraturi nel tempo. Il legno di\u00a0<strong>tiglio<\/strong>\u00a0cattura bene le caratteristiche fini grazie alla sua morbidezza, che lo rende particolarmente adatto per incisioni dettagliate, mentre quello di\u00a0<strong>pino<\/strong>, facile da incidere, pu\u00f2 presentare difetti a causa della resina e della grana irregolare, col risultato di incisioni meno nette. La\u00a0<strong>betulla<\/strong>, chiara e liscia, offre un buon compromesso tra risultati soddisfacenti e un costo contenuto.<\/p>\n","protected":false},"excerpt":{"rendered":"<p>In occasione del Giubileo 2025 regalate o regalatevi una delle splendide mappe in rilievo di Roma o del Vaticano. In legno naturale, lavorate al laser, sono approvate ufficialmente dal Vaticano Il\u00a0Giubileo\u00a0ormai \u00e8 alle porte. Il 24 dicembre 2024, con il solenne rito dell&#8217;apertura della\u00a0Porta Santa&hellip;<\/p>\n","protected":false},"author":1,"featured_media":21147,"comment_status":"closed","ping_status":"open","sticky":false,"template":"","format":"standard","meta":{"_acf_changed":false,"footnotes":""},"categories":[25],"tags":[],"class_list":["post-21046","post","type-post","status-publish","format-standard","has-post-thumbnail","hentry","category-giubileo-2025"],"acf":[],"yoast_head":"<!-- This site is optimized with the Yoast SEO plugin v26.6 - https:\/\/yoast.com\/wordpress\/plugins\/seo\/ -->\n<title>Mappe in rilievo in legno della citt\u00e0 di Roma e del Vaticano<\/title>\n<meta name=\"description\" content=\"Le mappe in rilievo per il Giubileo offrono un ricordo indelebile. Prodotte con legno naturale inciso con il laser e approvate dal Vaticano.\" \/>\n<meta name=\"robots\" content=\"index, follow, max-snippet:-1, max-image-preview:large, max-video-preview:-1\" \/>\n<link rel=\"canonical\" href=\"https:\/\/blog.holyart.it\/it\/giubileo-2025\/mappe-in-rilievo-di-roma-e-del-vaticano\/\" \/>\n<meta property=\"og:locale\" content=\"it_IT\" \/>\n<meta property=\"og:type\" content=\"article\" \/>\n<meta property=\"og:title\" content=\"Mappe in rilievo in legno della citt\u00e0 di Roma e del Vaticano\" \/>\n<meta property=\"og:description\" content=\"Le mappe in rilievo per il Giubileo offrono un ricordo indelebile. Prodotte con legno naturale inciso con il laser e approvate dal Vaticano.\" \/>\n<meta property=\"og:url\" content=\"https:\/\/blog.holyart.it\/it\/giubileo-2025\/mappe-in-rilievo-di-roma-e-del-vaticano\/\" \/>\n<meta property=\"og:site_name\" content=\"Holyblog\" \/>\n<meta property=\"article:published_time\" content=\"2025-01-08T08:50:06+00:00\" \/>\n<meta property=\"article:modified_time\" content=\"2025-08-22T09:53:12+00:00\" \/>\n<meta property=\"og:image\" content=\"https:\/\/blog.holyart.it\/it\/wp-content\/uploads\/sites\/17\/2024\/12\/mappe-in-rilievo-giubileo.jpg\" \/>\n\t<meta property=\"og:image:width\" content=\"1000\" \/>\n\t<meta property=\"og:image:height\" content=\"666\" \/>\n\t<meta property=\"og:image:type\" content=\"image\/jpeg\" \/>\n<meta name=\"author\" content=\"Redazione\" \/>\n<meta name=\"twitter:card\" content=\"summary_large_image\" \/>\n<meta name=\"twitter:label1\" content=\"Scritto da\" \/>\n\t<meta name=\"twitter:data1\" content=\"Redazione\" \/>\n\t<meta name=\"twitter:label2\" content=\"Tempo di lettura stimato\" \/>\n\t<meta name=\"twitter:data2\" content=\"7 minuti\" \/>\n<script type=\"application\/ld+json\" class=\"yoast-schema-graph\">{\"@context\":\"https:\/\/schema.org\",\"@graph\":[{\"@type\":\"Article\",\"@id\":\"https:\/\/blog.holyart.it\/it\/giubileo-2025\/mappe-in-rilievo-di-roma-e-del-vaticano\/#article\",\"isPartOf\":{\"@id\":\"https:\/\/blog.holyart.it\/it\/giubileo-2025\/mappe-in-rilievo-di-roma-e-del-vaticano\/\"},\"author\":{\"name\":\"Redazione\",\"@id\":\"https:\/\/blog.holyart.it\/it\/#\/schema\/person\/0a7b686e5af0f856ec1e390dd0baecda\"},\"headline\":\"Mappe in rilievo in legno della citt\u00e0 di Roma e del Vaticano: un ricordo del Giubileo 2025\",\"datePublished\":\"2025-01-08T08:50:06+00:00\",\"dateModified\":\"2025-08-22T09:53:12+00:00\",\"mainEntityOfPage\":{\"@id\":\"https:\/\/blog.holyart.it\/it\/giubileo-2025\/mappe-in-rilievo-di-roma-e-del-vaticano\/\"},\"wordCount\":1027,\"publisher\":{\"@id\":\"https:\/\/blog.holyart.it\/it\/#organization\"},\"image\":{\"@id\":\"https:\/\/blog.holyart.it\/it\/giubileo-2025\/mappe-in-rilievo-di-roma-e-del-vaticano\/#primaryimage\"},\"thumbnailUrl\":\"https:\/\/blog.holyart.it\/it\/wp-content\/uploads\/sites\/17\/2024\/12\/mappe-in-rilievo-giubileo.jpg\",\"articleSection\":[\"Giubileo 2025\"],\"inLanguage\":\"it-IT\"},{\"@type\":\"WebPage\",\"@id\":\"https:\/\/blog.holyart.it\/it\/giubileo-2025\/mappe-in-rilievo-di-roma-e-del-vaticano\/\",\"url\":\"https:\/\/blog.holyart.it\/it\/giubileo-2025\/mappe-in-rilievo-di-roma-e-del-vaticano\/\",\"name\":\"Mappe in rilievo in legno della citt\u00e0 di Roma e del Vaticano\",\"isPartOf\":{\"@id\":\"https:\/\/blog.holyart.it\/it\/#website\"},\"primaryImageOfPage\":{\"@id\":\"https:\/\/blog.holyart.it\/it\/giubileo-2025\/mappe-in-rilievo-di-roma-e-del-vaticano\/#primaryimage\"},\"image\":{\"@id\":\"https:\/\/blog.holyart.it\/it\/giubileo-2025\/mappe-in-rilievo-di-roma-e-del-vaticano\/#primaryimage\"},\"thumbnailUrl\":\"https:\/\/blog.holyart.it\/it\/wp-content\/uploads\/sites\/17\/2024\/12\/mappe-in-rilievo-giubileo.jpg\",\"datePublished\":\"2025-01-08T08:50:06+00:00\",\"dateModified\":\"2025-08-22T09:53:12+00:00\",\"description\":\"Le mappe in rilievo per il Giubileo offrono un ricordo indelebile. Prodotte con legno naturale inciso con il laser e approvate dal Vaticano.\",\"breadcrumb\":{\"@id\":\"https:\/\/blog.holyart.it\/it\/giubileo-2025\/mappe-in-rilievo-di-roma-e-del-vaticano\/#breadcrumb\"},\"inLanguage\":\"it-IT\",\"potentialAction\":[{\"@type\":\"ReadAction\",\"target\":[\"https:\/\/blog.holyart.it\/it\/giubileo-2025\/mappe-in-rilievo-di-roma-e-del-vaticano\/\"]}]},{\"@type\":\"ImageObject\",\"inLanguage\":\"it-IT\",\"@id\":\"https:\/\/blog.holyart.it\/it\/giubileo-2025\/mappe-in-rilievo-di-roma-e-del-vaticano\/#primaryimage\",\"url\":\"https:\/\/blog.holyart.it\/it\/wp-content\/uploads\/sites\/17\/2024\/12\/mappe-in-rilievo-giubileo.jpg\",\"contentUrl\":\"https:\/\/blog.holyart.it\/it\/wp-content\/uploads\/sites\/17\/2024\/12\/mappe-in-rilievo-giubileo.jpg\",\"width\":1000,\"height\":666,\"caption\":\"mappe in rilievo giubileo\"},{\"@type\":\"BreadcrumbList\",\"@id\":\"https:\/\/blog.holyart.it\/it\/giubileo-2025\/mappe-in-rilievo-di-roma-e-del-vaticano\/#breadcrumb\",\"itemListElement\":[{\"@type\":\"ListItem\",\"position\":1,\"name\":\"Homepage\",\"item\":\"https:\/\/blog.holyart.it\/it\/\"},{\"@type\":\"ListItem\",\"position\":2,\"name\":\"Giubileo 2025\",\"item\":\"https:\/\/blog.holyart.it\/it\/giubileo-2025\/\"},{\"@type\":\"ListItem\",\"position\":3,\"name\":\"Mappe in rilievo in legno della citt\u00e0 di Roma e del Vaticano: un ricordo del Giubileo 2025\"}]},{\"@type\":\"WebSite\",\"@id\":\"https:\/\/blog.holyart.it\/it\/#website\",\"url\":\"https:\/\/blog.holyart.it\/it\/\",\"name\":\"Holyblog\",\"description\":\"Il Blog di Holyart.it\",\"publisher\":{\"@id\":\"https:\/\/blog.holyart.it\/it\/#organization\"},\"potentialAction\":[{\"@type\":\"SearchAction\",\"target\":{\"@type\":\"EntryPoint\",\"urlTemplate\":\"https:\/\/blog.holyart.it\/it\/?s={search_term_string}\"},\"query-input\":{\"@type\":\"PropertyValueSpecification\",\"valueRequired\":true,\"valueName\":\"search_term_string\"}}],\"inLanguage\":\"it-IT\"},{\"@type\":\"Organization\",\"@id\":\"https:\/\/blog.holyart.it\/it\/#organization\",\"name\":\"Holyblog\",\"url\":\"https:\/\/blog.holyart.it\/it\/\",\"logo\":{\"@type\":\"ImageObject\",\"inLanguage\":\"it-IT\",\"@id\":\"https:\/\/blog.holyart.it\/it\/#\/schema\/logo\/image\/\",\"url\":\"https:\/\/blog.holyart.it\/it\/wp-content\/uploads\/sites\/17\/2022\/12\/Holyart_Blog_Logo.jpg\",\"contentUrl\":\"https:\/\/blog.holyart.it\/it\/wp-content\/uploads\/sites\/17\/2022\/12\/Holyart_Blog_Logo.jpg\",\"width\":300,\"height\":50,\"caption\":\"Holyblog\"},\"image\":{\"@id\":\"https:\/\/blog.holyart.it\/it\/#\/schema\/logo\/image\/\"}},{\"@type\":\"Person\",\"@id\":\"https:\/\/blog.holyart.it\/it\/#\/schema\/person\/0a7b686e5af0f856ec1e390dd0baecda\",\"name\":\"Redazione\"}]}<\/script>\n<!-- \/ Yoast SEO plugin. -->","yoast_head_json":{"title":"Mappe in rilievo in legno della citt\u00e0 di Roma e del Vaticano","description":"Le mappe in rilievo per il Giubileo offrono un ricordo indelebile. Prodotte con legno naturale inciso con il laser e approvate dal Vaticano.","robots":{"index":"index","follow":"follow","max-snippet":"max-snippet:-1","max-image-preview":"max-image-preview:large","max-video-preview":"max-video-preview:-1"},"canonical":"https:\/\/blog.holyart.it\/it\/giubileo-2025\/mappe-in-rilievo-di-roma-e-del-vaticano\/","og_locale":"it_IT","og_type":"article","og_title":"Mappe in rilievo in legno della citt\u00e0 di Roma e del Vaticano","og_description":"Le mappe in rilievo per il Giubileo offrono un ricordo indelebile. Prodotte con legno naturale inciso con il laser e approvate dal Vaticano.","og_url":"https:\/\/blog.holyart.it\/it\/giubileo-2025\/mappe-in-rilievo-di-roma-e-del-vaticano\/","og_site_name":"Holyblog","article_published_time":"2025-01-08T08:50:06+00:00","article_modified_time":"2025-08-22T09:53:12+00:00","og_image":[{"width":1000,"height":666,"url":"https:\/\/blog.holyart.it\/it\/wp-content\/uploads\/sites\/17\/2024\/12\/mappe-in-rilievo-giubileo.jpg","type":"image\/jpeg"}],"author":"Redazione","twitter_card":"summary_large_image","twitter_misc":{"Scritto da":"Redazione","Tempo di lettura stimato":"7 minuti"},"schema":{"@context":"https:\/\/schema.org","@graph":[{"@type":"Article","@id":"https:\/\/blog.holyart.it\/it\/giubileo-2025\/mappe-in-rilievo-di-roma-e-del-vaticano\/#article","isPartOf":{"@id":"https:\/\/blog.holyart.it\/it\/giubileo-2025\/mappe-in-rilievo-di-roma-e-del-vaticano\/"},"author":{"name":"Redazione","@id":"https:\/\/blog.holyart.it\/it\/#\/schema\/person\/0a7b686e5af0f856ec1e390dd0baecda"},"headline":"Mappe in rilievo in legno della citt\u00e0 di Roma e del Vaticano: un ricordo del Giubileo 2025","datePublished":"2025-01-08T08:50:06+00:00","dateModified":"2025-08-22T09:53:12+00:00","mainEntityOfPage":{"@id":"https:\/\/blog.holyart.it\/it\/giubileo-2025\/mappe-in-rilievo-di-roma-e-del-vaticano\/"},"wordCount":1027,"publisher":{"@id":"https:\/\/blog.holyart.it\/it\/#organization"},"image":{"@id":"https:\/\/blog.holyart.it\/it\/giubileo-2025\/mappe-in-rilievo-di-roma-e-del-vaticano\/#primaryimage"},"thumbnailUrl":"https:\/\/blog.holyart.it\/it\/wp-content\/uploads\/sites\/17\/2024\/12\/mappe-in-rilievo-giubileo.jpg","articleSection":["Giubileo 2025"],"inLanguage":"it-IT"},{"@type":"WebPage","@id":"https:\/\/blog.holyart.it\/it\/giubileo-2025\/mappe-in-rilievo-di-roma-e-del-vaticano\/","url":"https:\/\/blog.holyart.it\/it\/giubileo-2025\/mappe-in-rilievo-di-roma-e-del-vaticano\/","name":"Mappe in rilievo in legno della citt\u00e0 di Roma e del Vaticano","isPartOf":{"@id":"https:\/\/blog.holyart.it\/it\/#website"},"primaryImageOfPage":{"@id":"https:\/\/blog.holyart.it\/it\/giubileo-2025\/mappe-in-rilievo-di-roma-e-del-vaticano\/#primaryimage"},"image":{"@id":"https:\/\/blog.holyart.it\/it\/giubileo-2025\/mappe-in-rilievo-di-roma-e-del-vaticano\/#primaryimage"},"thumbnailUrl":"https:\/\/blog.holyart.it\/it\/wp-content\/uploads\/sites\/17\/2024\/12\/mappe-in-rilievo-giubileo.jpg","datePublished":"2025-01-08T08:50:06+00:00","dateModified":"2025-08-22T09:53:12+00:00","description":"Le mappe in rilievo per il Giubileo offrono un ricordo indelebile. Prodotte con legno naturale inciso con il laser e approvate dal Vaticano.","breadcrumb":{"@id":"https:\/\/blog.holyart.it\/it\/giubileo-2025\/mappe-in-rilievo-di-roma-e-del-vaticano\/#breadcrumb"},"inLanguage":"it-IT","potentialAction":[{"@type":"ReadAction","target":["https:\/\/blog.holyart.it\/it\/giubileo-2025\/mappe-in-rilievo-di-roma-e-del-vaticano\/"]}]},{"@type":"ImageObject","inLanguage":"it-IT","@id":"https:\/\/blog.holyart.it\/it\/giubileo-2025\/mappe-in-rilievo-di-roma-e-del-vaticano\/#primaryimage","url":"https:\/\/blog.holyart.it\/it\/wp-content\/uploads\/sites\/17\/2024\/12\/mappe-in-rilievo-giubileo.jpg","contentUrl":"https:\/\/blog.holyart.it\/it\/wp-content\/uploads\/sites\/17\/2024\/12\/mappe-in-rilievo-giubileo.jpg","width":1000,"height":666,"caption":"mappe in rilievo giubileo"},{"@type":"BreadcrumbList","@id":"https:\/\/blog.holyart.it\/it\/giubileo-2025\/mappe-in-rilievo-di-roma-e-del-vaticano\/#breadcrumb","itemListElement":[{"@type":"ListItem","position":1,"name":"Homepage","item":"https:\/\/blog.holyart.it\/it\/"},{"@type":"ListItem","position":2,"name":"Giubileo 2025","item":"https:\/\/blog.holyart.it\/it\/giubileo-2025\/"},{"@type":"ListItem","position":3,"name":"Mappe in rilievo in legno della citt\u00e0 di Roma e del Vaticano: un ricordo del Giubileo 2025"}]},{"@type":"WebSite","@id":"https:\/\/blog.holyart.it\/it\/#website","url":"https:\/\/blog.holyart.it\/it\/","name":"Holyblog","description":"Il Blog di Holyart.it","publisher":{"@id":"https:\/\/blog.holyart.it\/it\/#organization"},"potentialAction":[{"@type":"SearchAction","target":{"@type":"EntryPoint","urlTemplate":"https:\/\/blog.holyart.it\/it\/?s={search_term_string}"},"query-input":{"@type":"PropertyValueSpecification","valueRequired":true,"valueName":"search_term_string"}}],"inLanguage":"it-IT"},{"@type":"Organization","@id":"https:\/\/blog.holyart.it\/it\/#organization","name":"Holyblog","url":"https:\/\/blog.holyart.it\/it\/","logo":{"@type":"ImageObject","inLanguage":"it-IT","@id":"https:\/\/blog.holyart.it\/it\/#\/schema\/logo\/image\/","url":"https:\/\/blog.holyart.it\/it\/wp-content\/uploads\/sites\/17\/2022\/12\/Holyart_Blog_Logo.jpg","contentUrl":"https:\/\/blog.holyart.it\/it\/wp-content\/uploads\/sites\/17\/2022\/12\/Holyart_Blog_Logo.jpg","width":300,"height":50,"caption":"Holyblog"},"image":{"@id":"https:\/\/blog.holyart.it\/it\/#\/schema\/logo\/image\/"}},{"@type":"Person","@id":"https:\/\/blog.holyart.it\/it\/#\/schema\/person\/0a7b686e5af0f856ec1e390dd0baecda","name":"Redazione"}]}},"_links":{"self":[{"href":"https:\/\/blog.holyart.it\/it\/wp-json\/wp\/v2\/posts\/21046","targetHints":{"allow":["GET"]}}],"collection":[{"href":"https:\/\/blog.holyart.it\/it\/wp-json\/wp\/v2\/posts"}],"about":[{"href":"https:\/\/blog.holyart.it\/it\/wp-json\/wp\/v2\/types\/post"}],"author":[{"embeddable":true,"href":"https:\/\/blog.holyart.it\/it\/wp-json\/wp\/v2\/users\/1"}],"replies":[{"embeddable":true,"href":"https:\/\/blog.holyart.it\/it\/wp-json\/wp\/v2\/comments?post=21046"}],"version-history":[{"count":3,"href":"https:\/\/blog.holyart.it\/it\/wp-json\/wp\/v2\/posts\/21046\/revisions"}],"predecessor-version":[{"id":21056,"href":"https:\/\/blog.holyart.it\/it\/wp-json\/wp\/v2\/posts\/21046\/revisions\/21056"}],"wp:featuredmedia":[{"embeddable":true,"href":"https:\/\/blog.holyart.it\/it\/wp-json\/wp\/v2\/media\/21147"}],"wp:attachment":[{"href":"https:\/\/blog.holyart.it\/it\/wp-json\/wp\/v2\/media?parent=21046"}],"wp:term":[{"taxonomy":"category","embeddable":true,"href":"https:\/\/blog.holyart.it\/it\/wp-json\/wp\/v2\/categories?post=21046"},{"taxonomy":"post_tag","embeddable":true,"href":"https:\/\/blog.holyart.it\/it\/wp-json\/wp\/v2\/tags?post=21046"}],"curies":[{"name":"wp","href":"https:\/\/api.w.org\/{rel}","templated":true}]}}