{"id":21017,"date":"2024-12-23T10:00:48","date_gmt":"2024-12-23T09:00:48","guid":{"rendered":"https:\/\/blog.holyart.it\/it\/?p=21017"},"modified":"2025-12-18T09:20:27","modified_gmt":"2025-12-18T08:20:27","slug":"lalbero-di-natale-piu-bello-del-mondo-la-lista-dei-10-candidati","status":"publish","type":"post","link":"https:\/\/blog.holyart.it\/it\/natale\/lalbero-di-natale-piu-bello-del-mondo-la-lista-dei-10-candidati\/","title":{"rendered":"L&#8217;albero di Natale pi\u00f9 bello del mondo: la lista dei 10 candidati"},"content":{"rendered":"<h4>Da Gubbio a Taipei, passando per Praga, Citt\u00e0 del Messico e Rio de Janeiro. In tutti i paesi si accende lo splendore degli Alberi di Natale. Ma qual \u00e8 l&#8217;Albero di Natale pi\u00f9 bello del mondo?<\/h4>\n\n<p>Il Natale si avvicina, con tutte le sue meravigliose tradizioni. Mentre nelle citt\u00e0 cominciano gi\u00e0 ad accendersi le prime luminarie e i negozi fanno a gara per presentare le vetrine pi\u00f9 sfavillanti, noi di Holyart andiamo alla ricerca delle tradizioni di questa Festa che coinvolge tutti, in tutto il mondo. Perch\u00e9 se per i cristiani cattolici il Natale rappresenta il ricordo e la rievocazione della\u00a0<strong><a href=\"https:\/\/www.holyart.it\/blog\/natale\/la-nativita-storia-della-nascita-gesu\/\">Nativit\u00e0 di Ges\u00f9<\/a><\/strong>, in molti paesi del mondo il Natale \u00e8 solo un&#8217;occasione per fare festa, come avviene per esempio a Taipei, capitale di Taiwan, dove il Natale non \u00e8 nemmeno un giorno festivo, ma cionondimeno sorge uno degli Alberi di Natale pi\u00f9 originali e famosi al mondo. Abbiamo gi\u00e0 dedicato un articolo ai\u00a0<strong><a href=\"https:\/\/www.holyart.it\/blog\/natale\/presepe-nel-mondo-tradizioni-diverse-non-sai\/\">Presepi pi\u00f9 famosi e insoliti del mondo<\/a><\/strong>, in questo articolo vogliamo invece stabilire quale sia l&#8217;Albero di Natale pi\u00f9 bello del mondo, o almeno proporvi una rosa di candidati. Fermo restando che, per chi ama il Natale e ricerca in questa festa quei valori di calore, intimit\u00e0 famigliare e spiritualit\u00e0, l&#8217;Albero di casa, anche se piccolo e addobbato con vecchie decorazioni risalenti all&#8217;infanzia, magari un po\u2019 sbeccate o sbiadite dal tempo, resta il migliore in assoluto, per tutto quello che rappresenta, per le storie dei tanti Natali passati che pu\u00f2 raccontare.<\/p>\n<div class=\"link-article\">\n<p><img loading=\"lazy\" decoding=\"async\" class=\"size-full wp-image-21019 alignleft\" src=\"https:\/\/blog.holyart.it\/it\/wp-content\/uploads\/sites\/17\/2024\/11\/presepe-nel-mondo-1.jpg\" alt=\"presepe nel mondo\" width=\"150\" height=\"99\" data-kale-share-title=\"L\u2019albero di Natale pi\u00f9 bello del mondo: la lista dei 10 candidati\" data-kale-share-url=\"https:\/\/blog.holyart.it\/it\/?p=21017\" \/><\/p>\n<div class=\"leggi-anche\">Leggi anche:<\/div>\n<p><strong><a href=\"https:\/\/www.holyart.it\/blog\/natale\/presepe-nel-mondo-tradizioni-diverse-non-sai\/\">Presepe nel mondo: tradizioni diverse che non sai<\/a><\/strong><br \/>\nLa magia del presepe torna ad affascinarci ogni anno. Tradizione e innovazioni sorprendenti&#8230;<\/p>\n<\/div>\n<p>Ma mentre ciascuno si raccoglie con la famiglia intorno al proprio <a href=\"https:\/\/www.holyart.it\/it\/natale\/alberi-di-natale\"><strong>Albero di Natale<\/strong><\/a>, come \u00e8 giusto e bello che sia, citt\u00e0 e luoghi iconici di tutto il pianeta si sfidano per il titolo di Albero di Natale pi\u00f9 bello del mondo. Dalle piazze storiche alle localit\u00e0 pi\u00f9 esotiche, ecco una lista dei 10 alberi di Natale pi\u00f9 belli, ognuno unico per design, altezza e spettacolarit\u00e0.<br \/>\nNon \u00e8 una scelta facile: ogni albero ha la sua storia e il suo fascino, che a volte affonda le sue origini nella tradizione, altre si proietta in un futuro quasi inconcepibile. Quale vi piace di pi\u00f9?<\/p>\n<div class=\"link-product\">\n<div class=\"blocco-immagine\"><img loading=\"lazy\" decoding=\"async\" class=\"size-full wp-image-21020 alignleft\" src=\"https:\/\/blog.holyart.it\/it\/wp-content\/uploads\/sites\/17\/2024\/11\/albero-di-natale-210-cm-verde-con-pigne-glittery-bristle.jpg\" alt=\"albero di natale 210 cm verde con pigne glittery bristle\" width=\"100\" height=\"100\" data-kale-share-title=\"L\u2019albero di Natale pi\u00f9 bello del mondo: la lista dei 10 candidati\" data-kale-share-url=\"https:\/\/blog.holyart.it\/it\/?p=21017\" \/><\/div>\n<div class=\"blocco-contenuto\">\n<div class=\"blocco-acquista\">Acquista su Holyart:<\/div>\n<div class=\"blocco-titolo\"><a href=\"https:\/\/www.holyart.it\/it\/natale\/alberi-di-natale\">Alberi di Natale<\/a><\/div>\n<div class=\"blocco-descrizione\">Alberi di Natale artificiali delle migliori marche.<\/div>\n<\/div>\n<\/div>\n<h2>L\u2019Albero di Natale di Gubbio<\/h2>\n<p>Partiamo da un Albero famosissimo, entrato addirittura nel Guinnes dei Primati. Forse non lo sapete, ma \u00e8 a casa nostra! Si tratta dell&#8217;Albero di Natale di Gubbio, che ogni anno viene acceso sulle pendici del Monte Ingino, a dominare la splendida cittadina medievale con le sue oltre 3000 luci. \u00c8 considerato l&#8217;Albero di Natale pi\u00f9 grande al mondo, sebbene non sia propriamente un albero: si tratta infatti di un&#8217;installazione realizzata da Enzo Grilli e Pietrangelo Farneti. La prima accensione ufficiale dell&#8217;albero si \u00e8 tenuta il 24 dicembre 1981. Con la sua base di 450 metri, l&#8217;altezza considerevole di oltre 750 metri, per una superficie complessiva di circa 130.000 metri quadrati e 10 kilometri di cavi, l&#8217;Albero di Gubbio si \u00e8 guadagnato nel 1991 il primato di\u00a0Albero di Natale pi\u00f9 grande del mondo nel Guinness dei Primati. Solo la stella cometa in cima misura circa 1.000 metri quadrati ed \u00e8 realizzata con oltre 250 punti luminosi. Questo miracolo di luce veglia sulle mura secolari di Gubbio, visibile a kilometri di distanza, trasformando il paesaggio circostante a ogni Natale. La cerimonia di accensione si svolge ogni anno il 7 dicembre, vigilia della Festa dell&#8217;<strong><a href=\"https:\/\/www.holyart.it\/blog\/santi-e-beati\/limmacolata-concezione-della-vergine-maria\/#:~:text=L'Immacolata%20Concezione%20%C3%A8%20un,gli%20altri%20uomini%20e%20donne.\">Immacolata Concezione<\/a><\/strong>. L&#8217;evento \u00e8 caratterizzato da una celebrazione pubblica che coinvolge autorit\u00e0 locali e ospiti speciali. L&#8217;albero rimane illuminato dalle ore serali fino all&#8217;1:00 di notte, fino alla seconda domenica di gennaio.<img loading=\"lazy\" decoding=\"async\" class=\"size-full wp-image-21021 aligncenter\" src=\"https:\/\/blog.holyart.it\/it\/wp-content\/uploads\/sites\/17\/2024\/11\/albero-di-natale-di-gubbio.jpg\" alt=\"albero di natale di gubbio\" width=\"1000\" height=\"666\" data-kale-share-title=\"L\u2019albero di Natale pi\u00f9 bello del mondo: la lista dei 10 candidati\" data-kale-share-url=\"https:\/\/blog.holyart.it\/it\/?p=21017\" \/><\/p>\n<h2>L\u2019Albero di Natale di New York<\/h2>\n<p>Pi\u00f9 antico, rispetto all&#8217;Albero di Gubbio, quello che adorna e illumina il Rockefeller Center di New York \u00e8 un albero vero, di solito un abete rosso. Il Rockefeller Center \u00e8 uno dei pi\u00f9 imponenti complessi commerciali del mondo, con i suoi 19 edifici che si affacciano sulla prestigiosa Fifth Avenue, a breve distanza da Central Park. Furono proprio i lavoratori del Rockefeller Center che, nel 1931, mentre il centro era ancora in costruzione, allestirono il primo Albero di Natale, per esprimere la loro gratitudine per avere un lavoro nel pieno della Grande Depressione. Per realizzare l&#8217;Albero, che era alto 6 metri, fecero una colletta e lo decorarono con le loro mani, usando addobbi di carta stagnola e ghirlande di carta. In segno di rispetto per questo gesto, nel 1933 venne organizzata l&#8217;accensione di un albero alto 15 metri e adorno di luci, e da quel momento l&#8217;Albero del Rockfeller Center divenne uno dei simboli del Natale a New York. Oggi l&#8217;Albero \u00e8 alto all&#8217;incirca 30 metri, illuminato da pi\u00f9 di 50.000 luci LED. Sulla sua sommit\u00e0 brilla una stella composta da 3 milioni di cristalli Swarovski.<img loading=\"lazy\" decoding=\"async\" class=\"size-full wp-image-21023 aligncenter\" src=\"https:\/\/blog.holyart.it\/it\/wp-content\/uploads\/sites\/17\/2024\/11\/albero-di-natale-di-new-york.jpeg\" alt=\"albero di natale di new york\" width=\"1000\" height=\"750\" data-kale-share-title=\"L\u2019albero di Natale pi\u00f9 bello del mondo: la lista dei 10 candidati\" data-kale-share-url=\"https:\/\/blog.holyart.it\/it\/?p=21017\" \/><\/p>\n<h2>L\u2019Albero di Natale di Rio de Janeiro<\/h2>\n<p>L&#8217;Albero di Natale di Rio de Janeiro \u00e8 un&#8217;imponente struttura galleggiante situata nella Lagoa Rodrigo de Freitas, ed \u00e8 considerato il pi\u00f9 alto Albero di Natale galleggiante del mondo. Naturalmente non stiamo parlando di un albero naturale, ma di un&#8217;imponente installazione, un capolavoro di ingegneria e creativit\u00e0. 85 metri di altezza, pi\u00f9 di 3 milioni di lampadine e 120 chilometri di luminarie, questo albero straordinario \u00e8 stato inaugurato nel 2014 e ogni anno presenta un tema diverso, richiamando migliaia di turisti che vengono ad ammirarlo dalla laguna.<\/p>\n<h2>L\u2019Albero di Natale a Vilnius<\/h2>\n<p>Anche Vilnius, capitale della Lituania, ospita ogni anno un meraviglioso Albero di Natale nella storica Piazza della Cattedrale. L&#8217;atmosfera gi\u00e0 magica dei meravigliosi\u00a0<strong><a href=\"https:\/\/www.holyart.it\/blog\/natale\/i-piu-bei-mercatini-di-natale-in-europa\/\">Mercatini di Natale<\/a><\/strong>, che hanno reso celebre la citt\u00e0, diventa ancora pi\u00f9 sfavillante grazie a questo albero, una struttura metallica che svetta per circa 27 metri, decorato con oltre cinque chilometri di luminarie, migliaia di luci LED e ornamenti. \u00c8 proprio la sua accensione che segna l&#8217;inizio ufficiale delle celebrazioni natalizie e migliaia di turisti accorro ogni anno ad assistere e a godere dell&#8217;inconfondibile atmosfera natalizia che trasforma il centro della citt\u00e0 in un mondo fiabesco. L&#8217;Albero di Vilnius \u00e8 uno dei pi\u00f9 belli e grandi d&#8217;Europa.<\/p>\n<div class=\"link-article\">\n<p><img loading=\"lazy\" decoding=\"async\" class=\"size-full wp-image-21024 alignleft\" src=\"https:\/\/blog.holyart.it\/it\/wp-content\/uploads\/sites\/17\/2024\/11\/mercatini-di-natale-in-europa.jpg\" alt=\"mercatini di natale in europa\" width=\"150\" height=\"99\" data-kale-share-title=\"L\u2019albero di Natale pi\u00f9 bello del mondo: la lista dei 10 candidati\" data-kale-share-url=\"https:\/\/blog.holyart.it\/it\/?p=21017\" \/><\/p>\n<div class=\"leggi-anche\">Leggi anche:<\/div>\n<p><strong><a href=\"https:\/\/www.holyart.it\/blog\/natale\/i-piu-bei-mercatini-di-natale-in-europa\/\">I pi\u00f9 bei mercatini di Natale in Europa<\/a><\/strong><br \/>\nBancarelle illuminate da luci colorate, prodotti artigianali, specialit\u00e0 gastronomiche, sfilate e musica&#8230;<\/p>\n<\/div>\n<h2>L\u2019Albero di Natale delle Galeries Lafayette<\/h2>\n<p>Le Galeries Lafayette Haussmann, situate nel cuore di Parigi sul boulevard Haussmann, nel IX arrondissement, sono uno degli edifici pi\u00f9 famosi e visitati della capitale francese. Inaugurato nel 1912, questo maestoso edificio in stile Art Nouveau \u00e8 il pi\u00f9 importante e prestigioso dei centri commerciali appartenenti al gruppo Galeries Lafayette.\u00a0Nel periodo natalizio, le Galeries Lafayette si trasformano in un luogo ancora pi\u00f9 magico grazie allo spettacolare Albero di Natale, che ogni anno cambia tema, e attira visitatori da tutto il mondo. Allestito sotto la splendida cupola in vetro e acciaio, questo albero unico combina creativit\u00e0, eleganza e innovazione, con le sue decorazioni ricercate, luci scintillanti e un\u2019attenzione ai dettagli degna dell\u2019<em>haute couture.<\/em> L&#8217;albero, che pu\u00f2 raggiungere altezze impressionanti, \u00e8 decorato con migliaia di luci e ornamenti scintillanti. La sua inaugurazione coincide con l&#8217;apertura delle vetrine natalizie animate. Quest&#8217;anno in particolare, si celebra il 130\u00b0 Natale dei grandi magazzini, la direzione artistica dell&#8217;allestimento dell&#8217;Albero e delle vetrine \u00e8 stata affidata a Kevin Germanier, il celebre designer del costume del <em>Voyageur d&#8217;Oro<\/em>\u00a0per le Olimpiadi di Parigi.<img loading=\"lazy\" decoding=\"async\" class=\"size-full wp-image-21025 aligncenter\" src=\"https:\/\/blog.holyart.it\/it\/wp-content\/uploads\/sites\/17\/2024\/11\/albero-di-natale-galeries-lafayette.jpeg\" alt=\"albero di natale galeries lafayette\" width=\"1000\" height=\"666\" data-kale-share-title=\"L\u2019albero di Natale pi\u00f9 bello del mondo: la lista dei 10 candidati\" data-kale-share-url=\"https:\/\/blog.holyart.it\/it\/?p=21017\" \/><\/p>\n<h2>L\u2019Albero di Natale di Praga<\/h2>\n<p>Il primo sabato dell&#8217;<strong><a href=\"https:\/\/www.holyart.it\/it\/natale\/avvento\">Avvento<\/a><\/strong>, nella storica Piazza della Citt\u00e0 Vecchia gi\u00e0 animata dai pittoreschi mercatini di Natale, anche la splendida citt\u00e0 di Praga accende il suo Albero di Natale. Alto oltre 25 metri, decorato con migliaia di luci scintillanti e <a href=\"https:\/\/www.holyart.it\/it\/natale\/addobbi-natalizi-per-lalbero\/palline-di-natale\"><strong>ornamenti tradizionali<\/strong><\/a>, l&#8217;Albero di Natale di Praga diffonde un&#8217;atmosfera ancora pi\u00f9 magica a una citt\u00e0 gi\u00e0 di per s\u00e9 meravigliosa. Intorno all&#8217;albero, i mercatini di Natale offrono specialit\u00e0 culinarie locali e artigianato, attirando turisti e curiosi che amano lasciarsi rapire dal fascino senza tempo di questa citt\u00e0.<\/p>\n<div class=\"link-product\">\n<div class=\"blocco-immagine\"><img loading=\"lazy\" decoding=\"async\" class=\"size-full wp-image-21026 alignleft\" src=\"https:\/\/blog.holyart.it\/it\/wp-content\/uploads\/sites\/17\/2024\/11\/palla-di-natale-vetro-soffiato-rossa-fiume-case-150mm.jpg\" alt=\"palla di natale vetro soffiato rossa fiume case 150mm\" width=\"100\" height=\"100\" data-kale-share-title=\"L\u2019albero di Natale pi\u00f9 bello del mondo: la lista dei 10 candidati\" data-kale-share-url=\"https:\/\/blog.holyart.it\/it\/?p=21017\" \/><\/div>\n<div class=\"blocco-contenuto\">\n<div class=\"blocco-acquista\">Acquista su Holyart:<\/div>\n<div class=\"blocco-titolo\"><a href=\"https:\/\/www.holyart.it\/it\/natale\/addobbi-natalizi-per-lalbero\/palline-di-natale\">Palline di Natale<\/a><\/div>\n<div class=\"blocco-descrizione\">In questa categoria puoi trovare palle in vetro artigianali per l&#8217;albero di Natale.<\/div>\n<\/div>\n<\/div>\n<h2>L\u2019Albero di Natale di Strasburgo<\/h2>\n<p>In Place Kl\u00e9ber, a Strasburgo, sorge ogni anno il pi\u00f9 alto albero naturale decorato d&#8217;Europa. Con i suoi circa 30 metri, l&#8217;albero di Natale di Strasburgo, in Alsazia, inaugura il Christkindelsm\u00e4rik, il famoso mercatino di Natale fin dal XVI secolo. Il\u00a0<em>Christkindelsm\u00e4rik<\/em>\u00a0(<em>Mercato di Ges\u00f9 Bambino<\/em>) \u00e8 uno dei pi\u00f9 antichi d&#8217;Europa, allestito fin dal 1570, e insieme all&#8217;Albero di Natale, ha meritato a Strasburgo\u00a0il titolo di\u00a0<strong>Capitale del Natale<\/strong>. Ogni anno, <a href=\"https:\/\/www.holyart.it\/it\/natale\/luci-di-natale\"><strong>l&#8217;albero viene adornato con migliaia di luci<\/strong><\/a> e ornamenti e il mercatino di Natale offre prelibatezze locali e artigianato tipico.<\/p>\n<div class=\"link-product\">\n<div class=\"blocco-immagine\"><img loading=\"lazy\" decoding=\"async\" class=\"size-full wp-image-21027 alignleft\" src=\"https:\/\/blog.holyart.it\/it\/wp-content\/uploads\/sites\/17\/2024\/11\/catena-luminosa-800-led-bianco-caldo.jpg\" alt=\"catena luminosa 800 led bianco caldo\" width=\"100\" height=\"100\" data-kale-share-title=\"L\u2019albero di Natale pi\u00f9 bello del mondo: la lista dei 10 candidati\" data-kale-share-url=\"https:\/\/blog.holyart.it\/it\/?p=21017\" \/><\/div>\n<div class=\"blocco-contenuto\">\n<div class=\"blocco-acquista\">Acquista su Holyart:<\/div>\n<div class=\"blocco-titolo\"><a href=\"https:\/\/www.holyart.it\/it\/natale\/luci-di-natale\">Luci di Natale<\/a><\/div>\n<div class=\"blocco-descrizione\">Illuminazioni natalizie per la casa e per l&#8217;albero.<\/div>\n<\/div>\n<\/div>\n<h2>L\u2019Albero di Natale di Madrid<\/h2>\n<p>L&#8217;Albero di Natale di Madrid \u00e8 solo una delle attrazioni luminose che rischiarano la capitale spagnola durante le festivit\u00e0. Allestito ogni anno in Plaza de Espa\u00f1a, l&#8217;albero misura circa 30 metri, e viene acceso alla fine di novembre per dare il via alle celebrazioni natalizie. Oltre all&#8217;albero, Madrid si illumina con oltre 230 installazioni luminose in diverse zone, come la\u00a0palla di 12 metri di diametro all&#8217;incrocio tra Gran v\u00eda e calle de Alcal\u00e1, illuminata da 43 mila luci, e l&#8217;albero artificiale alla Puerta del Sol, un&#8217;altra importante tradizione natalizia, che nel 2022 ha raggiunto un&#8217;altezza di 35 metri con un diametro alla base di 14 metri. Decorato con migliaia di luci e ornamenti, l&#8217;albero rappresenta un punto di riferimento per le celebrazioni natalizie e viene acceso ufficialmente all&#8217;inizio di dicembre. La Puerta del Sol, gi\u00e0 animata tutto l\u2019anno da turisti e residenti, diventa un luogo di festa e convivialit\u00e0, con eventi e mercatini che circondano l&#8217;albero, contribuendo a creare un&#8217;atmosfera magica durante il periodo natalizio.<img loading=\"lazy\" decoding=\"async\" class=\"size-full wp-image-21029 aligncenter\" src=\"https:\/\/blog.holyart.it\/it\/wp-content\/uploads\/sites\/17\/2024\/11\/albero-di-natale-puerta-del-sol.jpeg\" alt=\"albero di natale puerta del sol\" width=\"1000\" height=\"666\" data-kale-share-title=\"L\u2019albero di Natale pi\u00f9 bello del mondo: la lista dei 10 candidati\" data-kale-share-url=\"https:\/\/blog.holyart.it\/it\/?p=21017\" \/><\/p>\n<h2>L\u2019Albero di Natale di Citt\u00e0 del Messico<\/h2>\n<p>Anche Citt\u00e0 del Messico sceglie per il suo Natale un&#8217;imponente installazione artificiale. Eretto nello Z\u00f3calo, o Plaza de la Constituci\u00f3n, la piazza principale della capitale messicana, il maestoso Albero di Natale di Citt\u00e0 del Messico raggiunge un&#8217;altezza di 50 metri, e svetta su tutta la zona circostante, animata da mercatini natalizi e piste di pattinaggio. Nel 2009, l&#8217;albero di Natale installato nella citt\u00e0 ha conquistato il Guinness World Record come l&#8217;albero artificiale pi\u00f9 alto del mondo. L&#8217;albero era alto 110,35 metri, pesava oltre 330 tonnellate e venne decorato con 1,2 milioni di luci.<img loading=\"lazy\" decoding=\"async\" class=\"size-full wp-image-21031 aligncenter\" src=\"https:\/\/blog.holyart.it\/it\/wp-content\/uploads\/sites\/17\/2024\/11\/albero-di-natale-messico.jpeg\" alt=\"albero di natale messico\" width=\"1000\" height=\"666\" data-kale-share-title=\"L\u2019albero di Natale pi\u00f9 bello del mondo: la lista dei 10 candidati\" data-kale-share-url=\"https:\/\/blog.holyart.it\/it\/?p=21017\" \/><\/p>\n<h2>L\u2019Albero di Natale di Taipei<\/h2>\n<p>Concludiamo la nostra carrellata col primo Albero di Natale che abbiamo citato, quello di Taipei, capitale di Taiwan. Situato nel cuore del distretto di Xinyan Special District, un quartiere finanziario molto animato e ricco di attivit\u00e0, l&#8217;Albero \u00e8 in effetti una moderna installazione luminosa che fa parte di\u00a0<em>Christmasland<\/em>, uno degli eventi natalizi pi\u00f9 spettacolari al mondo, che trasforma la citt\u00e0 in un paese delle meraviglie invernale, combinando tecnologia, creativit\u00e0 e tradizione per offrire un&#8217;esperienza natalizia unica. Il fulcro dell&#8217;evento \u00e8 proprio l&#8217;imponente Albero di Natale digitale, decorato con luci spettacolari e arricchito da proiezioni 3D, che si proiettano anche sugli edifici circostanti, simbolo futuristico del Natale, e famoso per i suoi show di luci sincronizzati con musica festiva.<br \/>\nI numerosi mercatini di Natale che animano il festival, offrendo prodotti dell&#8217;artigianato locale, dolci tradizionali e souvenir unici, creano un mix di cultura occidentale e influenze asiatiche unico.<\/p>\n","protected":false},"excerpt":{"rendered":"<p>Da Gubbio a Taipei, passando per Praga, Citt\u00e0 del Messico e Rio de Janeiro. In tutti i paesi si accende lo splendore degli Alberi di Natale. Ma qual \u00e8 l&#8217;Albero di Natale pi\u00f9 bello del mondo? Il Natale si avvicina, con tutte le sue meravigliose&hellip;<\/p>\n","protected":false},"author":1,"featured_media":21033,"comment_status":"closed","ping_status":"open","sticky":false,"template":"","format":"standard","meta":{"_acf_changed":false,"footnotes":""},"categories":[18],"tags":[],"class_list":["post-21017","post","type-post","status-publish","format-standard","has-post-thumbnail","hentry","category-natale"],"acf":[],"yoast_head":"<!-- This site is optimized with the Yoast SEO plugin v26.6 - https:\/\/yoast.com\/wordpress\/plugins\/seo\/ -->\n<title>L&#039;albero di Natale pi\u00f9 bello del mondo: la lista dei 10 candidati - Holyblog<\/title>\n<meta name=\"description\" content=\"In tutti i paesi si accende lo splendore degli Alberi di Natale. Ma qual \u00e8 l&#039;Albero di Natale pi\u00f9 bello del mondo?\" \/>\n<meta name=\"robots\" content=\"index, follow, max-snippet:-1, max-image-preview:large, max-video-preview:-1\" \/>\n<link rel=\"canonical\" href=\"https:\/\/blog.holyart.it\/it\/natale\/lalbero-di-natale-piu-bello-del-mondo-la-lista-dei-10-candidati\/\" \/>\n<meta property=\"og:locale\" content=\"it_IT\" \/>\n<meta property=\"og:type\" content=\"article\" \/>\n<meta property=\"og:title\" content=\"L&#039;albero di Natale pi\u00f9 bello del mondo: la lista dei 10 candidati - Holyblog\" \/>\n<meta property=\"og:description\" content=\"In tutti i paesi si accende lo splendore degli Alberi di Natale. Ma qual \u00e8 l&#039;Albero di Natale pi\u00f9 bello del mondo?\" \/>\n<meta property=\"og:url\" content=\"https:\/\/blog.holyart.it\/it\/natale\/lalbero-di-natale-piu-bello-del-mondo-la-lista-dei-10-candidati\/\" \/>\n<meta property=\"og:site_name\" content=\"Holyblog\" \/>\n<meta property=\"article:published_time\" content=\"2024-12-23T09:00:48+00:00\" \/>\n<meta property=\"article:modified_time\" content=\"2025-12-18T08:20:27+00:00\" \/>\n<meta property=\"og:image\" content=\"https:\/\/blog.holyart.it\/it\/wp-content\/uploads\/sites\/17\/2024\/11\/albero-di-natale-piu-bello-del-mondo.jpg\" \/>\n\t<meta property=\"og:image:width\" content=\"1000\" \/>\n\t<meta property=\"og:image:height\" content=\"666\" \/>\n\t<meta property=\"og:image:type\" content=\"image\/jpeg\" \/>\n<meta name=\"author\" content=\"Redazione\" \/>\n<meta name=\"twitter:card\" content=\"summary_large_image\" \/>\n<meta name=\"twitter:label1\" content=\"Scritto da\" \/>\n\t<meta name=\"twitter:data1\" content=\"Redazione\" \/>\n\t<meta name=\"twitter:label2\" content=\"Tempo di lettura stimato\" \/>\n\t<meta name=\"twitter:data2\" content=\"13 minuti\" \/>\n<script type=\"application\/ld+json\" class=\"yoast-schema-graph\">{\"@context\":\"https:\/\/schema.org\",\"@graph\":[{\"@type\":\"Article\",\"@id\":\"https:\/\/blog.holyart.it\/it\/natale\/lalbero-di-natale-piu-bello-del-mondo-la-lista-dei-10-candidati\/#article\",\"isPartOf\":{\"@id\":\"https:\/\/blog.holyart.it\/it\/natale\/lalbero-di-natale-piu-bello-del-mondo-la-lista-dei-10-candidati\/\"},\"author\":{\"name\":\"Redazione\",\"@id\":\"https:\/\/blog.holyart.it\/it\/#\/schema\/person\/0a7b686e5af0f856ec1e390dd0baecda\"},\"headline\":\"L&#8217;albero di Natale pi\u00f9 bello del mondo: la lista dei 10 candidati\",\"datePublished\":\"2024-12-23T09:00:48+00:00\",\"dateModified\":\"2025-12-18T08:20:27+00:00\",\"mainEntityOfPage\":{\"@id\":\"https:\/\/blog.holyart.it\/it\/natale\/lalbero-di-natale-piu-bello-del-mondo-la-lista-dei-10-candidati\/\"},\"wordCount\":1831,\"publisher\":{\"@id\":\"https:\/\/blog.holyart.it\/it\/#organization\"},\"image\":{\"@id\":\"https:\/\/blog.holyart.it\/it\/natale\/lalbero-di-natale-piu-bello-del-mondo-la-lista-dei-10-candidati\/#primaryimage\"},\"thumbnailUrl\":\"https:\/\/blog.holyart.it\/it\/wp-content\/uploads\/sites\/17\/2024\/11\/albero-di-natale-piu-bello-del-mondo.jpg\",\"articleSection\":[\"Natale\"],\"inLanguage\":\"it-IT\"},{\"@type\":\"WebPage\",\"@id\":\"https:\/\/blog.holyart.it\/it\/natale\/lalbero-di-natale-piu-bello-del-mondo-la-lista-dei-10-candidati\/\",\"url\":\"https:\/\/blog.holyart.it\/it\/natale\/lalbero-di-natale-piu-bello-del-mondo-la-lista-dei-10-candidati\/\",\"name\":\"L'albero di Natale pi\u00f9 bello del mondo: la lista dei 10 candidati - Holyblog\",\"isPartOf\":{\"@id\":\"https:\/\/blog.holyart.it\/it\/#website\"},\"primaryImageOfPage\":{\"@id\":\"https:\/\/blog.holyart.it\/it\/natale\/lalbero-di-natale-piu-bello-del-mondo-la-lista-dei-10-candidati\/#primaryimage\"},\"image\":{\"@id\":\"https:\/\/blog.holyart.it\/it\/natale\/lalbero-di-natale-piu-bello-del-mondo-la-lista-dei-10-candidati\/#primaryimage\"},\"thumbnailUrl\":\"https:\/\/blog.holyart.it\/it\/wp-content\/uploads\/sites\/17\/2024\/11\/albero-di-natale-piu-bello-del-mondo.jpg\",\"datePublished\":\"2024-12-23T09:00:48+00:00\",\"dateModified\":\"2025-12-18T08:20:27+00:00\",\"description\":\"In tutti i paesi si accende lo splendore degli Alberi di Natale. Ma qual \u00e8 l'Albero di Natale pi\u00f9 bello del mondo?\",\"breadcrumb\":{\"@id\":\"https:\/\/blog.holyart.it\/it\/natale\/lalbero-di-natale-piu-bello-del-mondo-la-lista-dei-10-candidati\/#breadcrumb\"},\"inLanguage\":\"it-IT\",\"potentialAction\":[{\"@type\":\"ReadAction\",\"target\":[\"https:\/\/blog.holyart.it\/it\/natale\/lalbero-di-natale-piu-bello-del-mondo-la-lista-dei-10-candidati\/\"]}]},{\"@type\":\"ImageObject\",\"inLanguage\":\"it-IT\",\"@id\":\"https:\/\/blog.holyart.it\/it\/natale\/lalbero-di-natale-piu-bello-del-mondo-la-lista-dei-10-candidati\/#primaryimage\",\"url\":\"https:\/\/blog.holyart.it\/it\/wp-content\/uploads\/sites\/17\/2024\/11\/albero-di-natale-piu-bello-del-mondo.jpg\",\"contentUrl\":\"https:\/\/blog.holyart.it\/it\/wp-content\/uploads\/sites\/17\/2024\/11\/albero-di-natale-piu-bello-del-mondo.jpg\",\"width\":1000,\"height\":666,\"caption\":\"albero di natale pi\u00f9 bello del mondo\"},{\"@type\":\"BreadcrumbList\",\"@id\":\"https:\/\/blog.holyart.it\/it\/natale\/lalbero-di-natale-piu-bello-del-mondo-la-lista-dei-10-candidati\/#breadcrumb\",\"itemListElement\":[{\"@type\":\"ListItem\",\"position\":1,\"name\":\"Homepage\",\"item\":\"https:\/\/blog.holyart.it\/it\/\"},{\"@type\":\"ListItem\",\"position\":2,\"name\":\"Natale\",\"item\":\"https:\/\/blog.holyart.it\/it\/natale\/\"},{\"@type\":\"ListItem\",\"position\":3,\"name\":\"L&#8217;albero di Natale pi\u00f9 bello del mondo: la lista dei 10 candidati\"}]},{\"@type\":\"WebSite\",\"@id\":\"https:\/\/blog.holyart.it\/it\/#website\",\"url\":\"https:\/\/blog.holyart.it\/it\/\",\"name\":\"Holyblog\",\"description\":\"Il Blog di Holyart.it\",\"publisher\":{\"@id\":\"https:\/\/blog.holyart.it\/it\/#organization\"},\"potentialAction\":[{\"@type\":\"SearchAction\",\"target\":{\"@type\":\"EntryPoint\",\"urlTemplate\":\"https:\/\/blog.holyart.it\/it\/?s={search_term_string}\"},\"query-input\":{\"@type\":\"PropertyValueSpecification\",\"valueRequired\":true,\"valueName\":\"search_term_string\"}}],\"inLanguage\":\"it-IT\"},{\"@type\":\"Organization\",\"@id\":\"https:\/\/blog.holyart.it\/it\/#organization\",\"name\":\"Holyblog\",\"url\":\"https:\/\/blog.holyart.it\/it\/\",\"logo\":{\"@type\":\"ImageObject\",\"inLanguage\":\"it-IT\",\"@id\":\"https:\/\/blog.holyart.it\/it\/#\/schema\/logo\/image\/\",\"url\":\"https:\/\/blog.holyart.it\/it\/wp-content\/uploads\/sites\/17\/2022\/12\/Holyart_Blog_Logo.jpg\",\"contentUrl\":\"https:\/\/blog.holyart.it\/it\/wp-content\/uploads\/sites\/17\/2022\/12\/Holyart_Blog_Logo.jpg\",\"width\":300,\"height\":50,\"caption\":\"Holyblog\"},\"image\":{\"@id\":\"https:\/\/blog.holyart.it\/it\/#\/schema\/logo\/image\/\"}},{\"@type\":\"Person\",\"@id\":\"https:\/\/blog.holyart.it\/it\/#\/schema\/person\/0a7b686e5af0f856ec1e390dd0baecda\",\"name\":\"Redazione\"}]}<\/script>\n<!-- \/ Yoast SEO plugin. -->","yoast_head_json":{"title":"L'albero di Natale pi\u00f9 bello del mondo: la lista dei 10 candidati - Holyblog","description":"In tutti i paesi si accende lo splendore degli Alberi di Natale. Ma qual \u00e8 l'Albero di Natale pi\u00f9 bello del mondo?","robots":{"index":"index","follow":"follow","max-snippet":"max-snippet:-1","max-image-preview":"max-image-preview:large","max-video-preview":"max-video-preview:-1"},"canonical":"https:\/\/blog.holyart.it\/it\/natale\/lalbero-di-natale-piu-bello-del-mondo-la-lista-dei-10-candidati\/","og_locale":"it_IT","og_type":"article","og_title":"L'albero di Natale pi\u00f9 bello del mondo: la lista dei 10 candidati - Holyblog","og_description":"In tutti i paesi si accende lo splendore degli Alberi di Natale. Ma qual \u00e8 l'Albero di Natale pi\u00f9 bello del mondo?","og_url":"https:\/\/blog.holyart.it\/it\/natale\/lalbero-di-natale-piu-bello-del-mondo-la-lista-dei-10-candidati\/","og_site_name":"Holyblog","article_published_time":"2024-12-23T09:00:48+00:00","article_modified_time":"2025-12-18T08:20:27+00:00","og_image":[{"width":1000,"height":666,"url":"https:\/\/blog.holyart.it\/it\/wp-content\/uploads\/sites\/17\/2024\/11\/albero-di-natale-piu-bello-del-mondo.jpg","type":"image\/jpeg"}],"author":"Redazione","twitter_card":"summary_large_image","twitter_misc":{"Scritto da":"Redazione","Tempo di lettura stimato":"13 minuti"},"schema":{"@context":"https:\/\/schema.org","@graph":[{"@type":"Article","@id":"https:\/\/blog.holyart.it\/it\/natale\/lalbero-di-natale-piu-bello-del-mondo-la-lista-dei-10-candidati\/#article","isPartOf":{"@id":"https:\/\/blog.holyart.it\/it\/natale\/lalbero-di-natale-piu-bello-del-mondo-la-lista-dei-10-candidati\/"},"author":{"name":"Redazione","@id":"https:\/\/blog.holyart.it\/it\/#\/schema\/person\/0a7b686e5af0f856ec1e390dd0baecda"},"headline":"L&#8217;albero di Natale pi\u00f9 bello del mondo: la lista dei 10 candidati","datePublished":"2024-12-23T09:00:48+00:00","dateModified":"2025-12-18T08:20:27+00:00","mainEntityOfPage":{"@id":"https:\/\/blog.holyart.it\/it\/natale\/lalbero-di-natale-piu-bello-del-mondo-la-lista-dei-10-candidati\/"},"wordCount":1831,"publisher":{"@id":"https:\/\/blog.holyart.it\/it\/#organization"},"image":{"@id":"https:\/\/blog.holyart.it\/it\/natale\/lalbero-di-natale-piu-bello-del-mondo-la-lista-dei-10-candidati\/#primaryimage"},"thumbnailUrl":"https:\/\/blog.holyart.it\/it\/wp-content\/uploads\/sites\/17\/2024\/11\/albero-di-natale-piu-bello-del-mondo.jpg","articleSection":["Natale"],"inLanguage":"it-IT"},{"@type":"WebPage","@id":"https:\/\/blog.holyart.it\/it\/natale\/lalbero-di-natale-piu-bello-del-mondo-la-lista-dei-10-candidati\/","url":"https:\/\/blog.holyart.it\/it\/natale\/lalbero-di-natale-piu-bello-del-mondo-la-lista-dei-10-candidati\/","name":"L'albero di Natale pi\u00f9 bello del mondo: la lista dei 10 candidati - Holyblog","isPartOf":{"@id":"https:\/\/blog.holyart.it\/it\/#website"},"primaryImageOfPage":{"@id":"https:\/\/blog.holyart.it\/it\/natale\/lalbero-di-natale-piu-bello-del-mondo-la-lista-dei-10-candidati\/#primaryimage"},"image":{"@id":"https:\/\/blog.holyart.it\/it\/natale\/lalbero-di-natale-piu-bello-del-mondo-la-lista-dei-10-candidati\/#primaryimage"},"thumbnailUrl":"https:\/\/blog.holyart.it\/it\/wp-content\/uploads\/sites\/17\/2024\/11\/albero-di-natale-piu-bello-del-mondo.jpg","datePublished":"2024-12-23T09:00:48+00:00","dateModified":"2025-12-18T08:20:27+00:00","description":"In tutti i paesi si accende lo splendore degli Alberi di Natale. Ma qual \u00e8 l'Albero di Natale pi\u00f9 bello del mondo?","breadcrumb":{"@id":"https:\/\/blog.holyart.it\/it\/natale\/lalbero-di-natale-piu-bello-del-mondo-la-lista-dei-10-candidati\/#breadcrumb"},"inLanguage":"it-IT","potentialAction":[{"@type":"ReadAction","target":["https:\/\/blog.holyart.it\/it\/natale\/lalbero-di-natale-piu-bello-del-mondo-la-lista-dei-10-candidati\/"]}]},{"@type":"ImageObject","inLanguage":"it-IT","@id":"https:\/\/blog.holyart.it\/it\/natale\/lalbero-di-natale-piu-bello-del-mondo-la-lista-dei-10-candidati\/#primaryimage","url":"https:\/\/blog.holyart.it\/it\/wp-content\/uploads\/sites\/17\/2024\/11\/albero-di-natale-piu-bello-del-mondo.jpg","contentUrl":"https:\/\/blog.holyart.it\/it\/wp-content\/uploads\/sites\/17\/2024\/11\/albero-di-natale-piu-bello-del-mondo.jpg","width":1000,"height":666,"caption":"albero di natale pi\u00f9 bello del mondo"},{"@type":"BreadcrumbList","@id":"https:\/\/blog.holyart.it\/it\/natale\/lalbero-di-natale-piu-bello-del-mondo-la-lista-dei-10-candidati\/#breadcrumb","itemListElement":[{"@type":"ListItem","position":1,"name":"Homepage","item":"https:\/\/blog.holyart.it\/it\/"},{"@type":"ListItem","position":2,"name":"Natale","item":"https:\/\/blog.holyart.it\/it\/natale\/"},{"@type":"ListItem","position":3,"name":"L&#8217;albero di Natale pi\u00f9 bello del mondo: la lista dei 10 candidati"}]},{"@type":"WebSite","@id":"https:\/\/blog.holyart.it\/it\/#website","url":"https:\/\/blog.holyart.it\/it\/","name":"Holyblog","description":"Il Blog di Holyart.it","publisher":{"@id":"https:\/\/blog.holyart.it\/it\/#organization"},"potentialAction":[{"@type":"SearchAction","target":{"@type":"EntryPoint","urlTemplate":"https:\/\/blog.holyart.it\/it\/?s={search_term_string}"},"query-input":{"@type":"PropertyValueSpecification","valueRequired":true,"valueName":"search_term_string"}}],"inLanguage":"it-IT"},{"@type":"Organization","@id":"https:\/\/blog.holyart.it\/it\/#organization","name":"Holyblog","url":"https:\/\/blog.holyart.it\/it\/","logo":{"@type":"ImageObject","inLanguage":"it-IT","@id":"https:\/\/blog.holyart.it\/it\/#\/schema\/logo\/image\/","url":"https:\/\/blog.holyart.it\/it\/wp-content\/uploads\/sites\/17\/2022\/12\/Holyart_Blog_Logo.jpg","contentUrl":"https:\/\/blog.holyart.it\/it\/wp-content\/uploads\/sites\/17\/2022\/12\/Holyart_Blog_Logo.jpg","width":300,"height":50,"caption":"Holyblog"},"image":{"@id":"https:\/\/blog.holyart.it\/it\/#\/schema\/logo\/image\/"}},{"@type":"Person","@id":"https:\/\/blog.holyart.it\/it\/#\/schema\/person\/0a7b686e5af0f856ec1e390dd0baecda","name":"Redazione"}]}},"_links":{"self":[{"href":"https:\/\/blog.holyart.it\/it\/wp-json\/wp\/v2\/posts\/21017","targetHints":{"allow":["GET"]}}],"collection":[{"href":"https:\/\/blog.holyart.it\/it\/wp-json\/wp\/v2\/posts"}],"about":[{"href":"https:\/\/blog.holyart.it\/it\/wp-json\/wp\/v2\/types\/post"}],"author":[{"embeddable":true,"href":"https:\/\/blog.holyart.it\/it\/wp-json\/wp\/v2\/users\/1"}],"replies":[{"embeddable":true,"href":"https:\/\/blog.holyart.it\/it\/wp-json\/wp\/v2\/comments?post=21017"}],"version-history":[{"count":4,"href":"https:\/\/blog.holyart.it\/it\/wp-json\/wp\/v2\/posts\/21017\/revisions"}],"predecessor-version":[{"id":21032,"href":"https:\/\/blog.holyart.it\/it\/wp-json\/wp\/v2\/posts\/21017\/revisions\/21032"}],"wp:featuredmedia":[{"embeddable":true,"href":"https:\/\/blog.holyart.it\/it\/wp-json\/wp\/v2\/media\/21033"}],"wp:attachment":[{"href":"https:\/\/blog.holyart.it\/it\/wp-json\/wp\/v2\/media?parent=21017"}],"wp:term":[{"taxonomy":"category","embeddable":true,"href":"https:\/\/blog.holyart.it\/it\/wp-json\/wp\/v2\/categories?post=21017"},{"taxonomy":"post_tag","embeddable":true,"href":"https:\/\/blog.holyart.it\/it\/wp-json\/wp\/v2\/tags?post=21017"}],"curies":[{"name":"wp","href":"https:\/\/api.w.org\/{rel}","templated":true}]}}