{"id":20736,"date":"2024-11-04T10:00:17","date_gmt":"2024-11-04T09:00:17","guid":{"rendered":"https:\/\/blog.holyart.it\/it\/?p=20736"},"modified":"2025-10-31T09:29:24","modified_gmt":"2025-10-31T08:29:24","slug":"san-martino-protettore-dei-cornuti-leggenda-o-storia","status":"publish","type":"post","link":"https:\/\/blog.holyart.it\/it\/santi-e-beati\/san-martino-protettore-dei-cornuti-leggenda-o-storia\/","title":{"rendered":"San Martino protettore dei cornuti: leggenda o storia?"},"content":{"rendered":"<h4>Molte tradizioni folkloriche definiscono San Martino protettore dei cornuti. Vediamo da cosa nasce questa curiosa leggenda<\/h4>\n<p>La leggenda di San Martino \u00e8 un racconto popolare che ha radici antiche e che celebra la generosit\u00e0 e la carit\u00e0 del Santo omonimo. Questa leggenda \u00e8 diffusa in molte regioni d&#8217;Europa, ma \u00e8 particolarmente celebrata in Italia, dove la\u00a0<strong>festa di San Martino<\/strong>, che cade il\u00a0<strong>11 novembre<\/strong>, \u00e8 un momento di grande tradizione e festeggiamenti. Ma forse non sapete che San Martino, che fu soldato romano e in seguito vescovo di Tours, \u00e8 considerato anche il\u00a0<strong>santo patrono dei cornuti<\/strong>\u00a0in molte regioni d&#8217;Italia, soprattutto al Centro e al Sud. L&#8217;associazione tra la sua figura e quella dei cornuti risale alla tradizione popolare ed \u00e8 ha diverse possibili spiegazioni.<\/p>\n<p>Anticamente la festa di San Martino celebrava\u00a0<strong>la fine della vendemmia<\/strong>\u00a0e\u00a0<strong>l&#8217;arrivo dell&#8217;inverno<\/strong>. In molte regioni italiane viene ancora festeggiata, e le antiche tradizioni contadine si mescolano alla devozione popolare legata al Santo. Si preparano pietanze tipiche come il castagnaccio, o i\u00a0<strong><a href=\"https:\/\/www.holyart.it\/blog\/santi-e-beati\/biscotti-di-san-martino-ricetta-e-curiosita\/\">biscotti di San Martino<\/a><\/strong>, e si beve il\u00a0<strong>vino novello<\/strong>\u00a0fresco di vendemmia. In alcune parti d&#8217;Europa \u00e8 diffusa l&#8217;usanza di accendere le\u00a0<strong><a href=\"https:\/\/www.holyart.it\/blog\/santi-e-beati\/le-lanterne-di-san-martino-storie-e-curiosita-su-questa-festa\/\">Lanterne di San Martino<\/a><\/strong>, simboli di luce e speranza, in questo periodo dell\u2019anno in cui l\u2019inverno comincia a farsi sentire e le giornate si accorciano.<\/p>\n<div class=\"link-article\">\n<p><img loading=\"lazy\" decoding=\"async\" class=\"size-full wp-image-20738 alignleft\" src=\"https:\/\/blog.holyart.it\/it\/wp-content\/uploads\/sites\/17\/2024\/10\/biscotti-di-san-martino.jpg\" alt=\"biscotti di san martino\" width=\"150\" height=\"99\" data-kale-share-title=\"San Martino protettore dei cornuti: leggenda o storia?\" data-kale-share-url=\"https:\/\/blog.holyart.it\/it\/?p=20736\" \/><\/p>\n<div class=\"leggi-anche\">Leggi anche:<\/div>\n<p><strong><a href=\"https:\/\/www.holyart.it\/blog\/santi-e-beati\/biscotti-di-san-martino-ricetta-e-curiosita\/\">Biscotti di San Martino: ricetta e curiosit\u00e0<\/a><\/strong><br \/>\nIn occasione dell\u201911 novembre in molte regioni italiane c\u2019\u00e8 l\u2019usanza di cucinare i biscotti di San Martino&#8230;<\/p>\n<\/div>\n<p>Ma perch\u00e9 una leggenda e una festa che ricordano l&#8217;importanza della generosit\u00e0 e della carit\u00e0 nei confronti dei pi\u00f9 bisognosi sono state associate anche\u00a0<strong>all&#8217;infedelt\u00e0 coniugale<\/strong>? Perch\u00e9 si definisce\u00a0<strong>San Martino protettore dei cornuti<\/strong>?<\/p>\n<h2>La leggenda di San Martino<\/h2>\n<p>La <strong><a href=\"https:\/\/www.holyart.it\/blog\/santi-e-beati\/la-leggenda-di-san-martino-e-il-miracolo-del-mantello\/\">leggenda di San Martino<\/a><\/strong>\u00a0racconta la storia di un giovane soldato romano di nome Martino, che un giorno, mentre era in servizio nell&#8217;esercito, si trov\u00f2 di fronte a un mendicante che soffriva molto per il freddo. Non avendo nulla da offrirgli, Martino decise di condividere con lui il proprio mantello, tagliandolo a met\u00e0 con la spada. Questo gesto di generosit\u00e0 si trasform\u00f2 in un atto di carit\u00e0 straordinaria, e la notte successiva, in un sogno, Martino vide Ges\u00f9 Cristo stesso indossare il mantello che aveva donato al mendicante.<\/p>\n<p>Questo episodio segn\u00f2 profondamente Martino, che successivamente decise di lasciare l&#8217;esercito e intraprendere una vita di devozione e carit\u00e0. Divenne un seguace di Cristo e alla fine fu eletto vescovo di Tours, in Francia, diventando noto come San Martino di Tours. La sua vita \u00e8 stata segnata da atti di compassione, carit\u00e0 e dedizione al prossimo.<\/p>\n<div class=\"link-article\">\n<p><img loading=\"lazy\" decoding=\"async\" class=\"size-full wp-image-20739 alignleft\" src=\"https:\/\/blog.holyart.it\/it\/wp-content\/uploads\/sites\/17\/2024\/10\/la-leggenda-di-san-martino.jpg\" alt=\"la leggenda di san martino\" width=\"150\" height=\"99\" data-kale-share-title=\"San Martino protettore dei cornuti: leggenda o storia?\" data-kale-share-url=\"https:\/\/blog.holyart.it\/it\/?p=20736\" \/><\/p>\n<div class=\"leggi-anche\">Leggi anche:<\/div>\n<p><strong><a href=\"https:\/\/www.holyart.it\/blog\/santi-e-beati\/la-leggenda-di-san-martino-e-il-miracolo-del-mantello\/\">La leggenda di San Martino e il miracolo del mantello<\/a><\/strong><br \/>\nLa leggenda di San Martino ci ricorda l\u2019importanza dell\u2019altruismo e della misericordia&#8230;<\/p>\n<\/div>\n<h2>Perch\u00e9 11 novembre \u00e8 la festa dei cornuti?<\/h2>\n<p>Va sottolineato prima di tutto che questa associazione che rende San Martino protettore dei cornuti non ha nulla a che vedere con la storia del Santo, universalmente riconosciuto per i suoi atti di carit\u00e0 e generosit\u00e0, come descritto nella leggenda precedente. Nessun aspetto della sua vita, nessun evento o azione possono essere in alcun modo associati alla figura del &#8220;cornuto&#8221;. Si tratta piuttosto di una\u00a0<strong>tradizione folklorica<\/strong>, che affonda le sue radici in usanze e tradizioni contadine antiche e portate avanti per secoli.<\/p>\n<p>La parola\u00a0<strong>cornuto<\/strong> deriva dal francese antico. Nel XIII secolo, \u00e8 attestata la parola &#8220;cornart,&#8221; che significa sia &#8220;tradito&#8221; che &#8220;imbecille&#8221;. Nel Medioevo, i mariti traditi venivano spesso considerati oggetto di scherzi crudeli e scherni. In alcune zone del Lazio anticamente c&#8217;era la crudele tradizione di <strong>appendere corna, nastri e fiori<\/strong>\u00a0alle porte delle presunte persone tradite.<\/p>\n<p>All&#8217;inizio di novembre i\u00a0<strong>contratti agricoli annuali<\/strong>\u00a0venivano rinnovati, segnando un momento cruciale per l&#8217;agricoltura. Questo dava il via a una serie di<strong>\u00a0fiere e mercati\u00a0<\/strong>in cui i contadini portavano i frutti del loro duro lavoro e il\u00a0<strong>bestiame da vendere<\/strong>\u00a0o da avviare alla transumanza di fine estate. Il bestiame, costituito per buona parte di<strong>\u00a0animali dotati di corna<\/strong>, avrebbe portato alla nascita di una Festa dei cornuti, con data appunto l&#8217;11 novembre. Intorno all&#8217;11 novembre, inoltre, il primo freddo spesso si attenua, concedendo spazio a temperature pi\u00f9 miti e a caldi raggi di sole. Questo periodo \u00e8 noto come l&#8217;<strong>Estate di <a href=\"https:\/\/www.holyart.it\/it\/articoli-religiosi\/statue\/statue-in-legno-dipinto\/statua-legno-san-martino-su-cavallo-dipinta-val-gardena\">San Martino<\/a><\/strong>, e ha sempre favorito le occasioni di incontro e festa in campagna.<\/p>\n<div class=\"link-product\">\n<div class=\"blocco-immagine\"><img loading=\"lazy\" decoding=\"async\" class=\"size-full wp-image-20740 alignleft\" src=\"https:\/\/blog.holyart.it\/it\/wp-content\/uploads\/sites\/17\/2024\/10\/statua-legno-san-martino-su-cavallo-dipinta-val-gardena.jpg\" alt=\"statua legno san martino su cavallo dipinta val gardena\" width=\"100\" height=\"100\" data-kale-share-title=\"San Martino protettore dei cornuti: leggenda o storia?\" data-kale-share-url=\"https:\/\/blog.holyart.it\/it\/?p=20736\" \/><\/div>\n<div class=\"blocco-contenuto\">\n<div class=\"blocco-acquista\">Acquista su Holyart:<\/div>\n<div class=\"blocco-titolo\"><a href=\"https:\/\/www.holyart.it\/it\/articoli-religiosi\/statue\/statue-in-legno-dipinto\/statua-legno-san-martino-su-cavallo-dipinta-val-gardena\">Statua legno San Martino su cavallo dipinta Val Gardena<\/a><\/div>\n<div class=\"blocco-descrizione\">Statua in legno di acero della Val Gardena, viene scolpita e dipinta a mano dagli artigiani della Val Gardena.<\/div>\n<\/div>\n<\/div>\n<p>Ma le fiere agricole erano anche un&#8217;occasione straordinaria per<strong>\u00a0festeggiare, socializzare<\/strong>\u00a0e condividere la ricchezza dei raccolti e dei prodotti della campagna. Le sagre e le feste popolari erano caratterizzate dal\u00a0<strong>consumo del vino novello<\/strong>, che rendeva tutti un po&#8217; pi\u00f9 ebbri e favoriva una maggior promiscuit\u00e0. Inoltre, molto spesso<strong>\u00a0le mogli venivano lasciate a casa<\/strong>, e in questo periodo i\u00a0<strong>venditori ambulanti<\/strong>\u00a0viaggiavano di fattoria in fattoria, offrendo le proprie merci e, eventualmente, la propria compagnia alle signore lasciate sole. Non a caso, San Martino \u00e8 considerato anche il\u00a0<strong>patrono dei soldati e dei viaggiatori<\/strong>, che trascorrevano lunghi periodi lontani da casa, e alcune mogli potevano stancarsi di aspettare il loro ritorno.<\/p>\n<p>Per questa ragione, in alcune zone i\u00a0<strong>biscotti di San Martino<\/strong>\u00a0sono biscotti di pastafrolla a forma di corna.<\/p>\n<p>La festa di San Martino \u00e8 molto sentita nel\u00a0<strong>Centro Italia<\/strong>. Nel pittoresco paese di\u00a0<strong>San Valentino<\/strong>, in\u00a0Abruzzo Citeriore,\u00a0essa viene celebrata in un modo curioso e unico, che pone l&#8217;attenzione proprio sulla figura di <a href=\"https:\/\/www.holyart.it\/it\/articoli-religiosi\/statue\/statue-in-legno-naturale\/statua-di-san-martino-legno-colorato-di-marrone-chiaro-e-scuro\"><strong>San Martino protettore dei cornuti<\/strong><\/a>. La notte del 10 novembre, infatti, il giorno prima della festa ufficiale di San Martino, ha luogo la\u00a0<strong>celebrazione dei cornuti<\/strong>, che coinvolge tutti gli uomini del paese, giovani e vecchi. Tutti si riuniscono per dare vita a una gioiosa processione per le vie del paese, intonando stornelli goliardici, canti e festose battute sulle &#8216;corna&#8217;. Al culmine della processione un fallo, coperto da un telo, viene consegnato cerimoniosamente all&#8217;ultimo uomo che si \u00e8 sposato nell&#8217;anno, dichiarando il suo ingresso nella comunit\u00e0 dei &#8220;cornuti&#8221;. Questa tradizione, unica nel suo genere, rappresenta un&#8217;occasione di divertimento e allegria per la comunit\u00e0.<\/p>\n<div class=\"link-product\">\n<div class=\"blocco-immagine\"><img loading=\"lazy\" decoding=\"async\" class=\"size-full wp-image-20741 alignleft\" src=\"https:\/\/blog.holyart.it\/it\/wp-content\/uploads\/sites\/17\/2024\/10\/statua-di-san-martino-legno-colorato-di-marrone-chiaro-e-scuro.jpg\" alt=\"statua di san martino legno colorato di marrone chiaro e scuro\" width=\"100\" height=\"100\" data-kale-share-title=\"San Martino protettore dei cornuti: leggenda o storia?\" data-kale-share-url=\"https:\/\/blog.holyart.it\/it\/?p=20736\" \/><\/div>\n<div class=\"blocco-contenuto\">\n<div class=\"blocco-acquista\">Acquista su Holyart:<\/div>\n<div class=\"blocco-titolo\"><a href=\"https:\/\/www.holyart.it\/it\/articoli-religiosi\/statue\/statue-in-legno-naturale\/statua-di-san-martino-legno-colorato-di-marrone-chiaro-e-scuro\">Statua di San Martino legno colorato di marrone chiaro e scuro<\/a><\/div>\n<div class=\"blocco-descrizione\">Questo San Martino con l&#8217;armatura, \u00e8 stato progettato e realizzato presso una azienda della Val Gardena.<\/div>\n<\/div>\n<\/div>\n<p>Anche a\u00a0<strong>Santarcangelo<\/strong>, cittadina nell\u2019entroterra romagnolo, la festa di San Martino \u00e8 un&#8217;occasione per celebrare la vendemmia, il buon cibo e&#8230; i cornuti! Qui, in Piazza Ganganelli, ha luogo la celebre\u00a0<strong>festa dei becchi<\/strong>, noti anche come caproni, che secondo la tradizione simboleggiano gli uomini traditi dalle mogli. Sotto l&#8217;arco principale del paese vengono fatti sfilare i caproni, con le corna ornate di grossi campanacci tintinnanti,\u00a0e ogni visitatore pu\u00f2 fare altrettanto, per scoprire l&#8217;infedelt\u00e0 del proprio partner. Intanto la piazza si anima di bancarelle e stand con le pi\u00f9 golose specialit\u00e0 gastronomiche d&#8217;Italia, prima fra tutti la\u00a0<strong>piadina romagnola<\/strong>. Corna di bue decorate con intrecci di lana vengono esposte per una settimana e rimosse dopo la gara podistica chiamata &#8220;cheursa di bec&#8221;, la\u00a0<em>corsa del becco<\/em>.<\/p>\n<p>Ancora, in novembre i\u00a0<strong>Celti festeggiavano il loro Capodanno<\/strong>, con celebrazioni pagane a carattere\u00a0<strong>orgiastico\u00a0<\/strong>che duravano per diversi giorni, lasciando via libera e anzi incoraggiando il tradimento coniugale.<\/p>\n<p>Infine c&#8217;\u00e8 il\u00a0<strong>gesto delle corna<\/strong>, con indice e mignolo alzati, che ricorda il numero 11, e la festa di San Martino cade proprio l&#8217;11\/11. Anche questo potrebbe aver contribuito alla diffusione della leggenda di San Martino protettore dei cornuti.<\/p>\n","protected":false},"excerpt":{"rendered":"<p>Molte tradizioni folkloriche definiscono San Martino protettore dei cornuti. Vediamo da cosa nasce questa curiosa leggenda La leggenda di San Martino \u00e8 un racconto popolare che ha radici antiche e che celebra la generosit\u00e0 e la carit\u00e0 del Santo omonimo. Questa leggenda \u00e8 diffusa in&hellip;<\/p>\n","protected":false},"author":1,"featured_media":20743,"comment_status":"closed","ping_status":"open","sticky":false,"template":"","format":"standard","meta":{"_acf_changed":false,"footnotes":""},"categories":[15],"tags":[],"class_list":["post-20736","post","type-post","status-publish","format-standard","has-post-thumbnail","hentry","category-santi-e-beati"],"acf":[],"yoast_head":"<!-- This site is optimized with the Yoast SEO plugin v26.6 - https:\/\/yoast.com\/wordpress\/plugins\/seo\/ -->\n<title>San Martino protettore dei cornuti: leggenda o storia? - Holyblog<\/title>\n<meta name=\"description\" content=\"Perch\u00e9 si parla di San Martino protettore dei cornuti? Ecco alcune tradizioni che legano il Vescovo di Tours a questa bizzarra denominazione\" \/>\n<meta name=\"robots\" content=\"index, follow, max-snippet:-1, max-image-preview:large, max-video-preview:-1\" \/>\n<link rel=\"canonical\" href=\"https:\/\/blog.holyart.it\/it\/santi-e-beati\/san-martino-protettore-dei-cornuti-leggenda-o-storia\/\" \/>\n<meta property=\"og:locale\" content=\"it_IT\" \/>\n<meta property=\"og:type\" content=\"article\" \/>\n<meta property=\"og:title\" content=\"San Martino protettore dei cornuti: leggenda o storia? - Holyblog\" \/>\n<meta property=\"og:description\" content=\"Perch\u00e9 si parla di San Martino protettore dei cornuti? Ecco alcune tradizioni che legano il Vescovo di Tours a questa bizzarra denominazione\" \/>\n<meta property=\"og:url\" content=\"https:\/\/blog.holyart.it\/it\/santi-e-beati\/san-martino-protettore-dei-cornuti-leggenda-o-storia\/\" \/>\n<meta property=\"og:site_name\" content=\"Holyblog\" \/>\n<meta property=\"article:published_time\" content=\"2024-11-04T09:00:17+00:00\" \/>\n<meta property=\"article:modified_time\" content=\"2025-10-31T08:29:24+00:00\" \/>\n<meta property=\"og:image\" content=\"https:\/\/blog.holyart.it\/it\/wp-content\/uploads\/sites\/17\/2024\/10\/san-martino-protettore-dei-cornuti.jpg\" \/>\n\t<meta property=\"og:image:width\" content=\"1000\" \/>\n\t<meta property=\"og:image:height\" content=\"666\" \/>\n\t<meta property=\"og:image:type\" content=\"image\/jpeg\" \/>\n<meta name=\"author\" content=\"Redazione\" \/>\n<meta name=\"twitter:card\" content=\"summary_large_image\" \/>\n<meta name=\"twitter:label1\" content=\"Scritto da\" \/>\n\t<meta name=\"twitter:data1\" content=\"Redazione\" \/>\n\t<meta name=\"twitter:label2\" content=\"Tempo di lettura stimato\" \/>\n\t<meta name=\"twitter:data2\" content=\"8 minuti\" \/>\n<script type=\"application\/ld+json\" class=\"yoast-schema-graph\">{\"@context\":\"https:\/\/schema.org\",\"@graph\":[{\"@type\":\"Article\",\"@id\":\"https:\/\/blog.holyart.it\/it\/santi-e-beati\/san-martino-protettore-dei-cornuti-leggenda-o-storia\/#article\",\"isPartOf\":{\"@id\":\"https:\/\/blog.holyart.it\/it\/santi-e-beati\/san-martino-protettore-dei-cornuti-leggenda-o-storia\/\"},\"author\":{\"name\":\"Redazione\",\"@id\":\"https:\/\/blog.holyart.it\/it\/#\/schema\/person\/0a7b686e5af0f856ec1e390dd0baecda\"},\"headline\":\"San Martino protettore dei cornuti: leggenda o storia?\",\"datePublished\":\"2024-11-04T09:00:17+00:00\",\"dateModified\":\"2025-10-31T08:29:24+00:00\",\"mainEntityOfPage\":{\"@id\":\"https:\/\/blog.holyart.it\/it\/santi-e-beati\/san-martino-protettore-dei-cornuti-leggenda-o-storia\/\"},\"wordCount\":1240,\"publisher\":{\"@id\":\"https:\/\/blog.holyart.it\/it\/#organization\"},\"image\":{\"@id\":\"https:\/\/blog.holyart.it\/it\/santi-e-beati\/san-martino-protettore-dei-cornuti-leggenda-o-storia\/#primaryimage\"},\"thumbnailUrl\":\"https:\/\/blog.holyart.it\/it\/wp-content\/uploads\/sites\/17\/2024\/10\/san-martino-protettore-dei-cornuti.jpg\",\"articleSection\":[\"Santi e beati\"],\"inLanguage\":\"it-IT\"},{\"@type\":\"WebPage\",\"@id\":\"https:\/\/blog.holyart.it\/it\/santi-e-beati\/san-martino-protettore-dei-cornuti-leggenda-o-storia\/\",\"url\":\"https:\/\/blog.holyart.it\/it\/santi-e-beati\/san-martino-protettore-dei-cornuti-leggenda-o-storia\/\",\"name\":\"San Martino protettore dei cornuti: leggenda o storia? - Holyblog\",\"isPartOf\":{\"@id\":\"https:\/\/blog.holyart.it\/it\/#website\"},\"primaryImageOfPage\":{\"@id\":\"https:\/\/blog.holyart.it\/it\/santi-e-beati\/san-martino-protettore-dei-cornuti-leggenda-o-storia\/#primaryimage\"},\"image\":{\"@id\":\"https:\/\/blog.holyart.it\/it\/santi-e-beati\/san-martino-protettore-dei-cornuti-leggenda-o-storia\/#primaryimage\"},\"thumbnailUrl\":\"https:\/\/blog.holyart.it\/it\/wp-content\/uploads\/sites\/17\/2024\/10\/san-martino-protettore-dei-cornuti.jpg\",\"datePublished\":\"2024-11-04T09:00:17+00:00\",\"dateModified\":\"2025-10-31T08:29:24+00:00\",\"description\":\"Perch\u00e9 si parla di San Martino protettore dei cornuti? Ecco alcune tradizioni che legano il Vescovo di Tours a questa bizzarra denominazione\",\"breadcrumb\":{\"@id\":\"https:\/\/blog.holyart.it\/it\/santi-e-beati\/san-martino-protettore-dei-cornuti-leggenda-o-storia\/#breadcrumb\"},\"inLanguage\":\"it-IT\",\"potentialAction\":[{\"@type\":\"ReadAction\",\"target\":[\"https:\/\/blog.holyart.it\/it\/santi-e-beati\/san-martino-protettore-dei-cornuti-leggenda-o-storia\/\"]}]},{\"@type\":\"ImageObject\",\"inLanguage\":\"it-IT\",\"@id\":\"https:\/\/blog.holyart.it\/it\/santi-e-beati\/san-martino-protettore-dei-cornuti-leggenda-o-storia\/#primaryimage\",\"url\":\"https:\/\/blog.holyart.it\/it\/wp-content\/uploads\/sites\/17\/2024\/10\/san-martino-protettore-dei-cornuti.jpg\",\"contentUrl\":\"https:\/\/blog.holyart.it\/it\/wp-content\/uploads\/sites\/17\/2024\/10\/san-martino-protettore-dei-cornuti.jpg\",\"width\":1000,\"height\":666,\"caption\":\"san martino protettore dei cornuti\"},{\"@type\":\"BreadcrumbList\",\"@id\":\"https:\/\/blog.holyart.it\/it\/santi-e-beati\/san-martino-protettore-dei-cornuti-leggenda-o-storia\/#breadcrumb\",\"itemListElement\":[{\"@type\":\"ListItem\",\"position\":1,\"name\":\"Homepage\",\"item\":\"https:\/\/blog.holyart.it\/it\/\"},{\"@type\":\"ListItem\",\"position\":2,\"name\":\"Santi e beati\",\"item\":\"https:\/\/blog.holyart.it\/it\/santi-e-beati\/\"},{\"@type\":\"ListItem\",\"position\":3,\"name\":\"San Martino protettore dei cornuti: leggenda o storia?\"}]},{\"@type\":\"WebSite\",\"@id\":\"https:\/\/blog.holyart.it\/it\/#website\",\"url\":\"https:\/\/blog.holyart.it\/it\/\",\"name\":\"Holyblog\",\"description\":\"Il Blog di Holyart.it\",\"publisher\":{\"@id\":\"https:\/\/blog.holyart.it\/it\/#organization\"},\"potentialAction\":[{\"@type\":\"SearchAction\",\"target\":{\"@type\":\"EntryPoint\",\"urlTemplate\":\"https:\/\/blog.holyart.it\/it\/?s={search_term_string}\"},\"query-input\":{\"@type\":\"PropertyValueSpecification\",\"valueRequired\":true,\"valueName\":\"search_term_string\"}}],\"inLanguage\":\"it-IT\"},{\"@type\":\"Organization\",\"@id\":\"https:\/\/blog.holyart.it\/it\/#organization\",\"name\":\"Holyblog\",\"url\":\"https:\/\/blog.holyart.it\/it\/\",\"logo\":{\"@type\":\"ImageObject\",\"inLanguage\":\"it-IT\",\"@id\":\"https:\/\/blog.holyart.it\/it\/#\/schema\/logo\/image\/\",\"url\":\"https:\/\/blog.holyart.it\/it\/wp-content\/uploads\/sites\/17\/2022\/12\/Holyart_Blog_Logo.jpg\",\"contentUrl\":\"https:\/\/blog.holyart.it\/it\/wp-content\/uploads\/sites\/17\/2022\/12\/Holyart_Blog_Logo.jpg\",\"width\":300,\"height\":50,\"caption\":\"Holyblog\"},\"image\":{\"@id\":\"https:\/\/blog.holyart.it\/it\/#\/schema\/logo\/image\/\"}},{\"@type\":\"Person\",\"@id\":\"https:\/\/blog.holyart.it\/it\/#\/schema\/person\/0a7b686e5af0f856ec1e390dd0baecda\",\"name\":\"Redazione\"}]}<\/script>\n<!-- \/ Yoast SEO plugin. -->","yoast_head_json":{"title":"San Martino protettore dei cornuti: leggenda o storia? - Holyblog","description":"Perch\u00e9 si parla di San Martino protettore dei cornuti? Ecco alcune tradizioni che legano il Vescovo di Tours a questa bizzarra denominazione","robots":{"index":"index","follow":"follow","max-snippet":"max-snippet:-1","max-image-preview":"max-image-preview:large","max-video-preview":"max-video-preview:-1"},"canonical":"https:\/\/blog.holyart.it\/it\/santi-e-beati\/san-martino-protettore-dei-cornuti-leggenda-o-storia\/","og_locale":"it_IT","og_type":"article","og_title":"San Martino protettore dei cornuti: leggenda o storia? - Holyblog","og_description":"Perch\u00e9 si parla di San Martino protettore dei cornuti? Ecco alcune tradizioni che legano il Vescovo di Tours a questa bizzarra denominazione","og_url":"https:\/\/blog.holyart.it\/it\/santi-e-beati\/san-martino-protettore-dei-cornuti-leggenda-o-storia\/","og_site_name":"Holyblog","article_published_time":"2024-11-04T09:00:17+00:00","article_modified_time":"2025-10-31T08:29:24+00:00","og_image":[{"width":1000,"height":666,"url":"https:\/\/blog.holyart.it\/it\/wp-content\/uploads\/sites\/17\/2024\/10\/san-martino-protettore-dei-cornuti.jpg","type":"image\/jpeg"}],"author":"Redazione","twitter_card":"summary_large_image","twitter_misc":{"Scritto da":"Redazione","Tempo di lettura stimato":"8 minuti"},"schema":{"@context":"https:\/\/schema.org","@graph":[{"@type":"Article","@id":"https:\/\/blog.holyart.it\/it\/santi-e-beati\/san-martino-protettore-dei-cornuti-leggenda-o-storia\/#article","isPartOf":{"@id":"https:\/\/blog.holyart.it\/it\/santi-e-beati\/san-martino-protettore-dei-cornuti-leggenda-o-storia\/"},"author":{"name":"Redazione","@id":"https:\/\/blog.holyart.it\/it\/#\/schema\/person\/0a7b686e5af0f856ec1e390dd0baecda"},"headline":"San Martino protettore dei cornuti: leggenda o storia?","datePublished":"2024-11-04T09:00:17+00:00","dateModified":"2025-10-31T08:29:24+00:00","mainEntityOfPage":{"@id":"https:\/\/blog.holyart.it\/it\/santi-e-beati\/san-martino-protettore-dei-cornuti-leggenda-o-storia\/"},"wordCount":1240,"publisher":{"@id":"https:\/\/blog.holyart.it\/it\/#organization"},"image":{"@id":"https:\/\/blog.holyart.it\/it\/santi-e-beati\/san-martino-protettore-dei-cornuti-leggenda-o-storia\/#primaryimage"},"thumbnailUrl":"https:\/\/blog.holyart.it\/it\/wp-content\/uploads\/sites\/17\/2024\/10\/san-martino-protettore-dei-cornuti.jpg","articleSection":["Santi e beati"],"inLanguage":"it-IT"},{"@type":"WebPage","@id":"https:\/\/blog.holyart.it\/it\/santi-e-beati\/san-martino-protettore-dei-cornuti-leggenda-o-storia\/","url":"https:\/\/blog.holyart.it\/it\/santi-e-beati\/san-martino-protettore-dei-cornuti-leggenda-o-storia\/","name":"San Martino protettore dei cornuti: leggenda o storia? - Holyblog","isPartOf":{"@id":"https:\/\/blog.holyart.it\/it\/#website"},"primaryImageOfPage":{"@id":"https:\/\/blog.holyart.it\/it\/santi-e-beati\/san-martino-protettore-dei-cornuti-leggenda-o-storia\/#primaryimage"},"image":{"@id":"https:\/\/blog.holyart.it\/it\/santi-e-beati\/san-martino-protettore-dei-cornuti-leggenda-o-storia\/#primaryimage"},"thumbnailUrl":"https:\/\/blog.holyart.it\/it\/wp-content\/uploads\/sites\/17\/2024\/10\/san-martino-protettore-dei-cornuti.jpg","datePublished":"2024-11-04T09:00:17+00:00","dateModified":"2025-10-31T08:29:24+00:00","description":"Perch\u00e9 si parla di San Martino protettore dei cornuti? Ecco alcune tradizioni che legano il Vescovo di Tours a questa bizzarra denominazione","breadcrumb":{"@id":"https:\/\/blog.holyart.it\/it\/santi-e-beati\/san-martino-protettore-dei-cornuti-leggenda-o-storia\/#breadcrumb"},"inLanguage":"it-IT","potentialAction":[{"@type":"ReadAction","target":["https:\/\/blog.holyart.it\/it\/santi-e-beati\/san-martino-protettore-dei-cornuti-leggenda-o-storia\/"]}]},{"@type":"ImageObject","inLanguage":"it-IT","@id":"https:\/\/blog.holyart.it\/it\/santi-e-beati\/san-martino-protettore-dei-cornuti-leggenda-o-storia\/#primaryimage","url":"https:\/\/blog.holyart.it\/it\/wp-content\/uploads\/sites\/17\/2024\/10\/san-martino-protettore-dei-cornuti.jpg","contentUrl":"https:\/\/blog.holyart.it\/it\/wp-content\/uploads\/sites\/17\/2024\/10\/san-martino-protettore-dei-cornuti.jpg","width":1000,"height":666,"caption":"san martino protettore dei cornuti"},{"@type":"BreadcrumbList","@id":"https:\/\/blog.holyart.it\/it\/santi-e-beati\/san-martino-protettore-dei-cornuti-leggenda-o-storia\/#breadcrumb","itemListElement":[{"@type":"ListItem","position":1,"name":"Homepage","item":"https:\/\/blog.holyart.it\/it\/"},{"@type":"ListItem","position":2,"name":"Santi e beati","item":"https:\/\/blog.holyart.it\/it\/santi-e-beati\/"},{"@type":"ListItem","position":3,"name":"San Martino protettore dei cornuti: leggenda o storia?"}]},{"@type":"WebSite","@id":"https:\/\/blog.holyart.it\/it\/#website","url":"https:\/\/blog.holyart.it\/it\/","name":"Holyblog","description":"Il Blog di Holyart.it","publisher":{"@id":"https:\/\/blog.holyart.it\/it\/#organization"},"potentialAction":[{"@type":"SearchAction","target":{"@type":"EntryPoint","urlTemplate":"https:\/\/blog.holyart.it\/it\/?s={search_term_string}"},"query-input":{"@type":"PropertyValueSpecification","valueRequired":true,"valueName":"search_term_string"}}],"inLanguage":"it-IT"},{"@type":"Organization","@id":"https:\/\/blog.holyart.it\/it\/#organization","name":"Holyblog","url":"https:\/\/blog.holyart.it\/it\/","logo":{"@type":"ImageObject","inLanguage":"it-IT","@id":"https:\/\/blog.holyart.it\/it\/#\/schema\/logo\/image\/","url":"https:\/\/blog.holyart.it\/it\/wp-content\/uploads\/sites\/17\/2022\/12\/Holyart_Blog_Logo.jpg","contentUrl":"https:\/\/blog.holyart.it\/it\/wp-content\/uploads\/sites\/17\/2022\/12\/Holyart_Blog_Logo.jpg","width":300,"height":50,"caption":"Holyblog"},"image":{"@id":"https:\/\/blog.holyart.it\/it\/#\/schema\/logo\/image\/"}},{"@type":"Person","@id":"https:\/\/blog.holyart.it\/it\/#\/schema\/person\/0a7b686e5af0f856ec1e390dd0baecda","name":"Redazione"}]}},"_links":{"self":[{"href":"https:\/\/blog.holyart.it\/it\/wp-json\/wp\/v2\/posts\/20736","targetHints":{"allow":["GET"]}}],"collection":[{"href":"https:\/\/blog.holyart.it\/it\/wp-json\/wp\/v2\/posts"}],"about":[{"href":"https:\/\/blog.holyart.it\/it\/wp-json\/wp\/v2\/types\/post"}],"author":[{"embeddable":true,"href":"https:\/\/blog.holyart.it\/it\/wp-json\/wp\/v2\/users\/1"}],"replies":[{"embeddable":true,"href":"https:\/\/blog.holyart.it\/it\/wp-json\/wp\/v2\/comments?post=20736"}],"version-history":[{"count":2,"href":"https:\/\/blog.holyart.it\/it\/wp-json\/wp\/v2\/posts\/20736\/revisions"}],"predecessor-version":[{"id":20742,"href":"https:\/\/blog.holyart.it\/it\/wp-json\/wp\/v2\/posts\/20736\/revisions\/20742"}],"wp:featuredmedia":[{"embeddable":true,"href":"https:\/\/blog.holyart.it\/it\/wp-json\/wp\/v2\/media\/20743"}],"wp:attachment":[{"href":"https:\/\/blog.holyart.it\/it\/wp-json\/wp\/v2\/media?parent=20736"}],"wp:term":[{"taxonomy":"category","embeddable":true,"href":"https:\/\/blog.holyart.it\/it\/wp-json\/wp\/v2\/categories?post=20736"},{"taxonomy":"post_tag","embeddable":true,"href":"https:\/\/blog.holyart.it\/it\/wp-json\/wp\/v2\/tags?post=20736"}],"curies":[{"name":"wp","href":"https:\/\/api.w.org\/{rel}","templated":true}]}}