{"id":20664,"date":"2024-10-21T10:00:20","date_gmt":"2024-10-21T08:00:20","guid":{"rendered":"https:\/\/blog.holyart.it\/it\/?p=20664"},"modified":"2025-11-10T10:18:13","modified_gmt":"2025-11-10T09:18:13","slug":"la-tradizione-tedesca-della-piramide-natalizia","status":"publish","type":"post","link":"https:\/\/blog.holyart.it\/it\/natale\/la-tradizione-tedesca-della-piramide-natalizia\/","title":{"rendered":"La tradizione tedesca della piramide natalizia"},"content":{"rendered":"<h4>Il Natale in Germania non sarebbe lo stesso senza la piramide natalizia. Ecco come nasce questo decoro tradizionale del folklore tedesco, che ha tante cose in comune con l&#8217;Albero di Natale<\/h4>\n\n<p>La\u00a0<strong>Piramide natalizia<\/strong>, in tedesco\u00a0<em>Weihnachtspyramide<\/em>, \u00e8 una decorazione di Natale tipica del folclore tedesco.\u00a0Questi manufatti, costruiti in legno, hanno radici che risalgono alle antiche tradizioni germaniche precristiane. Rappresentano un\u00a0<strong>simbolo di luce e speranza<\/strong>\u00a0nell&#8217;oscurit\u00e0 invernale, un tema molto presente nelle celebrazioni legate al solstizio d&#8217;inverno. Col passare del tempo, queste piramidi sono state integrate nelle festivit\u00e0 cristiane, diventando parte integrante delle <a href=\"https:\/\/www.holyart.it\/it\/natale\/decori-natalizi-per-la-casa\"><strong>decorazioni natalizie<\/strong><\/a> in molte case e mercatini. Possiamo considerarla un&#8217;<strong>alternativa all&#8217;Albero di Natale<\/strong>, con il quale condivide per molti aspetti l&#8217;origine. Infatti, proprio come l&#8217;Albero di Natale, anche la piramide di Natale trae origine dall&#8217;usanza medievale di appendere rami di sempreverdi o innalzare interi alberi, decorati poi con nastri, frutta, piccoli ninnoli e luci.<\/p>\n<div class=\"link-product\">\n<div class=\"blocco-immagine\"><img loading=\"lazy\" decoding=\"async\" class=\"size-full wp-image-20672 alignleft\" src=\"https:\/\/blog.holyart.it\/it\/wp-content\/uploads\/sites\/17\/2024\/09\/corona-dellavvento-fiocchi-bacche-pigne-30-cm.jpg\" alt=\"corona dell'avvento fiocchi bacche pigne 30 cm\" width=\"100\" height=\"100\" data-kale-share-title=\"La tradizione tedesca della piramide natalizia\" data-kale-share-url=\"https:\/\/blog.holyart.it\/it\/?p=20664\" \/><\/div>\n<div class=\"blocco-contenuto\">\n<div class=\"blocco-acquista\">Acquista su Holyart:<\/div>\n<div class=\"blocco-titolo\"><a href=\"https:\/\/www.holyart.it\/it\/natale\/decori-natalizi-per-la-casa\">Decori natalizi per la casa<\/a><\/div>\n<div class=\"blocco-descrizione\">Addobbi di Natale e idee nuove per aiutarti a decorare a festa la tua casa.<\/div>\n<\/div>\n<\/div>\n<p>La piramide natalizia non \u00e8 solo una decorazione, ma rappresenta un vero e proprio rito, un simbolo di calore e convivialit\u00e0. La luce delle candele, il calore del legno e il movimento delle figure creano un&#8217;atmosfera magica e accogliente. Accendere una piramide natalizia significa riunirsi con la famiglia, condividere storie e cantare canzoni natalizie.<\/p>\n<h2>Che cos\u2019\u00e8 la piramide natalizia<\/h2>\n<p>Nata nel XVIII secolo nella regione dei Monti Metalliferi (Erzgebirge), questa struttura in legno, a forma di piramide, \u00e8 diventata un simbolo del Natale in molte parti della Germania. La sua origine \u00e8 legata alla tradizione popolare e all&#8217;artigianato locale. Inizialmente, le piramidi erano semplici strutture di legno con poche decorazioni, ma col passare del tempo si sono evolute in opere d&#8217;arte sempre pi\u00f9 elaborate.<\/p>\n<p>Una piramide natalizia \u00e8 composta da diversi\u00a0<strong>piani sovrapposti<\/strong>, su cui vengono posizionate\u00a0<a href=\"https:\/\/www.holyart.it\/it\/natale\/decori-natalizi-per-la-casa\/candele-natalizie\"><strong>candele o piccole luci<\/strong><\/a>. Queste, riscaldando l&#8217;aria, mettono in moto\u00a0<strong>un&#8217;elica<\/strong>\u00a0posta sulla cima della piramide, e fanno cos\u00ec ruotare le\u00a0<a href=\"https:\/\/www.holyart.it\/it\/natale\/decori-natalizi-per-la-casa\/piramidi-natalizie-e-archi-luminosi\"><strong>figure intagliate nel legno<\/strong><\/a>.<br \/>\nLe figure che decorano la piramide natalizia tedesca sono piccoli personaggi che richiamano scene della Nativit\u00e0, creature folcloristiche o semplicemente oggetti legati al Natale. La piramide viene spesso ornata anche con\u00a0<strong>piante di buon augurio<\/strong>, come il vischio o il pungitopo,<strong>\u00a0festoni di carta<\/strong>\u00a0e\u00a0<strong>biscotti<\/strong>\u00a0a forma di cuore o di stella.<\/p>\n<div class=\"link-product\">\n<div class=\"blocco-immagine\"><img loading=\"lazy\" decoding=\"async\" class=\"size-full wp-image-20725 alignleft\" src=\"https:\/\/blog.holyart.it\/it\/wp-content\/uploads\/sites\/17\/2024\/10\/piramide-natalizia-sacra-famiglia-kaledos-legno-naturale-val-gardena-25x20-cm.jpg\" alt=\"piramide natalizia sacra famiglia kaledos legno naturale val gardena 25x20 cm\" width=\"100\" height=\"100\" data-kale-share-title=\"La tradizione tedesca della piramide natalizia\" data-kale-share-url=\"https:\/\/blog.holyart.it\/it\/?p=20664\" \/><\/div>\n<div class=\"blocco-contenuto\">\n<div class=\"blocco-acquista\">Acquista su Holyart:<\/div>\n<div class=\"blocco-titolo\"><a href=\"https:\/\/www.holyart.it\/it\/natale\/decori-natalizi-per-la-casa\/piramidi-natalizie-e-archi-luminosi\">Piramidi natalizie e archi luminosi<\/a><\/div>\n<div class=\"blocco-descrizione\">In questa categoria potrai trovare piramidi natalizie e archi di Natale, addobbi tipici del Nord Europa.<\/div>\n<\/div>\n<\/div>\n<p>Le piramidi natalizie sono molto popolari in Germania, soprattutto nella regione dei Monti Metalliferi, dove si possono visitare numerosi\u00a0<strong>mercatini<\/strong>\u00a0dedicati a questa tradizione. Tuttavia, \u00e8 possibile trovarle anche in altri paesi europei e oltre. In origine esse venivano appese al soffitto.<\/p>\n<p>A\u00a0<strong>Dresda\u00a0<\/strong>si tiene lo\u00a0<em>Striezelmarkt<\/em>, il pi\u00f9 antico mercatino di Natale in Germania. Tra le sue attrazioni pi\u00f9 spettacolari le imponenti decorazioni natalizie in legno, tra le quali svetta la\u00a0<strong>piramide natalizia pi\u00f9 alta al mondo<\/strong>, con i suoi 14,61 metri, e un gigantesco candelabro ad arco, simboli della tradizione artigianale della regione. Ovviamente anche la Piramide di Dresda si muove!<\/p>\n<h2>Il predecessore dell\u2019Albero di Natale<\/h2>\n<p>La piramide natalizia ha sicuramente influenzato l&#8217;evoluzione delle decorazioni natalizie e pu\u00f2 essere considerata un&#8217;antenata dell&#8217;albero di Natale. Tuttavia, le due tradizioni hanno sviluppato caratteristiche distintive nel corso del tempo, diventando simboli ricchi di significato a s\u00e9 stanti. Di certo esse condividono l&#8217;origine, associata all&#8217;antica usanza di\u00a0<a href=\"https:\/\/www.holyart.it\/blog\/natale\/natale-green-decorare-in-modo-consapevole\/\"><strong>decorare gli alberi<\/strong><\/a> in determinate occasioni.<\/p>\n<div class=\"link-article\">\n<p><img loading=\"lazy\" decoding=\"async\" class=\"size-full wp-image-20675 alignleft\" src=\"https:\/\/blog.holyart.it\/it\/wp-content\/uploads\/sites\/17\/2024\/09\/natale-green.jpg\" alt=\"natale green\" width=\"150\" height=\"99\" data-kale-share-title=\"La tradizione tedesca della piramide natalizia\" data-kale-share-url=\"https:\/\/blog.holyart.it\/it\/?p=20664\" \/><\/p>\n<div class=\"leggi-anche\">Leggi anche:<\/div>\n<p><strong><a href=\"https:\/\/www.holyart.it\/blog\/natale\/natale-green-decorare-in-modo-consapevole\/\">Natale green: decorare in modo consapevole<\/a><\/strong><br \/>\nAlberi di Natale in legno, addobbi fai da te, palline in plastica riciclata, luci a basso consumo&#8230;<\/p>\n<\/div>\n<p>L\u2019albero,\u00a0<strong><a href=\"https:\/\/www.holyart.it\/blog\/articoli-religiosi\/significato-dellalbero-della-vita\/\">simbolo di vita<\/a><\/strong>\u00a0in molte culture, ha un ruolo centrale in numerose mitologie e riti pagani. I druidi, per esempio, vedevano nei sempreverdi il simbolo della vita eterna, poich\u00e9 rimanevano verdi anche durante l&#8217;inverno. Durante le loro celebrazioni, decoravano o bruciavano i rami di questi alberi come offerta rituale.\u00a0Con l&#8217;avvento del Cristianesimo, questi riti antichi si fusero con le nuove credenze religiose. Nel Medioevo, le celebrazioni che ruotavano attorno ad alberi, ispirate alla cacciata di Adamo ed Eva dall&#8217;Eden, iniziarono a diffondersi nelle piazze del nord Europa. L\u2019<strong><a href=\"https:\/\/www.holyart.it\/blog\/articoli-religiosi\/giardino-delleden-nella-genesi\/\">albero dell\u2019Eden<\/a><\/strong>, inizialmente simbolo del peccato originale, venne progressivamente associato al sacrificio di Ges\u00f9 e alla salvezza dell&#8217;umanit\u00e0, con la croce paragonata a un albero che dona speranza e redenzione. Con il tempo, <strong><a href=\"https:\/\/www.holyart.it\/it\/natale\/alberi-di-natale\">grandi alberi<\/a><\/strong> vennero eretti nelle piazze dei villaggi europei durante il periodo natalizio e addobbati con frutta secca, mele e decorazioni di carta. I rami venivano portati anche all&#8217;interno delle case e decorati con fiori di carta, dolci e piccoli oggetti. Inizialmente si utilizzavano alberi da frutto, legati all&#8217;abbondanza, ma gradualmente l\u2019abete, particolarmente caro alla tradizione tedesca, divenne l\u2019albero preferito. L\u2019usanza di decorare gli abeti si diffuse nel resto d\u2019Europa e nel mondo cattolico, con frutti e fiori di carta che col tempo furono sostituiti da ghirlande, nastri, candele e, successivamente, <a href=\"https:\/\/www.holyart.it\/it\/natale\/addobbi-natalizi-per-lalbero\/decorazioni-vetro-soffiato-per-albero\"><strong>delicati addobbi di vetro soffiato<\/strong><\/a>.<\/p>\n<div class=\"link-product\">\n<div class=\"blocco-immagine\"><img loading=\"lazy\" decoding=\"async\" class=\"size-full wp-image-20676 alignleft\" src=\"https:\/\/blog.holyart.it\/it\/wp-content\/uploads\/sites\/17\/2024\/09\/babbo-natale-simboli-italia-addobbo-albero-natale-vetro-soffiato.jpg\" alt=\"babbo natale simboli italia addobbo albero natale vetro soffiato\" width=\"100\" height=\"100\" data-kale-share-title=\"La tradizione tedesca della piramide natalizia\" data-kale-share-url=\"https:\/\/blog.holyart.it\/it\/?p=20664\" \/><\/div>\n<div class=\"blocco-contenuto\">\n<div class=\"blocco-acquista\">Acquista su Holyart:<\/div>\n<div class=\"blocco-titolo\"><a href=\"https:\/\/www.holyart.it\/it\/natale\/addobbi-natalizi-per-lalbero\/decorazioni-vetro-soffiato-per-albero\">Decorazioni vetro soffiato per albero<\/a><\/div>\n<div class=\"blocco-descrizione\">Decorazioni in vetro soffiato per l&#8217;albero di Natale dipinti a mano.<\/div>\n<\/div>\n<\/div>\n<p>Non \u00e8 corretto pensare alla piramide natalizia come alla predecessora dell&#8217;Albero di Natale. \u00c8 vero tuttavia che entrambe le tradizioni affondano le loro radici in usanze pre-cristiane legate al\u00a0<strong>culto degli alberi sempreverdi<\/strong>, considerati simboli di vita eterna.<br \/>\nPossiamo altres\u00ec dire che le piramidi natalizie, nate nel XVIII secolo, hanno preceduto la diffusione dell&#8217;Albero di Natale nella sua forma attuale. Infatti \u00e8 a partire dal XVII secolo, con l&#8217;introduzione dell&#8217;Albero di Natale nelle case nobili, che si \u00e8 avviato un processo di diffusione che ha portato alla forma che conosciamo oggi. Non a caso si ritiene che la Germania, gi\u00e0 patria delle piramidi natalizie, sia stata uno dei primi paesi in cui l&#8217;Albero di Natale si sia diffuso nella sua forma attuale. L&#8217;usanza si \u00e8 poi diffusa gradualmente in altri paesi europei, come l&#8217;Alsazia, la Francia e l&#8217;Italia. Con l&#8217;invenzione delle luci elettriche, alla fine del XIX secolo, l&#8217;Albero di Natale \u00e8 stata consacrato come uno dei simboli pi\u00f9 riconosciuti del Natale.<\/p>\n<p>Ma ci sono anche delle differenze importanti. Prima di tutto, la piramide natalizia, oltre ad essere una decorazione, \u00e8 anche un oggetto che produce movimento grazie al calore delle candele. <strong><a href=\"https:\/\/www.holyart.it\/it\/natale\/alberi-di-natale\/albero-natale-barberino-cm-180-pigne-punte-bianche-pvc\">L&#8217;Albero di Natale<\/a><\/strong>, invece, \u00e8 principalmente una struttura su cui appendere decorazioni.<\/p>\n<div class=\"link-product\">\n<div class=\"blocco-immagine\"><img loading=\"lazy\" decoding=\"async\" class=\"size-full wp-image-20677 alignleft\" src=\"https:\/\/blog.holyart.it\/it\/wp-content\/uploads\/sites\/17\/2024\/09\/albero-natale-barberino-cm-180-pigne-punte-bianche-pvc.jpg\" alt=\"albero natale barberino cm 180 pigne punte bianche pvc\" width=\"100\" height=\"100\" data-kale-share-title=\"La tradizione tedesca della piramide natalizia\" data-kale-share-url=\"https:\/\/blog.holyart.it\/it\/?p=20664\" \/><\/div>\n<div class=\"blocco-contenuto\">\n<div class=\"blocco-acquista\">Acquista su Holyart:<\/div>\n<div class=\"blocco-titolo\"><a href=\"https:\/\/www.holyart.it\/it\/natale\/alberi-di-natale\/albero-natale-barberino-cm-180-pigne-punte-bianche-pvc\">Albero Natale Barberino cm 180 pigne punte bianche pvc<\/a><\/div>\n<div class=\"blocco-descrizione\">Albero voluminoso e ricco di dettagli, perfetto per arredare casa durante le festivit\u00e0.<\/div>\n<\/div>\n<\/div>\n<h2>Piramidi natalizie su Holyart<\/h2>\n<p>Anche nel nostro store on line potrete trovare piccole e preziose piramidi natalizie, realizzate in legno lavorato artigianalmente secondo l&#8217;antica tradizione della Val Gardena, come la\u00a0<strong><a href=\"https:\/\/www.holyart.it\/it\/natale\/presepi\/presepe-val-gardena\/piramide-natalizia-legno-val-gardena-nativita-kaledos-colorata\">Piramide natalizia in legno d&#8217;acero della Val Gardena con nativit\u00e0 Kaledos<\/a>\u00a0<\/strong>colorata. La piramide Kaledos colorata \u00e8 un raffinato esempio di artigianato tradizionale. La composizione include le figure di Maria, San Giuseppe, Ges\u00f9 Bambino e una pecorella, tutte posizionate su una base circolare in legno. Questa base \u00e8 poggiata su un&#8217;altra struttura di legno. La scena \u00e8 incorniciata da un arco ligneo che sorregge, nella parte superiore, un&#8217;elica. Il movimento dell&#8217;elica, attivato dal calore delle quattro candele disposte simmetricamente lungo la circonferenza della base pi\u00f9 grande, permette alla piattaforma superiore di ruotare, dando vita a una scena suggestiva e dinamica.<\/p>\n<p>Anche la\u00a0<a href=\"https:\/\/www.holyart.it\/it\/natale\/presepi\/presepe-val-gardena\/piramide-girevole-natalizia-sacra-famiglia-val-gardena-10-cm\"><strong>piccola piramide natalizia senza candele<\/strong>,<\/a>\u00a0n\u00e9 di cera n\u00e9 elettriche, si muove grazie al calore ascendente. Anche questo modello raffigura la Sacra Famiglia, con Ges\u00f9 Bambino nella culla, San Giuseppe in piedi con il bastone e Maria in adorazione. La piramide pu\u00f2 essere posizionata su un termosifone o sul davanzale, dove, grazie al calore del riscaldamento, inizier\u00e0 a muoversi, aumentando la velocit\u00e0 con l&#8217;intensificarsi del calore.<\/p>\n<div class=\"sp-styles-warning\" style=\"width: 450px; background-color: #FFF; color: #F00; border: 1px solid #F00; padding: 10px; font-size: 14px;\">\n\t\t\t<span style=\"font-weight: bold;\">Warning: The stylesheets were not loaded!<\/span> \n\t\t\tYou will need to change the <i>Load stylesheets<\/i> setting from <i>Automatically<\/i> to <i>On homepage<\/i> or <i>On all pages<\/i>. \n\t\t\tYou can set that <a style=\"text-decoration: underline; color: #F00;\" href=\"https:\/\/blog.holyart.it\/it\/wp-admin\/admin.php?page=sliderpro-settings\">here<\/a>.\n\t\t\t<\/div>\r\n<div id=\"slider-pro-211\" class=\"slider-pro sp-no-js\" style=\"width: 500px; height: 500px;\">\r\n\t<div class=\"sp-slides\">\r\n\t\t\r\n\t\t<div class=\"sp-slide\">\r\n\t\t\t<img loading=\"lazy\" decoding=\"async\" class=\"sp-image\" src=\"https:\/\/blog.holyart.it\/it\/wp-content\/uploads\/sites\/17\/2024\/09\/piramide-natalizia-legno-val-gardena-nativita-kaledos-colorata.jpg\" alt=\"piramide natalizia legno val gardena nativit\u00e0 kaledos colorata\" width=\"500\" height=\"500\" \/>\r\n\t\t\t<div class=\"sp-thumbnail\"><a class=\"\" href=\"https:\/\/www.holyart.it\/it\/natale\/presepi\/presepe-val-gardena\/piramide-natalizia-legno-val-gardena-nativita-kaledos-colorata\">\r\n\t\t\t\t<img decoding=\"async\" src=\"https:\/\/blog.holyart.it\/it\/wp-content\/uploads\/sites\/17\/2024\/09\/piramide-natalizia-legno-val-gardena-nativita-kaledos-colorata-1.jpg\" alt=\"piramide natalizia legno val gardena nativit\u00e0 kaledos colorata\" \/>\r\n\t\t\t<\/a>\r\n\t\t\t<\/div>\r\n\t\t\t<div class=\"sp-caption\">Piramide di Natale realizzata in legno d'acero della Val Gardena con nativit\u00e0 Kaledos colorata di altezza presepe 8 cm.<br \/><strong><a href=\"https:\/\/www.holyart.it\/it\/natale\/presepi\/presepe-val-gardena\/piramide-natalizia-legno-val-gardena-nativita-kaledos-colorata\">Acquista su Holyart<\/a><\/strong><\/div>\r\n\t\t<\/div>\r\n\t\t<div class=\"sp-slide\">\r\n\t\t\t<img loading=\"lazy\" decoding=\"async\" class=\"sp-image\" src=\"https:\/\/blog.holyart.it\/it\/wp-content\/uploads\/sites\/17\/2024\/09\/piramide-girevole-natalizia-sacra-famiglia-val-gardena-10-cm.jpg\" alt=\"piramide girevole natalizia sacra famiglia val gardena 10 cm\" width=\"500\" height=\"500\" \/>\r\n\t\t\t<div class=\"sp-thumbnail\"><a class=\"\" href=\"https:\/\/www.holyart.it\/it\/natale\/presepi\/presepe-val-gardena\/piramide-girevole-natalizia-sacra-famiglia-val-gardena-10-cm\">\r\n\t\t\t\t<img decoding=\"async\" src=\"https:\/\/blog.holyart.it\/it\/wp-content\/uploads\/sites\/17\/2024\/09\/piramide-girevole-natalizia-sacra-famiglia-val-gardena-10-cm-1.jpg\" alt=\"piramide girevole natalizia sacra famiglia val gardena 10 cm\" \/>\r\n\t\t\t<\/a>\r\n\t\t\t<\/div>\r\n\t\t\t<div class=\"sp-caption\">Piccola piramide natalizia senza candele di cera o elettriche, che si muove grazie al calore che sale.<br \/><strong><a href=\"https:\/\/www.holyart.it\/it\/natale\/presepi\/presepe-val-gardena\/piramide-girevole-natalizia-sacra-famiglia-val-gardena-10-cm\">Acquista su Holyart<\/a><\/strong><\/div>\r\n\t\t<\/div>\r\n\t\t<div class=\"sp-slide\">\r\n\t\t\t<img loading=\"lazy\" decoding=\"async\" class=\"sp-image\" src=\"https:\/\/blog.holyart.it\/it\/wp-content\/uploads\/sites\/17\/2024\/10\/piramide-di-natale-angeli-luna-legno-naturale-valgardena.jpg\" alt=\"piramide di natale angeli luna legno naturale valgardena\" width=\"500\" height=\"500\" \/>\r\n\t\t\t<div class=\"sp-thumbnail\"><a class=\"\" href=\"https:\/\/www.holyart.it\/it\/natale\/decori-natalizi-per-la-casa\/piramidi-natalizie-e-archi-luminosi\/piramide-di-natale-angeli-luna-legno-naturale-valgardena\">\r\n\t\t\t\t<img decoding=\"async\" src=\"https:\/\/blog.holyart.it\/it\/wp-content\/uploads\/sites\/17\/2024\/10\/piramide-di-natale-angeli-luna-legno-naturale-valgardena-150x150-1.jpg\" alt=\"piramide di natale angeli luna legno naturale valgardena\" \/>\r\n\t\t\t<\/a>\r\n\t\t\t<\/div>\r\n\t\t\t<div class=\"sp-caption\">Piramide di Natale angeli luna legno naturale Valgardena.<br \/><strong><a href=\"https:\/\/www.holyart.it\/it\/natale\/decori-natalizi-per-la-casa\/piramidi-natalizie-e-archi-luminosi\/piramide-di-natale-angeli-luna-legno-naturale-valgardena\">Acquista su Holyart<\/a><\/strong><\/div>\r\n\t\t<\/div>\r\n\t\t<div class=\"sp-slide\">\r\n\t\t\t<img loading=\"lazy\" decoding=\"async\" class=\"sp-image\" src=\"https:\/\/blog.holyart.it\/it\/wp-content\/uploads\/sites\/17\/2024\/10\/piramide-natalizia-legno-patinato-bicolore-val-gardena-nativita-aram-con-pecora.jpg\" alt=\"piramide natalizia legno patinato bicolore val gardena nativit\u00e0 aram con pecora\" width=\"500\" height=\"500\" \/>\r\n\t\t\t<div class=\"sp-thumbnail\"><a class=\"\" href=\"https:\/\/www.holyart.it\/it\/natale\/decori-natalizi-per-la-casa\/piramidi-natalizie-e-archi-luminosi\/piramide-natalizia-legno-patinato-bicolore-val-gardena-nativita-aram-con-pecora\">\r\n\t\t\t\t<img decoding=\"async\" src=\"https:\/\/blog.holyart.it\/it\/wp-content\/uploads\/sites\/17\/2024\/10\/piramide-natalizia-legno-patinato-bicolore-val-gardena-nativita-aram-con-pecora-150x150-1.jpg\" alt=\"piramide natalizia legno patinato bicolore val gardena nativit\u00e0 aram con pecora\" \/>\r\n\t\t\t<\/a>\r\n\t\t\t<\/div>\r\n\t\t<\/div>\r\n\t<\/div>\r\n<\/div>\n","protected":false},"excerpt":{"rendered":"<p>Il Natale in Germania non sarebbe lo stesso senza la piramide natalizia. Ecco come nasce questo decoro tradizionale del folklore tedesco, che ha tante cose in comune con l&#8217;Albero di Natale La\u00a0Piramide natalizia, in tedesco\u00a0Weihnachtspyramide, \u00e8 una decorazione di Natale tipica del folclore tedesco.\u00a0Questi manufatti,&hellip;<\/p>\n","protected":false},"author":1,"featured_media":20679,"comment_status":"closed","ping_status":"open","sticky":false,"template":"","format":"standard","meta":{"_acf_changed":false,"footnotes":""},"categories":[18],"tags":[],"class_list":["post-20664","post","type-post","status-publish","format-standard","has-post-thumbnail","hentry","category-natale"],"acf":[],"yoast_head":"<!-- This site is optimized with the Yoast SEO plugin v26.6 - https:\/\/yoast.com\/wordpress\/plugins\/seo\/ -->\n<title>La tradizione tedesca della piramide natalizia - Holyblog<\/title>\n<meta name=\"description\" content=\"Nata nel XVIII secolo in Germania, la piramide natalizia \u00e8 diventata un simbolo del Natale, tra tradizione popolare, mercatini e artigianato.\" \/>\n<meta name=\"robots\" content=\"index, follow, max-snippet:-1, max-image-preview:large, max-video-preview:-1\" \/>\n<link rel=\"canonical\" href=\"https:\/\/blog.holyart.it\/it\/natale\/la-tradizione-tedesca-della-piramide-natalizia\/\" \/>\n<meta property=\"og:locale\" content=\"it_IT\" \/>\n<meta property=\"og:type\" content=\"article\" \/>\n<meta property=\"og:title\" content=\"La tradizione tedesca della piramide natalizia - Holyblog\" \/>\n<meta property=\"og:description\" content=\"Nata nel XVIII secolo in Germania, la piramide natalizia \u00e8 diventata un simbolo del Natale, tra tradizione popolare, mercatini e artigianato.\" \/>\n<meta property=\"og:url\" content=\"https:\/\/blog.holyart.it\/it\/natale\/la-tradizione-tedesca-della-piramide-natalizia\/\" \/>\n<meta property=\"og:site_name\" content=\"Holyblog\" \/>\n<meta property=\"article:published_time\" content=\"2024-10-21T08:00:20+00:00\" \/>\n<meta property=\"article:modified_time\" content=\"2025-11-10T09:18:13+00:00\" \/>\n<meta property=\"og:image\" content=\"https:\/\/blog.holyart.it\/it\/wp-content\/uploads\/sites\/17\/2024\/09\/piramide-natalizia.jpg\" \/>\n\t<meta property=\"og:image:width\" content=\"1000\" \/>\n\t<meta property=\"og:image:height\" content=\"666\" \/>\n\t<meta property=\"og:image:type\" content=\"image\/jpeg\" \/>\n<meta name=\"author\" content=\"Redazione\" \/>\n<meta name=\"twitter:card\" content=\"summary_large_image\" \/>\n<meta name=\"twitter:label1\" content=\"Scritto da\" \/>\n\t<meta name=\"twitter:data1\" content=\"Redazione\" \/>\n\t<meta name=\"twitter:label2\" content=\"Tempo di lettura stimato\" \/>\n\t<meta name=\"twitter:data2\" content=\"8 minuti\" \/>\n<script type=\"application\/ld+json\" class=\"yoast-schema-graph\">{\"@context\":\"https:\/\/schema.org\",\"@graph\":[{\"@type\":\"Article\",\"@id\":\"https:\/\/blog.holyart.it\/it\/natale\/la-tradizione-tedesca-della-piramide-natalizia\/#article\",\"isPartOf\":{\"@id\":\"https:\/\/blog.holyart.it\/it\/natale\/la-tradizione-tedesca-della-piramide-natalizia\/\"},\"author\":{\"name\":\"Redazione\",\"@id\":\"https:\/\/blog.holyart.it\/it\/#\/schema\/person\/0a7b686e5af0f856ec1e390dd0baecda\"},\"headline\":\"La tradizione tedesca della piramide natalizia\",\"datePublished\":\"2024-10-21T08:00:20+00:00\",\"dateModified\":\"2025-11-10T09:18:13+00:00\",\"mainEntityOfPage\":{\"@id\":\"https:\/\/blog.holyart.it\/it\/natale\/la-tradizione-tedesca-della-piramide-natalizia\/\"},\"wordCount\":1260,\"publisher\":{\"@id\":\"https:\/\/blog.holyart.it\/it\/#organization\"},\"image\":{\"@id\":\"https:\/\/blog.holyart.it\/it\/natale\/la-tradizione-tedesca-della-piramide-natalizia\/#primaryimage\"},\"thumbnailUrl\":\"https:\/\/blog.holyart.it\/it\/wp-content\/uploads\/sites\/17\/2024\/09\/piramide-natalizia.jpg\",\"articleSection\":[\"Natale\"],\"inLanguage\":\"it-IT\"},{\"@type\":\"WebPage\",\"@id\":\"https:\/\/blog.holyart.it\/it\/natale\/la-tradizione-tedesca-della-piramide-natalizia\/\",\"url\":\"https:\/\/blog.holyart.it\/it\/natale\/la-tradizione-tedesca-della-piramide-natalizia\/\",\"name\":\"La tradizione tedesca della piramide natalizia - Holyblog\",\"isPartOf\":{\"@id\":\"https:\/\/blog.holyart.it\/it\/#website\"},\"primaryImageOfPage\":{\"@id\":\"https:\/\/blog.holyart.it\/it\/natale\/la-tradizione-tedesca-della-piramide-natalizia\/#primaryimage\"},\"image\":{\"@id\":\"https:\/\/blog.holyart.it\/it\/natale\/la-tradizione-tedesca-della-piramide-natalizia\/#primaryimage\"},\"thumbnailUrl\":\"https:\/\/blog.holyart.it\/it\/wp-content\/uploads\/sites\/17\/2024\/09\/piramide-natalizia.jpg\",\"datePublished\":\"2024-10-21T08:00:20+00:00\",\"dateModified\":\"2025-11-10T09:18:13+00:00\",\"description\":\"Nata nel XVIII secolo in Germania, la piramide natalizia \u00e8 diventata un simbolo del Natale, tra tradizione popolare, mercatini e artigianato.\",\"breadcrumb\":{\"@id\":\"https:\/\/blog.holyart.it\/it\/natale\/la-tradizione-tedesca-della-piramide-natalizia\/#breadcrumb\"},\"inLanguage\":\"it-IT\",\"potentialAction\":[{\"@type\":\"ReadAction\",\"target\":[\"https:\/\/blog.holyart.it\/it\/natale\/la-tradizione-tedesca-della-piramide-natalizia\/\"]}]},{\"@type\":\"ImageObject\",\"inLanguage\":\"it-IT\",\"@id\":\"https:\/\/blog.holyart.it\/it\/natale\/la-tradizione-tedesca-della-piramide-natalizia\/#primaryimage\",\"url\":\"https:\/\/blog.holyart.it\/it\/wp-content\/uploads\/sites\/17\/2024\/09\/piramide-natalizia.jpg\",\"contentUrl\":\"https:\/\/blog.holyart.it\/it\/wp-content\/uploads\/sites\/17\/2024\/09\/piramide-natalizia.jpg\",\"width\":1000,\"height\":666,\"caption\":\"piramide natalizia\"},{\"@type\":\"BreadcrumbList\",\"@id\":\"https:\/\/blog.holyart.it\/it\/natale\/la-tradizione-tedesca-della-piramide-natalizia\/#breadcrumb\",\"itemListElement\":[{\"@type\":\"ListItem\",\"position\":1,\"name\":\"Homepage\",\"item\":\"https:\/\/blog.holyart.it\/it\/\"},{\"@type\":\"ListItem\",\"position\":2,\"name\":\"Natale\",\"item\":\"https:\/\/blog.holyart.it\/it\/natale\/\"},{\"@type\":\"ListItem\",\"position\":3,\"name\":\"La tradizione tedesca della piramide natalizia\"}]},{\"@type\":\"WebSite\",\"@id\":\"https:\/\/blog.holyart.it\/it\/#website\",\"url\":\"https:\/\/blog.holyart.it\/it\/\",\"name\":\"Holyblog\",\"description\":\"Il Blog di Holyart.it\",\"publisher\":{\"@id\":\"https:\/\/blog.holyart.it\/it\/#organization\"},\"potentialAction\":[{\"@type\":\"SearchAction\",\"target\":{\"@type\":\"EntryPoint\",\"urlTemplate\":\"https:\/\/blog.holyart.it\/it\/?s={search_term_string}\"},\"query-input\":{\"@type\":\"PropertyValueSpecification\",\"valueRequired\":true,\"valueName\":\"search_term_string\"}}],\"inLanguage\":\"it-IT\"},{\"@type\":\"Organization\",\"@id\":\"https:\/\/blog.holyart.it\/it\/#organization\",\"name\":\"Holyblog\",\"url\":\"https:\/\/blog.holyart.it\/it\/\",\"logo\":{\"@type\":\"ImageObject\",\"inLanguage\":\"it-IT\",\"@id\":\"https:\/\/blog.holyart.it\/it\/#\/schema\/logo\/image\/\",\"url\":\"https:\/\/blog.holyart.it\/it\/wp-content\/uploads\/sites\/17\/2022\/12\/Holyart_Blog_Logo.jpg\",\"contentUrl\":\"https:\/\/blog.holyart.it\/it\/wp-content\/uploads\/sites\/17\/2022\/12\/Holyart_Blog_Logo.jpg\",\"width\":300,\"height\":50,\"caption\":\"Holyblog\"},\"image\":{\"@id\":\"https:\/\/blog.holyart.it\/it\/#\/schema\/logo\/image\/\"}},{\"@type\":\"Person\",\"@id\":\"https:\/\/blog.holyart.it\/it\/#\/schema\/person\/0a7b686e5af0f856ec1e390dd0baecda\",\"name\":\"Redazione\"}]}<\/script>\n<!-- \/ Yoast SEO plugin. -->","yoast_head_json":{"title":"La tradizione tedesca della piramide natalizia - Holyblog","description":"Nata nel XVIII secolo in Germania, la piramide natalizia \u00e8 diventata un simbolo del Natale, tra tradizione popolare, mercatini e artigianato.","robots":{"index":"index","follow":"follow","max-snippet":"max-snippet:-1","max-image-preview":"max-image-preview:large","max-video-preview":"max-video-preview:-1"},"canonical":"https:\/\/blog.holyart.it\/it\/natale\/la-tradizione-tedesca-della-piramide-natalizia\/","og_locale":"it_IT","og_type":"article","og_title":"La tradizione tedesca della piramide natalizia - Holyblog","og_description":"Nata nel XVIII secolo in Germania, la piramide natalizia \u00e8 diventata un simbolo del Natale, tra tradizione popolare, mercatini e artigianato.","og_url":"https:\/\/blog.holyart.it\/it\/natale\/la-tradizione-tedesca-della-piramide-natalizia\/","og_site_name":"Holyblog","article_published_time":"2024-10-21T08:00:20+00:00","article_modified_time":"2025-11-10T09:18:13+00:00","og_image":[{"width":1000,"height":666,"url":"https:\/\/blog.holyart.it\/it\/wp-content\/uploads\/sites\/17\/2024\/09\/piramide-natalizia.jpg","type":"image\/jpeg"}],"author":"Redazione","twitter_card":"summary_large_image","twitter_misc":{"Scritto da":"Redazione","Tempo di lettura stimato":"8 minuti"},"schema":{"@context":"https:\/\/schema.org","@graph":[{"@type":"Article","@id":"https:\/\/blog.holyart.it\/it\/natale\/la-tradizione-tedesca-della-piramide-natalizia\/#article","isPartOf":{"@id":"https:\/\/blog.holyart.it\/it\/natale\/la-tradizione-tedesca-della-piramide-natalizia\/"},"author":{"name":"Redazione","@id":"https:\/\/blog.holyart.it\/it\/#\/schema\/person\/0a7b686e5af0f856ec1e390dd0baecda"},"headline":"La tradizione tedesca della piramide natalizia","datePublished":"2024-10-21T08:00:20+00:00","dateModified":"2025-11-10T09:18:13+00:00","mainEntityOfPage":{"@id":"https:\/\/blog.holyart.it\/it\/natale\/la-tradizione-tedesca-della-piramide-natalizia\/"},"wordCount":1260,"publisher":{"@id":"https:\/\/blog.holyart.it\/it\/#organization"},"image":{"@id":"https:\/\/blog.holyart.it\/it\/natale\/la-tradizione-tedesca-della-piramide-natalizia\/#primaryimage"},"thumbnailUrl":"https:\/\/blog.holyart.it\/it\/wp-content\/uploads\/sites\/17\/2024\/09\/piramide-natalizia.jpg","articleSection":["Natale"],"inLanguage":"it-IT"},{"@type":"WebPage","@id":"https:\/\/blog.holyart.it\/it\/natale\/la-tradizione-tedesca-della-piramide-natalizia\/","url":"https:\/\/blog.holyart.it\/it\/natale\/la-tradizione-tedesca-della-piramide-natalizia\/","name":"La tradizione tedesca della piramide natalizia - Holyblog","isPartOf":{"@id":"https:\/\/blog.holyart.it\/it\/#website"},"primaryImageOfPage":{"@id":"https:\/\/blog.holyart.it\/it\/natale\/la-tradizione-tedesca-della-piramide-natalizia\/#primaryimage"},"image":{"@id":"https:\/\/blog.holyart.it\/it\/natale\/la-tradizione-tedesca-della-piramide-natalizia\/#primaryimage"},"thumbnailUrl":"https:\/\/blog.holyart.it\/it\/wp-content\/uploads\/sites\/17\/2024\/09\/piramide-natalizia.jpg","datePublished":"2024-10-21T08:00:20+00:00","dateModified":"2025-11-10T09:18:13+00:00","description":"Nata nel XVIII secolo in Germania, la piramide natalizia \u00e8 diventata un simbolo del Natale, tra tradizione popolare, mercatini e artigianato.","breadcrumb":{"@id":"https:\/\/blog.holyart.it\/it\/natale\/la-tradizione-tedesca-della-piramide-natalizia\/#breadcrumb"},"inLanguage":"it-IT","potentialAction":[{"@type":"ReadAction","target":["https:\/\/blog.holyart.it\/it\/natale\/la-tradizione-tedesca-della-piramide-natalizia\/"]}]},{"@type":"ImageObject","inLanguage":"it-IT","@id":"https:\/\/blog.holyart.it\/it\/natale\/la-tradizione-tedesca-della-piramide-natalizia\/#primaryimage","url":"https:\/\/blog.holyart.it\/it\/wp-content\/uploads\/sites\/17\/2024\/09\/piramide-natalizia.jpg","contentUrl":"https:\/\/blog.holyart.it\/it\/wp-content\/uploads\/sites\/17\/2024\/09\/piramide-natalizia.jpg","width":1000,"height":666,"caption":"piramide natalizia"},{"@type":"BreadcrumbList","@id":"https:\/\/blog.holyart.it\/it\/natale\/la-tradizione-tedesca-della-piramide-natalizia\/#breadcrumb","itemListElement":[{"@type":"ListItem","position":1,"name":"Homepage","item":"https:\/\/blog.holyart.it\/it\/"},{"@type":"ListItem","position":2,"name":"Natale","item":"https:\/\/blog.holyart.it\/it\/natale\/"},{"@type":"ListItem","position":3,"name":"La tradizione tedesca della piramide natalizia"}]},{"@type":"WebSite","@id":"https:\/\/blog.holyart.it\/it\/#website","url":"https:\/\/blog.holyart.it\/it\/","name":"Holyblog","description":"Il Blog di Holyart.it","publisher":{"@id":"https:\/\/blog.holyart.it\/it\/#organization"},"potentialAction":[{"@type":"SearchAction","target":{"@type":"EntryPoint","urlTemplate":"https:\/\/blog.holyart.it\/it\/?s={search_term_string}"},"query-input":{"@type":"PropertyValueSpecification","valueRequired":true,"valueName":"search_term_string"}}],"inLanguage":"it-IT"},{"@type":"Organization","@id":"https:\/\/blog.holyart.it\/it\/#organization","name":"Holyblog","url":"https:\/\/blog.holyart.it\/it\/","logo":{"@type":"ImageObject","inLanguage":"it-IT","@id":"https:\/\/blog.holyart.it\/it\/#\/schema\/logo\/image\/","url":"https:\/\/blog.holyart.it\/it\/wp-content\/uploads\/sites\/17\/2022\/12\/Holyart_Blog_Logo.jpg","contentUrl":"https:\/\/blog.holyart.it\/it\/wp-content\/uploads\/sites\/17\/2022\/12\/Holyart_Blog_Logo.jpg","width":300,"height":50,"caption":"Holyblog"},"image":{"@id":"https:\/\/blog.holyart.it\/it\/#\/schema\/logo\/image\/"}},{"@type":"Person","@id":"https:\/\/blog.holyart.it\/it\/#\/schema\/person\/0a7b686e5af0f856ec1e390dd0baecda","name":"Redazione"}]}},"_links":{"self":[{"href":"https:\/\/blog.holyart.it\/it\/wp-json\/wp\/v2\/posts\/20664","targetHints":{"allow":["GET"]}}],"collection":[{"href":"https:\/\/blog.holyart.it\/it\/wp-json\/wp\/v2\/posts"}],"about":[{"href":"https:\/\/blog.holyart.it\/it\/wp-json\/wp\/v2\/types\/post"}],"author":[{"embeddable":true,"href":"https:\/\/blog.holyart.it\/it\/wp-json\/wp\/v2\/users\/1"}],"replies":[{"embeddable":true,"href":"https:\/\/blog.holyart.it\/it\/wp-json\/wp\/v2\/comments?post=20664"}],"version-history":[{"count":7,"href":"https:\/\/blog.holyart.it\/it\/wp-json\/wp\/v2\/posts\/20664\/revisions"}],"predecessor-version":[{"id":20730,"href":"https:\/\/blog.holyart.it\/it\/wp-json\/wp\/v2\/posts\/20664\/revisions\/20730"}],"wp:featuredmedia":[{"embeddable":true,"href":"https:\/\/blog.holyart.it\/it\/wp-json\/wp\/v2\/media\/20679"}],"wp:attachment":[{"href":"https:\/\/blog.holyart.it\/it\/wp-json\/wp\/v2\/media?parent=20664"}],"wp:term":[{"taxonomy":"category","embeddable":true,"href":"https:\/\/blog.holyart.it\/it\/wp-json\/wp\/v2\/categories?post=20664"},{"taxonomy":"post_tag","embeddable":true,"href":"https:\/\/blog.holyart.it\/it\/wp-json\/wp\/v2\/tags?post=20664"}],"curies":[{"name":"wp","href":"https:\/\/api.w.org\/{rel}","templated":true}]}}