{"id":20598,"date":"2024-09-16T12:44:36","date_gmt":"2024-09-16T10:44:36","guid":{"rendered":"https:\/\/blog.holyart.it\/it\/?p=20598"},"modified":"2025-10-02T10:25:00","modified_gmt":"2025-10-02T08:25:00","slug":"le-stimmate-di-san-francesco-uneredita-damore-lunga-ottocento-anni","status":"publish","type":"post","link":"https:\/\/blog.holyart.it\/it\/santi-e-beati\/le-stimmate-di-san-francesco-uneredita-damore-lunga-ottocento-anni\/","title":{"rendered":"Le Stimmate di San Francesco: un&#8217;eredit\u00e0 d&#8217;amore lunga ottocento anni"},"content":{"rendered":"<h4>Il 17 settembre cade l&#8217;ottavo centenario dell&#8217;impressione delle Stimmate di San Francesco d&#8217;Assisi. Ecco perch\u00e9 ancora oggi celebriamo questo evento<\/h4>\n\n<p>Il 17 settembre 2024 la Chiesa ricorda un evento straordinario, che ha segnato profondamente la storia della spiritualit\u00e0 cristiana. Questo avvenimento ebbe luogo nel 1224 sul\u00a0<strong>Sacro Monte della Verna<\/strong>, in provincia di Arezzo, e il suo protagonista \u00e8 forse uno dei santi pi\u00f9 conosciuti e amati non solo della Cristianit\u00e0, ma del mondo intero. Parliamo di\u00a0<strong><a href=\"https:\/\/www.holyart.it\/it\/articoli-religiosi\/statue\/statue-in-legno-dipinto\/san-francesco-dassisi-legno-dipinto-val-gardena\">San Francesco d&#8217;Assisi<\/a><\/strong>, Patrono d&#8217;Italia, e l&#8217;evento mistico e miracoloso che ricordiamo \u00e8 l&#8217;<strong>impressione delle Stimmate a San Francesco,<\/strong>\u00a0appunto.<\/p>\n<p>Non a caso San Francesco d&#8217;Assisi continua ad affascinare e a essere amato anche dopo 800 anni dalla sua morte, per una serie di motivi che trascendono il tempo e le barriere culturali, religiose o sociali. San Francesco \u00e8 stato un vero\u00a0<strong>rivoluzionario spirituale<\/strong>, che ha sfidato le convenzioni sociali e religiose del suo tempo, mettendo in discussione le gerarchie e i privilegi. Questo\u00a0<strong>spirito di rinnovamento e rottura con il passato\u00a0<\/strong>\u00e8 una delle ragioni per cui continua a essere tanto amato anche oggi, in un mondo che pi\u00f9 che mai ha bisogno di cambiamento. La sua figura incarna <strong>valori universali\u00a0<\/strong>e profondamente umani. Lui \u00e8 il simbolo della\u00a0<strong>povert\u00e0 volontaria e dell&#8217;umilt\u00e0<\/strong>, in un mondo spesso dominato da ambizione e materialismo. Il suo rifiuto del superfluo, la sua scelta radicale di abbandonare ricchezze e status sociale per abbracciare una\u00a0<strong>vita di povert\u00e0<\/strong> risuona come un richiamo all&#8217;essenzialit\u00e0 e all\u2019autenticit\u00e0, oggi cos\u00ec difficili da trovare.<\/p>\n<div class=\"link-product\">\n<div class=\"blocco-immagine\"><img loading=\"lazy\" decoding=\"async\" class=\"size-full wp-image-20602 alignleft\" src=\"https:\/\/blog.holyart.it\/it\/wp-content\/uploads\/sites\/17\/2024\/09\/san-francesco-dassisi-legno-dipinto-val-gardena.jpg\" alt=\"san francesco d'assisi legno dipinto val gardena\" width=\"100\" height=\"100\" data-kale-share-title=\"Le Stimmate di San Francesco: un\u2019eredit\u00e0 d\u2019amore lunga ottocento anni\" data-kale-share-url=\"https:\/\/blog.holyart.it\/it\/?p=20598\" \/><\/div>\n<div class=\"blocco-contenuto\">\n<div class=\"blocco-acquista\">Acquista su Holyart:<\/div>\n<div class=\"blocco-titolo\"><a href=\"https:\/\/www.holyart.it\/it\/articoli-religiosi\/statue\/statue-in-legno-dipinto\/san-francesco-dassisi-legno-dipinto-val-gardena\">San Francesco d&#8217;Assisi legno dipinto Val Gardena<\/a><\/div>\n<div class=\"blocco-descrizione\">Statua realizzata a mano e dipinta finemente, dagli artigiani della Valgardena.<\/div>\n<\/div>\n<\/div>\n<p>San Francesco \u00e8 ricordato anche per il suo\u00a0<strong>straordinario amore per il creato<\/strong>, e in un&#8217;epoca come la nostra, di crisi ambientale e cambiamenti climatici, il suo esempio di amore per la Terra e tutte le sue creature lo rende un modello di sostenibilit\u00e0 e rispetto ecologico. Ancora, Francesco predicava\u00a0<strong>la pace e la fratellanza tra tutti gli esseri umani<\/strong>, al di l\u00e0 delle differenze religiose o sociali. In un mondo diviso da conflitti, intolleranza e odio, la sua visione di una fratellanza universale ispira coloro che cercano la pace e il dialogo tra culture diverse, cos\u00ec come la sua\u00a0<strong>empatia e dedizione verso gli ultimi, i poveri e gli emarginati<\/strong>.<br \/>\nPer questo, nonostante sia profondamente radicato nella fede cristiana, il messaggio di San Francesco ha trovato risonanza in molte altre culture e religioni.<\/p>\n<h2>Ricordando San Francesco<\/h2>\n<p>Ci siamo gi\u00e0 soffermati in un articolo precedente sull\u2019<strong><a href=\"https:\/\/www.holyart.it\/blog\/articoli-religiosi\/la-serie-di-celebrazioni-per-lottavo-centenario-della-morte-di-san-francesco-dassisi\/\">ottavo centenario della morte<\/a> di San Francesco d\u2019Assisi<\/strong>, che cadr\u00e0 nel 2026. Questo evento sar\u00e0 solo il culmine di\u00a0<strong>quattro anni di feste e celebrazioni<\/strong>\u00a0dedicate al poverello d\u2019Assisi gi\u00e0 in corso dal 2023, e queste feste e celebrazioni si intrecceranno con quelle del <a href=\"https:\/\/www.holyart.it\/blog\/articoli-religiosi\/il-calendario-degli-eventi-del-giubileo-2025\/\"><strong>Giubileo del 2025<\/strong><\/a>.<br \/>\nNel 2023 \u00e8 stato celebrato\u00a0<strong>l&#8217;ottocentenario della Regola Bollata<\/strong>, scritta da San Francesco per i suoi Frati Minori a Fonte Colombo, e confermata da Papa Onorio III il 29 novembre 1223, con bolla concessa presso San Giovanni in Laterano.<\/p>\n<div class=\"link-article\">\n<p><img loading=\"lazy\" decoding=\"async\" class=\"size-full wp-image-20603 alignleft\" src=\"https:\/\/blog.holyart.it\/it\/wp-content\/uploads\/sites\/17\/2024\/09\/san-francesco-copertina-1.jpg\" alt=\"san francesco\" width=\"150\" height=\"99\" data-kale-share-title=\"Le Stimmate di San Francesco: un\u2019eredit\u00e0 d\u2019amore lunga ottocento anni\" data-kale-share-url=\"https:\/\/blog.holyart.it\/it\/?p=20598\" \/><\/p>\n<div class=\"leggi-anche\">Leggi anche:<\/div>\n<p><strong><a href=\"https:\/\/www.holyart.it\/blog\/articoli-religiosi\/la-serie-di-celebrazioni-per-lottavo-centenario-della-morte-di-san-francesco-dassisi\/\">La serie di celebrazioni per l\u2019ottavo centenario della morte di San Francesco d\u2019Assisi<\/a><\/strong><br \/>\nNel 2026 cadr\u00e0 l\u2019ottavo centenario della morte di San Francesco d\u2019Assisi&#8230;<\/p>\n<\/div>\n<p>Il 17 settembre 2024 vede appunto la commemorazione degli\u00a0<strong>800 anni dalle stimmate\u00a0<\/strong>ricevute da Francesco sul Monte della Verna. Questo segno rappresenta la straordinaria\u00a0<strong>unione di Francesco con Cristo<\/strong>\u00a0e della sua totale dedizione al Vangelo. Le stimmate sono viste non solo come una manifestazione fisica, ma come una testimonianza della profonda comunione spirituale che San Francesco viveva con le sofferenze di Ges\u00f9, un&#8217;eredit\u00e0 duratura che continua a ispirare fedeli e non, anche a distanza di 800 anni.<br \/>\nLe celebrazioni per il Santo di Assisi proseguiranno nel 2025, in coincidenza con il Giubileo, con l&#8217;<strong>ottavo centenario della stesura del\u00a0<a href=\"https:\/\/www.holyart.it\/blog\/articoli-religiosi\/il-cantico-delle-creature-di-san-francesco\/\">Cantico delle creature<\/a><\/strong>, uno dei testi pi\u00f9 noti e amati del Santo, scritto quando Francesco era quasi completamente cieco, e culmineranno nel 2026 con il solenne\u00a0<strong>ottavo centenario della sua morte<\/strong>.<\/p>\n<div class=\"link-article\">\n<p><img loading=\"lazy\" decoding=\"async\" class=\"size-full wp-image-20604 alignleft\" src=\"https:\/\/blog.holyart.it\/it\/wp-content\/uploads\/sites\/17\/2024\/09\/giubileo-2025.jpg\" alt=\"giubileo 2025\" width=\"150\" height=\"99\" data-kale-share-title=\"Le Stimmate di San Francesco: un\u2019eredit\u00e0 d\u2019amore lunga ottocento anni\" data-kale-share-url=\"https:\/\/blog.holyart.it\/it\/?p=20598\" \/><\/p>\n<div class=\"leggi-anche\">Leggi anche:<\/div>\n<p><strong><a href=\"https:\/\/www.holyart.it\/blog\/articoli-religiosi\/il-calendario-degli-eventi-del-giubileo-2025\/\">Il calendario degli eventi del Giubileo 2025<\/a><\/strong><br \/>\n\u00c8 stato pubblicato il calendario degli eventi del Giubileo 2025, dodici mesi di eventi e occasioni per approfondire la fede&#8230;<\/p>\n<\/div>\n<h2>L&#8217;impressione delle Stimmate a Francesco<\/h2>\n<p>La festa delle Stimmate di San Francesco offre un&#8217;occasione per meditare sulla rilevanza del\u00a0<strong>messaggio francescano nel mondo contemporaneo<\/strong>.<br \/>\nLe Stimmate di San Francesco furono un fenomeno straordinario, poich\u00e9 rappresentavano una\u00a0<strong>partecipazione diretta alle sofferenze di Cristo<\/strong>. Per i fedeli, queste ferite furono viste come una\u00a0<strong>conferma della santit\u00e0<\/strong>\u00a0del frate e della sua strettissima unione con Dio. Francesco d&#8217;Assisi, simbolo di povert\u00e0, umilt\u00e0 e amore per il prossimo, fu considerato dai suoi contemporanei un<strong>\u00a0modello di imitazione di Cristo<\/strong>. Le stimmate simboleggiano il segno tangibile della <a href=\"https:\/\/www.holyart.it\/it\/articoli-religiosi\/crocefissi\/crocifissi-in-legno\/crocifisso-san-damiano-legno-bordo-irregolare\"><strong>sua identificazione con il Crocifisso<\/strong><\/a>, e conferiscono ulteriore autorit\u00e0 e credibilit\u00e0 al suo messaggio evangelico.<\/p>\n<p>Quest&#8217;anno Firenze e La Verna sono stati i due centri principali delle celebrazioni per l&#8217;ottavo centenario delle stimmate di San Francesco, con eventi che hanno unito aspetti spirituali, artistici e culturali. Questi appuntamenti hanno offerto l&#8217;opportunit\u00e0 di riscoprire l&#8217;<strong>attualit\u00e0 del messaggio del Santo di Assisi<\/strong>. Tra le iniziative di rilievo, spicca\u00a0<strong><em>Francesco Live<\/em><\/strong>, che si \u00e8 tenuto a Firenze dall&#8217;11 al 14 aprile 2024, e ha riunito centinaia di giovani da tutta Italia per riflettere sul futuro attraverso la visione di San Francesco. L&#8217;evento \u00e8 stato inaugurato dal cantautore e scrittore Roberto Vecchioni.<\/p>\n<div class=\"link-product\">\n<div class=\"blocco-immagine\"><img loading=\"lazy\" decoding=\"async\" class=\"size-full wp-image-20607 alignleft\" src=\"https:\/\/blog.holyart.it\/it\/wp-content\/uploads\/sites\/17\/2024\/09\/crocifisso-san-damiano-legno-bordo-irregolare.jpg\" alt=\"crocifisso san damiano legno bordo irregolare\" width=\"100\" height=\"100\" data-kale-share-title=\"Le Stimmate di San Francesco: un\u2019eredit\u00e0 d\u2019amore lunga ottocento anni\" data-kale-share-url=\"https:\/\/blog.holyart.it\/it\/?p=20598\" \/><\/div>\n<div class=\"blocco-contenuto\">\n<div class=\"blocco-acquista\">Acquista su Holyart:<\/div>\n<div class=\"blocco-titolo\"><a href=\"https:\/\/www.holyart.it\/it\/articoli-religiosi\/crocefissi\/crocifissi-in-legno\/crocifisso-san-damiano-legno-bordo-irregolare\">Crocifisso San Damiano legno bordo irregolare<\/a><\/div>\n<div class=\"blocco-descrizione\">Il crocifisso \u00e8 in legno con bordo marrone irregolare.<\/div>\n<\/div>\n<\/div>\n<p>Riguardo all&#8217;evento in s\u00e9, nel\u00a0<strong>Martirologio Romano<\/strong>, il libro liturgico che costituisce la base dei calendari delle feste religiose della Chiesa cattolica, nella data del 17 settembre leggiamo:\u00a0<em>&#8220;Sul monte della Verna, in Toscana, la commemorazione dell\u2019Impressione delle sacre Stimmate, che, per meravigliosa grazia di Dio, furono impresse nelle mani, nei piedi e nel costato di san Francesco, Fondatore dell\u2019Ordine dei Minori.&#8221;<br \/>\n<\/em>L\u2019evento delle stimmate di San Francesco viene dunque menzionato con poche parole, ma \u00e8 dai biografi, a cominciare da uno dei primi, San Bonaventura da Bagnoregio, con la sua\u00a0<strong><em>Legenda Maior<\/em><\/strong>, la biografia ufficiale del santo, che apprendiamo ulteriori dettagli sull&#8217;episodio. Anche l&#8217;<strong>arte sacra<\/strong>\u00a0ci viene in aiuto. Numerosi artisti, tra cui\u00a0<strong>Giotto<\/strong>, lo hanno immortalato in affreschi e quadri celebri.<br \/>\nIn breve, era il 1224, due anni prima della morte di San Francesco, ed egli, stanco e bisognoso di ritrovarsi solo con s\u00e9 stesso, per immergersi nella propria spiritualit\u00e0 e ritrovare la profonda connessione con Ges\u00f9, si ritir\u00f2 sul Monte della Verna per quaranta giorni di digiuno e preghiera. Si trattava di un luogo solitario e selvaggio, molto caro al Santo di Assisi, con pareti rocciose a strapiombo che lo rendevano difficile da raggiungere. Il conte Orlando da Chiusi, devoto al Santo, gli aveva fatto dono del monte, perch\u00e9 potesse usarlo come luogo di preghiera, e i suoi confratelli avevano costruito per lui una piccola capanna, perch\u00e9 non trascorresse le notti all&#8217;addiaccio.<br \/>\nFu proprio in questa capanna che Francesco visse l&#8217;esperienza mistica delle Stimmate, mentre era immerso nella meditazione sulla <a href=\"https:\/\/www.holyart.it\/blog\/articoli-religiosi\/gli-avvenimenti-della-passione-di-gesu-dallultima-cena-alla-sua-crocifissione\/\"><strong>Passione di Cristo<\/strong><\/a>, e pregava intensamente per poter sentire, nel corpo e nell&#8217;anima, lo stesso dolore che Ges\u00f9 prov\u00f2. A un certo punto, stando ai racconti dei pastori e di coloro che vivevano vicini al Monte della Verna, la montagna fu rischiarata da un bagliore intenso. San Bonaventura scrive che Francesco vide apparire davanti a lui un serafino con sei ali infuocate, al centro delle quali c&#8217;era un uomo crocifisso. Il cuore del Santo si colm\u00f2 di gioia, perch\u00e9 comprese che stava per divenire un\u2019immagine vivente del Cristo, e fu Ges\u00f9 in persona a dargliene conferma: le Stimmate che gli stava donando erano i segni con cui lo rendeva Suo gonfaloniere, portabandiera. Inoltre, grazie al dono delle Stimmate, Francesco avrebbe avuto il potere di liberare ogni anno, nel giorno della sua morte, le anime dei membri dei suoi Ordini e di coloro che erano devoti a lui, portandole dalla sofferenza del Purgatorio alla gloria del Paradiso. Un potere questo che lo rendeva pi\u00f9 che mai vicino a Ges\u00f9.<\/p>\n<div class=\"link-article\">\n<p><img loading=\"lazy\" decoding=\"async\" class=\"size-full wp-image-20608 alignleft\" src=\"https:\/\/blog.holyart.it\/it\/wp-content\/uploads\/sites\/17\/2024\/09\/passione-di-gesu.jpg\" alt=\"passione di ges\u00f9\" width=\"150\" height=\"99\" data-kale-share-title=\"Le Stimmate di San Francesco: un\u2019eredit\u00e0 d\u2019amore lunga ottocento anni\" data-kale-share-url=\"https:\/\/blog.holyart.it\/it\/?p=20598\" \/><\/p>\n<div class=\"leggi-anche\">Leggi anche:<\/div>\n<p><strong><a href=\"https:\/\/www.holyart.it\/blog\/articoli-religiosi\/gli-avvenimenti-della-passione-di-gesu-dallultima-cena-alla-sua-crocifissione\/\">Gli avvenimenti della Passione di Ges\u00f9: dall\u2019Ultima Cena alla Sua crocifissione<\/a><\/strong><br \/>\nLa Passione di Ges\u00f9 \u00e8 il momento pi\u00f9 alto e terribile della Sua parabola&#8230;<\/p>\n<\/div>\n<h2>Chiesa delle Santissime Stimmate di San Francesco<\/h2>\n<p>A Roma, nel Rione della Pigna, sorge la Chiesa delle Santissime Stimmate di San Francesco, dal 1597 dedicata al miracolo delle stimmate dal Santo di Assisi. Eretta su un luogo di culto preesistente, la chiesa venne ricostruita nel 1714 per volont\u00e0 dell&#8217;Arciconfraternita delle Sacre Stimmate di San Francesco, che affid\u00f2 il progetto a Giovan Battista Contini, allievo del Bernini e celebre architetto barocco. Oltre a diverse opere d&#8217;arte che hanno come soggetto il Santo, nella Chiesa \u00e8 conservato anche un <a href=\"https:\/\/www.holyart.it\/it\/accessori-per-la-liturgia\/ostensori-teche-reliquiari-tronetti\/ostensori-teche-reliquiari-metallo\/reliquiario-ottone-argentato-barocco-23-cm\"><strong>prezioso reliquiario in argento<\/strong><\/a> che ne custodisce il sangue.<\/p>\n<h2>Le Stimmate di San Francesco di Giotto<\/h2>\n<p><img loading=\"lazy\" decoding=\"async\" class=\"size-full wp-image-20610 aligncenter\" src=\"https:\/\/blog.holyart.it\/it\/wp-content\/uploads\/sites\/17\/2024\/09\/stigmate-di-san-francesco-giotto.jpg\" alt=\"stigmate di san francesco giotto\" width=\"1000\" height=\"883\" data-kale-share-title=\"Le Stimmate di San Francesco: un\u2019eredit\u00e0 d\u2019amore lunga ottocento anni\" data-kale-share-url=\"https:\/\/blog.holyart.it\/it\/?p=20598\" \/><\/p>\n<p>Le Stimmate di San Francesco \u00e8 un&#8217;opera di Giotto e una delle rappresentazioni pi\u00f9 celebri del miracolo mistico vissuto dal Santo sul Monte della Verna. Si tratta di un dipinto a tempera e oro su tavola, realizzato originariamente per la chiesa di San Francesco a Pisa, ma oggi conservato al Louvre. Nel dipinto Giotto raffigura il momento in cui San Francesco, in preghiera sul Monte della Verna, riceve le stimmate. In alto, appare una figura alata, un Cristo crocifisso racchiuso tra le sei ali di un Serafino, che emana raggi luminosi, i quali colpiscono le mani, i piedi e il costato di Francesco, imprimendo su di lui i segni della Passione. La scena \u00e8 immersa in un&#8217;atmosfera di sacralit\u00e0, resa anche visivamente dal fondo oro dell&#8217;opera, e trasmette un forte senso di spiritualit\u00e0, esprimendo appieno la potenza mistica impersonata da Francesco, un uomo che diviene immagine vivente di Cristo. Nella predella sottostante sono riportate tre scene della vita di San Francesco, che si ricollegano al ciclo di affreschi realizzati sempre da Giotto nella Basilica superiore di Assisi: Innocenzo III sogna San Francesco che regge la Basilica del Laterano; Innocenzo III conferma la Regola francescana; San Francesco predica agli uccelli.<\/p>\n","protected":false},"excerpt":{"rendered":"<p>Il 17 settembre cade l&#8217;ottavo centenario dell&#8217;impressione delle Stimmate di San Francesco d&#8217;Assisi. Ecco perch\u00e9 ancora oggi celebriamo questo evento Il 17 settembre 2024 la Chiesa ricorda un evento straordinario, che ha segnato profondamente la storia della spiritualit\u00e0 cristiana. Questo avvenimento ebbe luogo nel 1224&hellip;<\/p>\n","protected":false},"author":1,"featured_media":20609,"comment_status":"closed","ping_status":"open","sticky":false,"template":"","format":"standard","meta":{"_acf_changed":false,"footnotes":""},"categories":[15],"tags":[],"class_list":["post-20598","post","type-post","status-publish","format-standard","has-post-thumbnail","hentry","category-santi-e-beati"],"acf":[],"yoast_head":"<!-- This site is optimized with the Yoast SEO plugin v26.6 - https:\/\/yoast.com\/wordpress\/plugins\/seo\/ -->\n<title>Le Stimmate di San Francesco: un&#039;eredit\u00e0 d&#039;amore lunga ottocento anni - Holyblog<\/title>\n<meta name=\"description\" content=\"Le Stimmate di San Francesco sono il simbolo della connessione tra il Santo e Cristo. Il 17 settembre festeggiamo gli 800 anni dell\u2019evento\" \/>\n<meta name=\"robots\" content=\"index, follow, max-snippet:-1, max-image-preview:large, max-video-preview:-1\" \/>\n<link rel=\"canonical\" href=\"https:\/\/blog.holyart.it\/it\/santi-e-beati\/le-stimmate-di-san-francesco-uneredita-damore-lunga-ottocento-anni\/\" \/>\n<meta property=\"og:locale\" content=\"it_IT\" \/>\n<meta property=\"og:type\" content=\"article\" \/>\n<meta property=\"og:title\" content=\"Le Stimmate di San Francesco: un&#039;eredit\u00e0 d&#039;amore lunga ottocento anni - Holyblog\" \/>\n<meta property=\"og:description\" content=\"Le Stimmate di San Francesco sono il simbolo della connessione tra il Santo e Cristo. Il 17 settembre festeggiamo gli 800 anni dell\u2019evento\" \/>\n<meta property=\"og:url\" content=\"https:\/\/blog.holyart.it\/it\/santi-e-beati\/le-stimmate-di-san-francesco-uneredita-damore-lunga-ottocento-anni\/\" \/>\n<meta property=\"og:site_name\" content=\"Holyblog\" \/>\n<meta property=\"article:published_time\" content=\"2024-09-16T10:44:36+00:00\" \/>\n<meta property=\"article:modified_time\" content=\"2025-10-02T08:25:00+00:00\" \/>\n<meta property=\"og:image\" content=\"https:\/\/blog.holyart.it\/it\/wp-content\/uploads\/sites\/17\/2024\/09\/stimmate-di-san-francesco.jpg\" \/>\n\t<meta property=\"og:image:width\" content=\"1000\" \/>\n\t<meta property=\"og:image:height\" content=\"666\" \/>\n\t<meta property=\"og:image:type\" content=\"image\/jpeg\" \/>\n<meta name=\"author\" content=\"Redazione\" \/>\n<meta name=\"twitter:card\" content=\"summary_large_image\" \/>\n<meta name=\"twitter:label1\" content=\"Scritto da\" \/>\n\t<meta name=\"twitter:data1\" content=\"Redazione\" \/>\n\t<meta name=\"twitter:label2\" content=\"Tempo di lettura stimato\" \/>\n\t<meta name=\"twitter:data2\" content=\"11 minuti\" \/>\n<script type=\"application\/ld+json\" class=\"yoast-schema-graph\">{\"@context\":\"https:\/\/schema.org\",\"@graph\":[{\"@type\":\"Article\",\"@id\":\"https:\/\/blog.holyart.it\/it\/santi-e-beati\/le-stimmate-di-san-francesco-uneredita-damore-lunga-ottocento-anni\/#article\",\"isPartOf\":{\"@id\":\"https:\/\/blog.holyart.it\/it\/santi-e-beati\/le-stimmate-di-san-francesco-uneredita-damore-lunga-ottocento-anni\/\"},\"author\":{\"name\":\"Redazione\",\"@id\":\"https:\/\/blog.holyart.it\/it\/#\/schema\/person\/0a7b686e5af0f856ec1e390dd0baecda\"},\"headline\":\"Le Stimmate di San Francesco: un&#8217;eredit\u00e0 d&#8217;amore lunga ottocento anni\",\"datePublished\":\"2024-09-16T10:44:36+00:00\",\"dateModified\":\"2025-10-02T08:25:00+00:00\",\"mainEntityOfPage\":{\"@id\":\"https:\/\/blog.holyart.it\/it\/santi-e-beati\/le-stimmate-di-san-francesco-uneredita-damore-lunga-ottocento-anni\/\"},\"wordCount\":1641,\"publisher\":{\"@id\":\"https:\/\/blog.holyart.it\/it\/#organization\"},\"image\":{\"@id\":\"https:\/\/blog.holyart.it\/it\/santi-e-beati\/le-stimmate-di-san-francesco-uneredita-damore-lunga-ottocento-anni\/#primaryimage\"},\"thumbnailUrl\":\"https:\/\/blog.holyart.it\/it\/wp-content\/uploads\/sites\/17\/2024\/09\/stimmate-di-san-francesco.jpg\",\"articleSection\":[\"Santi e beati\"],\"inLanguage\":\"it-IT\"},{\"@type\":\"WebPage\",\"@id\":\"https:\/\/blog.holyart.it\/it\/santi-e-beati\/le-stimmate-di-san-francesco-uneredita-damore-lunga-ottocento-anni\/\",\"url\":\"https:\/\/blog.holyart.it\/it\/santi-e-beati\/le-stimmate-di-san-francesco-uneredita-damore-lunga-ottocento-anni\/\",\"name\":\"Le Stimmate di San Francesco: un'eredit\u00e0 d'amore lunga ottocento anni - Holyblog\",\"isPartOf\":{\"@id\":\"https:\/\/blog.holyart.it\/it\/#website\"},\"primaryImageOfPage\":{\"@id\":\"https:\/\/blog.holyart.it\/it\/santi-e-beati\/le-stimmate-di-san-francesco-uneredita-damore-lunga-ottocento-anni\/#primaryimage\"},\"image\":{\"@id\":\"https:\/\/blog.holyart.it\/it\/santi-e-beati\/le-stimmate-di-san-francesco-uneredita-damore-lunga-ottocento-anni\/#primaryimage\"},\"thumbnailUrl\":\"https:\/\/blog.holyart.it\/it\/wp-content\/uploads\/sites\/17\/2024\/09\/stimmate-di-san-francesco.jpg\",\"datePublished\":\"2024-09-16T10:44:36+00:00\",\"dateModified\":\"2025-10-02T08:25:00+00:00\",\"description\":\"Le Stimmate di San Francesco sono il simbolo della connessione tra il Santo e Cristo. Il 17 settembre festeggiamo gli 800 anni dell\u2019evento\",\"breadcrumb\":{\"@id\":\"https:\/\/blog.holyart.it\/it\/santi-e-beati\/le-stimmate-di-san-francesco-uneredita-damore-lunga-ottocento-anni\/#breadcrumb\"},\"inLanguage\":\"it-IT\",\"potentialAction\":[{\"@type\":\"ReadAction\",\"target\":[\"https:\/\/blog.holyart.it\/it\/santi-e-beati\/le-stimmate-di-san-francesco-uneredita-damore-lunga-ottocento-anni\/\"]}]},{\"@type\":\"ImageObject\",\"inLanguage\":\"it-IT\",\"@id\":\"https:\/\/blog.holyart.it\/it\/santi-e-beati\/le-stimmate-di-san-francesco-uneredita-damore-lunga-ottocento-anni\/#primaryimage\",\"url\":\"https:\/\/blog.holyart.it\/it\/wp-content\/uploads\/sites\/17\/2024\/09\/stimmate-di-san-francesco.jpg\",\"contentUrl\":\"https:\/\/blog.holyart.it\/it\/wp-content\/uploads\/sites\/17\/2024\/09\/stimmate-di-san-francesco.jpg\",\"width\":1000,\"height\":666,\"caption\":\"stimmate di san francesco\"},{\"@type\":\"BreadcrumbList\",\"@id\":\"https:\/\/blog.holyart.it\/it\/santi-e-beati\/le-stimmate-di-san-francesco-uneredita-damore-lunga-ottocento-anni\/#breadcrumb\",\"itemListElement\":[{\"@type\":\"ListItem\",\"position\":1,\"name\":\"Homepage\",\"item\":\"https:\/\/blog.holyart.it\/it\/\"},{\"@type\":\"ListItem\",\"position\":2,\"name\":\"Santi e beati\",\"item\":\"https:\/\/blog.holyart.it\/it\/santi-e-beati\/\"},{\"@type\":\"ListItem\",\"position\":3,\"name\":\"Le Stimmate di San Francesco: un&#8217;eredit\u00e0 d&#8217;amore lunga ottocento anni\"}]},{\"@type\":\"WebSite\",\"@id\":\"https:\/\/blog.holyart.it\/it\/#website\",\"url\":\"https:\/\/blog.holyart.it\/it\/\",\"name\":\"Holyblog\",\"description\":\"Il Blog di Holyart.it\",\"publisher\":{\"@id\":\"https:\/\/blog.holyart.it\/it\/#organization\"},\"potentialAction\":[{\"@type\":\"SearchAction\",\"target\":{\"@type\":\"EntryPoint\",\"urlTemplate\":\"https:\/\/blog.holyart.it\/it\/?s={search_term_string}\"},\"query-input\":{\"@type\":\"PropertyValueSpecification\",\"valueRequired\":true,\"valueName\":\"search_term_string\"}}],\"inLanguage\":\"it-IT\"},{\"@type\":\"Organization\",\"@id\":\"https:\/\/blog.holyart.it\/it\/#organization\",\"name\":\"Holyblog\",\"url\":\"https:\/\/blog.holyart.it\/it\/\",\"logo\":{\"@type\":\"ImageObject\",\"inLanguage\":\"it-IT\",\"@id\":\"https:\/\/blog.holyart.it\/it\/#\/schema\/logo\/image\/\",\"url\":\"https:\/\/blog.holyart.it\/it\/wp-content\/uploads\/sites\/17\/2022\/12\/Holyart_Blog_Logo.jpg\",\"contentUrl\":\"https:\/\/blog.holyart.it\/it\/wp-content\/uploads\/sites\/17\/2022\/12\/Holyart_Blog_Logo.jpg\",\"width\":300,\"height\":50,\"caption\":\"Holyblog\"},\"image\":{\"@id\":\"https:\/\/blog.holyart.it\/it\/#\/schema\/logo\/image\/\"}},{\"@type\":\"Person\",\"@id\":\"https:\/\/blog.holyart.it\/it\/#\/schema\/person\/0a7b686e5af0f856ec1e390dd0baecda\",\"name\":\"Redazione\"}]}<\/script>\n<!-- \/ Yoast SEO plugin. -->","yoast_head_json":{"title":"Le Stimmate di San Francesco: un'eredit\u00e0 d'amore lunga ottocento anni - Holyblog","description":"Le Stimmate di San Francesco sono il simbolo della connessione tra il Santo e Cristo. Il 17 settembre festeggiamo gli 800 anni dell\u2019evento","robots":{"index":"index","follow":"follow","max-snippet":"max-snippet:-1","max-image-preview":"max-image-preview:large","max-video-preview":"max-video-preview:-1"},"canonical":"https:\/\/blog.holyart.it\/it\/santi-e-beati\/le-stimmate-di-san-francesco-uneredita-damore-lunga-ottocento-anni\/","og_locale":"it_IT","og_type":"article","og_title":"Le Stimmate di San Francesco: un'eredit\u00e0 d'amore lunga ottocento anni - Holyblog","og_description":"Le Stimmate di San Francesco sono il simbolo della connessione tra il Santo e Cristo. Il 17 settembre festeggiamo gli 800 anni dell\u2019evento","og_url":"https:\/\/blog.holyart.it\/it\/santi-e-beati\/le-stimmate-di-san-francesco-uneredita-damore-lunga-ottocento-anni\/","og_site_name":"Holyblog","article_published_time":"2024-09-16T10:44:36+00:00","article_modified_time":"2025-10-02T08:25:00+00:00","og_image":[{"width":1000,"height":666,"url":"https:\/\/blog.holyart.it\/it\/wp-content\/uploads\/sites\/17\/2024\/09\/stimmate-di-san-francesco.jpg","type":"image\/jpeg"}],"author":"Redazione","twitter_card":"summary_large_image","twitter_misc":{"Scritto da":"Redazione","Tempo di lettura stimato":"11 minuti"},"schema":{"@context":"https:\/\/schema.org","@graph":[{"@type":"Article","@id":"https:\/\/blog.holyart.it\/it\/santi-e-beati\/le-stimmate-di-san-francesco-uneredita-damore-lunga-ottocento-anni\/#article","isPartOf":{"@id":"https:\/\/blog.holyart.it\/it\/santi-e-beati\/le-stimmate-di-san-francesco-uneredita-damore-lunga-ottocento-anni\/"},"author":{"name":"Redazione","@id":"https:\/\/blog.holyart.it\/it\/#\/schema\/person\/0a7b686e5af0f856ec1e390dd0baecda"},"headline":"Le Stimmate di San Francesco: un&#8217;eredit\u00e0 d&#8217;amore lunga ottocento anni","datePublished":"2024-09-16T10:44:36+00:00","dateModified":"2025-10-02T08:25:00+00:00","mainEntityOfPage":{"@id":"https:\/\/blog.holyart.it\/it\/santi-e-beati\/le-stimmate-di-san-francesco-uneredita-damore-lunga-ottocento-anni\/"},"wordCount":1641,"publisher":{"@id":"https:\/\/blog.holyart.it\/it\/#organization"},"image":{"@id":"https:\/\/blog.holyart.it\/it\/santi-e-beati\/le-stimmate-di-san-francesco-uneredita-damore-lunga-ottocento-anni\/#primaryimage"},"thumbnailUrl":"https:\/\/blog.holyart.it\/it\/wp-content\/uploads\/sites\/17\/2024\/09\/stimmate-di-san-francesco.jpg","articleSection":["Santi e beati"],"inLanguage":"it-IT"},{"@type":"WebPage","@id":"https:\/\/blog.holyart.it\/it\/santi-e-beati\/le-stimmate-di-san-francesco-uneredita-damore-lunga-ottocento-anni\/","url":"https:\/\/blog.holyart.it\/it\/santi-e-beati\/le-stimmate-di-san-francesco-uneredita-damore-lunga-ottocento-anni\/","name":"Le Stimmate di San Francesco: un'eredit\u00e0 d'amore lunga ottocento anni - Holyblog","isPartOf":{"@id":"https:\/\/blog.holyart.it\/it\/#website"},"primaryImageOfPage":{"@id":"https:\/\/blog.holyart.it\/it\/santi-e-beati\/le-stimmate-di-san-francesco-uneredita-damore-lunga-ottocento-anni\/#primaryimage"},"image":{"@id":"https:\/\/blog.holyart.it\/it\/santi-e-beati\/le-stimmate-di-san-francesco-uneredita-damore-lunga-ottocento-anni\/#primaryimage"},"thumbnailUrl":"https:\/\/blog.holyart.it\/it\/wp-content\/uploads\/sites\/17\/2024\/09\/stimmate-di-san-francesco.jpg","datePublished":"2024-09-16T10:44:36+00:00","dateModified":"2025-10-02T08:25:00+00:00","description":"Le Stimmate di San Francesco sono il simbolo della connessione tra il Santo e Cristo. Il 17 settembre festeggiamo gli 800 anni dell\u2019evento","breadcrumb":{"@id":"https:\/\/blog.holyart.it\/it\/santi-e-beati\/le-stimmate-di-san-francesco-uneredita-damore-lunga-ottocento-anni\/#breadcrumb"},"inLanguage":"it-IT","potentialAction":[{"@type":"ReadAction","target":["https:\/\/blog.holyart.it\/it\/santi-e-beati\/le-stimmate-di-san-francesco-uneredita-damore-lunga-ottocento-anni\/"]}]},{"@type":"ImageObject","inLanguage":"it-IT","@id":"https:\/\/blog.holyart.it\/it\/santi-e-beati\/le-stimmate-di-san-francesco-uneredita-damore-lunga-ottocento-anni\/#primaryimage","url":"https:\/\/blog.holyart.it\/it\/wp-content\/uploads\/sites\/17\/2024\/09\/stimmate-di-san-francesco.jpg","contentUrl":"https:\/\/blog.holyart.it\/it\/wp-content\/uploads\/sites\/17\/2024\/09\/stimmate-di-san-francesco.jpg","width":1000,"height":666,"caption":"stimmate di san francesco"},{"@type":"BreadcrumbList","@id":"https:\/\/blog.holyart.it\/it\/santi-e-beati\/le-stimmate-di-san-francesco-uneredita-damore-lunga-ottocento-anni\/#breadcrumb","itemListElement":[{"@type":"ListItem","position":1,"name":"Homepage","item":"https:\/\/blog.holyart.it\/it\/"},{"@type":"ListItem","position":2,"name":"Santi e beati","item":"https:\/\/blog.holyart.it\/it\/santi-e-beati\/"},{"@type":"ListItem","position":3,"name":"Le Stimmate di San Francesco: un&#8217;eredit\u00e0 d&#8217;amore lunga ottocento anni"}]},{"@type":"WebSite","@id":"https:\/\/blog.holyart.it\/it\/#website","url":"https:\/\/blog.holyart.it\/it\/","name":"Holyblog","description":"Il Blog di Holyart.it","publisher":{"@id":"https:\/\/blog.holyart.it\/it\/#organization"},"potentialAction":[{"@type":"SearchAction","target":{"@type":"EntryPoint","urlTemplate":"https:\/\/blog.holyart.it\/it\/?s={search_term_string}"},"query-input":{"@type":"PropertyValueSpecification","valueRequired":true,"valueName":"search_term_string"}}],"inLanguage":"it-IT"},{"@type":"Organization","@id":"https:\/\/blog.holyart.it\/it\/#organization","name":"Holyblog","url":"https:\/\/blog.holyart.it\/it\/","logo":{"@type":"ImageObject","inLanguage":"it-IT","@id":"https:\/\/blog.holyart.it\/it\/#\/schema\/logo\/image\/","url":"https:\/\/blog.holyart.it\/it\/wp-content\/uploads\/sites\/17\/2022\/12\/Holyart_Blog_Logo.jpg","contentUrl":"https:\/\/blog.holyart.it\/it\/wp-content\/uploads\/sites\/17\/2022\/12\/Holyart_Blog_Logo.jpg","width":300,"height":50,"caption":"Holyblog"},"image":{"@id":"https:\/\/blog.holyart.it\/it\/#\/schema\/logo\/image\/"}},{"@type":"Person","@id":"https:\/\/blog.holyart.it\/it\/#\/schema\/person\/0a7b686e5af0f856ec1e390dd0baecda","name":"Redazione"}]}},"_links":{"self":[{"href":"https:\/\/blog.holyart.it\/it\/wp-json\/wp\/v2\/posts\/20598","targetHints":{"allow":["GET"]}}],"collection":[{"href":"https:\/\/blog.holyart.it\/it\/wp-json\/wp\/v2\/posts"}],"about":[{"href":"https:\/\/blog.holyart.it\/it\/wp-json\/wp\/v2\/types\/post"}],"author":[{"embeddable":true,"href":"https:\/\/blog.holyart.it\/it\/wp-json\/wp\/v2\/users\/1"}],"replies":[{"embeddable":true,"href":"https:\/\/blog.holyart.it\/it\/wp-json\/wp\/v2\/comments?post=20598"}],"version-history":[{"count":6,"href":"https:\/\/blog.holyart.it\/it\/wp-json\/wp\/v2\/posts\/20598\/revisions"}],"predecessor-version":[{"id":20612,"href":"https:\/\/blog.holyart.it\/it\/wp-json\/wp\/v2\/posts\/20598\/revisions\/20612"}],"wp:featuredmedia":[{"embeddable":true,"href":"https:\/\/blog.holyart.it\/it\/wp-json\/wp\/v2\/media\/20609"}],"wp:attachment":[{"href":"https:\/\/blog.holyart.it\/it\/wp-json\/wp\/v2\/media?parent=20598"}],"wp:term":[{"taxonomy":"category","embeddable":true,"href":"https:\/\/blog.holyart.it\/it\/wp-json\/wp\/v2\/categories?post=20598"},{"taxonomy":"post_tag","embeddable":true,"href":"https:\/\/blog.holyart.it\/it\/wp-json\/wp\/v2\/tags?post=20598"}],"curies":[{"name":"wp","href":"https:\/\/api.w.org\/{rel}","templated":true}]}}