{"id":20561,"date":"2024-10-09T10:00:28","date_gmt":"2024-10-09T08:00:28","guid":{"rendered":"https:\/\/blog.holyart.it\/it\/?p=20561"},"modified":"2026-02-18T15:17:32","modified_gmt":"2026-02-18T14:17:32","slug":"storia-e-opere-di-san-giovanni-di-dio","status":"publish","type":"post","link":"https:\/\/blog.holyart.it\/it\/santi-e-beati\/storia-e-opere-di-san-giovanni-di-dio\/","title":{"rendered":"Storia e opere di San Giovanni di Dio"},"content":{"rendered":"<h4>San Giovanni di Dio ha fatto della carit\u00e0 e della cura di malati e indigenti la propria missione. Ecco come la sua vocazione vive ancora oggi nell&#8217;ordine dei Fatebenefratelli<\/h4>\n<p><strong>San Giovanni di Dio<\/strong>\u00a0(nato Jo\u00e3o Duarte Cidade) \u00e8 stato un frate portoghese vissuto nel XVI secolo e venerato come Santo dalla Chiesa Cattolica. La sua vita e le sue opere sono una testimonianza della sua devozione religiosa e del suo impegno nel servire gli altri, specialmente i pi\u00f9 bisognosi e i malati. Un impegno culminato con la fondazione da parte sua dell&#8217;<strong>Ordine mendicante ospedaliero detto\u00a0<a href=\"https:\/\/www.holyart.it\/blog\/prodotti-monasteri\/fatebenefratelli-frati-dellordine-ospedaliero-san-giovanni-dio\/\">dei\u00a0<\/a><a href=\"https:\/\/www.holyart.it\/blog\/prodotti-monasteri\/fatebenefratelli-frati-dellordine-ospedaliero-san-giovanni-dio\/\">Fatebenefratelli<\/a>.<\/strong><\/p>\n<div class=\"link-article\">\n<p><img loading=\"lazy\" decoding=\"async\" class=\"size-full wp-image-20563 alignleft\" src=\"https:\/\/blog.holyart.it\/it\/wp-content\/uploads\/sites\/17\/2024\/09\/I-Fatebenefratelli.jpg\" alt=\"fatebenefratelli\" width=\"150\" height=\"100\" data-kale-share-title=\"Storia e opere di San Giovanni di Dio\" data-kale-share-url=\"https:\/\/blog.holyart.it\/it\/?p=20561\" \/><\/p>\n<div class=\"leggi-anche\">Leggi anche:<\/div>\n<p><strong><a href=\"https:\/\/www.holyart.it\/blog\/prodotti-monasteri\/fatebenefratelli-frati-dellordine-ospedaliero-san-giovanni-dio\/\">I Fatebenefratelli: i frati dell\u2019Ordine ospedaliero di San Giovanni di Dio<\/a><\/strong><br \/>\nFatebenefratelli \u00e8 il termine popolare con cui vengono chiamati&#8230;<\/p>\n<\/div>\n<h2>Storia di San Giovanni di Dio<\/h2>\n<p>La prima parte della sua vita fu a dir poco avventurosa, degna di un romanzo picaresco. Lasci\u00f2 la famiglia ancora bambino, e venne accolto nella casa di Francisco Cid, detto &#8220;el Mayoral&#8221;. Fu pastore e poi soldato, e ancora vagabondo tra Europa e Africa, adattandosi ai mestieri pi\u00f9 disparati, dal bracciante al venditore ambulante, al libraio.<\/p>\n<p>Fu proprio mentre vendeva libri a\u00a0<strong>Granada\u00a0<\/strong>che la sua vita cambi\u00f2 radicalmente. I semi della vocazione che gi\u00e0 da tempo stava germogliando in lui lo portarono a una\u00a0<strong>profonda crisi religiosa<\/strong>, alimentata dalle prediche di\u00a0<strong>San Giovanni d&#8217;Avila<\/strong>. A causa di questa crisi venne ritenuto pazzo e come tale rinchiuso in Ospedale. Infatti Giovanni di Dio vagava per le strade in preda a una smania incontenibile, apostrofando i passanti con la formula:\u00a0<em>&#8220;Fate bene, fratelli, a voi stessi.&#8221;<\/em>\u00a0Proprio da questa frase emblematica prender\u00e0 il nome un giorno l&#8217;ordine da lui costituito.<br \/>\nLiberato dalla prigionia, Giovanni decise di dedicarsi interamente alla\u00a0<strong>vita religiosa<\/strong>\u00a0con immenso fervore. Si rec\u00f2 in pellegrinaggio al Monastero Reale di Santa Maria de Guadalupe della provincia spagnola di C\u00e1ceres e al suo ritorno a Granada si mise al servizio dei malati, degli indigenti e delle prostitute. Il suo contributo non si limitava solo all&#8217;assistenza fisica, ma includeva anche il\u00a0<strong>sostegno emotivo e spirituale<\/strong>\u00a0per coloro che si trovavano in condizioni di disagio. La sua dedizione e il suo impegno verso i pi\u00f9 deboli furono straordinari e in breve molti seguirono il suo esempio, dedicandosi a\u00a0<strong>opere di misericordia<\/strong>\u00a0verso i pi\u00f9 bisognosi e\u00a0<a href=\"https:\/\/www.holyart.it\/blog\/articoli-religiosi\/fare-lelemosina-e-carita\/\"><strong>chiedendo la carit\u00e0<\/strong><\/a>\u00a0in nome dell&#8217;esportazione:\u00a0<em>&#8220;Fate del bene a voi stessi! Fate bene, fratelli!&#8221;<\/em><\/p>\n<div class=\"link-article\">\n<p><img loading=\"lazy\" decoding=\"async\" class=\"size-full wp-image-20568 alignleft\" src=\"https:\/\/blog.holyart.it\/it\/wp-content\/uploads\/sites\/17\/2024\/09\/elemosina.jpg\" alt=\"elemosina\" width=\"150\" height=\"99\" data-kale-share-title=\"Storia e opere di San Giovanni di Dio\" data-kale-share-url=\"https:\/\/blog.holyart.it\/it\/?p=20561\" \/><\/p>\n<div class=\"leggi-anche\">Leggi anche:<\/div>\n<p><strong><a href=\"https:\/\/www.holyart.it\/blog\/articoli-religiosi\/fare-lelemosina-e-carita\/\">Fare l\u2019elemosina: \u00e8 carit\u00e0?<\/a><\/strong><br \/>\nL\u2019elemosina ai poveri \u00e8 una manifestazione di misericordia strettamente connessa ai doveri di un buon cristiano&#8230;<\/p>\n<\/div>\n<p>L&#8217;arcivescovo di Granada diede a Giovanni il soprannome di\u00a0<strong>Giovanni di Dio<\/strong>\u00a0e lo incoraggi\u00f2 ad aprire il suo primo\u00a0<strong>Ospedale<\/strong>.<br \/>\nSan Giovanni di Dio mor\u00ec l&#8217;8 marzo 1550, ma la sua eredit\u00e0 di compassione e dedizione al servizio degli altri gli sopravvisse. Nel 1690 Papa Alessandro VIII lo canonizz\u00f2, e circa due secoli dopo, nel 1886, Papa Leone XIII lo nomin\u00f2\u00a0<strong>Patrono degli ospedali e dei malati<\/strong>, accanto a\u00a0<a href=\"https:\/\/www.holyart.it\/blog\/santi-e-beati\/san-camillo-de-lellis-il-santo-protettore-degli-infermi\/\"><strong>San Camillo de Lellis<\/strong><\/a>. Dal 1930 lui e San Camillo sono anche\u00a0<strong>Patroni degli infermieri<\/strong>.<\/p>\n<div class=\"link-article\">\n<p><img loading=\"lazy\" decoding=\"async\" class=\"size-full wp-image-20564 alignleft\" src=\"https:\/\/blog.holyart.it\/it\/wp-content\/uploads\/sites\/17\/2024\/09\/san-camillo-de-lellis-protettore-degli-infermi.jpg\" alt=\"san camillo de lellis protettore degli infermi\" width=\"150\" height=\"99\" data-kale-share-title=\"Storia e opere di San Giovanni di Dio\" data-kale-share-url=\"https:\/\/blog.holyart.it\/it\/?p=20561\" \/><\/p>\n<div class=\"leggi-anche\">Leggi anche:<\/div>\n<p><strong><a href=\"https:\/\/www.holyart.it\/blog\/santi-e-beati\/san-camillo-de-lellis-il-santo-protettore-degli-infermi\/\">San Camillo de Lellis: il santo protettore degli infermi<\/a><\/strong><br \/>\nDa uomo dissoluto a fondatore dei Camilliani, San Camillo de Lellis \u00e8 patrono universale dei malati&#8230;<\/p>\n<\/div>\n<h2>Ordine dei Fatebenefratelli<\/h2>\n<p>Dopo la morte di San Giovanni l&#8217;Ordine dei Fatebenefratelli continu\u00f2 la sua opera di carit\u00e0 e cura dei malati e degli indigenti, caratterizzandosi per compassione, impegno e competenza nel trattare una vasta gamma di malattie. Si diffuse rapidamente in tutta Europa e oltre, contribuendo alla fondazione di ospedali e strutture di cura, al miglioramento delle condizioni sanitarie e al sollievo della sofferenza umana in molte citt\u00e0.<\/p>\n<p>Ancora oggi l&#8217;Ordine dei Fatebenefratelli continua a svolgere un <a href=\"https:\/\/www.holyart.it\/blog\/articoli-religiosi\/la-tradizione-della-questua-come-funziona-oggi\/\"><strong>ruolo significativo nell&#8217;assistenza sanitaria e nella carit\u00e0<\/strong><\/a>,\u00a0<strong>adeguandosi ai cambiamenti e ai bisogni della societ\u00e0 moderna<\/strong>, ampliando le attivit\u00e0 per includere servizi sociali, assistenza agli anziani e cure palliative, pur mantenendo il suo primo impegno: la cura dei malati.<br \/>\nInoltre, l&#8217;ordine si impegna nell&#8217;<strong>opera di evangelizzazione\u00a0<\/strong>attraverso la predicazione e l&#8217;accoglienza, diffondendo il messaggio di amore e speranza del Vangelo.<\/p>\n<div class=\"link-article\">\n<p><img loading=\"lazy\" decoding=\"async\" class=\"size-full wp-image-20565 alignleft\" src=\"https:\/\/blog.holyart.it\/it\/wp-content\/uploads\/sites\/17\/2024\/09\/questua.jpg\" alt=\"questua\" width=\"150\" height=\"99\" data-kale-share-title=\"Storia e opere di San Giovanni di Dio\" data-kale-share-url=\"https:\/\/blog.holyart.it\/it\/?p=20561\" \/><\/p>\n<div class=\"leggi-anche\">Leggi anche:<\/div>\n<p><strong><a href=\"https:\/\/www.holyart.it\/blog\/articoli-religiosi\/la-tradizione-della-questua-come-funziona-oggi\/\">La tradizione della questua: come funziona oggi<\/a><\/strong><br \/>\nUsanza antica e virtuosa, la questua costituisce ancora oggi un gesto concreto nei confronti della chiesa, ma anche un segno di appartenenza&#8230;<\/p>\n<\/div>\n<p>Ufficialmente riconosciuti dalla Chiesa come\u00a0<strong>ordine mendicante<\/strong>, gli appartenenti all&#8217;ordine non vivono in clausura o in ritiro, e accolgono nelle loro file anche laici consacrati e sacerdoti, collaboratori lavoratori e volontari.<br \/>\nL&#8217;Ordine dei Fatebenefratelli \u00e8 presente attualmente in circa 400 opere assistenziali nel mondo, mentre in Italia le loro comunit\u00e0 sono 22.<\/p>\n","protected":false},"excerpt":{"rendered":"<p>San Giovanni di Dio ha fatto della carit\u00e0 e della cura di malati e indigenti la propria missione. Ecco come la sua vocazione vive ancora oggi nell&#8217;ordine dei Fatebenefratelli San Giovanni di Dio\u00a0(nato Jo\u00e3o Duarte Cidade) \u00e8 stato un frate portoghese vissuto nel XVI secolo&hellip;<\/p>\n","protected":false},"author":1,"featured_media":20570,"comment_status":"closed","ping_status":"open","sticky":false,"template":"","format":"standard","meta":{"_acf_changed":false,"footnotes":""},"categories":[15],"tags":[],"class_list":["post-20561","post","type-post","status-publish","format-standard","has-post-thumbnail","hentry","category-santi-e-beati"],"acf":[],"yoast_head":"<!-- This site is optimized with the Yoast SEO plugin v26.6 - https:\/\/yoast.com\/wordpress\/plugins\/seo\/ -->\n<title>Storia e opere di San Giovanni di Dio - Holyblog<\/title>\n<meta name=\"description\" content=\"San Giovanni di Dio, patrono dei malati, degli infermieri e degli ospedali. La sua vita \u00e8 stata interamente al servizio dei pi\u00f9 bisognosi.\" \/>\n<meta name=\"robots\" content=\"index, follow, max-snippet:-1, max-image-preview:large, max-video-preview:-1\" \/>\n<link rel=\"canonical\" href=\"https:\/\/blog.holyart.it\/it\/santi-e-beati\/storia-e-opere-di-san-giovanni-di-dio\/\" \/>\n<meta property=\"og:locale\" content=\"it_IT\" \/>\n<meta property=\"og:type\" content=\"article\" \/>\n<meta property=\"og:title\" content=\"Storia e opere di San Giovanni di Dio - Holyblog\" \/>\n<meta property=\"og:description\" content=\"San Giovanni di Dio, patrono dei malati, degli infermieri e degli ospedali. La sua vita \u00e8 stata interamente al servizio dei pi\u00f9 bisognosi.\" \/>\n<meta property=\"og:url\" content=\"https:\/\/blog.holyart.it\/it\/santi-e-beati\/storia-e-opere-di-san-giovanni-di-dio\/\" \/>\n<meta property=\"og:site_name\" content=\"Holyblog\" \/>\n<meta property=\"article:published_time\" content=\"2024-10-09T08:00:28+00:00\" \/>\n<meta property=\"article:modified_time\" content=\"2026-02-18T14:17:32+00:00\" \/>\n<meta property=\"og:image\" content=\"https:\/\/blog.holyart.it\/it\/wp-content\/uploads\/sites\/17\/2024\/09\/san-giovanni-di-dio.jpg\" \/>\n\t<meta property=\"og:image:width\" content=\"1000\" \/>\n\t<meta property=\"og:image:height\" content=\"666\" \/>\n\t<meta property=\"og:image:type\" content=\"image\/jpeg\" \/>\n<meta name=\"author\" content=\"Redazione\" \/>\n<meta name=\"twitter:card\" content=\"summary_large_image\" \/>\n<meta name=\"twitter:label1\" content=\"Scritto da\" \/>\n\t<meta name=\"twitter:data1\" content=\"Redazione\" \/>\n\t<meta name=\"twitter:label2\" content=\"Tempo di lettura stimato\" \/>\n\t<meta name=\"twitter:data2\" content=\"5 minuti\" \/>\n<script type=\"application\/ld+json\" class=\"yoast-schema-graph\">{\"@context\":\"https:\/\/schema.org\",\"@graph\":[{\"@type\":\"Article\",\"@id\":\"https:\/\/blog.holyart.it\/it\/santi-e-beati\/storia-e-opere-di-san-giovanni-di-dio\/#article\",\"isPartOf\":{\"@id\":\"https:\/\/blog.holyart.it\/it\/santi-e-beati\/storia-e-opere-di-san-giovanni-di-dio\/\"},\"author\":{\"name\":\"Redazione\",\"@id\":\"https:\/\/blog.holyart.it\/it\/#\/schema\/person\/0a7b686e5af0f856ec1e390dd0baecda\"},\"headline\":\"Storia e opere di San Giovanni di Dio\",\"datePublished\":\"2024-10-09T08:00:28+00:00\",\"dateModified\":\"2026-02-18T14:17:32+00:00\",\"mainEntityOfPage\":{\"@id\":\"https:\/\/blog.holyart.it\/it\/santi-e-beati\/storia-e-opere-di-san-giovanni-di-dio\/\"},\"wordCount\":750,\"publisher\":{\"@id\":\"https:\/\/blog.holyart.it\/it\/#organization\"},\"image\":{\"@id\":\"https:\/\/blog.holyart.it\/it\/santi-e-beati\/storia-e-opere-di-san-giovanni-di-dio\/#primaryimage\"},\"thumbnailUrl\":\"https:\/\/blog.holyart.it\/it\/wp-content\/uploads\/sites\/17\/2024\/09\/san-giovanni-di-dio.jpg\",\"articleSection\":[\"Santi e beati\"],\"inLanguage\":\"it-IT\"},{\"@type\":\"WebPage\",\"@id\":\"https:\/\/blog.holyart.it\/it\/santi-e-beati\/storia-e-opere-di-san-giovanni-di-dio\/\",\"url\":\"https:\/\/blog.holyart.it\/it\/santi-e-beati\/storia-e-opere-di-san-giovanni-di-dio\/\",\"name\":\"Storia e opere di San Giovanni di Dio - Holyblog\",\"isPartOf\":{\"@id\":\"https:\/\/blog.holyart.it\/it\/#website\"},\"primaryImageOfPage\":{\"@id\":\"https:\/\/blog.holyart.it\/it\/santi-e-beati\/storia-e-opere-di-san-giovanni-di-dio\/#primaryimage\"},\"image\":{\"@id\":\"https:\/\/blog.holyart.it\/it\/santi-e-beati\/storia-e-opere-di-san-giovanni-di-dio\/#primaryimage\"},\"thumbnailUrl\":\"https:\/\/blog.holyart.it\/it\/wp-content\/uploads\/sites\/17\/2024\/09\/san-giovanni-di-dio.jpg\",\"datePublished\":\"2024-10-09T08:00:28+00:00\",\"dateModified\":\"2026-02-18T14:17:32+00:00\",\"description\":\"San Giovanni di Dio, patrono dei malati, degli infermieri e degli ospedali. La sua vita \u00e8 stata interamente al servizio dei pi\u00f9 bisognosi.\",\"breadcrumb\":{\"@id\":\"https:\/\/blog.holyart.it\/it\/santi-e-beati\/storia-e-opere-di-san-giovanni-di-dio\/#breadcrumb\"},\"inLanguage\":\"it-IT\",\"potentialAction\":[{\"@type\":\"ReadAction\",\"target\":[\"https:\/\/blog.holyart.it\/it\/santi-e-beati\/storia-e-opere-di-san-giovanni-di-dio\/\"]}]},{\"@type\":\"ImageObject\",\"inLanguage\":\"it-IT\",\"@id\":\"https:\/\/blog.holyart.it\/it\/santi-e-beati\/storia-e-opere-di-san-giovanni-di-dio\/#primaryimage\",\"url\":\"https:\/\/blog.holyart.it\/it\/wp-content\/uploads\/sites\/17\/2024\/09\/san-giovanni-di-dio.jpg\",\"contentUrl\":\"https:\/\/blog.holyart.it\/it\/wp-content\/uploads\/sites\/17\/2024\/09\/san-giovanni-di-dio.jpg\",\"width\":1000,\"height\":666,\"caption\":\"san giovanni di dio\"},{\"@type\":\"BreadcrumbList\",\"@id\":\"https:\/\/blog.holyart.it\/it\/santi-e-beati\/storia-e-opere-di-san-giovanni-di-dio\/#breadcrumb\",\"itemListElement\":[{\"@type\":\"ListItem\",\"position\":1,\"name\":\"Homepage\",\"item\":\"https:\/\/blog.holyart.it\/it\/\"},{\"@type\":\"ListItem\",\"position\":2,\"name\":\"Santi e beati\",\"item\":\"https:\/\/blog.holyart.it\/it\/santi-e-beati\/\"},{\"@type\":\"ListItem\",\"position\":3,\"name\":\"Storia e opere di San Giovanni di Dio\"}]},{\"@type\":\"WebSite\",\"@id\":\"https:\/\/blog.holyart.it\/it\/#website\",\"url\":\"https:\/\/blog.holyart.it\/it\/\",\"name\":\"Holyblog\",\"description\":\"Il Blog di Holyart.it\",\"publisher\":{\"@id\":\"https:\/\/blog.holyart.it\/it\/#organization\"},\"potentialAction\":[{\"@type\":\"SearchAction\",\"target\":{\"@type\":\"EntryPoint\",\"urlTemplate\":\"https:\/\/blog.holyart.it\/it\/?s={search_term_string}\"},\"query-input\":{\"@type\":\"PropertyValueSpecification\",\"valueRequired\":true,\"valueName\":\"search_term_string\"}}],\"inLanguage\":\"it-IT\"},{\"@type\":\"Organization\",\"@id\":\"https:\/\/blog.holyart.it\/it\/#organization\",\"name\":\"Holyblog\",\"url\":\"https:\/\/blog.holyart.it\/it\/\",\"logo\":{\"@type\":\"ImageObject\",\"inLanguage\":\"it-IT\",\"@id\":\"https:\/\/blog.holyart.it\/it\/#\/schema\/logo\/image\/\",\"url\":\"https:\/\/blog.holyart.it\/it\/wp-content\/uploads\/sites\/17\/2022\/12\/Holyart_Blog_Logo.jpg\",\"contentUrl\":\"https:\/\/blog.holyart.it\/it\/wp-content\/uploads\/sites\/17\/2022\/12\/Holyart_Blog_Logo.jpg\",\"width\":300,\"height\":50,\"caption\":\"Holyblog\"},\"image\":{\"@id\":\"https:\/\/blog.holyart.it\/it\/#\/schema\/logo\/image\/\"}},{\"@type\":\"Person\",\"@id\":\"https:\/\/blog.holyart.it\/it\/#\/schema\/person\/0a7b686e5af0f856ec1e390dd0baecda\",\"name\":\"Redazione\"}]}<\/script>\n<!-- \/ Yoast SEO plugin. -->","yoast_head_json":{"title":"Storia e opere di San Giovanni di Dio - Holyblog","description":"San Giovanni di Dio, patrono dei malati, degli infermieri e degli ospedali. La sua vita \u00e8 stata interamente al servizio dei pi\u00f9 bisognosi.","robots":{"index":"index","follow":"follow","max-snippet":"max-snippet:-1","max-image-preview":"max-image-preview:large","max-video-preview":"max-video-preview:-1"},"canonical":"https:\/\/blog.holyart.it\/it\/santi-e-beati\/storia-e-opere-di-san-giovanni-di-dio\/","og_locale":"it_IT","og_type":"article","og_title":"Storia e opere di San Giovanni di Dio - Holyblog","og_description":"San Giovanni di Dio, patrono dei malati, degli infermieri e degli ospedali. La sua vita \u00e8 stata interamente al servizio dei pi\u00f9 bisognosi.","og_url":"https:\/\/blog.holyart.it\/it\/santi-e-beati\/storia-e-opere-di-san-giovanni-di-dio\/","og_site_name":"Holyblog","article_published_time":"2024-10-09T08:00:28+00:00","article_modified_time":"2026-02-18T14:17:32+00:00","og_image":[{"width":1000,"height":666,"url":"https:\/\/blog.holyart.it\/it\/wp-content\/uploads\/sites\/17\/2024\/09\/san-giovanni-di-dio.jpg","type":"image\/jpeg"}],"author":"Redazione","twitter_card":"summary_large_image","twitter_misc":{"Scritto da":"Redazione","Tempo di lettura stimato":"5 minuti"},"schema":{"@context":"https:\/\/schema.org","@graph":[{"@type":"Article","@id":"https:\/\/blog.holyart.it\/it\/santi-e-beati\/storia-e-opere-di-san-giovanni-di-dio\/#article","isPartOf":{"@id":"https:\/\/blog.holyart.it\/it\/santi-e-beati\/storia-e-opere-di-san-giovanni-di-dio\/"},"author":{"name":"Redazione","@id":"https:\/\/blog.holyart.it\/it\/#\/schema\/person\/0a7b686e5af0f856ec1e390dd0baecda"},"headline":"Storia e opere di San Giovanni di Dio","datePublished":"2024-10-09T08:00:28+00:00","dateModified":"2026-02-18T14:17:32+00:00","mainEntityOfPage":{"@id":"https:\/\/blog.holyart.it\/it\/santi-e-beati\/storia-e-opere-di-san-giovanni-di-dio\/"},"wordCount":750,"publisher":{"@id":"https:\/\/blog.holyart.it\/it\/#organization"},"image":{"@id":"https:\/\/blog.holyart.it\/it\/santi-e-beati\/storia-e-opere-di-san-giovanni-di-dio\/#primaryimage"},"thumbnailUrl":"https:\/\/blog.holyart.it\/it\/wp-content\/uploads\/sites\/17\/2024\/09\/san-giovanni-di-dio.jpg","articleSection":["Santi e beati"],"inLanguage":"it-IT"},{"@type":"WebPage","@id":"https:\/\/blog.holyart.it\/it\/santi-e-beati\/storia-e-opere-di-san-giovanni-di-dio\/","url":"https:\/\/blog.holyart.it\/it\/santi-e-beati\/storia-e-opere-di-san-giovanni-di-dio\/","name":"Storia e opere di San Giovanni di Dio - Holyblog","isPartOf":{"@id":"https:\/\/blog.holyart.it\/it\/#website"},"primaryImageOfPage":{"@id":"https:\/\/blog.holyart.it\/it\/santi-e-beati\/storia-e-opere-di-san-giovanni-di-dio\/#primaryimage"},"image":{"@id":"https:\/\/blog.holyart.it\/it\/santi-e-beati\/storia-e-opere-di-san-giovanni-di-dio\/#primaryimage"},"thumbnailUrl":"https:\/\/blog.holyart.it\/it\/wp-content\/uploads\/sites\/17\/2024\/09\/san-giovanni-di-dio.jpg","datePublished":"2024-10-09T08:00:28+00:00","dateModified":"2026-02-18T14:17:32+00:00","description":"San Giovanni di Dio, patrono dei malati, degli infermieri e degli ospedali. La sua vita \u00e8 stata interamente al servizio dei pi\u00f9 bisognosi.","breadcrumb":{"@id":"https:\/\/blog.holyart.it\/it\/santi-e-beati\/storia-e-opere-di-san-giovanni-di-dio\/#breadcrumb"},"inLanguage":"it-IT","potentialAction":[{"@type":"ReadAction","target":["https:\/\/blog.holyart.it\/it\/santi-e-beati\/storia-e-opere-di-san-giovanni-di-dio\/"]}]},{"@type":"ImageObject","inLanguage":"it-IT","@id":"https:\/\/blog.holyart.it\/it\/santi-e-beati\/storia-e-opere-di-san-giovanni-di-dio\/#primaryimage","url":"https:\/\/blog.holyart.it\/it\/wp-content\/uploads\/sites\/17\/2024\/09\/san-giovanni-di-dio.jpg","contentUrl":"https:\/\/blog.holyart.it\/it\/wp-content\/uploads\/sites\/17\/2024\/09\/san-giovanni-di-dio.jpg","width":1000,"height":666,"caption":"san giovanni di dio"},{"@type":"BreadcrumbList","@id":"https:\/\/blog.holyart.it\/it\/santi-e-beati\/storia-e-opere-di-san-giovanni-di-dio\/#breadcrumb","itemListElement":[{"@type":"ListItem","position":1,"name":"Homepage","item":"https:\/\/blog.holyart.it\/it\/"},{"@type":"ListItem","position":2,"name":"Santi e beati","item":"https:\/\/blog.holyart.it\/it\/santi-e-beati\/"},{"@type":"ListItem","position":3,"name":"Storia e opere di San Giovanni di Dio"}]},{"@type":"WebSite","@id":"https:\/\/blog.holyart.it\/it\/#website","url":"https:\/\/blog.holyart.it\/it\/","name":"Holyblog","description":"Il Blog di Holyart.it","publisher":{"@id":"https:\/\/blog.holyart.it\/it\/#organization"},"potentialAction":[{"@type":"SearchAction","target":{"@type":"EntryPoint","urlTemplate":"https:\/\/blog.holyart.it\/it\/?s={search_term_string}"},"query-input":{"@type":"PropertyValueSpecification","valueRequired":true,"valueName":"search_term_string"}}],"inLanguage":"it-IT"},{"@type":"Organization","@id":"https:\/\/blog.holyart.it\/it\/#organization","name":"Holyblog","url":"https:\/\/blog.holyart.it\/it\/","logo":{"@type":"ImageObject","inLanguage":"it-IT","@id":"https:\/\/blog.holyart.it\/it\/#\/schema\/logo\/image\/","url":"https:\/\/blog.holyart.it\/it\/wp-content\/uploads\/sites\/17\/2022\/12\/Holyart_Blog_Logo.jpg","contentUrl":"https:\/\/blog.holyart.it\/it\/wp-content\/uploads\/sites\/17\/2022\/12\/Holyart_Blog_Logo.jpg","width":300,"height":50,"caption":"Holyblog"},"image":{"@id":"https:\/\/blog.holyart.it\/it\/#\/schema\/logo\/image\/"}},{"@type":"Person","@id":"https:\/\/blog.holyart.it\/it\/#\/schema\/person\/0a7b686e5af0f856ec1e390dd0baecda","name":"Redazione"}]}},"_links":{"self":[{"href":"https:\/\/blog.holyart.it\/it\/wp-json\/wp\/v2\/posts\/20561","targetHints":{"allow":["GET"]}}],"collection":[{"href":"https:\/\/blog.holyart.it\/it\/wp-json\/wp\/v2\/posts"}],"about":[{"href":"https:\/\/blog.holyart.it\/it\/wp-json\/wp\/v2\/types\/post"}],"author":[{"embeddable":true,"href":"https:\/\/blog.holyart.it\/it\/wp-json\/wp\/v2\/users\/1"}],"replies":[{"embeddable":true,"href":"https:\/\/blog.holyart.it\/it\/wp-json\/wp\/v2\/comments?post=20561"}],"version-history":[{"count":4,"href":"https:\/\/blog.holyart.it\/it\/wp-json\/wp\/v2\/posts\/20561\/revisions"}],"predecessor-version":[{"id":20569,"href":"https:\/\/blog.holyart.it\/it\/wp-json\/wp\/v2\/posts\/20561\/revisions\/20569"}],"wp:featuredmedia":[{"embeddable":true,"href":"https:\/\/blog.holyart.it\/it\/wp-json\/wp\/v2\/media\/20570"}],"wp:attachment":[{"href":"https:\/\/blog.holyart.it\/it\/wp-json\/wp\/v2\/media?parent=20561"}],"wp:term":[{"taxonomy":"category","embeddable":true,"href":"https:\/\/blog.holyart.it\/it\/wp-json\/wp\/v2\/categories?post=20561"},{"taxonomy":"post_tag","embeddable":true,"href":"https:\/\/blog.holyart.it\/it\/wp-json\/wp\/v2\/tags?post=20561"}],"curies":[{"name":"wp","href":"https:\/\/api.w.org\/{rel}","templated":true}]}}