{"id":2047,"date":"2018-01-31T15:40:59","date_gmt":"2018-01-31T14:40:59","guid":{"rendered":"https:\/\/blog.holyart.it\/it\/?p=2047"},"modified":"2022-07-25T12:53:56","modified_gmt":"2022-07-25T10:53:56","slug":"1-gennaio-maria-santissima-madre-dio","status":"publish","type":"post","link":"https:\/\/blog.holyart.it\/it\/santi-e-beati\/1-gennaio-maria-santissima-madre-dio\/","title":{"rendered":"1 Gennaio Maria Santissima Madre di Dio"},"content":{"rendered":"<h4>Il 1\u00b0 gennaio \u00e8 stato il giorno dedicato a Maria Vergine, la Santissima Madre di Dio.<\/h4>\n\n<p>Si tratta di un\u2019occasione davvero speciale e solenne, e non \u00e8 un caso che essa venga celebrata cos\u00ec a ridosso del Natale, forse la <strong>festa religiosa pi\u00f9 importante per tutti i cristiani<\/strong>. In questo giorno <strong>si celebra la duplice natura di Ges\u00f9<\/strong>, Dio e uomo, e la sua incarnazione miracolosa nel grembo di una donna mortale, Maria, attraverso il quale Egli \u00e8 nato al mondo. Una festa dedicata a Ges\u00f9, dunque, ma in cui la vera protagonista \u00e8 lei, Maria Santissima, donna umile eppure speciale, madre tra tante, eppure unica.<\/p>\n<h2>Maria madre di ogni uomo<\/h2>\n<p>La sua scelta di assecondare il piano divino, di accettare il fardello che Dio le ha offerto, per voce di Gabriele, di portare in grembo Suo Figlio, di essere Madre di Dio in Terra, \u00e8 sicuramente il pi\u00f9 alto e fulgido esempio di Amore e Devozione cristiana che si possa ricordare, testimoniato anche dalle tantissime <span style=\"color: #0000ff;\"><strong><a style=\"color: #0000ff;\" href=\"https:\/\/www.holyart.it\/articoli\/statue-madonna.php\">statue della Madonna<\/a><\/strong><\/span> che si possono trovare in qualsiasi luogo di culto in tutto il mondo. <strong>Maria assurge al ruolo di Donna per eccellenza<\/strong>, modello irraggiungibile, e tuttavia di riferimento per tutte le donne, ma anche luce inestinguibile d\u2019amore per gli uomini, per tutti coloro i quali non possono fare a meno di desiderare di avere una \u2018madre\u2019 che vegli su di loro, che li protegga e li accudisca, anche quando tutto sembra andare male.<\/p>\n<div class=\"link-product\">\n<div class=\"blocco-immagine\"><img loading=\"lazy\" decoding=\"async\" class=\"size-full wp-image-16029 alignleft\" src=\"https:\/\/blog.holyart.it\/it\/wp-content\/uploads\/sites\/17\/2018\/01\/statua-madonna-santissima-immacolata-resina-15-cm.jpg\" alt=\"statua madonna santissima immacolata resina 15 cm\" width=\"100\" height=\"100\" data-kale-share-title=\"1 Gennaio Maria Santissima Madre di Dio\" data-kale-share-url=\"https:\/\/blog.holyart.it\/it\/santi-e-beati\/1-gennaio-maria-santissima-madre-dio\/\" \/><\/div>\n<div class=\"blocco-contenuto\">\n<div class=\"blocco-acquista\">Acquista su Holyart:<\/div>\n<div class=\"blocco-titolo\"><a href=\"https:\/\/www.holyart.it\/it\/articoli\/statue-madonna.php\">Statue Madonna<\/a><\/div>\n<div class=\"blocco-descrizione\">Tutte le Statue Madonna che trovi sul sito sono lavorate artigianalmente in Italia e Francia.<\/div>\n<\/div>\n<\/div>\n<p>Ha detto <span style=\"color: #0000ff;\"><a style=\"color: #0000ff;\" href=\"https:\/\/www.holyart.it\/it\/occasioni-speciali\/papa-francesco\"><strong>Papa Francesco<\/strong><\/a><\/span> in occasione della celebrazione della Messa della Solennit\u00e0 di Maria Santissima Madre di Dio di quest\u2019anno: <em>\u201cIl dono di ogni madre e di ogni donna \u00e8 tanto prezioso per la Chiesa, che \u00e8 madre e donna. E mentre l&#8217;uomo spesso astrae, afferma e impone idee, la donna, la madre, sa custodire, collegare nel cuore, vivificare&#8221;. <\/em>Nessuno \u00e8 pi\u00f9 solo, nessuno \u00e8 pi\u00f9 abbandonato a s\u00e9 stesso. Maria, nel suo essere Madre di Dio, <strong>\u00e8 madre di ogni uomo<\/strong>, e nel bambino tra le sue braccia ritroviamo il nostro bisogno di poterci affidare completamente a qualcuno che ci ami in modo incondizionato e puro.<\/p>\n<p><em>&#8220;Perch\u00e9 la fede non si riduca solo a idea o dottrina. Abbiamo bisogno, tutti, di un cuore di madre, che sappia custodire la tenerezza di Dio e ascoltare i palpiti dell&#8217;uomo\u201d. <\/em>Questa celebrazione \u00e8 dunque un omaggio a Maria, donna umile e obbediente, madre amorevole e devota.<\/p>\n<div class=\"link-product\">\n<div class=\"blocco-immagine\"><img loading=\"lazy\" decoding=\"async\" class=\"size-full wp-image-16030 alignleft\" src=\"https:\/\/blog.holyart.it\/it\/wp-content\/uploads\/sites\/17\/2018\/01\/madonna-scioglie-nodi-23-cm-statua-in-resina.jpg\" alt=\"madonna scioglie nodi 23 cm statua in resina\" width=\"100\" height=\"100\" data-kale-share-title=\"1 Gennaio Maria Santissima Madre di Dio\" data-kale-share-url=\"https:\/\/blog.holyart.it\/it\/santi-e-beati\/1-gennaio-maria-santissima-madre-dio\/\" \/><\/div>\n<div class=\"blocco-contenuto\">\n<div class=\"blocco-acquista\">Acquista su Holyart:<\/div>\n<div class=\"blocco-titolo\"><a href=\"https:\/\/www.holyart.it\/it\/occasioni-speciali\/papa-francesco\">Papa Francesco<\/a><\/div>\n<div class=\"blocco-descrizione\">Categoria dedicata a Papa Jorge Mario Bergoglio<\/div>\n<\/div>\n<\/div>\n<p>La Chiesa delle origini si ritrov\u00f2 a dibattere lungamente riguardo l\u2019autenticit\u00e0 del dogma di Maria Santissima Madre di Dio. Solo nel 431 d.C. il Concilio di Efeso riconobbe a Maria il titolo di Madre di Dio, in greco <em>Theotokos<\/em>, in latino <em>Deipara<\/em> o <em>Dei genetrix<\/em>, e fiss\u00f2 la data del 1\u00b0 gennaio come giorno di celebrazione a lei dedicato, facendone la prima festa mariana stabilita dalla Chiesa. Il Concilio proclam\u00f2 che Ges\u00f9 Cristo fosse sia Dio che uomo in un\u2019unica persona, e che le due nature, divina e umana, fossero inseparabili. Quindi, Maria venne riconosciuta a tutti gli effetti come Madre di Dio, meritevole di tutti i titoli d\u2019onore e della santit\u00e0 che le viene attribuita.<\/p>\n<p>Ges\u00f9 stesso suggerisce come debba essere interpretata la figura di sua Madre, il suo ruolo di esempio e modello. In Lc 11,27s leggiamo: <em>Una donna alz\u00f2 la voce di mezzo alla folla e disse: &#8220;Beato il ventre che ti ha portato e il seno da cui hai preso il latte!&#8221;. Ma egli disse: &#8220;Beati piuttosto coloro che ascoltano la parola di Dio e la osservano!&#8221;&#8221; <\/em><\/p>\n<p>Maria, figlia di Adamo, donna tra le donne, ascolta la parola di Dio e accetta di obbedire alla sua richiesta, consacrando tutta s\u00e9 stessa alla Sua opera, accettando senza restrizioni e remore la Sua volont\u00e0, nella piena consapevolezza del sacrificio richiesto a lei e al frutto del suo seno.<\/p>\n<h2>Maria secondo il Vangelo<\/h2>\n<p>La terza lettura del giorno, tratta dal Vangelo di Luca, ce la mostra al fianco di <a href=\"https:\/\/www.holyart.it\/it\/natale\/statue-gesu-bambino\"><strong>Ges\u00f9 bambino<\/strong><\/a> in occasione della venerazione dei pastori, e, successivamente, al tempio, dove il piccolo deve essere circonciso.<\/p>\n<p>Luca 2,16-21: <em>Andarono, senza indugio, e trovarono Maria e Giuseppe e il bambino, adagiato nella mangiatoia. E dopo averlo visto, riferirono ci\u00f2 che del bambino era stato detto loro. Tutti quelli che udivano si stupirono delle cose dette loro dai pastori. Maria, da parte sua, custodiva tutte queste cose, meditandole nel Suo cuore. I pastori se ne tornarono, glorificando e lodando Dio per tutto quello che avevano udito e visto, com\u2019era stato detto loro. Quando furono compiuti gli otto giorni prescritti per la circoncisione, gli fu messo nome Ges\u00f9, come era stato chiamato dall\u2019Angelo prima che fosse concepito nel grembo.<\/em><\/p>\n<p style=\"text-align: left;\">\u201cMaria custodiva tutte queste cose meditandole nel suo cuore\u201d: un\u2019immagine dalla dolcezza cos\u00ec struggente da far tremare il cuore, <a href=\"https:\/\/www.holyart.it\/it\/articoli-religiosi\/icone-sacre\/icone-grecia-dipinte-e-serigrafate\/icona-madre-di-dio-odigitria-manto-blu\"><strong>il ritratto di una mamma<\/strong><\/a> che ha occhi e\u00a0cuore solo per il proprio bambino, e per tutto ci\u00f2 che Egli rappresenta. <strong>Nel <span style=\"color: #0000ff;\"><a style=\"color: #0000ff;\" href=\"https:\/\/www.holyart.it\/it\/articoli-religiosi\/libri-e-testi-sacri\/vangeli\">Vangelo<\/a><\/span> Maria non parla mai<\/strong>, in tutto il racconto del Natale non vi \u00e8 una parola che esca dalle sue labbra. Papa Francesco ci invita a considerare l\u2019importanza di questo silenzio: <em>\u201cAnche in questo la Madre \u00e8 unita al Figlio: Ges\u00f9 \u00e8 infante, cio\u00e8 senza parola, \u00e8 muto. Il Dio davanti a cui si tace \u00e8 un bimbo che non parla. La Sua maest\u00e0 \u00e8 senza parole, il Suo mistero di amore si svela nella piccolezza. Questa piccolezza silenziosa \u00e8 il linguaggio della sua regalit\u00e0. La Madre si associa al Figlio che custodisce nel silenzio. E il silenzio ci dice che anche noi, se vogliamo custodirci, abbiamo bisogno di silenzio\u201d<\/em>.<\/p>\n<div class=\"link-product\">\n<div class=\"blocco-immagine\"><img loading=\"lazy\" decoding=\"async\" class=\"size-full wp-image-16031 alignleft\" src=\"https:\/\/blog.holyart.it\/it\/wp-content\/uploads\/sites\/17\/2018\/01\/icona-madre-di-dio-odigitria-manto-blu.jpg\" alt=\"icona madre di dio odigitria manto blu\" width=\"100\" height=\"100\" data-kale-share-title=\"1 Gennaio Maria Santissima Madre di Dio\" data-kale-share-url=\"https:\/\/blog.holyart.it\/it\/santi-e-beati\/1-gennaio-maria-santissima-madre-dio\/\" \/><\/div>\n<div class=\"blocco-contenuto\">\n<div class=\"blocco-acquista\">Acquista su Holyart:<\/div>\n<div class=\"blocco-titolo\"><a href=\"https:\/\/www.holyart.it\/it\/articoli-religiosi\/icone-sacre\/icone-grecia-dipinte-e-serigrafate\/icona-madre-di-dio-odigitria-manto-blu\">Icona Madre di Dio Odigitria manto blu<\/a><\/div>\n<div class=\"blocco-descrizione\">Icona serigrafata che raffigura Maria che indica suo figlio Ges\u00f9, la via per la salvezza.<\/div>\n<\/div>\n<\/div>\n<p>Un\u2019altra lettura molto importante in questa giornata \u00e8 la seconda, Galati 4,4-7: <em>Ma quando venne la pienezza del tempo, Dio mand\u00f2 il suo Figlio, nato da donna, nato sotto la Legge, per riscattare quelli che erano sotto la Legge, perch\u00e9 ricevessimo l\u2019adozione a figli. E che voi siete figli lo prova il fatto che Dio mand\u00f2 nei nostri cuori lo Spirito del suo Figlio, il quale grida: \u00abAbb\u00e0! Padre!\u00bb. Quindi non sei pi\u00f9 schiavo, ma figlio e, se figlio, sei anche erede per grazia di Dio. <\/em>Questo passaggio pone l\u2019attenzione sulla filiazione adottiva per tutti i cristiani che Ges\u00f9 ha rappresentato con la sua nascita: Lui non si \u00e8 limitato a venire nel mondo per liberare tutti gli uomini dal peccato, ma presentandosi come Figlio di Dio ha fatto nascere in tutti gli uomini un\u2019intimit\u00e0 filiale, rendendoli tutti fratelli e figli di un unico immenso Amore.<\/p>\n<h2>Giornata Mondiale della Pace e Festa di Maria Santissima<\/h2>\n<p>Nel 1967 <strong>Papa Paolo VI istitu\u00ec la <a href=\"https:\/\/www.holyart.it\/it\/search?params=%7B%22search%22%3A%22giornata%20della%20pace%22%7D&amp;search=giornata+della+pace\">Giornata Mondiale della Pace<\/a><\/strong>, unendone le celebrazioni alla Festa per la Maria Santissima Madre di Dio. Non \u00e8 certo un caso. Maria ci fornisce un esempio d\u2019amore impagabile, chi meglio di Lei pu\u00f2 essere ambasciatrice di pace tra gli uomini? La prima lettura del giorno parla proprio di pace: Numeri 6,22-27: <em>Il Signore parl\u00f2 a Mos\u00e8 e disse: \u00abParla ad Aronne e ai suoi figli dicendo: \u201cCos\u00ec benedirete gli Israeliti: direte loro: Ti benedica il Signore e Ti custodisca. Il Signore faccia risplendere per te il suo volto e ti faccia grazia. Il Signore rivolga a te il suo volto e ti conceda pace\u201d Cos\u00ec porranno il mio nome sugli Israeliti e io li benedir\u00f2. <\/em>Questa bellissima lettura mostra l\u2019immensa grazia di Dio nella preghiera di benedizione di Aronne al popolo di Israele. In un tempo colmo di incertezze e paure, ricordiamo che tutto ci\u00f2 che accade a noi e nel mondo, il bene e il male, la vita e la morte, sono illuminati dal volto di Dio, e che solo confidando in lui sempre e comunque potremo trovare la pace, ma <strong>la pace deve anche essere perseguita dagli uomini<\/strong>, che devono preservare il mondo che Dio ha donato loro e renderlo ogni giorno migliore per i figli del domani, come segno di gratitudine e amore verso il Creatore.<\/p>\n<div class=\"link-product\">\n<div class=\"blocco-immagine\"><img loading=\"lazy\" decoding=\"async\" class=\"size-full wp-image-16032 alignleft\" src=\"https:\/\/blog.holyart.it\/it\/wp-content\/uploads\/sites\/17\/2018\/01\/quadro-in-resina-colomba-20-3x18-3-cm.jpg\" alt=\"quadro in resina colomba 20 3x18 3 cm\" width=\"100\" height=\"100\" data-kale-share-title=\"1 Gennaio Maria Santissima Madre di Dio\" data-kale-share-url=\"https:\/\/blog.holyart.it\/it\/santi-e-beati\/1-gennaio-maria-santissima-madre-dio\/\" \/><\/div>\n<div class=\"blocco-contenuto\">\n<div class=\"blocco-acquista\">Acquista su Holyart:<\/div>\n<div class=\"blocco-titolo\"><a href=\"https:\/\/www.holyart.it\/it\/search?params=%7B%22search%22%3A%22giornata%20della%20pace%22%7D&amp;search=giornata+della+pace\">Giornata della Pace<\/a><\/div>\n<div class=\"blocco-descrizione\"><\/div>\n<\/div>\n<\/div>\n<p>Papa Francesco ha aperto l\u2019omelia della Messa della Solennit\u00e0 di Maria Santissima Madre di Dio di quest\u2019anno con queste parole: \u201c<em>L\u2019anno si apre nel nome della Madre di Dio<\/em>\u201d, ponendo l\u2019attenzione sulla natura divina di Ges\u00f9, sul suo essere innanzitutto Dio, e uomo per scelta d\u2019amore. Egli, facendosi carne attraverso Maria, sceglie di assumere su di s\u00e9 il fardello dell\u2019umanit\u00e0, il peso della carne. Da quel momento \u201c<em>Non c\u2019\u00e8 pi\u00f9 Dio senza uomo: <strong>Dio \u00e8 vicino all\u2019umanit\u00e0 come un bimbo alla madre che lo porta in grembo<\/strong><\/em>\u201d.<\/p>\n","protected":false},"excerpt":{"rendered":"<p>Il 1\u00b0 gennaio \u00e8 stato il giorno dedicato a Maria Vergine, la Santissima Madre di Dio. Si tratta di un\u2019occasione davvero speciale e solenne, e non \u00e8 un caso che essa venga celebrata cos\u00ec a ridosso del Natale, forse la festa religiosa pi\u00f9 importante per&hellip;<\/p>\n","protected":false},"author":1,"featured_media":16035,"comment_status":"closed","ping_status":"open","sticky":false,"template":"","format":"standard","meta":{"_acf_changed":false,"footnotes":""},"categories":[20,16,15],"tags":[],"class_list":["post-2047","post","type-post","status-publish","format-standard","has-post-thumbnail","hentry","category-occasioni-speciali","category-articoli-religiosi","category-santi-e-beati"],"acf":[],"yoast_head":"<!-- This site is optimized with the Yoast SEO plugin v26.6 - https:\/\/yoast.com\/wordpress\/plugins\/seo\/ -->\n<title>1 Gennaio Maria Santissima Madre di Dio - Holyblog<\/title>\n<meta name=\"description\" content=\"Il 1\u00b0 gennaio \u00e8 il giorno dedicato a Maria Santissima, un\u2019occasione in cui si celebra la duplice natura di Ges\u00f9, Dio e uomo, e la sua incarnazione in Maria\" \/>\n<meta name=\"robots\" content=\"index, follow, max-snippet:-1, max-image-preview:large, max-video-preview:-1\" \/>\n<link rel=\"canonical\" href=\"https:\/\/blog.holyart.it\/it\/santi-e-beati\/1-gennaio-maria-santissima-madre-dio\/\" \/>\n<meta property=\"og:locale\" content=\"it_IT\" \/>\n<meta property=\"og:type\" content=\"article\" \/>\n<meta property=\"og:title\" content=\"1 Gennaio Maria Santissima Madre di Dio - Holyblog\" \/>\n<meta property=\"og:description\" content=\"Il 1\u00b0 gennaio \u00e8 il giorno dedicato a Maria Santissima, un\u2019occasione in cui si celebra la duplice natura di Ges\u00f9, Dio e uomo, e la sua incarnazione in Maria\" \/>\n<meta property=\"og:url\" content=\"https:\/\/blog.holyart.it\/it\/santi-e-beati\/1-gennaio-maria-santissima-madre-dio\/\" \/>\n<meta property=\"og:site_name\" content=\"Holyblog\" \/>\n<meta property=\"article:published_time\" content=\"2018-01-31T14:40:59+00:00\" \/>\n<meta property=\"article:modified_time\" content=\"2022-07-25T10:53:56+00:00\" \/>\n<meta property=\"og:image\" content=\"https:\/\/blog.holyart.it\/it\/wp-content\/uploads\/sites\/17\/2018\/01\/maria-santissima-madre-di-dio.jpg\" \/>\n\t<meta property=\"og:image:width\" content=\"1000\" \/>\n\t<meta property=\"og:image:height\" content=\"666\" \/>\n\t<meta property=\"og:image:type\" content=\"image\/jpeg\" \/>\n<meta name=\"author\" content=\"Redazione\" \/>\n<meta name=\"twitter:card\" content=\"summary_large_image\" \/>\n<meta name=\"twitter:label1\" content=\"Scritto da\" \/>\n\t<meta name=\"twitter:data1\" content=\"Redazione\" \/>\n\t<meta name=\"twitter:label2\" content=\"Tempo di lettura stimato\" \/>\n\t<meta name=\"twitter:data2\" content=\"7 minuti\" \/>\n<script type=\"application\/ld+json\" class=\"yoast-schema-graph\">{\"@context\":\"https:\/\/schema.org\",\"@graph\":[{\"@type\":\"Article\",\"@id\":\"https:\/\/blog.holyart.it\/it\/santi-e-beati\/1-gennaio-maria-santissima-madre-dio\/#article\",\"isPartOf\":{\"@id\":\"https:\/\/blog.holyart.it\/it\/santi-e-beati\/1-gennaio-maria-santissima-madre-dio\/\"},\"author\":{\"name\":\"Redazione\",\"@id\":\"https:\/\/blog.holyart.it\/it\/#\/schema\/person\/0a7b686e5af0f856ec1e390dd0baecda\"},\"headline\":\"1 Gennaio Maria Santissima Madre di Dio\",\"datePublished\":\"2018-01-31T14:40:59+00:00\",\"dateModified\":\"2022-07-25T10:53:56+00:00\",\"mainEntityOfPage\":{\"@id\":\"https:\/\/blog.holyart.it\/it\/santi-e-beati\/1-gennaio-maria-santissima-madre-dio\/\"},\"wordCount\":1451,\"publisher\":{\"@id\":\"https:\/\/blog.holyart.it\/it\/#organization\"},\"image\":{\"@id\":\"https:\/\/blog.holyart.it\/it\/santi-e-beati\/1-gennaio-maria-santissima-madre-dio\/#primaryimage\"},\"thumbnailUrl\":\"https:\/\/blog.holyart.it\/it\/wp-content\/uploads\/sites\/17\/2018\/01\/maria-santissima-madre-di-dio.jpg\",\"articleSection\":[\"Occasioni speciali\",\"Religione\",\"Santi e beati\"],\"inLanguage\":\"it-IT\"},{\"@type\":\"WebPage\",\"@id\":\"https:\/\/blog.holyart.it\/it\/santi-e-beati\/1-gennaio-maria-santissima-madre-dio\/\",\"url\":\"https:\/\/blog.holyart.it\/it\/santi-e-beati\/1-gennaio-maria-santissima-madre-dio\/\",\"name\":\"1 Gennaio Maria Santissima Madre di Dio - Holyblog\",\"isPartOf\":{\"@id\":\"https:\/\/blog.holyart.it\/it\/#website\"},\"primaryImageOfPage\":{\"@id\":\"https:\/\/blog.holyart.it\/it\/santi-e-beati\/1-gennaio-maria-santissima-madre-dio\/#primaryimage\"},\"image\":{\"@id\":\"https:\/\/blog.holyart.it\/it\/santi-e-beati\/1-gennaio-maria-santissima-madre-dio\/#primaryimage\"},\"thumbnailUrl\":\"https:\/\/blog.holyart.it\/it\/wp-content\/uploads\/sites\/17\/2018\/01\/maria-santissima-madre-di-dio.jpg\",\"datePublished\":\"2018-01-31T14:40:59+00:00\",\"dateModified\":\"2022-07-25T10:53:56+00:00\",\"description\":\"Il 1\u00b0 gennaio \u00e8 il giorno dedicato a Maria Santissima, un\u2019occasione in cui si celebra la duplice natura di Ges\u00f9, Dio e uomo, e la sua incarnazione in Maria\",\"breadcrumb\":{\"@id\":\"https:\/\/blog.holyart.it\/it\/santi-e-beati\/1-gennaio-maria-santissima-madre-dio\/#breadcrumb\"},\"inLanguage\":\"it-IT\",\"potentialAction\":[{\"@type\":\"ReadAction\",\"target\":[\"https:\/\/blog.holyart.it\/it\/santi-e-beati\/1-gennaio-maria-santissima-madre-dio\/\"]}]},{\"@type\":\"ImageObject\",\"inLanguage\":\"it-IT\",\"@id\":\"https:\/\/blog.holyart.it\/it\/santi-e-beati\/1-gennaio-maria-santissima-madre-dio\/#primaryimage\",\"url\":\"https:\/\/blog.holyart.it\/it\/wp-content\/uploads\/sites\/17\/2018\/01\/maria-santissima-madre-di-dio.jpg\",\"contentUrl\":\"https:\/\/blog.holyart.it\/it\/wp-content\/uploads\/sites\/17\/2018\/01\/maria-santissima-madre-di-dio.jpg\",\"width\":1000,\"height\":666,\"caption\":\"maria santissima madre di dio\"},{\"@type\":\"BreadcrumbList\",\"@id\":\"https:\/\/blog.holyart.it\/it\/santi-e-beati\/1-gennaio-maria-santissima-madre-dio\/#breadcrumb\",\"itemListElement\":[{\"@type\":\"ListItem\",\"position\":1,\"name\":\"Homepage\",\"item\":\"https:\/\/blog.holyart.it\/it\/\"},{\"@type\":\"ListItem\",\"position\":2,\"name\":\"Santi e beati\",\"item\":\"https:\/\/blog.holyart.it\/it\/santi-e-beati\/\"},{\"@type\":\"ListItem\",\"position\":3,\"name\":\"1 Gennaio Maria Santissima Madre di Dio\"}]},{\"@type\":\"WebSite\",\"@id\":\"https:\/\/blog.holyart.it\/it\/#website\",\"url\":\"https:\/\/blog.holyart.it\/it\/\",\"name\":\"Holyblog\",\"description\":\"Il Blog di Holyart.it\",\"publisher\":{\"@id\":\"https:\/\/blog.holyart.it\/it\/#organization\"},\"potentialAction\":[{\"@type\":\"SearchAction\",\"target\":{\"@type\":\"EntryPoint\",\"urlTemplate\":\"https:\/\/blog.holyart.it\/it\/?s={search_term_string}\"},\"query-input\":{\"@type\":\"PropertyValueSpecification\",\"valueRequired\":true,\"valueName\":\"search_term_string\"}}],\"inLanguage\":\"it-IT\"},{\"@type\":\"Organization\",\"@id\":\"https:\/\/blog.holyart.it\/it\/#organization\",\"name\":\"Holyblog\",\"url\":\"https:\/\/blog.holyart.it\/it\/\",\"logo\":{\"@type\":\"ImageObject\",\"inLanguage\":\"it-IT\",\"@id\":\"https:\/\/blog.holyart.it\/it\/#\/schema\/logo\/image\/\",\"url\":\"https:\/\/blog.holyart.it\/it\/wp-content\/uploads\/sites\/17\/2022\/12\/Holyart_Blog_Logo.jpg\",\"contentUrl\":\"https:\/\/blog.holyart.it\/it\/wp-content\/uploads\/sites\/17\/2022\/12\/Holyart_Blog_Logo.jpg\",\"width\":300,\"height\":50,\"caption\":\"Holyblog\"},\"image\":{\"@id\":\"https:\/\/blog.holyart.it\/it\/#\/schema\/logo\/image\/\"}},{\"@type\":\"Person\",\"@id\":\"https:\/\/blog.holyart.it\/it\/#\/schema\/person\/0a7b686e5af0f856ec1e390dd0baecda\",\"name\":\"Redazione\"}]}<\/script>\n<!-- \/ Yoast SEO plugin. -->","yoast_head_json":{"title":"1 Gennaio Maria Santissima Madre di Dio - Holyblog","description":"Il 1\u00b0 gennaio \u00e8 il giorno dedicato a Maria Santissima, un\u2019occasione in cui si celebra la duplice natura di Ges\u00f9, Dio e uomo, e la sua incarnazione in Maria","robots":{"index":"index","follow":"follow","max-snippet":"max-snippet:-1","max-image-preview":"max-image-preview:large","max-video-preview":"max-video-preview:-1"},"canonical":"https:\/\/blog.holyart.it\/it\/santi-e-beati\/1-gennaio-maria-santissima-madre-dio\/","og_locale":"it_IT","og_type":"article","og_title":"1 Gennaio Maria Santissima Madre di Dio - Holyblog","og_description":"Il 1\u00b0 gennaio \u00e8 il giorno dedicato a Maria Santissima, un\u2019occasione in cui si celebra la duplice natura di Ges\u00f9, Dio e uomo, e la sua incarnazione in Maria","og_url":"https:\/\/blog.holyart.it\/it\/santi-e-beati\/1-gennaio-maria-santissima-madre-dio\/","og_site_name":"Holyblog","article_published_time":"2018-01-31T14:40:59+00:00","article_modified_time":"2022-07-25T10:53:56+00:00","og_image":[{"width":1000,"height":666,"url":"https:\/\/blog.holyart.it\/it\/wp-content\/uploads\/sites\/17\/2018\/01\/maria-santissima-madre-di-dio.jpg","type":"image\/jpeg"}],"author":"Redazione","twitter_card":"summary_large_image","twitter_misc":{"Scritto da":"Redazione","Tempo di lettura stimato":"7 minuti"},"schema":{"@context":"https:\/\/schema.org","@graph":[{"@type":"Article","@id":"https:\/\/blog.holyart.it\/it\/santi-e-beati\/1-gennaio-maria-santissima-madre-dio\/#article","isPartOf":{"@id":"https:\/\/blog.holyart.it\/it\/santi-e-beati\/1-gennaio-maria-santissima-madre-dio\/"},"author":{"name":"Redazione","@id":"https:\/\/blog.holyart.it\/it\/#\/schema\/person\/0a7b686e5af0f856ec1e390dd0baecda"},"headline":"1 Gennaio Maria Santissima Madre di Dio","datePublished":"2018-01-31T14:40:59+00:00","dateModified":"2022-07-25T10:53:56+00:00","mainEntityOfPage":{"@id":"https:\/\/blog.holyart.it\/it\/santi-e-beati\/1-gennaio-maria-santissima-madre-dio\/"},"wordCount":1451,"publisher":{"@id":"https:\/\/blog.holyart.it\/it\/#organization"},"image":{"@id":"https:\/\/blog.holyart.it\/it\/santi-e-beati\/1-gennaio-maria-santissima-madre-dio\/#primaryimage"},"thumbnailUrl":"https:\/\/blog.holyart.it\/it\/wp-content\/uploads\/sites\/17\/2018\/01\/maria-santissima-madre-di-dio.jpg","articleSection":["Occasioni speciali","Religione","Santi e beati"],"inLanguage":"it-IT"},{"@type":"WebPage","@id":"https:\/\/blog.holyart.it\/it\/santi-e-beati\/1-gennaio-maria-santissima-madre-dio\/","url":"https:\/\/blog.holyart.it\/it\/santi-e-beati\/1-gennaio-maria-santissima-madre-dio\/","name":"1 Gennaio Maria Santissima Madre di Dio - Holyblog","isPartOf":{"@id":"https:\/\/blog.holyart.it\/it\/#website"},"primaryImageOfPage":{"@id":"https:\/\/blog.holyart.it\/it\/santi-e-beati\/1-gennaio-maria-santissima-madre-dio\/#primaryimage"},"image":{"@id":"https:\/\/blog.holyart.it\/it\/santi-e-beati\/1-gennaio-maria-santissima-madre-dio\/#primaryimage"},"thumbnailUrl":"https:\/\/blog.holyart.it\/it\/wp-content\/uploads\/sites\/17\/2018\/01\/maria-santissima-madre-di-dio.jpg","datePublished":"2018-01-31T14:40:59+00:00","dateModified":"2022-07-25T10:53:56+00:00","description":"Il 1\u00b0 gennaio \u00e8 il giorno dedicato a Maria Santissima, un\u2019occasione in cui si celebra la duplice natura di Ges\u00f9, Dio e uomo, e la sua incarnazione in Maria","breadcrumb":{"@id":"https:\/\/blog.holyart.it\/it\/santi-e-beati\/1-gennaio-maria-santissima-madre-dio\/#breadcrumb"},"inLanguage":"it-IT","potentialAction":[{"@type":"ReadAction","target":["https:\/\/blog.holyart.it\/it\/santi-e-beati\/1-gennaio-maria-santissima-madre-dio\/"]}]},{"@type":"ImageObject","inLanguage":"it-IT","@id":"https:\/\/blog.holyart.it\/it\/santi-e-beati\/1-gennaio-maria-santissima-madre-dio\/#primaryimage","url":"https:\/\/blog.holyart.it\/it\/wp-content\/uploads\/sites\/17\/2018\/01\/maria-santissima-madre-di-dio.jpg","contentUrl":"https:\/\/blog.holyart.it\/it\/wp-content\/uploads\/sites\/17\/2018\/01\/maria-santissima-madre-di-dio.jpg","width":1000,"height":666,"caption":"maria santissima madre di dio"},{"@type":"BreadcrumbList","@id":"https:\/\/blog.holyart.it\/it\/santi-e-beati\/1-gennaio-maria-santissima-madre-dio\/#breadcrumb","itemListElement":[{"@type":"ListItem","position":1,"name":"Homepage","item":"https:\/\/blog.holyart.it\/it\/"},{"@type":"ListItem","position":2,"name":"Santi e beati","item":"https:\/\/blog.holyart.it\/it\/santi-e-beati\/"},{"@type":"ListItem","position":3,"name":"1 Gennaio Maria Santissima Madre di Dio"}]},{"@type":"WebSite","@id":"https:\/\/blog.holyart.it\/it\/#website","url":"https:\/\/blog.holyart.it\/it\/","name":"Holyblog","description":"Il Blog di Holyart.it","publisher":{"@id":"https:\/\/blog.holyart.it\/it\/#organization"},"potentialAction":[{"@type":"SearchAction","target":{"@type":"EntryPoint","urlTemplate":"https:\/\/blog.holyart.it\/it\/?s={search_term_string}"},"query-input":{"@type":"PropertyValueSpecification","valueRequired":true,"valueName":"search_term_string"}}],"inLanguage":"it-IT"},{"@type":"Organization","@id":"https:\/\/blog.holyart.it\/it\/#organization","name":"Holyblog","url":"https:\/\/blog.holyart.it\/it\/","logo":{"@type":"ImageObject","inLanguage":"it-IT","@id":"https:\/\/blog.holyart.it\/it\/#\/schema\/logo\/image\/","url":"https:\/\/blog.holyart.it\/it\/wp-content\/uploads\/sites\/17\/2022\/12\/Holyart_Blog_Logo.jpg","contentUrl":"https:\/\/blog.holyart.it\/it\/wp-content\/uploads\/sites\/17\/2022\/12\/Holyart_Blog_Logo.jpg","width":300,"height":50,"caption":"Holyblog"},"image":{"@id":"https:\/\/blog.holyart.it\/it\/#\/schema\/logo\/image\/"}},{"@type":"Person","@id":"https:\/\/blog.holyart.it\/it\/#\/schema\/person\/0a7b686e5af0f856ec1e390dd0baecda","name":"Redazione"}]}},"_links":{"self":[{"href":"https:\/\/blog.holyart.it\/it\/wp-json\/wp\/v2\/posts\/2047","targetHints":{"allow":["GET"]}}],"collection":[{"href":"https:\/\/blog.holyart.it\/it\/wp-json\/wp\/v2\/posts"}],"about":[{"href":"https:\/\/blog.holyart.it\/it\/wp-json\/wp\/v2\/types\/post"}],"author":[{"embeddable":true,"href":"https:\/\/blog.holyart.it\/it\/wp-json\/wp\/v2\/users\/1"}],"replies":[{"embeddable":true,"href":"https:\/\/blog.holyart.it\/it\/wp-json\/wp\/v2\/comments?post=2047"}],"version-history":[{"count":0,"href":"https:\/\/blog.holyart.it\/it\/wp-json\/wp\/v2\/posts\/2047\/revisions"}],"wp:featuredmedia":[{"embeddable":true,"href":"https:\/\/blog.holyart.it\/it\/wp-json\/wp\/v2\/media\/16035"}],"wp:attachment":[{"href":"https:\/\/blog.holyart.it\/it\/wp-json\/wp\/v2\/media?parent=2047"}],"wp:term":[{"taxonomy":"category","embeddable":true,"href":"https:\/\/blog.holyart.it\/it\/wp-json\/wp\/v2\/categories?post=2047"},{"taxonomy":"post_tag","embeddable":true,"href":"https:\/\/blog.holyart.it\/it\/wp-json\/wp\/v2\/tags?post=2047"}],"curies":[{"name":"wp","href":"https:\/\/api.w.org\/{rel}","templated":true}]}}