{"id":20329,"date":"2024-08-14T10:00:04","date_gmt":"2024-08-14T08:00:04","guid":{"rendered":"https:\/\/blog.holyart.it\/it\/?p=20329"},"modified":"2024-07-31T16:43:15","modified_gmt":"2024-07-31T14:43:15","slug":"massimiliano-maria-kolbe-un-eroe-della-carita-cristiana","status":"publish","type":"post","link":"https:\/\/blog.holyart.it\/it\/santi-e-beati\/massimiliano-maria-kolbe-un-eroe-della-carita-cristiana\/","title":{"rendered":"Massimiliano Maria Kolbe: un eroe della carit\u00e0 cristiana"},"content":{"rendered":"<h4>Il 14 agosto la Chiesa ricorda Massimiliano Maria Kolbe, sacerdote e Martire dell&#8217;Amore, Cavaliere dell&#8217;Immacolata, che sacrific\u00f2 la propria vita ad Auschwitz per permettere a un uomo di tornare dalla propria famiglia. Ecco la sua storia e il suo retaggio<\/h4>\n<p>Quando parliamo di Santi e soprattutto di martiri della Chiesa cattolica, il nostro primo pensiero va a figure di uomini e donne dell&#8217;antichit\u00e0, i cui volti abbiamo visto infinite volte in quadri e affreschi, o immortalati da abili scultori nel legno e nel marmo. Perch\u00e9 l&#8217;idea che qualcuno possa morire per amore al giorno d&#8217;oggi sembra relegata al concetto di amore romantico che si legge nei romanzi e di cui parlano vecchie canzoni d&#8217;amore. Eppure i\u00a0<strong><a href=\"https:\/\/www.holyart.it\/blog\/santi-e-beati\/santi-martiri-sacrificare-la-propria-vita-in-nome-di-dio\/\">Santi Martiri<\/a> <\/strong>sono stati torturati e uccisi proprio per amore, per aver rivendicato con troppa passione, troppa convinzione la loro fede e la loro profonda devozione a Dio, o si sono sacrificati per salvare altri uomini e donne, immolandosi al loro posto. \u00c8 quello che ha fatto\u00a0<strong>San Massimiliano Maria Kolbe<\/strong>, Sacerdote e\u00a0<strong><em>Martire dell&#8217;Amore<\/em><\/strong>, come lo ha definito papa Paolo VI, che lo ha beatificato nel 1971. E non parliamo di un uomo vissuto secoli fa, in un mondo completamente diverso da quello che conosciamo, in cui la fede cristiana era ancora soggetta a persecuzioni e chi la praticava veniva torturato e ucciso per ordine di Re e imperatori.<\/p>\n<div class=\"link-article\">\n<p><img loading=\"lazy\" decoding=\"async\" class=\"size-full wp-image-20332 alignleft\" src=\"https:\/\/blog.holyart.it\/it\/wp-content\/uploads\/sites\/17\/2024\/07\/Santi-martiri.jpg\" alt=\"Santi martiri\" width=\"150\" height=\"99\" data-kale-share-title=\"Massimiliano Maria Kolbe: un eroe della carit\u00e0 cristiana\" data-kale-share-url=\"https:\/\/blog.holyart.it\/it\/?p=20329\" \/><\/p>\n<div class=\"leggi-anche\">Leggi anche:<\/div>\n<p><strong><a href=\"https:\/\/www.holyart.it\/blog\/santi-e-beati\/santi-martiri-sacrificare-la-propria-vita-in-nome-di-dio\/\">Santi Martiri: sacrificare la propria vita in nome di Dio<\/a><\/strong><br \/>\nI Santi Martiri sono uomini e donne, spesso molto giovani, che hanno sacrificato la propria vita per amore di Dio&#8230;<\/p>\n<\/div>\n<p>San Massimiliano Maria Kolbe \u00e8 vissuto tra la fine dell&#8217;800 e la prima met\u00e0 del &#8216;900, attraversando due terribili Guerre Mondiali, durante le quali, e nonostante la sua salute cagionevole, si \u00e8 dedicato ad aiutare il prossimo, al punto da sacrificare la propria vita proprio per salvare quella di un altro uomo. Se, come abbiamo scritto in altri articoli, il martirio \u00e8 una\u00a0<strong>testimonianza suprema dell&#8217;amore per Dio<\/strong>, Padre Massimiliano Maria Kolbe ha dimostrato di essere un testimone eccezionale, con la sua vita e con la sua morte, tanto da essere annoverato come uno dei pi\u00f9 importanti Santi moderni, insieme a quelli pi\u00f9 recenti\u00a0<strong><a href=\"https:\/\/www.holyart.it\/blog\/santi-e-beati\/santi-moderni-le-canonizzazioni-di-papa-francesco\/\">canonizzati da Papa Francesco.<\/a><\/strong><\/p>\n<p>San Massimiliano Maria Kolbe nacque come Rajmund Kolbe il 7 gennaio 1894 a Zdu\u0144ska Wola, in Polonia, in una famiglia modesta. Ancora bambino, mentre frequentava la scuola media dei francescani a Leopoli, ebbe una\u00a0<strong>visione della Vergine Maria<\/strong>, che gli offr\u00ec due corone di fiori, una di gigli bianchi, simbolo di purezza, e una di rose rosse, simbolo del martirio. Rajmund le accett\u00f2 entrambe, vedendole come un segno della sua futura missione e forse fu gi\u00e0 da allora che decise di porre la\u00a0<strong>figura di Maria al centro della sua spiritualit\u00e0<\/strong>.<\/p>\n<div class=\"link-article\">\n<p><img loading=\"lazy\" decoding=\"async\" class=\"size-full wp-image-20333 alignleft\" src=\"https:\/\/blog.holyart.it\/it\/wp-content\/uploads\/sites\/17\/2024\/07\/santi-moderni.jpg\" alt=\"santi moderni\" width=\"150\" height=\"99\" data-kale-share-title=\"Massimiliano Maria Kolbe: un eroe della carit\u00e0 cristiana\" data-kale-share-url=\"https:\/\/blog.holyart.it\/it\/?p=20329\" \/><\/p>\n<div class=\"leggi-anche\">Leggi anche:<\/div>\n<p><strong><a href=\"https:\/\/www.holyart.it\/blog\/santi-e-beati\/santi-moderni-le-canonizzazioni-di-papa-francesco\/\">Santi moderni: le canonizzazioni di Papa Francesco negli ultimi anni<\/a><\/strong><br \/>\nI santi beati sono protagonisti della storia della Chiesa cattolica&#8230;<\/p>\n<\/div>\n<p>Nel 1910 entr\u00f2 come novizio nell&#8217;Ordine dei\u00a0<strong>Frati Minori Conventuali<\/strong>, istituto religioso maschile di diritto pontificio e ordine mendicante francescano. L&#8217;anno successivo, il 5 settembre 1911, dopo aver emesso la professione semplice, ovvero quella necessari ai novizi terminato il noviziato e prima di abbracciare la professione solenne, and\u00f2 a\u00a0<strong>studiare teologia e filosofia<\/strong>\u00a0prima a Cracovia, poi a\u00a0<strong>Roma<\/strong>. Qui approfond\u00ec il suo rapporto gi\u00e0 speciale con la Vergine, e fond\u00f2 la\u00a0<strong>Milizia dell&#8217;Immacolata (M.I.)<\/strong>, un&#8217;Associazione Pubblica Internazionale di diritto Pontificio che aveva come scopo quello di unire tutti i cristiani nel segno della Vergine Immacolata, che per Padre Kolbe diviene cos\u00ec simbolo assoluto dell&#8217;impegno per edificare il Regno di Dio in terra. La Milizia verr\u00e0 poi riconosciuta dal Pontificio Consiglio per i Laici il 16 ottobre 1997 e ancora oggi \u00e8 diffusa in molti Paesi, dove porta avanti gli intenti del fondatore San Massimiliano Kolbe.<\/p>\n<p>Il 28 aprile 1918 Massimiliano Kolbe ricevette l&#8217;<strong><a href=\"https:\/\/www.holyart.it\/blog\/articoli-religiosi\/ordinazione-presbiterale-sacerdoti\/\">ordinazione presbiteriale<\/a><\/strong>\u00a0nella basilica di Sant&#8217;Andrea della Valle. Terminati gli studi e tornato in Polonia, Padre Kolbe si distinse per la sua\u00a0<strong>attivit\u00e0 missionaria e giornalistica<\/strong>. Fond\u00f2 il\u00a0<strong>convento di Niepokalan\u00f3w<\/strong>, il cui nome significa &#8220;Citt\u00e0 di Maria&#8221;, &#8220;Propriet\u00e0 dell&#8217;Immacolata&#8221;, e che divenne un importante centro di evangelizzazione e di diffusione dei media cattolici. Il convento era dotato di una sua tipografia, da cui Kolbe lanci\u00f2\u00a0<strong>Il Cavaliere dell&#8217;Immacolata<\/strong>, rivista ufficiale della Milizia dell&#8217;Immacolata, che raggiunse una tiratura di oltre un milione di copie. Niepokalanow arriv\u00f2 a ospitare 762 frati-militi che vivevano in povert\u00e0 francescana, dedicandosi alla preghiera, alla scrittura, e alla stampa della rivista. La rivista trattava di apologetica, apparizioni mariane, rosario, medaglia miracolosa, confutazione degli errori dell&#8217;epoca e denunciava i nemici della Chiesa, con uno stile chiaro e diretto.<\/p>\n<div class=\"link-article\">\n<p><img loading=\"lazy\" decoding=\"async\" class=\"size-full wp-image-20335 alignleft\" src=\"https:\/\/blog.holyart.it\/it\/wp-content\/uploads\/sites\/17\/2024\/07\/ordinazione-presbiteriale.jpg\" alt=\"ordinazione presbiteriale\" width=\"150\" height=\"99\" data-kale-share-title=\"Massimiliano Maria Kolbe: un eroe della carit\u00e0 cristiana\" data-kale-share-url=\"https:\/\/blog.holyart.it\/it\/?p=20329\" \/><\/p>\n<div class=\"leggi-anche\">Leggi anche:<\/div>\n<p><strong><a href=\"https:\/\/www.holyart.it\/blog\/articoli-religiosi\/ordinazione-presbiterale-sacerdoti\/\">Ordinazione presbiterale: ecco come si diventa sacerdoti<\/a><\/strong><br \/>\nCon l\u2019Ordinazione Presbiterale un uomo diventa a tutti gli effetti un sacerdote. Ecco come si svolge il rito, come cambia la sua vita&#8230;<\/p>\n<\/div>\n<p>Nonostante la\u00a0<strong>salute minata dalla tubercolosi<\/strong>, Padre Kolbe si rec\u00f2 anche come missionario in\u00a0<strong>Giappone<\/strong>, dove costru\u00ec un convento a Nagasaki, il\u00a0<em>Mugenzai no Sono<\/em> &#8220;Giardino dell&#8217;Immacolata&#8221;, promosse la pubblicazione di una rivista e fond\u00f2 un seminario. Nel convento d Nagasaki, padre Kolbe volle creare una replica della grotta della Madonna di Lourdes. Nel 1945, dopo lo scoppio della bomba atomica, i frati trasformarono il monastero di Mugenzai-no-Sono in un rifugio per numerosi orfani.<\/p>\n<p>Con l&#8217;invasione della Polonia da parte della Germania nazista nel 1939, Niepokalan\u00f3w divenne un ospedale e un rifugio per migliaia di sfollati, compresi molti ebrei. Per questo, e per le idee che divulgava attraverso la sua rivista e le altre pubblicazioni, Padre Kolbe sub\u00ec una<strong>\u00a0crescente persecuzione<\/strong>, e alla fine venne arrestato e il 28 maggio 1941\u00a0<strong>fu internato nel campo di concentramento di<\/strong>\u00a0<strong>Auschwitz<\/strong>, numero di matricola 16670. Nel luglio dello stesso anno, un prigioniero fugg\u00ec dal campo e, come rappresaglia, il comandante nazista scelse dieci uomini da condannare al terribile\u00a0<strong>Bunker della Fame<\/strong>, una minuscola cella nel Blocco 11 nella quale i prigionieri venivano lasciati a morire di fame e sete. Uno dei prigionieri scelti, un militare di nome\u00a0<strong>Franciszek Gajowniczek<\/strong>, scoppi\u00f2 a piangere, implorando piet\u00e0 per s\u00e9 e la sua famiglia, e <a href=\"https:\/\/www.holyart.it\/it\/articoli-religiosi\/santini-e-biglietti-augurali\/santini\/santino-san-massimiliano-kolbe\"><strong>Padre Kolbe<\/strong><\/a> si offr\u00ec volontario per prendere il suo posto, dicendo:\u00a0<em>&#8220;Sono un sacerdote cattolico polacco. Voglio morire al posto di questo prigioniero.&#8221;<\/em><\/p>\n<div class=\"link-product\">\n<div class=\"blocco-immagine\"><img loading=\"lazy\" decoding=\"async\" class=\"size-full wp-image-20337 alignleft\" src=\"https:\/\/blog.holyart.it\/it\/wp-content\/uploads\/sites\/17\/2024\/07\/santino-san-massimiliano-kolbe.jpg\" alt=\"santino san massimiliano kolbe\" width=\"100\" height=\"100\" data-kale-share-title=\"Massimiliano Maria Kolbe: un eroe della carit\u00e0 cristiana\" data-kale-share-url=\"https:\/\/blog.holyart.it\/it\/?p=20329\" \/><\/div>\n<div class=\"blocco-contenuto\">\n<div class=\"blocco-acquista\">Acquista su Holyart:<\/div>\n<div class=\"blocco-titolo\"><a href=\"https:\/\/www.holyart.it\/it\/articoli-religiosi\/santini-e-biglietti-augurali\/santini\/santino-san-massimiliano-kolbe\">Santino San Massimiliano Kolbe<\/a><\/div>\n<div class=\"blocco-descrizione\">Santino realizzato da una litografia italiana con stampa ad alta definizione.<\/div>\n<\/div>\n<\/div>\n<p>L&#8217;agonia di Massimiliano Kolbe e dei suoi compagni dur\u00f2 per due settimane, durante le quali il presbitero continu\u00f2 a pregare e cantare per sostenere gli altri prigionieri. Dopo due settimane, quando le SS riaprirono la cella, quattro uomini erano rimasti in vita, e Padre Massimiliano era tra loro. I nazisti inviarono il capoblocco Hans Bock per uccidere i sopravvissuti con un\u2019iniezione di acido fenico. Franciszek Gajowniczek ha raccontato che Padre Kolbe disse a Hans Bock:\u00a0<em>&#8220;Lei non ha capito nulla della vita&#8230;l&#8217;odio non serve a niente&#8230; Solo l&#8217;amore crea!&#8221;\u00a0<\/em>E poi, mentre il suo aguzzino praticava l&#8217;iniezione mortale, mormor\u00f2:\u00a0<em>&#8220;Ave Maria.&#8221;<\/em><br \/>\nEra il 14 agosto 1941, Massimiliano Maria Kolbe aveva 47 anni e mor\u00ec per amore, solo per amore. Il giorno successivo, il suo corpo venne cremato nel forno crematorio e le sue ceneri volarono nel vento.<\/p>\n<p>Il sacrificio di San Massimiliano Kolbe non fu dimenticato. Beatificato da Papa Paolo VI nel 1971, fu canonizzato da <strong><a href=\"https:\/\/www.holyart.it\/it\/occasioni-speciali\/giovanni-paolo-ii\">Papa Giovanni Paolo II<\/a><\/strong> nel 1982. Durante la cerimonia, Franciszek Gajowniczek era presente, a testimoniare l&#8217;atto supremo di amore di Kolbe. Giovanni Paolo II lo proclam\u00f2<em>\u00a0martire della carit\u00e0<\/em>, riconoscendo che il suo sacrificio rappresentava il pi\u00f9 alto esempio di amore cristiano.<\/p>\n<p>San Massimiliano Maria Kolbe \u00e8 oggi venerato non solo come martire, ma anche come\u00a0<strong>patrono dei giornalisti cattolici e dei radioamatori<\/strong>. La sua memoria liturgica cade il\u00a0<strong>14 agosto<\/strong>.<\/p>\n<div class=\"link-product\">\n<div class=\"blocco-immagine\"><img loading=\"lazy\" decoding=\"async\" class=\"size-full wp-image-20338 alignleft\" src=\"https:\/\/blog.holyart.it\/it\/wp-content\/uploads\/sites\/17\/2024\/07\/statua-papa-giovanni-paolo-ii-occhi-di-vetro-cm-170-vetroresina.jpg\" alt=\"statua papa giovanni paolo ii occhi di vetro cm 170 vetroresina\" width=\"100\" height=\"100\" data-kale-share-title=\"Massimiliano Maria Kolbe: un eroe della carit\u00e0 cristiana\" data-kale-share-url=\"https:\/\/blog.holyart.it\/it\/?p=20329\" \/><\/div>\n<div class=\"blocco-contenuto\">\n<div class=\"blocco-acquista\">Acquista su Holyart:<\/div>\n<div class=\"blocco-titolo\"><a href=\"https:\/\/www.holyart.it\/it\/occasioni-speciali\/giovanni-paolo-ii\">Giovanni Paolo II<\/a><\/div>\n<div class=\"blocco-descrizione\">Giovanni Paolo II: in occasione della sua beatificazione abbiamo creato un reparto interamente dedicato a lui.<\/div>\n<\/div>\n<\/div>\n","protected":false},"excerpt":{"rendered":"<p>Il 14 agosto la Chiesa ricorda Massimiliano Maria Kolbe, sacerdote e Martire dell&#8217;Amore, Cavaliere dell&#8217;Immacolata, che sacrific\u00f2 la propria vita ad Auschwitz per permettere a un uomo di tornare dalla propria famiglia. Ecco la sua storia e il suo retaggio Quando parliamo di Santi e&hellip;<\/p>\n","protected":false},"author":1,"featured_media":20341,"comment_status":"closed","ping_status":"open","sticky":false,"template":"","format":"standard","meta":{"_acf_changed":false,"footnotes":""},"categories":[15],"tags":[],"class_list":["post-20329","post","type-post","status-publish","format-standard","has-post-thumbnail","hentry","category-santi-e-beati"],"acf":[],"yoast_head":"<!-- This site is optimized with the Yoast SEO plugin v26.6 - https:\/\/yoast.com\/wordpress\/plugins\/seo\/ -->\n<title>Massimiliano Maria Kolbe: un eroe della carit\u00e0 cristiana - Holyblog<\/title>\n<meta name=\"description\" content=\"Massimiliano Maria Kolbe dedic\u00f2 la propria breve esistenza alla Vergine Immacolata e mor\u00ec ad Auschwitz per salvare la vita a un altro uomo.\" \/>\n<meta name=\"robots\" content=\"index, follow, max-snippet:-1, max-image-preview:large, max-video-preview:-1\" \/>\n<link rel=\"canonical\" href=\"https:\/\/blog.holyart.it\/it\/santi-e-beati\/massimiliano-maria-kolbe-un-eroe-della-carita-cristiana\/\" \/>\n<meta property=\"og:locale\" content=\"it_IT\" \/>\n<meta property=\"og:type\" content=\"article\" \/>\n<meta property=\"og:title\" content=\"Massimiliano Maria Kolbe: un eroe della carit\u00e0 cristiana - Holyblog\" \/>\n<meta property=\"og:description\" content=\"Massimiliano Maria Kolbe dedic\u00f2 la propria breve esistenza alla Vergine Immacolata e mor\u00ec ad Auschwitz per salvare la vita a un altro uomo.\" \/>\n<meta property=\"og:url\" content=\"https:\/\/blog.holyart.it\/it\/santi-e-beati\/massimiliano-maria-kolbe-un-eroe-della-carita-cristiana\/\" \/>\n<meta property=\"og:site_name\" content=\"Holyblog\" \/>\n<meta property=\"article:published_time\" content=\"2024-08-14T08:00:04+00:00\" \/>\n<meta property=\"og:image\" content=\"https:\/\/blog.holyart.it\/it\/wp-content\/uploads\/sites\/17\/2024\/07\/massimiliano-maria-kolbe.jpg\" \/>\n\t<meta property=\"og:image:width\" content=\"1000\" \/>\n\t<meta property=\"og:image:height\" content=\"666\" \/>\n\t<meta property=\"og:image:type\" content=\"image\/jpeg\" \/>\n<meta name=\"author\" content=\"Redazione\" \/>\n<meta name=\"twitter:card\" content=\"summary_large_image\" \/>\n<meta name=\"twitter:label1\" content=\"Scritto da\" \/>\n\t<meta name=\"twitter:data1\" content=\"Redazione\" \/>\n\t<meta name=\"twitter:label2\" content=\"Tempo di lettura stimato\" \/>\n\t<meta name=\"twitter:data2\" content=\"9 minuti\" \/>\n<script type=\"application\/ld+json\" class=\"yoast-schema-graph\">{\"@context\":\"https:\/\/schema.org\",\"@graph\":[{\"@type\":\"Article\",\"@id\":\"https:\/\/blog.holyart.it\/it\/santi-e-beati\/massimiliano-maria-kolbe-un-eroe-della-carita-cristiana\/#article\",\"isPartOf\":{\"@id\":\"https:\/\/blog.holyart.it\/it\/santi-e-beati\/massimiliano-maria-kolbe-un-eroe-della-carita-cristiana\/\"},\"author\":{\"name\":\"Redazione\",\"@id\":\"https:\/\/blog.holyart.it\/it\/#\/schema\/person\/0a7b686e5af0f856ec1e390dd0baecda\"},\"headline\":\"Massimiliano Maria Kolbe: un eroe della carit\u00e0 cristiana\",\"datePublished\":\"2024-08-14T08:00:04+00:00\",\"mainEntityOfPage\":{\"@id\":\"https:\/\/blog.holyart.it\/it\/santi-e-beati\/massimiliano-maria-kolbe-un-eroe-della-carita-cristiana\/\"},\"wordCount\":1280,\"publisher\":{\"@id\":\"https:\/\/blog.holyart.it\/it\/#organization\"},\"image\":{\"@id\":\"https:\/\/blog.holyart.it\/it\/santi-e-beati\/massimiliano-maria-kolbe-un-eroe-della-carita-cristiana\/#primaryimage\"},\"thumbnailUrl\":\"https:\/\/blog.holyart.it\/it\/wp-content\/uploads\/sites\/17\/2024\/07\/massimiliano-maria-kolbe.jpg\",\"articleSection\":[\"Santi e beati\"],\"inLanguage\":\"it-IT\"},{\"@type\":\"WebPage\",\"@id\":\"https:\/\/blog.holyart.it\/it\/santi-e-beati\/massimiliano-maria-kolbe-un-eroe-della-carita-cristiana\/\",\"url\":\"https:\/\/blog.holyart.it\/it\/santi-e-beati\/massimiliano-maria-kolbe-un-eroe-della-carita-cristiana\/\",\"name\":\"Massimiliano Maria Kolbe: un eroe della carit\u00e0 cristiana - Holyblog\",\"isPartOf\":{\"@id\":\"https:\/\/blog.holyart.it\/it\/#website\"},\"primaryImageOfPage\":{\"@id\":\"https:\/\/blog.holyart.it\/it\/santi-e-beati\/massimiliano-maria-kolbe-un-eroe-della-carita-cristiana\/#primaryimage\"},\"image\":{\"@id\":\"https:\/\/blog.holyart.it\/it\/santi-e-beati\/massimiliano-maria-kolbe-un-eroe-della-carita-cristiana\/#primaryimage\"},\"thumbnailUrl\":\"https:\/\/blog.holyart.it\/it\/wp-content\/uploads\/sites\/17\/2024\/07\/massimiliano-maria-kolbe.jpg\",\"datePublished\":\"2024-08-14T08:00:04+00:00\",\"description\":\"Massimiliano Maria Kolbe dedic\u00f2 la propria breve esistenza alla Vergine Immacolata e mor\u00ec ad Auschwitz per salvare la vita a un altro uomo.\",\"breadcrumb\":{\"@id\":\"https:\/\/blog.holyart.it\/it\/santi-e-beati\/massimiliano-maria-kolbe-un-eroe-della-carita-cristiana\/#breadcrumb\"},\"inLanguage\":\"it-IT\",\"potentialAction\":[{\"@type\":\"ReadAction\",\"target\":[\"https:\/\/blog.holyart.it\/it\/santi-e-beati\/massimiliano-maria-kolbe-un-eroe-della-carita-cristiana\/\"]}]},{\"@type\":\"ImageObject\",\"inLanguage\":\"it-IT\",\"@id\":\"https:\/\/blog.holyart.it\/it\/santi-e-beati\/massimiliano-maria-kolbe-un-eroe-della-carita-cristiana\/#primaryimage\",\"url\":\"https:\/\/blog.holyart.it\/it\/wp-content\/uploads\/sites\/17\/2024\/07\/massimiliano-maria-kolbe.jpg\",\"contentUrl\":\"https:\/\/blog.holyart.it\/it\/wp-content\/uploads\/sites\/17\/2024\/07\/massimiliano-maria-kolbe.jpg\",\"width\":1000,\"height\":666,\"caption\":\"massimiliano maria kolbe\"},{\"@type\":\"BreadcrumbList\",\"@id\":\"https:\/\/blog.holyart.it\/it\/santi-e-beati\/massimiliano-maria-kolbe-un-eroe-della-carita-cristiana\/#breadcrumb\",\"itemListElement\":[{\"@type\":\"ListItem\",\"position\":1,\"name\":\"Homepage\",\"item\":\"https:\/\/blog.holyart.it\/it\/\"},{\"@type\":\"ListItem\",\"position\":2,\"name\":\"Santi e beati\",\"item\":\"https:\/\/blog.holyart.it\/it\/santi-e-beati\/\"},{\"@type\":\"ListItem\",\"position\":3,\"name\":\"Massimiliano Maria Kolbe: un eroe della carit\u00e0 cristiana\"}]},{\"@type\":\"WebSite\",\"@id\":\"https:\/\/blog.holyart.it\/it\/#website\",\"url\":\"https:\/\/blog.holyart.it\/it\/\",\"name\":\"Holyblog\",\"description\":\"Il Blog di Holyart.it\",\"publisher\":{\"@id\":\"https:\/\/blog.holyart.it\/it\/#organization\"},\"potentialAction\":[{\"@type\":\"SearchAction\",\"target\":{\"@type\":\"EntryPoint\",\"urlTemplate\":\"https:\/\/blog.holyart.it\/it\/?s={search_term_string}\"},\"query-input\":{\"@type\":\"PropertyValueSpecification\",\"valueRequired\":true,\"valueName\":\"search_term_string\"}}],\"inLanguage\":\"it-IT\"},{\"@type\":\"Organization\",\"@id\":\"https:\/\/blog.holyart.it\/it\/#organization\",\"name\":\"Holyblog\",\"url\":\"https:\/\/blog.holyart.it\/it\/\",\"logo\":{\"@type\":\"ImageObject\",\"inLanguage\":\"it-IT\",\"@id\":\"https:\/\/blog.holyart.it\/it\/#\/schema\/logo\/image\/\",\"url\":\"https:\/\/blog.holyart.it\/it\/wp-content\/uploads\/sites\/17\/2022\/12\/Holyart_Blog_Logo.jpg\",\"contentUrl\":\"https:\/\/blog.holyart.it\/it\/wp-content\/uploads\/sites\/17\/2022\/12\/Holyart_Blog_Logo.jpg\",\"width\":300,\"height\":50,\"caption\":\"Holyblog\"},\"image\":{\"@id\":\"https:\/\/blog.holyart.it\/it\/#\/schema\/logo\/image\/\"}},{\"@type\":\"Person\",\"@id\":\"https:\/\/blog.holyart.it\/it\/#\/schema\/person\/0a7b686e5af0f856ec1e390dd0baecda\",\"name\":\"Redazione\"}]}<\/script>\n<!-- \/ Yoast SEO plugin. -->","yoast_head_json":{"title":"Massimiliano Maria Kolbe: un eroe della carit\u00e0 cristiana - Holyblog","description":"Massimiliano Maria Kolbe dedic\u00f2 la propria breve esistenza alla Vergine Immacolata e mor\u00ec ad Auschwitz per salvare la vita a un altro uomo.","robots":{"index":"index","follow":"follow","max-snippet":"max-snippet:-1","max-image-preview":"max-image-preview:large","max-video-preview":"max-video-preview:-1"},"canonical":"https:\/\/blog.holyart.it\/it\/santi-e-beati\/massimiliano-maria-kolbe-un-eroe-della-carita-cristiana\/","og_locale":"it_IT","og_type":"article","og_title":"Massimiliano Maria Kolbe: un eroe della carit\u00e0 cristiana - Holyblog","og_description":"Massimiliano Maria Kolbe dedic\u00f2 la propria breve esistenza alla Vergine Immacolata e mor\u00ec ad Auschwitz per salvare la vita a un altro uomo.","og_url":"https:\/\/blog.holyart.it\/it\/santi-e-beati\/massimiliano-maria-kolbe-un-eroe-della-carita-cristiana\/","og_site_name":"Holyblog","article_published_time":"2024-08-14T08:00:04+00:00","og_image":[{"width":1000,"height":666,"url":"https:\/\/blog.holyart.it\/it\/wp-content\/uploads\/sites\/17\/2024\/07\/massimiliano-maria-kolbe.jpg","type":"image\/jpeg"}],"author":"Redazione","twitter_card":"summary_large_image","twitter_misc":{"Scritto da":"Redazione","Tempo di lettura stimato":"9 minuti"},"schema":{"@context":"https:\/\/schema.org","@graph":[{"@type":"Article","@id":"https:\/\/blog.holyart.it\/it\/santi-e-beati\/massimiliano-maria-kolbe-un-eroe-della-carita-cristiana\/#article","isPartOf":{"@id":"https:\/\/blog.holyart.it\/it\/santi-e-beati\/massimiliano-maria-kolbe-un-eroe-della-carita-cristiana\/"},"author":{"name":"Redazione","@id":"https:\/\/blog.holyart.it\/it\/#\/schema\/person\/0a7b686e5af0f856ec1e390dd0baecda"},"headline":"Massimiliano Maria Kolbe: un eroe della carit\u00e0 cristiana","datePublished":"2024-08-14T08:00:04+00:00","mainEntityOfPage":{"@id":"https:\/\/blog.holyart.it\/it\/santi-e-beati\/massimiliano-maria-kolbe-un-eroe-della-carita-cristiana\/"},"wordCount":1280,"publisher":{"@id":"https:\/\/blog.holyart.it\/it\/#organization"},"image":{"@id":"https:\/\/blog.holyart.it\/it\/santi-e-beati\/massimiliano-maria-kolbe-un-eroe-della-carita-cristiana\/#primaryimage"},"thumbnailUrl":"https:\/\/blog.holyart.it\/it\/wp-content\/uploads\/sites\/17\/2024\/07\/massimiliano-maria-kolbe.jpg","articleSection":["Santi e beati"],"inLanguage":"it-IT"},{"@type":"WebPage","@id":"https:\/\/blog.holyart.it\/it\/santi-e-beati\/massimiliano-maria-kolbe-un-eroe-della-carita-cristiana\/","url":"https:\/\/blog.holyart.it\/it\/santi-e-beati\/massimiliano-maria-kolbe-un-eroe-della-carita-cristiana\/","name":"Massimiliano Maria Kolbe: un eroe della carit\u00e0 cristiana - Holyblog","isPartOf":{"@id":"https:\/\/blog.holyart.it\/it\/#website"},"primaryImageOfPage":{"@id":"https:\/\/blog.holyart.it\/it\/santi-e-beati\/massimiliano-maria-kolbe-un-eroe-della-carita-cristiana\/#primaryimage"},"image":{"@id":"https:\/\/blog.holyart.it\/it\/santi-e-beati\/massimiliano-maria-kolbe-un-eroe-della-carita-cristiana\/#primaryimage"},"thumbnailUrl":"https:\/\/blog.holyart.it\/it\/wp-content\/uploads\/sites\/17\/2024\/07\/massimiliano-maria-kolbe.jpg","datePublished":"2024-08-14T08:00:04+00:00","description":"Massimiliano Maria Kolbe dedic\u00f2 la propria breve esistenza alla Vergine Immacolata e mor\u00ec ad Auschwitz per salvare la vita a un altro uomo.","breadcrumb":{"@id":"https:\/\/blog.holyart.it\/it\/santi-e-beati\/massimiliano-maria-kolbe-un-eroe-della-carita-cristiana\/#breadcrumb"},"inLanguage":"it-IT","potentialAction":[{"@type":"ReadAction","target":["https:\/\/blog.holyart.it\/it\/santi-e-beati\/massimiliano-maria-kolbe-un-eroe-della-carita-cristiana\/"]}]},{"@type":"ImageObject","inLanguage":"it-IT","@id":"https:\/\/blog.holyart.it\/it\/santi-e-beati\/massimiliano-maria-kolbe-un-eroe-della-carita-cristiana\/#primaryimage","url":"https:\/\/blog.holyart.it\/it\/wp-content\/uploads\/sites\/17\/2024\/07\/massimiliano-maria-kolbe.jpg","contentUrl":"https:\/\/blog.holyart.it\/it\/wp-content\/uploads\/sites\/17\/2024\/07\/massimiliano-maria-kolbe.jpg","width":1000,"height":666,"caption":"massimiliano maria kolbe"},{"@type":"BreadcrumbList","@id":"https:\/\/blog.holyart.it\/it\/santi-e-beati\/massimiliano-maria-kolbe-un-eroe-della-carita-cristiana\/#breadcrumb","itemListElement":[{"@type":"ListItem","position":1,"name":"Homepage","item":"https:\/\/blog.holyart.it\/it\/"},{"@type":"ListItem","position":2,"name":"Santi e beati","item":"https:\/\/blog.holyart.it\/it\/santi-e-beati\/"},{"@type":"ListItem","position":3,"name":"Massimiliano Maria Kolbe: un eroe della carit\u00e0 cristiana"}]},{"@type":"WebSite","@id":"https:\/\/blog.holyart.it\/it\/#website","url":"https:\/\/blog.holyart.it\/it\/","name":"Holyblog","description":"Il Blog di Holyart.it","publisher":{"@id":"https:\/\/blog.holyart.it\/it\/#organization"},"potentialAction":[{"@type":"SearchAction","target":{"@type":"EntryPoint","urlTemplate":"https:\/\/blog.holyart.it\/it\/?s={search_term_string}"},"query-input":{"@type":"PropertyValueSpecification","valueRequired":true,"valueName":"search_term_string"}}],"inLanguage":"it-IT"},{"@type":"Organization","@id":"https:\/\/blog.holyart.it\/it\/#organization","name":"Holyblog","url":"https:\/\/blog.holyart.it\/it\/","logo":{"@type":"ImageObject","inLanguage":"it-IT","@id":"https:\/\/blog.holyart.it\/it\/#\/schema\/logo\/image\/","url":"https:\/\/blog.holyart.it\/it\/wp-content\/uploads\/sites\/17\/2022\/12\/Holyart_Blog_Logo.jpg","contentUrl":"https:\/\/blog.holyart.it\/it\/wp-content\/uploads\/sites\/17\/2022\/12\/Holyart_Blog_Logo.jpg","width":300,"height":50,"caption":"Holyblog"},"image":{"@id":"https:\/\/blog.holyart.it\/it\/#\/schema\/logo\/image\/"}},{"@type":"Person","@id":"https:\/\/blog.holyart.it\/it\/#\/schema\/person\/0a7b686e5af0f856ec1e390dd0baecda","name":"Redazione"}]}},"_links":{"self":[{"href":"https:\/\/blog.holyart.it\/it\/wp-json\/wp\/v2\/posts\/20329","targetHints":{"allow":["GET"]}}],"collection":[{"href":"https:\/\/blog.holyart.it\/it\/wp-json\/wp\/v2\/posts"}],"about":[{"href":"https:\/\/blog.holyart.it\/it\/wp-json\/wp\/v2\/types\/post"}],"author":[{"embeddable":true,"href":"https:\/\/blog.holyart.it\/it\/wp-json\/wp\/v2\/users\/1"}],"replies":[{"embeddable":true,"href":"https:\/\/blog.holyart.it\/it\/wp-json\/wp\/v2\/comments?post=20329"}],"version-history":[{"count":6,"href":"https:\/\/blog.holyart.it\/it\/wp-json\/wp\/v2\/posts\/20329\/revisions"}],"predecessor-version":[{"id":20340,"href":"https:\/\/blog.holyart.it\/it\/wp-json\/wp\/v2\/posts\/20329\/revisions\/20340"}],"wp:featuredmedia":[{"embeddable":true,"href":"https:\/\/blog.holyart.it\/it\/wp-json\/wp\/v2\/media\/20341"}],"wp:attachment":[{"href":"https:\/\/blog.holyart.it\/it\/wp-json\/wp\/v2\/media?parent=20329"}],"wp:term":[{"taxonomy":"category","embeddable":true,"href":"https:\/\/blog.holyart.it\/it\/wp-json\/wp\/v2\/categories?post=20329"},{"taxonomy":"post_tag","embeddable":true,"href":"https:\/\/blog.holyart.it\/it\/wp-json\/wp\/v2\/tags?post=20329"}],"curies":[{"name":"wp","href":"https:\/\/api.w.org\/{rel}","templated":true}]}}