{"id":20233,"date":"2024-08-05T10:00:04","date_gmt":"2024-08-05T08:00:04","guid":{"rendered":"https:\/\/blog.holyart.it\/it\/?p=20233"},"modified":"2025-08-12T17:12:11","modified_gmt":"2025-08-12T15:12:11","slug":"bolla-di-indizione-del-giubileo-2025-ecco-di-cosa-parla","status":"publish","type":"post","link":"https:\/\/blog.holyart.it\/it\/giubileo-2025\/bolla-di-indizione-del-giubileo-2025-ecco-di-cosa-parla\/","title":{"rendered":"Bolla di indizione del Giubileo 2025: ecco di cosa parla"},"content":{"rendered":"<h4>Il 9 maggio 2024 Papa Francesco ha letto la bolla di indizione del Giubileo 2025 intitolata Spes non confundit. Ecco che cosa contiene e su quali argomenti si sofferma<\/h4>\n\n<p>Il\u00a0<strong><a href=\"https:\/\/www.holyart.it\/blog\/articoli-religiosi\/cose-il-giubileo-prepariamoci-a-un-nuovo-anno-santo\/\">Giubileo 2025<\/a><\/strong>\u00a0\u00e8 sempre pi\u00f9 vicino, e cerchiamo di farci trovare pronti. Avete gi\u00e0 visionato il\u00a0<strong><a href=\"https:\/\/www.holyart.it\/blog\/articoli-religiosi\/il-calendario-degli-eventi-del-giubileo-2025\/\">Calendario del Giubileo<\/a><\/strong>, con tutti gli eventi imperdibili che si terranno a Roma e nel mondo? Avete organizzato un pellegrinaggio, magari il famoso\u00a0<strong><a href=\"https:\/\/www.holyart.it\/blog\/articoli-religiosi\/giro-delle-sette-chiese-itinerari-di-pellegrinaggio-per-il-giubileo\/\">Giro delle Sette Chiese<\/a><\/strong>? O semplicemente vi state preparando con la\u00a0<strong><a href=\"https:\/\/www.holyart.it\/blog\/giubileo-2025\/prepariamoci-allanno-santo-con-la-preghiera-del-giubileo\/\">Preghiera speciale del Giubileo<\/a><\/strong>? Oggi scopriamo qualcosa in pi\u00f9 sulla\u00a0<strong>Bolla di indizione del Giubileo<\/strong>, il documento con il quale Papa Francesco ha aperto ufficialmente il Giubileo del 2025. Il Giubileo \u00e8 stato infatti annunciato dal Santo Padre con la lettura della <strong><a href=\"https:\/\/www.holyart.it\/it\/giubileo-2025-pellegrini-di-speranza\/articoli-per-chiese-e-liturgia-giubileo-2025\/spes-non-confundit-bolla-di-indizione-del-giubileo-ordinario\">Bolla Pontificia intitolata\u00a0<em>Spes non confundit<\/em><\/a><\/strong>, il\u00a0<strong>9 maggio 2024<\/strong>, durante una solenne cerimonia di consegna nell&#8217;atrio della Basilica di San Pietro in Vaticano. Il titolo della Bolla significa\u00a0<strong><em>&#8220;La speranza non delude&#8221;<\/em><\/strong>, e il documento stabilisce le linee guida e le intenzioni spirituali per l&#8217;Anno Santo 2025, richiamando i fedeli di tutto il mondo a vivere un periodo di rinnovamento e riconciliazione.<\/p>\n<div class=\"link-article\">\n<p><img loading=\"lazy\" decoding=\"async\" class=\"size-full wp-image-20235 alignleft\" src=\"https:\/\/blog.holyart.it\/it\/wp-content\/uploads\/sites\/17\/2024\/07\/giubileo-2025.jpg\" alt=\"giubileo 2025\" width=\"150\" height=\"99\" data-kale-share-title=\"Bolla di indizione del Giubileo 2025: ecco di cosa parla!\" data-kale-share-url=\"https:\/\/blog.holyart.it\/it\/?p=20233\" \/><\/p>\n<div class=\"leggi-anche\">Leggi anche:<\/div>\n<p><strong><a href=\"https:\/\/www.holyart.it\/blog\/articoli-religiosi\/il-calendario-degli-eventi-del-giubileo-2025\/\">Il calendario degli eventi del Giubileo 2025<\/a><\/strong><br \/>\n\u00c8 stato pubblicato il calendario degli eventi del Giubileo 2025, dodici mesi di eventi e occasioni per approfondire la fede&#8230;<\/p>\n<\/div>\n<p>Ma cos&#8217;\u00e8 la Bolla d\u2019Indizione del Giubileo?<br \/>\nPi\u00f9 in generale, con\u00a0<strong>Bolla Pontificia<\/strong>, o Bolla papale si indica un documento ufficiale del Papa, emesso in forma scritta dalla Curia romana e caratterizzato dal sigillo del Pontefice. Proprio dal sigillo metallico, la\u00a0<em>bulla<\/em>, deriva il nome dell&#8217;intero documento.<br \/>\nLa\u00a0<strong>Bolla Pontificia d\u2019Indizione<\/strong>\u00a0\u00e8 il documento ufficiale emesso dal Papa\u00a0<strong>per annunciare e sancire l&#8217;inizio di un Giubileo<\/strong>. La Bolla contiene informazioni dettagliate\u00a0<strong>sulle modalit\u00e0, gli obiettivi e le condizioni<\/strong>\u00a0per vivere pienamente il periodo giubilare e per ottenere le\u00a0<strong><a href=\"https:\/\/www.holyart.it\/blog\/articoli-religiosi\/indulgenza-plenaria-significato-origini-e-come-ottenerla\/\">indulgenze<\/a>\u00a0<\/strong>durante il Giubileo. Il\u00a0<strong>primo Giubileo<\/strong>\u00a0ufficiale fu indetto da Papa Bonifacio VIII nel 1300 con la Bolla di indizione\u00a0<em>Antiquorum habet<\/em>. Da allora, ogni Giubileo ordinario, che si celebra ogni 25 anni, e quelli straordinari, vengono annunciati con una Bolla. Questo documento non solo comunica la data di inizio e fine del Giubileo, ma invita anche i fedeli alla penitenza, alla preghiera e alla carit\u00e0. La Bolla papale \u00e8 identificata dalle sue parole iniziali.<\/p>\n<div class=\"link-product\">\n<div class=\"blocco-immagine\"><img loading=\"lazy\" decoding=\"async\" class=\"size-full wp-image-20236 alignleft\" src=\"https:\/\/blog.holyart.it\/it\/wp-content\/uploads\/sites\/17\/2024\/07\/spes-non-confundit-bolla-di-indizione-del-giubileo-ordinario.jpg\" alt=\"spes non confundit bolla di indizione del giubileo ordinario\" width=\"100\" height=\"100\" data-kale-share-title=\"Bolla di indizione del Giubileo 2025: ecco di cosa parla!\" data-kale-share-url=\"https:\/\/blog.holyart.it\/it\/?p=20233\" \/><\/div>\n<div class=\"blocco-contenuto\">\n<div class=\"blocco-acquista\">Acquista su Holyart:<\/div>\n<div class=\"blocco-titolo\"><a href=\"https:\/\/www.holyart.it\/it\/giubileo-2025-pellegrini-di-speranza\/articoli-per-chiese-e-liturgia-giubileo-2025\/spes-non-confundit-bolla-di-indizione-del-giubileo-ordinario\">Spes non Confundit, Bolla di indizione del Giubileo ordinario<\/a><\/div>\n<div class=\"blocco-descrizione\">Spes non Confundit, Bolla di indizione del Giubileo ordinario Editrice Velar.<\/div>\n<\/div>\n<\/div>\n<h2>I tempi del Giubileo<\/h2>\n<p>Il Giubileo Ordinario del 2025 inizier\u00e0 il\u00a0<strong>24 dicembre 2024<\/strong>\u00a0con l&#8217;<a href=\"https:\/\/www.holyart.it\/blog\/articoli-religiosi\/porta-santa-cose-e-cosa-rappresenta-la-sua-apertura\/\"><strong>apertura della Porta Santa della Basilica di San Pietro<\/strong><\/a>. Le altre Porte Sante, a San Giovanni in Laterano, Santa Maria Maggiore e San Paolo fuori le Mura, verranno aperte nelle settimane successive e chiuse entro il\u00a0<strong>28 dicembre 2025.<br \/>\n<\/strong>Il 29 dicembre 2024, in tutte le cattedrali e concattedrali, i Vescovi diocesani celebreranno la\u00a0<a href=\"https:\/\/www.holyart.it\/it\/articoli\/casule-del-giubileo.php\"><strong>solenne apertura dell\u2019Anno giubilare<\/strong><\/a>. Il pellegrinaggio da una chiesa alla cattedrale rappresenter\u00e0 il cammino di speranza dei credenti, e dar\u00e0 loro la possibilit\u00e0 di godere dell&#8217;Indulgenza Giubilare.<br \/>\nIl Giubileo Ordinario terminer\u00e0 con la\u00a0<strong>chiusura della Porta Santa della Basilica di San Pietro il 6 gennaio 2026<\/strong>, Epifania del Signore. La Chiesa, con questo Giubileo, spera di diffondere la luce della speranza cristiana e testimoniare l&#8217;amore di Dio in tutto il mondo. Il nuovo Giubileo offrir\u00e0 l&#8217;esperienza viva dell&#8217;amore di Dio, la speranza certa della salvezza in Cristo. Questo Anno Santo segna il cammino verso il 2033, quando si celebreranno i duemila anni della Redenzione di Cristo.<\/p>\n<div class=\"link-article\">\n<p><img loading=\"lazy\" decoding=\"async\" class=\"size-full wp-image-20237 alignleft\" src=\"https:\/\/blog.holyart.it\/it\/wp-content\/uploads\/sites\/17\/2024\/07\/porta-santa.jpeg\" alt=\"porta santa\" width=\"150\" height=\"104\" data-kale-share-title=\"Bolla di indizione del Giubileo 2025: ecco di cosa parla!\" data-kale-share-url=\"https:\/\/blog.holyart.it\/it\/?p=20233\" \/><\/p>\n<div class=\"leggi-anche\">Leggi anche:<\/div>\n<p><strong><a href=\"https:\/\/www.holyart.it\/blog\/articoli-religiosi\/porta-santa-cose-e-cosa-rappresenta-la-sua-apertura\/\">Porta Santa: cos\u2019\u00e8 e cosa rappresenta la sua apertura<\/a><\/strong><br \/>\nL\u2019apertura della Porta Santa segno l\u2019inizio del Giubileo, ma rappresenta anche per i cristiani un simbolo&#8230;<\/p>\n<\/div>\n<h2>La speranza non delude<\/h2>\n<p><em>&#8220;La speranza poi non delude, perch\u00e9 l&#8217;amore di Dio \u00e8 stato riversato nei nostri cuori per mezzo dello Spirito Santo che ci \u00e8 stato dato.&#8221;\u00a0<\/em>(Romani 5)<\/p>\n<p>Con queste parole, l\u2019<strong><a href=\"https:\/\/www.holyart.it\/blog\/santi-e-beati\/san-paolo-tarso-storia-un-missionario\/\">Apostolo Paolo<\/a><\/strong> infonde coraggio alla comunit\u00e0 cristiana di Roma, e la\u00a0<strong>speranza<\/strong>\u00a0diventa il\u00a0<strong>messaggio centrale del prossimo Giubileo<\/strong>, come recita lo slogan scritto sotto il\u00a0<strong><a href=\"https:\/\/www.holyart.it\/blog\/articoli-religiosi\/il-significato-del-logo-del-giubileo-2025-pellegrini-di-speranza\/\">logo ufficiale<\/a><\/strong>:\u00a0<strong><em>Pellegrini di Speranza<\/em><\/strong>. Cos\u00ec Papa Francesco ha voluto rivolgersi a tutti i pellegrini che prenderanno parte al Giubileo 2025, non sono quelli che giungeranno a Roma, ma anche tutti coloro che celebreranno l&#8217;Anno Santo nelle proprie Chiese locali e soprattutto nei loro cuori. Questo perch\u00e9 tutti sperano,\u00a0<strong>la speranza \u00e8 un sentimento universale<\/strong>\u00a0che risiede nel cuore di ogni persona come desiderio e attesa del bene, nonostante l&#8217;incertezza del futuro. Molti, infatti, affrontano il futuro con scetticismo e pessimismo, come se nulla potesse offrire loro felicit\u00e0. Ecco allora che la Bolla di Indizione del Giubileo contiene gi\u00e0 in s\u00e9 il messaggio fondamentale di questo anno Santo che sta per arrivare, un messaggio di speranza, un invito a trovare nella fede\u00a0<strong>la fiducia e l&#8217;ottimismo<\/strong>\u00a0necessari per affrontare il futuro.<\/p>\n<div class=\"link-article\">\n<p><img loading=\"lazy\" decoding=\"async\" class=\"size-full wp-image-20240 alignleft\" src=\"https:\/\/blog.holyart.it\/it\/wp-content\/uploads\/sites\/17\/2024\/07\/giubileo_stole_logo_blog.jpg\" alt=\"logo giubileo\" width=\"150\" height=\"99\" data-kale-share-title=\"Bolla di indizione del Giubileo 2025: ecco di cosa parla!\" data-kale-share-url=\"https:\/\/blog.holyart.it\/it\/?p=20233\" \/><\/p>\n<div class=\"leggi-anche\">Leggi anche:<\/div>\n<p><strong><a href=\"https:\/\/www.holyart.it\/blog\/articoli-religiosi\/il-significato-del-logo-del-giubileo-2025-pellegrini-di-speranza\/\">Il significato del logo del Giubileo 2025: Pellegrini di speranza<\/a><\/strong><br \/>\n\u00c8 stato presentato il logo del Giubileo 2025, scelto tra quasi trecento proposte. Un simbolo di speranza e&#8230;<\/p>\n<\/div>\n<p>L\u2019immagine dell\u2019\u00e0ncora utilizzata nel\u00a0<strong>Logo del Giubileo 2025<\/strong>\u00a0rappresenta la stabilit\u00e0 e la sicurezza della speranza cristiana. Il prossimo Giubileo sar\u00e0 un Anno Santo caratterizzato dalla\u00a0<strong>speranza in Dio,\u00a0<\/strong>espressa con la\u00a0<strong>fiducia nella Chiesa e nella societ\u00e0<\/strong>. La<strong>\u00a0testimonianza credente\u00a0<\/strong>deve essere lievito di speranza nel mondo, in attesa del ritorno del Signore Ges\u00f9 Cristo.<br \/>\n<strong>Ges\u00f9 morto e risorto<\/strong>\u00a0\u00e8 il nucleo della fede e della speranza cristiana. San Paolo descrive questo concetto in poche parole: Cristo \u00e8 morto per i nostri peccati, \u00e8 stato sepolto, \u00e8 risorto e apparso ai discepoli. Questo evento offre la\u00a0<strong>certezza della trasformazione della vita<\/strong>\u00a0grazie a Cristo.<br \/>\nI\u00a0<a href=\"https:\/\/www.holyart.it\/blog\/santi-e-beati\/santi-martiri-sacrificare-la-propria-vita-in-nome-di-dio\/\"><strong>martiri cristiani<\/strong><\/a>\u00a0di tutte le epoche testimoniano la speranza attraverso il loro sacrificio. Essi rappresentano l\u2019unit\u00e0 ecumenica del sangue e il loro esempio\u00a0<strong>ispira i credenti a mantenere viva la speranza<\/strong>.<br \/>\nIl\u00a0<strong>giudizio di Dio, basato sull\u2019amore e sulla misericordia<\/strong>, non deve incutere paura, ma speranza. Questo giudizio mira alla salvezza e alla purificazione necessaria per l\u2019incontro definitivo con Dio. La preghiera per i defunti e l\u2019indulgenza giubilare sono espressioni di questa speranza di misericordia.<br \/>\n<strong>Maria, Madre di Dio, \u00e8 il pi\u00f9 alto esempio di speranza<\/strong>. Anche nei momenti di sofferenza, come ai piedi della croce, ha mantenuto la fiducia in Dio. I\u00a0<strong><a href=\"https:\/\/www.holyart.it\/blog\/articoli-religiosi\/apparizioni-mariane-le-10-piu-importanti\/\">santuari mariani<\/a><\/strong>\u00a0nel mondo continuano a essere luoghi di accoglienza e generazione di speranza per i pellegrini.<\/p>\n<div class=\"link-article\">\n<p><img loading=\"lazy\" decoding=\"async\" class=\"size-full wp-image-20242 alignleft\" src=\"https:\/\/blog.holyart.it\/it\/wp-content\/uploads\/sites\/17\/2024\/07\/apparizioni-mariane-nel-mondo.jpg\" alt=\"apparizioni mariane nel mondo\" width=\"150\" height=\"99\" data-kale-share-title=\"Bolla di indizione del Giubileo 2025: ecco di cosa parla!\" data-kale-share-url=\"https:\/\/blog.holyart.it\/it\/?p=20233\" \/><\/p>\n<div class=\"leggi-anche\">Leggi anche:<\/div>\n<p><strong><a href=\"https:\/\/www.holyart.it\/blog\/articoli-religiosi\/apparizioni-mariane-le-10-piu-importanti\/\">Apparizioni Mariane nel mondo: le 10 pi\u00f9 importanti<\/a><\/strong><br \/>\nI tanti nomi con cui i cristiani si rivolgono alla Madonna derivano in buona parte anche dalle molte apparizioni&#8230;<\/p>\n<\/div>\n<h2>Giustificati per fede e in pace con Dio<\/h2>\n<p><em>&#8220;Giustificati dunque per fede, noi siamo in pace con Dio per mezzo del Signore nostro Ges\u00f9 Cristo. Per mezzo di lui abbiamo anche, mediante la fede, l\u2019accesso a questa grazia nella quale ci troviamo e ci vantiamo,<strong>\u00a0saldi nella speranza della gloria di Dio<\/strong>. [&#8230;]\u00a0<strong>La speranza poi non delude<\/strong>, perch\u00e9 l\u2019amore di Dio \u00e8 stato riversato nei nostri cuori per mezzo dello Spirito Santo che ci \u00e8 stato dato&#8221;<\/em>\u00a0(Rm 5,1-2.5).<\/p>\n<p>Cos\u00ec San Paolo prosegue la sua Lettera ai\u00a0<strong>cristiani di Roma<\/strong>, ai quali si rivolge per la prima volta, dopo aver compiuto la propria opera di evangelizzazione in Oriente. La\u00a0<strong><em>Lettera ai Romani<\/em><\/strong>\u00a0rappresenta un vero messaggio universale di speranza, la speranza di Paolo di portare il Vangelo a Roma e la speranza di ogni cristiano fondata sull\u2019amore di Dio che \u00e8 stato riversato nei nostri cuori dallo Spirito Santo, e che per questo\u00a0<strong>non delude mai<\/strong>, ma resta una\u00a0<strong>guida sicura per tutti i fedeli\u00a0<\/strong>nel loro cammino di fede. Tutti noi, in quanto seguaci di Cristo, siamo <strong>giustificati e in pace con Dio<\/strong>, e questo stato di grazia ci permette di essere\u00a0<strong>saldi nella speranza<\/strong>. La speranza cristiana \u00e8 radicata nella<strong>\u00a0fede nella vita eterna<\/strong>. In Cristo risorto, la storia umana non finisce in un punto cieco, ma \u00e8 orientata verso l\u2019incontro con il Signore. Ges\u00f9 morto e risorto \u00e8 il\u00a0<strong>nucleo della fede e della speranza cristiana<\/strong>. San Paolo descrive questo concetto in poche parole: Cristo \u00e8 morto per i nostri peccati, \u00e8 stato sepolto, \u00e8 risorto e apparso ai discepoli. Questo evento offre la certezza della trasformazione della vita grazie a Cristo.<\/p>\n<h2>L&#8217;importanza dello Spirito Santo<\/h2>\n<p><em>&#8220;Se infatti, quand\u2019eravamo nemici, siamo stati riconciliati con Dio\u00a0<strong>per mezzo della morte del Figlio suo<\/strong>, molto pi\u00f9 ora che siamo riconciliati, saremo salvati mediante la Sua vita&#8221;\u00a0<\/em>(Rm 5,10). La vita di ogni cristiano \u00e8 legata a Cristo fin dal\u00a0<a href=\"https:\/\/www.holyart.it\/it\/occasioni-speciali\/battesimo\"><strong>Battesimo<\/strong><\/a>, che sancisce il principio della sua vita di fede, ed \u00e8\u00a0<a href=\"https:\/\/www.holyart.it\/blog\/articoli-religiosi\/i-7-doni-dello-spirito-santo-quali-sono-e-il-loro-significato\/\"><strong>l&#8217;azione dello Spirito Santo<\/strong><\/a>\u00a0a rinnovare e a rendere incrollabile la speranza nella salvezza che Ges\u00f9 rappresenta. Lo Spirito Santo mantiene accesa questa fiamma inesauribile, dandoci forza, coraggio, in ogni frangente della nostra vita, mantenendo viva in noi la consapevolezza e la speranza cristiana che\u00a0<strong>niente e nessuno potr\u00e0 mai separarci dall&#8217;amore divino<\/strong>, nemmeno le peggiori tribolazioni. Grazie a questa speranza che non viene meno di fronte alle difficolt\u00e0 ed \u00e8 costantemente\u00a0<strong>alimentata dalla fede e dalla carit\u00e0<\/strong>\u00a0il cristiano prosegue facendo delle\u00a0tre virt\u00f9 teologali\u00a0&#8211;\u00a0<a href=\"https:\/\/www.holyart.it\/blog\/articoli-religiosi\/fede-speranza-e-carita-virtu-teologali\/\"><strong>Fede, Speranza e Carit\u00e0<\/strong><\/a>, appunto &#8211;\u00a0 il motore della propria esistenza. L\u2019apostolo Paolo invita a essere\u00a0<em>&#8220;lieti nella speranza, costanti nella tribolazione, perseveranti nella preghiera&#8221;\u00a0<\/em>per testimoniare la fede e l\u2019amore in modo credibile.<\/p>\n<div class=\"link-article\">\n<p><img loading=\"lazy\" decoding=\"async\" class=\"size-full wp-image-20243 alignleft\" src=\"https:\/\/blog.holyart.it\/it\/wp-content\/uploads\/sites\/17\/2024\/07\/doni-dello-spirito-santo.jpg\" alt=\"doni dello spirito santo\" width=\"150\" height=\"99\" data-kale-share-title=\"Bolla di indizione del Giubileo 2025: ecco di cosa parla!\" data-kale-share-url=\"https:\/\/blog.holyart.it\/it\/?p=20233\" \/><\/p>\n<div class=\"leggi-anche\">Leggi anche:<\/div>\n<p><strong><a href=\"https:\/\/www.holyart.it\/blog\/articoli-religiosi\/i-7-doni-dello-spirito-santo-quali-sono-e-il-loro-significato\/\">I 7 doni dello Spirito Santo: quali sono e il loro significato<\/a><\/strong><br \/>\nI doni dello Spirito Santo rendono l\u2019uomo docile a seguire le ispirazioni divine e qualificano il suo rapporto con Dio&#8230;<\/p>\n<\/div>\n<h2>La pazienza e il ritorno alla Natura<\/h2>\n<p><em>&#8220;Ci vantiamo anche nelle tribolazioni, sapendo che\u00a0<strong>la tribolazione produce pazienza<\/strong>, la pazienza una virt\u00f9 provata e la virt\u00f9 provata la speranza&#8221;\u00a0<\/em>(Rm 5,3-4)<\/p>\n<p>San Paolo riconosce che la vita riserva tutti gioie e dolori, che l&#8217;amore viene messo a dura prova nelle difficolt\u00e0 e che la sofferenza demolisce la speranza, ma ricorda ai cristiani di Roma che proprio di fronte alle tribolazioni il cristiano pu\u00f2 ricorrere a un&#8217;arma potente: la\u00a0<strong>pazienza<\/strong>. La pazienza \u00e8 una virt\u00f9 rara, soprattutto nel mondo moderno, in cui tutto corre troppo veloce,\u00a0e in cui sempre pi\u00f9 spesso la fretta e i ritmi frenetici causano insofferenza, nervosismo e insoddisfazione, ma proprio coltivandola, e ritrovando il\u00a0<strong>legame profondo con la natura<\/strong>, con i suoi ritmi e l&#8217;alternarsi delle stagioni, possiamo trovare la pace. Papa Francesco nella Bolla di Indizione cita anche\u00a0<strong>San Francesco<\/strong>, che nel suo\u00a0<a href=\"https:\/\/www.holyart.it\/blog\/articoli-religiosi\/il-cantico-delle-creature-di-san-francesco\/\"><strong>Cantico delle creature<\/strong><\/a> ha invocato una fratellanza tra tutte le creature del creato.<\/p>\n<p>San Paolo insiste sulla pazienza per evidenziare\u00a0<strong>la perseveranza e la fiducia nelle promesse di Dio<\/strong>. Dio stesso \u00e8 paziente con noi, come\u00a0<em>&#8220;il Dio della perseveranza e della consolazione&#8221;<\/em>\u00a0(Rm 15,5). La pazienza, dono dello Spirito Santo, mantiene viva e consolida la speranza come virt\u00f9 e stile di vita.<br \/>\nPapa Francesco ci invita a imparare a\u00a0<strong>chiedere spesso la grazia della pazienza<\/strong>, che nasce dalla speranza e la sostiene. Riscoprire la pazienza \u00e8 benefico per noi e per gli altri, aiutandoci a vivere con maggiore serenit\u00e0 e fiducia nelle promesse di Dio.<\/p>\n<div class=\"link-article\">\n<p><img loading=\"lazy\" decoding=\"async\" class=\"size-full wp-image-20244 alignleft\" src=\"https:\/\/blog.holyart.it\/it\/wp-content\/uploads\/sites\/17\/2024\/07\/san-francesco.jpg\" alt=\"san francesco\" width=\"150\" height=\"99\" data-kale-share-title=\"Bolla di indizione del Giubileo 2025: ecco di cosa parla!\" data-kale-share-url=\"https:\/\/blog.holyart.it\/it\/?p=20233\" \/><\/p>\n<div class=\"leggi-anche\">Leggi anche:<\/div>\n<p><strong><a href=\"https:\/\/www.holyart.it\/blog\/articoli-religiosi\/il-cantico-delle-creature-di-san-francesco\/\">Il cantico delle creature di San Francesco<\/a><\/strong><br \/>\nSan Francesco d\u2019Assisi \u00e8 uno dei santi pi\u00f9 amati e venerati dalla Chiesa cattolica. Vicino ai poveri, fratello degli ultimi&#8230;<\/p>\n<\/div>\n<h2>Il Giubileo come cammino cristiano: l&#8217;importanza del pellegrinaggio<\/h2>\n<p>San Paolo evidenzia come la speranza e la pazienza siano fondamentali nel cammino cristiano. La vita \u00e8 un percorso che richiede momenti forti per nutrire la speranza, indispensabile compagna verso l&#8217;incontro con Ges\u00f9. In quest&#8217;ottica anche il\u00a0<strong>pellegrinaggio<\/strong>\u00a0si riconferma come centrale negli eventi giubilari,\u00a0<strong>simbolo della ricerca del senso della vita<\/strong>. Il cammino favorisce la riscoperta del silenzio, della fatica e dell&#8217;essenzialit\u00e0. I <a href=\"https:\/\/www.holyart.it\/it\/giubileo-2025-pellegrini-di-speranza\/kit-del-pellegrino-e-gadget-giubileo-2025\/zaino-del-pellegrino-kit-completo-giubileo-2025\"><strong>pellegrini di speranza<\/strong><\/a> percorreranno vie antiche e moderne per vivere l&#8217;esperienza giubilare, visitando itinerari di fede a Roma e oltre, superando confini e scoprendo culture diverse. In particolare\u00a0<strong><a href=\"https:\/\/www.holyart.it\/blog\/articoli-religiosi\/chiese-giubilari-mete-di-pellegrinaggio-irrinunciabili-durante-il-giubileo\/\">le chiese giubilari a Roma<\/a><\/strong>\u00a0si apriranno durante il Giubileo come oasi di spiritualit\u00e0, dove i pellegrini potranno trovare ristoro per l&#8217;anima e avvicinarsi al Sacramento della Riconciliazione, punto di partenza per un reale cammino di conversione. La preparazione dei sacerdoti e dei fedeli alle Confessioni sar\u00e0 curata con particolare attenzione.<\/p>\n<div class=\"link-product\">\n<div class=\"blocco-immagine\"><img loading=\"lazy\" decoding=\"async\" class=\"size-full wp-image-20245 alignleft\" src=\"https:\/\/blog.holyart.it\/it\/wp-content\/uploads\/sites\/17\/2024\/07\/zaino-del-pellegrino-kit-completo-giubileo-2025.jpg\" alt=\"zaino del pellegrino kit completo giubileo 2025\" width=\"100\" height=\"100\" data-kale-share-title=\"Bolla di indizione del Giubileo 2025: ecco di cosa parla!\" data-kale-share-url=\"https:\/\/blog.holyart.it\/it\/?p=20233\" \/><\/div>\n<div class=\"blocco-contenuto\">\n<div class=\"blocco-acquista\">Acquista su Holyart:<\/div>\n<div class=\"blocco-titolo\"><a href=\"https:\/\/www.holyart.it\/it\/giubileo-2025-pellegrini-di-speranza\/kit-del-pellegrino-e-gadget-giubileo-2025\/zaino-del-pellegrino-kit-completo-giubileo-2025\">Zaino del pellegrino kit completo Giubileo 2025<\/a><\/div>\n<div class=\"blocco-descrizione\">Zaino del pellegrino kit completo Giubileo 2025 Pellegrini di Speranza ecocompatibile e impermeabile.<\/div>\n<\/div>\n<\/div>\n<h2>Segni di Speranza<\/h2>\n<p>Ma trovare la speranza dentro di s\u00e9 non basta. La Chiesa \u00e8 chiamata a\u00a0<strong>interpretare i segni dei tempi alla luce del Vangelo<\/strong>, riconoscendo il bene presente nel mondo e\u00a0<strong>trasformando questi segni in segni di speranza<\/strong>. <a href=\"https:\/\/www.holyart.it\/it\/giubileo-2025-pellegrini-di-speranza\"><strong>Il Giubileo<\/strong><\/a> \u00e8 un&#8217;occasione per tutti di essere segni tangibili di speranza, rispondendo con amore e concretezza ai\u00a0<strong>bisogni dei pi\u00f9 vulnerabili<\/strong>\u00a0e costruendo un futuro migliore per tutti. Ma quali sono questi segni? Sono tanti e diversi, perch\u00e9 il mondo in cui viviamo non \u00e8 facile e ci sottopone a prove terribili, ogni giorno.<br \/>\nLa\u00a0<strong>pace\u00a0<\/strong>deve essere il primo segno di speranza. L&#8217;umanit\u00e0, ignorando i drammi passati, continua a soffrire per la violenza. Il Giubileo invita a progetti concreti per la pace e a un impegno diplomatico coraggioso e creativo.<br \/>\nLa speranza richiede anche una visione entusiastica del futuro, e il futuro ha bisogno di nuove vite per poter esistere.\u00a0<strong>Promuovere la maternit\u00e0 e paternit\u00e0<\/strong> responsabili \u00e8 essenziale. La comunit\u00e0 cristiana deve sostenere un&#8217;alleanza sociale per la speranza, incoraggiando la nascita di nuovi figli anche contro i fattori sociali che ne determinano il calo.<\/p>\n<div class=\"link-product\">\n<div class=\"blocco-immagine\"><img loading=\"lazy\" decoding=\"async\" class=\"size-full wp-image-20246 alignleft\" src=\"https:\/\/blog.holyart.it\/it\/wp-content\/uploads\/sites\/17\/2024\/07\/kit-casule-4-colori-ricamate-giubileo-2025-logo-ufficiale.jpg\" alt=\"kit casule 4 colori ricamate giubileo 2025 logo ufficiale\" width=\"100\" height=\"100\" data-kale-share-title=\"Bolla di indizione del Giubileo 2025: ecco di cosa parla!\" data-kale-share-url=\"https:\/\/blog.holyart.it\/it\/?p=20233\" \/><\/div>\n<div class=\"blocco-contenuto\">\n<div class=\"blocco-acquista\">Acquista su Holyart:<\/div>\n<div class=\"blocco-titolo\"><a href=\"https:\/\/www.holyart.it\/it\/giubileo-2025-pellegrini-di-speranza\">Giubileo 2025 &#8211; Pellegrini di speranza<\/a><\/div>\n<div class=\"blocco-descrizione\">Articoli pensati per celebrare il prossimo Giubileo 2025 a Roma.<\/div>\n<\/div>\n<\/div>\n<p>Ancora, il Giubileo invita a iniziative che restituiscano\u00a0<strong>speranza ai detenuti<\/strong>, proponendo forme di amnistia e percorsi di reinserimento. La Chiesa chiede dignit\u00e0 e rispetto dei diritti umani, inclusa l&#8217;abolizione della pena di morte.<br \/>\nGli\u00a0<strong>ammalati<\/strong>, sia a casa che in ospedale, devono trovare sollievo nella vicinanza delle persone e nelle opere di misericordia, che risvegliano speranza e gratitudine. \u00c8 necessaria una cura inclusiva e solidale per chi soffre di disabilit\u00e0 o malattie.<br \/>\nI\u00a0<strong>giovani<\/strong>, spesso delusi dalle incertezze del futuro, devono essere sostenuti. Il Giubileo \u00e8 un&#8217;occasione per rinnovare l&#8217;impegno verso di loro, aiutandoli a superare la malinconia e i rischi di comportamenti autodistruttivi.<br \/>\nI\u00a0<strong>migranti<\/strong>, in cerca di una vita migliore, devono essere accolti con dignit\u00e0 e responsabilit\u00e0. La comunit\u00e0 cristiana deve difendere i loro diritti, garantendo sicurezza, lavoro e istruzione.<br \/>\nGli\u00a0<strong>anziani<\/strong>, spesso soli e abbandonati, devono essere riconosciuti come tesori di esperienza e saggezza. La comunit\u00e0 cristiana e la societ\u00e0 civile devono lavorare insieme per un&#8217;alleanza tra le generazioni.<br \/>\n\u00c8 necessario un impegno concreto per affrontare la povert\u00e0 diffusa. I\u00a0<strong>poveri<\/strong>\u00a0non devono essere considerati come un danno collaterale, ma come vittime da sostenere e aiutare.<\/p>\n<h2>Appelli del Papa per la Speranza<\/h2>\n<p>Oltre a riconoscere i segni di speranza, la Chiesa deve anche agire in modo attivo e pratico per offrire\u00a0<strong>soluzioni concrete al disagio<\/strong>\u00a0e alla necessit\u00e0 che quei segni rivelano. Il Giubileo \u00e8 un invito a\u00a0<strong>riscoprire la speranza attraverso la giustizia sociale, l&#8217;unit\u00e0 dei cristiani e la generosit\u00e0 verso i pi\u00f9 bisognosi.\u00a0<\/strong>La Chiesa \u00e8 chiamata a essere un segno tangibile di speranza, lavorando per un mondo pi\u00f9 giusto e unito.<br \/>\nIl Giubileo sottolinea che\u00a0<strong>le risorse della Terra<\/strong>\u00a0devono essere condivise equamente. \u00c8 essenziale che i ricchi siano generosi e aiutino chi ha bisogno. In particolare, \u00e8 scandaloso che ancora oggi molte persone soffrano la fame. Si propone l&#8217;istituzione di un Fondo mondiale per<strong>\u00a0eliminare la fame<\/strong>\u00a0e sviluppare i paesi poveri, utilizzando i fondi destinati alle spese militari.<br \/>\nLe nazioni ricche dovrebbero<strong>\u00a0condonare i debiti dei paesi poveri<\/strong>, riconoscendo l&#8217;ingiustizia storica e il debito ecologico tra Nord e Sud. Questo \u00e8 visto come un passo necessario per riparare le ingiustizie e promuovere la pace.<br \/>\nIl prossimo Giubileo coincide con il 1700\u00ba anniversario del\u00a0<strong>Concilio di Nicea<\/strong>, un evento fondamentale per l&#8217;unit\u00e0 della Chiesa e la definizione della fede cristiana. Questo anniversario offre un&#8217;opportunit\u00e0 per\u00a0<strong>rafforzare l&#8217;unit\u00e0 tra i cristiani\u00a0<\/strong>e rispondere alla chiamata all&#8217;evangelizzazione.<br \/>\n<a href=\"https:\/\/www.holyart.it\/it\/giubileo-2025-pellegrini-di-speranza\/kit-del-pellegrino-e-gadget-giubileo-2025\/sacca-logo-ufficiale-giubileo-45x30-cm-roma-2025-porta-santa\"><strong>Il Giubileo del 2025<\/strong><\/a> rappresenta un&#8217;opportunit\u00e0 per i\u00a0<strong>cristiani d&#8217;Oriente e d&#8217;Occidente<\/strong>\u00a0di unificare la data della celebrazione della Pasqua, superando le divisioni storiche e rispondendo al desiderio di unit\u00e0 espresso da Ges\u00f9.<\/p>\n<div class=\"link-product\">\n<div class=\"blocco-immagine\"><img loading=\"lazy\" decoding=\"async\" class=\"size-full wp-image-20248 alignleft\" src=\"https:\/\/blog.holyart.it\/it\/wp-content\/uploads\/sites\/17\/2024\/07\/sacca-logo-ufficiale-giubileo-45x30-cm-roma-2025-porta-santa.jpg\" alt=\"sacca logo ufficiale giubileo 45x30 cm roma 2025 porta santa\" width=\"100\" height=\"100\" data-kale-share-title=\"Bolla di indizione del Giubileo 2025: ecco di cosa parla\" data-kale-share-url=\"https:\/\/blog.holyart.it\/it\/?p=20233\" \/><\/div>\n<div class=\"blocco-contenuto\">\n<div class=\"blocco-acquista\">Acquista su Holyart:<\/div>\n<div class=\"blocco-titolo\"><a href=\"https:\/\/www.holyart.it\/it\/giubileo-2025-pellegrini-di-speranza\/kit-del-pellegrino-e-gadget-giubileo-2025\/sacca-logo-ufficiale-giubileo-45x30-cm-roma-2025-porta-santa\">Sacca logo ufficiale Giubileo 45&#215;30 cm Roma 2025 Porta Santa<\/a><\/div>\n<div class=\"blocco-descrizione\">Sacca con logo ufficiale del Giubileo 2025 Pellegrini di Speranza e stampa della Porta Santa.<\/div>\n<\/div>\n<\/div>\n","protected":false},"excerpt":{"rendered":"<p>Il 9 maggio 2024 Papa Francesco ha letto la bolla di indizione del Giubileo 2025 intitolata Spes non confundit. Ecco che cosa contiene e su quali argomenti si sofferma Il\u00a0Giubileo 2025\u00a0\u00e8 sempre pi\u00f9 vicino, e cerchiamo di farci trovare pronti. Avete gi\u00e0 visionato il\u00a0Calendario del&hellip;<\/p>\n","protected":false},"author":1,"featured_media":20250,"comment_status":"closed","ping_status":"open","sticky":false,"template":"","format":"standard","meta":{"_acf_changed":false,"footnotes":""},"categories":[25],"tags":[],"class_list":["post-20233","post","type-post","status-publish","format-standard","has-post-thumbnail","hentry","category-giubileo-2025"],"acf":[],"yoast_head":"<!-- This site is optimized with the Yoast SEO plugin v26.6 - https:\/\/yoast.com\/wordpress\/plugins\/seo\/ -->\n<title>Bolla di indizione del Giubileo 2025: ecco di cosa parla - Holyblog<\/title>\n<meta name=\"description\" content=\"La Bolla Pontificia d\u2019Indizione \u00e8 un documento solenne emesso dal Papa per annunciare e sancire ufficialmente l\u2019inizio di un Giubileo.\" \/>\n<meta name=\"robots\" content=\"index, follow, max-snippet:-1, max-image-preview:large, max-video-preview:-1\" \/>\n<link rel=\"canonical\" href=\"https:\/\/blog.holyart.it\/it\/giubileo-2025\/bolla-di-indizione-del-giubileo-2025-ecco-di-cosa-parla\/\" \/>\n<meta property=\"og:locale\" content=\"it_IT\" \/>\n<meta property=\"og:type\" content=\"article\" \/>\n<meta property=\"og:title\" content=\"Bolla di indizione del Giubileo 2025: ecco di cosa parla - Holyblog\" \/>\n<meta property=\"og:description\" content=\"La Bolla Pontificia d\u2019Indizione \u00e8 un documento solenne emesso dal Papa per annunciare e sancire ufficialmente l\u2019inizio di un Giubileo.\" \/>\n<meta property=\"og:url\" content=\"https:\/\/blog.holyart.it\/it\/giubileo-2025\/bolla-di-indizione-del-giubileo-2025-ecco-di-cosa-parla\/\" \/>\n<meta property=\"og:site_name\" content=\"Holyblog\" \/>\n<meta property=\"article:published_time\" content=\"2024-08-05T08:00:04+00:00\" \/>\n<meta property=\"article:modified_time\" content=\"2025-08-12T15:12:11+00:00\" \/>\n<meta property=\"og:image\" content=\"https:\/\/blog.holyart.it\/it\/wp-content\/uploads\/sites\/17\/2024\/07\/bolla-di-indizione-del-giubileo.jpg\" \/>\n\t<meta property=\"og:image:width\" content=\"1000\" \/>\n\t<meta property=\"og:image:height\" content=\"666\" \/>\n\t<meta property=\"og:image:type\" content=\"image\/jpeg\" \/>\n<meta name=\"author\" content=\"Redazione\" \/>\n<meta name=\"twitter:card\" content=\"summary_large_image\" \/>\n<meta name=\"twitter:label1\" content=\"Scritto da\" \/>\n\t<meta name=\"twitter:data1\" content=\"Redazione\" \/>\n\t<meta name=\"twitter:label2\" content=\"Tempo di lettura stimato\" \/>\n\t<meta name=\"twitter:data2\" content=\"17 minuti\" \/>\n<script type=\"application\/ld+json\" class=\"yoast-schema-graph\">{\"@context\":\"https:\/\/schema.org\",\"@graph\":[{\"@type\":\"Article\",\"@id\":\"https:\/\/blog.holyart.it\/it\/giubileo-2025\/bolla-di-indizione-del-giubileo-2025-ecco-di-cosa-parla\/#article\",\"isPartOf\":{\"@id\":\"https:\/\/blog.holyart.it\/it\/giubileo-2025\/bolla-di-indizione-del-giubileo-2025-ecco-di-cosa-parla\/\"},\"author\":{\"name\":\"Redazione\",\"@id\":\"https:\/\/blog.holyart.it\/it\/#\/schema\/person\/0a7b686e5af0f856ec1e390dd0baecda\"},\"headline\":\"Bolla di indizione del Giubileo 2025: ecco di cosa parla\",\"datePublished\":\"2024-08-05T08:00:04+00:00\",\"dateModified\":\"2025-08-12T15:12:11+00:00\",\"mainEntityOfPage\":{\"@id\":\"https:\/\/blog.holyart.it\/it\/giubileo-2025\/bolla-di-indizione-del-giubileo-2025-ecco-di-cosa-parla\/\"},\"wordCount\":2642,\"publisher\":{\"@id\":\"https:\/\/blog.holyart.it\/it\/#organization\"},\"image\":{\"@id\":\"https:\/\/blog.holyart.it\/it\/giubileo-2025\/bolla-di-indizione-del-giubileo-2025-ecco-di-cosa-parla\/#primaryimage\"},\"thumbnailUrl\":\"https:\/\/blog.holyart.it\/it\/wp-content\/uploads\/sites\/17\/2024\/07\/bolla-di-indizione-del-giubileo.jpg\",\"articleSection\":[\"Giubileo 2025\"],\"inLanguage\":\"it-IT\"},{\"@type\":\"WebPage\",\"@id\":\"https:\/\/blog.holyart.it\/it\/giubileo-2025\/bolla-di-indizione-del-giubileo-2025-ecco-di-cosa-parla\/\",\"url\":\"https:\/\/blog.holyart.it\/it\/giubileo-2025\/bolla-di-indizione-del-giubileo-2025-ecco-di-cosa-parla\/\",\"name\":\"Bolla di indizione del Giubileo 2025: ecco di cosa parla - Holyblog\",\"isPartOf\":{\"@id\":\"https:\/\/blog.holyart.it\/it\/#website\"},\"primaryImageOfPage\":{\"@id\":\"https:\/\/blog.holyart.it\/it\/giubileo-2025\/bolla-di-indizione-del-giubileo-2025-ecco-di-cosa-parla\/#primaryimage\"},\"image\":{\"@id\":\"https:\/\/blog.holyart.it\/it\/giubileo-2025\/bolla-di-indizione-del-giubileo-2025-ecco-di-cosa-parla\/#primaryimage\"},\"thumbnailUrl\":\"https:\/\/blog.holyart.it\/it\/wp-content\/uploads\/sites\/17\/2024\/07\/bolla-di-indizione-del-giubileo.jpg\",\"datePublished\":\"2024-08-05T08:00:04+00:00\",\"dateModified\":\"2025-08-12T15:12:11+00:00\",\"description\":\"La Bolla Pontificia d\u2019Indizione \u00e8 un documento solenne emesso dal Papa per annunciare e sancire ufficialmente l\u2019inizio di un Giubileo.\",\"breadcrumb\":{\"@id\":\"https:\/\/blog.holyart.it\/it\/giubileo-2025\/bolla-di-indizione-del-giubileo-2025-ecco-di-cosa-parla\/#breadcrumb\"},\"inLanguage\":\"it-IT\",\"potentialAction\":[{\"@type\":\"ReadAction\",\"target\":[\"https:\/\/blog.holyart.it\/it\/giubileo-2025\/bolla-di-indizione-del-giubileo-2025-ecco-di-cosa-parla\/\"]}]},{\"@type\":\"ImageObject\",\"inLanguage\":\"it-IT\",\"@id\":\"https:\/\/blog.holyart.it\/it\/giubileo-2025\/bolla-di-indizione-del-giubileo-2025-ecco-di-cosa-parla\/#primaryimage\",\"url\":\"https:\/\/blog.holyart.it\/it\/wp-content\/uploads\/sites\/17\/2024\/07\/bolla-di-indizione-del-giubileo.jpg\",\"contentUrl\":\"https:\/\/blog.holyart.it\/it\/wp-content\/uploads\/sites\/17\/2024\/07\/bolla-di-indizione-del-giubileo.jpg\",\"width\":1000,\"height\":666,\"caption\":\"bolla di indizione del giubileo\"},{\"@type\":\"BreadcrumbList\",\"@id\":\"https:\/\/blog.holyart.it\/it\/giubileo-2025\/bolla-di-indizione-del-giubileo-2025-ecco-di-cosa-parla\/#breadcrumb\",\"itemListElement\":[{\"@type\":\"ListItem\",\"position\":1,\"name\":\"Homepage\",\"item\":\"https:\/\/blog.holyart.it\/it\/\"},{\"@type\":\"ListItem\",\"position\":2,\"name\":\"Giubileo 2025\",\"item\":\"https:\/\/blog.holyart.it\/it\/giubileo-2025\/\"},{\"@type\":\"ListItem\",\"position\":3,\"name\":\"Bolla di indizione del Giubileo 2025: ecco di cosa parla\"}]},{\"@type\":\"WebSite\",\"@id\":\"https:\/\/blog.holyart.it\/it\/#website\",\"url\":\"https:\/\/blog.holyart.it\/it\/\",\"name\":\"Holyblog\",\"description\":\"Il Blog di Holyart.it\",\"publisher\":{\"@id\":\"https:\/\/blog.holyart.it\/it\/#organization\"},\"potentialAction\":[{\"@type\":\"SearchAction\",\"target\":{\"@type\":\"EntryPoint\",\"urlTemplate\":\"https:\/\/blog.holyart.it\/it\/?s={search_term_string}\"},\"query-input\":{\"@type\":\"PropertyValueSpecification\",\"valueRequired\":true,\"valueName\":\"search_term_string\"}}],\"inLanguage\":\"it-IT\"},{\"@type\":\"Organization\",\"@id\":\"https:\/\/blog.holyart.it\/it\/#organization\",\"name\":\"Holyblog\",\"url\":\"https:\/\/blog.holyart.it\/it\/\",\"logo\":{\"@type\":\"ImageObject\",\"inLanguage\":\"it-IT\",\"@id\":\"https:\/\/blog.holyart.it\/it\/#\/schema\/logo\/image\/\",\"url\":\"https:\/\/blog.holyart.it\/it\/wp-content\/uploads\/sites\/17\/2022\/12\/Holyart_Blog_Logo.jpg\",\"contentUrl\":\"https:\/\/blog.holyart.it\/it\/wp-content\/uploads\/sites\/17\/2022\/12\/Holyart_Blog_Logo.jpg\",\"width\":300,\"height\":50,\"caption\":\"Holyblog\"},\"image\":{\"@id\":\"https:\/\/blog.holyart.it\/it\/#\/schema\/logo\/image\/\"}},{\"@type\":\"Person\",\"@id\":\"https:\/\/blog.holyart.it\/it\/#\/schema\/person\/0a7b686e5af0f856ec1e390dd0baecda\",\"name\":\"Redazione\"}]}<\/script>\n<!-- \/ Yoast SEO plugin. -->","yoast_head_json":{"title":"Bolla di indizione del Giubileo 2025: ecco di cosa parla - Holyblog","description":"La Bolla Pontificia d\u2019Indizione \u00e8 un documento solenne emesso dal Papa per annunciare e sancire ufficialmente l\u2019inizio di un Giubileo.","robots":{"index":"index","follow":"follow","max-snippet":"max-snippet:-1","max-image-preview":"max-image-preview:large","max-video-preview":"max-video-preview:-1"},"canonical":"https:\/\/blog.holyart.it\/it\/giubileo-2025\/bolla-di-indizione-del-giubileo-2025-ecco-di-cosa-parla\/","og_locale":"it_IT","og_type":"article","og_title":"Bolla di indizione del Giubileo 2025: ecco di cosa parla - Holyblog","og_description":"La Bolla Pontificia d\u2019Indizione \u00e8 un documento solenne emesso dal Papa per annunciare e sancire ufficialmente l\u2019inizio di un Giubileo.","og_url":"https:\/\/blog.holyart.it\/it\/giubileo-2025\/bolla-di-indizione-del-giubileo-2025-ecco-di-cosa-parla\/","og_site_name":"Holyblog","article_published_time":"2024-08-05T08:00:04+00:00","article_modified_time":"2025-08-12T15:12:11+00:00","og_image":[{"width":1000,"height":666,"url":"https:\/\/blog.holyart.it\/it\/wp-content\/uploads\/sites\/17\/2024\/07\/bolla-di-indizione-del-giubileo.jpg","type":"image\/jpeg"}],"author":"Redazione","twitter_card":"summary_large_image","twitter_misc":{"Scritto da":"Redazione","Tempo di lettura stimato":"17 minuti"},"schema":{"@context":"https:\/\/schema.org","@graph":[{"@type":"Article","@id":"https:\/\/blog.holyart.it\/it\/giubileo-2025\/bolla-di-indizione-del-giubileo-2025-ecco-di-cosa-parla\/#article","isPartOf":{"@id":"https:\/\/blog.holyart.it\/it\/giubileo-2025\/bolla-di-indizione-del-giubileo-2025-ecco-di-cosa-parla\/"},"author":{"name":"Redazione","@id":"https:\/\/blog.holyart.it\/it\/#\/schema\/person\/0a7b686e5af0f856ec1e390dd0baecda"},"headline":"Bolla di indizione del Giubileo 2025: ecco di cosa parla","datePublished":"2024-08-05T08:00:04+00:00","dateModified":"2025-08-12T15:12:11+00:00","mainEntityOfPage":{"@id":"https:\/\/blog.holyart.it\/it\/giubileo-2025\/bolla-di-indizione-del-giubileo-2025-ecco-di-cosa-parla\/"},"wordCount":2642,"publisher":{"@id":"https:\/\/blog.holyart.it\/it\/#organization"},"image":{"@id":"https:\/\/blog.holyart.it\/it\/giubileo-2025\/bolla-di-indizione-del-giubileo-2025-ecco-di-cosa-parla\/#primaryimage"},"thumbnailUrl":"https:\/\/blog.holyart.it\/it\/wp-content\/uploads\/sites\/17\/2024\/07\/bolla-di-indizione-del-giubileo.jpg","articleSection":["Giubileo 2025"],"inLanguage":"it-IT"},{"@type":"WebPage","@id":"https:\/\/blog.holyart.it\/it\/giubileo-2025\/bolla-di-indizione-del-giubileo-2025-ecco-di-cosa-parla\/","url":"https:\/\/blog.holyart.it\/it\/giubileo-2025\/bolla-di-indizione-del-giubileo-2025-ecco-di-cosa-parla\/","name":"Bolla di indizione del Giubileo 2025: ecco di cosa parla - Holyblog","isPartOf":{"@id":"https:\/\/blog.holyart.it\/it\/#website"},"primaryImageOfPage":{"@id":"https:\/\/blog.holyart.it\/it\/giubileo-2025\/bolla-di-indizione-del-giubileo-2025-ecco-di-cosa-parla\/#primaryimage"},"image":{"@id":"https:\/\/blog.holyart.it\/it\/giubileo-2025\/bolla-di-indizione-del-giubileo-2025-ecco-di-cosa-parla\/#primaryimage"},"thumbnailUrl":"https:\/\/blog.holyart.it\/it\/wp-content\/uploads\/sites\/17\/2024\/07\/bolla-di-indizione-del-giubileo.jpg","datePublished":"2024-08-05T08:00:04+00:00","dateModified":"2025-08-12T15:12:11+00:00","description":"La Bolla Pontificia d\u2019Indizione \u00e8 un documento solenne emesso dal Papa per annunciare e sancire ufficialmente l\u2019inizio di un Giubileo.","breadcrumb":{"@id":"https:\/\/blog.holyart.it\/it\/giubileo-2025\/bolla-di-indizione-del-giubileo-2025-ecco-di-cosa-parla\/#breadcrumb"},"inLanguage":"it-IT","potentialAction":[{"@type":"ReadAction","target":["https:\/\/blog.holyart.it\/it\/giubileo-2025\/bolla-di-indizione-del-giubileo-2025-ecco-di-cosa-parla\/"]}]},{"@type":"ImageObject","inLanguage":"it-IT","@id":"https:\/\/blog.holyart.it\/it\/giubileo-2025\/bolla-di-indizione-del-giubileo-2025-ecco-di-cosa-parla\/#primaryimage","url":"https:\/\/blog.holyart.it\/it\/wp-content\/uploads\/sites\/17\/2024\/07\/bolla-di-indizione-del-giubileo.jpg","contentUrl":"https:\/\/blog.holyart.it\/it\/wp-content\/uploads\/sites\/17\/2024\/07\/bolla-di-indizione-del-giubileo.jpg","width":1000,"height":666,"caption":"bolla di indizione del giubileo"},{"@type":"BreadcrumbList","@id":"https:\/\/blog.holyart.it\/it\/giubileo-2025\/bolla-di-indizione-del-giubileo-2025-ecco-di-cosa-parla\/#breadcrumb","itemListElement":[{"@type":"ListItem","position":1,"name":"Homepage","item":"https:\/\/blog.holyart.it\/it\/"},{"@type":"ListItem","position":2,"name":"Giubileo 2025","item":"https:\/\/blog.holyart.it\/it\/giubileo-2025\/"},{"@type":"ListItem","position":3,"name":"Bolla di indizione del Giubileo 2025: ecco di cosa parla"}]},{"@type":"WebSite","@id":"https:\/\/blog.holyart.it\/it\/#website","url":"https:\/\/blog.holyart.it\/it\/","name":"Holyblog","description":"Il Blog di Holyart.it","publisher":{"@id":"https:\/\/blog.holyart.it\/it\/#organization"},"potentialAction":[{"@type":"SearchAction","target":{"@type":"EntryPoint","urlTemplate":"https:\/\/blog.holyart.it\/it\/?s={search_term_string}"},"query-input":{"@type":"PropertyValueSpecification","valueRequired":true,"valueName":"search_term_string"}}],"inLanguage":"it-IT"},{"@type":"Organization","@id":"https:\/\/blog.holyart.it\/it\/#organization","name":"Holyblog","url":"https:\/\/blog.holyart.it\/it\/","logo":{"@type":"ImageObject","inLanguage":"it-IT","@id":"https:\/\/blog.holyart.it\/it\/#\/schema\/logo\/image\/","url":"https:\/\/blog.holyart.it\/it\/wp-content\/uploads\/sites\/17\/2022\/12\/Holyart_Blog_Logo.jpg","contentUrl":"https:\/\/blog.holyart.it\/it\/wp-content\/uploads\/sites\/17\/2022\/12\/Holyart_Blog_Logo.jpg","width":300,"height":50,"caption":"Holyblog"},"image":{"@id":"https:\/\/blog.holyart.it\/it\/#\/schema\/logo\/image\/"}},{"@type":"Person","@id":"https:\/\/blog.holyart.it\/it\/#\/schema\/person\/0a7b686e5af0f856ec1e390dd0baecda","name":"Redazione"}]}},"_links":{"self":[{"href":"https:\/\/blog.holyart.it\/it\/wp-json\/wp\/v2\/posts\/20233","targetHints":{"allow":["GET"]}}],"collection":[{"href":"https:\/\/blog.holyart.it\/it\/wp-json\/wp\/v2\/posts"}],"about":[{"href":"https:\/\/blog.holyart.it\/it\/wp-json\/wp\/v2\/types\/post"}],"author":[{"embeddable":true,"href":"https:\/\/blog.holyart.it\/it\/wp-json\/wp\/v2\/users\/1"}],"replies":[{"embeddable":true,"href":"https:\/\/blog.holyart.it\/it\/wp-json\/wp\/v2\/comments?post=20233"}],"version-history":[{"count":8,"href":"https:\/\/blog.holyart.it\/it\/wp-json\/wp\/v2\/posts\/20233\/revisions"}],"predecessor-version":[{"id":22503,"href":"https:\/\/blog.holyart.it\/it\/wp-json\/wp\/v2\/posts\/20233\/revisions\/22503"}],"wp:featuredmedia":[{"embeddable":true,"href":"https:\/\/blog.holyart.it\/it\/wp-json\/wp\/v2\/media\/20250"}],"wp:attachment":[{"href":"https:\/\/blog.holyart.it\/it\/wp-json\/wp\/v2\/media?parent=20233"}],"wp:term":[{"taxonomy":"category","embeddable":true,"href":"https:\/\/blog.holyart.it\/it\/wp-json\/wp\/v2\/categories?post=20233"},{"taxonomy":"post_tag","embeddable":true,"href":"https:\/\/blog.holyart.it\/it\/wp-json\/wp\/v2\/tags?post=20233"}],"curies":[{"name":"wp","href":"https:\/\/api.w.org\/{rel}","templated":true}]}}