{"id":20190,"date":"2024-07-24T10:00:43","date_gmt":"2024-07-24T08:00:43","guid":{"rendered":"https:\/\/blog.holyart.it\/it\/?p=20190"},"modified":"2025-07-31T14:14:56","modified_gmt":"2025-07-31T12:14:56","slug":"madonna-della-neve-e-il-miracolo-del-5-agosto","status":"publish","type":"post","link":"https:\/\/blog.holyart.it\/it\/santi-e-beati\/madonna-della-neve-e-il-miracolo-del-5-agosto\/","title":{"rendered":"Madonna della Neve e il miracolo del 5 agosto"},"content":{"rendered":"<h4>Il 5 agosto a Roma si ricorda la Madonna della Neve, con una nevicata spettacolare sulla piazza della Basilica Papale di Santa Maria Maggiore, a lei dedicata. Ecco come nasce il culto<\/h4>\n\n<p>La\u00a0<strong>Madonna della Neve\u00a0<\/strong>e il\u00a0<strong>miracolo del 5 agosto<\/strong>\u00a0sono parte integrante della storia religiosa di Roma. Da quando il 5 agosto del 358 d.C. una\u00a0<strong>nevicata miracolosa<\/strong>\u00a0imbianc\u00f2 il colle Esquilino, decretando il luogo in cui sarebbe sorta la\u00a0<a href=\"https:\/\/www.holyart.it\/blog\/articoli-religiosi\/giro-delle-sette-chiese-itinerari-di-pellegrinaggio-per-il-giubileo\/\"><strong>Basilica Papale di Santa Maria Maggiore<\/strong><\/a>, il pi\u00f9 antico santuario mariano dell&#8217;Occidente, questo giorno rappresenta un importante appuntamento nel calendario liturgico, che unisce storia, fede e tradizione in un evento unico e suggestivo. La festa della Madonna della Neve non \u00e8 solo un&#8217;occasione per ricordare il miracolo, ma anche un momento di riflessione spirituale per i fedeli, sul ruolo di Maria Vergine come\u00a0<strong>mediatrice della Grazia divina<\/strong>, simbolo di purezza e di rinnovamento, proprio come la neve da cui ella ha preso il\u00a0<strong><a href=\"https:\/\/www.holyart.it\/blog\/santi-e-beati\/titoli-mariani-cosa-sono-e-quanti-sono-tutti-i-nomi-dedicati-a-maria\/\">titolo mariano<\/a><\/strong>\u00a0di Madonna della Neve, appunto.<\/p>\n<div class=\"link-article\">\n<p><img loading=\"lazy\" decoding=\"async\" class=\"size-full wp-image-20191 alignleft\" src=\"https:\/\/blog.holyart.it\/it\/wp-content\/uploads\/sites\/17\/2024\/06\/giro-delle-sette-chiese-1.jpg\" alt=\"giro delle sette chiese\" width=\"150\" height=\"99\" data-kale-share-title=\"Madonna della Neve e il miracolo del 5 agosto\" data-kale-share-url=\"https:\/\/blog.holyart.it\/it\/?p=20190\" \/><\/p>\n<div class=\"leggi-anche\">Leggi anche:<\/div>\n<p><strong><a href=\"https:\/\/www.holyart.it\/blog\/articoli-religiosi\/giro-delle-sette-chiese-itinerari-di-pellegrinaggio-per-il-giubileo\/\">Giro delle Sette Chiese: itinerari di pellegrinaggio per il Giubileo<\/a><\/strong><br \/>\nIl Giro delle Sette Chiese \u00e8 un antico itinerario devozionale ancora&#8230;<\/p>\n<\/div>\n<p>Secondo la leggenda, la Madonna apparve in sogno nella notte tra il 4 e il 5 agosto del 364 a Papa Liberio (352-366), o, secondo un&#8217;altra tradizione, al patrizio romano Giovanni, che poi avrebbe riferito il sogno al Papa. In entrambi i casi la Vergine chiese che venisse eretta una Basilica in suo nome e annunci\u00f2 che, per indicare il luogo esatto, avrebbe mandato la\u00a0<strong>neve<\/strong>. Infatti quella notte avvenne una miracolosa nevicata sul colle Esquilino. Qui venne edificata dapprima la Basilica Liberiana, sui resti della quale Sisto III fece erigere la Basilica di Santa Maria Maggiore, intitolata alla Vergine. Con la sua imponente architettura e i suoi tesori artistici, la Basilica sub\u00ec nei secoli vari interventi di restauro e venne arricchita di opere d&#8217;arte. Ancora oggi continua a essere uno dei simboli di fede e\u00a0<strong><a href=\"https:\/\/www.holyart.it\/blog\/articoli-religiosi\/10-santuari-mariani-piu-famosi-in-italia\/\">devozione mariana<\/a><\/strong>\u00a0pi\u00f9 importanti al mondo.<\/p>\n<div class=\"link-article\">\n<p><img loading=\"lazy\" decoding=\"async\" class=\"size-full wp-image-20192 alignleft\" src=\"https:\/\/blog.holyart.it\/it\/wp-content\/uploads\/sites\/17\/2024\/06\/santuari-mariani.jpg\" alt=\"santuari mariani\" width=\"150\" height=\"99\" data-kale-share-title=\"Madonna della Neve e il miracolo del 5 agosto\" data-kale-share-url=\"https:\/\/blog.holyart.it\/it\/?p=20190\" \/><\/p>\n<div class=\"leggi-anche\">Leggi anche:<\/div>\n<p><strong><a href=\"https:\/\/www.holyart.it\/blog\/articoli-religiosi\/10-santuari-mariani-piu-famosi-in-italia\/\">I 10 santuari mariani pi\u00f9 famosi in Italia<\/a><\/strong><br \/>\nI Santuari Mariani rappresentano da sempre luoghi in cui si concentra la devozione alla Vergine, Madre di Ges\u00f9&#8230;<\/p>\n<\/div>\n<h2>Quando si festeggia Santa Maria della Neve?<\/h2>\n<p>La Madonna della Neve viene celebrata dunque il\u00a0<strong>5 agosto<\/strong>, per ricordare il famoso miracolo della nevicata sull&#8217;Esquilino. Ogni anno, il 5 agosto, si celebra la festa della Madonna della Neve con una solenne messa in onore della Vergine Maria. Questa ricorrenza, che commemora il miracolo della neve, attira turisti da tutto il mondo. Nella piazza antistante la Basilica di Santa Maria Maggiore, viene organizzato uno spettacolo di suoni e luci, seguito da una\u00a0<strong>nevicata artificiale<\/strong>\u00a0che rievoca quella miracolosa avvenuta nel 358 d.C. Anticamente venivano usati petali di rose bianche come fiocchi di neve.<\/p>\n<p>Secondo alcune tradizioni, il 5 agosto \u00e8 ricordato anche come il\u00a0<a href=\"https:\/\/www.holyart.it\/blog\/articoli-religiosi\/compleanno-della-madonna-5-agosto-8-settembre\/\"><strong>compleanno della Madonna<\/strong><\/a>. La Nativit\u00e0 della Vergine viene ufficialmente celebrata l&#8217;8 settembre, sebbene questa data sia di natura puramente convenzionale, poich\u00e9 non esistono indicazioni precise sulla data di nascita di Maria. La scelta dell&#8217;8 settembre coincide con la festa di dedicazione della Basilica di Sant\u2019Anna a Gerusalemme, costruita nel IV secolo d.C. sul sito dove si crede sorgesse la casa dei genitori di Maria. Per\u00f2 esistono altre tradizioni, che fanno coincidere il compleanno della Madonna con date diverse, tra le quali proprio il 5 agosto, festa della Madonna della Neve.<\/p>\n<div class=\"link-article\">\n<p><img loading=\"lazy\" decoding=\"async\" class=\"size-full wp-image-20193 alignleft\" src=\"https:\/\/blog.holyart.it\/it\/wp-content\/uploads\/sites\/17\/2024\/06\/compleanno-madonna-medjugorje.jpg\" alt=\"compleanno madonna medjugorje\" width=\"150\" height=\"99\" data-kale-share-title=\"Madonna della Neve e il miracolo del 5 agosto\" data-kale-share-url=\"https:\/\/blog.holyart.it\/it\/?p=20190\" \/><\/p>\n<div class=\"leggi-anche\">Leggi anche:<\/div>\n<p><strong><a href=\"https:\/\/www.holyart.it\/blog\/articoli-religiosi\/compleanno-della-madonna-5-agosto-8-settembre\/\">Compleanno della Madonna: \u00e8 nata il 5 agosto o l\u20198 settembre?<\/a><\/strong><br \/>\nIl compleanno della Madonna: 5 agosto o 8 settembre? Scopriamo quando e perch\u00e9&#8230;<\/p>\n<\/div>\n<h2>Perch\u00e9 Santa Maria Maggiore \u00e8 dedicata alla Vergine della Neve?<\/h2>\n<p>Santa Maria Maggiore \u00e8 dedicata alla Vergine della Neve per commemorare il miracolo del 5 agosto. Questo evento \u00e8 profondamente radicato nella tradizione cristiana e ha dato origine a una delle festivit\u00e0 mariane pi\u00f9 sentite e celebrate. Ogni anno, il 5 agosto, la Basilica Papale di Santa Maria Maggiore a Roma ospita una solenne celebrazione liturgica e una spettacolare &#8220;nevicata&#8221; artificiale di petali bianchi, che ricorda la miracolosa nevicata estiva del 358 d.C.<\/p>\n<p>La Chiesa della Madonna della Neve (in latino<em>\u00a0Sancta Maria ad Nives<\/em>) \u00e8 una delle\u00a0Basiliche papali\u00a0ovvero quelle chiese particolarmente importanti che ospitano un\u00a0<strong>altare papale<\/strong>, dove solo il Papa o pochi altri sacerdoti di alto rango possono celebrare l\u2019Eucaristia.\u00a0<a href=\"https:\/\/www.holyart.it\/blog\/articoli-religiosi\/chiese-giubilari-mete-di-pellegrinaggio-irrinunciabili-durante-il-giubileo\/\"><strong>Ciascuna delle Basiliche papali ha anche una\u00a0Porta Santa<\/strong><\/a>\u00a0che viene aperta in occasione del Giubileo. L&#8217;apertura della\u00a0<strong>Porta Santa<\/strong>\u00a0\u00e8 un evento centrale del\u00a0<a href=\"https:\/\/www.holyart.it\/it\/giubileo-2025-pellegrini-di-speranza\"><strong>Giubileo<\/strong><\/a>, e segna l&#8217;inizio del periodo di grazia e misericordia che esso rappresenta. In particolare,\u00a0<strong><a href=\"https:\/\/www.holyart.it\/blog\/articoli-religiosi\/porta-santa-cose-e-cosa-rappresenta-la-sua-apertura\/\">l&#8217;apertura della Porta Santa della Basilica di San Pietro<\/a><\/strong>, che per il Giubileo del 2025 avverr\u00e0 il 24 dicembre 2024, segna ufficialmente l&#8217;inizio dell&#8217;Anno Santo. Attraversare la Porta Santa invita i fedeli alla conversione e a ricevere la grazia del perdono.<\/p>\n<div class=\"link-article\">\n<p><img loading=\"lazy\" decoding=\"async\" class=\"size-full wp-image-20194 alignleft\" src=\"https:\/\/blog.holyart.it\/it\/wp-content\/uploads\/sites\/17\/2024\/06\/chiese-giubilari.jpg\" alt=\"chiese giubilari\" width=\"150\" height=\"99\" data-kale-share-title=\"Madonna della Neve e il miracolo del 5 agosto\" data-kale-share-url=\"https:\/\/blog.holyart.it\/it\/?p=20190\" \/><\/p>\n<div class=\"leggi-anche\">Leggi anche:<\/div>\n<p><strong><a href=\"https:\/\/www.holyart.it\/blog\/articoli-religiosi\/chiese-giubilari-mete-di-pellegrinaggio-irrinunciabili-durante-il-giubileo\/\">Chiese Giubilari, mete di pellegrinaggio irrinunciabili durante il Giubileo<\/a><\/strong><br \/>\nLe Chiese Giubilari sono quelle dotate di una Porta Santa&#8230;<\/p>\n<\/div>\n<p>La Basilica Papale di Santa Maria Maggiore, situata a Roma, \u00e8 un esempio eccezionale di architettura paleocristiana. La sua costruzione inizi\u00f2, come abbiamo visto sotto il pontificato di Papa Liberio, ma la basilica ha subito numerose modifiche e ampliamenti nel corso dei secoli. Santa Maria Maggiore \u00e8 celebre tra le altre cose per i suoi\u00a0<strong>mosaici<\/strong>, risalenti al periodo della sua edificazione. Questi mosaici corrono in alto lungo la navata principale, sia a destra che a sinistra. Originariamente erano 42 riquadri, ma solo 27 sono sopravvissuti (12 a sinistra e 15 a destra), mentre gli altri sono andati distrutti nel XVIII secolo e in alcuni casi sono stati sostituiti da affreschi. I riquadri rappresentano storie dell\u2019Antico Testamento. Altri preziosi mosaici adornano l\u2019arco trionfale che delimita l\u2019abside, e rappresentano scene della vita di Ges\u00f9.<\/p>\n<p>Nella Basilica di Santa Maria Maggiore \u00e8 anche sepolto il famoso scultore Gian Lorenzo Bernini.<\/p>\n<div class=\"link-product\">\n<div class=\"blocco-immagine\"><img loading=\"lazy\" decoding=\"async\" class=\"size-full wp-image-20195 alignleft\" src=\"https:\/\/blog.holyart.it\/it\/wp-content\/uploads\/sites\/17\/2024\/06\/zaino-del-pellegrino-kit-completo-giubileo-2025.jpg\" alt=\"zaino del pellegrino kit completo giubileo 2025\" width=\"100\" height=\"100\" data-kale-share-title=\"Madonna della Neve e il miracolo del 5 agosto\" data-kale-share-url=\"https:\/\/blog.holyart.it\/it\/?p=20190\" \/><\/div>\n<div class=\"blocco-contenuto\">\n<div class=\"blocco-acquista\">Acquista su Holyart:<\/div>\n<div class=\"blocco-titolo\"><a href=\"https:\/\/www.holyart.it\/it\/giubileo-2025-pellegrini-di-speranza\">Giubileo 2025 &#8211; Pellegrini di speranza<\/a><\/div>\n<div class=\"blocco-descrizione\">Articoli pensati per celebrare il prossimo Giubileo 2025 a Roma.<\/div>\n<\/div>\n<\/div>\n","protected":false},"excerpt":{"rendered":"<p>Il 5 agosto a Roma si ricorda la Madonna della Neve, con una nevicata spettacolare sulla piazza della Basilica Papale di Santa Maria Maggiore, a lei dedicata. Ecco come nasce il culto La\u00a0Madonna della Neve\u00a0e il\u00a0miracolo del 5 agosto\u00a0sono parte integrante della storia religiosa di&hellip;<\/p>\n","protected":false},"author":1,"featured_media":20198,"comment_status":"closed","ping_status":"open","sticky":false,"template":"","format":"standard","meta":{"_acf_changed":false,"footnotes":""},"categories":[15],"tags":[],"class_list":["post-20190","post","type-post","status-publish","format-standard","has-post-thumbnail","hentry","category-santi-e-beati"],"acf":[],"yoast_head":"<!-- This site is optimized with the Yoast SEO plugin v26.6 - https:\/\/yoast.com\/wordpress\/plugins\/seo\/ -->\n<title>Madonna della Neve e il miracolo del 5 agosto - Holyblog<\/title>\n<meta name=\"description\" content=\"La Madonna della Neve \u00e8 protagonista di una devozione mariana nata intorno alla Basilica di Santa Maria Maggiore. Si festeggia il 5 agosto.\" \/>\n<meta name=\"robots\" content=\"index, follow, max-snippet:-1, max-image-preview:large, max-video-preview:-1\" \/>\n<link rel=\"canonical\" href=\"https:\/\/blog.holyart.it\/it\/santi-e-beati\/madonna-della-neve-e-il-miracolo-del-5-agosto\/\" \/>\n<meta property=\"og:locale\" content=\"it_IT\" \/>\n<meta property=\"og:type\" content=\"article\" \/>\n<meta property=\"og:title\" content=\"Madonna della Neve e il miracolo del 5 agosto - Holyblog\" \/>\n<meta property=\"og:description\" content=\"La Madonna della Neve \u00e8 protagonista di una devozione mariana nata intorno alla Basilica di Santa Maria Maggiore. Si festeggia il 5 agosto.\" \/>\n<meta property=\"og:url\" content=\"https:\/\/blog.holyart.it\/it\/santi-e-beati\/madonna-della-neve-e-il-miracolo-del-5-agosto\/\" \/>\n<meta property=\"og:site_name\" content=\"Holyblog\" \/>\n<meta property=\"article:published_time\" content=\"2024-07-24T08:00:43+00:00\" \/>\n<meta property=\"article:modified_time\" content=\"2025-07-31T12:14:56+00:00\" \/>\n<meta property=\"og:image\" content=\"https:\/\/blog.holyart.it\/it\/wp-content\/uploads\/sites\/17\/2024\/06\/madonna-della-neve.jpg\" \/>\n\t<meta property=\"og:image:width\" content=\"1000\" \/>\n\t<meta property=\"og:image:height\" content=\"666\" \/>\n\t<meta property=\"og:image:type\" content=\"image\/jpeg\" \/>\n<meta name=\"author\" content=\"Redazione\" \/>\n<meta name=\"twitter:card\" content=\"summary_large_image\" \/>\n<meta name=\"twitter:label1\" content=\"Scritto da\" \/>\n\t<meta name=\"twitter:data1\" content=\"Redazione\" \/>\n\t<meta name=\"twitter:label2\" content=\"Tempo di lettura stimato\" \/>\n\t<meta name=\"twitter:data2\" content=\"7 minuti\" \/>\n<script type=\"application\/ld+json\" class=\"yoast-schema-graph\">{\"@context\":\"https:\/\/schema.org\",\"@graph\":[{\"@type\":\"Article\",\"@id\":\"https:\/\/blog.holyart.it\/it\/santi-e-beati\/madonna-della-neve-e-il-miracolo-del-5-agosto\/#article\",\"isPartOf\":{\"@id\":\"https:\/\/blog.holyart.it\/it\/santi-e-beati\/madonna-della-neve-e-il-miracolo-del-5-agosto\/\"},\"author\":{\"name\":\"Redazione\",\"@id\":\"https:\/\/blog.holyart.it\/it\/#\/schema\/person\/0a7b686e5af0f856ec1e390dd0baecda\"},\"headline\":\"Madonna della Neve e il miracolo del 5 agosto\",\"datePublished\":\"2024-07-24T08:00:43+00:00\",\"dateModified\":\"2025-07-31T12:14:56+00:00\",\"mainEntityOfPage\":{\"@id\":\"https:\/\/blog.holyart.it\/it\/santi-e-beati\/madonna-della-neve-e-il-miracolo-del-5-agosto\/\"},\"wordCount\":956,\"publisher\":{\"@id\":\"https:\/\/blog.holyart.it\/it\/#organization\"},\"image\":{\"@id\":\"https:\/\/blog.holyart.it\/it\/santi-e-beati\/madonna-della-neve-e-il-miracolo-del-5-agosto\/#primaryimage\"},\"thumbnailUrl\":\"https:\/\/blog.holyart.it\/it\/wp-content\/uploads\/sites\/17\/2024\/06\/madonna-della-neve.jpg\",\"articleSection\":[\"Santi e beati\"],\"inLanguage\":\"it-IT\"},{\"@type\":\"WebPage\",\"@id\":\"https:\/\/blog.holyart.it\/it\/santi-e-beati\/madonna-della-neve-e-il-miracolo-del-5-agosto\/\",\"url\":\"https:\/\/blog.holyart.it\/it\/santi-e-beati\/madonna-della-neve-e-il-miracolo-del-5-agosto\/\",\"name\":\"Madonna della Neve e il miracolo del 5 agosto - Holyblog\",\"isPartOf\":{\"@id\":\"https:\/\/blog.holyart.it\/it\/#website\"},\"primaryImageOfPage\":{\"@id\":\"https:\/\/blog.holyart.it\/it\/santi-e-beati\/madonna-della-neve-e-il-miracolo-del-5-agosto\/#primaryimage\"},\"image\":{\"@id\":\"https:\/\/blog.holyart.it\/it\/santi-e-beati\/madonna-della-neve-e-il-miracolo-del-5-agosto\/#primaryimage\"},\"thumbnailUrl\":\"https:\/\/blog.holyart.it\/it\/wp-content\/uploads\/sites\/17\/2024\/06\/madonna-della-neve.jpg\",\"datePublished\":\"2024-07-24T08:00:43+00:00\",\"dateModified\":\"2025-07-31T12:14:56+00:00\",\"description\":\"La Madonna della Neve \u00e8 protagonista di una devozione mariana nata intorno alla Basilica di Santa Maria Maggiore. Si festeggia il 5 agosto.\",\"breadcrumb\":{\"@id\":\"https:\/\/blog.holyart.it\/it\/santi-e-beati\/madonna-della-neve-e-il-miracolo-del-5-agosto\/#breadcrumb\"},\"inLanguage\":\"it-IT\",\"potentialAction\":[{\"@type\":\"ReadAction\",\"target\":[\"https:\/\/blog.holyart.it\/it\/santi-e-beati\/madonna-della-neve-e-il-miracolo-del-5-agosto\/\"]}]},{\"@type\":\"ImageObject\",\"inLanguage\":\"it-IT\",\"@id\":\"https:\/\/blog.holyart.it\/it\/santi-e-beati\/madonna-della-neve-e-il-miracolo-del-5-agosto\/#primaryimage\",\"url\":\"https:\/\/blog.holyart.it\/it\/wp-content\/uploads\/sites\/17\/2024\/06\/madonna-della-neve.jpg\",\"contentUrl\":\"https:\/\/blog.holyart.it\/it\/wp-content\/uploads\/sites\/17\/2024\/06\/madonna-della-neve.jpg\",\"width\":1000,\"height\":666,\"caption\":\"madonna della neve\"},{\"@type\":\"BreadcrumbList\",\"@id\":\"https:\/\/blog.holyart.it\/it\/santi-e-beati\/madonna-della-neve-e-il-miracolo-del-5-agosto\/#breadcrumb\",\"itemListElement\":[{\"@type\":\"ListItem\",\"position\":1,\"name\":\"Homepage\",\"item\":\"https:\/\/blog.holyart.it\/it\/\"},{\"@type\":\"ListItem\",\"position\":2,\"name\":\"Santi e beati\",\"item\":\"https:\/\/blog.holyart.it\/it\/santi-e-beati\/\"},{\"@type\":\"ListItem\",\"position\":3,\"name\":\"Madonna della Neve e il miracolo del 5 agosto\"}]},{\"@type\":\"WebSite\",\"@id\":\"https:\/\/blog.holyart.it\/it\/#website\",\"url\":\"https:\/\/blog.holyart.it\/it\/\",\"name\":\"Holyblog\",\"description\":\"Il Blog di Holyart.it\",\"publisher\":{\"@id\":\"https:\/\/blog.holyart.it\/it\/#organization\"},\"potentialAction\":[{\"@type\":\"SearchAction\",\"target\":{\"@type\":\"EntryPoint\",\"urlTemplate\":\"https:\/\/blog.holyart.it\/it\/?s={search_term_string}\"},\"query-input\":{\"@type\":\"PropertyValueSpecification\",\"valueRequired\":true,\"valueName\":\"search_term_string\"}}],\"inLanguage\":\"it-IT\"},{\"@type\":\"Organization\",\"@id\":\"https:\/\/blog.holyart.it\/it\/#organization\",\"name\":\"Holyblog\",\"url\":\"https:\/\/blog.holyart.it\/it\/\",\"logo\":{\"@type\":\"ImageObject\",\"inLanguage\":\"it-IT\",\"@id\":\"https:\/\/blog.holyart.it\/it\/#\/schema\/logo\/image\/\",\"url\":\"https:\/\/blog.holyart.it\/it\/wp-content\/uploads\/sites\/17\/2022\/12\/Holyart_Blog_Logo.jpg\",\"contentUrl\":\"https:\/\/blog.holyart.it\/it\/wp-content\/uploads\/sites\/17\/2022\/12\/Holyart_Blog_Logo.jpg\",\"width\":300,\"height\":50,\"caption\":\"Holyblog\"},\"image\":{\"@id\":\"https:\/\/blog.holyart.it\/it\/#\/schema\/logo\/image\/\"}},{\"@type\":\"Person\",\"@id\":\"https:\/\/blog.holyart.it\/it\/#\/schema\/person\/0a7b686e5af0f856ec1e390dd0baecda\",\"name\":\"Redazione\"}]}<\/script>\n<!-- \/ Yoast SEO plugin. -->","yoast_head_json":{"title":"Madonna della Neve e il miracolo del 5 agosto - Holyblog","description":"La Madonna della Neve \u00e8 protagonista di una devozione mariana nata intorno alla Basilica di Santa Maria Maggiore. Si festeggia il 5 agosto.","robots":{"index":"index","follow":"follow","max-snippet":"max-snippet:-1","max-image-preview":"max-image-preview:large","max-video-preview":"max-video-preview:-1"},"canonical":"https:\/\/blog.holyart.it\/it\/santi-e-beati\/madonna-della-neve-e-il-miracolo-del-5-agosto\/","og_locale":"it_IT","og_type":"article","og_title":"Madonna della Neve e il miracolo del 5 agosto - Holyblog","og_description":"La Madonna della Neve \u00e8 protagonista di una devozione mariana nata intorno alla Basilica di Santa Maria Maggiore. Si festeggia il 5 agosto.","og_url":"https:\/\/blog.holyart.it\/it\/santi-e-beati\/madonna-della-neve-e-il-miracolo-del-5-agosto\/","og_site_name":"Holyblog","article_published_time":"2024-07-24T08:00:43+00:00","article_modified_time":"2025-07-31T12:14:56+00:00","og_image":[{"width":1000,"height":666,"url":"https:\/\/blog.holyart.it\/it\/wp-content\/uploads\/sites\/17\/2024\/06\/madonna-della-neve.jpg","type":"image\/jpeg"}],"author":"Redazione","twitter_card":"summary_large_image","twitter_misc":{"Scritto da":"Redazione","Tempo di lettura stimato":"7 minuti"},"schema":{"@context":"https:\/\/schema.org","@graph":[{"@type":"Article","@id":"https:\/\/blog.holyart.it\/it\/santi-e-beati\/madonna-della-neve-e-il-miracolo-del-5-agosto\/#article","isPartOf":{"@id":"https:\/\/blog.holyart.it\/it\/santi-e-beati\/madonna-della-neve-e-il-miracolo-del-5-agosto\/"},"author":{"name":"Redazione","@id":"https:\/\/blog.holyart.it\/it\/#\/schema\/person\/0a7b686e5af0f856ec1e390dd0baecda"},"headline":"Madonna della Neve e il miracolo del 5 agosto","datePublished":"2024-07-24T08:00:43+00:00","dateModified":"2025-07-31T12:14:56+00:00","mainEntityOfPage":{"@id":"https:\/\/blog.holyart.it\/it\/santi-e-beati\/madonna-della-neve-e-il-miracolo-del-5-agosto\/"},"wordCount":956,"publisher":{"@id":"https:\/\/blog.holyart.it\/it\/#organization"},"image":{"@id":"https:\/\/blog.holyart.it\/it\/santi-e-beati\/madonna-della-neve-e-il-miracolo-del-5-agosto\/#primaryimage"},"thumbnailUrl":"https:\/\/blog.holyart.it\/it\/wp-content\/uploads\/sites\/17\/2024\/06\/madonna-della-neve.jpg","articleSection":["Santi e beati"],"inLanguage":"it-IT"},{"@type":"WebPage","@id":"https:\/\/blog.holyart.it\/it\/santi-e-beati\/madonna-della-neve-e-il-miracolo-del-5-agosto\/","url":"https:\/\/blog.holyart.it\/it\/santi-e-beati\/madonna-della-neve-e-il-miracolo-del-5-agosto\/","name":"Madonna della Neve e il miracolo del 5 agosto - Holyblog","isPartOf":{"@id":"https:\/\/blog.holyart.it\/it\/#website"},"primaryImageOfPage":{"@id":"https:\/\/blog.holyart.it\/it\/santi-e-beati\/madonna-della-neve-e-il-miracolo-del-5-agosto\/#primaryimage"},"image":{"@id":"https:\/\/blog.holyart.it\/it\/santi-e-beati\/madonna-della-neve-e-il-miracolo-del-5-agosto\/#primaryimage"},"thumbnailUrl":"https:\/\/blog.holyart.it\/it\/wp-content\/uploads\/sites\/17\/2024\/06\/madonna-della-neve.jpg","datePublished":"2024-07-24T08:00:43+00:00","dateModified":"2025-07-31T12:14:56+00:00","description":"La Madonna della Neve \u00e8 protagonista di una devozione mariana nata intorno alla Basilica di Santa Maria Maggiore. Si festeggia il 5 agosto.","breadcrumb":{"@id":"https:\/\/blog.holyart.it\/it\/santi-e-beati\/madonna-della-neve-e-il-miracolo-del-5-agosto\/#breadcrumb"},"inLanguage":"it-IT","potentialAction":[{"@type":"ReadAction","target":["https:\/\/blog.holyart.it\/it\/santi-e-beati\/madonna-della-neve-e-il-miracolo-del-5-agosto\/"]}]},{"@type":"ImageObject","inLanguage":"it-IT","@id":"https:\/\/blog.holyart.it\/it\/santi-e-beati\/madonna-della-neve-e-il-miracolo-del-5-agosto\/#primaryimage","url":"https:\/\/blog.holyart.it\/it\/wp-content\/uploads\/sites\/17\/2024\/06\/madonna-della-neve.jpg","contentUrl":"https:\/\/blog.holyart.it\/it\/wp-content\/uploads\/sites\/17\/2024\/06\/madonna-della-neve.jpg","width":1000,"height":666,"caption":"madonna della neve"},{"@type":"BreadcrumbList","@id":"https:\/\/blog.holyart.it\/it\/santi-e-beati\/madonna-della-neve-e-il-miracolo-del-5-agosto\/#breadcrumb","itemListElement":[{"@type":"ListItem","position":1,"name":"Homepage","item":"https:\/\/blog.holyart.it\/it\/"},{"@type":"ListItem","position":2,"name":"Santi e beati","item":"https:\/\/blog.holyart.it\/it\/santi-e-beati\/"},{"@type":"ListItem","position":3,"name":"Madonna della Neve e il miracolo del 5 agosto"}]},{"@type":"WebSite","@id":"https:\/\/blog.holyart.it\/it\/#website","url":"https:\/\/blog.holyart.it\/it\/","name":"Holyblog","description":"Il Blog di Holyart.it","publisher":{"@id":"https:\/\/blog.holyart.it\/it\/#organization"},"potentialAction":[{"@type":"SearchAction","target":{"@type":"EntryPoint","urlTemplate":"https:\/\/blog.holyart.it\/it\/?s={search_term_string}"},"query-input":{"@type":"PropertyValueSpecification","valueRequired":true,"valueName":"search_term_string"}}],"inLanguage":"it-IT"},{"@type":"Organization","@id":"https:\/\/blog.holyart.it\/it\/#organization","name":"Holyblog","url":"https:\/\/blog.holyart.it\/it\/","logo":{"@type":"ImageObject","inLanguage":"it-IT","@id":"https:\/\/blog.holyart.it\/it\/#\/schema\/logo\/image\/","url":"https:\/\/blog.holyart.it\/it\/wp-content\/uploads\/sites\/17\/2022\/12\/Holyart_Blog_Logo.jpg","contentUrl":"https:\/\/blog.holyart.it\/it\/wp-content\/uploads\/sites\/17\/2022\/12\/Holyart_Blog_Logo.jpg","width":300,"height":50,"caption":"Holyblog"},"image":{"@id":"https:\/\/blog.holyart.it\/it\/#\/schema\/logo\/image\/"}},{"@type":"Person","@id":"https:\/\/blog.holyart.it\/it\/#\/schema\/person\/0a7b686e5af0f856ec1e390dd0baecda","name":"Redazione"}]}},"_links":{"self":[{"href":"https:\/\/blog.holyart.it\/it\/wp-json\/wp\/v2\/posts\/20190","targetHints":{"allow":["GET"]}}],"collection":[{"href":"https:\/\/blog.holyart.it\/it\/wp-json\/wp\/v2\/posts"}],"about":[{"href":"https:\/\/blog.holyart.it\/it\/wp-json\/wp\/v2\/types\/post"}],"author":[{"embeddable":true,"href":"https:\/\/blog.holyart.it\/it\/wp-json\/wp\/v2\/users\/1"}],"replies":[{"embeddable":true,"href":"https:\/\/blog.holyart.it\/it\/wp-json\/wp\/v2\/comments?post=20190"}],"version-history":[{"count":2,"href":"https:\/\/blog.holyart.it\/it\/wp-json\/wp\/v2\/posts\/20190\/revisions"}],"predecessor-version":[{"id":20197,"href":"https:\/\/blog.holyart.it\/it\/wp-json\/wp\/v2\/posts\/20190\/revisions\/20197"}],"wp:featuredmedia":[{"embeddable":true,"href":"https:\/\/blog.holyart.it\/it\/wp-json\/wp\/v2\/media\/20198"}],"wp:attachment":[{"href":"https:\/\/blog.holyart.it\/it\/wp-json\/wp\/v2\/media?parent=20190"}],"wp:term":[{"taxonomy":"category","embeddable":true,"href":"https:\/\/blog.holyart.it\/it\/wp-json\/wp\/v2\/categories?post=20190"},{"taxonomy":"post_tag","embeddable":true,"href":"https:\/\/blog.holyart.it\/it\/wp-json\/wp\/v2\/tags?post=20190"}],"curies":[{"name":"wp","href":"https:\/\/api.w.org\/{rel}","templated":true}]}}