{"id":20167,"date":"2024-07-17T10:00:16","date_gmt":"2024-07-17T08:00:16","guid":{"rendered":"https:\/\/blog.holyart.it\/it\/?p=20167"},"modified":"2025-10-08T15:37:51","modified_gmt":"2025-10-08T13:37:51","slug":"a-cosa-servono-le-guardie-svizzere","status":"publish","type":"post","link":"https:\/\/blog.holyart.it\/it\/articoli-religiosi\/a-cosa-servono-le-guardie-svizzere\/","title":{"rendered":"A cosa servono le guardie svizzere"},"content":{"rendered":"<h4>Da cinquecento anni le Guardie Svizzere proteggono la sicurezza del Papa e vigilano sul Vaticano. Ecco chi sono questi uomini dalle pittoresche uniformi gialle, rosse e blu<\/h4>\n\n<p>Le\u00a0<strong>Guardie Svizzere<\/strong>, conosciute anche come Guardie papali o Guardia svizzera pontificia, sono una delle istituzioni pi\u00f9 antiche e affascinanti del mondo. Fondate nel 1506, queste guardie hanno il compito di\u00a0<strong>proteggere il Papa e il Vaticano<\/strong>. Con l&#8217;avvicinarsi del\u00a0<strong><a href=\"https:\/\/www.holyart.it\/blog\/articoli-religiosi\/il-calendario-degli-eventi-del-giubileo-2025\/\">Giubileo 2025<\/a><\/strong>, il loro ruolo \u00e8 pi\u00f9 rilevante che mai.<\/p>\n<p>Questo particolare corpo armato, unico nel suo genere, \u00e8\u00a0<strong>il pi\u00f9 antico corpo permanente al mondo<\/strong>. Infatti, salvo alcune interruzioni di servizio, le Guardie Svizzere sono rimaste a guardia del Vaticano e in particolare della figura del Santo Padre ininterrottamente da cinque secoli, sempre\u00a0<em>Acriter et fideliter<\/em>,\u00a0<em>&#8220;Con coraggio e fedelt\u00e0&#8221;<\/em>, come recita il loro motto.<\/p>\n<div class=\"link-article\">\n<p><img loading=\"lazy\" decoding=\"async\" class=\"size-full wp-image-20170 alignleft\" src=\"https:\/\/blog.holyart.it\/it\/wp-content\/uploads\/sites\/17\/2024\/06\/giubileo-2025.jpg\" alt=\"giubileo 2025\" width=\"150\" height=\"99\" data-kale-share-title=\"A cosa servono le guardie svizzere\" data-kale-share-url=\"https:\/\/blog.holyart.it\/it\/?p=20167\" \/><\/p>\n<div class=\"leggi-anche\">Leggi anche:<\/div>\n<p><strong><a href=\"https:\/\/www.holyart.it\/blog\/articoli-religiosi\/il-calendario-degli-eventi-del-giubileo-2025\/\">Il calendario degli eventi del Giubileo 2025<\/a><\/strong><br \/>\n\u00c8 stato pubblicato il calendario degli eventi del Giubileo 2025, dodici mesi di eventi e occasioni per approfondire la fede&#8230;<\/p>\n<\/div>\n<p>La funzione principale delle guardie del Papa \u00e8 la\u00a0<strong>protezione del Santo Padre<\/strong>, sia all&#8217;interno del Vaticano che durante i suoi spostamenti. Questa responsabilit\u00e0 include la sicurezza durante le udienze papali, le celebrazioni liturgiche e i <a href=\"https:\/\/www.holyart.it\/blog\/occasioni-speciali\/quanti-viaggi-ha-fatto-papa-francesco\/\"><strong>viaggi apostolici<\/strong><\/a>. Oltre a proteggere il Papa, le Guardie del Vaticano assicurano la\u00a0<strong>sicurezza dello Stato della Citt\u00e0 del Vaticano<\/strong>. Questo include il\u00a0<strong>controllo degli accessi\u00a0<\/strong>e la\u00a0<strong>vigilanza nei luoghi sacri<\/strong>\u00a0e nei punti strategici del piccolo Stato.<\/p>\n<p>Le Guardie Svizzere sono anche protagoniste di numerose\u00a0<strong>cerimonie e tradizioni\u00a0<\/strong>vaticane. La loro <strong>uniforme\u00a0<\/strong>colorata, che rimanda alle loro origini rinascimentali, \u00e8 riconosciuta a livello mondiale. Nonostante sia stata erroneamente attribuita a Michelangelo, questa uniforme fu concepita all&#8217;inizio del XX secolo dal comandante Jules Repond. Ispirata agli abiti rinascimentali e alle opere di Raffaello, include i colori degli stemmi di papa Giulio II della Rovere (<strong>giallo e blu<\/strong>) e papa Clemente VII della famiglia Medici (<strong>rosso<\/strong>), e simboleggia la lunga storia e le tradizioni del corpo.<\/p>\n<div class=\"link-article\">\n<p><img loading=\"lazy\" decoding=\"async\" class=\"size-full wp-image-20171 alignleft\" src=\"https:\/\/blog.holyart.it\/it\/wp-content\/uploads\/sites\/17\/2024\/06\/viaggi-papa-francesco.jpg\" alt=\"viaggi papa francesco\" width=\"150\" height=\"99\" data-kale-share-title=\"A cosa servono le guardie svizzere\" data-kale-share-url=\"https:\/\/blog.holyart.it\/it\/?p=20167\" \/><\/p>\n<div class=\"leggi-anche\">Leggi anche:<\/div>\n<p><strong><a href=\"https:\/\/www.holyart.it\/blog\/occasioni-speciali\/quanti-viaggi-ha-fatto-papa-francesco\/\">Quanti viaggi ha fatto Papa Francesco?<\/a><\/strong><br \/>\nI viaggi di Papa Francesco sono la dimostrazione del suo impegno di evangelizzazione&#8230;<\/p>\n<\/div>\n<p>Particolarmente significativo \u00e8 il\u00a0<strong>Giuramento delle guardie svizzere<\/strong>, che si tiene ogni anno il\u00a0<strong>6 maggio<\/strong>. Durante questa cerimonia, i nuovi reclutati giurano fedelt\u00e0 al Papa e promettono di difenderlo con la propria vita con questa formula che ci rimanda ad antichi ordini cavallereschi retti da solenni codici d&#8217;onore e coraggio:<\/p>\n<p><em>&#8220;Giuro di servire fedelmente, lealmente e onorevolmente il Sommo Pontefice (nome del Pontefice) e i suoi legittimi successori, come pure di dedicarmi a loro con tutte le forze, sacrificando, ove occorra, anche la vita per la loro difesa. Assumo del pari questi impegni riguardo al Sacro Collegio dei Cardinali per la durata della Sede vacante. Prometto inoltre al Comandante e agli altri miei superiori rispetto, fedelt\u00e0 e ubbidienza. Giuro di osservare tutto quello che l&#8217;onore della mia posizione esige da me.&#8221;<\/em><\/p>\n<p>Con l&#8217;avvicinarsi del\u00a0<strong>Giubileo 2025<\/strong>, il ruolo delle Guardie Svizzere sar\u00e0 particolarmente intenso. <strong><a href=\"https:\/\/www.holyart.it\/blog\/articoli-religiosi\/cose-il-giubileo-prepariamoci-a-un-nuovo-anno-santo\/\">Il Giubileo \u00e8 un evento straordinario<\/a><\/strong>\u00a0che attrae milioni di pellegrini da tutto il mondo. Le Guardie Svizzere saranno impegnate a garantire la sicurezza durante le celebrazioni, le processioni e le visite papali, e dovranno gestire grandi folle e proteggere i luoghi santi.<\/p>\n<p>Ma che cosa fanno le Guardie Svizzere? Perch\u00e9 il Papa viene protetto da loro? Come nasce quest&#8217;ordine cos\u00ec pittoresco?<\/p>\n<div class=\"link-article\">\n<p><img loading=\"lazy\" decoding=\"async\" class=\"size-full wp-image-20172 alignleft\" src=\"https:\/\/blog.holyart.it\/it\/wp-content\/uploads\/sites\/17\/2024\/06\/vaticano.jpg\" alt=\"vaticano\" width=\"150\" height=\"99\" data-kale-share-title=\"A cosa servono le guardie svizzere\" data-kale-share-url=\"https:\/\/blog.holyart.it\/it\/?p=20167\" \/><\/p>\n<div class=\"leggi-anche\">Leggi anche:<\/div>\n<p><strong><a href=\"https:\/\/www.holyart.it\/blog\/articoli-religiosi\/cose-il-giubileo-prepariamoci-a-un-nuovo-anno-santo\/\">Cos\u2019\u00e8 il Giubileo: prepariamoci a un nuovo Anno Santo<\/a><\/strong><br \/>\nCos\u2019\u00e8 il Giubileo? Ogni quanto viene celebrato? In vista dell\u2019Anno Santo 2025 scopriamo l\u2019origine&#8230;<\/p>\n<\/div>\n<h2>A cosa servono le Guardie Svizzere?<\/h2>\n<p>Perch\u00e9 il Papa \u00e8 protetto dalle Guardie Svizzere? La funzione primaria delle guardie del Papa \u00e8\u00a0<strong>garantire la sicurezza del Santo Padre<\/strong>. Questo compito include la protezione durante le udienze papali, le celebrazioni liturgiche e i viaggi apostolici. Le Guardie Svizzere sono sempre presenti per garantire che il Papa sia al sicuro in ogni momento.<\/p>\n<p><a href=\"https:\/\/www.holyart.it\/it\/occasioni-speciali\/papa-francesco\"><strong>Papa Francesco<\/strong><\/a>\u00a0ha espresso pi\u00f9 volte la sua gratitudine e ammirazione per le Guardie Svizzere. Il Pontefice ha sottolineato l&#8217;importanza del loro servizio, non solo come forza di sicurezza, ma anche come\u00a0<strong>simbolo di dedizione e fede<\/strong>. Le Guardie Svizzere, con la loro presenza discreta, ma determinata, rappresentano un elemento fondamentale della vita vaticana.<\/p>\n<p>Per portare avanti al meglio il compito di proteggere il Pontefice, le Guardie Svizzere sono\u00a0<strong>addestrate militarmente\u00a0<\/strong>ed equipaggiate con moderne armi da fuoco portatili, oltre che con le tradizionali alabarde, che fungono come elemento scenografico. Oltre a garantire la sicurezza del Papa, la Guardia svizzera collabora con la Gendarmeria dello Stato della Citt\u00e0 del Vaticano per sorvegliare le cerimonie nella Basilica di San Pietro e nell&#8217;aula Paolo VI. Inoltre verificano e filtrano gli <strong>accessi in Vaticano.\u00a0<\/strong>Ancora, nei periodi di elezione papale, proteggono il collegio cardinalizio impegnato nel\u00a0<strong>Conclave<\/strong>.<\/p>\n<div class=\"link-product\">\n<div class=\"blocco-immagine\"><img loading=\"lazy\" decoding=\"async\" class=\"size-full wp-image-20173 alignleft\" src=\"https:\/\/blog.holyart.it\/it\/wp-content\/uploads\/sites\/17\/2024\/06\/rosario-profumato-al-gelsomino-rosso-papa-francesco.jpg\" alt=\"rosario profumato al gelsomino rosso papa francesco\" width=\"100\" height=\"100\" data-kale-share-title=\"A cosa servono le guardie svizzere\" data-kale-share-url=\"https:\/\/blog.holyart.it\/it\/?p=20167\" \/><\/div>\n<div class=\"blocco-contenuto\">\n<div class=\"blocco-acquista\">Acquista su Holyart:<\/div>\n<div class=\"blocco-titolo\"><a href=\"https:\/\/www.holyart.it\/it\/occasioni-speciali\/papa-francesco\">Papa Francesco<\/a><\/div>\n<div class=\"blocco-descrizione\">Categoria dedicata a Papa Jorge Mario Bergoglio.<\/div>\n<\/div>\n<\/div>\n<h2>Perch\u00e9 le Guardie Svizzere si chiamano cos\u00ec?<\/h2>\n<p>\u00c8 molto semplice: per diventare Guardie Svizzere il primo requisito imprescindibile \u00e8 essere <strong>cittadini svizzeri<\/strong>! Le Guardie Svizzere devono dunque il loro nome alla loro\u00a0<strong>origine geografica<\/strong>. Esse furono infatti istituite nel\u00a0<strong>1506<\/strong>\u00a0da<strong>\u00a0Papa Giulio II della Rovere<\/strong>. In quel periodo storico, la Svizzera, con il suo esercito di soldati altamente addestrati e disciplinati, forniva mercenari a vari sovrani europei. I mercenari svizzeri erano rinomati per la loro abilit\u00e0 e lealt\u00e0 in battaglia, e la loro reputazione di combattenti impavidi e fedeli li rendeva particolarmente richiesti.<br \/>\nIl 22 gennaio 1506, il primo contingente di 150 soldati svizzeri guidati dal capitano Kaspar von Silenen, del Canton d&#8217;Uri, entr\u00f2 a Roma per iniziare il loro servizio come guardie personali di Papa Giulio II, che riponeva grande fiducia nella loro lealt\u00e0 e nella loro abilit\u00e0 militare. In realt\u00e0, negli anni precedenti, altri pontefici avevano gi\u00e0 stretto accordi con la Confederazione Elvetica, ma Papa Giulio II \u00e8 considerato il fondatore del corpo.<\/p>\n<p>Nel maggio del 1527 avvenne il terribile\u00a0<strong>Sacco di Roma<\/strong>, da parte dei lanzichenecchi tedeschi al soldo di Carlo V d&#8217;Asburgo. Fu uno dei peggiori e pi\u00f9 brutali attacchi alla Citt\u00e0 Eterna, e costrinse il Papa di allora,\u00a0<strong>Clemente VII de Medici<\/strong>, a rifugiarsi a Castel Sant&#8217;Angelo il 6 maggio. A coprire la sua fuga 189 Guardie Svizzere, 147 delle quali persero la vita per mettere al sicuro il Pontefice. Per questo motivo il solenne\u00a0<strong>Giuramento della Guardia Svizzera<\/strong>\u00a0viene celebrato tradizionalmente il 6 maggio, \u00a0nel Cortile di San Damaso, in memoria di quelle eroiche guardie.<br \/>\nSuccessivamente la Guardia Svizzera\u00a0fu ricostruita per opera del cardinale Ennio Filonardi.\u00a0Sciolta pi\u00f9 volte durante le invasioni napoleoniche, la Guardia Svizzera continu\u00f2 a portare avanti il proprio compito di proteggere il Papa e i palazzi vaticani, perdendo via via la propria dimensione militare per assumerne una\u00a0<strong>pi\u00f9 cerimoniale<\/strong>.<\/p>\n<p>Nel primo decennio del &#8216;900, il comandante\u00a0<strong>Jules Repond<\/strong>\u00a0promosse una\u00a0<strong>profonda riforma<\/strong>\u00a0del corpo delle Guardie Svizzere, imponendo che fossero reclutati\u00a0<strong>unicamente cittadini svizzeri<\/strong>\u00a0che fossero\u00a0<strong>addestrati militarmente<\/strong>.\u00a0Dal 1970, con la soppressione della Guardia Nobile pontificia, la Guardia Svizzera \u00e8 rimasta l&#8217;unica a detenere il ruolo di guardia cerimoniale in Vaticano. Dopo il\u00a0<strong>tentato assassinio di <a href=\"https:\/\/www.holyart.it\/it\/occasioni-speciali\/giovanni-paolo-ii\">Giovanni Paolo II<\/a><\/strong> il 13 maggio 1981, le Guardie Svizzere sono state nuovamente elevate da semplice corpo cerimoniale a un vero corpo militare equipaggiato adeguatamente con armi moderne.<\/p>\n<div class=\"link-product\">\n<div class=\"blocco-immagine\"><img loading=\"lazy\" decoding=\"async\" class=\"size-full wp-image-20175 alignleft\" src=\"https:\/\/blog.holyart.it\/it\/wp-content\/uploads\/sites\/17\/2024\/06\/papa-giovanni-paolo-ii-con-mitria-naturale-legno-acero-valgardena.jpg\" alt=\"papa giovanni paolo ii con mitria naturale legno acero valgardena\" width=\"100\" height=\"100\" data-kale-share-title=\"A cosa servono le guardie svizzere\" data-kale-share-url=\"https:\/\/blog.holyart.it\/it\/?p=20167\" \/><\/div>\n<div class=\"blocco-contenuto\">\n<div class=\"blocco-acquista\">Acquista su Holyart:<\/div>\n<div class=\"blocco-titolo\"><a href=\"https:\/\/www.holyart.it\/it\/occasioni-speciali\/giovanni-paolo-ii\">Giovanni Paolo II<\/a><\/div>\n<div class=\"blocco-descrizione\">Categoria dedicata a Papa Giovanni Paolo II.<\/div>\n<\/div>\n<\/div>\n<h2>Che cosa fanno le Guardie Svizzere?<\/h2>\n<p>Le Guardie Svizzere svolgono una serie di compiti cruciali per la sicurezza e il funzionamento del Vaticano. Operative sette giorni su sette e 24 ore su 24, queste guardie sono pronte a intervenire in ogni momento per proteggere <a href=\"https:\/\/www.holyart.it\/blog\/articoli-religiosi\/san-pietro-in-vaticano-chiesa-simbolo-di-tutto-il-mondo-cristiano\/\"><strong>il Papa e il Vaticano<\/strong><\/a>.<br \/>\nIl loro compito principale \u00e8 garantire la sicurezza del Santo Padre, sia all&#8217;interno del Vaticano che durante i suoi spostamenti.<br \/>\nLe Guardie Svizzere assicurano la sicurezza dello Stato della Citt\u00e0 del Vaticano, monitorando gli accessi e vigilando su luoghi sacri e punti strategici. Sono incaricate di prevenire e rispondere a eventuali minacce alla sicurezza.<br \/>\nDal 2016, le Guardie Svizzere dispongono di una\u00a0<strong>centrale operativa<\/strong>\u00a0che raccoglie tutte le informazioni necessarie per svolgere i loro compiti. Questo centro di controllo permette una risposta rapida ed efficace a qualsiasi situazione di emergenza.<br \/>\nPer garantire la copertura di tutti i servizi richiesti, il numero di guardie \u00e8 stato<strong>\u00a0aumentato da 110 a circa 135 uomini<\/strong>. Questa riforma assicura che ci sia sempre un numero adeguato di personale disponibile per ogni necessit\u00e0.<br \/>\nLe Guardie Svizzere ricevono una formazione rigorosa per prepararsi a qualsiasi situazione di emergenza. Questa formazione include addestramento militare, tecniche di difesa personale e protocolli di sicurezza.<\/p>\n<div class=\"link-article\">\n<p><img loading=\"lazy\" decoding=\"async\" class=\"size-full wp-image-20176 alignleft\" src=\"https:\/\/blog.holyart.it\/it\/wp-content\/uploads\/sites\/17\/2024\/06\/san-pietro-basilica.jpeg\" alt=\"basilica di san pietro\" width=\"150\" height=\"100\" data-kale-share-title=\"A cosa servono le guardie svizzere\" data-kale-share-url=\"https:\/\/blog.holyart.it\/it\/?p=20167\" \/><\/p>\n<div class=\"leggi-anche\">Leggi anche:<\/div>\n<p><strong><a href=\"https:\/\/www.holyart.it\/blog\/articoli-religiosi\/san-pietro-in-vaticano-chiesa-simbolo-di-tutto-il-mondo-cristiano\/\">San Pietro in Vaticano: Chiesa simbolo di tutto il mondo cristiano<\/a><\/strong><br \/>\nSan Pietro in Vaticano \u00e8 una basilica piena di significati&#8230;<\/p>\n<\/div>\n<h2>Perch\u00e9 il Vaticano usa le Guardie Svizzere?<\/h2>\n<p><em>&#8220;Chi decide di dedicare la sua vita o alcuni anni alla Guardia Svizzera accetta, quindi, anche di sacrificare in extremis la vita per il Papa&#8221;<\/em>. Cos\u00ec affermava qualche anno fa Ten Urs Breitenmoser, allora responsabile media delle Guardie Svizzere. Da cinque secoli questo corpo di Guardie unico al mondo esiste per servire e proteggere il Santo Padre a costo della propria vita.<\/p>\n<p>Per<strong>\u00a0entrare a far parte delle Guardie Svizzere<\/strong>\u00a0\u00e8 necessario soddisfare specifici requisiti. Bisogna essere, come abbiamo gi\u00e0 visto, cittadini della Svizzera, e solo\u00a0<strong>uomini celibi<\/strong>\u00a0di et\u00e0 compresa\u00a0<strong>tra 19 e 30 anni\u00a0<\/strong>possono candidarsi. \u00c8 richiesto essere praticanti della\u00a0<strong>religione cattolica<\/strong>\u00a0e aver completato il\u00a0<strong>servizio militare nell&#8217;Esercito svizzero<\/strong>\u00a0con un certificato di buona condotta. La\u00a0<strong>statura minima\u00a0<\/strong>richiesta \u00e8 di 174 centimetri. Il\u00a0<strong>matrimonio\u00a0<\/strong>\u00e8 permesso solo dopo cinque anni di servizio e al compimento dei 25 anni di et\u00e0. \u00c8 richiesto un certificato di capacit\u00e0 professionale o un diploma di scuola superiore.<br \/>\nL&#8217;<strong>addestramento delle Guardie Svizzere\u00a0<\/strong>\u00e8 di tipo militare. Le guardie ricevono istruzioni in varie discipline di arti marziali per migliorare le loro capacit\u00e0 di difesa personale. L&#8217;uso e la manutenzione delle armi da fuoco sono parte integrante della formazione. Le guardie vengono addestrate anche all&#8217;uso di armi da tiro, per garantire loro una preparazione completa per diverse situazioni di sicurezza.<\/p>\n","protected":false},"excerpt":{"rendered":"<p>Da cinquecento anni le Guardie Svizzere proteggono la sicurezza del Papa e vigilano sul Vaticano. Ecco chi sono questi uomini dalle pittoresche uniformi gialle, rosse e blu Le\u00a0Guardie Svizzere, conosciute anche come Guardie papali o Guardia svizzera pontificia, sono una delle istituzioni pi\u00f9 antiche e&hellip;<\/p>\n","protected":false},"author":1,"featured_media":20179,"comment_status":"closed","ping_status":"open","sticky":false,"template":"","format":"standard","meta":{"_acf_changed":false,"footnotes":""},"categories":[25,16],"tags":[],"class_list":["post-20167","post","type-post","status-publish","format-standard","has-post-thumbnail","hentry","category-giubileo-2025","category-articoli-religiosi"],"acf":[],"yoast_head":"<!-- This site is optimized with the Yoast SEO plugin v26.6 - https:\/\/yoast.com\/wordpress\/plugins\/seo\/ -->\n<title>A cosa servono le guardie svizzere - Holyblog<\/title>\n<meta name=\"description\" content=\"Perch\u00e9 le Guardie Svizzere si chiamano cos\u00ec? Perch\u00e9 il Papa \u00e8 protetto da loro? Origini e requisiti per diventare una Guardia del Papa\" \/>\n<meta name=\"robots\" content=\"index, follow, max-snippet:-1, max-image-preview:large, max-video-preview:-1\" \/>\n<link rel=\"canonical\" href=\"https:\/\/blog.holyart.it\/it\/articoli-religiosi\/a-cosa-servono-le-guardie-svizzere\/\" \/>\n<meta property=\"og:locale\" content=\"it_IT\" \/>\n<meta property=\"og:type\" content=\"article\" \/>\n<meta property=\"og:title\" content=\"A cosa servono le guardie svizzere - Holyblog\" \/>\n<meta property=\"og:description\" content=\"Perch\u00e9 le Guardie Svizzere si chiamano cos\u00ec? Perch\u00e9 il Papa \u00e8 protetto da loro? Origini e requisiti per diventare una Guardia del Papa\" \/>\n<meta property=\"og:url\" content=\"https:\/\/blog.holyart.it\/it\/articoli-religiosi\/a-cosa-servono-le-guardie-svizzere\/\" \/>\n<meta property=\"og:site_name\" content=\"Holyblog\" \/>\n<meta property=\"article:published_time\" content=\"2024-07-17T08:00:16+00:00\" \/>\n<meta property=\"article:modified_time\" content=\"2025-10-08T13:37:51+00:00\" \/>\n<meta property=\"og:image\" content=\"https:\/\/blog.holyart.it\/it\/wp-content\/uploads\/sites\/17\/2024\/06\/guardie-svizzere.jpeg\" \/>\n\t<meta property=\"og:image:width\" content=\"1000\" \/>\n\t<meta property=\"og:image:height\" content=\"666\" \/>\n\t<meta property=\"og:image:type\" content=\"image\/jpeg\" \/>\n<meta name=\"author\" content=\"Redazione\" \/>\n<meta name=\"twitter:card\" content=\"summary_large_image\" \/>\n<meta name=\"twitter:label1\" content=\"Scritto da\" \/>\n\t<meta name=\"twitter:data1\" content=\"Redazione\" \/>\n\t<meta name=\"twitter:label2\" content=\"Tempo di lettura stimato\" \/>\n\t<meta name=\"twitter:data2\" content=\"11 minuti\" \/>\n<script type=\"application\/ld+json\" class=\"yoast-schema-graph\">{\"@context\":\"https:\/\/schema.org\",\"@graph\":[{\"@type\":\"Article\",\"@id\":\"https:\/\/blog.holyart.it\/it\/articoli-religiosi\/a-cosa-servono-le-guardie-svizzere\/#article\",\"isPartOf\":{\"@id\":\"https:\/\/blog.holyart.it\/it\/articoli-religiosi\/a-cosa-servono-le-guardie-svizzere\/\"},\"author\":{\"name\":\"Redazione\",\"@id\":\"https:\/\/blog.holyart.it\/it\/#\/schema\/person\/0a7b686e5af0f856ec1e390dd0baecda\"},\"headline\":\"A cosa servono le guardie svizzere\",\"datePublished\":\"2024-07-17T08:00:16+00:00\",\"dateModified\":\"2025-10-08T13:37:51+00:00\",\"mainEntityOfPage\":{\"@id\":\"https:\/\/blog.holyart.it\/it\/articoli-religiosi\/a-cosa-servono-le-guardie-svizzere\/\"},\"wordCount\":1615,\"publisher\":{\"@id\":\"https:\/\/blog.holyart.it\/it\/#organization\"},\"image\":{\"@id\":\"https:\/\/blog.holyart.it\/it\/articoli-religiosi\/a-cosa-servono-le-guardie-svizzere\/#primaryimage\"},\"thumbnailUrl\":\"https:\/\/blog.holyart.it\/it\/wp-content\/uploads\/sites\/17\/2024\/06\/guardie-svizzere.jpeg\",\"articleSection\":[\"Giubileo 2025\",\"Religione\"],\"inLanguage\":\"it-IT\"},{\"@type\":\"WebPage\",\"@id\":\"https:\/\/blog.holyart.it\/it\/articoli-religiosi\/a-cosa-servono-le-guardie-svizzere\/\",\"url\":\"https:\/\/blog.holyart.it\/it\/articoli-religiosi\/a-cosa-servono-le-guardie-svizzere\/\",\"name\":\"A cosa servono le guardie svizzere - Holyblog\",\"isPartOf\":{\"@id\":\"https:\/\/blog.holyart.it\/it\/#website\"},\"primaryImageOfPage\":{\"@id\":\"https:\/\/blog.holyart.it\/it\/articoli-religiosi\/a-cosa-servono-le-guardie-svizzere\/#primaryimage\"},\"image\":{\"@id\":\"https:\/\/blog.holyart.it\/it\/articoli-religiosi\/a-cosa-servono-le-guardie-svizzere\/#primaryimage\"},\"thumbnailUrl\":\"https:\/\/blog.holyart.it\/it\/wp-content\/uploads\/sites\/17\/2024\/06\/guardie-svizzere.jpeg\",\"datePublished\":\"2024-07-17T08:00:16+00:00\",\"dateModified\":\"2025-10-08T13:37:51+00:00\",\"description\":\"Perch\u00e9 le Guardie Svizzere si chiamano cos\u00ec? Perch\u00e9 il Papa \u00e8 protetto da loro? Origini e requisiti per diventare una Guardia del Papa\",\"breadcrumb\":{\"@id\":\"https:\/\/blog.holyart.it\/it\/articoli-religiosi\/a-cosa-servono-le-guardie-svizzere\/#breadcrumb\"},\"inLanguage\":\"it-IT\",\"potentialAction\":[{\"@type\":\"ReadAction\",\"target\":[\"https:\/\/blog.holyart.it\/it\/articoli-religiosi\/a-cosa-servono-le-guardie-svizzere\/\"]}]},{\"@type\":\"ImageObject\",\"inLanguage\":\"it-IT\",\"@id\":\"https:\/\/blog.holyart.it\/it\/articoli-religiosi\/a-cosa-servono-le-guardie-svizzere\/#primaryimage\",\"url\":\"https:\/\/blog.holyart.it\/it\/wp-content\/uploads\/sites\/17\/2024\/06\/guardie-svizzere.jpeg\",\"contentUrl\":\"https:\/\/blog.holyart.it\/it\/wp-content\/uploads\/sites\/17\/2024\/06\/guardie-svizzere.jpeg\",\"width\":1000,\"height\":666,\"caption\":\"guardie svizzere\"},{\"@type\":\"BreadcrumbList\",\"@id\":\"https:\/\/blog.holyart.it\/it\/articoli-religiosi\/a-cosa-servono-le-guardie-svizzere\/#breadcrumb\",\"itemListElement\":[{\"@type\":\"ListItem\",\"position\":1,\"name\":\"Homepage\",\"item\":\"https:\/\/blog.holyart.it\/it\/\"},{\"@type\":\"ListItem\",\"position\":2,\"name\":\"Religione\",\"item\":\"https:\/\/blog.holyart.it\/it\/articoli-religiosi\/\"},{\"@type\":\"ListItem\",\"position\":3,\"name\":\"A cosa servono le guardie svizzere\"}]},{\"@type\":\"WebSite\",\"@id\":\"https:\/\/blog.holyart.it\/it\/#website\",\"url\":\"https:\/\/blog.holyart.it\/it\/\",\"name\":\"Holyblog\",\"description\":\"Il Blog di Holyart.it\",\"publisher\":{\"@id\":\"https:\/\/blog.holyart.it\/it\/#organization\"},\"potentialAction\":[{\"@type\":\"SearchAction\",\"target\":{\"@type\":\"EntryPoint\",\"urlTemplate\":\"https:\/\/blog.holyart.it\/it\/?s={search_term_string}\"},\"query-input\":{\"@type\":\"PropertyValueSpecification\",\"valueRequired\":true,\"valueName\":\"search_term_string\"}}],\"inLanguage\":\"it-IT\"},{\"@type\":\"Organization\",\"@id\":\"https:\/\/blog.holyart.it\/it\/#organization\",\"name\":\"Holyblog\",\"url\":\"https:\/\/blog.holyart.it\/it\/\",\"logo\":{\"@type\":\"ImageObject\",\"inLanguage\":\"it-IT\",\"@id\":\"https:\/\/blog.holyart.it\/it\/#\/schema\/logo\/image\/\",\"url\":\"https:\/\/blog.holyart.it\/it\/wp-content\/uploads\/sites\/17\/2022\/12\/Holyart_Blog_Logo.jpg\",\"contentUrl\":\"https:\/\/blog.holyart.it\/it\/wp-content\/uploads\/sites\/17\/2022\/12\/Holyart_Blog_Logo.jpg\",\"width\":300,\"height\":50,\"caption\":\"Holyblog\"},\"image\":{\"@id\":\"https:\/\/blog.holyart.it\/it\/#\/schema\/logo\/image\/\"}},{\"@type\":\"Person\",\"@id\":\"https:\/\/blog.holyart.it\/it\/#\/schema\/person\/0a7b686e5af0f856ec1e390dd0baecda\",\"name\":\"Redazione\"}]}<\/script>\n<!-- \/ Yoast SEO plugin. -->","yoast_head_json":{"title":"A cosa servono le guardie svizzere - Holyblog","description":"Perch\u00e9 le Guardie Svizzere si chiamano cos\u00ec? Perch\u00e9 il Papa \u00e8 protetto da loro? Origini e requisiti per diventare una Guardia del Papa","robots":{"index":"index","follow":"follow","max-snippet":"max-snippet:-1","max-image-preview":"max-image-preview:large","max-video-preview":"max-video-preview:-1"},"canonical":"https:\/\/blog.holyart.it\/it\/articoli-religiosi\/a-cosa-servono-le-guardie-svizzere\/","og_locale":"it_IT","og_type":"article","og_title":"A cosa servono le guardie svizzere - Holyblog","og_description":"Perch\u00e9 le Guardie Svizzere si chiamano cos\u00ec? Perch\u00e9 il Papa \u00e8 protetto da loro? Origini e requisiti per diventare una Guardia del Papa","og_url":"https:\/\/blog.holyart.it\/it\/articoli-religiosi\/a-cosa-servono-le-guardie-svizzere\/","og_site_name":"Holyblog","article_published_time":"2024-07-17T08:00:16+00:00","article_modified_time":"2025-10-08T13:37:51+00:00","og_image":[{"width":1000,"height":666,"url":"https:\/\/blog.holyart.it\/it\/wp-content\/uploads\/sites\/17\/2024\/06\/guardie-svizzere.jpeg","type":"image\/jpeg"}],"author":"Redazione","twitter_card":"summary_large_image","twitter_misc":{"Scritto da":"Redazione","Tempo di lettura stimato":"11 minuti"},"schema":{"@context":"https:\/\/schema.org","@graph":[{"@type":"Article","@id":"https:\/\/blog.holyart.it\/it\/articoli-religiosi\/a-cosa-servono-le-guardie-svizzere\/#article","isPartOf":{"@id":"https:\/\/blog.holyart.it\/it\/articoli-religiosi\/a-cosa-servono-le-guardie-svizzere\/"},"author":{"name":"Redazione","@id":"https:\/\/blog.holyart.it\/it\/#\/schema\/person\/0a7b686e5af0f856ec1e390dd0baecda"},"headline":"A cosa servono le guardie svizzere","datePublished":"2024-07-17T08:00:16+00:00","dateModified":"2025-10-08T13:37:51+00:00","mainEntityOfPage":{"@id":"https:\/\/blog.holyart.it\/it\/articoli-religiosi\/a-cosa-servono-le-guardie-svizzere\/"},"wordCount":1615,"publisher":{"@id":"https:\/\/blog.holyart.it\/it\/#organization"},"image":{"@id":"https:\/\/blog.holyart.it\/it\/articoli-religiosi\/a-cosa-servono-le-guardie-svizzere\/#primaryimage"},"thumbnailUrl":"https:\/\/blog.holyart.it\/it\/wp-content\/uploads\/sites\/17\/2024\/06\/guardie-svizzere.jpeg","articleSection":["Giubileo 2025","Religione"],"inLanguage":"it-IT"},{"@type":"WebPage","@id":"https:\/\/blog.holyart.it\/it\/articoli-religiosi\/a-cosa-servono-le-guardie-svizzere\/","url":"https:\/\/blog.holyart.it\/it\/articoli-religiosi\/a-cosa-servono-le-guardie-svizzere\/","name":"A cosa servono le guardie svizzere - Holyblog","isPartOf":{"@id":"https:\/\/blog.holyart.it\/it\/#website"},"primaryImageOfPage":{"@id":"https:\/\/blog.holyart.it\/it\/articoli-religiosi\/a-cosa-servono-le-guardie-svizzere\/#primaryimage"},"image":{"@id":"https:\/\/blog.holyart.it\/it\/articoli-religiosi\/a-cosa-servono-le-guardie-svizzere\/#primaryimage"},"thumbnailUrl":"https:\/\/blog.holyart.it\/it\/wp-content\/uploads\/sites\/17\/2024\/06\/guardie-svizzere.jpeg","datePublished":"2024-07-17T08:00:16+00:00","dateModified":"2025-10-08T13:37:51+00:00","description":"Perch\u00e9 le Guardie Svizzere si chiamano cos\u00ec? Perch\u00e9 il Papa \u00e8 protetto da loro? Origini e requisiti per diventare una Guardia del Papa","breadcrumb":{"@id":"https:\/\/blog.holyart.it\/it\/articoli-religiosi\/a-cosa-servono-le-guardie-svizzere\/#breadcrumb"},"inLanguage":"it-IT","potentialAction":[{"@type":"ReadAction","target":["https:\/\/blog.holyart.it\/it\/articoli-religiosi\/a-cosa-servono-le-guardie-svizzere\/"]}]},{"@type":"ImageObject","inLanguage":"it-IT","@id":"https:\/\/blog.holyart.it\/it\/articoli-religiosi\/a-cosa-servono-le-guardie-svizzere\/#primaryimage","url":"https:\/\/blog.holyart.it\/it\/wp-content\/uploads\/sites\/17\/2024\/06\/guardie-svizzere.jpeg","contentUrl":"https:\/\/blog.holyart.it\/it\/wp-content\/uploads\/sites\/17\/2024\/06\/guardie-svizzere.jpeg","width":1000,"height":666,"caption":"guardie svizzere"},{"@type":"BreadcrumbList","@id":"https:\/\/blog.holyart.it\/it\/articoli-religiosi\/a-cosa-servono-le-guardie-svizzere\/#breadcrumb","itemListElement":[{"@type":"ListItem","position":1,"name":"Homepage","item":"https:\/\/blog.holyart.it\/it\/"},{"@type":"ListItem","position":2,"name":"Religione","item":"https:\/\/blog.holyart.it\/it\/articoli-religiosi\/"},{"@type":"ListItem","position":3,"name":"A cosa servono le guardie svizzere"}]},{"@type":"WebSite","@id":"https:\/\/blog.holyart.it\/it\/#website","url":"https:\/\/blog.holyart.it\/it\/","name":"Holyblog","description":"Il Blog di Holyart.it","publisher":{"@id":"https:\/\/blog.holyart.it\/it\/#organization"},"potentialAction":[{"@type":"SearchAction","target":{"@type":"EntryPoint","urlTemplate":"https:\/\/blog.holyart.it\/it\/?s={search_term_string}"},"query-input":{"@type":"PropertyValueSpecification","valueRequired":true,"valueName":"search_term_string"}}],"inLanguage":"it-IT"},{"@type":"Organization","@id":"https:\/\/blog.holyart.it\/it\/#organization","name":"Holyblog","url":"https:\/\/blog.holyart.it\/it\/","logo":{"@type":"ImageObject","inLanguage":"it-IT","@id":"https:\/\/blog.holyart.it\/it\/#\/schema\/logo\/image\/","url":"https:\/\/blog.holyart.it\/it\/wp-content\/uploads\/sites\/17\/2022\/12\/Holyart_Blog_Logo.jpg","contentUrl":"https:\/\/blog.holyart.it\/it\/wp-content\/uploads\/sites\/17\/2022\/12\/Holyart_Blog_Logo.jpg","width":300,"height":50,"caption":"Holyblog"},"image":{"@id":"https:\/\/blog.holyart.it\/it\/#\/schema\/logo\/image\/"}},{"@type":"Person","@id":"https:\/\/blog.holyart.it\/it\/#\/schema\/person\/0a7b686e5af0f856ec1e390dd0baecda","name":"Redazione"}]}},"_links":{"self":[{"href":"https:\/\/blog.holyart.it\/it\/wp-json\/wp\/v2\/posts\/20167","targetHints":{"allow":["GET"]}}],"collection":[{"href":"https:\/\/blog.holyart.it\/it\/wp-json\/wp\/v2\/posts"}],"about":[{"href":"https:\/\/blog.holyart.it\/it\/wp-json\/wp\/v2\/types\/post"}],"author":[{"embeddable":true,"href":"https:\/\/blog.holyart.it\/it\/wp-json\/wp\/v2\/users\/1"}],"replies":[{"embeddable":true,"href":"https:\/\/blog.holyart.it\/it\/wp-json\/wp\/v2\/comments?post=20167"}],"version-history":[{"count":9,"href":"https:\/\/blog.holyart.it\/it\/wp-json\/wp\/v2\/posts\/20167\/revisions"}],"predecessor-version":[{"id":22424,"href":"https:\/\/blog.holyart.it\/it\/wp-json\/wp\/v2\/posts\/20167\/revisions\/22424"}],"wp:featuredmedia":[{"embeddable":true,"href":"https:\/\/blog.holyart.it\/it\/wp-json\/wp\/v2\/media\/20179"}],"wp:attachment":[{"href":"https:\/\/blog.holyart.it\/it\/wp-json\/wp\/v2\/media?parent=20167"}],"wp:term":[{"taxonomy":"category","embeddable":true,"href":"https:\/\/blog.holyart.it\/it\/wp-json\/wp\/v2\/categories?post=20167"},{"taxonomy":"post_tag","embeddable":true,"href":"https:\/\/blog.holyart.it\/it\/wp-json\/wp\/v2\/tags?post=20167"}],"curies":[{"name":"wp","href":"https:\/\/api.w.org\/{rel}","templated":true}]}}