{"id":2013,"date":"2018-01-02T12:10:35","date_gmt":"2018-01-02T11:10:35","guid":{"rendered":"https:\/\/blog.holyart.it\/it\/?p=2013"},"modified":"2022-12-20T18:01:27","modified_gmt":"2022-12-20T17:01:27","slug":"perche-si-festeggia-lepifania","status":"publish","type":"post","link":"https:\/\/blog.holyart.it\/it\/articoli-religiosi\/perche-si-festeggia-lepifania\/","title":{"rendered":"Perch\u00e9 si Festeggia l&#8217;Epifania"},"content":{"rendered":"<h4>La Befana \u00e8 un personaggio del folklore italiano, atteso con trepidazione dai bambini ai quali lascia doni e dolciumi in una calza appesa al camino.<\/h4>\n\n<p>La Befana vien di notte<\/p>\n<p>con le scarpe tutte rotte<\/p>\n<p>con le toppe alla sottana<\/p>\n<p>viva viva la Befana!<\/p>\n<p>Chi non ha mai sentito recitare questa vecchia filastrocca, che percorre tutto il nostro paese con infinite varianti? La <strong>Befana<\/strong> \u00e8 un personaggio del folklore italiano, e non solo, molto caro ai bambini e atteso con trepidazione ogni anno. Infatti, nella notte tra il 5 e il 6 gennaio, lei percorre i cieli a cavallo della sua scopa, una sorta di strega, ma gentile, affettuosa, simpatica, almeno con i bambini buoni, ai quali <strong>lascia<span style=\"color: #0000ff;\"> <a style=\"color: #0000ff;\" href=\"https:\/\/www.holyart.it\/it\/prodotti-dei-monasteri\/caramelle-dolciumi\">doni e dolciumi<\/a><\/span> dentro una calza<\/strong> appesa al camino, o sul davanzale. A quelli cattivi, invece, lascia carbone, cipolle o aglio.<img loading=\"lazy\" decoding=\"async\" class=\"alignright size-medium wp-image-2019\" src=\"https:\/\/blog.holyart.it\/it\/wp-content\/uploads\/sites\/17\/2018\/01\/Calza-della-Befana-1-300x163.jpg\" alt=\"Calza della Befana\" width=\"300\" height=\"163\" \/><\/p>\n<p>Una figura amata, dunque, e <strong>celebrata ogni anno con grandi feste<\/strong>, che in alcune citt\u00e0 e paesi assumono le caratteristiche di una vera e propria festa nazionale. Figuranti travestite da Befana animano le vie cittadine e coinvolgono grandi e piccini nei loro girotondi. Altrove la festa si celebra con canti e stornelli in onore della Befana, o ancora si brucia un fantoccio che raffigura una vecchia, per simboleggiare la fine dell\u2019anno trascorso e l\u2019inizio di quello nuovo, e la volont\u00e0 di bruciare tutto ci\u00f2 che di brutto \u00e8 accaduto per lasciare spazio alle cose belle (usanza, quest\u2019ultima, che ricorre in molte zone dell\u2019Italia e all\u2019estero, anche in altre ricorrenze).<\/p>\n<p>In ogni caso, sono i bambini i principali depositari di questa festivit\u00e0, che affonda le sue origini nella tradizione religiosa, ma anche in molti riti pagani e arcaici, che, nel tempo, si sono evoluti fino ad assumere questo aspetto tutto sommato rassicurante.<\/p>\n<h2>Ma com\u2019\u00e8 questa tanto attesa Befana ?<\/h2>\n<p>\u00c8 una vecchia rattrappita e un po\u2019storta, con pochi denti in bocca e un grande naso. Veste di stracci consunti, con una lunga gonna piena di toppe colorate e uno scialle di lana che le copre la gobba. Per proteggersi dal freddo indossa calzettoni e scarpe sgualcite, ma comode. La testa \u00e8 avvolta da un fazzolettone o da una sciarpa di lana colorata annodata sotto il mento. Questo per chiarire che troppo spesso le rappresentazioni delle pubblicit\u00e0 moderne non le rendono giustizia, tendendo a uniformarla alle streghe, quando invece lei ha delle caratteristiche ben precise. Certo, non ha un bel carattere, sembra sempre arcigna e un po\u2019arrabbiata, come spesso accade alle persone anziane, ma con i bambini diventa adorabile e dolce. \u00c8 vero che porta con s\u00e9 una scopa, o a volte un bastone, che cavalca in volo, ma anche questo non deve trarci in inganno, <strong>la Befana non ha niente a che vedere con le streghe<\/strong>.<\/p>\n<p><img loading=\"lazy\" decoding=\"async\" class=\"alignleft size-medium wp-image-2025\" src=\"https:\/\/blog.holyart.it\/it\/wp-content\/uploads\/sites\/17\/2018\/02\/La-Befana-300x180.jpg\" alt=\"La Befana\" width=\"300\" height=\"180\" \/>Fa riflettere come una giornata cos\u00ec attesa e magica quando siamo bambini si trasformi in un momento quasi traumatico, quando diventiamo grandi. Il lavoro, i problemi, le responsabilit\u00e0 trasformano la nostra percezione della festa, e di tutta la dolcezza dell\u2019attesa resta solo l\u2019amarezza e lo scoramento per il fatto che dobbiamo tornare a lavorare. Forse varrebbe la pena cercare di conservare un po\u2019di quello stupore, di quel senso del meraviglioso che ci animava un tempo, e che anima ancora i bambini di mezzo mondo, e vivere il 6 gennaio non come la fine delle festivit\u00e0, ma come l\u2019inizio di qualcosa di nuovo e sorprendente, di un anno pieno di opportunit\u00e0 e di sfide interessanti.<\/p>\n<h2>Ma come si festeggia la Befana fuori dal nostro paese?<\/h2>\n<p>In alcuni paesi, come la <strong>Spagna<\/strong>, il 6 gennaio <strong>non \u00e8 la Befana a portare i doni, ma i Re Magi<\/strong>, che in questa stessa data giunsero presso la capanna di Ges\u00f9 e lo acclamarono come Re dei Re. Sono dunque i Re Magi che i bambini aspettano, lasciando davanti a casa una scarpa, anzich\u00e9 una calza, perch\u00e9 essi la riempiano di doni. In occasione della festa il corteo dei Re Magi sfila per la citt\u00e0 e offre dolci alla folla.<\/p>\n<p>Anche <strong>in Ungheria<\/strong> <strong>sono i Re Magi i protagonisti della festa<\/strong>. I bambini si vestono da Re Magi e bussano alle porte delle case, portando con loro un presepe. In Romani chiedono anche di poter raccontare una storia o cantare una canzone, e in ogni caso vengono premiati con dolci e soldi.<\/p>\n<p>In <strong>Russia<\/strong> la Befana non c\u2019\u00e8, ma al suo posto troviamo Babuschka, la compagna di Padre Gelo, e insieme i due portano i doni ai bambini il 6 gennaio, il Natale per gli ortodossi.<\/p>\n<h2>L\u2019origine della Festa<\/h2>\n<p>Al giorno d\u2019oggi <strong>\u00e8 difficile differenziare la Festa dell\u2019Epifania dalla Befana<\/strong>. Difficile perch\u00e9, soprattutto per i pi\u00f9 piccoli, il 6 gennaio rappresenta solo la magica notte in cui una vecchia dal naso bitorzoluto solca i cieli a cavallo di una scopa, portando doni ai bambini buoni, carbone e aglio a quelli cattivi.<\/p>\n<p>Poco o nulla a che vedere con il significato religioso di questa festa, una delle pi\u00f9 importanti e significative per le Chiese cattolica e anglicana, paragonabile al Natale, alla Pasqua, a Pentecoste.<\/p>\n<p>L\u2019Epifania cade la Dodicesima notte dopo la nascita di Ges\u00f9, e segna la fine del lungo viaggio compiuto dai Re Magi seguendo la scia della stella cometa fino alla capanna in cui la <span style=\"color: #0000ff;\"><strong style=\"color: #0000ff;\"><a style=\"color: #0000ff;\" href=\"https:\/\/www.holyart.it\/it\/articoli-religiosi\/bassorilievi\/bassorilievi-pietra\/bassorilievo-sacra-famiglia\">Sacra Famiglia<\/a>\u00a0<\/strong><\/span>riposava. In quella notte magica i tre Magi giunti dall\u2019Oriente resero omaggio al piccolo Ges\u00f9, offrendogli in dono oro, incenso e mirra. Doni solitamente riservati ai Re e alle divinit\u00e0: l\u2019oro era infatti destinato ai Re, l\u2019incenso era usato per adorare gli dei, la mirra era utilizzata nel culto dei morti.<\/p>\n<figure id=\"attachment_2016\" aria-describedby=\"caption-attachment-2016\" style=\"width: 300px\" class=\"wp-caption alignright\"><a href=\"https:\/\/www.holyart.it\/it\/articoli-religiosi\/icone-sacre\" rel=\"attachment wp-att-2016\"><img loading=\"lazy\" decoding=\"async\" class=\"size-medium wp-image-2016\" src=\"https:\/\/blog.holyart.it\/it\/wp-content\/uploads\/sites\/17\/2018\/01\/Adorazione-dei-Magi-300x300.jpg\" alt=\"L'Adorazione dei Magi\" width=\"300\" height=\"300\" \/><\/a><figcaption id=\"caption-attachment-2016\" class=\"wp-caption-text\"><center><span style=\"color: #0000ff;\"><strong><a style=\"color: #0000ff;\" href=\"https:\/\/www.holyart.it\/it\/articoli-religiosi\/icone-sacre\">Pi\u00f9 di 1000 Icone Sacre vendute su Holyart<\/a><\/strong><\/span><\/center><\/figcaption><\/figure>\n<p><strong>L\u2019Epifania \u00e8 quindi la festa della consacrazione di Ges\u00f9<\/strong>, riconosciuto dai Magi come Re dei Re (e quindi degno dell\u2019oro), figlio di Dio (da onorare con l\u2019incenso) e uomo, mortale (la mirra simboleggia il sacrificio e della morte di Ges\u00f9 fattosi uomo per noi). \u00c8 il momento della sua prima, grande rivelazione. Infatti la parola Epifania viene dalla parola greca \u1f10\u03c0\u03b9\u03c6\u03ac\u03bd\u03b5\u03b9\u03b1, Epif\u00e0neia, ovvero manifestazione, apparizione. Fin dai tempi pi\u00f9 remoti questo termine veniva utilizzato per indicare la presenza o l\u2019apparizione di un dio, tramite manifestazioni tangibili e riscontrabili dai comuni mortali, come segni e visioni. Dunque l\u2019Epifania indicava la presenza divina in un luogo, un tempio, per esempio, o in un particolare momento. \u00c8 questo che cercavano Baldassarre, Melchiorre e Gaspare (i nomi con cui sono tradizionalmente ricordati i tre Magi, anche se non esiste alcuna documentazione certa a riguardo), seguendo la scia splendente di una stella, sulle tracce di un\u2019antica profezia che raccontava di un bambino che sarebbe divenuto il Salvatore del mondo, il Re dei Re. E lo trovarono, a Betlemme, in una mangiatoia, figlio di un falegname e di una fanciulla, e tuttavia lo riconobbero immediatamente come Sovrano e Dio.<\/p>\n<h2>E la vecchia sulla scopa?<\/h2>\n<p>Nella storia dei Re Magi c\u2019\u00e8 posto anche per lei. Infatti una leggenda racconta che, durante il loro viaggio, i tre sapienti s\u2019imbatterono in una vecchia alla quale chiesero indicazioni e alla quale offrirono di seguirli alla ricerca di Ges\u00f9. Lei rifiut\u00f2. Solo in un secondo tempo si pent\u00ec, prepar\u00f2 dei dolci e si mise in cammino, cercando di raggiungere il corteo dei Magi. Ma non riusc\u00ec a trovarli. Si dice che lungo la strada donasse i suoi dolci ai bambini, sperando che uno di loro fosse Ges\u00f9, e che da allora percorra i cieli, nella notte dell\u2019Epifania, a cavallo di una scopa, per cercare i bambini buoni e offrire loro i doni che non pot\u00e9 offrire a Ges\u00f9 Bambino.<\/p>\n<p>Altre tradizioni vedono nella figura della Befana il retaggio di miti antichi legati alla fine e all\u2019inizio dell\u2019anno, alla rinascita della natura e alla Dea Madre. \u00c8 difficile scoprire dove finisca la tradizione religiosa e inizi la leggenda, il mito. Per esempio, la festa della Befana potrebbe ricollegarsi all\u2019usanza degli antichi romani che, nei primi giorni di gennaio, rendevano omaggio a Madre Natura, festeggiandone la morte e la rinascita. La personificazione della Natura era la Dea Diana, ma quando il Cristianesimo inizi\u00f2 a condannare tutti i culti pagani trasform\u00f2 questa Dea benevola in una strega. Anche nei paesi nordici <strong>la Befana si ricollega a divinit\u00e0 antiche che rappresentavano la natura invernale, e garantivano fertilit\u00e0 e ricchezza ai terreni e ai campi percorrendo il cielo notturno.<\/strong><\/p>\n","protected":false},"excerpt":{"rendered":"<p>La Befana \u00e8 un personaggio del folklore italiano, atteso con trepidazione dai bambini ai quali lascia doni e dolciumi in una calza appesa al camino. La Befana vien di notte con le scarpe tutte rotte con le toppe alla sottana viva viva la Befana! Chi&hellip;<\/p>\n","protected":false},"author":1,"featured_media":2015,"comment_status":"closed","ping_status":"open","sticky":false,"template":"","format":"standard","meta":{"_acf_changed":false,"footnotes":""},"categories":[16],"tags":[],"class_list":["post-2013","post","type-post","status-publish","format-standard","has-post-thumbnail","hentry","category-articoli-religiosi"],"acf":[],"yoast_head":"<!-- This site is optimized with the Yoast SEO plugin v26.6 - https:\/\/yoast.com\/wordpress\/plugins\/seo\/ -->\n<title>Perch\u00e9 si Festeggia l&#039;Epifania - Holyblog<\/title>\n<meta name=\"description\" content=\"La Befana \u00e8 un personaggio del folklore italiano, atteso con trepidazione dai bambini ai quali lascia doni e dolciumi in una calza appesa al camino.\" \/>\n<meta name=\"robots\" content=\"index, follow, max-snippet:-1, max-image-preview:large, max-video-preview:-1\" \/>\n<link rel=\"canonical\" href=\"https:\/\/blog.holyart.it\/it\/articoli-religiosi\/perche-si-festeggia-lepifania\/\" \/>\n<meta property=\"og:locale\" content=\"it_IT\" \/>\n<meta property=\"og:type\" content=\"article\" \/>\n<meta property=\"og:title\" content=\"Perch\u00e9 si Festeggia l&#039;Epifania - Holyblog\" \/>\n<meta property=\"og:description\" content=\"La Befana \u00e8 un personaggio del folklore italiano, atteso con trepidazione dai bambini ai quali lascia doni e dolciumi in una calza appesa al camino.\" \/>\n<meta property=\"og:url\" content=\"https:\/\/blog.holyart.it\/it\/articoli-religiosi\/perche-si-festeggia-lepifania\/\" \/>\n<meta property=\"og:site_name\" content=\"Holyblog\" \/>\n<meta property=\"article:published_time\" content=\"2018-01-02T11:10:35+00:00\" \/>\n<meta property=\"article:modified_time\" content=\"2022-12-20T17:01:27+00:00\" \/>\n<meta property=\"og:image\" content=\"https:\/\/blog.holyart.it\/it\/wp-content\/uploads\/sites\/17\/2018\/01\/Festa-dellEpifania.jpg\" \/>\n\t<meta property=\"og:image:width\" content=\"1024\" \/>\n\t<meta property=\"og:image:height\" content=\"768\" \/>\n\t<meta property=\"og:image:type\" content=\"image\/jpeg\" \/>\n<meta name=\"author\" content=\"Redazione\" \/>\n<meta name=\"twitter:card\" content=\"summary_large_image\" \/>\n<meta name=\"twitter:label1\" content=\"Scritto da\" \/>\n\t<meta name=\"twitter:data1\" content=\"Redazione\" \/>\n\t<meta name=\"twitter:label2\" content=\"Tempo di lettura stimato\" \/>\n\t<meta name=\"twitter:data2\" content=\"7 minuti\" \/>\n<script type=\"application\/ld+json\" class=\"yoast-schema-graph\">{\"@context\":\"https:\/\/schema.org\",\"@graph\":[{\"@type\":\"Article\",\"@id\":\"https:\/\/blog.holyart.it\/it\/articoli-religiosi\/perche-si-festeggia-lepifania\/#article\",\"isPartOf\":{\"@id\":\"https:\/\/blog.holyart.it\/it\/articoli-religiosi\/perche-si-festeggia-lepifania\/\"},\"author\":{\"name\":\"Redazione\",\"@id\":\"https:\/\/blog.holyart.it\/it\/#\/schema\/person\/0a7b686e5af0f856ec1e390dd0baecda\"},\"headline\":\"Perch\u00e9 si Festeggia l&#8217;Epifania\",\"datePublished\":\"2018-01-02T11:10:35+00:00\",\"dateModified\":\"2022-12-20T17:01:27+00:00\",\"mainEntityOfPage\":{\"@id\":\"https:\/\/blog.holyart.it\/it\/articoli-religiosi\/perche-si-festeggia-lepifania\/\"},\"wordCount\":1390,\"publisher\":{\"@id\":\"https:\/\/blog.holyart.it\/it\/#organization\"},\"image\":{\"@id\":\"https:\/\/blog.holyart.it\/it\/articoli-religiosi\/perche-si-festeggia-lepifania\/#primaryimage\"},\"thumbnailUrl\":\"https:\/\/blog.holyart.it\/it\/wp-content\/uploads\/sites\/17\/2018\/01\/Festa-dellEpifania.jpg\",\"articleSection\":[\"Religione\"],\"inLanguage\":\"it-IT\"},{\"@type\":\"WebPage\",\"@id\":\"https:\/\/blog.holyart.it\/it\/articoli-religiosi\/perche-si-festeggia-lepifania\/\",\"url\":\"https:\/\/blog.holyart.it\/it\/articoli-religiosi\/perche-si-festeggia-lepifania\/\",\"name\":\"Perch\u00e9 si Festeggia l'Epifania - Holyblog\",\"isPartOf\":{\"@id\":\"https:\/\/blog.holyart.it\/it\/#website\"},\"primaryImageOfPage\":{\"@id\":\"https:\/\/blog.holyart.it\/it\/articoli-religiosi\/perche-si-festeggia-lepifania\/#primaryimage\"},\"image\":{\"@id\":\"https:\/\/blog.holyart.it\/it\/articoli-religiosi\/perche-si-festeggia-lepifania\/#primaryimage\"},\"thumbnailUrl\":\"https:\/\/blog.holyart.it\/it\/wp-content\/uploads\/sites\/17\/2018\/01\/Festa-dellEpifania.jpg\",\"datePublished\":\"2018-01-02T11:10:35+00:00\",\"dateModified\":\"2022-12-20T17:01:27+00:00\",\"description\":\"La Befana \u00e8 un personaggio del folklore italiano, atteso con trepidazione dai bambini ai quali lascia doni e dolciumi in una calza appesa al camino.\",\"breadcrumb\":{\"@id\":\"https:\/\/blog.holyart.it\/it\/articoli-religiosi\/perche-si-festeggia-lepifania\/#breadcrumb\"},\"inLanguage\":\"it-IT\",\"potentialAction\":[{\"@type\":\"ReadAction\",\"target\":[\"https:\/\/blog.holyart.it\/it\/articoli-religiosi\/perche-si-festeggia-lepifania\/\"]}]},{\"@type\":\"ImageObject\",\"inLanguage\":\"it-IT\",\"@id\":\"https:\/\/blog.holyart.it\/it\/articoli-religiosi\/perche-si-festeggia-lepifania\/#primaryimage\",\"url\":\"https:\/\/blog.holyart.it\/it\/wp-content\/uploads\/sites\/17\/2018\/01\/Festa-dellEpifania.jpg\",\"contentUrl\":\"https:\/\/blog.holyart.it\/it\/wp-content\/uploads\/sites\/17\/2018\/01\/Festa-dellEpifania.jpg\",\"width\":1024,\"height\":768,\"caption\":\"Festa dell'Epifania\"},{\"@type\":\"BreadcrumbList\",\"@id\":\"https:\/\/blog.holyart.it\/it\/articoli-religiosi\/perche-si-festeggia-lepifania\/#breadcrumb\",\"itemListElement\":[{\"@type\":\"ListItem\",\"position\":1,\"name\":\"Homepage\",\"item\":\"https:\/\/blog.holyart.it\/it\/\"},{\"@type\":\"ListItem\",\"position\":2,\"name\":\"Religione\",\"item\":\"https:\/\/blog.holyart.it\/it\/articoli-religiosi\/\"},{\"@type\":\"ListItem\",\"position\":3,\"name\":\"Perch\u00e9 si Festeggia l&#8217;Epifania\"}]},{\"@type\":\"WebSite\",\"@id\":\"https:\/\/blog.holyart.it\/it\/#website\",\"url\":\"https:\/\/blog.holyart.it\/it\/\",\"name\":\"Holyblog\",\"description\":\"Il Blog di Holyart.it\",\"publisher\":{\"@id\":\"https:\/\/blog.holyart.it\/it\/#organization\"},\"potentialAction\":[{\"@type\":\"SearchAction\",\"target\":{\"@type\":\"EntryPoint\",\"urlTemplate\":\"https:\/\/blog.holyart.it\/it\/?s={search_term_string}\"},\"query-input\":{\"@type\":\"PropertyValueSpecification\",\"valueRequired\":true,\"valueName\":\"search_term_string\"}}],\"inLanguage\":\"it-IT\"},{\"@type\":\"Organization\",\"@id\":\"https:\/\/blog.holyart.it\/it\/#organization\",\"name\":\"Holyblog\",\"url\":\"https:\/\/blog.holyart.it\/it\/\",\"logo\":{\"@type\":\"ImageObject\",\"inLanguage\":\"it-IT\",\"@id\":\"https:\/\/blog.holyart.it\/it\/#\/schema\/logo\/image\/\",\"url\":\"https:\/\/blog.holyart.it\/it\/wp-content\/uploads\/sites\/17\/2022\/12\/Holyart_Blog_Logo.jpg\",\"contentUrl\":\"https:\/\/blog.holyart.it\/it\/wp-content\/uploads\/sites\/17\/2022\/12\/Holyart_Blog_Logo.jpg\",\"width\":300,\"height\":50,\"caption\":\"Holyblog\"},\"image\":{\"@id\":\"https:\/\/blog.holyart.it\/it\/#\/schema\/logo\/image\/\"}},{\"@type\":\"Person\",\"@id\":\"https:\/\/blog.holyart.it\/it\/#\/schema\/person\/0a7b686e5af0f856ec1e390dd0baecda\",\"name\":\"Redazione\"}]}<\/script>\n<!-- \/ Yoast SEO plugin. -->","yoast_head_json":{"title":"Perch\u00e9 si Festeggia l'Epifania - Holyblog","description":"La Befana \u00e8 un personaggio del folklore italiano, atteso con trepidazione dai bambini ai quali lascia doni e dolciumi in una calza appesa al camino.","robots":{"index":"index","follow":"follow","max-snippet":"max-snippet:-1","max-image-preview":"max-image-preview:large","max-video-preview":"max-video-preview:-1"},"canonical":"https:\/\/blog.holyart.it\/it\/articoli-religiosi\/perche-si-festeggia-lepifania\/","og_locale":"it_IT","og_type":"article","og_title":"Perch\u00e9 si Festeggia l'Epifania - Holyblog","og_description":"La Befana \u00e8 un personaggio del folklore italiano, atteso con trepidazione dai bambini ai quali lascia doni e dolciumi in una calza appesa al camino.","og_url":"https:\/\/blog.holyart.it\/it\/articoli-religiosi\/perche-si-festeggia-lepifania\/","og_site_name":"Holyblog","article_published_time":"2018-01-02T11:10:35+00:00","article_modified_time":"2022-12-20T17:01:27+00:00","og_image":[{"width":1024,"height":768,"url":"https:\/\/blog.holyart.it\/it\/wp-content\/uploads\/sites\/17\/2018\/01\/Festa-dellEpifania.jpg","type":"image\/jpeg"}],"author":"Redazione","twitter_card":"summary_large_image","twitter_misc":{"Scritto da":"Redazione","Tempo di lettura stimato":"7 minuti"},"schema":{"@context":"https:\/\/schema.org","@graph":[{"@type":"Article","@id":"https:\/\/blog.holyart.it\/it\/articoli-religiosi\/perche-si-festeggia-lepifania\/#article","isPartOf":{"@id":"https:\/\/blog.holyart.it\/it\/articoli-religiosi\/perche-si-festeggia-lepifania\/"},"author":{"name":"Redazione","@id":"https:\/\/blog.holyart.it\/it\/#\/schema\/person\/0a7b686e5af0f856ec1e390dd0baecda"},"headline":"Perch\u00e9 si Festeggia l&#8217;Epifania","datePublished":"2018-01-02T11:10:35+00:00","dateModified":"2022-12-20T17:01:27+00:00","mainEntityOfPage":{"@id":"https:\/\/blog.holyart.it\/it\/articoli-religiosi\/perche-si-festeggia-lepifania\/"},"wordCount":1390,"publisher":{"@id":"https:\/\/blog.holyart.it\/it\/#organization"},"image":{"@id":"https:\/\/blog.holyart.it\/it\/articoli-religiosi\/perche-si-festeggia-lepifania\/#primaryimage"},"thumbnailUrl":"https:\/\/blog.holyart.it\/it\/wp-content\/uploads\/sites\/17\/2018\/01\/Festa-dellEpifania.jpg","articleSection":["Religione"],"inLanguage":"it-IT"},{"@type":"WebPage","@id":"https:\/\/blog.holyart.it\/it\/articoli-religiosi\/perche-si-festeggia-lepifania\/","url":"https:\/\/blog.holyart.it\/it\/articoli-religiosi\/perche-si-festeggia-lepifania\/","name":"Perch\u00e9 si Festeggia l'Epifania - Holyblog","isPartOf":{"@id":"https:\/\/blog.holyart.it\/it\/#website"},"primaryImageOfPage":{"@id":"https:\/\/blog.holyart.it\/it\/articoli-religiosi\/perche-si-festeggia-lepifania\/#primaryimage"},"image":{"@id":"https:\/\/blog.holyart.it\/it\/articoli-religiosi\/perche-si-festeggia-lepifania\/#primaryimage"},"thumbnailUrl":"https:\/\/blog.holyart.it\/it\/wp-content\/uploads\/sites\/17\/2018\/01\/Festa-dellEpifania.jpg","datePublished":"2018-01-02T11:10:35+00:00","dateModified":"2022-12-20T17:01:27+00:00","description":"La Befana \u00e8 un personaggio del folklore italiano, atteso con trepidazione dai bambini ai quali lascia doni e dolciumi in una calza appesa al camino.","breadcrumb":{"@id":"https:\/\/blog.holyart.it\/it\/articoli-religiosi\/perche-si-festeggia-lepifania\/#breadcrumb"},"inLanguage":"it-IT","potentialAction":[{"@type":"ReadAction","target":["https:\/\/blog.holyart.it\/it\/articoli-religiosi\/perche-si-festeggia-lepifania\/"]}]},{"@type":"ImageObject","inLanguage":"it-IT","@id":"https:\/\/blog.holyart.it\/it\/articoli-religiosi\/perche-si-festeggia-lepifania\/#primaryimage","url":"https:\/\/blog.holyart.it\/it\/wp-content\/uploads\/sites\/17\/2018\/01\/Festa-dellEpifania.jpg","contentUrl":"https:\/\/blog.holyart.it\/it\/wp-content\/uploads\/sites\/17\/2018\/01\/Festa-dellEpifania.jpg","width":1024,"height":768,"caption":"Festa dell'Epifania"},{"@type":"BreadcrumbList","@id":"https:\/\/blog.holyart.it\/it\/articoli-religiosi\/perche-si-festeggia-lepifania\/#breadcrumb","itemListElement":[{"@type":"ListItem","position":1,"name":"Homepage","item":"https:\/\/blog.holyart.it\/it\/"},{"@type":"ListItem","position":2,"name":"Religione","item":"https:\/\/blog.holyart.it\/it\/articoli-religiosi\/"},{"@type":"ListItem","position":3,"name":"Perch\u00e9 si Festeggia l&#8217;Epifania"}]},{"@type":"WebSite","@id":"https:\/\/blog.holyart.it\/it\/#website","url":"https:\/\/blog.holyart.it\/it\/","name":"Holyblog","description":"Il Blog di Holyart.it","publisher":{"@id":"https:\/\/blog.holyart.it\/it\/#organization"},"potentialAction":[{"@type":"SearchAction","target":{"@type":"EntryPoint","urlTemplate":"https:\/\/blog.holyart.it\/it\/?s={search_term_string}"},"query-input":{"@type":"PropertyValueSpecification","valueRequired":true,"valueName":"search_term_string"}}],"inLanguage":"it-IT"},{"@type":"Organization","@id":"https:\/\/blog.holyart.it\/it\/#organization","name":"Holyblog","url":"https:\/\/blog.holyart.it\/it\/","logo":{"@type":"ImageObject","inLanguage":"it-IT","@id":"https:\/\/blog.holyart.it\/it\/#\/schema\/logo\/image\/","url":"https:\/\/blog.holyart.it\/it\/wp-content\/uploads\/sites\/17\/2022\/12\/Holyart_Blog_Logo.jpg","contentUrl":"https:\/\/blog.holyart.it\/it\/wp-content\/uploads\/sites\/17\/2022\/12\/Holyart_Blog_Logo.jpg","width":300,"height":50,"caption":"Holyblog"},"image":{"@id":"https:\/\/blog.holyart.it\/it\/#\/schema\/logo\/image\/"}},{"@type":"Person","@id":"https:\/\/blog.holyart.it\/it\/#\/schema\/person\/0a7b686e5af0f856ec1e390dd0baecda","name":"Redazione"}]}},"_links":{"self":[{"href":"https:\/\/blog.holyart.it\/it\/wp-json\/wp\/v2\/posts\/2013","targetHints":{"allow":["GET"]}}],"collection":[{"href":"https:\/\/blog.holyart.it\/it\/wp-json\/wp\/v2\/posts"}],"about":[{"href":"https:\/\/blog.holyart.it\/it\/wp-json\/wp\/v2\/types\/post"}],"author":[{"embeddable":true,"href":"https:\/\/blog.holyart.it\/it\/wp-json\/wp\/v2\/users\/1"}],"replies":[{"embeddable":true,"href":"https:\/\/blog.holyart.it\/it\/wp-json\/wp\/v2\/comments?post=2013"}],"version-history":[{"count":0,"href":"https:\/\/blog.holyart.it\/it\/wp-json\/wp\/v2\/posts\/2013\/revisions"}],"wp:featuredmedia":[{"embeddable":true,"href":"https:\/\/blog.holyart.it\/it\/wp-json\/wp\/v2\/media\/2015"}],"wp:attachment":[{"href":"https:\/\/blog.holyart.it\/it\/wp-json\/wp\/v2\/media?parent=2013"}],"wp:term":[{"taxonomy":"category","embeddable":true,"href":"https:\/\/blog.holyart.it\/it\/wp-json\/wp\/v2\/categories?post=2013"},{"taxonomy":"post_tag","embeddable":true,"href":"https:\/\/blog.holyart.it\/it\/wp-json\/wp\/v2\/tags?post=2013"}],"curies":[{"name":"wp","href":"https:\/\/api.w.org\/{rel}","templated":true}]}}