{"id":20105,"date":"2024-07-01T10:00:07","date_gmt":"2024-07-01T08:00:07","guid":{"rendered":"https:\/\/blog.holyart.it\/it\/?p=20105"},"modified":"2024-06-12T15:17:38","modified_gmt":"2024-06-12T13:17:38","slug":"la-festa-di-san-firmino-a-pamplona-storia-e-riti","status":"publish","type":"post","link":"https:\/\/blog.holyart.it\/it\/santi-e-beati\/la-festa-di-san-firmino-a-pamplona-storia-e-riti\/","title":{"rendered":"La festa di San Firmino a Pamplona: storia e riti"},"content":{"rendered":"<h4>Festa di San Firmino a Pamplona: tradizione, adrenalina e fede in un evento unico. Come nasce una delle feste pi\u00f9 famose al mondo<\/h4>\n\n<p>La\u00a0<strong>Festa di San Firmino a Pamplona<\/strong>\u00a0non \u00e8 una semplice festa religiosa. Essa nasce dalla volont\u00e0 dei pamplonesi di riunire e rimescolare diverse tradizioni e celebrazioni, tra sacro e profano, in un&#8217;unica grande festa divenuta famosissima in tutto il mondo. Da un lato c&#8217;\u00e8 la volont\u00e0 di omaggiare\u00a0<strong>San Firmino<\/strong>, co-patrono di Navarra, che gli abitanti di Pamplona hanno voluto &#8216;adottare&#8217; come co-patrono. Infatti la memoria liturgica del vero patrono di Pamplona,\u00a0<strong>San Saturnino<\/strong>, cade il 29 di novembre, giorno autunnale poco adatto alle <a href=\"https:\/\/www.holyart.it\/blog\/articoli-religiosi\/5-feste-dei-santi-piu-famose-sud-italia\/\"><strong>grandi celebrazioni e alle fiere<\/strong><\/a>, come invece \u00e8 il 7 luglio, giorno di San Firmino, appunto.<br \/>\nMa la Festa di San Firmino a Pamplona, con la sua spettacolare e controversa\u00a0<strong>corsa dei tori<\/strong>, richiama anche la tradizione della\u00a0<strong>Corrida<\/strong>, la tauromachia tuttora praticata in Spagna e in molti paesi dell&#8217;America Latina.\u00a0Oggi la Festa di San Firmino \u00e8 conosciuta a livello mondiale proprio per questa spettacolare corsa, uno degli eventi pi\u00f9 iconici e discussi della Spagna. Ogni anno migliaia di visitatori da tutto il mondo, desiderosi di vivere un&#8217;esperienza unica e immersiva, accorrono in citt\u00e0 per prendere parte alle celebrazioni.<\/p>\n<div class=\"link-article\">\n<p><img loading=\"lazy\" decoding=\"async\" class=\"size-full wp-image-20107 alignleft\" src=\"https:\/\/blog.holyart.it\/it\/wp-content\/uploads\/sites\/17\/2024\/06\/feste-dei-santi.jpg\" alt=\"feste dei santi\" width=\"150\" height=\"99\" data-kale-share-title=\"La festa di San Firmino a Pamplona: storia e riti\" data-kale-share-url=\"https:\/\/blog.holyart.it\/it\/?p=20105\" \/><\/p>\n<div class=\"leggi-anche\">Leggi anche:<\/div>\n<p><strong><a href=\"https:\/\/www.holyart.it\/blog\/articoli-religiosi\/5-feste-dei-santi-piu-famose-sud-italia\/\">Le 5 feste dei santi pi\u00f9 famose nel sud Italia<\/a><\/strong><br \/>\nTra processioni tra terra e mare, fuochi d\u2019artificio e specialit\u00e0 gastronomiche, scopriamo le feste dei santi&#8230;<\/p>\n<\/div>\n<p>Ma in cosa consiste realmente questa festa? Quali sono le sue origini e quali riti la caratterizzano? Scopriamolo insieme.<\/p>\n<h2>Origini della Festa di San Firmino<\/h2>\n<p>La festa \u00e8 dedicata a\u00a0<strong>San Firmino di Navarra<\/strong>, ovvero San Firmino di Amiens, che a Pamplona nacque nel III secolo d.C., e fu il primo vescovo di Amiens. Venne decapitato in nome della sua fede e divenne Santo e co-patrono di Navarra. Le celebrazioni in suo onore risalgono al Medioevo, anche se la forma moderna della festa si \u00e8 sviluppata nel corso dei secoli.<br \/>\nLa festa di San Firmino a Pamplona nasce come\u00a0<strong>fiera commerciale<\/strong>. Si trattava di occasioni di incontro per mercanti e allevatori, durante le quali si facevano affari e, inevitabilmente, si trovava il modo di festeggiare insieme.\u00a0<strong>Feste secolari<\/strong>, dunque, che tuttavia finivano col coincidere e mescolarsi con le\u00a0<a href=\"https:\/\/www.holyart.it\/blog\/articoli-religiosi\/feste-mariane-dedicate-a-maria\/\"><strong>feste religiose cristiane<\/strong><\/a>, a loro volta derivate dalle\u00a0<strong>antiche usanze pagane<\/strong>. Un esempio \u00e8 la Festa di San Giovanni, tra il \u00a023 e 24 giugno, data del solstizio d&#8217;estate, un tempo teatro di antichi riti dedicati al Sole, oltre che di tradizioni magiche, ma anche festa d&#8217;estate.<br \/>\nVerso la\u00a0<strong>fine del XVI secolo<\/strong>, tradizioni pagane, fiere commerciali e feste religiose si unirono in quella che noi oggi conosciamo come la Festa di San Firmino a Pamplona, che inglob\u00f2 anche un&#8217;ulteriore festa di sette giorni in onore del re Carlo il Bello, Re di Navarra e poi di Francia.<\/p>\n<div class=\"link-article\">\n<p><img loading=\"lazy\" decoding=\"async\" class=\"size-full wp-image-20108 alignleft\" src=\"https:\/\/blog.holyart.it\/it\/wp-content\/uploads\/sites\/17\/2024\/06\/feste-mariane.jpg\" alt=\"feste mariane\" width=\"150\" height=\"99\" data-kale-share-title=\"La festa di San Firmino a Pamplona: storia e riti\" data-kale-share-url=\"https:\/\/blog.holyart.it\/it\/?p=20105\" \/><\/p>\n<div class=\"leggi-anche\">Leggi anche:<\/div>\n<p><strong><a href=\"https:\/\/www.holyart.it\/blog\/articoli-religiosi\/feste-mariane-dedicate-a-maria\/\">Feste Mariane: ecco tutte le ricorrenze dell\u2019anno dedicate a Maria<\/a><\/strong><br \/>\nFeste Mariane, tutti i volti della devozione a Maria Madre di Ges\u00f9&#8230;<\/p>\n<\/div>\n<p>La\u00a0<strong>prima Festa di San Firmino a Pamplona<\/strong>\u00a0documentata \u00e8 il\u00a0<strong>7 luglio del 1591<\/strong>, e gi\u00e0 includeva, oltre a tornei, rappresentazioni teatrali e danze in piazza, una\u00a0<strong>Corrida<\/strong>.<br \/>\n<strong>Ernest Hemingway<\/strong>, nel suo romanzo\u00a0<em>Fiesta (The Sun Also Rises)<\/em>, ha parlato della Festa di San Firmino a Pamplona, rendendola celebre in tutto il mondo.<\/p>\n<h2>In cosa consiste la Festa<\/h2>\n<p>La festa di San Firmino si svolge ogni anno\u00a0<strong>dal 6 al 14 luglio<\/strong>. \u00c8 un periodo di intensa attivit\u00e0, caratterizzato da celebrazioni religiose, eventi culturali e divertimenti vari. Il momento clou della festa \u00e8 senza dubbio la famosa\u00a0<strong>Corsa dei tori di Pamplona<\/strong>, ma ci sono molti altri riti e tradizioni che meritano attenzione.<\/p>\n<p>Rispetto alle origini medievali, per molto tempo la festa \u00e8 rimasta pressoch\u00e9 invariata, mescolando celebrazioni popolari ed elementi religiosi. Questi ultimi si sono andati perdendo a partire dal 1950, quando l&#8217;aumento del tenore di vita e le evoluzioni storiche e sociali, portarono a una preponderanza degli aspetti spettacolari e profani.<br \/>\nMa resta ancora importante la\u00a0<strong><a href=\"https:\/\/www.holyart.it\/it\/accessori-per-la-liturgia\/processioni\">Processione<\/a> in onore di San Firmino<\/strong>, l&#8217;<strong>Agur jaunak<\/strong>, canto tradizionale basco, intonato davanti alla chiesa dove si dice che il Santo fu battezzato, e altre suggestive tradizioni religiose.<\/p>\n<div class=\"link-product\">\n<div class=\"blocco-immagine\"><img loading=\"lazy\" decoding=\"async\" class=\"size-full wp-image-20110 alignleft\" src=\"https:\/\/blog.holyart.it\/it\/wp-content\/uploads\/sites\/17\/2024\/06\/baldacchino-per-processione-160x250-ihs-fiori-e-spighe.jpg\" alt=\"baldacchino per processione 160x250 ihs fiori e spighe\" width=\"100\" height=\"100\" data-kale-share-title=\"La festa di San Firmino a Pamplona: storia e riti\" data-kale-share-url=\"https:\/\/blog.holyart.it\/it\/?p=20105\" \/><\/div>\n<div class=\"blocco-contenuto\">\n<div class=\"blocco-acquista\">Acquista su Holyart:<\/div>\n<div class=\"blocco-titolo\"><a href=\"https:\/\/www.holyart.it\/it\/accessori-per-la-liturgia\/processioni\">Processioni<\/a><\/div>\n<div class=\"blocco-descrizione\">Qui troverai tutti gli articoli pensati per accompagnare le processioni religiose.<\/div>\n<\/div>\n<\/div>\n<p>La festa nel tempo si \u00e8 arricchita di nuove tradizioni, come la<strong>\u00a0Mascherata dei Giganti e dei Testoni<\/strong>, nella quale vengono fatti sfilare quattro coppie di giganteschi simulacri che formano una corte di re, scortati da altri giganti che rappresentano l&#8217;autorit\u00e0 locale.<br \/>\nNel XX secolo viene introdotto il\u00a0<strong>Riau-Riau<\/strong>, canto sulle note del Valzer del musicista locale Miguel Astr\u00e1i, che accompagna i vespri del Santo.<br \/>\nAnche lo scoppio di razzi e mortaretti (il\u00a0<em>chupinazo<\/em>), fanno parte della festa.<\/p>\n<h2>La corsa dei tori di Pamplona<\/h2>\n<p>La corsa dei tori \u00e8 sicuramente l&#8217;evento pi\u00f9 famoso della festa. Tradizionalmente l&#8217;<em>encierro<\/em>\u00a0(&#8220;chiusura&#8221;), \u00e8 una delle fasi della corrida in Spagna, ovvero il momento in cui i tori vengono trasferiti dal recinto in cui sono tenuti fino all&#8217;arena. A Pamplona, l&#8217;<em>encierro\u00a0<\/em>diventa un momento di spettacolo popolare. Ogni mattina, dal 7 al 14 luglio, centinaia di persone corrono davanti a sei tori e otto buoi lungo un percorso di circa 850 metri, che parte dalla salita di Santo Domingo e termina nell&#8217;arena della Corrida. La corsa, pur essendo molto pericolosa, attira numerosi partecipanti e spettatori da tutto il mondo, desiderosi di provare l&#8217;adrenalina di questa esperienza unica. Per partecipare all&#8217;<em>encierro<\/em>\u00a0basta aver compiuto 18 anni ed entrare nel percorso recintato che sar\u00e0 percorso dai tori. Tra le 2.000 e le 3.500 persone prendono parte in ogni giorno della festa.<img loading=\"lazy\" decoding=\"async\" class=\"aligncenter wp-image-20111 size-full\" src=\"https:\/\/blog.holyart.it\/it\/wp-content\/uploads\/sites\/17\/2024\/06\/encierro-a-pamplona.jpg\" alt=\"festa di san firmino a pamplona\" width=\"1000\" height=\"666\" data-kale-share-title=\"La festa di San Firmino a Pamplona: storia e riti\" data-kale-share-url=\"https:\/\/blog.holyart.it\/it\/?p=20105\" \/><\/p>\n<p>Al termine della corsa, i tori partecipano alla\u00a0<strong>Corrida<\/strong>, una tradizione che, seppur controversa, \u00e8 profondamente radicata nella cultura spagnola.<\/p>\n<h2>Aspetti religiosi della Festa<\/h2>\n<p>Nonostante l&#8217;aspetto festivo e spettacolare, la festa di San Firmino ha anche una forte componente religiosa. La\u00a0<strong>Processione di San Firmino<\/strong>\u00a0rappresenta il cuore spirituale della festa. Si tiene il 7 luglio, e migliaia di persone partecipano accompagnando l&#8217;immagine del Santo con canti e preghiere.\u00a0Durante i giorni di celebrazione, molti partecipanti indossano il\u00a0<strong>tradizionale costume\u00a0<\/strong>bianco con una fascia e un fazzoletto rossi, simbolo del <a href=\"https:\/\/www.holyart.it\/blog\/santi-e-beati\/santi-martiri-sacrificare-la-propria-vita-in-nome-di-dio\/\"><strong>martirio di San Firmino<\/strong><\/a>. Questo abbigliamento \u00e8 un segno di rispetto e devozione verso il santo.<\/p>\n<div class=\"link-article\">\n<p><img loading=\"lazy\" decoding=\"async\" class=\"size-full wp-image-20112 alignleft\" src=\"https:\/\/blog.holyart.it\/it\/wp-content\/uploads\/sites\/17\/2024\/06\/Santi-martiri.jpg\" alt=\"Santi martiri\" width=\"150\" height=\"99\" data-kale-share-title=\"La festa di San Firmino a Pamplona: storia e riti\" data-kale-share-url=\"https:\/\/blog.holyart.it\/it\/?p=20105\" \/><\/p>\n<div class=\"leggi-anche\">Leggi anche:<\/div>\n<p><strong><a href=\"https:\/\/www.holyart.it\/blog\/santi-e-beati\/santi-martiri-sacrificare-la-propria-vita-in-nome-di-dio\/\">Santi Martiri: sacrificare la propria vita in nome di Dio<\/a><\/strong><br \/>\nI Santi Martiri sono uomini e donne, spesso molto giovani, che hanno sacrificato la propria vita per amore di Dio&#8230;<\/p>\n<\/div>\n","protected":false},"excerpt":{"rendered":"<p>Festa di San Firmino a Pamplona: tradizione, adrenalina e fede in un evento unico. Come nasce una delle feste pi\u00f9 famose al mondo La\u00a0Festa di San Firmino a Pamplona\u00a0non \u00e8 una semplice festa religiosa. Essa nasce dalla volont\u00e0 dei pamplonesi di riunire e rimescolare diverse&hellip;<\/p>\n","protected":false},"author":1,"featured_media":20114,"comment_status":"closed","ping_status":"open","sticky":false,"template":"","format":"standard","meta":{"_acf_changed":false,"footnotes":""},"categories":[15],"tags":[],"class_list":["post-20105","post","type-post","status-publish","format-standard","has-post-thumbnail","hentry","category-santi-e-beati"],"acf":[],"yoast_head":"<!-- This site is optimized with the Yoast SEO plugin v26.6 - https:\/\/yoast.com\/wordpress\/plugins\/seo\/ -->\n<title>La festa di San Firmino a Pamplona: storia e riti - Holyblog<\/title>\n<meta name=\"description\" content=\"La Festa di San Firmino a Pamplona celebra la devozione a San Firmino, co-patrono di Navarra, mescolando religione, usanze e tradizioni.\" \/>\n<meta name=\"robots\" content=\"index, follow, max-snippet:-1, max-image-preview:large, max-video-preview:-1\" \/>\n<link rel=\"canonical\" href=\"https:\/\/blog.holyart.it\/it\/santi-e-beati\/la-festa-di-san-firmino-a-pamplona-storia-e-riti\/\" \/>\n<meta property=\"og:locale\" content=\"it_IT\" \/>\n<meta property=\"og:type\" content=\"article\" \/>\n<meta property=\"og:title\" content=\"La festa di San Firmino a Pamplona: storia e riti - Holyblog\" \/>\n<meta property=\"og:description\" content=\"La Festa di San Firmino a Pamplona celebra la devozione a San Firmino, co-patrono di Navarra, mescolando religione, usanze e tradizioni.\" \/>\n<meta property=\"og:url\" content=\"https:\/\/blog.holyart.it\/it\/santi-e-beati\/la-festa-di-san-firmino-a-pamplona-storia-e-riti\/\" \/>\n<meta property=\"og:site_name\" content=\"Holyblog\" \/>\n<meta property=\"article:published_time\" content=\"2024-07-01T08:00:07+00:00\" \/>\n<meta property=\"og:image\" content=\"https:\/\/blog.holyart.it\/it\/wp-content\/uploads\/sites\/17\/2024\/06\/la-festa-di-san-firmino-a-pamplona.jpg\" \/>\n\t<meta property=\"og:image:width\" content=\"1000\" \/>\n\t<meta property=\"og:image:height\" content=\"666\" \/>\n\t<meta property=\"og:image:type\" content=\"image\/jpeg\" \/>\n<meta name=\"author\" content=\"Redazione\" \/>\n<meta name=\"twitter:card\" content=\"summary_large_image\" \/>\n<meta name=\"twitter:label1\" content=\"Scritto da\" \/>\n\t<meta name=\"twitter:data1\" content=\"Redazione\" \/>\n\t<meta name=\"twitter:label2\" content=\"Tempo di lettura stimato\" \/>\n\t<meta name=\"twitter:data2\" content=\"7 minuti\" \/>\n<script type=\"application\/ld+json\" class=\"yoast-schema-graph\">{\"@context\":\"https:\/\/schema.org\",\"@graph\":[{\"@type\":\"Article\",\"@id\":\"https:\/\/blog.holyart.it\/it\/santi-e-beati\/la-festa-di-san-firmino-a-pamplona-storia-e-riti\/#article\",\"isPartOf\":{\"@id\":\"https:\/\/blog.holyart.it\/it\/santi-e-beati\/la-festa-di-san-firmino-a-pamplona-storia-e-riti\/\"},\"author\":{\"name\":\"Redazione\",\"@id\":\"https:\/\/blog.holyart.it\/it\/#\/schema\/person\/0a7b686e5af0f856ec1e390dd0baecda\"},\"headline\":\"La festa di San Firmino a Pamplona: storia e riti\",\"datePublished\":\"2024-07-01T08:00:07+00:00\",\"mainEntityOfPage\":{\"@id\":\"https:\/\/blog.holyart.it\/it\/santi-e-beati\/la-festa-di-san-firmino-a-pamplona-storia-e-riti\/\"},\"wordCount\":1053,\"publisher\":{\"@id\":\"https:\/\/blog.holyart.it\/it\/#organization\"},\"image\":{\"@id\":\"https:\/\/blog.holyart.it\/it\/santi-e-beati\/la-festa-di-san-firmino-a-pamplona-storia-e-riti\/#primaryimage\"},\"thumbnailUrl\":\"https:\/\/blog.holyart.it\/it\/wp-content\/uploads\/sites\/17\/2024\/06\/la-festa-di-san-firmino-a-pamplona.jpg\",\"articleSection\":[\"Santi e beati\"],\"inLanguage\":\"it-IT\"},{\"@type\":\"WebPage\",\"@id\":\"https:\/\/blog.holyart.it\/it\/santi-e-beati\/la-festa-di-san-firmino-a-pamplona-storia-e-riti\/\",\"url\":\"https:\/\/blog.holyart.it\/it\/santi-e-beati\/la-festa-di-san-firmino-a-pamplona-storia-e-riti\/\",\"name\":\"La festa di San Firmino a Pamplona: storia e riti - Holyblog\",\"isPartOf\":{\"@id\":\"https:\/\/blog.holyart.it\/it\/#website\"},\"primaryImageOfPage\":{\"@id\":\"https:\/\/blog.holyart.it\/it\/santi-e-beati\/la-festa-di-san-firmino-a-pamplona-storia-e-riti\/#primaryimage\"},\"image\":{\"@id\":\"https:\/\/blog.holyart.it\/it\/santi-e-beati\/la-festa-di-san-firmino-a-pamplona-storia-e-riti\/#primaryimage\"},\"thumbnailUrl\":\"https:\/\/blog.holyart.it\/it\/wp-content\/uploads\/sites\/17\/2024\/06\/la-festa-di-san-firmino-a-pamplona.jpg\",\"datePublished\":\"2024-07-01T08:00:07+00:00\",\"description\":\"La Festa di San Firmino a Pamplona celebra la devozione a San Firmino, co-patrono di Navarra, mescolando religione, usanze e tradizioni.\",\"breadcrumb\":{\"@id\":\"https:\/\/blog.holyart.it\/it\/santi-e-beati\/la-festa-di-san-firmino-a-pamplona-storia-e-riti\/#breadcrumb\"},\"inLanguage\":\"it-IT\",\"potentialAction\":[{\"@type\":\"ReadAction\",\"target\":[\"https:\/\/blog.holyart.it\/it\/santi-e-beati\/la-festa-di-san-firmino-a-pamplona-storia-e-riti\/\"]}]},{\"@type\":\"ImageObject\",\"inLanguage\":\"it-IT\",\"@id\":\"https:\/\/blog.holyart.it\/it\/santi-e-beati\/la-festa-di-san-firmino-a-pamplona-storia-e-riti\/#primaryimage\",\"url\":\"https:\/\/blog.holyart.it\/it\/wp-content\/uploads\/sites\/17\/2024\/06\/la-festa-di-san-firmino-a-pamplona.jpg\",\"contentUrl\":\"https:\/\/blog.holyart.it\/it\/wp-content\/uploads\/sites\/17\/2024\/06\/la-festa-di-san-firmino-a-pamplona.jpg\",\"width\":1000,\"height\":666,\"caption\":\"la festa di san firmino a pamplona\"},{\"@type\":\"BreadcrumbList\",\"@id\":\"https:\/\/blog.holyart.it\/it\/santi-e-beati\/la-festa-di-san-firmino-a-pamplona-storia-e-riti\/#breadcrumb\",\"itemListElement\":[{\"@type\":\"ListItem\",\"position\":1,\"name\":\"Homepage\",\"item\":\"https:\/\/blog.holyart.it\/it\/\"},{\"@type\":\"ListItem\",\"position\":2,\"name\":\"Santi e beati\",\"item\":\"https:\/\/blog.holyart.it\/it\/santi-e-beati\/\"},{\"@type\":\"ListItem\",\"position\":3,\"name\":\"La festa di San Firmino a Pamplona: storia e riti\"}]},{\"@type\":\"WebSite\",\"@id\":\"https:\/\/blog.holyart.it\/it\/#website\",\"url\":\"https:\/\/blog.holyart.it\/it\/\",\"name\":\"Holyblog\",\"description\":\"Il Blog di Holyart.it\",\"publisher\":{\"@id\":\"https:\/\/blog.holyart.it\/it\/#organization\"},\"potentialAction\":[{\"@type\":\"SearchAction\",\"target\":{\"@type\":\"EntryPoint\",\"urlTemplate\":\"https:\/\/blog.holyart.it\/it\/?s={search_term_string}\"},\"query-input\":{\"@type\":\"PropertyValueSpecification\",\"valueRequired\":true,\"valueName\":\"search_term_string\"}}],\"inLanguage\":\"it-IT\"},{\"@type\":\"Organization\",\"@id\":\"https:\/\/blog.holyart.it\/it\/#organization\",\"name\":\"Holyblog\",\"url\":\"https:\/\/blog.holyart.it\/it\/\",\"logo\":{\"@type\":\"ImageObject\",\"inLanguage\":\"it-IT\",\"@id\":\"https:\/\/blog.holyart.it\/it\/#\/schema\/logo\/image\/\",\"url\":\"https:\/\/blog.holyart.it\/it\/wp-content\/uploads\/sites\/17\/2022\/12\/Holyart_Blog_Logo.jpg\",\"contentUrl\":\"https:\/\/blog.holyart.it\/it\/wp-content\/uploads\/sites\/17\/2022\/12\/Holyart_Blog_Logo.jpg\",\"width\":300,\"height\":50,\"caption\":\"Holyblog\"},\"image\":{\"@id\":\"https:\/\/blog.holyart.it\/it\/#\/schema\/logo\/image\/\"}},{\"@type\":\"Person\",\"@id\":\"https:\/\/blog.holyart.it\/it\/#\/schema\/person\/0a7b686e5af0f856ec1e390dd0baecda\",\"name\":\"Redazione\"}]}<\/script>\n<!-- \/ Yoast SEO plugin. -->","yoast_head_json":{"title":"La festa di San Firmino a Pamplona: storia e riti - Holyblog","description":"La Festa di San Firmino a Pamplona celebra la devozione a San Firmino, co-patrono di Navarra, mescolando religione, usanze e tradizioni.","robots":{"index":"index","follow":"follow","max-snippet":"max-snippet:-1","max-image-preview":"max-image-preview:large","max-video-preview":"max-video-preview:-1"},"canonical":"https:\/\/blog.holyart.it\/it\/santi-e-beati\/la-festa-di-san-firmino-a-pamplona-storia-e-riti\/","og_locale":"it_IT","og_type":"article","og_title":"La festa di San Firmino a Pamplona: storia e riti - Holyblog","og_description":"La Festa di San Firmino a Pamplona celebra la devozione a San Firmino, co-patrono di Navarra, mescolando religione, usanze e tradizioni.","og_url":"https:\/\/blog.holyart.it\/it\/santi-e-beati\/la-festa-di-san-firmino-a-pamplona-storia-e-riti\/","og_site_name":"Holyblog","article_published_time":"2024-07-01T08:00:07+00:00","og_image":[{"width":1000,"height":666,"url":"https:\/\/blog.holyart.it\/it\/wp-content\/uploads\/sites\/17\/2024\/06\/la-festa-di-san-firmino-a-pamplona.jpg","type":"image\/jpeg"}],"author":"Redazione","twitter_card":"summary_large_image","twitter_misc":{"Scritto da":"Redazione","Tempo di lettura stimato":"7 minuti"},"schema":{"@context":"https:\/\/schema.org","@graph":[{"@type":"Article","@id":"https:\/\/blog.holyart.it\/it\/santi-e-beati\/la-festa-di-san-firmino-a-pamplona-storia-e-riti\/#article","isPartOf":{"@id":"https:\/\/blog.holyart.it\/it\/santi-e-beati\/la-festa-di-san-firmino-a-pamplona-storia-e-riti\/"},"author":{"name":"Redazione","@id":"https:\/\/blog.holyart.it\/it\/#\/schema\/person\/0a7b686e5af0f856ec1e390dd0baecda"},"headline":"La festa di San Firmino a Pamplona: storia e riti","datePublished":"2024-07-01T08:00:07+00:00","mainEntityOfPage":{"@id":"https:\/\/blog.holyart.it\/it\/santi-e-beati\/la-festa-di-san-firmino-a-pamplona-storia-e-riti\/"},"wordCount":1053,"publisher":{"@id":"https:\/\/blog.holyart.it\/it\/#organization"},"image":{"@id":"https:\/\/blog.holyart.it\/it\/santi-e-beati\/la-festa-di-san-firmino-a-pamplona-storia-e-riti\/#primaryimage"},"thumbnailUrl":"https:\/\/blog.holyart.it\/it\/wp-content\/uploads\/sites\/17\/2024\/06\/la-festa-di-san-firmino-a-pamplona.jpg","articleSection":["Santi e beati"],"inLanguage":"it-IT"},{"@type":"WebPage","@id":"https:\/\/blog.holyart.it\/it\/santi-e-beati\/la-festa-di-san-firmino-a-pamplona-storia-e-riti\/","url":"https:\/\/blog.holyart.it\/it\/santi-e-beati\/la-festa-di-san-firmino-a-pamplona-storia-e-riti\/","name":"La festa di San Firmino a Pamplona: storia e riti - Holyblog","isPartOf":{"@id":"https:\/\/blog.holyart.it\/it\/#website"},"primaryImageOfPage":{"@id":"https:\/\/blog.holyart.it\/it\/santi-e-beati\/la-festa-di-san-firmino-a-pamplona-storia-e-riti\/#primaryimage"},"image":{"@id":"https:\/\/blog.holyart.it\/it\/santi-e-beati\/la-festa-di-san-firmino-a-pamplona-storia-e-riti\/#primaryimage"},"thumbnailUrl":"https:\/\/blog.holyart.it\/it\/wp-content\/uploads\/sites\/17\/2024\/06\/la-festa-di-san-firmino-a-pamplona.jpg","datePublished":"2024-07-01T08:00:07+00:00","description":"La Festa di San Firmino a Pamplona celebra la devozione a San Firmino, co-patrono di Navarra, mescolando religione, usanze e tradizioni.","breadcrumb":{"@id":"https:\/\/blog.holyart.it\/it\/santi-e-beati\/la-festa-di-san-firmino-a-pamplona-storia-e-riti\/#breadcrumb"},"inLanguage":"it-IT","potentialAction":[{"@type":"ReadAction","target":["https:\/\/blog.holyart.it\/it\/santi-e-beati\/la-festa-di-san-firmino-a-pamplona-storia-e-riti\/"]}]},{"@type":"ImageObject","inLanguage":"it-IT","@id":"https:\/\/blog.holyart.it\/it\/santi-e-beati\/la-festa-di-san-firmino-a-pamplona-storia-e-riti\/#primaryimage","url":"https:\/\/blog.holyart.it\/it\/wp-content\/uploads\/sites\/17\/2024\/06\/la-festa-di-san-firmino-a-pamplona.jpg","contentUrl":"https:\/\/blog.holyart.it\/it\/wp-content\/uploads\/sites\/17\/2024\/06\/la-festa-di-san-firmino-a-pamplona.jpg","width":1000,"height":666,"caption":"la festa di san firmino a pamplona"},{"@type":"BreadcrumbList","@id":"https:\/\/blog.holyart.it\/it\/santi-e-beati\/la-festa-di-san-firmino-a-pamplona-storia-e-riti\/#breadcrumb","itemListElement":[{"@type":"ListItem","position":1,"name":"Homepage","item":"https:\/\/blog.holyart.it\/it\/"},{"@type":"ListItem","position":2,"name":"Santi e beati","item":"https:\/\/blog.holyart.it\/it\/santi-e-beati\/"},{"@type":"ListItem","position":3,"name":"La festa di San Firmino a Pamplona: storia e riti"}]},{"@type":"WebSite","@id":"https:\/\/blog.holyart.it\/it\/#website","url":"https:\/\/blog.holyart.it\/it\/","name":"Holyblog","description":"Il Blog di Holyart.it","publisher":{"@id":"https:\/\/blog.holyart.it\/it\/#organization"},"potentialAction":[{"@type":"SearchAction","target":{"@type":"EntryPoint","urlTemplate":"https:\/\/blog.holyart.it\/it\/?s={search_term_string}"},"query-input":{"@type":"PropertyValueSpecification","valueRequired":true,"valueName":"search_term_string"}}],"inLanguage":"it-IT"},{"@type":"Organization","@id":"https:\/\/blog.holyart.it\/it\/#organization","name":"Holyblog","url":"https:\/\/blog.holyart.it\/it\/","logo":{"@type":"ImageObject","inLanguage":"it-IT","@id":"https:\/\/blog.holyart.it\/it\/#\/schema\/logo\/image\/","url":"https:\/\/blog.holyart.it\/it\/wp-content\/uploads\/sites\/17\/2022\/12\/Holyart_Blog_Logo.jpg","contentUrl":"https:\/\/blog.holyart.it\/it\/wp-content\/uploads\/sites\/17\/2022\/12\/Holyart_Blog_Logo.jpg","width":300,"height":50,"caption":"Holyblog"},"image":{"@id":"https:\/\/blog.holyart.it\/it\/#\/schema\/logo\/image\/"}},{"@type":"Person","@id":"https:\/\/blog.holyart.it\/it\/#\/schema\/person\/0a7b686e5af0f856ec1e390dd0baecda","name":"Redazione"}]}},"_links":{"self":[{"href":"https:\/\/blog.holyart.it\/it\/wp-json\/wp\/v2\/posts\/20105","targetHints":{"allow":["GET"]}}],"collection":[{"href":"https:\/\/blog.holyart.it\/it\/wp-json\/wp\/v2\/posts"}],"about":[{"href":"https:\/\/blog.holyart.it\/it\/wp-json\/wp\/v2\/types\/post"}],"author":[{"embeddable":true,"href":"https:\/\/blog.holyart.it\/it\/wp-json\/wp\/v2\/users\/1"}],"replies":[{"embeddable":true,"href":"https:\/\/blog.holyart.it\/it\/wp-json\/wp\/v2\/comments?post=20105"}],"version-history":[{"count":4,"href":"https:\/\/blog.holyart.it\/it\/wp-json\/wp\/v2\/posts\/20105\/revisions"}],"predecessor-version":[{"id":20115,"href":"https:\/\/blog.holyart.it\/it\/wp-json\/wp\/v2\/posts\/20105\/revisions\/20115"}],"wp:featuredmedia":[{"embeddable":true,"href":"https:\/\/blog.holyart.it\/it\/wp-json\/wp\/v2\/media\/20114"}],"wp:attachment":[{"href":"https:\/\/blog.holyart.it\/it\/wp-json\/wp\/v2\/media?parent=20105"}],"wp:term":[{"taxonomy":"category","embeddable":true,"href":"https:\/\/blog.holyart.it\/it\/wp-json\/wp\/v2\/categories?post=20105"},{"taxonomy":"post_tag","embeddable":true,"href":"https:\/\/blog.holyart.it\/it\/wp-json\/wp\/v2\/tags?post=20105"}],"curies":[{"name":"wp","href":"https:\/\/api.w.org\/{rel}","templated":true}]}}