{"id":20089,"date":"2024-07-03T10:04:44","date_gmt":"2024-07-03T08:04:44","guid":{"rendered":"https:\/\/blog.holyart.it\/it\/?p=20089"},"modified":"2025-05-06T17:58:28","modified_gmt":"2025-05-06T15:58:28","slug":"don-tonino-bello-chi-era-il-vescovo-diventato-venerabile","status":"publish","type":"post","link":"https:\/\/blog.holyart.it\/it\/articoli-religiosi\/don-tonino-bello-chi-era-il-vescovo-diventato-venerabile\/","title":{"rendered":"Don Tonino Bello: chi era il vescovo diventato Venerabile"},"content":{"rendered":"<h4>Don Tonino Bello \u00e8 stato un esempio di umilt\u00e0 e dedizione al prossimo tale da meritare l&#8217;avvio del processo di Beatificazione. Scopriamo chi era e come ha cercato di migliorare il mondo questo vescovo insignito del titolo di Venerabile<\/h4>\n\n<p><strong>Don Tonino Bello<\/strong>\u00a0\u00e8 stato un vescovo cattolico. Amato e rispettato, ha saputo lasciare un segno indelebile nel cuore dei fedeli e della societ\u00e0 in generale, al punto di avere un\u00a0<strong>processo di Beatificazione\u00a0<\/strong>avviato per lui dalla\u00a0<strong><a href=\"https:\/\/www.holyart.it\/blog\/articoli-religiosi\/le-funzioni-del-dicastero-delle-cause-dei-santi\/\">Congregazione delle cause dei santi<\/a><\/strong>\u00a0e di essere insignito nel 2020 del titolo di\u00a0<strong>Venerabile<\/strong>. La sua stessa vita \u00e8 stata un&#8217;incarnazione di fede, umilt\u00e0, dedizione al servizio degli altri, ma anche di lotta per la giustizia sociale e sostegno della pace. Sua la definizione di\u00a0<em>Chiesa del grembiule<\/em>, una chiesa povera, umile, votata alla carit\u00e0 e alla misericordia senza distinzioni di sorta.<\/p>\n<div class=\"link-article\">\n<p><img loading=\"lazy\" decoding=\"async\" class=\"size-full wp-image-20090 alignleft\" src=\"https:\/\/blog.holyart.it\/it\/wp-content\/uploads\/sites\/17\/2024\/06\/dicastero.jpg\" alt=\"dicastero\" width=\"150\" height=\"99\" data-kale-share-title=\"Don Tonino Bello: chi era il vescovo diventato venerabile\" data-kale-share-url=\"https:\/\/blog.holyart.it\/it\/?p=20089\" \/><\/p>\n<div class=\"leggi-anche\">Leggi anche:<\/div>\n<p><strong><a href=\"https:\/\/www.holyart.it\/blog\/articoli-religiosi\/le-funzioni-del-dicastero-delle-cause-dei-santi\/\">Le funzioni del Dicastero delle cause dei santi<\/a><\/strong><br \/>\nChe cos\u2019\u00e8 e di cosa si occupa il Dicastero delle cause dei santi, l\u2019organo della Curia deputato&#8230;<\/p>\n<\/div>\n<p>Nato il 18 marzo 1935 nel\u00a0<strong>Salento<\/strong>, e battezzato con il nome di Antonio Bello, trascorse l&#8217;infanzia nel paese di Alessano, dove ebbe modo di assistere alla morte dei fratellastri e del padre. Queste esperienze segnarono la sua sensibilit\u00e0 e alimentarono la sua compassione per coloro che vivevano nella sofferenza.<br \/>\nDopo essere<strong>\u00a0entrato in seminario<\/strong>, Don Tonino Bello \u00e8 stato\u00a0<strong><a href=\"https:\/\/www.holyart.it\/blog\/articoli-religiosi\/ordinazione-presbiterale-sacerdoti\/\">ordinato sacerdote<\/a> nel 1957<\/strong>.<br \/>\nDa quel momento, ha trascorso la sua vita al servizio della Chiesa e delle persone pi\u00f9 bisognose. Il suo ministero lo ha portato in diverse diocesi italiane, ma \u00e8 nella\u00a0<strong>Diocesi di Molfetta-Ruvo-Giovinazzo-Terlizzi<\/strong>, dove ha svolto il ruolo di vescovo dal 1982 fino alla sua morte nel 1993, che la sua figura \u00e8 diventata particolarmente nota.<br \/>\nQui Don Tonino si dedic\u00f2 anche alla\u00a0<strong>formazione dei giovani\u00a0<\/strong>presso il seminario diocesano di Ugento, ricoprendo il ruolo di vice-rettore e contribuendo cos\u00ec alla crescita spirituale dei futuri sacerdoti.<br \/>\nLa sua formazione teologica lo port\u00f2 a conseguire una licenza in\u00a0<strong>Sacra Teologia<\/strong>\u00a0presso la Facolt\u00e0 teologica dell&#8217;Italia settentrionale e, nel 1965, ottenne il dottorato presso la Pontificia Universit\u00e0 Lateranense, con una tesi sui congressi eucaristici e i loro significati teologici e pastorali.<br \/>\nDal 1969, Don Tonino Bello divenne anche\u00a0<strong>assistente dell&#8217;Azione Cattolica e vicario episcopale<\/strong>\u00a0per la pastorale diocesana. La sua dedizione al servizio degli ultimi divenne evidente quando fu nominato amministratore della\u00a0<strong>parrocchia del Sacro Cuore di Ugento\u00a0<\/strong>nel 1978 e, l&#8217;anno successivo, parroco della\u00a0<strong>Chiesa Matrice di Tricase<\/strong>. Istitu\u00ec la\u00a0<strong><em>Caritas<\/em><\/strong>\u00a0e un osservatorio delle povert\u00e0, dimostrando la sua particolare attenzione verso i pi\u00f9 bisognosi della comunit\u00e0.<\/p>\n<div class=\"link-article\">\n<p><img loading=\"lazy\" decoding=\"async\" class=\"size-full wp-image-20093 alignleft\" src=\"https:\/\/blog.holyart.it\/it\/wp-content\/uploads\/sites\/17\/2024\/06\/ordinazione-presbiteriale.jpg\" alt=\"ordinazione presbiteriale\" width=\"150\" height=\"99\" data-kale-share-title=\"Don Tonino Bello: chi era il vescovo diventato venerabile\" data-kale-share-url=\"https:\/\/blog.holyart.it\/it\/?p=20089\" \/><\/p>\n<div class=\"leggi-anche\">Leggi anche:<\/div>\n<p><strong><a href=\"https:\/\/www.holyart.it\/blog\/articoli-religiosi\/ordinazione-presbiterale-sacerdoti\/\">Ordinazione presbiterale: ecco come si diventa sacerdoti<\/a><\/strong><br \/>\nCon l\u2019Ordinazione Presbiterale un uomo diventa a tutti gli effetti un sacerdote. Ecco come si svolge il rito&#8230;<\/p>\n<\/div>\n<p>Divenuto\u00a0<strong>vescovo delle diocesi di Molfetta, Giovinazzo e Terlizzi<\/strong>\u00a0e, successivamente, anche della diocesi di<strong>\u00a0Ruvo<\/strong>, <a href=\"https:\/\/www.holyart.it\/it\/accessori-per-la-liturgia\/articoli-vescovili\"><strong>Don Tonino Vescovo<\/strong><\/a> mantenne il titolo semplice di\u00a0<strong><em>Don Tonino<\/em><\/strong>, e con esso la profonda umilt\u00e0 che aveva caratterizzato fino ad allora il suo operato come sacerdote e come uomo. Sempre vicino alla gente e alla loro sofferenza, promosse la\u00a0<strong>costituzione di gruppi Caritas<\/strong>\u00a0in tutte le parrocchie della diocesi, fond\u00f2 una comunit\u00e0 per la cura delle<strong>\u00a0tossicodipendenze<\/strong>, lott\u00f2 in nome della giustizia sociale, della solidariet\u00e0 e contro ogni forma di emarginazione.<\/p>\n<p>Come successore di monsignor Luigi Bettazzi alla guida di\u00a0<strong><em>Pax Christi<\/em><\/strong>, movimento cattolico internazionale per la pace, manifest\u00f2 il proprio <strong>dissenso alla guerra<\/strong>\u00a0e combatt\u00e9 contro il potenziamento dei poli militari di Crotone e Gioia del Colle, con\u00a0<strong>marce per il disarmo<\/strong>, oltre che contro l&#8217;intervento bellico nella\u00a0<strong>Guerra del Golfo<\/strong>. Il suo impegno per la pace si fece ancora pi\u00f9 tangibile dopo la fondazione della rivista mensile\u00a0<strong><em>Mosaico di Pace<\/em><\/strong>.<br \/>\nMalato di cancro allo stomaco, Monsignor Tonino Bello si rec\u00f2 in\u00a0<strong>Bosnia e Erzegovina<\/strong>\u00a0nel 1992, durante la guerra civile, marciando a piedi fino a Sarajevo stretta dall&#8217;assedio serbo, per diffondere il suo messaggio di solidariet\u00e0 e speranza.<\/p>\n<p><strong>Mor\u00ec a Molfetta il 20 aprile 1993<\/strong>, lasciando un&#8217;eredit\u00e0 di amore e dedizione al servizio degli altri. Le sue spoglie riposano nel cimitero di Alessano, il suo amato paese natale.<br \/>\nNel 1994, gli fu conferito il\u00a0<strong>Premio Nazionale Cultura della Pace alla memoria<\/strong>, un riconoscimento dell&#8217;importanza del suo lavoro nella promozione della pace e dell&#8217;amore tra le persone. La sua figura rimane un esempio di umilt\u00e0, compassione e <a href=\"https:\/\/www.holyart.it\/it\/articoli-religiosi\/libri-e-testi-sacri\/calendari-e-altri-libri-religiosi\/andiamo-fino-a-betlemme\"><strong>impegno per il bene comune<\/strong><\/a>, un faro di speranza per tutti coloro che cercano di seguire i valori evangelici nella loro vita quotidiana.<\/p>\n<div class=\"link-product\">\n<p><img loading=\"lazy\" decoding=\"async\" class=\"size-full wp-image-20103 alignleft\" src=\"https:\/\/blog.holyart.it\/it\/wp-content\/uploads\/sites\/17\/2024\/06\/zucchetto-in-pura-seta-color-paonazzo.jpg\" alt=\"zucchetto in pura seta color paonazzo\" width=\"100\" height=\"100\" data-kale-share-title=\"Don Tonino Bello: chi era il vescovo diventato Venerabile\" data-kale-share-url=\"https:\/\/blog.holyart.it\/it\/articoli-religiosi\/don-tonino-bello-chi-era-il-vescovo-diventato-venerabile\/\" \/><\/p>\n<div class=\"blocco-contenuto\">\n<div class=\"blocco-acquista\">Acquista su Holyart:<\/div>\n<div class=\"blocco-titolo\"><a href=\"https:\/\/www.holyart.it\/it\/accessori-per-la-liturgia\/articoli-vescovili\">Articoli vescovili<\/a><\/div>\n<div class=\"blocco-descrizione\">Anelli, bastoni pastorali con asta, croci episcopali.<\/div>\n<\/div>\n<\/div>\n<h2>Cosa ha fatto Don Tonino Bello?<\/h2>\n<p>Ma cosa ha fatto Don Tonino Bello che lo ha reso cos\u00ec speciale? Oltre alla sua vicinanza alla gente, \u00e8 stato un fervente<strong>\u00a0difensore della giustizia sociale<\/strong>. Ha speso la sua voce e la sua energia nella\u00a0<strong>denuncia delle ingiustizie<\/strong>, nella\u00a0<strong>difesa dei diritti umani<\/strong>\u00a0e nella promozione di una\u00a0<strong>societ\u00e0 pi\u00f9 inclusiva ed equa<\/strong>. Ha lavorato instancabilmente per\u00a0<strong>alleviare la sofferenza dei poveri, dei malati e degli emarginati<\/strong>, portando avanti un messaggio di amore, compassione e accoglienza per tutti.<\/p>\n<p>Il suo\u00a0<strong>impegno per la pace e la riconciliazione<\/strong>\u00a0\u00e8 stato un altro aspetto distintivo della sua opera pastorale. Durante un periodo particolarmente turbolento della storia italiana, Don Tonino Bello ha promosso incontri e dialoghi tra persone di diverse ideologie e convinzioni, cercando di superare le divisioni e costruire ponti tra le persone. La sua voce pacifica e conciliante ha contribuito a calmare animi e a favorire il dialogo costruttivo.<\/p>\n<h2>Don Tonino Bello Venerabile<\/h2>\n<p>Il 3 luglio 2020, Papa Francesco ha riconosciuto l&#8217;eroicit\u00e0 delle virt\u00f9 di Don Tonino Bello, conferendogli il\u00a0<strong>titolo di\u00a0<em>Venerabile<\/em>.<\/strong>\u00a0Questo \u00e8 un passo significativo nel processo di beatificazione e canonizzazione, che potrebbe portare Don Tonino Bello a essere riconosciuto come un santo della Chiesa cattolica. Ricordiamo infatti che secondo il diritto canonico il\u00a0<a href=\"https:\/\/www.holyart.it\/blog\/articoli-religiosi\/come-si-fa-a-diventare-santi-spieghiamo-il-processo-di-santificazione\/\"><strong>processo di Santificazione<\/strong><\/a>\u00a0prevede diversi passaggi: il candidato deve essere proclamato prima\u00a0<strong>Servo di Dio<\/strong>, poi\u00a0<strong>Venerabile<\/strong>, poi\u00a0<strong>Beato<\/strong>, infine\u00a0<strong>Santo<\/strong>. La\u00a0<strong>fama di Santit\u00e0\u00a0<\/strong>necessaria a Don Tonino per essere elevato al titolo di Venerabile viene dalle testimonianze delle persone comuni che lo hanno conosciuto e alle quali egli ha lasciato\u00a0<strong>un&#8217;eredit\u00e0 di amore, compassione, dedizione<\/strong>. Grazie a queste attestazioni la Chiesa cattolica ha riconosciuto in lui un\u00a0<strong>esempio di santit\u00e0 e di umanit\u00e0,<\/strong>\u00a0una testimonianza vivente del messaggio evangelico, la cui memoria continua a ispirare e a guidare molte persone nel cammino della fede e della carit\u00e0.<\/p>\n<div class=\"link-article\">\n<p><img loading=\"lazy\" decoding=\"async\" class=\"size-full wp-image-20091 alignleft\" src=\"https:\/\/blog.holyart.it\/it\/wp-content\/uploads\/sites\/17\/2024\/06\/processo-di-santificazione.jpg\" alt=\"processo di santificazione\" width=\"150\" height=\"99\" data-kale-share-title=\"Don Tonino Bello: chi era il vescovo diventato venerabile\" data-kale-share-url=\"https:\/\/blog.holyart.it\/it\/?p=20089\" \/><\/p>\n<div class=\"leggi-anche\">Leggi anche:<\/div>\n<p><strong><a href=\"https:\/\/www.holyart.it\/blog\/articoli-religiosi\/come-si-fa-a-diventare-santi-spieghiamo-il-processo-di-santificazione\/\">Come si fa a diventare santi? Spieghiamo il processo di santificazione<\/a><\/strong><br \/>\nIl processo di Santificazione \u00e8 composto da diverse fasi e si articola&#8230;<\/p>\n<\/div>\n<h2>Frasi di Don Tonino Bello<\/h2>\n<p>Don Tonino Bello \u00e8 stato anche un teologo e scrittore di grande sensibilit\u00e0, noto per le sue bellissime\u00a0<strong>pagine dedicate a Maria<\/strong>. La sua devozione mariana \u00e8 stata una caratteristica distintiva del suo ministero.<\/p>\n<p>Famose anche molte sue<strong>\u00a0frasi<\/strong>, con le quali affermava che<strong>\u00a0Dio ci parla attraverso i poveri<\/strong>\u00a0che incontriamo per la strada ed \u00e8 presente nel cuore di ogni individuo. Altre frasi esprimono la sua profonda\u00a0<strong>gratitudine per il dono della vita<\/strong>, l&#8217;invito a essere fieri di questa preziosa esistenza e a\u00a0<strong>vivere con amore e compassione<\/strong>\u00a0verso gli altri, riconoscendo in ognuno il riflesso dell&#8217;amore divino.<br \/>\nLe frasi di Don Tonino Bello rispecchiano la profondit\u00e0 della sua fede e la sua visione di un mondo migliore. Tra le sue frasi pi\u00f9 celebri, troviamo:<\/p>\n<p><em>&#8220;La nostra preghiera non \u00e8 mai stata tanto urgente quanto oggi. Preghiamo, ma poi diventiamo preghiera&#8221;<\/em>;<\/p>\n<p><em>&#8220;Vogliamo servire Cristo, ma a modo nostro, senza capire che servire Cristo \u00e8 mettersi sulle orme di Cristo&#8221;;<\/em><\/p>\n<p><em>&#8220;Dividete le vostre ricchezze, fatene parte a coloro che non ne hanno, ai diseredati della vita. Non solo a coloro che non hanno denaro, ma anche a coloro che hanno il portafoglio gonfio e il cuore vuoto! E a coloro che non hanno salute, che sono esauriti, stanchi, che non ce la fanno pi\u00f9&#8221;:<\/em><\/p>\n<p><em>&#8220;Voglio ringraziarti, Signore, per il dono della vita. Ho letto da qualche parte che gli uomini sono angeli con un\u2019ala soltanto: possono volare solo rimanendo abbracciati. A volte, nei momenti di confidenza, oso pensare, Signore, che anche tu abbia un\u2019ala soltanto. L\u2019altra la tieni nascosta: forse per farmi capire che tu non vuoi volare senza di me.&#8221;<\/em><\/p>\n<h2>Preghiere di Don Tonino Bello<\/h2>\n<p>Le\u00a0<strong>preghiere di Don Tonino Bello<\/strong>\u00a0sono un tesoro spirituale per molti fedeli, e alcune di esse sono diventate vere e proprie invocazioni per trovare conforto, speranza e ispirazione. La sua profonda spiritualit\u00e0 si riflette nelle sue preghiere, nelle quali emergono la sua fiducia in Dio e la sua dedizione alla causa dell&#8217;amore universale.<\/p>\n<p>Pensiamo alla\u00a0<strong>Preghiera per lo <a href=\"https:\/\/www.holyart.it\/blog\/articoli-religiosi\/i-7-doni-dello-spirito-santo-quali-sono-e-il-loro-significato\/\">Spirito Santo<\/a><\/strong>\u00a0in onore di Pentecoste, un&#8217;invocazione accorata al coraggio e alla conversione. Ecco la prima strofa:<\/p>\n<p><em>Spirito di Dio, che agli inizi della creazione ti libravi sugli abissi dell\u2019universo e trasformavi in sorriso di bellezza il grande sbadiglio delle cose, scendi ancora sulla terra e donale il brivido dei cominciamenti.<\/em><br \/>\n<em>Questo mondo che invecchia, sfioralo con l\u2019ala della tua gloria. Dissipa le sue rughe. Fascia le ferite che l\u2019egoismo sfrenato degli uomini ha tracciato sulla sua pelle. Mitiga con l\u2019olio della tenerezza le arsure della sua crosta. Restituiscigli il manto dell\u2019antico splendore, che le nostre violenze gli hanno strappato, e riversa sulle sue carni inaridite anfore di profumi.<\/em><br \/>\n<em>Permea tutte le cose, e possiedine il cuore. Facci percepire la tua dolente presenza nel gemito delle foreste divelte, nell\u2019urlo dei mari inquinati, nel pianto dei torrenti inariditi, nella viscida desolazione delle spiagge di bitume.<\/em><br \/>\n<em>Restituiscici al gaudio dei primordi. Riversati senza misura su tutte le nostre afflizioni. Librati ancora sul nostro vecchio mondo in pericolo. E il deserto, finalmente, ridiventer\u00e0 giardino, e nel giardino fiorir\u00e0 l\u2019albero della giustizia, e frutto della giustizia sar\u00e0 la pace.<\/em><\/p>\n<div class=\"link-article\">\n<p><img loading=\"lazy\" decoding=\"async\" class=\"size-full wp-image-20097 alignleft\" src=\"https:\/\/blog.holyart.it\/it\/wp-content\/uploads\/sites\/17\/2024\/06\/doni-dello-spirito-santo.jpg\" alt=\"doni dello spirito santo\" width=\"150\" height=\"99\" data-kale-share-title=\"Don Tonino Bello: chi era il vescovo diventato venerabile\" data-kale-share-url=\"https:\/\/blog.holyart.it\/it\/?p=20089\" \/><\/p>\n<div class=\"leggi-anche\">Leggi anche:<\/div>\n<p><strong><a href=\"https:\/\/www.holyart.it\/blog\/articoli-religiosi\/i-7-doni-dello-spirito-santo-quali-sono-e-il-loro-significato\/\">I 7 doni dello Spirito Santo: quali sono e il loro significato<\/a><\/strong><br \/>\nI doni dello Spirito Santo rendono l\u2019uomo docile a seguire le ispirazioni divine e qualificano il suo rapporto con Dio&#8230;<\/p>\n<\/div>\n<p>O una delle\u00a0<strong><a href=\"https:\/\/www.holyart.it\/blog\/articoli-religiosi\/7-ottobre-festa-della-madonna-del-rosario\/\">Preghiere a Maria<\/a> di Tonino Bello<\/strong>, dove la Vergine diventa la nostra compagna di viaggio contro le ingiustizie del mondo, per costruire un futuro migliore per noi e per le nuove generazioni:<\/p>\n<p><em>Santa Maria, Vergine del mattino, donaci la gioia di intuire, pur tra le tante foschie dell&#8217;aurora, le speranze del giorno nuovo. Ispiraci parole di coraggio. Non farci tremare la voce quando, a dispetto di tante cattiverie e di tanti peccati che invecchiano il mondo, osiamo annunciare che verranno tempi migliori. Non permettere che sulle nostre labbra il lamento prevalga mai sullo stupore, che lo sconforto sovrasti l&#8217;operosit\u00e0, che lo scetticismo schiacci l&#8217;entusiasmo, e che la pesantezza del passato ci impedisca di far credito sul futuro. Aiutaci a scommettere con pi\u00f9 audacia sui giovani, e preservaci dalla tentazione di blandirli con la furbizia di sterili parole, consapevoli che solo dalle nostre scelte di autenticit\u00e0 e di coerenza essi saranno disposti ancora a lasciarsi sedurre. Moltiplica le nostre energie perch\u00e9 sappiamo investirle nell&#8217;unico affare ancora redditizio sul mercato della civilt\u00e0: la prevenzione delle nuove generazioni dai mali atroci che oggi rendono corto il respiro della terra. Da&#8217; alle nostre voci la cadenza degli alleluia pasquali. Intridi di sogni le sabbie del nostro realismo. Rendici cultori delle calde utopie dalle cui feritoie sanguina la speranza sul mondo. Aiutaci a comprendere che additare le gemme che spuntano sui rami vale pi\u00f9 che piangere sulle foglie che cadono. E infondici la sicurezza di chi gi\u00e0 vede l&#8217;oriente incendiarsi ai primi raggi del sole.<\/em><\/p>\n<div class=\"link-article\">\n<p><img loading=\"lazy\" decoding=\"async\" class=\"size-full wp-image-20095 alignleft\" src=\"https:\/\/blog.holyart.it\/it\/wp-content\/uploads\/sites\/17\/2024\/06\/madonna-del-rosario.jpg\" alt=\"madonna del rosario\" width=\"150\" height=\"99\" data-kale-share-title=\"Don Tonino Bello: chi era il vescovo diventato venerabile\" data-kale-share-url=\"https:\/\/blog.holyart.it\/it\/?p=20089\" \/><\/p>\n<div class=\"leggi-anche\">Leggi anche:<\/div>\n<p><strong><a href=\"https:\/\/www.holyart.it\/blog\/articoli-religiosi\/7-ottobre-festa-della-madonna-del-rosario\/\">7 ottobre: festa della Madonna del Rosario<\/a><\/strong><br \/>\nLa Madonna del Rosario \u00e8 festeggiata il 7 ottobre. Nata dal ricordo di una vittoria militare cristiana&#8230;<\/p>\n<\/div>\n","protected":false},"excerpt":{"rendered":"<p>Don Tonino Bello \u00e8 stato un esempio di umilt\u00e0 e dedizione al prossimo tale da meritare l&#8217;avvio del processo di Beatificazione. Scopriamo chi era e come ha cercato di migliorare il mondo questo vescovo insignito del titolo di Venerabile Don Tonino Bello\u00a0\u00e8 stato un vescovo&hellip;<\/p>\n","protected":false},"author":1,"featured_media":20100,"comment_status":"closed","ping_status":"open","sticky":false,"template":"","format":"standard","meta":{"_acf_changed":false,"footnotes":""},"categories":[16],"tags":[],"class_list":["post-20089","post","type-post","status-publish","format-standard","has-post-thumbnail","hentry","category-articoli-religiosi"],"acf":[],"yoast_head":"<!-- This site is optimized with the Yoast SEO plugin v26.6 - https:\/\/yoast.com\/wordpress\/plugins\/seo\/ -->\n<title>Don Tonino Bello: chi era il vescovo diventato Venerabile - Holyblog<\/title>\n<meta name=\"description\" content=\"Don Tonino Bello visse al servizio dei poveri e degli emarginati, facendo della sua intera esistenza un\u2019espressione vivente del Vangelo.\" \/>\n<meta name=\"robots\" content=\"index, follow, max-snippet:-1, max-image-preview:large, max-video-preview:-1\" \/>\n<link rel=\"canonical\" href=\"https:\/\/blog.holyart.it\/it\/articoli-religiosi\/don-tonino-bello-chi-era-il-vescovo-diventato-venerabile\/\" \/>\n<meta property=\"og:locale\" content=\"it_IT\" \/>\n<meta property=\"og:type\" content=\"article\" \/>\n<meta property=\"og:title\" content=\"Don Tonino Bello: chi era il vescovo diventato Venerabile - Holyblog\" \/>\n<meta property=\"og:description\" content=\"Don Tonino Bello visse al servizio dei poveri e degli emarginati, facendo della sua intera esistenza un\u2019espressione vivente del Vangelo.\" \/>\n<meta property=\"og:url\" content=\"https:\/\/blog.holyart.it\/it\/articoli-religiosi\/don-tonino-bello-chi-era-il-vescovo-diventato-venerabile\/\" \/>\n<meta property=\"og:site_name\" content=\"Holyblog\" \/>\n<meta property=\"article:published_time\" content=\"2024-07-03T08:04:44+00:00\" \/>\n<meta property=\"article:modified_time\" content=\"2025-05-06T15:58:28+00:00\" \/>\n<meta property=\"og:image\" content=\"https:\/\/blog.holyart.it\/it\/wp-content\/uploads\/sites\/17\/2024\/06\/don-tonino-bello-vescovo-venerabile.jpg\" \/>\n\t<meta property=\"og:image:width\" content=\"1000\" \/>\n\t<meta property=\"og:image:height\" content=\"666\" \/>\n\t<meta property=\"og:image:type\" content=\"image\/jpeg\" \/>\n<meta name=\"author\" content=\"Redazione\" \/>\n<meta name=\"twitter:card\" content=\"summary_large_image\" \/>\n<meta name=\"twitter:label1\" content=\"Scritto da\" \/>\n\t<meta name=\"twitter:data1\" content=\"Redazione\" \/>\n\t<meta name=\"twitter:label2\" content=\"Tempo di lettura stimato\" \/>\n\t<meta name=\"twitter:data2\" content=\"12 minuti\" \/>\n<script type=\"application\/ld+json\" class=\"yoast-schema-graph\">{\"@context\":\"https:\/\/schema.org\",\"@graph\":[{\"@type\":\"Article\",\"@id\":\"https:\/\/blog.holyart.it\/it\/articoli-religiosi\/don-tonino-bello-chi-era-il-vescovo-diventato-venerabile\/#article\",\"isPartOf\":{\"@id\":\"https:\/\/blog.holyart.it\/it\/articoli-religiosi\/don-tonino-bello-chi-era-il-vescovo-diventato-venerabile\/\"},\"author\":{\"name\":\"Redazione\",\"@id\":\"https:\/\/blog.holyart.it\/it\/#\/schema\/person\/0a7b686e5af0f856ec1e390dd0baecda\"},\"headline\":\"Don Tonino Bello: chi era il vescovo diventato Venerabile\",\"datePublished\":\"2024-07-03T08:04:44+00:00\",\"dateModified\":\"2025-05-06T15:58:28+00:00\",\"mainEntityOfPage\":{\"@id\":\"https:\/\/blog.holyart.it\/it\/articoli-religiosi\/don-tonino-bello-chi-era-il-vescovo-diventato-venerabile\/\"},\"wordCount\":1920,\"publisher\":{\"@id\":\"https:\/\/blog.holyart.it\/it\/#organization\"},\"image\":{\"@id\":\"https:\/\/blog.holyart.it\/it\/articoli-religiosi\/don-tonino-bello-chi-era-il-vescovo-diventato-venerabile\/#primaryimage\"},\"thumbnailUrl\":\"https:\/\/blog.holyart.it\/it\/wp-content\/uploads\/sites\/17\/2024\/06\/don-tonino-bello-vescovo-venerabile.jpg\",\"articleSection\":[\"Religione\"],\"inLanguage\":\"it-IT\"},{\"@type\":\"WebPage\",\"@id\":\"https:\/\/blog.holyart.it\/it\/articoli-religiosi\/don-tonino-bello-chi-era-il-vescovo-diventato-venerabile\/\",\"url\":\"https:\/\/blog.holyart.it\/it\/articoli-religiosi\/don-tonino-bello-chi-era-il-vescovo-diventato-venerabile\/\",\"name\":\"Don Tonino Bello: chi era il vescovo diventato Venerabile - Holyblog\",\"isPartOf\":{\"@id\":\"https:\/\/blog.holyart.it\/it\/#website\"},\"primaryImageOfPage\":{\"@id\":\"https:\/\/blog.holyart.it\/it\/articoli-religiosi\/don-tonino-bello-chi-era-il-vescovo-diventato-venerabile\/#primaryimage\"},\"image\":{\"@id\":\"https:\/\/blog.holyart.it\/it\/articoli-religiosi\/don-tonino-bello-chi-era-il-vescovo-diventato-venerabile\/#primaryimage\"},\"thumbnailUrl\":\"https:\/\/blog.holyart.it\/it\/wp-content\/uploads\/sites\/17\/2024\/06\/don-tonino-bello-vescovo-venerabile.jpg\",\"datePublished\":\"2024-07-03T08:04:44+00:00\",\"dateModified\":\"2025-05-06T15:58:28+00:00\",\"description\":\"Don Tonino Bello visse al servizio dei poveri e degli emarginati, facendo della sua intera esistenza un\u2019espressione vivente del Vangelo.\",\"breadcrumb\":{\"@id\":\"https:\/\/blog.holyart.it\/it\/articoli-religiosi\/don-tonino-bello-chi-era-il-vescovo-diventato-venerabile\/#breadcrumb\"},\"inLanguage\":\"it-IT\",\"potentialAction\":[{\"@type\":\"ReadAction\",\"target\":[\"https:\/\/blog.holyart.it\/it\/articoli-religiosi\/don-tonino-bello-chi-era-il-vescovo-diventato-venerabile\/\"]}]},{\"@type\":\"ImageObject\",\"inLanguage\":\"it-IT\",\"@id\":\"https:\/\/blog.holyart.it\/it\/articoli-religiosi\/don-tonino-bello-chi-era-il-vescovo-diventato-venerabile\/#primaryimage\",\"url\":\"https:\/\/blog.holyart.it\/it\/wp-content\/uploads\/sites\/17\/2024\/06\/don-tonino-bello-vescovo-venerabile.jpg\",\"contentUrl\":\"https:\/\/blog.holyart.it\/it\/wp-content\/uploads\/sites\/17\/2024\/06\/don-tonino-bello-vescovo-venerabile.jpg\",\"width\":1000,\"height\":666,\"caption\":\"don tonino bello vescovo venerabile\"},{\"@type\":\"BreadcrumbList\",\"@id\":\"https:\/\/blog.holyart.it\/it\/articoli-religiosi\/don-tonino-bello-chi-era-il-vescovo-diventato-venerabile\/#breadcrumb\",\"itemListElement\":[{\"@type\":\"ListItem\",\"position\":1,\"name\":\"Homepage\",\"item\":\"https:\/\/blog.holyart.it\/it\/\"},{\"@type\":\"ListItem\",\"position\":2,\"name\":\"Religione\",\"item\":\"https:\/\/blog.holyart.it\/it\/articoli-religiosi\/\"},{\"@type\":\"ListItem\",\"position\":3,\"name\":\"Don Tonino Bello: chi era il vescovo diventato Venerabile\"}]},{\"@type\":\"WebSite\",\"@id\":\"https:\/\/blog.holyart.it\/it\/#website\",\"url\":\"https:\/\/blog.holyart.it\/it\/\",\"name\":\"Holyblog\",\"description\":\"Il Blog di Holyart.it\",\"publisher\":{\"@id\":\"https:\/\/blog.holyart.it\/it\/#organization\"},\"potentialAction\":[{\"@type\":\"SearchAction\",\"target\":{\"@type\":\"EntryPoint\",\"urlTemplate\":\"https:\/\/blog.holyart.it\/it\/?s={search_term_string}\"},\"query-input\":{\"@type\":\"PropertyValueSpecification\",\"valueRequired\":true,\"valueName\":\"search_term_string\"}}],\"inLanguage\":\"it-IT\"},{\"@type\":\"Organization\",\"@id\":\"https:\/\/blog.holyart.it\/it\/#organization\",\"name\":\"Holyblog\",\"url\":\"https:\/\/blog.holyart.it\/it\/\",\"logo\":{\"@type\":\"ImageObject\",\"inLanguage\":\"it-IT\",\"@id\":\"https:\/\/blog.holyart.it\/it\/#\/schema\/logo\/image\/\",\"url\":\"https:\/\/blog.holyart.it\/it\/wp-content\/uploads\/sites\/17\/2022\/12\/Holyart_Blog_Logo.jpg\",\"contentUrl\":\"https:\/\/blog.holyart.it\/it\/wp-content\/uploads\/sites\/17\/2022\/12\/Holyart_Blog_Logo.jpg\",\"width\":300,\"height\":50,\"caption\":\"Holyblog\"},\"image\":{\"@id\":\"https:\/\/blog.holyart.it\/it\/#\/schema\/logo\/image\/\"}},{\"@type\":\"Person\",\"@id\":\"https:\/\/blog.holyart.it\/it\/#\/schema\/person\/0a7b686e5af0f856ec1e390dd0baecda\",\"name\":\"Redazione\"}]}<\/script>\n<!-- \/ Yoast SEO plugin. -->","yoast_head_json":{"title":"Don Tonino Bello: chi era il vescovo diventato Venerabile - Holyblog","description":"Don Tonino Bello visse al servizio dei poveri e degli emarginati, facendo della sua intera esistenza un\u2019espressione vivente del Vangelo.","robots":{"index":"index","follow":"follow","max-snippet":"max-snippet:-1","max-image-preview":"max-image-preview:large","max-video-preview":"max-video-preview:-1"},"canonical":"https:\/\/blog.holyart.it\/it\/articoli-religiosi\/don-tonino-bello-chi-era-il-vescovo-diventato-venerabile\/","og_locale":"it_IT","og_type":"article","og_title":"Don Tonino Bello: chi era il vescovo diventato Venerabile - Holyblog","og_description":"Don Tonino Bello visse al servizio dei poveri e degli emarginati, facendo della sua intera esistenza un\u2019espressione vivente del Vangelo.","og_url":"https:\/\/blog.holyart.it\/it\/articoli-religiosi\/don-tonino-bello-chi-era-il-vescovo-diventato-venerabile\/","og_site_name":"Holyblog","article_published_time":"2024-07-03T08:04:44+00:00","article_modified_time":"2025-05-06T15:58:28+00:00","og_image":[{"width":1000,"height":666,"url":"https:\/\/blog.holyart.it\/it\/wp-content\/uploads\/sites\/17\/2024\/06\/don-tonino-bello-vescovo-venerabile.jpg","type":"image\/jpeg"}],"author":"Redazione","twitter_card":"summary_large_image","twitter_misc":{"Scritto da":"Redazione","Tempo di lettura stimato":"12 minuti"},"schema":{"@context":"https:\/\/schema.org","@graph":[{"@type":"Article","@id":"https:\/\/blog.holyart.it\/it\/articoli-religiosi\/don-tonino-bello-chi-era-il-vescovo-diventato-venerabile\/#article","isPartOf":{"@id":"https:\/\/blog.holyart.it\/it\/articoli-religiosi\/don-tonino-bello-chi-era-il-vescovo-diventato-venerabile\/"},"author":{"name":"Redazione","@id":"https:\/\/blog.holyart.it\/it\/#\/schema\/person\/0a7b686e5af0f856ec1e390dd0baecda"},"headline":"Don Tonino Bello: chi era il vescovo diventato Venerabile","datePublished":"2024-07-03T08:04:44+00:00","dateModified":"2025-05-06T15:58:28+00:00","mainEntityOfPage":{"@id":"https:\/\/blog.holyart.it\/it\/articoli-religiosi\/don-tonino-bello-chi-era-il-vescovo-diventato-venerabile\/"},"wordCount":1920,"publisher":{"@id":"https:\/\/blog.holyart.it\/it\/#organization"},"image":{"@id":"https:\/\/blog.holyart.it\/it\/articoli-religiosi\/don-tonino-bello-chi-era-il-vescovo-diventato-venerabile\/#primaryimage"},"thumbnailUrl":"https:\/\/blog.holyart.it\/it\/wp-content\/uploads\/sites\/17\/2024\/06\/don-tonino-bello-vescovo-venerabile.jpg","articleSection":["Religione"],"inLanguage":"it-IT"},{"@type":"WebPage","@id":"https:\/\/blog.holyart.it\/it\/articoli-religiosi\/don-tonino-bello-chi-era-il-vescovo-diventato-venerabile\/","url":"https:\/\/blog.holyart.it\/it\/articoli-religiosi\/don-tonino-bello-chi-era-il-vescovo-diventato-venerabile\/","name":"Don Tonino Bello: chi era il vescovo diventato Venerabile - Holyblog","isPartOf":{"@id":"https:\/\/blog.holyart.it\/it\/#website"},"primaryImageOfPage":{"@id":"https:\/\/blog.holyart.it\/it\/articoli-religiosi\/don-tonino-bello-chi-era-il-vescovo-diventato-venerabile\/#primaryimage"},"image":{"@id":"https:\/\/blog.holyart.it\/it\/articoli-religiosi\/don-tonino-bello-chi-era-il-vescovo-diventato-venerabile\/#primaryimage"},"thumbnailUrl":"https:\/\/blog.holyart.it\/it\/wp-content\/uploads\/sites\/17\/2024\/06\/don-tonino-bello-vescovo-venerabile.jpg","datePublished":"2024-07-03T08:04:44+00:00","dateModified":"2025-05-06T15:58:28+00:00","description":"Don Tonino Bello visse al servizio dei poveri e degli emarginati, facendo della sua intera esistenza un\u2019espressione vivente del Vangelo.","breadcrumb":{"@id":"https:\/\/blog.holyart.it\/it\/articoli-religiosi\/don-tonino-bello-chi-era-il-vescovo-diventato-venerabile\/#breadcrumb"},"inLanguage":"it-IT","potentialAction":[{"@type":"ReadAction","target":["https:\/\/blog.holyart.it\/it\/articoli-religiosi\/don-tonino-bello-chi-era-il-vescovo-diventato-venerabile\/"]}]},{"@type":"ImageObject","inLanguage":"it-IT","@id":"https:\/\/blog.holyart.it\/it\/articoli-religiosi\/don-tonino-bello-chi-era-il-vescovo-diventato-venerabile\/#primaryimage","url":"https:\/\/blog.holyart.it\/it\/wp-content\/uploads\/sites\/17\/2024\/06\/don-tonino-bello-vescovo-venerabile.jpg","contentUrl":"https:\/\/blog.holyart.it\/it\/wp-content\/uploads\/sites\/17\/2024\/06\/don-tonino-bello-vescovo-venerabile.jpg","width":1000,"height":666,"caption":"don tonino bello vescovo venerabile"},{"@type":"BreadcrumbList","@id":"https:\/\/blog.holyart.it\/it\/articoli-religiosi\/don-tonino-bello-chi-era-il-vescovo-diventato-venerabile\/#breadcrumb","itemListElement":[{"@type":"ListItem","position":1,"name":"Homepage","item":"https:\/\/blog.holyart.it\/it\/"},{"@type":"ListItem","position":2,"name":"Religione","item":"https:\/\/blog.holyart.it\/it\/articoli-religiosi\/"},{"@type":"ListItem","position":3,"name":"Don Tonino Bello: chi era il vescovo diventato Venerabile"}]},{"@type":"WebSite","@id":"https:\/\/blog.holyart.it\/it\/#website","url":"https:\/\/blog.holyart.it\/it\/","name":"Holyblog","description":"Il Blog di Holyart.it","publisher":{"@id":"https:\/\/blog.holyart.it\/it\/#organization"},"potentialAction":[{"@type":"SearchAction","target":{"@type":"EntryPoint","urlTemplate":"https:\/\/blog.holyart.it\/it\/?s={search_term_string}"},"query-input":{"@type":"PropertyValueSpecification","valueRequired":true,"valueName":"search_term_string"}}],"inLanguage":"it-IT"},{"@type":"Organization","@id":"https:\/\/blog.holyart.it\/it\/#organization","name":"Holyblog","url":"https:\/\/blog.holyart.it\/it\/","logo":{"@type":"ImageObject","inLanguage":"it-IT","@id":"https:\/\/blog.holyart.it\/it\/#\/schema\/logo\/image\/","url":"https:\/\/blog.holyart.it\/it\/wp-content\/uploads\/sites\/17\/2022\/12\/Holyart_Blog_Logo.jpg","contentUrl":"https:\/\/blog.holyart.it\/it\/wp-content\/uploads\/sites\/17\/2022\/12\/Holyart_Blog_Logo.jpg","width":300,"height":50,"caption":"Holyblog"},"image":{"@id":"https:\/\/blog.holyart.it\/it\/#\/schema\/logo\/image\/"}},{"@type":"Person","@id":"https:\/\/blog.holyart.it\/it\/#\/schema\/person\/0a7b686e5af0f856ec1e390dd0baecda","name":"Redazione"}]}},"_links":{"self":[{"href":"https:\/\/blog.holyart.it\/it\/wp-json\/wp\/v2\/posts\/20089","targetHints":{"allow":["GET"]}}],"collection":[{"href":"https:\/\/blog.holyart.it\/it\/wp-json\/wp\/v2\/posts"}],"about":[{"href":"https:\/\/blog.holyart.it\/it\/wp-json\/wp\/v2\/types\/post"}],"author":[{"embeddable":true,"href":"https:\/\/blog.holyart.it\/it\/wp-json\/wp\/v2\/users\/1"}],"replies":[{"embeddable":true,"href":"https:\/\/blog.holyart.it\/it\/wp-json\/wp\/v2\/comments?post=20089"}],"version-history":[{"count":7,"href":"https:\/\/blog.holyart.it\/it\/wp-json\/wp\/v2\/posts\/20089\/revisions"}],"predecessor-version":[{"id":20104,"href":"https:\/\/blog.holyart.it\/it\/wp-json\/wp\/v2\/posts\/20089\/revisions\/20104"}],"wp:featuredmedia":[{"embeddable":true,"href":"https:\/\/blog.holyart.it\/it\/wp-json\/wp\/v2\/media\/20100"}],"wp:attachment":[{"href":"https:\/\/blog.holyart.it\/it\/wp-json\/wp\/v2\/media?parent=20089"}],"wp:term":[{"taxonomy":"category","embeddable":true,"href":"https:\/\/blog.holyart.it\/it\/wp-json\/wp\/v2\/categories?post=20089"},{"taxonomy":"post_tag","embeddable":true,"href":"https:\/\/blog.holyart.it\/it\/wp-json\/wp\/v2\/tags?post=20089"}],"curies":[{"name":"wp","href":"https:\/\/api.w.org\/{rel}","templated":true}]}}