{"id":2003,"date":"2018-01-10T10:11:17","date_gmt":"2018-01-10T09:11:17","guid":{"rendered":"https:\/\/blog.holyart.it\/it\/?p=2003"},"modified":"2018-05-14T11:19:43","modified_gmt":"2018-05-14T09:19:43","slug":"culto-medjugorje-verso-la-conferma-ufficiale-parte-della-chiesa","status":"publish","type":"post","link":"https:\/\/blog.holyart.it\/it\/santi-e-beati\/culto-medjugorje-verso-la-conferma-ufficiale-parte-della-chiesa\/","title":{"rendered":"Il culto di Medjugorje verso la conferma ufficiale da parte della Chiesa"},"content":{"rendered":"<p>Che cosa rende cos\u00ec speciale un altrimenti anonimo paesino della Bosnia Erzegovina, uno dei tanti centri abitati posti in una regione che non ha mai cessato di essere terra di confine, in un\u2019area geografica turbolenta e instabile? Un luogo in cui non ci sarebbe ragione di recarsi, privo di attrattive, di scarso interesse turistico, e che tuttavia, negli ultimi trent\u2019anni, \u00e8 stato oggetto del pellegrinaggio di milioni di uomini e donne da tutto il mondo, al punto da essere considerato uno dei luoghi pi\u00f9 visitati in assoluto.<\/p>\n<p><strong>Parliamo di Medjugorje.<\/strong><\/p>\n<p>Non delle innumerevoli controversie che si sono susseguite negli anni riguardo alle apparizioni che avrebbero luogo qui, ogni giorno, con cadenza regolare, n\u00e9 dei sei veggenti che dal 1981, quando erano poco pi\u00f9 che bambini, si prestano come tramiti tra le frotte di fedeli e la Santa Madre. Di tutto questo si sta occupando la Chiesa, con commissioni d\u2019indagine e studio, con rapporti periodici sottoposti all\u2019attenzione del Pontefice in carica, anno dopo anno, pontificato dopo pontificato. Si tratta di una questione enormemente delicata, considerando il flusso ininterrotto di pellegrini, il coinvolgimento di innumerevoli realt\u00e0 pastorali. Proprio negli ultimi mesi del 2017 <span style=\"color: #0000ff;\"><strong><a style=\"color: #0000ff;\" href=\"https:\/\/www.holyart.it\/it\/occasioni-speciali\/papa-francesco\">Papa Francesco<\/a><\/strong><\/span> si \u00e8 espresso, sebbene non in via ufficiale, a riguardo.<\/p>\n<p>Ma procediamo con ordine.<\/p>\n<h2>Le apparizioni a Medjugorje<\/h2>\n<p><strong class=\"alignnone\"><img loading=\"lazy\" decoding=\"async\" class=\"alignleft size-medium wp-image-2008\" src=\"https:\/\/blog.holyart.it\/it\/wp-content\/uploads\/sites\/17\/2018\/01\/Pellegrinaggio-a-Medjugorje-300x222.jpg\" alt=\"\" width=\"300\" height=\"222\"><\/strong><\/p>\n<p><strong class=\"alignnone\">Le apparizioni a Medjugorje iniziano il 24 giugno del 1981.<\/strong> Le prime ad essere coinvolte furono Ivanka Ivankovi\u0107 e Mirjana Dragi\u010devi\u0107, rispettivamente di quindici e sedici anni, che affermarono di aver visto, durante una passeggiata, una figura femminile in piedi su una nuvola. Raccontato il fatto a Vicka Ivankovi\u0107, cugina di Ivanka, tornarono con lei nel luogo dell\u2019apparizione la sera stessa, e rividero la stessa donna, questa volta con un bambino in braccio.<\/p>\n<p>Il giorno dopo le ragazze tornarono pi\u00f9 volte nello stesso luogo, coinvolgendo anche Marja Pavlovi\u0107, cugina di Mirjana, Jakov \u010colo e Ivan Dragi\u010devi\u0107. La misteriosa donna apparve a tutti loro e rivolse la parola a Ivanka.<\/p>\n<p>Da questo momento iniziarono i colloqui giornalieri tra il gruppo di ragazzi e la donna, che essi avevano identificato senza ombra di dubbio con la Madonna.<\/p>\n<p>Non appena la notizia di queste apparizioni inizi\u00f2 a diffondersi i sei ragazzi divennero oggetto di interesse da parte delle autorit\u00e0 jugoslave. Vennero pi\u00f9 volte prelevati dalla polizia e sottoposti a perizie psichiatriche, che tuttavia non diedero esiti di sorta. Essi dichiararono di aver visto la Madonna perfino sulla macchina della polizia che li stava portando via.<\/p>\n<p>Nonostante polizia e servizi segreti jugoslavi tentassero di arginare la notizia e rendere inaccessibili i luoghi delle apparizioni, <strong>una folla sempre pi\u00f9 numerosa di persone inizi\u00f2 a recarsi nel paesino<\/strong>, alla ricerca di segni e risposte. Ben presto le autorit\u00e0 compresero che arresti e proibizioni non facevano che aumentare l\u2019interesse della gente per i fatti che si stavano compiendo a Medjugorje. Smisero di perseguitare i ragazzi e padre Jozo, il loro consulente spirituale, e lasciarono che i pellegrini affluissero liberamente.<\/p>\n<p>Da quel momento le frequentazioni della Madonna e dei veggenti divennero costanti e in continuo aumento.<\/p>\n<p><strong>La Madonna condivise con i ragazzi dieci segreti e messaggi rivolti a tutta l\u2019umanit\u00e0<\/strong>, a cadenza regolare.<\/p>\n<h2>Le \u201ccinque pietre\u201d&nbsp;di Medjugorje<\/h2>\n<p>Il messaggio pi\u00f9 ricorrente diffuso dalla Madonna di Medjugorje tramite i sei veggenti \u00e8 la Pace e l\u2019invito alla conversione e alla preghiera. La Madonna <strong>ha indicato ai suoi intermediari un cammino che garantisce la Pace e che passa attraverso<\/strong> cinque passaggi, detti <strong>le \u201ccinque pietre\u201d<\/strong> (come i cinque sassi scelti da Davide per sconfiggere Golia):<\/p>\n<ul>\n<li>la preghiera umile (possibilmente il Rosario quotidiano)<\/li>\n<li>il digiuno nei giorni di mercoled\u00ec e di venerd\u00ec, o, se impossibilitati per motivi di salute, un\u2019offerta alla Madonna in quei giorni.<img loading=\"lazy\" decoding=\"async\" class=\"alignright size-medium wp-image-2027\" src=\"https:\/\/blog.holyart.it\/it\/wp-content\/uploads\/sites\/17\/2018\/01\/La-Madonna-di-Medjugorje-2-300x225.jpg\" alt=\"La Madonna di Medjugorje\" width=\"300\" height=\"225\"><\/li>\n<li>la lettura giornaliera della<span style=\"color: #0000ff;\"><strong> <a style=\"color: #0000ff;\" href=\"https:\/\/www.holyart.it\/it\/articoli-religiosi\/libri-e-testi-sacri\/bibbie\">Bibbia<\/a><\/strong><\/span>.<\/li>\n<li>la Confessione una volta al mese.<\/li>\n<li>L\u2019Eucaristia tutti i giorni.<\/li>\n<\/ul>\n<p>I veggenti suggeriscono anche di dedicare un angolo della casa alla Madonna.<\/p>\n<p>Negli anni, e con l\u2019accrescimento dei pellegrini da tutto il mondo, <strong>Medjugorje \u00e8 diventato oggetto di interesse e scetticismo da parte di organizzazioni sacre e profane<\/strong>.<\/p>\n<p>I vescovi della Jugoslavia con la dichiarazione di Zara, nel 1991 negarono la natura sovrannaturale delle apparizioni e dei fenomeni che avevano avuto luogo nel paesino. Ma si trattava di un giudizio parziale, e, negli anni successivi, le indagini proseguirono.<\/p>\n<p>Nel marzo 2010 <strong>Papa Benedetto XVI istitu\u00ec una commissione internazionale<\/strong> formata da sacerdoti ed esperti e <strong>dedicata alle apparizioni della <span style=\"color: #0000ff;\"><a style=\"color: #0000ff;\" href=\"https:\/\/www.holyart.it\/it\/occasioni-speciali\/madonna-di-medjugorje\">Madonna di Me\u0111ugorje<\/a><\/span><\/strong>. A guidarla venne posto il cardinale Camillo Ruini. Le conclusioni espresse da tale commissione furono per lo pi\u00f9 critiche: le prime 7 presunte apparizioni vennero giudicate valide, ma tutto quello che si sarebbe verificato successivamente no.<\/p>\n<p>E veniamo agli ultimi sviluppi.<\/p>\n<p>Nel febbraio del 2017 Papa Francesco ha incaricato l\u2019arcivescovo emerito di Varsavia-Praga in Polonia Henryk Hoser di proseguire con ulteriori indagini. Hoser ha lasciato il suo incarico episcopale per dedicarsi unicamente a questo delicatissimo compito, che non riguarda tanto le presunte apparizioni o le figure dei veggenti, quanto il valore indubbio che Me\u0111ugorje \u00e8 arrivata a rivestire nel mondo cristiano. I dati parlano chiaro: ogni anno Me\u0111ugorje vede fiorire centinaia di vocazioni sacerdotali e conversioni religiose, milioni di comunioni, e, soprattutto, il lavoro instancabile e fruttuoso di associazioni e comunit\u00e0 che offrono assistenza e conforto a milioni di persone da tutto il mondo. Pensiamo ai Francescani del Villaggio della Madre, che offre ospitalit\u00e0 e aiuto a tossicodipendenti, alcolisti, orfani, disperati, o alla Domus Pacis, sempre gestita dai Francescani, dove i pellegrini possono trovare ospitalit\u00e0 e partecipare a seminari di digiuno e preghiera.<\/p>\n<figure id=\"attachment_2005\" aria-describedby=\"caption-attachment-2005\" style=\"width: 300px\" class=\"wp-caption alignleft\"><a href=\"https:\/\/www.holyart.it\/it\/occasioni-speciali\/madonna-di-medjugorje\/statue-madonna-di-medjugorje-e-immagini\" rel=\"attachment wp-att-2005\"><img loading=\"lazy\" decoding=\"async\" class=\"size-medium wp-image-2005\" src=\"https:\/\/blog.holyart.it\/it\/wp-content\/uploads\/sites\/17\/2018\/01\/Statua-Madonna-di-Medjugorje-300x300.jpg\" alt=\"Statua Madonna di Medjugorje\" width=\"300\" height=\"300\"><\/a><figcaption id=\"caption-attachment-2005\" class=\"wp-caption-text\"><center><span style=\"color: #0000ff;\"><strong><a style=\"color: #0000ff;\" href=\"https:\/\/www.holyart.it\/it\/occasioni-speciali\/madonna-di-medjugorje\/statue-madonna-di-medjugorje-e-immagini\">Oltre 60 Statue della Madonna di Medjugorje su Holyart<\/a><\/strong><\/span><\/center><\/figcaption><\/figure>\n<p>In meno di quarant\u2019anni Me\u0111ugorje \u00e8 diventata m\u00e8ta di circa 2 milioni e mezzo di pellegrinaggi di Fede e speranza all\u2019anno, da 80 Paesi del mondo, ed \u00e8 su questi numeri che si \u00e8 concentrato Monsignor Hoser. Non si pu\u00f2 certo ignorare una simile affluenza, con tutto ci\u00f2 che essa comporta in termini di servizi e infrastrutture necessari per garantire l\u2019accoglienza a tutti.<\/p>\n<h2>Medjugorje:&nbsp;Il culto viene autorizzato<\/h2>\n<p>Lo scorso dicembre <strong>Monsignor Hoser ha dichiarato che<\/strong> <strong>il culto di Medjugorje \u00e8 autorizzato<\/strong>. Diocesi e istituzioni sono libere di organizzare pellegrinaggi ufficiali. Nessuna dichiarazione ufficiale, dunque, riguardo alle apparizioni e alla natura sovrannaturale dei fenomeni, ma un\u2019importante passo avanti da parte della Santa Sede, che lascia aperti spiragli di ulteriori sviluppi futuri.<\/p>\n<p>Papa Francesco, che ha pi\u00f9 volte ribadito il suo apprezzamento per il lavoro svolto dal cardinale Ruini e dalla commissione internazionale, e ha scherzato in pi\u00f9 di un\u2019occasione riguardo alla \u201cMadonna postina\u201d di Medjugorje, considera tuttavia prioritario organizzare i pellegrinaggi e vigilare sui fedeli che si recano ogni anno nel luogo di culto. Il punto fondamentale \u00e8 che <strong>la gente va a Medjugorje e si converte, cambia vita, incontra Dio<\/strong>. Questo \u00e8 innegabile. Hoser insiste molto sulla forza spirituale di questo luogo, sul fatto che milioni di persone hanno trovato s\u00e9 stessi e la propria fede recandovisi. Il suo approccio, soprattutto alla luce delle dichiarazioni dello scorso dicembre, si conferma come \u201cesclusivamente pastorale\u201d, legato alle tante situazioni legate a questa particolare realt\u00e0 e soprattutto alle esigenze dei fedeli.<\/p>\n<p>\u00c8 vero che <strong>Medjugorje deve tutta la sua fortuna alle apparizioni<\/strong>, ma \u00e8 anche vero che il <strong>culto mariano \u00e8 dedicato a Maria Vergine<\/strong>, e pu\u00f2 continuare a sussistere e crescere a prescindere da quanto verr\u00e0 decretato in futuro riguardo ai veggenti. Il vero <strong>segreto di Medjugorje \u00e8 nel messaggio di fede e di pace<\/strong> che porta avanti da pi\u00f9 di trent\u2019anni, e la cui forza ha prodotto milioni di pellegrinaggi, conversioni e vite salvate. E questo, al di l\u00e0 dello scetticismo e delle critiche, \u00e8 innegabile.<\/p>\n","protected":false},"excerpt":{"rendered":"<p>Che cosa rende cos\u00ec speciale un altrimenti anonimo paesino della Bosnia Erzegovina, uno dei tanti centri abitati posti in una regione che non ha mai cessato di essere terra di confine, in un\u2019area geografica turbolenta e instabile? Un luogo in cui non ci sarebbe ragione&hellip;<\/p>\n","protected":false},"author":1,"featured_media":2004,"comment_status":"closed","ping_status":"open","sticky":false,"template":"","format":"standard","meta":{"_acf_changed":false,"footnotes":""},"categories":[16,15],"tags":[],"class_list":["post-2003","post","type-post","status-publish","format-standard","has-post-thumbnail","hentry","category-articoli-religiosi","category-santi-e-beati"],"acf":[],"yoast_head":"<!-- This site is optimized with the Yoast SEO plugin v26.6 - https:\/\/yoast.com\/wordpress\/plugins\/seo\/ -->\n<title>Il culto di Medjugorje verso la conferma da parte della Chiesa<\/title>\n<meta name=\"description\" content=\"Il culto di Medjugorje verso la conferma ufficiale da parte della Chiesa. Proprio negli ultimi mesi Papa Francesco si \u00e8 espresso.\" \/>\n<meta name=\"robots\" content=\"index, follow, max-snippet:-1, max-image-preview:large, max-video-preview:-1\" \/>\n<link rel=\"canonical\" href=\"https:\/\/blog.holyart.it\/it\/santi-e-beati\/culto-medjugorje-verso-la-conferma-ufficiale-parte-della-chiesa\/\" \/>\n<meta property=\"og:locale\" content=\"it_IT\" \/>\n<meta property=\"og:type\" content=\"article\" \/>\n<meta property=\"og:title\" content=\"Il culto di Medjugorje verso la conferma da parte della Chiesa\" \/>\n<meta property=\"og:description\" content=\"Il culto di Medjugorje verso la conferma ufficiale da parte della Chiesa. Proprio negli ultimi mesi Papa Francesco si \u00e8 espresso.\" \/>\n<meta property=\"og:url\" content=\"https:\/\/blog.holyart.it\/it\/santi-e-beati\/culto-medjugorje-verso-la-conferma-ufficiale-parte-della-chiesa\/\" \/>\n<meta property=\"og:site_name\" content=\"Holyblog\" \/>\n<meta property=\"article:published_time\" content=\"2018-01-10T09:11:17+00:00\" \/>\n<meta property=\"article:modified_time\" content=\"2018-05-14T09:19:43+00:00\" \/>\n<meta property=\"og:image\" content=\"https:\/\/blog.holyart.it\/it\/wp-content\/uploads\/sites\/17\/2018\/01\/Il-culto-di-Medjugorje.jpg\" \/>\n\t<meta property=\"og:image:width\" content=\"1000\" \/>\n\t<meta property=\"og:image:height\" content=\"666\" \/>\n\t<meta property=\"og:image:type\" content=\"image\/jpeg\" \/>\n<meta name=\"author\" content=\"Redazione\" \/>\n<meta name=\"twitter:card\" content=\"summary_large_image\" \/>\n<meta name=\"twitter:label1\" content=\"Scritto da\" \/>\n\t<meta name=\"twitter:data1\" content=\"Redazione\" \/>\n\t<meta name=\"twitter:label2\" content=\"Tempo di lettura stimato\" \/>\n\t<meta name=\"twitter:data2\" content=\"6 minuti\" \/>\n<script type=\"application\/ld+json\" class=\"yoast-schema-graph\">{\"@context\":\"https:\/\/schema.org\",\"@graph\":[{\"@type\":\"Article\",\"@id\":\"https:\/\/blog.holyart.it\/it\/santi-e-beati\/culto-medjugorje-verso-la-conferma-ufficiale-parte-della-chiesa\/#article\",\"isPartOf\":{\"@id\":\"https:\/\/blog.holyart.it\/it\/santi-e-beati\/culto-medjugorje-verso-la-conferma-ufficiale-parte-della-chiesa\/\"},\"author\":{\"name\":\"Redazione\",\"@id\":\"https:\/\/blog.holyart.it\/it\/#\/schema\/person\/0a7b686e5af0f856ec1e390dd0baecda\"},\"headline\":\"Il culto di Medjugorje verso la conferma ufficiale da parte della Chiesa\",\"datePublished\":\"2018-01-10T09:11:17+00:00\",\"dateModified\":\"2018-05-14T09:19:43+00:00\",\"mainEntityOfPage\":{\"@id\":\"https:\/\/blog.holyart.it\/it\/santi-e-beati\/culto-medjugorje-verso-la-conferma-ufficiale-parte-della-chiesa\/\"},\"wordCount\":1269,\"publisher\":{\"@id\":\"https:\/\/blog.holyart.it\/it\/#organization\"},\"image\":{\"@id\":\"https:\/\/blog.holyart.it\/it\/santi-e-beati\/culto-medjugorje-verso-la-conferma-ufficiale-parte-della-chiesa\/#primaryimage\"},\"thumbnailUrl\":\"https:\/\/blog.holyart.it\/it\/wp-content\/uploads\/sites\/17\/2018\/01\/Il-culto-di-Medjugorje.jpg\",\"articleSection\":[\"Religione\",\"Santi e beati\"],\"inLanguage\":\"it-IT\"},{\"@type\":\"WebPage\",\"@id\":\"https:\/\/blog.holyart.it\/it\/santi-e-beati\/culto-medjugorje-verso-la-conferma-ufficiale-parte-della-chiesa\/\",\"url\":\"https:\/\/blog.holyart.it\/it\/santi-e-beati\/culto-medjugorje-verso-la-conferma-ufficiale-parte-della-chiesa\/\",\"name\":\"Il culto di Medjugorje verso la conferma da parte della Chiesa\",\"isPartOf\":{\"@id\":\"https:\/\/blog.holyart.it\/it\/#website\"},\"primaryImageOfPage\":{\"@id\":\"https:\/\/blog.holyart.it\/it\/santi-e-beati\/culto-medjugorje-verso-la-conferma-ufficiale-parte-della-chiesa\/#primaryimage\"},\"image\":{\"@id\":\"https:\/\/blog.holyart.it\/it\/santi-e-beati\/culto-medjugorje-verso-la-conferma-ufficiale-parte-della-chiesa\/#primaryimage\"},\"thumbnailUrl\":\"https:\/\/blog.holyart.it\/it\/wp-content\/uploads\/sites\/17\/2018\/01\/Il-culto-di-Medjugorje.jpg\",\"datePublished\":\"2018-01-10T09:11:17+00:00\",\"dateModified\":\"2018-05-14T09:19:43+00:00\",\"description\":\"Il culto di Medjugorje verso la conferma ufficiale da parte della Chiesa. Proprio negli ultimi mesi Papa Francesco si \u00e8 espresso.\",\"breadcrumb\":{\"@id\":\"https:\/\/blog.holyart.it\/it\/santi-e-beati\/culto-medjugorje-verso-la-conferma-ufficiale-parte-della-chiesa\/#breadcrumb\"},\"inLanguage\":\"it-IT\",\"potentialAction\":[{\"@type\":\"ReadAction\",\"target\":[\"https:\/\/blog.holyart.it\/it\/santi-e-beati\/culto-medjugorje-verso-la-conferma-ufficiale-parte-della-chiesa\/\"]}]},{\"@type\":\"ImageObject\",\"inLanguage\":\"it-IT\",\"@id\":\"https:\/\/blog.holyart.it\/it\/santi-e-beati\/culto-medjugorje-verso-la-conferma-ufficiale-parte-della-chiesa\/#primaryimage\",\"url\":\"https:\/\/blog.holyart.it\/it\/wp-content\/uploads\/sites\/17\/2018\/01\/Il-culto-di-Medjugorje.jpg\",\"contentUrl\":\"https:\/\/blog.holyart.it\/it\/wp-content\/uploads\/sites\/17\/2018\/01\/Il-culto-di-Medjugorje.jpg\",\"width\":1000,\"height\":666,\"caption\":\"Il culto di Medjugorje\"},{\"@type\":\"BreadcrumbList\",\"@id\":\"https:\/\/blog.holyart.it\/it\/santi-e-beati\/culto-medjugorje-verso-la-conferma-ufficiale-parte-della-chiesa\/#breadcrumb\",\"itemListElement\":[{\"@type\":\"ListItem\",\"position\":1,\"name\":\"Homepage\",\"item\":\"https:\/\/blog.holyart.it\/it\/\"},{\"@type\":\"ListItem\",\"position\":2,\"name\":\"Santi e beati\",\"item\":\"https:\/\/blog.holyart.it\/it\/santi-e-beati\/\"},{\"@type\":\"ListItem\",\"position\":3,\"name\":\"Il culto di Medjugorje verso la conferma ufficiale da parte della Chiesa\"}]},{\"@type\":\"WebSite\",\"@id\":\"https:\/\/blog.holyart.it\/it\/#website\",\"url\":\"https:\/\/blog.holyart.it\/it\/\",\"name\":\"Holyblog\",\"description\":\"Il Blog di Holyart.it\",\"publisher\":{\"@id\":\"https:\/\/blog.holyart.it\/it\/#organization\"},\"potentialAction\":[{\"@type\":\"SearchAction\",\"target\":{\"@type\":\"EntryPoint\",\"urlTemplate\":\"https:\/\/blog.holyart.it\/it\/?s={search_term_string}\"},\"query-input\":{\"@type\":\"PropertyValueSpecification\",\"valueRequired\":true,\"valueName\":\"search_term_string\"}}],\"inLanguage\":\"it-IT\"},{\"@type\":\"Organization\",\"@id\":\"https:\/\/blog.holyart.it\/it\/#organization\",\"name\":\"Holyblog\",\"url\":\"https:\/\/blog.holyart.it\/it\/\",\"logo\":{\"@type\":\"ImageObject\",\"inLanguage\":\"it-IT\",\"@id\":\"https:\/\/blog.holyart.it\/it\/#\/schema\/logo\/image\/\",\"url\":\"https:\/\/blog.holyart.it\/it\/wp-content\/uploads\/sites\/17\/2022\/12\/Holyart_Blog_Logo.jpg\",\"contentUrl\":\"https:\/\/blog.holyart.it\/it\/wp-content\/uploads\/sites\/17\/2022\/12\/Holyart_Blog_Logo.jpg\",\"width\":300,\"height\":50,\"caption\":\"Holyblog\"},\"image\":{\"@id\":\"https:\/\/blog.holyart.it\/it\/#\/schema\/logo\/image\/\"}},{\"@type\":\"Person\",\"@id\":\"https:\/\/blog.holyart.it\/it\/#\/schema\/person\/0a7b686e5af0f856ec1e390dd0baecda\",\"name\":\"Redazione\"}]}<\/script>\n<!-- \/ Yoast SEO plugin. -->","yoast_head_json":{"title":"Il culto di Medjugorje verso la conferma da parte della Chiesa","description":"Il culto di Medjugorje verso la conferma ufficiale da parte della Chiesa. Proprio negli ultimi mesi Papa Francesco si \u00e8 espresso.","robots":{"index":"index","follow":"follow","max-snippet":"max-snippet:-1","max-image-preview":"max-image-preview:large","max-video-preview":"max-video-preview:-1"},"canonical":"https:\/\/blog.holyart.it\/it\/santi-e-beati\/culto-medjugorje-verso-la-conferma-ufficiale-parte-della-chiesa\/","og_locale":"it_IT","og_type":"article","og_title":"Il culto di Medjugorje verso la conferma da parte della Chiesa","og_description":"Il culto di Medjugorje verso la conferma ufficiale da parte della Chiesa. Proprio negli ultimi mesi Papa Francesco si \u00e8 espresso.","og_url":"https:\/\/blog.holyart.it\/it\/santi-e-beati\/culto-medjugorje-verso-la-conferma-ufficiale-parte-della-chiesa\/","og_site_name":"Holyblog","article_published_time":"2018-01-10T09:11:17+00:00","article_modified_time":"2018-05-14T09:19:43+00:00","og_image":[{"width":1000,"height":666,"url":"https:\/\/blog.holyart.it\/it\/wp-content\/uploads\/sites\/17\/2018\/01\/Il-culto-di-Medjugorje.jpg","type":"image\/jpeg"}],"author":"Redazione","twitter_card":"summary_large_image","twitter_misc":{"Scritto da":"Redazione","Tempo di lettura stimato":"6 minuti"},"schema":{"@context":"https:\/\/schema.org","@graph":[{"@type":"Article","@id":"https:\/\/blog.holyart.it\/it\/santi-e-beati\/culto-medjugorje-verso-la-conferma-ufficiale-parte-della-chiesa\/#article","isPartOf":{"@id":"https:\/\/blog.holyart.it\/it\/santi-e-beati\/culto-medjugorje-verso-la-conferma-ufficiale-parte-della-chiesa\/"},"author":{"name":"Redazione","@id":"https:\/\/blog.holyart.it\/it\/#\/schema\/person\/0a7b686e5af0f856ec1e390dd0baecda"},"headline":"Il culto di Medjugorje verso la conferma ufficiale da parte della Chiesa","datePublished":"2018-01-10T09:11:17+00:00","dateModified":"2018-05-14T09:19:43+00:00","mainEntityOfPage":{"@id":"https:\/\/blog.holyart.it\/it\/santi-e-beati\/culto-medjugorje-verso-la-conferma-ufficiale-parte-della-chiesa\/"},"wordCount":1269,"publisher":{"@id":"https:\/\/blog.holyart.it\/it\/#organization"},"image":{"@id":"https:\/\/blog.holyart.it\/it\/santi-e-beati\/culto-medjugorje-verso-la-conferma-ufficiale-parte-della-chiesa\/#primaryimage"},"thumbnailUrl":"https:\/\/blog.holyart.it\/it\/wp-content\/uploads\/sites\/17\/2018\/01\/Il-culto-di-Medjugorje.jpg","articleSection":["Religione","Santi e beati"],"inLanguage":"it-IT"},{"@type":"WebPage","@id":"https:\/\/blog.holyart.it\/it\/santi-e-beati\/culto-medjugorje-verso-la-conferma-ufficiale-parte-della-chiesa\/","url":"https:\/\/blog.holyart.it\/it\/santi-e-beati\/culto-medjugorje-verso-la-conferma-ufficiale-parte-della-chiesa\/","name":"Il culto di Medjugorje verso la conferma da parte della Chiesa","isPartOf":{"@id":"https:\/\/blog.holyart.it\/it\/#website"},"primaryImageOfPage":{"@id":"https:\/\/blog.holyart.it\/it\/santi-e-beati\/culto-medjugorje-verso-la-conferma-ufficiale-parte-della-chiesa\/#primaryimage"},"image":{"@id":"https:\/\/blog.holyart.it\/it\/santi-e-beati\/culto-medjugorje-verso-la-conferma-ufficiale-parte-della-chiesa\/#primaryimage"},"thumbnailUrl":"https:\/\/blog.holyart.it\/it\/wp-content\/uploads\/sites\/17\/2018\/01\/Il-culto-di-Medjugorje.jpg","datePublished":"2018-01-10T09:11:17+00:00","dateModified":"2018-05-14T09:19:43+00:00","description":"Il culto di Medjugorje verso la conferma ufficiale da parte della Chiesa. Proprio negli ultimi mesi Papa Francesco si \u00e8 espresso.","breadcrumb":{"@id":"https:\/\/blog.holyart.it\/it\/santi-e-beati\/culto-medjugorje-verso-la-conferma-ufficiale-parte-della-chiesa\/#breadcrumb"},"inLanguage":"it-IT","potentialAction":[{"@type":"ReadAction","target":["https:\/\/blog.holyart.it\/it\/santi-e-beati\/culto-medjugorje-verso-la-conferma-ufficiale-parte-della-chiesa\/"]}]},{"@type":"ImageObject","inLanguage":"it-IT","@id":"https:\/\/blog.holyart.it\/it\/santi-e-beati\/culto-medjugorje-verso-la-conferma-ufficiale-parte-della-chiesa\/#primaryimage","url":"https:\/\/blog.holyart.it\/it\/wp-content\/uploads\/sites\/17\/2018\/01\/Il-culto-di-Medjugorje.jpg","contentUrl":"https:\/\/blog.holyart.it\/it\/wp-content\/uploads\/sites\/17\/2018\/01\/Il-culto-di-Medjugorje.jpg","width":1000,"height":666,"caption":"Il culto di Medjugorje"},{"@type":"BreadcrumbList","@id":"https:\/\/blog.holyart.it\/it\/santi-e-beati\/culto-medjugorje-verso-la-conferma-ufficiale-parte-della-chiesa\/#breadcrumb","itemListElement":[{"@type":"ListItem","position":1,"name":"Homepage","item":"https:\/\/blog.holyart.it\/it\/"},{"@type":"ListItem","position":2,"name":"Santi e beati","item":"https:\/\/blog.holyart.it\/it\/santi-e-beati\/"},{"@type":"ListItem","position":3,"name":"Il culto di Medjugorje verso la conferma ufficiale da parte della Chiesa"}]},{"@type":"WebSite","@id":"https:\/\/blog.holyart.it\/it\/#website","url":"https:\/\/blog.holyart.it\/it\/","name":"Holyblog","description":"Il Blog di Holyart.it","publisher":{"@id":"https:\/\/blog.holyart.it\/it\/#organization"},"potentialAction":[{"@type":"SearchAction","target":{"@type":"EntryPoint","urlTemplate":"https:\/\/blog.holyart.it\/it\/?s={search_term_string}"},"query-input":{"@type":"PropertyValueSpecification","valueRequired":true,"valueName":"search_term_string"}}],"inLanguage":"it-IT"},{"@type":"Organization","@id":"https:\/\/blog.holyart.it\/it\/#organization","name":"Holyblog","url":"https:\/\/blog.holyart.it\/it\/","logo":{"@type":"ImageObject","inLanguage":"it-IT","@id":"https:\/\/blog.holyart.it\/it\/#\/schema\/logo\/image\/","url":"https:\/\/blog.holyart.it\/it\/wp-content\/uploads\/sites\/17\/2022\/12\/Holyart_Blog_Logo.jpg","contentUrl":"https:\/\/blog.holyart.it\/it\/wp-content\/uploads\/sites\/17\/2022\/12\/Holyart_Blog_Logo.jpg","width":300,"height":50,"caption":"Holyblog"},"image":{"@id":"https:\/\/blog.holyart.it\/it\/#\/schema\/logo\/image\/"}},{"@type":"Person","@id":"https:\/\/blog.holyart.it\/it\/#\/schema\/person\/0a7b686e5af0f856ec1e390dd0baecda","name":"Redazione"}]}},"_links":{"self":[{"href":"https:\/\/blog.holyart.it\/it\/wp-json\/wp\/v2\/posts\/2003","targetHints":{"allow":["GET"]}}],"collection":[{"href":"https:\/\/blog.holyart.it\/it\/wp-json\/wp\/v2\/posts"}],"about":[{"href":"https:\/\/blog.holyart.it\/it\/wp-json\/wp\/v2\/types\/post"}],"author":[{"embeddable":true,"href":"https:\/\/blog.holyart.it\/it\/wp-json\/wp\/v2\/users\/1"}],"replies":[{"embeddable":true,"href":"https:\/\/blog.holyart.it\/it\/wp-json\/wp\/v2\/comments?post=2003"}],"version-history":[{"count":0,"href":"https:\/\/blog.holyart.it\/it\/wp-json\/wp\/v2\/posts\/2003\/revisions"}],"wp:featuredmedia":[{"embeddable":true,"href":"https:\/\/blog.holyart.it\/it\/wp-json\/wp\/v2\/media\/2004"}],"wp:attachment":[{"href":"https:\/\/blog.holyart.it\/it\/wp-json\/wp\/v2\/media?parent=2003"}],"wp:term":[{"taxonomy":"category","embeddable":true,"href":"https:\/\/blog.holyart.it\/it\/wp-json\/wp\/v2\/categories?post=2003"},{"taxonomy":"post_tag","embeddable":true,"href":"https:\/\/blog.holyart.it\/it\/wp-json\/wp\/v2\/tags?post=2003"}],"curies":[{"name":"wp","href":"https:\/\/api.w.org\/{rel}","templated":true}]}}