{"id":20004,"date":"2024-06-17T10:00:21","date_gmt":"2024-06-17T08:00:21","guid":{"rendered":"https:\/\/blog.holyart.it\/it\/?p=20004"},"modified":"2025-07-04T17:38:30","modified_gmt":"2025-07-04T15:38:30","slug":"il-cammino-di-san-benedetto-alla-scoperta-dei-luoghi-toccati-dal-santo","status":"publish","type":"post","link":"https:\/\/blog.holyart.it\/it\/santi-e-beati\/il-cammino-di-san-benedetto-alla-scoperta-dei-luoghi-toccati-dal-santo\/","title":{"rendered":"Il cammino di San Benedetto: alla scoperta dei luoghi toccati dal Santo"},"content":{"rendered":"<h4>Scopriamo il Cammino di San Benedetto, un viaggio intriso di storia e spiritualit\u00e0 nei luoghi toccati dal Santo fondatore dell&#8217;ordine benedettino. Attraverso Norcia, Subiaco e Montecassino, tra antichi monasteri, suggestive valli e siti sacri che hanno plasmato la vita e il pensiero del Patrono d&#8217;Europa<\/h4>\n\n<p>Nel cuore verde dell&#8217;Italia, tra valli rigogliose e paesaggi incantevoli, si snoda un percorso intriso di storia millenaria e profonda spiritualit\u00e0:\u00a0<strong>il Cammino di San Benedetto<\/strong>. Questo itinerario, che segue le orme del <a href=\"https:\/\/www.holyart.it\/blog\/santi-e-beati\/san-benedetto-il-santo-che-ha-ispirato-lartigianato-italiano\/\"><strong>Santo fondatore dell&#8217;ordine benedettino<\/strong><\/a>, nonch\u00e9\u00a0Patrono d&#8217;Europa, offre ai pellegrini un&#8217;esperienza unica, un viaggio attraverso luoghi carichi di significato religioso e tradizioni storiche e culturali.<\/p>\n<div class=\"link-article\">\n<p><img loading=\"lazy\" decoding=\"async\" class=\"size-full wp-image-20006 alignleft\" src=\"https:\/\/blog.holyart.it\/it\/wp-content\/uploads\/sites\/17\/2024\/05\/croce-san-benedetto.jpg\" alt=\"croce san benedetto\" width=\"150\" height=\"99\" data-kale-share-title=\"Il cammino di San Benedetto: alla scoperta dei luoghi toccati dal Santo\" data-kale-share-url=\"https:\/\/blog.holyart.it\/it\/?p=20004\" \/><\/p>\n<div class=\"leggi-anche\">Leggi anche:<\/div>\n<p><strong><a href=\"https:\/\/www.holyart.it\/blog\/santi-e-beati\/san-benedetto-il-santo-che-ha-ispirato-lartigianato-italiano\/\">San Benedetto: il santo che ha ispirato l\u2019artigianato italiano<\/a><\/strong><br \/>\nSan Benedetto da Norcia, Patrono d\u2019Europa, per tutta la vita lott\u00f2 contro il demonio che scacciava nel nome della Croce&#8230;<\/p>\n<\/div>\n<p>Il Cammino di San Benedetto si estende per circa\u00a0<strong>300 chilometri<\/strong>\u00a0attraverso le splendide terre dell&#8217;<strong>Umbria<\/strong>\u00a0e del\u00a0<strong>Lazio<\/strong>,\u00a0<strong>da Norcia a Montecassino<\/strong>. Lungo il percorso, i pellegrini possono visitare numerosi luoghi significativi legati alla vita di San Benedetto e all&#8217;ordine benedettino. Un&#8217;esperienza spirituale, ma anche un&#8217;immersione nella ricca cultura e storia dell&#8217;Italia centrale, perch\u00e9 lungo il percorso, i pellegrini possono gustare la deliziosa cucina umbra e laziale, scoprire antichi borghi medievali e ammirare paesaggi mozzafiato.<\/p>\n<p>Come per tutti i pellegrinaggi, anche per il Cammino di San Benedetto \u00e8 possibile richiedere la\u00a0<strong><a href=\"https:\/\/www.holyart.it\/blog\/giubileo-2025\/la-credenziale-del-pellegrino-come-organizzarsi-per-gli-eventi-del-giubileo\/\">Credenziale del Pellegrino<\/a><\/strong>. La\u00a0<strong>Credenziale del Cammino di San Benedetto<\/strong>\u00a0\u00e8 un documento essenziale per i pellegrini che intraprendono questo viaggio. Con un piccolo contributo a discrezione del viaggiatore per coprire i costi di stampa e spedizione, viene reso disponibile ai pellegrini. Questa scelta consente di mantenere il servizio autonomo e accessibile a tutti. La Credenziale non \u00e8 solo un documento pratico, ma anche un simbolo di appartenenza e impegno nei confronti del cammino. Attesta lo status di pellegrino e viene timbrata nelle varie strutture lungo il percorso, come accoglienze religiose o altre strutture a offerta libera. Oltre a essere un segno distintivo, rappresenta una testimonianza tangibile del cammino percorso e un prezioso ricordo da conservare. Le offerte ricevute per la Credenziale vengono destinate all&#8217;associazione senza fini di lucro\u00a0<strong>Amici del Cammino di San Benedetto<\/strong>.<\/p>\n<div class=\"link-article\">\n<p><img loading=\"lazy\" decoding=\"async\" class=\"size-full wp-image-20007 alignleft\" src=\"https:\/\/blog.holyart.it\/it\/wp-content\/uploads\/sites\/17\/2024\/05\/roma-via-francigena-credenziale-del-pellegrino-1.jpg\" alt=\"roma via francigena credenziale del pellegrino\" width=\"150\" height=\"99\" data-kale-share-title=\"Il cammino di San Benedetto: alla scoperta dei luoghi toccati dal Santo\" data-kale-share-url=\"https:\/\/blog.holyart.it\/it\/?p=20004\" \/><\/p>\n<div class=\"leggi-anche\">Leggi anche:<\/div>\n<p><strong><a href=\"https:\/\/www.holyart.it\/blog\/giubileo-2025\/la-credenziale-del-pellegrino-come-organizzarsi-per-gli-eventi-del-giubileo\/\">La credenziale del pellegrino: come organizzarsi per gli eventi del Giubileo<\/a><\/strong><br \/>\nLa Credenziale del pellegrino \u00e8 un documento prezioso e&#8230;<\/p>\n<\/div>\n<h2>Le tappe del cammino di San Benedetto<\/h2>\n<p>Il Cammino di San Benedetto non deve essere interpretato come un cammino storico, in quanto non segue cronologicamente gli spostamenti di San Benedetto da Norcia, quanto come un itinerario spirituale. Esso unisce i tre luoghi pi\u00f9 significativi legati alla vita di San Benedetto:\u00a0<strong>Norcia<\/strong>,\u00a0<strong>Subiaco<\/strong>\u00a0e\u00a0<strong>Montecassino<\/strong>.<\/p>\n<p><strong>Norcia<\/strong>, in Umbria, \u00e8 il luogo in cui Benedetto nacque, alla fine del V secolo d.C., insieme alla gemella, la futura\u00a0<strong><a href=\"https:\/\/www.holyart.it\/blog\/santi-e-beati\/santa-scolastica-la-sorella-di-san-benedetto-da-norcia\/\">Santa Scolastica<\/a><\/strong>. Di origini nobili, i due erano figli di Eutropio, Console e Capitano Generale romano, e di una nobildonna del luogo. Dopo un&#8217;infanzia trascorsa tra i fasti e gli eccessi di Roma, entrambi i due giovani scelsero di abbandonare il mondo e rinunciare ai beni paterni, per ritirarsi con la nutrice Cirilla nella valle del fiume Aniene.<\/p>\n<div class=\"link-article\">\n<p><img loading=\"lazy\" decoding=\"async\" class=\"size-full wp-image-20008 alignleft\" src=\"https:\/\/blog.holyart.it\/it\/wp-content\/uploads\/sites\/17\/2024\/05\/santa-scolastica.jpeg\" alt=\"santa scolastica\" width=\"150\" height=\"99\" data-kale-share-title=\"Il cammino di San Benedetto: alla scoperta dei luoghi toccati dal Santo\" data-kale-share-url=\"https:\/\/blog.holyart.it\/it\/?p=20004\" \/><\/p>\n<div class=\"leggi-anche\">Leggi anche:<\/div>\n<p><strong><a href=\"https:\/\/www.holyart.it\/blog\/santi-e-beati\/santa-scolastica-la-sorella-di-san-benedetto-da-norcia\/\">Santa Scolastica, la sorella di San Benedetto da Norcia<\/a><\/strong><br \/>\nIl 10 febbraio la Chiesa ricorda Santa Scolastica, sorella di San Benedetto da Norcia, patrona delle suore Benedettine&#8230;<\/p>\n<\/div>\n<p>Dalla valle dell&#8217;Aniene Benedetto si spost\u00f2 poi nella valle di\u00a0<strong>Subiaco<\/strong>, andando a vivere come eremita tra le rovine di una villa neroniana, poi in una grotta impervia del Monte Taleo.\u00a0Successivamente, egli si trasfer\u00ec nel monastero cenobita di Vicovaro, dove divenne guida spirituale per alcuni monaci, per poi spostarsi ancora, creando nel tempo una vasta comunit\u00e0 di monasteri gestititi da abati da lui delegati.<br \/>\nInfine, giunse a\u00a0<strong>Montecassino<\/strong>, dove rimase per trent\u2019anni e dove fond\u00f2 il suo monastero pi\u00f9 famoso e conosciuto. Qui scrisse anche la sua\u00a0<a href=\"https:\/\/www.holyart.it\/blog\/articoli-religiosi\/la-regola-benedettina-in-tavola\/\"><strong>Regola<\/strong><\/a>.<\/p>\n<p>Ecco le\u00a0<strong>sedici tappe<\/strong>\u00a0del Cammino di Benedetto,<strong>\u00a0da Norcia a Montecassino<\/strong>, per un totale di circa 300 Km, con un dislivello tra 400 e 1000 metri.<\/p>\n<div class=\"link-article\">\n<p><img loading=\"lazy\" decoding=\"async\" class=\"size-full wp-image-20009 alignleft\" src=\"https:\/\/blog.holyart.it\/it\/wp-content\/uploads\/sites\/17\/2024\/05\/regola-benedettina.jpg\" alt=\"regola benedettina\" width=\"150\" height=\"99\" data-kale-share-title=\"Il cammino di San Benedetto: alla scoperta dei luoghi toccati dal Santo\" data-kale-share-url=\"https:\/\/blog.holyart.it\/it\/?p=20004\" \/><\/p>\n<div class=\"leggi-anche\">Leggi anche:<\/div>\n<p><strong><a href=\"https:\/\/www.holyart.it\/blog\/articoli-religiosi\/la-regola-benedettina-in-tavola\/\">La Regola benedettina in tavola: le abitudini alimentari dei monaci<\/a><\/strong><br \/>\nScopriamo come mangiavano i monaci del passato e come la&#8230;<\/p>\n<\/div>\n<h3>Tappa 1 &#8211; da Norcia a Cascia<\/h3>\n<p>Si parte da\u00a0<strong>Norcia<\/strong>, un autentico gioiello nascosto tra la Valnerina e le pendici dei Monti Sibillini, nel cuore dell&#8217;<strong>Umbria<\/strong>, tra paesaggi mozzafiato e atmosfere incantate. Questa pittoresca cittadina, con le sue antiche strade lastricate e le case dalle facciate di pietra, incanta i visitatori con il suo fascino senza tempo e la sua ricca storia. Norcia \u00e8 circondata da una natura incontaminata, e offre innumerevoli spunti per la sua storia. Fondata dagli antichi Umbri e successivamente conquistata dai Romani, la citt\u00e0 vanta un patrimonio storico e culturale straordinario. Le sue mura medievali, le torri, le chiese e i palazzi storici raccontano secoli di vicende e avvenimenti che hanno plasmato il suo carattere unico.<\/p>\n<p>Si prosegue per\u00a0<strong>Cascia<\/strong>, citt\u00e0 natale di\u00a0<strong><a href=\"https:\/\/www.holyart.it\/blog\/santi-e-beati\/santa-rita-protettrice-matrimoni\/\">Santa Rita<\/a><\/strong>, e\u00a0<strong>Monteleone di Spoleto<\/strong>, due borghi medievali, ricchi di fascino e autenticit\u00e0, che custodiscono tesori storici, culturali e spirituali.<br \/>\nCascia \u00e8 un luogo di pellegrinaggio e devozione per migliaia di fedeli ogni anno. La\u00a0<strong>Basilica di Santa Rita<\/strong>, costruita nel luogo dove la <strong><a href=\"https:\/\/www.holyart.it\/it\/articoli\/statue-santa-rita.php\">Santa<\/a><\/strong> visse gran parte della sua vita, accoglie i visitatori con la sua imponente facciata e le sue suggestive opere d&#8217;arte.<\/p>\n<div class=\"link-article\">\n<p><img loading=\"lazy\" decoding=\"async\" class=\"size-full wp-image-20012 alignleft\" src=\"https:\/\/blog.holyart.it\/it\/wp-content\/uploads\/sites\/17\/2024\/05\/santa-rita-da-cascia.jpg\" alt=\"santa rita da cascia\" width=\"150\" height=\"99\" data-kale-share-title=\"Il cammino di San Benedetto: alla scoperta dei luoghi toccati dal Santo\" data-kale-share-url=\"https:\/\/blog.holyart.it\/it\/?p=20004\" \/><\/p>\n<div class=\"leggi-anche\">Leggi anche:<\/div>\n<p><strong><a href=\"https:\/\/www.holyart.it\/blog\/santi-e-beati\/santa-rita-protettrice-matrimoni\/\">Santa Rita da Cascia, protettrice dei matrimoni e delle cause impossibili<\/a><\/strong><br \/>\nTra i pochi i santi sposati che la storia del Cristianesimo pu\u00f2 enumerare&#8230;<\/p>\n<\/div>\n<h3>Tappa 2 &#8211; da Cascia a Monteleone di Spoleto<\/h3>\n<p><strong>Monteleone di Spoleto<\/strong>, situato a pochi chilometri da Cascia, \u00e8 un altro gioiello da scoprire. Incorniciato dalle vette dei Monti Sibillini, questo borgo medievale offre panorami incantevoli e un&#8217;atmosfera suggestiva. Le sue stradine strette e tortuose, le case di pietra e le chiese storiche raccontano secoli di storia e tradizione, mentre la sua posizione strategica lo rende un punto di partenza ideale per esplorare le bellezze naturali dei dintorni.<\/p>\n<h3>Tappa 3 &#8211; Monteleone di Spoleto a Leonessa<\/h3>\n<p>Dall&#8217;Umbria si passa al\u00a0<strong>Lazio<\/strong>, con tappe che passano per\u00a0<strong>Leonessa, Poggio Bustone, Rieti, Rocca Sinibalda, Castel di Tora, Orvinio\u00a0<\/strong>e<strong>\u00a0Mandela<\/strong>, tra borghi suggestivi e scorci di bellezza e fascino senza tempo.<br \/>\n<strong>Leonessa<\/strong>, un gioiello medievale situato tra le vette dei Monti della Laga, con le sue strette stradine lastricate e le case di pietra, trasporta i visitatori in un&#8217;atmosfera fiabesca, dove il tempo sembra essersi fermato.<\/p>\n<h4>Tappa 4 &#8211; da Leonessa a Poggio Bustone<\/h4>\n<p>Proseguendo si giunge a\u00a0<strong>Poggio Bustone<\/strong>, un piccolo borgo incastonato tra le colline della Valle Santa, un luogo ideale per rilassarsi e immergersi nella bellezza della natura circostante.<\/p>\n<h3>Tappa 5 &#8211; da Poggio Bustone a Rieti<\/h3>\n<p><strong>Rieti<\/strong>, nel cuore della Valle Santa, \u00e8 famosa per i suoi monumenti medievali, le sue chiese romaniche e le sue piazze suggestive. Qui, \u00e8 possibile scoprire la storia millenaria della citt\u00e0 e assaporare la cucina locale.<\/p>\n<h3>Tappa 6 &#8211; da Rieti a Rocca Sinibalda<\/h3>\n<p><strong>Rocca Sinibalda\u00a0<\/strong>offre panorami spettacolari e un&#8217;atmosfera incantata. Con il suo imponente castello medievale e le sue strette stradine acciottolate, trasporta i visitatori in un&#8217;epoca lontana.<\/p>\n<h3>Tappa 7 &#8211; da Rocca Sinibalda a Castel di Tora<\/h3>\n<p><strong>Castel di Tora<\/strong>, situato sulle sponde del Lago del Turano, \u00e8 un altro borgo da non perdere lungo il viaggio. Con le sue case colorate che si affacciano sul lago e le sue viuzze pittoresche, \u00e8 il luogo ideale per una piacevole passeggiata e per godersi la tranquillit\u00e0 della natura circostante.<\/p>\n<h3>Tappa 8 &#8211; da Castel di Tora a Orvinio<\/h3>\n<p>A\u00a0<strong>Orvinio<\/strong>, incastonato tra le verdi colline dei Monti Lucretili, \u00e8 possibile passeggiare tra le antiche stradine e scoprire i tesori nascosti.<\/p>\n<h3>Tappa 9 &#8211; da Orvinio a Mandela<\/h3>\n<p>Infine, <strong>Mandela<\/strong>, un incantevole borgo arroccato sulle pendici del Monte Cosce, dal fascino rustico e la bellezza selvaggia.<\/p>\n<h3>Tappa 10 &#8211; da Mandela a Subiaco<\/h3>\n<p>Il percorso prosegue nel Parco Regionale dei Monti Lucretili, un&#8217;oasi di natura incontaminata, pace e tranquillit\u00e0. Camminando tra boschi secolari e dolci colline, si giunge a\u00a0<strong>Subiaco<\/strong>, un luogo sacro per i devoti di San Benedetto. Qui un imponente monastero racchiude il\u00a0<strong>Sacro Speco<\/strong>, la grotta dove il Santo visse in solitudine e meditazione, e rappresenta un punto di riferimento per i pellegrini in cerca di spiritualit\u00e0 e contemplazione.<\/p>\n<h3>Tappa 11 &#8211; da Subiaco a Trevi nel Lazio<\/h3>\n<p>Scendendo nella pittoresca Ciociaria, si incontrano borghi incantevoli come\u00a0<strong>Trevi nel Lazio<\/strong>, con le sue stradine medievali e le sue suggestive vedute panoramiche. Qui, \u00e8 possibile passeggiare tra antiche chiese e palazzi storici, immergendosi nella storia e nella cultura locale.<\/p>\n<h3>Tappa 12 &#8211; da Trevi nel Lazio a Collepardo<\/h3>\n<p><strong>Colleprando<\/strong>\u00a0e\u00a0<strong>Casamari<\/strong> sono altri due gioielli nascosti della Ciociaria, ricchi di fascino e autenticit\u00e0, Colleprando, con le sue case di pietra e i suoi vicoli pittoreschi, Casamari, famosa per la sua Abbazia Cistercense.<\/p>\n<h3>Tappa 13 &#8211; da Collepardo a Casamari<br \/>\nTappa 14 &#8211; da Casamari a Arpinio<\/h3>\n<p><strong>Arpino<\/strong>, il paese natale di Cicerone, \u00e8 un&#8217;altra tappa imperdibile lungo il viaggio. Con i suoi monumenti storici e le sue suggestive vedute panoramiche, Arpino \u00e8 un luogo che incanta i visitatori con la sua bellezza e la sua storia millenaria.<\/p>\n<h3>Tappa 15 &#8211; da Arpinio a Roccasecca<\/h3>\n<p>Si prosegue passando per l&#8217;<strong>Eremo dello Spirito Santo<\/strong>, situato all&#8217;imbocco delle\u00a0<strong>Gole del Melfa<\/strong>\u00a0a custodia della Valle del Liri, un esempio emblematico di eremo scolpito all&#8217;interno di una grotta naturale e successivamente modificato nel corso dei secoli. Nascosto tra le pareti rocciose delle Gole del Melfa, questo eremo evoca un senso di mistero e spiritualit\u00e0, avvolgendo il visitatore con la sua atmosfera suggestiva. L&#8217;antica grotta, abitata da eremiti fin dall&#8217;epoca medievale, \u00e8 stata soggetta a diverse modifiche nel corso del tempo, con interventi che hanno trasformato il suo aspetto originario senza compromettere la sua autenticit\u00e0.<\/p>\n<h3>Tappa 16 &#8211; da Roccasecca a Montecassino<\/h3>\n<p>Infine si raggiunge l&#8217;<strong>Abbazia di Montecassino<\/strong>, simbolo di fede e spiritualit\u00e0 che domina la valle sottostante.<\/p>\n<h2>Quando fare il cammino di San Benedetto<\/h2>\n<p>Il Cammino di San Benedetto accoglie i pellegrini tutto l&#8217;anno. Tuttavia, durante i mesi invernali, \u00e8 importante tenere presente che alcune tappe a quote pi\u00f9 elevate possono essere interessate dalla presenza di neve.<br \/>\nNonostante le sfide che il clima invernale pu\u00f2 portare, <a href=\"https:\/\/www.holyart.it\/blog\/articoli-religiosi\/5-luoghi-di-pellegrinaggio-dove-andare-almeno-una-volta-nella-vita\/\"><strong>molti pellegrini<\/strong><\/a> scelgono di affrontare il Cammino anche in questa stagione, attratti dalla bellezza dei paesaggi innevati e dalla quiete che avvolge i luoghi sacri lungo il percorso.<br \/>\n\u00c8 consigliabile quindi essere preparati adeguatamente, con abbigliamento e attrezzature adatte alle condizioni atmosferiche, e monitorare le previsioni meteorologiche prima di intraprendere il viaggio. Inoltre, \u00e8 consigliabile verificare eventuali restrizioni o chiusure dei sentieri a causa delle condizioni climatiche.<\/p>\n<div class=\"link-article\">\n<p><img loading=\"lazy\" decoding=\"async\" class=\"size-full wp-image-20013 alignleft\" src=\"https:\/\/blog.holyart.it\/it\/wp-content\/uploads\/sites\/17\/2024\/05\/Pellegrini.jpeg\" alt=\"pellegrini\" width=\"150\" height=\"99\" data-kale-share-title=\"Il cammino di San Benedetto: alla scoperta dei luoghi toccati dal Santo\" data-kale-share-url=\"https:\/\/blog.holyart.it\/it\/?p=20004\" \/><\/p>\n<div class=\"leggi-anche\">Leggi anche:<\/div>\n<p><strong><a href=\"https:\/\/www.holyart.it\/blog\/articoli-religiosi\/5-luoghi-di-pellegrinaggio-dove-andare-almeno-una-volta-nella-vita\/\">5 luoghi di pellegrinaggio dove andare almeno una volta nella vita<\/a><\/strong><br \/>\nL\u2019azione di Dio su questa Terra lascia un segno forte e che ci attrae&#8230;<\/p>\n<\/div>\n<h2>Quanti giorni per il cammino di San Benedetto<\/h2>\n<p>Il Cammino di San Benedetto offre diverse opzioni di percorso per adattarsi alle esigenze e alle preferenze dei pellegrini. A piedi, il percorso \u00e8 suddiviso in 16 tappe, su altrettanti giorni di cammino, ideali per un&#8217;esperienza pi\u00f9 dettagliata e contemplativa. D&#8217;altra parte, per chi desidera affrontare il\u00a0<strong>percorso in bicicletta<\/strong>, \u00e8 possibile completarlo in 7 giorni.<br \/>\nQuesta flessibilit\u00e0 consente ai <a href=\"https:\/\/www.holyart.it\/it\/giubileo-2025-pellegrini-di-speranza\/kit-del-pellegrino-e-gadget-giubileo-2025\/zaino-del-pellegrino-kit-completo-giubileo-2025\"><strong>pellegrini di personalizzare il loro viaggio<\/strong><\/a> in base al tempo a disposizione e alla propria forma fisica. Inoltre, \u00e8 completamente naturale e accettabile percorrere solo una parte del cammino, magari concentrandosi su tappe specifiche che suscitano maggiore interesse o significato personale.<\/p>\n<div class=\"link-product\">\n<div class=\"blocco-immagine\"><img loading=\"lazy\" decoding=\"async\" class=\"size-full wp-image-20014 alignleft\" src=\"https:\/\/blog.holyart.it\/it\/wp-content\/uploads\/sites\/17\/2024\/05\/zaino-del-pellegrino-kit-completo-giubileo-2025-1.jpg\" alt=\"zaino del pellegrino kit completo giubileo 2025\" width=\"100\" height=\"100\" data-kale-share-title=\"Il cammino di San Benedetto: alla scoperta dei luoghi toccati dal Santo\" data-kale-share-url=\"https:\/\/blog.holyart.it\/it\/?p=20004\" \/><\/div>\n<div class=\"blocco-contenuto\">\n<div class=\"blocco-acquista\">Acquista su Holyart:<\/div>\n<div class=\"blocco-titolo\"><a href=\"https:\/\/www.holyart.it\/it\/giubileo-2025-pellegrini-di-speranza\/kit-del-pellegrino-e-gadget-giubileo-2025\/zaino-del-pellegrino-kit-completo-giubileo-2025\">Zaino del pellegrino kit completo Giubileo 2025<\/a><\/div>\n<div class=\"blocco-descrizione\">Zaino del pellegrino kit completo Giubileo 2025 Pellegrini di Speranza ecocompatibile e impermeabile.<\/div>\n<\/div>\n<\/div>\n","protected":false},"excerpt":{"rendered":"<p>Scopriamo il Cammino di San Benedetto, un viaggio intriso di storia e spiritualit\u00e0 nei luoghi toccati dal Santo fondatore dell&#8217;ordine benedettino. Attraverso Norcia, Subiaco e Montecassino, tra antichi monasteri, suggestive valli e siti sacri che hanno plasmato la vita e il pensiero del Patrono d&#8217;Europa&hellip;<\/p>\n","protected":false},"author":1,"featured_media":20017,"comment_status":"closed","ping_status":"open","sticky":false,"template":"","format":"standard","meta":{"_acf_changed":false,"footnotes":""},"categories":[15],"tags":[],"class_list":["post-20004","post","type-post","status-publish","format-standard","has-post-thumbnail","hentry","category-santi-e-beati"],"acf":[],"yoast_head":"<!-- This site is optimized with the Yoast SEO plugin v26.6 - https:\/\/yoast.com\/wordpress\/plugins\/seo\/ -->\n<title>Il cammino di San Benedetto: alla scoperta dei luoghi toccati dal Santo - Holyblog<\/title>\n<meta name=\"description\" content=\"Il Cammino di San Benedetto, un viaggio intriso di spiritualit\u00e0 nei luoghi toccati dal fondatore dell\u2019ordine benedettino.\" \/>\n<meta name=\"robots\" content=\"index, follow, max-snippet:-1, max-image-preview:large, max-video-preview:-1\" \/>\n<link rel=\"canonical\" href=\"https:\/\/blog.holyart.it\/it\/santi-e-beati\/il-cammino-di-san-benedetto-alla-scoperta-dei-luoghi-toccati-dal-santo\/\" \/>\n<meta property=\"og:locale\" content=\"it_IT\" \/>\n<meta property=\"og:type\" content=\"article\" \/>\n<meta property=\"og:title\" content=\"Il cammino di San Benedetto: alla scoperta dei luoghi toccati dal Santo - Holyblog\" \/>\n<meta property=\"og:description\" content=\"Il Cammino di San Benedetto, un viaggio intriso di spiritualit\u00e0 nei luoghi toccati dal fondatore dell\u2019ordine benedettino.\" \/>\n<meta property=\"og:url\" content=\"https:\/\/blog.holyart.it\/it\/santi-e-beati\/il-cammino-di-san-benedetto-alla-scoperta-dei-luoghi-toccati-dal-santo\/\" \/>\n<meta property=\"og:site_name\" content=\"Holyblog\" \/>\n<meta property=\"article:published_time\" content=\"2024-06-17T08:00:21+00:00\" \/>\n<meta property=\"article:modified_time\" content=\"2025-07-04T15:38:30+00:00\" \/>\n<meta property=\"og:image\" content=\"https:\/\/blog.holyart.it\/it\/wp-content\/uploads\/sites\/17\/2024\/05\/cammino-di-san-benedetto.jpg\" \/>\n\t<meta property=\"og:image:width\" content=\"1000\" \/>\n\t<meta property=\"og:image:height\" content=\"666\" \/>\n\t<meta property=\"og:image:type\" content=\"image\/jpeg\" \/>\n<meta name=\"author\" content=\"Redazione\" \/>\n<meta name=\"twitter:card\" content=\"summary_large_image\" \/>\n<meta name=\"twitter:label1\" content=\"Scritto da\" \/>\n\t<meta name=\"twitter:data1\" content=\"Redazione\" \/>\n\t<meta name=\"twitter:label2\" content=\"Tempo di lettura stimato\" \/>\n\t<meta name=\"twitter:data2\" content=\"12 minuti\" \/>\n<script type=\"application\/ld+json\" class=\"yoast-schema-graph\">{\"@context\":\"https:\/\/schema.org\",\"@graph\":[{\"@type\":\"Article\",\"@id\":\"https:\/\/blog.holyart.it\/it\/santi-e-beati\/il-cammino-di-san-benedetto-alla-scoperta-dei-luoghi-toccati-dal-santo\/#article\",\"isPartOf\":{\"@id\":\"https:\/\/blog.holyart.it\/it\/santi-e-beati\/il-cammino-di-san-benedetto-alla-scoperta-dei-luoghi-toccati-dal-santo\/\"},\"author\":{\"name\":\"Redazione\",\"@id\":\"https:\/\/blog.holyart.it\/it\/#\/schema\/person\/0a7b686e5af0f856ec1e390dd0baecda\"},\"headline\":\"Il cammino di San Benedetto: alla scoperta dei luoghi toccati dal Santo\",\"datePublished\":\"2024-06-17T08:00:21+00:00\",\"dateModified\":\"2025-07-04T15:38:30+00:00\",\"mainEntityOfPage\":{\"@id\":\"https:\/\/blog.holyart.it\/it\/santi-e-beati\/il-cammino-di-san-benedetto-alla-scoperta-dei-luoghi-toccati-dal-santo\/\"},\"wordCount\":1881,\"publisher\":{\"@id\":\"https:\/\/blog.holyart.it\/it\/#organization\"},\"image\":{\"@id\":\"https:\/\/blog.holyart.it\/it\/santi-e-beati\/il-cammino-di-san-benedetto-alla-scoperta-dei-luoghi-toccati-dal-santo\/#primaryimage\"},\"thumbnailUrl\":\"https:\/\/blog.holyart.it\/it\/wp-content\/uploads\/sites\/17\/2024\/05\/cammino-di-san-benedetto.jpg\",\"articleSection\":[\"Santi e beati\"],\"inLanguage\":\"it-IT\"},{\"@type\":\"WebPage\",\"@id\":\"https:\/\/blog.holyart.it\/it\/santi-e-beati\/il-cammino-di-san-benedetto-alla-scoperta-dei-luoghi-toccati-dal-santo\/\",\"url\":\"https:\/\/blog.holyart.it\/it\/santi-e-beati\/il-cammino-di-san-benedetto-alla-scoperta-dei-luoghi-toccati-dal-santo\/\",\"name\":\"Il cammino di San Benedetto: alla scoperta dei luoghi toccati dal Santo - Holyblog\",\"isPartOf\":{\"@id\":\"https:\/\/blog.holyart.it\/it\/#website\"},\"primaryImageOfPage\":{\"@id\":\"https:\/\/blog.holyart.it\/it\/santi-e-beati\/il-cammino-di-san-benedetto-alla-scoperta-dei-luoghi-toccati-dal-santo\/#primaryimage\"},\"image\":{\"@id\":\"https:\/\/blog.holyart.it\/it\/santi-e-beati\/il-cammino-di-san-benedetto-alla-scoperta-dei-luoghi-toccati-dal-santo\/#primaryimage\"},\"thumbnailUrl\":\"https:\/\/blog.holyart.it\/it\/wp-content\/uploads\/sites\/17\/2024\/05\/cammino-di-san-benedetto.jpg\",\"datePublished\":\"2024-06-17T08:00:21+00:00\",\"dateModified\":\"2025-07-04T15:38:30+00:00\",\"description\":\"Il Cammino di San Benedetto, un viaggio intriso di spiritualit\u00e0 nei luoghi toccati dal fondatore dell\u2019ordine benedettino.\",\"breadcrumb\":{\"@id\":\"https:\/\/blog.holyart.it\/it\/santi-e-beati\/il-cammino-di-san-benedetto-alla-scoperta-dei-luoghi-toccati-dal-santo\/#breadcrumb\"},\"inLanguage\":\"it-IT\",\"potentialAction\":[{\"@type\":\"ReadAction\",\"target\":[\"https:\/\/blog.holyart.it\/it\/santi-e-beati\/il-cammino-di-san-benedetto-alla-scoperta-dei-luoghi-toccati-dal-santo\/\"]}]},{\"@type\":\"ImageObject\",\"inLanguage\":\"it-IT\",\"@id\":\"https:\/\/blog.holyart.it\/it\/santi-e-beati\/il-cammino-di-san-benedetto-alla-scoperta-dei-luoghi-toccati-dal-santo\/#primaryimage\",\"url\":\"https:\/\/blog.holyart.it\/it\/wp-content\/uploads\/sites\/17\/2024\/05\/cammino-di-san-benedetto.jpg\",\"contentUrl\":\"https:\/\/blog.holyart.it\/it\/wp-content\/uploads\/sites\/17\/2024\/05\/cammino-di-san-benedetto.jpg\",\"width\":1000,\"height\":666,\"caption\":\"cammino di san benedetto\"},{\"@type\":\"BreadcrumbList\",\"@id\":\"https:\/\/blog.holyart.it\/it\/santi-e-beati\/il-cammino-di-san-benedetto-alla-scoperta-dei-luoghi-toccati-dal-santo\/#breadcrumb\",\"itemListElement\":[{\"@type\":\"ListItem\",\"position\":1,\"name\":\"Homepage\",\"item\":\"https:\/\/blog.holyart.it\/it\/\"},{\"@type\":\"ListItem\",\"position\":2,\"name\":\"Santi e beati\",\"item\":\"https:\/\/blog.holyart.it\/it\/santi-e-beati\/\"},{\"@type\":\"ListItem\",\"position\":3,\"name\":\"Il cammino di San Benedetto: alla scoperta dei luoghi toccati dal Santo\"}]},{\"@type\":\"WebSite\",\"@id\":\"https:\/\/blog.holyart.it\/it\/#website\",\"url\":\"https:\/\/blog.holyart.it\/it\/\",\"name\":\"Holyblog\",\"description\":\"Il Blog di Holyart.it\",\"publisher\":{\"@id\":\"https:\/\/blog.holyart.it\/it\/#organization\"},\"potentialAction\":[{\"@type\":\"SearchAction\",\"target\":{\"@type\":\"EntryPoint\",\"urlTemplate\":\"https:\/\/blog.holyart.it\/it\/?s={search_term_string}\"},\"query-input\":{\"@type\":\"PropertyValueSpecification\",\"valueRequired\":true,\"valueName\":\"search_term_string\"}}],\"inLanguage\":\"it-IT\"},{\"@type\":\"Organization\",\"@id\":\"https:\/\/blog.holyart.it\/it\/#organization\",\"name\":\"Holyblog\",\"url\":\"https:\/\/blog.holyart.it\/it\/\",\"logo\":{\"@type\":\"ImageObject\",\"inLanguage\":\"it-IT\",\"@id\":\"https:\/\/blog.holyart.it\/it\/#\/schema\/logo\/image\/\",\"url\":\"https:\/\/blog.holyart.it\/it\/wp-content\/uploads\/sites\/17\/2022\/12\/Holyart_Blog_Logo.jpg\",\"contentUrl\":\"https:\/\/blog.holyart.it\/it\/wp-content\/uploads\/sites\/17\/2022\/12\/Holyart_Blog_Logo.jpg\",\"width\":300,\"height\":50,\"caption\":\"Holyblog\"},\"image\":{\"@id\":\"https:\/\/blog.holyart.it\/it\/#\/schema\/logo\/image\/\"}},{\"@type\":\"Person\",\"@id\":\"https:\/\/blog.holyart.it\/it\/#\/schema\/person\/0a7b686e5af0f856ec1e390dd0baecda\",\"name\":\"Redazione\"}]}<\/script>\n<!-- \/ Yoast SEO plugin. -->","yoast_head_json":{"title":"Il cammino di San Benedetto: alla scoperta dei luoghi toccati dal Santo - Holyblog","description":"Il Cammino di San Benedetto, un viaggio intriso di spiritualit\u00e0 nei luoghi toccati dal fondatore dell\u2019ordine benedettino.","robots":{"index":"index","follow":"follow","max-snippet":"max-snippet:-1","max-image-preview":"max-image-preview:large","max-video-preview":"max-video-preview:-1"},"canonical":"https:\/\/blog.holyart.it\/it\/santi-e-beati\/il-cammino-di-san-benedetto-alla-scoperta-dei-luoghi-toccati-dal-santo\/","og_locale":"it_IT","og_type":"article","og_title":"Il cammino di San Benedetto: alla scoperta dei luoghi toccati dal Santo - Holyblog","og_description":"Il Cammino di San Benedetto, un viaggio intriso di spiritualit\u00e0 nei luoghi toccati dal fondatore dell\u2019ordine benedettino.","og_url":"https:\/\/blog.holyart.it\/it\/santi-e-beati\/il-cammino-di-san-benedetto-alla-scoperta-dei-luoghi-toccati-dal-santo\/","og_site_name":"Holyblog","article_published_time":"2024-06-17T08:00:21+00:00","article_modified_time":"2025-07-04T15:38:30+00:00","og_image":[{"width":1000,"height":666,"url":"https:\/\/blog.holyart.it\/it\/wp-content\/uploads\/sites\/17\/2024\/05\/cammino-di-san-benedetto.jpg","type":"image\/jpeg"}],"author":"Redazione","twitter_card":"summary_large_image","twitter_misc":{"Scritto da":"Redazione","Tempo di lettura stimato":"12 minuti"},"schema":{"@context":"https:\/\/schema.org","@graph":[{"@type":"Article","@id":"https:\/\/blog.holyart.it\/it\/santi-e-beati\/il-cammino-di-san-benedetto-alla-scoperta-dei-luoghi-toccati-dal-santo\/#article","isPartOf":{"@id":"https:\/\/blog.holyart.it\/it\/santi-e-beati\/il-cammino-di-san-benedetto-alla-scoperta-dei-luoghi-toccati-dal-santo\/"},"author":{"name":"Redazione","@id":"https:\/\/blog.holyart.it\/it\/#\/schema\/person\/0a7b686e5af0f856ec1e390dd0baecda"},"headline":"Il cammino di San Benedetto: alla scoperta dei luoghi toccati dal Santo","datePublished":"2024-06-17T08:00:21+00:00","dateModified":"2025-07-04T15:38:30+00:00","mainEntityOfPage":{"@id":"https:\/\/blog.holyart.it\/it\/santi-e-beati\/il-cammino-di-san-benedetto-alla-scoperta-dei-luoghi-toccati-dal-santo\/"},"wordCount":1881,"publisher":{"@id":"https:\/\/blog.holyart.it\/it\/#organization"},"image":{"@id":"https:\/\/blog.holyart.it\/it\/santi-e-beati\/il-cammino-di-san-benedetto-alla-scoperta-dei-luoghi-toccati-dal-santo\/#primaryimage"},"thumbnailUrl":"https:\/\/blog.holyart.it\/it\/wp-content\/uploads\/sites\/17\/2024\/05\/cammino-di-san-benedetto.jpg","articleSection":["Santi e beati"],"inLanguage":"it-IT"},{"@type":"WebPage","@id":"https:\/\/blog.holyart.it\/it\/santi-e-beati\/il-cammino-di-san-benedetto-alla-scoperta-dei-luoghi-toccati-dal-santo\/","url":"https:\/\/blog.holyart.it\/it\/santi-e-beati\/il-cammino-di-san-benedetto-alla-scoperta-dei-luoghi-toccati-dal-santo\/","name":"Il cammino di San Benedetto: alla scoperta dei luoghi toccati dal Santo - Holyblog","isPartOf":{"@id":"https:\/\/blog.holyart.it\/it\/#website"},"primaryImageOfPage":{"@id":"https:\/\/blog.holyart.it\/it\/santi-e-beati\/il-cammino-di-san-benedetto-alla-scoperta-dei-luoghi-toccati-dal-santo\/#primaryimage"},"image":{"@id":"https:\/\/blog.holyart.it\/it\/santi-e-beati\/il-cammino-di-san-benedetto-alla-scoperta-dei-luoghi-toccati-dal-santo\/#primaryimage"},"thumbnailUrl":"https:\/\/blog.holyart.it\/it\/wp-content\/uploads\/sites\/17\/2024\/05\/cammino-di-san-benedetto.jpg","datePublished":"2024-06-17T08:00:21+00:00","dateModified":"2025-07-04T15:38:30+00:00","description":"Il Cammino di San Benedetto, un viaggio intriso di spiritualit\u00e0 nei luoghi toccati dal fondatore dell\u2019ordine benedettino.","breadcrumb":{"@id":"https:\/\/blog.holyart.it\/it\/santi-e-beati\/il-cammino-di-san-benedetto-alla-scoperta-dei-luoghi-toccati-dal-santo\/#breadcrumb"},"inLanguage":"it-IT","potentialAction":[{"@type":"ReadAction","target":["https:\/\/blog.holyart.it\/it\/santi-e-beati\/il-cammino-di-san-benedetto-alla-scoperta-dei-luoghi-toccati-dal-santo\/"]}]},{"@type":"ImageObject","inLanguage":"it-IT","@id":"https:\/\/blog.holyart.it\/it\/santi-e-beati\/il-cammino-di-san-benedetto-alla-scoperta-dei-luoghi-toccati-dal-santo\/#primaryimage","url":"https:\/\/blog.holyart.it\/it\/wp-content\/uploads\/sites\/17\/2024\/05\/cammino-di-san-benedetto.jpg","contentUrl":"https:\/\/blog.holyart.it\/it\/wp-content\/uploads\/sites\/17\/2024\/05\/cammino-di-san-benedetto.jpg","width":1000,"height":666,"caption":"cammino di san benedetto"},{"@type":"BreadcrumbList","@id":"https:\/\/blog.holyart.it\/it\/santi-e-beati\/il-cammino-di-san-benedetto-alla-scoperta-dei-luoghi-toccati-dal-santo\/#breadcrumb","itemListElement":[{"@type":"ListItem","position":1,"name":"Homepage","item":"https:\/\/blog.holyart.it\/it\/"},{"@type":"ListItem","position":2,"name":"Santi e beati","item":"https:\/\/blog.holyart.it\/it\/santi-e-beati\/"},{"@type":"ListItem","position":3,"name":"Il cammino di San Benedetto: alla scoperta dei luoghi toccati dal Santo"}]},{"@type":"WebSite","@id":"https:\/\/blog.holyart.it\/it\/#website","url":"https:\/\/blog.holyart.it\/it\/","name":"Holyblog","description":"Il Blog di Holyart.it","publisher":{"@id":"https:\/\/blog.holyart.it\/it\/#organization"},"potentialAction":[{"@type":"SearchAction","target":{"@type":"EntryPoint","urlTemplate":"https:\/\/blog.holyart.it\/it\/?s={search_term_string}"},"query-input":{"@type":"PropertyValueSpecification","valueRequired":true,"valueName":"search_term_string"}}],"inLanguage":"it-IT"},{"@type":"Organization","@id":"https:\/\/blog.holyart.it\/it\/#organization","name":"Holyblog","url":"https:\/\/blog.holyart.it\/it\/","logo":{"@type":"ImageObject","inLanguage":"it-IT","@id":"https:\/\/blog.holyart.it\/it\/#\/schema\/logo\/image\/","url":"https:\/\/blog.holyart.it\/it\/wp-content\/uploads\/sites\/17\/2022\/12\/Holyart_Blog_Logo.jpg","contentUrl":"https:\/\/blog.holyart.it\/it\/wp-content\/uploads\/sites\/17\/2022\/12\/Holyart_Blog_Logo.jpg","width":300,"height":50,"caption":"Holyblog"},"image":{"@id":"https:\/\/blog.holyart.it\/it\/#\/schema\/logo\/image\/"}},{"@type":"Person","@id":"https:\/\/blog.holyart.it\/it\/#\/schema\/person\/0a7b686e5af0f856ec1e390dd0baecda","name":"Redazione"}]}},"_links":{"self":[{"href":"https:\/\/blog.holyart.it\/it\/wp-json\/wp\/v2\/posts\/20004","targetHints":{"allow":["GET"]}}],"collection":[{"href":"https:\/\/blog.holyart.it\/it\/wp-json\/wp\/v2\/posts"}],"about":[{"href":"https:\/\/blog.holyart.it\/it\/wp-json\/wp\/v2\/types\/post"}],"author":[{"embeddable":true,"href":"https:\/\/blog.holyart.it\/it\/wp-json\/wp\/v2\/users\/1"}],"replies":[{"embeddable":true,"href":"https:\/\/blog.holyart.it\/it\/wp-json\/wp\/v2\/comments?post=20004"}],"version-history":[{"count":10,"href":"https:\/\/blog.holyart.it\/it\/wp-json\/wp\/v2\/posts\/20004\/revisions"}],"predecessor-version":[{"id":20524,"href":"https:\/\/blog.holyart.it\/it\/wp-json\/wp\/v2\/posts\/20004\/revisions\/20524"}],"wp:featuredmedia":[{"embeddable":true,"href":"https:\/\/blog.holyart.it\/it\/wp-json\/wp\/v2\/media\/20017"}],"wp:attachment":[{"href":"https:\/\/blog.holyart.it\/it\/wp-json\/wp\/v2\/media?parent=20004"}],"wp:term":[{"taxonomy":"category","embeddable":true,"href":"https:\/\/blog.holyart.it\/it\/wp-json\/wp\/v2\/categories?post=20004"},{"taxonomy":"post_tag","embeddable":true,"href":"https:\/\/blog.holyart.it\/it\/wp-json\/wp\/v2\/tags?post=20004"}],"curies":[{"name":"wp","href":"https:\/\/api.w.org\/{rel}","templated":true}]}}