{"id":19979,"date":"2024-06-03T10:00:12","date_gmt":"2024-06-03T08:00:12","guid":{"rendered":"https:\/\/blog.holyart.it\/it\/?p=19979"},"modified":"2025-05-05T16:56:27","modified_gmt":"2025-05-05T14:56:27","slug":"madonna-della-lettera-e-leterna-promessa-di-proteggere-messina","status":"publish","type":"post","link":"https:\/\/blog.holyart.it\/it\/santi-e-beati\/madonna-della-lettera-e-leterna-promessa-di-proteggere-messina\/","title":{"rendered":"Madonna della Lettera e l&#8217;eterna promessa di proteggere Messina"},"content":{"rendered":"<h4>Venerata a Messina e Palmi, la Madonna della Lettera simboleggia un legame spirituale e storico antichissimo. Secondo la tradizione, la Vergine Maria invi\u00f2 una lettera agli abitanti della citt\u00e0, lodando la loro fede e promettendo loro protezione eterna<\/h4>\n<p>Come molte regioni d&#8217;Italia, la Sicilia riserva alla Vergine forme devozionali particolarmente sentite e pittoresche. Tra i <a href=\"https:\/\/www.holyart.it\/blog\/santi-e-beati\/titoli-mariani-cosa-sono-e-quanti-sono-tutti-i-nomi-dedicati-a-maria\/\"><strong>titoli mariani<\/strong><\/a> attribuiti alla Madonna, alcuni dei pi\u00f9 affascinanti sono proprio legati alla Sicilia, e tra di essi spiccano in particolare la\u00a0<strong>Madonna di Tindari<\/strong>\u00a0e la\u00a0<strong>Madonna della Lettera<\/strong>. La\u00a0<strong><a href=\"https:\/\/www.holyart.it\/blog\/articoli-religiosi\/la-madonnina-di-tindari-la-madonna-nera-e-il-suo-santuario-sul-mare\/\">Madonna di Tindari<\/a><\/strong>, venerata nel Santuario nell\u2019omonimo piccolo centro in provincia di Messina, \u00e8 una figura centrale nella devozione siciliana, spesso associata alla protezione dei marinai e dei pescatori. Conosciuta e adorata localmente come\u00a0<em>Matri \u2018u Tinnaru<\/em>, rappresenta uno dei culti mariani pi\u00f9 antichi e venerati dell&#8217;isola, oltre che un emblematico esempio di\u00a0<strong><a href=\"https:\/\/www.holyart.it\/blog\/articoli-religiosi\/madonne-nere-in-italia-e-nel-mondo-origini-e-mistero-di-un-culto\/\">Madonna Nera<\/a><\/strong>.<br \/>\nLa Madonna della Lettera, invece, \u00e8 particolarmente cara agli abitanti della citt\u00e0 di Messina, che vedono in lei un costante punto di riferimento spirituale. Il suo culto si \u00e8 diffuso nel tempo anche a Palmi e Finale.<\/p>\n<div class=\"link-article\">\n<p><img loading=\"lazy\" decoding=\"async\" class=\"size-full wp-image-19981 alignleft\" src=\"https:\/\/blog.holyart.it\/it\/wp-content\/uploads\/sites\/17\/2024\/05\/madonna-tindari.jpeg\" alt=\"madonna tindari\" width=\"150\" height=\"100\" data-kale-share-title=\"Madonna della Lettera e l\u2019eterna promessa di proteggere Messina\" data-kale-share-url=\"https:\/\/blog.holyart.it\/it\/?p=19979\" \/><\/p>\n<div class=\"leggi-anche\">Leggi anche:<\/div>\n<p><strong><a href=\"https:\/\/www.holyart.it\/blog\/articoli-religiosi\/la-madonnina-di-tindari-la-madonna-nera-e-il-suo-santuario-sul-mare\/\">La Madonnina di Tindari: la Madonna nera e il suo santuario sul mare<\/a><\/strong><br \/>\nLa Madonnina di Tindari ha \u2018scelto\u2019 di fermarsi nell\u2019omonimo&#8230;<\/p>\n<\/div>\n<p>Il culto della Madonna di Messina \u00e8 legato soprattutto alla convinzione che ella protegga in modo speciale la citt\u00e0, e questa protezione sarebbe stata avvalorata da molti eventi miracolosi accaduti nel corso dei secoli. La nascita di questa devozione \u00e8 infatti molto antica, e risalirebbe all&#8217;epoca in cui\u00a0<strong><a href=\"https:\/\/www.holyart.it\/blog\/santi-e-beati\/san-paolo-tarso-storia-un-missionario\/\">San Paolo<\/a><\/strong>\u00a0si rec\u00f2 in Sicilia per la sua opera di evangelizzazione. Alcuni messinesi, dopo essersi convertiti al Cristianesimo, vollero seguirlo in Palestina, per ringraziare personalmente la Madonna con una lettera scritta a nome di tutti gli abitanti della citt\u00e0 come segno della loro gratitudine e devozione alla Vergine. Era il 42 d.C. La delegazione si mise in viaggio e giunse al cospetto della Madonna, che fu lieta di rispondere a tanto affetto con una lettera di risposta, scritta in ebraico. Questa Lettera, arrotolata e legata con una ciocca dei suoi stessi capelli, venne riportata a Messina e divenne immediatamente oggetto di culto. Ancora oggi \u00e8 custodita nel Duomo di Messina e viene portata in processione nel giorno della Festa del\u00a0<a href=\"https:\/\/www.holyart.it\/blog\/articoli-religiosi\/corpus-domini-il-significato-e-le-celebrazioni\/\"><strong>Corpus Domini<\/strong>.<\/a><\/p>\n<div class=\"link-article\">\n<p><img loading=\"lazy\" decoding=\"async\" class=\"size-full wp-image-19982 alignleft\" src=\"https:\/\/blog.holyart.it\/it\/wp-content\/uploads\/sites\/17\/2024\/05\/corpus-domini.jpg\" alt=\"corpus domini\" width=\"150\" height=\"99\" data-kale-share-title=\"Madonna della Lettera e l\u2019eterna promessa di proteggere Messina\" data-kale-share-url=\"https:\/\/blog.holyart.it\/it\/?p=19979\" \/><\/p>\n<div class=\"leggi-anche\">Leggi anche:<\/div>\n<p><strong><a href=\"https:\/\/www.holyart.it\/blog\/articoli-religiosi\/corpus-domini-il-significato-e-le-celebrazioni\/\">Corpus Domini, il significato e le celebrazioni<\/a><\/strong><br \/>\nLa Solennit\u00e0 del Corpus Domini \u00e8 una delle pi\u00f9 sentite a livello popolare. Scopriamo cosa celebra e come viene festeggiata nelle varie zone d\u2019Italia&#8230;<\/p>\n<\/div>\n<p>Il reliquiario utilizzato per la processione ha la forma di un vascello a tre alberi lungo circa un metro, in legno rivestito da fogli d&#8217;argento: il\u00a0<strong><em>Vascelluzzo<\/em><\/strong>. Esso viene ornato di spighe di grano e portato per le strade, dalla chiesa di S. Maria dei Marinai al Duomo di Messina. Una volta giunti al Duomo, la reliquia con i capelli della Madonna viene fissata a due alberi del vascello e il reliquiario viene portato per le vie della citt\u00e0. Alcuni eventi miracolosi hanno portato alla consacrazione del Vascelluzzo. Nel 1302, la Madonna avrebbe inviato tre navi cariche di vettovaglie alla citt\u00e0 stremata dall&#8217;assedio da parte del duca Roberto di Calabria, mentre nel 1603 il fortunoso naufragio di una nave carica di grano proprio nel porto di Messina salv\u00f2 nuovamente la citt\u00e0 dalla fame. Entrambi gli eventi vennero interpretati come miracoli della Madonna.<\/p>\n<p>Eco il testo della Lettera scritta dalla Madonna alla citt\u00e0 di Messina:<\/p>\n<p><em>Umilissima serva di Dio,<\/em><br \/>\n<em>Madre di Ges\u00f9 crocifisso,<\/em><br \/>\n<em>della trib\u00f9 di Giuda,<\/em><br \/>\n<em>della stirpe di Davide,<\/em><br \/>\n<em>salute a tutti i messinesi<\/em><br \/>\n<em>e Benedizione di Dio Padre Onnipotente.<\/em><br \/>\n<em>Ci consta per pubblico strumento che voi tutti con fede grande<\/em><br \/>\n<em>avete a noi spedito Legati e Ambasciatori,<\/em><br \/>\n<em>confessando che il Nostro Figlio,<\/em><br \/>\n<em>generato da Dio sia Dio e uomo<\/em><br \/>\n<em>e che dopo la sua resurrezione sal\u00ec al cielo:<\/em><br \/>\n<em>avendo voi conosciuta la via della verit\u00e0<\/em><br \/>\n<em>per mezzo della predicazione di Paolo apostolo eletto<\/em><br \/>\n<em>per la qual cosa benediciamo voi e la vostra citt\u00e0<\/em><br \/>\n<em>della quale noi vogliamo essere perpetua protettrice.<\/em><\/p>\n<p>Da Gerusalemme 3 giugno anno 42 di Nostro Figlio. Indizione 1 luna XXVII.<\/p>\n<h2>Processione Madonna della Lettera Messina<\/h2>\n<p>Otre che con la processione del Vascelluzzo, Messina onora la Madonna della Lettera, patrona della citt\u00e0, con un&#8217;altra importante processione a lei dedicata: la\u00a0<strong>Festa della Madonna della Lettera<\/strong>. Il\u00a0<strong>3 giugno\u00a0<\/strong>di ogni anno, questa solenne processione\u00a0rievoca la storica promessa di protezione della <a href=\"https:\/\/www.holyart.it\/it\/articoli-religiosi\/statue\/statue-in-resina-e-pvc?page=1&amp;params=%7B%22offset%22:0,%22limit%22:60,%22filters%22:%5B%5D,%22sorter%22:%22YEAR_BEST_SELLERS%22,%22categoryIds%22:%5B108438%5D,%22filtersByIds%22:%5B%7B%22key%22:41,%22values%22:%5B1977,1014,2672,1090,1103,1107%5D%7D%5D%7D\"><strong>Vergine Maria<\/strong><\/a> verso i messinesi.<\/p>\n<div class=\"link-product\">\n<div class=\"blocco-immagine\"><img loading=\"lazy\" decoding=\"async\" class=\"size-full wp-image-19984 alignleft\" src=\"https:\/\/blog.holyart.it\/it\/wp-content\/uploads\/sites\/17\/2024\/05\/madonna-miracolosa-cm-40-resina.jpg\" alt=\"madonna miracolosa cm 40 resina\" width=\"100\" height=\"100\" data-kale-share-title=\"Madonna della Lettera e l\u2019eterna promessa di proteggere Messina\" data-kale-share-url=\"https:\/\/blog.holyart.it\/it\/?p=19979\" \/><\/div>\n<div class=\"blocco-contenuto\">\n<div class=\"blocco-acquista\">Acquista su Holyart:<\/div>\n<div class=\"blocco-titolo\"><a href=\"https:\/\/www.holyart.it\/it\/articoli-religiosi\/statue\/statue-in-resina-e-pvc?page=1&amp;params=%7B%22offset%22:0,%22limit%22:60,%22filters%22:%5B%5D,%22sorter%22:%22YEAR_BEST_SELLERS%22,%22categoryIds%22:%5B108438%5D,%22filtersByIds%22:%5B%7B%22key%22:41,%22values%22:%5B1977,1014,2672,1090,1103,1107%5D%7D%5D%7D\">Statue in resina e PVC<\/a><\/div>\n<div class=\"blocco-descrizione\">Statue in resina, economiche, della Madonna.<\/div>\n<\/div>\n<\/div>\n<p>Nel 1647 la veggente e monaca benedettina suor Maria Roccaforte, raccont\u00f2 che la Vergine in persona le aveva confermato l&#8217;autenticit\u00e0 della Lettera scritta dalla Madonna. Inoltre nel 1716 il monaco Gregorio Arena avvalor\u00f2 la convinzione portando in citt\u00e0 la Lettera tradotta dall&#8217;arabo della lettera di Maria.<\/p>\n<p>In occasione della processione del 3 giugno, il fercolo che rappresenta la Madonna della Lettera, viene portato in processione per le strade della citt\u00e0. La bellissima statua d&#8217;argento \u00e8 accompagnata da canti, preghiere e l&#8217;accensione di candele, in un&#8217;atmosfera di profonda devozione e partecipazione collettiva. Tra i momenti pi\u00f9 suggestivi vi \u00e8 il passaggio della statua davanti al Porto di Messina, dove, sull&#8217;estremit\u00e0 del braccio del porto, si erge la stele della Madonnina del Porto, simbolo di protezione per i naviganti e l&#8217;intera citt\u00e0. Ai piedi della stele \u00e8 incisa a caratteri cubitali la frase\u00a0<em>Vos et ipsam Civitatem benedicimus,\u00a0<\/em>&#8220;Benediciamo voi e la vostra Citt\u00e0&#8221;.<\/p>\n<p>L&#8217;ultima domenica di agosto anche\u00a0<strong>Palmi\u00a0<\/strong>manifesta la sua devozione alla Madonna della Lettera, che detiene il patronato anche nella citt\u00e0 calabra. Quando nel 1575 Messina venne funestata dalla peste, i marinai di Palmi offrirono ai cittadini viveri e medicine. Come segno di gratitudine, alla fine dell&#8217;epidemia, il Senato di Messina offr\u00ec alla citt\u00e0 di Palmi uno dei tre capelli che legavano la Lettera donata dalla Vergine. A fine agosto a Palmi si tiene la\u00a0<strong>Varia<\/strong>, una festa devozionale popolare inclusa nella lista rappresentativa del patrimonio culturale immateriale dell&#8217;umanit\u00e0. Una grande macchina processionale, la Varia, appunto, che rappresenta l&#8217;assunzione in cielo di Maria, viene portata <a href=\"https:\/\/www.holyart.it\/it\/accessori-per-la-liturgia\/processioni\"><strong>in processione<\/strong><\/a> per le vie della citt\u00e0. L&#8217;aspetto pi\u00f9 straordinario di questo evento \u00e8 che i 200 portatori, chiamati <em>Mbuttaturi<\/em>, trasportano sulle spalle una torre alta 16 metri e occupata da figuranti in costume, che rappresentano la Vergine che ascende al cielo, Dio, gli apostoli e gli angeli!<\/p>\n<div class=\"link-product\">\n<div class=\"blocco-immagine\"><img loading=\"lazy\" decoding=\"async\" class=\"size-full wp-image-19985 alignleft\" src=\"https:\/\/blog.holyart.it\/it\/wp-content\/uploads\/sites\/17\/2024\/05\/baldacchino-processionale-160x200-sacro-cuore.jpg\" alt=\"baldacchino processionale 160x200 sacro cuore\" width=\"100\" height=\"100\" data-kale-share-title=\"Madonna della Lettera e l\u2019eterna promessa di proteggere Messina\" data-kale-share-url=\"https:\/\/blog.holyart.it\/it\/?p=19979\" \/><\/div>\n<div class=\"blocco-contenuto\">\n<div class=\"blocco-acquista\">Acquista su Holyart:<\/div>\n<div class=\"blocco-titolo\"><a href=\"https:\/\/www.holyart.it\/it\/accessori-per-la-liturgia\/processioni\">Processioni<\/a><\/div>\n<div class=\"blocco-descrizione\">Qui troverai tutti gli articoli pensati per accompagnare le processioni religiose.<\/div>\n<\/div>\n<\/div>\n<h2>Madonna della Lettera preghiera<\/h2>\n<p><em>O Vergine Maria,<\/em><br \/>\n<em>donna della luce e della vita,<\/em><br \/>\n<em>dolcissima Madre,<\/em><br \/>\n<em>o Madonna della Lettera,<\/em><br \/>\n<em>siamo davanti a te quali figli devoti<\/em><br \/>\n<em>in contemplazione<\/em><br \/>\n<em>del tuo Figlio, Ges\u00f9,<\/em><br \/>\n<em>che tieni teneramente<\/em><br \/>\n<em>tra le braccia.<\/em><\/p>\n<p><em>Facci innamorare di Cristo.<\/em><br \/>\n<em>poni nel nostro cuore<\/em><br \/>\n<em>un ardente e insaziabile<\/em><br \/>\n<em>desiderio di conoscere,<\/em><br \/>\n<em>di amare e di servire Ges\u00f9,<\/em><br \/>\n<em>Salvatore e Signore<\/em><br \/>\n<em>della nostra vita .<\/em><br \/>\n<em>Ottienici la grazia<\/em><br \/>\n<em>di una vita santa.<\/em><br \/>\n<em>spesa interamente per Dio<\/em><br \/>\n<em>e per i fratelli.<\/em><\/p>\n<p><em>Nel segno<\/em><br \/>\n<em>della nuova evangelizzazione<\/em><br \/>\n<em>noi vogliamo,<\/em><br \/>\n<em>o Madre della Lettera,<\/em><br \/>\n<em>portare a tutti l\u2019annuncio del Vangelo.<\/em><br \/>\n<em>unica verit\u00e0 che libera.<\/em><br \/>\n<em>che promuove umanit\u00e0,<\/em><br \/>\n<em>che d\u00e0 senso alla vita.<\/em><\/p>\n<p><em>Guarda, o Maria,<\/em><br \/>\n<em>questa citt\u00e0 e questa Diocesi:<\/em><br \/>\n<em>il tuo sguardo d\u2019amore<\/em><br \/>\n<em>e di benevolenza<\/em><br \/>\n<em>ci ottenga dal tuo Ges\u00f9<\/em><br \/>\n<em>la grazia di una santit\u00e0 diffusa,<\/em><br \/>\n<em>di un impegno proficuo<\/em><br \/>\n<em>per un sano ed equilibrato<\/em><br \/>\n<em>sviluppo socio-economico,<\/em><br \/>\n<em>per una politica al servizio<\/em><br \/>\n<em>dell\u2019uomo e del territorio.<\/em><br \/>\n<em>per una progettualit\u00e0 ecclesiale<\/em><br \/>\n<em>di comunione effettiva ed affettiva.<\/em><\/p>\n<p><em>Donaci. o Vergine Madre della Lettera,<\/em><br \/>\n<em>il tuo Spirito di fede,<\/em><br \/>\n<em>la forza della tua speranza<\/em><br \/>\n<em>senza smagliature,<\/em><br \/>\n<em>la carica spirituale<\/em><br \/>\n<em>della tua fervida e operosa carit\u00e0<\/em><br \/>\n<em>per essere qui ed oggi<\/em><br \/>\n<em>epifania di Cristo,<\/em><br \/>\n<em>testimonianza credibile del Vangelo.<\/em><\/p>\n<p><em>Sciolgo, oggi, nella preghiera<\/em><br \/>\n<em>e nel proposito di servire<\/em><br \/>\n<em>la causa del Vangelo,<\/em><br \/>\n<em>il mio debito di ringraziamento<\/em><br \/>\n<em>per gli anni splendidi vissuti<\/em><br \/>\n<em>in questa Santa Chiesa di Messina<\/em><br \/>\n<em>sotto il tuo vigile, materno sguardo,<\/em><br \/>\n<em>o clemente, o pia, o dolce Vergine Maria,<\/em><br \/>\n<em>cara, dolcissima Madonna della Lettera.<\/em><\/p>\n","protected":false},"excerpt":{"rendered":"<p>Venerata a Messina e Palmi, la Madonna della Lettera simboleggia un legame spirituale e storico antichissimo. Secondo la tradizione, la Vergine Maria invi\u00f2 una lettera agli abitanti della citt\u00e0, lodando la loro fede e promettendo loro protezione eterna Come molte regioni d&#8217;Italia, la Sicilia riserva&hellip;<\/p>\n","protected":false},"author":1,"featured_media":19983,"comment_status":"closed","ping_status":"open","sticky":false,"template":"","format":"standard","meta":{"_acf_changed":false,"footnotes":""},"categories":[15],"tags":[],"class_list":["post-19979","post","type-post","status-publish","format-standard","has-post-thumbnail","hentry","category-santi-e-beati"],"acf":[],"yoast_head":"<!-- This site is optimized with the Yoast SEO plugin v26.6 - https:\/\/yoast.com\/wordpress\/plugins\/seo\/ -->\n<title>Madonna della Lettera e l&#039;eterna promessa di proteggere Messina - Holyblog<\/title>\n<meta name=\"description\" content=\"Il 3 giugno, Messina ricorda la promessa di protezione della Madonna della Lettera, sua Patrona, con una solenne processione.\" \/>\n<meta name=\"robots\" content=\"index, follow, max-snippet:-1, max-image-preview:large, max-video-preview:-1\" \/>\n<link rel=\"canonical\" href=\"https:\/\/blog.holyart.it\/it\/santi-e-beati\/madonna-della-lettera-e-leterna-promessa-di-proteggere-messina\/\" \/>\n<meta property=\"og:locale\" content=\"it_IT\" \/>\n<meta property=\"og:type\" content=\"article\" \/>\n<meta property=\"og:title\" content=\"Madonna della Lettera e l&#039;eterna promessa di proteggere Messina - Holyblog\" \/>\n<meta property=\"og:description\" content=\"Il 3 giugno, Messina ricorda la promessa di protezione della Madonna della Lettera, sua Patrona, con una solenne processione.\" \/>\n<meta property=\"og:url\" content=\"https:\/\/blog.holyart.it\/it\/santi-e-beati\/madonna-della-lettera-e-leterna-promessa-di-proteggere-messina\/\" \/>\n<meta property=\"og:site_name\" content=\"Holyblog\" \/>\n<meta property=\"article:published_time\" content=\"2024-06-03T08:00:12+00:00\" \/>\n<meta property=\"article:modified_time\" content=\"2025-05-05T14:56:27+00:00\" \/>\n<meta property=\"og:image\" content=\"https:\/\/blog.holyart.it\/it\/wp-content\/uploads\/sites\/17\/2024\/05\/madonna-della-lettera.jpg\" \/>\n\t<meta property=\"og:image:width\" content=\"1000\" \/>\n\t<meta property=\"og:image:height\" content=\"666\" \/>\n\t<meta property=\"og:image:type\" content=\"image\/jpeg\" \/>\n<meta name=\"author\" content=\"Redazione\" \/>\n<meta name=\"twitter:card\" content=\"summary_large_image\" \/>\n<meta name=\"twitter:label1\" content=\"Scritto da\" \/>\n\t<meta name=\"twitter:data1\" content=\"Redazione\" \/>\n\t<meta name=\"twitter:label2\" content=\"Tempo di lettura stimato\" \/>\n\t<meta name=\"twitter:data2\" content=\"8 minuti\" \/>\n<script type=\"application\/ld+json\" class=\"yoast-schema-graph\">{\"@context\":\"https:\/\/schema.org\",\"@graph\":[{\"@type\":\"Article\",\"@id\":\"https:\/\/blog.holyart.it\/it\/santi-e-beati\/madonna-della-lettera-e-leterna-promessa-di-proteggere-messina\/#article\",\"isPartOf\":{\"@id\":\"https:\/\/blog.holyart.it\/it\/santi-e-beati\/madonna-della-lettera-e-leterna-promessa-di-proteggere-messina\/\"},\"author\":{\"name\":\"Redazione\",\"@id\":\"https:\/\/blog.holyart.it\/it\/#\/schema\/person\/0a7b686e5af0f856ec1e390dd0baecda\"},\"headline\":\"Madonna della Lettera e l&#8217;eterna promessa di proteggere Messina\",\"datePublished\":\"2024-06-03T08:00:12+00:00\",\"dateModified\":\"2025-05-05T14:56:27+00:00\",\"mainEntityOfPage\":{\"@id\":\"https:\/\/blog.holyart.it\/it\/santi-e-beati\/madonna-della-lettera-e-leterna-promessa-di-proteggere-messina\/\"},\"wordCount\":1303,\"publisher\":{\"@id\":\"https:\/\/blog.holyart.it\/it\/#organization\"},\"image\":{\"@id\":\"https:\/\/blog.holyart.it\/it\/santi-e-beati\/madonna-della-lettera-e-leterna-promessa-di-proteggere-messina\/#primaryimage\"},\"thumbnailUrl\":\"https:\/\/blog.holyart.it\/it\/wp-content\/uploads\/sites\/17\/2024\/05\/madonna-della-lettera.jpg\",\"articleSection\":[\"Santi e beati\"],\"inLanguage\":\"it-IT\"},{\"@type\":\"WebPage\",\"@id\":\"https:\/\/blog.holyart.it\/it\/santi-e-beati\/madonna-della-lettera-e-leterna-promessa-di-proteggere-messina\/\",\"url\":\"https:\/\/blog.holyart.it\/it\/santi-e-beati\/madonna-della-lettera-e-leterna-promessa-di-proteggere-messina\/\",\"name\":\"Madonna della Lettera e l'eterna promessa di proteggere Messina - Holyblog\",\"isPartOf\":{\"@id\":\"https:\/\/blog.holyart.it\/it\/#website\"},\"primaryImageOfPage\":{\"@id\":\"https:\/\/blog.holyart.it\/it\/santi-e-beati\/madonna-della-lettera-e-leterna-promessa-di-proteggere-messina\/#primaryimage\"},\"image\":{\"@id\":\"https:\/\/blog.holyart.it\/it\/santi-e-beati\/madonna-della-lettera-e-leterna-promessa-di-proteggere-messina\/#primaryimage\"},\"thumbnailUrl\":\"https:\/\/blog.holyart.it\/it\/wp-content\/uploads\/sites\/17\/2024\/05\/madonna-della-lettera.jpg\",\"datePublished\":\"2024-06-03T08:00:12+00:00\",\"dateModified\":\"2025-05-05T14:56:27+00:00\",\"description\":\"Il 3 giugno, Messina ricorda la promessa di protezione della Madonna della Lettera, sua Patrona, con una solenne processione.\",\"breadcrumb\":{\"@id\":\"https:\/\/blog.holyart.it\/it\/santi-e-beati\/madonna-della-lettera-e-leterna-promessa-di-proteggere-messina\/#breadcrumb\"},\"inLanguage\":\"it-IT\",\"potentialAction\":[{\"@type\":\"ReadAction\",\"target\":[\"https:\/\/blog.holyart.it\/it\/santi-e-beati\/madonna-della-lettera-e-leterna-promessa-di-proteggere-messina\/\"]}]},{\"@type\":\"ImageObject\",\"inLanguage\":\"it-IT\",\"@id\":\"https:\/\/blog.holyart.it\/it\/santi-e-beati\/madonna-della-lettera-e-leterna-promessa-di-proteggere-messina\/#primaryimage\",\"url\":\"https:\/\/blog.holyart.it\/it\/wp-content\/uploads\/sites\/17\/2024\/05\/madonna-della-lettera.jpg\",\"contentUrl\":\"https:\/\/blog.holyart.it\/it\/wp-content\/uploads\/sites\/17\/2024\/05\/madonna-della-lettera.jpg\",\"width\":1000,\"height\":666,\"caption\":\"madonna della lettera\"},{\"@type\":\"BreadcrumbList\",\"@id\":\"https:\/\/blog.holyart.it\/it\/santi-e-beati\/madonna-della-lettera-e-leterna-promessa-di-proteggere-messina\/#breadcrumb\",\"itemListElement\":[{\"@type\":\"ListItem\",\"position\":1,\"name\":\"Homepage\",\"item\":\"https:\/\/blog.holyart.it\/it\/\"},{\"@type\":\"ListItem\",\"position\":2,\"name\":\"Santi e beati\",\"item\":\"https:\/\/blog.holyart.it\/it\/santi-e-beati\/\"},{\"@type\":\"ListItem\",\"position\":3,\"name\":\"Madonna della Lettera e l&#8217;eterna promessa di proteggere Messina\"}]},{\"@type\":\"WebSite\",\"@id\":\"https:\/\/blog.holyart.it\/it\/#website\",\"url\":\"https:\/\/blog.holyart.it\/it\/\",\"name\":\"Holyblog\",\"description\":\"Il Blog di Holyart.it\",\"publisher\":{\"@id\":\"https:\/\/blog.holyart.it\/it\/#organization\"},\"potentialAction\":[{\"@type\":\"SearchAction\",\"target\":{\"@type\":\"EntryPoint\",\"urlTemplate\":\"https:\/\/blog.holyart.it\/it\/?s={search_term_string}\"},\"query-input\":{\"@type\":\"PropertyValueSpecification\",\"valueRequired\":true,\"valueName\":\"search_term_string\"}}],\"inLanguage\":\"it-IT\"},{\"@type\":\"Organization\",\"@id\":\"https:\/\/blog.holyart.it\/it\/#organization\",\"name\":\"Holyblog\",\"url\":\"https:\/\/blog.holyart.it\/it\/\",\"logo\":{\"@type\":\"ImageObject\",\"inLanguage\":\"it-IT\",\"@id\":\"https:\/\/blog.holyart.it\/it\/#\/schema\/logo\/image\/\",\"url\":\"https:\/\/blog.holyart.it\/it\/wp-content\/uploads\/sites\/17\/2022\/12\/Holyart_Blog_Logo.jpg\",\"contentUrl\":\"https:\/\/blog.holyart.it\/it\/wp-content\/uploads\/sites\/17\/2022\/12\/Holyart_Blog_Logo.jpg\",\"width\":300,\"height\":50,\"caption\":\"Holyblog\"},\"image\":{\"@id\":\"https:\/\/blog.holyart.it\/it\/#\/schema\/logo\/image\/\"}},{\"@type\":\"Person\",\"@id\":\"https:\/\/blog.holyart.it\/it\/#\/schema\/person\/0a7b686e5af0f856ec1e390dd0baecda\",\"name\":\"Redazione\"}]}<\/script>\n<!-- \/ Yoast SEO plugin. -->","yoast_head_json":{"title":"Madonna della Lettera e l'eterna promessa di proteggere Messina - Holyblog","description":"Il 3 giugno, Messina ricorda la promessa di protezione della Madonna della Lettera, sua Patrona, con una solenne processione.","robots":{"index":"index","follow":"follow","max-snippet":"max-snippet:-1","max-image-preview":"max-image-preview:large","max-video-preview":"max-video-preview:-1"},"canonical":"https:\/\/blog.holyart.it\/it\/santi-e-beati\/madonna-della-lettera-e-leterna-promessa-di-proteggere-messina\/","og_locale":"it_IT","og_type":"article","og_title":"Madonna della Lettera e l'eterna promessa di proteggere Messina - Holyblog","og_description":"Il 3 giugno, Messina ricorda la promessa di protezione della Madonna della Lettera, sua Patrona, con una solenne processione.","og_url":"https:\/\/blog.holyart.it\/it\/santi-e-beati\/madonna-della-lettera-e-leterna-promessa-di-proteggere-messina\/","og_site_name":"Holyblog","article_published_time":"2024-06-03T08:00:12+00:00","article_modified_time":"2025-05-05T14:56:27+00:00","og_image":[{"width":1000,"height":666,"url":"https:\/\/blog.holyart.it\/it\/wp-content\/uploads\/sites\/17\/2024\/05\/madonna-della-lettera.jpg","type":"image\/jpeg"}],"author":"Redazione","twitter_card":"summary_large_image","twitter_misc":{"Scritto da":"Redazione","Tempo di lettura stimato":"8 minuti"},"schema":{"@context":"https:\/\/schema.org","@graph":[{"@type":"Article","@id":"https:\/\/blog.holyart.it\/it\/santi-e-beati\/madonna-della-lettera-e-leterna-promessa-di-proteggere-messina\/#article","isPartOf":{"@id":"https:\/\/blog.holyart.it\/it\/santi-e-beati\/madonna-della-lettera-e-leterna-promessa-di-proteggere-messina\/"},"author":{"name":"Redazione","@id":"https:\/\/blog.holyart.it\/it\/#\/schema\/person\/0a7b686e5af0f856ec1e390dd0baecda"},"headline":"Madonna della Lettera e l&#8217;eterna promessa di proteggere Messina","datePublished":"2024-06-03T08:00:12+00:00","dateModified":"2025-05-05T14:56:27+00:00","mainEntityOfPage":{"@id":"https:\/\/blog.holyart.it\/it\/santi-e-beati\/madonna-della-lettera-e-leterna-promessa-di-proteggere-messina\/"},"wordCount":1303,"publisher":{"@id":"https:\/\/blog.holyart.it\/it\/#organization"},"image":{"@id":"https:\/\/blog.holyart.it\/it\/santi-e-beati\/madonna-della-lettera-e-leterna-promessa-di-proteggere-messina\/#primaryimage"},"thumbnailUrl":"https:\/\/blog.holyart.it\/it\/wp-content\/uploads\/sites\/17\/2024\/05\/madonna-della-lettera.jpg","articleSection":["Santi e beati"],"inLanguage":"it-IT"},{"@type":"WebPage","@id":"https:\/\/blog.holyart.it\/it\/santi-e-beati\/madonna-della-lettera-e-leterna-promessa-di-proteggere-messina\/","url":"https:\/\/blog.holyart.it\/it\/santi-e-beati\/madonna-della-lettera-e-leterna-promessa-di-proteggere-messina\/","name":"Madonna della Lettera e l'eterna promessa di proteggere Messina - Holyblog","isPartOf":{"@id":"https:\/\/blog.holyart.it\/it\/#website"},"primaryImageOfPage":{"@id":"https:\/\/blog.holyart.it\/it\/santi-e-beati\/madonna-della-lettera-e-leterna-promessa-di-proteggere-messina\/#primaryimage"},"image":{"@id":"https:\/\/blog.holyart.it\/it\/santi-e-beati\/madonna-della-lettera-e-leterna-promessa-di-proteggere-messina\/#primaryimage"},"thumbnailUrl":"https:\/\/blog.holyart.it\/it\/wp-content\/uploads\/sites\/17\/2024\/05\/madonna-della-lettera.jpg","datePublished":"2024-06-03T08:00:12+00:00","dateModified":"2025-05-05T14:56:27+00:00","description":"Il 3 giugno, Messina ricorda la promessa di protezione della Madonna della Lettera, sua Patrona, con una solenne processione.","breadcrumb":{"@id":"https:\/\/blog.holyart.it\/it\/santi-e-beati\/madonna-della-lettera-e-leterna-promessa-di-proteggere-messina\/#breadcrumb"},"inLanguage":"it-IT","potentialAction":[{"@type":"ReadAction","target":["https:\/\/blog.holyart.it\/it\/santi-e-beati\/madonna-della-lettera-e-leterna-promessa-di-proteggere-messina\/"]}]},{"@type":"ImageObject","inLanguage":"it-IT","@id":"https:\/\/blog.holyart.it\/it\/santi-e-beati\/madonna-della-lettera-e-leterna-promessa-di-proteggere-messina\/#primaryimage","url":"https:\/\/blog.holyart.it\/it\/wp-content\/uploads\/sites\/17\/2024\/05\/madonna-della-lettera.jpg","contentUrl":"https:\/\/blog.holyart.it\/it\/wp-content\/uploads\/sites\/17\/2024\/05\/madonna-della-lettera.jpg","width":1000,"height":666,"caption":"madonna della lettera"},{"@type":"BreadcrumbList","@id":"https:\/\/blog.holyart.it\/it\/santi-e-beati\/madonna-della-lettera-e-leterna-promessa-di-proteggere-messina\/#breadcrumb","itemListElement":[{"@type":"ListItem","position":1,"name":"Homepage","item":"https:\/\/blog.holyart.it\/it\/"},{"@type":"ListItem","position":2,"name":"Santi e beati","item":"https:\/\/blog.holyart.it\/it\/santi-e-beati\/"},{"@type":"ListItem","position":3,"name":"Madonna della Lettera e l&#8217;eterna promessa di proteggere Messina"}]},{"@type":"WebSite","@id":"https:\/\/blog.holyart.it\/it\/#website","url":"https:\/\/blog.holyart.it\/it\/","name":"Holyblog","description":"Il Blog di Holyart.it","publisher":{"@id":"https:\/\/blog.holyart.it\/it\/#organization"},"potentialAction":[{"@type":"SearchAction","target":{"@type":"EntryPoint","urlTemplate":"https:\/\/blog.holyart.it\/it\/?s={search_term_string}"},"query-input":{"@type":"PropertyValueSpecification","valueRequired":true,"valueName":"search_term_string"}}],"inLanguage":"it-IT"},{"@type":"Organization","@id":"https:\/\/blog.holyart.it\/it\/#organization","name":"Holyblog","url":"https:\/\/blog.holyart.it\/it\/","logo":{"@type":"ImageObject","inLanguage":"it-IT","@id":"https:\/\/blog.holyart.it\/it\/#\/schema\/logo\/image\/","url":"https:\/\/blog.holyart.it\/it\/wp-content\/uploads\/sites\/17\/2022\/12\/Holyart_Blog_Logo.jpg","contentUrl":"https:\/\/blog.holyart.it\/it\/wp-content\/uploads\/sites\/17\/2022\/12\/Holyart_Blog_Logo.jpg","width":300,"height":50,"caption":"Holyblog"},"image":{"@id":"https:\/\/blog.holyart.it\/it\/#\/schema\/logo\/image\/"}},{"@type":"Person","@id":"https:\/\/blog.holyart.it\/it\/#\/schema\/person\/0a7b686e5af0f856ec1e390dd0baecda","name":"Redazione"}]}},"_links":{"self":[{"href":"https:\/\/blog.holyart.it\/it\/wp-json\/wp\/v2\/posts\/19979","targetHints":{"allow":["GET"]}}],"collection":[{"href":"https:\/\/blog.holyart.it\/it\/wp-json\/wp\/v2\/posts"}],"about":[{"href":"https:\/\/blog.holyart.it\/it\/wp-json\/wp\/v2\/types\/post"}],"author":[{"embeddable":true,"href":"https:\/\/blog.holyart.it\/it\/wp-json\/wp\/v2\/users\/1"}],"replies":[{"embeddable":true,"href":"https:\/\/blog.holyart.it\/it\/wp-json\/wp\/v2\/comments?post=19979"}],"version-history":[{"count":3,"href":"https:\/\/blog.holyart.it\/it\/wp-json\/wp\/v2\/posts\/19979\/revisions"}],"predecessor-version":[{"id":19987,"href":"https:\/\/blog.holyart.it\/it\/wp-json\/wp\/v2\/posts\/19979\/revisions\/19987"}],"wp:featuredmedia":[{"embeddable":true,"href":"https:\/\/blog.holyart.it\/it\/wp-json\/wp\/v2\/media\/19983"}],"wp:attachment":[{"href":"https:\/\/blog.holyart.it\/it\/wp-json\/wp\/v2\/media?parent=19979"}],"wp:term":[{"taxonomy":"category","embeddable":true,"href":"https:\/\/blog.holyart.it\/it\/wp-json\/wp\/v2\/categories?post=19979"},{"taxonomy":"post_tag","embeddable":true,"href":"https:\/\/blog.holyart.it\/it\/wp-json\/wp\/v2\/tags?post=19979"}],"curies":[{"name":"wp","href":"https:\/\/api.w.org\/{rel}","templated":true}]}}