{"id":199,"date":"2016-08-28T16:03:45","date_gmt":"2016-08-28T14:03:45","guid":{"rendered":"https:\/\/blog.holyart.it\/it\/?p=199"},"modified":"2016-10-20T16:04:34","modified_gmt":"2016-10-20T14:04:34","slug":"madonna-di-fatima","status":"publish","type":"post","link":"https:\/\/blog.holyart.it\/it\/santi-e-beati\/madonna-di-fatima\/","title":{"rendered":"Madonna di Fatima"},"content":{"rendered":"<p>La <strong>Madonna di Fatima<\/strong>, o <strong>Nostra Signora di F\u00e1tima<\/strong> (Nossa Senhora de F\u00e1tima), \u00e8 uno degli appellativi con i quali viene conosciuta e adorata in tutto il mondo Maria, <strong>madre di Ges\u00f9<\/strong>.<\/p>\n<p>Deriva dalla cittadina portoghese di F\u00e1tima, dove agli inizi del &#8216;900 ebbero luogo alcune delle apparizioni mariane pi\u00f9 famose. Il 13 maggio 1917 i fratellini Francisco e Giacinta Marto rispettivamente di 9 e 7 anni, e la loro cugina Lucia dos Santos di 10 anni, tutti pastorelli, raccontarono di aver visto una nube planare accanto al luogo in cui stavano pascolando gli armenti, e all&#8217;interno della nube apparire la figura di <strong>una donna vestita di bianco che recava in mano un rosario<\/strong>. Compresero subito di avere davanti la <strong>Madonna<\/strong>, che si rivolse loro gentilmente.<\/p>\n<p>La <strong>Madonna di Fatima<\/strong> chiese loro di ritornare in quel luogo nei mesi successivi, sempre il giorno 13. In occasione di quegli incontri la <strong>Madonna di Fatima<\/strong> rivel\u00f2 ai bambini fatti sorprendenti che avrebbero avuto luogo, come <strong>la fine della prima guerra mondiale<\/strong> e <strong>la minaccia di una seconda guerra ancora pi\u00f9 terribile<\/strong>.<\/p>\n<p>Altri rivelazioni riguardavano l&#8217;<strong>assetto politico del mondo<\/strong>, <strong>l&#8217;avvento della Russia comunista<\/strong>, contro la quale solo il Papa e il Clero unito avrebbero potuto porre un freno. La <strong>Madonna di Fatima<\/strong> annunci\u00f2 anche un evento prodigioso che avrebbe avuto luogo il 13 ottobre 1917. Molte migliaia di fedeli e parecchi scettici si recarono nel luogo indicato dai pastorelli e assistettero a quello che \u00e8 diventato famoso come &#8220;<strong>miracolo del sole<\/strong>&#8220;. Quel giorno stava piovendo, ma all&#8217;improvviso la pioggia cess\u00f2 e le spesse nubi si aprirono, rivelando il sole, che inizi\u00f2 a roteare su se stesso, mutando colore e dimensioni, diventando sempre pi\u00f9 grande, come se stesse precipitando.<\/p>\n<p>Il messaggio della <strong>Madonna di Fatima<\/strong> \u00e8 un invito alla penitenza e alla preghiera, all&#8217;amore e alla fiducia in Dio.<\/p>\n<p>Nel 1930 la Chiesa cattolica riconobbe la natura sovrannaturale delle apparizioni della <strong>Madonna di Fatima<\/strong> e ne autorizz\u00f2 il culto. In onore della <strong>Madonna di Fatima<\/strong> venne edificato un <strong>santuario<\/strong>, tuttora meta di pellegrinaggio da parte di fedeli da tutto il mondo.<\/p>\n<p>Se sei interessato ad acquistare una <strong><a title=\"Madonna di Fatima con colombe resina varie misure\" href=\"http:\/\/www.holyart.it\/it\/articoli-religiosi\/statue\/statue-in-resina-e-pvc\/madonna-di-fatima-con-colombe-resina-varie-misure\">Statua della Madonna di Fatima<\/a><\/strong>, su <a title=\"Statue della Madonna\" href=\"http:\/\/www.holyart.it\/articoli\/statue-madonna.php\"><strong>Holyart<\/strong><\/a> puoi trovarne di diverse dimensioni e materiali.<\/p>\n","protected":false},"excerpt":{"rendered":"<p>La Madonna di Fatima, o Nostra Signora di F\u00e1tima (Nossa Senhora de F\u00e1tima), \u00e8 uno degli appellativi con i quali viene conosciuta e adorata in tutto il mondo Maria, madre di Ges\u00f9. Deriva dalla cittadina portoghese di F\u00e1tima, dove agli inizi del &#8216;900 ebbero luogo&hellip;<\/p>\n","protected":false},"author":1,"featured_media":202,"comment_status":"closed","ping_status":"open","sticky":false,"template":"","format":"standard","meta":{"_acf_changed":false,"footnotes":""},"categories":[15],"tags":[],"class_list":["post-199","post","type-post","status-publish","format-standard","has-post-thumbnail","hentry","category-santi-e-beati"],"acf":[],"yoast_head":"<!-- This site is optimized with the Yoast SEO plugin v26.6 - https:\/\/yoast.com\/wordpress\/plugins\/seo\/ -->\n<title>Madonna di Fatima - Holyblog<\/title>\n<meta name=\"description\" content=\"La Madonna di Fatima, o Nostra Signora di F\u00e1tima \u00e8 uno degli appellativi con i quali viene conosciuta e adorata in tutto il mondo Maria, madre di Ges\u00f9.\" \/>\n<meta name=\"robots\" content=\"index, follow, max-snippet:-1, max-image-preview:large, max-video-preview:-1\" \/>\n<link rel=\"canonical\" href=\"https:\/\/blog.holyart.it\/it\/santi-e-beati\/madonna-di-fatima\/\" \/>\n<meta property=\"og:locale\" content=\"it_IT\" \/>\n<meta property=\"og:type\" content=\"article\" \/>\n<meta property=\"og:title\" content=\"Madonna di Fatima - Holyblog\" \/>\n<meta property=\"og:description\" content=\"La Madonna di Fatima, o Nostra Signora di F\u00e1tima \u00e8 uno degli appellativi con i quali viene conosciuta e adorata in tutto il mondo Maria, madre di Ges\u00f9.\" \/>\n<meta property=\"og:url\" content=\"https:\/\/blog.holyart.it\/it\/santi-e-beati\/madonna-di-fatima\/\" \/>\n<meta property=\"og:site_name\" content=\"Holyblog\" \/>\n<meta property=\"article:published_time\" content=\"2016-08-28T14:03:45+00:00\" \/>\n<meta property=\"article:modified_time\" content=\"2016-10-20T14:04:34+00:00\" \/>\n<meta property=\"og:image\" content=\"https:\/\/blog.holyart.it\/it\/wp-content\/uploads\/sites\/17\/2016\/10\/Madonna-di-Fatima.jpg\" \/>\n\t<meta property=\"og:image:width\" content=\"1000\" \/>\n\t<meta property=\"og:image:height\" content=\"667\" \/>\n\t<meta property=\"og:image:type\" content=\"image\/jpeg\" \/>\n<meta name=\"author\" content=\"Redazione\" \/>\n<meta name=\"twitter:card\" content=\"summary_large_image\" \/>\n<meta name=\"twitter:label1\" content=\"Scritto da\" \/>\n\t<meta name=\"twitter:data1\" content=\"Redazione\" \/>\n\t<meta name=\"twitter:label2\" content=\"Tempo di lettura stimato\" \/>\n\t<meta name=\"twitter:data2\" content=\"2 minuti\" \/>\n<script type=\"application\/ld+json\" class=\"yoast-schema-graph\">{\"@context\":\"https:\/\/schema.org\",\"@graph\":[{\"@type\":\"Article\",\"@id\":\"https:\/\/blog.holyart.it\/it\/santi-e-beati\/madonna-di-fatima\/#article\",\"isPartOf\":{\"@id\":\"https:\/\/blog.holyart.it\/it\/santi-e-beati\/madonna-di-fatima\/\"},\"author\":{\"name\":\"Redazione\",\"@id\":\"https:\/\/blog.holyart.it\/it\/#\/schema\/person\/0a7b686e5af0f856ec1e390dd0baecda\"},\"headline\":\"Madonna di Fatima\",\"datePublished\":\"2016-08-28T14:03:45+00:00\",\"dateModified\":\"2016-10-20T14:04:34+00:00\",\"mainEntityOfPage\":{\"@id\":\"https:\/\/blog.holyart.it\/it\/santi-e-beati\/madonna-di-fatima\/\"},\"wordCount\":361,\"publisher\":{\"@id\":\"https:\/\/blog.holyart.it\/it\/#organization\"},\"image\":{\"@id\":\"https:\/\/blog.holyart.it\/it\/santi-e-beati\/madonna-di-fatima\/#primaryimage\"},\"thumbnailUrl\":\"https:\/\/blog.holyart.it\/it\/wp-content\/uploads\/sites\/17\/2016\/10\/Madonna-di-Fatima.jpg\",\"articleSection\":[\"Santi e beati\"],\"inLanguage\":\"it-IT\"},{\"@type\":\"WebPage\",\"@id\":\"https:\/\/blog.holyart.it\/it\/santi-e-beati\/madonna-di-fatima\/\",\"url\":\"https:\/\/blog.holyart.it\/it\/santi-e-beati\/madonna-di-fatima\/\",\"name\":\"Madonna di Fatima - Holyblog\",\"isPartOf\":{\"@id\":\"https:\/\/blog.holyart.it\/it\/#website\"},\"primaryImageOfPage\":{\"@id\":\"https:\/\/blog.holyart.it\/it\/santi-e-beati\/madonna-di-fatima\/#primaryimage\"},\"image\":{\"@id\":\"https:\/\/blog.holyart.it\/it\/santi-e-beati\/madonna-di-fatima\/#primaryimage\"},\"thumbnailUrl\":\"https:\/\/blog.holyart.it\/it\/wp-content\/uploads\/sites\/17\/2016\/10\/Madonna-di-Fatima.jpg\",\"datePublished\":\"2016-08-28T14:03:45+00:00\",\"dateModified\":\"2016-10-20T14:04:34+00:00\",\"description\":\"La Madonna di Fatima, o Nostra Signora di F\u00e1tima \u00e8 uno degli appellativi con i quali viene conosciuta e adorata in tutto il mondo Maria, madre di Ges\u00f9.\",\"breadcrumb\":{\"@id\":\"https:\/\/blog.holyart.it\/it\/santi-e-beati\/madonna-di-fatima\/#breadcrumb\"},\"inLanguage\":\"it-IT\",\"potentialAction\":[{\"@type\":\"ReadAction\",\"target\":[\"https:\/\/blog.holyart.it\/it\/santi-e-beati\/madonna-di-fatima\/\"]}]},{\"@type\":\"ImageObject\",\"inLanguage\":\"it-IT\",\"@id\":\"https:\/\/blog.holyart.it\/it\/santi-e-beati\/madonna-di-fatima\/#primaryimage\",\"url\":\"https:\/\/blog.holyart.it\/it\/wp-content\/uploads\/sites\/17\/2016\/10\/Madonna-di-Fatima.jpg\",\"contentUrl\":\"https:\/\/blog.holyart.it\/it\/wp-content\/uploads\/sites\/17\/2016\/10\/Madonna-di-Fatima.jpg\",\"width\":1000,\"height\":667,\"caption\":\"Madonna di Fatima\"},{\"@type\":\"BreadcrumbList\",\"@id\":\"https:\/\/blog.holyart.it\/it\/santi-e-beati\/madonna-di-fatima\/#breadcrumb\",\"itemListElement\":[{\"@type\":\"ListItem\",\"position\":1,\"name\":\"Homepage\",\"item\":\"https:\/\/blog.holyart.it\/it\/\"},{\"@type\":\"ListItem\",\"position\":2,\"name\":\"Santi e beati\",\"item\":\"https:\/\/blog.holyart.it\/it\/santi-e-beati\/\"},{\"@type\":\"ListItem\",\"position\":3,\"name\":\"Madonna di Fatima\"}]},{\"@type\":\"WebSite\",\"@id\":\"https:\/\/blog.holyart.it\/it\/#website\",\"url\":\"https:\/\/blog.holyart.it\/it\/\",\"name\":\"Holyblog\",\"description\":\"Il Blog di Holyart.it\",\"publisher\":{\"@id\":\"https:\/\/blog.holyart.it\/it\/#organization\"},\"potentialAction\":[{\"@type\":\"SearchAction\",\"target\":{\"@type\":\"EntryPoint\",\"urlTemplate\":\"https:\/\/blog.holyart.it\/it\/?s={search_term_string}\"},\"query-input\":{\"@type\":\"PropertyValueSpecification\",\"valueRequired\":true,\"valueName\":\"search_term_string\"}}],\"inLanguage\":\"it-IT\"},{\"@type\":\"Organization\",\"@id\":\"https:\/\/blog.holyart.it\/it\/#organization\",\"name\":\"Holyblog\",\"url\":\"https:\/\/blog.holyart.it\/it\/\",\"logo\":{\"@type\":\"ImageObject\",\"inLanguage\":\"it-IT\",\"@id\":\"https:\/\/blog.holyart.it\/it\/#\/schema\/logo\/image\/\",\"url\":\"https:\/\/blog.holyart.it\/it\/wp-content\/uploads\/sites\/17\/2022\/12\/Holyart_Blog_Logo.jpg\",\"contentUrl\":\"https:\/\/blog.holyart.it\/it\/wp-content\/uploads\/sites\/17\/2022\/12\/Holyart_Blog_Logo.jpg\",\"width\":300,\"height\":50,\"caption\":\"Holyblog\"},\"image\":{\"@id\":\"https:\/\/blog.holyart.it\/it\/#\/schema\/logo\/image\/\"}},{\"@type\":\"Person\",\"@id\":\"https:\/\/blog.holyart.it\/it\/#\/schema\/person\/0a7b686e5af0f856ec1e390dd0baecda\",\"name\":\"Redazione\"}]}<\/script>\n<!-- \/ Yoast SEO plugin. -->","yoast_head_json":{"title":"Madonna di Fatima - Holyblog","description":"La Madonna di Fatima, o Nostra Signora di F\u00e1tima \u00e8 uno degli appellativi con i quali viene conosciuta e adorata in tutto il mondo Maria, madre di Ges\u00f9.","robots":{"index":"index","follow":"follow","max-snippet":"max-snippet:-1","max-image-preview":"max-image-preview:large","max-video-preview":"max-video-preview:-1"},"canonical":"https:\/\/blog.holyart.it\/it\/santi-e-beati\/madonna-di-fatima\/","og_locale":"it_IT","og_type":"article","og_title":"Madonna di Fatima - Holyblog","og_description":"La Madonna di Fatima, o Nostra Signora di F\u00e1tima \u00e8 uno degli appellativi con i quali viene conosciuta e adorata in tutto il mondo Maria, madre di Ges\u00f9.","og_url":"https:\/\/blog.holyart.it\/it\/santi-e-beati\/madonna-di-fatima\/","og_site_name":"Holyblog","article_published_time":"2016-08-28T14:03:45+00:00","article_modified_time":"2016-10-20T14:04:34+00:00","og_image":[{"width":1000,"height":667,"url":"https:\/\/blog.holyart.it\/it\/wp-content\/uploads\/sites\/17\/2016\/10\/Madonna-di-Fatima.jpg","type":"image\/jpeg"}],"author":"Redazione","twitter_card":"summary_large_image","twitter_misc":{"Scritto da":"Redazione","Tempo di lettura stimato":"2 minuti"},"schema":{"@context":"https:\/\/schema.org","@graph":[{"@type":"Article","@id":"https:\/\/blog.holyart.it\/it\/santi-e-beati\/madonna-di-fatima\/#article","isPartOf":{"@id":"https:\/\/blog.holyart.it\/it\/santi-e-beati\/madonna-di-fatima\/"},"author":{"name":"Redazione","@id":"https:\/\/blog.holyart.it\/it\/#\/schema\/person\/0a7b686e5af0f856ec1e390dd0baecda"},"headline":"Madonna di Fatima","datePublished":"2016-08-28T14:03:45+00:00","dateModified":"2016-10-20T14:04:34+00:00","mainEntityOfPage":{"@id":"https:\/\/blog.holyart.it\/it\/santi-e-beati\/madonna-di-fatima\/"},"wordCount":361,"publisher":{"@id":"https:\/\/blog.holyart.it\/it\/#organization"},"image":{"@id":"https:\/\/blog.holyart.it\/it\/santi-e-beati\/madonna-di-fatima\/#primaryimage"},"thumbnailUrl":"https:\/\/blog.holyart.it\/it\/wp-content\/uploads\/sites\/17\/2016\/10\/Madonna-di-Fatima.jpg","articleSection":["Santi e beati"],"inLanguage":"it-IT"},{"@type":"WebPage","@id":"https:\/\/blog.holyart.it\/it\/santi-e-beati\/madonna-di-fatima\/","url":"https:\/\/blog.holyart.it\/it\/santi-e-beati\/madonna-di-fatima\/","name":"Madonna di Fatima - Holyblog","isPartOf":{"@id":"https:\/\/blog.holyart.it\/it\/#website"},"primaryImageOfPage":{"@id":"https:\/\/blog.holyart.it\/it\/santi-e-beati\/madonna-di-fatima\/#primaryimage"},"image":{"@id":"https:\/\/blog.holyart.it\/it\/santi-e-beati\/madonna-di-fatima\/#primaryimage"},"thumbnailUrl":"https:\/\/blog.holyart.it\/it\/wp-content\/uploads\/sites\/17\/2016\/10\/Madonna-di-Fatima.jpg","datePublished":"2016-08-28T14:03:45+00:00","dateModified":"2016-10-20T14:04:34+00:00","description":"La Madonna di Fatima, o Nostra Signora di F\u00e1tima \u00e8 uno degli appellativi con i quali viene conosciuta e adorata in tutto il mondo Maria, madre di Ges\u00f9.","breadcrumb":{"@id":"https:\/\/blog.holyart.it\/it\/santi-e-beati\/madonna-di-fatima\/#breadcrumb"},"inLanguage":"it-IT","potentialAction":[{"@type":"ReadAction","target":["https:\/\/blog.holyart.it\/it\/santi-e-beati\/madonna-di-fatima\/"]}]},{"@type":"ImageObject","inLanguage":"it-IT","@id":"https:\/\/blog.holyart.it\/it\/santi-e-beati\/madonna-di-fatima\/#primaryimage","url":"https:\/\/blog.holyart.it\/it\/wp-content\/uploads\/sites\/17\/2016\/10\/Madonna-di-Fatima.jpg","contentUrl":"https:\/\/blog.holyart.it\/it\/wp-content\/uploads\/sites\/17\/2016\/10\/Madonna-di-Fatima.jpg","width":1000,"height":667,"caption":"Madonna di Fatima"},{"@type":"BreadcrumbList","@id":"https:\/\/blog.holyart.it\/it\/santi-e-beati\/madonna-di-fatima\/#breadcrumb","itemListElement":[{"@type":"ListItem","position":1,"name":"Homepage","item":"https:\/\/blog.holyart.it\/it\/"},{"@type":"ListItem","position":2,"name":"Santi e beati","item":"https:\/\/blog.holyart.it\/it\/santi-e-beati\/"},{"@type":"ListItem","position":3,"name":"Madonna di Fatima"}]},{"@type":"WebSite","@id":"https:\/\/blog.holyart.it\/it\/#website","url":"https:\/\/blog.holyart.it\/it\/","name":"Holyblog","description":"Il Blog di Holyart.it","publisher":{"@id":"https:\/\/blog.holyart.it\/it\/#organization"},"potentialAction":[{"@type":"SearchAction","target":{"@type":"EntryPoint","urlTemplate":"https:\/\/blog.holyart.it\/it\/?s={search_term_string}"},"query-input":{"@type":"PropertyValueSpecification","valueRequired":true,"valueName":"search_term_string"}}],"inLanguage":"it-IT"},{"@type":"Organization","@id":"https:\/\/blog.holyart.it\/it\/#organization","name":"Holyblog","url":"https:\/\/blog.holyart.it\/it\/","logo":{"@type":"ImageObject","inLanguage":"it-IT","@id":"https:\/\/blog.holyart.it\/it\/#\/schema\/logo\/image\/","url":"https:\/\/blog.holyart.it\/it\/wp-content\/uploads\/sites\/17\/2022\/12\/Holyart_Blog_Logo.jpg","contentUrl":"https:\/\/blog.holyart.it\/it\/wp-content\/uploads\/sites\/17\/2022\/12\/Holyart_Blog_Logo.jpg","width":300,"height":50,"caption":"Holyblog"},"image":{"@id":"https:\/\/blog.holyart.it\/it\/#\/schema\/logo\/image\/"}},{"@type":"Person","@id":"https:\/\/blog.holyart.it\/it\/#\/schema\/person\/0a7b686e5af0f856ec1e390dd0baecda","name":"Redazione"}]}},"_links":{"self":[{"href":"https:\/\/blog.holyart.it\/it\/wp-json\/wp\/v2\/posts\/199","targetHints":{"allow":["GET"]}}],"collection":[{"href":"https:\/\/blog.holyart.it\/it\/wp-json\/wp\/v2\/posts"}],"about":[{"href":"https:\/\/blog.holyart.it\/it\/wp-json\/wp\/v2\/types\/post"}],"author":[{"embeddable":true,"href":"https:\/\/blog.holyart.it\/it\/wp-json\/wp\/v2\/users\/1"}],"replies":[{"embeddable":true,"href":"https:\/\/blog.holyart.it\/it\/wp-json\/wp\/v2\/comments?post=199"}],"version-history":[{"count":0,"href":"https:\/\/blog.holyart.it\/it\/wp-json\/wp\/v2\/posts\/199\/revisions"}],"wp:featuredmedia":[{"embeddable":true,"href":"https:\/\/blog.holyart.it\/it\/wp-json\/wp\/v2\/media\/202"}],"wp:attachment":[{"href":"https:\/\/blog.holyart.it\/it\/wp-json\/wp\/v2\/media?parent=199"}],"wp:term":[{"taxonomy":"category","embeddable":true,"href":"https:\/\/blog.holyart.it\/it\/wp-json\/wp\/v2\/categories?post=199"},{"taxonomy":"post_tag","embeddable":true,"href":"https:\/\/blog.holyart.it\/it\/wp-json\/wp\/v2\/tags?post=199"}],"curies":[{"name":"wp","href":"https:\/\/api.w.org\/{rel}","templated":true}]}}