{"id":19833,"date":"2024-05-15T10:24:29","date_gmt":"2024-05-15T08:24:29","guid":{"rendered":"https:\/\/blog.holyart.it\/it\/?p=19833"},"modified":"2025-05-06T12:12:32","modified_gmt":"2025-05-06T10:12:32","slug":"san-filippo-neri-e-la-nascita-delloratorio","status":"publish","type":"post","link":"https:\/\/blog.holyart.it\/it\/santi-e-beati\/san-filippo-neri-e-la-nascita-delloratorio\/","title":{"rendered":"San Filippo Neri e la nascita dell&#8217;Oratorio"},"content":{"rendered":"<h4>San Filippo Neri serv\u00ec Dio e gli uomini con devozione, gioia e un calore straordinario. Apostolo di Roma e Santo della Gioia, cre\u00f2 il concetto di oratorio come lo conosciamo oggi<\/h4>\n\n<p>Nel cuore pulsante della Roma rinascimentale, una figura unica e sorprendente si distingueva tra i palazzi e le piazze affollate. Era\u00a0<strong>San Filippo Neri<\/strong>, un uomo con un ardente desiderio di condividere la gioia del Vangelo con tutti coloro che incontrava.\u00a0<em>Impazzito per il Signore<\/em>, si definiva lui stesso. La sua metodologia di evangelizzazione non era basata su complesse argomentazioni teologiche o sulla condanna delle masse, ma su un\u00a0<strong>incontro personale e gioioso con Ges\u00f9 Cristo<\/strong>, fonte di senso e bellezza nella vita di ogni individuo. \u00c8 a San Filippo Neri che dobbiamo l&#8217;origine dell&#8217;<strong>oratorio<\/strong>.<br \/>\nPer chi ha ricevuto un&#8217;educazione religiosa e ha frequentato la chiesa, seguito il catechismo, il termine oratorio \u00e8 noto e di uso comune. Oggi l&#8217;oratorio \u00e8 il luogo deputato all&#8217;<a href=\"https:\/\/www.holyart.it\/blog\/articoli-religiosi\/giornata-mondiale-della-gioventu-il-papa-riunisce-i-giovani-di-tutto-il-mondo\/\"><strong>educazione cristiana dei giovani e dei bambini<\/strong><\/a>, solitamente seguiti da ragazzi poco pi\u00f9 vecchi, che fungono da educatori e animatori. All&#8217;oratorio si parla di Ges\u00f9 e della religione, ma si gioca anche insieme, si intraprendono attivit\u00e0 comunitaria, ci si impara a conoscere e a crescere come una comunit\u00e0. Ma da dove nasce l&#8217;idea di oratorio? In origine gli oratori erano solo dei piccoli santuari dove ci si poteva raccogliere in preghiera. Infatti la parola oratorio deriva dal latino orare, pregare.<\/p>\n<div class=\"link-article\">\n<p><img loading=\"lazy\" decoding=\"async\" class=\"size-full wp-image-19837 alignleft\" src=\"https:\/\/blog.holyart.it\/it\/wp-content\/uploads\/sites\/17\/2024\/04\/giornata-mondiale-della-gioventu.jpg\" alt=\"giornata mondiale della giovent\u00f9\" width=\"150\" height=\"99\" data-kale-share-title=\"San Filippo Neri e la nascita dell\u2019Oratorio\" data-kale-share-url=\"https:\/\/blog.holyart.it\/it\/?p=19833\" \/><\/p>\n<div class=\"leggi-anche\">Leggi anche:<\/div>\n<p><strong><a href=\"https:\/\/www.holyart.it\/blog\/articoli-religiosi\/giornata-mondiale-della-gioventu-il-papa-riunisce-i-giovani-di-tutto-il-mondo\/\">Giornata Mondiale della Giovent\u00f9: il Papa riunisce i giovani di tutto il mondo<\/a><\/strong><br \/>\nLa Giornata Mondiale della Giovent\u00f9 rappresenta un evento&#8230;<\/p>\n<\/div>\n<p>La concezione moderna degli oratori prende vita proprio con Don Filippo Neri, intorno al 1550, quando egli accolse intorno a s\u00e9 i ragazzi poveri, maschi e femmine indistintamente, avvicinandoli alle celebrazioni liturgiche, ma facendoli anche divertire, con canzoni e giochi che li tenevano lontani dai pericoli della strada.<\/p>\n<p>San Filippo Neri, dopo la sua morte nel 1595, fu proclamato\u00a0<strong>santo nel 1622<\/strong>, durante il pontificato di Papa Gregorio XV. Da allora, \u00e8 stato venerato come una sorta di\u00a0<strong>compatrono ufficioso di Roma<\/strong>, citt\u00e0 che ha amato e servito con passione per tutta la vita. Le sue reliquie sono diffuse in numerose chiese, e le sue spoglie sono state traslate e venerate nella cappella della chiesa di Santa Maria in Vallicella dal 1602. La sua memoria liturgica, come da tradizione, \u00e8 celebrata il\u00a0<strong>26 maggio<\/strong> di ogni anno.<\/p>\n<p>Ma <a href=\"https:\/\/www.holyart.it\/it\/articoli-religiosi\/libri-e-testi-sacri\/libri-per-bambini-e-ragazzi\/san-filippo-neri-libro-per-bambini\"><strong>chi era San Filippo Neri<\/strong><\/a>, e perch\u00e9 il suo operato \u00e8 stato cos\u00ec importante non solo per i suoi contemporanei, ma per chi \u00e8 venuto dopo di lui?<\/p>\n<div class=\"link-product\">\n<div class=\"blocco-immagine\"><img loading=\"lazy\" decoding=\"async\" class=\"size-full wp-image-19838 alignleft\" src=\"https:\/\/blog.holyart.it\/it\/wp-content\/uploads\/sites\/17\/2024\/04\/san-filippo-neri-libro-per-bambini.jpg\" alt=\"san filippo neri libro per bambini\" width=\"100\" height=\"100\" data-kale-share-title=\"San Filippo Neri e la nascita dell\u2019Oratorio\" data-kale-share-url=\"https:\/\/blog.holyart.it\/it\/?p=19833\" \/><\/div>\n<div class=\"blocco-contenuto\">\n<div class=\"blocco-acquista\">Acquista su Holyart:<\/div>\n<div class=\"blocco-titolo\"><a href=\"https:\/\/www.holyart.it\/it\/articoli-religiosi\/libri-e-testi-sacri\/libri-per-bambini-e-ragazzi\/san-filippo-neri-libro-per-bambini\">San Filippo Neri libro per bambini<\/a><\/div>\n<div class=\"blocco-descrizione\">Per avvicinare i bambini alle storie dei Santi e testimoni pi\u00f9 amati.<\/div>\n<\/div>\n<\/div>\n<h2>Il secondo Apostolo di Roma<\/h2>\n<p>Filippo Neri trascorse la vita a diffondere\u00a0<strong>l&#8217;amore e la gioia del Vangelo<\/strong>\u00a0nelle strade e nelle piazze della <a href=\"https:\/\/www.holyart.it\/blog\/articoli-religiosi\/pellegrinaggio-a-roma-tra-le-mete-preferite-dei-cristiani\/\"><strong>Citt\u00e0 Eterna<\/strong><\/a>, guadagnandosi il titolo di\u00a0<strong>Apostolo di Roma<\/strong>. Ma questo luminoso servo di Dio\u00a0non era stato sempre un uomo di Chiesa. Nato il 21 luglio 1515 a Firenze, in una famiglia benestante di notai, Filippo manifest\u00f2 fin da piccolo\u00a0<strong>un&#8217;indole buona, gioiosa e altruista<\/strong>\u00a0e una naturale propensione per gli ambienti ecclesiastici, che lo portava a frequentare assiduamente il\u00a0<strong>convento domenicano di San Marco<\/strong>.<\/p>\n<div class=\"link-article\">\n<p><img loading=\"lazy\" decoding=\"async\" class=\"size-full wp-image-19839 alignleft\" src=\"https:\/\/blog.holyart.it\/it\/wp-content\/uploads\/sites\/17\/2024\/04\/pellegrinaggio-a-roma.jpg\" alt=\"pellegrinaggio a roma\" width=\"150\" height=\"99\" data-kale-share-title=\"San Filippo Neri e la nascita dell\u2019Oratorio\" data-kale-share-url=\"https:\/\/blog.holyart.it\/it\/?p=19833\" \/><\/p>\n<div class=\"leggi-anche\">Leggi anche:<\/div>\n<p><strong><a href=\"https:\/\/www.holyart.it\/blog\/articoli-religiosi\/pellegrinaggio-a-roma-tra-le-mete-preferite-dei-cristiani\/\">Pellegrinaggio a Roma: tra le mete preferite dei cristiani<\/a><\/strong><br \/>\nUn pellegrinaggio a Roma \u00e8 da sempre una delle esperienze spirituali pi\u00f9 significative per i cristiani&#8230;<\/p>\n<\/div>\n<p>Invitato da uno zio a\u00a0<strong>Montecassino<\/strong>, appena diciottenne intraprese l&#8217;attivit\u00e0 commerciale, ma il suo cuore e la sua anima seguitavano ad anelare alla contemplazione e alla preghiera, spingendolo a disertare il lavoro e la compagnia dei coetanei per smarrirsi nella natura, vera manifestazione del potere e dell&#8217;amore di Dio.<br \/>\nSpinto da questo desiderio spirituale, lasci\u00f2 ogni cosa e si mise in cammino verso<strong>\u00a0Roma<\/strong>, dove avrebbe trascorso la maggior parte della sua vita, oltre sessant&#8217;anni. Inizialmente si mantenne facendo il precettore, guadagnando quel tanto che bastava per mangiare e frequentare i corsi di teologia e filosofia presso l&#8217;Universit\u00e0 della Sapienza. Il resto del tempo lo passava nelle chiese e soprattutto nelle\u00a0<strong>catacombe<\/strong>, in particolare quelle di <a href=\"https:\/\/www.holyart.it\/blog\/santi-e-beati\/san-sebastiano-e-il-suo-martirio-per-aiutare-i-cristiani-perseguitati\/\"><strong>San Sebastiano<\/strong><\/a>, dove una notte del 1544 la vita di San Filippo Neri cambi\u00f2 per sempre: una sfera di fuoco gli penetr\u00f2 nel petto, facendogli quasi esplodere il cuore. Filippo raccontava che da quel momento il suo petto non aveva pi\u00f9 smesso di ardere d&#8217;amore per Dio e i fratelli, e fu proprio questo fuoco, questo calore, a spingerlo a cominciare la sua\u00a0<strong>opera di predicazione<\/strong> lungo le strade di Roma.<\/p>\n<div class=\"link-article\">\n<p><img loading=\"lazy\" decoding=\"async\" class=\"size-full wp-image-19840 alignleft\" src=\"https:\/\/blog.holyart.it\/it\/wp-content\/uploads\/sites\/17\/2024\/04\/san-sebastiano.jpg\" alt=\"san sebastiano\" width=\"150\" height=\"99\" data-kale-share-title=\"San Filippo Neri e la nascita dell\u2019Oratorio\" data-kale-share-url=\"https:\/\/blog.holyart.it\/it\/?p=19833\" \/><\/p>\n<div class=\"leggi-anche\">Leggi anche:<\/div>\n<p><strong><a href=\"https:\/\/www.holyart.it\/blog\/santi-e-beati\/san-sebastiano-e-il-suo-martirio-per-aiutare-i-cristiani-perseguitati\/\">San Sebastiano e il suo martirio per aiutare i cristiani perseguitati<\/a><\/strong><br \/>\nSan Sebastiano fu un integerrimo militare romano, prima di essere&#8230;<\/p>\n<\/div>\n<p>\u00c8 con quest&#8217;opera di evangelizzazione ambulante, che portava Filippo a parlare con tutti\u00a0 gli abitanti di Roma, anche i pi\u00f9 umili, a recare loro conforto e carit\u00e0, che nasce il\u00a0<strong><a href=\"https:\/\/www.holyart.it\/blog\/articoli-religiosi\/giro-delle-sette-chiese-itinerari-di-pellegrinaggio-per-il-giubileo\/\">giro delle Sette Chiese<\/a><\/strong>\u00a0un affascinante itinerario di devozione praticato ancora oggi da chi si reca a Roma in occasione del Giubileo, che si snoda attraverso circa 20 chilometri, toccando le sette basiliche pi\u00f9 famose di Roma, da San Pietro, a San Paolo fuori le Mura, proseguendo per San Sebastiano, San Giovanni in Laterano, Santa Croce in Gerusalemme, San Lorenzo fuori le Mura, fino a Santa Maria Maggiore.<\/p>\n<div class=\"link-article\">\n<p><img loading=\"lazy\" decoding=\"async\" class=\"size-full wp-image-19841 alignleft\" src=\"https:\/\/blog.holyart.it\/it\/wp-content\/uploads\/sites\/17\/2024\/04\/giro-delle-sette-chiese.jpg\" alt=\"giro delle sette chiese\" width=\"150\" height=\"99\" data-kale-share-title=\"San Filippo Neri e la nascita dell\u2019Oratorio\" data-kale-share-url=\"https:\/\/blog.holyart.it\/it\/?p=19833\" \/><\/p>\n<div class=\"leggi-anche\">Leggi anche:<\/div>\n<p><strong><a href=\"https:\/\/www.holyart.it\/blog\/articoli-religiosi\/giro-delle-sette-chiese-itinerari-di-pellegrinaggio-per-il-giubileo\/\">Giro delle Sette Chiese: itinerari di pellegrinaggio per il Giubileo<\/a><\/strong><br \/>\nIl Giro delle Sette Chiese \u00e8 un antico itinerario devozionale ancora&#8230;<\/p>\n<\/div>\n<p>Insieme al suo confessore Persiano Rosa, nel 1548, Filippo fond\u00f2 la\u00a0<strong>Confraternita della Santissima Trinit\u00e0 dei pellegrini e dei convalescenti<\/strong>, un&#8217;associazione di laici dedicata al servizio dei poveri, degli ammalati e dei bisognosi, nonch\u00e9 alla promozione della spiritualit\u00e0 e della devozione alla Santissima Trinit\u00e0. L&#8217;istituzione di questa confraternita rifletteva la profonda preoccupazione di San Filippo per il benessere spirituale e materiale delle persone che incontrava. Attraverso la Confraternita della Santissima Trinit\u00e0, Filippo e i suoi compagni offrivano un&#8217;opportunit\u00e0 per i fedeli di impegnarsi attivamente nel servizio e nella carit\u00e0 cristiana, seguendo l&#8217;esempio di Ges\u00f9 Cristo. La confraternita organizzava diverse attivit\u00e0 caritatevoli, come la visita ai malati, la distribuzione di cibo e vestiti ai poveri, e l&#8217;assistenza nelle sepolture dei defunti meno fortunati. Inoltre, promuoveva la preghiera e la devozione. Nel\u00a0<strong><a href=\"https:\/\/www.holyart.it\/blog\/articoli-religiosi\/cose-il-giubileo-prepariamoci-a-un-nuovo-anno-santo\/\">Giubileo<\/a> del 1550<\/strong>\u00a0la Congregazione aveva offerto un contributo fondamentale per accogliere, proteggere e aiutare i pellegrini provenienti da tutta Europa.<\/p>\n<div class=\"link-article\">\n<p><img loading=\"lazy\" decoding=\"async\" class=\"size-full wp-image-19842 alignleft\" src=\"https:\/\/blog.holyart.it\/it\/wp-content\/uploads\/sites\/17\/2024\/04\/vaticano.jpg\" alt=\"vaticano\" width=\"150\" height=\"99\" data-kale-share-title=\"San Filippo Neri e la nascita dell\u2019Oratorio\" data-kale-share-url=\"https:\/\/blog.holyart.it\/it\/?p=19833\" \/><\/p>\n<div class=\"leggi-anche\">Leggi anche:<\/div>\n<p><strong><a href=\"https:\/\/www.holyart.it\/blog\/articoli-religiosi\/cose-il-giubileo-prepariamoci-a-un-nuovo-anno-santo\/\">Cos\u2019\u00e8 il Giubileo: prepariamoci a un nuovo Anno Santo<\/a><\/strong><br \/>\nCos\u2019\u00e8 il Giubileo? Ogni quanto viene celebrato? In vista dell\u2019Anno Santo 2025 scopriamo&#8230;<\/p>\n<\/div>\n<p>Il buon cuore di Filippo, la sua indole gioiosa gli procurarono subito un vasto seguito, soprattutto tra i giovani e i giovanissimi, e fu proprio per loro che ide\u00f2 l&#8217;<strong>oratorio<\/strong>, un luogo di ritrovo dove si poteva pregare, ma anche cantare e divertirsi insieme, e dove lui e i suoi seguaci offrivano assistenza ai poveri e ai malati.<\/p>\n<h2>Congregazione dell&#8217;oratorio<\/h2>\n<p>La prima sede dell&#8217;oratorio di San Filippo Neri fu il granaio della Confraternita della Carit\u00e0, nella soffitta della\u00a0<strong>chiesa di San Girolamo della Carit\u00e0<\/strong>, dove Filippo si era stabilito dopo aver preso finalmente i voti.\u00a0 Nell&#8217;oratorio Filippo leggeva la Bibbia, accompagnava uomini di ogni estrazione sociale nella meditazione e nella comprensione delle Sacre Scritture, insegnava ai giovani, e molti di essi divennero sacerdoti grazie a lui. Ma nell&#8217;oratorio si praticava anche il canto sacro, la catechesi e attivit\u00e0 ricreative, proprio come negli oratori moderni, che ospitano attivit\u00e0 culturali e sociali che coinvolgono tutta la comunit\u00e0 locale. Oggi come allora negli oratori si organizzano molte iniziative volte a promuovere la crescita spirituale e il benessere sociale.<\/p>\n<p>L&#8217;aspetto pi\u00f9 importante della missione dell&#8217;oratorio di <a href=\"https:\/\/www.holyart.it\/it\/accessori-per-la-liturgia\/paramenti-liturgici-servizi-altare-coprileggii\/stole-sacerdotali\/stola-san-filippo-neri-e-decorazioni-a-filo-dorato-avorio\"><strong>San Filippo<\/strong><\/a> era quello di promuovere una\u00a0<strong>spiritualit\u00e0 viva e autentica<\/strong>. San Filippo Neri credeva che la vera fede dovesse manifestarsi attraverso l&#8217;amore e il servizio agli altri. L&#8217;oratorio era quindi un luogo dove le persone potevano trovare sostegno e ispirazione per vivere una vita cristiana pi\u00f9 sentita e appagante.<\/p>\n<div class=\"link-product\">\n<div class=\"blocco-immagine\"><img loading=\"lazy\" decoding=\"async\" class=\"size-full wp-image-19843 alignleft\" src=\"https:\/\/blog.holyart.it\/it\/wp-content\/uploads\/sites\/17\/2024\/04\/stola-san-filippo-neri-e-decorazioni-a-filo-dorato-avorio.jpg\" alt=\"stola san filippo neri e decorazioni a filo dorato avorio\" width=\"100\" height=\"100\" data-kale-share-title=\"San Filippo Neri e la nascita dell\u2019Oratorio\" data-kale-share-url=\"https:\/\/blog.holyart.it\/it\/?p=19833\" \/><\/div>\n<div class=\"blocco-contenuto\">\n<div class=\"blocco-acquista\">Acquista su Holyart:<\/div>\n<div class=\"blocco-titolo\"><a href=\"https:\/\/www.holyart.it\/it\/accessori-per-la-liturgia\/paramenti-liturgici-servizi-altare-coprileggii\/stole-sacerdotali\/stola-san-filippo-neri-e-decorazioni-a-filo-dorato-avorio\">Stola San Filippo Neri e decorazioni a filo dorato avorio<\/a><\/div>\n<div class=\"blocco-descrizione\">Stola dedicata al Santo Filippo Neri, ricamato con cura venerante la Madonna.<\/div>\n<\/div>\n<\/div>\n<h2>Il Santo della gioia<\/h2>\n<p>Una delle caratteristiche pi\u00f9 distintive del ministero di San Filippo Neri era la sua\u00a0<strong>gioia contagiosa<\/strong>. Egli credeva fermamente che la gioia fosse un potente\u00a0<strong>strumento di evangelizzazione<\/strong>, poich\u00e9 rifletteva la presenza di Cristo nelle vite delle persone. Attraverso il suo sorriso radioso, il suo spirito allegro e la sua accoglienza calorosa, San Filippo Neri attirava gli altri verso il cuore del Vangelo. Per San Filippo Neri, l&#8217;evangelizzazione non era solo una questione di dottrina, ma di\u00a0<strong>incontro vivo con Ges\u00f9 Cristo<\/strong>. Egli credeva che solo attraverso un rapporto personale con Cristo, ogni individuo avrebbe potuto scoprire il vero significato e la bellezza della vita. Pertanto, il suo metodo si concentrava sulla\u00a0<strong>creazione di opportunit\u00e0<\/strong>\u00a0per gli altri di incontrare Cristo in modo tangibile e significativo.<br \/>\nFilippo abbracciava ogni angolo di Roma con il suo entusiasmo e il suo calore, esplorando chiese, conversando con i pellegrini e portando la sua gioia contagiosa ovunque andasse. La sua presenza era come un raggio di sole in mezzo alle strade polverose e buie della citt\u00e0. Da qui gli appellativi\u00a0<strong>Santo della Gioia<\/strong>\u00a0e\u00a0<strong>Apostolo di Roma<\/strong>, che gli vennero attribuiti dopo la morte, quando inizi\u00f2 il suo culto. Non a caso gli sono stati dedicati ben due film, dai quali emerge proprio questa sua dimensione gioiosa:<\/p>\n<ul>\n<li><strong><em>State buoni se potete<\/em><\/strong> (1983), regia di Luigi Magni, con Johnny Dorelli, Mario Adorf, Philippe Leroy, Renzo Montagnani e Angelo Branduardi, autore anche della splendida colonna sonora;<\/li>\n<li><strong><em>Preferisco il Paradiso<\/em><\/strong>\u00a0(2010), miniserie TV, regia di Giacomo Campiotti, con Gigi Proietti.<\/li>\n<\/ul>\n<p>Altri comportamenti adottati da San Filippo Neri per una vita cristiana piena e autentica erano la\u00a0<strong>tenerezza verso il prossimo<\/strong>, manifestata attraverso gesti gentili e compassione, e la\u00a0<strong>preferenza per le mortificazioni spirituali sulla penitenza fisica<\/strong>, nella lotta contro la vanit\u00e0 e l&#8217;egoismo.<\/p>\n<p>Oltre alla storia di San Filippo Neri anche alcune sue frasi ci trasmettono ancora oggi la dimensione profondamente umana e solare della sua fede e della esistenza vissuta all&#8217;insegna della carit\u00e0 e del servizio agli altri. Eccone alcune\u00a0<strong>frasi di San Filippo Neri<\/strong>:<\/p>\n<p><em>&#8220;Non \u00e8 tempo di dormire, perch\u00e9 il Paradiso non \u00e8 fatto pei poltroni.&#8221;<\/em><\/p>\n<p><em>&#8220;State buoni se potete.&#8221;<\/em><\/p>\n<p><em>&#8220;Non l&#8217;ammazzare [le mosche]; apri la finestra et, collo ferraiolo, cacciale fuora.&#8221;<\/em><\/p>\n<p><em>&#8220;Scrupoli e malinconia, fuori di casa mia.&#8221;<\/em><\/p>\n<p><em>&#8220;Chi vuole altra cosa che non sia Cristo, non sa quel che vuole. Chi domanda altra cosa che non sia Cristo, non sa quello che domanda. Chi non opera per Cristo, non sa quel che fa.&#8221;<\/em><\/p>\n<h2>Preghiera a San Filippo Neri<\/h2>\n<p><em>O mio caro e amato San Filippo,<\/em><br \/>\n<em>Tu che hai conosciuto le tribolazioni della vita<\/em><br \/>\n<em>e quanto sia debole l&#8217;umana natura;<\/em><br \/>\n<em>Tu che sai quanto sia povero e fragile il cuore umano,<\/em><br \/>\n<em>stammi vicino nelle lotte e nei momenti di tentazione.<\/em><\/p>\n<p><em>Tu che hai avuto una simpatia grande\u00a0<\/em><br \/>\n<em>e una compassione tenera verso i fanciulli e i giovani,<\/em><br \/>\n<em>aiuta anche me ad essere amico di tutti,<\/em><br \/>\n<em>simpatico, sereno, semplice e gioioso.<\/em><\/p>\n<p><em>Ottienimi mediante la tua potente intercessione<\/em><br \/>\n<em>la forza necessaria per combattere<\/em><br \/>\n<em>la buona battaglia della fede,<\/em><br \/>\n<em>per essere testimone del mio Dio a tutti.<\/em><\/p>\n<p><em>Dammi la volont\u00e0 per superare me stesso nell\u2019amore,\u00a0<\/em><br \/>\n<em>la gioia di fare bene il mio dovere quotidiano,<\/em><br \/>\n<em>la pace di chi si affida a Dio nella preghiera,<\/em><br \/>\n<em>il sorriso di chi ha Ges\u00f9 nel cuore.<\/em><\/p>\n<p><em>San Filippo Neri,<\/em><br \/>\n<em>prega per noi!<\/em><\/p>\n","protected":false},"excerpt":{"rendered":"<p>San Filippo Neri serv\u00ec Dio e gli uomini con devozione, gioia e un calore straordinario. Apostolo di Roma e Santo della Gioia, cre\u00f2 il concetto di oratorio come lo conosciamo oggi Nel cuore pulsante della Roma rinascimentale, una figura unica e sorprendente si distingueva tra&hellip;<\/p>\n","protected":false},"author":1,"featured_media":19890,"comment_status":"closed","ping_status":"open","sticky":false,"template":"","format":"standard","meta":{"_acf_changed":false,"footnotes":""},"categories":[15],"tags":[],"class_list":["post-19833","post","type-post","status-publish","format-standard","has-post-thumbnail","hentry","category-santi-e-beati"],"acf":[],"yoast_head":"<!-- This site is optimized with the Yoast SEO plugin v26.6 - https:\/\/yoast.com\/wordpress\/plugins\/seo\/ -->\n<title>San Filippo Neri e la nascita dell&#039;Oratorio - Holyblog<\/title>\n<meta name=\"description\" content=\"San Filippo Neri \u00e8 stato un sacerdote e un santo italiano, famoso per aver fondato la Congregazione dell\u2019Oratorio.\" \/>\n<meta name=\"robots\" content=\"index, follow, max-snippet:-1, max-image-preview:large, max-video-preview:-1\" \/>\n<link rel=\"canonical\" href=\"https:\/\/blog.holyart.it\/it\/santi-e-beati\/san-filippo-neri-e-la-nascita-delloratorio\/\" \/>\n<meta property=\"og:locale\" content=\"it_IT\" \/>\n<meta property=\"og:type\" content=\"article\" \/>\n<meta property=\"og:title\" content=\"San Filippo Neri e la nascita dell&#039;Oratorio - Holyblog\" \/>\n<meta property=\"og:description\" content=\"San Filippo Neri \u00e8 stato un sacerdote e un santo italiano, famoso per aver fondato la Congregazione dell\u2019Oratorio.\" \/>\n<meta property=\"og:url\" content=\"https:\/\/blog.holyart.it\/it\/santi-e-beati\/san-filippo-neri-e-la-nascita-delloratorio\/\" \/>\n<meta property=\"og:site_name\" content=\"Holyblog\" \/>\n<meta property=\"article:published_time\" content=\"2024-05-15T08:24:29+00:00\" \/>\n<meta property=\"article:modified_time\" content=\"2025-05-06T10:12:32+00:00\" \/>\n<meta property=\"og:image\" content=\"https:\/\/blog.holyart.it\/it\/wp-content\/uploads\/sites\/17\/2024\/04\/oratorio-san-filippo-neri.jpg\" \/>\n\t<meta property=\"og:image:width\" content=\"1000\" \/>\n\t<meta property=\"og:image:height\" content=\"666\" \/>\n\t<meta property=\"og:image:type\" content=\"image\/jpeg\" \/>\n<meta name=\"author\" content=\"Redazione\" \/>\n<meta name=\"twitter:card\" content=\"summary_large_image\" \/>\n<meta name=\"twitter:label1\" content=\"Scritto da\" \/>\n\t<meta name=\"twitter:data1\" content=\"Redazione\" \/>\n\t<meta name=\"twitter:label2\" content=\"Tempo di lettura stimato\" \/>\n\t<meta name=\"twitter:data2\" content=\"12 minuti\" \/>\n<script type=\"application\/ld+json\" class=\"yoast-schema-graph\">{\"@context\":\"https:\/\/schema.org\",\"@graph\":[{\"@type\":\"Article\",\"@id\":\"https:\/\/blog.holyart.it\/it\/santi-e-beati\/san-filippo-neri-e-la-nascita-delloratorio\/#article\",\"isPartOf\":{\"@id\":\"https:\/\/blog.holyart.it\/it\/santi-e-beati\/san-filippo-neri-e-la-nascita-delloratorio\/\"},\"author\":{\"name\":\"Redazione\",\"@id\":\"https:\/\/blog.holyart.it\/it\/#\/schema\/person\/0a7b686e5af0f856ec1e390dd0baecda\"},\"headline\":\"San Filippo Neri e la nascita dell&#8217;Oratorio\",\"datePublished\":\"2024-05-15T08:24:29+00:00\",\"dateModified\":\"2025-05-06T10:12:32+00:00\",\"mainEntityOfPage\":{\"@id\":\"https:\/\/blog.holyart.it\/it\/santi-e-beati\/san-filippo-neri-e-la-nascita-delloratorio\/\"},\"wordCount\":1866,\"publisher\":{\"@id\":\"https:\/\/blog.holyart.it\/it\/#organization\"},\"image\":{\"@id\":\"https:\/\/blog.holyart.it\/it\/santi-e-beati\/san-filippo-neri-e-la-nascita-delloratorio\/#primaryimage\"},\"thumbnailUrl\":\"https:\/\/blog.holyart.it\/it\/wp-content\/uploads\/sites\/17\/2024\/04\/oratorio-san-filippo-neri.jpg\",\"articleSection\":[\"Santi e beati\"],\"inLanguage\":\"it-IT\"},{\"@type\":\"WebPage\",\"@id\":\"https:\/\/blog.holyart.it\/it\/santi-e-beati\/san-filippo-neri-e-la-nascita-delloratorio\/\",\"url\":\"https:\/\/blog.holyart.it\/it\/santi-e-beati\/san-filippo-neri-e-la-nascita-delloratorio\/\",\"name\":\"San Filippo Neri e la nascita dell'Oratorio - Holyblog\",\"isPartOf\":{\"@id\":\"https:\/\/blog.holyart.it\/it\/#website\"},\"primaryImageOfPage\":{\"@id\":\"https:\/\/blog.holyart.it\/it\/santi-e-beati\/san-filippo-neri-e-la-nascita-delloratorio\/#primaryimage\"},\"image\":{\"@id\":\"https:\/\/blog.holyart.it\/it\/santi-e-beati\/san-filippo-neri-e-la-nascita-delloratorio\/#primaryimage\"},\"thumbnailUrl\":\"https:\/\/blog.holyart.it\/it\/wp-content\/uploads\/sites\/17\/2024\/04\/oratorio-san-filippo-neri.jpg\",\"datePublished\":\"2024-05-15T08:24:29+00:00\",\"dateModified\":\"2025-05-06T10:12:32+00:00\",\"description\":\"San Filippo Neri \u00e8 stato un sacerdote e un santo italiano, famoso per aver fondato la Congregazione dell\u2019Oratorio.\",\"breadcrumb\":{\"@id\":\"https:\/\/blog.holyart.it\/it\/santi-e-beati\/san-filippo-neri-e-la-nascita-delloratorio\/#breadcrumb\"},\"inLanguage\":\"it-IT\",\"potentialAction\":[{\"@type\":\"ReadAction\",\"target\":[\"https:\/\/blog.holyart.it\/it\/santi-e-beati\/san-filippo-neri-e-la-nascita-delloratorio\/\"]}]},{\"@type\":\"ImageObject\",\"inLanguage\":\"it-IT\",\"@id\":\"https:\/\/blog.holyart.it\/it\/santi-e-beati\/san-filippo-neri-e-la-nascita-delloratorio\/#primaryimage\",\"url\":\"https:\/\/blog.holyart.it\/it\/wp-content\/uploads\/sites\/17\/2024\/04\/oratorio-san-filippo-neri.jpg\",\"contentUrl\":\"https:\/\/blog.holyart.it\/it\/wp-content\/uploads\/sites\/17\/2024\/04\/oratorio-san-filippo-neri.jpg\",\"width\":1000,\"height\":666,\"caption\":\"oratorio san filippo neri\"},{\"@type\":\"BreadcrumbList\",\"@id\":\"https:\/\/blog.holyart.it\/it\/santi-e-beati\/san-filippo-neri-e-la-nascita-delloratorio\/#breadcrumb\",\"itemListElement\":[{\"@type\":\"ListItem\",\"position\":1,\"name\":\"Homepage\",\"item\":\"https:\/\/blog.holyart.it\/it\/\"},{\"@type\":\"ListItem\",\"position\":2,\"name\":\"Santi e beati\",\"item\":\"https:\/\/blog.holyart.it\/it\/santi-e-beati\/\"},{\"@type\":\"ListItem\",\"position\":3,\"name\":\"San Filippo Neri e la nascita dell&#8217;Oratorio\"}]},{\"@type\":\"WebSite\",\"@id\":\"https:\/\/blog.holyart.it\/it\/#website\",\"url\":\"https:\/\/blog.holyart.it\/it\/\",\"name\":\"Holyblog\",\"description\":\"Il Blog di Holyart.it\",\"publisher\":{\"@id\":\"https:\/\/blog.holyart.it\/it\/#organization\"},\"potentialAction\":[{\"@type\":\"SearchAction\",\"target\":{\"@type\":\"EntryPoint\",\"urlTemplate\":\"https:\/\/blog.holyart.it\/it\/?s={search_term_string}\"},\"query-input\":{\"@type\":\"PropertyValueSpecification\",\"valueRequired\":true,\"valueName\":\"search_term_string\"}}],\"inLanguage\":\"it-IT\"},{\"@type\":\"Organization\",\"@id\":\"https:\/\/blog.holyart.it\/it\/#organization\",\"name\":\"Holyblog\",\"url\":\"https:\/\/blog.holyart.it\/it\/\",\"logo\":{\"@type\":\"ImageObject\",\"inLanguage\":\"it-IT\",\"@id\":\"https:\/\/blog.holyart.it\/it\/#\/schema\/logo\/image\/\",\"url\":\"https:\/\/blog.holyart.it\/it\/wp-content\/uploads\/sites\/17\/2022\/12\/Holyart_Blog_Logo.jpg\",\"contentUrl\":\"https:\/\/blog.holyart.it\/it\/wp-content\/uploads\/sites\/17\/2022\/12\/Holyart_Blog_Logo.jpg\",\"width\":300,\"height\":50,\"caption\":\"Holyblog\"},\"image\":{\"@id\":\"https:\/\/blog.holyart.it\/it\/#\/schema\/logo\/image\/\"}},{\"@type\":\"Person\",\"@id\":\"https:\/\/blog.holyart.it\/it\/#\/schema\/person\/0a7b686e5af0f856ec1e390dd0baecda\",\"name\":\"Redazione\"}]}<\/script>\n<!-- \/ Yoast SEO plugin. -->","yoast_head_json":{"title":"San Filippo Neri e la nascita dell'Oratorio - Holyblog","description":"San Filippo Neri \u00e8 stato un sacerdote e un santo italiano, famoso per aver fondato la Congregazione dell\u2019Oratorio.","robots":{"index":"index","follow":"follow","max-snippet":"max-snippet:-1","max-image-preview":"max-image-preview:large","max-video-preview":"max-video-preview:-1"},"canonical":"https:\/\/blog.holyart.it\/it\/santi-e-beati\/san-filippo-neri-e-la-nascita-delloratorio\/","og_locale":"it_IT","og_type":"article","og_title":"San Filippo Neri e la nascita dell'Oratorio - Holyblog","og_description":"San Filippo Neri \u00e8 stato un sacerdote e un santo italiano, famoso per aver fondato la Congregazione dell\u2019Oratorio.","og_url":"https:\/\/blog.holyart.it\/it\/santi-e-beati\/san-filippo-neri-e-la-nascita-delloratorio\/","og_site_name":"Holyblog","article_published_time":"2024-05-15T08:24:29+00:00","article_modified_time":"2025-05-06T10:12:32+00:00","og_image":[{"width":1000,"height":666,"url":"https:\/\/blog.holyart.it\/it\/wp-content\/uploads\/sites\/17\/2024\/04\/oratorio-san-filippo-neri.jpg","type":"image\/jpeg"}],"author":"Redazione","twitter_card":"summary_large_image","twitter_misc":{"Scritto da":"Redazione","Tempo di lettura stimato":"12 minuti"},"schema":{"@context":"https:\/\/schema.org","@graph":[{"@type":"Article","@id":"https:\/\/blog.holyart.it\/it\/santi-e-beati\/san-filippo-neri-e-la-nascita-delloratorio\/#article","isPartOf":{"@id":"https:\/\/blog.holyart.it\/it\/santi-e-beati\/san-filippo-neri-e-la-nascita-delloratorio\/"},"author":{"name":"Redazione","@id":"https:\/\/blog.holyart.it\/it\/#\/schema\/person\/0a7b686e5af0f856ec1e390dd0baecda"},"headline":"San Filippo Neri e la nascita dell&#8217;Oratorio","datePublished":"2024-05-15T08:24:29+00:00","dateModified":"2025-05-06T10:12:32+00:00","mainEntityOfPage":{"@id":"https:\/\/blog.holyart.it\/it\/santi-e-beati\/san-filippo-neri-e-la-nascita-delloratorio\/"},"wordCount":1866,"publisher":{"@id":"https:\/\/blog.holyart.it\/it\/#organization"},"image":{"@id":"https:\/\/blog.holyart.it\/it\/santi-e-beati\/san-filippo-neri-e-la-nascita-delloratorio\/#primaryimage"},"thumbnailUrl":"https:\/\/blog.holyart.it\/it\/wp-content\/uploads\/sites\/17\/2024\/04\/oratorio-san-filippo-neri.jpg","articleSection":["Santi e beati"],"inLanguage":"it-IT"},{"@type":"WebPage","@id":"https:\/\/blog.holyart.it\/it\/santi-e-beati\/san-filippo-neri-e-la-nascita-delloratorio\/","url":"https:\/\/blog.holyart.it\/it\/santi-e-beati\/san-filippo-neri-e-la-nascita-delloratorio\/","name":"San Filippo Neri e la nascita dell'Oratorio - Holyblog","isPartOf":{"@id":"https:\/\/blog.holyart.it\/it\/#website"},"primaryImageOfPage":{"@id":"https:\/\/blog.holyart.it\/it\/santi-e-beati\/san-filippo-neri-e-la-nascita-delloratorio\/#primaryimage"},"image":{"@id":"https:\/\/blog.holyart.it\/it\/santi-e-beati\/san-filippo-neri-e-la-nascita-delloratorio\/#primaryimage"},"thumbnailUrl":"https:\/\/blog.holyart.it\/it\/wp-content\/uploads\/sites\/17\/2024\/04\/oratorio-san-filippo-neri.jpg","datePublished":"2024-05-15T08:24:29+00:00","dateModified":"2025-05-06T10:12:32+00:00","description":"San Filippo Neri \u00e8 stato un sacerdote e un santo italiano, famoso per aver fondato la Congregazione dell\u2019Oratorio.","breadcrumb":{"@id":"https:\/\/blog.holyart.it\/it\/santi-e-beati\/san-filippo-neri-e-la-nascita-delloratorio\/#breadcrumb"},"inLanguage":"it-IT","potentialAction":[{"@type":"ReadAction","target":["https:\/\/blog.holyart.it\/it\/santi-e-beati\/san-filippo-neri-e-la-nascita-delloratorio\/"]}]},{"@type":"ImageObject","inLanguage":"it-IT","@id":"https:\/\/blog.holyart.it\/it\/santi-e-beati\/san-filippo-neri-e-la-nascita-delloratorio\/#primaryimage","url":"https:\/\/blog.holyart.it\/it\/wp-content\/uploads\/sites\/17\/2024\/04\/oratorio-san-filippo-neri.jpg","contentUrl":"https:\/\/blog.holyart.it\/it\/wp-content\/uploads\/sites\/17\/2024\/04\/oratorio-san-filippo-neri.jpg","width":1000,"height":666,"caption":"oratorio san filippo neri"},{"@type":"BreadcrumbList","@id":"https:\/\/blog.holyart.it\/it\/santi-e-beati\/san-filippo-neri-e-la-nascita-delloratorio\/#breadcrumb","itemListElement":[{"@type":"ListItem","position":1,"name":"Homepage","item":"https:\/\/blog.holyart.it\/it\/"},{"@type":"ListItem","position":2,"name":"Santi e beati","item":"https:\/\/blog.holyart.it\/it\/santi-e-beati\/"},{"@type":"ListItem","position":3,"name":"San Filippo Neri e la nascita dell&#8217;Oratorio"}]},{"@type":"WebSite","@id":"https:\/\/blog.holyart.it\/it\/#website","url":"https:\/\/blog.holyart.it\/it\/","name":"Holyblog","description":"Il Blog di Holyart.it","publisher":{"@id":"https:\/\/blog.holyart.it\/it\/#organization"},"potentialAction":[{"@type":"SearchAction","target":{"@type":"EntryPoint","urlTemplate":"https:\/\/blog.holyart.it\/it\/?s={search_term_string}"},"query-input":{"@type":"PropertyValueSpecification","valueRequired":true,"valueName":"search_term_string"}}],"inLanguage":"it-IT"},{"@type":"Organization","@id":"https:\/\/blog.holyart.it\/it\/#organization","name":"Holyblog","url":"https:\/\/blog.holyart.it\/it\/","logo":{"@type":"ImageObject","inLanguage":"it-IT","@id":"https:\/\/blog.holyart.it\/it\/#\/schema\/logo\/image\/","url":"https:\/\/blog.holyart.it\/it\/wp-content\/uploads\/sites\/17\/2022\/12\/Holyart_Blog_Logo.jpg","contentUrl":"https:\/\/blog.holyart.it\/it\/wp-content\/uploads\/sites\/17\/2022\/12\/Holyart_Blog_Logo.jpg","width":300,"height":50,"caption":"Holyblog"},"image":{"@id":"https:\/\/blog.holyart.it\/it\/#\/schema\/logo\/image\/"}},{"@type":"Person","@id":"https:\/\/blog.holyart.it\/it\/#\/schema\/person\/0a7b686e5af0f856ec1e390dd0baecda","name":"Redazione"}]}},"_links":{"self":[{"href":"https:\/\/blog.holyart.it\/it\/wp-json\/wp\/v2\/posts\/19833","targetHints":{"allow":["GET"]}}],"collection":[{"href":"https:\/\/blog.holyart.it\/it\/wp-json\/wp\/v2\/posts"}],"about":[{"href":"https:\/\/blog.holyart.it\/it\/wp-json\/wp\/v2\/types\/post"}],"author":[{"embeddable":true,"href":"https:\/\/blog.holyart.it\/it\/wp-json\/wp\/v2\/users\/1"}],"replies":[{"embeddable":true,"href":"https:\/\/blog.holyart.it\/it\/wp-json\/wp\/v2\/comments?post=19833"}],"version-history":[{"count":5,"href":"https:\/\/blog.holyart.it\/it\/wp-json\/wp\/v2\/posts\/19833\/revisions"}],"predecessor-version":[{"id":19891,"href":"https:\/\/blog.holyart.it\/it\/wp-json\/wp\/v2\/posts\/19833\/revisions\/19891"}],"wp:featuredmedia":[{"embeddable":true,"href":"https:\/\/blog.holyart.it\/it\/wp-json\/wp\/v2\/media\/19890"}],"wp:attachment":[{"href":"https:\/\/blog.holyart.it\/it\/wp-json\/wp\/v2\/media?parent=19833"}],"wp:term":[{"taxonomy":"category","embeddable":true,"href":"https:\/\/blog.holyart.it\/it\/wp-json\/wp\/v2\/categories?post=19833"},{"taxonomy":"post_tag","embeddable":true,"href":"https:\/\/blog.holyart.it\/it\/wp-json\/wp\/v2\/tags?post=19833"}],"curies":[{"name":"wp","href":"https:\/\/api.w.org\/{rel}","templated":true}]}}