{"id":19820,"date":"2024-04-11T11:55:38","date_gmt":"2024-04-11T09:55:38","guid":{"rendered":"https:\/\/blog.holyart.it\/it\/?p=19820"},"modified":"2024-12-11T16:48:33","modified_gmt":"2024-12-11T15:48:33","slug":"prepariamoci-allanno-santo-con-la-preghiera-del-giubileo","status":"publish","type":"post","link":"https:\/\/blog.holyart.it\/it\/giubileo-2025\/prepariamoci-allanno-santo-con-la-preghiera-del-giubileo\/","title":{"rendered":"Prepariamoci all&#8217;Anno Santo con la preghiera del Giubileo"},"content":{"rendered":"<h4>In vista dell&#8217;Anno Santo 2025 i cristiani di tutti il mondo si preparano per essere Pellegrini di speranza. Ecco gli strumenti forniti dal Dicastero, le Intenzioni e le preghiere del Papa e la speciale preghiera del Giubileo<\/h4>\n<p>Il 2025 sar\u00e0 l&#8217;<strong><a href=\"https:\/\/www.holyart.it\/blog\/articoli-religiosi\/cose-il-giubileo-prepariamoci-a-un-nuovo-anno-santo\/\">anno del Giubileo<\/a><\/strong>\u00a0e tutto il mondo cristiano si sta preparando per questo nuovo Anno Santo. Un anno denso di appuntamenti imperdibili, come reso noto dal fitto\u00a0<strong><a href=\"https:\/\/www.holyart.it\/blog\/articoli-religiosi\/il-calendario-degli-eventi-del-giubileo-2025\/\">calendario del Giubileo<\/a><\/strong>, a partire dall<a href=\"https:\/\/www.holyart.it\/blog\/articoli-religiosi\/porta-santa-cose-e-cosa-rappresenta-la-sua-apertura\/\">&#8216;<strong>Apertura della Porta Santa<\/strong><\/a>\u00a0della Basilica di\u00a0<strong>San Pietro il 24 Dicembre 2024<\/strong>. Da mesi fervono i <a href=\"https:\/\/www.holyart.it\/it\/articoli\/stole-del-giubileo.php\"><strong>preparativi per questo evento planetario<\/strong><\/a> e oltre al <strong><a href=\"https:\/\/www.holyart.it\/blog\/articoli-religiosi\/il-significato-del-logo-del-giubileo-2025-pellegrini-di-speranza\/\">logo dedicato al tema Pellegrini di Speranza<\/a><\/strong>, all&#8217;inno e all&#8217;eventuale <strong><a href=\"https:\/\/www.holyart.it\/blog\/articoli-religiosi\/pellegrinaggio-a-roma-tra-le-mete-preferite-dei-cristiani\/\">pellegrinaggio a Roma<\/a><\/strong>, una delle mete preferite dei cristiani soprattutto in occasione del Giubileo, ciascuno di noi pu\u00f2 prepararsi con la speciale\u00a0<strong>preghiera del Giubileo<\/strong>.<\/p>\n<div class=\"link-article\">\n<p><img loading=\"lazy\" decoding=\"async\" class=\"size-full wp-image-19822 alignleft\" src=\"https:\/\/blog.holyart.it\/it\/wp-content\/uploads\/sites\/17\/2024\/04\/giubileo-2025.jpg\" alt=\"giubileo 2025\" width=\"150\" height=\"99\" data-kale-share-title=\"Prepariamoci all\u2019Anno Santo con la preghiera del Giubileo\" data-kale-share-url=\"https:\/\/blog.holyart.it\/it\/?p=19820\" \/><\/p>\n<div class=\"leggi-anche\">Leggi anche:<\/div>\n<p><strong><a href=\"https:\/\/www.holyart.it\/blog\/articoli-religiosi\/il-calendario-degli-eventi-del-giubileo-2025\/\">Il calendario degli eventi del Giubileo 2025<\/a><\/strong><br \/>\n\u00c8 stato pubblicato il calendario degli eventi del Giubileo 2025, dodici mesi di eventi e occasioni per approfondire la fede&#8230;<\/p>\n<\/div>\n<p>In previsione del Giubileo del 2025,\u00a0<a href=\"https:\/\/www.holyart.it\/it\/occasioni-speciali\/papa-francesco\"><strong>Papa Francesco<\/strong><\/a>\u00a0ha delineato i suoi propositi per il 2024, sottolineando l&#8217;importanza della\u00a0<strong>preghiera come strumento per ristabilire il contatto con Dio\u00a0<\/strong>e\u00a0<strong>approfondire la nostra dimensione spirituale.<\/strong>\u00a0Il Pontefice ha ribadito l&#8217;essenzialit\u00e0 della preghiera come fondamentale\u00a0<strong>pilastro per affrontare le sfide personali e globali<\/strong>.<br \/>\nNon si tratta quindi solo della Preghiera del Giubileo. Nelle Intenzioni del Santo Padre il 2024 diventa l&#8217;<strong>anno della Preghiera<\/strong>, in preparazione al <a href=\"https:\/\/www.holyart.it\/it\/giubileo-2025-pellegrini-di-speranza\"><strong>Giubileo del 2025<\/strong><\/a>. Il Pontefice ha invitato le Diocesi ad adottare e promuovere l&#8217;importanza della preghiera\u00a0<strong>sia a livello individuale che comunitario<\/strong>, perch\u00e9 essa diventi non solo un atto individuale, ma un&#8217;occasione per costruire insieme un mondo migliore. \u00c8 proprio questa speranza l&#8217;ispirazione del Giubileo 2025, una speranza in nome della quale siamo <a href=\"https:\/\/www.holyart.it\/it\/giubileo-2025-pellegrini-di-speranza\/kit-del-pellegrino-e-gadget-giubileo-2025\/zaino-del-pellegrino-kit-completo-giubileo-2025\"><strong>tutti pellegrini, in cammino<\/strong><\/a> verso un mondo di cambiamenti e incognite, ma uniti nel segno della Croce, proprio come illustra il logo dell&#8217;evento.<\/p>\n<div class=\"link-product\">\n<div class=\"blocco-immagine\"><img loading=\"lazy\" decoding=\"async\" class=\"size-full wp-image-20023 alignleft\" src=\"https:\/\/blog.holyart.it\/it\/wp-content\/uploads\/sites\/17\/2024\/04\/zaino-del-pellegrino-kit-completo-giubileo-2025.jpg\" alt=\"zaino del pellegrino kit completo giubileo 2025\" width=\"100\" height=\"100\" data-kale-share-title=\"Prepariamoci all\u2019Anno Santo con la preghiera del Giubileo\" data-kale-share-url=\"https:\/\/blog.holyart.it\/it\/giubileo-2025\/prepariamoci-allanno-santo-con-la-preghiera-del-giubileo\/\" \/><\/div>\n<div class=\"blocco-contenuto\">\n<div class=\"blocco-acquista\">Acquista su Holyart:<\/div>\n<div class=\"blocco-titolo\"><a href=\"https:\/\/www.holyart.it\/it\/giubileo-2025-pellegrini-di-speranza\/kit-del-pellegrino-e-gadget-giubileo-2025\/zaino-del-pellegrino-kit-completo-giubileo-2025\">Zaino del pellegrino kit completo Giubileo 2025<\/a><\/div>\n<div class=\"blocco-descrizione\">Zaino del pellegrino kit completo Giubileo 2025 Pellegrini di Speranza ecocompatibile e impermeabile.<\/div>\n<\/div>\n<\/div>\n<p><em>\u201c[pregare] anzitutto per recuperare il\u00a0<\/em><strong><em>desiderio di stare alla presenza del Signore<\/em><\/strong><em>, ascoltarlo e adorarlo. Preghiera, inoltre,\u00a0<\/em><strong><em>per ringraziare Dio dei tanti doni<\/em><\/strong><em>\u00a0del suo amore per noi e lodare la sua opera nella creazione, che impegna tutti al rispetto e all\u2019azione concreta e responsabile per la sua salvaguardia. Preghiera come voce \u2018del cuore solo e dell\u2019anima sola\u2019 (cfr At 4,32), che si traduce nella\u00a0<\/em><strong><em>solidariet\u00e0 e nella condivisione del pane quotidiano<\/em><\/strong><em>. Preghiera che permette ad ogni uomo e donna di questo mondo di rivolgersi all\u2019unico Dio, per esprimergli quanto \u00e8 riposto nel segreto del cuore. Preghiera come\u00a0<\/em><strong><em>via maestra verso la santit\u00e0<\/em><\/strong><em>, che conduce a vivere la contemplazione anche in mezzo all\u2019azione. Insomma, un intenso anno di preghiera, in cui i cuori si aprano a ricevere l\u2019abbondanza della grazia, facendo del Padre nostro, l\u2019orazione che Ges\u00f9 ci ha insegnato, il programma di vita di ogni suo discepolo\u201d\u00a0<\/em>(dalla lettera del Papa a mons. Rino Fisichella, presidente del Pontificio Consiglio per la promozione della nuova evangelizzazione).<\/p>\n<div class=\"link-product\">\n<div class=\"blocco-immagine\"><img loading=\"lazy\" decoding=\"async\" class=\"size-full wp-image-19823 alignleft\" src=\"https:\/\/blog.holyart.it\/it\/wp-content\/uploads\/sites\/17\/2024\/04\/coprileggio-ricamato-2-5-m-x-55-cm-logo-ufficiale-giubileo-2025.jpg\" alt=\"coprileggio ricamato 2 5 m x 55 cm logo ufficiale giubileo 2025\" width=\"100\" height=\"100\" data-kale-share-title=\"Prepariamoci all\u2019Anno Santo con la preghiera del Giubileo\" data-kale-share-url=\"https:\/\/blog.holyart.it\/it\/?p=19820\" \/><\/div>\n<div class=\"blocco-contenuto\">\n<div class=\"blocco-acquista\">Acquista su Holyart:<\/div>\n<div class=\"blocco-titolo\"><a href=\"https:\/\/www.holyart.it\/it\/giubileo-2025-pellegrini-di-speranza\">Giubileo 2025 &#8211; Pellegrini di speranza<\/a><\/div>\n<div class=\"blocco-descrizione\">Articoli pensati per celebrare il prossimo Giubileo 2025 a Roma.<\/div>\n<\/div>\n<\/div>\n<p>Tra i molti strumenti preparati dal\u00a0<em>Dicastero per l\u2019Evangelizzazione<\/em>\u00a0in vista del Giubileo del 2025 c&#8217;\u00e8 anche\u00a0<strong><em>Insegnaci a Pregare<\/em><\/strong>, un sussidio digitale e gratuito scaricabile in diverse lingue dal sito del Dicastero proprio per aiutare sia i singoli cristiani sia le comunit\u00e0 a prepararsi per l&#8217;Anno Santo. Il titolo \u00e8 preso dal Vangelo di Luca:\u00a0<em>&#8220;Ges\u00f9 si trovava in un luogo a pregare; quando ebbe finito, uno dei suoi discepoli gli disse: \u00abSignore, insegnaci a pregare, come anche Giovanni ha insegnato ai suoi discepoli\u00bb.&#8221;<\/em>\u00a0(Lc 11,1). L&#8217;ispirazione per questo volumetto deriva proprio dai\u00a0<a href=\"https:\/\/www.holyart.it\/blog\/occasioni-speciali\/papa-francesco-2024-anno-della-preghiera\/\"><strong>propositi di Papa Francesco<\/strong><\/a>, dal suo invito accorato a trasformare, in vista del Giubileo pi\u00f9 che mai, la preghiera in un\u00a0<strong>dialogo personale con Dio\u00a0<\/strong>e in un\u00a0<strong>impegno costante per migliorare il mondo<\/strong>. Cos\u00ec come l&#8217;Anno Santo sar\u00e0 un&#8217;occasione per rinnovare il legame fraterno tra i battezzati, chiamati a essere\u00a0<strong>veri testimoni dell&#8217;amore di Dio per tutta l&#8217;umanit\u00e0<\/strong>, cos\u00ec la preghiera diventa la via da percorrere per entrare in comunicazione con s\u00e9 stessi a un livello pi\u00f9 profondo e prezioso, fino a ritrovare in noi<strong>\u00a0la stessa luce di Dio<\/strong>, come leggiamo nell&#8217;introduzione dal presidio. Importante anche\u00a0<strong>pregare con perseveranza<\/strong>, per un sostegno costante e continuo non solo al singolo, ma anche alla comunit\u00e0 intera, che dalla preghiera trae l&#8217;energia per trasformarsi e migliorare.<\/p>\n<p><em>La preghiera sia dunque per ogni cristiano\u00a0<strong>la<\/strong>\u00a0<strong>bussola che orienta<\/strong>,\u00a0<strong>la luce che illumina il cammino<\/strong>\u00a0e\u00a0<strong>la forza che sostiene<\/strong>\u00a0nel pellegrinaggio che condurr\u00e0 a varcare la Porta Santa. Attraverso la preghiera, potremo arrivare con un cuore pronto ad accogliere i doni di grazia e di perdono che il Giubileo offrir\u00e0, in quanto espressione viva della nostra relazione con Dio. Immergiamoci, dunque, con la preghiera in\u00a0<strong>un dialogo continuo con il Creatore<\/strong>, scoprendo la gioia del silenzio, la pace dell\u2019abbandono e la forza dell\u2019intercessione nella comunione dei santi.\u00a0<\/em>(INSEGNACI A PREGARE &#8211; Vivere l&#8217;Anno della Preghiera)<\/p>\n<div class=\"link-article\">\n<p><img loading=\"lazy\" decoding=\"async\" class=\"size-full wp-image-19824 alignleft\" src=\"https:\/\/blog.holyart.it\/it\/wp-content\/uploads\/sites\/17\/2024\/04\/anno-della-preghiera.jpg\" alt=\"anno della preghiera\" width=\"150\" height=\"99\" data-kale-share-title=\"Prepariamoci all\u2019Anno Santo con la preghiera del Giubileo\" data-kale-share-url=\"https:\/\/blog.holyart.it\/it\/?p=19820\" \/><\/p>\n<div class=\"leggi-anche\">Leggi anche:<\/div>\n<p><strong><a href=\"https:\/\/www.holyart.it\/blog\/occasioni-speciali\/papa-francesco-2024-anno-della-preghiera\/\">I propositi per il nuovo anno di Papa Francesco: il 2024 \u00e8 l\u2019anno della preghiera<\/a><\/strong><br \/>\nIn vista del Giubileo del 2025, dedicato alla Misericordia&#8230;<\/p>\n<\/div>\n<p>Ma questo libercolo non \u00e8 l&#8217;unico strumento con cui possiamo prepararci al Giubileo. In vista dell&#8217;Anno Santo 2025 \u00e8 stata realizzata anche una serie di\u00a0<strong>Appunti sulla preghiera<\/strong>. Si tratta di otto volumetti, dei quali sono gi\u00e0 stati pubblicati i primi sei, scritti da alcuni tra i massimi autori cristiani contemporanei. Anche in questo caso la pubblicazione \u00e8 stata seguita e curata dal Dicastero\u00a0e pubblicata in Italia dalla Libreria Editrice Vaticana. Questa collana rappresenta un prezioso strumento per approfondire e riscoprire la centralit\u00e0 della preghiera e pu\u00f2 fornire un&#8217;utile ispirazione per prepararsi al prossimo Giubileo.<\/p>\n<p>I primi sei volumi della collana sono gi\u00e0 disponibili per l&#8217;acquisto presso le librerie e anche nel nostro store online.<\/p>\n<ol>\n<li><a href=\"https:\/\/www.holyart.it\/it\/giubileo-2025-pellegrini-di-speranza\/appunti-sulla-preghiera-vol.1-pregare-oggi-angelo-comastri\"><em><strong>Pregare oggi<\/strong><\/em><\/a><em><strong><a href=\"https:\/\/www.holyart.it\/it\/giubileo-2025-pellegrini-di-speranza\/appunti-sulla-preghiera-vol.1-pregare-oggi-angelo-comastri\">.<\/a><\/strong> Una sfida da vincere,\u00a0<\/em>a cura di S.Em. Cardinale Angelo Comastri,\u00a0Arciprete emerito della Basilica Papale di San Pietro in Vaticano e Vicario Generale emerito di Sua Santit\u00e0 per la Citt\u00e0 del Vaticano. Angelo Comastri \u00e8 un autore tra i pi\u00f9 noti di testi spirituali. Prefazione di Papa Francesco.<\/li>\n<li><a href=\"https:\/\/www.holyart.it\/it\/giubileo-2025-pellegrini-di-speranza\/appunti-sulla-preghiera-vol.2-pregare-con-i-salmi-gianfranco-ravasi\"><strong><em>Pregare con i Salmi<\/em><\/strong><\/a><em>,\u00a0<\/em>a cura di S.Em. Cardinale Gianfranco Ravasi.\u00a0<strong><a href=\"https:\/\/www.holyart.it\/blog\/articoli-religiosi\/libri-cristiani-da-leggere-opere-di-gianfranco-ravasi-don-fabio-rosini-e-tanti-altri\/\">Gianfranco Ravasi<\/a><\/strong>\u00a0\u00e8 un cardinale e scrittore tra i pi\u00f9 noti a livello internazionale su temi biblici. Ha ricoperto il ruolo di presidente del Pontificio Consiglio per la Cultura. Prefazione di Papa Francesco.<\/li>\n<li><a href=\"https:\/\/www.holyart.it\/it\/giubileo-2025-pellegrini-di-speranza\/appunti-sulla-preghiera-vol.3-la-preghiera-di-gesu-juan-lopez-vergara\"><strong><em>La preghiera di Ges\u00f9<\/em><\/strong><\/a>, a cura di Juan L\u00f3pez Vergara, biblista messicano, docente all&#8217;Instituto B\u00edblico Cat\u00f3lico di Guadalajara. Prefazione di Papa Francesco.<\/li>\n<li><strong><em>Pregare con Santi e Peccatori<\/em><\/strong>, a cura di padre Paul Brendan Murray, domenicano irlandese, autorevole teologo, professore di letteratura mistica presso la Pontificia Universit\u00e0 San Tommaso d\u2019Aquino di Roma.<\/li>\n<li><a href=\"https:\/\/www.holyart.it\/it\/giubileo-2025-pellegrini-di-speranza\/appunti-sulla-preghiera-vol.5-le-parabole-della-preghiera-antonio-pitta\"><strong><em>Le Parabole della Preghiera<\/em><\/strong><\/a>, a cura di Mons. Antonio Pitta, biblista, che insegna alla Pontificia Universit\u00e0 Lateranense. Viene riconosciuto come esperto studioso del Nuovo Testamento. Prefazione di Papa Francesco.<\/li>\n<li><a href=\"https:\/\/www.holyart.it\/it\/giubileo-2025-pellegrini-di-speranza\/appunti-sulla-preghiera-vol.6-la-chiesa-in-preghiera-monaci-certosini\"><strong><em>La Chiesa in Preghiera<\/em><\/strong><\/a>, a cura di Monaci Certosini. I Monaci Certosini risiedono in diversi monasteri internazionali. Fondati nel 1084 da San Bruno, sono dediti alla preghiera, nel silenzio, in comunit\u00e0. Prefazione di Papa Francesco.<\/li>\n<\/ol>\n<div class=\"link-product\">\n<div class=\"blocco-immagine\"><img loading=\"lazy\" decoding=\"async\" class=\"size-full wp-image-19826 alignleft\" src=\"https:\/\/blog.holyart.it\/it\/wp-content\/uploads\/sites\/17\/2024\/04\/appunti-sulla-preghiera-vol.1-pregare-oggi-angelo-comastri.jpg\" alt=\"appunti-sulla-preghiera vol.1 pregare oggi angelo comastri\" width=\"100\" height=\"100\" data-kale-share-title=\"Prepariamoci all\u2019Anno Santo con la preghiera del Giubileo\" data-kale-share-url=\"https:\/\/blog.holyart.it\/it\/?p=19820\" \/><\/div>\n<div class=\"blocco-contenuto\">\n<div class=\"blocco-acquista\">Acquista su Holyart:<\/div>\n<div class=\"blocco-titolo\"><a href=\"https:\/\/www.holyart.it\/it\/giubileo-2025-pellegrini-di-speranza\/appunti-sulla-preghiera-vol.1-pregare-oggi-angelo-comastri\">Appunti sulla preghiera vol.1: Pregare oggi &#8211; Angelo Comastri<\/a><\/div>\n<div class=\"blocco-descrizione\">Pregare oggi, del card. Angelo Comastri.<\/div>\n<\/div>\n<\/div>\n<p>I prossimi volumi saranno:<\/p>\n<ol start=\"7\">\n<li><strong><em>La preghiera di Maria insieme alle sante che l\u2019hanno incontrata<\/em><\/strong>, a cura di suor Catherine Aubin, domenicana, laureata in psicologia e teologia, \u00e8 un&#8217;autorevole studiosa che porta la sua vasta esperienza nell&#8217;insegnamento della teologia sacramentaria e spirituale presso istituzioni di prestigio come la Pontificia Universit\u00e0 &#8220;Angelicum&#8221;, l&#8217;Istituto di teologia della vita consacrata &#8220;Claretianum&#8221; e l&#8217;Universit\u00e0 dei domenicani di Montr\u00e9al.<\/li>\n<li><strong><em>La preghiera che Ges\u00f9 ci ha insegnato: \u00abPadre nostro\u00bb<\/em><\/strong>, a cura di Padre Ugo Vanni, teologo ed esegeta di fama internazionale, che \u00e8 stato uno dei massimi esperti dell&#8217;Apocalisse e ha dedicato la sua vita all&#8217;insegnamento dell&#8217;esegesi del Nuovo Testamento presso istituzioni rinomate come la Pontificia Universit\u00e0 Gregoriana e il Pontificio Istituto Biblico. Anche dopo la sua morte nel 2018, il suo prezioso contributo alla riflessione teologica continua a influenzare e ispirare i credenti in tutto il mondo.<\/li>\n<\/ol>\n<h2>Pregare secondo le Intenzioni del Papa<\/h2>\n<p>Le\u00a0<strong>Intenzioni del Papa<\/strong>\u00a0sono gli appelli che il Sommo Pontefice affida ogni mese alla sua Rete Mondiale di Preghiera. Esse esprimono le sue preoccupazioni e riflettono le necessit\u00e0 della Chiesa e dell&#8217;umanit\u00e0. \u00c8 proprio sulla base di queste Intenzioni di preghiera che il Papa ci invita a\u00a0<strong>trasformare le nostre parole di fede in azioni concrete<\/strong>, con l&#8217;obiettivo di contribuire a rendere il mondo pi\u00f9 umano, fraterno e solidale. Le Intenzioni di preghiera mensili coinvolgono tutti i Paesi del mondo. Dicasteri e Congregazioni inviano le proprie segnalazioni e proposte, e il Papa le riceve, le esamina, trasformandole in occasioni di preghiera. Anche queste Intenzioni forniscono spunti utili per prepararsi alla Preghiera del Giubileo in modo efficace.<\/p>\n<div class=\"link-article\">\n<p><img loading=\"lazy\" decoding=\"async\" class=\"size-full wp-image-19827 alignleft\" src=\"https:\/\/blog.holyart.it\/it\/wp-content\/uploads\/sites\/17\/2024\/04\/libri-cristiani-da-leggere.jpg\" alt=\"libri cristiani da leggere\" width=\"150\" height=\"99\" data-kale-share-title=\"Prepariamoci all\u2019Anno Santo con la preghiera del Giubileo\" data-kale-share-url=\"https:\/\/blog.holyart.it\/it\/?p=19820\" \/><\/p>\n<div class=\"leggi-anche\">Leggi anche:<\/div>\n<p><strong><a href=\"https:\/\/www.holyart.it\/blog\/articoli-religiosi\/libri-cristiani-da-leggere-opere-di-gianfranco-ravasi-don-fabio-rosini-e-tanti-altri\/\">Libri cristiani da leggere: opere di Gianfranco Ravasi, Don Fabio Rosini e tanti altri<\/a><\/strong><br \/>\nUna selezione di libri cristiani da leggere, come buon proposito per&#8230;<\/p>\n<\/div>\n<p>Ecco le Intenzioni di preghiera di Papa Francesco in vista dell&#8217;anno 2024, da lui affidate alla Rete mondiale di preghiera:<\/p>\n<p><strong>GENNAIO<\/strong><br \/>\n<strong><em>PER IL DONO DELLA DIVERSIT\u00c0 NELLA CHIESA<\/em><\/strong><br \/>\nPreghiamo perch\u00e9 lo Spirito aiuti a riconoscere il dono dei diversi carismi dentro le comunit\u00e0 cristiane e a scoprire la ricchezza delle differenti tradizioni rituali in seno alla Chiesa Cattolica.<\/p>\n<p><strong>FEBBRAIO<\/strong><br \/>\n<strong><em>PER I MALATI TERMINALI<\/em><\/strong><br \/>\nPreghiamo perch\u00e9 i malati nella fase terminale della propria vita, e le loro famiglie, ricevano sempre la cura e l\u2019accompagnamento necessari, sia dal punto di vista sanitario che da quello umano.<\/p>\n<p><strong>MARZO<\/strong><br \/>\n<strong><em>PER I NUOVI MARTIRI, TESTIMONI DI CRISTO<\/em><\/strong><br \/>\nPreghiamo perch\u00e9 coloro che in varie parti del mondo rischiano la vita per il Vangelo contagino la Chiesa con il proprio coraggio e la propria spinta missionaria.<\/p>\n<p><strong>APRILE<\/strong><br \/>\n<strong><em>PER IL RUOLO DELLE DONNE<\/em><\/strong><br \/>\nPreghiamo perch\u00e9 vengano riconosciute in ogni cultura la dignit\u00e0 delle donne e la loro ricchezza, e cessino le discriminazioni di cui esse sono vittime in varie parti del mondo.<\/p>\n<p><strong>MAGGIO<\/strong><br \/>\n<strong><em>PER LA FORMAZIONE DI RELIGIOSE, RELIGIOSI E SEMINARISTI<\/em><\/strong><br \/>\nPreghiamo perch\u00e9 le religiose, i religiosi e i seminaristi crescano nel proprio cammino vocazionale attraverso una formazione umana, pastorale, spirituale e comunitaria, che li porti a essere testimoni credibili del Vangelo.<\/p>\n<p><strong>GIUGNO<\/strong><br \/>\n<strong><em>PER QUANTI FUGGONO DAL PROPRIO PAESE<\/em><\/strong><br \/>\nPreghiamo perch\u00e9 i migranti in fuga dalle guerre o dalla fame, costretti a viaggi pieni di pericoli e violenze, trovino accoglienza e nuove opportunit\u00e0 di vita nei Paesi che li ospitano.<\/p>\n<p><strong>LUGLIO<\/strong><br \/>\n<strong><em>PER LA PASTORALE DEGLI INFERMI<\/em><\/strong><br \/>\nPreghiamo perch\u00e9 il sacramento dell\u2019unzione degli infermi doni alle persone che lo ricevono e ai loro cari la forza del Signore, e diventi sempre pi\u00f9 per tutti un segno visibile di compassione e di speranza.<\/p>\n<p><strong>AGOSTO<\/strong><br \/>\n<strong><em>PER I LEADER POLITICI<\/em><\/strong><br \/>\nPreghiamo perch\u00e9 i leader politici siano al servizio della propria gente, lavorando per lo sviluppo umano integrale e per il bene comune, prendendosi cura di chi ha perso il lavoro e privilegiando i pi\u00f9 poveri.<\/p>\n<p><strong>SETTEMBRE<\/strong><br \/>\n<strong><em>PER IL GRIDO DELLA TERRA<\/em><\/strong><br \/>\nPreghiamo perch\u00e9 ciascuno di noi ascolti con il cuore il grido della Terra e delle vittime dei disastri ambientali e della crisi climatica, impegnandosi in prima persona a custodire il mondo che abitiamo.<\/p>\n<p><strong>OTTOBRE<\/strong><br \/>\n<strong><em>PER UNA MISSIONE CONDIVISA<\/em><\/strong><br \/>\nPreghiamo perch\u00e9 la Chiesa continui a sostenere in ogni modo uno stile di vita sinodale, nel segno della corresponsabilit\u00e0, promuovendo la partecipazione, la comunione e la missione condivisa tra sacerdoti, religiosi e laici.<\/p>\n<p><strong>NOVEMBRE<\/strong><br \/>\n<strong><em>PER CHI HA PERSO UN FIGLIO<\/em><\/strong><br \/>\nPreghiamo perch\u00e9 tutti i genitori che piangono la morte di un figlio o una figlia trovino sostegno nella comunit\u00e0 e ottengano dallo Spirito consolatore la pace del cuore.<\/p>\n<p><strong>DICEMBRE<\/strong><br \/>\n<strong><em>PER I PELLEGRINI DI SPERANZA<\/em><\/strong><br \/>\nPreghiamo perch\u00e9 questo Giubileo ci rafforzi nella fede, aiutandoci a riconoscere Cristo risorto in mezzo alle nostre vite, e ci trasformi in pellegrini della speranza cristiana.<\/p>\n<p><em>Francesco<\/em><br \/>\nDal Vaticano, 31 dicembre 2022<\/p>\n<h2>Preghiera del Giubileo<\/h2>\n<p><em>Padre che sei nei cieli,<\/em><\/p>\n<p><em>la\u00a0fede\u00a0che ci hai donato nel<\/em><\/p>\n<p><em>tuo figlio Ges\u00f9 Cristo, nostro fratello,<\/em><\/p>\n<p><em>e la fiamma di\u00a0carit\u00e0<\/em><\/p>\n<p><em>effusa nei nostri cuori dallo Spirito Santo,<\/em><\/p>\n<p><em>ridestino in noi, la beata\u00a0speranza<\/em><\/p>\n<p><em>per l\u2019avvento del tuo Regno.<\/em><\/p>\n<p><em>\u00a0<\/em><\/p>\n<p><em>\u00a0La tua grazia ci trasformi<\/em><\/p>\n<p><em>in coltivatori operosi dei semi evangelici<\/em><\/p>\n<p><em>che lievitino l\u2019umanit\u00e0 e il cosmo,<\/em><\/p>\n<p><em>nell\u2019attesa fiduciosa<\/em><\/p>\n<p><em>dei cieli nuovi e della terra nuova,<\/em><\/p>\n<p><em>quando vinte le potenze del Male,<\/em><\/p>\n<p><em>si manifester\u00e0 per sempre la tua gloria.<\/em><\/p>\n<p><em>\u00a0\u00a0<\/em><\/p>\n<p><em>La grazia del Giubileo<\/em><\/p>\n<p><em>ravvivi in noi\u00a0Pellegrini di Speranza,<\/em><\/p>\n<p><em>l\u2019anelito verso i beni celesti<\/em><\/p>\n<p><em>e riversi sul mondo intero<\/em><\/p>\n<p><em>la gioia e la pace<\/em><\/p>\n<p><em>del nostro Redentore.<\/em><\/p>\n<p><em>A te Dio benedetto in eterno<\/em><\/p>\n<p><em>sia lode e gloria nei secoli.<\/em><\/p>\n<p><em>Amen<\/em><\/p>\n<p><a href=\"https:\/\/www.holyart.it\/blog\/wp-content\/uploads\/sites\/17\/2024\/12\/Preghiera-del-Giubileo.pdf\"><strong>Scarica qui la preghiera del Giubileo 2025<\/strong><\/a><\/p>\n","protected":false},"excerpt":{"rendered":"<p>In vista dell&#8217;Anno Santo 2025 i cristiani di tutti il mondo si preparano per essere Pellegrini di speranza. Ecco gli strumenti forniti dal Dicastero, le Intenzioni e le preghiere del Papa e la speciale preghiera del Giubileo Il 2025 sar\u00e0 l&#8217;anno del Giubileo\u00a0e tutto il&hellip;<\/p>\n","protected":false},"author":1,"featured_media":19831,"comment_status":"closed","ping_status":"open","sticky":false,"template":"","format":"standard","meta":{"_acf_changed":false,"footnotes":""},"categories":[25],"tags":[],"class_list":["post-19820","post","type-post","status-publish","format-standard","has-post-thumbnail","hentry","category-giubileo-2025"],"acf":[],"yoast_head":"<!-- This site is optimized with the Yoast SEO plugin v26.6 - https:\/\/yoast.com\/wordpress\/plugins\/seo\/ -->\n<title>Prepariamoci all&#039;Anno Santo con la preghiera del Giubileo - Holyblog<\/title>\n<meta name=\"description\" content=\"In vista del Giubileo diventa fondamentale prepararsi al meglio. Le intenzioni del Papa forniscono ispirazione con la preghiera del Giubileo.\" \/>\n<meta name=\"robots\" content=\"index, follow, max-snippet:-1, max-image-preview:large, max-video-preview:-1\" \/>\n<link rel=\"canonical\" href=\"https:\/\/blog.holyart.it\/it\/giubileo-2025\/prepariamoci-allanno-santo-con-la-preghiera-del-giubileo\/\" \/>\n<meta property=\"og:locale\" content=\"it_IT\" \/>\n<meta property=\"og:type\" content=\"article\" \/>\n<meta property=\"og:title\" content=\"Prepariamoci all&#039;Anno Santo con la preghiera del Giubileo - Holyblog\" \/>\n<meta property=\"og:description\" content=\"In vista del Giubileo diventa fondamentale prepararsi al meglio. Le intenzioni del Papa forniscono ispirazione con la preghiera del Giubileo.\" \/>\n<meta property=\"og:url\" content=\"https:\/\/blog.holyart.it\/it\/giubileo-2025\/prepariamoci-allanno-santo-con-la-preghiera-del-giubileo\/\" \/>\n<meta property=\"og:site_name\" content=\"Holyblog\" \/>\n<meta property=\"article:published_time\" content=\"2024-04-11T09:55:38+00:00\" \/>\n<meta property=\"article:modified_time\" content=\"2024-12-11T15:48:33+00:00\" \/>\n<meta property=\"og:image\" content=\"https:\/\/blog.holyart.it\/it\/wp-content\/uploads\/sites\/17\/2024\/04\/preghiera-del-giubileo.jpg\" \/>\n\t<meta property=\"og:image:width\" content=\"1000\" \/>\n\t<meta property=\"og:image:height\" content=\"666\" \/>\n\t<meta property=\"og:image:type\" content=\"image\/jpeg\" \/>\n<meta name=\"author\" content=\"Redazione\" \/>\n<meta name=\"twitter:card\" content=\"summary_large_image\" \/>\n<meta name=\"twitter:label1\" content=\"Scritto da\" \/>\n\t<meta name=\"twitter:data1\" content=\"Redazione\" \/>\n\t<meta name=\"twitter:label2\" content=\"Tempo di lettura stimato\" \/>\n\t<meta name=\"twitter:data2\" content=\"13 minuti\" \/>\n<script type=\"application\/ld+json\" class=\"yoast-schema-graph\">{\"@context\":\"https:\/\/schema.org\",\"@graph\":[{\"@type\":\"Article\",\"@id\":\"https:\/\/blog.holyart.it\/it\/giubileo-2025\/prepariamoci-allanno-santo-con-la-preghiera-del-giubileo\/#article\",\"isPartOf\":{\"@id\":\"https:\/\/blog.holyart.it\/it\/giubileo-2025\/prepariamoci-allanno-santo-con-la-preghiera-del-giubileo\/\"},\"author\":{\"name\":\"Redazione\",\"@id\":\"https:\/\/blog.holyart.it\/it\/#\/schema\/person\/0a7b686e5af0f856ec1e390dd0baecda\"},\"headline\":\"Prepariamoci all&#8217;Anno Santo con la preghiera del Giubileo\",\"datePublished\":\"2024-04-11T09:55:38+00:00\",\"dateModified\":\"2024-12-11T15:48:33+00:00\",\"mainEntityOfPage\":{\"@id\":\"https:\/\/blog.holyart.it\/it\/giubileo-2025\/prepariamoci-allanno-santo-con-la-preghiera-del-giubileo\/\"},\"wordCount\":2094,\"publisher\":{\"@id\":\"https:\/\/blog.holyart.it\/it\/#organization\"},\"image\":{\"@id\":\"https:\/\/blog.holyart.it\/it\/giubileo-2025\/prepariamoci-allanno-santo-con-la-preghiera-del-giubileo\/#primaryimage\"},\"thumbnailUrl\":\"https:\/\/blog.holyart.it\/it\/wp-content\/uploads\/sites\/17\/2024\/04\/preghiera-del-giubileo.jpg\",\"articleSection\":[\"Giubileo 2025\"],\"inLanguage\":\"it-IT\"},{\"@type\":\"WebPage\",\"@id\":\"https:\/\/blog.holyart.it\/it\/giubileo-2025\/prepariamoci-allanno-santo-con-la-preghiera-del-giubileo\/\",\"url\":\"https:\/\/blog.holyart.it\/it\/giubileo-2025\/prepariamoci-allanno-santo-con-la-preghiera-del-giubileo\/\",\"name\":\"Prepariamoci all'Anno Santo con la preghiera del Giubileo - Holyblog\",\"isPartOf\":{\"@id\":\"https:\/\/blog.holyart.it\/it\/#website\"},\"primaryImageOfPage\":{\"@id\":\"https:\/\/blog.holyart.it\/it\/giubileo-2025\/prepariamoci-allanno-santo-con-la-preghiera-del-giubileo\/#primaryimage\"},\"image\":{\"@id\":\"https:\/\/blog.holyart.it\/it\/giubileo-2025\/prepariamoci-allanno-santo-con-la-preghiera-del-giubileo\/#primaryimage\"},\"thumbnailUrl\":\"https:\/\/blog.holyart.it\/it\/wp-content\/uploads\/sites\/17\/2024\/04\/preghiera-del-giubileo.jpg\",\"datePublished\":\"2024-04-11T09:55:38+00:00\",\"dateModified\":\"2024-12-11T15:48:33+00:00\",\"description\":\"In vista del Giubileo diventa fondamentale prepararsi al meglio. Le intenzioni del Papa forniscono ispirazione con la preghiera del Giubileo.\",\"breadcrumb\":{\"@id\":\"https:\/\/blog.holyart.it\/it\/giubileo-2025\/prepariamoci-allanno-santo-con-la-preghiera-del-giubileo\/#breadcrumb\"},\"inLanguage\":\"it-IT\",\"potentialAction\":[{\"@type\":\"ReadAction\",\"target\":[\"https:\/\/blog.holyart.it\/it\/giubileo-2025\/prepariamoci-allanno-santo-con-la-preghiera-del-giubileo\/\"]}]},{\"@type\":\"ImageObject\",\"inLanguage\":\"it-IT\",\"@id\":\"https:\/\/blog.holyart.it\/it\/giubileo-2025\/prepariamoci-allanno-santo-con-la-preghiera-del-giubileo\/#primaryimage\",\"url\":\"https:\/\/blog.holyart.it\/it\/wp-content\/uploads\/sites\/17\/2024\/04\/preghiera-del-giubileo.jpg\",\"contentUrl\":\"https:\/\/blog.holyart.it\/it\/wp-content\/uploads\/sites\/17\/2024\/04\/preghiera-del-giubileo.jpg\",\"width\":1000,\"height\":666,\"caption\":\"preghiera del giubileo\"},{\"@type\":\"BreadcrumbList\",\"@id\":\"https:\/\/blog.holyart.it\/it\/giubileo-2025\/prepariamoci-allanno-santo-con-la-preghiera-del-giubileo\/#breadcrumb\",\"itemListElement\":[{\"@type\":\"ListItem\",\"position\":1,\"name\":\"Homepage\",\"item\":\"https:\/\/blog.holyart.it\/it\/\"},{\"@type\":\"ListItem\",\"position\":2,\"name\":\"Giubileo 2025\",\"item\":\"https:\/\/blog.holyart.it\/it\/giubileo-2025\/\"},{\"@type\":\"ListItem\",\"position\":3,\"name\":\"Prepariamoci all&#8217;Anno Santo con la preghiera del Giubileo\"}]},{\"@type\":\"WebSite\",\"@id\":\"https:\/\/blog.holyart.it\/it\/#website\",\"url\":\"https:\/\/blog.holyart.it\/it\/\",\"name\":\"Holyblog\",\"description\":\"Il Blog di Holyart.it\",\"publisher\":{\"@id\":\"https:\/\/blog.holyart.it\/it\/#organization\"},\"potentialAction\":[{\"@type\":\"SearchAction\",\"target\":{\"@type\":\"EntryPoint\",\"urlTemplate\":\"https:\/\/blog.holyart.it\/it\/?s={search_term_string}\"},\"query-input\":{\"@type\":\"PropertyValueSpecification\",\"valueRequired\":true,\"valueName\":\"search_term_string\"}}],\"inLanguage\":\"it-IT\"},{\"@type\":\"Organization\",\"@id\":\"https:\/\/blog.holyart.it\/it\/#organization\",\"name\":\"Holyblog\",\"url\":\"https:\/\/blog.holyart.it\/it\/\",\"logo\":{\"@type\":\"ImageObject\",\"inLanguage\":\"it-IT\",\"@id\":\"https:\/\/blog.holyart.it\/it\/#\/schema\/logo\/image\/\",\"url\":\"https:\/\/blog.holyart.it\/it\/wp-content\/uploads\/sites\/17\/2022\/12\/Holyart_Blog_Logo.jpg\",\"contentUrl\":\"https:\/\/blog.holyart.it\/it\/wp-content\/uploads\/sites\/17\/2022\/12\/Holyart_Blog_Logo.jpg\",\"width\":300,\"height\":50,\"caption\":\"Holyblog\"},\"image\":{\"@id\":\"https:\/\/blog.holyart.it\/it\/#\/schema\/logo\/image\/\"}},{\"@type\":\"Person\",\"@id\":\"https:\/\/blog.holyart.it\/it\/#\/schema\/person\/0a7b686e5af0f856ec1e390dd0baecda\",\"name\":\"Redazione\"}]}<\/script>\n<!-- \/ Yoast SEO plugin. -->","yoast_head_json":{"title":"Prepariamoci all'Anno Santo con la preghiera del Giubileo - Holyblog","description":"In vista del Giubileo diventa fondamentale prepararsi al meglio. Le intenzioni del Papa forniscono ispirazione con la preghiera del Giubileo.","robots":{"index":"index","follow":"follow","max-snippet":"max-snippet:-1","max-image-preview":"max-image-preview:large","max-video-preview":"max-video-preview:-1"},"canonical":"https:\/\/blog.holyart.it\/it\/giubileo-2025\/prepariamoci-allanno-santo-con-la-preghiera-del-giubileo\/","og_locale":"it_IT","og_type":"article","og_title":"Prepariamoci all'Anno Santo con la preghiera del Giubileo - Holyblog","og_description":"In vista del Giubileo diventa fondamentale prepararsi al meglio. Le intenzioni del Papa forniscono ispirazione con la preghiera del Giubileo.","og_url":"https:\/\/blog.holyart.it\/it\/giubileo-2025\/prepariamoci-allanno-santo-con-la-preghiera-del-giubileo\/","og_site_name":"Holyblog","article_published_time":"2024-04-11T09:55:38+00:00","article_modified_time":"2024-12-11T15:48:33+00:00","og_image":[{"width":1000,"height":666,"url":"https:\/\/blog.holyart.it\/it\/wp-content\/uploads\/sites\/17\/2024\/04\/preghiera-del-giubileo.jpg","type":"image\/jpeg"}],"author":"Redazione","twitter_card":"summary_large_image","twitter_misc":{"Scritto da":"Redazione","Tempo di lettura stimato":"13 minuti"},"schema":{"@context":"https:\/\/schema.org","@graph":[{"@type":"Article","@id":"https:\/\/blog.holyart.it\/it\/giubileo-2025\/prepariamoci-allanno-santo-con-la-preghiera-del-giubileo\/#article","isPartOf":{"@id":"https:\/\/blog.holyart.it\/it\/giubileo-2025\/prepariamoci-allanno-santo-con-la-preghiera-del-giubileo\/"},"author":{"name":"Redazione","@id":"https:\/\/blog.holyart.it\/it\/#\/schema\/person\/0a7b686e5af0f856ec1e390dd0baecda"},"headline":"Prepariamoci all&#8217;Anno Santo con la preghiera del Giubileo","datePublished":"2024-04-11T09:55:38+00:00","dateModified":"2024-12-11T15:48:33+00:00","mainEntityOfPage":{"@id":"https:\/\/blog.holyart.it\/it\/giubileo-2025\/prepariamoci-allanno-santo-con-la-preghiera-del-giubileo\/"},"wordCount":2094,"publisher":{"@id":"https:\/\/blog.holyart.it\/it\/#organization"},"image":{"@id":"https:\/\/blog.holyart.it\/it\/giubileo-2025\/prepariamoci-allanno-santo-con-la-preghiera-del-giubileo\/#primaryimage"},"thumbnailUrl":"https:\/\/blog.holyart.it\/it\/wp-content\/uploads\/sites\/17\/2024\/04\/preghiera-del-giubileo.jpg","articleSection":["Giubileo 2025"],"inLanguage":"it-IT"},{"@type":"WebPage","@id":"https:\/\/blog.holyart.it\/it\/giubileo-2025\/prepariamoci-allanno-santo-con-la-preghiera-del-giubileo\/","url":"https:\/\/blog.holyart.it\/it\/giubileo-2025\/prepariamoci-allanno-santo-con-la-preghiera-del-giubileo\/","name":"Prepariamoci all'Anno Santo con la preghiera del Giubileo - Holyblog","isPartOf":{"@id":"https:\/\/blog.holyart.it\/it\/#website"},"primaryImageOfPage":{"@id":"https:\/\/blog.holyart.it\/it\/giubileo-2025\/prepariamoci-allanno-santo-con-la-preghiera-del-giubileo\/#primaryimage"},"image":{"@id":"https:\/\/blog.holyart.it\/it\/giubileo-2025\/prepariamoci-allanno-santo-con-la-preghiera-del-giubileo\/#primaryimage"},"thumbnailUrl":"https:\/\/blog.holyart.it\/it\/wp-content\/uploads\/sites\/17\/2024\/04\/preghiera-del-giubileo.jpg","datePublished":"2024-04-11T09:55:38+00:00","dateModified":"2024-12-11T15:48:33+00:00","description":"In vista del Giubileo diventa fondamentale prepararsi al meglio. Le intenzioni del Papa forniscono ispirazione con la preghiera del Giubileo.","breadcrumb":{"@id":"https:\/\/blog.holyart.it\/it\/giubileo-2025\/prepariamoci-allanno-santo-con-la-preghiera-del-giubileo\/#breadcrumb"},"inLanguage":"it-IT","potentialAction":[{"@type":"ReadAction","target":["https:\/\/blog.holyart.it\/it\/giubileo-2025\/prepariamoci-allanno-santo-con-la-preghiera-del-giubileo\/"]}]},{"@type":"ImageObject","inLanguage":"it-IT","@id":"https:\/\/blog.holyart.it\/it\/giubileo-2025\/prepariamoci-allanno-santo-con-la-preghiera-del-giubileo\/#primaryimage","url":"https:\/\/blog.holyart.it\/it\/wp-content\/uploads\/sites\/17\/2024\/04\/preghiera-del-giubileo.jpg","contentUrl":"https:\/\/blog.holyart.it\/it\/wp-content\/uploads\/sites\/17\/2024\/04\/preghiera-del-giubileo.jpg","width":1000,"height":666,"caption":"preghiera del giubileo"},{"@type":"BreadcrumbList","@id":"https:\/\/blog.holyart.it\/it\/giubileo-2025\/prepariamoci-allanno-santo-con-la-preghiera-del-giubileo\/#breadcrumb","itemListElement":[{"@type":"ListItem","position":1,"name":"Homepage","item":"https:\/\/blog.holyart.it\/it\/"},{"@type":"ListItem","position":2,"name":"Giubileo 2025","item":"https:\/\/blog.holyart.it\/it\/giubileo-2025\/"},{"@type":"ListItem","position":3,"name":"Prepariamoci all&#8217;Anno Santo con la preghiera del Giubileo"}]},{"@type":"WebSite","@id":"https:\/\/blog.holyart.it\/it\/#website","url":"https:\/\/blog.holyart.it\/it\/","name":"Holyblog","description":"Il Blog di Holyart.it","publisher":{"@id":"https:\/\/blog.holyart.it\/it\/#organization"},"potentialAction":[{"@type":"SearchAction","target":{"@type":"EntryPoint","urlTemplate":"https:\/\/blog.holyart.it\/it\/?s={search_term_string}"},"query-input":{"@type":"PropertyValueSpecification","valueRequired":true,"valueName":"search_term_string"}}],"inLanguage":"it-IT"},{"@type":"Organization","@id":"https:\/\/blog.holyart.it\/it\/#organization","name":"Holyblog","url":"https:\/\/blog.holyart.it\/it\/","logo":{"@type":"ImageObject","inLanguage":"it-IT","@id":"https:\/\/blog.holyart.it\/it\/#\/schema\/logo\/image\/","url":"https:\/\/blog.holyart.it\/it\/wp-content\/uploads\/sites\/17\/2022\/12\/Holyart_Blog_Logo.jpg","contentUrl":"https:\/\/blog.holyart.it\/it\/wp-content\/uploads\/sites\/17\/2022\/12\/Holyart_Blog_Logo.jpg","width":300,"height":50,"caption":"Holyblog"},"image":{"@id":"https:\/\/blog.holyart.it\/it\/#\/schema\/logo\/image\/"}},{"@type":"Person","@id":"https:\/\/blog.holyart.it\/it\/#\/schema\/person\/0a7b686e5af0f856ec1e390dd0baecda","name":"Redazione"}]}},"_links":{"self":[{"href":"https:\/\/blog.holyart.it\/it\/wp-json\/wp\/v2\/posts\/19820","targetHints":{"allow":["GET"]}}],"collection":[{"href":"https:\/\/blog.holyart.it\/it\/wp-json\/wp\/v2\/posts"}],"about":[{"href":"https:\/\/blog.holyart.it\/it\/wp-json\/wp\/v2\/types\/post"}],"author":[{"embeddable":true,"href":"https:\/\/blog.holyart.it\/it\/wp-json\/wp\/v2\/users\/1"}],"replies":[{"embeddable":true,"href":"https:\/\/blog.holyart.it\/it\/wp-json\/wp\/v2\/comments?post=19820"}],"version-history":[{"count":9,"href":"https:\/\/blog.holyart.it\/it\/wp-json\/wp\/v2\/posts\/19820\/revisions"}],"predecessor-version":[{"id":21117,"href":"https:\/\/blog.holyart.it\/it\/wp-json\/wp\/v2\/posts\/19820\/revisions\/21117"}],"wp:featuredmedia":[{"embeddable":true,"href":"https:\/\/blog.holyart.it\/it\/wp-json\/wp\/v2\/media\/19831"}],"wp:attachment":[{"href":"https:\/\/blog.holyart.it\/it\/wp-json\/wp\/v2\/media?parent=19820"}],"wp:term":[{"taxonomy":"category","embeddable":true,"href":"https:\/\/blog.holyart.it\/it\/wp-json\/wp\/v2\/categories?post=19820"},{"taxonomy":"post_tag","embeddable":true,"href":"https:\/\/blog.holyart.it\/it\/wp-json\/wp\/v2\/tags?post=19820"}],"curies":[{"name":"wp","href":"https:\/\/api.w.org\/{rel}","templated":true}]}}