{"id":19807,"date":"2024-05-13T10:00:21","date_gmt":"2024-05-13T08:00:21","guid":{"rendered":"https:\/\/blog.holyart.it\/it\/?p=19807"},"modified":"2025-10-13T17:14:12","modified_gmt":"2025-10-13T15:14:12","slug":"sette-santi-fondatori-dellordine-dei-servi-di-maria","status":"publish","type":"post","link":"https:\/\/blog.holyart.it\/it\/santi-e-beati\/sette-santi-fondatori-dellordine-dei-servi-di-maria\/","title":{"rendered":"Sette Santi fondatori dell&#8217;Ordine dei Servi di Maria"},"content":{"rendered":"<h4>Il 17 febbraio la chiesa ricorda i Sette Santi fondatori dell&#8217;Ordine dei Servi di Maria, che rinunciarono ad ogni cosa per consacrare la propria esistenza alla Vergine e alla carit\u00e0<\/h4>\n<p>I\u00a0<strong>Sette Santi fondatori dell&#8217;Ordine dei Servi di Maria<\/strong>\u00a0erano sette gentiluomini fiorentini, ricchi mercanti, che scelsero di abbandonare una vita di agi e ricchezze per dedicarsi completamente alla penitenza, alla contemplazione e alla <a href=\"https:\/\/www.holyart.it\/blog\/santi-e-beati\/la-devozione-di-padre-pio-alla-madonna-di-pompei-e-il-dono-della-rosa\/\"><strong>devozione a Maria Vergine<\/strong><\/a>. Una decisione resa ancora pi\u00f9 coraggiosa e straordinaria dall&#8217;epoca in cui questi uomini vissero, all&#8217;inizio del XIII secolo, mentre la Repubblica fiorentina era sconvolta da guerre fratricide e il perseguimento dell&#8217;utile, anche a costo della prevaricazione sui pi\u00f9 deboli, sembrava l&#8217;unica legge per molti. \u00c8 probabile che questi sette uomini furono influenzati dai\u00a0<strong>grandi ordini mendicanti<\/strong>, come i Francescani e i Domenicani, ma anche dai\u00a0<strong>monaci benedettini\u00a0<\/strong>di Camaldoli, dell&#8217;Abbazia di Vallombrosa e di Cluny. Inoltre i Sette Santi fondatori erano gi\u00e0 membri di una <strong>compagnia laica di laudesi\u00a0<\/strong>devoti della Beata Vergine, la\u00a0<strong>Compagnia di Servi di Santa Maria<\/strong>, una delle\u00a0<strong><a href=\"https:\/\/www.holyart.it\/blog\/prodotti-monasteri\/nascita-ed-evoluzione-delle-confraternite-dallepoca-romana-ai-giorni-nostri\/\">confraternite<\/a><\/strong>\u00a0presenti a Firenze in quel periodo, dedite alle opere di carit\u00e0 e alla penitenza. Infatti il loro primo gesto come nuovo ordine fu di lasciare le proprie dimore e possedimenti e regalare tutti i loro beni ai poveri.<\/p>\n<div class=\"link-article\">\n<p><img loading=\"lazy\" decoding=\"async\" class=\"size-full wp-image-19810 alignleft\" src=\"https:\/\/blog.holyart.it\/it\/wp-content\/uploads\/sites\/17\/2024\/04\/padre-pio-e-madonna-di-pompei.jpeg\" alt=\"padre pio devozione madonna del rosario\" width=\"150\" height=\"93\" data-kale-share-title=\"Sette Santi fondatori dell\u2019Ordine dei Servi di Maria\" data-kale-share-url=\"https:\/\/blog.holyart.it\/it\/?p=19807\" \/><\/p>\n<div class=\"leggi-anche\">Leggi anche:<\/div>\n<p><strong><a href=\"https:\/\/www.holyart.it\/blog\/santi-e-beati\/la-devozione-di-padre-pio-alla-madonna-di-pompei-e-il-dono-della-rosa\/\">La devozione di Padre Pio alla Madonna di Pompei e il dono della rosa<\/a><\/strong><br \/>\nIl 5 maggio si festeggia l\u2019onomastico del Santo di Pietrelcina. Scopriamo&#8230;<\/p>\n<\/div>\n<p>Dai documenti del tempo risulta che nel 1233, i Sette Santi fondatori decisero di abbandonare le proprie attivit\u00e0 per abbracciare la vita in comune e dedicarsi a <a href=\"https:\/\/www.holyart.it\/blog\/articoli-religiosi\/feste-mariane-dedicate-a-maria\/\"><strong>Maria Santissima Madre di Dio<\/strong><\/a>. Inizialmente scelsero come luogo di ritiro <strong>Cafaggio<\/strong>, una zona in campagna in cui sorgeva un piccolo oratorio dove i sette uomini si fermavano a pregare insieme dopo le questue. Presto iniziarono a sistemare l&#8217;ospizio annesso, per poter accogliere nuovi fratelli. In seguito, sulle rovine di questo oratorio, sorger\u00e0 la Basilica della Santissima Annunziata. Nel 1234 il vescovo Ardingo Foraboschi volle offrire alla confraternita un terreno sul\u00a0<strong>Monte Senario.\u00a0<\/strong>Qui essi iniziarono a costruire sui ruderi di un antico castello delle capanne, che diventano le loro celle, e una chiesetta dedicata alla Madonna.<\/p>\n<div class=\"link-article\">\n<p><img loading=\"lazy\" decoding=\"async\" class=\"size-full wp-image-19811 alignleft\" src=\"https:\/\/blog.holyart.it\/it\/wp-content\/uploads\/sites\/17\/2024\/04\/feste-mariane.jpg\" alt=\"feste mariane\" width=\"150\" height=\"99\" data-kale-share-title=\"Sette Santi fondatori dell\u2019Ordine dei Servi di Maria\" data-kale-share-url=\"https:\/\/blog.holyart.it\/it\/?p=19807\" \/><\/p>\n<div class=\"leggi-anche\">Leggi anche:<\/div>\n<p><strong><a href=\"https:\/\/www.holyart.it\/blog\/articoli-religiosi\/feste-mariane-dedicate-a-maria\/\">Feste Mariane: ecco tutte le ricorrenze dell\u2019anno dedicate a Maria<\/a><\/strong><br \/>\nFeste Mariane, tutti i volti della devozione a Maria Madre di Ges\u00f9&#8230;<\/p>\n<\/div>\n<p>Nel 1239 il cardinale Goffredo Castiglioni, che diventer\u00e0 Papa col nome di Celestino IV,\u00a0<strong>assegn\u00f2 loro la <a href=\"https:\/\/www.holyart.it\/blog\/santi-e-beati\/le-confessioni-di-sant-agostino-come-cambiare-la-propria-vita\/\">Regola di Sant\u2019Agostino<\/a><\/strong>, punto di riferimento nella vita monastica per innumerevoli comunit\u00e0 dal V secolo in poi. Inizialmente il nome scelto per la comunit\u00e0 fu\u00a0<strong>Compagnia di <a href=\"https:\/\/www.holyart.it\/it\/articoli-religiosi\/statue\/statue-in-resina-e-pvc\/madonna-addolorata-dettagli-oro-statua-resina-20-cm\">Maria Addolorata<\/a><\/strong>, ma un giorno, mentre due di loro facevano ritorno al Monte Senario da Firenze, un bambino li vide e disse che sembravano due servi di Maria. Da qui il nuovo nome.<\/p>\n<div class=\"link-product\">\n<div class=\"blocco-immagine\"><img loading=\"lazy\" decoding=\"async\" class=\"size-full wp-image-19812 alignleft\" src=\"https:\/\/blog.holyart.it\/it\/wp-content\/uploads\/sites\/17\/2024\/04\/madonna-addolorata-dettagli-oro-statua-resina-20-cm.jpg\" alt=\"madonna addolorata dettagli oro statua resina 20 cm\" width=\"100\" height=\"100\" data-kale-share-title=\"Sette Santi fondatori dell\u2019Ordine dei Servi di Maria\" data-kale-share-url=\"https:\/\/blog.holyart.it\/it\/?p=19807\" \/><\/div>\n<div class=\"blocco-contenuto\">\n<div class=\"blocco-acquista\">Acquista su Holyart:<\/div>\n<div class=\"blocco-titolo\"><a href=\"https:\/\/www.holyart.it\/it\/articoli-religiosi\/statue\/statue-in-resina-e-pvc\/madonna-addolorata-dettagli-oro-statua-resina-20-cm\">Madonna Addolorata dettagli oro statua resina 20 cm<\/a><\/div>\n<div class=\"blocco-descrizione\">Statua raffigurante la Madonna Addolorata, immagine legata ai 7 dolori da lei affrontati nei Vangeli.<\/div>\n<\/div>\n<\/div>\n<p>Ben presto la fama dell&#8217;ordine si diffuse anche al di fuori della Toscana, in Umbria, Emilia e perfino in Germania, e molti altri uomini si unirono ai Santi fondatori creando comunit\u00e0 analoghe a quella del Monte Senario. Tuttavia, nel 1274, il\u00a0<strong>Concilio di Lione II\u00a0<\/strong>emise un decreto che annunciava la soppressione di tutti gli Ordini religiosi nati dopo il Concilio Lateranense IV del 1215, a meno che non avessero ottenuto la conferma pontificia, e la naturale estinzione di quelli che, pur avendola ricevuta, non mostravano una manifesta utilit\u00e0 per la Chiesa universale. Filippo Benizi, un giovane di ventuno anni che sarebbe diventato il futuro Priore Generale, si prodig\u00f2 immensamente e riusc\u00ec a <strong>ottenere il riconoscimento pontificio<\/strong>, salvando cos\u00ec l&#8217;Ordine.<\/p>\n<p>Nel 1304 Papa Benedetto XI\u00a0<strong>approv\u00f2 ufficialmente\u00a0<\/strong>la Regola e le Costituzioni dei Servi di Maria.<\/p>\n<p>L&#8217;Ordine conobbe alterne vicende a causa della\u00a0<a href=\"https:\/\/www.holyart.it\/blog\/articoli-religiosi\/le-principali-differenze-tra-cattolici-e-protestanti\/\"><strong>Riforma Protestante<\/strong><\/a>, prendendo parte anche al\u00a0<strong>Concilio di Trento<\/strong>. Nuovi conventi vennero aperti in Germania e Spagna. Nel 1652, Papa Innocenzo X impose una <strong>riforma forzata di tutti gli ordini religiosi<\/strong>\u00a0e diversi conventi dei Servi di Maria furono chiusi.<\/p>\n<div class=\"link-article\">\n<p><img loading=\"lazy\" decoding=\"async\" class=\"size-full wp-image-19813 alignleft\" src=\"https:\/\/blog.holyart.it\/it\/wp-content\/uploads\/sites\/17\/2024\/04\/differenze-tra-cattolici-e-protestanti.jpg\" alt=\"differenze tra cattolici e protestanti\" width=\"150\" height=\"99\" data-kale-share-title=\"Sette Santi fondatori dell\u2019Ordine dei Servi di Maria\" data-kale-share-url=\"https:\/\/blog.holyart.it\/it\/?p=19807\" \/><\/p>\n<div class=\"leggi-anche\">Leggi anche:<\/div>\n<p><strong><a href=\"https:\/\/www.holyart.it\/blog\/articoli-religiosi\/le-principali-differenze-tra-cattolici-e-protestanti\/\">Le principali differenze tra cattolici e protestanti<\/a><\/strong><br \/>\nLe differenze tra Cattolici e Protestanti sono alla base della storia della religione cristiana e della nascita dell\u2019Europa&#8230;<\/p>\n<\/div>\n<p>All&#8217;inizio del 1700 l&#8217;ordine raggiunse il suo\u00a0<strong>massimo sviluppo<\/strong>, sia per numero di conventi che di fratelli, ma alla fine del medesimo secolo molti luoghi di culto vennero chiusi e i fratelli si dispersero. Solo nel XX ci fu una nuova espansione dei Servi di Maria, ormai diffusi in tutto il mondo.<\/p>\n<p>Il 30 luglio 1725, Papa Benedetto XIII conferm\u00f2 il culto di alcuni dei Sette Santi fondatori, ma solo il <strong>15 gennaio 1888<\/strong>\u00a0vennero\u00a0<strong>canonizzati tutti da Papa Leone XIII<\/strong>\u00a0e la loro\u00a0<strong>festa comune fissata per il 17 febbraio<\/strong>.<\/p>\n<p>I Sette fondatori vennero canonizzati semplicemente con i loro nomi: Bonfiglio, Bonagiunta, Manetto, Uguccione, Amadio, Sostegno e Alessio. Le loro spoglie giacciono tutte insieme in un sepolcro sul Monte Senario.<\/p>\n<h2>Chi erano i Sette Santi fondatori<\/h2>\n<p>Ma chi erano i Sette Santi fondatori? In realt\u00e0 esistono pochissimi documenti relativi alla vita e all&#8217;opera di questi uomini.<\/p>\n<p><strong>Bonfiglio Monaldi\u00a0<\/strong>fu il fondatore e la guida del gruppo laico, e successivamente primo Priore dell&#8217;ordine dei Servi di Maria. La sua iconografia ricorrente lo vede accompagnato da una\u00a0<strong>colomba<\/strong>\u00a0posata sulla spalla, simbolo dello Spirito Santo. In lui pi\u00f9 che nei suoi fratelli i\u00a0<strong><a href=\"https:\/\/www.holyart.it\/blog\/articoli-religiosi\/i-7-doni-dello-spirito-santo-quali-sono-e-il-loro-significato\/\">Doni dello Spirito Santo<\/a><\/strong>\u00a0si manifestavano grandemente. Era dotato anche di un\u00a0<strong>grande carisma<\/strong>, che lo rendeva un leader naturale e che contribu\u00ec alla fama della comunit\u00e0 e alla sempre maggior affluenza di nuovi penitenti. Mor\u00ec il 1\u00b0 gennaio 1262.<\/p>\n<div class=\"link-article\">\n<p><img loading=\"lazy\" decoding=\"async\" class=\"size-full wp-image-19814 alignleft\" src=\"https:\/\/blog.holyart.it\/it\/wp-content\/uploads\/sites\/17\/2024\/04\/doni-dello-spirito-santo-1.jpg\" alt=\"doni dello spirito santo\" width=\"150\" height=\"99\" data-kale-share-title=\"Sette Santi fondatori dell\u2019Ordine dei Servi di Maria\" data-kale-share-url=\"https:\/\/blog.holyart.it\/it\/?p=19807\" \/><\/p>\n<div class=\"leggi-anche\">Leggi anche:<\/div>\n<p><strong><a href=\"https:\/\/www.holyart.it\/blog\/articoli-religiosi\/i-7-doni-dello-spirito-santo-quali-sono-e-il-loro-significato\/\">I 7 doni dello Spirito Santo: quali sono e il loro significato<\/a><\/strong><br \/>\nI doni dello Spirito Santo rendono l\u2019uomo docile a seguire le ispirazioni divine e qualificano il suo rapporto con Dio&#8230;<\/p>\n<\/div>\n<p><strong>Bonagiunta Manetti<\/strong>\u00a0si distinse per la sua\u00a0<strong>austerit\u00e0 e rigore<\/strong>. Severo e intransigente verso s\u00e9 stesso, al contempo mostrava dolcezza, amabilit\u00e0 e comprensione nei confronti del prossimo. Egli ricopr\u00ec la prestigiosa carica di Priore Generale dei Servi di Maria nel breve periodo compreso tra il 1256 e il 1257. A causa della sua\u00a0<strong>instancabile difesa della verit\u00e0 e della giustizia<\/strong>, fu oggetto di un tentativo di avvelenamento, ma la provvidenza divina lo salv\u00f2 da questo pericolo. La sua vita terrena giunse a termine il 31 agosto 1267.<\/p>\n<p>Anche\u00a0<strong>Manetto dell&#8217;Antella<\/strong>\u00a0fu Priore Generale dell\u2019Ordine dei Servi di Maria. Uomo dotato di notevoli\u00a0<strong>capacit\u00e0 organizzative e direttive<\/strong>\u00a0port\u00f2 l&#8217;Ordine in terra di\u00a0<strong>Francia<\/strong>. Si ritiene che Manetto dell&#8217;Antella sia morto il 20 agosto 1268.<\/p>\n<p>Nel gruppo dei Sette Santi Fondatori dell\u2019Ordine dei Servi di Maria, <strong>Sant\u2019Amadio<\/strong>\u00a0era il pi\u00f9<strong>\u00a0ricco di carit\u00e0 e amore<\/strong>. Il suo stesso nome lo suggeriva, del resto:\u00a0<em>Ama-Dio<\/em>. Quell&#8217;amore riscaldava chiunque gli stesse accanto, prima di tutti i suoi confratelli. Sant\u2019Amadio si spense il 18 aprile 1266.<\/p>\n<p><strong>San Sostegno Sostegni\u00a0<\/strong>era legato da una profonda amicizia con<strong>\u00a0Sant&#8217;Uguccione<\/strong>. Non a caso i due sono sempre raffigurati insieme e sono divenuti un\u00a0<strong>simbolo di fraternit\u00e0 e di amicizia ispirata da Dio<\/strong>. Sono anche morti lo stesso giorno, il 3 maggio 1282.<\/p>\n<p>Appartenente alla famiglia dei Falconieri e zio di Santa Giuliana,<strong>\u00a0Sant\u2019Alessio<\/strong>\u00a0si distinse come luminoso esempio di\u00a0<strong>umilt\u00e0<\/strong>. Puro, devoto, la sua stessa esistenza era una lode a Dio. Si dedicava con entusiasmo alla <a href=\"https:\/\/www.holyart.it\/it\/accessori-per-la-liturgia\/accessori-vari\/sacco-per-questua-elemosine\"><strong>questua<\/strong><\/a>, raccogliendo denaro per mantenere i suoi frati inviati a studiare presso la Sorbona di Parigi. La sua esistenza si concluse all&#8217;et\u00e0 di 110 anni, il 17 febbraio 1310.<\/p>\n<div class=\"link-product\">\n<div class=\"blocco-immagine\"><img loading=\"lazy\" decoding=\"async\" class=\"size-full wp-image-19815 alignleft\" src=\"https:\/\/blog.holyart.it\/it\/wp-content\/uploads\/sites\/17\/2024\/04\/sacco-per-questua-elemosine.jpg\" alt=\"sacco per questua elemosine\" width=\"100\" height=\"100\" data-kale-share-title=\"Sette Santi fondatori dell\u2019Ordine dei Servi di Maria\" data-kale-share-url=\"https:\/\/blog.holyart.it\/it\/?p=19807\" \/><\/div>\n<div class=\"blocco-contenuto\">\n<div class=\"blocco-acquista\">Acquista su Holyart:<\/div>\n<div class=\"blocco-titolo\"><a href=\"https:\/\/www.holyart.it\/it\/accessori-per-la-liturgia\/accessori-vari\/sacco-per-questua-elemosine\">Sacco per questua (elemosine)<\/a><\/div>\n<div class=\"blocco-descrizione\">Con portamanico lungo 15 cm predisposto per manico in legno.<\/div>\n<\/div>\n<\/div>\n<h2>Preghiera ai Sette Santi fondatori dell&#8217;Ordine dei Servi della Beata Vergine Maria<\/h2>\n<p><em>Nel nome del Padre, del Figlio, e dello Spirito Santo.<\/em><br \/>\n<em>Amen.<\/em><\/p>\n<p><em>Signore Ges\u00f9 Cristo, che nella perpetua memoria dei dolori della tua santissima Madre, per mezzo dei sette santi Padri, hai arricchito la tua Chiesa della nuova famiglia dei Servi di Maria; concedi a noi, tuoi servi, che abitiamo in questa valle di lacrime, di essere uniti alle sofferenze della tua tristissima Madre, affinch\u00e9 meritiamo di diventare partecipi della perpetua consolazione in cielo.<\/em><\/p>\n<p><em>Tu che vivi e regni nei secoli dei secoli.<\/em><\/p>\n<p><em>Amen.<\/em><\/p>\n<p><em>Padre nostro che sei nei cieli, sia santificato il tuo nome, venga il tuo regno, sia fatta la tua volont\u00e0 come in cielo cos\u00ec in terra. Dacci oggi il nostro pane quotidiano, e rimetti a noi i nostri debiti come noi li rimettiamo ai nostri debitori, e non ci indurre in tentazione, ma liberaci dal male.<\/em><br \/>\n<em>Amen.<\/em><\/p>\n<p><em>Ave, o Maria, piena di grazia, il Signore \u00e8 con te. Tu sei benedetta fra le donne e benedetto \u00e8 il frutto del tuo seno, Ges\u00f9. Santa Maria, Madre di Dio, prega per noi peccatori, adesso e nell&#8217;ora della nostra morte.<\/em><br \/>\n<em>Amen.<\/em><\/p>\n<p><em>Gloria al Padre, al Figlio e allo Spirito Santo. Come era nel principio ora e sempre nei secoli dei secoli.<\/em><br \/>\n<em>Amen.<\/em><\/p>\n<p><em>Santi 7 Fondatori dell&#8217;Ordine dei Servi della Beata Vergine Maria, pregate per noi.<\/em><\/p>\n","protected":false},"excerpt":{"rendered":"<p>Il 17 febbraio la chiesa ricorda i Sette Santi fondatori dell&#8217;Ordine dei Servi di Maria, che rinunciarono ad ogni cosa per consacrare la propria esistenza alla Vergine e alla carit\u00e0 I\u00a0Sette Santi fondatori dell&#8217;Ordine dei Servi di Maria\u00a0erano sette gentiluomini fiorentini, ricchi mercanti, che scelsero&hellip;<\/p>\n","protected":false},"author":1,"featured_media":19818,"comment_status":"closed","ping_status":"open","sticky":false,"template":"","format":"standard","meta":{"_acf_changed":false,"footnotes":""},"categories":[15],"tags":[],"class_list":["post-19807","post","type-post","status-publish","format-standard","has-post-thumbnail","hentry","category-santi-e-beati"],"acf":[],"yoast_head":"<!-- This site is optimized with the Yoast SEO plugin v26.6 - https:\/\/yoast.com\/wordpress\/plugins\/seo\/ -->\n<title>Sette Santi fondatori dell&#039;Ordine dei Servi di Maria - Holyblog<\/title>\n<meta name=\"description\" content=\"Legati da profonda amicizia, i Sette Santi fondatori dell\u2019Ordine dei Servi di Maria dedicarono le proprie vite alla devozione alla Madonna.\" \/>\n<meta name=\"robots\" content=\"index, follow, max-snippet:-1, max-image-preview:large, max-video-preview:-1\" \/>\n<link rel=\"canonical\" href=\"https:\/\/blog.holyart.it\/it\/santi-e-beati\/sette-santi-fondatori-dellordine-dei-servi-di-maria\/\" \/>\n<meta property=\"og:locale\" content=\"it_IT\" \/>\n<meta property=\"og:type\" content=\"article\" \/>\n<meta property=\"og:title\" content=\"Sette Santi fondatori dell&#039;Ordine dei Servi di Maria - Holyblog\" \/>\n<meta property=\"og:description\" content=\"Legati da profonda amicizia, i Sette Santi fondatori dell\u2019Ordine dei Servi di Maria dedicarono le proprie vite alla devozione alla Madonna.\" \/>\n<meta property=\"og:url\" content=\"https:\/\/blog.holyart.it\/it\/santi-e-beati\/sette-santi-fondatori-dellordine-dei-servi-di-maria\/\" \/>\n<meta property=\"og:site_name\" content=\"Holyblog\" \/>\n<meta property=\"article:published_time\" content=\"2024-05-13T08:00:21+00:00\" \/>\n<meta property=\"article:modified_time\" content=\"2025-10-13T15:14:12+00:00\" \/>\n<meta property=\"og:image\" content=\"https:\/\/blog.holyart.it\/it\/wp-content\/uploads\/sites\/17\/2024\/04\/sette-santi-fondatori-dellordine-dei-servi-di-maria.jpg\" \/>\n\t<meta property=\"og:image:width\" content=\"1000\" \/>\n\t<meta property=\"og:image:height\" content=\"666\" \/>\n\t<meta property=\"og:image:type\" content=\"image\/jpeg\" \/>\n<meta name=\"author\" content=\"Redazione\" \/>\n<meta name=\"twitter:card\" content=\"summary_large_image\" \/>\n<meta name=\"twitter:label1\" content=\"Scritto da\" \/>\n\t<meta name=\"twitter:data1\" content=\"Redazione\" \/>\n\t<meta name=\"twitter:label2\" content=\"Tempo di lettura stimato\" \/>\n\t<meta name=\"twitter:data2\" content=\"10 minuti\" \/>\n<script type=\"application\/ld+json\" class=\"yoast-schema-graph\">{\"@context\":\"https:\/\/schema.org\",\"@graph\":[{\"@type\":\"Article\",\"@id\":\"https:\/\/blog.holyart.it\/it\/santi-e-beati\/sette-santi-fondatori-dellordine-dei-servi-di-maria\/#article\",\"isPartOf\":{\"@id\":\"https:\/\/blog.holyart.it\/it\/santi-e-beati\/sette-santi-fondatori-dellordine-dei-servi-di-maria\/\"},\"author\":{\"name\":\"Redazione\",\"@id\":\"https:\/\/blog.holyart.it\/it\/#\/schema\/person\/0a7b686e5af0f856ec1e390dd0baecda\"},\"headline\":\"Sette Santi fondatori dell&#8217;Ordine dei Servi di Maria\",\"datePublished\":\"2024-05-13T08:00:21+00:00\",\"dateModified\":\"2025-10-13T15:14:12+00:00\",\"mainEntityOfPage\":{\"@id\":\"https:\/\/blog.holyart.it\/it\/santi-e-beati\/sette-santi-fondatori-dellordine-dei-servi-di-maria\/\"},\"wordCount\":1465,\"publisher\":{\"@id\":\"https:\/\/blog.holyart.it\/it\/#organization\"},\"image\":{\"@id\":\"https:\/\/blog.holyart.it\/it\/santi-e-beati\/sette-santi-fondatori-dellordine-dei-servi-di-maria\/#primaryimage\"},\"thumbnailUrl\":\"https:\/\/blog.holyart.it\/it\/wp-content\/uploads\/sites\/17\/2024\/04\/sette-santi-fondatori-dellordine-dei-servi-di-maria.jpg\",\"articleSection\":[\"Santi e beati\"],\"inLanguage\":\"it-IT\"},{\"@type\":\"WebPage\",\"@id\":\"https:\/\/blog.holyart.it\/it\/santi-e-beati\/sette-santi-fondatori-dellordine-dei-servi-di-maria\/\",\"url\":\"https:\/\/blog.holyart.it\/it\/santi-e-beati\/sette-santi-fondatori-dellordine-dei-servi-di-maria\/\",\"name\":\"Sette Santi fondatori dell'Ordine dei Servi di Maria - Holyblog\",\"isPartOf\":{\"@id\":\"https:\/\/blog.holyart.it\/it\/#website\"},\"primaryImageOfPage\":{\"@id\":\"https:\/\/blog.holyart.it\/it\/santi-e-beati\/sette-santi-fondatori-dellordine-dei-servi-di-maria\/#primaryimage\"},\"image\":{\"@id\":\"https:\/\/blog.holyart.it\/it\/santi-e-beati\/sette-santi-fondatori-dellordine-dei-servi-di-maria\/#primaryimage\"},\"thumbnailUrl\":\"https:\/\/blog.holyart.it\/it\/wp-content\/uploads\/sites\/17\/2024\/04\/sette-santi-fondatori-dellordine-dei-servi-di-maria.jpg\",\"datePublished\":\"2024-05-13T08:00:21+00:00\",\"dateModified\":\"2025-10-13T15:14:12+00:00\",\"description\":\"Legati da profonda amicizia, i Sette Santi fondatori dell\u2019Ordine dei Servi di Maria dedicarono le proprie vite alla devozione alla Madonna.\",\"breadcrumb\":{\"@id\":\"https:\/\/blog.holyart.it\/it\/santi-e-beati\/sette-santi-fondatori-dellordine-dei-servi-di-maria\/#breadcrumb\"},\"inLanguage\":\"it-IT\",\"potentialAction\":[{\"@type\":\"ReadAction\",\"target\":[\"https:\/\/blog.holyart.it\/it\/santi-e-beati\/sette-santi-fondatori-dellordine-dei-servi-di-maria\/\"]}]},{\"@type\":\"ImageObject\",\"inLanguage\":\"it-IT\",\"@id\":\"https:\/\/blog.holyart.it\/it\/santi-e-beati\/sette-santi-fondatori-dellordine-dei-servi-di-maria\/#primaryimage\",\"url\":\"https:\/\/blog.holyart.it\/it\/wp-content\/uploads\/sites\/17\/2024\/04\/sette-santi-fondatori-dellordine-dei-servi-di-maria.jpg\",\"contentUrl\":\"https:\/\/blog.holyart.it\/it\/wp-content\/uploads\/sites\/17\/2024\/04\/sette-santi-fondatori-dellordine-dei-servi-di-maria.jpg\",\"width\":1000,\"height\":666,\"caption\":\"sette santi fondatori dell'ordine dei servi di maria\"},{\"@type\":\"BreadcrumbList\",\"@id\":\"https:\/\/blog.holyart.it\/it\/santi-e-beati\/sette-santi-fondatori-dellordine-dei-servi-di-maria\/#breadcrumb\",\"itemListElement\":[{\"@type\":\"ListItem\",\"position\":1,\"name\":\"Homepage\",\"item\":\"https:\/\/blog.holyart.it\/it\/\"},{\"@type\":\"ListItem\",\"position\":2,\"name\":\"Santi e beati\",\"item\":\"https:\/\/blog.holyart.it\/it\/santi-e-beati\/\"},{\"@type\":\"ListItem\",\"position\":3,\"name\":\"Sette Santi fondatori dell&#8217;Ordine dei Servi di Maria\"}]},{\"@type\":\"WebSite\",\"@id\":\"https:\/\/blog.holyart.it\/it\/#website\",\"url\":\"https:\/\/blog.holyart.it\/it\/\",\"name\":\"Holyblog\",\"description\":\"Il Blog di Holyart.it\",\"publisher\":{\"@id\":\"https:\/\/blog.holyart.it\/it\/#organization\"},\"potentialAction\":[{\"@type\":\"SearchAction\",\"target\":{\"@type\":\"EntryPoint\",\"urlTemplate\":\"https:\/\/blog.holyart.it\/it\/?s={search_term_string}\"},\"query-input\":{\"@type\":\"PropertyValueSpecification\",\"valueRequired\":true,\"valueName\":\"search_term_string\"}}],\"inLanguage\":\"it-IT\"},{\"@type\":\"Organization\",\"@id\":\"https:\/\/blog.holyart.it\/it\/#organization\",\"name\":\"Holyblog\",\"url\":\"https:\/\/blog.holyart.it\/it\/\",\"logo\":{\"@type\":\"ImageObject\",\"inLanguage\":\"it-IT\",\"@id\":\"https:\/\/blog.holyart.it\/it\/#\/schema\/logo\/image\/\",\"url\":\"https:\/\/blog.holyart.it\/it\/wp-content\/uploads\/sites\/17\/2022\/12\/Holyart_Blog_Logo.jpg\",\"contentUrl\":\"https:\/\/blog.holyart.it\/it\/wp-content\/uploads\/sites\/17\/2022\/12\/Holyart_Blog_Logo.jpg\",\"width\":300,\"height\":50,\"caption\":\"Holyblog\"},\"image\":{\"@id\":\"https:\/\/blog.holyart.it\/it\/#\/schema\/logo\/image\/\"}},{\"@type\":\"Person\",\"@id\":\"https:\/\/blog.holyart.it\/it\/#\/schema\/person\/0a7b686e5af0f856ec1e390dd0baecda\",\"name\":\"Redazione\"}]}<\/script>\n<!-- \/ Yoast SEO plugin. -->","yoast_head_json":{"title":"Sette Santi fondatori dell'Ordine dei Servi di Maria - Holyblog","description":"Legati da profonda amicizia, i Sette Santi fondatori dell\u2019Ordine dei Servi di Maria dedicarono le proprie vite alla devozione alla Madonna.","robots":{"index":"index","follow":"follow","max-snippet":"max-snippet:-1","max-image-preview":"max-image-preview:large","max-video-preview":"max-video-preview:-1"},"canonical":"https:\/\/blog.holyart.it\/it\/santi-e-beati\/sette-santi-fondatori-dellordine-dei-servi-di-maria\/","og_locale":"it_IT","og_type":"article","og_title":"Sette Santi fondatori dell'Ordine dei Servi di Maria - Holyblog","og_description":"Legati da profonda amicizia, i Sette Santi fondatori dell\u2019Ordine dei Servi di Maria dedicarono le proprie vite alla devozione alla Madonna.","og_url":"https:\/\/blog.holyart.it\/it\/santi-e-beati\/sette-santi-fondatori-dellordine-dei-servi-di-maria\/","og_site_name":"Holyblog","article_published_time":"2024-05-13T08:00:21+00:00","article_modified_time":"2025-10-13T15:14:12+00:00","og_image":[{"width":1000,"height":666,"url":"https:\/\/blog.holyart.it\/it\/wp-content\/uploads\/sites\/17\/2024\/04\/sette-santi-fondatori-dellordine-dei-servi-di-maria.jpg","type":"image\/jpeg"}],"author":"Redazione","twitter_card":"summary_large_image","twitter_misc":{"Scritto da":"Redazione","Tempo di lettura stimato":"10 minuti"},"schema":{"@context":"https:\/\/schema.org","@graph":[{"@type":"Article","@id":"https:\/\/blog.holyart.it\/it\/santi-e-beati\/sette-santi-fondatori-dellordine-dei-servi-di-maria\/#article","isPartOf":{"@id":"https:\/\/blog.holyart.it\/it\/santi-e-beati\/sette-santi-fondatori-dellordine-dei-servi-di-maria\/"},"author":{"name":"Redazione","@id":"https:\/\/blog.holyart.it\/it\/#\/schema\/person\/0a7b686e5af0f856ec1e390dd0baecda"},"headline":"Sette Santi fondatori dell&#8217;Ordine dei Servi di Maria","datePublished":"2024-05-13T08:00:21+00:00","dateModified":"2025-10-13T15:14:12+00:00","mainEntityOfPage":{"@id":"https:\/\/blog.holyart.it\/it\/santi-e-beati\/sette-santi-fondatori-dellordine-dei-servi-di-maria\/"},"wordCount":1465,"publisher":{"@id":"https:\/\/blog.holyart.it\/it\/#organization"},"image":{"@id":"https:\/\/blog.holyart.it\/it\/santi-e-beati\/sette-santi-fondatori-dellordine-dei-servi-di-maria\/#primaryimage"},"thumbnailUrl":"https:\/\/blog.holyart.it\/it\/wp-content\/uploads\/sites\/17\/2024\/04\/sette-santi-fondatori-dellordine-dei-servi-di-maria.jpg","articleSection":["Santi e beati"],"inLanguage":"it-IT"},{"@type":"WebPage","@id":"https:\/\/blog.holyart.it\/it\/santi-e-beati\/sette-santi-fondatori-dellordine-dei-servi-di-maria\/","url":"https:\/\/blog.holyart.it\/it\/santi-e-beati\/sette-santi-fondatori-dellordine-dei-servi-di-maria\/","name":"Sette Santi fondatori dell'Ordine dei Servi di Maria - Holyblog","isPartOf":{"@id":"https:\/\/blog.holyart.it\/it\/#website"},"primaryImageOfPage":{"@id":"https:\/\/blog.holyart.it\/it\/santi-e-beati\/sette-santi-fondatori-dellordine-dei-servi-di-maria\/#primaryimage"},"image":{"@id":"https:\/\/blog.holyart.it\/it\/santi-e-beati\/sette-santi-fondatori-dellordine-dei-servi-di-maria\/#primaryimage"},"thumbnailUrl":"https:\/\/blog.holyart.it\/it\/wp-content\/uploads\/sites\/17\/2024\/04\/sette-santi-fondatori-dellordine-dei-servi-di-maria.jpg","datePublished":"2024-05-13T08:00:21+00:00","dateModified":"2025-10-13T15:14:12+00:00","description":"Legati da profonda amicizia, i Sette Santi fondatori dell\u2019Ordine dei Servi di Maria dedicarono le proprie vite alla devozione alla Madonna.","breadcrumb":{"@id":"https:\/\/blog.holyart.it\/it\/santi-e-beati\/sette-santi-fondatori-dellordine-dei-servi-di-maria\/#breadcrumb"},"inLanguage":"it-IT","potentialAction":[{"@type":"ReadAction","target":["https:\/\/blog.holyart.it\/it\/santi-e-beati\/sette-santi-fondatori-dellordine-dei-servi-di-maria\/"]}]},{"@type":"ImageObject","inLanguage":"it-IT","@id":"https:\/\/blog.holyart.it\/it\/santi-e-beati\/sette-santi-fondatori-dellordine-dei-servi-di-maria\/#primaryimage","url":"https:\/\/blog.holyart.it\/it\/wp-content\/uploads\/sites\/17\/2024\/04\/sette-santi-fondatori-dellordine-dei-servi-di-maria.jpg","contentUrl":"https:\/\/blog.holyart.it\/it\/wp-content\/uploads\/sites\/17\/2024\/04\/sette-santi-fondatori-dellordine-dei-servi-di-maria.jpg","width":1000,"height":666,"caption":"sette santi fondatori dell'ordine dei servi di maria"},{"@type":"BreadcrumbList","@id":"https:\/\/blog.holyart.it\/it\/santi-e-beati\/sette-santi-fondatori-dellordine-dei-servi-di-maria\/#breadcrumb","itemListElement":[{"@type":"ListItem","position":1,"name":"Homepage","item":"https:\/\/blog.holyart.it\/it\/"},{"@type":"ListItem","position":2,"name":"Santi e beati","item":"https:\/\/blog.holyart.it\/it\/santi-e-beati\/"},{"@type":"ListItem","position":3,"name":"Sette Santi fondatori dell&#8217;Ordine dei Servi di Maria"}]},{"@type":"WebSite","@id":"https:\/\/blog.holyart.it\/it\/#website","url":"https:\/\/blog.holyart.it\/it\/","name":"Holyblog","description":"Il Blog di Holyart.it","publisher":{"@id":"https:\/\/blog.holyart.it\/it\/#organization"},"potentialAction":[{"@type":"SearchAction","target":{"@type":"EntryPoint","urlTemplate":"https:\/\/blog.holyart.it\/it\/?s={search_term_string}"},"query-input":{"@type":"PropertyValueSpecification","valueRequired":true,"valueName":"search_term_string"}}],"inLanguage":"it-IT"},{"@type":"Organization","@id":"https:\/\/blog.holyart.it\/it\/#organization","name":"Holyblog","url":"https:\/\/blog.holyart.it\/it\/","logo":{"@type":"ImageObject","inLanguage":"it-IT","@id":"https:\/\/blog.holyart.it\/it\/#\/schema\/logo\/image\/","url":"https:\/\/blog.holyart.it\/it\/wp-content\/uploads\/sites\/17\/2022\/12\/Holyart_Blog_Logo.jpg","contentUrl":"https:\/\/blog.holyart.it\/it\/wp-content\/uploads\/sites\/17\/2022\/12\/Holyart_Blog_Logo.jpg","width":300,"height":50,"caption":"Holyblog"},"image":{"@id":"https:\/\/blog.holyart.it\/it\/#\/schema\/logo\/image\/"}},{"@type":"Person","@id":"https:\/\/blog.holyart.it\/it\/#\/schema\/person\/0a7b686e5af0f856ec1e390dd0baecda","name":"Redazione"}]}},"_links":{"self":[{"href":"https:\/\/blog.holyart.it\/it\/wp-json\/wp\/v2\/posts\/19807","targetHints":{"allow":["GET"]}}],"collection":[{"href":"https:\/\/blog.holyart.it\/it\/wp-json\/wp\/v2\/posts"}],"about":[{"href":"https:\/\/blog.holyart.it\/it\/wp-json\/wp\/v2\/types\/post"}],"author":[{"embeddable":true,"href":"https:\/\/blog.holyart.it\/it\/wp-json\/wp\/v2\/users\/1"}],"replies":[{"embeddable":true,"href":"https:\/\/blog.holyart.it\/it\/wp-json\/wp\/v2\/comments?post=19807"}],"version-history":[{"count":6,"href":"https:\/\/blog.holyart.it\/it\/wp-json\/wp\/v2\/posts\/19807\/revisions"}],"predecessor-version":[{"id":20307,"href":"https:\/\/blog.holyart.it\/it\/wp-json\/wp\/v2\/posts\/19807\/revisions\/20307"}],"wp:featuredmedia":[{"embeddable":true,"href":"https:\/\/blog.holyart.it\/it\/wp-json\/wp\/v2\/media\/19818"}],"wp:attachment":[{"href":"https:\/\/blog.holyart.it\/it\/wp-json\/wp\/v2\/media?parent=19807"}],"wp:term":[{"taxonomy":"category","embeddable":true,"href":"https:\/\/blog.holyart.it\/it\/wp-json\/wp\/v2\/categories?post=19807"},{"taxonomy":"post_tag","embeddable":true,"href":"https:\/\/blog.holyart.it\/it\/wp-json\/wp\/v2\/tags?post=19807"}],"curies":[{"name":"wp","href":"https:\/\/api.w.org\/{rel}","templated":true}]}}