{"id":19698,"date":"2024-04-24T10:00:55","date_gmt":"2024-04-24T08:00:55","guid":{"rendered":"https:\/\/blog.holyart.it\/it\/?p=19698"},"modified":"2026-04-07T17:06:46","modified_gmt":"2026-04-07T15:06:46","slug":"santefisio-e-la-festa-piu-famosa-della-sardegna","status":"publish","type":"post","link":"https:\/\/blog.holyart.it\/it\/santi-e-beati\/santefisio-e-la-festa-piu-famosa-della-sardegna\/","title":{"rendered":"Sant&#8217;Efisio e la festa pi\u00f9 famosa della Sardegna"},"content":{"rendered":"<h4>Sant&#8217;Efisio Martire salv\u00f2 la citt\u00e0 di Cagliari dalla peste, e da allora \u00e8 ricordato il 1 maggio con una processione solenne, tra le pi\u00f9 antiche e lunghe d&#8217;Europa.<\/h4>\n<p>Il\u00a0<strong>1 maggio<\/strong>\u00a0Cagliari e l&#8217;intera Sardegna festeggiano\u00a0<a href=\"https:\/\/www.holyart.it\/it\/articoli-religiosi\/statue\/statue-in-resina-e-pvc\/santefisio-statua-resina-20-cm\"><strong>sant\u2019Efisio Martire<\/strong><\/a>. La statua viene presa dalla chiesa nel quartiere di Stampace e portata in processione lungo le strade della citt\u00e0 fino a\u00a0<strong>Pula<\/strong>, piccolo comune della citt\u00e0 metropolitana di Cagliari, e poi alla\u00a0<strong>spiaggia di Nora<\/strong>, il vicino sito archeologico risalente al periodo fenicio e romano, dove sorge una chiesetta romanica, proprio nel luogo in cui Efisio sarebbe stato decapitato.<\/p>\n<div class=\"link-product\">\n<div class=\"blocco-immagine\"><img loading=\"lazy\" decoding=\"async\" class=\"size-full wp-image-19700 alignleft\" src=\"https:\/\/blog.holyart.it\/it\/wp-content\/uploads\/sites\/17\/2024\/03\/santefisio-statua-resina-20-cm.jpg\" alt=\"sant'efisio statua resina 20 cm\" width=\"100\" height=\"100\" data-kale-share-title=\"Sant\u2019Efisio e la festa pi\u00f9 famosa della Sardegna\" data-kale-share-url=\"https:\/\/blog.holyart.it\/it\/?p=19698\" \/><\/div>\n<div class=\"blocco-contenuto\">\n<div class=\"blocco-acquista\">Acquista su Holyart:<\/div>\n<div class=\"blocco-titolo\"><a href=\"https:\/\/www.holyart.it\/it\/articoli-religiosi\/statue\/statue-in-resina-e-pvc\/santefisio-statua-resina-20-cm\">Sant&#8217;Efisio statua resina 20 cm<\/a><\/div>\n<div class=\"blocco-descrizione\">Questa statua \u00e8 realizzata in resina e raffigura Sant&#8217;Efisio, martire che volle predicare il Cristianesimo nella Sardegna pagana.<\/div>\n<\/div>\n<\/div>\n<p>Nella\u00a0<strong>chiesetta di Stampace<\/strong>\u00a0sono custodite ben<strong>\u00a0tre statue di Sant\u2019Efisio<\/strong>. La pi\u00f9 recente, in mostra al museo archeologico, \u00e8 stata commissionata nel XVIII secolo all\u2019artista <em>Giuseppe Antonio Lonis<\/em>, ed \u00e8 quella usata in occasione del Gioved\u00ec Santo, quando viene condotta nel tradizionale giro delle sette chiese, a Pasquetta, e nella processione del 15 gennaio.<br \/>\nLa statua pi\u00f9 antica \u00e8 quella di\u00a0<em>Sant\u2019Efis Sballiau\u00a0<\/em>(Sant\u2019Efisio sbagliato), che risale al XVI secolo. L&#8217;appellativo &#8216;sbagliato&#8217; deriva dal fatto che il Santo \u00e8 raffigurato con la stigmate sulla mano sinistra e la palma del martirio sulla destra, al contrario.<br \/>\nInfine c&#8217;\u00e8 la\u00a0<em>statua del 1\u00b0 maggio<\/em>, utilizzata per la\u00a0<strong>festa di Sant\u2019Efisio a Pula<\/strong>, e che viene portata in processione da Cagliari a Nora e ritorno tra il primo e il 4 maggio, rievocando le tappe del martirio, dal luogo di prigionia sino a quello della morte, la spiaggia di Nora, appunto. Si parte da Cagliari, viaggiando verso Pula e passando per Capoterra, Sarroch e Villa San Pietro, e poi da Pula si arriva a Nora, dove la statua rimane per due giorni di celebrazioni. La statua risale al XVII secolo e raffigura Sant\u2019Efisio in versione spagnoleggiante, con pizzetto, baffetti e abiti da nobile.<\/p>\n<p>Il Santo \u00e8 molto venerato anche a\u00a0<strong>Pisa<\/strong>, dove viene festeggiato il\u00a0<strong>13 novembre<\/strong>. Solo nel 2011 Cagliari ha potuto ottenere le\u00a0<strong>reliquie di Sant&#8217;Efisio<\/strong>, che prima erano a Pisa, dove venivano esposte in occasione della\u00a0<em>Domenica in Albis<\/em>.<img loading=\"lazy\" decoding=\"async\" class=\"size-full wp-image-19701 aligncenter\" src=\"https:\/\/blog.holyart.it\/it\/wp-content\/uploads\/sites\/17\/2024\/03\/processione-santefisio.jpg\" alt=\"processione sant'efisio\" width=\"1000\" height=\"666\" data-kale-share-title=\"Sant\u2019Efisio e la festa pi\u00f9 famosa della Sardegna\" data-kale-share-url=\"https:\/\/blog.holyart.it\/it\/?p=19698\" \/><\/p>\n<h2>Quando si festeggia Sant\u2019Efisio<\/h2>\n<p>La Chiesa ha stabilito la sua memoria liturgica il\u00a0<strong>15 gennaio<\/strong>, ma \u00e8 il\u00a0<strong>1 maggio<\/strong>\u00a0che si tiene la festa grande, detta\u00a0<strong><em>festa di sant&#8217;Efis su martiri gloriosu<\/em><\/strong>, per ricordare il miracolo con cui il Santo<strong>\u00a0liber\u00f2 Cagliari dalla peste<\/strong>\u00a0nel 1656. Fu in quell&#8217;occasione che i consiglieri cagliaritani pronunciarono il\u00a0<strong>Voto perpetuo<\/strong>\u00a0che da allora lega la citt\u00e0 a Sant&#8217;Efisio, con la promessa di festeggiarlo ogni anno.<br \/>\nAnche durante la Pasqua, il\u00a0<a href=\"https:\/\/www.holyart.it\/blog\/articoli-religiosi\/messa-del-crisma-e-la-benedizione-degli-oli-santi\/\"><strong>Gioved\u00ec Santo<\/strong><\/a>, la statua del Santo viene rimossa dalla sua sede abituale, nella\u00a0<strong>chiesetta di Stampace<\/strong>, e condotta in processione nelle sette chiese storiche della citt\u00e0, mentre a Pasquetta viene portata nella cattedrale, per ricordare un altro miracolo e un altro Voto pronunciato questo nel\u00a0<strong>1793<\/strong>, quando il Santo preserv\u00f2 la citt\u00e0 dai bombardamenti dell&#8217;esercito rivoluzionario francese.<\/p>\n<div class=\"link-article\">\n<p><img loading=\"lazy\" decoding=\"async\" class=\"size-full wp-image-19704 alignleft\" src=\"https:\/\/blog.holyart.it\/it\/wp-content\/uploads\/sites\/17\/2024\/03\/messa-del-crisma.jpg\" alt=\"messa-del-crisma\" width=\"150\" height=\"99\" data-kale-share-title=\"Sant\u2019Efisio e la festa pi\u00f9 famosa della Sardegna\" data-kale-share-url=\"https:\/\/blog.holyart.it\/it\/?p=19698\" \/><\/p>\n<div class=\"leggi-anche\">Leggi anche:<\/div>\n<p><strong><a href=\"https:\/\/www.holyart.it\/blog\/articoli-religiosi\/messa-del-crisma-e-la-benedizione-degli-oli-santi\/\">Messa del Crisma e la benedizione degli oli santi<\/a><\/strong><br \/>\nLa messa del crisma celebra il mistero della chiesa, la sua unit\u00e0 e comunione, in attesa della Pasqua. \u00c8 anche l\u2019occasione&#8230;<\/p>\n<\/div>\n<p>\u00c8 l&#8217;<strong>Arciconfraternita del Gonfalone<\/strong>\u00a0<strong>e di sant\u2019Efisio <a href=\"https:\/\/www.holyart.it\/blog\/santi-e-beati\/santi-martiri-sacrificare-la-propria-vita-in-nome-di-dio\/\">Martire<\/a><\/strong>\u00a0ad occuparsi delle celebrazioni in onore del Santo. In occasione della grande festa del 1 maggio gruppi di\u00a0<strong>figuranti in abito tradizionale<\/strong>\u00a0provenienti da tutta la Sardegna arrivano a Cagliari. La processione che si tiene a partire dal 1 maggio \u00e8\u00a0<strong>una delle pi\u00f9 antiche e lunghe d&#8217;Europa<\/strong>: vengono infatti percorsi 65 km a piedi in 4 giorni.<\/p>\n<p>Ogni anno, in vista della festa, l\u2019Arciconfraternita elegge un\u00a0<strong>Terzo guardiano<\/strong>, che dovr\u00e0 pianificare ogni aspetto della celebrazione, insieme a un rappresentante della municipalit\u00e0 chiamato\u00a0<em>Alter Nos.<\/em> Il 25 aprile un cocchio dorato trainato da due buoi viene condotto nella chiesa e benedetto. Il 29 la statua di Sant&#8217;Efisio viene rivestita e ornata di gioielli d&#8217;oro ed\u00a0<em>ex voto<\/em>. La mattina del 1\u00ba maggio anche i buoi vengono addobbati con corone di fiori e il Terzo guardiano e l&#8217;<em>Alter Nos<\/em>, danno inizio alla celebrazione presenziando alla messa nella chiesetta di Stampace.<\/p>\n<div class=\"link-article\">\n<p><img loading=\"lazy\" decoding=\"async\" class=\"size-full wp-image-19705 alignleft\" src=\"https:\/\/blog.holyart.it\/it\/wp-content\/uploads\/sites\/17\/2024\/03\/Santi-martiri-1.jpg\" alt=\"Santi-martiri\" width=\"150\" height=\"99\" data-kale-share-title=\"Sant\u2019Efisio e la festa pi\u00f9 famosa della Sardegna\" data-kale-share-url=\"https:\/\/blog.holyart.it\/it\/?p=19698\" \/><\/p>\n<div class=\"leggi-anche\">Leggi anche:<\/div>\n<p><strong><a href=\"https:\/\/www.holyart.it\/blog\/santi-e-beati\/santi-martiri-sacrificare-la-propria-vita-in-nome-di-dio\/\">Santi Martiri: sacrificare la propria vita in nome di Dio<\/a><\/strong><br \/>\nI Santi Martiri sono uomini e donne, spesso molto giovani, che hanno sacrificato la propria vita per amore di Dio&#8230;<\/p>\n<\/div>\n<p>La processione coinvolge oltre 3000 persone in abiti tradizionali, oltre duecento cavalieri, i Campidanesi, i Miliziani e la Guardiania. Festa religiosa e folklore si uniscono nella sagra di Sant\u2019Efisio, tra canti, colori, suggestioni affascinanti che richiamano migliaia di fedeli e visitatori. Si avanza su un tappeto di fiori rosa, rossi e gialli, secondo il rituale\u00a0<em>de sa ramadura<\/em>, e l&#8217;aria \u00e8 satura di essenze profumate e degli struggenti canti religiosi delle\u00a0quattro formazioni<em>\u00a0a &#8216;cuncordu&#8217;.\u00a0<\/em>Carri ornati di fiori e frutta, i<em>\u00a0traccas<\/em>, fanno da scorta al cocchio che porta la statua del Santo.<\/p>\n<p>La Festa di Sant\u2019Efisio \u00e8 giunta alla 366esima edizione ed \u00e8 destinata a entrare nel patrimonio immateriale dell\u2019Umanit\u00e0 dell\u2019<strong>Unesco<\/strong>.<\/p>\n<h2>Perch\u00e9\u00a0Sant\u2019Efisio\u00a0\u00e8 cos\u00ec importante per Cagliari<\/h2>\n<p>Efisio era originario di Antiochia, in Asia minore, dove nacque intorno al 250 d.C. da madre pagana e padre cristiano. Cresciuto adorando gli dei orientali, si un\u00ec all&#8217;esercito imperiale e sotto Diocleziano perseguit\u00f2 duramente i cristiani. Giunto in Italia con l&#8217;esercito, una notte gli apparve in sogno una\u00a0<strong>Croce<\/strong>\u00a0risplendente fra le nuvole, e una voce dal Cielo lo condann\u00f2 per la sua violenza contro i cristiani. Efisio comprese che era stato Ges\u00f9 a parlargli, e subito\u00a0<strong>si convert\u00ec<\/strong>, lasci\u00f2 l&#8217;esercito e inizi\u00f2 a predicare il Vangelo. Furono le sue predicazioni a condurlo in Sardegna, e da qui scrisse all&#8217;imperatore in persona, intimandogli di convertirsi a sua volta. Diocleziano lo fece arrestare e lo condann\u00f2 a morte. Ma per quanto lo torturassero, le sue ferite si rimarginavano sempre, e questo miracolo gli procurava sempre pi\u00f9 simpatizzanti e seguaci. Venne decapitato a Nora il 15 gennaio del 303 d.C., invocando la protezione di Dio su tutta l&#8217;isola.<\/p>\n<p>I cagliaritani attribuiscono a Sant&#8217;Efisio <strong><a href=\"https:\/\/www.holyart.it\/blog\/articoli-religiosi\/i-miracoli-cosa-sono-e-come-vengono-classificati\/\">molti miracoli<\/a><\/strong>. Il pi\u00f9 importante \u00e8 legato all&#8217;ondata di <strong>peste<\/strong>\u00a0che si abbatt\u00e9 sulla citt\u00e0 nella primavera del 1656. Il morbo, giunto in Sardegna dalla Catalogna tramite un veliero, miet\u00e9 moltissime vittime, diecimila solo a Cagliari, a partire dall&#8217;arcivescovo della citt\u00e0. Sant&#8217;Efisio apparve al vicer\u00e9 dell&#8217;Isola, chiedendogli di\u00a0<strong>pronunciare un Voto perpetuo<\/strong>. In cambio lui avrebbe salvato la citt\u00e0. La peste scomparve con le piogge di settembre, e a partire dall&#8217;anno successivo, e ininterrottamente, Cagliari mantenne il suo voto offrendo al Santo la processione del 1\u00ba maggio.<\/p>\n<div class=\"link-article\">\n<p><img loading=\"lazy\" decoding=\"async\" class=\"size-full wp-image-19706 alignleft\" src=\"https:\/\/blog.holyart.it\/it\/wp-content\/uploads\/sites\/17\/2024\/03\/miracoli.jpg\" alt=\"miracoli\" width=\"150\" height=\"99\" data-kale-share-title=\"Sant\u2019Efisio e la festa pi\u00f9 famosa della Sardegna\" data-kale-share-url=\"https:\/\/blog.holyart.it\/it\/?p=19698\" \/><\/p>\n<div class=\"leggi-anche\">Leggi anche:<\/div>\n<p><strong><a href=\"https:\/\/www.holyart.it\/blog\/articoli-religiosi\/i-miracoli-cosa-sono-e-come-vengono-classificati\/\">I miracoli: cosa sono e come vengono classificati<\/a><\/strong><br \/>\nGuarigioni ed esorcismi, apparizioni, dominio sulla natura, fino alla resurrezione dei morti. Ges\u00f9 e i suoi miracoli&#8230;<\/p>\n<\/div>\n","protected":false},"excerpt":{"rendered":"<p>Sant&#8217;Efisio Martire salv\u00f2 la citt\u00e0 di Cagliari dalla peste, e da allora \u00e8 ricordato il 1 maggio con una processione solenne, tra le pi\u00f9 antiche e lunghe d&#8217;Europa. Il\u00a01 maggio\u00a0Cagliari e l&#8217;intera Sardegna festeggiano\u00a0sant\u2019Efisio Martire. La statua viene presa dalla chiesa nel quartiere di Stampace&hellip;<\/p>\n","protected":false},"author":1,"featured_media":19702,"comment_status":"closed","ping_status":"open","sticky":false,"template":"","format":"standard","meta":{"_acf_changed":false,"footnotes":""},"categories":[16,15],"tags":[],"class_list":["post-19698","post","type-post","status-publish","format-standard","has-post-thumbnail","hentry","category-articoli-religiosi","category-santi-e-beati"],"acf":[],"yoast_head":"<!-- This site is optimized with the Yoast SEO plugin v26.6 - https:\/\/yoast.com\/wordpress\/plugins\/seo\/ -->\n<title>Sant&#039;Efisio e la festa pi\u00f9 famosa della Sardegna - Holyblog<\/title>\n<meta name=\"description\" content=\"Il 1 maggio Cagliari celebra Sant\u2019Efisio martire, che salv\u00f2 l\u2019isola dalla peste. Scopriamo il rito della processione, tra fede e folklore.\" \/>\n<meta name=\"robots\" content=\"index, follow, max-snippet:-1, max-image-preview:large, max-video-preview:-1\" \/>\n<link rel=\"canonical\" href=\"https:\/\/blog.holyart.it\/it\/santi-e-beati\/santefisio-e-la-festa-piu-famosa-della-sardegna\/\" \/>\n<meta property=\"og:locale\" content=\"it_IT\" \/>\n<meta property=\"og:type\" content=\"article\" \/>\n<meta property=\"og:title\" content=\"Sant&#039;Efisio e la festa pi\u00f9 famosa della Sardegna - Holyblog\" \/>\n<meta property=\"og:description\" content=\"Il 1 maggio Cagliari celebra Sant\u2019Efisio martire, che salv\u00f2 l\u2019isola dalla peste. Scopriamo il rito della processione, tra fede e folklore.\" \/>\n<meta property=\"og:url\" content=\"https:\/\/blog.holyart.it\/it\/santi-e-beati\/santefisio-e-la-festa-piu-famosa-della-sardegna\/\" \/>\n<meta property=\"og:site_name\" content=\"Holyblog\" \/>\n<meta property=\"article:published_time\" content=\"2024-04-24T08:00:55+00:00\" \/>\n<meta property=\"article:modified_time\" content=\"2026-04-07T15:06:46+00:00\" \/>\n<meta property=\"og:image\" content=\"https:\/\/blog.holyart.it\/it\/wp-content\/uploads\/sites\/17\/2024\/03\/santefisio.jpg\" \/>\n\t<meta property=\"og:image:width\" content=\"1000\" \/>\n\t<meta property=\"og:image:height\" content=\"666\" \/>\n\t<meta property=\"og:image:type\" content=\"image\/jpeg\" \/>\n<meta name=\"author\" content=\"Redazione\" \/>\n<meta name=\"twitter:card\" content=\"summary_large_image\" \/>\n<meta name=\"twitter:label1\" content=\"Scritto da\" \/>\n\t<meta name=\"twitter:data1\" content=\"Redazione\" \/>\n\t<meta name=\"twitter:label2\" content=\"Tempo di lettura stimato\" \/>\n\t<meta name=\"twitter:data2\" content=\"8 minuti\" \/>\n<script type=\"application\/ld+json\" class=\"yoast-schema-graph\">{\"@context\":\"https:\/\/schema.org\",\"@graph\":[{\"@type\":\"Article\",\"@id\":\"https:\/\/blog.holyart.it\/it\/santi-e-beati\/santefisio-e-la-festa-piu-famosa-della-sardegna\/#article\",\"isPartOf\":{\"@id\":\"https:\/\/blog.holyart.it\/it\/santi-e-beati\/santefisio-e-la-festa-piu-famosa-della-sardegna\/\"},\"author\":{\"name\":\"Redazione\",\"@id\":\"https:\/\/blog.holyart.it\/it\/#\/schema\/person\/0a7b686e5af0f856ec1e390dd0baecda\"},\"headline\":\"Sant&#8217;Efisio e la festa pi\u00f9 famosa della Sardegna\",\"datePublished\":\"2024-04-24T08:00:55+00:00\",\"dateModified\":\"2026-04-07T15:06:46+00:00\",\"mainEntityOfPage\":{\"@id\":\"https:\/\/blog.holyart.it\/it\/santi-e-beati\/santefisio-e-la-festa-piu-famosa-della-sardegna\/\"},\"wordCount\":1099,\"publisher\":{\"@id\":\"https:\/\/blog.holyart.it\/it\/#organization\"},\"image\":{\"@id\":\"https:\/\/blog.holyart.it\/it\/santi-e-beati\/santefisio-e-la-festa-piu-famosa-della-sardegna\/#primaryimage\"},\"thumbnailUrl\":\"https:\/\/blog.holyart.it\/it\/wp-content\/uploads\/sites\/17\/2024\/03\/santefisio.jpg\",\"articleSection\":[\"Religione\",\"Santi e beati\"],\"inLanguage\":\"it-IT\"},{\"@type\":\"WebPage\",\"@id\":\"https:\/\/blog.holyart.it\/it\/santi-e-beati\/santefisio-e-la-festa-piu-famosa-della-sardegna\/\",\"url\":\"https:\/\/blog.holyart.it\/it\/santi-e-beati\/santefisio-e-la-festa-piu-famosa-della-sardegna\/\",\"name\":\"Sant'Efisio e la festa pi\u00f9 famosa della Sardegna - Holyblog\",\"isPartOf\":{\"@id\":\"https:\/\/blog.holyart.it\/it\/#website\"},\"primaryImageOfPage\":{\"@id\":\"https:\/\/blog.holyart.it\/it\/santi-e-beati\/santefisio-e-la-festa-piu-famosa-della-sardegna\/#primaryimage\"},\"image\":{\"@id\":\"https:\/\/blog.holyart.it\/it\/santi-e-beati\/santefisio-e-la-festa-piu-famosa-della-sardegna\/#primaryimage\"},\"thumbnailUrl\":\"https:\/\/blog.holyart.it\/it\/wp-content\/uploads\/sites\/17\/2024\/03\/santefisio.jpg\",\"datePublished\":\"2024-04-24T08:00:55+00:00\",\"dateModified\":\"2026-04-07T15:06:46+00:00\",\"description\":\"Il 1 maggio Cagliari celebra Sant\u2019Efisio martire, che salv\u00f2 l\u2019isola dalla peste. Scopriamo il rito della processione, tra fede e folklore.\",\"breadcrumb\":{\"@id\":\"https:\/\/blog.holyart.it\/it\/santi-e-beati\/santefisio-e-la-festa-piu-famosa-della-sardegna\/#breadcrumb\"},\"inLanguage\":\"it-IT\",\"potentialAction\":[{\"@type\":\"ReadAction\",\"target\":[\"https:\/\/blog.holyart.it\/it\/santi-e-beati\/santefisio-e-la-festa-piu-famosa-della-sardegna\/\"]}]},{\"@type\":\"ImageObject\",\"inLanguage\":\"it-IT\",\"@id\":\"https:\/\/blog.holyart.it\/it\/santi-e-beati\/santefisio-e-la-festa-piu-famosa-della-sardegna\/#primaryimage\",\"url\":\"https:\/\/blog.holyart.it\/it\/wp-content\/uploads\/sites\/17\/2024\/03\/santefisio.jpg\",\"contentUrl\":\"https:\/\/blog.holyart.it\/it\/wp-content\/uploads\/sites\/17\/2024\/03\/santefisio.jpg\",\"width\":1000,\"height\":666,\"caption\":\"sant'efisio\"},{\"@type\":\"BreadcrumbList\",\"@id\":\"https:\/\/blog.holyart.it\/it\/santi-e-beati\/santefisio-e-la-festa-piu-famosa-della-sardegna\/#breadcrumb\",\"itemListElement\":[{\"@type\":\"ListItem\",\"position\":1,\"name\":\"Homepage\",\"item\":\"https:\/\/blog.holyart.it\/it\/\"},{\"@type\":\"ListItem\",\"position\":2,\"name\":\"Santi e beati\",\"item\":\"https:\/\/blog.holyart.it\/it\/santi-e-beati\/\"},{\"@type\":\"ListItem\",\"position\":3,\"name\":\"Sant&#8217;Efisio e la festa pi\u00f9 famosa della Sardegna\"}]},{\"@type\":\"WebSite\",\"@id\":\"https:\/\/blog.holyart.it\/it\/#website\",\"url\":\"https:\/\/blog.holyart.it\/it\/\",\"name\":\"Holyblog\",\"description\":\"Il Blog di Holyart.it\",\"publisher\":{\"@id\":\"https:\/\/blog.holyart.it\/it\/#organization\"},\"potentialAction\":[{\"@type\":\"SearchAction\",\"target\":{\"@type\":\"EntryPoint\",\"urlTemplate\":\"https:\/\/blog.holyart.it\/it\/?s={search_term_string}\"},\"query-input\":{\"@type\":\"PropertyValueSpecification\",\"valueRequired\":true,\"valueName\":\"search_term_string\"}}],\"inLanguage\":\"it-IT\"},{\"@type\":\"Organization\",\"@id\":\"https:\/\/blog.holyart.it\/it\/#organization\",\"name\":\"Holyblog\",\"url\":\"https:\/\/blog.holyart.it\/it\/\",\"logo\":{\"@type\":\"ImageObject\",\"inLanguage\":\"it-IT\",\"@id\":\"https:\/\/blog.holyart.it\/it\/#\/schema\/logo\/image\/\",\"url\":\"https:\/\/blog.holyart.it\/it\/wp-content\/uploads\/sites\/17\/2022\/12\/Holyart_Blog_Logo.jpg\",\"contentUrl\":\"https:\/\/blog.holyart.it\/it\/wp-content\/uploads\/sites\/17\/2022\/12\/Holyart_Blog_Logo.jpg\",\"width\":300,\"height\":50,\"caption\":\"Holyblog\"},\"image\":{\"@id\":\"https:\/\/blog.holyart.it\/it\/#\/schema\/logo\/image\/\"}},{\"@type\":\"Person\",\"@id\":\"https:\/\/blog.holyart.it\/it\/#\/schema\/person\/0a7b686e5af0f856ec1e390dd0baecda\",\"name\":\"Redazione\"}]}<\/script>\n<!-- \/ Yoast SEO plugin. -->","yoast_head_json":{"title":"Sant'Efisio e la festa pi\u00f9 famosa della Sardegna - Holyblog","description":"Il 1 maggio Cagliari celebra Sant\u2019Efisio martire, che salv\u00f2 l\u2019isola dalla peste. Scopriamo il rito della processione, tra fede e folklore.","robots":{"index":"index","follow":"follow","max-snippet":"max-snippet:-1","max-image-preview":"max-image-preview:large","max-video-preview":"max-video-preview:-1"},"canonical":"https:\/\/blog.holyart.it\/it\/santi-e-beati\/santefisio-e-la-festa-piu-famosa-della-sardegna\/","og_locale":"it_IT","og_type":"article","og_title":"Sant'Efisio e la festa pi\u00f9 famosa della Sardegna - Holyblog","og_description":"Il 1 maggio Cagliari celebra Sant\u2019Efisio martire, che salv\u00f2 l\u2019isola dalla peste. Scopriamo il rito della processione, tra fede e folklore.","og_url":"https:\/\/blog.holyart.it\/it\/santi-e-beati\/santefisio-e-la-festa-piu-famosa-della-sardegna\/","og_site_name":"Holyblog","article_published_time":"2024-04-24T08:00:55+00:00","article_modified_time":"2026-04-07T15:06:46+00:00","og_image":[{"width":1000,"height":666,"url":"https:\/\/blog.holyart.it\/it\/wp-content\/uploads\/sites\/17\/2024\/03\/santefisio.jpg","type":"image\/jpeg"}],"author":"Redazione","twitter_card":"summary_large_image","twitter_misc":{"Scritto da":"Redazione","Tempo di lettura stimato":"8 minuti"},"schema":{"@context":"https:\/\/schema.org","@graph":[{"@type":"Article","@id":"https:\/\/blog.holyart.it\/it\/santi-e-beati\/santefisio-e-la-festa-piu-famosa-della-sardegna\/#article","isPartOf":{"@id":"https:\/\/blog.holyart.it\/it\/santi-e-beati\/santefisio-e-la-festa-piu-famosa-della-sardegna\/"},"author":{"name":"Redazione","@id":"https:\/\/blog.holyart.it\/it\/#\/schema\/person\/0a7b686e5af0f856ec1e390dd0baecda"},"headline":"Sant&#8217;Efisio e la festa pi\u00f9 famosa della Sardegna","datePublished":"2024-04-24T08:00:55+00:00","dateModified":"2026-04-07T15:06:46+00:00","mainEntityOfPage":{"@id":"https:\/\/blog.holyart.it\/it\/santi-e-beati\/santefisio-e-la-festa-piu-famosa-della-sardegna\/"},"wordCount":1099,"publisher":{"@id":"https:\/\/blog.holyart.it\/it\/#organization"},"image":{"@id":"https:\/\/blog.holyart.it\/it\/santi-e-beati\/santefisio-e-la-festa-piu-famosa-della-sardegna\/#primaryimage"},"thumbnailUrl":"https:\/\/blog.holyart.it\/it\/wp-content\/uploads\/sites\/17\/2024\/03\/santefisio.jpg","articleSection":["Religione","Santi e beati"],"inLanguage":"it-IT"},{"@type":"WebPage","@id":"https:\/\/blog.holyart.it\/it\/santi-e-beati\/santefisio-e-la-festa-piu-famosa-della-sardegna\/","url":"https:\/\/blog.holyart.it\/it\/santi-e-beati\/santefisio-e-la-festa-piu-famosa-della-sardegna\/","name":"Sant'Efisio e la festa pi\u00f9 famosa della Sardegna - Holyblog","isPartOf":{"@id":"https:\/\/blog.holyart.it\/it\/#website"},"primaryImageOfPage":{"@id":"https:\/\/blog.holyart.it\/it\/santi-e-beati\/santefisio-e-la-festa-piu-famosa-della-sardegna\/#primaryimage"},"image":{"@id":"https:\/\/blog.holyart.it\/it\/santi-e-beati\/santefisio-e-la-festa-piu-famosa-della-sardegna\/#primaryimage"},"thumbnailUrl":"https:\/\/blog.holyart.it\/it\/wp-content\/uploads\/sites\/17\/2024\/03\/santefisio.jpg","datePublished":"2024-04-24T08:00:55+00:00","dateModified":"2026-04-07T15:06:46+00:00","description":"Il 1 maggio Cagliari celebra Sant\u2019Efisio martire, che salv\u00f2 l\u2019isola dalla peste. Scopriamo il rito della processione, tra fede e folklore.","breadcrumb":{"@id":"https:\/\/blog.holyart.it\/it\/santi-e-beati\/santefisio-e-la-festa-piu-famosa-della-sardegna\/#breadcrumb"},"inLanguage":"it-IT","potentialAction":[{"@type":"ReadAction","target":["https:\/\/blog.holyart.it\/it\/santi-e-beati\/santefisio-e-la-festa-piu-famosa-della-sardegna\/"]}]},{"@type":"ImageObject","inLanguage":"it-IT","@id":"https:\/\/blog.holyart.it\/it\/santi-e-beati\/santefisio-e-la-festa-piu-famosa-della-sardegna\/#primaryimage","url":"https:\/\/blog.holyart.it\/it\/wp-content\/uploads\/sites\/17\/2024\/03\/santefisio.jpg","contentUrl":"https:\/\/blog.holyart.it\/it\/wp-content\/uploads\/sites\/17\/2024\/03\/santefisio.jpg","width":1000,"height":666,"caption":"sant'efisio"},{"@type":"BreadcrumbList","@id":"https:\/\/blog.holyart.it\/it\/santi-e-beati\/santefisio-e-la-festa-piu-famosa-della-sardegna\/#breadcrumb","itemListElement":[{"@type":"ListItem","position":1,"name":"Homepage","item":"https:\/\/blog.holyart.it\/it\/"},{"@type":"ListItem","position":2,"name":"Santi e beati","item":"https:\/\/blog.holyart.it\/it\/santi-e-beati\/"},{"@type":"ListItem","position":3,"name":"Sant&#8217;Efisio e la festa pi\u00f9 famosa della Sardegna"}]},{"@type":"WebSite","@id":"https:\/\/blog.holyart.it\/it\/#website","url":"https:\/\/blog.holyart.it\/it\/","name":"Holyblog","description":"Il Blog di Holyart.it","publisher":{"@id":"https:\/\/blog.holyart.it\/it\/#organization"},"potentialAction":[{"@type":"SearchAction","target":{"@type":"EntryPoint","urlTemplate":"https:\/\/blog.holyart.it\/it\/?s={search_term_string}"},"query-input":{"@type":"PropertyValueSpecification","valueRequired":true,"valueName":"search_term_string"}}],"inLanguage":"it-IT"},{"@type":"Organization","@id":"https:\/\/blog.holyart.it\/it\/#organization","name":"Holyblog","url":"https:\/\/blog.holyart.it\/it\/","logo":{"@type":"ImageObject","inLanguage":"it-IT","@id":"https:\/\/blog.holyart.it\/it\/#\/schema\/logo\/image\/","url":"https:\/\/blog.holyart.it\/it\/wp-content\/uploads\/sites\/17\/2022\/12\/Holyart_Blog_Logo.jpg","contentUrl":"https:\/\/blog.holyart.it\/it\/wp-content\/uploads\/sites\/17\/2022\/12\/Holyart_Blog_Logo.jpg","width":300,"height":50,"caption":"Holyblog"},"image":{"@id":"https:\/\/blog.holyart.it\/it\/#\/schema\/logo\/image\/"}},{"@type":"Person","@id":"https:\/\/blog.holyart.it\/it\/#\/schema\/person\/0a7b686e5af0f856ec1e390dd0baecda","name":"Redazione"}]}},"_links":{"self":[{"href":"https:\/\/blog.holyart.it\/it\/wp-json\/wp\/v2\/posts\/19698","targetHints":{"allow":["GET"]}}],"collection":[{"href":"https:\/\/blog.holyart.it\/it\/wp-json\/wp\/v2\/posts"}],"about":[{"href":"https:\/\/blog.holyart.it\/it\/wp-json\/wp\/v2\/types\/post"}],"author":[{"embeddable":true,"href":"https:\/\/blog.holyart.it\/it\/wp-json\/wp\/v2\/users\/1"}],"replies":[{"embeddable":true,"href":"https:\/\/blog.holyart.it\/it\/wp-json\/wp\/v2\/comments?post=19698"}],"version-history":[{"count":4,"href":"https:\/\/blog.holyart.it\/it\/wp-json\/wp\/v2\/posts\/19698\/revisions"}],"predecessor-version":[{"id":21567,"href":"https:\/\/blog.holyart.it\/it\/wp-json\/wp\/v2\/posts\/19698\/revisions\/21567"}],"wp:featuredmedia":[{"embeddable":true,"href":"https:\/\/blog.holyart.it\/it\/wp-json\/wp\/v2\/media\/19702"}],"wp:attachment":[{"href":"https:\/\/blog.holyart.it\/it\/wp-json\/wp\/v2\/media?parent=19698"}],"wp:term":[{"taxonomy":"category","embeddable":true,"href":"https:\/\/blog.holyart.it\/it\/wp-json\/wp\/v2\/categories?post=19698"},{"taxonomy":"post_tag","embeddable":true,"href":"https:\/\/blog.holyart.it\/it\/wp-json\/wp\/v2\/tags?post=19698"}],"curies":[{"name":"wp","href":"https:\/\/api.w.org\/{rel}","templated":true}]}}