{"id":19678,"date":"2024-04-22T10:00:15","date_gmt":"2024-04-22T08:00:15","guid":{"rendered":"https:\/\/blog.holyart.it\/it\/?p=19678"},"modified":"2024-08-02T10:42:17","modified_gmt":"2024-08-02T08:42:17","slug":"dalla-gmg-alla-gmb-la-prima-giornata-mondiale-dei-bambini","status":"publish","type":"post","link":"https:\/\/blog.holyart.it\/it\/occasioni-speciali\/dalla-gmg-alla-gmb-la-prima-giornata-mondiale-dei-bambini\/","title":{"rendered":"Dalla GMG alla GMB: la prima Giornata Mondiale dei Bambini"},"content":{"rendered":"<h4>Il 25 e 26 maggio 2024 si terr\u00e0 a Roma la Prima Giornata Mondiale dei Bambini. Ecco perch\u00e9 Papa Francesco l&#8217;ha voluta e perch\u00e9 sar\u00e0 fondamentale per tutti i bambini del mondo (e non solo)<\/h4>\n\n<p>In occasione della\u00a0<strong><a href=\"https:\/\/www.holyart.it\/blog\/santi-e-beati\/limmacolata-concezione-della-vergine-maria\/\">Festa dell&#8217;Immacolata<\/a><\/strong>\u00a0lo scorso 8 dicembre Papa Francesco ha annunciato di voler celebrare la\u00a0<strong>prima Giornata Mondiale dei Bambini il 25 e 26 maggio 2024<\/strong>. Perch\u00e9 questa festa? Prima di tutto Papa Francesco ha voluto rispondere cos\u00ec alle\u00a0<strong>guerre<\/strong>\u00a0che funestano tanti, troppi paesi, in un momento in cui, pi\u00f9 che mai, avremmo bisogno di pace e di lavorare insieme per il bene comune.\u00a0<em>&#8220;Preghiamo per la pace, in Ucraina, in Palestina e Israele e ovunque c&#8217;\u00e8 guerra&#8221;<\/em>\u00a0aveva gi\u00e0 invocato il Pontefice durante l&#8217;Angelus. In questo contesto il Santo Padre ha espresso il desiderio di tributare la giusta importanza ai pi\u00f9 piccoli,\u00a0<strong>ai bambini<\/strong>, destinatari di un futuro che noi stiamo costruendo per loro. Del resto era volont\u00e0 anche di\u00a0<strong>Ges\u00f9<\/strong>\u00a0porre i\u00a0<strong>bambini al centro di tutto<\/strong>.<\/p>\n<div class=\"link-article\">\n<p><img loading=\"lazy\" decoding=\"async\" class=\"size-full wp-image-19681 alignleft\" src=\"https:\/\/blog.holyart.it\/it\/wp-content\/uploads\/sites\/17\/2024\/03\/Immacolata-concezione-copertina.jpg\" alt=\"Immacolata concezione copertina\" width=\"150\" height=\"99\" data-kale-share-title=\"Dalla GMG alla GMB: la prima Giornata Mondiale dei Bambini\" data-kale-share-url=\"https:\/\/blog.holyart.it\/it\/?p=19678\" \/><\/p>\n<div class=\"leggi-anche\">Leggi anche:<\/div>\n<p><strong><a href=\"https:\/\/www.holyart.it\/blog\/santi-e-beati\/limmacolata-concezione-della-vergine-maria\/\">L\u2019Immacolata Concezione della Vergine Maria<\/a><\/strong><br \/>\nL\u2019Immacolata Concezione della Vergine Maria \u00e8 uno dei dogmi mariani che riconosce la nascita della Vergine senza peccato originale&#8230;<\/p>\n<\/div>\n<p><em>&#8220;Che tipo di mondo vogliamo lasciare ai bambini che stanno crescendo?&#8221;\u00a0<\/em>ha chiesto il Papa, rivolto ai fedeli. L&#8217;esortazione del Pontefice \u00e8 chiara: ascoltiamo i bambini, teniamo conto dei loro desideri, dei loro sogni, perch\u00e9 il mondo in cui saranno adulti sia un mondo migliore. <strong>Pace, inclusivit\u00e0, uguaglianza<\/strong>, ma anche una\u00a0<strong>maggior tutela dell&#8217;ambiente\u00a0<\/strong>e\u00a0<strong>rispetto per la vita<\/strong>\u00a0in ogni sua manifestazione dovrebbero essere le basi per questo miglioramento generale.<\/p>\n<p>E a guidarci su questa via sono i bambini stessi, con la loro straordinaria capacit\u00e0 di\u00a0<strong>stupirsi ancora<\/strong>\u00a0davanti alla meraviglia del Creato. In questo il Papa li ha\u00a0<strong>paragonati a Maria Vergine<\/strong>, che\u00a0<em>&#8220;grazie alla sua\u00a0<\/em><strong><em>semplicit\u00e0<\/em><\/strong><em>\u00a0ha conservato puro quel Cuore Immacolato con cui, per grazia di Dio, \u00e8 stata concepita.&#8221;\u00a0<\/em>Questa \u00e8 una caratteristica dei bambini, la loro semplicit\u00e0, spesso disarmante, per chi bambino ha cessato di smetterlo da tempo, eppure fondamentale, perch\u00e9 \u00e8 solo provando\u00a0<strong>stupore e meraviglia\u00a0<\/strong>davanti ai doni quotidiani di Dio, alle cose straordinarie che ha creato per noi, che possiamo comprendere e accogliere\u00a0<strong>i doni pi\u00f9 grandi della Fede<\/strong>. Anche per questo il Papa ha dedicato la prima Giornata Mondiale dei Bambini alla Vergine Maria.<\/p>\n<p>La GMB non va confusa con la gi\u00e0 esistente\u00a0<strong>Giornata Internazionale dell&#8217;Infanzia e dell&#8217;Adolescenza<\/strong>, o\u00a0<strong>Giornata Mondiale dei Diritti dell\u2019Infanzia<\/strong>, che ogni 20 novembre ricorda i diritti fondamentali per la tutela dei minori nella nostra societ\u00e0, o con la <strong>GMG<\/strong>, la\u00a0<a href=\"https:\/\/www.holyart.it\/blog\/articoli-religiosi\/giornata-mondiale-della-gioventu-il-papa-riunisce-i-giovani-di-tutto-il-mondo\/\"><strong>Giornata Mondiale della Giovent\u00f9<\/strong><\/a>, fortemente voluta da Papa Giovanni Paolo II a partire dal 1985. Gi\u00e0 durante il <strong><a href=\"https:\/\/www.holyart.it\/it\/giubileo-2025-pellegrini-di-speranza\">Giubileo<\/a> del 1983-1984<\/strong>, in occasione della <a href=\"https:\/\/www.holyart.it\/blog\/articoli-religiosi\/domenica-delle-palme-storia-e-significato-della-festa\/\"><strong>Domenica delle Palme<\/strong><\/a> pi\u00f9 di 300.000 giovani provenienti da ogni angolo del mondo si erano raccolti a Roma per partecipare al Giubileo Internazionale della Giovent\u00f9. Da qui il Papa stabil\u00ec la necessit\u00e0 di dare loro spazio ogni anno per un&#8217;occasione speciale. L&#8217;<strong><a href=\"https:\/\/www.holyart.it\/blog\/occasioni-speciali\/gmg-lisbona-2023-papa-francesco-incontra-i-giovani\/\">ultima edizione della GMG<\/a><\/strong>\u00a0si \u00e8 tenuta a Lisbona dal 1 al 6 agosto 2023.<\/p>\n<div class=\"link-article\">\n<p><img loading=\"lazy\" decoding=\"async\" class=\"size-full wp-image-19682 alignleft\" src=\"https:\/\/blog.holyart.it\/it\/wp-content\/uploads\/sites\/17\/2024\/03\/giornata-mondiale-della-gioventu.jpg\" alt=\"giornata mondiale della giovent\u00f9\" width=\"150\" height=\"99\" data-kale-share-title=\"Dalla GMG alla GMB: la prima Giornata Mondiale dei Bambini\" data-kale-share-url=\"https:\/\/blog.holyart.it\/it\/?p=19678\" \/><\/p>\n<div class=\"leggi-anche\">Leggi anche:<\/div>\n<p><strong><a href=\"https:\/\/www.holyart.it\/blog\/articoli-religiosi\/giornata-mondiale-della-gioventu-il-papa-riunisce-i-giovani-di-tutto-il-mondo\/\">Giornata Mondiale della Giovent\u00f9: il Papa riunisce i giovani di tutto il mondo<\/a><\/strong><br \/>\nLa Giornata Mondiale della Giovent\u00f9 rappresenta un evento&#8230;<\/p>\n<\/div>\n<p>Per quanto riguarda invece la\u00a0<strong>Giornata dei Diritti dell\u2019Infanzia<\/strong><strong>,\u00a0<\/strong>sono trascorsi oltre 30 anni dall&#8217;adozione della\u00a0<strong>Convenzione ONU sui diritti dell&#8217;infanzia e dell&#8217;adolescenza<\/strong>, il 20 novembre 1959, un documento che ha segnato un momento storico riconoscendo per la prima volta ai bambini diritti civili, sociali, politici, culturali ed economici. Adottata nel 1989, l&#8217;Italia ha ratificato questa convenzione il 27 maggio 1991. Questo documento sancisce che in quasi tutti i Paesi del mondo i bambini devono godere dei loro diritti fondamentali ed essere protetti e tutelati.<\/p>\n<div class=\"link-product\">\n<div class=\"blocco-immagine\"><img loading=\"lazy\" decoding=\"async\" class=\"size-full wp-image-19686 alignleft\" src=\"https:\/\/blog.holyart.it\/it\/wp-content\/uploads\/sites\/17\/2024\/03\/casula-ricamata-con-stola-logo-ufficiale-giubileo-2025-roma.jpg\" alt=\"casula ricamata con stola logo ufficiale giubileo 2025 roma\" width=\"100\" height=\"100\" data-kale-share-title=\"Dalla GMG alla GMB: la prima Giornata Mondiale dei Bambini\" data-kale-share-url=\"https:\/\/blog.holyart.it\/it\/?p=19678\" \/><\/div>\n<div class=\"blocco-contenuto\">\n<div class=\"blocco-acquista\">Acquista su Holyart:<\/div>\n<div class=\"blocco-titolo\"><a href=\"https:\/\/www.holyart.it\/it\/giubileo-2025-pellegrini-di-speranza\">Giubileo 2025 Pellegrini di Speranza<\/a><\/div>\n<div class=\"blocco-descrizione\">Articoli pensati per celebrare il prossimo Giubileo 2025 a Roma.<\/div>\n<\/div>\n<\/div>\n<h2>Com\u2019\u00e8 nata la Giornata Mondiale dei Bambini<\/h2>\n<p>La decisione di istituire questa ricorrenza \u00e8 scaturita dall&#8217;incontro del Papa con oltre seimila bambini provenienti da 56 Paesi in tutto il mondo, avvenuto il luned\u00ec\u00a0<strong>6 novembre 2023<\/strong>\u00a0nell&#8217;Aula Paolo VI. Gi\u00e0 nel corso di questa giornata speciale, oltre alle esibizioni del Piccolo Coro dell&#8217;Antoniano e di Mr. Rain, i bambini hanno potuto rivolgere al Santo Padre alcune domande riguardo argomenti importanti per loro e per il futuro del mondo, dal cambiamento climatico, ai mutamenti dell&#8217;ambiente, dalla guerra e il bisogno disperato di pace, alle diseguaglianze sociali. Questi saranno anche i temi trattati nella Prima Giornata Mondiale dei Bambini, la prossima primavera, che ricever\u00e0 il patrocinio ufficiale del\u00a0<strong>Dicastero per la Cultura e l&#8217;Educazione<\/strong>.<\/p>\n<h2>L\u2019annuncio della GMB nel Giorno dell\u2019Immacolata<\/h2>\n<p>Il Santo Padre ha ufficialmente annunciato la Prima Giornata Mondiale dei Bambini al termine dell&#8217;Angelus durante la\u00a0<a href=\"https:\/\/www.holyart.it\/it\/articoli-religiosi\/statue\/statue-in-resina-e-pvc\/immacolata-con-mani-giunte-20-cm-statua-in-resina\"><strong>Solennit\u00e0 dell&#8217;Immacolata<\/strong><\/a>, l&#8217;8 dicembre 2023, dedicandola alla Madonna e al suo Cuore immacolato.<\/p>\n<div class=\"link-product\">\n<div class=\"blocco-immagine\"><img loading=\"lazy\" decoding=\"async\" class=\"size-full wp-image-19683 alignleft\" src=\"https:\/\/blog.holyart.it\/it\/wp-content\/uploads\/sites\/17\/2024\/03\/immacolata-con-mani-giunte-20-cm-statua-in-resina.jpg\" alt=\"immacolata con mani giunte 20 cm statua in resina\" width=\"100\" height=\"100\" data-kale-share-title=\"Dalla GMG alla GMB: la prima Giornata Mondiale dei Bambini\" data-kale-share-url=\"https:\/\/blog.holyart.it\/it\/?p=19678\" \/><\/div>\n<div class=\"blocco-contenuto\">\n<div class=\"blocco-acquista\">Acquista su Holyart:<\/div>\n<div class=\"blocco-titolo\"><a href=\"https:\/\/www.holyart.it\/it\/articoli-religiosi\/statue\/statue-in-resina-e-pvc\/immacolata-con-mani-giunte-20-cm-statua-in-resina\">Immacolata con mani giunte 20 cm statua in resina<\/a><\/div>\n<div class=\"blocco-descrizione\">Statuetta che raffigura la classica Madonna immacolata con mani giunte in preghiera.<\/div>\n<\/div>\n<\/div>\n<h2>Giornata Mondiale dei Bambini: quando<\/h2>\n<p>Mentre la\u00a0<em>Giornata mondiale dei diritti dei bambini\u00a0<\/em>si terr\u00e0, come ogni anno il 20 novembre, la\u00a0<em>Prima Giornata Mondiale dei Bambini<\/em>\u00a0voluta da Papa Francesco si terr\u00e0 a Roma il 25 e 26 maggio 2024. Padre Enzo Fortunato, Marco Impagliazzo e Angelo Chiorazzo, coordinatori del comitato organizzatore della Prima Giornata Mondiale dei Bambini hanno dichiarato che:\u00a0<em>&#8220;Il 25 e 26 maggio prossimi desideriamo immaginare con i bambini e le bambine, a partire dai loro sogni e desideri, un mondo diverso, dove ci sia pace, cura dell&#8217;ambiente e scelta per la fraternit\u00e0. Questa giornata \u00e8 anche un messaggio al mondo degli adulti perch\u00e9 si fermino ad ascoltare le domande semplici e dirette dei piccoli che chiedono pace e rispetto.&#8221;<\/em><\/p>\n<p>Ce lo auguriamo tutti, e speriamo che, ogni tanto, i sogni e i desideri si possano davvero realizzare.<\/p>\n","protected":false},"excerpt":{"rendered":"<p>Il 25 e 26 maggio 2024 si terr\u00e0 a Roma la Prima Giornata Mondiale dei Bambini. Ecco perch\u00e9 Papa Francesco l&#8217;ha voluta e perch\u00e9 sar\u00e0 fondamentale per tutti i bambini del mondo (e non solo) In occasione della\u00a0Festa dell&#8217;Immacolata\u00a0lo scorso 8 dicembre Papa Francesco ha&hellip;<\/p>\n","protected":false},"author":1,"featured_media":19688,"comment_status":"closed","ping_status":"open","sticky":false,"template":"","format":"standard","meta":{"_acf_changed":false,"footnotes":""},"categories":[20],"tags":[],"class_list":["post-19678","post","type-post","status-publish","format-standard","has-post-thumbnail","hentry","category-occasioni-speciali"],"acf":[],"yoast_head":"<!-- This site is optimized with the Yoast SEO plugin v26.6 - https:\/\/yoast.com\/wordpress\/plugins\/seo\/ -->\n<title>Dalla GMG alla GMB: la prima Giornata Mondiale dei Bambini - Holyblog<\/title>\n<meta name=\"description\" content=\"In occasione della Prima Giornata Mondiale dei Bambini Papa Francesco vuole parlare dei problemi che affliggono il mondo e dei loro sogni\" \/>\n<meta name=\"robots\" content=\"index, follow, max-snippet:-1, max-image-preview:large, max-video-preview:-1\" \/>\n<link rel=\"canonical\" href=\"https:\/\/blog.holyart.it\/it\/occasioni-speciali\/dalla-gmg-alla-gmb-la-prima-giornata-mondiale-dei-bambini\/\" \/>\n<meta property=\"og:locale\" content=\"it_IT\" \/>\n<meta property=\"og:type\" content=\"article\" \/>\n<meta property=\"og:title\" content=\"Dalla GMG alla GMB: la prima Giornata Mondiale dei Bambini - Holyblog\" \/>\n<meta property=\"og:description\" content=\"In occasione della Prima Giornata Mondiale dei Bambini Papa Francesco vuole parlare dei problemi che affliggono il mondo e dei loro sogni\" \/>\n<meta property=\"og:url\" content=\"https:\/\/blog.holyart.it\/it\/occasioni-speciali\/dalla-gmg-alla-gmb-la-prima-giornata-mondiale-dei-bambini\/\" \/>\n<meta property=\"og:site_name\" content=\"Holyblog\" \/>\n<meta property=\"article:published_time\" content=\"2024-04-22T08:00:15+00:00\" \/>\n<meta property=\"article:modified_time\" content=\"2024-08-02T08:42:17+00:00\" \/>\n<meta property=\"og:image\" content=\"https:\/\/blog.holyart.it\/it\/wp-content\/uploads\/sites\/17\/2024\/03\/giornata-mondiale-dei-bambini.jpg\" \/>\n\t<meta property=\"og:image:width\" content=\"1000\" \/>\n\t<meta property=\"og:image:height\" content=\"666\" \/>\n\t<meta property=\"og:image:type\" content=\"image\/jpeg\" \/>\n<meta name=\"author\" content=\"Redazione\" \/>\n<meta name=\"twitter:card\" content=\"summary_large_image\" \/>\n<meta name=\"twitter:label1\" content=\"Scritto da\" \/>\n\t<meta name=\"twitter:data1\" content=\"Redazione\" \/>\n\t<meta name=\"twitter:label2\" content=\"Tempo di lettura stimato\" \/>\n\t<meta name=\"twitter:data2\" content=\"7 minuti\" \/>\n<script type=\"application\/ld+json\" class=\"yoast-schema-graph\">{\"@context\":\"https:\/\/schema.org\",\"@graph\":[{\"@type\":\"Article\",\"@id\":\"https:\/\/blog.holyart.it\/it\/occasioni-speciali\/dalla-gmg-alla-gmb-la-prima-giornata-mondiale-dei-bambini\/#article\",\"isPartOf\":{\"@id\":\"https:\/\/blog.holyart.it\/it\/occasioni-speciali\/dalla-gmg-alla-gmb-la-prima-giornata-mondiale-dei-bambini\/\"},\"author\":{\"name\":\"Redazione\",\"@id\":\"https:\/\/blog.holyart.it\/it\/#\/schema\/person\/0a7b686e5af0f856ec1e390dd0baecda\"},\"headline\":\"Dalla GMG alla GMB: la prima Giornata Mondiale dei Bambini\",\"datePublished\":\"2024-04-22T08:00:15+00:00\",\"dateModified\":\"2024-08-02T08:42:17+00:00\",\"mainEntityOfPage\":{\"@id\":\"https:\/\/blog.holyart.it\/it\/occasioni-speciali\/dalla-gmg-alla-gmb-la-prima-giornata-mondiale-dei-bambini\/\"},\"wordCount\":936,\"publisher\":{\"@id\":\"https:\/\/blog.holyart.it\/it\/#organization\"},\"image\":{\"@id\":\"https:\/\/blog.holyart.it\/it\/occasioni-speciali\/dalla-gmg-alla-gmb-la-prima-giornata-mondiale-dei-bambini\/#primaryimage\"},\"thumbnailUrl\":\"https:\/\/blog.holyart.it\/it\/wp-content\/uploads\/sites\/17\/2024\/03\/giornata-mondiale-dei-bambini.jpg\",\"articleSection\":[\"Occasioni speciali\"],\"inLanguage\":\"it-IT\"},{\"@type\":\"WebPage\",\"@id\":\"https:\/\/blog.holyart.it\/it\/occasioni-speciali\/dalla-gmg-alla-gmb-la-prima-giornata-mondiale-dei-bambini\/\",\"url\":\"https:\/\/blog.holyart.it\/it\/occasioni-speciali\/dalla-gmg-alla-gmb-la-prima-giornata-mondiale-dei-bambini\/\",\"name\":\"Dalla GMG alla GMB: la prima Giornata Mondiale dei Bambini - Holyblog\",\"isPartOf\":{\"@id\":\"https:\/\/blog.holyart.it\/it\/#website\"},\"primaryImageOfPage\":{\"@id\":\"https:\/\/blog.holyart.it\/it\/occasioni-speciali\/dalla-gmg-alla-gmb-la-prima-giornata-mondiale-dei-bambini\/#primaryimage\"},\"image\":{\"@id\":\"https:\/\/blog.holyart.it\/it\/occasioni-speciali\/dalla-gmg-alla-gmb-la-prima-giornata-mondiale-dei-bambini\/#primaryimage\"},\"thumbnailUrl\":\"https:\/\/blog.holyart.it\/it\/wp-content\/uploads\/sites\/17\/2024\/03\/giornata-mondiale-dei-bambini.jpg\",\"datePublished\":\"2024-04-22T08:00:15+00:00\",\"dateModified\":\"2024-08-02T08:42:17+00:00\",\"description\":\"In occasione della Prima Giornata Mondiale dei Bambini Papa Francesco vuole parlare dei problemi che affliggono il mondo e dei loro sogni\",\"breadcrumb\":{\"@id\":\"https:\/\/blog.holyart.it\/it\/occasioni-speciali\/dalla-gmg-alla-gmb-la-prima-giornata-mondiale-dei-bambini\/#breadcrumb\"},\"inLanguage\":\"it-IT\",\"potentialAction\":[{\"@type\":\"ReadAction\",\"target\":[\"https:\/\/blog.holyart.it\/it\/occasioni-speciali\/dalla-gmg-alla-gmb-la-prima-giornata-mondiale-dei-bambini\/\"]}]},{\"@type\":\"ImageObject\",\"inLanguage\":\"it-IT\",\"@id\":\"https:\/\/blog.holyart.it\/it\/occasioni-speciali\/dalla-gmg-alla-gmb-la-prima-giornata-mondiale-dei-bambini\/#primaryimage\",\"url\":\"https:\/\/blog.holyart.it\/it\/wp-content\/uploads\/sites\/17\/2024\/03\/giornata-mondiale-dei-bambini.jpg\",\"contentUrl\":\"https:\/\/blog.holyart.it\/it\/wp-content\/uploads\/sites\/17\/2024\/03\/giornata-mondiale-dei-bambini.jpg\",\"width\":1000,\"height\":666,\"caption\":\"giornata mondiale dei bambini\"},{\"@type\":\"BreadcrumbList\",\"@id\":\"https:\/\/blog.holyart.it\/it\/occasioni-speciali\/dalla-gmg-alla-gmb-la-prima-giornata-mondiale-dei-bambini\/#breadcrumb\",\"itemListElement\":[{\"@type\":\"ListItem\",\"position\":1,\"name\":\"Homepage\",\"item\":\"https:\/\/blog.holyart.it\/it\/\"},{\"@type\":\"ListItem\",\"position\":2,\"name\":\"Occasioni speciali\",\"item\":\"https:\/\/blog.holyart.it\/it\/occasioni-speciali\/\"},{\"@type\":\"ListItem\",\"position\":3,\"name\":\"Dalla GMG alla GMB: la prima Giornata Mondiale dei Bambini\"}]},{\"@type\":\"WebSite\",\"@id\":\"https:\/\/blog.holyart.it\/it\/#website\",\"url\":\"https:\/\/blog.holyart.it\/it\/\",\"name\":\"Holyblog\",\"description\":\"Il Blog di Holyart.it\",\"publisher\":{\"@id\":\"https:\/\/blog.holyart.it\/it\/#organization\"},\"potentialAction\":[{\"@type\":\"SearchAction\",\"target\":{\"@type\":\"EntryPoint\",\"urlTemplate\":\"https:\/\/blog.holyart.it\/it\/?s={search_term_string}\"},\"query-input\":{\"@type\":\"PropertyValueSpecification\",\"valueRequired\":true,\"valueName\":\"search_term_string\"}}],\"inLanguage\":\"it-IT\"},{\"@type\":\"Organization\",\"@id\":\"https:\/\/blog.holyart.it\/it\/#organization\",\"name\":\"Holyblog\",\"url\":\"https:\/\/blog.holyart.it\/it\/\",\"logo\":{\"@type\":\"ImageObject\",\"inLanguage\":\"it-IT\",\"@id\":\"https:\/\/blog.holyart.it\/it\/#\/schema\/logo\/image\/\",\"url\":\"https:\/\/blog.holyart.it\/it\/wp-content\/uploads\/sites\/17\/2022\/12\/Holyart_Blog_Logo.jpg\",\"contentUrl\":\"https:\/\/blog.holyart.it\/it\/wp-content\/uploads\/sites\/17\/2022\/12\/Holyart_Blog_Logo.jpg\",\"width\":300,\"height\":50,\"caption\":\"Holyblog\"},\"image\":{\"@id\":\"https:\/\/blog.holyart.it\/it\/#\/schema\/logo\/image\/\"}},{\"@type\":\"Person\",\"@id\":\"https:\/\/blog.holyart.it\/it\/#\/schema\/person\/0a7b686e5af0f856ec1e390dd0baecda\",\"name\":\"Redazione\"}]}<\/script>\n<!-- \/ Yoast SEO plugin. -->","yoast_head_json":{"title":"Dalla GMG alla GMB: la prima Giornata Mondiale dei Bambini - Holyblog","description":"In occasione della Prima Giornata Mondiale dei Bambini Papa Francesco vuole parlare dei problemi che affliggono il mondo e dei loro sogni","robots":{"index":"index","follow":"follow","max-snippet":"max-snippet:-1","max-image-preview":"max-image-preview:large","max-video-preview":"max-video-preview:-1"},"canonical":"https:\/\/blog.holyart.it\/it\/occasioni-speciali\/dalla-gmg-alla-gmb-la-prima-giornata-mondiale-dei-bambini\/","og_locale":"it_IT","og_type":"article","og_title":"Dalla GMG alla GMB: la prima Giornata Mondiale dei Bambini - Holyblog","og_description":"In occasione della Prima Giornata Mondiale dei Bambini Papa Francesco vuole parlare dei problemi che affliggono il mondo e dei loro sogni","og_url":"https:\/\/blog.holyart.it\/it\/occasioni-speciali\/dalla-gmg-alla-gmb-la-prima-giornata-mondiale-dei-bambini\/","og_site_name":"Holyblog","article_published_time":"2024-04-22T08:00:15+00:00","article_modified_time":"2024-08-02T08:42:17+00:00","og_image":[{"width":1000,"height":666,"url":"https:\/\/blog.holyart.it\/it\/wp-content\/uploads\/sites\/17\/2024\/03\/giornata-mondiale-dei-bambini.jpg","type":"image\/jpeg"}],"author":"Redazione","twitter_card":"summary_large_image","twitter_misc":{"Scritto da":"Redazione","Tempo di lettura stimato":"7 minuti"},"schema":{"@context":"https:\/\/schema.org","@graph":[{"@type":"Article","@id":"https:\/\/blog.holyart.it\/it\/occasioni-speciali\/dalla-gmg-alla-gmb-la-prima-giornata-mondiale-dei-bambini\/#article","isPartOf":{"@id":"https:\/\/blog.holyart.it\/it\/occasioni-speciali\/dalla-gmg-alla-gmb-la-prima-giornata-mondiale-dei-bambini\/"},"author":{"name":"Redazione","@id":"https:\/\/blog.holyart.it\/it\/#\/schema\/person\/0a7b686e5af0f856ec1e390dd0baecda"},"headline":"Dalla GMG alla GMB: la prima Giornata Mondiale dei Bambini","datePublished":"2024-04-22T08:00:15+00:00","dateModified":"2024-08-02T08:42:17+00:00","mainEntityOfPage":{"@id":"https:\/\/blog.holyart.it\/it\/occasioni-speciali\/dalla-gmg-alla-gmb-la-prima-giornata-mondiale-dei-bambini\/"},"wordCount":936,"publisher":{"@id":"https:\/\/blog.holyart.it\/it\/#organization"},"image":{"@id":"https:\/\/blog.holyart.it\/it\/occasioni-speciali\/dalla-gmg-alla-gmb-la-prima-giornata-mondiale-dei-bambini\/#primaryimage"},"thumbnailUrl":"https:\/\/blog.holyart.it\/it\/wp-content\/uploads\/sites\/17\/2024\/03\/giornata-mondiale-dei-bambini.jpg","articleSection":["Occasioni speciali"],"inLanguage":"it-IT"},{"@type":"WebPage","@id":"https:\/\/blog.holyart.it\/it\/occasioni-speciali\/dalla-gmg-alla-gmb-la-prima-giornata-mondiale-dei-bambini\/","url":"https:\/\/blog.holyart.it\/it\/occasioni-speciali\/dalla-gmg-alla-gmb-la-prima-giornata-mondiale-dei-bambini\/","name":"Dalla GMG alla GMB: la prima Giornata Mondiale dei Bambini - Holyblog","isPartOf":{"@id":"https:\/\/blog.holyart.it\/it\/#website"},"primaryImageOfPage":{"@id":"https:\/\/blog.holyart.it\/it\/occasioni-speciali\/dalla-gmg-alla-gmb-la-prima-giornata-mondiale-dei-bambini\/#primaryimage"},"image":{"@id":"https:\/\/blog.holyart.it\/it\/occasioni-speciali\/dalla-gmg-alla-gmb-la-prima-giornata-mondiale-dei-bambini\/#primaryimage"},"thumbnailUrl":"https:\/\/blog.holyart.it\/it\/wp-content\/uploads\/sites\/17\/2024\/03\/giornata-mondiale-dei-bambini.jpg","datePublished":"2024-04-22T08:00:15+00:00","dateModified":"2024-08-02T08:42:17+00:00","description":"In occasione della Prima Giornata Mondiale dei Bambini Papa Francesco vuole parlare dei problemi che affliggono il mondo e dei loro sogni","breadcrumb":{"@id":"https:\/\/blog.holyart.it\/it\/occasioni-speciali\/dalla-gmg-alla-gmb-la-prima-giornata-mondiale-dei-bambini\/#breadcrumb"},"inLanguage":"it-IT","potentialAction":[{"@type":"ReadAction","target":["https:\/\/blog.holyart.it\/it\/occasioni-speciali\/dalla-gmg-alla-gmb-la-prima-giornata-mondiale-dei-bambini\/"]}]},{"@type":"ImageObject","inLanguage":"it-IT","@id":"https:\/\/blog.holyart.it\/it\/occasioni-speciali\/dalla-gmg-alla-gmb-la-prima-giornata-mondiale-dei-bambini\/#primaryimage","url":"https:\/\/blog.holyart.it\/it\/wp-content\/uploads\/sites\/17\/2024\/03\/giornata-mondiale-dei-bambini.jpg","contentUrl":"https:\/\/blog.holyart.it\/it\/wp-content\/uploads\/sites\/17\/2024\/03\/giornata-mondiale-dei-bambini.jpg","width":1000,"height":666,"caption":"giornata mondiale dei bambini"},{"@type":"BreadcrumbList","@id":"https:\/\/blog.holyart.it\/it\/occasioni-speciali\/dalla-gmg-alla-gmb-la-prima-giornata-mondiale-dei-bambini\/#breadcrumb","itemListElement":[{"@type":"ListItem","position":1,"name":"Homepage","item":"https:\/\/blog.holyart.it\/it\/"},{"@type":"ListItem","position":2,"name":"Occasioni speciali","item":"https:\/\/blog.holyart.it\/it\/occasioni-speciali\/"},{"@type":"ListItem","position":3,"name":"Dalla GMG alla GMB: la prima Giornata Mondiale dei Bambini"}]},{"@type":"WebSite","@id":"https:\/\/blog.holyart.it\/it\/#website","url":"https:\/\/blog.holyart.it\/it\/","name":"Holyblog","description":"Il Blog di Holyart.it","publisher":{"@id":"https:\/\/blog.holyart.it\/it\/#organization"},"potentialAction":[{"@type":"SearchAction","target":{"@type":"EntryPoint","urlTemplate":"https:\/\/blog.holyart.it\/it\/?s={search_term_string}"},"query-input":{"@type":"PropertyValueSpecification","valueRequired":true,"valueName":"search_term_string"}}],"inLanguage":"it-IT"},{"@type":"Organization","@id":"https:\/\/blog.holyart.it\/it\/#organization","name":"Holyblog","url":"https:\/\/blog.holyart.it\/it\/","logo":{"@type":"ImageObject","inLanguage":"it-IT","@id":"https:\/\/blog.holyart.it\/it\/#\/schema\/logo\/image\/","url":"https:\/\/blog.holyart.it\/it\/wp-content\/uploads\/sites\/17\/2022\/12\/Holyart_Blog_Logo.jpg","contentUrl":"https:\/\/blog.holyart.it\/it\/wp-content\/uploads\/sites\/17\/2022\/12\/Holyart_Blog_Logo.jpg","width":300,"height":50,"caption":"Holyblog"},"image":{"@id":"https:\/\/blog.holyart.it\/it\/#\/schema\/logo\/image\/"}},{"@type":"Person","@id":"https:\/\/blog.holyart.it\/it\/#\/schema\/person\/0a7b686e5af0f856ec1e390dd0baecda","name":"Redazione"}]}},"_links":{"self":[{"href":"https:\/\/blog.holyart.it\/it\/wp-json\/wp\/v2\/posts\/19678","targetHints":{"allow":["GET"]}}],"collection":[{"href":"https:\/\/blog.holyart.it\/it\/wp-json\/wp\/v2\/posts"}],"about":[{"href":"https:\/\/blog.holyart.it\/it\/wp-json\/wp\/v2\/types\/post"}],"author":[{"embeddable":true,"href":"https:\/\/blog.holyart.it\/it\/wp-json\/wp\/v2\/users\/1"}],"replies":[{"embeddable":true,"href":"https:\/\/blog.holyart.it\/it\/wp-json\/wp\/v2\/comments?post=19678"}],"version-history":[{"count":8,"href":"https:\/\/blog.holyart.it\/it\/wp-json\/wp\/v2\/posts\/19678\/revisions"}],"predecessor-version":[{"id":20353,"href":"https:\/\/blog.holyart.it\/it\/wp-json\/wp\/v2\/posts\/19678\/revisions\/20353"}],"wp:featuredmedia":[{"embeddable":true,"href":"https:\/\/blog.holyart.it\/it\/wp-json\/wp\/v2\/media\/19688"}],"wp:attachment":[{"href":"https:\/\/blog.holyart.it\/it\/wp-json\/wp\/v2\/media?parent=19678"}],"wp:term":[{"taxonomy":"category","embeddable":true,"href":"https:\/\/blog.holyart.it\/it\/wp-json\/wp\/v2\/categories?post=19678"},{"taxonomy":"post_tag","embeddable":true,"href":"https:\/\/blog.holyart.it\/it\/wp-json\/wp\/v2\/tags?post=19678"}],"curies":[{"name":"wp","href":"https:\/\/api.w.org\/{rel}","templated":true}]}}