{"id":19667,"date":"2024-03-14T10:00:22","date_gmt":"2024-03-14T09:00:22","guid":{"rendered":"https:\/\/blog.holyart.it\/it\/?p=19667"},"modified":"2024-09-10T12:40:32","modified_gmt":"2024-09-10T10:40:32","slug":"cose-il-giubileo-prepariamoci-a-un-nuovo-anno-santo","status":"publish","type":"post","link":"https:\/\/blog.holyart.it\/it\/articoli-religiosi\/cose-il-giubileo-prepariamoci-a-un-nuovo-anno-santo\/","title":{"rendered":"Cos&#8217;\u00e8 il Giubileo: prepariamoci a un nuovo Anno Santo"},"content":{"rendered":"<h4>Cos&#8217;\u00e8 il Giubileo? Ogni quanto viene celebrato? In vista dell&#8217;Anno Santo 2025 scopriamo l&#8217;origine di questa pratica devozionale secolare<\/h4>\n\n<p>In vista del 2025 \u00e8 importante comprendere che\u00a0<strong>cos&#8217;\u00e8 il Giubileo<\/strong>. Il Giubileo, o\u00a0<strong>Anno Santo<\/strong>, \u00e8 un evento religioso speciale per la Chiesa cattolica, caratterizzato da <a href=\"https:\/\/www.holyart.it\/it\/articoli\/stole-del-giubileo.php\"><strong>cerimonie solenni<\/strong><\/a>, eventi collettivi e pellegrinaggi devozionali. Si tiene a intervalli regolari,\u00a0<strong>ogni 25 anni<\/strong>, anche se vedremo che ci sono Giubilei straordinari, che vengono indetti dal Santo Padre in determinate circostanze.<\/p>\n<p>In occasione del Giubileo, i fedeli sono invitati a compiere un <strong><a href=\"https:\/\/www.holyart.it\/blog\/articoli-religiosi\/pellegrinaggio-a-roma-tra-le-mete-preferite-dei-cristiani\/\">pellegrinaggio alla Basilica di San Pietro in Vaticano<\/a><\/strong>, a Roma, e a partecipare a rituali e atti di devozione, come il Giro delle Sette Chiese. \u00c8 un&#8217;occasione di grande\u00a0<strong>crescita spirituale<\/strong>\u00a0e\u00a0<strong>permette di ricevere il perdono da ogni colpa<\/strong>, perch\u00e9, tradizionalmente, chi durante il Giubileo attraversa una della Porte Sante, ottiene l&#8217;<strong>indulgenza plenaria<\/strong>, cio\u00e8 la remissione da tutti i peccati.<\/p>\n<div class=\"link-article\">\n<p><img loading=\"lazy\" decoding=\"async\" class=\"size-full wp-image-19669 alignleft\" src=\"https:\/\/blog.holyart.it\/it\/wp-content\/uploads\/sites\/17\/2024\/03\/pellegrinaggio-a-roma.jpg\" alt=\"pellegrinaggio a roma\" width=\"150\" height=\"99\" data-kale-share-title=\"Cos\u2019\u00e8 il Giubileo: prepariamoci a un nuovo anno santo\" data-kale-share-url=\"https:\/\/blog.holyart.it\/it\/?p=19667\" \/><\/p>\n<div class=\"leggi-anche\">Leggi anche:<\/div>\n<p><strong><a href=\"https:\/\/www.holyart.it\/blog\/articoli-religiosi\/pellegrinaggio-a-roma-tra-le-mete-preferite-dei-cristiani\/\">Pellegrinaggio a Roma: tra le mete preferite dei cristiani<\/a><\/strong><br \/>\nUn pellegrinaggio a Roma \u00e8 da sempre una delle esperienze spirituali pi\u00f9 significative per i cristiani provenienti da tutto il mondo&#8230;<\/p>\n<\/div>\n<p>Ma cosa significa Giubileo? L&#8217;<strong>origine del Giubileo<\/strong>\u00a0risale all&#8217;antica tradizione ebraica dello\u00a0<strong><em>Yovel<\/em><\/strong>, che si celebrava ogni cinquant&#8217;anni. Il Giubileo ebraico era principalmente\u00a0<strong>incentrato sulla terra<\/strong>, sulle propriet\u00e0 e sui diritti terrieri. Secondo la Bibbia ebraica, questo periodo speciale prevedeva una serie di pratiche, tra cui la restituzione delle terre ai loro antichi proprietari, la remissione dei debiti, la liberazione degli schiavi e dei prigionieri, il riposo della terra e la manifestazione particolare della misericordia divina. Queste pratiche non solo miravano a garantire una giusta distribuzione delle risorse e a promuovere la giustizia sociale, ma anche a sottolineare l&#8217;importanza\u00a0<strong>della misericordia e della compassione divina\u00a0<\/strong>nell&#8217;esperienza umana. Ad aprire questo periodo era il suono di un corno d&#8217;ariete, &#8220;jobel&#8221; in ebraico, da cui il nome della solennit\u00e0, poi trasformato in Giubileo.<br \/>\nNel\u00a0<strong>Vangelo di Luca<\/strong>\u00a0Ges\u00f9, arrivando a Nazareth cita in modo molto esplicito un passo del\u00a0<strong>Libro di Isaia<\/strong>, che fa riferimento proprio a questo anno speciale dedicato a Dio:\u00a0<em>&#8220;1 Lo spirito del Signore Dio \u00e8 su di me perch\u00e9 il Signore mi ha consacrato con l&#8217;unzione; mi ha mandato a portare il lieto annunzio ai miseri, a fasciare le piaghe dei cuori spezzati, a proclamare la libert\u00e0 degli schiavi, la scarcerazione dei prigionieri, 2 a promulgare<\/em><strong><em>\u00a0<a href=\"https:\/\/www.holyart.it\/it\/occasioni-speciali\/giubileo-2025-pellegrini-di-speranza?page=1&amp;params=%7B%22offset%22:0,%22limit%22:60,%22filters%22:%5B%5D,%22sorter%22:%22YEAR_BEST_SELLERS%22,%22categoryIds%22:%5B108480%5D,%22filtersByIds%22:%5B%7B%22key%22:68,%22values%22:%5B2983%5D%7D%5D%7D\">l&#8217;anno di misericordia del Signore<\/a><\/em><\/strong><em>, un giorno di vendetta per il nostro Dio, per consolare tutti gli afflitti.&#8221;<\/em>\u00a0(Isaia 61:1-2).<br \/>\nE cos\u00ec Ges\u00f9 nel Vangelo di Luca:\u00a0<em>&#8220;18 \u201cLo Spirito del Signore \u00e8 sopra me; per questo egli mi ha unto per evangelizzare i poveri; mi ha mandato ad annunciare la liberazione ai prigionieri, e ai ciechi il recupero della vista; a rimettere in libert\u00e0 gli oppressi, 19 e a\u00a0<strong>predicare l&#8217;anno accettevole del Signore.<\/strong>\u201d\u00a0<\/em>(Luca 4,18-19)<\/p>\n<div class=\"link-product\">\n<div class=\"blocco-immagine\"><img loading=\"lazy\" decoding=\"async\" class=\"size-full wp-image-19670 alignleft\" src=\"https:\/\/blog.holyart.it\/it\/wp-content\/uploads\/sites\/17\/2024\/03\/copriambone-avorio-giubileo-2025-pellegrini-di-speranza-cotone-lurex.jpg\" alt=\"copriambone avorio giubileo 2025 pellegrini di speranza cotone lurex\" width=\"100\" height=\"100\" data-kale-share-title=\"Cos\u2019\u00e8 il Giubileo: prepariamoci a un nuovo anno santo\" data-kale-share-url=\"https:\/\/blog.holyart.it\/it\/?p=19667\" \/><\/div>\n<div class=\"blocco-contenuto\">\n<div class=\"blocco-acquista\">Acquista su Holyart:<\/div>\n<div class=\"blocco-titolo\"><a href=\"https:\/\/www.holyart.it\/it\/occasioni-speciali\/giubileo-2025-pellegrini-di-speranza?page=1&amp;params=%7B%22offset%22:0,%22limit%22:60,%22filters%22:%5B%5D,%22sorter%22:%22YEAR_BEST_SELLERS%22,%22categoryIds%22:%5B108480%5D,%22filtersByIds%22:%5B%7B%22key%22:68,%22values%22:%5B2983%5D%7D%5D%7D\">Giubileo 2025 Pellegrini di Speranza<\/a><\/div>\n<div class=\"blocco-descrizione\">Articoli pensati per celebrare il prossimo Giubileo 2025 a Roma.<\/div>\n<\/div>\n<\/div>\n<p>L&#8217;<strong>Indulgenza dei Cent&#8217;anni\u00a0<\/strong>fu un evento significativo che anticip\u00f2 e predisse il Giubileo nella storia della Chiesa cattolica. Questo evento si verific\u00f2 durante il pontificato del Papa Bonifacio VIII, sebbene non fosse stato il Papa a istituirlo. Una tradizione di origine ignota garantiva la remissione completa dei peccati e la sospensione di tutte le pene temporali a chi si fosse recato <a href=\"https:\/\/www.holyart.it\/it\/giubileo-2025-pellegrini-di-speranza\/kit-del-pellegrino-e-gadget-giubileo-2025\/zaino-del-pellegrino-kit-completo-giubileo-2025\"><strong>in pellegrinaggio nella Basilica di San Pietro<\/strong><\/a> a Roma entro il 1300. \u00a0Fu proprio\u00a0<strong>Papa Bonifacio VIII<\/strong>\u00a0a istituire il primo Giubileo, forse ispirandosi proprio all&#8217;Indulgenza dei Cent&#8217;anni, o alla gi\u00e0 citata tradizione ebraica dello Yovel. Inizialmente era previsto che l&#8217;anno Santo avesse luogo\u00a0<strong>ogni cent&#8217;anni<\/strong>. Solo in seguito, con Papa Clemente VI (1350), l&#8217;intervallo di tempo venne abbassato a 50 anni, come l&#8217;antico Anno Santo ebraico, poi a 33 (gli anni di Cristo) e infine a 25.<\/p>\n<div class=\"link-product\">\n<div class=\"blocco-immagine\"><img loading=\"lazy\" decoding=\"async\" class=\"size-full wp-image-20031 alignleft\" src=\"https:\/\/blog.holyart.it\/it\/wp-content\/uploads\/sites\/17\/2024\/03\/zaino-del-pellegrino-kit-completo-giubileo-2025-2.jpg\" alt=\"zaino del pellegrino kit completo giubileo 2025\" width=\"100\" height=\"100\" data-kale-share-title=\"Cos\u2019\u00e8 il Giubileo: prepariamoci a un nuovo Anno Santo\" data-kale-share-url=\"https:\/\/blog.holyart.it\/it\/articoli-religiosi\/cose-il-giubileo-prepariamoci-a-un-nuovo-anno-santo\/\" \/><\/div>\n<div class=\"blocco-contenuto\">\n<div class=\"blocco-acquista\">Acquista su Holyart:<\/div>\n<div class=\"blocco-titolo\"><a href=\"https:\/\/www.holyart.it\/it\/giubileo-2025-pellegrini-di-speranza\/kit-del-pellegrino-e-gadget-giubileo-2025\/zaino-del-pellegrino-kit-completo-giubileo-2025\">Zaino del pellegrino kit completo Giubileo 2025<\/a><\/div>\n<div class=\"blocco-descrizione\">Zaino del pellegrino kit completo Giubileo 2025 Pellegrini di Speranza ecocompatibile e impermeabile.<\/div>\n<\/div>\n<\/div>\n<h2>Quando inizia il Giubileo<\/h2>\n<p>Il Giubileo inizia quando il Santo Padre apre la Porta Santa della Basilica di San Pietro. L&#8217;apertura della Porta Santa che segner\u00e0 <a href=\"https:\/\/www.holyart.it\/blog\/articoli-religiosi\/il-calendario-degli-eventi-del-giubileo-2025\/\"><strong>l&#8217;inizio del Giubileo<\/strong><\/a> \u00e8 prevista per il 24 dicembre 2024.<\/p>\n<div class=\"link-article\">\n<p><img loading=\"lazy\" decoding=\"async\" class=\"size-full wp-image-19671 alignleft\" src=\"https:\/\/blog.holyart.it\/it\/wp-content\/uploads\/sites\/17\/2024\/03\/giubileo-2025.jpg\" alt=\"giubileo 2025\" width=\"150\" height=\"99\" data-kale-share-title=\"Cos\u2019\u00e8 il Giubileo: prepariamoci a un nuovo anno santo\" data-kale-share-url=\"https:\/\/blog.holyart.it\/it\/?p=19667\" \/><\/p>\n<div class=\"leggi-anche\">Leggi anche:<\/div>\n<p><strong><a href=\"https:\/\/www.holyart.it\/blog\/articoli-religiosi\/il-calendario-degli-eventi-del-giubileo-2025\/\">Il calendario degli eventi del Giubileo 2025<\/a><\/strong><br \/>\n\u00c8 stato pubblicato il calendario degli eventi del Giubileo 2025, dodici mesi di eventi e occasioni per approfondire la fede&#8230;<\/p>\n<\/div>\n<h2>Giubileo ordinario o straordinario<\/h2>\n<p>Accanto al\u00a0<strong>Giubileo ordinario<\/strong>, come gi\u00e0 osservato, esiste il\u00a0<strong>Giubileo straordinario<\/strong>. Il primo si tiene secondo il ciclo regolare prestabilito dalla Chiesa cattolica, ogni 25 anni, e prevede l&#8217;apertura delle Porte Sante delle\u00a0<strong>Basiliche papali a Roma<\/strong>, l&#8217;indulgenza plenaria ai pellegrini e numerose pratiche devozionali.<\/p>\n<p>Il\u00a0<strong>Giubileo straordinario<\/strong>\u00a0viene indetto invece in circostanze eccezionali e per celebrare eventi significativi nella Chiesa cattolica o nel mondo. Ad esempio, il\u00a0<a href=\"https:\/\/www.holyart.it\/blog\/articoli-religiosi\/logo-del-giubileo-della-misericordia-cose-lo-disegno\/\"><strong>Giubileo della Misericordia<\/strong><\/a>\u00a0del 2016, indetto da Papa Francesco, \u00e8 stato un Giubileo straordinario indetto con lo scopo di celebrare e diffondere il tema della misericordia divina in tutto il mondo. Durante un Giubileo straordinario, vengono generalmente offerte opportunit\u00e0 spirituali e sacramentali aggiuntive per i fedeli, oltre a speciali indulgenze.<\/p>\n<div class=\"link-article\">\n<p><img loading=\"lazy\" decoding=\"async\" class=\"size-full wp-image-19672 alignleft\" src=\"https:\/\/blog.holyart.it\/it\/wp-content\/uploads\/sites\/17\/2024\/03\/giubileo-della-misericordia.jpg\" alt=\"giubileo della misericordia\" width=\"150\" height=\"99\" data-kale-share-title=\"Cos\u2019\u00e8 il Giubileo: prepariamoci a un nuovo anno santo\" data-kale-share-url=\"https:\/\/blog.holyart.it\/it\/?p=19667\" \/><\/p>\n<div class=\"leggi-anche\">Leggi anche:<\/div>\n<p><strong><a href=\"https:\/\/www.holyart.it\/blog\/articoli-religiosi\/logo-del-giubileo-della-misericordia-cose-lo-disegno\/\">Logo del Giubileo della misericordia: cos\u2019\u00e8 e chi lo disegn\u00f2<\/a><\/strong><br \/>\nIl logo del Giubileo straordinario della misericordia \u00e8 stato ideato e disegnato da un artista e un religioso&#8230;<\/p>\n<\/div>\n<h2>Il significato dell\u2019apertura della Porta Santa<\/h2>\n<p><strong><a href=\"https:\/\/www.holyart.it\/blog\/articoli-religiosi\/porta-santa-cose-e-cosa-rappresenta-la-sua-apertura\/\">L&#8217;apertura della Porta Santa<\/a><\/strong> segna non solo l&#8217;inizio del Giubileo, ma rappresenta anche un\u00a0<strong>potente simbolo spirituale<\/strong>\u00a0per i cristiani. La Porta Santa \u00e8 la porta di una chiesa o di una basilica cristiana che viene proclamata dal Papa Santa, appunto. Durante il Giubileo, questa porta, solitamente murata, viene aperta e attraversarla permette ai fedeli di ottenere l&#8217;indulgenza plenaria, il perdono completo dei peccati.<br \/>\nOltre al suo significato pratico, la Porta Santa ha un profondo significato simbolico. Nelle Sacre Scritture, la porta \u00e8 spesso vista come il varco attraverso cui\u00a0<strong>la gloria di Dio entra nella casa<\/strong>\u00a0o, metaforicamente,\u00a0<strong>nell&#8217;anima umana<\/strong>. Gi\u00e0 in Ezechiele, troviamo riferimenti a questo concetto, che riflette il concetto di accoglienza della grazia divina nel cuore del credente.\u00a0La Porta Santa, quindi, non \u00e8 solo un simbolo di accesso fisico a un luogo sacro, ma rappresenta anche l&#8217;invito a lasciare che la presenza e la misericordia di Dio entrino nelle nostre vite e trasformino i nostri cuori.<\/p>\n<div class=\"link-article\">\n<p><img loading=\"lazy\" decoding=\"async\" class=\"size-full wp-image-19673 alignleft\" src=\"https:\/\/blog.holyart.it\/it\/wp-content\/uploads\/sites\/17\/2024\/03\/porta-santa.jpeg\" alt=\"porta santa\" width=\"150\" height=\"104\" data-kale-share-title=\"Cos\u2019\u00e8 il Giubileo: prepariamoci a un nuovo anno santo\" data-kale-share-url=\"https:\/\/blog.holyart.it\/it\/?p=19667\" \/><\/p>\n<div class=\"leggi-anche\">Leggi anche:<\/div>\n<p><strong><a href=\"https:\/\/www.holyart.it\/blog\/articoli-religiosi\/porta-santa-cose-e-cosa-rappresenta-la-sua-apertura\/\">Porta Santa: cos\u2019\u00e8 e cosa rappresenta la sua apertura<\/a><\/strong><br \/>\nL\u2019apertura della Porta Santa segno l\u2019inizio del Giubileo, ma rappresenta anche per i cristiani un simbolo spirituale di grande suggestione&#8230;<\/p>\n<\/div>\n<h2>Giubileo 2025 a Roma<\/h2>\n<p><a href=\"https:\/\/www.holyart.it\/it\/articoli\/casule-del-giubileo.php\"><strong>Per il Giubileo 2025<\/strong><\/a> \u00e8 previsto l&#8217;arrivo di oltre 32 milioni di pellegrini a Roma. Questo evento offrir\u00e0 ai pellegrini un&#8217;esperienza completa che unir\u00e0 fede, cultura e spiritualit\u00e0, grazia e perdono divino. Il Giubileo del 2025 offre un <strong><a href=\"https:\/\/www.holyart.it\/blog\/articoli-religiosi\/il-calendario-degli-eventi-del-giubileo-2025\/#Il_calendario_del_Giubileo_2025\">calendario<\/a><\/strong> ricco di iniziative ed eventi solenni, che coinvolgeranno fedeli da tutto il mondo. Il tema scelto,\u00a0<a href=\"https:\/\/www.holyart.it\/blog\/articoli-religiosi\/il-significato-del-logo-del-giubileo-2025-pellegrini-di-speranza\/\"><em><strong>Pellegrini di speranza<\/strong><\/em><\/a>, \u00e8 quanto mai attuale, in quest&#8217;epoca di incertezza e sconvolgimenti mondiali. Vuole trasmettere un messaggio di speranza e fiducia nel futuro, invitando i credenti a intraprendere un viaggio spirituale verso una maggiore consapevolezza della misericordia divina e un impegno pi\u00f9 profondo per diffondere l&#8217;amore e la compassione nel mondo.<\/p>\n<div class=\"link-article\">\n<p><img loading=\"lazy\" decoding=\"async\" class=\"size-full wp-image-19674 alignleft\" src=\"https:\/\/blog.holyart.it\/it\/wp-content\/uploads\/sites\/17\/2024\/03\/giubileo_stole_logo_blog.jpg\" alt=\"logo del giubileo 2025\" width=\"150\" height=\"99\" data-kale-share-title=\"Cos\u2019\u00e8 il Giubileo: prepariamoci a un nuovo anno santo\" data-kale-share-url=\"https:\/\/blog.holyart.it\/it\/?p=19667\" \/><\/p>\n<div class=\"leggi-anche\">Leggi anche:<\/div>\n<p><strong><a href=\"https:\/\/www.holyart.it\/blog\/articoli-religiosi\/il-significato-del-logo-del-giubileo-2025-pellegrini-di-speranza\/\">Il significato del logo del Giubileo 2025: Pellegrini di speranza<\/a><\/strong><br \/>\n\u00c8 stato presentato il logo del Giubileo 2025, scelto tra quasi trecento proposte. Un simbolo di speranza e fraternit\u00e0&#8230;<\/p>\n<\/div>\n","protected":false},"excerpt":{"rendered":"<p>Cos&#8217;\u00e8 il Giubileo? Ogni quanto viene celebrato? In vista dell&#8217;Anno Santo 2025 scopriamo l&#8217;origine di questa pratica devozionale secolare In vista del 2025 \u00e8 importante comprendere che\u00a0cos&#8217;\u00e8 il Giubileo. Il Giubileo, o\u00a0Anno Santo, \u00e8 un evento religioso speciale per la Chiesa cattolica, caratterizzato da cerimonie&hellip;<\/p>\n","protected":false},"author":1,"featured_media":19676,"comment_status":"closed","ping_status":"open","sticky":false,"template":"","format":"standard","meta":{"_acf_changed":false,"footnotes":""},"categories":[25,20,16],"tags":[],"class_list":["post-19667","post","type-post","status-publish","format-standard","has-post-thumbnail","hentry","category-giubileo-2025","category-occasioni-speciali","category-articoli-religiosi"],"acf":[],"yoast_head":"<!-- This site is optimized with the Yoast SEO plugin v26.6 - https:\/\/yoast.com\/wordpress\/plugins\/seo\/ -->\n<title>Cos&#039;\u00e8 il Giubileo: prepariamoci a un nuovo Anno Santo - Holyblog<\/title>\n<meta name=\"description\" content=\"Scopriamo cos&#039;\u00e8 il Giubileo, l&#039;evento religioso speciale che celebra la misericordia e il perdono di Dio e offre l&#039;indulgenza plenaria.\" \/>\n<meta name=\"robots\" content=\"index, follow, max-snippet:-1, max-image-preview:large, max-video-preview:-1\" \/>\n<link rel=\"canonical\" href=\"https:\/\/blog.holyart.it\/it\/articoli-religiosi\/cose-il-giubileo-prepariamoci-a-un-nuovo-anno-santo\/\" \/>\n<meta property=\"og:locale\" content=\"it_IT\" \/>\n<meta property=\"og:type\" content=\"article\" \/>\n<meta property=\"og:title\" content=\"Cos&#039;\u00e8 il Giubileo: prepariamoci a un nuovo Anno Santo - Holyblog\" \/>\n<meta property=\"og:description\" content=\"Scopriamo cos&#039;\u00e8 il Giubileo, l&#039;evento religioso speciale che celebra la misericordia e il perdono di Dio e offre l&#039;indulgenza plenaria.\" \/>\n<meta property=\"og:url\" content=\"https:\/\/blog.holyart.it\/it\/articoli-religiosi\/cose-il-giubileo-prepariamoci-a-un-nuovo-anno-santo\/\" \/>\n<meta property=\"og:site_name\" content=\"Holyblog\" \/>\n<meta property=\"article:published_time\" content=\"2024-03-14T09:00:22+00:00\" \/>\n<meta property=\"article:modified_time\" content=\"2024-09-10T10:40:32+00:00\" \/>\n<meta property=\"og:image\" content=\"https:\/\/blog.holyart.it\/it\/wp-content\/uploads\/sites\/17\/2024\/03\/vaticano.jpg\" \/>\n\t<meta property=\"og:image:width\" content=\"1000\" \/>\n\t<meta property=\"og:image:height\" content=\"666\" \/>\n\t<meta property=\"og:image:type\" content=\"image\/jpeg\" \/>\n<meta name=\"author\" content=\"Redazione\" \/>\n<meta name=\"twitter:card\" content=\"summary_large_image\" \/>\n<meta name=\"twitter:label1\" content=\"Scritto da\" \/>\n\t<meta name=\"twitter:data1\" content=\"Redazione\" \/>\n\t<meta name=\"twitter:label2\" content=\"Tempo di lettura stimato\" \/>\n\t<meta name=\"twitter:data2\" content=\"9 minuti\" \/>\n<script type=\"application\/ld+json\" class=\"yoast-schema-graph\">{\"@context\":\"https:\/\/schema.org\",\"@graph\":[{\"@type\":\"Article\",\"@id\":\"https:\/\/blog.holyart.it\/it\/articoli-religiosi\/cose-il-giubileo-prepariamoci-a-un-nuovo-anno-santo\/#article\",\"isPartOf\":{\"@id\":\"https:\/\/blog.holyart.it\/it\/articoli-religiosi\/cose-il-giubileo-prepariamoci-a-un-nuovo-anno-santo\/\"},\"author\":{\"name\":\"Redazione\",\"@id\":\"https:\/\/blog.holyart.it\/it\/#\/schema\/person\/0a7b686e5af0f856ec1e390dd0baecda\"},\"headline\":\"Cos&#8217;\u00e8 il Giubileo: prepariamoci a un nuovo Anno Santo\",\"datePublished\":\"2024-03-14T09:00:22+00:00\",\"dateModified\":\"2024-09-10T10:40:32+00:00\",\"mainEntityOfPage\":{\"@id\":\"https:\/\/blog.holyart.it\/it\/articoli-religiosi\/cose-il-giubileo-prepariamoci-a-un-nuovo-anno-santo\/\"},\"wordCount\":1174,\"publisher\":{\"@id\":\"https:\/\/blog.holyart.it\/it\/#organization\"},\"image\":{\"@id\":\"https:\/\/blog.holyart.it\/it\/articoli-religiosi\/cose-il-giubileo-prepariamoci-a-un-nuovo-anno-santo\/#primaryimage\"},\"thumbnailUrl\":\"https:\/\/blog.holyart.it\/it\/wp-content\/uploads\/sites\/17\/2024\/03\/vaticano.jpg\",\"articleSection\":[\"Giubileo 2025\",\"Occasioni speciali\",\"Religione\"],\"inLanguage\":\"it-IT\"},{\"@type\":\"WebPage\",\"@id\":\"https:\/\/blog.holyart.it\/it\/articoli-religiosi\/cose-il-giubileo-prepariamoci-a-un-nuovo-anno-santo\/\",\"url\":\"https:\/\/blog.holyart.it\/it\/articoli-religiosi\/cose-il-giubileo-prepariamoci-a-un-nuovo-anno-santo\/\",\"name\":\"Cos'\u00e8 il Giubileo: prepariamoci a un nuovo Anno Santo - Holyblog\",\"isPartOf\":{\"@id\":\"https:\/\/blog.holyart.it\/it\/#website\"},\"primaryImageOfPage\":{\"@id\":\"https:\/\/blog.holyart.it\/it\/articoli-religiosi\/cose-il-giubileo-prepariamoci-a-un-nuovo-anno-santo\/#primaryimage\"},\"image\":{\"@id\":\"https:\/\/blog.holyart.it\/it\/articoli-religiosi\/cose-il-giubileo-prepariamoci-a-un-nuovo-anno-santo\/#primaryimage\"},\"thumbnailUrl\":\"https:\/\/blog.holyart.it\/it\/wp-content\/uploads\/sites\/17\/2024\/03\/vaticano.jpg\",\"datePublished\":\"2024-03-14T09:00:22+00:00\",\"dateModified\":\"2024-09-10T10:40:32+00:00\",\"description\":\"Scopriamo cos'\u00e8 il Giubileo, l'evento religioso speciale che celebra la misericordia e il perdono di Dio e offre l'indulgenza plenaria.\",\"breadcrumb\":{\"@id\":\"https:\/\/blog.holyart.it\/it\/articoli-religiosi\/cose-il-giubileo-prepariamoci-a-un-nuovo-anno-santo\/#breadcrumb\"},\"inLanguage\":\"it-IT\",\"potentialAction\":[{\"@type\":\"ReadAction\",\"target\":[\"https:\/\/blog.holyart.it\/it\/articoli-religiosi\/cose-il-giubileo-prepariamoci-a-un-nuovo-anno-santo\/\"]}]},{\"@type\":\"ImageObject\",\"inLanguage\":\"it-IT\",\"@id\":\"https:\/\/blog.holyart.it\/it\/articoli-religiosi\/cose-il-giubileo-prepariamoci-a-un-nuovo-anno-santo\/#primaryimage\",\"url\":\"https:\/\/blog.holyart.it\/it\/wp-content\/uploads\/sites\/17\/2024\/03\/vaticano.jpg\",\"contentUrl\":\"https:\/\/blog.holyart.it\/it\/wp-content\/uploads\/sites\/17\/2024\/03\/vaticano.jpg\",\"width\":1000,\"height\":666,\"caption\":\"giubileo in vaticano\"},{\"@type\":\"BreadcrumbList\",\"@id\":\"https:\/\/blog.holyart.it\/it\/articoli-religiosi\/cose-il-giubileo-prepariamoci-a-un-nuovo-anno-santo\/#breadcrumb\",\"itemListElement\":[{\"@type\":\"ListItem\",\"position\":1,\"name\":\"Homepage\",\"item\":\"https:\/\/blog.holyart.it\/it\/\"},{\"@type\":\"ListItem\",\"position\":2,\"name\":\"Religione\",\"item\":\"https:\/\/blog.holyart.it\/it\/articoli-religiosi\/\"},{\"@type\":\"ListItem\",\"position\":3,\"name\":\"Cos&#8217;\u00e8 il Giubileo: prepariamoci a un nuovo Anno Santo\"}]},{\"@type\":\"WebSite\",\"@id\":\"https:\/\/blog.holyart.it\/it\/#website\",\"url\":\"https:\/\/blog.holyart.it\/it\/\",\"name\":\"Holyblog\",\"description\":\"Il Blog di Holyart.it\",\"publisher\":{\"@id\":\"https:\/\/blog.holyart.it\/it\/#organization\"},\"potentialAction\":[{\"@type\":\"SearchAction\",\"target\":{\"@type\":\"EntryPoint\",\"urlTemplate\":\"https:\/\/blog.holyart.it\/it\/?s={search_term_string}\"},\"query-input\":{\"@type\":\"PropertyValueSpecification\",\"valueRequired\":true,\"valueName\":\"search_term_string\"}}],\"inLanguage\":\"it-IT\"},{\"@type\":\"Organization\",\"@id\":\"https:\/\/blog.holyart.it\/it\/#organization\",\"name\":\"Holyblog\",\"url\":\"https:\/\/blog.holyart.it\/it\/\",\"logo\":{\"@type\":\"ImageObject\",\"inLanguage\":\"it-IT\",\"@id\":\"https:\/\/blog.holyart.it\/it\/#\/schema\/logo\/image\/\",\"url\":\"https:\/\/blog.holyart.it\/it\/wp-content\/uploads\/sites\/17\/2022\/12\/Holyart_Blog_Logo.jpg\",\"contentUrl\":\"https:\/\/blog.holyart.it\/it\/wp-content\/uploads\/sites\/17\/2022\/12\/Holyart_Blog_Logo.jpg\",\"width\":300,\"height\":50,\"caption\":\"Holyblog\"},\"image\":{\"@id\":\"https:\/\/blog.holyart.it\/it\/#\/schema\/logo\/image\/\"}},{\"@type\":\"Person\",\"@id\":\"https:\/\/blog.holyart.it\/it\/#\/schema\/person\/0a7b686e5af0f856ec1e390dd0baecda\",\"name\":\"Redazione\"}]}<\/script>\n<!-- \/ Yoast SEO plugin. -->","yoast_head_json":{"title":"Cos'\u00e8 il Giubileo: prepariamoci a un nuovo Anno Santo - Holyblog","description":"Scopriamo cos'\u00e8 il Giubileo, l'evento religioso speciale che celebra la misericordia e il perdono di Dio e offre l'indulgenza plenaria.","robots":{"index":"index","follow":"follow","max-snippet":"max-snippet:-1","max-image-preview":"max-image-preview:large","max-video-preview":"max-video-preview:-1"},"canonical":"https:\/\/blog.holyart.it\/it\/articoli-religiosi\/cose-il-giubileo-prepariamoci-a-un-nuovo-anno-santo\/","og_locale":"it_IT","og_type":"article","og_title":"Cos'\u00e8 il Giubileo: prepariamoci a un nuovo Anno Santo - Holyblog","og_description":"Scopriamo cos'\u00e8 il Giubileo, l'evento religioso speciale che celebra la misericordia e il perdono di Dio e offre l'indulgenza plenaria.","og_url":"https:\/\/blog.holyart.it\/it\/articoli-religiosi\/cose-il-giubileo-prepariamoci-a-un-nuovo-anno-santo\/","og_site_name":"Holyblog","article_published_time":"2024-03-14T09:00:22+00:00","article_modified_time":"2024-09-10T10:40:32+00:00","og_image":[{"width":1000,"height":666,"url":"https:\/\/blog.holyart.it\/it\/wp-content\/uploads\/sites\/17\/2024\/03\/vaticano.jpg","type":"image\/jpeg"}],"author":"Redazione","twitter_card":"summary_large_image","twitter_misc":{"Scritto da":"Redazione","Tempo di lettura stimato":"9 minuti"},"schema":{"@context":"https:\/\/schema.org","@graph":[{"@type":"Article","@id":"https:\/\/blog.holyart.it\/it\/articoli-religiosi\/cose-il-giubileo-prepariamoci-a-un-nuovo-anno-santo\/#article","isPartOf":{"@id":"https:\/\/blog.holyart.it\/it\/articoli-religiosi\/cose-il-giubileo-prepariamoci-a-un-nuovo-anno-santo\/"},"author":{"name":"Redazione","@id":"https:\/\/blog.holyart.it\/it\/#\/schema\/person\/0a7b686e5af0f856ec1e390dd0baecda"},"headline":"Cos&#8217;\u00e8 il Giubileo: prepariamoci a un nuovo Anno Santo","datePublished":"2024-03-14T09:00:22+00:00","dateModified":"2024-09-10T10:40:32+00:00","mainEntityOfPage":{"@id":"https:\/\/blog.holyart.it\/it\/articoli-religiosi\/cose-il-giubileo-prepariamoci-a-un-nuovo-anno-santo\/"},"wordCount":1174,"publisher":{"@id":"https:\/\/blog.holyart.it\/it\/#organization"},"image":{"@id":"https:\/\/blog.holyart.it\/it\/articoli-religiosi\/cose-il-giubileo-prepariamoci-a-un-nuovo-anno-santo\/#primaryimage"},"thumbnailUrl":"https:\/\/blog.holyart.it\/it\/wp-content\/uploads\/sites\/17\/2024\/03\/vaticano.jpg","articleSection":["Giubileo 2025","Occasioni speciali","Religione"],"inLanguage":"it-IT"},{"@type":"WebPage","@id":"https:\/\/blog.holyart.it\/it\/articoli-religiosi\/cose-il-giubileo-prepariamoci-a-un-nuovo-anno-santo\/","url":"https:\/\/blog.holyart.it\/it\/articoli-religiosi\/cose-il-giubileo-prepariamoci-a-un-nuovo-anno-santo\/","name":"Cos'\u00e8 il Giubileo: prepariamoci a un nuovo Anno Santo - Holyblog","isPartOf":{"@id":"https:\/\/blog.holyart.it\/it\/#website"},"primaryImageOfPage":{"@id":"https:\/\/blog.holyart.it\/it\/articoli-religiosi\/cose-il-giubileo-prepariamoci-a-un-nuovo-anno-santo\/#primaryimage"},"image":{"@id":"https:\/\/blog.holyart.it\/it\/articoli-religiosi\/cose-il-giubileo-prepariamoci-a-un-nuovo-anno-santo\/#primaryimage"},"thumbnailUrl":"https:\/\/blog.holyart.it\/it\/wp-content\/uploads\/sites\/17\/2024\/03\/vaticano.jpg","datePublished":"2024-03-14T09:00:22+00:00","dateModified":"2024-09-10T10:40:32+00:00","description":"Scopriamo cos'\u00e8 il Giubileo, l'evento religioso speciale che celebra la misericordia e il perdono di Dio e offre l'indulgenza plenaria.","breadcrumb":{"@id":"https:\/\/blog.holyart.it\/it\/articoli-religiosi\/cose-il-giubileo-prepariamoci-a-un-nuovo-anno-santo\/#breadcrumb"},"inLanguage":"it-IT","potentialAction":[{"@type":"ReadAction","target":["https:\/\/blog.holyart.it\/it\/articoli-religiosi\/cose-il-giubileo-prepariamoci-a-un-nuovo-anno-santo\/"]}]},{"@type":"ImageObject","inLanguage":"it-IT","@id":"https:\/\/blog.holyart.it\/it\/articoli-religiosi\/cose-il-giubileo-prepariamoci-a-un-nuovo-anno-santo\/#primaryimage","url":"https:\/\/blog.holyart.it\/it\/wp-content\/uploads\/sites\/17\/2024\/03\/vaticano.jpg","contentUrl":"https:\/\/blog.holyart.it\/it\/wp-content\/uploads\/sites\/17\/2024\/03\/vaticano.jpg","width":1000,"height":666,"caption":"giubileo in vaticano"},{"@type":"BreadcrumbList","@id":"https:\/\/blog.holyart.it\/it\/articoli-religiosi\/cose-il-giubileo-prepariamoci-a-un-nuovo-anno-santo\/#breadcrumb","itemListElement":[{"@type":"ListItem","position":1,"name":"Homepage","item":"https:\/\/blog.holyart.it\/it\/"},{"@type":"ListItem","position":2,"name":"Religione","item":"https:\/\/blog.holyart.it\/it\/articoli-religiosi\/"},{"@type":"ListItem","position":3,"name":"Cos&#8217;\u00e8 il Giubileo: prepariamoci a un nuovo Anno Santo"}]},{"@type":"WebSite","@id":"https:\/\/blog.holyart.it\/it\/#website","url":"https:\/\/blog.holyart.it\/it\/","name":"Holyblog","description":"Il Blog di Holyart.it","publisher":{"@id":"https:\/\/blog.holyart.it\/it\/#organization"},"potentialAction":[{"@type":"SearchAction","target":{"@type":"EntryPoint","urlTemplate":"https:\/\/blog.holyart.it\/it\/?s={search_term_string}"},"query-input":{"@type":"PropertyValueSpecification","valueRequired":true,"valueName":"search_term_string"}}],"inLanguage":"it-IT"},{"@type":"Organization","@id":"https:\/\/blog.holyart.it\/it\/#organization","name":"Holyblog","url":"https:\/\/blog.holyart.it\/it\/","logo":{"@type":"ImageObject","inLanguage":"it-IT","@id":"https:\/\/blog.holyart.it\/it\/#\/schema\/logo\/image\/","url":"https:\/\/blog.holyart.it\/it\/wp-content\/uploads\/sites\/17\/2022\/12\/Holyart_Blog_Logo.jpg","contentUrl":"https:\/\/blog.holyart.it\/it\/wp-content\/uploads\/sites\/17\/2022\/12\/Holyart_Blog_Logo.jpg","width":300,"height":50,"caption":"Holyblog"},"image":{"@id":"https:\/\/blog.holyart.it\/it\/#\/schema\/logo\/image\/"}},{"@type":"Person","@id":"https:\/\/blog.holyart.it\/it\/#\/schema\/person\/0a7b686e5af0f856ec1e390dd0baecda","name":"Redazione"}]}},"_links":{"self":[{"href":"https:\/\/blog.holyart.it\/it\/wp-json\/wp\/v2\/posts\/19667","targetHints":{"allow":["GET"]}}],"collection":[{"href":"https:\/\/blog.holyart.it\/it\/wp-json\/wp\/v2\/posts"}],"about":[{"href":"https:\/\/blog.holyart.it\/it\/wp-json\/wp\/v2\/types\/post"}],"author":[{"embeddable":true,"href":"https:\/\/blog.holyart.it\/it\/wp-json\/wp\/v2\/users\/1"}],"replies":[{"embeddable":true,"href":"https:\/\/blog.holyart.it\/it\/wp-json\/wp\/v2\/comments?post=19667"}],"version-history":[{"count":7,"href":"https:\/\/blog.holyart.it\/it\/wp-json\/wp\/v2\/posts\/19667\/revisions"}],"predecessor-version":[{"id":20532,"href":"https:\/\/blog.holyart.it\/it\/wp-json\/wp\/v2\/posts\/19667\/revisions\/20532"}],"wp:featuredmedia":[{"embeddable":true,"href":"https:\/\/blog.holyart.it\/it\/wp-json\/wp\/v2\/media\/19676"}],"wp:attachment":[{"href":"https:\/\/blog.holyart.it\/it\/wp-json\/wp\/v2\/media?parent=19667"}],"wp:term":[{"taxonomy":"category","embeddable":true,"href":"https:\/\/blog.holyart.it\/it\/wp-json\/wp\/v2\/categories?post=19667"},{"taxonomy":"post_tag","embeddable":true,"href":"https:\/\/blog.holyart.it\/it\/wp-json\/wp\/v2\/tags?post=19667"}],"curies":[{"name":"wp","href":"https:\/\/api.w.org\/{rel}","templated":true}]}}