{"id":19609,"date":"2024-04-17T10:00:31","date_gmt":"2024-04-17T08:00:31","guid":{"rendered":"https:\/\/blog.holyart.it\/it\/?p=19609"},"modified":"2026-04-13T17:47:47","modified_gmt":"2026-04-13T15:47:47","slug":"san-marco-evangelista-il-discepolo-dei-santi-pietro-e-paolo","status":"publish","type":"post","link":"https:\/\/blog.holyart.it\/it\/articoli-religiosi\/san-marco-evangelista-il-discepolo-dei-santi-pietro-e-paolo\/","title":{"rendered":"San Marco Evangelista: il discepolo dei santi Pietro e Paolo"},"content":{"rendered":"<h4>San Marco Evangelista, patrono di Venezia, fu missionario con San Paolo, discepolo di San Pietro. Fond\u00f2 la chiesa copta in Egitto e scrisse il primo dei quattro Vangeli canonici. Ecco la sua storia<\/h4>\n\n<p>Non sappiamo molto di San Marco Evangelista, che fu\u00a0<a href=\"https:\/\/www.holyart.it\/blog\/santi-e-beati\/folgorato-sulla-via-di-damasco-da-cosa-deriva-questo-modo-di-dire\/\"><strong>discepolo di San Paolo<\/strong><\/a>, e che\u00a0<strong>San Pietro<\/strong>\u00a0lo chiamava suo &#8220;figlio&#8221;. Di lui fanno accenno i due santi in questione, e si leggono brevi passaggi negli\u00a0<em>Atti degli Apostoli\u00a0<\/em>e in alcuni documenti apocrifi. Eppure la sua importanza \u00e8 innegabile, considerando che il suo\u00a0<strong>Vangelo<\/strong>\u00a0\u00e8 uno dei quattro\u00a0<strong><a href=\"https:\/\/www.holyart.it\/it\/articoli-religiosi\/libri-e-testi-sacri\/vangeli\">Vangeli canonici della religione cristiana<\/a><\/strong>, utilizzato come principale fonte da Matteo e Luca per i loro rispettivi Vangeli. Scritto in greco, probabilmente a Roma intorno al 70 d.C., il\u00a0<strong>Vangelo di Marco\u00a0<\/strong>\u00e8 infatti\u00a0<strong>il pi\u00f9 antico tra i Vangeli<\/strong>, e anche il pi\u00f9 breve. \u00c8 composto da 16 capitoli e si focalizza in particolare sulla\u00a0<strong>missione di Ges\u00f9<\/strong>, definito Figlio di Dio, esorcista, guaritore, uomo d&#8217;azione, e sulla<strong>\u00a0difficolt\u00e0 da parte dei discepoli a comprendere la Sua predicazione<\/strong>, in particolare le parabole e i miracoli. Il racconto di Marco comincia con il <a href=\"https:\/\/www.holyart.it\/it\/occasioni-speciali\/presepe-pasquale\/scena-battesimo-di-gesu-nel-giordano-9-cm\"><strong>Battesimo di Ges\u00f9<\/strong><\/a> da parte di Giovanni Battista e si concentra soprattutto sull&#8217;<a href=\"https:\/\/www.holyart.it\/blog\/articoli-religiosi\/gli-avvenimenti-della-passione-di-gesu-dallultima-cena-alla-sua-crocifissione\/\"><strong>ultima settimana della Sua vita<\/strong><\/a>. Le numerose spiegazioni attribuite a Ges\u00f9 stesso e le precisazioni linguistiche, fanno comprendere come il testo sia stato redatto per lettori non ebrei.<br \/>\nPoich\u00e9 il Vangelo di Marco \u00e8 anonimo la sua attribuzione al discepolo di Pietro e Paolo \u00e8 oggetto di studi e controversie da sempre.<\/p>\n<div class=\"link-product\">\n<div class=\"blocco-immagine\"><img loading=\"lazy\" decoding=\"async\" class=\"size-full wp-image-19614 alignleft\" src=\"https:\/\/blog.holyart.it\/it\/wp-content\/uploads\/sites\/17\/2024\/03\/scena-battesimo-di-gesu-nel-giordano-9-cm.jpg\" alt=\"scena battesimo di ges\u00f9 nel giordano 9 cm\" width=\"100\" height=\"100\" data-kale-share-title=\"San Marco Evangelista: il discepolo dei santi Pietro e Paolo\" data-kale-share-url=\"https:\/\/blog.holyart.it\/it\/?p=19609\" \/><\/div>\n<div class=\"blocco-contenuto\">\n<div class=\"blocco-acquista\">Acquista su Holyart:<\/div>\n<div class=\"blocco-titolo\"><a href=\"https:\/\/www.holyart.it\/it\/occasioni-speciali\/presepe-pasquale\/scena-battesimo-di-gesu-nel-giordano-9-cm\">Scena Battesimo di Ges\u00f9 nel Giordano 9 cm<\/a><\/div>\n<div class=\"blocco-descrizione\">Le statuine riproducono la scena della vita di Ges\u00f9 in cui questi riceve il battesimo da parte di Giovanni Battista.<\/div>\n<\/div>\n<\/div>\n<p>Quando si festeggia San Marco Evangelista? La chiesa festeggia la memoria liturgica di San Marco\u00a0<strong>il 25 aprile<\/strong>, data del suo probabile martirio avvenuto ad Alessandria d&#8217;Egitto. In quell&#8217;occasione a\u00a0<strong>Venezia<\/strong>, una delle principali citt\u00e0 di cui il Santo \u00e8 patrono, ha luogo una solenne processione nella Basilica a lui dedicata, che ricorda le pi\u00f9 sontuose processioni dell&#8217;antichit\u00e0, a cui prendevano parte tutte le autorit\u00e0 religiose, civili e i rappresentanti delle arti della citt\u00e0.<\/p>\n<p>Adorato dalle\u00a0<strong>chiese cattolica, ortodossa e copta<\/strong>, di cui \u00e8 il patriarca, San Marco Evangelista \u00e8 patrono dei notai, degli scrivani, dei vetrai, degli ottici.<\/p>\n<p>Dunque chi era San Marco Evangelista?<\/p>\n<div class=\"link-article\">\n<p><img loading=\"lazy\" decoding=\"async\" class=\"size-full wp-image-19615 alignleft\" src=\"https:\/\/blog.holyart.it\/it\/wp-content\/uploads\/sites\/17\/2024\/03\/passione-di-gesu.jpg\" alt=\"passione di ges\u00f9\" width=\"150\" height=\"99\" data-kale-share-title=\"San Marco Evangelista: il discepolo dei santi Pietro e Paolo\" data-kale-share-url=\"https:\/\/blog.holyart.it\/it\/?p=19609\" \/><\/p>\n<div class=\"leggi-anche\">Leggi anche:<\/div>\n<p><strong><a href=\"https:\/\/www.holyart.it\/blog\/articoli-religiosi\/gli-avvenimenti-della-passione-di-gesu-dallultima-cena-alla-sua-crocifissione\/\">Gli avvenimenti della Passione di Ges\u00f9: dall\u2019Ultima Cena alla Sua crocifissione<\/a><\/strong><br \/>\nLa Passione di Ges\u00f9 \u00e8 il momento pi\u00f9 alto e terribile della Sua parabola&#8230;<\/p>\n<\/div>\n<h2>La vita di San Marco<\/h2>\n<p>Poco si sa dunque della storia di San Marco Evangelista, oltre a quanto \u00e8 stato scritto su di lui da Pietro e Paolo e negli\u00a0<em>Atti degli Apostoli<\/em>. Sembra che fosse il figlio di Maria, la vedova proprietaria della casa presso l&#8217;<strong><a href=\"https:\/\/www.holyart.it\/blog\/articoli-religiosi\/il-monte-degli-ulivi-tra-i-luoghi-piu-cari-a-gesu\/\">Orto degli ulivi<\/a><\/strong>, che ospit\u00f2 Ges\u00f9 e gli Apostoli in occasione dell&#8217;Ultima Cena. Secondo alcune tradizioni sarebbe proprio Marco il ragazzino che segu\u00ec Ges\u00f9 trascinato via, con addosso solo un lenzuolo. Ebreo di stirpe levitica, non sappiamo che lavoro faceva San Marco Evangelista prima di diventare missionario e poi autore del primo Vangelo. Marco era il suo nome da\u00a0<em>gentile<\/em>, mentre il suo nome ebreo era Giovanni, con cui viene citato in altri passi degli<em>\u00a0Atti<\/em>. Viene citato anche come\u00a0<strong>cugino di Barnaba<\/strong>, nome attribuito a Giuseppe di Cipro, compagno di predicazione di\u00a0<strong>San Paolo<\/strong>\u00a0prima ad<strong>\u00a0Antiochia<\/strong>, poi nell&#8217;<strong>isola di Cipro<\/strong>, allora nota come Salamina, dove i due cugini avrebbero predicato insieme a Paolo nel suo primo viaggio missionario. Marco sarebbe poi tornato a Gerusalemme, ma segu\u00ec ancora Paolo in altri viaggi, come attestano le parole dell&#8217;<strong><a href=\"https:\/\/www.holyart.it\/blog\/santi-e-beati\/san-paolo-tarso-storia-un-missionario\/\">Apostolo delle genti<\/a><\/strong>\u00a0stesso in una lettera al compagno Timoteo:\u00a0<em>&#8220;Affrettati a venire da me al pi\u00f9 presto&#8230; Solo Luca \u00e8 con me. Prendi Marco e conducilo con te, perch\u00e9 mi \u00e8 utile per il ministero&#8221;\u00a0<\/em>(Timoteo 4,9-11)<\/p>\n<div class=\"link-article\">\n<p><img loading=\"lazy\" decoding=\"async\" class=\"size-full wp-image-19618 alignleft\" src=\"https:\/\/blog.holyart.it\/it\/wp-content\/uploads\/sites\/17\/2024\/03\/Orto-ulivo-blog.jpg\" alt=\"Orto degli ulivi\" width=\"150\" height=\"99\" data-kale-share-title=\"San Marco Evangelista: il discepolo dei santi Pietro e Paolo\" data-kale-share-url=\"https:\/\/blog.holyart.it\/it\/?p=19609\" \/><\/p>\n<div class=\"leggi-anche\">Leggi anche:<\/div>\n<p><strong><a href=\"https:\/\/www.holyart.it\/blog\/articoli-religiosi\/il-monte-degli-ulivi-tra-i-luoghi-piu-cari-a-gesu\/\">Il monte degli Ulivi, tra i luoghi pi\u00f9 cari a Ges\u00f9<\/a><\/strong><br \/>\nIl Monte degli Ulivi \u00e8 fin da tempi remoti un luogo di misteri, teatro di grandi eventi biblici&#8230;<\/p>\n<\/div>\n<p>San Marco fu unito anche da un&#8217;intensa amicizia con\u00a0<strong>San Pietro<\/strong>, che di lui scrisse, nella sua prima lettera:\u00a0<em>&#8220;Vi saluta la comunit\u00e0 che \u00e8 stata eletta come voi e dimora in Babilonia\u00a0<\/em>(probabilmente Roma)<em>; e anche Marco, mio figlio.&#8221;<\/em>\u00a0San Marco fu probabilmente<strong>\u00a0al fianco di Pietro a Roma<\/strong>, e forse da lui stesso ricevette il Battesimo. Il legame con gli\u00a0<strong><a href=\"https:\/\/www.holyart.it\/blog\/santi-e-beati\/san-pietro-e-paolo-perche-vengono-festeggiati-insieme\/\">apostoli Paolo e Pietro<\/a><\/strong>\u00a0ricorre a pi\u00f9 riprese in tutti i documenti che lo riguardano. Dopo la morte di entrambi San Marco evangelizz\u00f2 l\u2019<strong>Egitto<\/strong>\u00a0e fond\u00f2 la\u00a0<strong>Chiesa di Alessandria<\/strong>, divenendone il\u00a0<strong>primo vescovo<\/strong>.<\/p>\n<p>Come mor\u00ec San Marco Evangelista? Non ci sono notizie certe riguardo alla<strong>\u00a0morte<\/strong>. Secondo la\u00a0<em>Legenda Aurea<\/em>\u00a0e altri cronachisti\u00a0<strong>sub\u00ec il martirio ad Alessandria d&#8217;Egitto<\/strong>: il suo corpo venne trascinato attraverso la citt\u00e0 a pi\u00f9 riprese. Ad Alessandria vennero nascosti i suoi resti, salvati dalle fiamme dai suoi discepoli, e qui nell&#8217;anno 828 due mercanti veneziani li avrebbero rinvenuti e portati a Venezia in una cesta di carne di maiale e verdura. La citt\u00e0 lagunare accolse subito il Santo, dedicandogli nel corso dei secoli diverse chiese, fino a giungere alla meravigliosa Basilica che tutti conosciamo: la\u00a0<a href=\"https:\/\/www.holyart.it\/it\/accessori-per-la-liturgia\/paramenti-liturgici-servizi-altare-coprileggii\/stole-sacerdotali\/stola-san-marco-evangelista-con-leone-alato-avorio\"><strong>Basilica di San Marco<\/strong><\/a>, il Duomo di Venezia famoso in tutto il mondo.<\/p>\n<div class=\"link-product\">\n<div class=\"blocco-immagine\"><img loading=\"lazy\" decoding=\"async\" class=\"size-full wp-image-19621 alignleft\" src=\"https:\/\/blog.holyart.it\/it\/wp-content\/uploads\/sites\/17\/2024\/03\/stola-san-marco-evangelista-con-leone-alato-avorio.jpg\" alt=\"stola san marco evangelista con leone alato avorio\" width=\"100\" height=\"100\" data-kale-share-title=\"San Marco Evangelista: il discepolo dei santi Pietro e Paolo\" data-kale-share-url=\"https:\/\/blog.holyart.it\/it\/?p=19609\" \/><\/div>\n<div class=\"blocco-contenuto\">\n<div class=\"blocco-acquista\">Acquista su Holyart:<\/div>\n<div class=\"blocco-titolo\"><a href=\"https:\/\/www.holyart.it\/it\/accessori-per-la-liturgia\/paramenti-liturgici-servizi-altare-coprileggii\/stole-sacerdotali\/stola-san-marco-evangelista-con-leone-alato-avorio\">Stola San Marco Evangelista con leone alato avorio<\/a><\/div>\n<div class=\"blocco-descrizione\">Stola in avorio con San Marco Evangelista e il leone, entrambi accuratamente ricamati.<\/div>\n<\/div>\n<\/div>\n<h2>Il simbolo dell\u2019Evangelista Marco<\/h2>\n<p>Nel\u00a0<strong><a href=\"https:\/\/www.holyart.it\/blog\/santi-e-beati\/i-simboli-degli-evangelisti-e-il-loro-significato\/\">tetramorfo<\/a><\/strong>, la rappresentazione iconografica composta dai quattro simboli dei quattro evangelisti, San Marco \u00e8 rappresentato da un<strong>\u00a0leone alato<\/strong>, e con questo simbolo egli ricorre da sempre nell&#8217;iconografia e nella storia dell\u2019arte. Ricordiamo che i simboli degli altri evanglisti sono: un uomo alato per il Vangelo di Matteo, un toro o vitello per quello di Luca e un\u2019aquila per il Vangelo di Giovanni.<\/p>\n<div class=\"link-article\">\n<p><img loading=\"lazy\" decoding=\"async\" class=\"size-full wp-image-19622 alignleft\" src=\"https:\/\/blog.holyart.it\/it\/wp-content\/uploads\/sites\/17\/2024\/03\/simboli-degli-evangelisti.jpg\" alt=\"simboli degli evangelisti\" width=\"150\" height=\"99\" data-kale-share-title=\"San Marco Evangelista: il discepolo dei santi Pietro e Paolo\" data-kale-share-url=\"https:\/\/blog.holyart.it\/it\/?p=19609\" \/><\/p>\n<div class=\"leggi-anche\">Leggi anche:<\/div>\n<p><strong><a href=\"https:\/\/www.holyart.it\/blog\/santi-e-beati\/i-simboli-degli-evangelisti-e-il-loro-significato\/\">I simboli degli evangelisti e il loro significato<\/a><\/strong><br \/>\nUomo alato, bue, leone e aquila. I simboli degli Evangelisti attraversano la storia dell\u2019arte sacra e della teologia da secoli&#8230;<\/p>\n<\/div>\n<p>Spesso il <a href=\"https:\/\/www.holyart.it\/it\/articoli-religiosi\/statue\/statue-in-resina-e-pvc\/san-marco-evangelista-30-cm-statua-in-resina\"><strong>Leone di San Marco<\/strong><\/a>, o Leone Marciano, \u00e8 raffigurato con un&#8217;<strong>aureola sul capo<\/strong>\u00a0e un\u00a0<strong>libro tra le zampe<\/strong>, e in questa versione \u00e8 da secoli il simbolo della<strong>\u00a0citt\u00e0 di Venezia<\/strong>. Sul libro \u00e8 impressa la scritta:\u00a0<em>\u201cPax tibi Marce evangelista meus\u201d<\/em>, parte della frase che secondo un&#8217;antichissima tradizione, un angelo in forma di leone alato avrebbe rivolto a Marco, approdato per caso nella laguna di Venezia, preannunciandogli il luogo in cui le sue spoglie avrebbero riposato un giorno: <em>&#8220;Pax tibi Marce, evangelista meus. Hic requiescet corpus tuum.&#8221;<\/em>\u00a0(Pace a te, Marco, mio evangelista. Qui riposer\u00e0 il tuo corpo)<\/p>\n<div class=\"link-product\">\n<div class=\"blocco-immagine\"><img loading=\"lazy\" decoding=\"async\" class=\"size-full wp-image-19619 alignleft\" src=\"https:\/\/blog.holyart.it\/it\/wp-content\/uploads\/sites\/17\/2024\/03\/san-marco-evangelista-30-cm-statua-in-resina.jpg\" alt=\"san marco evangelista 30 cm statua in resina\" width=\"100\" height=\"100\" data-kale-share-title=\"San Marco Evangelista: il discepolo dei santi Pietro e Paolo\" data-kale-share-url=\"https:\/\/blog.holyart.it\/it\/?p=19609\" \/><\/div>\n<div class=\"blocco-contenuto\">\n<div class=\"blocco-acquista\">Acquista su Holyart:<\/div>\n<div class=\"blocco-titolo\"><a href=\"https:\/\/www.holyart.it\/it\/articoli-religiosi\/statue\/statue-in-resina-e-pvc\/san-marco-evangelista-30-cm-statua-in-resina\">San Marco Evangelista 30 cm statua in resina<\/a><\/div>\n<div class=\"blocco-descrizione\">Statuetta realizzata in resina e dipinta a mano.<\/div>\n<\/div>\n<\/div>\n<h2>Il patrono di Venezia<\/h2>\n<p>Molte sono le tradizioni che Venezia ha dedicato a San Marco Evangelista nel corso dei secoli. Una particolarmente romantica prevede che il 25 aprile, giorno della sua memoria liturgica, gli innamorati regalino un\u00a0<em>&#8220;bocolo&#8221;<\/em>, un bocciolo di rosa rossa, alla donna del cuore. Una leggenda racconta la travagliata storia d&#8217;amore tra Maria, figlia del Doge Orso Partecipazio, detta &#8220;Vulcana&#8221; per l&#8217;intensit\u00e0 del suo sguardo, e Tancredi, un cantastorie. Maria convinse Tancredi a partire con i paladini di Carlo Magno, per mostrare il proprio valore al Doge suo padre, e lui si copr\u00ec d&#8217;onore, al pari di Orlando e Rinaldo. Quando i paladini tornarono a Venezia, per\u00f2, Vulcana lo cerc\u00f2 invano tra di essi: Tancredi era morto in battaglia, tradito dal suo stesso slancio. Un suo compagno le consegn\u00f2 una rosa rossa del suo sangue. Vulcana si chiuse nella sua stanza con la rosa, e qui venne trovata morta, accanto al bocciolo tornato fresco come appena colto.<\/p>\n","protected":false},"excerpt":{"rendered":"<p>San Marco Evangelista, patrono di Venezia, fu missionario con San Paolo, discepolo di San Pietro. Fond\u00f2 la chiesa copta in Egitto e scrisse il primo dei quattro Vangeli canonici. Ecco la sua storia Non sappiamo molto di San Marco Evangelista, che fu\u00a0discepolo di San Paolo,&hellip;<\/p>\n","protected":false},"author":1,"featured_media":19625,"comment_status":"closed","ping_status":"open","sticky":false,"template":"","format":"standard","meta":{"_acf_changed":false,"footnotes":""},"categories":[16,15],"tags":[],"class_list":["post-19609","post","type-post","status-publish","format-standard","has-post-thumbnail","hentry","category-articoli-religiosi","category-santi-e-beati"],"acf":[],"yoast_head":"<!-- This site is optimized with the Yoast SEO plugin v26.6 - https:\/\/yoast.com\/wordpress\/plugins\/seo\/ -->\n<title>San Marco Evangelista: il discepolo dei santi Pietro e Paolo - Holyblog<\/title>\n<meta name=\"description\" content=\"Il 25 aprile la Chiesa ricorda San Marco Evangelista, che predic\u00f2 con San Paolo e San Pietro e scrisse il primo Vangelo.\" \/>\n<meta name=\"robots\" content=\"index, follow, max-snippet:-1, max-image-preview:large, max-video-preview:-1\" \/>\n<link rel=\"canonical\" href=\"https:\/\/blog.holyart.it\/it\/articoli-religiosi\/san-marco-evangelista-il-discepolo-dei-santi-pietro-e-paolo\/\" \/>\n<meta property=\"og:locale\" content=\"it_IT\" \/>\n<meta property=\"og:type\" content=\"article\" \/>\n<meta property=\"og:title\" content=\"San Marco Evangelista: il discepolo dei santi Pietro e Paolo - Holyblog\" \/>\n<meta property=\"og:description\" content=\"Il 25 aprile la Chiesa ricorda San Marco Evangelista, che predic\u00f2 con San Paolo e San Pietro e scrisse il primo Vangelo.\" \/>\n<meta property=\"og:url\" content=\"https:\/\/blog.holyart.it\/it\/articoli-religiosi\/san-marco-evangelista-il-discepolo-dei-santi-pietro-e-paolo\/\" \/>\n<meta property=\"og:site_name\" content=\"Holyblog\" \/>\n<meta property=\"article:published_time\" content=\"2024-04-17T08:00:31+00:00\" \/>\n<meta property=\"article:modified_time\" content=\"2026-04-13T15:47:47+00:00\" \/>\n<meta property=\"og:image\" content=\"https:\/\/blog.holyart.it\/it\/wp-content\/uploads\/sites\/17\/2024\/03\/san-marco-evangelista.jpg\" \/>\n\t<meta property=\"og:image:width\" content=\"1000\" \/>\n\t<meta property=\"og:image:height\" content=\"666\" \/>\n\t<meta property=\"og:image:type\" content=\"image\/jpeg\" \/>\n<meta name=\"author\" content=\"Redazione\" \/>\n<meta name=\"twitter:card\" content=\"summary_large_image\" \/>\n<meta name=\"twitter:label1\" content=\"Scritto da\" \/>\n\t<meta name=\"twitter:data1\" content=\"Redazione\" \/>\n\t<meta name=\"twitter:label2\" content=\"Tempo di lettura stimato\" \/>\n\t<meta name=\"twitter:data2\" content=\"9 minuti\" \/>\n<script type=\"application\/ld+json\" class=\"yoast-schema-graph\">{\"@context\":\"https:\/\/schema.org\",\"@graph\":[{\"@type\":\"Article\",\"@id\":\"https:\/\/blog.holyart.it\/it\/articoli-religiosi\/san-marco-evangelista-il-discepolo-dei-santi-pietro-e-paolo\/#article\",\"isPartOf\":{\"@id\":\"https:\/\/blog.holyart.it\/it\/articoli-religiosi\/san-marco-evangelista-il-discepolo-dei-santi-pietro-e-paolo\/\"},\"author\":{\"name\":\"Redazione\",\"@id\":\"https:\/\/blog.holyart.it\/it\/#\/schema\/person\/0a7b686e5af0f856ec1e390dd0baecda\"},\"headline\":\"San Marco Evangelista: il discepolo dei santi Pietro e Paolo\",\"datePublished\":\"2024-04-17T08:00:31+00:00\",\"dateModified\":\"2026-04-13T15:47:47+00:00\",\"mainEntityOfPage\":{\"@id\":\"https:\/\/blog.holyart.it\/it\/articoli-religiosi\/san-marco-evangelista-il-discepolo-dei-santi-pietro-e-paolo\/\"},\"wordCount\":1268,\"publisher\":{\"@id\":\"https:\/\/blog.holyart.it\/it\/#organization\"},\"image\":{\"@id\":\"https:\/\/blog.holyart.it\/it\/articoli-religiosi\/san-marco-evangelista-il-discepolo-dei-santi-pietro-e-paolo\/#primaryimage\"},\"thumbnailUrl\":\"https:\/\/blog.holyart.it\/it\/wp-content\/uploads\/sites\/17\/2024\/03\/san-marco-evangelista.jpg\",\"articleSection\":[\"Religione\",\"Santi e beati\"],\"inLanguage\":\"it-IT\"},{\"@type\":\"WebPage\",\"@id\":\"https:\/\/blog.holyart.it\/it\/articoli-religiosi\/san-marco-evangelista-il-discepolo-dei-santi-pietro-e-paolo\/\",\"url\":\"https:\/\/blog.holyart.it\/it\/articoli-religiosi\/san-marco-evangelista-il-discepolo-dei-santi-pietro-e-paolo\/\",\"name\":\"San Marco Evangelista: il discepolo dei santi Pietro e Paolo - Holyblog\",\"isPartOf\":{\"@id\":\"https:\/\/blog.holyart.it\/it\/#website\"},\"primaryImageOfPage\":{\"@id\":\"https:\/\/blog.holyart.it\/it\/articoli-religiosi\/san-marco-evangelista-il-discepolo-dei-santi-pietro-e-paolo\/#primaryimage\"},\"image\":{\"@id\":\"https:\/\/blog.holyart.it\/it\/articoli-religiosi\/san-marco-evangelista-il-discepolo-dei-santi-pietro-e-paolo\/#primaryimage\"},\"thumbnailUrl\":\"https:\/\/blog.holyart.it\/it\/wp-content\/uploads\/sites\/17\/2024\/03\/san-marco-evangelista.jpg\",\"datePublished\":\"2024-04-17T08:00:31+00:00\",\"dateModified\":\"2026-04-13T15:47:47+00:00\",\"description\":\"Il 25 aprile la Chiesa ricorda San Marco Evangelista, che predic\u00f2 con San Paolo e San Pietro e scrisse il primo Vangelo.\",\"breadcrumb\":{\"@id\":\"https:\/\/blog.holyart.it\/it\/articoli-religiosi\/san-marco-evangelista-il-discepolo-dei-santi-pietro-e-paolo\/#breadcrumb\"},\"inLanguage\":\"it-IT\",\"potentialAction\":[{\"@type\":\"ReadAction\",\"target\":[\"https:\/\/blog.holyart.it\/it\/articoli-religiosi\/san-marco-evangelista-il-discepolo-dei-santi-pietro-e-paolo\/\"]}]},{\"@type\":\"ImageObject\",\"inLanguage\":\"it-IT\",\"@id\":\"https:\/\/blog.holyart.it\/it\/articoli-religiosi\/san-marco-evangelista-il-discepolo-dei-santi-pietro-e-paolo\/#primaryimage\",\"url\":\"https:\/\/blog.holyart.it\/it\/wp-content\/uploads\/sites\/17\/2024\/03\/san-marco-evangelista.jpg\",\"contentUrl\":\"https:\/\/blog.holyart.it\/it\/wp-content\/uploads\/sites\/17\/2024\/03\/san-marco-evangelista.jpg\",\"width\":1000,\"height\":666,\"caption\":\"san marco evangelista\"},{\"@type\":\"BreadcrumbList\",\"@id\":\"https:\/\/blog.holyart.it\/it\/articoli-religiosi\/san-marco-evangelista-il-discepolo-dei-santi-pietro-e-paolo\/#breadcrumb\",\"itemListElement\":[{\"@type\":\"ListItem\",\"position\":1,\"name\":\"Homepage\",\"item\":\"https:\/\/blog.holyart.it\/it\/\"},{\"@type\":\"ListItem\",\"position\":2,\"name\":\"Religione\",\"item\":\"https:\/\/blog.holyart.it\/it\/articoli-religiosi\/\"},{\"@type\":\"ListItem\",\"position\":3,\"name\":\"San Marco Evangelista: il discepolo dei santi Pietro e Paolo\"}]},{\"@type\":\"WebSite\",\"@id\":\"https:\/\/blog.holyart.it\/it\/#website\",\"url\":\"https:\/\/blog.holyart.it\/it\/\",\"name\":\"Holyblog\",\"description\":\"Il Blog di Holyart.it\",\"publisher\":{\"@id\":\"https:\/\/blog.holyart.it\/it\/#organization\"},\"potentialAction\":[{\"@type\":\"SearchAction\",\"target\":{\"@type\":\"EntryPoint\",\"urlTemplate\":\"https:\/\/blog.holyart.it\/it\/?s={search_term_string}\"},\"query-input\":{\"@type\":\"PropertyValueSpecification\",\"valueRequired\":true,\"valueName\":\"search_term_string\"}}],\"inLanguage\":\"it-IT\"},{\"@type\":\"Organization\",\"@id\":\"https:\/\/blog.holyart.it\/it\/#organization\",\"name\":\"Holyblog\",\"url\":\"https:\/\/blog.holyart.it\/it\/\",\"logo\":{\"@type\":\"ImageObject\",\"inLanguage\":\"it-IT\",\"@id\":\"https:\/\/blog.holyart.it\/it\/#\/schema\/logo\/image\/\",\"url\":\"https:\/\/blog.holyart.it\/it\/wp-content\/uploads\/sites\/17\/2022\/12\/Holyart_Blog_Logo.jpg\",\"contentUrl\":\"https:\/\/blog.holyart.it\/it\/wp-content\/uploads\/sites\/17\/2022\/12\/Holyart_Blog_Logo.jpg\",\"width\":300,\"height\":50,\"caption\":\"Holyblog\"},\"image\":{\"@id\":\"https:\/\/blog.holyart.it\/it\/#\/schema\/logo\/image\/\"}},{\"@type\":\"Person\",\"@id\":\"https:\/\/blog.holyart.it\/it\/#\/schema\/person\/0a7b686e5af0f856ec1e390dd0baecda\",\"name\":\"Redazione\"}]}<\/script>\n<!-- \/ Yoast SEO plugin. -->","yoast_head_json":{"title":"San Marco Evangelista: il discepolo dei santi Pietro e Paolo - Holyblog","description":"Il 25 aprile la Chiesa ricorda San Marco Evangelista, che predic\u00f2 con San Paolo e San Pietro e scrisse il primo Vangelo.","robots":{"index":"index","follow":"follow","max-snippet":"max-snippet:-1","max-image-preview":"max-image-preview:large","max-video-preview":"max-video-preview:-1"},"canonical":"https:\/\/blog.holyart.it\/it\/articoli-religiosi\/san-marco-evangelista-il-discepolo-dei-santi-pietro-e-paolo\/","og_locale":"it_IT","og_type":"article","og_title":"San Marco Evangelista: il discepolo dei santi Pietro e Paolo - Holyblog","og_description":"Il 25 aprile la Chiesa ricorda San Marco Evangelista, che predic\u00f2 con San Paolo e San Pietro e scrisse il primo Vangelo.","og_url":"https:\/\/blog.holyart.it\/it\/articoli-religiosi\/san-marco-evangelista-il-discepolo-dei-santi-pietro-e-paolo\/","og_site_name":"Holyblog","article_published_time":"2024-04-17T08:00:31+00:00","article_modified_time":"2026-04-13T15:47:47+00:00","og_image":[{"width":1000,"height":666,"url":"https:\/\/blog.holyart.it\/it\/wp-content\/uploads\/sites\/17\/2024\/03\/san-marco-evangelista.jpg","type":"image\/jpeg"}],"author":"Redazione","twitter_card":"summary_large_image","twitter_misc":{"Scritto da":"Redazione","Tempo di lettura stimato":"9 minuti"},"schema":{"@context":"https:\/\/schema.org","@graph":[{"@type":"Article","@id":"https:\/\/blog.holyart.it\/it\/articoli-religiosi\/san-marco-evangelista-il-discepolo-dei-santi-pietro-e-paolo\/#article","isPartOf":{"@id":"https:\/\/blog.holyart.it\/it\/articoli-religiosi\/san-marco-evangelista-il-discepolo-dei-santi-pietro-e-paolo\/"},"author":{"name":"Redazione","@id":"https:\/\/blog.holyart.it\/it\/#\/schema\/person\/0a7b686e5af0f856ec1e390dd0baecda"},"headline":"San Marco Evangelista: il discepolo dei santi Pietro e Paolo","datePublished":"2024-04-17T08:00:31+00:00","dateModified":"2026-04-13T15:47:47+00:00","mainEntityOfPage":{"@id":"https:\/\/blog.holyart.it\/it\/articoli-religiosi\/san-marco-evangelista-il-discepolo-dei-santi-pietro-e-paolo\/"},"wordCount":1268,"publisher":{"@id":"https:\/\/blog.holyart.it\/it\/#organization"},"image":{"@id":"https:\/\/blog.holyart.it\/it\/articoli-religiosi\/san-marco-evangelista-il-discepolo-dei-santi-pietro-e-paolo\/#primaryimage"},"thumbnailUrl":"https:\/\/blog.holyart.it\/it\/wp-content\/uploads\/sites\/17\/2024\/03\/san-marco-evangelista.jpg","articleSection":["Religione","Santi e beati"],"inLanguage":"it-IT"},{"@type":"WebPage","@id":"https:\/\/blog.holyart.it\/it\/articoli-religiosi\/san-marco-evangelista-il-discepolo-dei-santi-pietro-e-paolo\/","url":"https:\/\/blog.holyart.it\/it\/articoli-religiosi\/san-marco-evangelista-il-discepolo-dei-santi-pietro-e-paolo\/","name":"San Marco Evangelista: il discepolo dei santi Pietro e Paolo - Holyblog","isPartOf":{"@id":"https:\/\/blog.holyart.it\/it\/#website"},"primaryImageOfPage":{"@id":"https:\/\/blog.holyart.it\/it\/articoli-religiosi\/san-marco-evangelista-il-discepolo-dei-santi-pietro-e-paolo\/#primaryimage"},"image":{"@id":"https:\/\/blog.holyart.it\/it\/articoli-religiosi\/san-marco-evangelista-il-discepolo-dei-santi-pietro-e-paolo\/#primaryimage"},"thumbnailUrl":"https:\/\/blog.holyart.it\/it\/wp-content\/uploads\/sites\/17\/2024\/03\/san-marco-evangelista.jpg","datePublished":"2024-04-17T08:00:31+00:00","dateModified":"2026-04-13T15:47:47+00:00","description":"Il 25 aprile la Chiesa ricorda San Marco Evangelista, che predic\u00f2 con San Paolo e San Pietro e scrisse il primo Vangelo.","breadcrumb":{"@id":"https:\/\/blog.holyart.it\/it\/articoli-religiosi\/san-marco-evangelista-il-discepolo-dei-santi-pietro-e-paolo\/#breadcrumb"},"inLanguage":"it-IT","potentialAction":[{"@type":"ReadAction","target":["https:\/\/blog.holyart.it\/it\/articoli-religiosi\/san-marco-evangelista-il-discepolo-dei-santi-pietro-e-paolo\/"]}]},{"@type":"ImageObject","inLanguage":"it-IT","@id":"https:\/\/blog.holyart.it\/it\/articoli-religiosi\/san-marco-evangelista-il-discepolo-dei-santi-pietro-e-paolo\/#primaryimage","url":"https:\/\/blog.holyart.it\/it\/wp-content\/uploads\/sites\/17\/2024\/03\/san-marco-evangelista.jpg","contentUrl":"https:\/\/blog.holyart.it\/it\/wp-content\/uploads\/sites\/17\/2024\/03\/san-marco-evangelista.jpg","width":1000,"height":666,"caption":"san marco evangelista"},{"@type":"BreadcrumbList","@id":"https:\/\/blog.holyart.it\/it\/articoli-religiosi\/san-marco-evangelista-il-discepolo-dei-santi-pietro-e-paolo\/#breadcrumb","itemListElement":[{"@type":"ListItem","position":1,"name":"Homepage","item":"https:\/\/blog.holyart.it\/it\/"},{"@type":"ListItem","position":2,"name":"Religione","item":"https:\/\/blog.holyart.it\/it\/articoli-religiosi\/"},{"@type":"ListItem","position":3,"name":"San Marco Evangelista: il discepolo dei santi Pietro e Paolo"}]},{"@type":"WebSite","@id":"https:\/\/blog.holyart.it\/it\/#website","url":"https:\/\/blog.holyart.it\/it\/","name":"Holyblog","description":"Il Blog di Holyart.it","publisher":{"@id":"https:\/\/blog.holyart.it\/it\/#organization"},"potentialAction":[{"@type":"SearchAction","target":{"@type":"EntryPoint","urlTemplate":"https:\/\/blog.holyart.it\/it\/?s={search_term_string}"},"query-input":{"@type":"PropertyValueSpecification","valueRequired":true,"valueName":"search_term_string"}}],"inLanguage":"it-IT"},{"@type":"Organization","@id":"https:\/\/blog.holyart.it\/it\/#organization","name":"Holyblog","url":"https:\/\/blog.holyart.it\/it\/","logo":{"@type":"ImageObject","inLanguage":"it-IT","@id":"https:\/\/blog.holyart.it\/it\/#\/schema\/logo\/image\/","url":"https:\/\/blog.holyart.it\/it\/wp-content\/uploads\/sites\/17\/2022\/12\/Holyart_Blog_Logo.jpg","contentUrl":"https:\/\/blog.holyart.it\/it\/wp-content\/uploads\/sites\/17\/2022\/12\/Holyart_Blog_Logo.jpg","width":300,"height":50,"caption":"Holyblog"},"image":{"@id":"https:\/\/blog.holyart.it\/it\/#\/schema\/logo\/image\/"}},{"@type":"Person","@id":"https:\/\/blog.holyart.it\/it\/#\/schema\/person\/0a7b686e5af0f856ec1e390dd0baecda","name":"Redazione"}]}},"_links":{"self":[{"href":"https:\/\/blog.holyart.it\/it\/wp-json\/wp\/v2\/posts\/19609","targetHints":{"allow":["GET"]}}],"collection":[{"href":"https:\/\/blog.holyart.it\/it\/wp-json\/wp\/v2\/posts"}],"about":[{"href":"https:\/\/blog.holyart.it\/it\/wp-json\/wp\/v2\/types\/post"}],"author":[{"embeddable":true,"href":"https:\/\/blog.holyart.it\/it\/wp-json\/wp\/v2\/users\/1"}],"replies":[{"embeddable":true,"href":"https:\/\/blog.holyart.it\/it\/wp-json\/wp\/v2\/comments?post=19609"}],"version-history":[{"count":10,"href":"https:\/\/blog.holyart.it\/it\/wp-json\/wp\/v2\/posts\/19609\/revisions"}],"predecessor-version":[{"id":23797,"href":"https:\/\/blog.holyart.it\/it\/wp-json\/wp\/v2\/posts\/19609\/revisions\/23797"}],"wp:featuredmedia":[{"embeddable":true,"href":"https:\/\/blog.holyart.it\/it\/wp-json\/wp\/v2\/media\/19625"}],"wp:attachment":[{"href":"https:\/\/blog.holyart.it\/it\/wp-json\/wp\/v2\/media?parent=19609"}],"wp:term":[{"taxonomy":"category","embeddable":true,"href":"https:\/\/blog.holyart.it\/it\/wp-json\/wp\/v2\/categories?post=19609"},{"taxonomy":"post_tag","embeddable":true,"href":"https:\/\/blog.holyart.it\/it\/wp-json\/wp\/v2\/tags?post=19609"}],"curies":[{"name":"wp","href":"https:\/\/api.w.org\/{rel}","templated":true}]}}