{"id":19564,"date":"2024-04-15T10:00:30","date_gmt":"2024-04-15T08:00:30","guid":{"rendered":"https:\/\/blog.holyart.it\/it\/?p=19564"},"modified":"2026-04-03T09:30:48","modified_gmt":"2026-04-03T07:30:48","slug":"gesu-buon-pastore-perche-il-paragone","status":"publish","type":"post","link":"https:\/\/blog.holyart.it\/it\/articoli-religiosi\/gesu-buon-pastore-perche-il-paragone\/","title":{"rendered":"Ges\u00f9 Buon Pastore: perch\u00e9 il paragone?"},"content":{"rendered":"<h4>La quarta domenica di Pasqua la liturgia celebra Ges\u00f9 Buon Pastore. Come nasce questa immagine di Cristo?<\/h4>\n\n<p>Siamo abituati a sentir parlare di Ges\u00f9 come del\u00a0<a href=\"https:\/\/www.holyart.it\/it\/articoli-religiosi\/statue\/statue-in-resina-e-pvc\/statua-buon-pastore-gesu-pecore-h-20-cm\"><strong>Buon Pastore<\/strong><\/a>. Fin da bambini abbiamo visto santini e immaginette che lo raffigurano con pecorelle e agnelli. Ma da dove nasce questa immagine?<\/p>\n<p>Tra le rappresentazioni simboliche di Ges\u00f9 quella del Buon Pastore era forse la pi\u00f9 diffusa gi\u00e0 nei primi secoli del Cristianesimo, quando i cristiani dovevano rifugiarsi nelle catacombe per praticare la loro fede. \u00c8 qui che troviamo le prime rappresentazioni di un giovane uomo che porta un agnello al collo, una raffigurazione che deriva da un&#8217;immagine pagana, quella di\u00a0<em>Hermes Kriophoro<\/em>\u00a0che porta l&#8217;ariete da sacrificare.<\/p>\n<div class=\"link-product\">\n<div class=\"blocco-immagine\"><img loading=\"lazy\" decoding=\"async\" class=\"size-full wp-image-19589 alignleft\" src=\"https:\/\/blog.holyart.it\/it\/wp-content\/uploads\/sites\/17\/2024\/03\/statua-buon-pastore-gesu-pecore-h-20-cm.jpg\" alt=\"statua buon pastore ges\u00f9 pecore h 20 cm\" width=\"100\" height=\"100\" data-kale-share-title=\"Ges\u00f9 Buon Pastore: perch\u00e9 il paragone?\" data-kale-share-url=\"https:\/\/blog.holyart.it\/it\/?p=19564\" \/><\/div>\n<div class=\"blocco-contenuto\">\n<div class=\"blocco-acquista\">Acquista su Holyart:<\/div>\n<div class=\"blocco-titolo\"><a href=\"https:\/\/www.holyart.it\/it\/articoli-religiosi\/statue\/statue-in-resina-e-pvc\/statua-buon-pastore-gesu-pecore-h-20-cm\">Statua Buon Pastore Ges\u00f9 pecore h 20 cm<\/a><\/div>\n<div class=\"blocco-descrizione\">Questa statua raffigura Ges\u00f9 nella tradizionale immagine del Buon Pastore.<\/div>\n<\/div>\n<\/div>\n<p>Anche se la raffigurazione continu\u00f2 ad essere utilizzata nei secoli successivi, dopo la proclamazione del Cristianesimo come religione ufficiale, solo intorno al V secolo venne definita nella sua forma convenzionale. Ges\u00f9 viene raffigurato secondo l&#8217;iconografia del tempo, con vesti sontuose, l&#8217;aureola sul capo e una pecora sulle spalle.<\/p>\n<p>\u00c8 il\u00a0<strong>Vangelo di Giovanni<\/strong>\u00a0a descriverci Ges\u00f9 come il\u00a0<a href=\"https:\/\/www.holyart.it\/it\/articoli-religiosi\/statue\/statue-in-pietra\/buon-pastore-38-cm-pietra-bethleem\"><strong>Buon Pastore che sacrifica se stesso per le Sue pecore<\/strong><\/a>. Anzi \u00e8 Ges\u00f9 stesso a definirsi tale:\u00a0<em>&#8220;7 Perci\u00f2 Ges\u00f9 di nuovo disse loro: \u201cIn verit\u00e0, in verit\u00e0 vi dico:\u00a0<strong>Io sono la porta delle pecore<\/strong>. 8 Tutti quelli che sono venuti prima di me, sono stati ladri e briganti, ma le pecore non li hanno ascoltati. 9 Io sono la porta;<strong>\u00a0se uno entra per me, sar\u00e0 salvato<\/strong>; entrer\u00e0 e uscir\u00e0 e trover\u00e0 pastura. 10 Il ladro non viene se non per rubare, ammazzare e distruggere; io sono venuto perch\u00e9 abbiano la vita e l&#8217;abbiano a esuberanza. 11 Io sono il buon pastore;\u00a0<strong>il buon pastore depone la sua vita per le pecore.<\/strong>\u00a012 Il mercenario, che non \u00e8 pastore, a cui non appartengono le pecore, vede venire il lupo, abbandona le pecore e si d\u00e0 alla fuga, e il lupo le rapisce e disperde. 13 Il mercenario si d\u00e0 alla fuga perch\u00e9 \u00e8 mercenario e non si cura delle pecore. 14\u00a0<strong>Io sono il buon pastore, conosco le mie e le mie mi conoscono,<\/strong>\u00a015 come il Padre mi conosce e io conosco il Padre; e\u00a0<strong>do la mia vita per le pecore<\/strong>. 16 Ho anche delle<strong>\u00a0altre pecore, che non sono di questo ovile;<\/strong>\u00a0<strong>anche quelle devo raccogliere ed esse ascolteranno la mia voce e vi sar\u00e0 un solo gregge, un solo pastore.\u00a0<\/strong>17 Per questo mi ama il Padre, perch\u00e9 io depongo la mia vita, per riprenderla poi. 18 Nessuno me la toglie, ma la depongo da me. Io ho il potere di deporla e ho il potere di riprenderla. Quest&#8217;ordine ho ricevuto dal Padre mio.\u201d&#8221;<\/em>\u00a0(Giovanni 10,7-18)<\/p>\n<div class=\"link-product\">\n<div class=\"blocco-immagine\"><img loading=\"lazy\" decoding=\"async\" class=\"size-full wp-image-19590 alignleft\" src=\"https:\/\/blog.holyart.it\/it\/wp-content\/uploads\/sites\/17\/2024\/03\/buon-pastore-38-cm-pietra-bethleem.jpg\" alt=\"buon pastore 38 cm pietra bethleem\" width=\"100\" height=\"100\" data-kale-share-title=\"Ges\u00f9 Buon Pastore: perch\u00e9 il paragone?\" data-kale-share-url=\"https:\/\/blog.holyart.it\/it\/?p=19564\" \/><\/div>\n<div class=\"blocco-contenuto\">\n<div class=\"blocco-acquista\">Acquista su Holyart:<\/div>\n<div class=\"blocco-titolo\"><a href=\"https:\/\/www.holyart.it\/it\/articoli-religiosi\/statue\/statue-in-pietra\/buon-pastore-38-cm-pietra-bethleem\">Buon Pastore 38 cm pietra Bethl\u00e9em<\/a><\/div>\n<div class=\"blocco-descrizione\">Scena del Buon Pastore in Pietra dei Pirenei e resina.<\/div>\n<\/div>\n<\/div>\n<p>La pericope o parabola del Buon Pastore non \u00e8 l&#8217;unico brano dei Vangeli in cui viene usata l&#8217;immagine del pastore e delle pecore. Pensiamo alla\u00a0<a href=\"https:\/\/www.holyart.it\/it\/articoli-religiosi\/libri-e-testi-sacri\/libri-per-bambini-e-ragazzi\/colora-la-parabola-della-pecorella-smarrita\"><strong>Parabola della pecora smarrita<\/strong><\/a>, una delle\u00a0tre parabole della misericordia. Racconta di un pastore che, accortosi di aver smarrito una pecorella, lascia tutto il gregge per tornare a cercarla. La leggiamo nel Vangelo di Matteo e in quello di Luca e il suo significato \u00e8 semplice: come il buon pastore non si preoccupa del suo gregge intero, ma affronta ogni avversit\u00e0 per ritrovare l\u2019unica pecora che si \u00e8 perduta, cos\u00ec Dio avr\u00e0 sempre pi\u00f9 a cuore chi dopo aver smarrito la strada ed essersi perso nell&#8217;oscurit\u00e0 del peccato, ritrova la fede e la via dell&#8217;amore, piuttosto di chi non ha mai vacillato.<\/p>\n<p>Gi\u00e0\u00a0<strong>Ezechiele\u00a0<\/strong>aveva parlato di <strong><a href=\"https:\/\/www.holyart.it\/it\/occasioni-speciali\/presepe-pasquale\/statuina-gesu-buon-pastore-9-cm-in-resina\">Dio come di un pastore<\/a><\/strong> che va in cerca delle proprie pecore per prendersene cura, e le raduna da ogni parte per portarle a pasturare in luoghi fertili e tranquilli, e cercher\u00e0 e curer\u00e0 quelle che si smarriscono:\u00a0<em>&#8220;11 Perch\u00e9 dice il Signore Dio: Ecco, io stesso\u00a0<strong>cercher\u00f2 le mie pecore e ne avr\u00f2 cura<\/strong>. 12 Come un pastore passa in rassegna il suo gregge quando si trova in mezzo alle sue pecore che erano state disperse, cos\u00ec io passer\u00f2 in rassegna le mie pecore e\u00a0<strong>le raduner\u00f2 da tutti i luoghi dove erano disperse<\/strong>\u00a0nei giorni nuvolosi e di caligine. 13 Le ritirer\u00f2 dai popoli e le raduner\u00f2 da tutte le regioni. Le ricondurr\u00f2 nella loro terra e le far\u00f2 pascolare sui monti d&#8217;Israele, nelle valli e in tutte le praterie della regione. 14\u00a0<strong>Le condurr\u00f2 in ottime pasture<\/strong>\u00a0e il loro ovile sar\u00e0 sui monti alti d&#8217;Israele; l\u00e0 riposeranno in un buon ovile e avranno rigogliosi pascoli sui monti d&#8217;Israele. 15\u00a0<strong>Io stesso condurr\u00f2 le mie pecore al pascolo e io le far\u00f2 riposare<\/strong>. Oracolo del Signore Dio. 16\u00a0<strong>Andr\u00f2 in cerca della pecora perduta e ricondurr\u00f2 all&#8217;ovile quella smarrita<\/strong>; fascer\u00f2 quella ferita e curer\u00f2 quella malata, avr\u00f2 cura della grassa e della forte; le pascer\u00f2 con giustizia.&#8221;<\/em>\u00a0(Ezechiele 34,11-16)<\/p>\n<div class=\"link-product\">\n<div class=\"blocco-immagine\"><img loading=\"lazy\" decoding=\"async\" class=\"size-full wp-image-19605 alignleft\" src=\"https:\/\/blog.holyart.it\/it\/wp-content\/uploads\/sites\/17\/2024\/03\/statuina-gesu-buon-pastore-9-cm-in-resina.jpg\" alt=\"statuina ges\u00f9 buon pastore 9 cm in resina\" width=\"100\" height=\"100\" data-kale-share-title=\"Ges\u00f9 Buon Pastore: perch\u00e9 il paragone?\" data-kale-share-url=\"https:\/\/blog.holyart.it\/it\/?p=19564\" \/><\/div>\n<div class=\"blocco-contenuto\">\n<div class=\"blocco-acquista\">Acquista su Holyart:<\/div>\n<div class=\"blocco-titolo\"><a href=\"https:\/\/www.holyart.it\/it\/occasioni-speciali\/presepe-pasquale\/statuina-gesu-buon-pastore-9-cm-in-resina\">Statuina Ges\u00f9 Buon Pastore 9 cm in resina<\/a><\/div>\n<div class=\"blocco-descrizione\">Statuina di Ges\u00f9 con in braccio una pecora.<\/div>\n<\/div>\n<\/div>\n<p>Pensiamo anche al\u00a0<strong>Salmo 23<\/strong>, il Salmo di Davide:<\/p>\n<p><em>Il Signore \u00e8 il mio pastore:<\/em><br \/>\n<em>non manco di nulla;<\/em><br \/>\n<em>su pascoli erbosi mi fa riposare<\/em><br \/>\n<em>ad acque tranquille mi conduce.<\/em><br \/>\n<em>Mi rinfranca, mi guida per il giusto cammino,<\/em><br \/>\n<em>per amore del suo nome.<\/em><br \/>\n<em>Se dovessi camminare in una valle oscura,<\/em><br \/>\n<em>non temerei alcun male, perch\u00e9 tu sei con me.<\/em><br \/>\n<em>Il tuo bastone e il tuo vincastro<\/em><br \/>\n<em>mi danno sicurezza.<\/em><\/p>\n<h2>Perch\u00e9 Ges\u00f9 si paragona al Buon Pastore?<\/h2>\n<p>Leggendo la parabola del Buon Pastore nel Vangelo di Giovanni non \u00e8 difficile comprendere come in essa Ges\u00f9 stia svelando il futuro, <a href=\"https:\/\/www.holyart.it\/blog\/articoli-religiosi\/la-storia-di-gesu-gli-eventi-piu-importanti-della-sua-vita\/\"><strong>il proprio\u00a0Sacrificio<\/strong><\/a>. Come il pastore \u00e8 pronto a dare la vita per le proprie pecore, cos\u00ec\u00a0<strong>Ges\u00f9 d\u00e0 la vita per gli uomini<\/strong>, immolando se stesso e arrendendosi a una sofferenza spaventosa.<br \/>\nNon solo. Dichiara il proprio amore non solo alle pecore del proprio gregge,\u00a0<strong>ma anche a quelle che vivono fuori dall&#8217;ovile<\/strong>, e in questo possiamo leggere il desiderio di raccogliere intorno a S\u00e9 non solo chi gli \u00e8 devoto, ma anche chi ancora non crede in Lui.<br \/>\nNella parabola della pecorella smarrita, poi, emerge potente il\u00a0<strong>messaggio d&#8217;amore<\/strong>\u00a0di Ges\u00f9, pronto a\u00a0<strong>perdonare i peccatori<\/strong>, anzi, ad\u00a0<strong>amarli ancora di pi\u00f9<\/strong>\u00a0proprio perch\u00e9 fragili, vulnerabili al peccato. Proprio a loro riserva la cura maggiore, per ritrovarli, accoglierli, curarli nel corpo e nell&#8217;anima, proprio come un pastore riserva pi\u00f9 attenzioni alle pecore malate e ferite.<\/p>\n<div class=\"link-article\">\n<p><img loading=\"lazy\" decoding=\"async\" class=\"size-full wp-image-19596 alignleft\" src=\"https:\/\/blog.holyart.it\/it\/wp-content\/uploads\/sites\/17\/2024\/03\/storia-di-gesu-ultima-cena.jpg\" alt=\"storia di ges\u00f9 ultima cena\" width=\"150\" height=\"99\" data-kale-share-title=\"Ges\u00f9 Buon Pastore: perch\u00e9 il paragone?\" data-kale-share-url=\"https:\/\/blog.holyart.it\/it\/?p=19564\" \/><\/p>\n<div class=\"leggi-anche\">Leggi anche:<\/div>\n<p><strong><a href=\"https:\/\/www.holyart.it\/blog\/articoli-religiosi\/la-storia-di-gesu-gli-eventi-piu-importanti-della-sua-vita\/\">La storia di Ges\u00f9: gli eventi pi\u00f9 importanti della Sua vita<\/a><\/strong><br \/>\nLa storia di Ges\u00f9, tra racconto evangelico, realt\u00e0 storica e leggenda devozionale. In vista della Pasqua ricostruiamo&#8230;<\/p>\n<\/div>\n<p>Ges\u00f9 si presenta come il Buon Pastore pronto a sacrificare ogni cosa per le proprie pecore, a vivere in solitudine tra i pascoli solo per nutrirle adeguatamente e tenerle al sicuro. Si dichiara custode, perfino\u00a0<strong><em>porta delle pecore<\/em><\/strong>, una porta attraverso la quale \u00e8 necessario passare, per meritare la salvezza e il perdono. Il\u00a0<strong>nutrimento\u00a0<\/strong>che ci offre \u00e8 la propria Carne, il proprio Sangue, nel reiterarsi del\u00a0<strong>sacrificio eucaristico<\/strong>, e cos\u00ec non solo ci conduce al pascolo,\u00a0<strong>ma si fa pascolo Lui stesso<\/strong>, cibo per l&#8217;anima, foraggio per lo spirito, acqua per la nostra inesauribile sete. La Sua morte sulla croce \u00e8 solo l&#8217;inizio della speranza, l&#8217;inizio della salvezza per il Suo gregge, custodito dal Suo amore generoso, ispirato da quello stesso amore a fare lo stesso, a dedicarsi agli altri, soprattutto ai pi\u00f9 deboli, a chi si smarrisce, arrivando anche all&#8217;estremo sacrificio, per camminare tutti insieme lungo il cammino tracciato da Ges\u00f9 verso il Regno dei Cieli.<\/p>\n<h2>Preghiera a Ges\u00f9 Buon Pastore<\/h2>\n<p>Sono molte le preghiere dedicate a <a href=\"https:\/\/www.holyart.it\/it\/articoli-religiosi\/icone-sacre\/icone-romania-dipinte\/icona-di-gesu-buon-pastore\"><strong>Cristo Buon Pastore<\/strong><\/a>. Ecco una Preghiera di San Giovanni Paolo II a Ges\u00f9 Buon Pastore per favorire le vocazioni dei giovani:<\/p>\n<p><em>Signore Ges\u00f9 Cristo,<\/em><\/p>\n<p><em>Pastore Buono delle nostre anime,<\/em><\/p>\n<p><em>Tu che conosci le tue pecore e sai come raggiungere il cuore dell&#8217;uomo,<\/em><\/p>\n<p><em>apri la mente ed il cuore di quei giovani<\/em><\/p>\n<p><em>che cercano e attendono una Parola di verit\u00e0 per la loro vita;<\/em><\/p>\n<p><em>fa loro sentire che solo nel mistero della tua incarnazione oggi trovano piena luce;<\/em><\/p>\n<p><em>risveglia il coraggio di coloro che sanno dove cercare verit\u00e0,<\/em><\/p>\n<p><em>ma temono che la tua richiesta sia troppo esigente;<\/em><\/p>\n<p><em>scuoti l&#8217;animo di quei giovani che vorrebbero seguirti,<\/em><\/p>\n<p><em>ma non sanno vincere l&#8217;incertezza e le paure,<\/em><\/p>\n<p><em>e finiscono per seguire altre voci ed altri sentieri senza sbocco.<\/em><\/p>\n<p><em>Tu che sei la Parola del Padre,<\/em><\/p>\n<p><em>Parola che crea e che salva,<\/em><\/p>\n<p><em>Parola che illumina e sostiene i cuori, vinci con il tuo Spirito le resistenze e gli indugi degli animi indecisi; suscita in coloro che Tu chiami il coraggio della risposta d&#8217;amore:<\/em><\/p>\n<p><em>Eccomi, Manda me.<\/em><\/p>\n<p><em>Vergine Maria, giovane figlia di Israele sorreggi con il tuo materno amore quei giovani,<\/em><\/p>\n<p><em>ai quali il Padre fa sentire la sua Parola;<\/em><\/p>\n<p><em>e sostieni coloro che sono gi\u00e0 consacrati.<\/em><\/p>\n<p><em>Ripetano a Te il s\u00ec di una donazione gioiosa e irrevocabile.<\/em><\/p>\n<p><em>Amen.<\/em><\/p>\n<div class=\"link-product\">\n<div class=\"blocco-immagine\"><img loading=\"lazy\" decoding=\"async\" class=\"size-full wp-image-19600 alignleft\" src=\"https:\/\/blog.holyart.it\/it\/wp-content\/uploads\/sites\/17\/2024\/03\/icona-di-gesu-buon-pastore.jpg\" alt=\"icona di ges\u00f9 buon pastore\" width=\"100\" height=\"100\" data-kale-share-title=\"Ges\u00f9 Buon Pastore: perch\u00e9 il paragone?\" data-kale-share-url=\"https:\/\/blog.holyart.it\/it\/?p=19564\" \/><\/div>\n<div class=\"blocco-contenuto\">\n<div class=\"blocco-acquista\">Acquista su Holyart:<\/div>\n<div class=\"blocco-titolo\"><a href=\"https:\/\/www.holyart.it\/it\/articoli-religiosi\/icone-sacre\/icone-romania-dipinte\/icona-di-gesu-buon-pastore\">Icona di Ges\u00f9 Buon Pastore<\/a><\/div>\n<div class=\"blocco-descrizione\">Icona del Cristo Buon Pastore, dipinta a mano in Romania.<\/div>\n<\/div>\n<\/div>\n<p>Ed ecco una preghiera a Ges\u00f9 Buon Pastore che ciascuno di noi pu\u00f2 recitare quando si sente perso e necessita di essere salvato:<\/p>\n<p><em>\u00a0Ges\u00f9 mio, sono anch\u2019io una tua pecorella;<br \/>\nquante volte ho voluto allontanarmi da te,<br \/>\nho lasciato i pascoli erbosi, le acque tranquille dove tu mi conducevi,<br \/>\nho rifiutato di seguirti, di stare dentro il tuo gregge.<\/em><\/p>\n<p><em>Ma ho trovato sassi e spine, acque amare e serpenti velenosi;<br \/>\nnella solitudine e nel buio ho belato di paura,<br \/>\nho bramato di vedere il tuo volto, di sentire la tua voce\u2026<\/em><\/p>\n<p><em>E tu pure hai provato tanta pena per me,<br \/>\nmi hai chiamato e cercato, nei fossi e tra i dirupi,<br \/>\ninfine mi hai raccolto, tremante, fra le tue braccia,<br \/>\nsul tuo cuore mi hai fatto riposare,<br \/>\nhai fasciato il mio piede sanguinante.<\/em><\/p>\n<p><em>Ed ora che ci siamo ritrovati, o mio Signore,<br \/>\nvoglio restare sempre con te, vicino a te,<br \/>\nnon voglio pi\u00f9 separarmi, mai pi\u00f9! \u201c.<\/em><\/p>\n<p><em>Ti amo, Ges\u00f9, mio Buon Pastore,<br \/>\nmio Signore e mio Dio;<br \/>\nfai che possa restare sempre con te,<br \/>\nsempre con te, in questo mondo e per tutta l\u2019eternit\u00e0.<br \/>\nGrazie Signore Ges\u00f9, mio Signore e mio Dio,<br \/>\nmio tutto, ora e sempre.<\/em><\/p>\n<h2>Quando si festeggia Ges\u00f9 Buon Pastore?<\/h2>\n<p>\u00c8 nella\u00a0<strong>quarta domenica del Tempo Pasquale<\/strong>\u00a0che celebriamo Ges\u00f9 Buon Pastore. La liturgia di questo giorno \u00e8 dedicata alla\u00a0<strong>preghiera per le vocazioni<\/strong>, per sostenere e aiutare i giovani che vogliono abbracciare la via della fede, e in generale tutti ci concentriamo sul desiderio espresso da Ges\u00f9 di vedere tutte le Sue pecore raccolte in un unico gregge unito dalla fede e dall&#8217;amore. In questo giorno si medita sulla <a href=\"https:\/\/www.holyart.it\/it\/accessori-per-la-liturgia\/articoli-vescovili\/croce-pettorale-buon-pastore-metallo-10x7-cm\"><strong>guida di Ges\u00f9<\/strong><\/a>, ma anche sulla necessit\u00e0 di <strong>seguire il Suo esempio<\/strong>, di accogliere nel gregge anche chi non ne fa parte, in un anelito di unit\u00e0 e armonia, e di perdonare e anzi aiutare coloro che si sono perduti.<\/p>\n<div class=\"link-product\">\n<div class=\"blocco-immagine\"><img loading=\"lazy\" decoding=\"async\" class=\"size-full wp-image-19601 alignleft\" src=\"https:\/\/blog.holyart.it\/it\/wp-content\/uploads\/sites\/17\/2024\/03\/croce-pettorale-buon-pastore-metallo-10x7-cm.jpg\" alt=\"croce pettorale buon pastore metallo 10x7 cm\" width=\"100\" height=\"100\" data-kale-share-title=\"Ges\u00f9 Buon Pastore: perch\u00e9 il paragone?\" data-kale-share-url=\"https:\/\/blog.holyart.it\/it\/?p=19564\" \/><\/div>\n<div class=\"blocco-contenuto\">\n<div class=\"blocco-acquista\">Acquista su Holyart:<\/div>\n<div class=\"blocco-titolo\"><a href=\"https:\/\/www.holyart.it\/it\/accessori-per-la-liturgia\/articoli-vescovili\/croce-pettorale-buon-pastore-metallo-10x7-cm\">Croce pettorale Buon pastore metallo 10&#215;7 cm<\/a><\/div>\n<div class=\"blocco-descrizione\">Il crocifisso \u00e8 realizzato in Italia, con cura e precisione.<\/div>\n<\/div>\n<\/div>\n","protected":false},"excerpt":{"rendered":"<p>La quarta domenica di Pasqua la liturgia celebra Ges\u00f9 Buon Pastore. Come nasce questa immagine di Cristo? Siamo abituati a sentir parlare di Ges\u00f9 come del\u00a0Buon Pastore. Fin da bambini abbiamo visto santini e immaginette che lo raffigurano con pecorelle e agnelli. Ma da dove&hellip;<\/p>\n","protected":false},"author":1,"featured_media":19607,"comment_status":"closed","ping_status":"open","sticky":false,"template":"","format":"standard","meta":{"_acf_changed":false,"footnotes":""},"categories":[16],"tags":[],"class_list":["post-19564","post","type-post","status-publish","format-standard","has-post-thumbnail","hentry","category-articoli-religiosi"],"acf":[],"yoast_head":"<!-- This site is optimized with the Yoast SEO plugin v26.6 - https:\/\/yoast.com\/wordpress\/plugins\/seo\/ -->\n<title>Ges\u00f9 Buon Pastore: perch\u00e9 il paragone? - Holyblog<\/title>\n<meta name=\"description\" content=\"Ges\u00f9 Buon Pastore accoglie nel suo gregge chiunque. Ecco come questa immagine simbolica di Cristo ci guida da sempre\" \/>\n<meta name=\"robots\" content=\"index, follow, max-snippet:-1, max-image-preview:large, max-video-preview:-1\" \/>\n<link rel=\"canonical\" href=\"https:\/\/blog.holyart.it\/it\/articoli-religiosi\/gesu-buon-pastore-perche-il-paragone\/\" \/>\n<meta property=\"og:locale\" content=\"it_IT\" \/>\n<meta property=\"og:type\" content=\"article\" \/>\n<meta property=\"og:title\" content=\"Ges\u00f9 Buon Pastore: perch\u00e9 il paragone? - Holyblog\" \/>\n<meta property=\"og:description\" content=\"Ges\u00f9 Buon Pastore accoglie nel suo gregge chiunque. Ecco come questa immagine simbolica di Cristo ci guida da sempre\" \/>\n<meta property=\"og:url\" content=\"https:\/\/blog.holyart.it\/it\/articoli-religiosi\/gesu-buon-pastore-perche-il-paragone\/\" \/>\n<meta property=\"og:site_name\" content=\"Holyblog\" \/>\n<meta property=\"article:published_time\" content=\"2024-04-15T08:00:30+00:00\" \/>\n<meta property=\"article:modified_time\" content=\"2026-04-03T07:30:48+00:00\" \/>\n<meta property=\"og:image\" content=\"https:\/\/blog.holyart.it\/it\/wp-content\/uploads\/sites\/17\/2024\/03\/gesu-buon-pastore.jpg\" \/>\n\t<meta property=\"og:image:width\" content=\"1000\" \/>\n\t<meta property=\"og:image:height\" content=\"666\" \/>\n\t<meta property=\"og:image:type\" content=\"image\/jpeg\" \/>\n<meta name=\"author\" content=\"Redazione\" \/>\n<meta name=\"twitter:card\" content=\"summary_large_image\" \/>\n<meta name=\"twitter:label1\" content=\"Scritto da\" \/>\n\t<meta name=\"twitter:data1\" content=\"Redazione\" \/>\n\t<meta name=\"twitter:label2\" content=\"Tempo di lettura stimato\" \/>\n\t<meta name=\"twitter:data2\" content=\"12 minuti\" \/>\n<script type=\"application\/ld+json\" class=\"yoast-schema-graph\">{\"@context\":\"https:\/\/schema.org\",\"@graph\":[{\"@type\":\"Article\",\"@id\":\"https:\/\/blog.holyart.it\/it\/articoli-religiosi\/gesu-buon-pastore-perche-il-paragone\/#article\",\"isPartOf\":{\"@id\":\"https:\/\/blog.holyart.it\/it\/articoli-religiosi\/gesu-buon-pastore-perche-il-paragone\/\"},\"author\":{\"name\":\"Redazione\",\"@id\":\"https:\/\/blog.holyart.it\/it\/#\/schema\/person\/0a7b686e5af0f856ec1e390dd0baecda\"},\"headline\":\"Ges\u00f9 Buon Pastore: perch\u00e9 il paragone?\",\"datePublished\":\"2024-04-15T08:00:30+00:00\",\"dateModified\":\"2026-04-03T07:30:48+00:00\",\"mainEntityOfPage\":{\"@id\":\"https:\/\/blog.holyart.it\/it\/articoli-religiosi\/gesu-buon-pastore-perche-il-paragone\/\"},\"wordCount\":1817,\"publisher\":{\"@id\":\"https:\/\/blog.holyart.it\/it\/#organization\"},\"image\":{\"@id\":\"https:\/\/blog.holyart.it\/it\/articoli-religiosi\/gesu-buon-pastore-perche-il-paragone\/#primaryimage\"},\"thumbnailUrl\":\"https:\/\/blog.holyart.it\/it\/wp-content\/uploads\/sites\/17\/2024\/03\/gesu-buon-pastore.jpg\",\"articleSection\":[\"Religione\"],\"inLanguage\":\"it-IT\"},{\"@type\":\"WebPage\",\"@id\":\"https:\/\/blog.holyart.it\/it\/articoli-religiosi\/gesu-buon-pastore-perche-il-paragone\/\",\"url\":\"https:\/\/blog.holyart.it\/it\/articoli-religiosi\/gesu-buon-pastore-perche-il-paragone\/\",\"name\":\"Ges\u00f9 Buon Pastore: perch\u00e9 il paragone? - Holyblog\",\"isPartOf\":{\"@id\":\"https:\/\/blog.holyart.it\/it\/#website\"},\"primaryImageOfPage\":{\"@id\":\"https:\/\/blog.holyart.it\/it\/articoli-religiosi\/gesu-buon-pastore-perche-il-paragone\/#primaryimage\"},\"image\":{\"@id\":\"https:\/\/blog.holyart.it\/it\/articoli-religiosi\/gesu-buon-pastore-perche-il-paragone\/#primaryimage\"},\"thumbnailUrl\":\"https:\/\/blog.holyart.it\/it\/wp-content\/uploads\/sites\/17\/2024\/03\/gesu-buon-pastore.jpg\",\"datePublished\":\"2024-04-15T08:00:30+00:00\",\"dateModified\":\"2026-04-03T07:30:48+00:00\",\"description\":\"Ges\u00f9 Buon Pastore accoglie nel suo gregge chiunque. Ecco come questa immagine simbolica di Cristo ci guida da sempre\",\"breadcrumb\":{\"@id\":\"https:\/\/blog.holyart.it\/it\/articoli-religiosi\/gesu-buon-pastore-perche-il-paragone\/#breadcrumb\"},\"inLanguage\":\"it-IT\",\"potentialAction\":[{\"@type\":\"ReadAction\",\"target\":[\"https:\/\/blog.holyart.it\/it\/articoli-religiosi\/gesu-buon-pastore-perche-il-paragone\/\"]}]},{\"@type\":\"ImageObject\",\"inLanguage\":\"it-IT\",\"@id\":\"https:\/\/blog.holyart.it\/it\/articoli-religiosi\/gesu-buon-pastore-perche-il-paragone\/#primaryimage\",\"url\":\"https:\/\/blog.holyart.it\/it\/wp-content\/uploads\/sites\/17\/2024\/03\/gesu-buon-pastore.jpg\",\"contentUrl\":\"https:\/\/blog.holyart.it\/it\/wp-content\/uploads\/sites\/17\/2024\/03\/gesu-buon-pastore.jpg\",\"width\":1000,\"height\":666,\"caption\":\"ges\u00f9 buon pastore\"},{\"@type\":\"BreadcrumbList\",\"@id\":\"https:\/\/blog.holyart.it\/it\/articoli-religiosi\/gesu-buon-pastore-perche-il-paragone\/#breadcrumb\",\"itemListElement\":[{\"@type\":\"ListItem\",\"position\":1,\"name\":\"Homepage\",\"item\":\"https:\/\/blog.holyart.it\/it\/\"},{\"@type\":\"ListItem\",\"position\":2,\"name\":\"Religione\",\"item\":\"https:\/\/blog.holyart.it\/it\/articoli-religiosi\/\"},{\"@type\":\"ListItem\",\"position\":3,\"name\":\"Ges\u00f9 Buon Pastore: perch\u00e9 il paragone?\"}]},{\"@type\":\"WebSite\",\"@id\":\"https:\/\/blog.holyart.it\/it\/#website\",\"url\":\"https:\/\/blog.holyart.it\/it\/\",\"name\":\"Holyblog\",\"description\":\"Il Blog di Holyart.it\",\"publisher\":{\"@id\":\"https:\/\/blog.holyart.it\/it\/#organization\"},\"potentialAction\":[{\"@type\":\"SearchAction\",\"target\":{\"@type\":\"EntryPoint\",\"urlTemplate\":\"https:\/\/blog.holyart.it\/it\/?s={search_term_string}\"},\"query-input\":{\"@type\":\"PropertyValueSpecification\",\"valueRequired\":true,\"valueName\":\"search_term_string\"}}],\"inLanguage\":\"it-IT\"},{\"@type\":\"Organization\",\"@id\":\"https:\/\/blog.holyart.it\/it\/#organization\",\"name\":\"Holyblog\",\"url\":\"https:\/\/blog.holyart.it\/it\/\",\"logo\":{\"@type\":\"ImageObject\",\"inLanguage\":\"it-IT\",\"@id\":\"https:\/\/blog.holyart.it\/it\/#\/schema\/logo\/image\/\",\"url\":\"https:\/\/blog.holyart.it\/it\/wp-content\/uploads\/sites\/17\/2022\/12\/Holyart_Blog_Logo.jpg\",\"contentUrl\":\"https:\/\/blog.holyart.it\/it\/wp-content\/uploads\/sites\/17\/2022\/12\/Holyart_Blog_Logo.jpg\",\"width\":300,\"height\":50,\"caption\":\"Holyblog\"},\"image\":{\"@id\":\"https:\/\/blog.holyart.it\/it\/#\/schema\/logo\/image\/\"}},{\"@type\":\"Person\",\"@id\":\"https:\/\/blog.holyart.it\/it\/#\/schema\/person\/0a7b686e5af0f856ec1e390dd0baecda\",\"name\":\"Redazione\"}]}<\/script>\n<!-- \/ Yoast SEO plugin. -->","yoast_head_json":{"title":"Ges\u00f9 Buon Pastore: perch\u00e9 il paragone? - Holyblog","description":"Ges\u00f9 Buon Pastore accoglie nel suo gregge chiunque. Ecco come questa immagine simbolica di Cristo ci guida da sempre","robots":{"index":"index","follow":"follow","max-snippet":"max-snippet:-1","max-image-preview":"max-image-preview:large","max-video-preview":"max-video-preview:-1"},"canonical":"https:\/\/blog.holyart.it\/it\/articoli-religiosi\/gesu-buon-pastore-perche-il-paragone\/","og_locale":"it_IT","og_type":"article","og_title":"Ges\u00f9 Buon Pastore: perch\u00e9 il paragone? - Holyblog","og_description":"Ges\u00f9 Buon Pastore accoglie nel suo gregge chiunque. Ecco come questa immagine simbolica di Cristo ci guida da sempre","og_url":"https:\/\/blog.holyart.it\/it\/articoli-religiosi\/gesu-buon-pastore-perche-il-paragone\/","og_site_name":"Holyblog","article_published_time":"2024-04-15T08:00:30+00:00","article_modified_time":"2026-04-03T07:30:48+00:00","og_image":[{"width":1000,"height":666,"url":"https:\/\/blog.holyart.it\/it\/wp-content\/uploads\/sites\/17\/2024\/03\/gesu-buon-pastore.jpg","type":"image\/jpeg"}],"author":"Redazione","twitter_card":"summary_large_image","twitter_misc":{"Scritto da":"Redazione","Tempo di lettura stimato":"12 minuti"},"schema":{"@context":"https:\/\/schema.org","@graph":[{"@type":"Article","@id":"https:\/\/blog.holyart.it\/it\/articoli-religiosi\/gesu-buon-pastore-perche-il-paragone\/#article","isPartOf":{"@id":"https:\/\/blog.holyart.it\/it\/articoli-religiosi\/gesu-buon-pastore-perche-il-paragone\/"},"author":{"name":"Redazione","@id":"https:\/\/blog.holyart.it\/it\/#\/schema\/person\/0a7b686e5af0f856ec1e390dd0baecda"},"headline":"Ges\u00f9 Buon Pastore: perch\u00e9 il paragone?","datePublished":"2024-04-15T08:00:30+00:00","dateModified":"2026-04-03T07:30:48+00:00","mainEntityOfPage":{"@id":"https:\/\/blog.holyart.it\/it\/articoli-religiosi\/gesu-buon-pastore-perche-il-paragone\/"},"wordCount":1817,"publisher":{"@id":"https:\/\/blog.holyart.it\/it\/#organization"},"image":{"@id":"https:\/\/blog.holyart.it\/it\/articoli-religiosi\/gesu-buon-pastore-perche-il-paragone\/#primaryimage"},"thumbnailUrl":"https:\/\/blog.holyart.it\/it\/wp-content\/uploads\/sites\/17\/2024\/03\/gesu-buon-pastore.jpg","articleSection":["Religione"],"inLanguage":"it-IT"},{"@type":"WebPage","@id":"https:\/\/blog.holyart.it\/it\/articoli-religiosi\/gesu-buon-pastore-perche-il-paragone\/","url":"https:\/\/blog.holyart.it\/it\/articoli-religiosi\/gesu-buon-pastore-perche-il-paragone\/","name":"Ges\u00f9 Buon Pastore: perch\u00e9 il paragone? - Holyblog","isPartOf":{"@id":"https:\/\/blog.holyart.it\/it\/#website"},"primaryImageOfPage":{"@id":"https:\/\/blog.holyart.it\/it\/articoli-religiosi\/gesu-buon-pastore-perche-il-paragone\/#primaryimage"},"image":{"@id":"https:\/\/blog.holyart.it\/it\/articoli-religiosi\/gesu-buon-pastore-perche-il-paragone\/#primaryimage"},"thumbnailUrl":"https:\/\/blog.holyart.it\/it\/wp-content\/uploads\/sites\/17\/2024\/03\/gesu-buon-pastore.jpg","datePublished":"2024-04-15T08:00:30+00:00","dateModified":"2026-04-03T07:30:48+00:00","description":"Ges\u00f9 Buon Pastore accoglie nel suo gregge chiunque. Ecco come questa immagine simbolica di Cristo ci guida da sempre","breadcrumb":{"@id":"https:\/\/blog.holyart.it\/it\/articoli-religiosi\/gesu-buon-pastore-perche-il-paragone\/#breadcrumb"},"inLanguage":"it-IT","potentialAction":[{"@type":"ReadAction","target":["https:\/\/blog.holyart.it\/it\/articoli-religiosi\/gesu-buon-pastore-perche-il-paragone\/"]}]},{"@type":"ImageObject","inLanguage":"it-IT","@id":"https:\/\/blog.holyart.it\/it\/articoli-religiosi\/gesu-buon-pastore-perche-il-paragone\/#primaryimage","url":"https:\/\/blog.holyart.it\/it\/wp-content\/uploads\/sites\/17\/2024\/03\/gesu-buon-pastore.jpg","contentUrl":"https:\/\/blog.holyart.it\/it\/wp-content\/uploads\/sites\/17\/2024\/03\/gesu-buon-pastore.jpg","width":1000,"height":666,"caption":"ges\u00f9 buon pastore"},{"@type":"BreadcrumbList","@id":"https:\/\/blog.holyart.it\/it\/articoli-religiosi\/gesu-buon-pastore-perche-il-paragone\/#breadcrumb","itemListElement":[{"@type":"ListItem","position":1,"name":"Homepage","item":"https:\/\/blog.holyart.it\/it\/"},{"@type":"ListItem","position":2,"name":"Religione","item":"https:\/\/blog.holyart.it\/it\/articoli-religiosi\/"},{"@type":"ListItem","position":3,"name":"Ges\u00f9 Buon Pastore: perch\u00e9 il paragone?"}]},{"@type":"WebSite","@id":"https:\/\/blog.holyart.it\/it\/#website","url":"https:\/\/blog.holyart.it\/it\/","name":"Holyblog","description":"Il Blog di Holyart.it","publisher":{"@id":"https:\/\/blog.holyart.it\/it\/#organization"},"potentialAction":[{"@type":"SearchAction","target":{"@type":"EntryPoint","urlTemplate":"https:\/\/blog.holyart.it\/it\/?s={search_term_string}"},"query-input":{"@type":"PropertyValueSpecification","valueRequired":true,"valueName":"search_term_string"}}],"inLanguage":"it-IT"},{"@type":"Organization","@id":"https:\/\/blog.holyart.it\/it\/#organization","name":"Holyblog","url":"https:\/\/blog.holyart.it\/it\/","logo":{"@type":"ImageObject","inLanguage":"it-IT","@id":"https:\/\/blog.holyart.it\/it\/#\/schema\/logo\/image\/","url":"https:\/\/blog.holyart.it\/it\/wp-content\/uploads\/sites\/17\/2022\/12\/Holyart_Blog_Logo.jpg","contentUrl":"https:\/\/blog.holyart.it\/it\/wp-content\/uploads\/sites\/17\/2022\/12\/Holyart_Blog_Logo.jpg","width":300,"height":50,"caption":"Holyblog"},"image":{"@id":"https:\/\/blog.holyart.it\/it\/#\/schema\/logo\/image\/"}},{"@type":"Person","@id":"https:\/\/blog.holyart.it\/it\/#\/schema\/person\/0a7b686e5af0f856ec1e390dd0baecda","name":"Redazione"}]}},"_links":{"self":[{"href":"https:\/\/blog.holyart.it\/it\/wp-json\/wp\/v2\/posts\/19564","targetHints":{"allow":["GET"]}}],"collection":[{"href":"https:\/\/blog.holyart.it\/it\/wp-json\/wp\/v2\/posts"}],"about":[{"href":"https:\/\/blog.holyart.it\/it\/wp-json\/wp\/v2\/types\/post"}],"author":[{"embeddable":true,"href":"https:\/\/blog.holyart.it\/it\/wp-json\/wp\/v2\/users\/1"}],"replies":[{"embeddable":true,"href":"https:\/\/blog.holyart.it\/it\/wp-json\/wp\/v2\/comments?post=19564"}],"version-history":[{"count":4,"href":"https:\/\/blog.holyart.it\/it\/wp-json\/wp\/v2\/posts\/19564\/revisions"}],"predecessor-version":[{"id":19606,"href":"https:\/\/blog.holyart.it\/it\/wp-json\/wp\/v2\/posts\/19564\/revisions\/19606"}],"wp:featuredmedia":[{"embeddable":true,"href":"https:\/\/blog.holyart.it\/it\/wp-json\/wp\/v2\/media\/19607"}],"wp:attachment":[{"href":"https:\/\/blog.holyart.it\/it\/wp-json\/wp\/v2\/media?parent=19564"}],"wp:term":[{"taxonomy":"category","embeddable":true,"href":"https:\/\/blog.holyart.it\/it\/wp-json\/wp\/v2\/categories?post=19564"},{"taxonomy":"post_tag","embeddable":true,"href":"https:\/\/blog.holyart.it\/it\/wp-json\/wp\/v2\/tags?post=19564"}],"curies":[{"name":"wp","href":"https:\/\/api.w.org\/{rel}","templated":true}]}}