{"id":19524,"date":"2024-04-10T10:00:42","date_gmt":"2024-04-10T08:00:42","guid":{"rendered":"https:\/\/blog.holyart.it\/it\/?p=19524"},"modified":"2026-04-09T14:46:19","modified_gmt":"2026-04-09T12:46:19","slug":"per-una-causa-urgente-rivolgi-le-tue-preghiere-a-santespedito","status":"publish","type":"post","link":"https:\/\/blog.holyart.it\/it\/articoli-religiosi\/per-una-causa-urgente-rivolgi-le-tue-preghiere-a-santespedito\/","title":{"rendered":"Per una causa urgente, rivolgi le tue preghiere a Sant&#8217;Espedito"},"content":{"rendered":"<h4>Sant&#8217;Espedito Martire viene invocato per cause urgenti e disperate. Ecco come nasce e si diffonde il suo culto<\/h4>\n<p>Pregare per una grazia non dovrebbe mai essere fatto di fretta. Ma \u00e8 pur vero che oggi, e ancora di pi\u00f9 in passato, accadeva che uomini e donne si trovassero in condizione di pericolo immediato, e cercassero un aiuto dal Cielo che potesse salvarli il prima possibile. Dunque non dobbiamo considerare <a href=\"https:\/\/www.holyart.it\/it\/articoli-religiosi\/statue\/statue-in-gesso\/santo-espedito-statuetta-gesso-20-cm-dipinta-a-mano-barsanti\"><strong>Sant&#8217;Espedito da Melitene<\/strong><\/a>, martire cristiano del IV secolo, il Santo patrono dei frettolosi, quanto colui a cui ci si rivolge quando si ha urgente bisogno di qualcosa.<\/p>\n<div class=\"link-product\">\n<div class=\"blocco-immagine\"><img loading=\"lazy\" decoding=\"async\" class=\"size-full wp-image-19534 alignleft\" src=\"https:\/\/blog.holyart.it\/it\/wp-content\/uploads\/sites\/17\/2024\/03\/santo-espedito-statuetta-gesso-20-cm-dipinta-a-mano-barsanti.jpg\" alt=\"santo espedito statuetta gesso 20 cm dipinta a mano barsanti\" width=\"100\" height=\"100\" data-kale-share-title=\"Per una causa urgente, rivolgi le tue preghiere a Sant\u2019Espedito\" data-kale-share-url=\"https:\/\/blog.holyart.it\/it\/?p=19524\" \/><\/div>\n<div class=\"blocco-contenuto\">\n<div class=\"blocco-acquista\">Acquista su Holyart:<\/div>\n<div class=\"blocco-titolo\"><a href=\"https:\/\/www.holyart.it\/it\/articoli-religiosi\/statue\/statue-in-gesso\/santo-espedito-statuetta-gesso-20-cm-dipinta-a-mano-barsanti\">Santo Espedito statuetta gesso 20 cm dipinta a mano Barsanti<\/a><\/div>\n<div class=\"blocco-descrizione\">Statua in gesso raffigurante Sant&#8217;Espedito, alta 20 cm.<\/div>\n<\/div>\n<\/div>\n<p>Poco o nulla si sa di questo Santo, spesso confuso o fatto coincidere con Elipidio, un altro martire morto a Melitene, nello stesso periodo. Entrambi avrebbero fatto parte del gruppo capeggiato da Sant&#8217;Ermogene che visse e mor\u00ec a Melitene nell\u2019antica Armenia (l&#8217;odierna Malatya, oggi in Turchia) durante le terribili persecuzioni di Diocleziano.<\/p>\n<p>Il suo stesso nome potrebbe far dubitare della sua esistenza.\u00a0<em>Expeditus<\/em>\u00a0\u00e8 un aggettivo latino che significa \u201cesente da carichi\u201d. Cos\u00ec venivano chiamati i fanti leggeri nell&#8217;esercito romano,\u00a0<em>Expediti,\u00a0<\/em>&#8220;liberi da impacci, agili&#8221;. Per questo il culto popolare ha tramandato tra le altre cose che Espedito\u00a0<strong>fu un soldato romano<\/strong>, a capo della Legione &#8220;Fulminante&#8221;, ma poi si convert\u00ec e sub\u00ec il martirio agli inizi del IV secolo.<\/p>\n<p>Adorato dalla<strong>\u00a0Chiesa cattolica e dalla Chiesa ortodossa<\/strong>, oggi la sua devozione \u00e8 particolarmente diffusa in Austria, Francia, Spagna e Italia, ma anche nel Sud America (Argentina, Brasile, Cile, Colombia, Nicaragua, Panama, Per\u00f9, Uruguay, Venezuela), in Russia e nelle Filippine.<\/p>\n<p>\u00c8 considerato il <a href=\"https:\/\/www.holyart.it\/it\/articoli-religiosi\/statue\/statue-in-legno-dipinto\/san-espedito-di-melitene-30-cm-pasta-di-legno-dec.-anticata\"><strong>patrono dei\u00a0commercianti<\/strong><\/a>\u00a0desiderosi di concludere un affare prima possibile e dei\u00a0<strong>navigatori<\/strong>, ma anche dei\u00a0<strong>programmatori e degli hacker<\/strong>, protettore dei militari, degli studenti, dei giovani.\u00a0In generale vigila sulle\u00a0<strong>cause urgenti e disperate<\/strong>, purch\u00e9 nobili e giuste, sulle emergenze, sulle cause impossibili.<\/p>\n<p>La sua memoria liturgica cade il\u00a0<strong>19 aprile<\/strong>.<\/p>\n<div class=\"link-product\">\n<div class=\"blocco-immagine\"><img loading=\"lazy\" decoding=\"async\" class=\"size-full wp-image-19543 alignleft\" src=\"https:\/\/blog.holyart.it\/it\/wp-content\/uploads\/sites\/17\/2024\/03\/san-espedito-di-melitene-30-cm-pasta-di-legno-dec.-anticata.jpg\" alt=\"san espedito di melitene 30 cm pasta di legno dec. anticata\" width=\"100\" height=\"100\" data-kale-share-title=\"Per una causa urgente, rivolgi le tue preghiere a Sant\u2019Espedito\" data-kale-share-url=\"https:\/\/blog.holyart.it\/it\/?p=19524\" \/><\/div>\n<div class=\"blocco-contenuto\">\n<div class=\"blocco-acquista\">Acquista su Holyart:<\/div>\n<div class=\"blocco-titolo\"><a href=\"https:\/\/www.holyart.it\/it\/articoli-religiosi\/statue\/statue-in-legno-dipinto\/san-espedito-di-melitene-30-cm-pasta-di-legno-dec.-anticata\">San Espedito di Melitene 30 cm pasta di legno<\/a><\/div>\n<div class=\"blocco-descrizione\">Le statue vengono realizzate con l&#8217;utilizzo di colori ad olio e ornate con corone di metallo.<\/div>\n<\/div>\n<\/div>\n<h2>La storia di San Espedito martire<\/h2>\n<p>Quello che conosciamo di Sant&#8217;Espedito \u00e8 davvero poco e legato per lo pi\u00f9 a racconti popolari. \u00c8 citato nel\u00a0<strong>Martirologio Geronimiano\u00a0<\/strong>(<em>Martyrologium Hieronymianum<\/em>) considerato il pi\u00f9 antico catalogo di martiri cristiani della Chiesa latina, la cui stesura \u00e8 attribuita a San Gerolamo, testo cardine nell&#8217;agiografia, ma oggetto di critiche e controversie.<\/p>\n<p>Le leggende tramandante dalla devozione popolare raccontano invece che Sant&#8217;Espedito fu contemporaneo di\u00a0<a href=\"https:\/\/www.holyart.it\/blog\/santi-e-beati\/santa-filomena-la-storia-della-vergine-e-martire\/\"><strong>Santa Filomena<\/strong><\/a>, principessa dell&#8217;isola di Corf\u00f9, che mor\u00ec martire a soli 13 anni per aver rifiutato l&#8217;amore di Diocleziano in persona. Espedito sarebbe stato il\u00a0<strong>comandante di una Legione romana\u00a0<\/strong>incaricato di combattere i barbari nell&#8217;Oriente dell&#8217;Impero Romano. Tra i suoi compiti al servizio dell&#8217;Imperatore c&#8217;era anche quello di\u00a0<strong>perseguitare i cristiani<\/strong>, ma lui, sentendo parlare di Ges\u00f9, ne era rimasto colpito. Tuttavia, fedele ai suoi doveri verso Roma, continuava a rimandare la propria conversione.<\/p>\n<div class=\"link-article\">\n<p><img loading=\"lazy\" decoding=\"async\" class=\"size-full wp-image-19541 alignleft\" src=\"https:\/\/blog.holyart.it\/it\/wp-content\/uploads\/sites\/17\/2024\/03\/santa-filomena.jpg\" alt=\"santa filomena\" width=\"150\" height=\"99\" data-kale-share-title=\"Per una causa urgente, rivolgi le tue preghiere a Sant\u2019Espedito\" data-kale-share-url=\"https:\/\/blog.holyart.it\/it\/?p=19524\" \/><\/p>\n<div class=\"leggi-anche\">Leggi anche:<\/div>\n<p><strong><a href=\"https:\/\/www.holyart.it\/blog\/santi-e-beati\/santa-filomena-la-storia-della-vergine-e-martire\/\">Santa Filomena: la storia della vergine e martire<\/a><\/strong><br \/>\nI resti di Santa Filomena vergine e martire vennero rinvenuti nelle catacombe di Roma, ma sono custoditi nel Santuario di Mugnano&#8230;<\/p>\n<\/div>\n<p>Alla vigilia di una battaglia contro i barbari il cui esito sembrava irrimediabilmente sfavorevole per lui e i suoi uomini, questi ultimi, gi\u00e0 stremati dalla sete per la lunga siccit\u00e0, si inginocchiarono e si misero a pregare come avevano visto fare ai cristiani, invocando un rapido intervento divino. I nemici stupiti da quello strano comportamento si fermarono e in quel momento il cielo si oscur\u00f2 e dalle nubi si rivers\u00f2 una pioggia torrenziale, che permise ai soldati romani di bere e riacquistare le forze per poter combattere e vincere la battaglia.<\/p>\n<p>Successivamente molti di quei soldati si convertirono davvero, e anche il loro comandante, Espedito, decise di non indugiare oltre. Un demone gli apparve in forma di corvo per dissuaderlo, gracchiando:\u00a0<em>\u201cCras, cras, cras\u201d<\/em>\u00a0(<em>domani<\/em>\u00a0in latino). Ma Espedito lo calpest\u00f2 dicendo\u00a0<a href=\"https:\/\/www.holyart.it\/it\/articoli-religiosi\/gioielli\/pendenti-croci-spille-catenelle\/croce-santespedito-pendente-argento-925-hodie\"><strong><em>\u201cHodie, hodie, hodie\u201d<\/em><\/strong><\/a>\u00a0(in latino\u00a0<em>oggi<\/em>). Per questo l&#8217;<strong>iconografia di Sant&#8217;Espedito<\/strong>\u00a0lo mostra con in una mano la palma del martirio, nell&#8217;altra una croce con scritto\u00a0<em>&#8220;Hodie&#8221;<\/em>\u00a0e sotto i piedi il corvo che grida\u00a0<em>&#8220;Cras&#8221;<\/em>.<\/p>\n<div class=\"link-product\">\n<div class=\"blocco-immagine\"><img loading=\"lazy\" decoding=\"async\" class=\"size-full wp-image-19542 alignleft\" src=\"https:\/\/blog.holyart.it\/it\/wp-content\/uploads\/sites\/17\/2024\/03\/croce-santespedito-pendente-argento-925-hodie.jpg\" alt=\"croce sant'espedito pendente argento 925 hodie\" width=\"100\" height=\"100\" data-kale-share-title=\"Per una causa urgente, rivolgi le tue preghiere a Sant\u2019Espedito\" data-kale-share-url=\"https:\/\/blog.holyart.it\/it\/?p=19524\" \/><\/div>\n<div class=\"blocco-contenuto\">\n<div class=\"blocco-acquista\">Acquista su Holyart:<\/div>\n<div class=\"blocco-titolo\"><a href=\"https:\/\/www.holyart.it\/it\/articoli-religiosi\/gioielli\/pendenti-croci-spille-catenelle\/croce-santespedito-pendente-argento-925-hodie\">Croce sant&#8217;Espedito pendente argento 925 &#8216;Hodie&#8217;<\/a><\/div>\n<div class=\"blocco-descrizione\">Croce realizzata con 6 grammi di argento 925, ispirata a San Espedito di Melitene.<\/div>\n<\/div>\n<\/div>\n<p>Sant&#8217;Espedito\u00a0<strong>si fece battezzare<\/strong>\u00a0e visse il resto della sua vita come monaco, morendo\u00a0<strong>martire il 19 aprile del 303 a Melitene<\/strong>, insieme a molti ex-legionari convertiti come lui. Il suo corpo decapitato venne nascosto cos\u00ec bene dai suoi compagni che i suoi resti non furono mai trovati.<\/p>\n<p>Alcune leggende gli attribuiscono il\u00a0<strong>miracolo dell&#8217;acqua<\/strong>, in realt\u00e0 compiuto da San Costanzo di Perugia che, martire all&#8217;epoca di Marco Aurelio, venne immerso nell&#8217;acqua bollente ma ne usc\u00ec illeso.<\/p>\n<h2>Preghiera a San Espedito<\/h2>\n<p>Si pu\u00f2 pregare Sant&#8217;Espedito per chiedere la sua intercessione davanti a Dio nelle situazioni pi\u00f9 urgenti e disperate.<\/p>\n<p><em>Ges\u00f9 Cristo, mio Signore, vengo in tuo aiuto, o santissima Vergine Immacolata, aiutami!<\/em><\/p>\n<p><em>Sant&#8217;Espedito, tu che sei stato coraggioso e hai aperto il tuo cuore a Dio e non hai ceduto alle tentazioni esposte affinch\u00e9 il tuo cuore non fosse approvato dall&#8217;Onnipotente, ti chiedo di aiutarmi a fare oggi ci\u00f2 di cui avr\u00f2 bisogno domani,<\/em><br \/>\n<em>che le azioni di cui ho bisogno oggi, le user\u00f2 domani, il tutto fatto per amore di Ges\u00f9.<\/em><\/p>\n<p><em>Mi dia il suo aiuto celeste, per non dipendere pi\u00f9 dai vizi e dalle dipendenze, per tenerli lontani da me con la forza che Dio le ha dato. Voglio essere una militante, onoraria e di grande prestigio per il Signore, per servire e lodare solo il Suo nome, e non avere paura delle prove che mi si presentano.<\/em><\/p>\n<p><em>Tu che sei il Santo della giustizia e dei bisogni, oggi ti presento la mia richiesta.\u00a0(Fare una petizione con grande devozione).<\/em><\/p>\n<p><em>Al di sopra di tutto e di tutte le cose che posso chiedere, Le chiedo di intercedere in me, affinch\u00e9 la fede sia la pi\u00f9 grande virt\u00f9 del mio essere, e cos\u00ec mi conduca al regno di Dio, con la Vergine Maria, gli angeli e gli arcangeli.<\/em><br \/>\n<em>Amen.<\/em><\/p>\n<p>Esiste anche la\u00a0<a href=\"https:\/\/www.holyart.it\/it\/articoli-religiosi\/statue\/statue-in-gesso\/santo-espedito-statua-gesso-30-cm-dipinta-a-mano-arte-barsanti\"><strong>Novena a Sant&#8217;Espedito<\/strong><\/a>, che si recita per nove giorni a partire dal 10 aprile.<\/p>\n<div class=\"link-product\">\n<div class=\"blocco-immagine\"><img loading=\"lazy\" decoding=\"async\" class=\"size-full wp-image-19546 alignleft\" src=\"https:\/\/blog.holyart.it\/it\/wp-content\/uploads\/sites\/17\/2024\/03\/santo-espedito-statua-gesso-30-cm-dipinta-a-mano-arte-barsanti.jpg\" alt=\"santo-espedito-statua gesso 30 cm dipinta a mano arte barsanti\" width=\"100\" height=\"100\" data-kale-share-title=\"Per una causa urgente, rivolgi le tue preghiere a Sant\u2019Espedito\" data-kale-share-url=\"https:\/\/blog.holyart.it\/it\/?p=19524\" \/><\/div>\n<div class=\"blocco-contenuto\">\n<div class=\"blocco-acquista\">Acquista su Holyart:<\/div>\n<div class=\"blocco-titolo\"><a href=\"https:\/\/www.holyart.it\/it\/articoli-religiosi\/statue\/statue-in-gesso\/santo-espedito-statua-gesso-30-cm-dipinta-a-mano-arte-barsanti\">Santo Espedito statua gesso 30 cm Arte Barsanti<\/a><\/div>\n<div class=\"blocco-descrizione\">Questa statua raffigura Sant&#8217;Espedito, patrono delle cause urgenti e dei programmatori.<\/div>\n<\/div>\n<\/div>\n<p><em>10 Aprile &#8211; 1\u00b0 Giorno<br \/>\nDio onnipotente ed eterno, che sempre ascolti le preghiere dei Santi nel concedere le grazie pi\u00f9 singolari, degnati di esaudire le umili suppliche che ti porgiamo per mezzo del glorioso martire Sant&#8217;Espedito e, per i suoi meriti e la sua fedelt\u00e0, dacci il tuo amore e la grazia di fare sempre ed in ogni cosa la tua Santissima Volont\u00e0.<\/em><\/p>\n<p><em>11 Aprile &#8211; 2\u00ba Giorno<br \/>\nO Sant&#8217;Espedito, servo fedele di Ges\u00f9 Cristo, che professando tra i disordini della malizia idolatra il cristianesimo pi\u00f9 perfetto, mostrasti, con i fatti, di non ambire altra gloria che quella di vero discepolo del Redentore crocifisso, ottieni, a noi tutti, la grazia di conservare nel nostro cuore la santa fede cattolica, che abbiamo ricevuto nel Battesimo, di praticarla pubblicamente, sul tuo esempio, senza rispetto umano, e di cooperare, nel miglior modo, alla salvezza delle anime, mentre ci dedichiamo alla santificazione della nostra anima.<\/em><\/p>\n<p><em>12 Aprile &#8211; 3\u00b0 Giorno<br \/>\nIncomparabile Sant&#8217;Espedito che, divenuto nella Chiesa un nobile esempio di santit\u00e0 perch\u00e9 sopportasti impavido i tormenti e la morte nel nome di Ges\u00f9 Cristo e meritasti la palma del martirio e la corona di gloria, che ora godi in cielo, e divenisti il potente protettore di tutti coloro che a te ricorrono con fiducia, degnati di accrescere in noi quella piet\u00e0 che forma l&#8217;autentico carattere dei Figli di Dio, e ottienici di ascoltare oggi, sempre e prontamente la Parola del Signore.<\/em><\/p>\n<p><em>13 Aprile &#8211; 4\u00b0 Giorno<br \/>\nO martire invitto Sant&#8217;Espedito, che, come premio della tua prontezza nel servizio divino e della tua fedelt\u00e0 a Cristo, ricevesti da Dio il potere di soccorrere velocemente i tuoi devoti nelle loro necessit\u00e0, volgi lo sguardo su ognuno di noi che, oppressi da molte malattie, tribolazioni ed angustie, invochiamo il tuo patrocinio.<br \/>\nProvvedi o grande Santo, a tutti i bisogni spirituali delle nostre anime e a quelli materiali della nostra esistenza umana. Fa&#8217; che le consolazioni dello spirito, il bene, la salute, la pace, la gioia e la santit\u00e0 della vita, che imploriamo dalla Divina Misericordia, tutto concorra al conseguimento della nostra salvezza eterna.<\/em><\/p>\n<p><em>14 Aprile &#8211; 5\u00ba Giorno<br \/>\nUnendoci alla santa forza della fede, con la quale sopportasti tanto coraggiosamente il martirio per la gloria di Ges\u00f9 Cristo, ti preghiamo, o grande Santo Espedito, di intercedere per noi, affinch\u00e9 Nostro Signore accresca la sua gloria sulla terra donandoci la sua provvidenza.<br \/>\nF\u00e0 che veniamo confortati dalla grazia particolare che chiediamo, se \u00e8 utile alla salvezza delle nostre anime.<\/em><\/p>\n<p><em>15 Aprile &#8211; 6\u00b0 Giorno<br \/>\nO sostegno fedelissimo della nostra speranza, glorioso Sant&#8217;Espedito.<br \/>\nNoi ti preghiamo di rappresentare le nostre sofferenze e necessit\u00e0 al trono di Dio, per mezzo di Maria Santissima, nostra potente avvocata e tenerissima Madre. Le sue preghiere ed i suoi meriti, uniti ai tuoi e a quelli di tutti i Santi della Corte celeste, ci ottengano, dalla bont\u00e0 di Dio, quella abbondanza di doni, che per i nostri grandi demeriti, da soli, non possiamo ottenere.<\/em><\/p>\n<p><em>16 Aprile &#8211; 7\u00b0 Giorno<br \/>\nAlla tua continua e particolare assistenza e protezione raccomandiamo, o leale e forte Santo Espedito, le persone ed i giovani che prestano il servizio militare. Difendili dal pericolo di perdere la vita, la fede, l&#8217;integrit\u00e0 e l&#8217;onest\u00e0 dell&#8217;agire, ed ottieni, per tutti i soldati, quello spirito di fortezza che, rendendoli fedeli a Dio, li renda coraggiosi ed intrepidi nella difesa della patria, nella protezione della libert\u00e0, nella custodia dei diritti degli uomini e nella promozione della pace.<\/em><\/p>\n<p><em>17 Aprile &#8211; 8\u00b0 Giorno<br \/>\nEstendi ancora, o insigne Santo Espedito, la tua protezione alle persone sofferenti che confidano nel tuo patrocinio.<br \/>\nTi raccomandiamo particolarmente coloro che sembra non possano essere sollevati nelle loro tribolazioni senza uno speciale aiuto di Dio.<br \/>\nDegnati di esercitare a loro favore quella speciale prerogativa, da Dio a te conferita, di sovvenire prontamente e con aiuti efficaci ai bisogni urgenti di chi confida in te.<\/em><\/p>\n<p><em>18 Aprile &#8211; 9\u00b0 Giorno<br \/>\nSant&#8217;Espedito, giusto e fedele, volgi pietosamente lo sguardo ai poveri peccatori che, vicini alla morte, non pensano di provvedere efficacemente alla loro salvezza. La tua preghiera li converta sinceramente al Signore prima di presentarsi al retto giudizio di Dio.<br \/>\nPrega, o Santo Espedito, affinch\u00e9 nell&#8217;ora della morte siamo resi degni di udire le parole uscite dal cuore divino di Ges\u00f9 rivolte al buon ladrone: \u00abOggi sarai con me in Paradiso\u00bb.<br \/>\nAiutaci ad imitarti nell&#8217;amore e nella fedelt\u00e0 al Cristo Redentore, crocifisso e risorto per meritare di partecipare alla tua gloria in cielo.<\/em><\/p>\n","protected":false},"excerpt":{"rendered":"<p>Sant&#8217;Espedito Martire viene invocato per cause urgenti e disperate. Ecco come nasce e si diffonde il suo culto Pregare per una grazia non dovrebbe mai essere fatto di fretta. Ma \u00e8 pur vero che oggi, e ancora di pi\u00f9 in passato, accadeva che uomini e&hellip;<\/p>\n","protected":false},"author":1,"featured_media":19782,"comment_status":"closed","ping_status":"open","sticky":false,"template":"","format":"standard","meta":{"_acf_changed":false,"footnotes":""},"categories":[16,15],"tags":[],"class_list":["post-19524","post","type-post","status-publish","format-standard","has-post-thumbnail","hentry","category-articoli-religiosi","category-santi-e-beati"],"acf":[],"yoast_head":"<!-- This site is optimized with the Yoast SEO plugin v26.6 - https:\/\/yoast.com\/wordpress\/plugins\/seo\/ -->\n<title>Per una causa urgente, rivolgi le tue preghiere a Sant&#039;Espedito - Holyblog<\/title>\n<meta name=\"description\" content=\"Sant\u2019Espedito da Melitene patrono delle cause urgenti e disperate, protegge i commercianti, i navigatori e i giovani. Ecco la sua storia.\" \/>\n<meta name=\"robots\" content=\"index, follow, max-snippet:-1, max-image-preview:large, max-video-preview:-1\" \/>\n<link rel=\"canonical\" href=\"https:\/\/blog.holyart.it\/it\/articoli-religiosi\/per-una-causa-urgente-rivolgi-le-tue-preghiere-a-santespedito\/\" \/>\n<meta property=\"og:locale\" content=\"it_IT\" \/>\n<meta property=\"og:type\" content=\"article\" \/>\n<meta property=\"og:title\" content=\"Per una causa urgente, rivolgi le tue preghiere a Sant&#039;Espedito - Holyblog\" \/>\n<meta property=\"og:description\" content=\"Sant\u2019Espedito da Melitene patrono delle cause urgenti e disperate, protegge i commercianti, i navigatori e i giovani. Ecco la sua storia.\" \/>\n<meta property=\"og:url\" content=\"https:\/\/blog.holyart.it\/it\/articoli-religiosi\/per-una-causa-urgente-rivolgi-le-tue-preghiere-a-santespedito\/\" \/>\n<meta property=\"og:site_name\" content=\"Holyblog\" \/>\n<meta property=\"article:published_time\" content=\"2024-04-10T08:00:42+00:00\" \/>\n<meta property=\"article:modified_time\" content=\"2026-04-09T12:46:19+00:00\" \/>\n<meta property=\"og:image\" content=\"https:\/\/blog.holyart.it\/it\/wp-content\/uploads\/sites\/17\/2024\/03\/image_fL2-statua_blog_sant_espedito-3.jpg\" \/>\n\t<meta property=\"og:image:width\" content=\"1000\" \/>\n\t<meta property=\"og:image:height\" content=\"666\" \/>\n\t<meta property=\"og:image:type\" content=\"image\/jpeg\" \/>\n<meta name=\"author\" content=\"Redazione\" \/>\n<meta name=\"twitter:card\" content=\"summary_large_image\" \/>\n<meta name=\"twitter:label1\" content=\"Scritto da\" \/>\n\t<meta name=\"twitter:data1\" content=\"Redazione\" \/>\n\t<meta name=\"twitter:label2\" content=\"Tempo di lettura stimato\" \/>\n\t<meta name=\"twitter:data2\" content=\"11 minuti\" \/>\n<script type=\"application\/ld+json\" class=\"yoast-schema-graph\">{\"@context\":\"https:\/\/schema.org\",\"@graph\":[{\"@type\":\"Article\",\"@id\":\"https:\/\/blog.holyart.it\/it\/articoli-religiosi\/per-una-causa-urgente-rivolgi-le-tue-preghiere-a-santespedito\/#article\",\"isPartOf\":{\"@id\":\"https:\/\/blog.holyart.it\/it\/articoli-religiosi\/per-una-causa-urgente-rivolgi-le-tue-preghiere-a-santespedito\/\"},\"author\":{\"name\":\"Redazione\",\"@id\":\"https:\/\/blog.holyart.it\/it\/#\/schema\/person\/0a7b686e5af0f856ec1e390dd0baecda\"},\"headline\":\"Per una causa urgente, rivolgi le tue preghiere a Sant&#8217;Espedito\",\"datePublished\":\"2024-04-10T08:00:42+00:00\",\"dateModified\":\"2026-04-09T12:46:19+00:00\",\"mainEntityOfPage\":{\"@id\":\"https:\/\/blog.holyart.it\/it\/articoli-religiosi\/per-una-causa-urgente-rivolgi-le-tue-preghiere-a-santespedito\/\"},\"wordCount\":1779,\"publisher\":{\"@id\":\"https:\/\/blog.holyart.it\/it\/#organization\"},\"image\":{\"@id\":\"https:\/\/blog.holyart.it\/it\/articoli-religiosi\/per-una-causa-urgente-rivolgi-le-tue-preghiere-a-santespedito\/#primaryimage\"},\"thumbnailUrl\":\"https:\/\/blog.holyart.it\/it\/wp-content\/uploads\/sites\/17\/2024\/03\/image_fL2-statua_blog_sant_espedito-3.jpg\",\"articleSection\":[\"Religione\",\"Santi e beati\"],\"inLanguage\":\"it-IT\"},{\"@type\":\"WebPage\",\"@id\":\"https:\/\/blog.holyart.it\/it\/articoli-religiosi\/per-una-causa-urgente-rivolgi-le-tue-preghiere-a-santespedito\/\",\"url\":\"https:\/\/blog.holyart.it\/it\/articoli-religiosi\/per-una-causa-urgente-rivolgi-le-tue-preghiere-a-santespedito\/\",\"name\":\"Per una causa urgente, rivolgi le tue preghiere a Sant'Espedito - Holyblog\",\"isPartOf\":{\"@id\":\"https:\/\/blog.holyart.it\/it\/#website\"},\"primaryImageOfPage\":{\"@id\":\"https:\/\/blog.holyart.it\/it\/articoli-religiosi\/per-una-causa-urgente-rivolgi-le-tue-preghiere-a-santespedito\/#primaryimage\"},\"image\":{\"@id\":\"https:\/\/blog.holyart.it\/it\/articoli-religiosi\/per-una-causa-urgente-rivolgi-le-tue-preghiere-a-santespedito\/#primaryimage\"},\"thumbnailUrl\":\"https:\/\/blog.holyart.it\/it\/wp-content\/uploads\/sites\/17\/2024\/03\/image_fL2-statua_blog_sant_espedito-3.jpg\",\"datePublished\":\"2024-04-10T08:00:42+00:00\",\"dateModified\":\"2026-04-09T12:46:19+00:00\",\"description\":\"Sant\u2019Espedito da Melitene patrono delle cause urgenti e disperate, protegge i commercianti, i navigatori e i giovani. Ecco la sua storia.\",\"breadcrumb\":{\"@id\":\"https:\/\/blog.holyart.it\/it\/articoli-religiosi\/per-una-causa-urgente-rivolgi-le-tue-preghiere-a-santespedito\/#breadcrumb\"},\"inLanguage\":\"it-IT\",\"potentialAction\":[{\"@type\":\"ReadAction\",\"target\":[\"https:\/\/blog.holyart.it\/it\/articoli-religiosi\/per-una-causa-urgente-rivolgi-le-tue-preghiere-a-santespedito\/\"]}]},{\"@type\":\"ImageObject\",\"inLanguage\":\"it-IT\",\"@id\":\"https:\/\/blog.holyart.it\/it\/articoli-religiosi\/per-una-causa-urgente-rivolgi-le-tue-preghiere-a-santespedito\/#primaryimage\",\"url\":\"https:\/\/blog.holyart.it\/it\/wp-content\/uploads\/sites\/17\/2024\/03\/image_fL2-statua_blog_sant_espedito-3.jpg\",\"contentUrl\":\"https:\/\/blog.holyart.it\/it\/wp-content\/uploads\/sites\/17\/2024\/03\/image_fL2-statua_blog_sant_espedito-3.jpg\",\"width\":1000,\"height\":666,\"caption\":\"sant'espedito\"},{\"@type\":\"BreadcrumbList\",\"@id\":\"https:\/\/blog.holyart.it\/it\/articoli-religiosi\/per-una-causa-urgente-rivolgi-le-tue-preghiere-a-santespedito\/#breadcrumb\",\"itemListElement\":[{\"@type\":\"ListItem\",\"position\":1,\"name\":\"Homepage\",\"item\":\"https:\/\/blog.holyart.it\/it\/\"},{\"@type\":\"ListItem\",\"position\":2,\"name\":\"Religione\",\"item\":\"https:\/\/blog.holyart.it\/it\/articoli-religiosi\/\"},{\"@type\":\"ListItem\",\"position\":3,\"name\":\"Per una causa urgente, rivolgi le tue preghiere a Sant&#8217;Espedito\"}]},{\"@type\":\"WebSite\",\"@id\":\"https:\/\/blog.holyart.it\/it\/#website\",\"url\":\"https:\/\/blog.holyart.it\/it\/\",\"name\":\"Holyblog\",\"description\":\"Il Blog di Holyart.it\",\"publisher\":{\"@id\":\"https:\/\/blog.holyart.it\/it\/#organization\"},\"potentialAction\":[{\"@type\":\"SearchAction\",\"target\":{\"@type\":\"EntryPoint\",\"urlTemplate\":\"https:\/\/blog.holyart.it\/it\/?s={search_term_string}\"},\"query-input\":{\"@type\":\"PropertyValueSpecification\",\"valueRequired\":true,\"valueName\":\"search_term_string\"}}],\"inLanguage\":\"it-IT\"},{\"@type\":\"Organization\",\"@id\":\"https:\/\/blog.holyart.it\/it\/#organization\",\"name\":\"Holyblog\",\"url\":\"https:\/\/blog.holyart.it\/it\/\",\"logo\":{\"@type\":\"ImageObject\",\"inLanguage\":\"it-IT\",\"@id\":\"https:\/\/blog.holyart.it\/it\/#\/schema\/logo\/image\/\",\"url\":\"https:\/\/blog.holyart.it\/it\/wp-content\/uploads\/sites\/17\/2022\/12\/Holyart_Blog_Logo.jpg\",\"contentUrl\":\"https:\/\/blog.holyart.it\/it\/wp-content\/uploads\/sites\/17\/2022\/12\/Holyart_Blog_Logo.jpg\",\"width\":300,\"height\":50,\"caption\":\"Holyblog\"},\"image\":{\"@id\":\"https:\/\/blog.holyart.it\/it\/#\/schema\/logo\/image\/\"}},{\"@type\":\"Person\",\"@id\":\"https:\/\/blog.holyart.it\/it\/#\/schema\/person\/0a7b686e5af0f856ec1e390dd0baecda\",\"name\":\"Redazione\"}]}<\/script>\n<!-- \/ Yoast SEO plugin. -->","yoast_head_json":{"title":"Per una causa urgente, rivolgi le tue preghiere a Sant'Espedito - Holyblog","description":"Sant\u2019Espedito da Melitene patrono delle cause urgenti e disperate, protegge i commercianti, i navigatori e i giovani. Ecco la sua storia.","robots":{"index":"index","follow":"follow","max-snippet":"max-snippet:-1","max-image-preview":"max-image-preview:large","max-video-preview":"max-video-preview:-1"},"canonical":"https:\/\/blog.holyart.it\/it\/articoli-religiosi\/per-una-causa-urgente-rivolgi-le-tue-preghiere-a-santespedito\/","og_locale":"it_IT","og_type":"article","og_title":"Per una causa urgente, rivolgi le tue preghiere a Sant'Espedito - Holyblog","og_description":"Sant\u2019Espedito da Melitene patrono delle cause urgenti e disperate, protegge i commercianti, i navigatori e i giovani. Ecco la sua storia.","og_url":"https:\/\/blog.holyart.it\/it\/articoli-religiosi\/per-una-causa-urgente-rivolgi-le-tue-preghiere-a-santespedito\/","og_site_name":"Holyblog","article_published_time":"2024-04-10T08:00:42+00:00","article_modified_time":"2026-04-09T12:46:19+00:00","og_image":[{"width":1000,"height":666,"url":"https:\/\/blog.holyart.it\/it\/wp-content\/uploads\/sites\/17\/2024\/03\/image_fL2-statua_blog_sant_espedito-3.jpg","type":"image\/jpeg"}],"author":"Redazione","twitter_card":"summary_large_image","twitter_misc":{"Scritto da":"Redazione","Tempo di lettura stimato":"11 minuti"},"schema":{"@context":"https:\/\/schema.org","@graph":[{"@type":"Article","@id":"https:\/\/blog.holyart.it\/it\/articoli-religiosi\/per-una-causa-urgente-rivolgi-le-tue-preghiere-a-santespedito\/#article","isPartOf":{"@id":"https:\/\/blog.holyart.it\/it\/articoli-religiosi\/per-una-causa-urgente-rivolgi-le-tue-preghiere-a-santespedito\/"},"author":{"name":"Redazione","@id":"https:\/\/blog.holyart.it\/it\/#\/schema\/person\/0a7b686e5af0f856ec1e390dd0baecda"},"headline":"Per una causa urgente, rivolgi le tue preghiere a Sant&#8217;Espedito","datePublished":"2024-04-10T08:00:42+00:00","dateModified":"2026-04-09T12:46:19+00:00","mainEntityOfPage":{"@id":"https:\/\/blog.holyart.it\/it\/articoli-religiosi\/per-una-causa-urgente-rivolgi-le-tue-preghiere-a-santespedito\/"},"wordCount":1779,"publisher":{"@id":"https:\/\/blog.holyart.it\/it\/#organization"},"image":{"@id":"https:\/\/blog.holyart.it\/it\/articoli-religiosi\/per-una-causa-urgente-rivolgi-le-tue-preghiere-a-santespedito\/#primaryimage"},"thumbnailUrl":"https:\/\/blog.holyart.it\/it\/wp-content\/uploads\/sites\/17\/2024\/03\/image_fL2-statua_blog_sant_espedito-3.jpg","articleSection":["Religione","Santi e beati"],"inLanguage":"it-IT"},{"@type":"WebPage","@id":"https:\/\/blog.holyart.it\/it\/articoli-religiosi\/per-una-causa-urgente-rivolgi-le-tue-preghiere-a-santespedito\/","url":"https:\/\/blog.holyart.it\/it\/articoli-religiosi\/per-una-causa-urgente-rivolgi-le-tue-preghiere-a-santespedito\/","name":"Per una causa urgente, rivolgi le tue preghiere a Sant'Espedito - Holyblog","isPartOf":{"@id":"https:\/\/blog.holyart.it\/it\/#website"},"primaryImageOfPage":{"@id":"https:\/\/blog.holyart.it\/it\/articoli-religiosi\/per-una-causa-urgente-rivolgi-le-tue-preghiere-a-santespedito\/#primaryimage"},"image":{"@id":"https:\/\/blog.holyart.it\/it\/articoli-religiosi\/per-una-causa-urgente-rivolgi-le-tue-preghiere-a-santespedito\/#primaryimage"},"thumbnailUrl":"https:\/\/blog.holyart.it\/it\/wp-content\/uploads\/sites\/17\/2024\/03\/image_fL2-statua_blog_sant_espedito-3.jpg","datePublished":"2024-04-10T08:00:42+00:00","dateModified":"2026-04-09T12:46:19+00:00","description":"Sant\u2019Espedito da Melitene patrono delle cause urgenti e disperate, protegge i commercianti, i navigatori e i giovani. Ecco la sua storia.","breadcrumb":{"@id":"https:\/\/blog.holyart.it\/it\/articoli-religiosi\/per-una-causa-urgente-rivolgi-le-tue-preghiere-a-santespedito\/#breadcrumb"},"inLanguage":"it-IT","potentialAction":[{"@type":"ReadAction","target":["https:\/\/blog.holyart.it\/it\/articoli-religiosi\/per-una-causa-urgente-rivolgi-le-tue-preghiere-a-santespedito\/"]}]},{"@type":"ImageObject","inLanguage":"it-IT","@id":"https:\/\/blog.holyart.it\/it\/articoli-religiosi\/per-una-causa-urgente-rivolgi-le-tue-preghiere-a-santespedito\/#primaryimage","url":"https:\/\/blog.holyart.it\/it\/wp-content\/uploads\/sites\/17\/2024\/03\/image_fL2-statua_blog_sant_espedito-3.jpg","contentUrl":"https:\/\/blog.holyart.it\/it\/wp-content\/uploads\/sites\/17\/2024\/03\/image_fL2-statua_blog_sant_espedito-3.jpg","width":1000,"height":666,"caption":"sant'espedito"},{"@type":"BreadcrumbList","@id":"https:\/\/blog.holyart.it\/it\/articoli-religiosi\/per-una-causa-urgente-rivolgi-le-tue-preghiere-a-santespedito\/#breadcrumb","itemListElement":[{"@type":"ListItem","position":1,"name":"Homepage","item":"https:\/\/blog.holyart.it\/it\/"},{"@type":"ListItem","position":2,"name":"Religione","item":"https:\/\/blog.holyart.it\/it\/articoli-religiosi\/"},{"@type":"ListItem","position":3,"name":"Per una causa urgente, rivolgi le tue preghiere a Sant&#8217;Espedito"}]},{"@type":"WebSite","@id":"https:\/\/blog.holyart.it\/it\/#website","url":"https:\/\/blog.holyart.it\/it\/","name":"Holyblog","description":"Il Blog di Holyart.it","publisher":{"@id":"https:\/\/blog.holyart.it\/it\/#organization"},"potentialAction":[{"@type":"SearchAction","target":{"@type":"EntryPoint","urlTemplate":"https:\/\/blog.holyart.it\/it\/?s={search_term_string}"},"query-input":{"@type":"PropertyValueSpecification","valueRequired":true,"valueName":"search_term_string"}}],"inLanguage":"it-IT"},{"@type":"Organization","@id":"https:\/\/blog.holyart.it\/it\/#organization","name":"Holyblog","url":"https:\/\/blog.holyart.it\/it\/","logo":{"@type":"ImageObject","inLanguage":"it-IT","@id":"https:\/\/blog.holyart.it\/it\/#\/schema\/logo\/image\/","url":"https:\/\/blog.holyart.it\/it\/wp-content\/uploads\/sites\/17\/2022\/12\/Holyart_Blog_Logo.jpg","contentUrl":"https:\/\/blog.holyart.it\/it\/wp-content\/uploads\/sites\/17\/2022\/12\/Holyart_Blog_Logo.jpg","width":300,"height":50,"caption":"Holyblog"},"image":{"@id":"https:\/\/blog.holyart.it\/it\/#\/schema\/logo\/image\/"}},{"@type":"Person","@id":"https:\/\/blog.holyart.it\/it\/#\/schema\/person\/0a7b686e5af0f856ec1e390dd0baecda","name":"Redazione"}]}},"_links":{"self":[{"href":"https:\/\/blog.holyart.it\/it\/wp-json\/wp\/v2\/posts\/19524","targetHints":{"allow":["GET"]}}],"collection":[{"href":"https:\/\/blog.holyart.it\/it\/wp-json\/wp\/v2\/posts"}],"about":[{"href":"https:\/\/blog.holyart.it\/it\/wp-json\/wp\/v2\/types\/post"}],"author":[{"embeddable":true,"href":"https:\/\/blog.holyart.it\/it\/wp-json\/wp\/v2\/users\/1"}],"replies":[{"embeddable":true,"href":"https:\/\/blog.holyart.it\/it\/wp-json\/wp\/v2\/comments?post=19524"}],"version-history":[{"count":10,"href":"https:\/\/blog.holyart.it\/it\/wp-json\/wp\/v2\/posts\/19524\/revisions"}],"predecessor-version":[{"id":21765,"href":"https:\/\/blog.holyart.it\/it\/wp-json\/wp\/v2\/posts\/19524\/revisions\/21765"}],"wp:featuredmedia":[{"embeddable":true,"href":"https:\/\/blog.holyart.it\/it\/wp-json\/wp\/v2\/media\/19782"}],"wp:attachment":[{"href":"https:\/\/blog.holyart.it\/it\/wp-json\/wp\/v2\/media?parent=19524"}],"wp:term":[{"taxonomy":"category","embeddable":true,"href":"https:\/\/blog.holyart.it\/it\/wp-json\/wp\/v2\/categories?post=19524"},{"taxonomy":"post_tag","embeddable":true,"href":"https:\/\/blog.holyart.it\/it\/wp-json\/wp\/v2\/tags?post=19524"}],"curies":[{"name":"wp","href":"https:\/\/api.w.org\/{rel}","templated":true}]}}